{"id":25108,"date":"2025-08-11T16:48:13","date_gmt":"2025-08-11T16:48:13","guid":{"rendered":"https:\/\/www.europesays.com\/pt\/25108\/"},"modified":"2025-08-11T16:48:13","modified_gmt":"2025-08-11T16:48:13","slug":"chave-mestra-que-muda-os-iban-escandalo-de-lavagem-de-dinheiro-abala-o-vaticano","status":"publish","type":"post","link":"https:\/\/www.europesays.com\/pt\/25108\/","title":{"rendered":"&#8220;Chave mestra&#8221; que muda os IBAN. Esc\u00e2ndalo de lavagem de dinheiro abala o Vaticano"},"content":{"rendered":"<p class=\"wp-caption-text top\"><a href=\"https:\/\/secure.flickr.com\/photos\/archer10\/5115399433\/sizes\/l\" rel=\"nofollow external noopener noreferrer\" data-wpel-link=\"external\" target=\"_blank\" class=\"ext-link\">Archer10 \/ Flickr  <\/a><\/p>\n<p><img decoding=\"async\" loading=\"lazy\" class=\"wp-image-151772 size-kopa-image-size-3\" src=\"https:\/\/www.europesays.com\/pt\/wp-content\/uploads\/2025\/08\/1579516281073431f437742561423b08-e1488974160612-783x450.jpg\" alt=\"\" width=\"700\" height=\"402\"  \/><\/p>\n<p><strong>Um antigo auditor afirma que tem provas de que a cidade-estado tem um sistema que esconde as identidades dos remetentes e destinat\u00e1rios de transfer\u00eancias banc\u00e1rias. O Vaticano rejeita as acusa\u00e7\u00f5es.<\/strong><\/p>\n<p>O Vaticano est\u00e1 a ser acusado de ter uma ferramenta capaz de alterar as transfer\u00eancias banc\u00e1rias internacionais para ocultar as identidades dos remetentes e dos destinat\u00e1rios, um sistema apelidado de \u201c<strong>chave mestra para o branqueamento de capitais<\/strong>\u201d por um dos seus antigos altos funcion\u00e1rios financeiros.<\/p>\n<p>Libero Milone, antigo auditor da Deloitte nomeado pelo Papa Francisco em 2015 para reformar as finan\u00e7as do Vaticano, afirma que a ag\u00eancia de processamento de sal\u00e1rios da cidade-estado, a APSA, consegue alterar os nomes e n\u00fameros das contas nas transa\u00e7\u00f5es SWIFT ap\u00f3s o envio, permitindo potencialmente <strong>transfer\u00eancias ilimitadas n\u00e3o divulgadas<\/strong>. Tal capacidade violaria salvaguardas b\u00e1sicas antifraude e poderia, se comprovada, resultar na inclus\u00e3o do Vaticano na lista negra do sistema banc\u00e1rio global.<\/p>\n<p>Milone afirma ter tomado conhecimento da alegada ferramenta em 2016, ap\u00f3s um pedido do Cardeal George Pell, ent\u00e3o respons\u00e1vel pela transpar\u00eancia financeira do Vaticano, para investigar uma poss\u00edvel <strong>manipula\u00e7\u00e3o dos controlos SWIFT.<\/strong><\/p>\n<p>Numa carta partilhada pelo meio de comunica\u00e7\u00e3o cat\u00f3lico The Pillar, Pell alertou que a mudan\u00e7a poderia ser \u201cpotencialmente ilegal\u201d. Milone afirma ter relatado as suas conclus\u00f5es ao Papa Francisco e a altos funcion\u00e1rios, mas <strong>n\u00e3o recebeu resposta<\/strong> dos principais \u00f3rg\u00e3os de fiscaliza\u00e7\u00e3o.<\/p>\n<p>\u201cTenho um peda\u00e7o de papel que diz que <strong>podem alterar as transa\u00e7\u00f5es<\/strong> \u2014 podem mudar o nome \u2014 a qualquer momento\u201d, afirma Milone em resposta a uma pergunta do <a href=\"https:\/\/www.politico.eu\/article\/vatican-financial-obscure-transactions-claims-bank-transfers-money-laundering\/\" data-wpel-link=\"external\" target=\"_blank\" rel=\"nofollow external noopener noreferrer\" class=\"ext-link\">Politico<\/a>. O ex-auditor afirma ainda que tem outras provas de neglig\u00eancia no Vaticano, mas garante que n\u00e3o quer \u201cchantagear ningu\u00e9m\u201d.<\/p>\n<p>Dois anos depois de ter assumido o cargo, Milone foi for\u00e7ado a demitir-se ap\u00f3s ser <strong>acusado de ser espi\u00e3o<\/strong>, o que nega. Milone acredita que o seu afastamento foi uma retalia\u00e7\u00e3o pela descoberta de m\u00e1 conduta ligada ao Cardeal Giovanni Angelo Becciu, posteriormente condenado por peculato em 2023.<\/p>\n<p>O Vaticano nega veementemente as alega\u00e7\u00f5es. O porta-voz Matteo Bruni classificou-as de \u201ccompletamente infundadas\u201d, afirmando que a APSA tinha<strong> deixado de atender clientes privados em 2015<\/strong> e que as auditorias realizadas pelo organismo de supervis\u00e3o do Vaticano, a ASIF, e pela PricewaterhouseCoopers, entre 2020 e 2024, n\u00e3o encontraram \u201cqualquer anomalia\u201d.<\/p>\n<p>Uma fonte familiarizada com o sistema SWIFT insistiu tamb\u00e9m que \u201cn\u00e3o \u00e9 poss\u00edvel alterar o conte\u00fado de uma mensagem de pagamento depois de enviada\u201d <strong>devido \u00e0 encripta\u00e7\u00e3o e \u00e0s assinaturas digitais<\/strong>.<\/p>\n<p>As alega\u00e7\u00f5es surgem num momento delicado para o Papa Le\u00e3o XIV, eleito em Maio com o mandato de <strong>restaurar a credibilidade e atrair doadores<\/strong> ap\u00f3s anos de esc\u00e2ndalos e d\u00e9fices financeiros.<\/p>\n<p>A provarem-se, as alega\u00e7\u00f5es reacenderiam suspeitas de d\u00e9cadas sobre as finan\u00e7as do Vaticano. Os esc\u00e2ndalos passados incluem o colapso do Banco Ambrosiano na d\u00e9cada de 1980, ligado ao branqueamento de capitais da M\u00e1fia, e a misteriosa <strong>morte do \u201cbanqueiro de Deus\u201d<\/strong> Roberto Calvi em Londres. Mais recentemente, a condena\u00e7\u00e3o de Becciu por desvio de fundos do Vaticano e um neg\u00f3cio imobili\u00e1rio falhado em Londres custou \u00e0 Santa S\u00e9 mais de 100 milh\u00f5es de euros.<\/p>\n<p>    <a href=\"https:\/\/zap.aeiou.pt\/subscrever-newsletter\" data-wpel-link=\"internal\" rel=\"nofollow noopener\" target=\"_blank\">&#13;<br \/>\n        <img loading=\"lazy\" decoding=\"async\" class=\"aligncenter size-full wp-image-575475\" src=\"https:\/\/www.europesays.com\/pt\/wp-content\/uploads\/2025\/08\/1754655132_743_2d51fe4a0ba54894421ead1809309ed9-1-450x140.jpg\" alt=\"Subscreva a Newsletter ZAP\" width=\"450\" height=\"140\"\/>&#13;<br \/>\n    <\/a><\/p>\n<p>                <a href=\"https:\/\/whatsapp.com\/channel\/0029VaIC4EE2f3EJZPPSbR34\" data-wpel-link=\"external\" target=\"_blank\" rel=\"nofollow external noopener noreferrer\" class=\"ext-link\">&#13;<br \/>\n                    <img loading=\"lazy\" decoding=\"async\" class=\"aligncenter size-full wp-image-575475\" src=\"https:\/\/www.europesays.com\/pt\/wp-content\/uploads\/2025\/08\/c68c559d956d4ca20f435ed74a6e71e6.png\" alt=\"Siga-nos no WhatsApp\" width=\"175\" height=\"64\"\/>&#13;<br \/>\n                <\/a><\/p>\n<p>                <a href=\"https:\/\/news.google.com\/publications\/CAAiEHRwZondIV71PDjWNoqMduEqFAgKIhB0cGaJ3SFe9Tw41jaKjHbh?hl=en-US&amp;gl=US&amp;ceid=US%3Aen\" data-wpel-link=\"external\" target=\"_blank\" rel=\"nofollow external noopener noreferrer\" class=\"ext-link\">&#13;<br \/>\n                    <img loading=\"lazy\" decoding=\"async\" class=\"aligncenter size-full wp-image-575475\" src=\"https:\/\/www.europesays.com\/pt\/wp-content\/uploads\/2025\/08\/5123dd8b087b644fdb8f8603acd1bad4.png\" alt=\"Siga-nos no Google News\" width=\"176\" height=\"64\"\/>&#13;<br \/>\n                <\/a><\/p>\n","protected":false},"excerpt":{"rendered":"Archer10 \/ Flickr Um antigo auditor afirma que tem provas de que a cidade-estado tem um sistema que&hellip;\n","protected":false},"author":2,"featured_media":25109,"comment_status":"","ping_status":"","sticky":false,"template":"","format":"standard","meta":{"footnotes":""},"categories":[50],"tags":[475,27,28,15,16,6178,14,25,26,21,22,62,12,13,19,20,4007,23,24,17,18,29,30,31,5598,63,64,65],"class_list":{"0":"post-25108","1":"post","2":"type-post","3":"status-publish","4":"format-standard","5":"has-post-thumbnail","7":"category-mundo","8":"tag-banca","9":"tag-breaking-news","10":"tag-breakingnews","11":"tag-featured-news","12":"tag-featurednews","13":"tag-fraude","14":"tag-headlines","15":"tag-latest-news","16":"tag-latestnews","17":"tag-main-news","18":"tag-mainnews","19":"tag-mundo","20":"tag-news","21":"tag-noticias","22":"tag-noticias-principais","23":"tag-noticiasprincipais","24":"tag-politica-internacional","25":"tag-principais-noticias","26":"tag-principaisnoticias","27":"tag-top-stories","28":"tag-topstories","29":"tag-ultimas","30":"tag-ultimas-noticias","31":"tag-ultimasnoticias","32":"tag-vaticano","33":"tag-world","34":"tag-world-news","35":"tag-worldnews"},"share_on_mastodon":{"url":"","error":""},"_links":{"self":[{"href":"https:\/\/www.europesays.com\/pt\/wp-json\/wp\/v2\/posts\/25108","targetHints":{"allow":["GET"]}}],"collection":[{"href":"https:\/\/www.europesays.com\/pt\/wp-json\/wp\/v2\/posts"}],"about":[{"href":"https:\/\/www.europesays.com\/pt\/wp-json\/wp\/v2\/types\/post"}],"author":[{"embeddable":true,"href":"https:\/\/www.europesays.com\/pt\/wp-json\/wp\/v2\/users\/2"}],"replies":[{"embeddable":true,"href":"https:\/\/www.europesays.com\/pt\/wp-json\/wp\/v2\/comments?post=25108"}],"version-history":[{"count":0,"href":"https:\/\/www.europesays.com\/pt\/wp-json\/wp\/v2\/posts\/25108\/revisions"}],"wp:featuredmedia":[{"embeddable":true,"href":"https:\/\/www.europesays.com\/pt\/wp-json\/wp\/v2\/media\/25109"}],"wp:attachment":[{"href":"https:\/\/www.europesays.com\/pt\/wp-json\/wp\/v2\/media?parent=25108"}],"wp:term":[{"taxonomy":"category","embeddable":true,"href":"https:\/\/www.europesays.com\/pt\/wp-json\/wp\/v2\/categories?post=25108"},{"taxonomy":"post_tag","embeddable":true,"href":"https:\/\/www.europesays.com\/pt\/wp-json\/wp\/v2\/tags?post=25108"}],"curies":[{"name":"wp","href":"https:\/\/api.w.org\/{rel}","templated":true}]}}