{"id":251186,"date":"2026-01-31T05:43:10","date_gmt":"2026-01-31T05:43:10","guid":{"rendered":"https:\/\/www.europesays.com\/pt\/251186\/"},"modified":"2026-01-31T05:43:10","modified_gmt":"2026-01-31T05:43:10","slug":"demorou-se-muito-a-descobrir-a-dimensao-dos-danos-observador","status":"publish","type":"post","link":"https:\/\/www.europesays.com\/pt\/251186\/","title":{"rendered":"&#8220;Demorou-se muito a descobrir&#8221; a dimens\u00e3o dos danos \u2013 Observador"},"content":{"rendered":"<p><a href=\"https:\/\/observador.pt\/liveblogs\/candidatos-presidenciais-fazem-campanha-em-aveiro-ventura-troca-arruada-por-recolha-de-bens-devido-ao-mau-tempo\/\" rel=\"nofollow noopener\" target=\"_blank\">Acompanhe o nosso artigo em direto sobre o mau tempo<\/a><\/p>\n<p>O Presidente da Rep\u00fablica, Marcelo Rebelo de Sousa, destacou nesta sexta-feira em Leiria que o pa\u00eds evidencia melhoria na Prote\u00e7\u00e3o Civil, ap\u00f3s os <a href=\"https:\/\/observador.pt\/2017\/10\/16\/tudo-o-que-se-sabe-sobre-o-pior-dia-de-incendios-do-ano\/\" rel=\"nofollow noopener\" target=\"_blank\">inc\u00eandios de 2017<\/a>. \u201cLembro-me de 2017 e como depois a recupera\u00e7\u00e3o foi mais r\u00e1pida no caso dos inc\u00eandios de outubro [na regi\u00e3o Centro]. Onde foi menos r\u00e1pida e mais demorada e mais penosa, foram os inc\u00eandios de junho [<a href=\"https:\/\/observador.pt\/interativo\/pedrogao-grande-os-melhores-trabalhos-da-tragedia-que-matou-64-pessoas\/\" rel=\"nofollow noopener\" target=\"_blank\">em Pedr\u00f3g\u00e3o Grande<\/a>]. A\u00ed demorou muito tempo a capacidade de resposta a aparecer. <strong>Temos melhorado em termos da Prote\u00e7\u00e3o Civil<\/strong>\u201c, sublinhou Marcelo Rebelo de Sousa.<\/p>\n<p>Sobre o impacto da depress\u00e3o Kristin, o Presidente da Rep\u00fablica sublinhou que teve no\u00e7\u00e3o \u201cexata de que era de uma dimens\u00e3o enorme, porque diziam, compar\u00e1vel com isto, s\u00f3 2011\u201d. \u201cOra, eu lembro-me de 2011, <strong>n\u00e3o foi compar\u00e1vel com isto<\/strong>. Ainda por cima, <strong>isto \u00e9 um processo cumulativo<\/strong>. Chove o que chove e h\u00e1 um tempo muito longo\u201d, observou.<\/p>\n<p>Segundo o Chefe de Estado, \u201c<strong>n\u00e3o h\u00e1 um problema de preven\u00e7\u00e3o<\/strong>\u201c, pois os \u201cventos foram previstos e foram avisados\u201d. \u201cH\u00e1 um <strong>problema de estruturas<\/strong>, umas mais recentes, outras mais antigas, que se chegou \u00e0 conclus\u00e3o que n\u00e3o aguentam\u201d, adiantou, <a href=\"https:\/\/observador.pt\/2026\/01\/28\/apagao-em-leiria-afeta-agua-e-telecomunicacoes-abastecimento-alimentar-nao-estara-em-risco\/\" rel=\"nofollow noopener\" target=\"_blank\">exemplificando com o terminal rodovi\u00e1rio na cidade de Leiria<\/a>, escolas, f\u00e1bricas e comunica\u00e7\u00f5es.<\/p>\n<p>Para Marcelo Rebelo de Sousa, h\u00e1 uma \u201c<strong>desatualiza\u00e7\u00e3o em termos de estruturas<\/strong>\u201c. \u201cMas esse \u00e9 um problema que n\u00f3s vivemos quando h\u00e1 estas trag\u00e9dias, mas <strong>\u00e9 um problema que vejo tamb\u00e9m noutros pa\u00edses europeus<\/strong>. Por exemplo, a Alemanha lan\u00e7ou agora um grande plano para refazer as vias de comunica\u00e7\u00e3o, porque j\u00e1 n\u00e3o se investia h\u00e1 30 ou 40 anos\u201d, disse.<\/p>\n<p>Marcelo Rebelo de Sousa assentiu que \u201c<strong>qualquer pa\u00eds \u00e9 impreparado<\/strong>\u201d para um fen\u00f3meno id\u00eantico ao que se viveu com esta depress\u00e3o. \u201cObviamente, ningu\u00e9m esperava uma situa\u00e7\u00e3o destas, supondo que a \u00faltima se verificou h\u00e1 15 anos, mas acho que <strong>esta n\u00e3o tem compara\u00e7\u00e3o, \u00e9 muito mais grave<\/strong>\u201c, refor\u00e7ou, ao referir que \u00e9 dif\u00edcil proteger \u201crelativamente a uma circunst\u00e2ncia que n\u00e3o ocorreu ou se ocorreu alguma vez foi h\u00e1 15 ou 20 anos\u201d.<\/p>\n<p>As For\u00e7as Armadas v\u00e3o come\u00e7ar a colaborar com situa\u00e7\u00f5es de alojamento e alimenta\u00e7\u00e3o, informou o Comandante Supremo das For\u00e7as Armadas, ao adiantar que, \u201cnoutras circunst\u00e2ncias, demorou muito mais tempo a fazer isso\u201d.<\/p>\n<p>Marcelo Rebelo de Sousa admitiu que \u201c<strong>n\u00e3o houve exata no\u00e7\u00e3o da dimens\u00e3o<\/strong>\u201c, ao afirmar que, inicialmente, foi avan\u00e7ado que as situa\u00e7\u00f5es se focavam num \u201cn\u00famero muito pequeno de munic\u00edpios a ser abrangidos pelo estado de calamidade\u201d. No entanto, \u201cdepois descobriu-se que era cinco vezes isso, no m\u00ednimo\u201d, mas \u201cdemorou-se muito a descobrir\u201d.<\/p>\n<p>Segundo Marcelo Rebelo de Sousa, <strong>a avalia\u00e7\u00e3o que a Prote\u00e7\u00e3o Civil foi fazendo estava \u201caqu\u00e9m do que estava a acontecer<\/strong>, porque o que estava a acontecer continuava a acontecer\u201d.<\/p>\n<p>A desloca\u00e7\u00e3o \u00e0 cidade de Leiria, onde se fez acompanhar da ministra da Administra\u00e7\u00e3o Interna, Maria L\u00facia Amaral, come\u00e7ou no Jardim Lu\u00eds de Cam\u00f5es, incluiu o terminal rodovi\u00e1rio e teve uma <a href=\"https:\/\/observador.pt\/especiais\/medo-destruicao-e-morte-em-carvide-a-terra-atingida-com-mais-violencia-pela-tempestade\/\" rel=\"nofollow noopener\" target=\"_blank\">passagem no quartel dos Bombeiros Volunt\u00e1rios de Leiria, gravemente destru\u00eddo<\/a>.<\/p>\n<p>No final da visita, num briefing na sala de opera\u00e7\u00f5es nos Bombeiros Separadores de Leiria, o chefe de Estado referiu que este \u00e9 um processo que \u201cn\u00e3o acabou\u201d. \u201cA parte mais cr\u00edtica, mais aguda, espera-se, deseja-se, j\u00e1 passou, <strong>mas \u00e9 um processo que n\u00e3o terminou<\/strong>\u201c, avisou, referindo tratar-se de uma <strong>calamidade urbana,<\/strong> sendo que o pa\u00eds n\u00e3o tem grande experi\u00eancia nesta \u00e1rea.<\/p>\n<p>Marcelo Rebelo de Sousa real\u00e7ou a <strong>capacidade de resist\u00eancia<\/strong> da Prote\u00e7\u00e3o Civil que, com os meios dispon\u00edveis e experi\u00eancia acumulada, <strong>reagiu \u201co melhor que era poss\u00edvel\u201d<\/strong>.<\/p>\n<p>Aos presentes, reconheceu que \u201c<strong>responderam na medida das possibilidades e melhor do que estava ao alcance e com resultados vis\u00edveis<\/strong>\u201d num pequeno per\u00edodo.<\/p>\n<p>Antes, no mesmo quartel, o Presidente da Rep\u00fablica agradeceu aos bombeiros, cujo contributo na resposta ao impacto da depress\u00e3o Kristin elogiou. \u201cSem o vosso contributo n\u00e3o era poss\u00edvel acorrer \u00e0 emerg\u00eancia da emerg\u00eancia\u201d, assinalou.<\/p>\n<p><b>[Esta \u00e9 a hist\u00f3ria de como dezenas de portuguesas se juntaram a mulheres de v\u00e1rios outros pa\u00edses e se tornaram seguidoras de uma seita controlada por um guru manipulador. Recrutadas numa escola de yoga em Lisboa, muitas acabaram em casas de massagens er\u00f3ticas ou a serem filmadas em cenas de sexo e orgias.\u00a0<a href=\"https:\/\/observador.pt\/programas\/os-segredos-da-seita-do-yoga\/\" rel=\"nofollow noopener\" target=\"_blank\">\u201cOs segredos da seita do yoga\u201d<\/a>\u00a0\u00e9 o novo Podcast Plus, do Observador.\u00a0Uma s\u00e9rie em seis epis\u00f3dios, narrada pela atriz Daniela Ruah, com banda sonora original de Benjamim.\u00a0Ou\u00e7a\u00a0o primeiro epis\u00f3dio no\u00a0<a href=\"https:\/\/observador.pt\/programas\/os-segredos-da-seita-do-yoga\/episodio-1-e-proibido-fazer-sexo\/\" rel=\"nofollow noopener\" target=\"_blank\">site do Observador<\/a>, na\u00a0<a href=\"https:\/\/podcasts.apple.com\/lv\/podcast\/epis%C3%B3dio-1-%C3%A9-proibido-fazer-sexo\/id1870299321?i=1000746759456\" rel=\"nofollow noopener\" target=\"_blank\">Apple Podcasts<\/a>, no\u00a0<a href=\"https:\/\/open.spotify.com\/episode\/2s8hxIEItKKgi6BdUA5Ywm\" rel=\"nofollow noopener\" target=\"_blank\">Spotify<\/a>\u00a0e no\u00a0<a href=\"https:\/\/www.youtube.com\/watch?v=AhEpbQxNMrs\" rel=\"nofollow noopener\" target=\"_blank\">Youtube Music<\/a>.]<\/b><\/p>\n<p><a href=\"https:\/\/observador.pt\/programas\/os-segredos-da-seita-do-yoga\/episodio-1-e-proibido-fazer-sexo\/\" rel=\"nofollow noopener\" target=\"_blank\"><\/p>\n<p>        <img src=\"https:\/\/www.europesays.com\/pt\/wp-content\/uploads\/2026\/01\/thumbnail-a-seita-do-yoga.jpg\" alt=\"\" loading=\"lazy\" decoding=\"async\" class=\"alignnone\" onload=\"this.parentElement.classList.remove('spinner')\" onerror=\"this.parentElement.classList.remove('spinner')\" width=\"770\" height=\"433\"\/>    <\/p>\n<p><\/a><\/p>\n","protected":false},"excerpt":{"rendered":"Acompanhe o nosso artigo em direto sobre o mau tempo O Presidente da Rep\u00fablica, Marcelo Rebelo de Sousa,&hellip;\n","protected":false},"author":2,"featured_media":251187,"comment_status":"","ping_status":"","sticky":false,"template":"","format":"standard","meta":{"footnotes":"","_share_on_mastodon":"0"},"categories":[145],"tags":[59,47042,211,210,114,115,5423,588,57,302,32,589,11312,1432,33,58],"class_list":["post-251186","post","type-post","status-publish","format-standard","has-post-thumbnail","category-celebridades","tag-acidente","tag-catu00e1strofes","tag-celebridades","tag-celebrities","tag-entertainment","tag-entretenimento","tag-leiria","tag-marcelo-rebelo-de-sousa","tag-pau00eds","tag-polu00edtica","tag-portugal","tag-presidente-da-repu00fablica","tag-presidente-marcelo","tag-proteu00e7u00e3o-civil","tag-pt","tag-sociedade"],"share_on_mastodon":{"url":"https:\/\/pubeurope.com\/@pt\/115988123002872541","error":""},"_links":{"self":[{"href":"https:\/\/www.europesays.com\/pt\/wp-json\/wp\/v2\/posts\/251186","targetHints":{"allow":["GET"]}}],"collection":[{"href":"https:\/\/www.europesays.com\/pt\/wp-json\/wp\/v2\/posts"}],"about":[{"href":"https:\/\/www.europesays.com\/pt\/wp-json\/wp\/v2\/types\/post"}],"author":[{"embeddable":true,"href":"https:\/\/www.europesays.com\/pt\/wp-json\/wp\/v2\/users\/2"}],"replies":[{"embeddable":true,"href":"https:\/\/www.europesays.com\/pt\/wp-json\/wp\/v2\/comments?post=251186"}],"version-history":[{"count":0,"href":"https:\/\/www.europesays.com\/pt\/wp-json\/wp\/v2\/posts\/251186\/revisions"}],"wp:featuredmedia":[{"embeddable":true,"href":"https:\/\/www.europesays.com\/pt\/wp-json\/wp\/v2\/media\/251187"}],"wp:attachment":[{"href":"https:\/\/www.europesays.com\/pt\/wp-json\/wp\/v2\/media?parent=251186"}],"wp:term":[{"taxonomy":"category","embeddable":true,"href":"https:\/\/www.europesays.com\/pt\/wp-json\/wp\/v2\/categories?post=251186"},{"taxonomy":"post_tag","embeddable":true,"href":"https:\/\/www.europesays.com\/pt\/wp-json\/wp\/v2\/tags?post=251186"}],"curies":[{"name":"wp","href":"https:\/\/api.w.org\/{rel}","templated":true}]}}