{"id":251226,"date":"2026-01-31T07:34:09","date_gmt":"2026-01-31T07:34:09","guid":{"rendered":"https:\/\/www.europesays.com\/pt\/251226\/"},"modified":"2026-01-31T07:34:09","modified_gmt":"2026-01-31T07:34:09","slug":"causa-da-morte-do-empresario-pedro-ferraz-foi-suicidio-conclui-investigacao","status":"publish","type":"post","link":"https:\/\/www.europesays.com\/pt\/251226\/","title":{"rendered":"Causa da morte do empres\u00e1rio Pedro Ferraz foi suic\u00eddio, conclui investiga\u00e7\u00e3o"},"content":{"rendered":"<p data-remotead-prev-elm=\"true\" data-remotead-elm-id=\"inread2\">Pedro Ferraz, administrador do banco BCI, subsidi\u00e1ria em Mo\u00e7ambique do grupo portugu\u00eas Caixa Geral de Dep\u00f3sitos (CGD) e do tamb\u00e9m portugu\u00eas BPI, suicidou-se numa casa de banho p\u00fablica do Polana Serena Hotel, em Maputo, no dia 19 de janeiro.<\/p>\n<p>Esta morte chocou a comunidade portuguesa e mo\u00e7ambicana e foi seguida de uma coopera\u00e7\u00e3o na investiga\u00e7\u00e3o entre Portugal e Mo\u00e7ambique.<\/p>\n<p>Na segunda-feira, chegou a Mo\u00e7ambique uma equipa portuguesa composta por elementos da Pol\u00edcia Judici\u00e1ria e do Instituto Nacional de Medicina Legal e Ci\u00eancias Forenses, enviada pelo Governo portugu\u00eas.<\/p>\n<p data-remotead-prev-elm=\"true\" data-remotead-elm-id=\"centro1\">Hoje, numa confer\u00eancia de imprensa conjunta da PJ portuguesa e do Servi\u00e7o Nacional de Investiga\u00e7\u00e3o Criminal (Sernic) mo\u00e7ambicano, em Maputo, a hip\u00f3tese j\u00e1 anteriormente avan\u00e7ada de suic\u00eddio foi confirmada.<\/p>\n<p>Santos Martins, inspetor chefe da PJ portuguesa, reconheceu que, num primeiro momento, e dada &#8220;a quantidade e vest\u00edgios detetados, bem como o grau de viol\u00eancia desta morte&#8221;, foram suscitadas d\u00favidas quanto \u00e0 sua causa.<\/p>\n<p>&#8220;Ap\u00f3s a realiza\u00e7\u00e3o da inspe\u00e7\u00e3o ao local da ocorr\u00eancia e de m\u00faltiplas dilig\u00eancias, as conclus\u00f5es preliminares do Servi\u00e7o Nacional de Investiga\u00e7\u00e3o Criminal sobre a averigua\u00e7\u00e3o da causa de morte, apontavam para a possibilidade de estar perante um quadro de suic\u00eddio ou seja, n\u00e3o existindo a interven\u00e7\u00e3o de terceiros na morte de Pedro Ferraz Reis&#8221;, disse.<\/p>\n<p data-remotead-prev-elm=\"true\" data-remotead-elm-id=\"centro2\">Ap\u00f3s a decis\u00e3o de um trabalho conjunto envolvendo equipas multidisciplinares de Portugal e Mo\u00e7ambique, este &#8220;permitiu reunir, consolidar, fixar e sistematizar os elementos de prova, conferindo-lhes toda a coer\u00eancia relativamente aos acontecimentos&#8221;, cujas conclus\u00f5es foram hoje apresentadas.<\/p>\n<p>Il\u00eddio Miguel, diretor-geral do Sernic explicou depois que os elementos da PJ portuguesa, bem como a m\u00e9dica legista que integra a miss\u00e3o, tiveram a oportunidade de ver o corpo de Pedro Ferraz Reis.<\/p>\n<p>E ressalvou: &#8220;O corpo n\u00e3o apresentava ferimento nas costas e, mais ainda, n\u00e3o tinha les\u00f5es de defesa&#8221;, uma conclus\u00e3o que &#8220;j\u00e1 constava do relat\u00f3rio da aut\u00f3psia que o Sernic requisitou \u00e0 medicina local&#8221;.<\/p>\n<p data-remotead-prev-elm=\"true\" data-remotead-elm-id=\"centro3\">&#8220;O Sernic, atrav\u00e9s do Laborat\u00f3rio Central de Criminal\u00edstica, j\u00e1 havia realizado exames de qu\u00edmica, tanto toxicol\u00f3gico, das subst\u00e2ncias encontradas, sobretudo no est\u00f4mago do malogrado e no local de facto, que concluiu tratar de subst\u00e2ncias nocivas \u00e0 sa\u00fade&#8221;, nomeadamente um veneno para ratos.<\/p>\n<p>Este laborat\u00f3rio realizou, igualmente, exames de ADN e concluiu &#8220;n\u00e3o ter encontrado perfis distintos do malogrado, sobretudo na arma branca, a faca, no punho da faca&#8221;, adiantou&#8221;.<\/p>\n<p>Il\u00eddio Miguel fez quest\u00e3o de esclarecer que Pedro Ferraz Reis foi encontrado numa casa de banho p\u00fablica do hotel, onde o administrador se trancou por dentro, e n\u00e3o na casa de banho de um quarto da unidade hoteleira.<\/p>\n<p data-remotead-prev-elm=\"true\" data-remotead-elm-id=\"centro4\">A ideia avan\u00e7ada inicialmente de suic\u00eddio foi, pois, agora confirmada, indicando que &#8220;n\u00e3o se tratou, como se tem dito, de precipita\u00e7\u00e3o, mas resulta de um esfor\u00e7o abnegado com vista \u00e0 busca da verdade material, o que efetivamente foi logrado&#8221;.<\/p>\n<p>Para Santos Martins, &#8220;um epis\u00f3dio desta viol\u00eancia, cuja etiologia \u00e9 um suic\u00eddio, n\u00e3o \u00e9 comum&#8221;.<\/p>\n<p>&#8220;Esta nossa desloca\u00e7\u00e3o aqui serviu, em primeiro lugar, para ajudar o Sernic a consolidar todos os elementos probat\u00f3rios e todos os ind\u00edcios que j\u00e1 tinha recolhido e, ao mesmo tempo, n\u00f3s pr\u00f3prios, tentarmos perceber o que \u00e9 que se tinha passado na cabe\u00e7a da v\u00edtima&#8221;, adiantou.<\/p>\n<p data-remotead-prev-elm=\"true\" data-remotead-elm-id=\"centro5\">E explicou que &#8220;a per\u00edcia, que \u00e9 fundamental no local onde ocorreu o incidente, a an\u00e1lise dos elementos e dos ind\u00edcios recolhidos nesse local, conjuntamente com a prova pessoal de quem acompanhava, neste caso, o cidad\u00e3o portugu\u00eas&#8221;, foram fundamentais para a conclus\u00e3o agora confirmada.<\/p>\n<p>O Sernic vai agora continuar a trabalhar, nomeadamente para tentar perceber a motiva\u00e7\u00e3o da v\u00edtima.<\/p>\n<p>Sobre a alegada exist\u00eancia de amea\u00e7as de que Pedro Ferraz Reis teria sofrido, a investiga\u00e7\u00e3o n\u00e3o indiciou a sua concretiza\u00e7\u00e3o.<\/p>\n","protected":false},"excerpt":{"rendered":"Pedro Ferraz, administrador do banco BCI, subsidi\u00e1ria em Mo\u00e7ambique do grupo portugu\u00eas Caixa Geral de Dep\u00f3sitos (CGD) e&hellip;\n","protected":false},"author":2,"featured_media":249106,"comment_status":"","ping_status":"","sticky":false,"template":"","format":"standard","meta":{"footnotes":"","_share_on_mastodon":"0"},"categories":[8],"tags":[27,28,15,16,14,603,25,26,21,22,22117,62,12,13,19,20,32,23,24,33,10382,17,18,29,30,31],"class_list":["post-251226","post","type-post","status-publish","format-standard","has-post-thumbnail","category-principais-noticias","tag-breaking-news","tag-breakingnews","tag-featured-news","tag-featurednews","tag-headlines","tag-justica","tag-latest-news","tag-latestnews","tag-main-news","tag-mainnews","tag-maputo","tag-mundo","tag-news","tag-noticias","tag-noticias-principais","tag-noticiasprincipais","tag-portugal","tag-principais-noticias","tag-principaisnoticias","tag-pt","tag-suicidio","tag-top-stories","tag-topstories","tag-ultimas","tag-ultimas-noticias","tag-ultimasnoticias"],"share_on_mastodon":{"url":"https:\/\/pubeurope.com\/@pt\/115988559622127110","error":""},"_links":{"self":[{"href":"https:\/\/www.europesays.com\/pt\/wp-json\/wp\/v2\/posts\/251226","targetHints":{"allow":["GET"]}}],"collection":[{"href":"https:\/\/www.europesays.com\/pt\/wp-json\/wp\/v2\/posts"}],"about":[{"href":"https:\/\/www.europesays.com\/pt\/wp-json\/wp\/v2\/types\/post"}],"author":[{"embeddable":true,"href":"https:\/\/www.europesays.com\/pt\/wp-json\/wp\/v2\/users\/2"}],"replies":[{"embeddable":true,"href":"https:\/\/www.europesays.com\/pt\/wp-json\/wp\/v2\/comments?post=251226"}],"version-history":[{"count":0,"href":"https:\/\/www.europesays.com\/pt\/wp-json\/wp\/v2\/posts\/251226\/revisions"}],"wp:featuredmedia":[{"embeddable":true,"href":"https:\/\/www.europesays.com\/pt\/wp-json\/wp\/v2\/media\/249106"}],"wp:attachment":[{"href":"https:\/\/www.europesays.com\/pt\/wp-json\/wp\/v2\/media?parent=251226"}],"wp:term":[{"taxonomy":"category","embeddable":true,"href":"https:\/\/www.europesays.com\/pt\/wp-json\/wp\/v2\/categories?post=251226"},{"taxonomy":"post_tag","embeddable":true,"href":"https:\/\/www.europesays.com\/pt\/wp-json\/wp\/v2\/tags?post=251226"}],"curies":[{"name":"wp","href":"https:\/\/api.w.org\/{rel}","templated":true}]}}