{"id":251383,"date":"2026-01-31T11:19:10","date_gmt":"2026-01-31T11:19:10","guid":{"rendered":"https:\/\/www.europesays.com\/pt\/251383\/"},"modified":"2026-01-31T11:19:10","modified_gmt":"2026-01-31T11:19:10","slug":"recolha-de-bens-em-varias-zonas-do-pais-saiba-onde-ajudar-observador","status":"publish","type":"post","link":"https:\/\/www.europesays.com\/pt\/251383\/","title":{"rendered":"Recolha de bens em v\u00e1rias zonas do pa\u00eds. Saiba onde ajudar \u2013 Observador"},"content":{"rendered":"<p><a href=\"https:\/\/observador.pt\/liveblogs\/candidatos-presidenciais-fazem-campanha-em-aveiro-ventura-troca-arruada-por-recolha-de-bens-devido-ao-mau-tempo\/\" rel=\"nofollow noopener\" target=\"_blank\">Acompanhe o nosso artigo em direto sobre o mau tempo<\/a><\/p>\n<p>Um pouco por todo o pa\u00eds, desde um supermercado em Viseu a um stand de autom\u00f3veis em \u00c9vora, t\u00eam-se organizado <strong>iniciativas solid\u00e1rias de recolha de bens<\/strong> para apoiar a regi\u00e3o de Leiria, face \u00e0 <a href=\"https:\/\/observador.pt\/especiais\/o-vento-que-varreu-tudo-os-telhados-arrancados-como-papel-e-uma-grande-magoa-como-a-depressao-kristin-devastou-leiria\/\" rel=\"nofollow noopener\" target=\"_blank\">destrui\u00e7\u00e3o provocada pela depress\u00e3o Kristin<\/a>.<\/p>\n<p>A recolha de bens alimentares n\u00e3o perec\u00edveis, produtos de higiene e lonas e pl\u00e1sticos para tapar coberturas afetadas pelo mau tempo no distrito de Leiria tem sido promovida por associa\u00e7\u00f5es, autarquias e empresas de v\u00e1rias zonas do pa\u00eds, atrav\u00e9s das redes sociais.<\/p>\n<p>Enquanto decorre a limpeza de estradas com \u00e1rvores ca\u00eddas e a recupera\u00e7\u00e3o de postes de alta e m\u00e9dia tens\u00e3o, h\u00e1 moradores de v\u00e1rios concelhos do distrito de Leiria que <a href=\"https:\/\/observador.pt\/2026\/01\/29\/tempestade-destruiu-cabos-e-infraestruturas-de-telecomunicacoes-condicoes-no-terreno-e-falta-de-energia-dificultam-reposicao-de-servicos\/\" rel=\"nofollow noopener\" target=\"_blank\">permanecem sem eletricidade, sem \u00e1gua e sem comunica\u00e7\u00f5es<\/a>.<\/p>\n<p>H\u00e1 <strong>postos para entrega e distribui\u00e7\u00e3o de bens alimentares<\/strong> no Pavilh\u00e3o dos Pousos, em Leiria, e no Pavilh\u00e3o Nery Capucho, na Marinha Grande, assim como no Quartel dos Bombeiros Volunt\u00e1rios da Nazar\u00e9. A C\u00e2mara de Pedr\u00f3g\u00e3o Grande manifestou a necessidade de lonas e material de cobertura, que podem ser entregues no armaz\u00e9m municipal da Zona Industrial de Pedr\u00f3g\u00e3o Grande.<\/p>\n<p>Al\u00e9m da recolha de bens, os munic\u00edpios de Leiria e da <a href=\"https:\/\/observador.pt\/2026\/01\/30\/marinha-grande-comissario-europeu-visita-areas-afetadas\/\" rel=\"nofollow noopener\" target=\"_blank\">Marinha Grande<\/a> est\u00e3o a organizar <strong>a\u00e7\u00f5es de voluntariado<\/strong> para limpeza de ruas e espa\u00e7os p\u00fablicos.<\/p>\n<p>Em Leiria, o Conservat\u00f3rio Internacional de Ballet e Dan\u00e7a Annarella S\u00e1nchez fez um apelo para recuperar os <a href=\"https:\/\/observador.pt\/especiais\/arvores-caidas-em-carros-telhados-arrancados-e-lojas-inundadas-quem-paga-os-estragos-da-kristin-seis-perguntas-e-respostas\/\" rel=\"nofollow noopener\" target=\"_blank\">\u201cs\u00e9rios danos\u201d<\/a> no espa\u00e7o, referindo que, at\u00e9 se conseguir reparar o telhado, os alunos n\u00e3o podem treinar: \u201cQuem puder ajudar, <strong>qualquer doa\u00e7\u00e3o faz a diferen\u00e7a<\/strong>.\u201d<\/p>\n<p>Em <strong>Viseu<\/strong>, o supermercado Sempre Bom promove a campanha solid\u00e1ria \u201cAjuda Leiria\u201d, com a recolha de bens essenciais para ajudar as pessoas afetadas pela tempestade Kristin, indicando que os bens recolhidos ser\u00e3o transportados e entregues pelo Motoclub de Viseu.<\/p>\n<p>Tamb\u00e9m em <strong>Guimar\u00e3es<\/strong> se recolhem bens priorit\u00e1rios para ajudar o distrito de Leiria, nomeadamente material de constru\u00e7\u00e3o (telhas, silicone), luvas de constru\u00e7\u00e3o, lonas e pl\u00e1sticos grandes, produtos de higiene, alimentos n\u00e3o perec\u00edveis e \u00e1gua engarrafada, donativos que podem ser entregues no Roady Guimar\u00e3es (Urgezes), junto ao Intermarch\u00e9, at\u00e9 19h00 de segunda-feira.<\/p>\n<p>Em <strong>\u00c9vora<\/strong>, o stand de autom\u00f3veis MotorCar est\u00e1 a reunir ajuda para Leiria, desde bens alimentares n\u00e3o perec\u00edveis, como arroz e massa, azeite e \u00f3leo, enlatados, leite e papas infantis, bolachas e cereais, a produtos de higiene, bem como lonas e pl\u00e1sticos, telhas, silicones, areia e cimento, luvas de constru\u00e7\u00e3o e geradores, indicando que os bens doados ser\u00e3o entregues na regi\u00e3o afetada pela tempestade \u201c<strong>o mais r\u00e1pido poss\u00edvel<\/strong>\u201c.<\/p>\n<p>No distrito de <strong>\u00c9vora<\/strong>, a C\u00e2mara de <strong>Vila Vi\u00e7osa<\/strong> apela a que sejam doados bens de primeira necessidade para ajudar as popula\u00e7\u00f5es de Leiria, <strong>Our\u00e9m<\/strong> e de outras localidades que tenham sido afetadas pelo mau tempo.<\/p>\n<p>A pastelaria O Bolo da Marta, na <strong>freguesia lisboeta de Bel\u00e9m<\/strong>, vai recolher alimentos n\u00e3o perec\u00edveis, \u00e1guas, produtos de higiene, lonas, pl\u00e1sticos, cordas, pilhas e lanternas, no s\u00e1bado das 11h00 \u00e0s 18h00, para entregar no domingo em Leiria, com duas carrinhas cedidas pela CRC Car Rental.<\/p>\n<p>Tamb\u00e9m na capital, a Junta de <strong>Freguesia de Alc\u00e2ntara<\/strong> vai apoiar as v\u00edtimas da depress\u00e3o Kristin, com uma recolha solid\u00e1ria de bens no s\u00e1bado, entre as 10h00 e as 18h00, para depois entregar os bens angariados nas zonas afetadas da regi\u00e3o Centro do pa\u00eds.<\/p>\n<p>Em <strong>Portela-Moscavide<\/strong>, na Grande Lisboa, a loja MyDetail recolhe nesta sexta-feira alimentos n\u00e3o perec\u00edveis, produtos de higiene, lonas e pl\u00e1sticos, para os entregar no s\u00e1bado em Leiria.<\/p>\n<p>Com base na <strong>Castanheira do Ribatejo<\/strong>, no concelho de <strong>Vila Franca de Xira<\/strong>, distrito de Lisboa, a empresa de log\u00edstica Pieter Smit Portugal, com v\u00e1rios meios de transporte ao dispor, quer apoiar as comunidades afetadas pela depress\u00e3o Kristin, \u201cneste momento particularmente dif\u00edcil\u201d, estando a recolher bens para entregar no Pavilh\u00e3o dos Pousos, em Leiria, e no Pavilh\u00e3o Nery Capucho, na Marinha Grande.<\/p>\n<p>O munic\u00edpio de <strong>Peniche<\/strong>, no distrito de Leiria, tamb\u00e9m se associa ao esfor\u00e7o regional e nacional de resposta solid\u00e1ria \u201cneste momento exigente\u201d, recolhendo bens essenciais para apoio ao concelho de Leiria.<\/p>\n<p>Em <strong>\u00d3bidos<\/strong>, tamb\u00e9m no distrito de Leiria, a Junta de Freguesia de Gaeiras e a Farm\u00e1cia Senhora da Ajuda recolhem bens para \u201capoiar as popula\u00e7\u00f5es do concelho de Our\u00e9m e mostrar que <strong>ningu\u00e9m est\u00e1 sozinho<\/strong>\u201c, sublinhando que \u201c<strong>h\u00e1 momentos em que um pequeno gesto pode significar tudo para quem precisa<\/strong>\u201c.<\/p>\n<p>No concelho <strong>Pombal<\/strong>, distrito de <strong>Coimbra<\/strong>, tamb\u00e9m uma zona afetada pela intemp\u00e9rie, a Associa\u00e7\u00e3o Cultural Recreativa e Desportiva do Louri\u00e7al est\u00e1 a disponibilizar nesta sexta-feira as suas instala\u00e7\u00f5es para apoio \u00e0 popula\u00e7\u00e3o, nomeadamente para cozinhar e para acolhimento de pessoas desalojadas, dispondo de fog\u00f5es a g\u00e1s que permitem a confe\u00e7\u00e3o de refei\u00e7\u00f5es em seguran\u00e7a.<\/p>\n<p><b>[Esta \u00e9 a hist\u00f3ria de como dezenas de portuguesas se juntaram a mulheres de v\u00e1rios outros pa\u00edses e se tornaram seguidoras de uma seita controlada por um guru manipulador. Recrutadas numa escola de yoga em Lisboa, muitas acabaram em casas de massagens er\u00f3ticas ou a serem filmadas em cenas de sexo e orgias.\u00a0<a href=\"https:\/\/observador.pt\/programas\/os-segredos-da-seita-do-yoga\/\" rel=\"nofollow noopener\" target=\"_blank\">\u201cOs segredos da seita do yoga\u201d<\/a>\u00a0\u00e9 o novo Podcast Plus, do Observador.\u00a0Uma s\u00e9rie em seis epis\u00f3dios, narrada pela atriz Daniela Ruah, com banda sonora original de Benjamim.\u00a0Ou\u00e7a\u00a0o primeiro epis\u00f3dio no\u00a0<a href=\"https:\/\/observador.pt\/programas\/os-segredos-da-seita-do-yoga\/episodio-1-e-proibido-fazer-sexo\/\" rel=\"nofollow noopener\" target=\"_blank\">site do Observador<\/a>, na\u00a0<a href=\"https:\/\/podcasts.apple.com\/lv\/podcast\/epis%C3%B3dio-1-%C3%A9-proibido-fazer-sexo\/id1870299321?i=1000746759456\" rel=\"nofollow noopener\" target=\"_blank\">Apple Podcasts<\/a>, no\u00a0<a href=\"https:\/\/open.spotify.com\/episode\/2s8hxIEItKKgi6BdUA5Ywm\" rel=\"nofollow noopener\" target=\"_blank\">Spotify<\/a>\u00a0e no\u00a0<a href=\"https:\/\/www.youtube.com\/watch?v=AhEpbQxNMrs\" rel=\"nofollow noopener\" target=\"_blank\">Youtube Music<\/a>.]<\/b><\/p>\n<p><a href=\"https:\/\/observador.pt\/programas\/os-segredos-da-seita-do-yoga\/episodio-1-e-proibido-fazer-sexo\/\" rel=\"nofollow noopener\" target=\"_blank\"><\/p>\n<p>        <img src=\"https:\/\/www.europesays.com\/pt\/wp-content\/uploads\/2026\/01\/thumbnail-a-seita-do-yoga.jpg\" alt=\"\" loading=\"lazy\" decoding=\"async\" class=\"alignnone\" onload=\"this.parentElement.classList.remove('spinner')\" onerror=\"this.parentElement.classList.remove('spinner')\" width=\"770\" height=\"433\"\/>    <\/p>\n<p><\/a><\/p>\n","protected":false},"excerpt":{"rendered":"Acompanhe o nosso artigo em direto sobre o mau tempo Um pouco por todo o pa\u00eds, desde um&hellip;\n","protected":false},"author":2,"featured_media":251384,"comment_status":"","ping_status":"","sticky":false,"template":"","format":"standard","meta":{"footnotes":"","_share_on_mastodon":"0"},"categories":[10],"tags":[964,27,28,442,1911,1431,15,16,47063,14,25,26,5423,797,21,22,606,1009,12,13,19,20,57,6614,32,23,24,33,58,6543,17,18,16635,37130,29,30,31,20747,8721,1071],"class_list":["post-251383","post","type-post","status-publish","format-standard","has-post-thumbnail","category-portugal","tag-ambiente","tag-breaking-news","tag-breakingnews","tag-ciu00eancia","tag-coimbra","tag-desastres-naturais","tag-featured-news","tag-featurednews","tag-guimaru00e3es","tag-headlines","tag-latest-news","tag-latestnews","tag-leiria","tag-lisboa","tag-main-news","tag-mainnews","tag-meteorologia","tag-natureza","tag-news","tag-noticias","tag-noticias-principais","tag-noticiasprincipais","tag-pau00eds","tag-peniche","tag-portugal","tag-principais-noticias","tag-principaisnoticias","tag-pt","tag-sociedade","tag-solidariedade","tag-top-stories","tag-topstories","tag-u00c9vora","tag-u00d3bidos","tag-ultimas","tag-ultimas-noticias","tag-ultimasnoticias","tag-vila-franca-de-xira","tag-viseu","tag-voluntariado"],"share_on_mastodon":{"url":"","error":"Validation failed: Text character limit of 500 exceeded"},"_links":{"self":[{"href":"https:\/\/www.europesays.com\/pt\/wp-json\/wp\/v2\/posts\/251383","targetHints":{"allow":["GET"]}}],"collection":[{"href":"https:\/\/www.europesays.com\/pt\/wp-json\/wp\/v2\/posts"}],"about":[{"href":"https:\/\/www.europesays.com\/pt\/wp-json\/wp\/v2\/types\/post"}],"author":[{"embeddable":true,"href":"https:\/\/www.europesays.com\/pt\/wp-json\/wp\/v2\/users\/2"}],"replies":[{"embeddable":true,"href":"https:\/\/www.europesays.com\/pt\/wp-json\/wp\/v2\/comments?post=251383"}],"version-history":[{"count":0,"href":"https:\/\/www.europesays.com\/pt\/wp-json\/wp\/v2\/posts\/251383\/revisions"}],"wp:featuredmedia":[{"embeddable":true,"href":"https:\/\/www.europesays.com\/pt\/wp-json\/wp\/v2\/media\/251384"}],"wp:attachment":[{"href":"https:\/\/www.europesays.com\/pt\/wp-json\/wp\/v2\/media?parent=251383"}],"wp:term":[{"taxonomy":"category","embeddable":true,"href":"https:\/\/www.europesays.com\/pt\/wp-json\/wp\/v2\/categories?post=251383"},{"taxonomy":"post_tag","embeddable":true,"href":"https:\/\/www.europesays.com\/pt\/wp-json\/wp\/v2\/tags?post=251383"}],"curies":[{"name":"wp","href":"https:\/\/api.w.org\/{rel}","templated":true}]}}