{"id":25144,"date":"2025-08-11T17:12:12","date_gmt":"2025-08-11T17:12:12","guid":{"rendered":"https:\/\/www.europesays.com\/pt\/25144\/"},"modified":"2025-08-11T17:12:12","modified_gmt":"2025-08-11T17:12:12","slug":"o-meu-futuro-sera-decidido-no-momento-certo-sempre-com-total-respeito-pelo-palmeiras","status":"publish","type":"post","link":"https:\/\/www.europesays.com\/pt\/25144\/","title":{"rendered":"\u00abO meu futuro ser\u00e1 decidido no momento certo, sempre com total respeito pelo Palmeiras\u00bb"},"content":{"rendered":"<p>Apesar da vit\u00f3ria frente ao <a target=\"_black\" style=\"font-weight: bold;\" href=\"https:\/\/www.zerozero.pt\/equipa\/ceara\" rel=\"nofollow noopener\">Cear\u00e1<\/a>, a noite de domingo voltou a ter a elimina\u00e7\u00e3o do <a target=\"_black\" style=\"font-weight: bold;\" href=\"https:\/\/www.zerozero.pt\/equipa\/palmeiras\" rel=\"nofollow noopener\">Palmeiras<\/a> na Copa do Brasil (derrota por <a href=\"https:\/\/www.zerozero.pt\/jogo\/2025-08-07-palmeiras-corinthians\/11026748\" target=\"_blank\" rel=\"nofollow noopener\"><strong>0-2<\/strong><\/a> com o Corinthians na quinta-feira) como tema. <a target=\"_black\" style=\"font-weight: bold;\" href=\"https:\/\/www.zerozero.pt\/treinador\/abel-ferreira\/7003\" rel=\"nofollow noopener\">Abel Ferreira<\/a> falou dos insultos de quem tem sido alvo, pelo ponto de vista das filhas.<\/p>\n<p>Veja Tamb\u00e9m<\/p>\n<p>\u00abQuando chegar a casa, as minhas filhas v\u00e3o perguntar o que se passou. Hoje correu tudo bem, mas \u00e9 dif\u00edcil justificar o que se passou h\u00e1 tr\u00eas ou quatro dias. Est\u00e3o aqui comigo j\u00e1 h\u00e1 muito tempo e \u00e9 dif\u00edcil explicar-lhes por que o pai foi insultado pelos adeptos. Quando o pai ganha \u00e9 do Palmeiras e quando perde \u00e9 delas\u00bb, disse, em confer\u00eancia de imprensa.<\/p>\n<p>Outro dos temas foi uma eventual sa\u00edda, e esse come\u00e7ou a ser abordado com elogios a <a target=\"_black\" style=\"font-weight: bold;\" href=\"https:\/\/www.zerozero.pt\/dirigente.php?id=5275\" rel=\"nofollow noopener\">Leila Pereira<\/a>, presidente do Palmeiras:<\/p>\n<p>\u00abTenho muita sorte em ter uma presidente como a Leila. N\u00e3o \u00e9 por acaso que todas as empresas dela\u00a0t\u00eam sucesso. Ela sabe muito bem que o futebol baseia-se nos resultados, mas tamb\u00e9m sabe quem trabalha com ela. H\u00e1 muitas outras coisas que voc\u00eas n\u00e3o veem.\u00bb<\/p>\n<p>\u00abComo j\u00e1 disse v\u00e1rias vezes, tenho um carinho muito grande pelos adeptos e pelo Palmeiras. Jamais serei um problema dentro do Palmeiras. Temos um hist\u00f3rico juntos e respeito m\u00fatuo entre mim e os adeptos. S\u00e3o 20 milh\u00f5es de adeptos, ganhamos e perdemos juntos. Mas quero que saibam que o meu foco \u00e9 pelos jogadores, pelo clube e por esta camisola. Isto \u00e9 o mais importante. O meu futuro ser\u00e1 decidido no momento certo, sempre com total e m\u00e1ximo respeito por aquilo que for melhor para o Palmeiras\u00bb, atirou.<\/p>\n<p><a href=\"https:\/\/www.zerozero.pt\/transfers.php\" rel=\"nofollow noopener\" target=\"_blank\"><img decoding=\"async\" src=\"https:\/\/www.zerozero.pt\/img\/banner_feed.svg?v=1754926479\" alt=\"\" class=\"w-full\"\/><\/a><\/p>\n","protected":false},"excerpt":{"rendered":"Apesar da vit\u00f3ria frente ao Cear\u00e1, a noite de domingo voltou a ter a elimina\u00e7\u00e3o do Palmeiras na&hellip;\n","protected":false},"author":2,"featured_media":25145,"comment_status":"","ping_status":"","sticky":false,"template":"","format":"standard","meta":{"footnotes":""},"categories":[87],"tags":[135,526,524,13,32,33,527,525,134,523],"class_list":{"0":"post-25144","1":"post","2":"type-post","3":"status-publish","4":"format-standard","5":"has-post-thumbnail","7":"category-desporto","8":"tag-desporto","9":"tag-football","10":"tag-futebol","11":"tag-noticias","12":"tag-portugal","13":"tag-pt","14":"tag-resultados","15":"tag-soccer","16":"tag-sports","17":"tag-zerozero"},"share_on_mastodon":{"url":"","error":""},"_links":{"self":[{"href":"https:\/\/www.europesays.com\/pt\/wp-json\/wp\/v2\/posts\/25144","targetHints":{"allow":["GET"]}}],"collection":[{"href":"https:\/\/www.europesays.com\/pt\/wp-json\/wp\/v2\/posts"}],"about":[{"href":"https:\/\/www.europesays.com\/pt\/wp-json\/wp\/v2\/types\/post"}],"author":[{"embeddable":true,"href":"https:\/\/www.europesays.com\/pt\/wp-json\/wp\/v2\/users\/2"}],"replies":[{"embeddable":true,"href":"https:\/\/www.europesays.com\/pt\/wp-json\/wp\/v2\/comments?post=25144"}],"version-history":[{"count":0,"href":"https:\/\/www.europesays.com\/pt\/wp-json\/wp\/v2\/posts\/25144\/revisions"}],"wp:featuredmedia":[{"embeddable":true,"href":"https:\/\/www.europesays.com\/pt\/wp-json\/wp\/v2\/media\/25145"}],"wp:attachment":[{"href":"https:\/\/www.europesays.com\/pt\/wp-json\/wp\/v2\/media?parent=25144"}],"wp:term":[{"taxonomy":"category","embeddable":true,"href":"https:\/\/www.europesays.com\/pt\/wp-json\/wp\/v2\/categories?post=25144"},{"taxonomy":"post_tag","embeddable":true,"href":"https:\/\/www.europesays.com\/pt\/wp-json\/wp\/v2\/tags?post=25144"}],"curies":[{"name":"wp","href":"https:\/\/api.w.org\/{rel}","templated":true}]}}