{"id":25179,"date":"2025-08-11T17:37:17","date_gmt":"2025-08-11T17:37:17","guid":{"rendered":"https:\/\/www.europesays.com\/pt\/25179\/"},"modified":"2025-08-11T17:37:17","modified_gmt":"2025-08-11T17:37:17","slug":"ultima-hora-ha-um-concorrente-que-quer-desistir-do-big-brother-verao-tvi","status":"publish","type":"post","link":"https:\/\/www.europesays.com\/pt\/25179\/","title":{"rendered":"\u00daltima Hora! H\u00e1 um concorrente que quer desistir do Big Brother Ver\u00e3o &#8211; TVI"},"content":{"rendered":"<ol>\n<li><a href=\"https:\/\/news.google.com\/rss\/articles\/CBMiygFBVV95cUxONDNyY185bjRFMnNrRnhOaUV3ZUNDX1MzczNLN0pQSHpacXZPMlU5YTlKNFZYQjloSGtBR0k2cXY0X3RMU3pwS3UxLTFNaGszN2gtZGdzemhoVzZYaFl6Z0RQYy1NWWllOGJycDlUeThpd0k0bkJ4U2N4MkVjQUhwOE81ZW1NUlFaaTRZSTFRbWJjSWhoa1d3RDJxaUo3eHB6WmtHSUREeG90NTQ2MzhlekpMOE9qaDNvemc0NTRabGVDaldBeDhCYklB?oc=5\" target=\"_blank\" rel=\"nofollow noopener\">\u00daltima Hora! H\u00e1 um concorrente que quer desistir do Big Brother Ver\u00e3o<\/a>&nbsp;&nbsp;TVI<\/li>\n<li><a href=\"https:\/\/news.google.com\/rss\/articles\/CBMilgFBVV95cUxONTdkakJKZlRCRF9Rc3N1U1F0bThrd3Y4cEk0NnZ0OE1YeUptdU43SWdtMEZsSUlLZm51WHpGMnhoY18yQVJZckRsMnplQjh3S2IwWTNyMHNWNXhKQUtPWGI1TEJpX21JNkNtclNPSkRiWm5ENG9CUmJkcGZLdF8xNUUyUHp5dHZmYl9aSmRUb2JKZU5sSnc?oc=5\" target=\"_blank\" rel=\"nofollow noopener\">Big Brother Ver\u00e3o: compras de Catarina Miranda geram revolta e \u201cvermelhos\u201d<\/a>&nbsp;&nbsp;infocul.pt<\/li>\n<li><a href=\"https:\/\/news.google.com\/rss\/articles\/CBMinAFBVV95cUxQdGxNeVNodjd2Q3c5OHQxQnV6UnlPSDlBblFaWjNvQjdtSnpvX0swS1ZDQXN5V2NhMEg5WWFQdlBDOHlIVnVQYmozMXFTUG9MZzJtWlp0a205bTJfLUNqOUt3bk5qakpUamItNER1YjJjQ1lfRHhCWnpwb3JMYWNpc0w2MF9pLUJNcDhFbDVXdVA4SjFiWElYdzZ5Q27SAaIBQVVfeXFMTklPbVBoQk84S0IzVGV5SnNCaUJOTUtiMlhFWFRHOHhiemtVSzU0RVVRa1BUSjZsQWplT21HQ2hZMG1PdnF1empjUl8weGdpVy1jekx3bV9jclFQXzgyUmVic0hUVkhqTWVuRU83MDhPbWd2LTlfY0hZRDVXNGpkTjBoMGVKbWFuQUt2S2lDVFlHcEVKekJJNVozN2t0X01KTEp3?oc=5\" target=\"_blank\" rel=\"nofollow noopener\">Kina faz confiss\u00e3o e pede desculpa: &#8220;N\u00e3o me revejo no dia de ontem&#8230;&#8221;<\/a>&nbsp;&nbsp;A Televis\u00e3o<\/li>\n<li><a href=\"https:\/\/news.google.com\/rss\/articles\/CBMi1gFBVV95cUxPM25MX2tiQzhwek5pQzdzdDVSVmtNYzBSdU9EYURYQXoyY0I4VTlDX0ktTURWd210cW5ZMlFDZG85aXIzZGlVSS1nYWRtZVBCLW5hVlFiNngyOW1JS2g5YnQ5dnp3ZmRhRkFyNkpJazM5V1drZ0hDd1VxN3FRSXlhRzJ1eVNlcTBTaDRxWTFMUlBjZzAwWnNtZEU1ZnEwTW9HeEk1WURSNmdBeTRFczZOMnZFMkVBcFVqZkhrU3NnUG9mcFNvVHJUUlA0cGFmMWNMVGpyYi1R?oc=5\" target=\"_blank\" rel=\"nofollow noopener\">Manh\u00e3 de cr\u00edticas e elogios: Catarina Miranda arrasa comportamento de Kina<\/a>&nbsp;&nbsp;MSN<\/li>\n<li><a href=\"https:\/\/news.google.com\/rss\/articles\/CBMie0FVX3lxTFByUk1jRGViMS1GMTVveTRzbXNSTmlUc2wzSXlPNTdwS0UwZ2ZUNy00VGJ0QmNCLXkwNDNwcG5yOVRSQk5YRm9EUmlYTHBOaWY4NXZtTkVUVkViY1ZvaFhMZThPZzU5SV9FQ2twZmtLaDZOTTFubWVMYXhpQQ?oc=5\" target=\"_blank\" rel=\"nofollow noopener\">Catarina Miranda e Kina &#8216;juntas&#8217; e o alvo \u00e9 Afonso<\/a>&nbsp;&nbsp;Dioguinho<\/li>\n<\/ol>\n","protected":false},"excerpt":{"rendered":"\u00daltima Hora! H\u00e1 um concorrente que quer desistir do Big Brother Ver\u00e3o&nbsp;&nbsp;TVI Big Brother Ver\u00e3o: compras de Catarina&hellip;\n","protected":false},"author":2,"featured_media":25180,"comment_status":"","ping_status":"","sticky":false,"template":"","format":"standard","meta":{"footnotes":""},"categories":[142],"tags":[331,48,329,333,328,335,336,114,115,334,332,330,13,32,33,151,162,227],"class_list":{"0":"post-25179","1":"post","2":"type-post","3":"status-publish","4":"format-standard","5":"has-post-thumbnail","7":"category-tv","8":"tag-big","9":"tag-big-brother","10":"tag-claudio-ramos","11":"tag-comentadores","12":"tag-concorrentes","13":"tag-confrontos","14":"tag-discussoes","15":"tag-entertainment","16":"tag-entretenimento","17":"tag-exclusivos","18":"tag-expulso","19":"tag-gala","20":"tag-noticias","21":"tag-portugal","22":"tag-pt","23":"tag-tv","24":"tag-tvi","25":"tag-videos"},"share_on_mastodon":{"url":"","error":""},"_links":{"self":[{"href":"https:\/\/www.europesays.com\/pt\/wp-json\/wp\/v2\/posts\/25179","targetHints":{"allow":["GET"]}}],"collection":[{"href":"https:\/\/www.europesays.com\/pt\/wp-json\/wp\/v2\/posts"}],"about":[{"href":"https:\/\/www.europesays.com\/pt\/wp-json\/wp\/v2\/types\/post"}],"author":[{"embeddable":true,"href":"https:\/\/www.europesays.com\/pt\/wp-json\/wp\/v2\/users\/2"}],"replies":[{"embeddable":true,"href":"https:\/\/www.europesays.com\/pt\/wp-json\/wp\/v2\/comments?post=25179"}],"version-history":[{"count":0,"href":"https:\/\/www.europesays.com\/pt\/wp-json\/wp\/v2\/posts\/25179\/revisions"}],"wp:featuredmedia":[{"embeddable":true,"href":"https:\/\/www.europesays.com\/pt\/wp-json\/wp\/v2\/media\/25180"}],"wp:attachment":[{"href":"https:\/\/www.europesays.com\/pt\/wp-json\/wp\/v2\/media?parent=25179"}],"wp:term":[{"taxonomy":"category","embeddable":true,"href":"https:\/\/www.europesays.com\/pt\/wp-json\/wp\/v2\/categories?post=25179"},{"taxonomy":"post_tag","embeddable":true,"href":"https:\/\/www.europesays.com\/pt\/wp-json\/wp\/v2\/tags?post=25179"}],"curies":[{"name":"wp","href":"https:\/\/api.w.org\/{rel}","templated":true}]}}