{"id":251831,"date":"2026-01-31T20:41:08","date_gmt":"2026-01-31T20:41:08","guid":{"rendered":"https:\/\/www.europesays.com\/pt\/251831\/"},"modified":"2026-01-31T20:41:08","modified_gmt":"2026-01-31T20:41:08","slug":"um-desaparecido-em-naufragio-no-rio-douro","status":"publish","type":"post","link":"https:\/\/www.europesays.com\/pt\/251831\/","title":{"rendered":"Um desaparecido em naufr\u00e1gio no Rio Douro"},"content":{"rendered":"<p>&#13;<br \/>\nNo local est\u00e3o a Pol\u00edcia Mar\u00edtima, os Sapadores do Porto, o INEM e os Bombeiros Volunt\u00e1rios do Porto.&#13;\n<\/p>\n<p>&#13;<br \/>\nA capitania do Porto de Douro e Leix\u00f5es acionou de imediato equipas de mergulho cujos esfor\u00e7os, pelas 17h00, se mantinham infrut\u00edferos.\u00a0&#13;\n<\/p>\n<p>&#13;<br \/>\nPediu ainda ajuda de meios a\u00e9reos da For\u00e7a A\u00e9rea para ajudar nas buscas.&#13;\n<\/p>\n<p>&#8220;<b>Empenhamos tamb\u00e9m um helic\u00f3ptero, porque as condi\u00e7\u00f5es de buscas da superf\u00edcie s\u00e3o bastante agressivas<\/b>&#8220;, devido aos caudais &#8220;de grande intensidade&#8221; do Douro, explicou Pedro Cervaens Costa, da Capitania do Porto do Douro e Leix\u00f5es, ao rep\u00f3rter da RTP Rui S\u00e1.<br \/>\n          <img decoding=\"async\" itemprop=\"image\" class=\"img-fluid\"   src=\"https:\/\/www.europesays.com\/pt\/wp-content\/uploads\/2026\/01\/69a2ce6138a335ff5b282a6651254dab_N.jpg\"\/><\/p>\n<p>&#8220;H\u00e1 muito lixo no rio tamb\u00e9m&#8221;, acrescentou, o que &#8220;aporta algum risco&#8221; \u00e0s equipas de busca de superf\u00edcie.O sobrevivente do naufr\u00e1gio est\u00e1 &#8220;est\u00e1vel&#8221; mas &#8220;muito perturbado com o que se passou&#8221;.<\/p>\n<p>&#13;<br \/>\n<br \/>&#13;<br \/>\nUma testemunha do incidente descreveu \u00e0 RTP tentativas de liberta\u00e7\u00e3o do barco preso numa &#8220;ilha de vegeta\u00e7\u00e3o&#8221;, adiantando que <b>o barco acabou por se virar &#8220;talvez devido \u00e0 for\u00e7a da corrente&#8221;, afundando &#8220;logo&#8221;.<\/b>&#13;\n<\/p>\n<p>&#13;<br \/>\nUm dos tripulantes conseguiu nadar &#8220;200 metros&#8221; at\u00e9 \u00e0 margem e saiu. &#8220;O outro estava bastante aflito, estava mesmo no meio da corrente e desapareceu depois de algum tempo&#8221;, referiu ainda a testemunha.&#13;\n<\/p>\n<p>&#13;<br \/>\nA capitania lembrou que <b>j\u00e1 emitiu um aviso a interditar a navega\u00e7\u00e3o do Douro &#8220;a embarca\u00e7\u00f5es inferiores a 12 metros&#8221;<\/b>, chamando a aten\u00e7\u00e3o para os caudais fortes que o rio Douro tem registado nos \u00faltimos dias, com perspetiva de agravamento e possibilidade de cheias, \u00e0 semelhan\u00e7a de outros rios a norte do Mondego.\u00a0&#13;\n<\/p>\n<p>&#13;<br \/>\n&#8220;\u00c9 por isso absolutamente desaconselhado haver embarca\u00e7\u00f5es no Rio Douro, nomeadamente de pequeno porte&#8221;, afirmou o respons\u00e1vel pela capitania.\u00a0&#13;\n<\/p>\n<p>&#13;<br \/>\nO tamanho da embarca\u00e7\u00e3o naufragada &#8220;ter\u00e1 ainda de ser apurado, mas h\u00e1 um aprobabilidade grande de ser inferior a 12 metros&#8221;, acrescentou.&#13;<\/p>\n","protected":false},"excerpt":{"rendered":"&#13; No local est\u00e3o a Pol\u00edcia Mar\u00edtima, os Sapadores do Porto, o INEM e os Bombeiros Volunt\u00e1rios do&hellip;\n","protected":false},"author":2,"featured_media":251832,"comment_status":"","ping_status":"","sticky":false,"template":"","format":"standard","meta":{"footnotes":"","_share_on_mastodon":"0"},"categories":[8],"tags":[27,28,4928,47166,15,16,14,25,26,21,22,2758,12,13,19,20,9699,32,23,24,33,3970,9415,17,18,29,30,31],"class_list":["post-251831","post","type-post","status-publish","format-standard","has-post-thumbnail","category-principais-noticias","tag-breaking-news","tag-breakingnews","tag-douro","tag-embarcacoes","tag-featured-news","tag-featurednews","tag-headlines","tag-latest-news","tag-latestnews","tag-main-news","tag-mainnews","tag-naufragio","tag-news","tag-noticias","tag-noticias-principais","tag-noticiasprincipais","tag-policia-maritima","tag-portugal","tag-principais-noticias","tag-principaisnoticias","tag-pt","tag-rio","tag-sapadores","tag-top-stories","tag-topstories","tag-ultimas","tag-ultimas-noticias","tag-ultimasnoticias"],"share_on_mastodon":{"url":"https:\/\/pubeurope.com\/@pt\/115991654209776496","error":""},"_links":{"self":[{"href":"https:\/\/www.europesays.com\/pt\/wp-json\/wp\/v2\/posts\/251831","targetHints":{"allow":["GET"]}}],"collection":[{"href":"https:\/\/www.europesays.com\/pt\/wp-json\/wp\/v2\/posts"}],"about":[{"href":"https:\/\/www.europesays.com\/pt\/wp-json\/wp\/v2\/types\/post"}],"author":[{"embeddable":true,"href":"https:\/\/www.europesays.com\/pt\/wp-json\/wp\/v2\/users\/2"}],"replies":[{"embeddable":true,"href":"https:\/\/www.europesays.com\/pt\/wp-json\/wp\/v2\/comments?post=251831"}],"version-history":[{"count":0,"href":"https:\/\/www.europesays.com\/pt\/wp-json\/wp\/v2\/posts\/251831\/revisions"}],"wp:featuredmedia":[{"embeddable":true,"href":"https:\/\/www.europesays.com\/pt\/wp-json\/wp\/v2\/media\/251832"}],"wp:attachment":[{"href":"https:\/\/www.europesays.com\/pt\/wp-json\/wp\/v2\/media?parent=251831"}],"wp:term":[{"taxonomy":"category","embeddable":true,"href":"https:\/\/www.europesays.com\/pt\/wp-json\/wp\/v2\/categories?post=251831"},{"taxonomy":"post_tag","embeddable":true,"href":"https:\/\/www.europesays.com\/pt\/wp-json\/wp\/v2\/tags?post=251831"}],"curies":[{"name":"wp","href":"https:\/\/api.w.org\/{rel}","templated":true}]}}