{"id":25188,"date":"2025-08-11T17:45:39","date_gmt":"2025-08-11T17:45:39","guid":{"rendered":"https:\/\/www.europesays.com\/pt\/25188\/"},"modified":"2025-08-11T17:45:39","modified_gmt":"2025-08-11T17:45:39","slug":"varios-mortos-em-ataques-noturnos-entre-a-ucrania-e-a-russia","status":"publish","type":"post","link":"https:\/\/www.europesays.com\/pt\/25188\/","title":{"rendered":"V\u00e1rios mortos em ataques noturnos entre a Ucr\u00e2nia e a R\u00fassia"},"content":{"rendered":"<p>          <img decoding=\"async\" class=\"c-ad__placeholder__logo\" src=\"https:\/\/static.euronews.com\/website\/images\/logos\/logo-euronews-stacked-outlined-72x72-grey-9.svg\" width=\"72\" height=\"72\" alt=\"\" loading=\"lazy\"\/><br \/>\n          PUBLICIDADE<\/p>\n<p>V\u00e1rias regi\u00f5es da Ucr\u00e2nia foram atingidas por drones russos durante a noite de domingo, informaram as autoridades regionais.<\/p>\n<p>Pelo menos uma pessoa foi morta na regi\u00e3o de Donetsk, depois de dois ataques russos terem atingido a cidade de Druzhkivka na manh\u00e3 de domingo. Duas outras pessoas ficaram feridas, segundo a pol\u00edcia local.<\/p>\n<p>A pol\u00edcia disse que pelo menos cinco casas e dois ve\u00edculos foram danificados no ataque.<\/p>\n<p>Outro ataque atingiu o edif\u00edcio da Administra\u00e7\u00e3o Militar de Sumy, disse o seu chefe Oleh Hryhorov num post no Telegram. N\u00e3o foram registados feridos.<\/p>\n<p>Em Dnipropetrovsk, v\u00e1rios comboios foram cancelados no domingo depois de as for\u00e7as russas terem atacado uma esta\u00e7\u00e3o de comboios em Synelnykove, de acordo com o presidente do operador ferrovi\u00e1rio estatal.<\/p>\n<p>A For\u00e7a A\u00e9rea da Ucr\u00e2nia afirmou que a R\u00fassia lan\u00e7ou 100 drones durante a noite, 70 dos quais foram destru\u00eddos pelas defesas a\u00e9reas.<\/p>\n<p>Drone ucraniano danifica instala\u00e7\u00e3o industrial russa<\/p>\n<p>Uma pessoa foi morta na regi\u00e3o russa de Saratov depois de um drone ucraniano ter atingido uma instala\u00e7\u00e3o industrial russa, danificando tamb\u00e9m v\u00e1rios apartamentos na zona.<\/p>\n<p>O governador regional de Saratov, Roman Busargin, publicou no Telegram que os residentes foram evacuados de tr\u00eas apartamentos danificados pelos destro\u00e7os do drone.<\/p>\n<p>As unidades de defesa a\u00e9rea russas destru\u00edram 121 drones ucranianos durante a noite, incluindo oito sobre a regi\u00e3o de Saratov, informou o Minist\u00e9rio da Defesa.<\/p>\n<p>Os meios de comunica\u00e7\u00e3o social locais informaram que o ataque dos drones ucranianos provocou um grande inc\u00eandio e explos\u00f5es numa refinaria de petr\u00f3leo de Saratov.<\/p>\n<p>Entretanto, o Estado-Maior das For\u00e7as Armadas da Ucr\u00e2nia informou que as for\u00e7as ucranianas tinham recapturado a aldeia de Bezsalivka em Sumy, na fronteira com a R\u00fassia.<\/p>\n<p>Bezsalivka situa-se a cerca de 30 quil\u00f3metros a oeste dos pesados combates na linha da frente de Sumy, onde as tropas russas avan\u00e7am em dire\u00e7\u00e3o \u00e0 capital regional.<\/p>\n<p>A R\u00fassia continua a avan\u00e7ar mais profundamente em Sumy, mais de dois meses depois de ter aberto uma nova frente no nordeste do pa\u00eds.<\/p>\n<p>&#8220;O fim da guerra tem de ser justo&#8221;, afirma Zelenskyy<\/p>\n<p>O presidente ucraniano, Volodymyr Zelenskyy, partilhou o seu apoio a uma declara\u00e7\u00e3o conjunta emitida pelos l\u00edderes europeus sobre a paz na Ucr\u00e2nia numa publica\u00e7\u00e3o nas redes sociais no domingo.<\/p>\n<p>A <a href=\"https:\/\/ec.europa.eu\/commission\/presscorner\/detail\/en\/statement_25_1952\" target=\"_blank\" rel=\"noreferrer nofollow noopener\">declara\u00e7\u00e3o de<\/a> s\u00e1bado, assinada pela Presidente da Comiss\u00e3o Europeia e pelos l\u00edderes da Fran\u00e7a, Alemanha, It\u00e1lia, Pol\u00f3nia, Finl\u00e2ndia e Reino Unido, sublinhava a necessidade de uma &#8220;paz justa e duradoura&#8221; para Kiev, incluindo garantias de seguran\u00e7a &#8220;s\u00f3lidas e cred\u00edveis&#8221;.<\/p>\n<p>&#8220;A Ucr\u00e2nia tem a liberdade de escolher o seu pr\u00f3prio destino. A Ucr\u00e2nia tem liberdade de escolha sobre o seu pr\u00f3prio destino e as negocia\u00e7\u00f5es s\u00f3 podem ter lugar no contexto de um cessar-fogo ou de uma redu\u00e7\u00e3o das hostilidades&#8221;, afirma a declara\u00e7\u00e3o.<\/p>\n<p>&#8220;O caminho para a paz na Ucr\u00e2nia n\u00e3o pode ser decidido sem a Ucr\u00e2nia. Continuamos empenhados no princ\u00edpio de que as fronteiras internacionais n\u00e3o podem ser alteradas pela for\u00e7a&#8221;, acrescentaram os europeus.<\/p>\n<p>A declara\u00e7\u00e3o surge antes das conversa\u00e7\u00f5es planeadas entre o presidente russo, Vladimir Putin, e o Presidente dos EUA, Donald Trump, no Alasca, na sexta-feira.<\/p>\n<p>A Casa Branca j\u00e1 tinha confirmado que Trump estava disposto a conceder a Putin a reuni\u00e3o individual que a R\u00fassia h\u00e1 muito exige e sugeriu que um acordo de paz poderia incluir &#8220;alguma troca de territ\u00f3rios&#8221;, levantando receios de que Kiev possa ser pressionada a ceder terras ou a aceitar outras restri\u00e7\u00f5es \u00e0 sua soberania.<\/p>\n<p>Um funcion\u00e1rio da Casa Branca, que falou sob condi\u00e7\u00e3o de anonimato, uma vez que n\u00e3o est\u00e1 autorizado a falar publicamente, disse que Trump continua aberto a uma cimeira trilateral com os l\u00edderes russo e ucraniano, mas que, por enquanto, ter\u00e1 uma reuni\u00e3o bilateral, tal como solicitado por Putin.<\/p>\n","protected":false},"excerpt":{"rendered":"PUBLICIDADE V\u00e1rias regi\u00f5es da Ucr\u00e2nia foram atingidas por drones russos durante a noite de domingo, informaram as autoridades&hellip;\n","protected":false},"author":2,"featured_media":25189,"comment_status":"","ping_status":"","sticky":false,"template":"","format":"standard","meta":{"footnotes":""},"categories":[50],"tags":[27,28,15,16,889,14,6390,25,26,21,22,62,12,13,19,20,23,24,17,18,29,30,31,636,8478,63,64,65],"class_list":{"0":"post-25188","1":"post","2":"type-post","3":"status-publish","4":"format-standard","5":"has-post-thumbnail","7":"category-mundo","8":"tag-breaking-news","9":"tag-breakingnews","10":"tag-featured-news","11":"tag-featurednews","12":"tag-guerra-na-ucrania","13":"tag-headlines","14":"tag-invasao-da-ucrania-pela-russia","15":"tag-latest-news","16":"tag-latestnews","17":"tag-main-news","18":"tag-mainnews","19":"tag-mundo","20":"tag-news","21":"tag-noticias","22":"tag-noticias-principais","23":"tag-noticiasprincipais","24":"tag-principais-noticias","25":"tag-principaisnoticias","26":"tag-top-stories","27":"tag-topstories","28":"tag-ultimas","29":"tag-ultimas-noticias","30":"tag-ultimasnoticias","31":"tag-uniao-europeia","32":"tag-volodymyr-zelenskyy","33":"tag-world","34":"tag-world-news","35":"tag-worldnews"},"share_on_mastodon":{"url":"","error":""},"_links":{"self":[{"href":"https:\/\/www.europesays.com\/pt\/wp-json\/wp\/v2\/posts\/25188","targetHints":{"allow":["GET"]}}],"collection":[{"href":"https:\/\/www.europesays.com\/pt\/wp-json\/wp\/v2\/posts"}],"about":[{"href":"https:\/\/www.europesays.com\/pt\/wp-json\/wp\/v2\/types\/post"}],"author":[{"embeddable":true,"href":"https:\/\/www.europesays.com\/pt\/wp-json\/wp\/v2\/users\/2"}],"replies":[{"embeddable":true,"href":"https:\/\/www.europesays.com\/pt\/wp-json\/wp\/v2\/comments?post=25188"}],"version-history":[{"count":0,"href":"https:\/\/www.europesays.com\/pt\/wp-json\/wp\/v2\/posts\/25188\/revisions"}],"wp:featuredmedia":[{"embeddable":true,"href":"https:\/\/www.europesays.com\/pt\/wp-json\/wp\/v2\/media\/25189"}],"wp:attachment":[{"href":"https:\/\/www.europesays.com\/pt\/wp-json\/wp\/v2\/media?parent=25188"}],"wp:term":[{"taxonomy":"category","embeddable":true,"href":"https:\/\/www.europesays.com\/pt\/wp-json\/wp\/v2\/categories?post=25188"},{"taxonomy":"post_tag","embeddable":true,"href":"https:\/\/www.europesays.com\/pt\/wp-json\/wp\/v2\/tags?post=25188"}],"curies":[{"name":"wp","href":"https:\/\/api.w.org\/{rel}","templated":true}]}}