{"id":252399,"date":"2026-02-01T10:25:09","date_gmt":"2026-02-01T10:25:09","guid":{"rendered":"https:\/\/www.europesays.com\/pt\/252399\/"},"modified":"2026-02-01T10:25:09","modified_gmt":"2026-02-01T10:25:09","slug":"microsoft-reduz-copilot-no-windows-11-apos-queixas-de-utilizadores","status":"publish","type":"post","link":"https:\/\/www.europesays.com\/pt\/252399\/","title":{"rendered":"Microsoft reduz Copilot no Windows 11 ap\u00f3s queixas de utilizadores"},"content":{"rendered":"<p>A IA tem sido uma promessa para o Windows 11, com v\u00e1rias integra\u00e7\u00f5es. No entanto, e segundo informa\u00e7\u00f5es, a Microsoft est\u00e1 a rever a sua estrat\u00e9gia de \u201cIA em todo o lado\u201d no Windows 11. Isto, repensando as integra\u00e7\u00f5es do Copilot e funcionalidades controversas como o Windows Recall.<\/p>\n<p><a target=\"_blank\" href=\"https:\/\/pplware.sapo.pt\/wp-content\/uploads\/2024\/06\/windows_11_ia_copilot_1.jpg\" onclick=\"refreshIframe()\" class=\"foobox\" rel=\"nofollow noopener\"><img fetchpriority=\"high\" decoding=\"async\" src=\"https:\/\/www.europesays.com\/pt\/wp-content\/uploads\/2026\/02\/windows_11_ia_copilot_1-1024x576.jpg\" alt=\"Windows 11 Copilot IA Microsoft\" width=\"720\" height=\"405\" class=\"aligncenter size-large wp-image-998340\"  \/><\/a>\n<\/p>\n<p>Microsoft reduz Copilot no Windows 11<\/p>\n<p>A Microsoft parece estar a repensar a sua estrat\u00e9gia de integrar massivamente intelig\u00eancia artificial no Windows 11, ap\u00f3s ter recebido cr\u00edticas da comunidade de utilizadores. N\u00e3o s\u00f3 os utilizadores expressaram o seu descontentamento com as mudan\u00e7as na IA anunciadas para o Windows 11, como os programadores e veteranos do ecossistema Windows tamb\u00e9m criticaram esta estrat\u00e9gia nos \u00faltimos meses.<\/p>\n<p>Do que se sabe, a Microsoft est\u00e1 a rever quais as caracter\u00edsticas de IA que realmente fazem sentido no sistema operativo e quais as que geram mais rejei\u00e7\u00e3o do que valor. Algumas destas integra\u00e7\u00f5es podem ser removidas ou descartadas no futuro. O relat\u00f3rio indica que v\u00e1rias funcionalidades do Copilot no Windows 11 est\u00e3o atualmente em revis\u00e3o. <\/p>\n<p>Ao longo do \u00faltimo ano, a Microsoft o Copilot em aplica\u00e7\u00f5es importantes, como o Explorador de Ficheiros, o Bloco de Notas e o Paint. Para muitos, estas adi\u00e7\u00f5es n\u00e3o apresentaram uma utilidade clara e contribu\u00edram para uma sensa\u00e7\u00e3o geral de desorganiza\u00e7\u00e3o. A controv\u00e9rsia intensificou-se em novembro, quando Pavan Davuluri, presidente da Windows, afirmou que o sistema operativo iria evoluir para um \u201csistema agente \u201c. <\/p>\n<p><a target=\"_blank\" href=\"https:\/\/pplware.sapo.pt\/wp-content\/uploads\/2024\/09\/Copilot-IA-Windows-11.webp\" rel=\"nofollow noopener\"><img loading=\"lazy\" decoding=\"async\" src=\"https:\/\/www.europesays.com\/pt\/wp-content\/uploads\/2026\/02\/Copilot-IA-Windows-11-1024x576.webp.webp\" alt=\"Windows 11 Copilot IA Microsoft\" width=\"720\" height=\"405\" class=\"aligncenter size-large wp-image-1012496\"  \/><\/a><\/p>\n<p>Queixas de utilizadores levam \u00e0 mudan\u00e7a na IA<\/p>\n<p>A declara\u00e7\u00e3o gerou milhares de rea\u00e7\u00f5es negativas nas redes sociais, com a maioria dos utilizadores a rejeitar veementemente esta vis\u00e3o. Fontes indicam que a Microsoft est\u00e1 a abandonar a abordagem \u201cIA em todo o lado\u201d para se concentrar em caracter\u00edsticas que realmente acrescentam valor \u00e0 experi\u00eancia do Windows 11. <\/p>\n<p>Isto pode traduzir-se na remo\u00e7\u00e3o de algumas integra\u00e7\u00f5es e na descontinua\u00e7\u00e3o do Copilot em determinadas aplica\u00e7\u00f5es, simplificando a experi\u00eancia do utilizador. Outro ponto crucial desta an\u00e1lise \u00e9 o Windows Recall, uma das funcionalidades mais controversas. Desde o seu an\u00fancio, causou s\u00e9rias preocupa\u00e7\u00f5es com a privacidade e seguran\u00e7a, levando a Microsoft a adiar o lan\u00e7amento e a ativar op\u00e7\u00f5es para proteger os utilizadores. <\/p>\n<p>Segundo as informa\u00e7\u00f5es mais recentes, a empresa considera que o recurso falhou na sua forma atual, embora a evolu\u00e7\u00e3o do conceito no futuro, talvez at\u00e9 com uma mudan\u00e7a de nome, n\u00e3o esteja descartada. No entanto, isto n\u00e3o significa que todos os projetos de IA da Microsoft tenham sido cancelados; alguns recursos podem ser adiados, reformulados ou temporariamente suspensos enquanto a empresa ajusta a sua estrat\u00e9gia.<\/p>\n","protected":false},"excerpt":{"rendered":"A IA tem sido uma promessa para o Windows 11, com v\u00e1rias integra\u00e7\u00f5es. No entanto, e segundo informa\u00e7\u00f5es,&hellip;\n","protected":false},"author":2,"featured_media":252400,"comment_status":"","ping_status":"","sticky":false,"template":"","format":"standard","meta":{"footnotes":"","_share_on_mastodon":"0"},"categories":[84],"tags":[109,107,108,14698,414,906,32,33,105,103,104,106,110,1732],"class_list":["post-252399","post","type-post","status-publish","format-standard","has-post-thumbnail","category-ciencia-e-tecnologia","tag-ciencia","tag-ciencia-e-tecnologia","tag-cienciaetecnologia","tag-copilot","tag-ia","tag-microsoft","tag-portugal","tag-pt","tag-science","tag-science-and-technology","tag-scienceandtechnology","tag-technology","tag-tecnologia","tag-windows-11"],"share_on_mastodon":{"url":"https:\/\/pubeurope.com\/@pt\/115994894307544487","error":""},"_links":{"self":[{"href":"https:\/\/www.europesays.com\/pt\/wp-json\/wp\/v2\/posts\/252399","targetHints":{"allow":["GET"]}}],"collection":[{"href":"https:\/\/www.europesays.com\/pt\/wp-json\/wp\/v2\/posts"}],"about":[{"href":"https:\/\/www.europesays.com\/pt\/wp-json\/wp\/v2\/types\/post"}],"author":[{"embeddable":true,"href":"https:\/\/www.europesays.com\/pt\/wp-json\/wp\/v2\/users\/2"}],"replies":[{"embeddable":true,"href":"https:\/\/www.europesays.com\/pt\/wp-json\/wp\/v2\/comments?post=252399"}],"version-history":[{"count":0,"href":"https:\/\/www.europesays.com\/pt\/wp-json\/wp\/v2\/posts\/252399\/revisions"}],"wp:featuredmedia":[{"embeddable":true,"href":"https:\/\/www.europesays.com\/pt\/wp-json\/wp\/v2\/media\/252400"}],"wp:attachment":[{"href":"https:\/\/www.europesays.com\/pt\/wp-json\/wp\/v2\/media?parent=252399"}],"wp:term":[{"taxonomy":"category","embeddable":true,"href":"https:\/\/www.europesays.com\/pt\/wp-json\/wp\/v2\/categories?post=252399"},{"taxonomy":"post_tag","embeddable":true,"href":"https:\/\/www.europesays.com\/pt\/wp-json\/wp\/v2\/tags?post=252399"}],"curies":[{"name":"wp","href":"https:\/\/api.w.org\/{rel}","templated":true}]}}