{"id":252619,"date":"2026-02-01T14:36:35","date_gmt":"2026-02-01T14:36:35","guid":{"rendered":"https:\/\/www.europesays.com\/pt\/252619\/"},"modified":"2026-02-01T14:36:35","modified_gmt":"2026-02-01T14:36:35","slug":"assista-a-su-casa-mi-casa-documentario-sobre-o-tetra-do-corinthians","status":"publish","type":"post","link":"https:\/\/www.europesays.com\/pt\/252619\/","title":{"rendered":"Assista a &#8216;Su Casa, Mi Casa&#8217;, document\u00e1rio sobre o tetra do Corinthians"},"content":{"rendered":"<p class=\"w-full text-lg font-krub text-gray-500 leading-30\">O canal do Lance! no YouTube\u00a0publicou, neste s\u00e1bado (31), o document\u00e1rio &#8220;Su Casa, Mi Casa \u2014 Quando o Maracan\u00e3 virou territ\u00f3rio corintiano pela segunda vez&#8221;. O curta revisita a dram\u00e1tica final da Copa do Brasil de 2025 entre <a href=\"https:\/\/www.lance.com.br\/corinthians\" class=\"font-bold break-normal hover:underline\" style=\"color:var(--green-lance)\" rel=\"nofollow noopener\" target=\"_blank\">Corinthians<\/a> e <a href=\"https:\/\/www.lance.com.br\/vasco\" class=\"font-bold break-normal hover:underline\" style=\"color:var(--green-lance)\" rel=\"nofollow noopener\" target=\"_blank\">Vasco<\/a>. A produ\u00e7\u00e3o acompanha, com imagens in\u00e9ditas, os bastidores da cobertura jornal\u00edstica da decis\u00e3o, com os setoristas dos dois clubes vivendo cada detalhe da prepara\u00e7\u00e3o, da tens\u00e3o e do desfecho no Maracan\u00e3.<\/p>\n<p>continua ap\u00f3s a publicidade<\/p>\n<p class=\"w-full text-lg font-krub text-gray-500 leading-30\"><strong class=\"font-bold\">Assista ao document\u00e1rio completo no v\u00eddeo abaixo:<\/strong><\/p>\n<p class=\"w-full text-lg font-krub text-gray-500 leading-30\">Depois do empate sem gols no jogo de ida, em S\u00e3o Paulo, o Corinthians chegou desacreditado ao Rio de Janeiro, diante de um est\u00e1dio tomado por vasca\u00ednos embalados pelo sonho do primeiro t\u00edtulo nacional em quase 15 anos. Dentro de campo, por\u00e9m, o roteiro foi outro: Yuri Alberto abriu o placar, o Vasco reagiu e empatou, mas a equipe paulista manteve a frieza e voltou \u00e0 frente com Memphis Depay, garantindo mais um trof\u00e9u sobre o rival em uma final hist\u00f3rica.<\/p>\n<p class=\"w-full text-lg font-krub text-gray-500 leading-30\">O document\u00e1rio tamb\u00e9m resgata o peso simb\u00f3lico desse confronto decisivo, ao fazer men\u00e7\u00e3o, no t\u00edtulo, de outro encontro marcante entre as equipes, na final do Mundial de Clubes de 2000. Al\u00e9m disso, mostra a mobiliza\u00e7\u00e3o da torcida corintiana no Aero-Tim\u00e3o, a chegada da delega\u00e7\u00e3o ao Rio, a expectativa dos cruzmaltinos nas ruas e imagens exclusivas da arquibancada do Maracan\u00e3 durante a noite da decis\u00e3o.<\/p>\n<p>continua ap\u00f3s a publicidade<\/p>\n<p class=\"w-full text-lg font-krub text-gray-500 leading-30\">A produ\u00e7\u00e3o j\u00e1 est\u00e1 dispon\u00edvel no YouTube do Lance! e promete levar o torcedor para dentro de um dos cap\u00edtulos mais intensos da rivalidade recente entre Vasco e Corinthians.<\/p>\n<p><img alt=\"Jogadores com Corinthians com a ta\u00e7a da Copa do Brasil (Foto: Andr\u00c3\u00a9 Fabiano\/C\u00f3digo19\/Gazeta Press)\" loading=\"lazy\" width=\"850\" height=\"530\" decoding=\"async\" data-nimg=\"1\" class=\"rounded-lg w-full object-contain\" style=\"color:transparent\" src=\"https:\/\/www.europesays.com\/pt\/wp-content\/uploads\/2026\/02\/20251222-100240_2353512_3103-1920x1280.jpg\"\/>Jogadores com Corinthians com a ta\u00e7a da Copa do Brasil (Foto: Andr\u00c3\u00a9 Fabiano\/C\u00f3digo19\/Gazeta Press)<\/p>\n<p class=\"w-full text-lg font-krub text-gray-500 leading-30\">\u27a1\ufe0f<a href=\"https:\/\/profile.google.com\/cp\/CgovbS8wMnF3NHhu\" class=\"font-bold break-normal hover:underline\" style=\"color:var(--green-lance)\" target=\"_blank\" rel=\"nofollow,sponsored noopener\"><strong>Siga o Lance! no Google para saber tudo sobre o melhor do esporte brasileiro e mundial<\/strong><\/a><\/p>\n","protected":false},"excerpt":{"rendered":"O canal do Lance! no YouTube\u00a0publicou, neste s\u00e1bado (31), o document\u00e1rio &#8220;Su Casa, Mi Casa \u2014 Quando o&hellip;\n","protected":false},"author":2,"featured_media":252620,"comment_status":"","ping_status":"","sticky":false,"template":"","format":"standard","meta":{"footnotes":"","_share_on_mastodon":"0"},"categories":[140],"tags":[4894,7184,114,115,147,148,280,146,32,33],"class_list":["post-252619","post","type-post","status-publish","format-standard","has-post-thumbnail","category-filmes","tag-copa-do-brasil","tag-corinthians","tag-entertainment","tag-entretenimento","tag-film","tag-filmes","tag-futebol-nacional","tag-movies","tag-portugal","tag-pt"],"share_on_mastodon":{"url":"https:\/\/pubeurope.com\/@pt\/115995881245084748","error":""},"_links":{"self":[{"href":"https:\/\/www.europesays.com\/pt\/wp-json\/wp\/v2\/posts\/252619","targetHints":{"allow":["GET"]}}],"collection":[{"href":"https:\/\/www.europesays.com\/pt\/wp-json\/wp\/v2\/posts"}],"about":[{"href":"https:\/\/www.europesays.com\/pt\/wp-json\/wp\/v2\/types\/post"}],"author":[{"embeddable":true,"href":"https:\/\/www.europesays.com\/pt\/wp-json\/wp\/v2\/users\/2"}],"replies":[{"embeddable":true,"href":"https:\/\/www.europesays.com\/pt\/wp-json\/wp\/v2\/comments?post=252619"}],"version-history":[{"count":0,"href":"https:\/\/www.europesays.com\/pt\/wp-json\/wp\/v2\/posts\/252619\/revisions"}],"wp:featuredmedia":[{"embeddable":true,"href":"https:\/\/www.europesays.com\/pt\/wp-json\/wp\/v2\/media\/252620"}],"wp:attachment":[{"href":"https:\/\/www.europesays.com\/pt\/wp-json\/wp\/v2\/media?parent=252619"}],"wp:term":[{"taxonomy":"category","embeddable":true,"href":"https:\/\/www.europesays.com\/pt\/wp-json\/wp\/v2\/categories?post=252619"},{"taxonomy":"post_tag","embeddable":true,"href":"https:\/\/www.europesays.com\/pt\/wp-json\/wp\/v2\/tags?post=252619"}],"curies":[{"name":"wp","href":"https:\/\/api.w.org\/{rel}","templated":true}]}}