{"id":252746,"date":"2026-02-01T16:28:15","date_gmt":"2026-02-01T16:28:15","guid":{"rendered":"https:\/\/www.europesays.com\/pt\/252746\/"},"modified":"2026-02-01T16:28:15","modified_gmt":"2026-02-01T16:28:15","slug":"netflix-confirma-lancamento-de-o-agente-secreto-no-streaming","status":"publish","type":"post","link":"https:\/\/www.europesays.com\/pt\/252746\/","title":{"rendered":"Netflix confirma lan\u00e7amento de &#8216;O Agente Secreto&#8217; no streaming"},"content":{"rendered":"<p>A <strong>Netflix <\/strong>anunciou oficialmente a aquisi\u00e7\u00e3o dos direitos de exibi\u00e7\u00e3o de <strong>\u201cO Agente Secreto\u201d<\/strong>, filme brasileiro que desponta como forte concorrente na temporada de premia\u00e7\u00f5es deste ano. A novidade foi revelada por Greg Peters, co-CEO da plataforma, durante evento em S\u00e3o Paulo que contou com a presen\u00e7a do prefeito Ricardo Nunes. Segundo o executivo, o <strong>streaming<\/strong> entrou como parceiro financeiro da produ\u00e7\u00e3o para viabilizar a obra.<\/p>\n<p><strong>Apoio ao cinema nacional<\/strong><\/p>\n<p>Peters destacou o compromisso da empresa com o audiovisual brasileiro. \u201cN\u00f3s apoiamos os filmes brasileiros de v\u00e1rias maneiras porque queremos ser os melhores parceiros e permanecer flex\u00edveis para que os produtores locais possam decidir a melhor forma de dar vida aos seus projetos\u201d, afirmou. Apesar da confirma\u00e7\u00e3o, a data de estreia do longa no cat\u00e1logo da plataforma ainda n\u00e3o foi divulgada.<\/p>\n<p><b>Favoritismo no Oscar<\/b><\/p>\n<p>Dirigido por<strong> Kleber Mendon\u00e7a Filho<\/strong> (\u201cBacurau\u201d), \u201cO Agente Secreto\u201d chega ao Oscar disputando quatro estatuetas: Melhor Filme, Melhor Filme Internacional, Melhor Elenco e Melhor Ator com <strong>Wagner Moura<\/strong>. A produ\u00e7\u00e3o ganhou for\u00e7a internacional ap\u00f3s vencer duas categorias no Globo de Ouro: Melhor Filme Internacional e Melhor Ator. O elenco estelar conta ainda com <strong>Gabriel Leone<\/strong> (\u201cFerrari\u201d), <strong>Alice Carvalho <\/strong>(\u201cCanga\u00e7o Novo\u201d) e Maria Fernanda C\u00e2ndido (\u201cAnimais Fant\u00e1sticos: Os Segredos de Dumbledore\u201d).<\/p>\n<p><strong>CONFIRA A MAT\u00c9RIA ORIGINAL NO ENDERE\u00c7O\u00a0<a href=\"https:\/\/pipocamoderna.com.br\/2026\/01\/o-agente-secreto-netflix-filme-oscar-wagner-moura\/\" rel=\"nofollow noopener\" target=\"_blank\">https:\/\/pipocamoderna.com.br\/2&#8230;<\/a><\/strong><\/p>\n","protected":false},"excerpt":{"rendered":"A Netflix anunciou oficialmente a aquisi\u00e7\u00e3o dos direitos de exibi\u00e7\u00e3o de \u201cO Agente Secreto\u201d, filme brasileiro que desponta&hellip;\n","protected":false},"author":2,"featured_media":252747,"comment_status":"","ping_status":"","sticky":false,"template":"","format":"standard","meta":{"footnotes":"","_share_on_mastodon":"0"},"categories":[140],"tags":[9012,15039,17272,17269,470,17271,17270,114,115,1062,147,148,524,1428,603,15040,146,12,13,15038,1086,32,33,1180,15042,117,15047,17273],"class_list":["post-252746","post","type-post","status-publish","format-standard","has-post-thumbnail","category-filmes","tag-alagoas","tag-arapiraca","tag-asa","tag-campeonato-alagoano","tag-cinema","tag-crb","tag-csa","tag-entertainment","tag-entretenimento","tag-esportes","tag-film","tag-filmes","tag-futebol","tag-jornalismo","tag-justica","tag-maceio","tag-movies","tag-news","tag-noticias","tag-palmeira-dos-indios","tag-policia","tag-portugal","tag-pt","tag-redacao","tag-santana-do-ipanema","tag-saude","tag-sertao","tag-zona-da-mata"],"share_on_mastodon":{"url":"https:\/\/pubeurope.com\/@pt\/115996322152277251","error":""},"_links":{"self":[{"href":"https:\/\/www.europesays.com\/pt\/wp-json\/wp\/v2\/posts\/252746","targetHints":{"allow":["GET"]}}],"collection":[{"href":"https:\/\/www.europesays.com\/pt\/wp-json\/wp\/v2\/posts"}],"about":[{"href":"https:\/\/www.europesays.com\/pt\/wp-json\/wp\/v2\/types\/post"}],"author":[{"embeddable":true,"href":"https:\/\/www.europesays.com\/pt\/wp-json\/wp\/v2\/users\/2"}],"replies":[{"embeddable":true,"href":"https:\/\/www.europesays.com\/pt\/wp-json\/wp\/v2\/comments?post=252746"}],"version-history":[{"count":0,"href":"https:\/\/www.europesays.com\/pt\/wp-json\/wp\/v2\/posts\/252746\/revisions"}],"wp:featuredmedia":[{"embeddable":true,"href":"https:\/\/www.europesays.com\/pt\/wp-json\/wp\/v2\/media\/252747"}],"wp:attachment":[{"href":"https:\/\/www.europesays.com\/pt\/wp-json\/wp\/v2\/media?parent=252746"}],"wp:term":[{"taxonomy":"category","embeddable":true,"href":"https:\/\/www.europesays.com\/pt\/wp-json\/wp\/v2\/categories?post=252746"},{"taxonomy":"post_tag","embeddable":true,"href":"https:\/\/www.europesays.com\/pt\/wp-json\/wp\/v2\/tags?post=252746"}],"curies":[{"name":"wp","href":"https:\/\/api.w.org\/{rel}","templated":true}]}}