{"id":25413,"date":"2025-08-11T20:59:11","date_gmt":"2025-08-11T20:59:11","guid":{"rendered":"https:\/\/www.europesays.com\/pt\/25413\/"},"modified":"2025-08-11T20:59:11","modified_gmt":"2025-08-11T20:59:11","slug":"west-ham-faz-proposta-por-jovem-medio-portugues","status":"publish","type":"post","link":"https:\/\/www.europesays.com\/pt\/25413\/","title":{"rendered":"West Ham faz proposta por jovem m\u00e9dio portugu\u00eas"},"content":{"rendered":"<p><strong>O West Ham j\u00e1 avan\u00e7ou para a contrata\u00e7\u00e3o de Mateus Fernandes. O clube da Premier League quer contratar o m\u00e9dio ao Southampton.<\/strong><\/p>\n<p>O West Ham fez uma primeira oferta para contratar Mateus Fernandes. Segundo o The Guardian, o emblema londrino j\u00e1 <a href=\"https:\/\/bolanarede.pt\/especial-bola-na-rede\/atualidade\/west-ham-interessado-em-medio-internacional-sub-21-portugues\/\" target=\"_blank\" rel=\"noreferrer noopener nofollow\">confirmou o seu interesse<\/a> no m\u00e9dio portugu\u00eas, que est\u00e1 ao servi\u00e7o do Southampton.<\/p>\n<p>Os contornos do neg\u00f3cio n\u00e3o s\u00e3o, para j\u00e1, conhecidos, mas o Sporting tem direito a 10% de uma futura venda de Mateus Fernandes.<\/p>\n<p>O m\u00e9dio de 21 anos foi contratado pelo Southampton no in\u00edcio da temporada passada por cerca de 15 milh\u00f5es de euros e somou tr\u00eas golos e seis assist\u00eancias em 42 jogos pelo clube da Premier League.<\/p>\n<blockquote class=\"twitter-tweet\" data-width=\"550\" data-dnt=\"true\">\n<p lang=\"pt\" dir=\"ltr\">West Ham United prepara uma proposta para apresentar ao Southampton por Mateus Fernandes, segundo o \u2018The Guardian\u2019. <a href=\"https:\/\/t.co\/2mpHtJeWiN\" rel=\"nofollow\">pic.twitter.com\/2mpHtJeWiN<\/a><\/p>\n<p>\u2014 Di\u00e1rio de Transfer\u00eancias (@DTransferencias) <a href=\"https:\/\/twitter.com\/DTransferencias\/status\/1954915602432442823?ref_src=twsrc%5Etfw\" rel=\"nofollow noopener\" target=\"_blank\">August 11, 2025<\/a><\/p><\/blockquote>\n<p><script async src=\"https:\/\/platform.twitter.com\/widgets.js\" charset=\"utf-8\"><\/script><\/p>\n","protected":false},"excerpt":{"rendered":"O West Ham j\u00e1 avan\u00e7ou para a contrata\u00e7\u00e3o de Mateus Fernandes. O clube da Premier League quer contratar&hellip;\n","protected":false},"author":2,"featured_media":25414,"comment_status":"","ping_status":"","sticky":false,"template":"","format":"standard","meta":{"footnotes":""},"categories":[87],"tags":[260,135,8708,32,666,33,3361,34,134,8709],"class_list":{"0":"post-25413","1":"post","2":"type-post","3":"status-publish","4":"format-standard","5":"has-post-thumbnail","7":"category-desporto","8":"tag-atualidade","9":"tag-desporto","10":"tag-mateus-fernandes","11":"tag-portugal","12":"tag-premier-league","13":"tag-pt","14":"tag-southampton","15":"tag-sporting","16":"tag-sports","17":"tag-west-ham"},"share_on_mastodon":{"url":"","error":""},"_links":{"self":[{"href":"https:\/\/www.europesays.com\/pt\/wp-json\/wp\/v2\/posts\/25413","targetHints":{"allow":["GET"]}}],"collection":[{"href":"https:\/\/www.europesays.com\/pt\/wp-json\/wp\/v2\/posts"}],"about":[{"href":"https:\/\/www.europesays.com\/pt\/wp-json\/wp\/v2\/types\/post"}],"author":[{"embeddable":true,"href":"https:\/\/www.europesays.com\/pt\/wp-json\/wp\/v2\/users\/2"}],"replies":[{"embeddable":true,"href":"https:\/\/www.europesays.com\/pt\/wp-json\/wp\/v2\/comments?post=25413"}],"version-history":[{"count":0,"href":"https:\/\/www.europesays.com\/pt\/wp-json\/wp\/v2\/posts\/25413\/revisions"}],"wp:featuredmedia":[{"embeddable":true,"href":"https:\/\/www.europesays.com\/pt\/wp-json\/wp\/v2\/media\/25414"}],"wp:attachment":[{"href":"https:\/\/www.europesays.com\/pt\/wp-json\/wp\/v2\/media?parent=25413"}],"wp:term":[{"taxonomy":"category","embeddable":true,"href":"https:\/\/www.europesays.com\/pt\/wp-json\/wp\/v2\/categories?post=25413"},{"taxonomy":"post_tag","embeddable":true,"href":"https:\/\/www.europesays.com\/pt\/wp-json\/wp\/v2\/tags?post=25413"}],"curies":[{"name":"wp","href":"https:\/\/api.w.org\/{rel}","templated":true}]}}