{"id":254314,"date":"2026-02-02T20:37:21","date_gmt":"2026-02-02T20:37:21","guid":{"rendered":"https:\/\/www.europesays.com\/pt\/254314\/"},"modified":"2026-02-02T20:37:21","modified_gmt":"2026-02-02T20:37:21","slug":"grammy-lady-gaga-se-torna-1a-artista-a-vencer-todas-as-categorias-de-pop","status":"publish","type":"post","link":"https:\/\/www.europesays.com\/pt\/254314\/","title":{"rendered":"Grammy: Lady Gaga se torna 1\u00aa artista a vencer todas as categorias de pop"},"content":{"rendered":"<p class=\"my-5 break-words group-[.isActiveSource]:text-xl\">A cantora <strong class=\"group-[.isActiveSource]:text-xl group-[.isActiveSource]:font-bold\">Lady Gaga<\/strong> se tornou, na noite deste domingo (1\u00ba), a primeira artista a vencer todas as categorias de m\u00fasica pop na hist\u00f3ria do Grammy Awards. A nova-iorquina foi uma das personalidades premiadas na 68\u00aa edi\u00e7\u00e3o da principal premia\u00e7\u00e3o da m\u00fasica, em Los Angeles, nos Estados Unidos.<\/p>\n<p class=\"my-5 break-words group-[.isActiveSource]:text-xl\">Apesar de ter sido esnobada nas categorias principais, a protagonista de &#8220;Nasce Uma Estrela&#8221; levou os pr\u00eamios de Melhor Performance Vocal de Pop e Melhor Grava\u00e7\u00e3o de Dance Pop desta edi\u00e7\u00e3o, com <a href=\"https:\/\/www.cnnbrasil.com.br\/entretenimento\/lady-gaga-lanca-musica-nova-durante-o-grammy-ouca-abracadabra\/\" target=\"_blank\" rel=\"noopener noreferrer nofollow\" class=\"text-red-600 underline hover:text-red-500 font-medium break-words group-[.isActiveSource]:text-xl\">&#8220;Abracadabra&#8221;<\/a>.<\/p>\n<p class=\"my-5 break-words group-[.isActiveSource]:text-xl\">Com as vit\u00f3rias, Lady Gaga fechou todas as categorias de m\u00fasica pop no Grammy. Confira a lista:<\/p>\n<ul class=\"list-none [li&gt;&amp;]:pl-5\">\n<li class=\"[ul&gt;&amp;]:indent-5 mb-3 break-words [ul&gt;&amp;]:relative [ul&gt;&amp;]:before:absolute [ul&gt;&amp;]:before:left-1 [ul&gt;&amp;]:before:top-2 [ul&gt;&amp;]:before:w-2 [ul&gt;&amp;]:before:h-2 [ul&gt;&amp;]:before:bg-red-600 [ul&gt;&amp;]:before:rounded-full marker:inline group-[.isActiveSource]:text-xl\">Melhor \u00c1lbum Vocal de Pop (&#8220;The Fame Monster&#8221; e &#8220;Mayhem&#8221;)<\/li>\n<li class=\"[ul&gt;&amp;]:indent-5 mb-3 break-words [ul&gt;&amp;]:relative [ul&gt;&amp;]:before:absolute [ul&gt;&amp;]:before:left-1 [ul&gt;&amp;]:before:top-2 [ul&gt;&amp;]:before:w-2 [ul&gt;&amp;]:before:h-2 [ul&gt;&amp;]:before:bg-red-600 [ul&gt;&amp;]:before:rounded-full marker:inline group-[.isActiveSource]:text-xl\">Melhor \u00c1lbum Vocal de Pop Tradicional (&#8220;Cheek to Cheek&#8221; e &#8220;Love for Sale&#8221;)<\/li>\n<li class=\"[ul&gt;&amp;]:indent-5 mb-3 break-words [ul&gt;&amp;]:relative [ul&gt;&amp;]:before:absolute [ul&gt;&amp;]:before:left-1 [ul&gt;&amp;]:before:top-2 [ul&gt;&amp;]:before:w-2 [ul&gt;&amp;]:before:h-2 [ul&gt;&amp;]:before:bg-red-600 [ul&gt;&amp;]:before:rounded-full marker:inline group-[.isActiveSource]:text-xl\">Melhor Performance de Duo\/Grupo de Pop (&#8220;Shallow&#8221;, &#8220;Rain On Me&#8221; e &#8220;Die With A Smile&#8221;)<\/li>\n<li class=\"[ul&gt;&amp;]:indent-5 mb-3 break-words [ul&gt;&amp;]:relative [ul&gt;&amp;]:before:absolute [ul&gt;&amp;]:before:left-1 [ul&gt;&amp;]:before:top-2 [ul&gt;&amp;]:before:w-2 [ul&gt;&amp;]:before:h-2 [ul&gt;&amp;]:before:bg-red-600 [ul&gt;&amp;]:before:rounded-full marker:inline group-[.isActiveSource]:text-xl\">Melhor Performance Solo de Pop (&#8220;Joanne &#8211; Where Do You Think You&#8217;re Goin&#8217;?&#8221;)<\/li>\n<li class=\"[ul&gt;&amp;]:indent-5 mb-3 break-words [ul&gt;&amp;]:relative [ul&gt;&amp;]:before:absolute [ul&gt;&amp;]:before:left-1 [ul&gt;&amp;]:before:top-2 [ul&gt;&amp;]:before:w-2 [ul&gt;&amp;]:before:h-2 [ul&gt;&amp;]:before:bg-red-600 [ul&gt;&amp;]:before:rounded-full marker:inline group-[.isActiveSource]:text-xl\">Melhor Grava\u00e7\u00e3o de Dance Pop\u00a0 (&#8220;Abracadabra&#8221;)<\/li>\n<\/ul>\n<p class=\"my-5 break-words group-[.isActiveSource]:text-xl\">Al\u00e9m dessas, Gaga tem outras sete vit\u00f3rias na principal premia\u00e7\u00e3o da m\u00fasica mundial:<\/p>\n<ul class=\"list-none [li&gt;&amp;]:pl-5\">\n<li class=\"[ul&gt;&amp;]:indent-5 mb-3 break-words [ul&gt;&amp;]:relative [ul&gt;&amp;]:before:absolute [ul&gt;&amp;]:before:left-1 [ul&gt;&amp;]:before:top-2 [ul&gt;&amp;]:before:w-2 [ul&gt;&amp;]:before:h-2 [ul&gt;&amp;]:before:bg-red-600 [ul&gt;&amp;]:before:rounded-full marker:inline group-[.isActiveSource]:text-xl\">Melhor Grava\u00e7\u00e3o de Dance (&#8220;Poker Face&#8221;)<\/li>\n<li class=\"[ul&gt;&amp;]:indent-5 mb-3 break-words [ul&gt;&amp;]:relative [ul&gt;&amp;]:before:absolute [ul&gt;&amp;]:before:left-1 [ul&gt;&amp;]:before:top-2 [ul&gt;&amp;]:before:w-2 [ul&gt;&amp;]:before:h-2 [ul&gt;&amp;]:before:bg-red-600 [ul&gt;&amp;]:before:rounded-full marker:inline group-[.isActiveSource]:text-xl\">Melhor \u00c1lbum de Dance\/Eletr\u00f4nico (&#8220;The Fame&#8221;)<\/li>\n<li class=\"[ul&gt;&amp;]:indent-5 mb-3 break-words [ul&gt;&amp;]:relative [ul&gt;&amp;]:before:absolute [ul&gt;&amp;]:before:left-1 [ul&gt;&amp;]:before:top-2 [ul&gt;&amp;]:before:w-2 [ul&gt;&amp;]:before:h-2 [ul&gt;&amp;]:before:bg-red-600 [ul&gt;&amp;]:before:rounded-full marker:inline group-[.isActiveSource]:text-xl\">Melhor Performance Vocal Feminina de Pop (&#8220;Bad Romance&#8221;)<\/li>\n<li class=\"[ul&gt;&amp;]:indent-5 mb-3 break-words [ul&gt;&amp;]:relative [ul&gt;&amp;]:before:absolute [ul&gt;&amp;]:before:left-1 [ul&gt;&amp;]:before:top-2 [ul&gt;&amp;]:before:w-2 [ul&gt;&amp;]:before:h-2 [ul&gt;&amp;]:before:bg-red-600 [ul&gt;&amp;]:before:rounded-full marker:inline group-[.isActiveSource]:text-xl\">Melhor Curta-Metragem para Clipe de M\u00fasica (&#8220;Bad Romance&#8221;)<\/li>\n<li class=\"[ul&gt;&amp;]:indent-5 mb-3 break-words [ul&gt;&amp;]:relative [ul&gt;&amp;]:before:absolute [ul&gt;&amp;]:before:left-1 [ul&gt;&amp;]:before:top-2 [ul&gt;&amp;]:before:w-2 [ul&gt;&amp;]:before:h-2 [ul&gt;&amp;]:before:bg-red-600 [ul&gt;&amp;]:before:rounded-full marker:inline group-[.isActiveSource]:text-xl\">Melhor Can\u00e7\u00e3o Escrita para M\u00eddia Visual (&#8220;Shallow&#8221; e &#8220;I&#8217;ll Never Love Again&#8221;)<\/li>\n<li class=\"[ul&gt;&amp;]:indent-5 mb-3 break-words [ul&gt;&amp;]:relative [ul&gt;&amp;]:before:absolute [ul&gt;&amp;]:before:left-1 [ul&gt;&amp;]:before:top-2 [ul&gt;&amp;]:before:w-2 [ul&gt;&amp;]:before:h-2 [ul&gt;&amp;]:before:bg-red-600 [ul&gt;&amp;]:before:rounded-full marker:inline group-[.isActiveSource]:text-xl\">Melhor Compila\u00e7\u00e3o de Trilha Sonora para M\u00eddia Visual (&#8220;A Star Is Born&#8221;)<\/li>\n<\/ul>\n<p class=\"my-5 break-words group-[.isActiveSource]:text-xl\"><a href=\"https:\/\/www.cnnbrasil.com.br\/entretenimento\/grammy-2026-confira-a-lista-completa-de-vencedores\/\" target=\"_blank\" rel=\"noopener noreferrer nofollow\" class=\"text-red-600 underline hover:text-red-500 font-medium break-words group-[.isActiveSource]:text-xl\">Confira aqui a lista completa de vencedores do Grammy Awards 2026<\/a>.<\/p>\n","protected":false},"excerpt":{"rendered":"A cantora Lady Gaga se tornou, na noite deste domingo (1\u00ba), a primeira artista a vencer todas as&hellip;\n","protected":false},"author":2,"featured_media":254315,"comment_status":"","ping_status":"","sticky":false,"template":"","format":"standard","meta":{"footnotes":""},"categories":[141],"tags":[114,115,149,150,32,33],"class_list":{"0":"post-254314","1":"post","2":"type-post","3":"status-publish","4":"format-standard","5":"has-post-thumbnail","7":"category-musica","8":"tag-entertainment","9":"tag-entretenimento","10":"tag-music","11":"tag-musica","12":"tag-portugal","13":"tag-pt"},"share_on_mastodon":{"url":"https:\/\/pubeurope.com\/@pt\/116002963065858389","error":""},"_links":{"self":[{"href":"https:\/\/www.europesays.com\/pt\/wp-json\/wp\/v2\/posts\/254314","targetHints":{"allow":["GET"]}}],"collection":[{"href":"https:\/\/www.europesays.com\/pt\/wp-json\/wp\/v2\/posts"}],"about":[{"href":"https:\/\/www.europesays.com\/pt\/wp-json\/wp\/v2\/types\/post"}],"author":[{"embeddable":true,"href":"https:\/\/www.europesays.com\/pt\/wp-json\/wp\/v2\/users\/2"}],"replies":[{"embeddable":true,"href":"https:\/\/www.europesays.com\/pt\/wp-json\/wp\/v2\/comments?post=254314"}],"version-history":[{"count":0,"href":"https:\/\/www.europesays.com\/pt\/wp-json\/wp\/v2\/posts\/254314\/revisions"}],"wp:featuredmedia":[{"embeddable":true,"href":"https:\/\/www.europesays.com\/pt\/wp-json\/wp\/v2\/media\/254315"}],"wp:attachment":[{"href":"https:\/\/www.europesays.com\/pt\/wp-json\/wp\/v2\/media?parent=254314"}],"wp:term":[{"taxonomy":"category","embeddable":true,"href":"https:\/\/www.europesays.com\/pt\/wp-json\/wp\/v2\/categories?post=254314"},{"taxonomy":"post_tag","embeddable":true,"href":"https:\/\/www.europesays.com\/pt\/wp-json\/wp\/v2\/tags?post=254314"}],"curies":[{"name":"wp","href":"https:\/\/api.w.org\/{rel}","templated":true}]}}