{"id":254354,"date":"2026-02-02T21:05:07","date_gmt":"2026-02-02T21:05:07","guid":{"rendered":"https:\/\/www.europesays.com\/pt\/254354\/"},"modified":"2026-02-02T21:05:07","modified_gmt":"2026-02-02T21:05:07","slug":"essa-foi-eleita-a-melhor-musica-de-2026-segundo-o-grammy-awards","status":"publish","type":"post","link":"https:\/\/www.europesays.com\/pt\/254354\/","title":{"rendered":"Essa foi eleita a melhor m\u00fasica de 2026, segundo o Grammy Awards"},"content":{"rendered":"<p>No \u00faltimo domingo (2), foi a premia\u00e7\u00e3o mais aguardada do mundo da m\u00fasica: o Grammy Awards 2026. A vencedora de um dos maiores pr\u00eamios da noite, o do M\u00fasica do Ano, foi para a cantora Billie Eilish, pela m\u00fasica Wildflower, parte do seu \u00e1lbum mais recente HIT ME HARD AND SOFT (2024). <\/p>\n<p>A cantora estava concorrendo contra:<\/p>\n<ul class=\"wp-block-list\">\n<li>Golden \u2013 HUNTR\/X: EJAE, Audrey Nuna, Rei Ami<\/li>\n<li>Luther \u2013 Kendrick Lamar, SZA<\/li>\n<li>Manchild \u2013 Sabrina Carpenter<\/li>\n<li>Dtmf \u2013 Bad Bunny<\/li>\n<li>Abracadabra \u2013 Lady Gaga<\/li>\n<li>Anxiety \u2013 Doechii<\/li>\n<li>Apt. \u2013 Ros\u00e9, Bruno Mars<\/li>\n<\/ul>\n<p>Wildflower tamb\u00e9m estava concorrendo na categoria de Grava\u00e7\u00e3o do Ano, mas nesse caso o pr\u00eamio foi para a faixa Luther, parceria do rapper Kendrick Lamar com SZA. Outros nomes que estavam na categoria eram:<\/p>\n<ul class=\"wp-block-list\">\n<li>BtMF \u2013 Bad Bunny<\/li>\n<li>Manchild \u2013 Sabrina Carpenter <\/li>\n<li>Abracadabra \u2013 Lady Gaga<\/li>\n<li>Anxiety \u2013 Doechii <\/li>\n<li>Abracadabra \u2013 Lady Gaga<\/li>\n<li>The Subway \u2013 Chappell Roan<\/li>\n<li>Apt. \u2013 Ros\u00e9, Bruno Mars <\/li>\n<\/ul>\n<p>O pr\u00eamio de Can\u00e7\u00e3o do Ano \u00e9 para o compositor da faixa e premia mais a letra, enquanto o pr\u00eamio de Grava\u00e7\u00e3o do Ano vai para os produtores, dando destaque tamb\u00e9m para outros aspectos da m\u00fasica, como melodia e ritmo.<\/p>\n<p>Billie Eilish j\u00e1 tinha vencido essa categoria do Grammy antes<\/p>\n<p>Eilish venceu o pr\u00eamio pela primeira vez no Grammy 2019, quando o hit Bad Guy levou tanto Can\u00e7\u00e3o do Ano quanto Grava\u00e7\u00e3o do Ano. No Grammy 2021, ela voltou a levar o segundo pr\u00eamio pela faixa Everything I Wanted. No Grammy 2024, a cantora tamb\u00e9m levou o pr\u00eamio para casa gra\u00e7as \u00e0 m\u00fasica What Was I Made For?, composta para a trilha sonora do filme Barbie (2023). <\/p>\n","protected":false},"excerpt":{"rendered":"No \u00faltimo domingo (2), foi a premia\u00e7\u00e3o mais aguardada do mundo da m\u00fasica: o Grammy Awards 2026. A&hellip;\n","protected":false},"author":2,"featured_media":254355,"comment_status":"","ping_status":"","sticky":false,"template":"","format":"standard","meta":{"footnotes":""},"categories":[141],"tags":[114,115,149,150,32,33],"class_list":{"0":"post-254354","1":"post","2":"type-post","3":"status-publish","4":"format-standard","5":"has-post-thumbnail","7":"category-musica","8":"tag-entertainment","9":"tag-entretenimento","10":"tag-music","11":"tag-musica","12":"tag-portugal","13":"tag-pt"},"share_on_mastodon":{"url":"https:\/\/pubeurope.com\/@pt\/116003073206051735","error":""},"_links":{"self":[{"href":"https:\/\/www.europesays.com\/pt\/wp-json\/wp\/v2\/posts\/254354","targetHints":{"allow":["GET"]}}],"collection":[{"href":"https:\/\/www.europesays.com\/pt\/wp-json\/wp\/v2\/posts"}],"about":[{"href":"https:\/\/www.europesays.com\/pt\/wp-json\/wp\/v2\/types\/post"}],"author":[{"embeddable":true,"href":"https:\/\/www.europesays.com\/pt\/wp-json\/wp\/v2\/users\/2"}],"replies":[{"embeddable":true,"href":"https:\/\/www.europesays.com\/pt\/wp-json\/wp\/v2\/comments?post=254354"}],"version-history":[{"count":0,"href":"https:\/\/www.europesays.com\/pt\/wp-json\/wp\/v2\/posts\/254354\/revisions"}],"wp:featuredmedia":[{"embeddable":true,"href":"https:\/\/www.europesays.com\/pt\/wp-json\/wp\/v2\/media\/254355"}],"wp:attachment":[{"href":"https:\/\/www.europesays.com\/pt\/wp-json\/wp\/v2\/media?parent=254354"}],"wp:term":[{"taxonomy":"category","embeddable":true,"href":"https:\/\/www.europesays.com\/pt\/wp-json\/wp\/v2\/categories?post=254354"},{"taxonomy":"post_tag","embeddable":true,"href":"https:\/\/www.europesays.com\/pt\/wp-json\/wp\/v2\/tags?post=254354"}],"curies":[{"name":"wp","href":"https:\/\/api.w.org\/{rel}","templated":true}]}}