{"id":254373,"date":"2026-02-02T21:19:16","date_gmt":"2026-02-02T21:19:16","guid":{"rendered":"https:\/\/www.europesays.com\/pt\/254373\/"},"modified":"2026-02-02T21:19:16","modified_gmt":"2026-02-02T21:19:16","slug":"tributo-a-andre-matos-reune-gigantes-do-metal-em-curitiba","status":"publish","type":"post","link":"https:\/\/www.europesays.com\/pt\/254373\/","title":{"rendered":"Tributo a Andre Matos re\u00fane gigantes do metal em Curitiba"},"content":{"rendered":"\n<p>Curitiba recebe no dia 8 de mar\u00e7o de 2026 a turn\u00ea \u201c<strong>All Metal Stars BR<\/strong>\u201c, um tributo emocionante a <strong>Andre Matos<\/strong> que re\u00fane tr\u00eas gigantes do metal nacional:<strong> Aquiles Priester, Thiago Bianchi e Edu Ardanuy<\/strong>.<\/p>\n<p>Uma verdadeira constela\u00e7\u00e3o do metal brasileiro unida para celebrar a vida e obra de um dos maiores vocalistas que o pa\u00eds j\u00e1 produziu. N\u00e3o \u00e9 qualquer turn\u00ea: o projeto vai passar por 16 cidades brasileiras durante todo o m\u00eas de mar\u00e7o.<\/p>\n<p>O que podemos esperar? Um setlist de arrepiar com cl\u00e1ssicos da carreira de Andre nas suas diferentes fases, incluindo algumas raridades que quase nunca rolam ao vivo \u2013 como \u201cWuthering Heights\u201d, aquela p\u00e9rola que os f\u00e3s de carteirinha conhecem bem.<\/p>\n<p>E tem mais! Dani Matos, irm\u00e3o de Andre e atual baixista do Viper, ser\u00e1 presen\u00e7a confirmada no palco. Isso traz um componente super especial e emocionante para o show, n\u00e9? Afinal, \u00e9 uma celebra\u00e7\u00e3o que vem do cora\u00e7\u00e3o.<\/p>\n<p>O time de m\u00fasicos \u00e9 de deixar qualquer metaleiro babando: al\u00e9m do trio principal, teremos Guilherme Torres na guitarra e Saulo Xakol no baixo (ambos do Noturnall), e ainda o tecladista Fabio Laguna, que j\u00e1 passou pelo Angra e acompanha o Edu Falaschi. Fabio conhece como ningu\u00e9m o repert\u00f3rio da fase Andre Matos.<\/p>\n<p>A conex\u00e3o desses caras com o Andre n\u00e3o \u00e9 de hoje. Aquiles \u00e9 baterista do Angra. Ele entrou na banda depois da sa\u00edda do Andre Matos. Thiago Bianchi emprestou sua voz marcante ao Shaman depois da sa\u00edda de Andre; e o virtuoso Edu Ardanuy, ex-Dr. Sin, teve Andre como convidado especial em seu DVD. S\u00e3o hist\u00f3rias, viv\u00eancias e muito respeito pelo legado do cantor.<\/p>\n<p>\u201cMais do que um show, essa turn\u00ea \u00e9 uma celebra\u00e7\u00e3o da vida e obra de Andre. Ele foi uma inspira\u00e7\u00e3o para todos n\u00f3s e esta \u00e9 nossa forma de agradecer e contribuir para seu legado\u201d, afirmam Aquiles, Thiago e Ardanuy.<\/p>\n<p>E a noite em Curitiba promete ser ainda mais especial com a presen\u00e7a da banda convidada Phornax, que vem se destacando no cen\u00e1rio do metal contempor\u00e2neo brasileiro. A abertura fica por conta do Krakkenspit, grupo que tem feito barulho acompanhando nomes como Edu Falaschi e Noturnall em turn\u00eas recentes.<\/p>\n<p>Tem um detalhe super bacana: a turn\u00ea tamb\u00e9m tem um lado social importante. Os ingressos contam com a op\u00e7\u00e3o de ingresso solid\u00e1rio, que d\u00e1 desconto para quem doar 1 kg de alimento n\u00e3o perec\u00edvel ou ra\u00e7\u00e3o para c\u00e3es e gatos. Tudo que for arrecadado vai para institui\u00e7\u00f5es de caridade \u2013 metal com responsabilidade social, gente!<\/p>\n<p>Produzida pela Arena Produtora, essa homenagem promete entrar para a hist\u00f3ria do metal brasileiro. Se voc\u00ea \u00e9 f\u00e3 de verdade, n\u00e3o pode ficar de fora dessa celebra\u00e7\u00e3o \u00fanica!<\/p>\n<p> Servi\u00e7o <\/p>\n<p><strong>All Metal Stars \u2013 Tributo a Andre Matos em Curitiba<br \/><\/strong> Data: 8 de mar\u00e7o de 2026<br \/>Local: Hard Rock Caf\u00e9 \u2013 Curitiba\/PR<br \/>Atra\u00e7\u00f5es: All Metal Stars (Aquiles Priester, Thiago Bianchi e Edu Ardanuy)<br \/>Participa\u00e7\u00e3o especial: Dani Matos (irm\u00e3o de Andre Matos)<br \/>Banda convidada: Phornax<br \/>Abertura: Krakkenspit<br \/>Ingressos: dispon\u00edveis nos formatos inteira, meia-entrada e ingresso solid\u00e1rio (com doa\u00e7\u00e3o de 1 kg de alimento n\u00e3o perec\u00edvel ou ra\u00e7\u00e3o para c\u00e3es e gatos)<br \/><a href=\"https:\/\/ticketarena.com.br\/event\/cutitiba-pr-priester-bianchi-e-ardanuy-homenageiam-andre-matos\/179\" rel=\"nofollow noopener\" target=\"_blank\">Venda online<br \/><\/a> Produ\u00e7\u00e3o: Arena Produtora<\/p>\n<p>  <a href=\"https:\/\/www.tribunapr.com.br\/noticias\/curitiba-regiao\/contas-no-inicio-do-ano-desafiam-familias-saiba-como-equilibrar-os-gastos\/?utm_source=noticias-virais-rodape&amp;utm_medium=internal-tribuna&amp;utm_campaign=tribuna\" class=\"cardnews__postlink\" rel=\"nofollow noopener\" target=\"_blank\"> <img decoding=\"async\" src=\"https:\/\/www.europesays.com\/pt\/wp-content\/uploads\/2026\/02\/Depositphotos_46203397_XL-370x210.jpg\" loading=\"lazy\" alt=\"Descubra como pagar IPTU, IPVA e escola sem sufocar seu bolso\"\/>   <\/p>\n<p>  IPTU, IPVA&#8230;  <\/p>\n<p>Descubra como pagar IPTU, IPVA e escola sem sufocar seu bolso<\/p>\n<p>   <\/a>  <a href=\"https:\/\/www.tribunapr.com.br\/noticias\/brasil\/jeito-errado-de-usar-a-geladeira-pode-custar-alto-na-conta-de-luz\/?utm_source=noticias-virais-rodape&amp;utm_medium=internal-tribuna&amp;utm_campaign=tribuna\" class=\"cardnews__postlink\" rel=\"nofollow noopener\" target=\"_blank\"> <img decoding=\"async\" src=\"https:\/\/www.europesays.com\/pt\/wp-content\/uploads\/2026\/02\/geladeira-370x210.jpg\" loading=\"lazy\" alt=\"Erro comum com geladeira pode explodir sua conta de luz\"\/>   <\/p>\n<p>  Economia  <\/p>\n<p>Erro comum com geladeira pode explodir sua conta de luz<\/p>\n<p>   <\/a>  <a href=\"https:\/\/www.tribunapr.com.br\/blogs\/cacador-de-boteco\/em-curitiba-madeira-chope-e-encontros-dao-forma-ao-celeiro-do-malte\/?utm_source=noticias-virais-rodape&amp;utm_medium=internal-tribuna&amp;utm_campaign=tribuna\" class=\"cardnews__postlink\" rel=\"nofollow noopener\" target=\"_blank\"> <img decoding=\"async\" src=\"https:\/\/www.europesays.com\/pt\/wp-content\/uploads\/2026\/02\/celeiro-do-malte-2-370x210.jpg\" loading=\"lazy\" alt=\"Este bar r\u00fastico em Curitiba virou sensa\u00e7\u00e3o entre cervejeiros\"\/>   <\/p>\n<p>  Ca\u00e7ador de Boteco  <\/p>\n<p>Este bar r\u00fastico em Curitiba virou sensa\u00e7\u00e3o entre cervejeiros<\/p>\n<p>   <\/a>    <\/p>\n<p> Siga a Tribuna no Google, e acompanhe as \u00faltimas not\u00edcias de Curitiba e regi\u00e3o! <\/p>\n<p> <a href=\"https:\/\/profile.google.com\/cp\/CgwvZy8xMmxxajUzM3Mac2h0dHBzOi8vd3d3LnRyaWJ1bmFwci5jb20uYnIvdml2YS92aXRyaW5lL2dpZ2FudGUtZG8tdmVzdHVhcmlvLXJlaW5hdWd1cmEtbG9qYS1lbS1zaG9wcGluZy10cmFkaWNpb25hbC1kZS1jdXJpdGliYS8iElRyaWJ1bmEgZG8gUGFyYW7DoSqAAwrHAWh0dHBzOi8vZW5jcnlwdGVkLXRibjIuZ3N0YXRpYy5jb20vZmF2aWNvbi10Ym4_cT10Ym46QU5kOUdjUVJPbjVDRjR6TzJPbkUwTXZrRlRCRTY2U0g1bGlaVDRaZTV3bWNKeU5GRm1BSnluM01nNU9PR3BXY1pYMzZwYU5HUWtsZ09JVEFLTTNNZVNGbTc1aWp6M3k2ajUtQ3M2b25kX2JUcFFQQkVLd3RsUjBsTmJESnUtVHhrNXQtbFlCNlVpOWZSVVFjT2cSswFodHRwczovL2VuY3J5cHRlZC10Ym4zLmdzdGF0aWMuY29tL2Zhdmljb24tdGJuP3E9dGJuJTNBQU5kOUdjU0FMaWJ2eFF0YXdFMFRueVdWWmVKRS1MZEdRZjVTUi1OZ2RMazhyZzIwVy1nM0JuQ1F4VDNKZFBjRXR2THdBeVRxUDJEdHVycEdVR29CQkxpYzM5al9wSmFxRERaMHNCYW05WEVhSGVsMmZTQmdKdlF4WWVyMw\" target=\"_blank\" title=\"Seguir a Tribuna no Google\" rel=\"nofollow noopener\">  <\/a>  <\/p>\n","protected":false},"excerpt":{"rendered":"Curitiba recebe no dia 8 de mar\u00e7o de 2026 a turn\u00ea \u201cAll Metal Stars BR\u201c, um tributo emocionante&hellip;\n","protected":false},"author":2,"featured_media":254374,"comment_status":"","ping_status":"","sticky":false,"template":"","format":"standard","meta":{"footnotes":""},"categories":[141],"tags":[114,115,149,150,32,33],"class_list":{"0":"post-254373","1":"post","2":"type-post","3":"status-publish","4":"format-standard","5":"has-post-thumbnail","7":"category-musica","8":"tag-entertainment","9":"tag-entretenimento","10":"tag-music","11":"tag-musica","12":"tag-portugal","13":"tag-pt"},"share_on_mastodon":{"url":"https:\/\/pubeurope.com\/@pt\/116003128429939822","error":""},"_links":{"self":[{"href":"https:\/\/www.europesays.com\/pt\/wp-json\/wp\/v2\/posts\/254373","targetHints":{"allow":["GET"]}}],"collection":[{"href":"https:\/\/www.europesays.com\/pt\/wp-json\/wp\/v2\/posts"}],"about":[{"href":"https:\/\/www.europesays.com\/pt\/wp-json\/wp\/v2\/types\/post"}],"author":[{"embeddable":true,"href":"https:\/\/www.europesays.com\/pt\/wp-json\/wp\/v2\/users\/2"}],"replies":[{"embeddable":true,"href":"https:\/\/www.europesays.com\/pt\/wp-json\/wp\/v2\/comments?post=254373"}],"version-history":[{"count":0,"href":"https:\/\/www.europesays.com\/pt\/wp-json\/wp\/v2\/posts\/254373\/revisions"}],"wp:featuredmedia":[{"embeddable":true,"href":"https:\/\/www.europesays.com\/pt\/wp-json\/wp\/v2\/media\/254374"}],"wp:attachment":[{"href":"https:\/\/www.europesays.com\/pt\/wp-json\/wp\/v2\/media?parent=254373"}],"wp:term":[{"taxonomy":"category","embeddable":true,"href":"https:\/\/www.europesays.com\/pt\/wp-json\/wp\/v2\/categories?post=254373"},{"taxonomy":"post_tag","embeddable":true,"href":"https:\/\/www.europesays.com\/pt\/wp-json\/wp\/v2\/tags?post=254373"}],"curies":[{"name":"wp","href":"https:\/\/api.w.org\/{rel}","templated":true}]}}