{"id":254517,"date":"2026-02-02T23:09:08","date_gmt":"2026-02-02T23:09:08","guid":{"rendered":"https:\/\/www.europesays.com\/pt\/254517\/"},"modified":"2026-02-02T23:09:08","modified_gmt":"2026-02-02T23:09:08","slug":"corpo-de-marido-da-neta-de-mick-jagger-e-encontrado-no-mar-02-02-2026-celebridades","status":"publish","type":"post","link":"https:\/\/www.europesays.com\/pt\/254517\/","title":{"rendered":"Corpo de marido da neta de Mick Jagger \u00e9 encontrado no mar &#8211; 02\/02\/2026 &#8211; Celebridades"},"content":{"rendered":"<p>\n<strong class=\"c-signature__location\">Rio de Janeiro<\/strong>\n<\/p>\n<p>A Guarda Costeira e a pol\u00edcia da cidade de Bude, na Cornualha, Inglaterra, informaram \u00e0 fam\u00edlia de<a href=\"https:\/\/www1.folha.uol.com.br\/folha-topicos\/mick-jagger\/\" rel=\"nofollow noopener\" target=\"\"> Mick Jagger<\/a>, 82, que o corpo encontrado no mar provavelmente pertence a Alexander Key, companheiro da neta do vocalista dos Rolling Stones. <a href=\"https:\/\/f5.folha.uol.com.br\/celebridades\/2026\/01\/parceiro-de-neta-de-mick-jagger-desaparece-na-inglaterra-e-mobiliza-buscas.shtml\" rel=\"nofollow noopener\" target=\"\">Ele estava desaparecido desde 24 de janeiro, <\/a>quando foi visto pela \u00faltima vez ao deixar um pub da regi\u00e3o.<\/p>\n","protected":false},"excerpt":{"rendered":"Rio de Janeiro A Guarda Costeira e a pol\u00edcia da cidade de Bude, na Cornualha, Inglaterra, informaram \u00e0&hellip;\n","protected":false},"author":2,"featured_media":254518,"comment_status":"","ping_status":"","sticky":false,"template":"","format":"standard","meta":{"footnotes":"","_share_on_mastodon":"0"},"categories":[145],"tags":[219,211,210,223,114,115,224,225,226,221,220,222,1852,1854,213,1853,32,33,1645,8665,218,228,227],"class_list":["post-254517","post","type-post","status-publish","format-standard","has-post-thumbnail","category-celebridades","tag-bichos","tag-celebridades","tag-celebrities","tag-colunistas","tag-entertainment","tag-entretenimento","tag-estranho","tag-eu-amo","tag-fofices","tag-horoscopo","tag-humanos","tag-humor","tag-lucas-jagger","tag-luciana-gimenez","tag-msica","tag-mick-jagger","tag-portugal","tag-pt","tag-rock","tag-rolling-stones","tag-televisao","tag-tudo","tag-videos"],"share_on_mastodon":{"url":"https:\/\/pubeurope.com\/@pt\/116003560650888136","error":""},"_links":{"self":[{"href":"https:\/\/www.europesays.com\/pt\/wp-json\/wp\/v2\/posts\/254517","targetHints":{"allow":["GET"]}}],"collection":[{"href":"https:\/\/www.europesays.com\/pt\/wp-json\/wp\/v2\/posts"}],"about":[{"href":"https:\/\/www.europesays.com\/pt\/wp-json\/wp\/v2\/types\/post"}],"author":[{"embeddable":true,"href":"https:\/\/www.europesays.com\/pt\/wp-json\/wp\/v2\/users\/2"}],"replies":[{"embeddable":true,"href":"https:\/\/www.europesays.com\/pt\/wp-json\/wp\/v2\/comments?post=254517"}],"version-history":[{"count":0,"href":"https:\/\/www.europesays.com\/pt\/wp-json\/wp\/v2\/posts\/254517\/revisions"}],"wp:featuredmedia":[{"embeddable":true,"href":"https:\/\/www.europesays.com\/pt\/wp-json\/wp\/v2\/media\/254518"}],"wp:attachment":[{"href":"https:\/\/www.europesays.com\/pt\/wp-json\/wp\/v2\/media?parent=254517"}],"wp:term":[{"taxonomy":"category","embeddable":true,"href":"https:\/\/www.europesays.com\/pt\/wp-json\/wp\/v2\/categories?post=254517"},{"taxonomy":"post_tag","embeddable":true,"href":"https:\/\/www.europesays.com\/pt\/wp-json\/wp\/v2\/tags?post=254517"}],"curies":[{"name":"wp","href":"https:\/\/api.w.org\/{rel}","templated":true}]}}