{"id":254628,"date":"2026-02-03T00:40:09","date_gmt":"2026-02-03T00:40:09","guid":{"rendered":"https:\/\/www.europesays.com\/pt\/254628\/"},"modified":"2026-02-03T00:40:09","modified_gmt":"2026-02-03T00:40:09","slug":"atletico-madrid-tentou-morten-hjulmand-e-vai-mesmo-receber-medio-neste-mercado","status":"publish","type":"post","link":"https:\/\/www.europesays.com\/pt\/254628\/","title":{"rendered":"Atl\u00e9tico Madrid tentou Morten Hjulmand e vai mesmo receber m\u00e9dio neste mercado"},"content":{"rendered":"<p>&#8211; Advertisement &#8211;<\/p>\n<p><strong>O Atl\u00e9tico Madrid est\u00e1 muito perto de confirmar a contrata\u00e7\u00e3o de Rodrigo Mendoza. O jogador \u00e9 um dos craques do Elche.<\/strong><\/p>\n<p>Rodrigo Mendoza est\u00e1 muito perto de ser confirmado como refor\u00e7o do Atl\u00e9tico Madrid. A informa\u00e7\u00e3o est\u00e1 a ser avan\u00e7ada pelo jornalista Fabrizio Romano, que indica que a mudan\u00e7a do jogador pode chegar aos 16 milh\u00f5es de euros, caso se cumpram todas as mais valias do neg\u00f3cio.<\/p>\n<p>O m\u00e9dio vai assim abandonar o Elche, onde era considerado uma estrela em ascens\u00e3o, sendo que foi inclusivamente associado ao Real Madrid e \u00e0 Premier League. Rodrigo Mendoza tem apenas 20 anos e na presente temporada soma 20 encontros, com dois golos marcados e uma assist\u00eancia.<\/p>\n<p>O Atl\u00e9tico Madrid<a href=\"https:\/\/bolanarede.pt\/especial-bola-na-rede\/atualidade\/morten-hjulmand-falha-jogo-do-sporting-apos-receber-proposta-do-atletico-madrid\/\" target=\"_blank\" rel=\"noreferrer noopener nofollow\"> tentou a contrata\u00e7\u00e3o de Morten Hjulmand nas \u00faltimas horas<\/a>, mas o capit\u00e3o do Sporting \u00e9 inegoci\u00e1vel para Frederico Varandas. <\/p>\n<blockquote class=\"twitter-tweet\" data-width=\"550\" data-dnt=\"true\">\n<p lang=\"en\" dir=\"ltr\">\ud83d\udea8\ud83d\udd34\u26aa\ufe0f Atl\u00e9tico Madrid verbally agree deal to sign Rodrigo Mendoza from Elche, here we go!<\/p>\n<p>\u20ac16m plus add-ons as package for the Spanish midfielder who has accepted the proposal.<\/p>\n<p>Premier League clubs wanted him for next window but Mendoza accepts Atl\u00e9ti. <a href=\"https:\/\/t.co\/aGWJIAXjwe\" rel=\"nofollow\">pic.twitter.com\/aGWJIAXjwe<\/a><\/p>\n<p>\u2014 Fabrizio Romano (@FabrizioRomano) <a href=\"https:\/\/twitter.com\/FabrizioRomano\/status\/2018406316755075202?ref_src=twsrc%5Etfw\" rel=\"nofollow noopener\" target=\"_blank\">February 2, 2026<\/a><\/p><\/blockquote>\n<p><script async src=\"https:\/\/platform.twitter.com\/widgets.js\" charset=\"utf-8\"><\/script><\/p>\n","protected":false},"excerpt":{"rendered":"&#8211; Advertisement &#8211; O Atl\u00e9tico Madrid est\u00e1 muito perto de confirmar a contrata\u00e7\u00e3o de Rodrigo Mendoza. O jogador&hellip;\n","protected":false},"author":2,"featured_media":254629,"comment_status":"","ping_status":"","sticky":false,"template":"","format":"standard","meta":{"footnotes":"","_share_on_mastodon":"0"},"categories":[87],"tags":[3171,260,135,10760,5705,2075,32,33,47544,134],"class_list":["post-254628","post","type-post","status-publish","format-standard","has-post-thumbnail","category-desporto","tag-atletico-madrid","tag-atualidade","tag-desporto","tag-elche","tag-la-liga","tag-morten-hjulmand","tag-portugal","tag-pt","tag-rodrigo-mendoza","tag-sports"],"share_on_mastodon":{"url":"https:\/\/pubeurope.com\/@pt\/116003918537158907","error":""},"_links":{"self":[{"href":"https:\/\/www.europesays.com\/pt\/wp-json\/wp\/v2\/posts\/254628","targetHints":{"allow":["GET"]}}],"collection":[{"href":"https:\/\/www.europesays.com\/pt\/wp-json\/wp\/v2\/posts"}],"about":[{"href":"https:\/\/www.europesays.com\/pt\/wp-json\/wp\/v2\/types\/post"}],"author":[{"embeddable":true,"href":"https:\/\/www.europesays.com\/pt\/wp-json\/wp\/v2\/users\/2"}],"replies":[{"embeddable":true,"href":"https:\/\/www.europesays.com\/pt\/wp-json\/wp\/v2\/comments?post=254628"}],"version-history":[{"count":0,"href":"https:\/\/www.europesays.com\/pt\/wp-json\/wp\/v2\/posts\/254628\/revisions"}],"wp:featuredmedia":[{"embeddable":true,"href":"https:\/\/www.europesays.com\/pt\/wp-json\/wp\/v2\/media\/254629"}],"wp:attachment":[{"href":"https:\/\/www.europesays.com\/pt\/wp-json\/wp\/v2\/media?parent=254628"}],"wp:term":[{"taxonomy":"category","embeddable":true,"href":"https:\/\/www.europesays.com\/pt\/wp-json\/wp\/v2\/categories?post=254628"},{"taxonomy":"post_tag","embeddable":true,"href":"https:\/\/www.europesays.com\/pt\/wp-json\/wp\/v2\/tags?post=254628"}],"curies":[{"name":"wp","href":"https:\/\/api.w.org\/{rel}","templated":true}]}}