{"id":25471,"date":"2025-08-11T21:39:08","date_gmt":"2025-08-11T21:39:08","guid":{"rendered":"https:\/\/www.europesays.com\/pt\/25471\/"},"modified":"2025-08-11T21:39:08","modified_gmt":"2025-08-11T21:39:08","slug":"ultima-hora-bruno-de-carvalho-e-expulso-do-big-brother-verao-apos-pontape-big-brother","status":"publish","type":"post","link":"https:\/\/www.europesays.com\/pt\/25471\/","title":{"rendered":"\u00daltima Hora. Bruno de Carvalho \u00e9 Expulso do Big Brother Ver\u00e3o ap\u00f3s pontap\u00e9 &#8211; Big Brother"},"content":{"rendered":"<p><strong>Bruno de Carvalho<\/strong> foi expulso diretamente do Big Brother Ver\u00e3o esta noite, dia 11 de agosto. O momento acaba de acontecer. O antigo presidente do Sporting foi expulso diretamente depois de dar <a href=\"https:\/\/tvi.iol.pt\/bigbrother\/videos\/as-imagens-do-pontape-que-levaram-a-expulsao-direta-de-bruno-de-carvalho\/689a59a90cf28cf8876837f7\" rel=\"nofollow noopener\" target=\"_blank\">um pontap\u00e9 ao concorrente Afonso Leit\u00e3o<\/a>.\u00a0<\/p>\n<p>As imagens s\u00e3o pol\u00e9micas e est\u00e3o a agitar a casa. Maria Botelho Moniz conduz um programa intenso em que o mais tranquilo que tem para transmitir \u00e9 a lista de nomeados da semana.\u00a0<\/p>\n<p>\u00a0<\/p>\n<p><strong>Not\u00edcia em atualiza\u00e7\u00e3o<\/strong><\/p>\n<p>\u00a0<\/p>\n","protected":false},"excerpt":{"rendered":"Bruno de Carvalho foi expulso diretamente do Big Brother Ver\u00e3o esta noite, dia 11 de agosto. O momento&hellip;\n","protected":false},"author":2,"featured_media":25472,"comment_status":"","ping_status":"","sticky":false,"template":"","format":"standard","meta":{"footnotes":""},"categories":[142],"tags":[331,48,341,329,333,328,335,336,114,115,334,332,330,13,32,33,151,162,227],"class_list":{"0":"post-25471","1":"post","2":"type-post","3":"status-publish","4":"format-standard","5":"has-post-thumbnail","7":"category-tv","8":"tag-big","9":"tag-big-brother","10":"tag-bruno-de-carvalho","11":"tag-claudio-ramos","12":"tag-comentadores","13":"tag-concorrentes","14":"tag-confrontos","15":"tag-discussoes","16":"tag-entertainment","17":"tag-entretenimento","18":"tag-exclusivos","19":"tag-expulso","20":"tag-gala","21":"tag-noticias","22":"tag-portugal","23":"tag-pt","24":"tag-tv","25":"tag-tvi","26":"tag-videos"},"share_on_mastodon":{"url":"","error":""},"_links":{"self":[{"href":"https:\/\/www.europesays.com\/pt\/wp-json\/wp\/v2\/posts\/25471","targetHints":{"allow":["GET"]}}],"collection":[{"href":"https:\/\/www.europesays.com\/pt\/wp-json\/wp\/v2\/posts"}],"about":[{"href":"https:\/\/www.europesays.com\/pt\/wp-json\/wp\/v2\/types\/post"}],"author":[{"embeddable":true,"href":"https:\/\/www.europesays.com\/pt\/wp-json\/wp\/v2\/users\/2"}],"replies":[{"embeddable":true,"href":"https:\/\/www.europesays.com\/pt\/wp-json\/wp\/v2\/comments?post=25471"}],"version-history":[{"count":0,"href":"https:\/\/www.europesays.com\/pt\/wp-json\/wp\/v2\/posts\/25471\/revisions"}],"wp:featuredmedia":[{"embeddable":true,"href":"https:\/\/www.europesays.com\/pt\/wp-json\/wp\/v2\/media\/25472"}],"wp:attachment":[{"href":"https:\/\/www.europesays.com\/pt\/wp-json\/wp\/v2\/media?parent=25471"}],"wp:term":[{"taxonomy":"category","embeddable":true,"href":"https:\/\/www.europesays.com\/pt\/wp-json\/wp\/v2\/categories?post=25471"},{"taxonomy":"post_tag","embeddable":true,"href":"https:\/\/www.europesays.com\/pt\/wp-json\/wp\/v2\/tags?post=25471"}],"curies":[{"name":"wp","href":"https:\/\/api.w.org\/{rel}","templated":true}]}}