{"id":254933,"date":"2026-02-03T06:56:13","date_gmt":"2026-02-03T06:56:13","guid":{"rendered":"https:\/\/www.europesays.com\/pt\/254933\/"},"modified":"2026-02-03T06:56:13","modified_gmt":"2026-02-03T06:56:13","slug":"brunna-goncalves-revela-desejos-de-aumentar-a-familia","status":"publish","type":"post","link":"https:\/\/www.europesays.com\/pt\/254933\/","title":{"rendered":"Brunna Gon\u00e7alves revela desejos de aumentar a fam\u00edlia"},"content":{"rendered":"<p>Durante ensaio t\u00e9cnico na Sapuca\u00ed, a dan\u00e7arina <a href=\"https:\/\/caras.com.br\/tags\/brunna-goncalves\" rel=\"nofollow noopener\" target=\"_blank\"><strong>Brunna Gon\u00e7alves<\/strong><\/a>, musa da Grande Rio, revelou detalhes sobre seus planos futuros. A famosa destacou que pretende aumentar a fam\u00edlia ao lado de <a href=\"https:\/\/caras.com.br\/tags\/ludmilla\" rel=\"nofollow noopener\" target=\"_blank\"><strong>Ludmilla<\/strong><\/a>, sua esposa. Vale ressaltar que o casal j\u00e1 possui uma filha, a pequena <strong>Zuri<\/strong>, que nasceu em maio do \u00faltimo ano.<\/p>\n<p>A musa da escola de samba carioca revelou que tem o sonho de ter mais um nen\u00e9m. \u201cEu j\u00e1 falei que eu quero engravidar em seguida pra crescer junto com a Zuri, sabe? Eu quero que sejam mais ou menos da mesma idade, fazer tudo de uma vez s\u00f3\u201d, afirmou ela em entrevista ao Portal Leo Dias.<\/p>\n<p>Segundo ela, desde a primeira gravidez, o casal j\u00e1 deixou tudo preparado para uma segunda gravidez no futuro. \u201cA gente tem desde a outra vez, t\u00e1 botadinho. Assim que eu decidir, \u00e9 s\u00f3 colocar\u201d, disse Brunna.<\/p>\n<p>Mesmo com o sonho e a vontade de se tornar mam\u00e3e pela segunda vez, Brunna revelou que n\u00e3o quer apressar o processo. Ela afirmou que agora n\u00e3o \u00e9 o momento e que, caso uma segunda gesta\u00e7\u00e3o aconte\u00e7a, ser\u00e1 no futuro. \u201cN\u00e3o vai ser agora, n\u00e3o. Calma! Acabei de voltar pro meu corpo. Vou dar um respiro a\u00ed e a gente pensa\u201d, completou a famosa.<\/p>\n<p>O nascimento de Zuri<\/p>\n<p>Em meados de maio do \u00faltimo ano, a cantora Ludmilla anunciou o nascimento de sua primeira filha, a pequena Zuri, fruto de seu relacionamento com a dan\u00e7arina Brunna Gon\u00e7alves. A nen\u00e9m nasceu atrav\u00e9s de um processo de fertiliza\u00e7\u00e3o in vitro (FIV) em Miami, nos Estados Unidos.<\/p>\n<p>O an\u00fancio foi feito atrav\u00e9s das redes sociais das artistas, que compartilharam um registro da m\u00e3ozinha da primeira herdeira. \u201cHoje a gente multiplicou o amor. Sinto que nunca fomos t\u00e3o aben\u00e7oadas por Deus como agora. Bem-vinda ao nosso para\u00edso, Zuri. Aqui, n\u00f3s 3 seremos as mulheres mais felizes do mundo! 14\/05\/2025\u201c, escreveram elas.<\/p>\n<p><strong>Leia tamb\u00e9m:\u00a0<\/strong><a href=\"https:\/\/caras.com.br\/musica\/filha-de-ludmilla-e-brunna-goncalves-rouba-a-cena-com-reacao-ao-ver-as-maes-dancando.phtml\" rel=\"nofollow noopener\" target=\"_blank\">Filha de Ludmilla e Brunna Gon\u00e7alves rouba a cena com rea\u00e7\u00e3o ao ver as m\u00e3es dan\u00e7ando<\/a><\/p>\n<p>        <a href=\"https:\/\/caras.com.br\/autor\/giovanna-f-campos\" rel=\"nofollow noopener\" target=\"_blank\">&#13;<br \/>\n          <img loading=\"lazy\" decoding=\"async\" alt=\"Giovanna F Campos\" src=\"https:\/\/www.europesays.com\/pt\/wp-content\/uploads\/2025\/09\/525986578_1657136028311574_5510063872310493577_n-150x150.jpg\" class=\"avatar avatar-115 photo rounded-circle\" height=\"115\" width=\"115\"\/>        <\/a><\/p>\n<p>Giovanna F Campos \u00e9 estudante de jornalismo pela Faculdade C\u00e1sper L\u00edbero, apaixonada por entretenimento e literatura.<\/p>\n","protected":false},"excerpt":{"rendered":"Durante ensaio t\u00e9cnico na Sapuca\u00ed, a dan\u00e7arina Brunna Gon\u00e7alves, musa da Grande Rio, revelou detalhes sobre seus planos&hellip;\n","protected":false},"author":2,"featured_media":254934,"comment_status":"","ping_status":"","sticky":false,"template":"","format":"standard","meta":{"footnotes":"","_share_on_mastodon":"0"},"categories":[145],"tags":[10022,211,210,114,115,981,1041,2035,32,33,682],"class_list":["post-254933","post","type-post","status-publish","format-standard","has-post-thumbnail","category-celebridades","tag-brunna-goncalves","tag-celebridades","tag-celebrities","tag-entertainment","tag-entretenimento","tag-familia","tag-gravidez","tag-ludmilla","tag-portugal","tag-pt","tag-zuri"],"share_on_mastodon":{"url":"https:\/\/pubeurope.com\/@pt\/116005397002643791","error":""},"_links":{"self":[{"href":"https:\/\/www.europesays.com\/pt\/wp-json\/wp\/v2\/posts\/254933","targetHints":{"allow":["GET"]}}],"collection":[{"href":"https:\/\/www.europesays.com\/pt\/wp-json\/wp\/v2\/posts"}],"about":[{"href":"https:\/\/www.europesays.com\/pt\/wp-json\/wp\/v2\/types\/post"}],"author":[{"embeddable":true,"href":"https:\/\/www.europesays.com\/pt\/wp-json\/wp\/v2\/users\/2"}],"replies":[{"embeddable":true,"href":"https:\/\/www.europesays.com\/pt\/wp-json\/wp\/v2\/comments?post=254933"}],"version-history":[{"count":0,"href":"https:\/\/www.europesays.com\/pt\/wp-json\/wp\/v2\/posts\/254933\/revisions"}],"wp:featuredmedia":[{"embeddable":true,"href":"https:\/\/www.europesays.com\/pt\/wp-json\/wp\/v2\/media\/254934"}],"wp:attachment":[{"href":"https:\/\/www.europesays.com\/pt\/wp-json\/wp\/v2\/media?parent=254933"}],"wp:term":[{"taxonomy":"category","embeddable":true,"href":"https:\/\/www.europesays.com\/pt\/wp-json\/wp\/v2\/categories?post=254933"},{"taxonomy":"post_tag","embeddable":true,"href":"https:\/\/www.europesays.com\/pt\/wp-json\/wp\/v2\/tags?post=254933"}],"curies":[{"name":"wp","href":"https:\/\/api.w.org\/{rel}","templated":true}]}}