{"id":25496,"date":"2025-08-11T21:57:09","date_gmt":"2025-08-11T21:57:09","guid":{"rendered":"https:\/\/www.europesays.com\/pt\/25496\/"},"modified":"2025-08-11T21:57:09","modified_gmt":"2025-08-11T21:57:09","slug":"surpresa-a-caminho-imprensa-turca-revela-que-clube-conversou-com-diogo-costa","status":"publish","type":"post","link":"https:\/\/www.europesays.com\/pt\/25496\/","title":{"rendered":"Surpresa a caminho? Imprensa turca revela que clube conversou com Diogo Costa"},"content":{"rendered":"<p>Diogo Costa interessa ao Galatasaray e o emblema turco esteve em conversa\u00e7\u00f5es pelo guarda-redes do FC Porto. A informa\u00e7\u00e3o est\u00e1 a ser avan\u00e7ada pelo jornalista Haluk Yurekli. <\/p>\n<p>O guarda-redes tem sido cobi\u00e7ado neste mercado de transfer\u00eancias e tem um contrato v\u00e1lido at\u00e9 ao ver\u00e3o de 2027, com uma cl\u00e1usula de rescis\u00e3o de 75 milh\u00f5es de euros. Na \u00faltima temporada realizou 43 encontros, sendo um titular absoluto para o conjunto do Drag\u00e3o, al\u00e9m de ser o capit\u00e3o.<\/p>\n<p>O Galatasaray continua a sua busca por um novo guardi\u00e3o, depois da sa\u00edda de Fernando Muslera. <a href=\"https:\/\/bolanarede.pt\/especial-bola-na-rede\/atualidade\/ederson-ja-tem-principio-de-acordo-com-o-galatasaray-e-sabe-se-o-valor-do-possivel-salario\/\" target=\"_blank\" rel=\"noreferrer noopener nofollow\">Ederson tamb\u00e9m j\u00e1 foi associado j\u00e1 forma\u00e7\u00e3o de Istambul<\/a>.<\/p>\n","protected":false},"excerpt":{"rendered":"Diogo Costa interessa ao Galatasaray e o emblema turco esteve em conversa\u00e7\u00f5es pelo guarda-redes do FC Porto. A&hellip;\n","protected":false},"author":2,"featured_media":25497,"comment_status":"","ping_status":"","sticky":false,"template":"","format":"standard","meta":{"footnotes":""},"categories":[87],"tags":[260,135,478,1380,1399,32,479,33,134],"class_list":{"0":"post-25496","1":"post","2":"type-post","3":"status-publish","4":"format-standard","5":"has-post-thumbnail","7":"category-desporto","8":"tag-atualidade","9":"tag-desporto","10":"tag-destaques-bnr","11":"tag-diogo-costa","12":"tag-galatasaray","13":"tag-portugal","14":"tag-primeira-liga","15":"tag-pt","16":"tag-sports"},"share_on_mastodon":{"url":"","error":""},"_links":{"self":[{"href":"https:\/\/www.europesays.com\/pt\/wp-json\/wp\/v2\/posts\/25496","targetHints":{"allow":["GET"]}}],"collection":[{"href":"https:\/\/www.europesays.com\/pt\/wp-json\/wp\/v2\/posts"}],"about":[{"href":"https:\/\/www.europesays.com\/pt\/wp-json\/wp\/v2\/types\/post"}],"author":[{"embeddable":true,"href":"https:\/\/www.europesays.com\/pt\/wp-json\/wp\/v2\/users\/2"}],"replies":[{"embeddable":true,"href":"https:\/\/www.europesays.com\/pt\/wp-json\/wp\/v2\/comments?post=25496"}],"version-history":[{"count":0,"href":"https:\/\/www.europesays.com\/pt\/wp-json\/wp\/v2\/posts\/25496\/revisions"}],"wp:featuredmedia":[{"embeddable":true,"href":"https:\/\/www.europesays.com\/pt\/wp-json\/wp\/v2\/media\/25497"}],"wp:attachment":[{"href":"https:\/\/www.europesays.com\/pt\/wp-json\/wp\/v2\/media?parent=25496"}],"wp:term":[{"taxonomy":"category","embeddable":true,"href":"https:\/\/www.europesays.com\/pt\/wp-json\/wp\/v2\/categories?post=25496"},{"taxonomy":"post_tag","embeddable":true,"href":"https:\/\/www.europesays.com\/pt\/wp-json\/wp\/v2\/tags?post=25496"}],"curies":[{"name":"wp","href":"https:\/\/api.w.org\/{rel}","templated":true}]}}