{"id":25502,"date":"2025-08-11T22:00:10","date_gmt":"2025-08-11T22:00:10","guid":{"rendered":"https:\/\/www.europesays.com\/pt\/25502\/"},"modified":"2025-08-11T22:00:10","modified_gmt":"2025-08-11T22:00:10","slug":"o-desafio-de-fotografar-estrelas-cadentes-a-400-km-de-altitude","status":"publish","type":"post","link":"https:\/\/www.europesays.com\/pt\/25502\/","title":{"rendered":"o desafio de fotografar estrelas cadentes a 400 km de altitude"},"content":{"rendered":"<p>Esta semana ser\u00e1 especial: vem a\u00ed uma chuva de estrelas. Para o deixar de cabe\u00e7a no ar e olhar fixo no al\u00e9m, prepare-se para observar, na noite de ter\u00e7a para quarta-feira, de 12 para 13 de agosto, o espet\u00e1culo das Perseidas!<\/p>\n<p><a target=\"_blank\" href=\"https:\/\/pplware.sapo.pt\/wp-content\/uploads\/2021\/08\/Perseidas_00.jpeg\" onclick=\"refreshIframe()\" class=\"foobox\" rel=\"nofollow noopener\"><img fetchpriority=\"high\" decoding=\"async\" src=\"https:\/\/www.europesays.com\/pt\/wp-content\/uploads\/2025\/08\/Perseidas_00-720x405.jpeg\" alt=\"\" width=\"720\" height=\"405\" class=\"aligncenter size-medium wp-image-789589\"  \/><\/a><\/p>\n<p>Perseidas s\u00e3o muito dif\u00edceis de captar<\/p>\n<p>As Perseidas s\u00e3o uma das chuvas de meteoros mais conhecidas e observadas no hemisf\u00e9rio norte, recebendo este nome porque o seu radiante, o ponto do c\u00e9u de onde parecem surgir, localiza-se na constela\u00e7\u00e3o de Perseu. O fen\u00f3meno ocorre todos os anos entre o final de julho e meados de agosto, com o pico normalmente entre 11 e 13 de agosto.<\/p>\n<p>Este espet\u00e1culo j\u00e1 foi captado por v\u00e1rios sat\u00e9lites, mas apenas tr\u00eas astronautas conseguiram registar a chuva de meteoros a partir da Esta\u00e7\u00e3o Espacial Internacional.<\/p>\n<p><a target=\"_blank\" href=\"https:\/\/pplware.sapo.pt\/wp-content\/uploads\/2025\/08\/perseidas_2025_01.webp\" rel=\"nofollow noopener\"><img loading=\"lazy\" decoding=\"async\" aria-describedby=\"caption-attachment-1072913\" src=\"https:\/\/www.europesays.com\/pt\/wp-content\/uploads\/2025\/08\/perseidas_2025_01-720x405.webp.webp\" alt=\"Imagem Perseidas\" width=\"720\" height=\"405\" class=\"wp-image-1072913 size-medium\"  \/><\/a><\/p>\n<p id=\"caption-attachment-1072913\" class=\"wp-caption-text\">Imagem: Ron Garan, NASA<\/p>\n<p>Como ser\u00e1 ver uma estrela-cadente a partir da Esta\u00e7\u00e3o Espacial Internacional?<\/p>\n<p>Se j\u00e1 \u00e9 dif\u00edcil observar as Perseidas c\u00e1 em baixo, mesmo existindo guias para o fazer, capt\u00e1-las a partir do espa\u00e7o, deslocando-se a 27.600 km\/h, quando as Perseidas passam a oito vezes essa velocidade e se incendeiam em apenas um segundo, exige paci\u00eancia. Mas pelo menos tr\u00eas astronautas conseguiram: dois norte-americanos e um russo, cada um com um estilo muito particular.<\/p>\n<p>O ex-astronauta da NASA, engenheiro de voo da Expedi\u00e7\u00e3o 28, tirou esta fotografia a 13 de agosto de 2011, durante a chuva de meteoros das Perseidas. A Esta\u00e7\u00e3o Espacial Internacional sobrevoava a China, a cerca de 400 quil\u00f3metros a noroeste de Pequim, quando Garan conseguiu imortalizar o clar\u00e3o de uma Perseida a queimar-se na atmosfera terrestre.<\/p>\n<p><a target=\"_blank\" href=\"https:\/\/pplware.sapo.pt\/wp-content\/uploads\/2025\/08\/perseidas_2025_04.webp\" rel=\"nofollow noopener\"><img loading=\"lazy\" decoding=\"async\" aria-describedby=\"caption-attachment-1072916\" src=\"https:\/\/www.europesays.com\/pt\/wp-content\/uploads\/2025\/08\/perseidas_2025_04-720x405.webp.webp\" alt=\"\" width=\"720\" height=\"405\" class=\"size-medium wp-image-1072916\"  \/><\/a><\/p>\n<p id=\"caption-attachment-1072916\" class=\"wp-caption-text\">Chuva de meteoros Perseidas. NASA\/Preston Dyches<\/p>\n<p>A Esta\u00e7\u00e3o Espacial Internacional \u00e9 um camarote por excel\u00eancia<\/p>\n<p>A fotografia n\u00e3o foi fruto do acaso. O astronauta posicionou-se na c\u00fapula da Esta\u00e7\u00e3o Espacial Internacional (ISS) com a sua c\u00e2mara precisamente durante o pico de atividade das Perseidas.<\/p>\n<p>O brilho verde e amarelo vis\u00edvel entre a Terra e o vazio do espa\u00e7o \u00e9 a luminesc\u00eancia da atmosfera: \u00e1tomos e mol\u00e9culas que se excitam com a luz solar durante o dia e libertam essa energia \u00e0 noite. Quanto ao intenso brilho azul sob os pain\u00e9is solares da esta\u00e7\u00e3o, \u00e9 o amanhecer.<\/p>\n<p>Conhecido por ter passado um ano no espa\u00e7o para se comparar com o seu irm\u00e3o g\u00e9meo Mark, o ex-astronauta norte-americano tamb\u00e9m aproveitou a Expedi\u00e7\u00e3o 44 para tirar fotografias. A 12 de agosto de 2015, Kelly captou uma imagem das estelas deixadas pelas Perseidas em fotografias de longa exposi\u00e7\u00e3o. Sem a presen\u00e7a da Lua, o c\u00e9u estrelado destaca-se quase mais do que o nosso planeta.<\/p>\n<p><a target=\"_blank\" href=\"https:\/\/pplware.sapo.pt\/wp-content\/uploads\/2025\/08\/perseidas_2025_02.webp\" rel=\"nofollow noopener\"><img loading=\"lazy\" decoding=\"async\" aria-describedby=\"caption-attachment-1072914\" src=\"https:\/\/www.europesays.com\/pt\/wp-content\/uploads\/2025\/08\/perseidas_2025_02-720x405.webp.webp\" alt=\"\" width=\"720\" height=\"405\" class=\"size-medium wp-image-1072914\"  \/><\/a><\/p>\n<p id=\"caption-attachment-1072914\" class=\"wp-caption-text\">Imagem: Scott Kelly, NASA<\/p>\n<p>A partir da perspetiva da ISS, que orbita a Terra a cerca de 400 quil\u00f3metros de altitude, meteoros como as Perseidas passam por baixo, aquecendo at\u00e9 \u00e0 incandesc\u00eancia. Os <strong>brilhantes gr\u00e3os de p\u00f3 viajam a cerca de 60 quil\u00f3metros por segundo<\/strong>, desintegrando-se a cerca de 100 quil\u00f3metros acima da superf\u00edcie terrestre.<\/p>\n<p>O <strong>cosmonauta russo, que j\u00e1 viajou cinco vezes ao espa\u00e7o<\/strong> e \u00e9 a pessoa que mais dias passou fora da Terra (1.111), tamb\u00e9m registou a sua pr\u00f3pria fotografia de uma perseida.<\/p>\n<p>F\u00ea-lo a 9 de agosto de 2024, a partir da Esta\u00e7\u00e3o Espacial Internacional. E, embora a cidade ao fundo apare\u00e7a ligeiramente tremida, o detalhe com que captou a estrela-cadente torna-a numa imagem ic\u00f3nica.<\/p>\n<p><a target=\"_blank\" href=\"https:\/\/pplware.sapo.pt\/wp-content\/uploads\/2025\/08\/perseidas_2025_03.webp\" rel=\"nofollow noopener\"><img loading=\"lazy\" decoding=\"async\" aria-describedby=\"caption-attachment-1072915\" src=\"https:\/\/www.europesays.com\/pt\/wp-content\/uploads\/2025\/08\/perseidas_2025_03-720x405.webp.webp\" alt=\"\" width=\"720\" height=\"405\" class=\"size-medium wp-image-1072915\"  \/><\/a><\/p>\n<p id=\"caption-attachment-1072915\" class=\"wp-caption-text\">Imagem: Oleg Kokonenko, Roscosmos<\/p>\n<p>Acredita-se que se trate de uma perseida pela data. Estes meteoros s\u00e3o part\u00edculas libertadas pelo cometa <a target=\"_blank\" href=\"https:\/\/pt.wikipedia.org\/wiki\/109P\/Swift-Tuttle\" rel=\"nofollow noopener\">Swift-Tuttle<\/a> ao longo da sua \u00f3rbita, que, nesta altura do ano, passa suficientemente perto da Terra para que sejam puxadas pelo campo gravitacional do planeta.<\/p>\n<p>O <strong>pico de atividade ocorre em meados de agosto<\/strong>, mas \u00e9 poss\u00edvel observar as Perseidas desde o final de julho at\u00e9 ao in\u00edcio de agosto, em pleno ver\u00e3o no hemisf\u00e9rio norte, o que as torna na chuva de meteoros mais popular deste lado do mundo.<\/p>\n","protected":false},"excerpt":{"rendered":"Esta semana ser\u00e1 especial: vem a\u00ed uma chuva de estrelas. Para o deixar de cabe\u00e7a no ar e&hellip;\n","protected":false},"author":2,"featured_media":25503,"comment_status":"","ping_status":"","sticky":false,"template":"","format":"standard","meta":{"footnotes":""},"categories":[84],"tags":[109,107,108,8727,32,33,105,103,104,106,110],"class_list":{"0":"post-25502","1":"post","2":"type-post","3":"status-publish","4":"format-standard","5":"has-post-thumbnail","7":"category-ciencia-e-tecnologia","8":"tag-ciencia","9":"tag-ciencia-e-tecnologia","10":"tag-cienciaetecnologia","11":"tag-perseidas","12":"tag-portugal","13":"tag-pt","14":"tag-science","15":"tag-science-and-technology","16":"tag-scienceandtechnology","17":"tag-technology","18":"tag-tecnologia"},"share_on_mastodon":{"url":"","error":""},"_links":{"self":[{"href":"https:\/\/www.europesays.com\/pt\/wp-json\/wp\/v2\/posts\/25502","targetHints":{"allow":["GET"]}}],"collection":[{"href":"https:\/\/www.europesays.com\/pt\/wp-json\/wp\/v2\/posts"}],"about":[{"href":"https:\/\/www.europesays.com\/pt\/wp-json\/wp\/v2\/types\/post"}],"author":[{"embeddable":true,"href":"https:\/\/www.europesays.com\/pt\/wp-json\/wp\/v2\/users\/2"}],"replies":[{"embeddable":true,"href":"https:\/\/www.europesays.com\/pt\/wp-json\/wp\/v2\/comments?post=25502"}],"version-history":[{"count":0,"href":"https:\/\/www.europesays.com\/pt\/wp-json\/wp\/v2\/posts\/25502\/revisions"}],"wp:featuredmedia":[{"embeddable":true,"href":"https:\/\/www.europesays.com\/pt\/wp-json\/wp\/v2\/media\/25503"}],"wp:attachment":[{"href":"https:\/\/www.europesays.com\/pt\/wp-json\/wp\/v2\/media?parent=25502"}],"wp:term":[{"taxonomy":"category","embeddable":true,"href":"https:\/\/www.europesays.com\/pt\/wp-json\/wp\/v2\/categories?post=25502"},{"taxonomy":"post_tag","embeddable":true,"href":"https:\/\/www.europesays.com\/pt\/wp-json\/wp\/v2\/tags?post=25502"}],"curies":[{"name":"wp","href":"https:\/\/api.w.org\/{rel}","templated":true}]}}