{"id":255506,"date":"2026-02-03T16:30:06","date_gmt":"2026-02-03T16:30:06","guid":{"rendered":"https:\/\/www.europesays.com\/pt\/255506\/"},"modified":"2026-02-03T16:30:06","modified_gmt":"2026-02-03T16:30:06","slug":"procuradoria-de-paris-realiza-buscas-nos-escritorios-da-rede-social-x-em-franca","status":"publish","type":"post","link":"https:\/\/www.europesays.com\/pt\/255506\/","title":{"rendered":"Procuradoria de Paris realiza buscas nos escrit\u00f3rios da rede social X em Fran\u00e7a"},"content":{"rendered":"<p>                <b>A unidade de cibercrime da Procuradoria est\u00e1 a conduzir as buscas, segundo um comunicado divulgado pela X.<\/b> A Europol est\u00e1 a auxiliar a opera\u00e7\u00e3o.<\/p>\n<p>A Procuradoria acrescentou que as buscas est\u00e3o relacionadas com uma investiga\u00e7\u00e3o aberta em janeiro de 2025.<\/p>\n<p>&#13;<br \/>\n<b>A Procuradoria informou que Musk e a ex-CEO da X, Linda Yaccarino, tamb\u00e9m foram convocados para comparecer a audi\u00eancias a 20 de abril, no \u00e2mbito da investiga\u00e7\u00e3o.<\/b>&#13;\n<\/p>\n<p>&#13;<br \/>\nA opera\u00e7\u00e3o est\u00e1 ligada a uma investiga\u00e7\u00e3o que decorre a um ano sobre <b>suspeitas de abuso de algoritmos e extra\u00e7\u00e3o fraudulenta de dados<\/b> pela empresa X ou pelos seus executivos.&#13;\n<\/p>\n<p>&#13;<br \/>\nO inqu\u00e9rito surgiu ap\u00f3s den\u00fancias de deputados que visavam algoritmos enviesados na rede social, suscet\u00edveis de terem adulterado o seu funcionamento.<br \/>&#13;\n<\/p>\n<p>Em comunicado, <b>a Procuradoria de Paris admitiu estar a alargar o espetro da investiga\u00e7\u00e3o<\/b>, ap\u00f3s den\u00fancias sobre o funcionamento do chatbot de intelig\u00eancia artificial Grok.<\/p>\n<p>A investiga\u00e7\u00e3o vai ainda debru\u00e7ar-se sobre uma alegada cumplicidade na difus\u00e3o de imagens de pornografia infantil e pela viola\u00e7\u00e3o dos direitos de imagem com deepfakes sexualmente expl\u00edcitos, entre outros crimes, como conte\u00fados negando o Holocausto que estavam a circular na plataforma.<\/p>\n<p>&#13;<br \/>\nN\u00e3o h\u00e1 para j\u00e1 uma rea\u00e7\u00e3o da empresa visada. Em julho, <b>Musk negou as acusa\u00e7\u00f5es iniciais, dizendo que os procuradores franceses estavam a lan\u00e7ar uma investiga\u00e7\u00e3o \u201cmotivada por raz\u00f5es pol\u00edticas\u201d e recusando ter manipulado o algoritmo.<\/b>&#13;\n<\/p>\n<p>&#13;<br \/>\nA Procuradoria advoga que se trata de uma opera\u00e7\u00e3o destinada a fazer com que a X siga as leis francesas.&#13;\n<\/p>\n<p>&#13;<br \/>\nAl\u00e9m de Musk e Yaccarino, v\u00e1rios funcion\u00e1rios da plataforma X est\u00e3o tamb\u00e9m convocados para a semana de 20 a 24 de abril de 2026 para serem ouvidos na qualidade de testemunhas.&#13;\n<\/p>\n<p>O inqu\u00e9rito contra a X teve origem numa den\u00fancia feita em 12 de janeiro de 2025 pelo deputado Eric Bothorel, que expressou &#8220;vivas preocupa\u00e7\u00f5es&#8221; relativamente a altera\u00e7\u00f5es de algoritmos na plataforma depois de ter sido adquirida por Musk.<\/p>\n<p>O deputado citou tamb\u00e9m &#8220;inger\u00eancias aparentes&#8221; na gest\u00e3o do antigo Twitter desde que a plataforma foi comprada pelo ex-colaborador do Presidente Donald Trump, segundo o jornal franc\u00eas Le Monde. <\/p>\n<p>O gabinete do procurador tamb\u00e9m anunciou que deixar\u00e1 a plataforma de redes sociais X e que, a partir de agora, comunicar\u00e1 pelo LinkedIn (da Microsoft) e Instagram (da Meta).<\/p>\n<p>&#13;<br \/>\nc\/ag\u00eancias&#13;<\/p>\n","protected":false},"excerpt":{"rendered":"A unidade de cibercrime da Procuradoria est\u00e1 a conduzir as buscas, segundo um comunicado divulgado pela X. A&hellip;\n","protected":false},"author":2,"featured_media":255507,"comment_status":"","ping_status":"","sticky":false,"template":"","format":"standard","meta":{"footnotes":"","_share_on_mastodon":"0"},"categories":[83],"tags":[6031,88,89,90,32,47636,33,2739],"class_list":["post-255506","post","type-post","status-publish","format-standard","has-post-thumbnail","category-empresas","tag-buscas","tag-business","tag-economy","tag-empresas","tag-portugal","tag-procuradoria-de-paris","tag-pt","tag-x"],"share_on_mastodon":{"url":"https:\/\/pubeurope.com\/@pt\/116007654126835508","error":""},"_links":{"self":[{"href":"https:\/\/www.europesays.com\/pt\/wp-json\/wp\/v2\/posts\/255506","targetHints":{"allow":["GET"]}}],"collection":[{"href":"https:\/\/www.europesays.com\/pt\/wp-json\/wp\/v2\/posts"}],"about":[{"href":"https:\/\/www.europesays.com\/pt\/wp-json\/wp\/v2\/types\/post"}],"author":[{"embeddable":true,"href":"https:\/\/www.europesays.com\/pt\/wp-json\/wp\/v2\/users\/2"}],"replies":[{"embeddable":true,"href":"https:\/\/www.europesays.com\/pt\/wp-json\/wp\/v2\/comments?post=255506"}],"version-history":[{"count":0,"href":"https:\/\/www.europesays.com\/pt\/wp-json\/wp\/v2\/posts\/255506\/revisions"}],"wp:featuredmedia":[{"embeddable":true,"href":"https:\/\/www.europesays.com\/pt\/wp-json\/wp\/v2\/media\/255507"}],"wp:attachment":[{"href":"https:\/\/www.europesays.com\/pt\/wp-json\/wp\/v2\/media?parent=255506"}],"wp:term":[{"taxonomy":"category","embeddable":true,"href":"https:\/\/www.europesays.com\/pt\/wp-json\/wp\/v2\/categories?post=255506"},{"taxonomy":"post_tag","embeddable":true,"href":"https:\/\/www.europesays.com\/pt\/wp-json\/wp\/v2\/tags?post=255506"}],"curies":[{"name":"wp","href":"https:\/\/api.w.org\/{rel}","templated":true}]}}