{"id":25570,"date":"2025-08-11T23:01:09","date_gmt":"2025-08-11T23:01:09","guid":{"rendered":"https:\/\/www.europesays.com\/pt\/25570\/"},"modified":"2025-08-11T23:01:09","modified_gmt":"2025-08-11T23:01:09","slug":"espanha-25-portugal-0-a-tragica-goleada-no-campeonato-dos-avioes-de-combate-a-fogos","status":"publish","type":"post","link":"https:\/\/www.europesays.com\/pt\/25570\/","title":{"rendered":"Espanha 25 &#8211; Portugal 0. A tr\u00e1gica goleada no campeonato dos avi\u00f5es de combate a fogos\u00a0"},"content":{"rendered":"<p>\t                Relat\u00f3rio oficial reconhece falhas graves na frota de meios a\u00e9reos<\/p>\n<p paraeid=\"{06a279b4-34e2-4e09-ae58-c6681cceb5ff}{3}\" paraid=\"889482352\">Portugal \u00e9 o \u00fanico pa\u00eds do Mediterr\u00e2neo sem uma frota de avi\u00f5es Canadair, o melhor meio a\u00e9reo do mundo no combate a fogos florestais. S\u00e3o avi\u00f5es anf\u00edbios, preciosos no apoio aos bombeiros. Por um lado, t\u00eam capacidade para descarregar seis mil litros de \u00e1gua em menos de um minuto. Por outro, recarregam facilmente nas albufeiras de barragens ou rios mais pr\u00f3ximos do local dos sinistros. Quando operam em equipa, com v\u00e1rias unidades, conseguem descarregar \u00e1gua, permanentemente, sobre as chamas.\u00a0<\/p>\n<p paraeid=\"{06a279b4-34e2-4e09-ae58-c6681cceb5ff}{84}\" paraid=\"842484038\">\u201cOs Canadair s\u00e3o, talvez, o \u00fanico meio no mundo especialmente concebido para o combate aos inc\u00eandios florestais. H\u00e1 quase um mito do Canadair, como o avi\u00e3o salvador. Por isso, todos os pa\u00edses da Europa adquiriram dezenas de unidades\u201d, exp\u00f5e \u00e0 CNN Portugal Ant\u00f3nio Nunes, presidente da Liga de Bombeiros Portugueses (LBP).\u00a0<\/p>\n<p paraeid=\"{06a279b4-34e2-4e09-ae58-c6681cceb5ff}{144}\" paraid=\"886938728\">Espanha tem 25 destes avi\u00f5es, It\u00e1lia 18, e Fran\u00e7a 12. A Gr\u00e9cia opera 17 e encomendou mais sete, Cro\u00e1cia e Marrocos t\u00eam seis e aguardam, cada um, outros tantos. Nestes pa\u00edses, o contingente de avi\u00f5es \u00e9, em regra, propriedade do Estado.\u00a0\u00a0<\/p>\n<p paraeid=\"{06a279b4-34e2-4e09-ae58-c6681cceb5ff}{192}\" paraid=\"1973415803\">J\u00e1 Portugal, apesar de ser o pa\u00eds da Europa com maior \u00e1rea ardida nos \u00faltimos 30 anos, n\u00e3o tem qualquer unidade Canadair. No tempo dos governos de Ant\u00f3nio Costa, optou antes por helic\u00f3pteros russos Kamov, que <a href=\"https:\/\/cnnportugal.iol.pt\/kamov\/pilotos\/helicopteros-kamov-alugados-para-os-fogos-nao-podem-voar-os-pilotos-ucranianos-nao-falam-portugues\/20230515\/6462978ed34ef47b8753e29b\" rel=\"noreferrer noopener nofollow\" target=\"_blank\">nunca foram eficazes<\/a> no combate a inc\u00eandios e acabaram <a href=\"https:\/\/cnnportugal.iol.pt\/videos\/oferta-anunciada-por-costa-ha-dois-anos-so-agora-vai-chegar-a-ucrania\/66d60c900cf2f130c29966f3\" rel=\"noreferrer noopener nofollow\" target=\"_blank\">oferecidos<\/a> \u00e0 Ucr\u00e2nia.\u00a0<\/p>\n<p>Aluguer acidentado: tr\u00eas Canadair avariados <\/p>\n<p paraeid=\"{06a279b4-34e2-4e09-ae58-c6681cceb5ff}{226}\" paraid=\"261739357\">Ao abrigo de um mecanismo europeu, a For\u00e7a A\u00e9rea Portuguesa (FAP) encomendou dois Canadair, que s\u00f3 dever\u00e3o chegar em 2029. Este n\u00famero \u00e9 considerado manifestamente insuficiente pelos bombeiros. \u201cA frota m\u00ednima \u00e9 de quatro avi\u00f5es, para permitir suprir avarias e necessidades de manuten\u00e7\u00e3o\u201d, exp\u00f5e Ant\u00f3nio Nunes. O presidente da LBP argumenta ainda que o que faz a diferen\u00e7a \u00e9 a possibilidade destes avi\u00f5es atuarem em equipa, reabastecendo e descarregando \u00e1gua, continuamente, sobre os territ\u00f3rios estrat\u00e9gicos para conter fogos \u00e0 nascen\u00e7a e, quando estes atingem propor\u00e7\u00f5es incontrol\u00e1veis, para proteger aldeias e popula\u00e7\u00f5es.\u00a0<\/p>\n<p paraeid=\"{ab28d0c0-7523-4850-a2e3-d4d2b8171876}{11}\" paraid=\"1969829851\">At\u00e9 2027, Portugal contratualizou com a Avincis a disponibilidade de dois Canadair, mais um terceiro de reserva. Os aparelhos objeto de contrato s\u00e3o Canadair 215, o modelo mais antigo, com mais de 30 anos de exist\u00eancia. Esta vers\u00e3o original do avi\u00e3o tem motores mais vulner\u00e1veis \u00e0s altas temperaturas dos inc\u00eandios e ao uso intensivo, decorrente da situa\u00e7\u00e3o descontrolada de Portugal nas \u00faltimas semanas.\u00a0\u00a0<\/p>\n<p paraeid=\"{ab28d0c0-7523-4850-a2e3-d4d2b8171876}{29}\" paraid=\"1483923112\">\u201cEsta \u00e9 uma situa\u00e7\u00e3o sem precedentes. Estamos a dar o nosso melhor para trazer duas aeronaves de substitui\u00e7\u00e3o o mais rapidamente poss\u00edvel para Portugal, provenientes de uma das nossas outras bases na Europa\u201d, reage a Avincis, em resposta escrita \u00e0 CNN Portugal.\u00a0<\/p>\n<p>Falhas reconhecidas oficialmente <\/p>\n<p paraeid=\"{ab28d0c0-7523-4850-a2e3-d4d2b8171876}{57}\" paraid=\"489111715\">Um <a href=\"https:\/\/www.agif.pt\/pt\/relatorio-sobre-meios-aereos-ja-se-encontra-disponivel-para-consulta\" rel=\"noreferrer noopener nofollow\" target=\"_blank\">relat\u00f3rio oficial<\/a>, subscrito pela FAP, Autoridade Nacional de Prote\u00e7\u00e3o Civil e Ag\u00eancia para a Gest\u00e3o Integrada dos Fogos Rurais (AGIF), publicado na semana passada, reconhece as lacunas da frota a\u00e9rea de combate a fogos rurais.\u00a0<\/p>\n<p paraeid=\"{ab28d0c0-7523-4850-a2e3-d4d2b8171876}{68}\" paraid=\"1771822564\">Esse documento alerta para a necessidade de Portugal comprar mais avi\u00f5es Canadair e helic\u00f3pteros pesados, se quer combater com efic\u00e1cia os inc\u00eandios florestais. A frota a\u00e9rea nacional, apesar de alguns avan\u00e7os, ainda tem lacunas graves, que comprometem a resposta r\u00e1pida e eficaz a fogos intensos, deixando as comunidades rurais vulner\u00e1veis.\u00a0<\/p>\n<p paraeid=\"{ab28d0c0-7523-4850-a2e3-d4d2b8171876}{104}\" paraid=\"1526887744\">O relat\u00f3rio, elaborado pela consultora australiana Avtract, elogia o foco no ataque inicial r\u00e1pido, ensaiado em 2022, com 29 helic\u00f3pteros ligeiros e 14 avi\u00f5es m\u00e9dios. Mas, em 2025, com inc\u00eandios mais frequentes, faltam meios para &#8220;peso-de-ataque&#8221; \u2013 ou seja, com capacidade de lan\u00e7ar volumes massivos de \u00e1gua ou retardante. Para al\u00e9m do problema dos Canadair, o Estado tem 10 aeronaves com interesse potencial (3 pesadas e 7 ligeiras), inativas por falta de kits de adapta\u00e7\u00e3o, segundo a FAP.\u00a0<\/p>\n<p paraeid=\"{ab28d0c0-7523-4850-a2e3-d4d2b8171876}{146}\" paraid=\"1972631449\">A coordena\u00e7\u00e3o a\u00e9rea tamb\u00e9m \u00e9 fraca. O dispositivo s\u00f3 disp\u00f5e de dois helic\u00f3pteros de reconhecimento dedicados. Por outro lado, faltam drones com vis\u00e3o noturna, para opera\u00e7\u00f5es de vigil\u00e2ncia de 24 horas por dia.\u00a0\u00a0<\/p>\n<p paraeid=\"{ab28d0c0-7523-4850-a2e3-d4d2b8171876}{184}\" paraid=\"558169552\">Especialistas como Richard Alder, autor do relat\u00f3rio, alertam: &#8220;Sem mais investimento, Portugal arrisca cat\u00e1strofes anuais&#8221;.\u00a0\u00a0<\/p>\n","protected":false},"excerpt":{"rendered":"Relat\u00f3rio oficial reconhece falhas graves na frota de meios a\u00e9reos Portugal \u00e9 o \u00fanico pa\u00eds do Mediterr\u00e2neo sem&hellip;\n","protected":false},"author":2,"featured_media":25571,"comment_status":"","ping_status":"","sticky":false,"template":"","format":"standard","meta":{"footnotes":""},"categories":[10],"tags":[609,836,611,8734,27,28,4986,607,608,333,832,604,135,610,476,15,16,301,830,14,2830,603,25,26,570,21,22,831,833,62,834,12,13,19,20,835,602,52,32,23,24,33,17,18,29,30,31],"class_list":{"0":"post-25570","1":"post","2":"type-post","3":"status-publish","4":"format-standard","5":"has-post-thumbnail","7":"category-portugal","8":"tag-alerta","9":"tag-analise","10":"tag-ao-minuto","11":"tag-avioes-incendios","12":"tag-breaking-news","13":"tag-breakingnews","14":"tag-canadair","15":"tag-cnn","16":"tag-cnn-portugal","17":"tag-comentadores","18":"tag-costa","19":"tag-crime","20":"tag-desporto","21":"tag-direto","22":"tag-economia","23":"tag-featured-news","24":"tag-featurednews","25":"tag-governo","26":"tag-guerra","27":"tag-headlines","28":"tag-incendios","29":"tag-justica","30":"tag-latest-news","31":"tag-latestnews","32":"tag-live","33":"tag-main-news","34":"tag-mainnews","35":"tag-mais-vistas","36":"tag-marcelo","37":"tag-mundo","38":"tag-negocios","39":"tag-news","40":"tag-noticias","41":"tag-noticias-principais","42":"tag-noticiasprincipais","43":"tag-opiniao","44":"tag-pais","45":"tag-politica","46":"tag-portugal","47":"tag-principais-noticias","48":"tag-principaisnoticias","49":"tag-pt","50":"tag-top-stories","51":"tag-topstories","52":"tag-ultimas","53":"tag-ultimas-noticias","54":"tag-ultimasnoticias"},"share_on_mastodon":{"url":"","error":""},"_links":{"self":[{"href":"https:\/\/www.europesays.com\/pt\/wp-json\/wp\/v2\/posts\/25570","targetHints":{"allow":["GET"]}}],"collection":[{"href":"https:\/\/www.europesays.com\/pt\/wp-json\/wp\/v2\/posts"}],"about":[{"href":"https:\/\/www.europesays.com\/pt\/wp-json\/wp\/v2\/types\/post"}],"author":[{"embeddable":true,"href":"https:\/\/www.europesays.com\/pt\/wp-json\/wp\/v2\/users\/2"}],"replies":[{"embeddable":true,"href":"https:\/\/www.europesays.com\/pt\/wp-json\/wp\/v2\/comments?post=25570"}],"version-history":[{"count":0,"href":"https:\/\/www.europesays.com\/pt\/wp-json\/wp\/v2\/posts\/25570\/revisions"}],"wp:featuredmedia":[{"embeddable":true,"href":"https:\/\/www.europesays.com\/pt\/wp-json\/wp\/v2\/media\/25571"}],"wp:attachment":[{"href":"https:\/\/www.europesays.com\/pt\/wp-json\/wp\/v2\/media?parent=25570"}],"wp:term":[{"taxonomy":"category","embeddable":true,"href":"https:\/\/www.europesays.com\/pt\/wp-json\/wp\/v2\/categories?post=25570"},{"taxonomy":"post_tag","embeddable":true,"href":"https:\/\/www.europesays.com\/pt\/wp-json\/wp\/v2\/tags?post=25570"}],"curies":[{"name":"wp","href":"https:\/\/api.w.org\/{rel}","templated":true}]}}