{"id":255792,"date":"2026-02-03T21:33:11","date_gmt":"2026-02-03T21:33:11","guid":{"rendered":"https:\/\/www.europesays.com\/pt\/255792\/"},"modified":"2026-02-03T21:33:11","modified_gmt":"2026-02-03T21:33:11","slug":"homem-desaparecido-em-naufragio-no-douro-foi-atleta-de-remo-do-sport-club-do-porto","status":"publish","type":"post","link":"https:\/\/www.europesays.com\/pt\/255792\/","title":{"rendered":"Homem desaparecido em naufr\u00e1gio no Douro foi atleta de remo do Sport Club do Porto"},"content":{"rendered":"<p data-remotead-prev-elm=\"true\" data-remotead-elm-id=\"inread\">&#8220;O Euz\u00e9bio encontrava-se, enquanto volunt\u00e1rio, junto com os seus colegas remadores a dar o seu melhor no \u00e2mbito da intemp\u00e9rie, como tantas vezes fez ao longo do tempo e em m\u00faltiplas circunst\u00e2ncias &#8211; sendo sempre o primeiro a chegar-se \u00e0 frente quando identificava uma situa\u00e7\u00e3o em que podia ajudar a comunidade e o clube de que faz parte enquanto atleta federado&#8221;, escreveu o Sport Club do Porto numa nota de pesar colocada nas redes sociais ao in\u00edcio da noite desta ter\u00e7a-feira. &#8220;Trata-se de algu\u00e9m que vive intensamente os valores do associativismo que definem o nosso clube &#8211; esp\u00edrito de entreajuda, dedica\u00e7\u00e3o e compromisso com a comunidade &#8211; valores esses que ele n\u00e3o s\u00f3 compreendia, como praticava diariamente&#8221;, acrescenta o texto.<\/p>\n<p data-remotead-prev-elm=\"true\" data-remotead-elm-id=\"inread2\">O homem que o acompanhava aquando do naufr\u00e1gio, tamb\u00e9m com 40 anos, nadou para a margem e saiu praticamente ileso. A embarca\u00e7\u00e3o foi encontrada, ontem, numa praia de Vila do Conde. O &#8220;clube manifesta o seu mais profundo pesar pelo desaparecimento&#8221; do atleta e endere\u00e7ou \u00e0 fam\u00edlia, amigos e a todos os que privam ou privaram com o Euz\u00e9bio as mais sinceras condol\u00eancias. &#8220;A sua presen\u00e7a, entrega e esp\u00edrito solid\u00e1rio n\u00e3o ser\u00e3o esquecidos&#8221;, l\u00ea-se na nota.<\/p>\n<p>Euz\u00e9bio, de 40 anos, natural do Brasil, e come\u00e7ou a atividade desportiva na cidade brasileira Bahia, antes de se mudar para Portugal. &#8220;Vivia na Marina, na roulote que trouxe consigo e que o clube fez quest\u00e3o de acolher, por fazer parte da nossa casa e da nossa gente&#8221;, lembra o Sport Club do Porto. O O clube anuncia que, em &#8220;estreita articula\u00e7\u00e3o com as autoridades competentes, nomeadamente a Pol\u00edcia Mar\u00edtima, continua empenhado nas buscas, mantendo a esperan\u00e7a&#8221; e pedindo respeito pela situa\u00e7\u00e3o.<\/p>\n","protected":false},"excerpt":{"rendered":"&#8220;O Euz\u00e9bio encontrava-se, enquanto volunt\u00e1rio, junto com os seus colegas remadores a dar o seu melhor no \u00e2mbito&hellip;\n","protected":false},"author":2,"featured_media":255793,"comment_status":"","ping_status":"","sticky":false,"template":"","format":"standard","meta":{"footnotes":"","_share_on_mastodon":"0"},"categories":[10],"tags":[27,28,20018,4928,15,16,14,25,26,21,22,2758,12,13,19,20,32,23,24,33,47658,17,18,29,30,31],"class_list":["post-255792","post","type-post","status-publish","format-standard","has-post-thumbnail","category-portugal","tag-breaking-news","tag-breakingnews","tag-concelho-porto","tag-douro","tag-featured-news","tag-featurednews","tag-headlines","tag-latest-news","tag-latestnews","tag-main-news","tag-mainnews","tag-naufragio","tag-news","tag-noticias","tag-noticias-principais","tag-noticiasprincipais","tag-portugal","tag-principais-noticias","tag-principaisnoticias","tag-pt","tag-sport-clube-do-porto","tag-top-stories","tag-topstories","tag-ultimas","tag-ultimas-noticias","tag-ultimasnoticias"],"share_on_mastodon":{"url":"https:\/\/pubeurope.com\/@pt\/116008845530869059","error":""},"_links":{"self":[{"href":"https:\/\/www.europesays.com\/pt\/wp-json\/wp\/v2\/posts\/255792","targetHints":{"allow":["GET"]}}],"collection":[{"href":"https:\/\/www.europesays.com\/pt\/wp-json\/wp\/v2\/posts"}],"about":[{"href":"https:\/\/www.europesays.com\/pt\/wp-json\/wp\/v2\/types\/post"}],"author":[{"embeddable":true,"href":"https:\/\/www.europesays.com\/pt\/wp-json\/wp\/v2\/users\/2"}],"replies":[{"embeddable":true,"href":"https:\/\/www.europesays.com\/pt\/wp-json\/wp\/v2\/comments?post=255792"}],"version-history":[{"count":0,"href":"https:\/\/www.europesays.com\/pt\/wp-json\/wp\/v2\/posts\/255792\/revisions"}],"wp:featuredmedia":[{"embeddable":true,"href":"https:\/\/www.europesays.com\/pt\/wp-json\/wp\/v2\/media\/255793"}],"wp:attachment":[{"href":"https:\/\/www.europesays.com\/pt\/wp-json\/wp\/v2\/media?parent=255792"}],"wp:term":[{"taxonomy":"category","embeddable":true,"href":"https:\/\/www.europesays.com\/pt\/wp-json\/wp\/v2\/categories?post=255792"},{"taxonomy":"post_tag","embeddable":true,"href":"https:\/\/www.europesays.com\/pt\/wp-json\/wp\/v2\/tags?post=255792"}],"curies":[{"name":"wp","href":"https:\/\/api.w.org\/{rel}","templated":true}]}}