{"id":255961,"date":"2026-02-04T00:30:12","date_gmt":"2026-02-04T00:30:12","guid":{"rendered":"https:\/\/www.europesays.com\/pt\/255961\/"},"modified":"2026-02-04T00:30:12","modified_gmt":"2026-02-04T00:30:12","slug":"carolina-braga-enfrenta-fase-dificil-e-manda-farpa-a-fas-como-se-soubessem-tudo","status":"publish","type":"post","link":"https:\/\/www.europesays.com\/pt\/255961\/","title":{"rendered":"Carolina Braga enfrenta fase dif\u00edcil e manda farpa a f\u00e3s: &#8220;Como se soubessem tudo&#8221;"},"content":{"rendered":"<p>Carolina Braga est\u00e1 a passar por um per\u00edodo delicado. Num desabafo partilhado, esta ter\u00e7a-feira, dia 3, no Instagram, a ex-concorrente do &#8220;<a href=\"https:\/\/tvi.iol.pt\/bigbrother\/\" target=\"_blank\" rel=\"nofollow noopener\">Big Brother<\/a> 2025&#8243; n\u00e3o abriu o jogo sobre o que tem acontecido, mas deixou um importante pedido a quem a segue.<\/p>\n<p>&#8220;Bem, querem-me sem filtros, ent\u00e3o, venho aqui dizer que tenho estado mais ausente das redes nos \u00faltimos dias e tenho recebido muitas mensagens sobre isso. N\u00e3o por desinteresse, mas porque comecei o ano de uma forma diferente, a precisar de tempo para mim, para me recompor. N\u00e3o sou um rob\u00f4, sou uma pessoa. N\u00e3o tenho a obriga\u00e7\u00e3o de estar sempre dispon\u00edvel. Quando sinto que preciso de me afastar, eu afasto-me&#8221;, disse <a href=\"https:\/\/selfie.iol.pt\/famosos\/big-brother\/imagem-inedita-apos-reconciliacao-carolina-braga-beija-namorado-na-boca\/20251116\/691a2729d34e2bd5c6d41233\" target=\"_blank\" rel=\"nofollow noopener\">Carolina Braga<\/a>.<\/p>\n<p>De seguida, a jovem apontou o dedo: &#8220;As pessoas continuam a viver na hipocrisia de, nos momentos tr\u00e1gicos, aparecerem todas n\u00e3o sei de onde a falar de sa\u00fade mental, quando, no dia-a-dia, n\u00e3o fazem o m\u00ednimo para respeitar aquilo que tanto dizem querer implementar. H\u00e1 vida fora das redes tamb\u00e9m.&#8221;<\/p>\n<p><a href=\"https:\/\/selfie.iol.pt\/famosos\/big-brother\/carolina-braga-e-solange-tavares-ainda-sao-amigas\/20260103\/6958f76ed34e2bd5c6d5c668\" target=\"_blank\" rel=\"nofollow noopener\">Carolina Braga<\/a> deixou, depois, um pedido aos f\u00e3s, com uma alfinetada \u00e0 mistura. &#8220;N\u00e3o me perguntem o que se passa. Normalizem apenas que todos temos fases: \u00e0s vezes, estamos bem; outras, \u00f3timos; e, outras, horr\u00edveis. E est\u00e1 tudo certo. Quis tamb\u00e9m transparecer aqui uma realidade que muitos escondem, mas da qual eu n\u00e3o tenho problema algum em falar. N\u00e3o quero ser ingrata a quem gosta de mim, muito pelo contr\u00e1rio. Portanto, parem de mandar mensagens a dizer m****, como se soubessem tudo&#8221;, apelou, deixando claro: &#8220;O meu namorado, a minha m\u00e3e e os meus irm\u00e3os t\u00eam sido o meu colo di\u00e1rio e, \u00e0s vezes, \u00e9 s\u00f3 disso que precisamos.&#8221;<\/p>\n<p>&#8220;Aos que mandam mensagem e eu n\u00e3o respondo, perdoem-me, mas obrigada por compreenderem e por n\u00e3o me deixarem sozinha, mesmo na aus\u00eancia de resposta. Voc\u00eas s\u00e3o incr\u00edveis. Aos poucos, hei de ir aparecendo mais. A quem fica, compreende e respeita: obrigada. A quem n\u00e3o gosta ou n\u00e3o quer estar: n\u00e3o seguir. \u00c9 s\u00f3 uma fase e est\u00e1 tudo bem&#8221;, tranquilizou ainda a ex-participante do reality show da <a href=\"https:\/\/tvi.iol.pt\/\" target=\"_blank\" rel=\"nofollow noopener\">TVI<\/a>.<\/p>\n<p style=\"text-align:center\"><img loading=\"lazy\" decoding=\"async\" alt=\"\" height=\"889\" src=\"https:\/\/www.europesays.com\/pt\/wp-content\/uploads\/2026\/02\/69823491d34e92a344985fc2.webp\" width=\"500\"\/><\/p>\n<p>\u00a0<\/p>\n","protected":false},"excerpt":{"rendered":"Carolina Braga est\u00e1 a passar por um per\u00edodo delicado. Num desabafo partilhado, esta ter\u00e7a-feira, dia 3, no Instagram,&hellip;\n","protected":false},"author":2,"featured_media":255962,"comment_status":"","ping_status":"","sticky":false,"template":"","format":"standard","meta":{"footnotes":"","_share_on_mastodon":"0"},"categories":[142],"tags":[6308,6812,48,6810,2072,114,115,6309,980,1015,619,32,33,1014,1012,151,162],"class_list":["post-255961","post","type-post","status-publish","format-standard","has-post-thumbnail","category-tv","tag-bb","tag-bb2025","tag-big-brother","tag-big-brother-2025","tag-carolina-braga","tag-entertainment","tag-entretenimento","tag-ex-concorrente","tag-famosos","tag-instagram","tag-nacional","tag-portugal","tag-pt","tag-reality-show","tag-selfie","tag-tv","tag-tvi"],"share_on_mastodon":{"url":"https:\/\/pubeurope.com\/@pt\/116009541502006703","error":""},"_links":{"self":[{"href":"https:\/\/www.europesays.com\/pt\/wp-json\/wp\/v2\/posts\/255961","targetHints":{"allow":["GET"]}}],"collection":[{"href":"https:\/\/www.europesays.com\/pt\/wp-json\/wp\/v2\/posts"}],"about":[{"href":"https:\/\/www.europesays.com\/pt\/wp-json\/wp\/v2\/types\/post"}],"author":[{"embeddable":true,"href":"https:\/\/www.europesays.com\/pt\/wp-json\/wp\/v2\/users\/2"}],"replies":[{"embeddable":true,"href":"https:\/\/www.europesays.com\/pt\/wp-json\/wp\/v2\/comments?post=255961"}],"version-history":[{"count":0,"href":"https:\/\/www.europesays.com\/pt\/wp-json\/wp\/v2\/posts\/255961\/revisions"}],"wp:featuredmedia":[{"embeddable":true,"href":"https:\/\/www.europesays.com\/pt\/wp-json\/wp\/v2\/media\/255962"}],"wp:attachment":[{"href":"https:\/\/www.europesays.com\/pt\/wp-json\/wp\/v2\/media?parent=255961"}],"wp:term":[{"taxonomy":"category","embeddable":true,"href":"https:\/\/www.europesays.com\/pt\/wp-json\/wp\/v2\/categories?post=255961"},{"taxonomy":"post_tag","embeddable":true,"href":"https:\/\/www.europesays.com\/pt\/wp-json\/wp\/v2\/tags?post=255961"}],"curies":[{"name":"wp","href":"https:\/\/api.w.org\/{rel}","templated":true}]}}