{"id":25597,"date":"2025-08-11T23:24:08","date_gmt":"2025-08-11T23:24:08","guid":{"rendered":"https:\/\/www.europesays.com\/pt\/25597\/"},"modified":"2025-08-11T23:24:08","modified_gmt":"2025-08-11T23:24:08","slug":"portaria-afasta-cardiologistas-de-diabeticos-radio-voz-da-planicie-104-5fm","status":"publish","type":"post","link":"https:\/\/www.europesays.com\/pt\/25597\/","title":{"rendered":"Portaria afasta cardiologistas de diab\u00e9ticos | R\u00e1dio Voz da Plan\u00edcie &#8211; 104.5FM"},"content":{"rendered":"<p>Desde hoje, apenas m\u00e9dicos das especialidades de endocrinologia e nutri\u00e7\u00e3o, medicina interna, pediatria e medicina geral e familiar podem prescrever medicamentos da classe dos agonistas dos recetores GLP-1 (semaglutido, dulaglutido, liraglutido e exenatido), onde se inclui o Ozempic, indicado para o tratamento da diabetes tipo 2, mas que est\u00e1 tamb\u00e9m a ser usado para combater a obesidade e a perda de peso.<\/p>\n<p>Em declara\u00e7\u00f5es \u00e0 ag\u00eancia Lusa, a presidente da SPC, Cristina Gavina, afirmou que os cardiologistas \u201ccompreendem perfeitamente\u201d a necessidade de controlar a prescri\u00e7\u00e3o para garantir o acesso a quem mais precisa. &#8220;O problema&#8221;, notou, \u00e9 que muitos doentes coron\u00e1rios, que tamb\u00e9m s\u00e3o diab\u00e9ticos, s\u00e3o acompanhados por estes especialistas.&#13;\n<\/p>\n<p>\u201cCerca de 30 a 40% dos doentes com doen\u00e7a coron\u00e1ria t\u00eam diabetes associada e a doen\u00e7a cardiovascular \u00e9 a principal causa de morte nos diab\u00e9ticos: Dois em cada tr\u00eas v\u00e3o morrer de complica\u00e7\u00f5es cardiovasculares\u201d, elucidou.&#13;\n<\/p>\n<p>Neste contexto, defendeu, ser \u201cimposs\u00edvel tirar um cardiologista desta equa\u00e7\u00e3o\u201d.&#13;\n<\/p>\n<p>Cristina Gavina salientou que o \u201ccen\u00e1rio ideal\u201d seria o seguimento destes doentes em consultas multidisciplinares, com acesso a endocrinologistas, internistas e m\u00e9dicos de fam\u00edlia. Por\u00e9m, alertou, \u201cestamos no pa\u00eds real e no pa\u00eds real muitos doentes\u201d que sofreram um enfarte s\u00f3 ter\u00e3o contacto com o seu cardiologista no primeiro ano ap\u00f3s o enfarte.&#13;\n<\/p>\n<p>Por isso, considerou \u201cum erro\u201d impedir que o cardiologista possa prescrever com comparticipa\u00e7\u00e3o estes f\u00e1rmacos para quem tem indica\u00e7\u00e3o.&#13;\n<\/p>\n<p>\u201cAs pessoas conhecem estes medicamentos para perda de peso. Para n\u00f3s, cardiologistas, n\u00e3o s\u00e3o (\u2026). O benef\u00edcio que queremos para os nossos doentes \u00e9 a redu\u00e7\u00e3o da mortalidade, do enfarte e do AVC\u201d, real\u00e7ou.&#13;\n<\/p>\n<p>A especialista sublinhou que o importante \u00e9 manter os f\u00e1rmacos dispon\u00edveis para quem deles necessita, mas defendeu que o problema de acesso n\u00e3o se resolve \u201climitando as especialidades m\u00e9dicas que podem prescrever com comparticipa\u00e7\u00e3o\u201d.&#13;\n<\/p>\n<p>\u201c\u00c9 a solu\u00e7\u00e3o mais f\u00e1cil, mas n\u00e3o \u00e9 aquela que vai garantir mais equidade\u201d, sublinhou, acrescentando: \u201cHoje, se quiser, posso prescrever, mas o doente n\u00e3o vai ter qualquer reembolso do SNS. Isso n\u00e3o faz sentido\u201d, frisou.&#13;\n<\/p>\n<p>Questionada se esta decis\u00e3o pode colocar em risco a vida de doentes, a especialista afirmou: \u201cN\u00e3o queria ser dram\u00e1tica e dizer que vamos p\u00f4r em causa a vida imediata dos doentes, mas seguramente que a probabilidade de virem a morrer de doen\u00e7a cardiovascular ou terem um evento cardiovascular vai ser maior\u201d, porque estes medicamentos funcionam nestas circunst\u00e2ncia.&#13;\n<\/p>\n<p>Adiantou que a SPC alertou o Minist\u00e9rio da Sa\u00fade e a Dire\u00e7\u00e3o-Geral da Sa\u00fade h\u00e1 mais de dois meses, atrav\u00e9s de uma carta, para esta situa\u00e7\u00e3o, mas \u201cnada foi feito\u201d.&#13;\n<\/p>\n<p>Agora, vai reiterar o pedido de revis\u00e3o da portaria, manifestando-se dispon\u00edvel para contribuir para uma solu\u00e7\u00e3o equilibrada.&#13;\n<\/p>\n<p>Questionada sobre o impacto da medida, Cristina Gavina estimou que entre 15% a 20% dos doentes com doen\u00e7a coron\u00e1ria t\u00eam tamb\u00e9m diabetes e obesidade. Alguns v\u00e3o ter acesso aos melhores cuidados e conseguir essa prescri\u00e7\u00e3o, mas muitos outros n\u00e3o. \u201cE esses s\u00e3o os que v\u00e3o pagar a fatura\u201d, lamentou.&#13;\n<\/p>\n<p>Num comunicado, tamb\u00e9m subscrita pelo Col\u00e9gio da Especialidade de Cardiologia da Ordem dos M\u00e9dicos, pela Associa\u00e7\u00e3o de doentes coron\u00e1rios e a Associa\u00e7\u00e3o de Apoio aos Doentes com Insufici\u00eancia Card\u00edaca, a SPC alerta que \u201cum SNS com dificuldades, a imposi\u00e7\u00e3o desta portaria vai necessariamente fragmentar cuidados e aumentar listas de espera e a sobrecarga burocr\u00e1tica de muitas especialidades m\u00e9dicas\u201d.<\/p>\n","protected":false},"excerpt":{"rendered":"Desde hoje, apenas m\u00e9dicos das especialidades de endocrinologia e nutri\u00e7\u00e3o, medicina interna, pediatria e medicina geral e familiar&hellip;\n","protected":false},"author":2,"featured_media":25598,"comment_status":"","ping_status":"","sticky":false,"template":"","format":"standard","meta":{"footnotes":""},"categories":[86],"tags":[288,4261,4266,4262,836,611,260,4267,1564,3702,109,470,2535,315,135,476,4268,2085,524,116,294,352,4263,606,4269,3001,53,13,4282,4280,4281,4279,4278,4276,4277,4283,4284,4275,4274,4273,4264,3048,835,4270,52,32,33,766,3551,679,117,4265,58,110,2512,30,578,4271],"class_list":{"0":"post-25597","1":"post","2":"type-post","3":"status-publish","4":"format-standard","5":"has-post-thumbnail","7":"category-saude","8":"tag-alentejo","9":"tag-aljustrel","10":"tag-almodovar","11":"tag-alvito","12":"tag-analise","13":"tag-ao-minuto","14":"tag-atualidade","15":"tag-barrancos","16":"tag-beja","17":"tag-castro-verde","18":"tag-ciencia","19":"tag-cinema","20":"tag-cuba","21":"tag-cultura","22":"tag-desporto","23":"tag-economia","24":"tag-ferreira-do-alentejo","25":"tag-fotografia","26":"tag-futebol","27":"tag-health","28":"tag-lazer","29":"tag-local","30":"tag-mertola","31":"tag-meteorologia","32":"tag-moura","33":"tag-multimedia","34":"tag-newsletters","35":"tag-noticias","36":"tag-noticias-de-ciencia","37":"tag-noticias-de-cultura","38":"tag-noticias-de-desporto","39":"tag-noticias-de-economia","40":"tag-noticias-de-local","41":"tag-noticias-de-politica","42":"tag-noticias-de-sociedade","43":"tag-noticias-de-tecnologia","44":"tag-noticias-em-portugues","45":"tag-noticias-mais-lidas","46":"tag-noticias-mais-partilhadas","47":"tag-noticias-populares","48":"tag-odemira","49":"tag-online","50":"tag-opiniao","51":"tag-ourique","52":"tag-politica","53":"tag-portugal","54":"tag-pt","55":"tag-radio","56":"tag-regiao","57":"tag-reportagem","58":"tag-saude","59":"tag-serpa","60":"tag-sociedade","61":"tag-tecnologia","62":"tag-ultima-hora","63":"tag-ultimas-noticias","64":"tag-video","65":"tag-vidigueira"},"share_on_mastodon":{"url":"","error":""},"_links":{"self":[{"href":"https:\/\/www.europesays.com\/pt\/wp-json\/wp\/v2\/posts\/25597","targetHints":{"allow":["GET"]}}],"collection":[{"href":"https:\/\/www.europesays.com\/pt\/wp-json\/wp\/v2\/posts"}],"about":[{"href":"https:\/\/www.europesays.com\/pt\/wp-json\/wp\/v2\/types\/post"}],"author":[{"embeddable":true,"href":"https:\/\/www.europesays.com\/pt\/wp-json\/wp\/v2\/users\/2"}],"replies":[{"embeddable":true,"href":"https:\/\/www.europesays.com\/pt\/wp-json\/wp\/v2\/comments?post=25597"}],"version-history":[{"count":0,"href":"https:\/\/www.europesays.com\/pt\/wp-json\/wp\/v2\/posts\/25597\/revisions"}],"wp:featuredmedia":[{"embeddable":true,"href":"https:\/\/www.europesays.com\/pt\/wp-json\/wp\/v2\/media\/25598"}],"wp:attachment":[{"href":"https:\/\/www.europesays.com\/pt\/wp-json\/wp\/v2\/media?parent=25597"}],"wp:term":[{"taxonomy":"category","embeddable":true,"href":"https:\/\/www.europesays.com\/pt\/wp-json\/wp\/v2\/categories?post=25597"},{"taxonomy":"post_tag","embeddable":true,"href":"https:\/\/www.europesays.com\/pt\/wp-json\/wp\/v2\/tags?post=25597"}],"curies":[{"name":"wp","href":"https:\/\/api.w.org\/{rel}","templated":true}]}}