{"id":256115,"date":"2026-02-04T03:07:08","date_gmt":"2026-02-04T03:07:08","guid":{"rendered":"https:\/\/www.europesays.com\/pt\/256115\/"},"modified":"2026-02-04T03:07:08","modified_gmt":"2026-02-04T03:07:08","slug":"zendaya-e-robert-pattinson-lidam-com-noivado-conturbado-em-novo-trailer-de-o-drama","status":"publish","type":"post","link":"https:\/\/www.europesays.com\/pt\/256115\/","title":{"rendered":"Zendaya e Robert Pattinson lidam com noivado conturbado em novo trailer de O Drama"},"content":{"rendered":"<p class=\"wp-block-yoast-seo-estimated-reading-time yoast-reading-time__wrapper\">Estimated reading time: 2 minutos<\/p>\n<p>O clima de noivado para <a href=\"https:\/\/ovicio.com.br\/tag\/zendaya\" target=\"_blank\" rel=\"noreferrer noopener nofollow\">Zendaya<\/a> e <strong>Robert Pattinson <\/strong>n\u00e3o est\u00e1 nada bem em <a href=\"https:\/\/ovicio.com.br\/tag\/o-drama\" target=\"_blank\" rel=\"noreferrer noopener nofollow\">O Drama (2026)<\/a>, e <strong>A24 <\/strong>revela trailer in\u00e9dito de sua pr\u00f3xima aposta cinematogr\u00e1fica com a poderosa dupla de Hollywood.<\/p>\n<p>No novo vislumbre da com\u00e9dia rom\u00e2ntica de humor negro, vemos o casal viver intensamente na semana que antecede seu casamento, com revela\u00e7\u00f5es que podem acabar azedando o clima pr\u00e9-nupcial. Assista:<\/p>\n<p>Dirigido por\u00a0<strong>Kristoffer Borgli<\/strong>, o longa-metragem promete subverter todos os clich\u00eas de com\u00e9dias rom\u00e2nticas, direcionando a trama para um conflito verdadeiramente desconfortante.<\/p>\n<p>Nos cinemas do Brasil, o lan\u00e7amento segue agendado para <strong>9 de abril deste ano<\/strong>, enquanto o elenco ainda \u00e9 composto por<strong> Alana Haim<\/strong> (Uma Batalha Ap\u00f3s a Outra) e <strong>Kristoffer Borgli<\/strong> (O Homem dos Sonhos).<\/p>\n<p>Leia mais sobre O Drama:<\/p>\n<p><strong>Fonte:<\/strong> <a href=\"https:\/\/www.youtube.com\/watch?v=6zmKcUa4Xxk\" target=\"_blank\" rel=\"noreferrer noopener nofollow\">A24<\/a>.<\/p>\n","protected":false},"excerpt":{"rendered":"Estimated reading time: 2 minutos O clima de noivado para Zendaya e Robert Pattinson n\u00e3o est\u00e1 nada bem&hellip;\n","protected":false},"author":2,"featured_media":256116,"comment_status":"","ping_status":"","sticky":false,"template":"","format":"standard","meta":{"footnotes":"","_share_on_mastodon":"0"},"categories":[140],"tags":[18511,114,115,147,148,146,42618,32,33,12988,14908,14105],"class_list":["post-256115","post","type-post","status-publish","format-standard","has-post-thumbnail","category-filmes","tag-a24","tag-entertainment","tag-entretenimento","tag-film","tag-filmes","tag-movies","tag-o-drama","tag-portugal","tag-pt","tag-robert-patrick","tag-robert-pattinson","tag-zendaya"],"share_on_mastodon":{"url":"https:\/\/pubeurope.com\/@pt\/116010158907530650","error":""},"_links":{"self":[{"href":"https:\/\/www.europesays.com\/pt\/wp-json\/wp\/v2\/posts\/256115","targetHints":{"allow":["GET"]}}],"collection":[{"href":"https:\/\/www.europesays.com\/pt\/wp-json\/wp\/v2\/posts"}],"about":[{"href":"https:\/\/www.europesays.com\/pt\/wp-json\/wp\/v2\/types\/post"}],"author":[{"embeddable":true,"href":"https:\/\/www.europesays.com\/pt\/wp-json\/wp\/v2\/users\/2"}],"replies":[{"embeddable":true,"href":"https:\/\/www.europesays.com\/pt\/wp-json\/wp\/v2\/comments?post=256115"}],"version-history":[{"count":0,"href":"https:\/\/www.europesays.com\/pt\/wp-json\/wp\/v2\/posts\/256115\/revisions"}],"wp:featuredmedia":[{"embeddable":true,"href":"https:\/\/www.europesays.com\/pt\/wp-json\/wp\/v2\/media\/256116"}],"wp:attachment":[{"href":"https:\/\/www.europesays.com\/pt\/wp-json\/wp\/v2\/media?parent=256115"}],"wp:term":[{"taxonomy":"category","embeddable":true,"href":"https:\/\/www.europesays.com\/pt\/wp-json\/wp\/v2\/categories?post=256115"},{"taxonomy":"post_tag","embeddable":true,"href":"https:\/\/www.europesays.com\/pt\/wp-json\/wp\/v2\/tags?post=256115"}],"curies":[{"name":"wp","href":"https:\/\/api.w.org\/{rel}","templated":true}]}}