{"id":257134,"date":"2026-02-04T23:31:11","date_gmt":"2026-02-04T23:31:11","guid":{"rendered":"https:\/\/www.europesays.com\/pt\/257134\/"},"modified":"2026-02-04T23:31:11","modified_gmt":"2026-02-04T23:31:11","slug":"memphis-depay-revela-seus-quatro-musicos-brasileiros-favoritos-saiba-quais-sao-r7-esportes","status":"publish","type":"post","link":"https:\/\/www.europesays.com\/pt\/257134\/","title":{"rendered":"Memphis Depay revela seus quatro m\u00fasicos brasileiros favoritos; saiba quais s\u00e3o \u2013 R7 Esportes"},"content":{"rendered":"<p>\\n&#8221;,&#8221;type&#8221;:&#8221;raw_html&#8221;},{&#8220;_id&#8221;:&#8221;FP3ECVAOVFE27CPRAOIINMTYWQ&#8221;,&#8221;additional_properties&#8221;:{},&#8221;content&#8221;:&#8221;<b>N\u00e3o perca nenhum lance! <\/b><a href=\"\\&quot;https:\/\/whatsapp.com\/channel\/0029Va5E3ZJFcow2dQ1Q0y2i\\&quot;\" target=\"\\&quot;_blank\\&quot;\" rel=\"\\&quot;\\&quot;\" title=\"\\&quot;https:\/\/whatsapp.com\/channel\/0029Va5E3ZJFcow2dQ1Q0y2i\\&quot;\"><b>Siga o canal de esportes do R7<\/b><\/a><b>, o portal de not\u00edcias da Record, no WhatsApp<\/b>&#8220;,&#8221;type&#8221;:&#8221;text&#8221;}],&#8221;created_date&#8221;:&#8221;2026-02-04T19:20:17.349Z&#8221;,&#8221;credits&#8221;:{&#8220;by&#8221;:[{&#8220;_id&#8221;:&#8221;Ag\u00eanciaEstado&#8221;,&#8221;type&#8221;:&#8221;author&#8221;,&#8221;version&#8221;:&#8221;0.5.8&#8243;,&#8221;name&#8221;:&#8221;Estad\u00e3o Conte\u00fado Estado&#8221;,&#8221;image&#8221;:{&#8220;url&#8221;:&#8221;&#8221;,&#8221;version&#8221;:&#8221;0.5.8&#8243;},&#8221;description&#8221;:&#8221;&#8221;,&#8221;url&#8221;:&#8221;&#8221;,&#8221;slug&#8221;:&#8221;estadao-conteudo&#8221;,&#8221;social_links&#8221;:[{&#8220;site&#8221;:&#8221;email&#8221;,&#8221;url&#8221;:&#8221;&#8221;}],&#8221;socialLinks&#8221;:[{&#8220;site&#8221;:&#8221;email&#8221;,&#8221;url&#8221;:&#8221;&#8221;,&#8221;deprecated&#8221;:true,&#8221;deprecation_msg&#8221;:&#8221;Please use social_links.&#8221;}],&#8221;additional_properties&#8221;:{&#8220;original&#8221;:{&#8220;_id&#8221;:&#8221;Ag\u00eanciaEstado&#8221;,&#8221;firstName&#8221;:&#8221;Estad\u00e3o Conte\u00fado&#8221;,&#8221;lastName&#8221;:&#8221;Estado&#8221;,&#8221;byline&#8221;:&#8221;Do Estad\u00e3o Conte\u00fado&#8221;,&#8221;image&#8221;:&#8221;&#8221;,&#8221;email&#8221;:&#8221;&#8221;,&#8221;affiliations&#8221;:&#8221;&#8221;,&#8221;education&#8221;:[],&#8221;awards&#8221;:[],&#8221;books&#8221;:[],&#8221;podcasts&#8221;:[],&#8221;bio_page&#8221;:&#8221;&#8221;,&#8221;bio&#8221;:&#8221;&#8221;,&#8221;longBio&#8221;:&#8221;&#8221;,&#8221;slug&#8221;:&#8221;estadao-conteudo&#8221;,&#8221;native_app_rendering&#8221;:false,&#8221;fuzzy_match&#8221;:false,&#8221;contributor&#8221;:false,&#8221;status&#8221;:true,&#8221;last_updated_date&#8221;:&#8221;2024-06-07T12:24:36.612Z&#8221;}}}]},&#8221;description&#8221;:{&#8220;basic&#8221;:&#8221;Atacante holand\u00eas tamb\u00e9m \u00e9 conhecido pelas produ\u00e7\u00f5es musicais&#8221;},&#8221;display_date&#8221;:&#8221;2026-02-04T19:27:50.43Z&#8221;,&#8221;distributor&#8221;:{&#8220;category&#8221;:&#8221;other&#8221;,&#8221;name&#8221;:&#8221;newr7&#8243;},&#8221;first_publish_date&#8221;:&#8221;2026-02-04T19:27:50.43Z&#8221;,&#8221;geo&#8221;:{},&#8221;headlines&#8221;:{&#8220;basic&#8221;:&#8221;Memphis Depay revela seus quatro m\u00fasicos brasileiros favoritos; saiba quais s\u00e3o &#8220;,&#8221;meta_title&#8221;:&#8221;&#8221;,&#8221;mobile&#8221;:&#8221;&#8221;,&#8221;native&#8221;:&#8221;&#8221;,&#8221;print&#8221;:&#8221;&#8221;,&#8221;table&#8221;:&#8221;&#8221;,&#8221;tablet&#8221;:&#8221;&#8221;,&#8221;web&#8221;:&#8221;&#8221;},&#8221;label&#8221;:{},&#8221;language&#8221;:&#8221;&#8221;,&#8221;last_updated_date&#8221;:&#8221;2026-02-04T19:28:21.802Z&#8221;,&#8221;owner&#8221;:{&#8220;id&#8221;:&#8221;newr7&#8243;,&#8221;sponsored&#8221;:false},&#8221;planning&#8221;:{&#8220;scheduling&#8221;:{},&#8221;story_length&#8221;:{&#8220;character_count_actual&#8221;:1160,&#8221;inch_count_actual&#8221;:2,&#8221;line_count_actual&#8221;:8,&#8221;word_count_actual&#8221;:199}},&#8221;promo_items&#8221;:{&#8220;basic&#8221;:{&#8220;_id&#8221;:&#8221;TREVSQW7ONHQBGK2HBMQNNF2C4&#8243;,&#8221;additional_properties&#8221;:{&#8220;fullSizeResizeUrl&#8221;:&#8221;\/resizer\/v2\/TREVSQW7ONHQBGK2HBMQNNF2C4.jpeg?auth=375af4fde5673b59cdd27582cd22d116f9d3687aef8ad792d8897f6f7d46562c&#8221;,&#8221;galleries&#8221;:[],&#8221;keywords&#8221;:[],&#8221;mime_type&#8221;:&#8221;image\/jpeg&#8221;,&#8221;originalName&#8221;:&#8221;https:__jogada10.com.br_wp-content_uploads_2026_01_Memphis-Depay-treino-corinthians-610&#215;400.jpg.jpeg&#8221;,&#8221;originalUrl&#8221;:&#8221;https:\/\/cloudfront-us-east-1.images.arcpublishing.com\/newr7\/TREVSQW7ONHQBGK2HBMQNNF2C4.jpeg&#8221;,&#8221;proxyUrl&#8221;:&#8221;\/resizer\/v2\/TREVSQW7ONHQBGK2HBMQNNF2C4.jpeg?auth=375af4fde5673b59cdd27582cd22d116f9d3687aef8ad792d8897f6f7d46562c&#8221;,&#8221;published&#8221;:true,&#8221;resizeUrl&#8221;:&#8221;\/resizer\/v2\/TREVSQW7ONHQBGK2HBMQNNF2C4.jpeg?auth=375af4fde5673b59cdd27582cd22d116f9d3687aef8ad792d8897f6f7d46562c&#8221;,&#8221;restricted&#8221;:false,&#8221;thumbnailResizeUrl&#8221;:&#8221;\/resizer\/v2\/TREVSQW7ONHQBGK2HBMQNNF2C4.jpeg?auth=375af4fde5673b59cdd27582cd22d116f9d3687aef8ad792d8897f6f7d46562c&amp;width=300&#8243;,&#8221;version&#8221;:2},&#8221;address&#8221;:{},&#8221;auth&#8221;:{&#8220;1&#8243;:&#8221;375af4fde5673b59cdd27582cd22d116f9d3687aef8ad792d8897f6f7d46562c&#8221;},&#8221;caption&#8221;:&#8221;Foto: Rodrigo Coca\/Ag\u00eancia Corinthians&#8221;,&#8221;created_date&#8221;:&#8221;2026-01-30T18:56:23Z&#8221;,&#8221;credits&#8221;:{&#8220;affiliation&#8221;:[{&#8220;name&#8221;:&#8221;Rodrigo Coca\/Ag\u00eancia Corinthians&#8221;,&#8221;type&#8221;:&#8221;author&#8221;}],&#8221;by&#8221;:[]},&#8221;geo&#8221;:{},&#8221;height&#8221;:330,&#8221;image_type&#8221;:&#8221;photograph&#8221;,&#8221;last_updated_date&#8221;:&#8221;2026-02-04T19:22:01Z&#8221;,&#8221;licensable&#8221;:false,&#8221;owner&#8221;:{&#8220;id&#8221;:&#8221;newr7&#8243;,&#8221;sponsored&#8221;:false},&#8221;related_content&#8221;:{&#8220;derivative_of&#8221;:[{&#8220;referent&#8221;:{&#8220;id&#8221;:&#8221;EIVFPR3ZY5DPXENOPTA33T6MGQ&#8221;,&#8221;type&#8221;:&#8221;image&#8221;},&#8221;type&#8221;:&#8221;reference&#8221;}]},&#8221;source&#8221;:{&#8220;additional_properties&#8221;:{&#8220;editor&#8221;:&#8221;photo center&#8221;},&#8221;edit_url&#8221;:&#8221;&#8221;,&#8221;system&#8221;:&#8221;photo center&#8221;},&#8221;subtitle&#8221;:&#8221;Memphis&#8221;,&#8221;taxonomy&#8221;:{&#8220;associated_tasks&#8221;:[]},&#8221;type&#8221;:&#8221;image&#8221;,&#8221;url&#8221;:&#8221;https:\/\/cloudfront-us-east-1.images.arcpublishing.com\/newr7\/TREVSQW7ONHQBGK2HBMQNNF2C4.jpeg&#8221;,&#8221;version&#8221;:&#8221;0.10.9&#8243;,&#8221;width&#8221;:586}},&#8221;publish_date&#8221;:&#8221;2026-02-04T19:28:21.687Z&#8221;,&#8221;related_content&#8221;:{&#8220;basic&#8221;:[],&#8221;clonedChildren&#8221;:[],&#8221;clonedFromParent&#8221;:[]},&#8221;revision&#8221;:{&#8220;branch&#8221;:&#8221;default&#8221;,&#8221;editions&#8221;:[&#8220;default&#8221;],&#8221;parent_id&#8221;:&#8221;XUB72HEWABFRHC5DPZDGRPCXOI&#8221;,&#8221;published&#8221;:true,&#8221;revision_id&#8221;:&#8221;XUIDXUGONJCTPCPT7LNGLDU6KY&#8221;},&#8221;source&#8221;:{&#8220;name&#8221;:&#8221;newr7&#8243;,&#8221;source_type&#8221;:&#8221;staff&#8221;,&#8221;system&#8221;:&#8221;composer&#8221;},&#8221;subheadlines&#8221;:{&#8220;basic&#8221;:&#8221;Atacante holand\u00eas tamb\u00e9m \u00e9 conhecido pelas produ\u00e7\u00f5es musicais&#8221;},&#8221;subtype&#8221;:&#8221;Article&#8221;,&#8221;taxonomy&#8221;:{&#8220;primary_section&#8221;:{&#8220;_id&#8221;:&#8221;https:\/\/esportes.r7.com\/futebol&#8221;,&#8221;_website&#8221;:&#8221;esportes&#8221;,&#8221;type&#8221;:&#8221;section&#8221;,&#8221;version&#8221;:&#8221;0.6.0&#8243;,&#8221;name&#8221;:&#8221;Futebol&#8221;,&#8221;description&#8221;:null,&#8221;path&#8221;:&#8221;https:\/\/esportes.r7.com\/futebol&#8221;,&#8221;parent_id&#8221;:&#8221;\/&#8221;,&#8221;parent&#8221;:{&#8220;default&#8221;:&#8221;\/&#8221;},&#8221;additional_properties&#8221;:{&#8220;original&#8221;:{&#8220;_id&#8221;:&#8221;https:\/\/esportes.r7.com\/futebol&#8221;,&#8221;_website&#8221;:&#8221;esportes&#8221;,&#8221;name&#8221;:&#8221;Futebol&#8221;,&#8221;inactive&#8221;:false,&#8221;parent&#8221;:{&#8220;default&#8221;:&#8221;\/&#8221;,&#8221;header&#8221;:&#8221;\/&#8221;},&#8221;SEO&#8221;:{&#8220;og_image_id&#8221;:&#8221;65577e9dcd77c0d31f00108e&#8221;,&#8221;seo_description&#8221;:&#8221;Acompanhe tudo sobre futebol no Portal R7. Leia as \u00faltimas not\u00edcias sobre jogos, jogadores e clubes, al\u00e9m das tabelas dos principais campeonatos.&#8221;,&#8221;seo_tags&#8221;:[&#8220;futebol&#8221;,&#8221;jogos&#8221;,&#8221;jogadores&#8221;,&#8221;tabelas&#8221;,&#8221;clubes&#8221;,&#8221;r7&#8243;],&#8221;seo_title&#8221;:&#8221;Futebol \u2013 Jogos, jogadores, tabelas, clubes e campeonatos \u2013 R7&#8243;,&#8221;title_hotsite&#8221;:&#8221;BRASILEIRO 2022&#8243;,&#8221;top_url&#8221;:&#8221;https:\/\/esportes.r7.com\/&#8221;,&#8221;url_og_image&#8221;:&#8221;https:\/\/img.r7.com\/images\/r7-esportes-17112023115422099&#8243;},&#8221;_admin&#8221;:{&#8220;alias_ids&#8221;:[&#8220;https:\/\/esportes.r7.com\/futebol&#8221;]},&#8221;age_rating&#8221;:{&#8220;classificacao_etaria&#8221;:null},&#8221;age_rating_description&#8221;:{&#8220;atos_criminosos&#8221;:&#8221;false&#8221;,&#8221;conteudo_sexual&#8221;:&#8221;false&#8221;,&#8221;drogas&#8221;:&#8221;false&#8221;,&#8221;drogas_ilicitas&#8221;:&#8221;false&#8221;,&#8221;drogas_licitas&#8221;:&#8221;false&#8221;,&#8221;linguagem_impropria&#8221;:&#8221;false&#8221;,&#8221;medo&#8221;:&#8221;false&#8221;,&#8221;nudez&#8221;:&#8221;false&#8221;,&#8221;procedimentos_medicos&#8221;:&#8221;false&#8221;,&#8221;sexo_explicito&#8221;:&#8221;false&#8221;,&#8221;temas_sensiveis&#8221;:&#8221;false&#8221;,&#8221;violencia&#8221;:&#8221;false&#8221;,&#8221;violencia_extrema&#8221;:&#8221;false&#8221;,&#8221;violencia_fantasiosa&#8221;:&#8221;false&#8221;},&#8221;navigation&#8221;:{&#8220;menu_url&#8221;:null,&#8221;nav_title&#8221;:&#8221;Futebol&#8221;},&#8221;newsletter&#8221;:{&#8220;id&#8221;:&#8221;68484031b8b9d10001c4f8ba&#8221;},&#8221;publicidade&#8221;:{&#8220;disable_adv&#8221;:&#8221;false&#8221;,&#8221;disable_audima_adv&#8221;:&#8221;false&#8221;,&#8221;disable_taboola&#8221;:&#8221;false&#8221;,&#8221;hash&#8221;:&#8221;r7esportes\/futebol&#8221;},&#8221;site&#8221;:{&#8220;coupon_categories&#8221;:&#8221;esportes&#8221;,&#8221;disable_refresh&#8221;:&#8221;4&#8243;,&#8221;enable_disclaimer&#8221;:&#8221;false&#8221;,&#8221;pagebuilder_path_for_native_apps&#8221;:null,&#8221;site_about&#8221;:null,&#8221;site_description&#8221;:null,&#8221;site_keywords&#8221;:null,&#8221;site_tagline&#8221;:null,&#8221;site_title&#8221;:&#8221;Futebol&#8221;,&#8221;site_url&#8221;:null},&#8221;site_topper&#8221;:{&#8220;section_header_image&#8221;:&#8221;https:\/\/img.r7.com\/images\/r7-esportes-17112023115349934&#8243;,&#8221;section_header_image_id&#8221;:&#8221;65577e7d1df97b21c400040f&#8221;,&#8221;section_header_image_mobile&#8221;:&#8221;https:\/\/img.r7.com\/images\/r7-esportes-17112023115459066&#8243;,&#8221;section_header_image_mobile_id&#8221;:&#8221;65577ec2c012ad96f3000a4a&#8221;,&#8221;section_left_color_top&#8221;:&#8221;#2B8047&#8243;,&#8221;section_primary_color&#8221;:&#8221;#0E8148&#8243;,&#8221;section_right_color_top&#8221;:&#8221;#2B8047&#8243;,&#8221;site_logo_image&#8221;:null},&#8221;social&#8221;:{&#8220;facebook&#8221;:null,&#8221;instagram&#8221;:null,&#8221;rss&#8221;:null,&#8221;twitter&#8221;:null},&#8221;is_grouping&#8221;:&#8221;false&#8221;,&#8221;node_type&#8221;:&#8221;section&#8221;}}},&#8221;primary_site&#8221;:{&#8220;_id&#8221;:&#8221;\/tudo-do-r7&#8243;,&#8221;type&#8221;:&#8221;site&#8221;,&#8221;version&#8221;:&#8221;0.5.8&#8243;,&#8221;name&#8221;:&#8221;Tudo do R7&#8243;,&#8221;description&#8221;:null,&#8221;path&#8221;:&#8221;\/tudo-do-r7&#8243;,&#8221;parent_id&#8221;:&#8221;\/&#8221;,&#8221;additional_properties&#8221;:{&#8220;original&#8221;:{&#8220;_id&#8221;:&#8221;\/tudo-do-r7&#8243;,&#8221;website&#8221;:&#8221;r7&#8243;,&#8221;name&#8221;:&#8221;Tudo do R7&#8243;,&#8221;navigation&#8221;:{&#8220;nav_title&#8221;:&#8221;Tudo do R7&#8243;},&#8221;parent&#8221;:{&#8220;default&#8221;:&#8221;\/&#8221;,&#8221;header&#8221;:&#8221;\/&#8221;},&#8221;_admin&#8221;:{&#8220;alias_ids&#8221;:[&#8220;\/tudo-do-r7&#8243;]},&#8221;site&#8221;:{&#8220;site_description&#8221;:null,&#8221;site_title&#8221;:&#8221;Tudo do R7&#8243;},&#8221;inactive&#8221;:false,&#8221;SEO&#8221;:{&#8220;seo_tags&#8221;:[]},&#8221;site_topper&#8221;:{},&#8221;is_grouping&#8221;:&#8221;false&#8221;}}},&#8221;sections&#8221;:[{&#8220;_id&#8221;:&#8221;https:\/\/esportes.r7.com\/futebol&#8221;,&#8221;_website&#8221;:&#8221;esportes&#8221;,&#8221;type&#8221;:&#8221;section&#8221;,&#8221;version&#8221;:&#8221;0.6.0&#8243;,&#8221;name&#8221;:&#8221;Futebol&#8221;,&#8221;description&#8221;:null,&#8221;path&#8221;:&#8221;https:\/\/esportes.r7.com\/futebol&#8221;,&#8221;parent_id&#8221;:&#8221;\/&#8221;,&#8221;parent&#8221;:{&#8220;default&#8221;:&#8221;\/&#8221;},&#8221;additional_properties&#8221;:{&#8220;original&#8221;:{&#8220;_id&#8221;:&#8221;https:\/\/esportes.r7.com\/futebol&#8221;,&#8221;_website&#8221;:&#8221;esportes&#8221;,&#8221;name&#8221;:&#8221;Futebol&#8221;,&#8221;inactive&#8221;:false,&#8221;parent&#8221;:{&#8220;default&#8221;:&#8221;\/&#8221;,&#8221;header&#8221;:&#8221;\/&#8221;},&#8221;SEO&#8221;:{&#8220;og_image_id&#8221;:&#8221;65577e9dcd77c0d31f00108e&#8221;,&#8221;seo_description&#8221;:&#8221;Acompanhe tudo sobre futebol no Portal R7. Leia as \u00faltimas not\u00edcias sobre jogos, jogadores e clubes, al\u00e9m das tabelas dos principais campeonatos.&#8221;,&#8221;seo_tags&#8221;:[&#8220;futebol&#8221;,&#8221;jogos&#8221;,&#8221;jogadores&#8221;,&#8221;tabelas&#8221;,&#8221;clubes&#8221;,&#8221;r7&#8243;],&#8221;seo_title&#8221;:&#8221;Futebol \u2013 Jogos, jogadores, tabelas, clubes e campeonatos \u2013 R7&#8243;,&#8221;title_hotsite&#8221;:&#8221;BRASILEIRO 2022&#8243;,&#8221;top_url&#8221;:&#8221;https:\/\/esportes.r7.com\/&#8221;,&#8221;url_og_image&#8221;:&#8221;https:\/\/img.r7.com\/images\/r7-esportes-17112023115422099&#8243;},&#8221;_admin&#8221;:{&#8220;alias_ids&#8221;:[&#8220;https:\/\/esportes.r7.com\/futebol&#8221;]},&#8221;age_rating&#8221;:{&#8220;classificacao_etaria&#8221;:null},&#8221;age_rating_description&#8221;:{&#8220;atos_criminosos&#8221;:&#8221;false&#8221;,&#8221;conteudo_sexual&#8221;:&#8221;false&#8221;,&#8221;drogas&#8221;:&#8221;false&#8221;,&#8221;drogas_ilicitas&#8221;:&#8221;false&#8221;,&#8221;drogas_licitas&#8221;:&#8221;false&#8221;,&#8221;linguagem_impropria&#8221;:&#8221;false&#8221;,&#8221;medo&#8221;:&#8221;false&#8221;,&#8221;nudez&#8221;:&#8221;false&#8221;,&#8221;procedimentos_medicos&#8221;:&#8221;false&#8221;,&#8221;sexo_explicito&#8221;:&#8221;false&#8221;,&#8221;temas_sensiveis&#8221;:&#8221;false&#8221;,&#8221;violencia&#8221;:&#8221;false&#8221;,&#8221;violencia_extrema&#8221;:&#8221;false&#8221;,&#8221;violencia_fantasiosa&#8221;:&#8221;false&#8221;},&#8221;navigation&#8221;:{&#8220;menu_url&#8221;:null,&#8221;nav_title&#8221;:&#8221;Futebol&#8221;},&#8221;newsletter&#8221;:{&#8220;id&#8221;:&#8221;68484031b8b9d10001c4f8ba&#8221;},&#8221;publicidade&#8221;:{&#8220;disable_adv&#8221;:&#8221;false&#8221;,&#8221;disable_audima_adv&#8221;:&#8221;false&#8221;,&#8221;disable_taboola&#8221;:&#8221;false&#8221;,&#8221;hash&#8221;:&#8221;r7esportes\/futebol&#8221;},&#8221;site&#8221;:{&#8220;coupon_categories&#8221;:&#8221;esportes&#8221;,&#8221;disable_refresh&#8221;:&#8221;4&#8243;,&#8221;enable_disclaimer&#8221;:&#8221;false&#8221;,&#8221;pagebuilder_path_for_native_apps&#8221;:null,&#8221;site_about&#8221;:null,&#8221;site_description&#8221;:null,&#8221;site_keywords&#8221;:null,&#8221;site_tagline&#8221;:null,&#8221;site_title&#8221;:&#8221;Futebol&#8221;,&#8221;site_url&#8221;:null},&#8221;site_topper&#8221;:{&#8220;section_header_image&#8221;:&#8221;https:\/\/img.r7.com\/images\/r7-esportes-17112023115349934&#8243;,&#8221;section_header_image_id&#8221;:&#8221;65577e7d1df97b21c400040f&#8221;,&#8221;section_header_image_mobile&#8221;:&#8221;https:\/\/img.r7.com\/images\/r7-esportes-17112023115459066&#8243;,&#8221;section_header_image_mobile_id&#8221;:&#8221;65577ec2c012ad96f3000a4a&#8221;,&#8221;section_left_color_top&#8221;:&#8221;#2B8047&#8243;,&#8221;section_primary_color&#8221;:&#8221;#0E8148&#8243;,&#8221;section_right_color_top&#8221;:&#8221;#2B8047&#8243;,&#8221;site_logo_image&#8221;:null},&#8221;social&#8221;:{&#8220;facebook&#8221;:null,&#8221;instagram&#8221;:null,&#8221;rss&#8221;:null,&#8221;twitter&#8221;:null},&#8221;is_grouping&#8221;:&#8221;false&#8221;,&#8221;node_type&#8221;:&#8221;section&#8221;}},&#8221;_website_section_id&#8221;:&#8221;esportes.\/futebol&#8221;},{&#8220;_id&#8221;:&#8221;\/futebol\/times&#8221;,&#8221;_website&#8221;:&#8221;esportes&#8221;,&#8221;type&#8221;:&#8221;section&#8221;,&#8221;version&#8221;:&#8221;0.6.0&#8243;,&#8221;name&#8221;:&#8221;Times&#8221;,&#8221;description&#8221;:&#8221;Jogos, not\u00edcias, v\u00eddeos, resultados, tabelas e mais: veja tudo o que o R7 Esportes j\u00e1 publicou sobre os principais times de futebol do Brasil e do mundo!&#8221;,&#8221;path&#8221;:&#8221;\/futebol\/times&#8221;,&#8221;parent_id&#8221;:&#8221;https:\/\/esportes.r7.com\/futebol&#8221;,&#8221;parent&#8221;:{&#8220;default&#8221;:&#8221;https:\/\/esportes.r7.com\/futebol&#8221;},&#8221;additional_properties&#8221;:{&#8220;original&#8221;:{&#8220;_id&#8221;:&#8221;\/futebol\/times&#8221;,&#8221;_website&#8221;:&#8221;esportes&#8221;,&#8221;name&#8221;:&#8221;Times&#8221;,&#8221;inactive&#8221;:false,&#8221;parent&#8221;:{&#8220;default&#8221;:&#8221;https:\/\/esportes.r7.com\/futebol&#8221;,&#8221;header&#8221;:&#8221;https:\/\/esportes.r7.com\/futebol&#8221;},&#8221;SEO&#8221;:{&#8220;og_image_id&#8221;:null,&#8221;seo_description&#8221;:&#8221;Jogos, not\u00edcias, v\u00eddeos, resultados, tabelas e mais: veja tudo o que o R7 Esportes j\u00e1 publicou sobre os principais times de futebol do Brasil e do mundo!&#8221;,&#8221;seo_tags&#8221;:[&#8220;esportes&#8221;,&#8221;futebol&#8221;,&#8221;equipes&#8221;,&#8221;sele\u00e7\u00f5es&#8221;,&#8221;times&#8221;,&#8221;equipes de futebol&#8221;,&#8221;times de futebol&#8221;],&#8221;seo_title&#8221;:&#8221;\u00cdndices de Times de Futebol | R7 Esportes&#8221;,&#8221;title_hotsite&#8221;:&#8221;\u00cdndices de Times de Futebol | R7 Esportes&#8221;,&#8221;top_url&#8221;:&#8221;https:\/\/esportes.r7.com\/futebol\/times\/&#8221;,&#8221;url_og_image&#8221;:null},&#8221;_admin&#8221;:{&#8220;alias_ids&#8221;:[&#8220;\/futebol\/times&#8221;]},&#8221;age_rating&#8221;:{&#8220;classificacao_etaria&#8221;:null},&#8221;age_rating_description&#8221;:{&#8220;atos_criminosos&#8221;:&#8221;false&#8221;,&#8221;conteudo_sexual&#8221;:&#8221;false&#8221;,&#8221;drogas&#8221;:&#8221;false&#8221;,&#8221;drogas_ilicitas&#8221;:&#8221;false&#8221;,&#8221;drogas_licitas&#8221;:&#8221;false&#8221;,&#8221;linguagem_impropria&#8221;:&#8221;false&#8221;,&#8221;medo&#8221;:&#8221;false&#8221;,&#8221;nudez&#8221;:&#8221;false&#8221;,&#8221;procedimentos_medicos&#8221;:&#8221;false&#8221;,&#8221;sexo_explicito&#8221;:&#8221;false&#8221;,&#8221;temas_sensiveis&#8221;:&#8221;false&#8221;,&#8221;violencia&#8221;:&#8221;false&#8221;,&#8221;violencia_extrema&#8221;:&#8221;false&#8221;,&#8221;violencia_fantasiosa&#8221;:&#8221;false&#8221;},&#8221;area_logada&#8221;:{&#8220;exclusive_content&#8221;:&#8221;false&#8221;},&#8221;assets&#8221;:{&#8220;cda_ad_player&#8221;:null},&#8221;campanha_branded&#8221;:{&#8220;ativar_background_campanha&#8221;:&#8221;false&#8221;,&#8221;ativar_fonte_campanha&#8221;:&#8221;false&#8221;,&#8221;ativar_logo_campanha&#8221;:&#8221;false&#8221;},&#8221;navigation&#8221;:{&#8220;menu_url&#8221;:null,&#8221;nav_title&#8221;:&#8221;Times&#8221;},&#8221;newsletter&#8221;:{&#8220;id&#8221;:null},&#8221;publicidade&#8221;:{&#8220;disable_adv&#8221;:&#8221;false&#8221;,&#8221;disable_audima_adv&#8221;:&#8221;false&#8221;,&#8221;disable_taboola&#8221;:&#8221;false&#8221;,&#8221;hash&#8221;:null},&#8221;site&#8221;:{&#8220;coupon_categories&#8221;:&#8221;departamentos&#8221;,&#8221;disable_refresh&#8221;:&#8221;4&#8243;,&#8221;enable_disclaimer&#8221;:&#8221;false&#8221;,&#8221;pagebuilder_path_for_native_apps&#8221;:null,&#8221;site_about&#8221;:&#8221;\u00cdndices de Times de Futebol | R7 Esportes&#8221;,&#8221;site_description&#8221;:&#8221;Jogos, not\u00edcias, v\u00eddeos, resultados, tabelas e mais: veja tudo o que o R7 Esportes j\u00e1 publicou sobre os principais times de futebol do Brasil e do mundo!&#8221;,&#8221;site_keywords&#8221;:&#8221;times de futebol, equipes, futebol, esportes&#8221;,&#8221;site_tagline&#8221;:&#8221;\u00cdndices de Times de Futebol | R7 Esportes&#8221;,&#8221;site_title&#8221;:&#8221;\u00cdndices de Times de Futebol | R7 Esportes&#8221;,&#8221;site_url&#8221;:null},&#8221;site_topper&#8221;:{&#8220;section_header_image&#8221;:null,&#8221;section_header_image_id&#8221;:null,&#8221;section_header_image_mobile&#8221;:null,&#8221;section_header_image_mobile_id&#8221;:null,&#8221;section_left_color_top&#8221;:null,&#8221;section_primary_color&#8221;:null,&#8221;section_right_color_top&#8221;:null,&#8221;site_logo_image&#8221;:null},&#8221;social&#8221;:{&#8220;bluesky&#8221;:null,&#8221;facebook&#8221;:null,&#8221;instagram&#8221;:null,&#8221;kwai&#8221;:null,&#8221;rss&#8221;:null,&#8221;threads&#8221;:null,&#8221;tiktok&#8221;:null,&#8221;twitter&#8221;:null,&#8221;whatsapp&#8221;:null,&#8221;youtube&#8221;:null},&#8221;ultimas&#8221;:{&#8220;tab_ultimas&#8221;:[]},&#8221;is_grouping&#8221;:&#8221;false&#8221;,&#8221;node_type&#8221;:&#8221;section&#8221;}},&#8221;_website_section_id&#8221;:&#8221;esportes.\/futebol\/times&#8221;},{&#8220;_id&#8221;:&#8221;\/futebol\/times\/corinthians&#8221;,&#8221;_website&#8221;:&#8221;esportes&#8221;,&#8221;type&#8221;:&#8221;section&#8221;,&#8221;version&#8221;:&#8221;0.6.0&#8243;,&#8221;name&#8221;:&#8221;Corinthians&#8221;,&#8221;description&#8221;:null,&#8221;path&#8221;:&#8221;\/futebol\/times\/corinthians&#8221;,&#8221;parent_id&#8221;:&#8221;\/futebol\/times&#8221;,&#8221;parent&#8221;:{&#8220;default&#8221;:&#8221;\/futebol\/times&#8221;},&#8221;additional_properties&#8221;:{&#8220;original&#8221;:{&#8220;_id&#8221;:&#8221;\/futebol\/times\/corinthians&#8221;,&#8221;_website&#8221;:&#8221;esportes&#8221;,&#8221;name&#8221;:&#8221;Corinthians&#8221;,&#8221;inactive&#8221;:false,&#8221;parent&#8221;:{&#8220;default&#8221;:&#8221;\/futebol\/times&#8221;,&#8221;header&#8221;:&#8221;\/futebol\/times&#8221;},&#8221;SEO&#8221;:{&#8220;seo_tags&#8221;:[]},&#8221;_admin&#8221;:{&#8220;alias_ids&#8221;:[&#8220;\/futebol\/times\/corinthians&#8221;]},&#8221;navigation&#8221;:{&#8220;nav_title&#8221;:&#8221;Corinthians&#8221;},&#8221;newsletter&#8221;:{&#8220;id&#8221;:&#8221;68484031b8b9d10001c4f8ba&#8221;},&#8221;site&#8221;:{&#8220;site_description&#8221;:null,&#8221;site_title&#8221;:&#8221;Corinthians&#8221;},&#8221;is_grouping&#8221;:&#8221;false&#8221;,&#8221;node_type&#8221;:&#8221;section&#8221;}},&#8221;_website_section_id&#8221;:&#8221;esportes.\/futebol\/times\/corinthians&#8221;},{&#8220;_id&#8221;:&#8221;\/tudo-do-r7&#8243;,&#8221;_website&#8221;:&#8221;r7&#8243;,&#8221;type&#8221;:&#8221;section&#8221;,&#8221;version&#8221;:&#8221;0.6.0&#8243;,&#8221;name&#8221;:&#8221;Tudo do R7&#8243;,&#8221;description&#8221;:&#8221;&#8221;,&#8221;path&#8221;:&#8221;\/tudo-do-r7&#8243;,&#8221;parent_id&#8221;:&#8221;\/&#8221;,&#8221;parent&#8221;:{&#8220;default&#8221;:&#8221;\/&#8221;},&#8221;additional_properties&#8221;:{&#8220;original&#8221;:{&#8220;_id&#8221;:&#8221;\/tudo-do-r7&#8243;,&#8221;website&#8221;:&#8221;r7&#8243;,&#8221;name&#8221;:&#8221;Tudo do R7&#8243;,&#8221;navigation&#8221;:{&#8220;nav_title&#8221;:&#8221;Tudo do R7&#8243;},&#8221;parent&#8221;:{&#8220;default&#8221;:&#8221;\/&#8221;,&#8221;header&#8221;:&#8221;\/&#8221;},&#8221;_admin&#8221;:{&#8220;alias_ids&#8221;:[&#8220;\/tudo-do-r7&#8243;]},&#8221;site&#8221;:{&#8220;site_description&#8221;:&#8221;&#8221;,&#8221;site_title&#8221;:&#8221;Tudo do R7&#8243;},&#8221;inactive&#8221;:false,&#8221;SEO&#8221;:{&#8220;seo_tags&#8221;:[]},&#8221;site_topper&#8221;:{},&#8221;is_grouping&#8221;:&#8221;false&#8221;,&#8221;_website&#8221;:&#8221;r7&#8243;,&#8221;node_type&#8221;:&#8221;section&#8221;}},&#8221;_website_section_id&#8221;:&#8221;r7.\/tudo-do-r7&#8243;}],&#8221;sites&#8221;:[{&#8220;_id&#8221;:&#8221;\/tudo-do-r7&#8243;,&#8221;type&#8221;:&#8221;site&#8221;,&#8221;version&#8221;:&#8221;0.5.8&#8243;,&#8221;name&#8221;:&#8221;Tudo do R7&#8243;,&#8221;description&#8221;:null,&#8221;path&#8221;:&#8221;\/tudo-do-r7&#8243;,&#8221;parent_id&#8221;:&#8221;\/&#8221;,&#8221;additional_properties&#8221;:{&#8220;original&#8221;:{&#8220;_id&#8221;:&#8221;\/tudo-do-r7&#8243;,&#8221;website&#8221;:&#8221;r7&#8243;,&#8221;name&#8221;:&#8221;Tudo do R7&#8243;,&#8221;navigation&#8221;:{&#8220;nav_title&#8221;:&#8221;Tudo do R7&#8243;},&#8221;parent&#8221;:{&#8220;default&#8221;:&#8221;\/&#8221;,&#8221;header&#8221;:&#8221;\/&#8221;},&#8221;_admin&#8221;:{&#8220;alias_ids&#8221;:[&#8220;\/tudo-do-r7&#8243;]},&#8221;site&#8221;:{&#8220;site_description&#8221;:null,&#8221;site_title&#8221;:&#8221;Tudo do R7&#8243;},&#8221;inactive&#8221;:false,&#8221;SEO&#8221;:{&#8220;seo_tags&#8221;:[]},&#8221;site_topper&#8221;:{},&#8221;is_grouping&#8221;:&#8221;false&#8221;}}}],&#8221;tags&#8221;:[{&#8220;_id&#8221;:&#8221;ESA2DMIHO5E6NCWJTJW2JGXTXA&#8221;,&#8221;description&#8221;:&#8221;Corinthians&#8221;,&#8221;slug&#8221;:&#8221;corinthians&#8221;,&#8221;text&#8221;:&#8221;Corinthians&#8221;},{&#8220;_id&#8221;:&#8221;WKKILAQXV5A2VG5G7GGWK5UAJE&#8221;,&#8221;description&#8221;:&#8221;Memphis Depay&#8221;,&#8221;slug&#8221;:&#8221;memphis-depay&#8221;,&#8221;text&#8221;:&#8221;Memphis Depay&#8221;},{&#8220;_id&#8221;:&#8221;KHX34K27VNF6XDVU5MX6BKYBEE&#8221;,&#8221;description&#8221;:&#8221;Futebol&#8221;,&#8221;slug&#8221;:&#8221;futebol&#8221;,&#8221;text&#8221;:&#8221;Futebol&#8221;}]},&#8221;type&#8221;:&#8221;story&#8221;,&#8221;version&#8221;:&#8221;0.10.11&#8243;,&#8221;websites&#8221;:{&#8220;esportes&#8221;:{&#8220;website_section&#8221;:{&#8220;_id&#8221;:&#8221;https:\/\/esportes.r7.com\/futebol&#8221;,&#8221;_website&#8221;:&#8221;esportes&#8221;,&#8221;type&#8221;:&#8221;section&#8221;,&#8221;version&#8221;:&#8221;0.6.0&#8243;,&#8221;name&#8221;:&#8221;Futebol&#8221;,&#8221;description&#8221;:null,&#8221;path&#8221;:&#8221;https:\/\/esportes.r7.com\/futebol&#8221;,&#8221;parent_id&#8221;:&#8221;\/&#8221;,&#8221;parent&#8221;:{&#8220;default&#8221;:&#8221;\/&#8221;},&#8221;additional_properties&#8221;:{&#8220;original&#8221;:{&#8220;_id&#8221;:&#8221;https:\/\/esportes.r7.com\/futebol&#8221;,&#8221;_website&#8221;:&#8221;esportes&#8221;,&#8221;name&#8221;:&#8221;Futebol&#8221;,&#8221;inactive&#8221;:false,&#8221;parent&#8221;:{&#8220;default&#8221;:&#8221;\/&#8221;,&#8221;header&#8221;:&#8221;\/&#8221;},&#8221;SEO&#8221;:{&#8220;og_image_id&#8221;:&#8221;65577e9dcd77c0d31f00108e&#8221;,&#8221;seo_description&#8221;:&#8221;Acompanhe tudo sobre futebol no Portal R7. Leia as \u00faltimas not\u00edcias sobre jogos, jogadores e clubes, al\u00e9m das tabelas dos principais campeonatos.&#8221;,&#8221;seo_tags&#8221;:[&#8220;futebol&#8221;,&#8221;jogos&#8221;,&#8221;jogadores&#8221;,&#8221;tabelas&#8221;,&#8221;clubes&#8221;,&#8221;r7&#8243;],&#8221;seo_title&#8221;:&#8221;Futebol \u2013 Jogos, jogadores, tabelas, clubes e campeonatos \u2013 R7&#8243;,&#8221;title_hotsite&#8221;:&#8221;BRASILEIRO 2022&#8243;,&#8221;top_url&#8221;:&#8221;https:\/\/esportes.r7.com\/&#8221;,&#8221;url_og_image&#8221;:&#8221;https:\/\/img.r7.com\/images\/r7-esportes-17112023115422099&#8243;},&#8221;_admin&#8221;:{&#8220;alias_ids&#8221;:[&#8220;https:\/\/esportes.r7.com\/futebol&#8221;]},&#8221;age_rating&#8221;:{&#8220;classificacao_etaria&#8221;:null},&#8221;age_rating_description&#8221;:{&#8220;atos_criminosos&#8221;:&#8221;false&#8221;,&#8221;conteudo_sexual&#8221;:&#8221;false&#8221;,&#8221;drogas&#8221;:&#8221;false&#8221;,&#8221;drogas_ilicitas&#8221;:&#8221;false&#8221;,&#8221;drogas_licitas&#8221;:&#8221;false&#8221;,&#8221;linguagem_impropria&#8221;:&#8221;false&#8221;,&#8221;medo&#8221;:&#8221;false&#8221;,&#8221;nudez&#8221;:&#8221;false&#8221;,&#8221;procedimentos_medicos&#8221;:&#8221;false&#8221;,&#8221;sexo_explicito&#8221;:&#8221;false&#8221;,&#8221;temas_sensiveis&#8221;:&#8221;false&#8221;,&#8221;violencia&#8221;:&#8221;false&#8221;,&#8221;violencia_extrema&#8221;:&#8221;false&#8221;,&#8221;violencia_fantasiosa&#8221;:&#8221;false&#8221;},&#8221;navigation&#8221;:{&#8220;menu_url&#8221;:null,&#8221;nav_title&#8221;:&#8221;Futebol&#8221;},&#8221;newsletter&#8221;:{&#8220;id&#8221;:&#8221;68484031b8b9d10001c4f8ba&#8221;},&#8221;publicidade&#8221;:{&#8220;disable_adv&#8221;:&#8221;false&#8221;,&#8221;disable_audima_adv&#8221;:&#8221;false&#8221;,&#8221;disable_taboola&#8221;:&#8221;false&#8221;,&#8221;hash&#8221;:&#8221;r7esportes\/futebol&#8221;},&#8221;site&#8221;:{&#8220;coupon_categories&#8221;:&#8221;esportes&#8221;,&#8221;disable_refresh&#8221;:&#8221;4&#8243;,&#8221;enable_disclaimer&#8221;:&#8221;false&#8221;,&#8221;pagebuilder_path_for_native_apps&#8221;:null,&#8221;site_about&#8221;:null,&#8221;site_description&#8221;:null,&#8221;site_keywords&#8221;:null,&#8221;site_tagline&#8221;:null,&#8221;site_title&#8221;:&#8221;Futebol&#8221;,&#8221;site_url&#8221;:null},&#8221;site_topper&#8221;:{&#8220;section_header_image&#8221;:&#8221;https:\/\/img.r7.com\/images\/r7-esportes-17112023115349934&#8243;,&#8221;section_header_image_id&#8221;:&#8221;65577e7d1df97b21c400040f&#8221;,&#8221;section_header_image_mobile&#8221;:&#8221;https:\/\/img.r7.com\/images\/r7-esportes-17112023115459066&#8243;,&#8221;section_header_image_mobile_id&#8221;:&#8221;65577ec2c012ad96f3000a4a&#8221;,&#8221;section_left_color_top&#8221;:&#8221;#2B8047&#8243;,&#8221;section_primary_color&#8221;:&#8221;#0E8148&#8243;,&#8221;section_right_color_top&#8221;:&#8221;#2B8047&#8243;,&#8221;site_logo_image&#8221;:null},&#8221;social&#8221;:{&#8220;facebook&#8221;:null,&#8221;instagram&#8221;:null,&#8221;rss&#8221;:null,&#8221;twitter&#8221;:null},&#8221;is_grouping&#8221;:&#8221;false&#8221;,&#8221;node_type&#8221;:&#8221;section&#8221;}},&#8221;_website_section_id&#8221;:&#8221;esportes.\/futebol&#8221;},&#8221;website_url&#8221;:&#8221;\/futebol\/memphis-depay-revela-seus-quatro-musicos-brasileiros-favoritos-saiba-quais-sao-04022026\/&#8221;},&#8221;r7&#8243;:{&#8220;website_section&#8221;:{&#8220;_id&#8221;:&#8221;\/tudo-do-r7&#8243;,&#8221;_website&#8221;:&#8221;r7&#8243;,&#8221;type&#8221;:&#8221;section&#8221;,&#8221;version&#8221;:&#8221;0.6.0&#8243;,&#8221;name&#8221;:&#8221;Tudo do R7&#8243;,&#8221;description&#8221;:&#8221;&#8221;,&#8221;path&#8221;:&#8221;\/tudo-do-r7&#8243;,&#8221;parent_id&#8221;:&#8221;\/&#8221;,&#8221;parent&#8221;:{&#8220;default&#8221;:&#8221;\/&#8221;},&#8221;additional_properties&#8221;:{&#8220;original&#8221;:{&#8220;_id&#8221;:&#8221;\/tudo-do-r7&#8243;,&#8221;website&#8221;:&#8221;r7&#8243;,&#8221;name&#8221;:&#8221;Tudo do R7&#8243;,&#8221;navigation&#8221;:{&#8220;nav_title&#8221;:&#8221;Tudo do R7&#8243;},&#8221;parent&#8221;:{&#8220;default&#8221;:&#8221;\/&#8221;,&#8221;header&#8221;:&#8221;\/&#8221;},&#8221;_admin&#8221;:{&#8220;alias_ids&#8221;:[&#8220;\/tudo-do-r7&#8243;]},&#8221;site&#8221;:{&#8220;site_description&#8221;:&#8221;&#8221;,&#8221;site_title&#8221;:&#8221;Tudo do R7&#8243;},&#8221;inactive&#8221;:false,&#8221;SEO&#8221;:{&#8220;seo_tags&#8221;:[]},&#8221;site_topper&#8221;:{},&#8221;is_grouping&#8221;:&#8221;false&#8221;,&#8221;_website&#8221;:&#8221;r7&#8243;,&#8221;node_type&#8221;:&#8221;section&#8221;}},&#8221;_website_section_id&#8221;:&#8221;r7.\/tudo-do-r7&#8243;},&#8221;website_url&#8221;:&#8221;\/tudo-do-r7\/memphis-depay-revela-seus-quatro-musicos-brasileiros-favoritos-saiba-quais-sao-04022026\/&#8221;}},&#8221;workflow&#8221;:{&#8220;status_code&#8221;:1},&#8221;canonical_url&#8221;:&#8221;\/futebol\/memphis-depay-revela-seus-quatro-musicos-brasileiros-favoritos-saiba-quais-sao-04022026\/&#8221;,&#8221;publishing&#8221;:{&#8220;scheduled_operations&#8221;:{&#8220;publish_edition&#8221;:[],&#8221;unpublish_edition&#8221;:[]}},&#8221;website&#8221;:&#8221;esportes&#8221;,&#8221;website_url&#8221;:&#8221;\/futebol\/memphis-depay-revela-seus-quatro-musicos-brasileiros-favoritos-saiba-quais-sao-04022026\/&#8221;};Fusion.globalContentConfig={&#8220;source&#8221;:&#8221;content-api&#8221;,&#8221;query&#8221;:{&#8220;uri&#8221;:&#8221;\/futebol\/memphis-depay-revela-seus-quatro-musicos-brasileiros-favoritos-saiba-quais-sao-04022026\/&#8221;,&#8221;website_url&#8221;:&#8221;\/futebol\/memphis-depay-revela-seus-quatro-musicos-brasileiros-favoritos-saiba-quais-sao-04022026\/&#8221;,&#8221;arc-site&#8221;:&#8221;esportes&#8221;}};Fusion.lastModified=1770247001715;Fusion.contentCache={&#8220;custom-site-service-hierarchy&#8221;:{&#8220;{\\&#8221;sectionId\\&#8221;:\\&#8221;\/\\&#8221;,\\&#8221;siteId\\&#8221;:\\&#8221;r7\\&#8221;}&#8221;:{&#8220;data&#8221;:{&#8220;assets&#8221;:{&#8220;cda_ad_player&#8221;:&#8221;1.2.0&#8243;},&#8221;_id&#8221;:&#8221;\/&#8221;},&#8221;expires&#8221;:1770247242285,&#8221;lastModified&#8221;:1770246942082},&#8221;{\\&#8221;sectionId\\&#8221;:\\&#8221;\/futebol\\&#8221;,\\&#8221;siteId\\&#8221;:\\&#8221;esportes\\&#8221;}&#8221;:{&#8220;data&#8221;:{&#8220;_id&#8221;:&#8221;https:\/\/esportes.r7.com\/futebol&#8221;,&#8221;_website&#8221;:&#8221;esportes&#8221;,&#8221;name&#8221;:&#8221;Futebol&#8221;,&#8221;inactive&#8221;:false,&#8221;parent&#8221;:{&#8220;default&#8221;:&#8221;\/&#8221;,&#8221;header&#8221;:&#8221;\/&#8221;},&#8221;SEO&#8221;:{&#8220;og_image_id&#8221;:&#8221;65577e9dcd77c0d31f00108e&#8221;,&#8221;seo_description&#8221;:&#8221;Acompanhe tudo sobre futebol no Portal R7. Leia as \u00faltimas not\u00edcias sobre jogos, jogadores e clubes, al\u00e9m das tabelas dos principais campeonatos.&#8221;,&#8221;seo_tags&#8221;:[&#8220;futebol&#8221;,&#8221;jogos&#8221;,&#8221;jogadores&#8221;,&#8221;tabelas&#8221;,&#8221;clubes&#8221;,&#8221;r7&#8243;],&#8221;seo_title&#8221;:&#8221;Futebol \u2013 Jogos, jogadores, tabelas, clubes e campeonatos \u2013 R7&#8243;,&#8221;title_hotsite&#8221;:&#8221;BRASILEIRO 2022&#8243;,&#8221;top_url&#8221;:&#8221;https:\/\/esportes.r7.com\/&#8221;,&#8221;url_og_image&#8221;:&#8221;https:\/\/img.r7.com\/images\/r7-esportes-17112023115422099&#8243;},&#8221;_admin&#8221;:{&#8220;alias_ids&#8221;:[&#8220;https:\/\/esportes.r7.com\/futebol&#8221;]},&#8221;age_rating&#8221;:{&#8220;classificacao_etaria&#8221;:null},&#8221;age_rating_description&#8221;:{&#8220;atos_criminosos&#8221;:&#8221;false&#8221;,&#8221;conteudo_sexual&#8221;:&#8221;false&#8221;,&#8221;drogas&#8221;:&#8221;false&#8221;,&#8221;drogas_ilicitas&#8221;:&#8221;false&#8221;,&#8221;drogas_licitas&#8221;:&#8221;false&#8221;,&#8221;linguagem_impropria&#8221;:&#8221;false&#8221;,&#8221;medo&#8221;:&#8221;false&#8221;,&#8221;nudez&#8221;:&#8221;false&#8221;,&#8221;procedimentos_medicos&#8221;:&#8221;false&#8221;,&#8221;sexo_explicito&#8221;:&#8221;false&#8221;,&#8221;temas_sensiveis&#8221;:&#8221;false&#8221;,&#8221;violencia&#8221;:&#8221;false&#8221;,&#8221;violencia_extrema&#8221;:&#8221;false&#8221;,&#8221;violencia_fantasiosa&#8221;:&#8221;false&#8221;},&#8221;navigation&#8221;:{&#8220;menu_url&#8221;:null,&#8221;nav_title&#8221;:&#8221;Futebol&#8221;},&#8221;newsletter&#8221;:{&#8220;id&#8221;:&#8221;68484031b8b9d10001c4f8ba&#8221;},&#8221;publicidade&#8221;:{&#8220;disable_adv&#8221;:&#8221;false&#8221;,&#8221;disable_audima_adv&#8221;:&#8221;false&#8221;,&#8221;disable_taboola&#8221;:&#8221;false&#8221;,&#8221;hash&#8221;:&#8221;r7esportes\/futebol&#8221;},&#8221;site&#8221;:{&#8220;coupon_categories&#8221;:&#8221;esportes&#8221;,&#8221;disable_refresh&#8221;:&#8221;4&#8243;,&#8221;enable_disclaimer&#8221;:&#8221;false&#8221;,&#8221;pagebuilder_path_for_native_apps&#8221;:null,&#8221;site_about&#8221;:null,&#8221;site_description&#8221;:null,&#8221;site_keywords&#8221;:null,&#8221;site_tagline&#8221;:null,&#8221;site_title&#8221;:&#8221;Futebol&#8221;,&#8221;site_url&#8221;:null},&#8221;site_topper&#8221;:{&#8220;section_header_image&#8221;:&#8221;https:\/\/img.r7.com\/images\/r7-esportes-17112023115349934&#8243;,&#8221;section_header_image_id&#8221;:&#8221;65577e7d1df97b21c400040f&#8221;,&#8221;section_header_image_mobile&#8221;:&#8221;https:\/\/img.r7.com\/images\/r7-esportes-17112023115459066&#8243;,&#8221;section_header_image_mobile_id&#8221;:&#8221;65577ec2c012ad96f3000a4a&#8221;,&#8221;section_left_color_top&#8221;:&#8221;#2B8047&#8243;,&#8221;section_primary_color&#8221;:&#8221;#0E8148&#8243;,&#8221;section_right_color_top&#8221;:&#8221;#2B8047&#8243;,&#8221;site_logo_image&#8221;:null},&#8221;social&#8221;:{&#8220;facebook&#8221;:null,&#8221;instagram&#8221;:null,&#8221;rss&#8221;:null,&#8221;twitter&#8221;:null},&#8221;is_grouping&#8221;:&#8221;false&#8221;,&#8221;node_type&#8221;:&#8221;section&#8221;,&#8221;children&#8221;:[{&#8220;_id&#8221;:&#8221;\/futebol\/adeus-ao-rei-do-futebol&#8221;,&#8221;website&#8221;:&#8221;esportes&#8221;,&#8221;name&#8221;:&#8221;Adeus ao Rei do Futebol&#8221;,&#8221;navigation&#8221;:{&#8220;nav_title&#8221;:&#8221;Adeus ao Rei do Futebol&#8221;},&#8221;parent&#8221;:{&#8220;default&#8221;:&#8221;https:\/\/esportes.r7.com\/futebol&#8221;,&#8221;header&#8221;:&#8221;https:\/\/esportes.r7.com\/futebol&#8221;},&#8221;_admin&#8221;:{&#8220;alias_ids&#8221;:[&#8220;\/futebol\/adeus-ao-rei-do-futebol&#8221;]},&#8221;site&#8221;:{&#8220;site_description&#8221;:&#8221;&#8221;,&#8221;site_title&#8221;:&#8221;Adeus ao Rei do Futebol&#8221;},&#8221;inactive&#8221;:false,&#8221;SEO&#8221;:{&#8220;seo_tags&#8221;:[]},&#8221;site_topper&#8221;:{},&#8221;is_grouping&#8221;:&#8221;true&#8221;,&#8221;_website&#8221;:&#8221;esportes&#8221;,&#8221;node_type&#8221;:&#8221;section&#8221;,&#8221;children&#8221;:[]},{&#8220;_id&#8221;:&#8221;\/futebol\/arqtricolor&#8221;,&#8221;website&#8221;:&#8221;esportes&#8221;,&#8221;name&#8221;:&#8221;Arqtricolor&#8221;,&#8221;navigation&#8221;:{&#8220;nav_title&#8221;:&#8221;Arqtricolor&#8221;},&#8221;parent&#8221;:{&#8220;default&#8221;:&#8221;https:\/\/esportes.r7.com\/futebol&#8221;,&#8221;header&#8221;:&#8221;https:\/\/esportes.r7.com\/futebol&#8221;},&#8221;_admin&#8221;:{&#8220;alias_ids&#8221;:[&#8220;\/futebol\/arqtricolor&#8221;]},&#8221;site&#8221;:{&#8220;site_description&#8221;:&#8221;&#8221;,&#8221;site_title&#8221;:&#8221;Arqtricolor&#8221;},&#8221;inactive&#8221;:false,&#8221;SEO&#8221;:{&#8220;seo_tags&#8221;:[]},&#8221;site_topper&#8221;:{},&#8221;is_grouping&#8221;:&#8221;false&#8221;,&#8221;_website&#8221;:&#8221;esportes&#8221;,&#8221;node_type&#8221;:&#8221;section&#8221;,&#8221;children&#8221;:[]},{&#8220;_id&#8221;:&#8221;\/futebol\/campeonato-brasileiro-serie-a&#8221;,&#8221;_website&#8221;:&#8221;esportes&#8221;,&#8221;name&#8221;:&#8221;Campeonato Brasileiro S\u00e9rie A&#8221;,&#8221;inactive&#8221;:false,&#8221;parent&#8221;:{&#8220;default&#8221;:&#8221;https:\/\/esportes.r7.com\/futebol&#8221;,&#8221;header&#8221;:&#8221;https:\/\/esportes.r7.com\/futebol&#8221;},&#8221;SEO&#8221;:{&#8220;og_image_id&#8221;:null,&#8221;seo_description&#8221;:&#8221;Confira resultados, pr\u00f3ximos jogos, tabela de classifica\u00e7\u00e3o completa, v\u00eddeos e as \u00faltimas not\u00edcias do Campeonato Brasileiro | 2026 | no R7 Esportes&#8221;,&#8221;seo_tags&#8221;:[&#8220;resultados&#8221;,&#8221;tabela&#8221;,&#8221;primeira divis\u00e3o&#8221;,&#8221;campeonato brasileiro&#8221;,&#8221;campeonato&#8221;,&#8221;brasileirao&#8221;,&#8221;serie a&#8221;,&#8221;futebol&#8221;,&#8221;r7&#8243;],&#8221;seo_title&#8221;:&#8221;Tabela, not\u00edcias e resultados | Brasileir\u00e3o | 2026 | R7&#8243;,&#8221;title_hotsite&#8221;:&#8221;Tabela, not\u00edcias e resultados | Brasileir\u00e3o | 2026 | R7&#8243;,&#8221;top_url&#8221;:&#8221;https:\/\/esportes.r7.com\/futebol\/campeonato-brasileiro-serie-a\/&#8221;,&#8221;url_og_image&#8221;:&#8221;https:\/\/cloudfront-us-east-1.images.arcpublishing.com\/newr7\/LWP66NYDU5GSVM3EXQGAGEKDBA.jpg&#8221;},&#8221;_admin&#8221;:{&#8220;alias_ids&#8221;:[&#8220;\/futebol\/campeonato-brasileiro-serie-a&#8221;]},&#8221;age_rating&#8221;:{&#8220;classificacao_etaria&#8221;:null},&#8221;age_rating_description&#8221;:{&#8220;atos_criminosos&#8221;:&#8221;false&#8221;,&#8221;conteudo_sexual&#8221;:&#8221;false&#8221;,&#8221;drogas&#8221;:&#8221;false&#8221;,&#8221;drogas_ilicitas&#8221;:&#8221;false&#8221;,&#8221;drogas_licitas&#8221;:&#8221;false&#8221;,&#8221;linguagem_impropria&#8221;:&#8221;false&#8221;,&#8221;medo&#8221;:&#8221;false&#8221;,&#8221;nudez&#8221;:&#8221;false&#8221;,&#8221;procedimentos_medicos&#8221;:&#8221;false&#8221;,&#8221;sexo_explicito&#8221;:&#8221;false&#8221;,&#8221;temas_sensiveis&#8221;:&#8221;false&#8221;,&#8221;violencia&#8221;:&#8221;false&#8221;,&#8221;violencia_extrema&#8221;:&#8221;false&#8221;,&#8221;violencia_fantasiosa&#8221;:&#8221;false&#8221;},&#8221;area_logada&#8221;:{&#8220;exclusive_content&#8221;:&#8221;false&#8221;},&#8221;campanha_branded&#8221;:{&#8220;ativar_logo_campanha&#8221;:&#8221;false&#8221;},&#8221;navigation&#8221;:{&#8220;menu_url&#8221;:null,&#8221;nav_title&#8221;:&#8221;Campeonato Brasileiro S\u00e9rie A&#8221;},&#8221;newsletter&#8221;:{&#8220;id&#8221;:&#8221;68484031b8b9d10001c4f8ba&#8221;},&#8221;publicidade&#8221;:{&#8220;disable_adv&#8221;:&#8221;false&#8221;,&#8221;disable_audima_adv&#8221;:&#8221;false&#8221;,&#8221;disable_taboola&#8221;:&#8221;false&#8221;,&#8221;hash&#8221;:&#8221;r7esportes\/futebol\/brasileirao&#8221;},&#8221;site&#8221;:{&#8220;coupon_categories&#8221;:&#8221;esportes&#8221;,&#8221;disable_refresh&#8221;:&#8221;4&#8243;,&#8221;enable_disclaimer&#8221;:&#8221;false&#8221;,&#8221;pagebuilder_path_for_native_apps&#8221;:null,&#8221;site_about&#8221;:&#8221;Tabela, not\u00edcias e resultados | Brasileir\u00e3o | 2026 | R7&#8243;,&#8221;site_description&#8221;:&#8221;Confira resultados, pr\u00f3ximos jogos, tabela de classifica\u00e7\u00e3o completa, v\u00eddeos e as \u00faltimas not\u00edciasdo Campeonato Brasileiro | 2026 | no R7 Esportes&#8221;,&#8221;site_keywords&#8221;:&#8221;brasileirao, campeonato brasileiro, seria A, primeira divis\u00e3o, futebol, esportes&#8221;,&#8221;site_tagline&#8221;:&#8221;Tabela, not\u00edcias e resultados | Brasileir\u00e3o | 2026 | R7&#8243;,&#8221;site_title&#8221;:&#8221;Tabela, not\u00edcias e resultados | Brasileir\u00e3o | 2026 | R7&#8243;,&#8221;site_url&#8221;:null},&#8221;site_topper&#8221;:{&#8220;section_header_image&#8221;:&#8221;https:\/\/cloudfront-us-east-1.images.arcpublishing.com\/newr7\/KSYV67D5GNA7ZMIKMZMLMGMROA.jpg&#8221;,&#8221;section_header_image_id&#8221;:null,&#8221;section_header_image_mobile&#8221;:&#8221;https:\/\/cloudfront-us-east-1.images.arcpublishing.com\/newr7\/2GUEV72PRNFRJGEETEEJHLRTMM.jpg&#8221;,&#8221;section_header_image_mobile_id&#8221;:null,&#8221;section_left_color_top&#8221;:&#8221;#1E0D6D&#8221;,&#8221;section_primary_color&#8221;:&#8221;#0E8148&#8243;,&#8221;section_right_color_top&#8221;:&#8221;#1E0D6D&#8221;,&#8221;site_logo_image&#8221;:null},&#8221;social&#8221;:{&#8220;bluesky&#8221;:null,&#8221;facebook&#8221;:null,&#8221;instagram&#8221;:null,&#8221;kwai&#8221;:null,&#8221;rss&#8221;:null,&#8221;threads&#8221;:null,&#8221;tiktok&#8221;:null,&#8221;twitter&#8221;:null,&#8221;whatsapp&#8221;:null,&#8221;youtube&#8221;:null},&#8221;ultimas&#8221;:{&#8220;tab_ultimas&#8221;:[]},&#8221;is_grouping&#8221;:&#8221;false&#8221;,&#8221;node_type&#8221;:&#8221;section&#8221;,&#8221;children&#8221;:[{&#8220;_id&#8221;:&#8221;\/futebol\/campeonato-brasileiro-serie-a\/tabela&#8221;,&#8221;_website&#8221;:&#8221;esportes&#8221;,&#8221;name&#8221;:&#8221;Tabela&#8221;,&#8221;inactive&#8221;:false,&#8221;ancestors&#8221;:{&#8220;default&#8221;:[&#8220;https:\/\/esportes.r7.com\/futebol&#8221;,&#8221;\/futebol\/campeonato-brasileiro-serie-a&#8221;]},&#8221;parent&#8221;:{&#8220;default&#8221;:&#8221;\/futebol\/campeonato-brasileiro-serie-a&#8221;},&#8221;SEO&#8221;:{&#8220;og_image_id&#8221;:null,&#8221;seo_description&#8221;:&#8221; Campeonato Brasileio S\u00e9rie A com tabela de classifica\u00e7\u00e3o atualizada \u00e9 no R7 Esportes! Confira os pr\u00f3ximos jogos, not\u00edcias e muito mais.&#8221;,&#8221;seo_tags&#8221;:[&#8220;brasileir\u00e3o s\u00e9rie A&#8221;,&#8221;s\u00e9rie A&#8221;,&#8221;jogos&#8221;,&#8221;classifica\u00e7\u00e3o&#8221;,&#8221;tabela&#8221;,&#8221;brasileir\u00e3o&#8221;,&#8221;rodadas&#8221;,&#8221;pontos corridos&#8221;,&#8221;futebol&#8221;,&#8221;r7&#8243;,&#8221;r7 esportes&#8221;,&#8221;campeonato brasileiro&#8221;],&#8221;seo_title&#8221;:&#8221;Tabela e jogos | Brasileiro S\u00e9rie A 2026 | R7 Esportes&#8221;,&#8221;title_hotsite&#8221;:&#8221;Tabela e jogos | Brasileiro S\u00e9rie A 2026 | R7 Esportes&#8221;,&#8221;top_url&#8221;:&#8221;https:\/\/esportes.r7.com\/futebol\/campeonato-brasileiro-serie-a\/&#8221;,&#8221;url_og_image&#8221;:null},&#8221;_admin&#8221;:{&#8220;alias_ids&#8221;:[]},&#8221;age_rating&#8221;:{&#8220;classificacao_etaria&#8221;:null},&#8221;age_rating_description&#8221;:{&#8220;atos_criminosos&#8221;:&#8221;false&#8221;,&#8221;conteudo_sexual&#8221;:&#8221;false&#8221;,&#8221;drogas&#8221;:&#8221;false&#8221;,&#8221;drogas_ilicitas&#8221;:&#8221;false&#8221;,&#8221;drogas_licitas&#8221;:&#8221;false&#8221;,&#8221;linguagem_impropria&#8221;:&#8221;false&#8221;,&#8221;medo&#8221;:&#8221;false&#8221;,&#8221;nudez&#8221;:&#8221;false&#8221;,&#8221;procedimentos_medicos&#8221;:&#8221;false&#8221;,&#8221;sexo_explicito&#8221;:&#8221;false&#8221;,&#8221;temas_sensiveis&#8221;:&#8221;false&#8221;,&#8221;violencia&#8221;:&#8221;false&#8221;,&#8221;violencia_extrema&#8221;:&#8221;false&#8221;,&#8221;violencia_fantasiosa&#8221;:&#8221;false&#8221;},&#8221;area_logada&#8221;:{&#8220;exclusive_content&#8221;:&#8221;false&#8221;},&#8221;campanha_branded&#8221;:{&#8220;ativar_logo_campanha&#8221;:&#8221;false&#8221;},&#8221;navigation&#8221;:{&#8220;menu_url&#8221;:&#8221;https:\/\/esportes.r7.com\/futebol\/campeonato-brasileiro-serie-a\/&#8221;,&#8221;nav_title&#8221;:&#8221;Tabela&#8221;},&#8221;publicidade&#8221;:{&#8220;disable_adv&#8221;:&#8221;false&#8221;,&#8221;disable_audima_adv&#8221;:&#8221;false&#8221;,&#8221;disable_taboola&#8221;:&#8221;false&#8221;,&#8221;hash&#8221;:&#8221;r7esportes\/futebol\/brasileirao\/tabela&#8221;},&#8221;site&#8221;:{&#8220;coupon_categories&#8221;:&#8221;departamentos&#8221;,&#8221;disable_refresh&#8221;:&#8221;4&#8243;,&#8221;enable_disclaimer&#8221;:&#8221;false&#8221;,&#8221;pagebuilder_path_for_native_apps&#8221;:null,&#8221;site_about&#8221;:&#8221;Tabela e jogos | Brasileiro S\u00e9rie A 2026 | R7 Esportes&#8221;,&#8221;site_description&#8221;:&#8221;Campeonato Brasileio S\u00e9rie A com tabela de classifica\u00e7\u00e3o atualizada \u00e9 no R7 Esportes! Confira os pr\u00f3ximos jogos, not\u00edcias e muito mais.&#8221;,&#8221;site_keywords&#8221;:&#8221;tabela, classifica\u00e7\u00e3o, rodadas, pontos corridos, brasileir\u00e3o, brasileir\u00e3o s\u00e9rie A, campeonato brasileiro, futebol, r7 esportes, r7&#8243;,&#8221;site_tagline&#8221;:&#8221;Tabela e jogos | Brasileiro S\u00e9rie A 2026 | R7 Esportes&#8221;,&#8221;site_title&#8221;:&#8221;Tabela e jogos | Brasileiro S\u00e9rie A 2026 | R7 Esportes&#8221;,&#8221;site_url&#8221;:null},&#8221;site_topper&#8221;:{&#8220;section_header_image&#8221;:null,&#8221;section_header_image_id&#8221;:null,&#8221;section_header_image_mobile&#8221;:null,&#8221;section_header_image_mobile_id&#8221;:null,&#8221;section_left_color_top&#8221;:null,&#8221;section_primary_color&#8221;:null,&#8221;section_right_color_top&#8221;:null,&#8221;site_logo_image&#8221;:null},&#8221;social&#8221;:{&#8220;bluesky&#8221;:null,&#8221;facebook&#8221;:null,&#8221;instagram&#8221;:null,&#8221;kwai&#8221;:null,&#8221;rss&#8221;:null,&#8221;threads&#8221;:null,&#8221;tiktok&#8221;:null,&#8221;twitter&#8221;:null,&#8221;whatsapp&#8221;:null,&#8221;youtube&#8221;:null},&#8221;ultimas&#8221;:{&#8220;tab_ultimas&#8221;:[]},&#8221;is_grouping&#8221;:&#8221;false&#8221;,&#8221;node_type&#8221;:&#8221;section&#8221;,&#8221;children&#8221;:[]},{&#8220;_id&#8221;:&#8221;\/futebol\/campeonato-brasileiro-serie-a\/ao-vivo&#8221;,&#8221;_website&#8221;:&#8221;esportes&#8221;,&#8221;name&#8221;:&#8221;Ao vivo&#8221;,&#8221;inactive&#8221;:false,&#8221;ancestors&#8221;:{&#8220;default&#8221;:[&#8220;https:\/\/esportes.r7.com\/futebol&#8221;,&#8221;\/futebol\/campeonato-brasileiro-serie-a&#8221;]},&#8221;parent&#8221;:{&#8220;default&#8221;:&#8221;\/futebol\/campeonato-brasileiro-serie-a&#8221;},&#8221;SEO&#8221;:{&#8220;og_image_id&#8221;:null,&#8221;seo_description&#8221;:&#8221;Assista Fluminense e Gr\u00eamio ao vivo e de gra\u00e7a! \u00c9 Quarta (28), \u00e0s 19h30 no Maracan\u00e3 pela 1\u00aa rodada da S\u00e9rie A do Brasileir\u00e3o 2026. Quem vencer\u00e1? Voc\u00ea vai descobrir, ao vivo, aqui no R7 e no RecordPlus, com pr\u00e9-jogo a partir das 18h30, sob o comando de Z\u00e9 Luiz e o time do Desimpedidos.&#8221;,&#8221;seo_tags&#8221;:[&#8220;primeira divis\u00e3o&#8221;,&#8221;serie A&#8221;,&#8221;campeonato brasileiro s\u00e9rie A&#8221;,&#8221;campeonato brasileiro&#8221;,&#8221;r7 esportes&#8221;,&#8221;gratis&#8221;,&#8221;assista&#8221;,&#8221;ao vivo com imagens&#8221;,&#8221;brasileirao&#8221;,&#8221;record ao vivo&#8221;,&#8221;brasileir\u00e3o&#8221;,&#8221;Rodada 1&#8243;],&#8221;seo_title&#8221;:&#8221;Fluminense x Gr\u00eamio | Lance a lance do Brasileir\u00e3o 2026 | R7 Esportes&#8221;,&#8221;title_hotsite&#8221;:&#8221;Fluminense x Gr\u00eamio | Lance a lance do Brasileir\u00e3o 2026 | R7 Esportes&#8221;,&#8221;top_url&#8221;:&#8221;https:\/\/esportes.r7.com\/futebol\/campeonato-brasileiro-serie-a\/&#8221;,&#8221;url_og_image&#8221;:null},&#8221;_admin&#8221;:{&#8220;alias_ids&#8221;:[]},&#8221;age_rating&#8221;:{&#8220;classificacao_etaria&#8221;:null},&#8221;age_rating_description&#8221;:{&#8220;atos_criminosos&#8221;:&#8221;false&#8221;,&#8221;conteudo_sexual&#8221;:&#8221;false&#8221;,&#8221;drogas&#8221;:&#8221;false&#8221;,&#8221;drogas_ilicitas&#8221;:&#8221;false&#8221;,&#8221;drogas_licitas&#8221;:&#8221;false&#8221;,&#8221;linguagem_impropria&#8221;:&#8221;false&#8221;,&#8221;medo&#8221;:&#8221;false&#8221;,&#8221;nudez&#8221;:&#8221;false&#8221;,&#8221;procedimentos_medicos&#8221;:&#8221;false&#8221;,&#8221;sexo_explicito&#8221;:&#8221;false&#8221;,&#8221;temas_sensiveis&#8221;:&#8221;false&#8221;,&#8221;violencia&#8221;:&#8221;false&#8221;,&#8221;violencia_extrema&#8221;:&#8221;false&#8221;,&#8221;violencia_fantasiosa&#8221;:&#8221;false&#8221;},&#8221;area_logada&#8221;:{&#8220;exclusive_content&#8221;:&#8221;true&#8221;},&#8221;campanha_branded&#8221;:{&#8220;ativar_logo_campanha&#8221;:&#8221;false&#8221;},&#8221;navigation&#8221;:{&#8220;menu_url&#8221;:null,&#8221;nav_title&#8221;:null},&#8221;publicidade&#8221;:{&#8220;disable_adv&#8221;:&#8221;false&#8221;,&#8221;disable_audima_adv&#8221;:&#8221;false&#8221;,&#8221;disable_taboola&#8221;:&#8221;false&#8221;,&#8221;hash&#8221;:&#8221;r7esportes\/futebol\/brasileirao\/aovivo&#8221;},&#8221;site&#8221;:{&#8220;coupon_categories&#8221;:&#8221;departamentos&#8221;,&#8221;disable_refresh&#8221;:&#8221;0&#8243;,&#8221;enable_disclaimer&#8221;:&#8221;false&#8221;,&#8221;pagebuilder_path_for_native_apps&#8221;:null,&#8221;site_about&#8221;:&#8221;Fluminense x Gr\u00eamio | Lance a lance do Brasileir\u00e3o 2026 | R7 Esportes&#8221;,&#8221;site_description&#8221;:&#8221;Assista Fluminense e Gr\u00eamio ao vivo e de gra\u00e7a! \u00c9 Quarta (28), \u00e0s 19h30 no Maracan\u00e3 pela 1\u00aa rodada da S\u00e9rie A do Brasileir\u00e3o 2026. Quem vencer\u00e1? Voc\u00ea vai descobrir, ao vivo, aqui no R7 e no RecordPlus, com pr\u00e9-jogo a partir das 18h30, sob o comando de Z\u00e9 Luiz e o time do Desimpedidos.&#8221;,&#8221;site_keywords&#8221;:&#8221;Fluminense, Gr\u00eamio, primeira rodada, brasileir\u00e3o, record ao vivo, brasileirao, ao vivo com imagens, assista, assista ao vivo, gr\u00e1tis, gratis, r7 esportes, campeonato brasileiro, campeonato brasileiro serie A, campeonato brasileiro s\u00e9rie A, s\u00e9rie A, serie A, primeira divis\u00e3o&#8221;,&#8221;site_tagline&#8221;:&#8221;Fluminense x Gr\u00eamio | Lance a lance do Brasileir\u00e3o 2026 | R7 Esportes&#8221;,&#8221;site_title&#8221;:&#8221;Fluminense x Gr\u00eamio | Lance a lance do Brasileir\u00e3o 2026 | R7 Esportes&#8221;,&#8221;site_url&#8221;:null},&#8221;site_topper&#8221;:{&#8220;section_header_image&#8221;:null,&#8221;section_header_image_id&#8221;:null,&#8221;section_header_image_mobile&#8221;:null,&#8221;section_header_image_mobile_id&#8221;:null,&#8221;section_left_color_top&#8221;:null,&#8221;section_primary_color&#8221;:null,&#8221;section_right_color_top&#8221;:null,&#8221;site_logo_image&#8221;:null},&#8221;social&#8221;:{&#8220;bluesky&#8221;:null,&#8221;facebook&#8221;:null,&#8221;instagram&#8221;:null,&#8221;kwai&#8221;:null,&#8221;rss&#8221;:null,&#8221;threads&#8221;:null,&#8221;tiktok&#8221;:null,&#8221;twitter&#8221;:null,&#8221;whatsapp&#8221;:null,&#8221;youtube&#8221;:null},&#8221;ultimas&#8221;:{&#8220;tab_ultimas&#8221;:[]},&#8221;is_grouping&#8221;:&#8221;false&#8221;,&#8221;node_type&#8221;:&#8221;section&#8221;,&#8221;children&#8221;:[]},{&#8220;_id&#8221;:&#8221;\/futebol\/campeonato-brasileiro-serie-a\/quizzes&#8221;,&#8221;_website&#8221;:&#8221;esportes&#8221;,&#8221;name&#8221;:&#8221;Quizzes&#8221;,&#8221;inactive&#8221;:false,&#8221;ancestors&#8221;:{&#8220;default&#8221;:[&#8220;https:\/\/esportes.r7.com\/futebol&#8221;,&#8221;\/futebol\/campeonato-brasileiro-serie-a&#8221;]},&#8221;parent&#8221;:{&#8220;default&#8221;:&#8221;\/futebol\/campeonato-brasileiro-serie-a&#8221;},&#8221;SEO&#8221;:{&#8220;og_image_id&#8221;:null,&#8221;seo_description&#8221;:null,&#8221;seo_tags&#8221;:[&#8220;quizzes&#8221;,&#8221;campeonato brasileiro&#8221;,&#8221;campeonato brasileiro s\u00e9rie A&#8221;,&#8221;futebol&#8221;,&#8221;esportes&#8221;],&#8221;seo_title&#8221;:&#8221;Quizzes &#8211; Campeonato Brasileiro S\u00e9rie A&#8221;,&#8221;title_hotsite&#8221;:null,&#8221;top_url&#8221;:&#8221;https:\/\/esportes.r7.com\/futebol\/campeonato-brasileiro-serie-a\/&#8221;,&#8221;url_og_image&#8221;:null},&#8221;_admin&#8221;:{&#8220;alias_ids&#8221;:[&#8220;\/campeonato-brasileiro-serie-a\/quizzes&#8221;]},&#8221;age_rating&#8221;:{&#8220;classificacao_etaria&#8221;:null},&#8221;age_rating_description&#8221;:{&#8220;atos_criminosos&#8221;:&#8221;false&#8221;,&#8221;conteudo_sexual&#8221;:&#8221;false&#8221;,&#8221;drogas&#8221;:&#8221;false&#8221;,&#8221;drogas_ilicitas&#8221;:&#8221;false&#8221;,&#8221;drogas_licitas&#8221;:&#8221;false&#8221;,&#8221;linguagem_impropria&#8221;:&#8221;false&#8221;,&#8221;medo&#8221;:&#8221;false&#8221;,&#8221;nudez&#8221;:&#8221;false&#8221;,&#8221;procedimentos_medicos&#8221;:&#8221;false&#8221;,&#8221;sexo_explicito&#8221;:&#8221;false&#8221;,&#8221;temas_sensiveis&#8221;:&#8221;false&#8221;,&#8221;violencia&#8221;:&#8221;false&#8221;,&#8221;violencia_extrema&#8221;:&#8221;false&#8221;,&#8221;violencia_fantasiosa&#8221;:&#8221;false&#8221;},&#8221;area_logada&#8221;:{&#8220;exclusive_content&#8221;:&#8221;true&#8221;},&#8221;navigation&#8221;:{&#8220;menu_url&#8221;:&#8221;https:\/\/esportes.r7.com\/futebol\/campeonato-brasileiro-serie-a\/quizzes\/&#8221;,&#8221;nav_title&#8221;:&#8221;Quizzes &#8211; Campeonato Brasileiro S\u00e9rie A&#8221;},&#8221;publicidade&#8221;:{&#8220;disable_adv&#8221;:&#8221;false&#8221;,&#8221;disable_audima_adv&#8221;:&#8221;false&#8221;,&#8221;disable_taboola&#8221;:&#8221;false&#8221;,&#8221;hash&#8221;:null},&#8221;site&#8221;:{&#8220;coupon_categories&#8221;:&#8221;departamentos&#8221;,&#8221;disable_refresh&#8221;:&#8221;4&#8243;,&#8221;enable_disclaimer&#8221;:&#8221;false&#8221;,&#8221;pagebuilder_path_for_native_apps&#8221;:null,&#8221;site_about&#8221;:null,&#8221;site_description&#8221;:null,&#8221;site_keywords&#8221;:null,&#8221;site_tagline&#8221;:null,&#8221;site_title&#8221;:&#8221;Quizzes &#8211; Campeonato Brasileiro S\u00e9rie A&#8221;,&#8221;site_url&#8221;:null},&#8221;site_topper&#8221;:{&#8220;section_header_image&#8221;:null,&#8221;section_header_image_id&#8221;:null,&#8221;section_header_image_mobile&#8221;:null,&#8221;section_header_image_mobile_id&#8221;:null,&#8221;section_left_color_top&#8221;:null,&#8221;section_primary_color&#8221;:null,&#8221;section_right_color_top&#8221;:null,&#8221;site_logo_image&#8221;:null},&#8221;social&#8221;:{&#8220;facebook&#8221;:null,&#8221;instagram&#8221;:null,&#8221;kwai&#8221;:null,&#8221;rss&#8221;:null,&#8221;twitter&#8221;:null},&#8221;ultimas&#8221;:{&#8220;tab_ultimas&#8221;:[]},&#8221;is_grouping&#8221;:&#8221;false&#8221;,&#8221;node_type&#8221;:&#8221;section&#8221;,&#8221;children&#8221;:[]},{&#8220;_id&#8221;:&#8221;\/futebol\/campeonato-brasileiro-serie-a\/lance-a-lance&#8221;,&#8221;_website&#8221;:&#8221;esportes&#8221;,&#8221;name&#8221;:&#8221;Lance a Lance&#8221;,&#8221;inactive&#8221;:false,&#8221;ancestors&#8221;:{&#8220;default&#8221;:[&#8220;https:\/\/esportes.r7.com\/futebol&#8221;,&#8221;\/futebol\/campeonato-brasileiro-serie-a&#8221;]},&#8221;parent&#8221;:{&#8220;default&#8221;:&#8221;\/futebol\/campeonato-brasileiro-serie-a&#8221;},&#8221;SEO&#8221;:{&#8220;og_image_id&#8221;:null,&#8221;seo_description&#8221;:&#8221;Brasileir\u00e3o S\u00e9rie A! Acompanhe todos os lances, resultados e not\u00edcias do campeonato no site da Record. N\u00e3o perca nenhum detalhe! Acesse j\u00e1 o R7!&#8221;,&#8221;seo_tags&#8221;:[&#8220;Brasileir\u00e3o&#8221;,&#8221;S\u00e9rie A&#8221;,&#8221;futebol&#8221;,&#8221;Record&#8221;,&#8221;R7&#8243;,&#8221;campeonato&#8221;],&#8221;seo_title&#8221;:&#8221;Confira: Brasileir\u00e3o S\u00e9rie A 2026 &#8211; Acompanhe Lance a Lance na Record!&#8221;,&#8221;title_hotsite&#8221;:&#8221;Lance a Lance | Campeonato Brasileiro S\u00e9rie A&#8221;,&#8221;top_url&#8221;:&#8221;https:\/\/esportes.r7.com\/&#8221;,&#8221;url_og_image&#8221;:&#8221;https:\/\/cloudfront-us-east-1.images.arcpublishing.com\/newr7\/GDKWKWHFWBGZHNSMLCZFBJDMZU.jpg&#8221;},&#8221;age_rating&#8221;:{&#8220;classificacao_etaria&#8221;:null},&#8221;age_rating_description&#8221;:{&#8220;atos_criminosos&#8221;:&#8221;false&#8221;,&#8221;conteudo_sexual&#8221;:&#8221;false&#8221;,&#8221;drogas&#8221;:&#8221;false&#8221;,&#8221;drogas_ilicitas&#8221;:&#8221;false&#8221;,&#8221;drogas_licitas&#8221;:&#8221;false&#8221;,&#8221;linguagem_impropria&#8221;:&#8221;false&#8221;,&#8221;medo&#8221;:&#8221;false&#8221;,&#8221;nudez&#8221;:&#8221;false&#8221;,&#8221;procedimentos_medicos&#8221;:&#8221;false&#8221;,&#8221;sexo_explicito&#8221;:&#8221;false&#8221;,&#8221;temas_sensiveis&#8221;:&#8221;false&#8221;,&#8221;violencia&#8221;:&#8221;false&#8221;,&#8221;violencia_extrema&#8221;:&#8221;false&#8221;,&#8221;violencia_fantasiosa&#8221;:&#8221;false&#8221;},&#8221;area_logada&#8221;:{&#8220;exclusive_content&#8221;:&#8221;false&#8221;},&#8221;navigation&#8221;:{&#8220;menu_url&#8221;:null,&#8221;nav_title&#8221;:&#8221;Lance a Lance &#8211; Campeonato Brasileiro S\u00e9rie A&#8221;},&#8221;newsletter&#8221;:{&#8220;id&#8221;:null},&#8221;publicidade&#8221;:{&#8220;disable_adv&#8221;:&#8221;false&#8221;,&#8221;disable_audima_adv&#8221;:&#8221;false&#8221;,&#8221;disable_taboola&#8221;:&#8221;false&#8221;,&#8221;hash&#8221;:&#8221;r7esportes\/futebol\/lance-a-lance\/campeonato-brasileiro-serie-a&#8221;},&#8221;site&#8221;:{&#8220;coupon_categories&#8221;:&#8221;departamentos&#8221;,&#8221;disable_refresh&#8221;:&#8221;4&#8243;,&#8221;enable_disclaimer&#8221;:&#8221;false&#8221;,&#8221;pagebuilder_path_for_native_apps&#8221;:null,&#8221;site_about&#8221;:null,&#8221;site_description&#8221;:null,&#8221;site_keywords&#8221;:null,&#8221;site_tagline&#8221;:null,&#8221;site_title&#8221;:&#8221;Lance a Lance &#8211; Campeonato Brasileiro S\u00e9rie A&#8221;,&#8221;site_url&#8221;:null},&#8221;site_topper&#8221;:{&#8220;section_header_image&#8221;:&#8221;https:\/\/cloudfront-us-east-1.images.arcpublishing.com\/newr7\/HNTNFYPARRCI3OOZRORDMIMUDA.jpg&#8221;,&#8221;section_header_image_id&#8221;:null,&#8221;section_header_image_mobile&#8221;:&#8221;https:\/\/cloudfront-us-east-1.images.arcpublishing.com\/newr7\/LXFOO54NDVEU7IE4YEM3ILFEIA.jpg&#8221;,&#8221;section_header_image_mobile_id&#8221;:null,&#8221;section_left_color_top&#8221;:&#8221;#0F713E&#8221;,&#8221;section_primary_color&#8221;:&#8221;#2B8047&#8243;,&#8221;section_right_color_top&#8221;:&#8221;#0F713E&#8221;,&#8221;site_logo_image&#8221;:null},&#8221;social&#8221;:{&#8220;facebook&#8221;:null,&#8221;instagram&#8221;:null,&#8221;kwai&#8221;:null,&#8221;rss&#8221;:null,&#8221;twitter&#8221;:null},&#8221;ultimas&#8221;:{&#8220;tab_ultimas&#8221;:[]},&#8221;is_grouping&#8221;:&#8221;false&#8221;,&#8221;node_type&#8221;:&#8221;section&#8221;,&#8221;children&#8221;:[]},{&#8220;_id&#8221;:&#8221;\/futebol\/campeonato-brasileiro-serie-a\/conteudo-digital&#8221;,&#8221;_website&#8221;:&#8221;esportes&#8221;,&#8221;name&#8221;:&#8221;Conte\u00fado Digital&#8221;,&#8221;inactive&#8221;:false,&#8221;ancestors&#8221;:{&#8220;default&#8221;:[&#8220;https:\/\/esportes.r7.com\/futebol&#8221;,&#8221;\/futebol\/campeonato-brasileiro-serie-a&#8221;]},&#8221;parent&#8221;:{&#8220;default&#8221;:&#8221;\/futebol\/campeonato-brasileiro-serie-a&#8221;},&#8221;SEO&#8221;:{&#8220;og_image_id&#8221;:null,&#8221;seo_description&#8221;:&#8221;R7 Esportes: Tudo sobre o Brasileir\u00e3o 2026! Resultados, tabela, v\u00eddeos e not\u00edcias em primeira m\u00e3o. Acompanhe agora e n\u00e3o perca nada!&#8221;,&#8221;seo_tags&#8221;:[&#8220;Brasileir\u00e3o&#8221;,&#8221;Brasileir\u00e3o2026&#8243;,&#8221;futebol&#8221;,&#8221;resultados&#8221;,&#8221;tabela&#8221;,&#8221;v\u00eddeos&#8221;],&#8221;seo_title&#8221;:&#8221;Conte\u00fado Digital &#8211; Confira Conte\u00fado Digital em Campeonato Brasileiro: R7 Esportes&#8230; &#8220;,&#8221;title_hotsite&#8221;:null,&#8221;top_url&#8221;:&#8221;https:\/\/esportes.r7.com\/futebol\/campeonato-brasileiro-serie-a\/&#8221;,&#8221;url_og_image&#8221;:null},&#8221;age_rating&#8221;:{&#8220;classificacao_etaria&#8221;:null},&#8221;age_rating_description&#8221;:{&#8220;atos_criminosos&#8221;:&#8221;false&#8221;,&#8221;conteudo_sexual&#8221;:&#8221;false&#8221;,&#8221;drogas&#8221;:&#8221;false&#8221;,&#8221;drogas_ilicitas&#8221;:&#8221;false&#8221;,&#8221;drogas_licitas&#8221;:&#8221;false&#8221;,&#8221;linguagem_impropria&#8221;:&#8221;false&#8221;,&#8221;medo&#8221;:&#8221;false&#8221;,&#8221;nudez&#8221;:&#8221;false&#8221;,&#8221;procedimentos_medicos&#8221;:&#8221;false&#8221;,&#8221;sexo_explicito&#8221;:&#8221;false&#8221;,&#8221;temas_sensiveis&#8221;:&#8221;false&#8221;,&#8221;violencia&#8221;:&#8221;false&#8221;,&#8221;violencia_extrema&#8221;:&#8221;false&#8221;,&#8221;violencia_fantasiosa&#8221;:&#8221;false&#8221;},&#8221;area_logada&#8221;:{&#8220;exclusive_content&#8221;:&#8221;false&#8221;},&#8221;navigation&#8221;:{&#8220;menu_url&#8221;:&#8221;https:\/\/esportes.r7.com\/futebol\/campeonato-brasileiro-serie-a\/conteudo-digital&#8221;,&#8221;nav_title&#8221;:&#8221;Conte\u00fado Digital&#8221;},&#8221;newsletter&#8221;:{&#8220;id&#8221;:null},&#8221;publicidade&#8221;:{&#8220;disable_adv&#8221;:&#8221;false&#8221;,&#8221;disable_audima_adv&#8221;:&#8221;false&#8221;,&#8221;disable_taboola&#8221;:&#8221;false&#8221;,&#8221;hash&#8221;:null},&#8221;site&#8221;:{&#8220;coupon_categories&#8221;:&#8221;departamentos&#8221;,&#8221;disable_refresh&#8221;:&#8221;4&#8243;,&#8221;enable_disclaimer&#8221;:&#8221;false&#8221;,&#8221;pagebuilder_path_for_native_apps&#8221;:null,&#8221;site_about&#8221;:null,&#8221;site_description&#8221;:null,&#8221;site_keywords&#8221;:null,&#8221;site_tagline&#8221;:null,&#8221;site_title&#8221;:null,&#8221;site_url&#8221;:null},&#8221;site_topper&#8221;:{&#8220;section_header_image&#8221;:null,&#8221;section_header_image_id&#8221;:null,&#8221;section_header_image_mobile&#8221;:null,&#8221;section_header_image_mobile_id&#8221;:null,&#8221;section_left_color_top&#8221;:null,&#8221;section_primary_color&#8221;:null,&#8221;section_right_color_top&#8221;:null,&#8221;site_logo_image&#8221;:null},&#8221;social&#8221;:{&#8220;facebook&#8221;:null,&#8221;instagram&#8221;:null,&#8221;kwai&#8221;:null,&#8221;rss&#8221;:null,&#8221;twitter&#8221;:null},&#8221;ultimas&#8221;:{&#8220;tab_ultimas&#8221;:[]},&#8221;is_grouping&#8221;:&#8221;false&#8221;,&#8221;node_type&#8221;:&#8221;section&#8221;,&#8221;children&#8221;:[{&#8220;_id&#8221;:&#8221;\/futebol\/campeonato-brasileiro-serie-a\/conteudo-digital\/pre-e-pos-jogo&#8221;,&#8221;_website&#8221;:&#8221;esportes&#8221;,&#8221;name&#8221;:&#8221;Pr\u00e9 e P\u00f3s-Jogo&#8221;,&#8221;inactive&#8221;:false,&#8221;ancestors&#8221;:{&#8220;default&#8221;:[&#8220;https:\/\/esportes.r7.com\/futebol&#8221;,&#8221;\/futebol\/campeonato-brasileiro-serie-a&#8221;,&#8221;\/futebol\/campeonato-brasileiro-serie-a\/conteudo-digital&#8221;]},&#8221;parent&#8221;:{&#8220;default&#8221;:&#8221;\/futebol\/campeonato-brasileiro-serie-a\/conteudo-digital&#8221;},&#8221;SEO&#8221;:{&#8220;og_image_id&#8221;:null,&#8221;seo_description&#8221;:&#8221;R7 Esportes: Pr\u00e9 e p\u00f3s-jogo do Brasileir\u00e3o 2026! Resultados, tabela, v\u00eddeos e not\u00edcias. Tudo sobre o campeonato. Acesse e fique por dentro!&#8221;,&#8221;seo_tags&#8221;:[&#8220;Brasileir\u00e3o&#8221;,&#8221;futebol&#8221;,&#8221;resultados&#8221;,&#8221; tabela&#8221;,&#8221;v\u00eddeos&#8221;,&#8221;not\u00edcias&#8221;],&#8221;seo_title&#8221;:&#8221;Confira Pr\u00e9 e P\u00f3s-Jogo em Campeonato Brasileiro&#8230;&#8221;,&#8221;title_hotsite&#8221;:null,&#8221;top_url&#8221;:&#8221;https:\/\/esportes.r7.com\/futebol\/campeonato-brasileiro-serie-a\/&#8221;,&#8221;url_og_image&#8221;:null},&#8221;age_rating&#8221;:{&#8220;classificacao_etaria&#8221;:null},&#8221;age_rating_description&#8221;:{&#8220;atos_criminosos&#8221;:&#8221;false&#8221;,&#8221;conteudo_sexual&#8221;:&#8221;false&#8221;,&#8221;drogas&#8221;:&#8221;false&#8221;,&#8221;drogas_ilicitas&#8221;:&#8221;false&#8221;,&#8221;drogas_licitas&#8221;:&#8221;false&#8221;,&#8221;linguagem_impropria&#8221;:&#8221;false&#8221;,&#8221;medo&#8221;:&#8221;false&#8221;,&#8221;nudez&#8221;:&#8221;false&#8221;,&#8221;procedimentos_medicos&#8221;:&#8221;false&#8221;,&#8221;sexo_explicito&#8221;:&#8221;false&#8221;,&#8221;temas_sensiveis&#8221;:&#8221;false&#8221;,&#8221;violencia&#8221;:&#8221;false&#8221;,&#8221;violencia_extrema&#8221;:&#8221;false&#8221;,&#8221;violencia_fantasiosa&#8221;:&#8221;false&#8221;},&#8221;area_logada&#8221;:{&#8220;exclusive_content&#8221;:&#8221;false&#8221;},&#8221;navigation&#8221;:{&#8220;menu_url&#8221;:&#8221;https:\/\/esportes.r7.com\/futebol\/campeonato-brasileiro-serie-a\/pre-e-pos-jogo&#8221;,&#8221;nav_title&#8221;:&#8221;Pr\u00e9 e P\u00f3s-Jogo&#8221;},&#8221;newsletter&#8221;:{&#8220;id&#8221;:null},&#8221;publicidade&#8221;:{&#8220;disable_adv&#8221;:&#8221;false&#8221;,&#8221;disable_audima_adv&#8221;:&#8221;false&#8221;,&#8221;disable_taboola&#8221;:&#8221;false&#8221;,&#8221;hash&#8221;:null},&#8221;site&#8221;:{&#8220;coupon_categories&#8221;:&#8221;departamentos&#8221;,&#8221;disable_refresh&#8221;:&#8221;4&#8243;,&#8221;enable_disclaimer&#8221;:&#8221;false&#8221;,&#8221;pagebuilder_path_for_native_apps&#8221;:null,&#8221;site_about&#8221;:null,&#8221;site_description&#8221;:null,&#8221;site_keywords&#8221;:null,&#8221;site_tagline&#8221;:null,&#8221;site_title&#8221;:null,&#8221;site_url&#8221;:null},&#8221;site_topper&#8221;:{&#8220;section_header_image&#8221;:null,&#8221;section_header_image_id&#8221;:null,&#8221;section_header_image_mobile&#8221;:null,&#8221;section_header_image_mobile_id&#8221;:null,&#8221;section_left_color_top&#8221;:null,&#8221;section_primary_color&#8221;:null,&#8221;section_right_color_top&#8221;:null,&#8221;site_logo_image&#8221;:null},&#8221;social&#8221;:{&#8220;facebook&#8221;:null,&#8221;instagram&#8221;:null,&#8221;kwai&#8221;:null,&#8221;rss&#8221;:null,&#8221;twitter&#8221;:null},&#8221;ultimas&#8221;:{&#8220;tab_ultimas&#8221;:[]},&#8221;is_grouping&#8221;:&#8221;false&#8221;,&#8221;node_type&#8221;:&#8221;section&#8221;,&#8221;children&#8221;:[]},{&#8220;_id&#8221;:&#8221;\/futebol\/campeonato-brasileiro-serie-a\/conteudo-digital\/melhores-momentos&#8221;,&#8221;_website&#8221;:&#8221;esportes&#8221;,&#8221;name&#8221;:&#8221;Melhores Momentos&#8221;,&#8221;inactive&#8221;:false,&#8221;ancestors&#8221;:{&#8220;default&#8221;:[&#8220;https:\/\/esportes.r7.com\/futebol&#8221;,&#8221;\/futebol\/campeonato-brasileiro-serie-a&#8221;,&#8221;\/futebol\/campeonato-brasileiro-serie-a\/conteudo-digital&#8221;]},&#8221;parent&#8221;:{&#8220;default&#8221;:&#8221;\/futebol\/campeonato-brasileiro-serie-a\/conteudo-digital&#8221;},&#8221;SEO&#8221;:{&#8220;og_image_id&#8221;:null,&#8221;seo_description&#8221;:&#8221;R7 Esportes: Os melhores momentos do Brasileir\u00e3o 2026 est\u00e3o aqui! Resultados, v\u00eddeos, not\u00edcias e a tabela completa. N\u00e3o perca nenhum lance! Acesse agora!&#8221;,&#8221;seo_tags&#8221;:[&#8220;Brasileir\u00e3o 2026&#8243;,&#8221;R7 Esportes&#8221;,&#8221;resultados&#8221;,&#8221;v\u00eddeos&#8221;,&#8221;not\u00edcias&#8221;,&#8221;tabela&#8221;],&#8221;seo_title&#8221;:&#8221;Confira Melhores Momentos em Campeonato Brasileiro no R7 Esportes&#8230;&#8221;,&#8221;title_hotsite&#8221;:null,&#8221;top_url&#8221;:&#8221;https:\/\/esportes.r7.com\/futebol\/campeonato-brasileiro-serie-a\/&#8221;,&#8221;url_og_image&#8221;:null},&#8221;age_rating&#8221;:{&#8220;classificacao_etaria&#8221;:null},&#8221;age_rating_description&#8221;:{&#8220;atos_criminosos&#8221;:&#8221;false&#8221;,&#8221;conteudo_sexual&#8221;:&#8221;false&#8221;,&#8221;drogas&#8221;:&#8221;false&#8221;,&#8221;drogas_ilicitas&#8221;:&#8221;false&#8221;,&#8221;drogas_licitas&#8221;:&#8221;false&#8221;,&#8221;linguagem_impropria&#8221;:&#8221;false&#8221;,&#8221;medo&#8221;:&#8221;false&#8221;,&#8221;nudez&#8221;:&#8221;false&#8221;,&#8221;procedimentos_medicos&#8221;:&#8221;false&#8221;,&#8221;sexo_explicito&#8221;:&#8221;false&#8221;,&#8221;temas_sensiveis&#8221;:&#8221;false&#8221;,&#8221;violencia&#8221;:&#8221;false&#8221;,&#8221;violencia_extrema&#8221;:&#8221;false&#8221;,&#8221;violencia_fantasiosa&#8221;:&#8221;false&#8221;},&#8221;area_logada&#8221;:{&#8220;exclusive_content&#8221;:&#8221;false&#8221;},&#8221;navigation&#8221;:{&#8220;menu_url&#8221;:&#8221;https:\/\/esportes.r7.com\/futebol\/campeonato-brasileiro-serie-a\/melhores-momentos&#8221;,&#8221;nav_title&#8221;:&#8221;Melhores Momentos&#8221;},&#8221;newsletter&#8221;:{&#8220;id&#8221;:null},&#8221;publicidade&#8221;:{&#8220;disable_adv&#8221;:&#8221;false&#8221;,&#8221;disable_audima_adv&#8221;:&#8221;false&#8221;,&#8221;disable_taboola&#8221;:&#8221;false&#8221;,&#8221;hash&#8221;:null},&#8221;site&#8221;:{&#8220;coupon_categories&#8221;:&#8221;departamentos&#8221;,&#8221;disable_refresh&#8221;:&#8221;4&#8243;,&#8221;enable_disclaimer&#8221;:&#8221;false&#8221;,&#8221;pagebuilder_path_for_native_apps&#8221;:null,&#8221;site_about&#8221;:null,&#8221;site_description&#8221;:null,&#8221;site_keywords&#8221;:null,&#8221;site_tagline&#8221;:null,&#8221;site_title&#8221;:null,&#8221;site_url&#8221;:null},&#8221;site_topper&#8221;:{&#8220;section_header_image&#8221;:null,&#8221;section_header_image_id&#8221;:null,&#8221;section_header_image_mobile&#8221;:null,&#8221;section_header_image_mobile_id&#8221;:null,&#8221;section_left_color_top&#8221;:null,&#8221;section_primary_color&#8221;:null,&#8221;section_right_color_top&#8221;:null,&#8221;site_logo_image&#8221;:null},&#8221;social&#8221;:{&#8220;facebook&#8221;:null,&#8221;instagram&#8221;:null,&#8221;kwai&#8221;:null,&#8221;rss&#8221;:null,&#8221;twitter&#8221;:null},&#8221;ultimas&#8221;:{&#8220;tab_ultimas&#8221;:[]},&#8221;is_grouping&#8221;:&#8221;false&#8221;,&#8221;node_type&#8221;:&#8221;section&#8221;,&#8221;children&#8221;:[]}]}]},{&#8220;_id&#8221;:&#8221;\/futebol\/campeonato-brasileiro-serie-b&#8221;,&#8221;_website&#8221;:&#8221;esportes&#8221;,&#8221;name&#8221;:&#8221;Campeonato Brasileiro S\u00e9rie B&#8221;,&#8221;inactive&#8221;:false,&#8221;parent&#8221;:{&#8220;default&#8221;:&#8221;https:\/\/esportes.r7.com\/futebol&#8221;,&#8221;header&#8221;:&#8221;https:\/\/esportes.r7.com\/futebol&#8221;},&#8221;SEO&#8221;:{&#8220;og_image_id&#8221;:&#8221;65577e9dcd77c0d31f00108e&#8221;,&#8221;seo_description&#8221;:&#8221;Confira resultados, pr\u00f3ximos jogos, tabela de classifica\u00e7\u00e3o completa, v\u00eddeos e as \u00faltimas not\u00edciasdo Campeonato Brasileiro S\u00e9rie B | 2026 | no R7 Esportes&#8221;,&#8221;seo_tags&#8221;:[&#8220;classifica\u00e7\u00e3o&#8221;,&#8221;tabela&#8221;,&#8221;resultados&#8221;,&#8221;futebol&#8221;,&#8221;segunda divis\u00e3o&#8221;,&#8221;Serie B&#8221;,&#8221;brasileirao serie B&#8221;,&#8221;campeonato brasileiro&#8221;],&#8221;seo_title&#8221;:&#8221;Tabela, not\u00edcias e resultados | Brasileir\u00e3o S\u00e9rie B | 2026 | R7&#8243;,&#8221;title_hotsite&#8221;:&#8221;Tabela, not\u00edcias e resultados | Brasileir\u00e3o S\u00e9rie B | 2026 | R7&#8243;,&#8221;top_url&#8221;:&#8221;https:\/\/esportes.r7.com\/campeonato-brasileiro-serie-b\/&#8221;,&#8221;url_og_image&#8221;:&#8221;https:\/\/img.r7.com\/images\/r7-esportes-17112023115422099&#8243;},&#8221;_admin&#8221;:{&#8220;alias_ids&#8221;:[&#8220;\/futebol\/campeonato-brasileiro-serie-b&#8221;]},&#8221;age_rating&#8221;:{&#8220;classificacao_etaria&#8221;:null},&#8221;age_rating_description&#8221;:{&#8220;atos_criminosos&#8221;:&#8221;false&#8221;,&#8221;conteudo_sexual&#8221;:&#8221;false&#8221;,&#8221;drogas&#8221;:&#8221;false&#8221;,&#8221;drogas_ilicitas&#8221;:&#8221;false&#8221;,&#8221;drogas_licitas&#8221;:&#8221;false&#8221;,&#8221;linguagem_impropria&#8221;:&#8221;false&#8221;,&#8221;medo&#8221;:&#8221;false&#8221;,&#8221;nudez&#8221;:&#8221;false&#8221;,&#8221;procedimentos_medicos&#8221;:&#8221;false&#8221;,&#8221;sexo_explicito&#8221;:&#8221;false&#8221;,&#8221;temas_sensiveis&#8221;:&#8221;false&#8221;,&#8221;violencia&#8221;:&#8221;false&#8221;,&#8221;violencia_extrema&#8221;:&#8221;false&#8221;,&#8221;violencia_fantasiosa&#8221;:&#8221;false&#8221;},&#8221;area_logada&#8221;:{&#8220;exclusive_content&#8221;:&#8221;false&#8221;},&#8221;campanha_branded&#8221;:{&#8220;ativar_logo_campanha&#8221;:&#8221;false&#8221;},&#8221;navigation&#8221;:{&#8220;menu_url&#8221;:null,&#8221;nav_title&#8221;:&#8221;Campeonato Brasileiro S\u00e9rie B&#8221;},&#8221;publicidade&#8221;:{&#8220;disable_adv&#8221;:&#8221;false&#8221;,&#8221;disable_audima_adv&#8221;:&#8221;false&#8221;,&#8221;disable_taboola&#8221;:&#8221;false&#8221;,&#8221;hash&#8221;:&#8221;r7esportes\/futebol\/brasileirao-serieB&#8221;},&#8221;site&#8221;:{&#8220;coupon_categories&#8221;:&#8221;esportes&#8221;,&#8221;disable_refresh&#8221;:&#8221;4&#8243;,&#8221;enable_disclaimer&#8221;:&#8221;false&#8221;,&#8221;pagebuilder_path_for_native_apps&#8221;:null,&#8221;site_about&#8221;:&#8221;Tabela, not\u00edcias e resultados | Brasileir\u00e3o S\u00e9rie B | 2026 | R7&#8243;,&#8221;site_description&#8221;:&#8221;Confira resultados, pr\u00f3ximos jogos, tabela de classifica\u00e7\u00e3o completa, v\u00eddeos e as \u00faltimas not\u00edciasdo Campeonato Brasileiro S\u00e9rie B | 2026 | no R7 Esportes&#8221;,&#8221;site_keywords&#8221;:&#8221;campeonato brasileiro, S\u00e9rie B, segunda divis\u00e3o, futebol, tabela, classifica\u00e7\u00e3o, resultados, brasileirao serie B&#8221;,&#8221;site_tagline&#8221;:&#8221;Tabela, not\u00edcias e resultados | Brasileir\u00e3o S\u00e9rie B | 2026 | R7&#8243;,&#8221;site_title&#8221;:&#8221;Tabela, not\u00edcias e resultados | Brasileir\u00e3o S\u00e9rie B | 2026 | R7&#8243;,&#8221;site_url&#8221;:null},&#8221;site_topper&#8221;:{&#8220;section_header_image&#8221;:&#8221;https:\/\/img.r7.com\/images\/r7-esportes-17112023115349934&#8243;,&#8221;section_header_image_id&#8221;:&#8221;65577e7d1df97b21c400040f&#8221;,&#8221;section_header_image_mobile&#8221;:&#8221;https:\/\/img.r7.com\/images\/r7-esportes-17112023115459066&#8243;,&#8221;section_header_image_mobile_id&#8221;:&#8221;65577ec2c012ad96f3000a4a&#8221;,&#8221;section_left_color_top&#8221;:&#8221;#2B8047&#8243;,&#8221;section_primary_color&#8221;:&#8221;#0E8148&#8243;,&#8221;section_right_color_top&#8221;:&#8221;#2B8047&#8243;,&#8221;site_logo_image&#8221;:null},&#8221;social&#8221;:{&#8220;facebook&#8221;:null,&#8221;instagram&#8221;:null,&#8221;kwai&#8221;:null,&#8221;rss&#8221;:null,&#8221;twitter&#8221;:null},&#8221;ultimas&#8221;:{&#8220;tab_ultimas&#8221;:[]},&#8221;is_grouping&#8221;:&#8221;false&#8221;,&#8221;node_type&#8221;:&#8221;section&#8221;,&#8221;children&#8221;:[{&#8220;_id&#8221;:&#8221;\/futebol\/campeonato-brasileiro-serie-b\/tabela&#8221;,&#8221;_website&#8221;:&#8221;esportes&#8221;,&#8221;name&#8221;:&#8221;Tabela&#8221;,&#8221;inactive&#8221;:false,&#8221;ancestors&#8221;:{&#8220;default&#8221;:[&#8220;https:\/\/esportes.r7.com\/futebol&#8221;,&#8221;\/futebol\/campeonato-brasileiro-serie-b&#8221;]},&#8221;parent&#8221;:{&#8220;default&#8221;:&#8221;\/futebol\/campeonato-brasileiro-serie-b&#8221;},&#8221;SEO&#8221;:{&#8220;og_image_id&#8221;:null,&#8221;seo_description&#8221;:&#8221;Campeonato Brasileio S\u00e9rie B com tabela de classifica\u00e7\u00e3o atualizada \u00e9 no R7 Esportes! Confira os pr\u00f3ximos jogos, not\u00edcias e muito mais.&#8221;,&#8221;seo_tags&#8221;:[&#8220;brasileir\u00e3o s\u00e9rie B&#8221;,&#8221;s\u00e9rie B&#8221;,&#8221;campeonato brasileiro&#8221;,&#8221;r7 esportes&#8221;,&#8221;r7&#8243;,&#8221;futebol&#8221;,&#8221;pontos corridos&#8221;,&#8221;rodadas&#8221;,&#8221;brasileir\u00e3o&#8221;,&#8221;tabela&#8221;,&#8221;classifica\u00e7\u00e3o&#8221;,&#8221;jogos&#8221;],&#8221;seo_title&#8221;:&#8221; Tabela e jogos | Brasileiro S\u00e9rie B 2026 | R7 Esportes&#8221;,&#8221;title_hotsite&#8221;:&#8221; Tabela e jogos | Brasileiro S\u00e9rie B 2026 | R7 Esportes&#8221;,&#8221;top_url&#8221;:&#8221;https:\/\/esportes.r7.com\/futebol\/campeonato-brasileiro-serie-b\/&#8221;,&#8221;url_og_image&#8221;:null},&#8221;_admin&#8221;:{&#8220;alias_ids&#8221;:[]},&#8221;age_rating&#8221;:{&#8220;classificacao_etaria&#8221;:null},&#8221;age_rating_description&#8221;:{&#8220;atos_criminosos&#8221;:&#8221;false&#8221;,&#8221;conteudo_sexual&#8221;:&#8221;false&#8221;,&#8221;drogas&#8221;:&#8221;false&#8221;,&#8221;drogas_ilicitas&#8221;:&#8221;false&#8221;,&#8221;drogas_licitas&#8221;:&#8221;false&#8221;,&#8221;linguagem_impropria&#8221;:&#8221;false&#8221;,&#8221;medo&#8221;:&#8221;false&#8221;,&#8221;nudez&#8221;:&#8221;false&#8221;,&#8221;procedimentos_medicos&#8221;:&#8221;false&#8221;,&#8221;sexo_explicito&#8221;:&#8221;false&#8221;,&#8221;temas_sensiveis&#8221;:&#8221;false&#8221;,&#8221;violencia&#8221;:&#8221;false&#8221;,&#8221;violencia_extrema&#8221;:&#8221;false&#8221;,&#8221;violencia_fantasiosa&#8221;:&#8221;false&#8221;},&#8221;area_logada&#8221;:{&#8220;exclusive_content&#8221;:&#8221;false&#8221;},&#8221;campanha_branded&#8221;:{&#8220;ativar_logo_campanha&#8221;:&#8221;false&#8221;},&#8221;navigation&#8221;:{&#8220;menu_url&#8221;:null,&#8221;nav_title&#8221;:null},&#8221;publicidade&#8221;:{&#8220;disable_adv&#8221;:&#8221;false&#8221;,&#8221;disable_audima_adv&#8221;:&#8221;false&#8221;,&#8221;disable_taboola&#8221;:&#8221;false&#8221;,&#8221;hash&#8221;:&#8221;r7esportes\/futebol\/brasileirao-serieB\/tabela&#8221;},&#8221;site&#8221;:{&#8220;coupon_categories&#8221;:&#8221;departamentos&#8221;,&#8221;disable_refresh&#8221;:&#8221;4&#8243;,&#8221;enable_disclaimer&#8221;:&#8221;false&#8221;,&#8221;pagebuilder_path_for_native_apps&#8221;:null,&#8221;site_about&#8221;:&#8221; Tabela e jogos | Brasileiro S\u00e9rie B 2026 | R7 Esportes&#8221;,&#8221;site_description&#8221;:&#8221;Campeonato Brasileio S\u00e9rie B com tabela de classifica\u00e7\u00e3o atualizada \u00e9 no R7 Esportes! Confira os pr\u00f3ximos jogos, not\u00edcias e muito mais.&#8221;,&#8221;site_keywords&#8221;:&#8221;tabela, classifica\u00e7\u00e3o, rodadas, pontos corridos, brasileir\u00e3o, brasileir\u00e3o s\u00e9rie B, campeonato brasileiro, futebol, r7 esportes, r7&#8243;,&#8221;site_tagline&#8221;:&#8221; Tabela e jogos | Brasileiro S\u00e9rie B 2026 | R7 Esportes&#8221;,&#8221;site_title&#8221;:&#8221; Tabela e jogos | Brasileiro S\u00e9rie B 2026 | R7 Esportes&#8221;,&#8221;site_url&#8221;:null},&#8221;site_topper&#8221;:{&#8220;section_header_image&#8221;:null,&#8221;section_header_image_id&#8221;:null,&#8221;section_header_image_mobile&#8221;:null,&#8221;section_header_image_mobile_id&#8221;:null,&#8221;section_left_color_top&#8221;:null,&#8221;section_primary_color&#8221;:null,&#8221;section_right_color_top&#8221;:null,&#8221;site_logo_image&#8221;:null},&#8221;social&#8221;:{&#8220;bluesky&#8221;:null,&#8221;facebook&#8221;:null,&#8221;instagram&#8221;:null,&#8221;kwai&#8221;:null,&#8221;rss&#8221;:null,&#8221;threads&#8221;:null,&#8221;tiktok&#8221;:null,&#8221;twitter&#8221;:null,&#8221;whatsapp&#8221;:null,&#8221;youtube&#8221;:null},&#8221;ultimas&#8221;:{&#8220;tab_ultimas&#8221;:[]},&#8221;is_grouping&#8221;:&#8221;false&#8221;,&#8221;node_type&#8221;:&#8221;section&#8221;,&#8221;children&#8221;:[]}]},{&#8220;_id&#8221;:&#8221;\/futebol\/campeonato-carioca&#8221;,&#8221;_website&#8221;:&#8221;esportes&#8221;,&#8221;name&#8221;:&#8221;Campeonato Carioca&#8221;,&#8221;inactive&#8221;:false,&#8221;parent&#8221;:{&#8220;default&#8221;:&#8221;https:\/\/esportes.r7.com\/futebol&#8221;,&#8221;header&#8221;:&#8221;https:\/\/esportes.r7.com\/futebol&#8221;},&#8221;SEO&#8221;:{&#8220;og_image_id&#8221;:&#8221;65577e9dcd77c0d31f00108e&#8221;,&#8221;seo_description&#8221;:&#8221;Confira resultados, pr\u00f3ximos jogos, tabela de classifica\u00e7\u00e3o completa, v\u00eddeos e as \u00faltimas not\u00edciasdo Campeonato Carioca | 2025 | no R7 Esportes&#8221;,&#8221;seo_tags&#8221;:[&#8220;carioca&#8221;,&#8221;classifica\u00e7\u00e3o&#8221;,&#8221;tabela&#8221;,&#8221;resultados&#8221;,&#8221;campeonato carioca&#8221;,&#8221;campeonato&#8221;,&#8221;rio de janeiro&#8221;,&#8221;rj&#8221;,&#8221;futebol&#8221;,&#8221;r7&#8243;],&#8221;seo_title&#8221;:&#8221;Tabela, not\u00edcias e resultados | Carioc\u00e3o | 2025 | R7&#8243;,&#8221;title_hotsite&#8221;:&#8221;Tabela, not\u00edcias e resultados | Carioc\u00e3o | 2025 | R7&#8243;,&#8221;top_url&#8221;:&#8221;https:\/\/esportes.r7.com\/&#8221;,&#8221;url_og_image&#8221;:&#8221;https:\/\/img.r7.com\/images\/r7-esportes-17112023115422099&#8243;},&#8221;_admin&#8221;:{&#8220;alias_ids&#8221;:[&#8220;\/futebol\/campeonato-carioca&#8221;]},&#8221;age_rating&#8221;:{&#8220;classificacao_etaria&#8221;:null},&#8221;age_rating_description&#8221;:{&#8220;atos_criminosos&#8221;:&#8221;false&#8221;,&#8221;conteudo_sexual&#8221;:&#8221;false&#8221;,&#8221;drogas&#8221;:&#8221;false&#8221;,&#8221;drogas_ilicitas&#8221;:&#8221;false&#8221;,&#8221;drogas_licitas&#8221;:&#8221;false&#8221;,&#8221;linguagem_impropria&#8221;:&#8221;false&#8221;,&#8221;medo&#8221;:&#8221;false&#8221;,&#8221;nudez&#8221;:&#8221;false&#8221;,&#8221;procedimentos_medicos&#8221;:&#8221;false&#8221;,&#8221;sexo_explicito&#8221;:&#8221;false&#8221;,&#8221;temas_sensiveis&#8221;:&#8221;false&#8221;,&#8221;violencia&#8221;:&#8221;false&#8221;,&#8221;violencia_extrema&#8221;:&#8221;false&#8221;,&#8221;violencia_fantasiosa&#8221;:&#8221;false&#8221;},&#8221;area_logada&#8221;:{&#8220;exclusive_content&#8221;:&#8221;false&#8221;},&#8221;assets&#8221;:{&#8220;cda_ad_player&#8221;:null},&#8221;campanha_branded&#8221;:{&#8220;ativar_background_campanha&#8221;:&#8221;false&#8221;,&#8221;ativar_fonte_campanha&#8221;:&#8221;false&#8221;,&#8221;ativar_logo_campanha&#8221;:&#8221;false&#8221;},&#8221;navigation&#8221;:{&#8220;menu_url&#8221;:null,&#8221;nav_title&#8221;:&#8221;Campeonato Carioca&#8221;},&#8221;newsletter&#8221;:{&#8220;id&#8221;:null},&#8221;publicidade&#8221;:{&#8220;disable_adv&#8221;:&#8221;false&#8221;,&#8221;disable_audima_adv&#8221;:&#8221;false&#8221;,&#8221;disable_taboola&#8221;:&#8221;false&#8221;,&#8221;hash&#8221;:null},&#8221;site&#8221;:{&#8220;coupon_categories&#8221;:&#8221;departamentos&#8221;,&#8221;disable_refresh&#8221;:&#8221;4&#8243;,&#8221;enable_disclaimer&#8221;:&#8221;false&#8221;,&#8221;pagebuilder_path_for_native_apps&#8221;:null,&#8221;site_about&#8221;:&#8221;Tabela, not\u00edcias e resultados | Carioc\u00e3o | 2025 | R7&#8243;,&#8221;site_description&#8221;:&#8221;Confira resultados, pr\u00f3ximos jogos, tabela de classifica\u00e7\u00e3o completa, v\u00eddeos e as \u00faltimas not\u00edciasdo Campeonato Carioca | 2025 | no R7 Esportes&#8221;,&#8221;site_keywords&#8221;:&#8221;campeonato carioca, futebol, cariocao, resultados, classifica\u00e7\u00e3o, resultados, tabela&#8221;,&#8221;site_tagline&#8221;:&#8221;Tabela, not\u00edcias e resultados | Carioc\u00e3o | 2025 | R7&#8243;,&#8221;site_title&#8221;:&#8221;Tabela, not\u00edcias e resultados | Carioc\u00e3o | 2025 | R7&#8243;,&#8221;site_url&#8221;:null},&#8221;site_topper&#8221;:{&#8220;section_header_image&#8221;:&#8221;https:\/\/img.r7.com\/images\/r7-esportes-17112023115349934&#8243;,&#8221;section_header_image_id&#8221;:&#8221;65577e7d1df97b21c400040f&#8221;,&#8221;section_header_image_mobile&#8221;:&#8221;https:\/\/img.r7.com\/images\/r7-esportes-17112023115459066&#8243;,&#8221;section_header_image_mobile_id&#8221;:&#8221;65577ec2c012ad96f3000a4a&#8221;,&#8221;section_left_color_top&#8221;:&#8221;#2B8047&#8243;,&#8221;section_primary_color&#8221;:&#8221;#0E8148&#8243;,&#8221;section_right_color_top&#8221;:&#8221;#2B8047&#8243;,&#8221;site_logo_image&#8221;:null},&#8221;social&#8221;:{&#8220;bluesky&#8221;:null,&#8221;facebook&#8221;:null,&#8221;instagram&#8221;:null,&#8221;kwai&#8221;:null,&#8221;rss&#8221;:null,&#8221;threads&#8221;:null,&#8221;tiktok&#8221;:null,&#8221;twitter&#8221;:null,&#8221;whatsapp&#8221;:null,&#8221;youtube&#8221;:null},&#8221;ultimas&#8221;:{&#8220;tab_ultimas&#8221;:[]},&#8221;is_grouping&#8221;:&#8221;false&#8221;,&#8221;node_type&#8221;:&#8221;section&#8221;,&#8221;children&#8221;:[{&#8220;_id&#8221;:&#8221;\/futebol\/campeonato-carioca\/ao-vivo&#8221;,&#8221;website&#8221;:&#8221;esportes&#8221;,&#8221;name&#8221;:&#8221;Ao vivo&#8221;,&#8221;navigation&#8221;:{&#8220;nav_title&#8221;:&#8221;Ao vivo&#8221;},&#8221;parent&#8221;:{&#8220;default&#8221;:&#8221;\/futebol\/campeonato-carioca&#8221;,&#8221;header&#8221;:&#8221;\/futebol\/campeonato-carioca&#8221;},&#8221;_admin&#8221;:{&#8220;alias_ids&#8221;:[&#8220;\/futebol\/campeonato-carioca\/ao-vivo&#8221;]},&#8221;site&#8221;:{&#8220;site_description&#8221;:&#8221;&#8221;,&#8221;site_title&#8221;:&#8221;Ao vivo&#8221;},&#8221;inactive&#8221;:false,&#8221;SEO&#8221;:{&#8220;seo_tags&#8221;:[&#8220;campeonato carioca de futebol&#8221;,&#8221;campeonato&#8221;,&#8221;rio de janeiro&#8221;,&#8221;rj&#8221;,&#8221;futebol&#8221;,&#8221;r7&#8243;],&#8221;seo_title&#8221;:&#8221;Campeonato Carioca de Futebol \u2013 Jogos, resultados e mais \u2013 R7&#8243;,&#8221;seo_description&#8221;:&#8221;Acompanhe o Campeonato Carioca de Futebol no Portal R7. Saiba tudo sobre os jogos, melhores momentos, resultados, tabela e muito mais.&#8221;,&#8221;title_hotsite&#8221;:&#8221;R7 Esportes NO REFRESH&#8221;,&#8221;top_url&#8221;:&#8221;https:\/\/esportes.r7.com\/&#8221;,&#8221;url_og_image&#8221;:&#8221;https:\/\/img.r7.com\/images\/r7-esportes-17112023115422099&#8243;,&#8221;og_image_id&#8221;:&#8221;65577e9dcd77c0d31f00108e&#8221;},&#8221;site_topper&#8221;:{&#8220;section_header_image&#8221;:&#8221;https:\/\/img.r7.com\/images\/r7-esportes-17112023115349934&#8243;,&#8221;section_header_image_id&#8221;:&#8221;65577e7d1df97b21c400040f&#8221;,&#8221;section_left_color_top&#8221;:&#8221;#2B8047&#8243;,&#8221;section_right_color_top&#8221;:&#8221;#2B8047&#8243;,&#8221;section_primary_color&#8221;:&#8221;#0E8148&#8243;,&#8221;section_header_image_mobile_id&#8221;:&#8221;65577ec2c012ad96f3000a4a&#8221;,&#8221;section_header_image_mobile&#8221;:&#8221;https:\/\/img.r7.com\/images\/r7-esportes-17112023115459066&#8243;},&#8221;is_grouping&#8221;:&#8221;false&#8221;,&#8221;_website&#8221;:&#8221;esportes&#8221;,&#8221;node_type&#8221;:&#8221;section&#8221;,&#8221;children&#8221;:[]},{&#8220;_id&#8221;:&#8221;\/futebol\/campeonato-carioca\/tabela&#8221;,&#8221;_website&#8221;:&#8221;esportes&#8221;,&#8221;name&#8221;:&#8221;Tabela&#8221;,&#8221;inactive&#8221;:false,&#8221;ancestors&#8221;:{&#8220;default&#8221;:[&#8220;https:\/\/esportes.r7.com\/futebol&#8221;,&#8221;\/futebol\/campeonato-carioca&#8221;]},&#8221;parent&#8221;:{&#8220;default&#8221;:&#8221;\/futebol\/campeonato-carioca&#8221;},&#8221;SEO&#8221;:{&#8220;og_image_id&#8221;:null,&#8221;seo_description&#8221;:&#8221;Campeonato Carioca com tabela de classifica\u00e7\u00e3o atualizada \u00e9 no R7 Esportes! Confira os pr\u00f3ximos jogos, not\u00edcias e muito mais.&#8221;,&#8221;seo_tags&#8221;:[&#8220;tabela&#8221;,&#8221;classifica\u00e7\u00e3o&#8221;,&#8221;portal r7&#8243;,&#8221;r7 esportes&#8221;,&#8221;campeonato carioca&#8221;,&#8221;esportes&#8221;,&#8221;futebol&#8221;,&#8221;carioca&#8221;],&#8221;seo_title&#8221;:&#8221;Tabela e jogos | Carioca 2025| R7 Esportes&#8221;,&#8221;title_hotsite&#8221;:&#8221;Tabela e jogos | Carioca 2025| R7 Esportes&#8221;,&#8221;top_url&#8221;:&#8221;https:\/\/esportes.r7.com\/futebol\/campeonato-carioca\/&#8221;,&#8221;url_og_image&#8221;:null},&#8221;age_rating&#8221;:{&#8220;classificacao_etaria&#8221;:null},&#8221;age_rating_description&#8221;:{&#8220;atos_criminosos&#8221;:&#8221;false&#8221;,&#8221;conteudo_sexual&#8221;:&#8221;false&#8221;,&#8221;drogas&#8221;:&#8221;false&#8221;,&#8221;drogas_ilicitas&#8221;:&#8221;false&#8221;,&#8221;drogas_licitas&#8221;:&#8221;false&#8221;,&#8221;linguagem_impropria&#8221;:&#8221;false&#8221;,&#8221;medo&#8221;:&#8221;false&#8221;,&#8221;nudez&#8221;:&#8221;false&#8221;,&#8221;procedimentos_medicos&#8221;:&#8221;false&#8221;,&#8221;sexo_explicito&#8221;:&#8221;false&#8221;,&#8221;temas_sensiveis&#8221;:&#8221;false&#8221;,&#8221;violencia&#8221;:&#8221;false&#8221;,&#8221;violencia_extrema&#8221;:&#8221;false&#8221;,&#8221;violencia_fantasiosa&#8221;:&#8221;false&#8221;},&#8221;area_logada&#8221;:{&#8220;exclusive_content&#8221;:&#8221;false&#8221;},&#8221;navigation&#8221;:{&#8220;menu_url&#8221;:null,&#8221;nav_title&#8221;:null},&#8221;newsletter&#8221;:{&#8220;id&#8221;:null},&#8221;publicidade&#8221;:{&#8220;disable_adv&#8221;:&#8221;false&#8221;,&#8221;disable_audima_adv&#8221;:&#8221;false&#8221;,&#8221;disable_taboola&#8221;:&#8221;false&#8221;,&#8221;hash&#8221;:null},&#8221;site&#8221;:{&#8220;coupon_categories&#8221;:&#8221;departamentos&#8221;,&#8221;disable_refresh&#8221;:&#8221;4&#8243;,&#8221;enable_disclaimer&#8221;:&#8221;false&#8221;,&#8221;pagebuilder_path_for_native_apps&#8221;:null,&#8221;site_about&#8221;:&#8221;Tabela e jogos | Carioca 2025| R7 Esportes&#8221;,&#8221;site_description&#8221;:&#8221;Campeonato Carioca com tabela de classifica\u00e7\u00e3o atualizada \u00e9 no R7 Esportes! Confira os pr\u00f3ximos jogos, not\u00edcias e muito mais.&#8221;,&#8221;site_keywords&#8221;:&#8221;carioca, tabela, classifica\u00e7\u00e3o, futebol, esportes, campeonato carioca, r7 esportes, portal r7&#8243;,&#8221;site_tagline&#8221;:&#8221;Tabela e jogos | Carioca 2025| R7 Esportes&#8221;,&#8221;site_title&#8221;:&#8221;Tabela e jogos | Carioca 2025| R7 Esportes&#8221;,&#8221;site_url&#8221;:null},&#8221;site_topper&#8221;:{&#8220;section_header_image&#8221;:null,&#8221;section_header_image_id&#8221;:null,&#8221;section_header_image_mobile&#8221;:null,&#8221;section_header_image_mobile_id&#8221;:null,&#8221;section_left_color_top&#8221;:null,&#8221;section_primary_color&#8221;:null,&#8221;section_right_color_top&#8221;:null,&#8221;site_logo_image&#8221;:null},&#8221;social&#8221;:{&#8220;facebook&#8221;:null,&#8221;instagram&#8221;:null,&#8221;kwai&#8221;:null,&#8221;rss&#8221;:null,&#8221;twitter&#8221;:null},&#8221;ultimas&#8221;:{&#8220;tab_ultimas&#8221;:[]},&#8221;is_grouping&#8221;:&#8221;false&#8221;,&#8221;node_type&#8221;:&#8221;section&#8221;,&#8221;children&#8221;:[]}]},{&#8220;_id&#8221;:&#8221;\/futebol\/campeonato-mineiro-2014&#8243;,&#8221;website&#8221;:&#8221;esportes&#8221;,&#8221;name&#8221;:&#8221;Campeonato Mineiro 2014&#8243;,&#8221;navigation&#8221;:{&#8220;nav_title&#8221;:&#8221;Campeonato Mineiro 2014&#8243;},&#8221;parent&#8221;:{&#8220;default&#8221;:&#8221;https:\/\/esportes.r7.com\/futebol&#8221;,&#8221;header&#8221;:&#8221;https:\/\/esportes.r7.com\/futebol&#8221;},&#8221;_admin&#8221;:{&#8220;alias_ids&#8221;:[&#8220;\/futebol\/campeonato-mineiro-2014&#8243;]},&#8221;site&#8221;:{&#8220;site_description&#8221;:&#8221;&#8221;,&#8221;site_title&#8221;:&#8221;Campeonato Mineiro 2014&#8243;},&#8221;inactive&#8221;:false,&#8221;SEO&#8221;:{&#8220;seo_tags&#8221;:[]},&#8221;site_topper&#8221;:{},&#8221;is_grouping&#8221;:&#8221;false&#8221;,&#8221;_website&#8221;:&#8221;esportes&#8221;,&#8221;node_type&#8221;:&#8221;section&#8221;,&#8221;children&#8221;:[]},{&#8220;_id&#8221;:&#8221;\/futebol\/campeonato-paulista&#8221;,&#8221;_website&#8221;:&#8221;esportes&#8221;,&#8221;name&#8221;:&#8221;Campeonato Paulista&#8221;,&#8221;inactive&#8221;:false,&#8221;parent&#8221;:{&#8220;default&#8221;:&#8221;https:\/\/esportes.r7.com\/futebol&#8221;,&#8221;header&#8221;:&#8221;https:\/\/esportes.r7.com\/futebol&#8221;},&#8221;SEO&#8221;:{&#8220;og_image_id&#8221;:null,&#8221;seo_description&#8221;:&#8221;R7 no Paulist\u00e3o 2026! Acompanhe resultados, tabela, v\u00eddeos e not\u00edcias. Fique por dentro de tudo sobre o campeonato. Clique e n\u00e3o perca nada!&#8221;,&#8221;seo_tags&#8221;:[&#8220;Paulist\u00e3o 2026&#8243;,&#8221;R7&#8243;,&#8221;resultados&#8221;,&#8221;tabela&#8221;,&#8221;v\u00eddeos&#8221;,&#8221;not\u00edcias&#8221;],&#8221;seo_title&#8221;:&#8221;Campeonato Paulista 2026: Resultados, Tabela e Not\u00edcias &#8211; R7&#8243;,&#8221;title_hotsite&#8221;:&#8221;Tabela, not\u00edcias e resultados | Paulist\u00e3o 2026 | R7&#8243;,&#8221;top_url&#8221;:&#8221;https:\/\/esportes.r7.com\/futebol\/campeonato-paulista&#8221;,&#8221;url_og_image&#8221;:&#8221;https:\/\/cloudfront-us-east-1.images.arcpublishing.com\/newr7\/Y37TNQU2DZHX5DVF4LPHIOYWOM.jpg&#8221;},&#8221;_admin&#8221;:{&#8220;alias_ids&#8221;:[&#8220;\/futebol\/campeonato-paulista&#8221;]},&#8221;age_rating&#8221;:{&#8220;classificacao_etaria&#8221;:null},&#8221;age_rating_description&#8221;:{&#8220;atos_criminosos&#8221;:&#8221;false&#8221;,&#8221;conteudo_sexual&#8221;:&#8221;false&#8221;,&#8221;drogas&#8221;:&#8221;false&#8221;,&#8221;drogas_ilicitas&#8221;:&#8221;false&#8221;,&#8221;drogas_licitas&#8221;:&#8221;false&#8221;,&#8221;linguagem_impropria&#8221;:&#8221;false&#8221;,&#8221;medo&#8221;:&#8221;false&#8221;,&#8221;nudez&#8221;:&#8221;false&#8221;,&#8221;procedimentos_medicos&#8221;:&#8221;false&#8221;,&#8221;sexo_explicito&#8221;:&#8221;false&#8221;,&#8221;temas_sensiveis&#8221;:&#8221;false&#8221;,&#8221;violencia&#8221;:&#8221;false&#8221;,&#8221;violencia_extrema&#8221;:&#8221;false&#8221;,&#8221;violencia_fantasiosa&#8221;:&#8221;false&#8221;},&#8221;navigation&#8221;:{&#8220;menu_url&#8221;:null,&#8221;nav_title&#8221;:&#8221;Campeonato Paulista&#8221;},&#8221;newsletter&#8221;:{&#8220;id&#8221;:&#8221;68484031b8b9d10001c4f8ba&#8221;},&#8221;publicidade&#8221;:{&#8220;disable_adv&#8221;:&#8221;false&#8221;,&#8221;disable_audima_adv&#8221;:&#8221;false&#8221;,&#8221;disable_taboola&#8221;:&#8221;false&#8221;,&#8221;hash&#8221;:&#8221;r7esportes\/futebol\/campeonato-paulista&#8221;},&#8221;site&#8221;:{&#8220;coupon_categories&#8221;:&#8221;departamentos&#8221;,&#8221;disable_refresh&#8221;:&#8221;4&#8243;,&#8221;enable_disclaimer&#8221;:&#8221;false&#8221;,&#8221;pagebuilder_path_for_native_apps&#8221;:null,&#8221;site_about&#8221;:&#8221;Tabela, not\u00edcias e resultados | Paulist\u00e3o 2026 | R7&#8243;,&#8221;site_description&#8221;:&#8221;Confira resultados, pr\u00f3ximos jogos, tabela de classifica\u00e7\u00e3o completa, v\u00eddeos e as \u00faltimas not\u00edciasdo Campeonato Paulista | 2026 | no R7 Esportes&#8221;,&#8221;site_keywords&#8221;:&#8221;paulistao, campeonato paulista, A1, s\u00e9rie A1, futebol, calssifica\u00e7\u00e3o, tabela, resultados&#8221;,&#8221;site_tagline&#8221;:&#8221;Tabela, not\u00edcias e resultados | Paulist\u00e3o 2026 | R7&#8243;,&#8221;site_title&#8221;:&#8221;Tabela, not\u00edcias e resultados | Paulist\u00e3o 2026 | R7&#8243;,&#8221;site_url&#8221;:null},&#8221;site_topper&#8221;:{&#8220;section_header_image&#8221;:&#8221;https:\/\/cloudfront-us-east-1.images.arcpublishing.com\/newr7\/R2R26HBBQBHK3OVFMYX2S3DIYQ.jpg&#8221;,&#8221;section_header_image_id&#8221;:null,&#8221;section_header_image_mobile&#8221;:&#8221;https:\/\/cloudfront-us-east-1.images.arcpublishing.com\/newr7\/RWGAWPJ4RVETVAMIUHLEFG46J4.jpg&#8221;,&#8221;section_header_image_mobile_id&#8221;:null,&#8221;section_left_color_top&#8221;:&#8221;#010080&#8243;,&#8221;section_primary_color&#8221;:&#8221;#0E8148&#8243;,&#8221;section_right_color_top&#8221;:&#8221;#010080&#8243;,&#8221;site_logo_image&#8221;:null},&#8221;social&#8221;:{&#8220;facebook&#8221;:null,&#8221;instagram&#8221;:null,&#8221;rss&#8221;:null,&#8221;twitter&#8221;:null},&#8221;is_grouping&#8221;:&#8221;false&#8221;,&#8221;node_type&#8221;:&#8221;section&#8221;,&#8221;children&#8221;:[{&#8220;_id&#8221;:&#8221;\/futebol\/campeonato-paulista\/ao-vivo&#8221;,&#8221;_website&#8221;:&#8221;esportes&#8221;,&#8221;name&#8221;:&#8221;Ao vivo&#8221;,&#8221;inactive&#8221;:false,&#8221;parent&#8221;:{&#8220;default&#8221;:&#8221;\/futebol\/campeonato-paulista&#8221;,&#8221;header&#8221;:&#8221;\/futebol\/campeonato-paulista&#8221;},&#8221;SEO&#8221;:{&#8220;og_image_id&#8221;:null,&#8221;seo_description&#8221;:&#8221;Paulist\u00e3o 2026 no R7! Resultados, tabela atualizada, v\u00eddeos e not\u00edcias do Paulist\u00e3o. Tudo sobre o campeonato aqui. Acesse e fique por dentro!&#8221;,&#8221;seo_tags&#8221;:[&#8220;Paulist\u00e3o&#8221;,&#8221;Paulist\u00e3o 2026&#8243;,&#8221;R7&#8243;,&#8221;resultados&#8221;,&#8221;tabela&#8221;,&#8221;v\u00eddeos&#8221;],&#8221;seo_title&#8221;:&#8221;Confira: Paulist\u00e3o 2026 Ao Vivo: Resultados, Tabela e Not\u00edcias!&#8221;,&#8221;title_hotsite&#8221;:&#8221;Botafogo x Palmeiras | Ao vivo com imagens Paulist\u00e3o 2026 | Record e R7 Esportes&#8221;,&#8221;top_url&#8221;:&#8221;https:\/\/esportes.r7.com\/futebol\/campeonato-paulista\/&#8221;,&#8221;url_og_image&#8221;:null},&#8221;_admin&#8221;:{&#8220;alias_ids&#8221;:[&#8220;\/futebol\/campeonato-paulista\/ao-vivo&#8221;]},&#8221;age_rating&#8221;:{&#8220;classificacao_etaria&#8221;:null},&#8221;age_rating_description&#8221;:{&#8220;atos_criminosos&#8221;:&#8221;false&#8221;,&#8221;conteudo_sexual&#8221;:&#8221;false&#8221;,&#8221;drogas&#8221;:&#8221;false&#8221;,&#8221;drogas_ilicitas&#8221;:&#8221;false&#8221;,&#8221;drogas_licitas&#8221;:&#8221;false&#8221;,&#8221;linguagem_impropria&#8221;:&#8221;false&#8221;,&#8221;medo&#8221;:&#8221;false&#8221;,&#8221;nudez&#8221;:&#8221;false&#8221;,&#8221;procedimentos_medicos&#8221;:&#8221;false&#8221;,&#8221;sexo_explicito&#8221;:&#8221;false&#8221;,&#8221;temas_sensiveis&#8221;:&#8221;false&#8221;,&#8221;violencia&#8221;:&#8221;false&#8221;,&#8221;violencia_extrema&#8221;:&#8221;false&#8221;,&#8221;violencia_fantasiosa&#8221;:&#8221;false&#8221;},&#8221;area_logada&#8221;:{&#8220;exclusive_content&#8221;:&#8221;true&#8221;},&#8221;navigation&#8221;:{&#8220;menu_url&#8221;:null,&#8221;nav_title&#8221;:&#8221;Ao vivo&#8221;},&#8221;publicidade&#8221;:{&#8220;disable_adv&#8221;:&#8221;false&#8221;,&#8221;disable_audima_adv&#8221;:&#8221;false&#8221;,&#8221;disable_taboola&#8221;:&#8221;false&#8221;,&#8221;hash&#8221;:&#8221;r7esportes\/futebol\/campeonato-paulista&#8221;},&#8221;site&#8221;:{&#8220;coupon_categories&#8221;:&#8221;departamentos&#8221;,&#8221;disable_refresh&#8221;:&#8221;4&#8243;,&#8221;enable_disclaimer&#8221;:&#8221;false&#8221;,&#8221;pagebuilder_path_for_native_apps&#8221;:null,&#8221;site_about&#8221;:&#8221;Botafogo x Palmeiras | Ao vivo com imagens Paulist\u00e3o 2026 | Record e R7 Esportes&#8221;,&#8221;site_description&#8221;:&#8221;Assista Botafogo e Palmeiras ao vivo e de gra\u00e7a! \u00c9 Domingo (1), \u00e0s 20h30 pela 6\u00aa Rodada do Paulist\u00e3o 2026. Quem vencer\u00e1? Voc\u00ea vai descobrir, ao vivo, aqui no R7 pela Record e no RecordPlus, com pr\u00e9-jogo com time Desimpedidos a partir das 19h30.&#8221;,&#8221;site_keywords&#8221;:&#8221;Botafogo, Palmeiras, primeira rodada, paulist\u00e3o, campeonato paulista, record ao vivo, paulist\u00e3o A1, ao vivo com imagens, assista, assista ao vivo, gr\u00e1tis, gratis, r7 esportes, record&#8221;,&#8221;site_tagline&#8221;:&#8221;Botafogo x Palmeiras | Ao vivo com imagens Paulist\u00e3o 2026 | Record e R7 Esportes&#8221;,&#8221;site_title&#8221;:&#8221;Botafogo x Palmeiras | Ao vivo com imagens Paulist\u00e3o 2026 | Record e R7 Esportes&#8221;,&#8221;site_url&#8221;:null},&#8221;site_topper&#8221;:{&#8220;section_header_image&#8221;:null,&#8221;section_header_image_id&#8221;:null,&#8221;section_header_image_mobile&#8221;:null,&#8221;section_header_image_mobile_id&#8221;:null,&#8221;section_left_color_top&#8221;:null,&#8221;section_primary_color&#8221;:null,&#8221;section_right_color_top&#8221;:null,&#8221;site_logo_image&#8221;:null},&#8221;social&#8221;:{&#8220;facebook&#8221;:null,&#8221;instagram&#8221;:null,&#8221;kwai&#8221;:null,&#8221;rss&#8221;:null,&#8221;twitter&#8221;:null},&#8221;ultimas&#8221;:{&#8220;tab_ultimas&#8221;:[]},&#8221;is_grouping&#8221;:&#8221;false&#8221;,&#8221;node_type&#8221;:&#8221;section&#8221;,&#8221;children&#8221;:[]},{&#8220;_id&#8221;:&#8221;\/futebol\/campeonato-paulista\/conteudo-digital&#8221;,&#8221;_website&#8221;:&#8221;esportes&#8221;,&#8221;name&#8221;:&#8221;Conte\u00fado Digital&#8221;,&#8221;inactive&#8221;:false,&#8221;parent&#8221;:{&#8220;default&#8221;:&#8221;\/futebol\/campeonato-paulista&#8221;,&#8221;header&#8221;:&#8221;\/futebol\/campeonato-paulista&#8221;},&#8221;SEO&#8221;:{&#8220;og_image_id&#8221;:&#8221;65aacfae19d224984c001491&#8243;,&#8221;seo_description&#8221;:&#8221;Paulist\u00e3o 2026 no R7! Resultados, tabela atualizada, v\u00eddeos e not\u00edcias de bastidores. Fique por dentro de tudo que rola no campeonato. Acesse e n\u00e3o perca!&#8221;,&#8221;seo_tags&#8221;:[&#8220;Paulist\u00e3o 2026&#8243;,&#8221;resultados&#8221;,&#8221;tabela&#8221;,&#8221;v\u00eddeos&#8221;,&#8221;not\u00edcias&#8221;,&#8221;R7&#8243;],&#8221;seo_title&#8221;:&#8221;Confira tudo do Campeonato Paulista 2026: Resultados, Tabela e Not\u00edcias!&#8221;,&#8221;title_hotsite&#8221;:&#8221;Campeonato Paulista&#8221;,&#8221;top_url&#8221;:&#8221;https:\/\/esportes.r7.com\/futebol\/campeonato-paulista&#8221;,&#8221;url_og_image&#8221;:null},&#8221;_admin&#8221;:{&#8220;alias_ids&#8221;:[&#8220;\/futebol\/campeonato-paulista\/conteudo-digital&#8221;]},&#8221;navigation&#8221;:{&#8220;nav_title&#8221;:&#8221;Conte\u00fado Digital&#8221;},&#8221;site&#8221;:{&#8220;site_description&#8221;:null,&#8221;site_title&#8221;:&#8221;Conte\u00fado Digital&#8221;},&#8221;site_topper&#8221;:{&#8220;section_header_image&#8221;:null,&#8221;section_header_image_id&#8221;:null,&#8221;section_header_image_mobile&#8221;:null,&#8221;section_header_image_mobile_id&#8221;:&#8221;65aacfc843527fad920016e2&#8243;,&#8221;section_left_color_top&#8221;:null,&#8221;section_primary_color&#8221;:null,&#8221;section_right_color_top&#8221;:null},&#8221;is_grouping&#8221;:&#8221;false&#8221;,&#8221;node_type&#8221;:&#8221;section&#8221;,&#8221;children&#8221;:[{&#8220;_id&#8221;:&#8221;\/futebol\/campeonato-paulista\/conteudo-digital\/confira-comigo-no-replay&#8221;,&#8221;_website&#8221;:&#8221;esportes&#8221;,&#8221;name&#8221;:&#8221;Confira Comigo no Replay&#8221;,&#8221;inactive&#8221;:false,&#8221;parent&#8221;:{&#8220;default&#8221;:&#8221;\/futebol\/campeonato-paulista\/conteudo-digital&#8221;,&#8221;header&#8221;:&#8221;\/futebol\/campeonato-paulista\/conteudo-digital&#8221;},&#8221;SEO&#8221;:{&#8220;og_image_id&#8221;:&#8221;65aacfae19d224984c001491&#8243;,&#8221;seo_description&#8221;:&#8221;Ficou na d\u00favida daquele lance? No Comigo no Replay voc\u00ea confere os melhores lances e at\u00e9 mesmo aqueles mais pol\u00eamicos dos jogos do Paulist\u00e3o.&#8221;,&#8221;seo_tags&#8221;:[&#8220;campeonato paulista&#8221;,&#8221;campeonato paulista de futebol&#8221;,&#8221;paulist\u00e3o&#8221;,&#8221;not\u00edcias&#8221;,&#8221;futebol&#8221;,&#8221;comigo no replay&#8221;,&#8221;r7&#8243;,&#8221;r7 esporte&#8221;],&#8221;seo_title&#8221;:&#8221;Campeonato Paulista de Futebol: Comigo no Replay &#8211; R7&#8243;,&#8221;title_hotsite&#8221;:&#8221;Campeonato Paulista&#8221;,&#8221;top_url&#8221;:&#8221;https:\/\/esportes.r7.com\/futebol\/campeonato-paulista&#8221;,&#8221;url_og_image&#8221;:null},&#8221;_admin&#8221;:{&#8220;alias_ids&#8221;:[&#8220;\/futebol\/campeonato-paulista\/conteudo-digital\/confira-comigo-no-replay&#8221;]},&#8221;navigation&#8221;:{&#8220;nav_title&#8221;:&#8221;Confira Comigo no Replay&#8221;},&#8221;site&#8221;:{&#8220;site_description&#8221;:null,&#8221;site_title&#8221;:&#8221;Confira Comigo no Replay&#8221;},&#8221;site_topper&#8221;:{&#8220;section_header_image&#8221;:null,&#8221;section_header_image_id&#8221;:&#8221;65aacf9819d224984c001486&#8243;,&#8221;section_header_image_mobile&#8221;:null,&#8221;section_header_image_mobile_id&#8221;:&#8221;65aacfc843527fad920016e2&#8243;,&#8221;section_left_color_top&#8221;:null,&#8221;section_primary_color&#8221;:null,&#8221;section_right_color_top&#8221;:null},&#8221;is_grouping&#8221;:&#8221;false&#8221;,&#8221;node_type&#8221;:&#8221;section&#8221;,&#8221;children&#8221;:[]},{&#8220;_id&#8221;:&#8221;\/futebol\/campeonato-paulista\/conteudo-digital\/joga-nas-11&#8243;,&#8221;_website&#8221;:&#8221;esportes&#8221;,&#8221;name&#8221;:&#8221;Joga nas 11&#8243;,&#8221;inactive&#8221;:false,&#8221;parent&#8221;:{&#8220;default&#8221;:&#8221;\/futebol\/campeonato-paulista\/conteudo-digital&#8221;,&#8221;header&#8221;:&#8221;\/futebol\/campeonato-paulista\/conteudo-digital&#8221;},&#8221;SEO&#8221;:{&#8220;og_image_id&#8221;:null,&#8221;seo_description&#8221;:&#8221;Joga nas 11 com : tudo sobre o Paulist\u00e3o 2026! Resultados, tabela, v\u00eddeos e not\u00edcias. Fique por dentro e n\u00e3o perca nada!&#8221;,&#8221;seo_tags&#8221;:[&#8220;Paulist\u00e3o 2026&#8243;,&#8221;resultados&#8221;,&#8221;tabela&#8221;,&#8221;v\u00eddeos&#8221;,&#8221;not\u00edcias&#8221;,&#8221;blogueiro&#8221;],&#8221;seo_title&#8221;:&#8221;Confira tudo sobre o Campeonato Paulista 2026 no Joga nas 11!&#8221;,&#8221;title_hotsite&#8221;:&#8221;Campeonato Paulista &#8211; NO REFRESH&#8221;,&#8221;top_url&#8221;:&#8221;https:\/\/esportes.r7.com\/futebol\/campeonato-paulista&#8221;,&#8221;url_og_image&#8221;:&#8221;https:\/\/img.r7.com\/images\/joga-nas-11-og-08022025123930759&#8243;},&#8221;_admin&#8221;:{&#8220;alias_ids&#8221;:[&#8220;\/futebol\/campeonato-paulista\/conteudo-digital\/joga-nas-11&#8243;]},&#8221;age_rating&#8221;:{&#8220;classificacao_etaria&#8221;:null},&#8221;age_rating_description&#8221;:{&#8220;atos_criminosos&#8221;:&#8221;false&#8221;,&#8221;conteudo_sexual&#8221;:&#8221;false&#8221;,&#8221;drogas&#8221;:&#8221;false&#8221;,&#8221;drogas_ilicitas&#8221;:&#8221;false&#8221;,&#8221;drogas_licitas&#8221;:&#8221;false&#8221;,&#8221;linguagem_impropria&#8221;:&#8221;false&#8221;,&#8221;medo&#8221;:&#8221;false&#8221;,&#8221;nudez&#8221;:&#8221;false&#8221;,&#8221;procedimentos_medicos&#8221;:&#8221;false&#8221;,&#8221;sexo_explicito&#8221;:&#8221;false&#8221;,&#8221;temas_sensiveis&#8221;:&#8221;false&#8221;,&#8221;violencia&#8221;:&#8221;false&#8221;,&#8221;violencia_extrema&#8221;:&#8221;false&#8221;,&#8221;violencia_fantasiosa&#8221;:&#8221;false&#8221;},&#8221;area_logada&#8221;:{&#8220;exclusive_content&#8221;:&#8221;false&#8221;},&#8221;navigation&#8221;:{&#8220;menu_url&#8221;:null,&#8221;nav_title&#8221;:&#8221;Joga nas 11&#8243;},&#8221;newsletter&#8221;:{&#8220;id&#8221;:&#8221;68484031b8b9d10001c4f8ba&#8221;},&#8221;publicidade&#8221;:{&#8220;disable_adv&#8221;:&#8221;false&#8221;,&#8221;disable_audima_adv&#8221;:&#8221;false&#8221;,&#8221;disable_taboola&#8221;:&#8221;false&#8221;,&#8221;hash&#8221;:null},&#8221;site&#8221;:{&#8220;coupon_categories&#8221;:&#8221;departamentos&#8221;,&#8221;disable_refresh&#8221;:&#8221;4&#8243;,&#8221;enable_disclaimer&#8221;:&#8221;false&#8221;,&#8221;pagebuilder_path_for_native_apps&#8221;:null,&#8221;site_about&#8221;:null,&#8221;site_description&#8221;:null,&#8221;site_keywords&#8221;:null,&#8221;site_tagline&#8221;:null,&#8221;site_title&#8221;:&#8221;Joga nas 11&#8243;,&#8221;site_url&#8221;:null},&#8221;site_topper&#8221;:{&#8220;section_header_image&#8221;:&#8221;https:\/\/img.r7.com\/images\/joga-nas-11-dt-08022025123929255&#8243;,&#8221;section_header_image_id&#8221;:null,&#8221;section_header_image_mobile&#8221;:&#8221;https:\/\/img.r7.com\/images\/joga-nas-11-mb-08022025123930981&#8243;,&#8221;section_header_image_mobile_id&#8221;:null,&#8221;section_left_color_top&#8221;:&#8221;#0E0862&#8243;,&#8221;section_primary_color&#8221;:&#8221;#0E8148&#8243;,&#8221;section_right_color_top&#8221;:&#8221;#0E0862&#8243;,&#8221;site_logo_image&#8221;:null},&#8221;social&#8221;:{&#8220;facebook&#8221;:&#8221;https:\/\/www.facebook.com\/R7Esporte\/&#8221;,&#8221;instagram&#8221;:&#8221;https:\/\/www.instagram.com\/r7esportes\/&#8221;,&#8221;rss&#8221;:null,&#8221;twitter&#8221;:&#8221;https:\/\/x.com\/r7esportes&#8221;},&#8221;is_grouping&#8221;:&#8221;false&#8221;,&#8221;node_type&#8221;:&#8221;section&#8221;,&#8221;children&#8221;:[]},{&#8220;_id&#8221;:&#8221;\/futebol\/campeonato-paulista\/conteudo-digital\/melhores-momentos&#8221;,&#8221;_website&#8221;:&#8221;esportes&#8221;,&#8221;name&#8221;:&#8221;Melhores Momentos&#8221;,&#8221;inactive&#8221;:false,&#8221;parent&#8221;:{&#8220;default&#8221;:&#8221;\/futebol\/campeonato-paulista\/conteudo-digital&#8221;,&#8221;header&#8221;:&#8221;\/futebol\/campeonato-paulista\/conteudo-digital&#8221;},&#8221;SEO&#8221;:{&#8220;og_image_id&#8221;:&#8221;65aacfae19d224984c001491&#8243;,&#8221;seo_description&#8221;:&#8221;Quer ficar por dentro dos melhores momentos do Campeonato Paulista de Futebol? Acesse o Portal R7 e veja os lances marcantes dos jogos do Paulist\u00e3o!&#8221;,&#8221;seo_tags&#8221;:[&#8220;campeonato paulista&#8221;,&#8221;campeonato paulista de futebol&#8221;,&#8221;paulist\u00e3o&#8221;,&#8221;not\u00edcias&#8221;,&#8221;futebol&#8221;,&#8221;melhores momentos&#8221;,&#8221;r7&#8243;,&#8221;r7 esporte&#8221;],&#8221;seo_title&#8221;:&#8221;Campeonato Paulista de Futebol: Melhores Momentos &#8211; R7&#8243;,&#8221;title_hotsite&#8221;:&#8221;Campeonato Paulista &#8211; NO REFRESH&#8221;,&#8221;top_url&#8221;:&#8221;https:\/\/esportes.r7.com\/futebol\/campeonato-paulista&#8221;,&#8221;url_og_image&#8221;:null},&#8221;_admin&#8221;:{&#8220;alias_ids&#8221;:[&#8220;\/futebol\/campeonato-paulista\/conteudo-digital\/melhores-momentos&#8221;]},&#8221;navigation&#8221;:{&#8220;nav_title&#8221;:&#8221;Melhores Momentos&#8221;},&#8221;site&#8221;:{&#8220;site_description&#8221;:null,&#8221;site_title&#8221;:&#8221;Melhores Momentos&#8221;},&#8221;site_topper&#8221;:{&#8220;section_header_image&#8221;:null,&#8221;section_header_image_id&#8221;:null,&#8221;section_header_image_mobile&#8221;:null,&#8221;section_header_image_mobile_id&#8221;:null,&#8221;section_left_color_top&#8221;:null,&#8221;section_primary_color&#8221;:null,&#8221;section_right_color_top&#8221;:null},&#8221;is_grouping&#8221;:&#8221;false&#8221;,&#8221;node_type&#8221;:&#8221;section&#8221;,&#8221;children&#8221;:[]},{&#8220;_id&#8221;:&#8221;\/futebol\/campeonato-paulista\/conteudo-digital\/momentos-pitorescos&#8221;,&#8221;_website&#8221;:&#8221;esportes&#8221;,&#8221;name&#8221;:&#8221;Momentos Pitorescos&#8221;,&#8221;inactive&#8221;:false,&#8221;parent&#8221;:{&#8220;default&#8221;:&#8221;\/futebol\/campeonato-paulista\/conteudo-digital&#8221;,&#8221;header&#8221;:&#8221;\/futebol\/campeonato-paulista\/conteudo-digital&#8221;},&#8221;SEO&#8221;:{&#8220;og_image_id&#8221;:&#8221;65aacfae19d224984c001491&#8243;,&#8221;seo_description&#8221;:&#8221;Confira os momentos pitorescos do Campeonato Paulista de Futebol no Portal R7. Acompanhe as novidades e curiosidades do Paulist\u00e3o.&#8221;,&#8221;seo_tags&#8221;:[&#8220;campeonato paulista&#8221;,&#8221;campeonato paulista de futebol&#8221;,&#8221;paulist\u00e3o&#8221;,&#8221;not\u00edcias&#8221;,&#8221;futebol&#8221;,&#8221;momentos pitorescos&#8221;,&#8221;r7&#8243;,&#8221;r7 esporte&#8221;],&#8221;seo_title&#8221;:&#8221;Campeonato Paulista de Futebol: Momentos Pitorescos &#8211; R7&#8243;,&#8221;title_hotsite&#8221;:&#8221;Campeonato Paulista&#8221;,&#8221;top_url&#8221;:&#8221;https:\/\/esportes.r7.com\/futebol\/campeonato-paulista&#8221;,&#8221;url_og_image&#8221;:null},&#8221;_admin&#8221;:{&#8220;alias_ids&#8221;:[&#8220;\/futebol\/campeonato-paulista\/conteudo-digital\/momentos-pitorescos&#8221;]},&#8221;navigation&#8221;:{&#8220;nav_title&#8221;:&#8221;Momentos Pitorescos&#8221;},&#8221;site&#8221;:{&#8220;site_description&#8221;:null,&#8221;site_title&#8221;:&#8221;Momentos Pitorescos&#8221;},&#8221;site_topper&#8221;:{&#8220;section_header_image&#8221;:null,&#8221;section_header_image_id&#8221;:null,&#8221;section_header_image_mobile&#8221;:null,&#8221;section_header_image_mobile_id&#8221;:null,&#8221;section_left_color_top&#8221;:null,&#8221;section_primary_color&#8221;:null,&#8221;section_right_color_top&#8221;:null},&#8221;is_grouping&#8221;:&#8221;false&#8221;,&#8221;node_type&#8221;:&#8221;section&#8221;,&#8221;children&#8221;:[]},{&#8220;_id&#8221;:&#8221;\/futebol\/campeonato-paulista\/conteudo-digital\/narracao-exclusiva&#8221;,&#8221;_website&#8221;:&#8221;esportes&#8221;,&#8221;name&#8221;:&#8221;Narra\u00e7\u00e3o Exclusiva&#8221;,&#8221;inactive&#8221;:false,&#8221;parent&#8221;:{&#8220;default&#8221;:&#8221;\/futebol\/campeonato-paulista\/conteudo-digital&#8221;,&#8221;header&#8221;:&#8221;\/futebol\/campeonato-paulista\/conteudo-digital&#8221;},&#8221;SEO&#8221;:{&#8220;og_image_id&#8221;:&#8221;65aacfae19d224984c001491&#8243;,&#8221;seo_description&#8221;:&#8221;Acompanhe o Campeonato Paulista de Futebol pelo conte\u00fado digital e narra\u00e7\u00e3o exclusiva de R7. Fique por dentro dos jogos e muito mais!&#8221;,&#8221;seo_tags&#8221;:[&#8220;campeonato paulista&#8221;,&#8221;campeonato paulista de futebol&#8221;,&#8221;paulist\u00e3o&#8221;,&#8221;not\u00edcias&#8221;,&#8221;futebol&#8221;,&#8221;narra\u00e7\u00e3o exclusiva&#8221;,&#8221;r7&#8243;,&#8221;r7 esporte&#8221;],&#8221;seo_title&#8221;:&#8221;Campeonato Paulista de Futebol: Narra\u00e7\u00e3o Exclusiva &#8211; R7&#8243;,&#8221;title_hotsite&#8221;:&#8221;Campeonato Paulista &#8211; NO REFRESH&#8221;,&#8221;top_url&#8221;:&#8221;https:\/\/esportes.r7.com\/futebol\/campeonato-paulista&#8221;,&#8221;url_og_image&#8221;:null},&#8221;_admin&#8221;:{&#8220;alias_ids&#8221;:[&#8220;\/futebol\/campeonato-paulista\/conteudo-digital\/narracao-exclusiva&#8221;]},&#8221;navigation&#8221;:{&#8220;nav_title&#8221;:&#8221;Narra\u00e7\u00e3o Exclusiva&#8221;},&#8221;site&#8221;:{&#8220;site_description&#8221;:null,&#8221;site_title&#8221;:&#8221;Narra\u00e7\u00e3o Exclusiva&#8221;},&#8221;site_topper&#8221;:{&#8220;section_header_image&#8221;:null,&#8221;section_header_image_id&#8221;:null,&#8221;section_header_image_mobile&#8221;:null,&#8221;section_header_image_mobile_id&#8221;:null,&#8221;section_left_color_top&#8221;:null,&#8221;section_primary_color&#8221;:null,&#8221;section_right_color_top&#8221;:null},&#8221;is_grouping&#8221;:&#8221;false&#8221;,&#8221;node_type&#8221;:&#8221;section&#8221;,&#8221;children&#8221;:[]},{&#8220;_id&#8221;:&#8221;\/futebol\/campeonato-paulista\/conteudo-digital\/pre-e-pos-jogo&#8221;,&#8221;_website&#8221;:&#8221;esportes&#8221;,&#8221;name&#8221;:&#8221;Pr\u00e9 e P\u00f3s-Jogo&#8221;,&#8221;inactive&#8221;:false,&#8221;parent&#8221;:{&#8220;default&#8221;:&#8221;\/futebol\/campeonato-paulista\/conteudo-digital&#8221;,&#8221;header&#8221;:&#8221;\/futebol\/campeonato-paulista\/conteudo-digital&#8221;},&#8221;SEO&#8221;:{&#8220;og_image_id&#8221;:&#8221;65aacfae19d224984c001491&#8243;,&#8221;seo_description&#8221;:&#8221;Paulist\u00e3o 2026 no R7: resultados, tabela, pr\u00f3ximos jogos e v\u00eddeos exclusivos! Fique por dentro de tudo que rola no campeonato. Acesse e n\u00e3o perca nada!&#8221;,&#8221;seo_tags&#8221;:[&#8220;Paulist\u00e3o 2026&#8243;,&#8221;R7&#8243;,&#8221; resultados&#8221;,&#8221;tabela&#8221;,&#8221;pr\u00f3ximos jogos&#8221;,&#8221;v\u00eddeos&#8221;],&#8221;seo_title&#8221;:&#8221;Confira tudo sobre o Campeonato Paulista 2026: Resultados, pr\u00f3ximos jogos e not\u00edcias exclusivas!&#8221;,&#8221;title_hotsite&#8221;:&#8221;Campeonato Paulista &#8211; NO REFRESH&#8221;,&#8221;top_url&#8221;:&#8221;https:\/\/esportes.r7.com\/futebol\/campeonato-paulista&#8221;,&#8221;url_og_image&#8221;:null},&#8221;_admin&#8221;:{&#8220;alias_ids&#8221;:[&#8220;\/futebol\/campeonato-paulista\/conteudo-digital\/pre-e-pos-jogo&#8221;]},&#8221;navigation&#8221;:{&#8220;nav_title&#8221;:&#8221;Pr\u00e9 e P\u00f3s-Jogo&#8221;},&#8221;site&#8221;:{&#8220;site_description&#8221;:null,&#8221;site_title&#8221;:&#8221;Pr\u00e9 e P\u00f3s-Jogo&#8221;},&#8221;site_topper&#8221;:{&#8220;section_header_image&#8221;:null,&#8221;section_header_image_id&#8221;:null,&#8221;section_header_image_mobile&#8221;:null,&#8221;section_header_image_mobile_id&#8221;:null,&#8221;section_left_color_top&#8221;:null,&#8221;section_primary_color&#8221;:null,&#8221;section_right_color_top&#8221;:null},&#8221;is_grouping&#8221;:&#8221;false&#8221;,&#8221;node_type&#8221;:&#8221;section&#8221;,&#8221;children&#8221;:[]},{&#8220;_id&#8221;:&#8221;\/futebol\/campeonato-paulista\/conteudo-digital\/transmissao-exclusiva&#8221;,&#8221;_website&#8221;:&#8221;esportes&#8221;,&#8221;name&#8221;:&#8221;Transmiss\u00e3o Exclusiva&#8221;,&#8221;inactive&#8221;:false,&#8221;parent&#8221;:{&#8220;default&#8221;:&#8221;\/futebol\/campeonato-paulista\/conteudo-digital&#8221;,&#8221;header&#8221;:&#8221;\/futebol\/campeonato-paulista\/conteudo-digital&#8221;},&#8221;SEO&#8221;:{&#8220;og_image_id&#8221;:&#8221;65aacfae19d224984c001491&#8243;,&#8221;seo_description&#8221;:&#8221;Veja a transmiss\u00e3o exclusiva do Campeonato Paulista de Futebol no Portal R7. Acompanhe os principais lances do Paulist\u00e3o.&#8221;,&#8221;seo_tags&#8221;:[&#8220;campeonato paulista de futebol&#8221;,&#8221;campeonato&#8221;,&#8221;sao paulo&#8221;,&#8221;sp&#8221;,&#8221;transmissao exclusiva&#8221;,&#8221;r7&#8243;],&#8221;seo_title&#8221;:&#8221;Veja a transmiss\u00e3o exclusiva \u2013 Campeonato Paulista&#8221;,&#8221;title_hotsite&#8221;:&#8221;Campeonato Paulista&#8221;,&#8221;top_url&#8221;:&#8221;https:\/\/esportes.r7.com\/futebol\/campeonato-paulista&#8221;,&#8221;url_og_image&#8221;:null},&#8221;_admin&#8221;:{&#8220;alias_ids&#8221;:[&#8220;\/futebol\/campeonato-paulista\/conteudo-digital\/transmissao-exclusiva&#8221;]},&#8221;navigation&#8221;:{&#8220;nav_title&#8221;:&#8221;Transmiss\u00e3o Exclusiva&#8221;},&#8221;site&#8221;:{&#8220;site_description&#8221;:null,&#8221;site_title&#8221;:&#8221;Transmiss\u00e3o Exclusiva&#8221;},&#8221;site_topper&#8221;:{&#8220;section_header_image&#8221;:null,&#8221;section_header_image_id&#8221;:null,&#8221;section_header_image_mobile&#8221;:null,&#8221;section_header_image_mobile_id&#8221;:null,&#8221;section_left_color_top&#8221;:null,&#8221;section_primary_color&#8221;:null,&#8221;section_right_color_top&#8221;:null},&#8221;is_grouping&#8221;:&#8221;false&#8221;,&#8221;node_type&#8221;:&#8221;section&#8221;,&#8221;children&#8221;:[]}]},{&#8220;_id&#8221;:&#8221;\/futebol\/campeonato-paulista\/a2&#8243;,&#8221;_website&#8221;:&#8221;esportes&#8221;,&#8221;name&#8221;:&#8221;a2&#8243;,&#8221;inactive&#8221;:false,&#8221;ancestors&#8221;:{&#8220;default&#8221;:[&#8220;https:\/\/esportes.r7.com\/futebol&#8221;,&#8221;\/futebol\/campeonato-paulista&#8221;]},&#8221;parent&#8221;:{&#8220;default&#8221;:&#8221;\/futebol\/campeonato-paulista&#8221;},&#8221;SEO&#8221;:{&#8220;og_image_id&#8221;:null,&#8221;seo_description&#8221;:&#8221;Paulista A2 2026 no R7! Resultados, tabela atualizada, v\u00eddeos e not\u00edcias do campeonato. Fique por dentro de tudo! Acesse e n\u00e3o perca nada!&#8221;,&#8221;seo_tags&#8221;:[&#8220;Paulista A2&#8243;,&#8221;resultados&#8221;,&#8221;tabela&#8221;,&#8221;v\u00eddeos&#8221;,&#8221;not\u00edcias&#8221;,&#8221;campeonato&#8221;],&#8221;seo_title&#8221;:&#8221;Confira tudo do Campeonato Paulista A2 2026: Resultados e Not\u00edcias!&#8221;,&#8221;title_hotsite&#8221;:&#8221;Assista aos v\u00eddeos esportivos \u2013 Campeonato Paulista S\u00e9rie A2&#8243;,&#8221;top_url&#8221;:&#8221;https:\/\/esportes.r7.com\/futebol\/campeonato-paulista\/a2\/&#8221;,&#8221;url_og_image&#8221;:&#8221;https:\/\/img.r7.com\/images\/r7-esportes-27032025153509547&#8243;},&#8221;_admin&#8221;:{&#8220;alias_ids&#8221;:[]},&#8221;age_rating&#8221;:{&#8220;classificacao_etaria&#8221;:null},&#8221;age_rating_description&#8221;:{&#8220;atos_criminosos&#8221;:&#8221;false&#8221;,&#8221;conteudo_sexual&#8221;:&#8221;false&#8221;,&#8221;drogas&#8221;:&#8221;false&#8221;,&#8221;drogas_ilicitas&#8221;:&#8221;false&#8221;,&#8221;drogas_licitas&#8221;:&#8221;false&#8221;,&#8221;linguagem_impropria&#8221;:&#8221;false&#8221;,&#8221;medo&#8221;:&#8221;false&#8221;,&#8221;nudez&#8221;:&#8221;false&#8221;,&#8221;procedimentos_medicos&#8221;:&#8221;false&#8221;,&#8221;sexo_explicito&#8221;:&#8221;false&#8221;,&#8221;temas_sensiveis&#8221;:&#8221;false&#8221;,&#8221;violencia&#8221;:&#8221;false&#8221;,&#8221;violencia_extrema&#8221;:&#8221;false&#8221;,&#8221;violencia_fantasiosa&#8221;:&#8221;false&#8221;},&#8221;area_logada&#8221;:{&#8220;exclusive_content&#8221;:&#8221;false&#8221;},&#8221;campanha_branded&#8221;:{&#8220;ativar_logo_campanha&#8221;:&#8221;false&#8221;},&#8221;navigation&#8221;:{&#8220;menu_url&#8221;:null,&#8221;nav_title&#8221;:&#8221;A2&#8243;},&#8221;publicidade&#8221;:{&#8220;disable_adv&#8221;:&#8221;false&#8221;,&#8221;disable_audima_adv&#8221;:&#8221;false&#8221;,&#8221;disable_taboola&#8221;:&#8221;false&#8221;,&#8221;hash&#8221;:&#8221;r7esportes\/futebol\/campeonato-paulista\/a2&#8243;},&#8221;site&#8221;:{&#8220;coupon_categories&#8221;:&#8221;departamentos&#8221;,&#8221;disable_refresh&#8221;:&#8221;0&#8243;,&#8221;enable_disclaimer&#8221;:&#8221;false&#8221;,&#8221;pagebuilder_path_for_native_apps&#8221;:null,&#8221;site_about&#8221;:null,&#8221;site_description&#8221;:&#8221;Leia as \u00faltimas not\u00edcias do Campeonato Paulista no Portal R7 &#8211; S\u00e9rie A2. Acompanhe tabela de classifica\u00e7\u00e3o, jogos, v\u00eddeos, resultados e muito mais da segunda divis\u00e3o do Paulist\u00e3o.&#8221;,&#8221;site_keywords&#8221;:&#8221;paulist\u00e3o a2, record ao vivo, paulistao, ao vivo com imagens, assista, gr\u00e1tis, gratis, r7 esportes, campeonato paulista a2, campeonato paulista serie A2, s\u00e9rie A2, segunda divis\u00e3o&#8221;,&#8221;site_tagline&#8221;:&#8221;Paulist\u00e3o A2 Ao Vivo | R7 Esportes&#8221;,&#8221;site_title&#8221;:&#8221;Paulist\u00e3o A2 Ao Vivo | R7 Esportes&#8221;,&#8221;site_url&#8221;:null},&#8221;site_topper&#8221;:{&#8220;section_header_image&#8221;:&#8221;https:\/\/img.r7.com\/images\/r7-esportes-27032025153508832&#8243;,&#8221;section_header_image_id&#8221;:null,&#8221;section_header_image_mobile&#8221;:&#8221;https:\/\/img.r7.com\/images\/r7-esportes-27032025153509331&#8243;,&#8221;section_header_image_mobile_id&#8221;:null,&#8221;section_left_color_top&#8221;:&#8221;#2B8047&#8243;,&#8221;section_primary_color&#8221;:null,&#8221;section_right_color_top&#8221;:&#8221;#2B8047&#8243;,&#8221;site_logo_image&#8221;:null},&#8221;social&#8221;:{&#8220;bluesky&#8221;:null,&#8221;facebook&#8221;:null,&#8221;instagram&#8221;:null,&#8221;kwai&#8221;:null,&#8221;rss&#8221;:null,&#8221;threads&#8221;:null,&#8221;tiktok&#8221;:null,&#8221;twitter&#8221;:null,&#8221;whatsapp&#8221;:null,&#8221;youtube&#8221;:null},&#8221;ultimas&#8221;:{&#8220;tab_ultimas&#8221;:[]},&#8221;is_grouping&#8221;:&#8221;false&#8221;,&#8221;node_type&#8221;:&#8221;section&#8221;,&#8221;children&#8221;:[{&#8220;_id&#8221;:&#8221;\/futebol\/campeonato-paulista\/a2\/ao-vivo&#8221;,&#8221;_website&#8221;:&#8221;esportes&#8221;,&#8221;name&#8221;:&#8221;Ao Vivo&#8221;,&#8221;inactive&#8221;:false,&#8221;ancestors&#8221;:{&#8220;default&#8221;:[&#8220;https:\/\/esportes.r7.com\/futebol&#8221;,&#8221;\/futebol\/campeonato-paulista&#8221;,&#8221;\/futebol\/campeonato-paulista\/a2&#8243;]},&#8221;parent&#8221;:{&#8220;default&#8221;:&#8221;\/futebol\/campeonato-paulista\/a2&#8243;},&#8221;SEO&#8221;:{&#8220;og_image_id&#8221;:null,&#8221;seo_description&#8221;:&#8221;Paulist\u00e3o 2026 no R7! Resultados, tabela atualizada, v\u00eddeos e not\u00edcias do Paulist\u00e3o. Tudo sobre o campeonato aqui. Acesse e fique por dentro!&#8221;,&#8221;seo_tags&#8221;:[&#8220;Paulist\u00e3o&#8221;,&#8221;Paulist\u00e3o 2026&#8243;,&#8221;R7&#8243;,&#8221;resultados&#8221;,&#8221;tabela&#8221;,&#8221;v\u00eddeos&#8221;],&#8221;seo_title&#8221;:&#8221;Confira: Paulist\u00e3o 2026 Ao Vivo: Resultados, Tabela e Not\u00edcias!&#8221;,&#8221;title_hotsite&#8221;:&#8221;Assista \u00e0 transmiss\u00e3o esportiva ao vivo \u2013 Campeonato Paulista S\u00e9rie A2&#8243;,&#8221;top_url&#8221;:&#8221;https:\/\/esportes.r7.com\/futebol\/campeonato-paulista\/a2&#8243;,&#8221;url_og_image&#8221;:&#8221;https:\/\/img.r7.com\/images\/r7-esportes-27032025153509547&#8243;},&#8221;age_rating&#8221;:{&#8220;classificacao_etaria&#8221;:null},&#8221;age_rating_description&#8221;:{&#8220;atos_criminosos&#8221;:&#8221;false&#8221;,&#8221;conteudo_sexual&#8221;:&#8221;false&#8221;,&#8221;drogas&#8221;:&#8221;false&#8221;,&#8221;drogas_ilicitas&#8221;:&#8221;false&#8221;,&#8221;drogas_licitas&#8221;:&#8221;false&#8221;,&#8221;linguagem_impropria&#8221;:&#8221;false&#8221;,&#8221;medo&#8221;:&#8221;false&#8221;,&#8221;nudez&#8221;:&#8221;false&#8221;,&#8221;procedimentos_medicos&#8221;:&#8221;false&#8221;,&#8221;sexo_explicito&#8221;:&#8221;false&#8221;,&#8221;temas_sensiveis&#8221;:&#8221;false&#8221;,&#8221;violencia&#8221;:&#8221;false&#8221;,&#8221;violencia_extrema&#8221;:&#8221;false&#8221;,&#8221;violencia_fantasiosa&#8221;:&#8221;false&#8221;},&#8221;area_logada&#8221;:{&#8220;exclusive_content&#8221;:&#8221;true&#8221;},&#8221;navigation&#8221;:{&#8220;menu_url&#8221;:null,&#8221;nav_title&#8221;:null},&#8221;publicidade&#8221;:{&#8220;disable_adv&#8221;:&#8221;false&#8221;,&#8221;disable_audima_adv&#8221;:&#8221;false&#8221;,&#8221;disable_taboola&#8221;:&#8221;false&#8221;,&#8221;hash&#8221;:&#8221;r7esportes\/futebol\/campeonato-paulista\/a2&#8243;},&#8221;site&#8221;:{&#8220;coupon_categories&#8221;:&#8221;departamentos&#8221;,&#8221;disable_refresh&#8221;:&#8221;0&#8243;,&#8221;enable_disclaimer&#8221;:&#8221;false&#8221;,&#8221;pagebuilder_path_for_native_apps&#8221;:null,&#8221;site_about&#8221;:null,&#8221;site_description&#8221;:&#8221;Resultados, tabela com os pr\u00f3ximos jogos, classifica\u00e7\u00e3o completa, v\u00eddeos e as \u00faltimas not\u00edcias do Campeonato Paulista A2 no R7 Esportes&#8221;,&#8221;site_keywords&#8221;:&#8221;record ao vivo, paulistao a2, ao vivo com imagens, assista, gr\u00e1tis, gratis, r7 esportes, campeonato paulista a2, campeonato paulista serie A2, campeonato paulista s\u00e9rie A2, s\u00e9rie A2, serie A, segunda divis\u00e3o, r7 esportes&#8221;,&#8221;site_tagline&#8221;:&#8221;Ao Vivo: Campeonato Paulista A2 | R7 Esportes&#8221;,&#8221;site_title&#8221;:&#8221;Ao Vivo: Campeonato Paulista A2 | R7 Esportes&#8221;,&#8221;site_url&#8221;:&#8221;https:\/\/esportes.r7.com\/futebol\/campeonato-paulista\/a2&#8243;},&#8221;site_topper&#8221;:{&#8220;section_header_image&#8221;:&#8221;https:\/\/img.r7.com\/images\/r7-esportes-27032025153508832&#8243;,&#8221;section_header_image_id&#8221;:null,&#8221;section_header_image_mobile&#8221;:&#8221;https:\/\/img.r7.com\/images\/r7-esportes-27032025153509331&#8243;,&#8221;section_header_image_mobile_id&#8221;:null,&#8221;section_left_color_top&#8221;:&#8221;#2B8047&#8243;,&#8221;section_primary_color&#8221;:null,&#8221;section_right_color_top&#8221;:&#8221;#2B8047&#8243;,&#8221;site_logo_image&#8221;:null},&#8221;social&#8221;:{&#8220;facebook&#8221;:null,&#8221;instagram&#8221;:null,&#8221;kwai&#8221;:null,&#8221;rss&#8221;:null,&#8221;twitter&#8221;:null},&#8221;ultimas&#8221;:{&#8220;tab_ultimas&#8221;:[]},&#8221;is_grouping&#8221;:&#8221;false&#8221;,&#8221;node_type&#8221;:&#8221;section&#8221;,&#8221;children&#8221;:[]}]},{&#8220;_id&#8221;:&#8221;\/futebol\/campeonato-paulista\/enquetes&#8221;,&#8221;_website&#8221;:&#8221;esportes&#8221;,&#8221;name&#8221;:&#8221;Enquetes&#8221;,&#8221;inactive&#8221;:false,&#8221;parent&#8221;:{&#8220;default&#8221;:&#8221;\/futebol\/campeonato-paulista&#8221;,&#8221;header&#8221;:&#8221;\/futebol\/campeonato-paulista&#8221;},&#8221;SEO&#8221;:{&#8220;og_image_id&#8221;:null,&#8221;seo_description&#8221;:&#8221;Paulist\u00e3o 2026: enquetes, resultados, tabela, v\u00eddeos e not\u00edcias! Fique por dentro dos pr\u00f3ximos jogos e da classifica\u00e7\u00e3o. Acesse j\u00e1 o R7!&#8221;,&#8221;seo_tags&#8221;:[&#8220;Paulist\u00e3o 2026&#8243;,&#8221;Campeonato Paulista&#8221;,&#8221;Resultados&#8221;,&#8221;Tabela&#8221;,&#8221;Pr\u00f3ximos Jogos&#8221;,&#8221;Not\u00edcias&#8221;],&#8221;seo_title&#8221;:&#8221;Confira as Enquetes do Campeonato Paulista 2026&#8243;,&#8221;title_hotsite&#8221;:null,&#8221;top_url&#8221;:&#8221;https:\/\/esportes.r7.com\/futebol\/campeonato-paulista\/&#8221;,&#8221;url_og_image&#8221;:null},&#8221;_admin&#8221;:{&#8220;alias_ids&#8221;:[&#8220;\/futebol\/campeonato-paulista\/enquetes&#8221;]},&#8221;age_rating&#8221;:{&#8220;classificacao_etaria&#8221;:null},&#8221;age_rating_description&#8221;:{&#8220;atos_criminosos&#8221;:&#8221;false&#8221;,&#8221;conteudo_sexual&#8221;:&#8221;false&#8221;,&#8221;drogas&#8221;:&#8221;false&#8221;,&#8221;drogas_ilicitas&#8221;:&#8221;false&#8221;,&#8221;drogas_licitas&#8221;:&#8221;false&#8221;,&#8221;linguagem_impropria&#8221;:&#8221;false&#8221;,&#8221;medo&#8221;:&#8221;false&#8221;,&#8221;nudez&#8221;:&#8221;false&#8221;,&#8221;procedimentos_medicos&#8221;:&#8221;false&#8221;,&#8221;sexo_explicito&#8221;:&#8221;false&#8221;,&#8221;temas_sensiveis&#8221;:&#8221;false&#8221;,&#8221;violencia&#8221;:&#8221;false&#8221;,&#8221;violencia_extrema&#8221;:&#8221;false&#8221;,&#8221;violencia_fantasiosa&#8221;:&#8221;false&#8221;},&#8221;area_logada&#8221;:{&#8220;exclusive_content&#8221;:&#8221;false&#8221;},&#8221;navigation&#8221;:{&#8220;menu_url&#8221;:null,&#8221;nav_title&#8221;:&#8221;Enquetes&#8221;},&#8221;publicidade&#8221;:{&#8220;disable_adv&#8221;:&#8221;false&#8221;,&#8221;disable_audima_adv&#8221;:&#8221;false&#8221;,&#8221;disable_taboola&#8221;:&#8221;false&#8221;,&#8221;hash&#8221;:null},&#8221;site&#8221;:{&#8220;coupon_categories&#8221;:&#8221;departamentos&#8221;,&#8221;disable_refresh&#8221;:&#8221;4&#8243;,&#8221;enable_disclaimer&#8221;:&#8221;false&#8221;,&#8221;pagebuilder_path_for_native_apps&#8221;:null,&#8221;site_about&#8221;:null,&#8221;site_description&#8221;:null,&#8221;site_keywords&#8221;:null,&#8221;site_tagline&#8221;:null,&#8221;site_title&#8221;:&#8221;Enquetes&#8221;,&#8221;site_url&#8221;:null},&#8221;site_topper&#8221;:{&#8220;section_header_image&#8221;:null,&#8221;section_header_image_id&#8221;:null,&#8221;section_header_image_mobile&#8221;:null,&#8221;section_header_image_mobile_id&#8221;:null,&#8221;section_left_color_top&#8221;:null,&#8221;section_primary_color&#8221;:null,&#8221;section_right_color_top&#8221;:null,&#8221;site_logo_image&#8221;:null},&#8221;social&#8221;:{&#8220;facebook&#8221;:null,&#8221;instagram&#8221;:null,&#8221;kwai&#8221;:null,&#8221;rss&#8221;:null,&#8221;twitter&#8221;:null},&#8221;ultimas&#8221;:{&#8220;tab_ultimas&#8221;:[]},&#8221;is_grouping&#8221;:&#8221;false&#8221;,&#8221;node_type&#8221;:&#8221;section&#8221;,&#8221;children&#8221;:[]},{&#8220;_id&#8221;:&#8221;\/futebol\/campeonato-paulista\/estatisticas&#8221;,&#8221;_website&#8221;:&#8221;esportes&#8221;,&#8221;name&#8221;:&#8221;Estat\u00edsticas&#8221;,&#8221;inactive&#8221;:false,&#8221;parent&#8221;:{&#8220;default&#8221;:&#8221;\/futebol\/campeonato-paulista&#8221;,&#8221;header&#8221;:&#8221;\/futebol\/campeonato-paulista&#8221;},&#8221;SEO&#8221;:{&#8220;og_image_id&#8221;:null,&#8221;seo_description&#8221;:&#8221;Paulist\u00e3o 2026 no R7! Resultados, tabela atualizada, v\u00eddeos e not\u00edcias do campeonato. Fique por dentro de tudo! Acesse j\u00e1 e n\u00e3o perca nada!&#8221;,&#8221;seo_tags&#8221;:[&#8220;Paulist\u00e3o 2026&#8243;,&#8221;R7&#8243;,&#8221;resultados&#8221;,&#8221;tabela&#8221;,&#8221;v\u00eddeos&#8221;,&#8221;not\u00edcias&#8221;],&#8221;seo_title&#8221;:&#8221;Confira o Campeonato Paulista 2026: Resultados, Tabela e Estat\u00edsticas!&#8221;,&#8221;title_hotsite&#8221;:&#8221;Campeonato Paulista &#8211; NO REFRESH&#8221;,&#8221;top_url&#8221;:&#8221;https:\/\/esportes.r7.com\/futebol\/campeonato-paulista&#8221;,&#8221;url_og_image&#8221;:&#8221;https:\/\/cloudfront-us-east-1.images.arcpublishing.com\/newr7\/R6SEYJQT3ZBBXHDSLYSMO6LZ2U.jpg&#8221;},&#8221;_admin&#8221;:{&#8220;alias_ids&#8221;:[&#8220;\/futebol\/campeonato-paulista\/estatisticas&#8221;]},&#8221;age_rating&#8221;:{&#8220;classificacao_etaria&#8221;:null},&#8221;age_rating_description&#8221;:{&#8220;atos_criminosos&#8221;:&#8221;false&#8221;,&#8221;conteudo_sexual&#8221;:&#8221;false&#8221;,&#8221;drogas&#8221;:&#8221;false&#8221;,&#8221;drogas_ilicitas&#8221;:&#8221;false&#8221;,&#8221;drogas_licitas&#8221;:&#8221;false&#8221;,&#8221;linguagem_impropria&#8221;:&#8221;false&#8221;,&#8221;medo&#8221;:&#8221;false&#8221;,&#8221;nudez&#8221;:&#8221;false&#8221;,&#8221;procedimentos_medicos&#8221;:&#8221;false&#8221;,&#8221;sexo_explicito&#8221;:&#8221;false&#8221;,&#8221;temas_sensiveis&#8221;:&#8221;false&#8221;,&#8221;violencia&#8221;:&#8221;false&#8221;,&#8221;violencia_extrema&#8221;:&#8221;false&#8221;,&#8221;violencia_fantasiosa&#8221;:&#8221;false&#8221;},&#8221;area_logada&#8221;:{&#8220;exclusive_content&#8221;:&#8221;false&#8221;},&#8221;campanha_branded&#8221;:{&#8220;ativar_logo_campanha&#8221;:&#8221;false&#8221;},&#8221;navigation&#8221;:{&#8220;menu_url&#8221;:null,&#8221;nav_title&#8221;:&#8221;Estat\u00edsticas&#8221;},&#8221;publicidade&#8221;:{&#8220;disable_adv&#8221;:&#8221;false&#8221;,&#8221;disable_audima_adv&#8221;:&#8221;false&#8221;,&#8221;disable_taboola&#8221;:&#8221;false&#8221;,&#8221;hash&#8221;:&#8221;patrocinada\/itau&#8221;},&#8221;site&#8221;:{&#8220;coupon_categories&#8221;:&#8221;departamentos&#8221;,&#8221;disable_refresh&#8221;:&#8221;4&#8243;,&#8221;enable_disclaimer&#8221;:&#8221;false&#8221;,&#8221;pagebuilder_path_for_native_apps&#8221;:null,&#8221;site_about&#8221;:null,&#8221;site_description&#8221;:null,&#8221;site_keywords&#8221;:null,&#8221;site_tagline&#8221;:null,&#8221;site_title&#8221;:&#8221;Estat\u00edsticas&#8221;,&#8221;site_url&#8221;:null},&#8221;site_topper&#8221;:{&#8220;section_header_image&#8221;:&#8221;https:\/\/cloudfront-us-east-1.images.arcpublishing.com\/newr7\/VAOKGDBVTNDZVB43A6N5VZDVLA.jpg&#8221;,&#8221;section_header_image_id&#8221;:null,&#8221;section_header_image_mobile&#8221;:&#8221;https:\/\/cloudfront-us-east-1.images.arcpublishing.com\/newr7\/2MIJ3VGG5VFT5O75LNTQO4H5XM.jpg&#8221;,&#8221;section_header_image_mobile_id&#8221;:null,&#8221;section_left_color_top&#8221;:&#8221;#010080&#8243;,&#8221;section_primary_color&#8221;:&#8221;#0E8148&#8243;,&#8221;section_right_color_top&#8221;:&#8221;#010080&#8243;,&#8221;site_logo_image&#8221;:null},&#8221;social&#8221;:{&#8220;facebook&#8221;:null,&#8221;instagram&#8221;:null,&#8221;kwai&#8221;:null,&#8221;rss&#8221;:null,&#8221;twitter&#8221;:null},&#8221;ultimas&#8221;:{&#8220;tab_ultimas&#8221;:[]},&#8221;is_grouping&#8221;:&#8221;false&#8221;,&#8221;node_type&#8221;:&#8221;section&#8221;,&#8221;children&#8221;:[]},{&#8220;_id&#8221;:&#8221;\/futebol\/campeonato-paulista\/tabela&#8221;,&#8221;_website&#8221;:&#8221;esportes&#8221;,&#8221;name&#8221;:&#8221;Tabela&#8221;,&#8221;inactive&#8221;:false,&#8221;ancestors&#8221;:{&#8220;default&#8221;:[&#8220;https:\/\/esportes.r7.com\/futebol&#8221;,&#8221;\/futebol\/campeonato-paulista&#8221;]},&#8221;parent&#8221;:{&#8220;default&#8221;:&#8221;\/futebol\/campeonato-paulista&#8221;},&#8221;SEO&#8221;:{&#8220;og_image_id&#8221;:null,&#8221;seo_description&#8221;:&#8221;Acompanhe a tabela de classifica\u00e7\u00e3o do Campeonato Paulista de Futebol no Portal R7. Saiba tudo sobre os resultados e muito mais do Paulist\u00e3o.&#8221;,&#8221;seo_tags&#8221;:[&#8220;campeonato paulista de futebol&#8221;,&#8221;campeonato&#8221;,&#8221;sao paulo&#8221;,&#8221;sp&#8221;,&#8221;tabela&#8221;,&#8221;r7&#8243;],&#8221;seo_title&#8221;:&#8221;Acompanhe a tabela de classifica\u00e7\u00e3o \u2013 Campeonato Paulista&#8221;,&#8221;title_hotsite&#8221;:&#8221;Tabela e jogos | Campeonato Paulista 2025 | R7 Esportes&#8221;,&#8221;top_url&#8221;:&#8221;https:\/\/esportes.r7.com\/futebol\/campeonato-paulista\/&#8221;,&#8221;url_og_image&#8221;:null},&#8221;_admin&#8221;:{&#8220;alias_ids&#8221;:[&#8220;\/futebol\/campeonato-paulista\/tabela&#8221;]},&#8221;age_rating&#8221;:{&#8220;classificacao_etaria&#8221;:null},&#8221;age_rating_description&#8221;:{&#8220;atos_criminosos&#8221;:&#8221;false&#8221;,&#8221;conteudo_sexual&#8221;:&#8221;false&#8221;,&#8221;drogas&#8221;:&#8221;false&#8221;,&#8221;drogas_ilicitas&#8221;:&#8221;false&#8221;,&#8221;drogas_licitas&#8221;:&#8221;false&#8221;,&#8221;linguagem_impropria&#8221;:&#8221;false&#8221;,&#8221;medo&#8221;:&#8221;false&#8221;,&#8221;nudez&#8221;:&#8221;false&#8221;,&#8221;procedimentos_medicos&#8221;:&#8221;false&#8221;,&#8221;sexo_explicito&#8221;:&#8221;false&#8221;,&#8221;temas_sensiveis&#8221;:&#8221;false&#8221;,&#8221;violencia&#8221;:&#8221;false&#8221;,&#8221;violencia_extrema&#8221;:&#8221;false&#8221;,&#8221;violencia_fantasiosa&#8221;:&#8221;false&#8221;},&#8221;area_logada&#8221;:{&#8220;exclusive_content&#8221;:&#8221;false&#8221;},&#8221;navigation&#8221;:{&#8220;menu_url&#8221;:null,&#8221;nav_title&#8221;:&#8221;Tabela&#8221;},&#8221;publicidade&#8221;:{&#8220;disable_adv&#8221;:&#8221;false&#8221;,&#8221;disable_audima_adv&#8221;:&#8221;false&#8221;,&#8221;disable_taboola&#8221;:&#8221;false&#8221;,&#8221;hash&#8221;:&#8221;r7esportes\/futebol\/campeonato-paulista\/tabela&#8221;},&#8221;site&#8221;:{&#8220;coupon_categories&#8221;:&#8221;departamentos&#8221;,&#8221;disable_refresh&#8221;:&#8221;4&#8243;,&#8221;enable_disclaimer&#8221;:&#8221;false&#8221;,&#8221;pagebuilder_path_for_native_apps&#8221;:null,&#8221;site_about&#8221;:&#8221;Tabela e jogos | Campeonato Paulista 2025 | R7 Esportes&#8221;,&#8221;site_description&#8221;:&#8221;Campeonato Paulista com tabela de classifica\u00e7\u00e3o atualizada \u00e9 no R7 Esportes! Confira os pr\u00f3ximos jogos, not\u00edcias e muito mais.&#8221;,&#8221;site_keywords&#8221;:&#8221;tabela, classifica\u00e7\u00e3o, rodadas, paulist\u00e3o, paulist\u00e3o A1, campeonato paulista, futebol, r7 esportes, r7&#8243;,&#8221;site_tagline&#8221;:&#8221;Tabela e jogos | Campeonato Paulista 2025 | R7 Esportes&#8221;,&#8221;site_title&#8221;:&#8221;Tabela e jogos | Campeonato Paulista 2025 | R7 Esportes&#8221;,&#8221;site_url&#8221;:null},&#8221;site_topper&#8221;:{&#8220;section_header_image&#8221;:null,&#8221;section_header_image_id&#8221;:null,&#8221;section_header_image_mobile&#8221;:null,&#8221;section_header_image_mobile_id&#8221;:null,&#8221;section_left_color_top&#8221;:null,&#8221;section_primary_color&#8221;:null,&#8221;section_right_color_top&#8221;:null,&#8221;site_logo_image&#8221;:null},&#8221;social&#8221;:{&#8220;facebook&#8221;:null,&#8221;instagram&#8221;:null,&#8221;kwai&#8221;:null,&#8221;rss&#8221;:null,&#8221;twitter&#8221;:null},&#8221;ultimas&#8221;:{&#8220;tab_ultimas&#8221;:[]},&#8221;is_grouping&#8221;:&#8221;false&#8221;,&#8221;node_type&#8221;:&#8221;section&#8221;,&#8221;children&#8221;:[]},{&#8220;_id&#8221;:&#8221;\/futebol\/campeonato-paulista\/quizzes&#8221;,&#8221;_website&#8221;:&#8221;esportes&#8221;,&#8221;name&#8221;:&#8221;Quizzes&#8221;,&#8221;inactive&#8221;:false,&#8221;ancestors&#8221;:{&#8220;default&#8221;:[&#8220;https:\/\/esportes.r7.com\/futebol&#8221;,&#8221;\/futebol\/campeonato-paulista&#8221;]},&#8221;parent&#8221;:{&#8220;default&#8221;:&#8221;\/futebol\/campeonato-paulista&#8221;},&#8221;SEO&#8221;:{&#8220;og_image_id&#8221;:null,&#8221;seo_description&#8221;:&#8221;Paulist\u00e3o 2026 no R7! Teste seus conhecimentos com quizzes imperd\u00edveis. Veja resultados, tabela, v\u00eddeos e not\u00edcias do campeonato. N\u00e3o perca, acesse j\u00e1!&#8221;,&#8221;seo_tags&#8221;:[&#8220;Paulist\u00e3o 2026&#8243;,&#8221;R7&#8243;,&#8221;Campeonato Paulista&#8221;,&#8221;Quizzes Paulist\u00e3o&#8221;,&#8221;Tabela Paulist\u00e3o&#8221;,&#8221;Not\u00edcias Paulist\u00e3o&#8221;],&#8221;seo_title&#8221;:&#8221;Confira sua paix\u00e3o em: Quizzes imperd\u00edveis do Campeonato Paulista 2026!&#8221;,&#8221;title_hotsite&#8221;:null,&#8221;top_url&#8221;:null,&#8221;url_og_image&#8221;:null},&#8221;age_rating&#8221;:{&#8220;classificacao_etaria&#8221;:null},&#8221;age_rating_description&#8221;:{&#8220;atos_criminosos&#8221;:&#8221;false&#8221;,&#8221;conteudo_sexual&#8221;:&#8221;false&#8221;,&#8221;drogas&#8221;:&#8221;false&#8221;,&#8221;drogas_ilicitas&#8221;:&#8221;false&#8221;,&#8221;drogas_licitas&#8221;:&#8221;false&#8221;,&#8221;linguagem_impropria&#8221;:&#8221;false&#8221;,&#8221;medo&#8221;:&#8221;false&#8221;,&#8221;nudez&#8221;:&#8221;false&#8221;,&#8221;procedimentos_medicos&#8221;:&#8221;false&#8221;,&#8221;sexo_explicito&#8221;:&#8221;false&#8221;,&#8221;temas_sensiveis&#8221;:&#8221;false&#8221;,&#8221;violencia&#8221;:&#8221;false&#8221;,&#8221;violencia_extrema&#8221;:&#8221;false&#8221;,&#8221;violencia_fantasiosa&#8221;:&#8221;false&#8221;},&#8221;area_logada&#8221;:{&#8220;exclusive_content&#8221;:&#8221;true&#8221;},&#8221;navigation&#8221;:{&#8220;menu_url&#8221;:null,&#8221;nav_title&#8221;:null},&#8221;publicidade&#8221;:{&#8220;disable_adv&#8221;:&#8221;false&#8221;,&#8221;disable_audima_adv&#8221;:&#8221;false&#8221;,&#8221;disable_taboola&#8221;:&#8221;false&#8221;,&#8221;hash&#8221;:null},&#8221;site&#8221;:{&#8220;coupon_categories&#8221;:&#8221;departamentos&#8221;,&#8221;disable_refresh&#8221;:&#8221;4&#8243;,&#8221;enable_disclaimer&#8221;:&#8221;false&#8221;,&#8221;pagebuilder_path_for_native_apps&#8221;:null,&#8221;site_about&#8221;:null,&#8221;site_description&#8221;:null,&#8221;site_keywords&#8221;:null,&#8221;site_tagline&#8221;:null,&#8221;site_title&#8221;:null,&#8221;site_url&#8221;:null},&#8221;site_topper&#8221;:{&#8220;section_header_image&#8221;:null,&#8221;section_header_image_id&#8221;:null,&#8221;section_header_image_mobile&#8221;:null,&#8221;section_header_image_mobile_id&#8221;:null,&#8221;section_left_color_top&#8221;:null,&#8221;section_primary_color&#8221;:null,&#8221;section_right_color_top&#8221;:null,&#8221;site_logo_image&#8221;:null},&#8221;social&#8221;:{&#8220;facebook&#8221;:&#8221;https:\/\/www.facebook.com\/R7Esporte\/&#8221;,&#8221;instagram&#8221;:&#8221;https:\/\/www.instagram.com\/r7esportes\/&#8221;,&#8221;kwai&#8221;:&#8221;https:\/\/www.kwai.com\/@portalr7&#8243;,&#8221;rss&#8221;:null,&#8221;twitter&#8221;:&#8221;https:\/\/twitter.com\/r7esportes&#8221;},&#8221;ultimas&#8221;:{&#8220;tab_ultimas&#8221;:[]},&#8221;is_grouping&#8221;:&#8221;false&#8221;,&#8221;node_type&#8221;:&#8221;section&#8221;,&#8221;children&#8221;:[]},{&#8220;_id&#8221;:&#8221;\/futebol\/campeonato-paulista\/lance-a-lance&#8221;,&#8221;_website&#8221;:&#8221;esportes&#8221;,&#8221;name&#8221;:&#8221;Lance a Lance&#8221;,&#8221;inactive&#8221;:false,&#8221;ancestors&#8221;:{&#8220;default&#8221;:[&#8220;https:\/\/esportes.r7.com\/futebol&#8221;,&#8221;\/futebol\/campeonato-paulista&#8221;]},&#8221;parent&#8221;:{&#8220;default&#8221;:&#8221;\/futebol\/campeonato-paulista&#8221;},&#8221;SEO&#8221;:{&#8220;og_image_id&#8221;:null,&#8221;seo_description&#8221;:&#8221;Paulist\u00e3o 2026 no R7: resultados, tabela, v\u00eddeos e not\u00edcias! Acompanhe cada lance do campeonato. Fique por dentro . Acesse j\u00e1!&#8221;,&#8221;seo_tags&#8221;:[&#8220;Paulist\u00e3o 2026&#8243;,&#8221;resultados&#8221;,&#8221;tabela&#8221;,&#8221;v\u00eddeos&#8221;,&#8221;not\u00edcias&#8221;,&#8221;R7&#8243;],&#8221;seo_title&#8221;:&#8221;Confira tudo do Campeonato Paulista 2026: Lance a Lance!&#8221;,&#8221;title_hotsite&#8221;:&#8221;Lance a Lance | Paulist\u00e3o&#8221;,&#8221;top_url&#8221;:null,&#8221;url_og_image&#8221;:&#8221;https:\/\/cloudfront-us-east-1.images.arcpublishing.com\/newr7\/LL6XLEKJ5RH25MSQL2LUFAR2CA.jpg&#8221;},&#8221;age_rating&#8221;:{&#8220;classificacao_etaria&#8221;:null},&#8221;age_rating_description&#8221;:{&#8220;atos_criminosos&#8221;:&#8221;false&#8221;,&#8221;conteudo_sexual&#8221;:&#8221;false&#8221;,&#8221;drogas&#8221;:&#8221;false&#8221;,&#8221;drogas_ilicitas&#8221;:&#8221;false&#8221;,&#8221;drogas_licitas&#8221;:&#8221;false&#8221;,&#8221;linguagem_impropria&#8221;:&#8221;false&#8221;,&#8221;medo&#8221;:&#8221;false&#8221;,&#8221;nudez&#8221;:&#8221;false&#8221;,&#8221;procedimentos_medicos&#8221;:&#8221;false&#8221;,&#8221;sexo_explicito&#8221;:&#8221;false&#8221;,&#8221;temas_sensiveis&#8221;:&#8221;false&#8221;,&#8221;violencia&#8221;:&#8221;false&#8221;,&#8221;violencia_extrema&#8221;:&#8221;false&#8221;,&#8221;violencia_fantasiosa&#8221;:&#8221;false&#8221;},&#8221;area_logada&#8221;:{&#8220;exclusive_content&#8221;:&#8221;false&#8221;},&#8221;navigation&#8221;:{&#8220;menu_url&#8221;:null,&#8221;nav_title&#8221;:&#8221;Lance a Lance | Paulist\u00e3o&#8221;},&#8221;publicidade&#8221;:{&#8220;disable_adv&#8221;:&#8221;false&#8221;,&#8221;disable_audima_adv&#8221;:&#8221;false&#8221;,&#8221;disable_taboola&#8221;:&#8221;false&#8221;,&#8221;hash&#8221;:&#8221;r7esportes\/futebol\/campeonato-paulista\/lance-a-lance&#8221;},&#8221;site&#8221;:{&#8220;coupon_categories&#8221;:&#8221;departamentos&#8221;,&#8221;disable_refresh&#8221;:&#8221;4&#8243;,&#8221;enable_disclaimer&#8221;:&#8221;false&#8221;,&#8221;pagebuilder_path_for_native_apps&#8221;:null,&#8221;site_about&#8221;:null,&#8221;site_description&#8221;:null,&#8221;site_keywords&#8221;:null,&#8221;site_tagline&#8221;:null,&#8221;site_title&#8221;:&#8221;Lance a Lance | Paulist\u00e3o&#8221;,&#8221;site_url&#8221;:null},&#8221;site_topper&#8221;:{&#8220;section_header_image&#8221;:&#8221;https:\/\/cloudfront-us-east-1.images.arcpublishing.com\/newr7\/SJAF57CL7VD5RNGAXJUSNVENT4.jpg&#8221;,&#8221;section_header_image_id&#8221;:null,&#8221;section_header_image_mobile&#8221;:&#8221;https:\/\/cloudfront-us-east-1.images.arcpublishing.com\/newr7\/R2Q4SIVV5BEJ3NX4PCVXHFUDQY.jpg&#8221;,&#8221;section_header_image_mobile_id&#8221;:null,&#8221;section_left_color_top&#8221;:&#8221;#0C703C&#8221;,&#8221;section_primary_color&#8221;:null,&#8221;section_right_color_top&#8221;:&#8221;#0C703C&#8221;,&#8221;site_logo_image&#8221;:null},&#8221;social&#8221;:{&#8220;facebook&#8221;:null,&#8221;instagram&#8221;:null,&#8221;kwai&#8221;:null,&#8221;rss&#8221;:null,&#8221;twitter&#8221;:null},&#8221;ultimas&#8221;:{&#8220;tab_ultimas&#8221;:[]},&#8221;is_grouping&#8221;:&#8221;false&#8221;,&#8221;node_type&#8221;:&#8221;section&#8221;,&#8221;children&#8221;:[{&#8220;_id&#8221;:&#8221;\/futebol\/campeonato-paulista\/lance-a-lance\/02-03-2025-santos-rbbragantino&#8221;,&#8221;_website&#8221;:&#8221;esportes&#8221;,&#8221;name&#8221;:&#8221;Santos RB Bragantino&#8221;,&#8221;inactive&#8221;:false,&#8221;ancestors&#8221;:{&#8220;default&#8221;:[&#8220;https:\/\/esportes.r7.com\/futebol&#8221;,&#8221;\/futebol\/campeonato-paulista&#8221;,&#8221;\/futebol\/campeonato-paulista\/lance-a-lance&#8221;]},&#8221;parent&#8221;:{&#8220;default&#8221;:&#8221;\/futebol\/campeonato-paulista\/lance-a-lance&#8221;},&#8221;SEO&#8221;:{&#8220;og_image_id&#8221;:null,&#8221;seo_description&#8221;:&#8221;Acompanhe o jogo Santos x RB Bragantino (Campeonato Paulista, Quartas de Final): escala\u00e7\u00e3o, fotos, v\u00eddeos, placar e lances da partida em tempo real.&#8221;,&#8221;seo_tags&#8221;:[&#8220;santos e bragantino&#8221;,&#8221;santos x bragantino&#8221;,&#8221;santos x rb bragantino&#8221;,&#8221;lance a lance&#8221;,&#8221;campeonato paulista&#8221;,&#8221;minuto a minuto&#8221;,&#8221;paulist\u00e3o&#8221;,&#8221;narra\u00e7\u00e3o&#8221;,&#8221;tempo real&#8221;,&#8221;portal r7&#8243;,&#8221;r7&#8243;],&#8221;seo_title&#8221;:&#8221;Lance a Lance: Santos x RB Bragantino | Quartas de Final | Campeonato Paulista&#8221;,&#8221;title_hotsite&#8221;:&#8221;Lance a Lance: Santos x RB Bragantino | Quartas de Final | Campeonato Paulista&#8221;,&#8221;top_url&#8221;:null,&#8221;url_og_image&#8221;:null},&#8221;age_rating&#8221;:{&#8220;classificacao_etaria&#8221;:null},&#8221;age_rating_description&#8221;:{&#8220;atos_criminosos&#8221;:&#8221;false&#8221;,&#8221;conteudo_sexual&#8221;:&#8221;false&#8221;,&#8221;drogas&#8221;:&#8221;false&#8221;,&#8221;drogas_ilicitas&#8221;:&#8221;false&#8221;,&#8221;drogas_licitas&#8221;:&#8221;false&#8221;,&#8221;linguagem_impropria&#8221;:&#8221;false&#8221;,&#8221;medo&#8221;:&#8221;false&#8221;,&#8221;nudez&#8221;:&#8221;false&#8221;,&#8221;procedimentos_medicos&#8221;:&#8221;false&#8221;,&#8221;sexo_explicito&#8221;:&#8221;false&#8221;,&#8221;temas_sensiveis&#8221;:&#8221;false&#8221;,&#8221;violencia&#8221;:&#8221;false&#8221;,&#8221;violencia_extrema&#8221;:&#8221;false&#8221;,&#8221;violencia_fantasiosa&#8221;:&#8221;false&#8221;},&#8221;area_logada&#8221;:{&#8220;exclusive_content&#8221;:&#8221;false&#8221;},&#8221;navigation&#8221;:{&#8220;menu_url&#8221;:null,&#8221;nav_title&#8221;:null},&#8221;publicidade&#8221;:{&#8220;disable_adv&#8221;:&#8221;false&#8221;,&#8221;disable_audima_adv&#8221;:&#8221;false&#8221;,&#8221;disable_taboola&#8221;:&#8221;false&#8221;,&#8221;hash&#8221;:&#8221;r7esportes\/futebol\/campeonato-paulista\/lance-a-lance&#8221;},&#8221;site&#8221;:{&#8220;coupon_categories&#8221;:&#8221;departamentos&#8221;,&#8221;disable_refresh&#8221;:&#8221;0&#8243;,&#8221;enable_disclaimer&#8221;:&#8221;false&#8221;,&#8221;pagebuilder_path_for_native_apps&#8221;:null,&#8221;site_about&#8221;:null,&#8221;site_description&#8221;:&#8221;Acompanhe o jogo Santos x RB Bragantino (Campeonato Paulista, Quartas de Final): escala\u00e7\u00e3o, fotos, v\u00eddeos, placar e lances da partida em tempo real.&#8221;,&#8221;site_keywords&#8221;:&#8221;santos e bragantino, santos x bragantino, santos x rb bragantino, lance a lance, cameponato paulista, paulist\u00e3o, narra\u00e7\u00e3o, minuto a minuto, tempo real, r7&#8243;,&#8221;site_tagline&#8221;:null,&#8221;site_title&#8221;:&#8221;Lance a Lance: Santos x RB Bragantino | Quartas de Final | Campeonato Paulista&#8221;,&#8221;site_url&#8221;:null},&#8221;site_topper&#8221;:{&#8220;section_header_image&#8221;:null,&#8221;section_header_image_id&#8221;:null,&#8221;section_header_image_mobile&#8221;:null,&#8221;section_header_image_mobile_id&#8221;:null,&#8221;section_left_color_top&#8221;:null,&#8221;section_primary_color&#8221;:null,&#8221;section_right_color_top&#8221;:null,&#8221;site_logo_image&#8221;:null},&#8221;social&#8221;:{&#8220;facebook&#8221;:null,&#8221;instagram&#8221;:null,&#8221;kwai&#8221;:null,&#8221;rss&#8221;:null,&#8221;twitter&#8221;:null},&#8221;ultimas&#8221;:{&#8220;tab_ultimas&#8221;:[]},&#8221;is_grouping&#8221;:&#8221;false&#8221;,&#8221;node_type&#8221;:&#8221;section&#8221;,&#8221;children&#8221;:[]},{&#8220;_id&#8221;:&#8221;\/futebol\/campeonato-paulista\/lance-a-lance\/10-03-2025-palmeiras-saopaulo&#8221;,&#8221;_website&#8221;:&#8221;esportes&#8221;,&#8221;name&#8221;:&#8221;Palmeiras S\u00e3o Paulo&#8221;,&#8221;inactive&#8221;:false,&#8221;ancestors&#8221;:{&#8220;default&#8221;:[&#8220;https:\/\/esportes.r7.com\/futebol&#8221;,&#8221;\/futebol\/campeonato-paulista&#8221;,&#8221;\/futebol\/campeonato-paulista\/lance-a-lance&#8221;]},&#8221;parent&#8221;:{&#8220;default&#8221;:&#8221;\/futebol\/campeonato-paulista\/lance-a-lance&#8221;},&#8221;SEO&#8221;:{&#8220;og_image_id&#8221;:null,&#8221;seo_description&#8221;:&#8221;Acompanhe o jogo Palmeiras x S\u00e3o Paulo (Campeonato Paulista, Semifinal): escala\u00e7\u00e3o, fotos, v\u00eddeos, placar e lances da partida em tempo real.&#8221;,&#8221;seo_tags&#8221;:[&#8220;palmeiras e s\u00e3o paulo&#8221;,&#8221;palmeiras x s\u00e3o paulo&#8221;,&#8221;palmeiras x sao paulo&#8221;,&#8221;lance a lance&#8221;,&#8221;campeonato paulista&#8221;,&#8221;semifinal&#8221;,&#8221;minuto a minuto&#8221;,&#8221;r7&#8243;,&#8221;paulist\u00e3o&#8221;,&#8221;portal r7&#8243;,&#8221;tempo real&#8221;,&#8221;narra\u00e7\u00e3o&#8221;],&#8221;seo_title&#8221;:&#8221;Lance a Lance: Palmeiras x S\u00e3o Paulo | Semifinal | Campeonato Paulista&#8221;,&#8221;title_hotsite&#8221;:&#8221;Lance a Lance: Palmeiras x S\u00e3o Paulo | Semifinal | Campeonato Paulista&#8221;,&#8221;top_url&#8221;:null,&#8221;url_og_image&#8221;:null},&#8221;age_rating&#8221;:{&#8220;classificacao_etaria&#8221;:null},&#8221;age_rating_description&#8221;:{&#8220;atos_criminosos&#8221;:&#8221;false&#8221;,&#8221;conteudo_sexual&#8221;:&#8221;false&#8221;,&#8221;drogas&#8221;:&#8221;false&#8221;,&#8221;drogas_ilicitas&#8221;:&#8221;false&#8221;,&#8221;drogas_licitas&#8221;:&#8221;false&#8221;,&#8221;linguagem_impropria&#8221;:&#8221;false&#8221;,&#8221;medo&#8221;:&#8221;false&#8221;,&#8221;nudez&#8221;:&#8221;false&#8221;,&#8221;procedimentos_medicos&#8221;:&#8221;false&#8221;,&#8221;sexo_explicito&#8221;:&#8221;false&#8221;,&#8221;temas_sensiveis&#8221;:&#8221;false&#8221;,&#8221;violencia&#8221;:&#8221;false&#8221;,&#8221;violencia_extrema&#8221;:&#8221;false&#8221;,&#8221;violencia_fantasiosa&#8221;:&#8221;false&#8221;},&#8221;area_logada&#8221;:{&#8220;exclusive_content&#8221;:&#8221;false&#8221;},&#8221;navigation&#8221;:{&#8220;menu_url&#8221;:null,&#8221;nav_title&#8221;:null},&#8221;publicidade&#8221;:{&#8220;disable_adv&#8221;:&#8221;false&#8221;,&#8221;disable_audima_adv&#8221;:&#8221;false&#8221;,&#8221;disable_taboola&#8221;:&#8221;false&#8221;,&#8221;hash&#8221;:&#8221;r7esportes\/futebol\/campeonato-paulista\/lance-a-lance&#8221;},&#8221;site&#8221;:{&#8220;coupon_categories&#8221;:&#8221;departamentos&#8221;,&#8221;disable_refresh&#8221;:&#8221;0&#8243;,&#8221;enable_disclaimer&#8221;:&#8221;false&#8221;,&#8221;pagebuilder_path_for_native_apps&#8221;:null,&#8221;site_about&#8221;:null,&#8221;site_description&#8221;:&#8221;Acompanhe o jogo Palmeiras x S\u00e3o Paulo (Campeonato Paulista, Semifinal): escala\u00e7\u00e3o, fotos, v\u00eddeos, placar e lances da partida em tempo real.&#8221;,&#8221;site_keywords&#8221;:&#8221;palmeiras e s\u00e3o paulo, palmeiras x s\u00e3o paulo, palmeiras x sao paulo, lance a lance, cameponato paulista, paulist\u00e3o, narra\u00e7\u00e3o, minuto a minuto, tempo real, r7&#8243;,&#8221;site_tagline&#8221;:null,&#8221;site_title&#8221;:&#8221;Lance a Lance: Palmeiras x S\u00e3o Paulo | Semifinal | Campeonato Paulista&#8221;,&#8221;site_url&#8221;:null},&#8221;site_topper&#8221;:{&#8220;section_header_image&#8221;:null,&#8221;section_header_image_id&#8221;:null,&#8221;section_header_image_mobile&#8221;:null,&#8221;section_header_image_mobile_id&#8221;:null,&#8221;section_left_color_top&#8221;:null,&#8221;section_primary_color&#8221;:null,&#8221;section_right_color_top&#8221;:null,&#8221;site_logo_image&#8221;:null},&#8221;social&#8221;:{&#8220;facebook&#8221;:null,&#8221;instagram&#8221;:null,&#8221;kwai&#8221;:null,&#8221;rss&#8221;:null,&#8221;twitter&#8221;:null},&#8221;ultimas&#8221;:{&#8220;tab_ultimas&#8221;:[]},&#8221;is_grouping&#8221;:&#8221;false&#8221;,&#8221;node_type&#8221;:&#8221;section&#8221;,&#8221;children&#8221;:[]},{&#8220;_id&#8221;:&#8221;\/futebol\/campeonato-paulista\/lance-a-lance\/16-03-25-palmeiras-corinthians&#8221;,&#8221;_website&#8221;:&#8221;esportes&#8221;,&#8221;name&#8221;:&#8221;Palmeiras Corinthians&#8221;,&#8221;inactive&#8221;:false,&#8221;ancestors&#8221;:{&#8220;default&#8221;:[&#8220;https:\/\/esportes.r7.com\/futebol&#8221;,&#8221;\/futebol\/campeonato-paulista&#8221;,&#8221;\/futebol\/campeonato-paulista\/lance-a-lance&#8221;]},&#8221;parent&#8221;:{&#8220;default&#8221;:&#8221;\/futebol\/campeonato-paulista\/lance-a-lance&#8221;},&#8221;SEO&#8221;:{&#8220;og_image_id&#8221;:null,&#8221;seo_description&#8221;:&#8221;Acompanhe o jogo Palmeiras x Corinthians (Campeonato Paulista, Final, Jogo Ida): escala\u00e7\u00e3o, fotos, v\u00eddeos, placar e lances da partida em tempo real.&#8221;,&#8221;seo_tags&#8221;:[&#8220;futebol&#8221;,&#8221;tempo real&#8221;,&#8221;record&#8221;,&#8221;portal r7&#8243;,&#8221;jogo de ida&#8221;,&#8221;paulist\u00e3o&#8221;,&#8221;final paulist\u00e3o&#8221;,&#8221;campeonato paulista&#8221;,&#8221;lance a lance&#8221;,&#8221;corinthians e palmeiras&#8221;,&#8221;corinthians x palmeiras&#8221;,&#8221;palmeiras x corinthians&#8221;,&#8221;palmeiras e corinthians&#8221;],&#8221;seo_title&#8221;:&#8221;Palmeiras x Corinthians | Final| Campeonato Paulista&#8221;,&#8221;title_hotsite&#8221;:&#8221;Palmeiras x Corinthians | Final| Campeonato Paulista&#8221;,&#8221;top_url&#8221;:null,&#8221;url_og_image&#8221;:null},&#8221;age_rating&#8221;:{&#8220;classificacao_etaria&#8221;:null},&#8221;age_rating_description&#8221;:{&#8220;atos_criminosos&#8221;:&#8221;false&#8221;,&#8221;conteudo_sexual&#8221;:&#8221;false&#8221;,&#8221;drogas&#8221;:&#8221;false&#8221;,&#8221;drogas_ilicitas&#8221;:&#8221;false&#8221;,&#8221;drogas_licitas&#8221;:&#8221;false&#8221;,&#8221;linguagem_impropria&#8221;:&#8221;false&#8221;,&#8221;medo&#8221;:&#8221;false&#8221;,&#8221;nudez&#8221;:&#8221;false&#8221;,&#8221;procedimentos_medicos&#8221;:&#8221;false&#8221;,&#8221;sexo_explicito&#8221;:&#8221;false&#8221;,&#8221;temas_sensiveis&#8221;:&#8221;false&#8221;,&#8221;violencia&#8221;:&#8221;false&#8221;,&#8221;violencia_extrema&#8221;:&#8221;false&#8221;,&#8221;violencia_fantasiosa&#8221;:&#8221;false&#8221;},&#8221;area_logada&#8221;:{&#8220;exclusive_content&#8221;:&#8221;false&#8221;},&#8221;navigation&#8221;:{&#8220;menu_url&#8221;:null,&#8221;nav_title&#8221;:null},&#8221;publicidade&#8221;:{&#8220;disable_adv&#8221;:&#8221;false&#8221;,&#8221;disable_audima_adv&#8221;:&#8221;false&#8221;,&#8221;disable_taboola&#8221;:&#8221;false&#8221;,&#8221;hash&#8221;:&#8221;r7esportes\/futebol\/campeonato-paulista\/lance-a-lance&#8221;},&#8221;site&#8221;:{&#8220;coupon_categories&#8221;:&#8221;departamentos&#8221;,&#8221;disable_refresh&#8221;:&#8221;0&#8243;,&#8221;enable_disclaimer&#8221;:&#8221;false&#8221;,&#8221;pagebuilder_path_for_native_apps&#8221;:null,&#8221;site_about&#8221;:&#8221;Palmeiras x Corinthians | Final| Campeonato Paulista&#8221;,&#8221;site_description&#8221;:&#8221;Acompanhe o jogo Palmeiras x Corinthians (Campeonato Paulista, Final, Jogo Ida): escala\u00e7\u00e3o, fotos, v\u00eddeos, placar e lances da partida em tempo real.&#8221;,&#8221;site_keywords&#8221;:&#8221;palmeiras x corinthians, palmeiras e corinthians, corinthians x palmeiras, lance a lance, campeonato paulista, final paulist\u00e3o, paulist\u00e3o, jogo de ida, portal r7, record, tempo real, futebol&#8221;,&#8221;site_tagline&#8221;:null,&#8221;site_title&#8221;:&#8221;Palmeiras x Corinthians | Final| Campeonato Paulista&#8221;,&#8221;site_url&#8221;:null},&#8221;site_topper&#8221;:{&#8220;section_header_image&#8221;:null,&#8221;section_header_image_id&#8221;:null,&#8221;section_header_image_mobile&#8221;:null,&#8221;section_header_image_mobile_id&#8221;:null,&#8221;section_left_color_top&#8221;:null,&#8221;section_primary_color&#8221;:null,&#8221;section_right_color_top&#8221;:null,&#8221;site_logo_image&#8221;:null},&#8221;social&#8221;:{&#8220;facebook&#8221;:null,&#8221;instagram&#8221;:null,&#8221;kwai&#8221;:null,&#8221;rss&#8221;:null,&#8221;twitter&#8221;:null},&#8221;ultimas&#8221;:{&#8220;tab_ultimas&#8221;:[]},&#8221;is_grouping&#8221;:&#8221;false&#8221;,&#8221;node_type&#8221;:&#8221;section&#8221;,&#8221;children&#8221;:[]}]}]},{&#8220;_id&#8221;:&#8221;\/futebol\/caso-daniel&#8221;,&#8221;website&#8221;:&#8221;esportes&#8221;,&#8221;name&#8221;:&#8221;caso daniel&#8221;,&#8221;navigation&#8221;:{&#8220;nav_title&#8221;:&#8221;caso daniel&#8221;},&#8221;parent&#8221;:{&#8220;default&#8221;:&#8221;https:\/\/esportes.r7.com\/futebol&#8221;,&#8221;header&#8221;:&#8221;https:\/\/esportes.r7.com\/futebol&#8221;},&#8221;_admin&#8221;:{&#8220;alias_ids&#8221;:[&#8220;\/futebol\/caso-daniel&#8221;]},&#8221;site&#8221;:{&#8220;site_description&#8221;:&#8221;&#8221;,&#8221;site_title&#8221;:&#8221;caso daniel&#8221;},&#8221;inactive&#8221;:false,&#8221;SEO&#8221;:{&#8220;seo_tags&#8221;:[]},&#8221;site_topper&#8221;:{},&#8221;is_grouping&#8221;:&#8221;true&#8221;,&#8221;_website&#8221;:&#8221;esportes&#8221;,&#8221;node_type&#8221;:&#8221;section&#8221;,&#8221;children&#8221;:[]},{&#8220;_id&#8221;:&#8221;\/futebol\/champions-league&#8221;,&#8221;_website&#8221;:&#8221;esportes&#8221;,&#8221;name&#8221;:&#8221;Champions League&#8221;,&#8221;inactive&#8221;:false,&#8221;parent&#8221;:{&#8220;default&#8221;:&#8221;https:\/\/esportes.r7.com\/futebol&#8221;,&#8221;header&#8221;:&#8221;https:\/\/esportes.r7.com\/futebol&#8221;},&#8221;SEO&#8221;:{&#8220;og_image_id&#8221;:null,&#8221;seo_description&#8221;:&#8221;Confira resultados, pr\u00f3ximos jogos, tabela de classifica\u00e7\u00e3o completa, v\u00eddeos e as \u00faltimas not\u00edciasda Champions League | 2025 | no R7 Esportes&#8221;,&#8221;seo_tags&#8221;:[&#8220;esportes&#8221;,&#8221;r7&#8243;,&#8221;resultados&#8221;,&#8221;classifica\u00e7\u00e3o&#8221;,&#8221;tabela&#8221;,&#8221;resultados&#8221;,&#8221;liga europeia&#8221;,&#8221;champios league&#8221;,&#8221;futebol&#8221;,&#8221;liga dos campe\u00f5es&#8221;,&#8221;champions&#8221;],&#8221;seo_title&#8221;:&#8221;Tabela, not\u00edcias e resultados | Champions | 2025 | R7&#8243;,&#8221;title_hotsite&#8221;:&#8221;Tabela, not\u00edcias e resultados | Champions | 2025 | R7&#8243;,&#8221;top_url&#8221;:&#8221;https:\/\/esportes.r7.com\/futebol\/champions-league\/&#8221;,&#8221;url_og_image&#8221;:null},&#8221;_admin&#8221;:{&#8220;alias_ids&#8221;:[&#8220;\/futebol\/champions-league&#8221;]},&#8221;age_rating&#8221;:{&#8220;classificacao_etaria&#8221;:null},&#8221;age_rating_description&#8221;:{&#8220;atos_criminosos&#8221;:&#8221;false&#8221;,&#8221;conteudo_sexual&#8221;:&#8221;false&#8221;,&#8221;drogas&#8221;:&#8221;false&#8221;,&#8221;drogas_ilicitas&#8221;:&#8221;false&#8221;,&#8221;drogas_licitas&#8221;:&#8221;false&#8221;,&#8221;linguagem_impropria&#8221;:&#8221;false&#8221;,&#8221;medo&#8221;:&#8221;false&#8221;,&#8221;nudez&#8221;:&#8221;false&#8221;,&#8221;procedimentos_medicos&#8221;:&#8221;false&#8221;,&#8221;sexo_explicito&#8221;:&#8221;false&#8221;,&#8221;temas_sensiveis&#8221;:&#8221;false&#8221;,&#8221;violencia&#8221;:&#8221;false&#8221;,&#8221;violencia_extrema&#8221;:&#8221;false&#8221;,&#8221;violencia_fantasiosa&#8221;:&#8221;false&#8221;},&#8221;area_logada&#8221;:{&#8220;exclusive_content&#8221;:&#8221;false&#8221;},&#8221;campanha_branded&#8221;:{&#8220;ativar_background_campanha&#8221;:&#8221;false&#8221;,&#8221;ativar_fonte_campanha&#8221;:&#8221;false&#8221;,&#8221;ativar_logo_campanha&#8221;:&#8221;false&#8221;},&#8221;navigation&#8221;:{&#8220;menu_url&#8221;:null,&#8221;nav_title&#8221;:&#8221;Champions League&#8221;},&#8221;newsletter&#8221;:{&#8220;id&#8221;:&#8221;68484031b8b9d10001c4f8ba&#8221;},&#8221;publicidade&#8221;:{&#8220;disable_adv&#8221;:&#8221;false&#8221;,&#8221;disable_audima_adv&#8221;:&#8221;false&#8221;,&#8221;disable_taboola&#8221;:&#8221;false&#8221;,&#8221;hash&#8221;:&#8221;r7esportes\/futebol\/champions-league&#8221;},&#8221;site&#8221;:{&#8220;coupon_categories&#8221;:&#8221;departamentos&#8221;,&#8221;disable_refresh&#8221;:&#8221;4&#8243;,&#8221;enable_disclaimer&#8221;:&#8221;false&#8221;,&#8221;pagebuilder_path_for_native_apps&#8221;:null,&#8221;site_about&#8221;:&#8221;Tabela, not\u00edcias e resultados | Champions | 2025 | R7&#8243;,&#8221;site_description&#8221;:&#8221;Confira resultados, pr\u00f3ximos jogos, tabela de classifica\u00e7\u00e3o completa, v\u00eddeos e as \u00faltimas not\u00edciasda Champions League | 2025 | no R7 Esportes&#8221;,&#8221;site_keywords&#8221;:&#8221;champions league, champions, liga dos campeoes, futebol, tabelas, classificacao, resultados, esportes&#8221;,&#8221;site_tagline&#8221;:&#8221;Tabela, not\u00edcias e resultados | Champions | 2025 | R7&#8243;,&#8221;site_title&#8221;:&#8221;Tabela, not\u00edcias e resultados | Champions | 2025 | R7&#8243;,&#8221;site_url&#8221;:null},&#8221;site_topper&#8221;:{&#8220;section_header_image&#8221;:null,&#8221;section_header_image_id&#8221;:null,&#8221;section_header_image_mobile&#8221;:null,&#8221;section_header_image_mobile_id&#8221;:null,&#8221;section_left_color_top&#8221;:null,&#8221;section_primary_color&#8221;:null,&#8221;section_right_color_top&#8221;:null,&#8221;site_logo_image&#8221;:null},&#8221;social&#8221;:{&#8220;bluesky&#8221;:null,&#8221;facebook&#8221;:null,&#8221;instagram&#8221;:null,&#8221;kwai&#8221;:null,&#8221;rss&#8221;:null,&#8221;threads&#8221;:null,&#8221;tiktok&#8221;:null,&#8221;twitter&#8221;:null,&#8221;whatsapp&#8221;:null,&#8221;youtube&#8221;:null},&#8221;ultimas&#8221;:{&#8220;tab_ultimas&#8221;:[]},&#8221;is_grouping&#8221;:&#8221;false&#8221;,&#8221;node_type&#8221;:&#8221;section&#8221;,&#8221;children&#8221;:[{&#8220;_id&#8221;:&#8221;\/futebol\/champions-league\/lance-a-lance&#8221;,&#8221;_website&#8221;:&#8221;esportes&#8221;,&#8221;name&#8221;:&#8221;Lance a Lance&#8221;,&#8221;inactive&#8221;:false,&#8221;ancestors&#8221;:{&#8220;default&#8221;:[&#8220;https:\/\/esportes.r7.com\/futebol&#8221;,&#8221;\/futebol\/champions-league&#8221;]},&#8221;parent&#8221;:{&#8220;default&#8221;:&#8221;\/futebol\/champions-league&#8221;},&#8221;SEO&#8221;:{&#8220;og_image_id&#8221;:null,&#8221;seo_description&#8221;:&#8221;Acompanhe a Champions League no R7! Placar ao vivo, gols e not\u00edcias do campeonato. Tudo sobre futebol e campeonatos em um s\u00f3 lugar! Acesse e n\u00e3o perca nada!&#8221;,&#8221;seo_tags&#8221;:[&#8220;Champions League&#8221;,&#8221;R7&#8243;,&#8221;placar ao vivo&#8221;,&#8221;gols&#8221;,&#8221;not\u00edcias&#8221;,&#8221;futebol&#8221;],&#8221;seo_title&#8221;:&#8221;Confira Champions League Lance a Lance: Placar, Gols e Not\u00edcias!&#8221;,&#8221;title_hotsite&#8221;:&#8221;Lance a Lance | Champions League&#8221;,&#8221;top_url&#8221;:&#8221;https:\/\/esportes.r7.com\/&#8221;,&#8221;url_og_image&#8221;:&#8221;https:\/\/cloudfront-us-east-1.images.arcpublishing.com\/newr7\/O7DGNVKAN5GJ5BFJ2JNFSB5NRE.jpg&#8221;},&#8221;age_rating&#8221;:{&#8220;classificacao_etaria&#8221;:null},&#8221;age_rating_description&#8221;:{&#8220;atos_criminosos&#8221;:&#8221;false&#8221;,&#8221;conteudo_sexual&#8221;:&#8221;false&#8221;,&#8221;drogas&#8221;:&#8221;false&#8221;,&#8221;drogas_ilicitas&#8221;:&#8221;false&#8221;,&#8221;drogas_licitas&#8221;:&#8221;false&#8221;,&#8221;linguagem_impropria&#8221;:&#8221;false&#8221;,&#8221;medo&#8221;:&#8221;false&#8221;,&#8221;nudez&#8221;:&#8221;false&#8221;,&#8221;procedimentos_medicos&#8221;:&#8221;false&#8221;,&#8221;sexo_explicito&#8221;:&#8221;false&#8221;,&#8221;temas_sensiveis&#8221;:&#8221;false&#8221;,&#8221;violencia&#8221;:&#8221;false&#8221;,&#8221;violencia_extrema&#8221;:&#8221;false&#8221;,&#8221;violencia_fantasiosa&#8221;:&#8221;false&#8221;},&#8221;area_logada&#8221;:{&#8220;exclusive_content&#8221;:&#8221;false&#8221;},&#8221;navigation&#8221;:{&#8220;menu_url&#8221;:null,&#8221;nav_title&#8221;:&#8221;Lance a Lance | Champions League&#8221;},&#8221;newsletter&#8221;:{&#8220;id&#8221;:null},&#8221;publicidade&#8221;:{&#8220;disable_adv&#8221;:&#8221;false&#8221;,&#8221;disable_audima_adv&#8221;:&#8221;false&#8221;,&#8221;disable_taboola&#8221;:&#8221;false&#8221;,&#8221;hash&#8221;:&#8221;r7esportes\/futebol\/lance-a-lance\/champions-league&#8221;},&#8221;site&#8221;:{&#8220;coupon_categories&#8221;:&#8221;departamentos&#8221;,&#8221;disable_refresh&#8221;:&#8221;4&#8243;,&#8221;enable_disclaimer&#8221;:&#8221;false&#8221;,&#8221;pagebuilder_path_for_native_apps&#8221;:null,&#8221;site_about&#8221;:null,&#8221;site_description&#8221;:null,&#8221;site_keywords&#8221;:null,&#8221;site_tagline&#8221;:null,&#8221;site_title&#8221;:null,&#8221;site_url&#8221;:&#8221;https:\/\/esportes.r7.com\/&#8221;},&#8221;site_topper&#8221;:{&#8220;section_header_image&#8221;:&#8221;https:\/\/cloudfront-us-east-1.images.arcpublishing.com\/newr7\/TXQCRSZ7VRHU7EZTAJYIQWMLJQ.jpg&#8221;,&#8221;section_header_image_id&#8221;:null,&#8221;section_header_image_mobile&#8221;:&#8221;https:\/\/cloudfront-us-east-1.images.arcpublishing.com\/newr7\/OVCYGK4V7RFN7FXQLAXK5RLVBA.jpg&#8221;,&#8221;section_header_image_mobile_id&#8221;:null,&#8221;section_left_color_top&#8221;:&#8221;#0C703C&#8221;,&#8221;section_primary_color&#8221;:&#8221;#2B8047&#8243;,&#8221;section_right_color_top&#8221;:&#8221;#0C703C&#8221;,&#8221;site_logo_image&#8221;:null},&#8221;social&#8221;:{&#8220;facebook&#8221;:null,&#8221;instagram&#8221;:null,&#8221;kwai&#8221;:null,&#8221;rss&#8221;:null,&#8221;twitter&#8221;:null},&#8221;ultimas&#8221;:{&#8220;tab_ultimas&#8221;:[]},&#8221;is_grouping&#8221;:&#8221;false&#8221;,&#8221;node_type&#8221;:&#8221;section&#8221;,&#8221;children&#8221;:[]}]},{&#8220;_id&#8221;:&#8221;\/futebol\/copa-america-2019&#8243;,&#8221;website&#8221;:&#8221;esportes&#8221;,&#8221;name&#8221;:&#8221;Copa Am\u00e9rica 2019&#8243;,&#8221;navigation&#8221;:{&#8220;nav_title&#8221;:&#8221;Copa Am\u00e9rica 2019&#8243;},&#8221;parent&#8221;:{&#8220;default&#8221;:&#8221;https:\/\/esportes.r7.com\/futebol&#8221;,&#8221;header&#8221;:&#8221;https:\/\/esportes.r7.com\/futebol&#8221;},&#8221;_admin&#8221;:{&#8220;alias_ids&#8221;:[&#8220;\/futebol\/copa-america-2019&#8243;]},&#8221;site&#8221;:{&#8220;site_description&#8221;:&#8221;&#8221;,&#8221;site_title&#8221;:&#8221;Copa Am\u00e9rica 2019&#8243;},&#8221;inactive&#8221;:false,&#8221;SEO&#8221;:{&#8220;seo_tags&#8221;:[]},&#8221;site_topper&#8221;:{},&#8221;is_grouping&#8221;:&#8221;true&#8221;,&#8221;_website&#8221;:&#8221;esportes&#8221;,&#8221;node_type&#8221;:&#8221;section&#8221;,&#8221;children&#8221;:[]},{&#8220;_id&#8221;:&#8221;\/futebol\/copa-das-confederacoes-2013&#8243;,&#8221;website&#8221;:&#8221;esportes&#8221;,&#8221;name&#8221;:&#8221;Copa das Confedera\u00e7\u00f5es 2013&#8243;,&#8221;navigation&#8221;:{&#8220;nav_title&#8221;:&#8221;Copa das Confedera\u00e7\u00f5es 2013&#8243;},&#8221;parent&#8221;:{&#8220;default&#8221;:&#8221;https:\/\/esportes.r7.com\/futebol&#8221;,&#8221;header&#8221;:&#8221;https:\/\/esportes.r7.com\/futebol&#8221;},&#8221;_admin&#8221;:{&#8220;alias_ids&#8221;:[&#8220;\/futebol\/copa-das-confederacoes-2013&#8243;]},&#8221;site&#8221;:{&#8220;site_description&#8221;:&#8221;&#8221;,&#8221;site_title&#8221;:&#8221;Copa das Confedera\u00e7\u00f5es 2013&#8243;},&#8221;inactive&#8221;:false,&#8221;SEO&#8221;:{&#8220;seo_tags&#8221;:[]},&#8221;site_topper&#8221;:{},&#8221;is_grouping&#8221;:&#8221;false&#8221;,&#8221;_website&#8221;:&#8221;esportes&#8221;,&#8221;node_type&#8221;:&#8221;section&#8221;,&#8221;children&#8221;:[{&#8220;_id&#8221;:&#8221;\/futebol\/copa-das-confederacoes-2013\/selecao-brasileira&#8221;,&#8221;website&#8221;:&#8221;esportes&#8221;,&#8221;name&#8221;:&#8221;Sele\u00e7\u00e3o Brasileira&#8221;,&#8221;navigation&#8221;:{&#8220;nav_title&#8221;:&#8221;Sele\u00e7\u00e3o Brasileira&#8221;},&#8221;parent&#8221;:{&#8220;default&#8221;:&#8221;\/futebol\/copa-das-confederacoes-2013&#8243;,&#8221;header&#8221;:&#8221;\/futebol\/copa-das-confederacoes-2013&#8243;},&#8221;_admin&#8221;:{&#8220;alias_ids&#8221;:[&#8220;\/futebol\/copa-das-confederacoes-2013\/selecao-brasileira&#8221;]},&#8221;site&#8221;:{&#8220;site_description&#8221;:&#8221;&#8221;,&#8221;site_title&#8221;:&#8221;Sele\u00e7\u00e3o Brasileira&#8221;},&#8221;inactive&#8221;:false,&#8221;SEO&#8221;:{&#8220;seo_tags&#8221;:[]},&#8221;site_topper&#8221;:{},&#8221;is_grouping&#8221;:&#8221;false&#8221;,&#8221;_website&#8221;:&#8221;esportes&#8221;,&#8221;node_type&#8221;:&#8221;section&#8221;,&#8221;children&#8221;:[]},{&#8220;_id&#8221;:&#8221;\/futebol\/copa-das-confederacoes-2013\/videos&#8221;,&#8221;website&#8221;:&#8221;esportes&#8221;,&#8221;name&#8221;:&#8221;V\u00eddeos&#8221;,&#8221;navigation&#8221;:{&#8220;nav_title&#8221;:&#8221;V\u00eddeos&#8221;},&#8221;parent&#8221;:{&#8220;default&#8221;:&#8221;\/futebol\/copa-das-confederacoes-2013&#8243;,&#8221;header&#8221;:&#8221;\/futebol\/copa-das-confederacoes-2013&#8243;},&#8221;_admin&#8221;:{&#8220;alias_ids&#8221;:[&#8220;\/futebol\/copa-das-confederacoes-2013\/videos&#8221;]},&#8221;site&#8221;:{&#8220;site_description&#8221;:&#8221;&#8221;,&#8221;site_title&#8221;:&#8221;V\u00eddeos&#8221;},&#8221;inactive&#8221;:false,&#8221;SEO&#8221;:{&#8220;seo_tags&#8221;:[]},&#8221;site_topper&#8221;:{},&#8221;is_grouping&#8221;:&#8221;false&#8221;,&#8221;_website&#8221;:&#8221;esportes&#8221;,&#8221;node_type&#8221;:&#8221;section&#8221;,&#8221;children&#8221;:[]}]},{&#8220;_id&#8221;:&#8221;\/futebol\/copa-do-brasil&#8221;,&#8221;_website&#8221;:&#8221;esportes&#8221;,&#8221;name&#8221;:&#8221;Copa do Brasil&#8221;,&#8221;inactive&#8221;:false,&#8221;parent&#8221;:{&#8220;default&#8221;:&#8221;https:\/\/esportes.r7.com\/futebol&#8221;,&#8221;header&#8221;:&#8221;https:\/\/esportes.r7.com\/futebol&#8221;},&#8221;SEO&#8221;:{&#8220;og_image_id&#8221;:null,&#8221;seo_description&#8221;:&#8221;Confira resultados, pr\u00f3ximos jogos, tabela de classifica\u00e7\u00e3o completa, v\u00eddeos e as \u00faltimas not\u00edciasda Copa do Brasil | 2025 | no R7 Esportes&#8221;,&#8221;seo_tags&#8221;:[&#8220;tabela&#8221;,&#8221;resultados&#8221;,&#8221;classifica\u00e7\u00e3o&#8221;,&#8221;r7&#8243;,&#8221;esportes&#8221;,&#8221;futebol&#8221;,&#8221;copa do brasil&#8221;],&#8221;seo_title&#8221;:&#8221;Tabela, not\u00edcias e resultados | Copa do Brasil | 2025 | R7&#8243;,&#8221;title_hotsite&#8221;:&#8221;Tabela, not\u00edcias e resultados | Copa do Brasil | 2025 | R7&#8243;,&#8221;top_url&#8221;:&#8221;https:\/\/esportes.r7.com\/futebol\/copa-do-brasil\/&#8221;,&#8221;url_og_image&#8221;:null},&#8221;_admin&#8221;:{&#8220;alias_ids&#8221;:[&#8220;\/futebol\/copa-do-brasil&#8221;]},&#8221;age_rating&#8221;:{&#8220;classificacao_etaria&#8221;:null},&#8221;age_rating_description&#8221;:{&#8220;atos_criminosos&#8221;:&#8221;false&#8221;,&#8221;conteudo_sexual&#8221;:&#8221;false&#8221;,&#8221;drogas&#8221;:&#8221;false&#8221;,&#8221;drogas_ilicitas&#8221;:&#8221;false&#8221;,&#8221;drogas_licitas&#8221;:&#8221;false&#8221;,&#8221;linguagem_impropria&#8221;:&#8221;false&#8221;,&#8221;medo&#8221;:&#8221;false&#8221;,&#8221;nudez&#8221;:&#8221;false&#8221;,&#8221;procedimentos_medicos&#8221;:&#8221;false&#8221;,&#8221;sexo_explicito&#8221;:&#8221;false&#8221;,&#8221;temas_sensiveis&#8221;:&#8221;false&#8221;,&#8221;violencia&#8221;:&#8221;false&#8221;,&#8221;violencia_extrema&#8221;:&#8221;false&#8221;,&#8221;violencia_fantasiosa&#8221;:&#8221;false&#8221;},&#8221;area_logada&#8221;:{&#8220;exclusive_content&#8221;:&#8221;false&#8221;},&#8221;campanha_branded&#8221;:{&#8220;ativar_background_campanha&#8221;:&#8221;false&#8221;,&#8221;ativar_fonte_campanha&#8221;:&#8221;false&#8221;,&#8221;ativar_logo_campanha&#8221;:&#8221;false&#8221;},&#8221;navigation&#8221;:{&#8220;menu_url&#8221;:null,&#8221;nav_title&#8221;:&#8221;Copa do Brasil&#8221;},&#8221;newsletter&#8221;:{&#8220;id&#8221;:&#8221;68484031b8b9d10001c4f8ba&#8221;},&#8221;publicidade&#8221;:{&#8220;disable_adv&#8221;:&#8221;false&#8221;,&#8221;disable_audima_adv&#8221;:&#8221;false&#8221;,&#8221;disable_taboola&#8221;:&#8221;false&#8221;,&#8221;hash&#8221;:&#8221;r7esportes\/futebol\/copa-do-brasil&#8221;},&#8221;site&#8221;:{&#8220;coupon_categories&#8221;:&#8221;departamentos&#8221;,&#8221;disable_refresh&#8221;:&#8221;4&#8243;,&#8221;enable_disclaimer&#8221;:&#8221;false&#8221;,&#8221;pagebuilder_path_for_native_apps&#8221;:null,&#8221;site_about&#8221;:&#8221;Tabela, not\u00edcias e resultados | Copa do Brasil | 2025 | R7&#8243;,&#8221;site_description&#8221;:&#8221;Confira resultados, pr\u00f3ximos jogos, tabela de classifica\u00e7\u00e3o completa, v\u00eddeos e as \u00faltimas not\u00edciasda Copa do Brasil | 2025 | no R7 Esportes&#8221;,&#8221;site_keywords&#8221;:&#8221;copa do brasil, futebol, resultados, tabela, classifica\u00e7\u00e3o, esportes, r7&#8243;,&#8221;site_tagline&#8221;:&#8221;Tabela, not\u00edcias e resultados | Copa do Brasil | 2025 | R7&#8243;,&#8221;site_title&#8221;:&#8221;Tabela, not\u00edcias e resultados | Copa do Brasil | 2025 | R7&#8243;,&#8221;site_url&#8221;:null},&#8221;site_topper&#8221;:{&#8220;section_header_image&#8221;:null,&#8221;section_header_image_id&#8221;:null,&#8221;section_header_image_mobile&#8221;:null,&#8221;section_header_image_mobile_id&#8221;:null,&#8221;section_left_color_top&#8221;:null,&#8221;section_primary_color&#8221;:null,&#8221;section_right_color_top&#8221;:null,&#8221;site_logo_image&#8221;:null},&#8221;social&#8221;:{&#8220;bluesky&#8221;:null,&#8221;facebook&#8221;:null,&#8221;instagram&#8221;:null,&#8221;kwai&#8221;:null,&#8221;rss&#8221;:null,&#8221;threads&#8221;:null,&#8221;tiktok&#8221;:null,&#8221;twitter&#8221;:null,&#8221;whatsapp&#8221;:null,&#8221;youtube&#8221;:null},&#8221;ultimas&#8221;:{&#8220;tab_ultimas&#8221;:[]},&#8221;is_grouping&#8221;:&#8221;false&#8221;,&#8221;node_type&#8221;:&#8221;section&#8221;,&#8221;children&#8221;:[{&#8220;_id&#8221;:&#8221;\/futebol\/copa-do-brasil\/lance-a-lance&#8221;,&#8221;_website&#8221;:&#8221;esportes&#8221;,&#8221;name&#8221;:&#8221;Lance a Lance&#8221;,&#8221;inactive&#8221;:false,&#8221;ancestors&#8221;:{&#8220;default&#8221;:[&#8220;https:\/\/esportes.r7.com\/futebol&#8221;,&#8221;\/futebol\/copa-do-brasil&#8221;]},&#8221;parent&#8221;:{&#8220;default&#8221;:&#8221;\/futebol\/copa-do-brasil&#8221;},&#8221;SEO&#8221;:{&#8220;og_image_id&#8221;:null,&#8221;seo_description&#8221;:&#8221;Acompanhe a Copa do Brasil e o Brasileir\u00e3o no R7! Lances, resultados e not\u00edcias do futebol em 2025. N\u00e3o perca, acesse agora!&#8221;,&#8221;seo_tags&#8221;:[&#8220;Copa do Brasil&#8221;,&#8221;Brasileir\u00e3o&#8221;,&#8221;R7&#8243;,&#8221;futebol&#8221;,&#8221;resultados&#8221;,&#8221;not\u00edcias&#8221;],&#8221;seo_title&#8221;:&#8221;Confira Copa do Brasil: Lance a Lance Exclusivo no Campeonato Brasileiro!&#8221;,&#8221;title_hotsite&#8221;:&#8221;Lance a Lance | Copa do Brasil&#8221;,&#8221;top_url&#8221;:&#8221;https:\/\/esportes.r7.com\/&#8221;,&#8221;url_og_image&#8221;:&#8221;https:\/\/cloudfront-us-east-1.images.arcpublishing.com\/newr7\/POJAEYEYEFALVJWWOLDWD4GECQ.jpg&#8221;},&#8221;age_rating&#8221;:{&#8220;classificacao_etaria&#8221;:null},&#8221;age_rating_description&#8221;:{&#8220;atos_criminosos&#8221;:&#8221;false&#8221;,&#8221;conteudo_sexual&#8221;:&#8221;false&#8221;,&#8221;drogas&#8221;:&#8221;false&#8221;,&#8221;drogas_ilicitas&#8221;:&#8221;false&#8221;,&#8221;drogas_licitas&#8221;:&#8221;false&#8221;,&#8221;linguagem_impropria&#8221;:&#8221;false&#8221;,&#8221;medo&#8221;:&#8221;false&#8221;,&#8221;nudez&#8221;:&#8221;false&#8221;,&#8221;procedimentos_medicos&#8221;:&#8221;false&#8221;,&#8221;sexo_explicito&#8221;:&#8221;false&#8221;,&#8221;temas_sensiveis&#8221;:&#8221;false&#8221;,&#8221;violencia&#8221;:&#8221;false&#8221;,&#8221;violencia_extrema&#8221;:&#8221;false&#8221;,&#8221;violencia_fantasiosa&#8221;:&#8221;false&#8221;},&#8221;area_logada&#8221;:{&#8220;exclusive_content&#8221;:&#8221;false&#8221;},&#8221;navigation&#8221;:{&#8220;menu_url&#8221;:null,&#8221;nav_title&#8221;:&#8221;Lance a Lance | Copa do Brasil&#8221;},&#8221;newsletter&#8221;:{&#8220;id&#8221;:null},&#8221;publicidade&#8221;:{&#8220;disable_adv&#8221;:&#8221;false&#8221;,&#8221;disable_audima_adv&#8221;:&#8221;false&#8221;,&#8221;disable_taboola&#8221;:&#8221;false&#8221;,&#8221;hash&#8221;:&#8221;r7esportes\/futebol\/lance-a-lance\/copa-do-brasil&#8221;},&#8221;site&#8221;:{&#8220;coupon_categories&#8221;:&#8221;departamentos&#8221;,&#8221;disable_refresh&#8221;:&#8221;4&#8243;,&#8221;enable_disclaimer&#8221;:&#8221;false&#8221;,&#8221;pagebuilder_path_for_native_apps&#8221;:null,&#8221;site_about&#8221;:null,&#8221;site_description&#8221;:null,&#8221;site_keywords&#8221;:null,&#8221;site_tagline&#8221;:null,&#8221;site_title&#8221;:&#8221;Lance a Lance | Copa do Brasil&#8221;,&#8221;site_url&#8221;:null},&#8221;site_topper&#8221;:{&#8220;section_header_image&#8221;:&#8221;https:\/\/cloudfront-us-east-1.images.arcpublishing.com\/newr7\/L5C35XEKTZDXTLXEL5LSWAW6SI.jpg&#8221;,&#8221;section_header_image_id&#8221;:null,&#8221;section_header_image_mobile&#8221;:&#8221;https:\/\/cloudfront-us-east-1.images.arcpublishing.com\/newr7\/RFK6OFJTUVENBDM5SY755FXEGA.jpg&#8221;,&#8221;section_header_image_mobile_id&#8221;:null,&#8221;section_left_color_top&#8221;:&#8221;#0C703C&#8221;,&#8221;section_primary_color&#8221;:&#8221;#2B8047&#8243;,&#8221;section_right_color_top&#8221;:&#8221;#0C703C&#8221;,&#8221;site_logo_image&#8221;:null},&#8221;social&#8221;:{&#8220;facebook&#8221;:null,&#8221;instagram&#8221;:null,&#8221;kwai&#8221;:null,&#8221;rss&#8221;:null,&#8221;twitter&#8221;:null},&#8221;ultimas&#8221;:{&#8220;tab_ultimas&#8221;:[]},&#8221;is_grouping&#8221;:&#8221;false&#8221;,&#8221;node_type&#8221;:&#8221;section&#8221;,&#8221;children&#8221;:[]},{&#8220;_id&#8221;:&#8221;\/futebol\/copa-do-brasil\/tabela&#8221;,&#8221;_website&#8221;:&#8221;esportes&#8221;,&#8221;name&#8221;:&#8221;Tabela&#8221;,&#8221;inactive&#8221;:false,&#8221;ancestors&#8221;:{&#8220;default&#8221;:[&#8220;https:\/\/esportes.r7.com\/futebol&#8221;,&#8221;\/futebol\/copa-do-brasil&#8221;]},&#8221;parent&#8221;:{&#8220;default&#8221;:&#8221;\/futebol\/copa-do-brasil&#8221;},&#8221;SEO&#8221;:{&#8220;og_image_id&#8221;:null,&#8221;seo_description&#8221;:&#8221;Copa do Brasil com chaveamento atualizado \u00e9 no R7 Esportes! Confira os pr\u00f3ximos jogos, not\u00edcias e muito mais.&#8221;,&#8221;seo_tags&#8221;:[&#8220;Classifica\u00e7\u00e3o&#8221;,&#8221;Tabela&#8221;,&#8221;Copa do Brasil&#8221;,&#8221;R7&#8243;,&#8221;resultados&#8221;,&#8221;jogos&#8221;,&#8221;futebol&#8221;,&#8221;campeonato&#8221;],&#8221;seo_title&#8221;:&#8221;Tabela e jogos | Copa do Brasil 2025 | R7 Esportes&#8221;,&#8221;title_hotsite&#8221;:&#8221;Tabela e jogos | Copa do Brasil 2025 | R7 Esportes&#8221;,&#8221;top_url&#8221;:&#8221;https:\/\/esportes.r7.com\/futebol\/copa-do-brasil\/&#8221;,&#8221;url_og_image&#8221;:null},&#8221;age_rating&#8221;:{&#8220;classificacao_etaria&#8221;:null},&#8221;age_rating_description&#8221;:{&#8220;atos_criminosos&#8221;:&#8221;false&#8221;,&#8221;conteudo_sexual&#8221;:&#8221;false&#8221;,&#8221;drogas&#8221;:&#8221;false&#8221;,&#8221;drogas_ilicitas&#8221;:&#8221;false&#8221;,&#8221;drogas_licitas&#8221;:&#8221;false&#8221;,&#8221;linguagem_impropria&#8221;:&#8221;false&#8221;,&#8221;medo&#8221;:&#8221;false&#8221;,&#8221;nudez&#8221;:&#8221;false&#8221;,&#8221;procedimentos_medicos&#8221;:&#8221;false&#8221;,&#8221;sexo_explicito&#8221;:&#8221;false&#8221;,&#8221;temas_sensiveis&#8221;:&#8221;false&#8221;,&#8221;violencia&#8221;:&#8221;false&#8221;,&#8221;violencia_extrema&#8221;:&#8221;false&#8221;,&#8221;violencia_fantasiosa&#8221;:&#8221;false&#8221;},&#8221;area_logada&#8221;:{&#8220;exclusive_content&#8221;:&#8221;false&#8221;},&#8221;navigation&#8221;:{&#8220;menu_url&#8221;:null,&#8221;nav_title&#8221;:&#8221;Tabela | Copa do Brasil&#8221;},&#8221;newsletter&#8221;:{&#8220;id&#8221;:null},&#8221;publicidade&#8221;:{&#8220;disable_adv&#8221;:&#8221;false&#8221;,&#8221;disable_audima_adv&#8221;:&#8221;false&#8221;,&#8221;disable_taboola&#8221;:&#8221;false&#8221;,&#8221;hash&#8221;:&#8221;r7esportes\/futebol\/copa-do-brasil\/tabela&#8221;},&#8221;site&#8221;:{&#8220;coupon_categories&#8221;:&#8221;departamentos&#8221;,&#8221;disable_refresh&#8221;:&#8221;4&#8243;,&#8221;enable_disclaimer&#8221;:&#8221;false&#8221;,&#8221;pagebuilder_path_for_native_apps&#8221;:null,&#8221;site_about&#8221;:&#8221;Tabela e jogos | Copa do Brasil 2025 | R7 Esportes&#8221;,&#8221;site_description&#8221;:&#8221;Copa do Brasil com chaveamento atualizado \u00e9 no R7 Esportes! Confira os pr\u00f3ximos jogos, not\u00edcias e muito mais.&#8221;,&#8221;site_keywords&#8221;:&#8221;tabela, classifica\u00e7\u00e3o, rodadas, copa do brasil, futebol, r7 esportes, r7&#8243;,&#8221;site_tagline&#8221;:&#8221;Tabela e jogos | Copa do Brasil 2025 | R7 Esportes&#8221;,&#8221;site_title&#8221;:&#8221;Tabela e jogos | Copa do Brasil 2025 | R7 Esportes&#8221;,&#8221;site_url&#8221;:null},&#8221;site_topper&#8221;:{&#8220;section_header_image&#8221;:null,&#8221;section_header_image_id&#8221;:null,&#8221;section_header_image_mobile&#8221;:null,&#8221;section_header_image_mobile_id&#8221;:null,&#8221;section_left_color_top&#8221;:null,&#8221;section_primary_color&#8221;:null,&#8221;section_right_color_top&#8221;:null,&#8221;site_logo_image&#8221;:null},&#8221;social&#8221;:{&#8220;facebook&#8221;:null,&#8221;instagram&#8221;:null,&#8221;kwai&#8221;:null,&#8221;rss&#8221;:null,&#8221;twitter&#8221;:null},&#8221;ultimas&#8221;:{&#8220;tab_ultimas&#8221;:[]},&#8221;is_grouping&#8221;:&#8221;false&#8221;,&#8221;node_type&#8221;:&#8221;section&#8221;,&#8221;children&#8221;:[]}]},{&#8220;_id&#8221;:&#8221;\/futebol\/copa-do-mundo&#8221;,&#8221;_website&#8221;:&#8221;esportes&#8221;,&#8221;name&#8221;:&#8221;Copa do Mundo&#8221;,&#8221;inactive&#8221;:false,&#8221;parent&#8221;:{&#8220;default&#8221;:&#8221;https:\/\/esportes.r7.com\/futebol&#8221;,&#8221;header&#8221;:&#8221;https:\/\/esportes.r7.com\/futebol&#8221;},&#8221;SEO&#8221;:{&#8220;og_image_id&#8221;:&#8221;653308b04b4955fbd1000979&#8243;,&#8221;seo_description&#8221;:&#8221;Acompanhe tudo sobre a Copa do Mundo no Portal R7. Not\u00edcias, fotos e v\u00eddeos dos jogos, est\u00e1dios, sele\u00e7\u00f5es participantes, cobertura ao vivo e mais.&#8221;,&#8221;seo_tags&#8221;:[&#8220;copa do mundo&#8221;,&#8221;copa&#8221;,&#8221;futebol&#8221;,&#8221;r7&#8243;],&#8221;seo_title&#8221;:&#8221;Copa do Mundo \u2013 Jogos, est\u00e1dios, sele\u00e7\u00f5es e mais \u2013 R7 Futebol&#8221;,&#8221;title_hotsite&#8221;:&#8221;R7 Esportes&#8221;,&#8221;top_url&#8221;:&#8221;https:\/\/esportes.r7.com\/&#8221;,&#8221;url_og_image&#8221;:&#8221;https:\/\/cloudfront-us-east-1.images.arcpublishing.com\/newr7\/UJIAHAVOPJATXCX64UZXXLW2FY.jpg&#8221;},&#8221;_admin&#8221;:{&#8220;alias_ids&#8221;:[&#8220;\/futebol\/copa-do-mundo&#8221;]},&#8221;navigation&#8221;:{&#8220;nav_title&#8221;:&#8221;Copa do Mundo&#8221;},&#8221;newsletter&#8221;:{&#8220;id&#8221;:&#8221;68484031b8b9d10001c4f8ba&#8221;},&#8221;site&#8221;:{&#8220;site_description&#8221;:null,&#8221;site_title&#8221;:&#8221;Copa do Mundo&#8221;},&#8221;site_topper&#8221;:{&#8220;section_header_image&#8221;:&#8221;https:\/\/cloudfront-us-east-1.images.arcpublishing.com\/newr7\/CPBTPOA4DBEKFBAHVJ6Z7NRCKE.jpg&#8221;,&#8221;section_header_image_id&#8221;:&#8221;653308244b49551940000133&#8243;,&#8221;section_header_image_mobile&#8221;:&#8221;https:\/\/cloudfront-us-east-1.images.arcpublishing.com\/newr7\/CBJ5BW6XHRHHBJHSBLUBZXHUJQ.jpg&#8221;,&#8221;section_header_image_mobile_id&#8221;:&#8221;6533084f43527fd2d500024d&#8221;,&#8221;section_left_color_top&#8221;:&#8221;#2B8047&#8243;,&#8221;section_primary_color&#8221;:&#8221;#0E8148&#8243;,&#8221;section_right_color_top&#8221;:&#8221;#2B8047&#8243;},&#8221;is_grouping&#8221;:&#8221;false&#8221;,&#8221;node_type&#8221;:&#8221;section&#8221;,&#8221;children&#8221;:[{&#8220;_id&#8221;:&#8221;\/futebol\/copa-do-mundo\/conteudo-exclusivo&#8221;,&#8221;website&#8221;:&#8221;esportes&#8221;,&#8221;name&#8221;:&#8221;Conte\u00fado Exclusivo&#8221;,&#8221;navigation&#8221;:{&#8220;nav_title&#8221;:&#8221;Conte\u00fado Exclusivo&#8221;},&#8221;parent&#8221;:{&#8220;default&#8221;:&#8221;\/futebol\/copa-do-mundo&#8221;,&#8221;header&#8221;:&#8221;\/futebol\/copa-do-mundo&#8221;},&#8221;_admin&#8221;:{&#8220;alias_ids&#8221;:[&#8220;\/futebol\/copa-do-mundo\/conteudo-exclusivo&#8221;]},&#8221;site&#8221;:{&#8220;site_description&#8221;:&#8221;&#8221;,&#8221;site_title&#8221;:&#8221;Conte\u00fado Exclusivo&#8221;},&#8221;inactive&#8221;:false,&#8221;SEO&#8221;:{&#8220;seo_tags&#8221;:[&#8220;conte\u00fado exclusivo&#8221;,&#8221;conte\u00fados&#8221;,&#8221;copa do mundo&#8221;],&#8221;seo_title&#8221;:&#8221;Copa do Mundo 2022: Conte\u00fado Exclusivo &#8211; R7 Futebol&#8221;,&#8221;seo_description&#8221;:&#8221;Assista aos conte\u00fados originais e digitais sobre a Copa do Mundo do Catar 2022 exclusivamente no Portal R7 Futebol. Fique por dentro das novidades aqui!&#8221;,&#8221;title_hotsite&#8221;:&#8221;Copa do mundo 2022&#8243;,&#8221;top_url&#8221;:&#8221;https:\/\/esportes.r7.com\/futebol\/copa-do-mundo&#8221;,&#8221;url_og_image&#8221;:&#8221;https:\/\/img.r7.com\/images\/conexao-catar-08012023201320520&#8243;,&#8221;og_image_id&#8221;:&#8221;63bb4e3aca90848ac7000dad&#8221;},&#8221;site_topper&#8221;:{&#8220;section_header_image&#8221;:&#8221;https:\/\/img.r7.com\/images\/conexao-catar-08012023201259762&#8243;,&#8221;section_header_image_id&#8221;:&#8221;63bb4e2619d2244f5400163b&#8221;,&#8221;section_left_color_top&#8221;:&#8221;#680325&#8243;,&#8221;section_right_color_top&#8221;:&#8221;#680325&#8243;,&#8221;section_primary_color&#8221;:&#8221;#0E8148&#8243;,&#8221;section_header_image_mobile_id&#8221;:&#8221;63bb4e5f4b49553091001aac&#8221;,&#8221;section_header_image_mobile&#8221;:&#8221;https:\/\/img.r7.com\/images\/conexao-catar-08012023201357180&#8243;},&#8221;is_grouping&#8221;:&#8221;false&#8221;,&#8221;_website&#8221;:&#8221;esportes&#8221;,&#8221;node_type&#8221;:&#8221;section&#8221;,&#8221;children&#8221;:[{&#8220;_id&#8221;:&#8221;\/futebol\/copa-do-mundo\/conteudo-exclusivo\/joga-nas-11-conexao-catar&#8221;,&#8221;website&#8221;:&#8221;esportes&#8221;,&#8221;name&#8221;:&#8221;Joga nas 11 \u2013 Conex\u00e3o Catar&#8221;,&#8221;navigation&#8221;:{&#8220;nav_title&#8221;:&#8221;Joga nas 11 \u2013 Conex\u00e3o Catar&#8221;},&#8221;parent&#8221;:{&#8220;default&#8221;:&#8221;\/futebol\/copa-do-mundo\/conteudo-exclusivo&#8221;,&#8221;header&#8221;:&#8221;\/futebol\/copa-do-mundo\/conteudo-exclusivo&#8221;},&#8221;_admin&#8221;:{&#8220;alias_ids&#8221;:[&#8220;\/futebol\/copa-do-mundo\/conteudo-exclusivo\/joga-nas-11-conexao-catar&#8221;]},&#8221;site&#8221;:{&#8220;site_description&#8221;:&#8221;&#8221;,&#8221;site_title&#8221;:&#8221;Joga nas 11 \u2013 Conex\u00e3o Catar&#8221;},&#8221;inactive&#8221;:false,&#8221;SEO&#8221;:{&#8220;seo_tags&#8221;:[&#8220;joga nas 11 conex\u00e3o catar&#8221;,&#8221;conte\u00fados&#8221;,&#8221;copa do mundo&#8221;],&#8221;seo_title&#8221;:&#8221;Copa do Mundo 2022: Joga nas 11 \u2013 Conex\u00e3o Catar &#8211; R7 Futebol&#8221;,&#8221;seo_description&#8221;:&#8221;Ou\u00e7a o Podcast Joga nas 11 &#8211; Conex\u00e3o Catar, com as principais an\u00e1lises da Copa do Mundo 2022 e as \u00faltimas not\u00edcias da campanha do Brasil rumo ao hexa.&#8221;,&#8221;title_hotsite&#8221;:&#8221;Copa do mundo 2022&#8243;,&#8221;top_url&#8221;:&#8221;https:\/\/esportes.r7.com\/futebol\/copa-do-mundo&#8221;,&#8221;url_og_image&#8221;:&#8221;https:\/\/img.r7.com\/images\/conexao-catar-08012023201320520&#8243;,&#8221;og_image_id&#8221;:&#8221;63bb4e3aca90848ac7000dad&#8221;},&#8221;site_topper&#8221;:{&#8220;section_header_image&#8221;:&#8221;https:\/\/img.r7.com\/images\/conexao-catar-08012023201259762&#8243;,&#8221;section_header_image_id&#8221;:&#8221;63bb4e2619d2244f5400163b&#8221;,&#8221;section_left_color_top&#8221;:&#8221;#680325&#8243;,&#8221;section_right_color_top&#8221;:&#8221;#680325&#8243;,&#8221;section_primary_color&#8221;:&#8221;#0E8148&#8243;,&#8221;section_header_image_mobile_id&#8221;:&#8221;63bb4e5f4b49553091001aac&#8221;,&#8221;section_header_image_mobile&#8221;:&#8221;https:\/\/img.r7.com\/images\/conexao-catar-08012023201357180&#8243;},&#8221;is_grouping&#8221;:&#8221;false&#8221;,&#8221;_website&#8221;:&#8221;esportes&#8221;,&#8221;node_type&#8221;:&#8221;section&#8221;,&#8221;children&#8221;:[]},{&#8220;_id&#8221;:&#8221;\/futebol\/copa-do-mundo\/conteudo-exclusivo\/r7-na-copa&#8221;,&#8221;website&#8221;:&#8221;esportes&#8221;,&#8221;name&#8221;:&#8221;R7 na Copa&#8221;,&#8221;navigation&#8221;:{&#8220;nav_title&#8221;:&#8221;R7 na Copa&#8221;},&#8221;parent&#8221;:{&#8220;default&#8221;:&#8221;\/futebol\/copa-do-mundo\/conteudo-exclusivo&#8221;,&#8221;header&#8221;:&#8221;\/futebol\/copa-do-mundo\/conteudo-exclusivo&#8221;},&#8221;_admin&#8221;:{&#8220;alias_ids&#8221;:[&#8220;\/futebol\/copa-do-mundo\/conteudo-exclusivo\/r7-na-copa&#8221;]},&#8221;site&#8221;:{&#8220;site_description&#8221;:&#8221;&#8221;,&#8221;site_title&#8221;:&#8221;R7 na Copa&#8221;},&#8221;inactive&#8221;:false,&#8221;SEO&#8221;:{&#8220;seo_tags&#8221;:[&#8220;r7 na copa&#8221;,&#8221;conte\u00fados&#8221;,&#8221;copa do mundo&#8221;],&#8221;seo_title&#8221;:&#8221;Copa do Mundo 2022: R7 na Copa &#8211; R7 Futebol&#8221;,&#8221;seo_description&#8221;:&#8221;Acompanhe as curiosidades e todas as \u00faltimas not\u00edcias da Copa do Mundo pelo R7 na Copa diretamente do Catar. Fique por dentro das novidades aqui!&#8221;,&#8221;title_hotsite&#8221;:&#8221;Copa do mundo 2022&#8243;,&#8221;top_url&#8221;:&#8221;https:\/\/esportes.r7.com\/futebol\/copa-do-mundo&#8221;,&#8221;url_og_image&#8221;:&#8221;https:\/\/img.r7.com\/images\/conexao-catar-08012023201320520&#8243;,&#8221;og_image_id&#8221;:&#8221;63bb4e3aca90848ac7000dad&#8221;},&#8221;site_topper&#8221;:{&#8220;section_header_image&#8221;:&#8221;https:\/\/img.r7.com\/images\/conexao-catar-08012023201259762&#8243;,&#8221;section_header_image_id&#8221;:&#8221;63bb4e2619d2244f5400163b&#8221;,&#8221;section_left_color_top&#8221;:&#8221;#680325&#8243;,&#8221;section_right_color_top&#8221;:&#8221;#680325&#8243;,&#8221;section_primary_color&#8221;:&#8221;#0E8148&#8243;,&#8221;section_header_image_mobile_id&#8221;:&#8221;63bb4e5f4b49553091001aac&#8221;,&#8221;section_header_image_mobile&#8221;:&#8221;https:\/\/img.r7.com\/images\/conexao-catar-08012023201357180&#8243;},&#8221;is_grouping&#8221;:&#8221;false&#8221;,&#8221;_website&#8221;:&#8221;esportes&#8221;,&#8221;node_type&#8221;:&#8221;section&#8221;,&#8221;children&#8221;:[]}]},{&#8220;_id&#8221;:&#8221;\/futebol\/copa-do-mundo\/cronicas-da-copa&#8221;,&#8221;website&#8221;:&#8221;esportes&#8221;,&#8221;name&#8221;:&#8221;Cr\u00f4nicas da Copa&#8221;,&#8221;navigation&#8221;:{&#8220;nav_title&#8221;:&#8221;Cr\u00f4nicas da Copa&#8221;},&#8221;parent&#8221;:{&#8220;default&#8221;:&#8221;\/futebol\/copa-do-mundo&#8221;,&#8221;header&#8221;:&#8221;\/futebol\/copa-do-mundo&#8221;},&#8221;_admin&#8221;:{&#8220;alias_ids&#8221;:[&#8220;\/futebol\/copa-do-mundo\/cronicas-da-copa&#8221;]},&#8221;site&#8221;:{&#8220;site_description&#8221;:&#8221;&#8221;,&#8221;site_title&#8221;:&#8221;Cr\u00f4nicas da Copa&#8221;},&#8221;inactive&#8221;:false,&#8221;SEO&#8221;:{&#8220;seo_tags&#8221;:[]},&#8221;site_topper&#8221;:{},&#8221;is_grouping&#8221;:&#8221;true&#8221;,&#8221;_website&#8221;:&#8221;esportes&#8221;,&#8221;node_type&#8221;:&#8221;section&#8221;,&#8221;children&#8221;:[]},{&#8220;_id&#8221;:&#8221;\/futebol\/copa-do-mundo\/infograficos&#8221;,&#8221;website&#8221;:&#8221;esportes&#8221;,&#8221;name&#8221;:&#8221;Infogr\u00e1ficos&#8221;,&#8221;navigation&#8221;:{&#8220;nav_title&#8221;:&#8221;Infogr\u00e1ficos&#8221;},&#8221;parent&#8221;:{&#8220;default&#8221;:&#8221;\/futebol\/copa-do-mundo&#8221;,&#8221;header&#8221;:&#8221;\/futebol\/copa-do-mundo&#8221;},&#8221;_admin&#8221;:{&#8220;alias_ids&#8221;:[&#8220;\/futebol\/copa-do-mundo\/infograficos&#8221;]},&#8221;site&#8221;:{&#8220;site_description&#8221;:&#8221;&#8221;,&#8221;site_title&#8221;:&#8221;Infogr\u00e1ficos&#8221;},&#8221;inactive&#8221;:false,&#8221;SEO&#8221;:{&#8220;seo_tags&#8221;:[&#8220;infograficos&#8221;,&#8221;conte\u00fados&#8221;,&#8221;copa do mundo&#8221;],&#8221;seo_title&#8221;:&#8221;Copa do Mundo 2022: Infogr\u00e1ficos &#8211; R7 Futebol&#8221;,&#8221;seo_description&#8221;:&#8221;Entenda mais sobre a Copa do Mundo FIFA 2022 no Catar com os infogr\u00e1ficos de R7 Futebol. An\u00e1lises, guias e informa\u00e7\u00f5es dos jogos de futebol. Confira!&#8221;,&#8221;title_hotsite&#8221;:&#8221;Copa do mundo 2022&#8243;,&#8221;top_url&#8221;:&#8221;https:\/\/esportes.r7.com\/futebol\/copa-do-mundo&#8221;,&#8221;url_og_image&#8221;:&#8221;https:\/\/img.r7.com\/images\/conexao-catar-08012023201320520&#8243;,&#8221;og_image_id&#8221;:&#8221;63bb4e3aca90848ac7000dad&#8221;},&#8221;site_topper&#8221;:{&#8220;section_header_image&#8221;:&#8221;https:\/\/img.r7.com\/images\/conexao-catar-08012023201259762&#8243;,&#8221;section_header_image_id&#8221;:&#8221;63bb4e2619d2244f5400163b&#8221;,&#8221;section_left_color_top&#8221;:&#8221;#680325&#8243;,&#8221;section_right_color_top&#8221;:&#8221;#680325&#8243;,&#8221;section_primary_color&#8221;:&#8221;#0E8148&#8243;,&#8221;section_header_image_mobile_id&#8221;:&#8221;63bb4e5f4b49553091001aac&#8221;,&#8221;section_header_image_mobile&#8221;:&#8221;https:\/\/img.r7.com\/images\/conexao-catar-08012023201357180&#8243;},&#8221;is_grouping&#8221;:&#8221;false&#8221;,&#8221;_website&#8221;:&#8221;esportes&#8221;,&#8221;node_type&#8221;:&#8221;section&#8221;,&#8221;children&#8221;:[]},{&#8220;_id&#8221;:&#8221;\/futebol\/copa-do-mundo\/selecao-brasileira&#8221;,&#8221;website&#8221;:&#8221;esportes&#8221;,&#8221;name&#8221;:&#8221;Sele\u00e7\u00e3o Brasileira&#8221;,&#8221;navigation&#8221;:{&#8220;nav_title&#8221;:&#8221;Sele\u00e7\u00e3o Brasileira&#8221;},&#8221;parent&#8221;:{&#8220;default&#8221;:&#8221;\/futebol\/copa-do-mundo&#8221;,&#8221;header&#8221;:&#8221;\/futebol\/copa-do-mundo&#8221;},&#8221;_admin&#8221;:{&#8220;alias_ids&#8221;:[&#8220;\/futebol\/copa-do-mundo\/selecao-brasileira&#8221;]},&#8221;site&#8221;:{&#8220;site_description&#8221;:&#8221;&#8221;,&#8221;site_title&#8221;:&#8221;Sele\u00e7\u00e3o Brasileira&#8221;},&#8221;inactive&#8221;:false,&#8221;SEO&#8221;:{&#8220;seo_tags&#8221;:[&#8220;sele\u00e7\u00e3o brasileira&#8221;,&#8221;copa do mundo&#8221;,&#8221;novidades&#8221;,&#8221;informa\u00e7\u00f5es&#8221;,&#8221;jogadores&#8221;],&#8221;seo_title&#8221;:&#8221;Copa do Mundo 2022: Sele\u00e7\u00e3o Brasileira &#8211; R7 Futebol&#8221;,&#8221;seo_description&#8221;:&#8221;Acompanhe no Portal R7 as novidades e \u00faltimas not\u00edcias sobre a Sele\u00e7\u00e3o Brasileira de Futebol Masculino na Copa do Mundo 2022 no Qtar.&#8221;,&#8221;title_hotsite&#8221;:&#8221;Copa do mundo 2022&#8243;,&#8221;top_url&#8221;:&#8221;https:\/\/esportes.r7.com\/futebol\/copa-do-mundo&#8221;,&#8221;url_og_image&#8221;:&#8221;https:\/\/img.r7.com\/images\/conexao-catar-08012023201320520&#8243;,&#8221;og_image_id&#8221;:&#8221;63bb4e3aca90848ac7000dad&#8221;},&#8221;site_topper&#8221;:{&#8220;section_header_image&#8221;:&#8221;https:\/\/img.r7.com\/images\/conexao-catar-08012023201259762&#8243;,&#8221;section_header_image_id&#8221;:&#8221;63bb4e2619d2244f5400163b&#8221;,&#8221;section_left_color_top&#8221;:&#8221;#680325&#8243;,&#8221;section_right_color_top&#8221;:&#8221;#680325&#8243;,&#8221;section_primary_color&#8221;:&#8221;#0E8148&#8243;,&#8221;section_header_image_mobile_id&#8221;:&#8221;63bb4e5f4b49553091001aac&#8221;,&#8221;section_header_image_mobile&#8221;:&#8221;https:\/\/img.r7.com\/images\/conexao-catar-08012023201357180&#8243;},&#8221;is_grouping&#8221;:&#8221;false&#8221;,&#8221;_website&#8221;:&#8221;esportes&#8221;,&#8221;node_type&#8221;:&#8221;section&#8221;,&#8221;children&#8221;:[]},{&#8220;_id&#8221;:&#8221;\/futebol\/copa-do-mundo\/simulador&#8221;,&#8221;website&#8221;:&#8221;esportes&#8221;,&#8221;name&#8221;:&#8221;Simulador&#8221;,&#8221;navigation&#8221;:{&#8220;nav_title&#8221;:&#8221;Simulador&#8221;},&#8221;parent&#8221;:{&#8220;default&#8221;:&#8221;\/futebol\/copa-do-mundo&#8221;,&#8221;header&#8221;:&#8221;\/futebol\/copa-do-mundo&#8221;},&#8221;_admin&#8221;:{&#8220;alias_ids&#8221;:[&#8220;\/futebol\/copa-do-mundo\/simulador&#8221;]},&#8221;site&#8221;:{&#8220;site_description&#8221;:&#8221;&#8221;,&#8221;site_title&#8221;:&#8221;Simulador&#8221;},&#8221;inactive&#8221;:false,&#8221;SEO&#8221;:{&#8220;seo_tags&#8221;:[&#8220;simula\u00e7\u00e3o&#8221;,&#8221;simulador de jogos&#8221;,&#8221;resultados&#8221;],&#8221;seo_title&#8221;:&#8221;Copa do Mundo 2022: Simulador de Resultados &#8211; R7 Futebol&#8221;,&#8221;seo_description&#8221;:&#8221;Quer saber quais s\u00e3o as chances das sele\u00e7\u00f5es na Copa do Mundo 2022? Acesse o simulador de resultados dos jogos de futebol no Portal R7 e confira!&#8221;,&#8221;title_hotsite&#8221;:&#8221;Copa do mundo 2022&#8243;,&#8221;top_url&#8221;:&#8221;https:\/\/esportes.r7.com\/futebol\/copa-do-mundo&#8221;,&#8221;url_og_image&#8221;:&#8221;https:\/\/img.r7.com\/images\/conexao-catar-08012023201320520&#8243;,&#8221;og_image_id&#8221;:&#8221;63bb4e3aca90848ac7000dad&#8221;},&#8221;site_topper&#8221;:{&#8220;section_header_image&#8221;:&#8221;https:\/\/img.r7.com\/images\/conexao-catar-08012023201259762&#8243;,&#8221;section_header_image_id&#8221;:&#8221;63bb4e2619d2244f5400163b&#8221;,&#8221;section_left_color_top&#8221;:&#8221;#680325&#8243;,&#8221;section_right_color_top&#8221;:&#8221;#680325&#8243;,&#8221;section_primary_color&#8221;:&#8221;#0E8148&#8243;,&#8221;section_header_image_mobile_id&#8221;:&#8221;63bb4e5f4b49553091001aac&#8221;,&#8221;section_header_image_mobile&#8221;:&#8221;https:\/\/img.r7.com\/images\/conexao-catar-08012023201357180&#8243;},&#8221;is_grouping&#8221;:&#8221;false&#8221;,&#8221;_website&#8221;:&#8221;esportes&#8221;,&#8221;node_type&#8221;:&#8221;section&#8221;,&#8221;children&#8221;:[]},{&#8220;_id&#8221;:&#8221;\/futebol\/copa-do-mundo\/eliminatorias-america-do-sul&#8221;,&#8221;_website&#8221;:&#8221;esportes&#8221;,&#8221;name&#8221;:&#8221;Eliminat\u00f3rias Am\u00e9rica do Sul&#8221;,&#8221;inactive&#8221;:false,&#8221;ancestors&#8221;:{&#8220;default&#8221;:[&#8220;https:\/\/esportes.r7.com\/futebol&#8221;,&#8221;\/futebol\/copa-do-mundo&#8221;]},&#8221;parent&#8221;:{&#8220;default&#8221;:&#8221;\/futebol\/copa-do-mundo&#8221;},&#8221;SEO&#8221;:{&#8220;og_image_id&#8221;:null,&#8221;seo_description&#8221;:&#8221;Tabela | Eliminat\u00f3rias da Copa &#8211; Am\u00e9rica do sul | R7 Esportes&#8221;,&#8221;seo_tags&#8221;:[&#8220;tabela&#8221;,&#8221;eliminat\u00f3rias am\u00e9rica do sul&#8221;,&#8221;eliminat\u00f3rias copa do mundo&#8221;,&#8221;eliminat\u00f3rias&#8221;,&#8221;r7 esportes&#8221;,&#8221;futebol&#8221;,&#8221;classifica\u00e7\u00e3o&#8221;,&#8221;copa do mundo&#8221;,&#8221;r7&#8243;],&#8221;seo_title&#8221;:&#8221;Tabela | Eliminat\u00f3rias da Copa &#8211; Am\u00e9rica do sul | R7 Esportes&#8221;,&#8221;title_hotsite&#8221;:&#8221;Tabela | Eliminat\u00f3rias da Copa &#8211; Am\u00e9rica do sul | R7 Esportes&#8221;,&#8221;top_url&#8221;:null,&#8221;url_og_image&#8221;:null},&#8221;age_rating&#8221;:{&#8220;classificacao_etaria&#8221;:null},&#8221;age_rating_description&#8221;:{&#8220;atos_criminosos&#8221;:&#8221;false&#8221;,&#8221;conteudo_sexual&#8221;:&#8221;false&#8221;,&#8221;drogas&#8221;:&#8221;false&#8221;,&#8221;drogas_ilicitas&#8221;:&#8221;false&#8221;,&#8221;drogas_licitas&#8221;:&#8221;false&#8221;,&#8221;linguagem_impropria&#8221;:&#8221;false&#8221;,&#8221;medo&#8221;:&#8221;false&#8221;,&#8221;nudez&#8221;:&#8221;false&#8221;,&#8221;procedimentos_medicos&#8221;:&#8221;false&#8221;,&#8221;sexo_explicito&#8221;:&#8221;false&#8221;,&#8221;temas_sensiveis&#8221;:&#8221;false&#8221;,&#8221;violencia&#8221;:&#8221;false&#8221;,&#8221;violencia_extrema&#8221;:&#8221;false&#8221;,&#8221;violencia_fantasiosa&#8221;:&#8221;false&#8221;},&#8221;area_logada&#8221;:{&#8220;exclusive_content&#8221;:&#8221;false&#8221;},&#8221;navigation&#8221;:{&#8220;menu_url&#8221;:null,&#8221;nav_title&#8221;:null},&#8221;publicidade&#8221;:{&#8220;disable_adv&#8221;:&#8221;false&#8221;,&#8221;disable_audima_adv&#8221;:&#8221;false&#8221;,&#8221;disable_taboola&#8221;:&#8221;false&#8221;,&#8221;hash&#8221;:&#8221;r7esportes\/futebol\/copadomundo\/eliminatorias&#8221;},&#8221;site&#8221;:{&#8220;coupon_categories&#8221;:&#8221;departamentos&#8221;,&#8221;disable_refresh&#8221;:&#8221;4&#8243;,&#8221;enable_disclaimer&#8221;:&#8221;false&#8221;,&#8221;pagebuilder_path_for_native_apps&#8221;:null,&#8221;site_about&#8221;:&#8221;Tabela | Eliminat\u00f3rias da Copa &#8211; Am\u00e9rica do sul | R7 Esportes&#8221;,&#8221;site_description&#8221;:&#8221;Tabela | Eliminat\u00f3rias da Copa &#8211; Am\u00e9rica do sul | R7 Esportes&#8221;,&#8221;site_keywords&#8221;:&#8221;tabela, eliminat\u00f3rias da am\u00e9rica do sul, eliminat\u00f3rias da copa do mundo, eliminat\u00f3rias, classifica\u00e7\u00e3o, futebol, r7 esportes, r7&#8243;,&#8221;site_tagline&#8221;:&#8221;Tabela | Eliminat\u00f3rias da Copa &#8211; Am\u00e9rica do sul | R7 Esportes&#8221;,&#8221;site_title&#8221;:&#8221;Tabela | Eliminat\u00f3rias da Copa &#8211; Am\u00e9rica do sul | R7 Esportes&#8221;,&#8221;site_url&#8221;:null},&#8221;site_topper&#8221;:{&#8220;section_header_image&#8221;:null,&#8221;section_header_image_id&#8221;:null,&#8221;section_header_image_mobile&#8221;:null,&#8221;section_header_image_mobile_id&#8221;:null,&#8221;section_left_color_top&#8221;:null,&#8221;section_primary_color&#8221;:null,&#8221;section_right_color_top&#8221;:null,&#8221;site_logo_image&#8221;:null},&#8221;social&#8221;:{&#8220;facebook&#8221;:null,&#8221;instagram&#8221;:null,&#8221;kwai&#8221;:null,&#8221;rss&#8221;:null,&#8221;twitter&#8221;:null},&#8221;ultimas&#8221;:{&#8220;tab_ultimas&#8221;:[]},&#8221;is_grouping&#8221;:&#8221;false&#8221;,&#8221;node_type&#8221;:&#8221;section&#8221;,&#8221;children&#8221;:[]}]},{&#8220;_id&#8221;:&#8221;\/futebol\/copa-do-mundo-2014&#8243;,&#8221;website&#8221;:&#8221;esportes&#8221;,&#8221;name&#8221;:&#8221;Copa do Mundo 2014&#8243;,&#8221;navigation&#8221;:{&#8220;nav_title&#8221;:&#8221;Copa do Mundo 2014&#8243;},&#8221;parent&#8221;:{&#8220;default&#8221;:&#8221;https:\/\/esportes.r7.com\/futebol&#8221;,&#8221;header&#8221;:&#8221;https:\/\/esportes.r7.com\/futebol&#8221;},&#8221;_admin&#8221;:{&#8220;alias_ids&#8221;:[&#8220;\/futebol\/copa-do-mundo-2014&#8243;]},&#8221;site&#8221;:{&#8220;site_description&#8221;:&#8221;&#8221;,&#8221;site_title&#8221;:&#8221;Copa do Mundo 2014&#8243;},&#8221;inactive&#8221;:false,&#8221;SEO&#8221;:{&#8220;seo_tags&#8221;:[]},&#8221;site_topper&#8221;:{},&#8221;is_grouping&#8221;:&#8221;false&#8221;,&#8221;_website&#8221;:&#8221;esportes&#8221;,&#8221;node_type&#8221;:&#8221;section&#8221;,&#8221;children&#8221;:[{&#8220;_id&#8221;:&#8221;\/futebol\/copa-do-mundo-2014\/gols-da-copa&#8221;,&#8221;website&#8221;:&#8221;esportes&#8221;,&#8221;name&#8221;:&#8221;Gols da Copa&#8221;,&#8221;navigation&#8221;:{&#8220;nav_title&#8221;:&#8221;Gols da Copa&#8221;},&#8221;parent&#8221;:{&#8220;default&#8221;:&#8221;\/futebol\/copa-do-mundo-2014&#8243;,&#8221;header&#8221;:&#8221;\/futebol\/copa-do-mundo-2014&#8243;},&#8221;_admin&#8221;:{&#8220;alias_ids&#8221;:[&#8220;\/futebol\/copa-do-mundo-2014\/gols-da-copa&#8221;]},&#8221;site&#8221;:{&#8220;site_description&#8221;:&#8221;&#8221;,&#8221;site_title&#8221;:&#8221;Gols da Copa&#8221;},&#8221;inactive&#8221;:false,&#8221;SEO&#8221;:{&#8220;seo_tags&#8221;:[]},&#8221;site_topper&#8221;:{},&#8221;is_grouping&#8221;:&#8221;false&#8221;,&#8221;_website&#8221;:&#8221;esportes&#8221;,&#8221;node_type&#8221;:&#8221;section&#8221;,&#8221;children&#8221;:[]}]},{&#8220;_id&#8221;:&#8221;\/futebol\/copa-do-mundo-feminina&#8221;,&#8221;website&#8221;:&#8221;esportes&#8221;,&#8221;name&#8221;:&#8221;Copa do Mundo Feminina&#8221;,&#8221;navigation&#8221;:{&#8220;nav_title&#8221;:&#8221;Copa do Mundo Feminina&#8221;},&#8221;parent&#8221;:{&#8220;default&#8221;:&#8221;https:\/\/esportes.r7.com\/futebol&#8221;,&#8221;header&#8221;:&#8221;https:\/\/esportes.r7.com\/futebol&#8221;},&#8221;_admin&#8221;:{&#8220;alias_ids&#8221;:[&#8220;\/futebol\/copa-do-mundo-feminina&#8221;]},&#8221;site&#8221;:{&#8220;site_description&#8221;:&#8221;&#8221;,&#8221;site_title&#8221;:&#8221;Copa do Mundo Feminina&#8221;},&#8221;inactive&#8221;:false,&#8221;SEO&#8221;:{&#8220;seo_tags&#8221;:[]},&#8221;site_topper&#8221;:{},&#8221;is_grouping&#8221;:&#8221;true&#8221;,&#8221;_website&#8221;:&#8221;esportes&#8221;,&#8221;node_type&#8221;:&#8221;section&#8221;,&#8221;children&#8221;:[]},{&#8220;_id&#8221;:&#8221;\/futebol\/copa-sao-paulo&#8221;,&#8221;_website&#8221;:&#8221;esportes&#8221;,&#8221;name&#8221;:&#8221;Copa S\u00e3o Paulo&#8221;,&#8221;inactive&#8221;:false,&#8221;parent&#8221;:{&#8220;default&#8221;:&#8221;https:\/\/esportes.r7.com\/futebol&#8221;,&#8221;header&#8221;:&#8221;https:\/\/esportes.r7.com\/futebol&#8221;},&#8221;SEO&#8221;:{&#8220;og_image_id&#8221;:null,&#8221;seo_description&#8221;:&#8221;R7 na Copa S\u00e3o Paulo! Acompanhe os jogos e not\u00edcias da maior competi\u00e7\u00e3o de base do mundo. Tudo sobre a Copinha est\u00e1 aqui. Acesse agora e n\u00e3o perca nada!&#8221;,&#8221;seo_tags&#8221;:[&#8220;Copinha&#8221;,&#8221;Copa S\u00e3o Paulo&#8221;,&#8221;R7&#8243;,&#8221;futebol de base&#8221;,&#8221;not\u00edcias&#8221;,&#8221;jogos&#8221;],&#8221;seo_title&#8221;:&#8221;Copa S\u00e3o Paulo: Not\u00edcias e Cobertura Completa &#8211; R7&#8243;,&#8221;title_hotsite&#8221;:null,&#8221;top_url&#8221;:&#8221;https:\/\/esportes.r7.com\/futebol\/copa-sao-paulo\/&#8221;,&#8221;url_og_image&#8221;:&#8221;https:\/\/cloudfront-us-east-1.images.arcpublishing.com\/newr7\/GOO3WCSBG5B5XMIXKRTV5FD4CM.jpg&#8221;},&#8221;_admin&#8221;:{&#8220;alias_ids&#8221;:[&#8220;\/futebol\/copa-sao-paulo&#8221;]},&#8221;age_rating&#8221;:{&#8220;classificacao_etaria&#8221;:null},&#8221;age_rating_description&#8221;:{&#8220;atos_criminosos&#8221;:&#8221;false&#8221;,&#8221;conteudo_sexual&#8221;:&#8221;false&#8221;,&#8221;drogas&#8221;:&#8221;false&#8221;,&#8221;drogas_ilicitas&#8221;:&#8221;false&#8221;,&#8221;drogas_licitas&#8221;:&#8221;false&#8221;,&#8221;linguagem_impropria&#8221;:&#8221;false&#8221;,&#8221;medo&#8221;:&#8221;false&#8221;,&#8221;nudez&#8221;:&#8221;false&#8221;,&#8221;procedimentos_medicos&#8221;:&#8221;false&#8221;,&#8221;sexo_explicito&#8221;:&#8221;false&#8221;,&#8221;temas_sensiveis&#8221;:&#8221;false&#8221;,&#8221;violencia&#8221;:&#8221;false&#8221;,&#8221;violencia_extrema&#8221;:&#8221;false&#8221;,&#8221;violencia_fantasiosa&#8221;:&#8221;false&#8221;},&#8221;area_logada&#8221;:{&#8220;exclusive_content&#8221;:&#8221;false&#8221;},&#8221;assets&#8221;:{&#8220;cda_ad_player&#8221;:null},&#8221;campanha_branded&#8221;:{&#8220;ativar_background_campanha&#8221;:&#8221;false&#8221;,&#8221;ativar_fonte_campanha&#8221;:&#8221;false&#8221;,&#8221;ativar_logo_campanha&#8221;:&#8221;false&#8221;},&#8221;navigation&#8221;:{&#8220;menu_url&#8221;:&#8221;https:\/\/esportes.r7.com\/futebol\/copa-sao-paulo\/&#8221;,&#8221;nav_title&#8221;:&#8221;Copa S\u00e3o Paulo&#8221;},&#8221;newsletter&#8221;:{&#8220;id&#8221;:null},&#8221;publicidade&#8221;:{&#8220;disable_adv&#8221;:&#8221;false&#8221;,&#8221;disable_audima_adv&#8221;:&#8221;false&#8221;,&#8221;disable_taboola&#8221;:&#8221;false&#8221;,&#8221;hash&#8221;:null},&#8221;site&#8221;:{&#8220;coupon_categories&#8221;:&#8221;departamentos&#8221;,&#8221;disable_refresh&#8221;:&#8221;4&#8243;,&#8221;enable_disclaimer&#8221;:&#8221;false&#8221;,&#8221;pagebuilder_path_for_native_apps&#8221;:null,&#8221;site_about&#8221;:null,&#8221;site_description&#8221;:null,&#8221;site_keywords&#8221;:null,&#8221;site_tagline&#8221;:null,&#8221;site_title&#8221;:&#8221;Copa S\u00e3o Paulo&#8221;,&#8221;site_url&#8221;:null},&#8221;site_topper&#8221;:{&#8220;section_header_image&#8221;:&#8221;https:\/\/cloudfront-us-east-1.images.arcpublishing.com\/newr7\/PA6WRBHCJBDTFO6WZGS4ALUEUE.jpg&#8221;,&#8221;section_header_image_id&#8221;:null,&#8221;section_header_image_mobile&#8221;:&#8221;https:\/\/cloudfront-us-east-1.images.arcpublishing.com\/newr7\/4WU7BQMW5RH3HHT37DCXAHAQJM.jpg&#8221;,&#8221;section_header_image_mobile_id&#8221;:null,&#8221;section_left_color_top&#8221;:&#8221;#F8D821&#8243;,&#8221;section_primary_color&#8221;:&#8221;#0E8148&#8243;,&#8221;section_right_color_top&#8221;:&#8221;#F8D821&#8243;,&#8221;site_logo_image&#8221;:null},&#8221;social&#8221;:{&#8220;bluesky&#8221;:&#8221;https:\/\/bsky.app\/profile\/portal-r7.bsky.social&#8221;,&#8221;facebook&#8221;:&#8221;https:\/\/www.facebook.com\/R7Esportes\/&#8221;,&#8221;instagram&#8221;:&#8221;https:\/\/www.instagram.com\/r7esportes\/&#8221;,&#8221;kwai&#8221;:&#8221;https:\/\/www.kwai.com\/@r7esportes&#8221;,&#8221;rss&#8221;:null,&#8221;threads&#8221;:&#8221;https:\/\/www.threads.com\/@r7esportes&#8221;,&#8221;tiktok&#8221;:&#8221;https:\/\/www.tiktok.com\/@r7esportes&#8221;,&#8221;twitter&#8221;:&#8221;https:\/\/x.com\/r7esportes&#8221;,&#8221;whatsapp&#8221;:&#8221;https:\/\/whatsapp.com\/channel\/0029Va5E3ZJFcow2dQ1Q0y2i&#8221;,&#8221;youtube&#8221;:&#8221;https:\/\/www.youtube.com\/@R7Esporte&#8221;},&#8221;ultimas&#8221;:{&#8220;tab_ultimas&#8221;:[]},&#8221;is_grouping&#8221;:&#8221;false&#8221;,&#8221;node_type&#8221;:&#8221;section&#8221;,&#8221;children&#8221;:[{&#8220;_id&#8221;:&#8221;\/futebol\/copa-sao-paulo\/novidades&#8221;,&#8221;_website&#8221;:&#8221;esportes&#8221;,&#8221;name&#8221;:&#8221;Novidades&#8221;,&#8221;inactive&#8221;:false,&#8221;ancestors&#8221;:{&#8220;default&#8221;:[&#8220;https:\/\/esportes.r7.com\/futebol&#8221;,&#8221;\/futebol\/copa-sao-paulo&#8221;]},&#8221;parent&#8221;:{&#8220;default&#8221;:&#8221;\/futebol\/copa-sao-paulo&#8221;},&#8221;SEO&#8221;:{&#8220;og_image_id&#8221;:null,&#8221;seo_description&#8221;:&#8221;Copa S\u00e3o Paulo no R7! Acompanhe os jogos e a cobertura da maior competi\u00e7\u00e3o de base. Acesse e fique por dentro!&#8221;,&#8221;seo_tags&#8221;:[&#8220;Copa S\u00e3o Paulo&#8221;,&#8221;Copinha&#8221;,&#8221;R7&#8243;,&#8221;futebol de base&#8221;,&#8221;jogos&#8221;,&#8221;cobertura&#8221;],&#8221;seo_title&#8221;:&#8221;Confira as Novidades da Copa S\u00e3o Paulo!&#8221;,&#8221;title_hotsite&#8221;:null,&#8221;top_url&#8221;:&#8221;https:\/\/esportes.r7.com\/futebol\/copa-sao-paulo\/&#8221;,&#8221;url_og_image&#8221;:null},&#8221;age_rating&#8221;:{&#8220;classificacao_etaria&#8221;:null},&#8221;age_rating_description&#8221;:{&#8220;atos_criminosos&#8221;:&#8221;false&#8221;,&#8221;conteudo_sexual&#8221;:&#8221;false&#8221;,&#8221;drogas&#8221;:&#8221;false&#8221;,&#8221;drogas_ilicitas&#8221;:&#8221;false&#8221;,&#8221;drogas_licitas&#8221;:&#8221;false&#8221;,&#8221;linguagem_impropria&#8221;:&#8221;false&#8221;,&#8221;medo&#8221;:&#8221;false&#8221;,&#8221;nudez&#8221;:&#8221;false&#8221;,&#8221;procedimentos_medicos&#8221;:&#8221;false&#8221;,&#8221;sexo_explicito&#8221;:&#8221;false&#8221;,&#8221;temas_sensiveis&#8221;:&#8221;false&#8221;,&#8221;violencia&#8221;:&#8221;false&#8221;,&#8221;violencia_extrema&#8221;:&#8221;false&#8221;,&#8221;violencia_fantasiosa&#8221;:&#8221;false&#8221;},&#8221;area_logada&#8221;:{&#8220;exclusive_content&#8221;:&#8221;false&#8221;},&#8221;navigation&#8221;:{&#8220;menu_url&#8221;:&#8221;https:\/\/esportes.r7.com\/futebol\/copa-sao-paulo\/novidades&#8221;,&#8221;nav_title&#8221;:&#8221;Novidades&#8221;},&#8221;newsletter&#8221;:{&#8220;id&#8221;:null},&#8221;publicidade&#8221;:{&#8220;disable_adv&#8221;:&#8221;false&#8221;,&#8221;disable_audima_adv&#8221;:&#8221;false&#8221;,&#8221;disable_taboola&#8221;:&#8221;false&#8221;,&#8221;hash&#8221;:null},&#8221;site&#8221;:{&#8220;coupon_categories&#8221;:&#8221;departamentos&#8221;,&#8221;disable_refresh&#8221;:&#8221;4&#8243;,&#8221;enable_disclaimer&#8221;:&#8221;false&#8221;,&#8221;pagebuilder_path_for_native_apps&#8221;:null,&#8221;site_about&#8221;:null,&#8221;site_description&#8221;:null,&#8221;site_keywords&#8221;:null,&#8221;site_tagline&#8221;:null,&#8221;site_title&#8221;:null,&#8221;site_url&#8221;:null},&#8221;site_topper&#8221;:{&#8220;section_header_image&#8221;:null,&#8221;section_header_image_id&#8221;:null,&#8221;section_header_image_mobile&#8221;:null,&#8221;section_header_image_mobile_id&#8221;:null,&#8221;section_left_color_top&#8221;:null,&#8221;section_primary_color&#8221;:null,&#8221;section_right_color_top&#8221;:null,&#8221;site_logo_image&#8221;:null},&#8221;social&#8221;:{&#8220;facebook&#8221;:null,&#8221;instagram&#8221;:null,&#8221;kwai&#8221;:null,&#8221;rss&#8221;:null,&#8221;twitter&#8221;:null},&#8221;ultimas&#8221;:{&#8220;tab_ultimas&#8221;:[]},&#8221;is_grouping&#8221;:&#8221;false&#8221;,&#8221;node_type&#8221;:&#8221;section&#8221;,&#8221;children&#8221;:[]},{&#8220;_id&#8221;:&#8221;\/futebol\/copa-sao-paulo\/quizzes&#8221;,&#8221;_website&#8221;:&#8221;esportes&#8221;,&#8221;name&#8221;:&#8221;Quizzes&#8221;,&#8221;inactive&#8221;:false,&#8221;ancestors&#8221;:{&#8220;default&#8221;:[&#8220;https:\/\/esportes.r7.com\/futebol&#8221;,&#8221;\/futebol\/copa-sao-paulo&#8221;]},&#8221;parent&#8221;:{&#8220;default&#8221;:&#8221;\/futebol\/copa-sao-paulo&#8221;},&#8221;SEO&#8221;:{&#8220;og_image_id&#8221;:null,&#8221;seo_description&#8221;:&#8221;Copa S\u00e3o Paulo no R7! Teste seus conhecimentos sobre a Copinha com quizzes e fique por dentro da maior competi\u00e7\u00e3o de base. Acesse j\u00e1!&#8221;,&#8221;seo_tags&#8221;:[&#8220;Copa S\u00e3o Paulo&#8221;,&#8221;Copinha&#8221;,&#8221;R7&#8243;,&#8221;quizzes&#8221;,&#8221;futebol base&#8221;],&#8221;seo_title&#8221;:&#8221;Confira Copa S\u00e3o Paulo: Teste seus conhecimentos com os quizzes!&#8221;,&#8221;title_hotsite&#8221;:null,&#8221;top_url&#8221;:&#8221;https:\/\/esportes.r7.com\/futebol\/copa-sao-paulo\/&#8221;,&#8221;url_og_image&#8221;:null},&#8221;age_rating&#8221;:{&#8220;classificacao_etaria&#8221;:null},&#8221;age_rating_description&#8221;:{&#8220;atos_criminosos&#8221;:&#8221;false&#8221;,&#8221;conteudo_sexual&#8221;:&#8221;false&#8221;,&#8221;drogas&#8221;:&#8221;false&#8221;,&#8221;drogas_ilicitas&#8221;:&#8221;false&#8221;,&#8221;drogas_licitas&#8221;:&#8221;false&#8221;,&#8221;linguagem_impropria&#8221;:&#8221;false&#8221;,&#8221;medo&#8221;:&#8221;false&#8221;,&#8221;nudez&#8221;:&#8221;false&#8221;,&#8221;procedimentos_medicos&#8221;:&#8221;false&#8221;,&#8221;sexo_explicito&#8221;:&#8221;false&#8221;,&#8221;temas_sensiveis&#8221;:&#8221;false&#8221;,&#8221;violencia&#8221;:&#8221;false&#8221;,&#8221;violencia_extrema&#8221;:&#8221;false&#8221;,&#8221;violencia_fantasiosa&#8221;:&#8221;false&#8221;},&#8221;area_logada&#8221;:{&#8220;exclusive_content&#8221;:&#8221;true&#8221;},&#8221;navigation&#8221;:{&#8220;menu_url&#8221;:&#8221;https:\/\/esportes.r7.com\/futebol\/copa-sao-paulo\/quizzes&#8221;,&#8221;nav_title&#8221;:&#8221;Quizzes&#8221;},&#8221;newsletter&#8221;:{&#8220;id&#8221;:null},&#8221;publicidade&#8221;:{&#8220;disable_adv&#8221;:&#8221;false&#8221;,&#8221;disable_audima_adv&#8221;:&#8221;false&#8221;,&#8221;disable_taboola&#8221;:&#8221;false&#8221;,&#8221;hash&#8221;:null},&#8221;site&#8221;:{&#8220;coupon_categories&#8221;:&#8221;departamentos&#8221;,&#8221;disable_refresh&#8221;:&#8221;4&#8243;,&#8221;enable_disclaimer&#8221;:&#8221;false&#8221;,&#8221;pagebuilder_path_for_native_apps&#8221;:null,&#8221;site_about&#8221;:null,&#8221;site_description&#8221;:null,&#8221;site_keywords&#8221;:null,&#8221;site_tagline&#8221;:null,&#8221;site_title&#8221;:null,&#8221;site_url&#8221;:null},&#8221;site_topper&#8221;:{&#8220;section_header_image&#8221;:null,&#8221;section_header_image_id&#8221;:null,&#8221;section_header_image_mobile&#8221;:null,&#8221;section_header_image_mobile_id&#8221;:null,&#8221;section_left_color_top&#8221;:null,&#8221;section_primary_color&#8221;:null,&#8221;section_right_color_top&#8221;:null,&#8221;site_logo_image&#8221;:null},&#8221;social&#8221;:{&#8220;facebook&#8221;:null,&#8221;instagram&#8221;:null,&#8221;kwai&#8221;:null,&#8221;rss&#8221;:null,&#8221;twitter&#8221;:null},&#8221;ultimas&#8221;:{&#8220;tab_ultimas&#8221;:[]},&#8221;is_grouping&#8221;:&#8221;false&#8221;,&#8221;node_type&#8221;:&#8221;section&#8221;,&#8221;children&#8221;:[]},{&#8220;_id&#8221;:&#8221;\/futebol\/copa-sao-paulo\/lance-a-lance&#8221;,&#8221;_website&#8221;:&#8221;esportes&#8221;,&#8221;name&#8221;:&#8221;Lance a Lance&#8221;,&#8221;inactive&#8221;:false,&#8221;ancestors&#8221;:{&#8220;default&#8221;:[&#8220;https:\/\/esportes.r7.com\/futebol&#8221;,&#8221;\/futebol\/copa-sao-paulo&#8221;]},&#8221;parent&#8221;:{&#8220;default&#8221;:&#8221;\/futebol\/copa-sao-paulo&#8221;},&#8221;SEO&#8221;:{&#8220;og_image_id&#8221;:null,&#8221;seo_description&#8221;:&#8221;Copa S\u00e3o Paulo Lance a Lance no R7! Acompanhe os craques do futuro e a cobertura completa da Copinha. Clique e n\u00e3o perca!&#8221;,&#8221;seo_tags&#8221;:[&#8220;Copa SP de Futebol J\u00fanior&#8221;,&#8221;Copinha SP&#8221;,&#8221;Copa SP&#8221;,&#8221;Lance a Lance&#8221;],&#8221;seo_title&#8221;:&#8221;Confira Copa S\u00e3o Paulo Lance a Lance&#8221;,&#8221;title_hotsite&#8221;:null,&#8221;top_url&#8221;:&#8221;https:\/\/esportes.r7.com\/futebol\/copa-sao-paulo\/&#8221;,&#8221;url_og_image&#8221;:null},&#8221;age_rating&#8221;:{&#8220;classificacao_etaria&#8221;:null},&#8221;age_rating_description&#8221;:{&#8220;atos_criminosos&#8221;:&#8221;false&#8221;,&#8221;conteudo_sexual&#8221;:&#8221;false&#8221;,&#8221;drogas&#8221;:&#8221;false&#8221;,&#8221;drogas_ilicitas&#8221;:&#8221;false&#8221;,&#8221;drogas_licitas&#8221;:&#8221;false&#8221;,&#8221;linguagem_impropria&#8221;:&#8221;false&#8221;,&#8221;medo&#8221;:&#8221;false&#8221;,&#8221;nudez&#8221;:&#8221;false&#8221;,&#8221;procedimentos_medicos&#8221;:&#8221;false&#8221;,&#8221;sexo_explicito&#8221;:&#8221;false&#8221;,&#8221;temas_sensiveis&#8221;:&#8221;false&#8221;,&#8221;violencia&#8221;:&#8221;false&#8221;,&#8221;violencia_extrema&#8221;:&#8221;false&#8221;,&#8221;violencia_fantasiosa&#8221;:&#8221;false&#8221;},&#8221;area_logada&#8221;:{&#8220;exclusive_content&#8221;:&#8221;false&#8221;},&#8221;navigation&#8221;:{&#8220;menu_url&#8221;:null,&#8221;nav_title&#8221;:null},&#8221;newsletter&#8221;:{&#8220;id&#8221;:null},&#8221;publicidade&#8221;:{&#8220;disable_adv&#8221;:&#8221;false&#8221;,&#8221;disable_audima_adv&#8221;:&#8221;false&#8221;,&#8221;disable_taboola&#8221;:&#8221;false&#8221;,&#8221;hash&#8221;:null},&#8221;site&#8221;:{&#8220;coupon_categories&#8221;:&#8221;departamentos&#8221;,&#8221;disable_refresh&#8221;:&#8221;4&#8243;,&#8221;enable_disclaimer&#8221;:&#8221;false&#8221;,&#8221;pagebuilder_path_for_native_apps&#8221;:null,&#8221;site_about&#8221;:null,&#8221;site_description&#8221;:null,&#8221;site_keywords&#8221;:null,&#8221;site_tagline&#8221;:null,&#8221;site_title&#8221;:null,&#8221;site_url&#8221;:null},&#8221;site_topper&#8221;:{&#8220;section_header_image&#8221;:null,&#8221;section_header_image_id&#8221;:null,&#8221;section_header_image_mobile&#8221;:null,&#8221;section_header_image_mobile_id&#8221;:null,&#8221;section_left_color_top&#8221;:null,&#8221;section_primary_color&#8221;:null,&#8221;section_right_color_top&#8221;:null,&#8221;site_logo_image&#8221;:null},&#8221;social&#8221;:{&#8220;facebook&#8221;:null,&#8221;instagram&#8221;:null,&#8221;kwai&#8221;:null,&#8221;rss&#8221;:null,&#8221;twitter&#8221;:null},&#8221;ultimas&#8221;:{&#8220;tab_ultimas&#8221;:[]},&#8221;is_grouping&#8221;:&#8221;false&#8221;,&#8221;node_type&#8221;:&#8221;section&#8221;,&#8221;children&#8221;:[]},{&#8220;_id&#8221;:&#8221;\/futebol\/copa-sao-paulo\/ao-vivo-jogo1&#8243;,&#8221;_website&#8221;:&#8221;esportes&#8221;,&#8221;name&#8221;:&#8221;Ao Vivo Jogo1&#8243;,&#8221;inactive&#8221;:false,&#8221;ancestors&#8221;:{&#8220;default&#8221;:[&#8220;https:\/\/esportes.r7.com\/futebol&#8221;,&#8221;\/futebol\/copa-sao-paulo&#8221;]},&#8221;parent&#8221;:{&#8220;default&#8221;:&#8221;\/futebol\/copa-sao-paulo&#8221;},&#8221;SEO&#8221;:{&#8220;og_image_id&#8221;:null,&#8221;seo_description&#8221;:&#8221;Assista Cruzeiro x S\u00e3o Paulo ao vivo e de gra\u00e7a! \u00c9 Domingo (25), \u00e0s 11h00 pelas quartas de final da Copa S\u00e3o Paulo de Futebol J\u00fanior. Quem vencer\u00e1? Voc\u00ea vai descobrir, ao vivo, aqui no R7 pela Record News e no RecordPlus, com pr\u00e9-jogo a partir das 10h10&#8243;,&#8221;seo_tags&#8221;:[&#8220;copa s\u00e3o paulo de futebol junior&#8221;,&#8221;copinha sp&#8221;,&#8221;copa sp&#8221;,&#8221;record ao vivo&#8221;,&#8221;gratis&#8221;,&#8221;gr\u00e1tis&#8221;,&#8221;ao vivo com imagens&#8221;,&#8221;r7 esportes&#8221;,&#8221;assista ao vivo&#8221;,&#8221;assista&#8221;],&#8221;seo_title&#8221;:&#8221;Cruzeiro x S\u00e3o Paulo | Ao vivo com imagens Copa S\u00e3o Paulo de Futebol J\u00fanior | R7 Esportes&#8221;,&#8221;title_hotsite&#8221;:null,&#8221;top_url&#8221;:&#8221;https:\/\/esportes.r7.com\/futebol\/copa-sao-paulo\/&#8221;,&#8221;url_og_image&#8221;:&#8221;https:\/\/cloudfront-us-east-1.images.arcpublishing.com\/newr7\/CSPFEHDGHVERLDDOHXPYENCLUI.jpg&#8221;},&#8221;_admin&#8221;:{&#8220;alias_ids&#8221;:[&#8220;\/futebol\/copa-sao-paulo\/ao-vivo-jogo1&#8243;]},&#8221;age_rating&#8221;:{&#8220;classificacao_etaria&#8221;:null},&#8221;age_rating_description&#8221;:{&#8220;atos_criminosos&#8221;:&#8221;false&#8221;,&#8221;conteudo_sexual&#8221;:&#8221;false&#8221;,&#8221;drogas&#8221;:&#8221;false&#8221;,&#8221;drogas_ilicitas&#8221;:&#8221;false&#8221;,&#8221;drogas_licitas&#8221;:&#8221;false&#8221;,&#8221;linguagem_impropria&#8221;:&#8221;false&#8221;,&#8221;medo&#8221;:&#8221;false&#8221;,&#8221;nudez&#8221;:&#8221;false&#8221;,&#8221;procedimentos_medicos&#8221;:&#8221;false&#8221;,&#8221;sexo_explicito&#8221;:&#8221;false&#8221;,&#8221;temas_sensiveis&#8221;:&#8221;false&#8221;,&#8221;violencia&#8221;:&#8221;false&#8221;,&#8221;violencia_extrema&#8221;:&#8221;false&#8221;,&#8221;violencia_fantasiosa&#8221;:&#8221;false&#8221;},&#8221;area_logada&#8221;:{&#8220;exclusive_content&#8221;:&#8221;true&#8221;},&#8221;navigation&#8221;:{&#8220;menu_url&#8221;:null,&#8221;nav_title&#8221;:null},&#8221;newsletter&#8221;:{&#8220;id&#8221;:null},&#8221;publicidade&#8221;:{&#8220;disable_adv&#8221;:&#8221;false&#8221;,&#8221;disable_audima_adv&#8221;:&#8221;false&#8221;,&#8221;disable_taboola&#8221;:&#8221;false&#8221;,&#8221;hash&#8221;:null},&#8221;site&#8221;:{&#8220;coupon_categories&#8221;:&#8221;departamentos&#8221;,&#8221;disable_refresh&#8221;:&#8221;4&#8243;,&#8221;enable_disclaimer&#8221;:&#8221;false&#8221;,&#8221;pagebuilder_path_for_native_apps&#8221;:null,&#8221;site_about&#8221;:null,&#8221;site_description&#8221;:null,&#8221;site_keywords&#8221;:null,&#8221;site_tagline&#8221;:null,&#8221;site_title&#8221;:null,&#8221;site_url&#8221;:null},&#8221;site_topper&#8221;:{&#8220;section_header_image&#8221;:null,&#8221;section_header_image_id&#8221;:null,&#8221;section_header_image_mobile&#8221;:null,&#8221;section_header_image_mobile_id&#8221;:null,&#8221;section_left_color_top&#8221;:null,&#8221;section_primary_color&#8221;:null,&#8221;section_right_color_top&#8221;:null,&#8221;site_logo_image&#8221;:null},&#8221;social&#8221;:{&#8220;facebook&#8221;:null,&#8221;instagram&#8221;:null,&#8221;kwai&#8221;:null,&#8221;rss&#8221;:null,&#8221;twitter&#8221;:null},&#8221;ultimas&#8221;:{&#8220;tab_ultimas&#8221;:[]},&#8221;is_grouping&#8221;:&#8221;false&#8221;,&#8221;node_type&#8221;:&#8221;section&#8221;,&#8221;children&#8221;:[]},{&#8220;_id&#8221;:&#8221;\/futebol\/copa-sao-paulo\/ao-vivo-jogo2&#8243;,&#8221;_website&#8221;:&#8221;esportes&#8221;,&#8221;name&#8221;:&#8221;Ao Vivo Jogo2&#8243;,&#8221;inactive&#8221;:false,&#8221;ancestors&#8221;:{&#8220;default&#8221;:[&#8220;https:\/\/esportes.r7.com\/futebol&#8221;,&#8221;\/futebol\/copa-sao-paulo&#8221;]},&#8221;parent&#8221;:{&#8220;default&#8221;:&#8221;\/futebol\/copa-sao-paulo&#8221;},&#8221;SEO&#8221;:{&#8220;og_image_id&#8221;:null,&#8221;seo_description&#8221;:&#8221;Assista Ferrovi\u00e1ria e Cuiab\u00e1 ao vivo e de gra\u00e7a! \u00c9 S\u00e1bado (10), \u00e0s 15h00 pela primeira fase da Copa S\u00e3o Paulo de Futebol J\u00fanior. Quem vencer\u00e1? Voc\u00ea vai descobrir, ao vivo, aqui no R7 pela Record News, com pr\u00e9-jogo a partir das 14h45&#8243;,&#8221;seo_tags&#8221;:[&#8220;copa sp de futebol junior&#8221;,&#8221;copa sp&#8221;,&#8221;copinha sp&#8221;,&#8221; ao vivo com imagens&#8221;,&#8221;record ao vivo&#8221;,&#8221;assista ao vivo&#8221;,&#8221;gratis&#8221;,&#8221;gr\u00e1tis&#8221;,&#8221;r7 esportes&#8221;,&#8221;assista&#8221;,&#8221;Ferrovi\u00e1ria&#8221;,&#8221;Cuiab\u00e1&#8221;],&#8221;seo_title&#8221;:&#8221;Ferrovi\u00e1ria x Cuiab\u00e1 | Ao vivo com imagens Copa S\u00e3o Paulo de Futebol J\u00fanior | R7 Esportes&#8221;,&#8221;title_hotsite&#8221;:&#8221;Ferrovi\u00e1ria x Cuiab\u00e1 | Ao vivo com imagens Copa S\u00e3o Paulo de Futebol J\u00fanior | R7 Esportes&#8221;,&#8221;top_url&#8221;:&#8221;https:\/\/esportes.r7.com\/futebol\/copa-sao-paulo\/&#8221;,&#8221;url_og_image&#8221;:&#8221;https:\/\/cloudfront-us-east-1.images.arcpublishing.com\/newr7\/CSPFEHDGHVERLDDOHXPYENCLUI.jpg&#8221;},&#8221;_admin&#8221;:{&#8220;alias_ids&#8221;:[&#8220;\/futebol\/copa-sao-paulo\/ao-vivo-jogo2&#8243;]},&#8221;age_rating&#8221;:{&#8220;classificacao_etaria&#8221;:null},&#8221;age_rating_description&#8221;:{&#8220;atos_criminosos&#8221;:&#8221;false&#8221;,&#8221;conteudo_sexual&#8221;:&#8221;false&#8221;,&#8221;drogas&#8221;:&#8221;false&#8221;,&#8221;drogas_ilicitas&#8221;:&#8221;false&#8221;,&#8221;drogas_licitas&#8221;:&#8221;false&#8221;,&#8221;linguagem_impropria&#8221;:&#8221;false&#8221;,&#8221;medo&#8221;:&#8221;false&#8221;,&#8221;nudez&#8221;:&#8221;false&#8221;,&#8221;procedimentos_medicos&#8221;:&#8221;false&#8221;,&#8221;sexo_explicito&#8221;:&#8221;false&#8221;,&#8221;temas_sensiveis&#8221;:&#8221;false&#8221;,&#8221;violencia&#8221;:&#8221;false&#8221;,&#8221;violencia_extrema&#8221;:&#8221;false&#8221;,&#8221;violencia_fantasiosa&#8221;:&#8221;false&#8221;},&#8221;area_logada&#8221;:{&#8220;exclusive_content&#8221;:&#8221;true&#8221;},&#8221;navigation&#8221;:{&#8220;menu_url&#8221;:null,&#8221;nav_title&#8221;:null},&#8221;newsletter&#8221;:{&#8220;id&#8221;:null},&#8221;publicidade&#8221;:{&#8220;disable_adv&#8221;:&#8221;false&#8221;,&#8221;disable_audima_adv&#8221;:&#8221;false&#8221;,&#8221;disable_taboola&#8221;:&#8221;false&#8221;,&#8221;hash&#8221;:null},&#8221;site&#8221;:{&#8220;coupon_categories&#8221;:&#8221;departamentos&#8221;,&#8221;disable_refresh&#8221;:&#8221;4&#8243;,&#8221;enable_disclaimer&#8221;:&#8221;false&#8221;,&#8221;pagebuilder_path_for_native_apps&#8221;:null,&#8221;site_about&#8221;:&#8221;Ferrovi\u00e1ria x Cuiab\u00e1 | Ao vivo com imagens Copa S\u00e3o Paulo de Futebol J\u00fanior | R7 Esportes&#8221;,&#8221;site_description&#8221;:&#8221;Assista Ferrovi\u00e1ria e Cuiab\u00e1 ao vivo e de gra\u00e7a! \u00c9 S\u00e1bado (10), \u00e0s 15h00 pela primeira fase da Copa S\u00e3o Paulo de Futebol J\u00fanior. Quem vencer\u00e1? Voc\u00ea vai descobrir, ao vivo, aqui no R7 pela Record News, com pr\u00e9-jogo a partir das 14h45&#8243;,&#8221;site_keywords&#8221;:&#8221;Ferrovi\u00e1ria, Cuiab\u00e1, copinha, copa sp, record ao vivo, copa sp de futebol junior, ao vivo com imagens, assista, assista ao vivo, gr\u00e1tis, gratis, r7 esportes&#8221;,&#8221;site_tagline&#8221;:&#8221;Ferrovi\u00e1ria x Cuiab\u00e1 | Ao vivo com imagens Copa S\u00e3o Paulo de Futebol J\u00fanior | R7 Esportes&#8221;,&#8221;site_title&#8221;:&#8221;Ferrovi\u00e1ria x Cuiab\u00e1 | Ao vivo com imagens Copa S\u00e3o Paulo de Futebol J\u00fanior | R7 Esportes&#8221;,&#8221;site_url&#8221;:null},&#8221;site_topper&#8221;:{&#8220;section_header_image&#8221;:null,&#8221;section_header_image_id&#8221;:null,&#8221;section_header_image_mobile&#8221;:null,&#8221;section_header_image_mobile_id&#8221;:null,&#8221;section_left_color_top&#8221;:null,&#8221;section_primary_color&#8221;:null,&#8221;section_right_color_top&#8221;:null,&#8221;site_logo_image&#8221;:null},&#8221;social&#8221;:{&#8220;facebook&#8221;:null,&#8221;instagram&#8221;:null,&#8221;kwai&#8221;:null,&#8221;rss&#8221;:null,&#8221;twitter&#8221;:null},&#8221;ultimas&#8221;:{&#8220;tab_ultimas&#8221;:[]},&#8221;is_grouping&#8221;:&#8221;false&#8221;,&#8221;node_type&#8221;:&#8221;section&#8221;,&#8221;children&#8221;:[]},{&#8220;_id&#8221;:&#8221;\/futebol\/copa-sao-paulo\/tabela&#8221;,&#8221;_website&#8221;:&#8221;esportes&#8221;,&#8221;name&#8221;:&#8221;Tabela&#8221;,&#8221;inactive&#8221;:false,&#8221;ancestors&#8221;:{&#8220;default&#8221;:[&#8220;https:\/\/esportes.r7.com\/futebol&#8221;,&#8221;\/futebol\/copa-sao-paulo&#8221;]},&#8221;parent&#8221;:{&#8220;default&#8221;:&#8221;\/futebol\/copa-sao-paulo&#8221;},&#8221;SEO&#8221;:{&#8220;og_image_id&#8221;:null,&#8221;seo_description&#8221;:&#8221;Copinha SP com tabela de classifica\u00e7\u00e3o atualizada \u00e9 no R7 Esportes! Confira os pr\u00f3ximos jogos, not\u00edcias e muito mais.&#8221;,&#8221;seo_tags&#8221;:[&#8220;copinha sp&#8221;,&#8221;copa sp&#8221;,&#8221;futebol&#8221;,&#8221;r7 esportes&#8221;],&#8221;seo_title&#8221;:&#8221;Tabela e jogos | Copinha SP&#8221;,&#8221;title_hotsite&#8221;:&#8221;Tabela e jogos | Copinha SP&#8221;,&#8221;top_url&#8221;:null,&#8221;url_og_image&#8221;:null},&#8221;age_rating&#8221;:{&#8220;classificacao_etaria&#8221;:null},&#8221;age_rating_description&#8221;:{&#8220;atos_criminosos&#8221;:&#8221;false&#8221;,&#8221;conteudo_sexual&#8221;:&#8221;false&#8221;,&#8221;drogas&#8221;:&#8221;false&#8221;,&#8221;drogas_ilicitas&#8221;:&#8221;false&#8221;,&#8221;drogas_licitas&#8221;:&#8221;false&#8221;,&#8221;linguagem_impropria&#8221;:&#8221;false&#8221;,&#8221;medo&#8221;:&#8221;false&#8221;,&#8221;nudez&#8221;:&#8221;false&#8221;,&#8221;procedimentos_medicos&#8221;:&#8221;false&#8221;,&#8221;sexo_explicito&#8221;:&#8221;false&#8221;,&#8221;temas_sensiveis&#8221;:&#8221;false&#8221;,&#8221;violencia&#8221;:&#8221;false&#8221;,&#8221;violencia_extrema&#8221;:&#8221;false&#8221;,&#8221;violencia_fantasiosa&#8221;:&#8221;false&#8221;},&#8221;area_logada&#8221;:{&#8220;exclusive_content&#8221;:&#8221;false&#8221;},&#8221;navigation&#8221;:{&#8220;menu_url&#8221;:null,&#8221;nav_title&#8221;:null},&#8221;newsletter&#8221;:{&#8220;id&#8221;:null},&#8221;publicidade&#8221;:{&#8220;disable_adv&#8221;:&#8221;false&#8221;,&#8221;disable_audima_adv&#8221;:&#8221;false&#8221;,&#8221;disable_taboola&#8221;:&#8221;false&#8221;,&#8221;hash&#8221;:null},&#8221;site&#8221;:{&#8220;coupon_categories&#8221;:&#8221;departamentos&#8221;,&#8221;disable_refresh&#8221;:&#8221;4&#8243;,&#8221;enable_disclaimer&#8221;:&#8221;false&#8221;,&#8221;pagebuilder_path_for_native_apps&#8221;:null,&#8221;site_about&#8221;:&#8221;Tabela e jogos | Copinha SP&#8221;,&#8221;site_description&#8221;:&#8221;Copinha SP com tabela de classifica\u00e7\u00e3o atualizada \u00e9 no R7 Esportes! Confira os pr\u00f3ximos jogos, not\u00edcias e muito mais.&#8221;,&#8221;site_keywords&#8221;:&#8221;copinha sp, copa sp, esportes, futebol&#8221;,&#8221;site_tagline&#8221;:&#8221;Tabela e jogos | Copinha SP&#8221;,&#8221;site_title&#8221;:&#8221;Tabela e jogos | Copinha SP&#8221;,&#8221;site_url&#8221;:null},&#8221;site_topper&#8221;:{&#8220;section_header_image&#8221;:null,&#8221;section_header_image_id&#8221;:null,&#8221;section_header_image_mobile&#8221;:null,&#8221;section_header_image_mobile_id&#8221;:null,&#8221;section_left_color_top&#8221;:null,&#8221;section_primary_color&#8221;:null,&#8221;section_right_color_top&#8221;:null,&#8221;site_logo_image&#8221;:null},&#8221;social&#8221;:{&#8220;facebook&#8221;:null,&#8221;instagram&#8221;:null,&#8221;kwai&#8221;:null,&#8221;rss&#8221;:null,&#8221;twitter&#8221;:null},&#8221;ultimas&#8221;:{&#8220;tab_ultimas&#8221;:[]},&#8221;is_grouping&#8221;:&#8221;false&#8221;,&#8221;node_type&#8221;:&#8221;section&#8221;,&#8221;children&#8221;:[]}]},{&#8220;_id&#8221;:&#8221;\/futebol\/corinthians-campeao-2017&#8243;,&#8221;website&#8221;:&#8221;esportes&#8221;,&#8221;name&#8221;:&#8221;Corinthians campe\u00e3o 2017&#8243;,&#8221;navigation&#8221;:{&#8220;nav_title&#8221;:&#8221;Corinthians campe\u00e3o 2017&#8243;},&#8221;parent&#8221;:{&#8220;default&#8221;:&#8221;https:\/\/esportes.r7.com\/futebol&#8221;,&#8221;header&#8221;:&#8221;https:\/\/esportes.r7.com\/futebol&#8221;},&#8221;_admin&#8221;:{&#8220;alias_ids&#8221;:[&#8220;\/futebol\/corinthians-campeao-2017&#8243;]},&#8221;site&#8221;:{&#8220;site_description&#8221;:&#8221;&#8221;,&#8221;site_title&#8221;:&#8221;Corinthians campe\u00e3o 2017&#8243;},&#8221;inactive&#8221;:false,&#8221;SEO&#8221;:{&#8220;seo_tags&#8221;:[]},&#8221;site_topper&#8221;:{},&#8221;is_grouping&#8221;:&#8221;true&#8221;,&#8221;_website&#8221;:&#8221;esportes&#8221;,&#8221;node_type&#8221;:&#8221;section&#8221;,&#8221;children&#8221;:[]},{&#8220;_id&#8221;:&#8221;\/futebol\/corrupcao-na-fifa&#8221;,&#8221;website&#8221;:&#8221;esportes&#8221;,&#8221;name&#8221;:&#8221;Corrup\u00e7\u00e3o na Fifa&#8221;,&#8221;navigation&#8221;:{&#8220;nav_title&#8221;:&#8221;Corrup\u00e7\u00e3o na Fifa&#8221;},&#8221;parent&#8221;:{&#8220;default&#8221;:&#8221;https:\/\/esportes.r7.com\/futebol&#8221;,&#8221;header&#8221;:&#8221;https:\/\/esportes.r7.com\/futebol&#8221;},&#8221;_admin&#8221;:{&#8220;alias_ids&#8221;:[&#8220;\/futebol\/corrupcao-na-fifa&#8221;]},&#8221;site&#8221;:{&#8220;site_description&#8221;:&#8221;&#8221;,&#8221;site_title&#8221;:&#8221;Corrup\u00e7\u00e3o na Fifa&#8221;},&#8221;inactive&#8221;:false,&#8221;SEO&#8221;:{&#8220;seo_tags&#8221;:[]},&#8221;site_topper&#8221;:{},&#8221;is_grouping&#8221;:&#8221;true&#8221;,&#8221;_website&#8221;:&#8221;esportes&#8221;,&#8221;node_type&#8221;:&#8221;section&#8221;,&#8221;children&#8221;:[]},{&#8220;_id&#8221;:&#8221;\/futebol\/el-camino-rubro-negro&#8221;,&#8221;website&#8221;:&#8221;esportes&#8221;,&#8221;name&#8221;:&#8221;El Camino Rubro-negro&#8221;,&#8221;navigation&#8221;:{&#8220;nav_title&#8221;:&#8221;El Camino Rubro-negro&#8221;},&#8221;parent&#8221;:{&#8220;default&#8221;:&#8221;https:\/\/esportes.r7.com\/futebol&#8221;,&#8221;header&#8221;:&#8221;https:\/\/esportes.r7.com\/futebol&#8221;},&#8221;_admin&#8221;:{&#8220;alias_ids&#8221;:[&#8220;\/futebol\/el-camino-rubro-negro&#8221;]},&#8221;site&#8221;:{&#8220;site_description&#8221;:&#8221;&#8221;,&#8221;site_title&#8221;:&#8221;El Camino Rubro-negro&#8221;},&#8221;inactive&#8221;:false,&#8221;SEO&#8221;:{&#8220;seo_tags&#8221;:[]},&#8221;site_topper&#8221;:{},&#8221;is_grouping&#8221;:&#8221;true&#8221;,&#8221;_website&#8221;:&#8221;esportes&#8221;,&#8221;node_type&#8221;:&#8221;section&#8221;,&#8221;children&#8221;:[]},{&#8220;_id&#8221;:&#8221;\/futebol\/eleicao-no-corinthians&#8221;,&#8221;website&#8221;:&#8221;esportes&#8221;,&#8221;name&#8221;:&#8221;Elei\u00e7\u00e3o no Corinthians&#8221;,&#8221;navigation&#8221;:{&#8220;nav_title&#8221;:&#8221;Elei\u00e7\u00e3o no Corinthians&#8221;},&#8221;parent&#8221;:{&#8220;default&#8221;:&#8221;https:\/\/esportes.r7.com\/futebol&#8221;,&#8221;header&#8221;:&#8221;https:\/\/esportes.r7.com\/futebol&#8221;},&#8221;_admin&#8221;:{&#8220;alias_ids&#8221;:[&#8220;\/futebol\/eleicao-no-corinthians&#8221;]},&#8221;site&#8221;:{&#8220;site_description&#8221;:&#8221;&#8221;,&#8221;site_title&#8221;:&#8221;Elei\u00e7\u00e3o no Corinthians&#8221;},&#8221;inactive&#8221;:false,&#8221;SEO&#8221;:{&#8220;seo_tags&#8221;:[]},&#8221;site_topper&#8221;:{},&#8221;is_grouping&#8221;:&#8221;true&#8221;,&#8221;_website&#8221;:&#8221;esportes&#8221;,&#8221;node_type&#8221;:&#8221;section&#8221;,&#8221;children&#8221;:[]},{&#8220;_id&#8221;:&#8221;\/futebol\/eliminatorias-da-copa&#8221;,&#8221;_website&#8221;:&#8221;esportes&#8221;,&#8221;name&#8221;:&#8221;Eliminat\u00f3rias da Copa&#8221;,&#8221;inactive&#8221;:false,&#8221;parent&#8221;:{&#8220;default&#8221;:&#8221;https:\/\/esportes.r7.com\/futebol&#8221;,&#8221;header&#8221;:&#8221;https:\/\/esportes.r7.com\/futebol&#8221;},&#8221;SEO&#8221;:{&#8220;og_image_id&#8221;:null,&#8221;seo_description&#8221;:&#8221;Confira resultados, pr\u00f3ximos jogos, tabela de classifica\u00e7\u00e3o completa, v\u00eddeos e as \u00faltimas not\u00edciasdas Eliminat\u00f3rias da Copa | 2025 | no R7 Esportes&#8221;,&#8221;seo_tags&#8221;:[&#8220;copa do mundo&#8221;,&#8221;resultados&#8221;,&#8221;jogos&#8221;,&#8221;tabela&#8221;,&#8221;america do sul&#8221;,&#8221;eliminatorias da copa&#8221;],&#8221;seo_title&#8221;:&#8221;Tabela, not\u00edcias e resultados | Eliminat\u00f3rias da Copa | 2025 | R7&#8243;,&#8221;title_hotsite&#8221;:&#8221;Tabela, not\u00edcias e resultados | Eliminat\u00f3rias da Copa | 2025 | R7&#8243;,&#8221;top_url&#8221;:null,&#8221;url_og_image&#8221;:null},&#8221;_admin&#8221;:{&#8220;alias_ids&#8221;:[&#8220;\/futebol\/eliminatorias-da-copa&#8221;]},&#8221;age_rating&#8221;:{&#8220;classificacao_etaria&#8221;:null},&#8221;age_rating_description&#8221;:{&#8220;atos_criminosos&#8221;:&#8221;false&#8221;,&#8221;conteudo_sexual&#8221;:&#8221;false&#8221;,&#8221;drogas&#8221;:&#8221;false&#8221;,&#8221;drogas_ilicitas&#8221;:&#8221;false&#8221;,&#8221;drogas_licitas&#8221;:&#8221;false&#8221;,&#8221;linguagem_impropria&#8221;:&#8221;false&#8221;,&#8221;medo&#8221;:&#8221;false&#8221;,&#8221;nudez&#8221;:&#8221;false&#8221;,&#8221;procedimentos_medicos&#8221;:&#8221;false&#8221;,&#8221;sexo_explicito&#8221;:&#8221;false&#8221;,&#8221;temas_sensiveis&#8221;:&#8221;false&#8221;,&#8221;violencia&#8221;:&#8221;false&#8221;,&#8221;violencia_extrema&#8221;:&#8221;false&#8221;,&#8221;violencia_fantasiosa&#8221;:&#8221;false&#8221;},&#8221;area_logada&#8221;:{&#8220;exclusive_content&#8221;:&#8221;false&#8221;},&#8221;assets&#8221;:{&#8220;cda_ad_player&#8221;:null},&#8221;campanha_branded&#8221;:{&#8220;ativar_background_campanha&#8221;:&#8221;false&#8221;,&#8221;ativar_fonte_campanha&#8221;:&#8221;false&#8221;,&#8221;ativar_logo_campanha&#8221;:&#8221;false&#8221;},&#8221;navigation&#8221;:{&#8220;menu_url&#8221;:null,&#8221;nav_title&#8221;:&#8221;Eliminat\u00f3rias da Copa&#8221;},&#8221;newsletter&#8221;:{&#8220;id&#8221;:&#8221;68484031b8b9d10001c4f8ba&#8221;},&#8221;publicidade&#8221;:{&#8220;disable_adv&#8221;:&#8221;false&#8221;,&#8221;disable_audima_adv&#8221;:&#8221;false&#8221;,&#8221;disable_taboola&#8221;:&#8221;false&#8221;,&#8221;hash&#8221;:null},&#8221;site&#8221;:{&#8220;coupon_categories&#8221;:&#8221;departamentos&#8221;,&#8221;disable_refresh&#8221;:&#8221;4&#8243;,&#8221;enable_disclaimer&#8221;:&#8221;false&#8221;,&#8221;pagebuilder_path_for_native_apps&#8221;:null,&#8221;site_about&#8221;:&#8221;Tabela, not\u00edcias e resultados | Eliminat\u00f3rias da Copa | 2025 | R7&#8243;,&#8221;site_description&#8221;:&#8221;Confira resultados, pr\u00f3ximos jogos, tabela de classifica\u00e7\u00e3o completa, v\u00eddeos e as \u00faltimas not\u00edciasdas Eliminat\u00f3rias da Copa | 2025 | no R7 Esportes&#8221;,&#8221;site_keywords&#8221;:&#8221;eliminatorias da copa, america do sul, tabela, resultados, jogos, copa do mundo&#8221;,&#8221;site_tagline&#8221;:&#8221;Tabela, not\u00edcias e resultados | Eliminat\u00f3rias da Copa | 2025 | R7&#8243;,&#8221;site_title&#8221;:&#8221;Tabela, not\u00edcias e resultados | Eliminat\u00f3rias da Copa | 2025 | R7&#8243;,&#8221;site_url&#8221;:null},&#8221;site_topper&#8221;:{&#8220;section_header_image&#8221;:null,&#8221;section_header_image_id&#8221;:null,&#8221;section_header_image_mobile&#8221;:null,&#8221;section_header_image_mobile_id&#8221;:null,&#8221;section_left_color_top&#8221;:null,&#8221;section_primary_color&#8221;:null,&#8221;section_right_color_top&#8221;:null,&#8221;site_logo_image&#8221;:null},&#8221;social&#8221;:{&#8220;bluesky&#8221;:null,&#8221;facebook&#8221;:null,&#8221;instagram&#8221;:null,&#8221;kwai&#8221;:null,&#8221;rss&#8221;:null,&#8221;threads&#8221;:null,&#8221;tiktok&#8221;:null,&#8221;twitter&#8221;:null,&#8221;whatsapp&#8221;:null,&#8221;youtube&#8221;:null},&#8221;ultimas&#8221;:{&#8220;tab_ultimas&#8221;:[]},&#8221;is_grouping&#8221;:&#8221;false&#8221;,&#8221;node_type&#8221;:&#8221;section&#8221;,&#8221;children&#8221;:[{&#8220;_id&#8221;:&#8221;\/futebol\/eliminatorias-da-copa\/lance-a-lance&#8221;,&#8221;_website&#8221;:&#8221;esportes&#8221;,&#8221;name&#8221;:&#8221;Lance a Lance&#8221;,&#8221;inactive&#8221;:false,&#8221;ancestors&#8221;:{&#8220;default&#8221;:[&#8220;https:\/\/esportes.r7.com\/futebol&#8221;,&#8221;\/futebol\/eliminatorias-da-copa&#8221;]},&#8221;parent&#8221;:{&#8220;default&#8221;:&#8221;\/futebol\/eliminatorias-da-copa&#8221;},&#8221;SEO&#8221;:{&#8220;og_image_id&#8221;:null,&#8221;seo_description&#8221;:&#8221;Eliminat\u00f3rias Sul-Americanas e emo\u00e7\u00e3o do Brasileir\u00e3o? Acompanhe tudo na Record! Not\u00edcias, tabelas e resultados. Acesse o R7 e n\u00e3o perca nenhum lance!&#8221;,&#8221;seo_tags&#8221;:[&#8220;Eliminat\u00f3rias Sul-Americanas&#8221;,&#8221;Brasileir\u00e3o&#8221;,&#8221;Record&#8221;,&#8221;R7&#8243;,&#8221;Not\u00edcias&#8221;,&#8221;Futebol&#8221;],&#8221;seo_title&#8221;:&#8221;Confira Eliminat\u00f3rias Am\u00e9rica do Sul: Lance a Lance do Brasileir\u00e3o na Record!&#8221;,&#8221;title_hotsite&#8221;:&#8221;Lance a Lance | Eliminat\u00f3rias da Copa&#8221;,&#8221;top_url&#8221;:null,&#8221;url_og_image&#8221;:&#8221;https:\/\/cloudfront-us-east-1.images.arcpublishing.com\/newr7\/PSLHNRQBSFAK3A5GCOJNMV5NRM.jpg&#8221;},&#8221;age_rating&#8221;:{&#8220;classificacao_etaria&#8221;:null},&#8221;age_rating_description&#8221;:{&#8220;atos_criminosos&#8221;:&#8221;false&#8221;,&#8221;conteudo_sexual&#8221;:&#8221;false&#8221;,&#8221;drogas&#8221;:&#8221;false&#8221;,&#8221;drogas_ilicitas&#8221;:&#8221;false&#8221;,&#8221;drogas_licitas&#8221;:&#8221;false&#8221;,&#8221;linguagem_impropria&#8221;:&#8221;false&#8221;,&#8221;medo&#8221;:&#8221;false&#8221;,&#8221;nudez&#8221;:&#8221;false&#8221;,&#8221;procedimentos_medicos&#8221;:&#8221;false&#8221;,&#8221;sexo_explicito&#8221;:&#8221;false&#8221;,&#8221;temas_sensiveis&#8221;:&#8221;false&#8221;,&#8221;violencia&#8221;:&#8221;false&#8221;,&#8221;violencia_extrema&#8221;:&#8221;false&#8221;,&#8221;violencia_fantasiosa&#8221;:&#8221;false&#8221;},&#8221;area_logada&#8221;:{&#8220;exclusive_content&#8221;:&#8221;false&#8221;},&#8221;navigation&#8221;:{&#8220;menu_url&#8221;:null,&#8221;nav_title&#8221;:&#8221;Lance a Lance | Eliminat\u00f3rias da Copa&#8221;},&#8221;newsletter&#8221;:{&#8220;id&#8221;:null},&#8221;publicidade&#8221;:{&#8220;disable_adv&#8221;:&#8221;false&#8221;,&#8221;disable_audima_adv&#8221;:&#8221;false&#8221;,&#8221;disable_taboola&#8221;:&#8221;false&#8221;,&#8221;hash&#8221;:&#8221;r7esportes\/futebol\/lance-a-lance\/eliminatorias-america-do-sul&#8221;},&#8221;site&#8221;:{&#8220;coupon_categories&#8221;:&#8221;departamentos&#8221;,&#8221;disable_refresh&#8221;:&#8221;4&#8243;,&#8221;enable_disclaimer&#8221;:&#8221;false&#8221;,&#8221;pagebuilder_path_for_native_apps&#8221;:null,&#8221;site_about&#8221;:null,&#8221;site_description&#8221;:null,&#8221;site_keywords&#8221;:null,&#8221;site_tagline&#8221;:null,&#8221;site_title&#8221;:&#8221;Lance a Lance | Eliminat\u00f3rias da Copa&#8221;,&#8221;site_url&#8221;:null},&#8221;site_topper&#8221;:{&#8220;section_header_image&#8221;:&#8221;https:\/\/cloudfront-us-east-1.images.arcpublishing.com\/newr7\/RMUWDNTRUNCYFKK522EGZWVSMI.jpg&#8221;,&#8221;section_header_image_id&#8221;:null,&#8221;section_header_image_mobile&#8221;:&#8221;https:\/\/cloudfront-us-east-1.images.arcpublishing.com\/newr7\/GFWP47A43BDQZDDJUERJ7OL73Y.jpg&#8221;,&#8221;section_header_image_mobile_id&#8221;:null,&#8221;section_left_color_top&#8221;:&#8221;#0C703C&#8221;,&#8221;section_primary_color&#8221;:&#8221;#2B8047&#8243;,&#8221;section_right_color_top&#8221;:&#8221;#0C703C&#8221;,&#8221;site_logo_image&#8221;:null},&#8221;social&#8221;:{&#8220;facebook&#8221;:null,&#8221;instagram&#8221;:null,&#8221;kwai&#8221;:null,&#8221;rss&#8221;:null,&#8221;twitter&#8221;:null},&#8221;ultimas&#8221;:{&#8220;tab_ultimas&#8221;:[]},&#8221;is_grouping&#8221;:&#8221;false&#8221;,&#8221;node_type&#8221;:&#8221;section&#8221;,&#8221;children&#8221;:[]},{&#8220;_id&#8221;:&#8221;\/futebol\/eliminatorias-da-copa\/tabela&#8221;,&#8221;_website&#8221;:&#8221;esportes&#8221;,&#8221;name&#8221;:&#8221;Tabela&#8221;,&#8221;inactive&#8221;:false,&#8221;ancestors&#8221;:{&#8220;default&#8221;:[&#8220;https:\/\/esportes.r7.com\/futebol&#8221;,&#8221;\/futebol\/eliminatorias-da-copa&#8221;]},&#8221;parent&#8221;:{&#8220;default&#8221;:&#8221;\/futebol\/eliminatorias-da-copa&#8221;},&#8221;SEO&#8221;:{&#8220;og_image_id&#8221;:null,&#8221;seo_description&#8221;:&#8221;Tabela | Eliminat\u00f3rias da Copa | R7 Esportes&#8221;,&#8221;seo_tags&#8221;:[&#8220;eliminat\u00f3rias da copa&#8221;,&#8221;jogos&#8221;,&#8221;tabela&#8221;,&#8221;classifica\u00e7\u00e3o&#8221;,&#8221;futebol&#8221;,&#8221;r7 esportes&#8221;,&#8221;r7&#8243;],&#8221;seo_title&#8221;:&#8221;Tabela | Eliminat\u00f3rias da Copa | R7 Esportes&#8221;,&#8221;title_hotsite&#8221;:&#8221;Tabela | Eliminat\u00f3rias da Copa | R7 Esportes&#8221;,&#8221;top_url&#8221;:&#8221;https:\/\/esportes.r7.com\/futebol\/eliminatorias-da-copa\/&#8221;,&#8221;url_og_image&#8221;:null},&#8221;_admin&#8221;:{&#8220;alias_ids&#8221;:[&#8220;\/eliminatorias-da-copa\/tabela\/&#8221;]},&#8221;age_rating&#8221;:{&#8220;classificacao_etaria&#8221;:null},&#8221;age_rating_description&#8221;:{&#8220;atos_criminosos&#8221;:&#8221;false&#8221;,&#8221;conteudo_sexual&#8221;:&#8221;false&#8221;,&#8221;drogas&#8221;:&#8221;false&#8221;,&#8221;drogas_ilicitas&#8221;:&#8221;false&#8221;,&#8221;drogas_licitas&#8221;:&#8221;false&#8221;,&#8221;linguagem_impropria&#8221;:&#8221;false&#8221;,&#8221;medo&#8221;:&#8221;false&#8221;,&#8221;nudez&#8221;:&#8221;false&#8221;,&#8221;procedimentos_medicos&#8221;:&#8221;false&#8221;,&#8221;sexo_explicito&#8221;:&#8221;false&#8221;,&#8221;temas_sensiveis&#8221;:&#8221;false&#8221;,&#8221;violencia&#8221;:&#8221;false&#8221;,&#8221;violencia_extrema&#8221;:&#8221;false&#8221;,&#8221;violencia_fantasiosa&#8221;:&#8221;false&#8221;},&#8221;area_logada&#8221;:{&#8220;exclusive_content&#8221;:&#8221;false&#8221;},&#8221;navigation&#8221;:{&#8220;menu_url&#8221;:&#8221;https:\/\/esportes.r7.com\/futebol\/eliminatorias-da-copa\/tabela\/&#8221;,&#8221;nav_title&#8221;:&#8221;Tabela | Eliminat\u00f3rias da Copa | R7 Esportes&#8221;},&#8221;newsletter&#8221;:{&#8220;id&#8221;:null},&#8221;publicidade&#8221;:{&#8220;disable_adv&#8221;:&#8221;false&#8221;,&#8221;disable_audima_adv&#8221;:&#8221;false&#8221;,&#8221;disable_taboola&#8221;:&#8221;false&#8221;,&#8221;hash&#8221;:null},&#8221;site&#8221;:{&#8220;coupon_categories&#8221;:&#8221;departamentos&#8221;,&#8221;disable_refresh&#8221;:&#8221;4&#8243;,&#8221;enable_disclaimer&#8221;:&#8221;false&#8221;,&#8221;pagebuilder_path_for_native_apps&#8221;:null,&#8221;site_about&#8221;:null,&#8221;site_description&#8221;:null,&#8221;site_keywords&#8221;:null,&#8221;site_tagline&#8221;:null,&#8221;site_title&#8221;:&#8221;Tabela | Eliminat\u00f3rias da Copa | R7 Esportes&#8221;,&#8221;site_url&#8221;:null},&#8221;site_topper&#8221;:{&#8220;section_header_image&#8221;:null,&#8221;section_header_image_id&#8221;:null,&#8221;section_header_image_mobile&#8221;:null,&#8221;section_header_image_mobile_id&#8221;:null,&#8221;section_left_color_top&#8221;:null,&#8221;section_primary_color&#8221;:null,&#8221;section_right_color_top&#8221;:null,&#8221;site_logo_image&#8221;:null},&#8221;social&#8221;:{&#8220;facebook&#8221;:null,&#8221;instagram&#8221;:null,&#8221;kwai&#8221;:null,&#8221;rss&#8221;:null,&#8221;twitter&#8221;:null},&#8221;ultimas&#8221;:{&#8220;tab_ultimas&#8221;:[]},&#8221;is_grouping&#8221;:&#8221;false&#8221;,&#8221;node_type&#8221;:&#8221;section&#8221;,&#8221;children&#8221;:[]}]},{&#8220;_id&#8221;:&#8221;\/futebol\/estaduais&#8221;,&#8221;_website&#8221;:&#8221;esportes&#8221;,&#8221;name&#8221;:&#8221;Estaduais&#8221;,&#8221;inactive&#8221;:false,&#8221;parent&#8221;:{&#8220;default&#8221;:&#8221;https:\/\/esportes.r7.com\/futebol&#8221;,&#8221;header&#8221;:&#8221;https:\/\/esportes.r7.com\/futebol&#8221;},&#8221;SEO&#8221;:{&#8220;seo_tags&#8221;:[]},&#8221;_admin&#8221;:{&#8220;alias_ids&#8221;:[&#8220;\/futebol\/estaduais&#8221;]},&#8221;navigation&#8221;:{&#8220;nav_title&#8221;:&#8221;Estaduais&#8221;},&#8221;newsletter&#8221;:{&#8220;id&#8221;:&#8221;68484031b8b9d10001c4f8ba&#8221;},&#8221;site&#8221;:{&#8220;site_description&#8221;:null,&#8221;site_title&#8221;:&#8221;Estaduais&#8221;},&#8221;is_grouping&#8221;:&#8221;false&#8221;,&#8221;node_type&#8221;:&#8221;section&#8221;,&#8221;children&#8221;:[]},{&#8220;_id&#8221;:&#8221;\/futebol\/futebol-de-varzea&#8221;,&#8221;website&#8221;:&#8221;esportes&#8221;,&#8221;name&#8221;:&#8221;Futebol de v\u00e1rzea&#8221;,&#8221;navigation&#8221;:{&#8220;nav_title&#8221;:&#8221;Futebol de v\u00e1rzea&#8221;},&#8221;parent&#8221;:{&#8220;default&#8221;:&#8221;https:\/\/esportes.r7.com\/futebol&#8221;,&#8221;header&#8221;:&#8221;https:\/\/esportes.r7.com\/futebol&#8221;},&#8221;_admin&#8221;:{&#8220;alias_ids&#8221;:[&#8220;\/futebol\/futebol-de-varzea&#8221;]},&#8221;site&#8221;:{&#8220;site_description&#8221;:&#8221;&#8221;,&#8221;site_title&#8221;:&#8221;Futebol de v\u00e1rzea&#8221;},&#8221;inactive&#8221;:false,&#8221;SEO&#8221;:{&#8220;seo_tags&#8221;:[]},&#8221;site_topper&#8221;:{},&#8221;is_grouping&#8221;:&#8221;true&#8221;,&#8221;_website&#8221;:&#8221;esportes&#8221;,&#8221;node_type&#8221;:&#8221;section&#8221;,&#8221;children&#8221;:[]},{&#8220;_id&#8221;:&#8221;\/futebol\/guia-do-boleiro&#8221;,&#8221;website&#8221;:&#8221;esportes&#8221;,&#8221;name&#8221;:&#8221;Guia do Boleiro&#8221;,&#8221;navigation&#8221;:{&#8220;nav_title&#8221;:&#8221;Guia do Boleiro&#8221;},&#8221;parent&#8221;:{&#8220;default&#8221;:&#8221;https:\/\/esportes.r7.com\/futebol&#8221;,&#8221;header&#8221;:&#8221;https:\/\/esportes.r7.com\/futebol&#8221;},&#8221;_admin&#8221;:{&#8220;alias_ids&#8221;:[&#8220;\/futebol\/guia-do-boleiro&#8221;]},&#8221;site&#8221;:{&#8220;site_description&#8221;:&#8221;&#8221;,&#8221;site_title&#8221;:&#8221;Guia do Boleiro&#8221;},&#8221;inactive&#8221;:false,&#8221;SEO&#8221;:{&#8220;seo_tags&#8221;:[]},&#8221;site_topper&#8221;:{},&#8221;is_grouping&#8221;:&#8221;false&#8221;,&#8221;_website&#8221;:&#8221;esportes&#8221;,&#8221;node_type&#8221;:&#8221;section&#8221;,&#8221;children&#8221;:[]},{&#8220;_id&#8221;:&#8221;\/futebol\/icc-2019&#8243;,&#8221;website&#8221;:&#8221;esportes&#8221;,&#8221;name&#8221;:&#8221;icc 2019&#8243;,&#8221;navigation&#8221;:{&#8220;nav_title&#8221;:&#8221;icc 2019&#8243;},&#8221;parent&#8221;:{&#8220;default&#8221;:&#8221;https:\/\/esportes.r7.com\/futebol&#8221;,&#8221;header&#8221;:&#8221;https:\/\/esportes.r7.com\/futebol&#8221;},&#8221;_admin&#8221;:{&#8220;alias_ids&#8221;:[&#8220;\/futebol\/icc-2019&#8243;]},&#8221;site&#8221;:{&#8220;site_description&#8221;:&#8221;&#8221;,&#8221;site_title&#8221;:&#8221;icc 2019&#8243;},&#8221;inactive&#8221;:false,&#8221;SEO&#8221;:{&#8220;seo_tags&#8221;:[]},&#8221;site_topper&#8221;:{},&#8221;is_grouping&#8221;:&#8221;true&#8221;,&#8221;_website&#8221;:&#8221;esportes&#8221;,&#8221;node_type&#8221;:&#8221;section&#8221;,&#8221;children&#8221;:[]},{&#8220;_id&#8221;:&#8221;\/futebol\/international-champions-cup-2018&#8243;,&#8221;website&#8221;:&#8221;esportes&#8221;,&#8221;name&#8221;:&#8221;International Champions Cup 2018&#8243;,&#8221;navigation&#8221;:{&#8220;nav_title&#8221;:&#8221;International Champions Cup 2018&#8243;},&#8221;parent&#8221;:{&#8220;default&#8221;:&#8221;https:\/\/esportes.r7.com\/futebol&#8221;,&#8221;header&#8221;:&#8221;https:\/\/esportes.r7.com\/futebol&#8221;},&#8221;_admin&#8221;:{&#8220;alias_ids&#8221;:[&#8220;\/futebol\/international-champions-cup-2018&#8243;]},&#8221;site&#8221;:{&#8220;site_description&#8221;:&#8221;&#8221;,&#8221;site_title&#8221;:&#8221;International Champions Cup 2018&#8243;},&#8221;inactive&#8221;:false,&#8221;SEO&#8221;:{&#8220;seo_tags&#8221;:[]},&#8221;site_topper&#8221;:{},&#8221;is_grouping&#8221;:&#8221;true&#8221;,&#8221;_website&#8221;:&#8221;esportes&#8221;,&#8221;node_type&#8221;:&#8221;section&#8221;,&#8221;children&#8221;:[]},{&#8220;_id&#8221;:&#8221;\/futebol\/libertadores&#8221;,&#8221;_website&#8221;:&#8221;esportes&#8221;,&#8221;name&#8221;:&#8221;Libertadores&#8221;,&#8221;inactive&#8221;:false,&#8221;parent&#8221;:{&#8220;default&#8221;:&#8221;https:\/\/esportes.r7.com\/futebol&#8221;,&#8221;header&#8221;:&#8221;https:\/\/esportes.r7.com\/futebol&#8221;},&#8221;SEO&#8221;:{&#8220;og_image_id&#8221;:&#8221;65577e9dcd77c0d31f00108e&#8221;,&#8221;seo_description&#8221;:&#8221;Confira resultados, pr\u00f3ximos jogos, tabela de classifica\u00e7\u00e3o completa, v\u00eddeos e as \u00faltimas not\u00edciasda Libertadores da Am\u00e9rica | 2025 | no R7 Esportes&#8221;,&#8221;seo_tags&#8221;:[&#8220;copa libertadores da america&#8221;,&#8221;libertadores&#8221;,&#8221;conmebol&#8221;,&#8221;america&#8221;,&#8221;futebol&#8221;,&#8221;r7&#8243;],&#8221;seo_title&#8221;:&#8221;Tabela, not\u00edcias e resultados | Libertadores | 2025 | R7&#8243;,&#8221;title_hotsite&#8221;:&#8221;Tabela, not\u00edcias e resultados | Libertadores | 2025 | R7&#8243;,&#8221;top_url&#8221;:&#8221;https:\/\/esportes.r7.com\/&#8221;,&#8221;url_og_image&#8221;:&#8221;https:\/\/img.r7.com\/images\/r7-esportes-17112023115422099&#8243;},&#8221;_admin&#8221;:{&#8220;alias_ids&#8221;:[&#8220;\/futebol\/libertadores&#8221;]},&#8221;age_rating&#8221;:{&#8220;classificacao_etaria&#8221;:null},&#8221;age_rating_description&#8221;:{&#8220;atos_criminosos&#8221;:&#8221;false&#8221;,&#8221;conteudo_sexual&#8221;:&#8221;false&#8221;,&#8221;drogas&#8221;:&#8221;false&#8221;,&#8221;drogas_ilicitas&#8221;:&#8221;false&#8221;,&#8221;drogas_licitas&#8221;:&#8221;false&#8221;,&#8221;linguagem_impropria&#8221;:&#8221;false&#8221;,&#8221;medo&#8221;:&#8221;false&#8221;,&#8221;nudez&#8221;:&#8221;false&#8221;,&#8221;procedimentos_medicos&#8221;:&#8221;false&#8221;,&#8221;sexo_explicito&#8221;:&#8221;false&#8221;,&#8221;temas_sensiveis&#8221;:&#8221;false&#8221;,&#8221;violencia&#8221;:&#8221;false&#8221;,&#8221;violencia_extrema&#8221;:&#8221;false&#8221;,&#8221;violencia_fantasiosa&#8221;:&#8221;false&#8221;},&#8221;area_logada&#8221;:{&#8220;exclusive_content&#8221;:&#8221;false&#8221;},&#8221;campanha_branded&#8221;:{&#8220;ativar_background_campanha&#8221;:&#8221;false&#8221;,&#8221;ativar_fonte_campanha&#8221;:&#8221;false&#8221;,&#8221;ativar_logo_campanha&#8221;:&#8221;false&#8221;},&#8221;navigation&#8221;:{&#8220;menu_url&#8221;:null,&#8221;nav_title&#8221;:&#8221;Libertadores&#8221;},&#8221;newsletter&#8221;:{&#8220;id&#8221;:&#8221;68484031b8b9d10001c4f8ba&#8221;},&#8221;publicidade&#8221;:{&#8220;disable_adv&#8221;:&#8221;false&#8221;,&#8221;disable_audima_adv&#8221;:&#8221;false&#8221;,&#8221;disable_taboola&#8221;:&#8221;false&#8221;,&#8221;hash&#8221;:&#8221;r7esportes\/futebol\/libertadores&#8221;},&#8221;site&#8221;:{&#8220;coupon_categories&#8221;:&#8221;departamentos&#8221;,&#8221;disable_refresh&#8221;:&#8221;4&#8243;,&#8221;enable_disclaimer&#8221;:&#8221;false&#8221;,&#8221;pagebuilder_path_for_native_apps&#8221;:null,&#8221;site_about&#8221;:&#8221;Tabela, not\u00edcias e resultados | Libertadores | 2025 | R7&#8243;,&#8221;site_description&#8221;:&#8221;Confira resultados, pr\u00f3ximos jogos, tabela de classifica\u00e7\u00e3o completa, v\u00eddeos e as \u00faltimas not\u00edciasda Libertadores da Am\u00e9rica | 2025 | no R7 Esportes&#8221;,&#8221;site_keywords&#8221;:&#8221;libertadores, futebol, jogos, resultados, tabela&#8221;,&#8221;site_tagline&#8221;:&#8221;Tabela, not\u00edcias e resultados | Libertadores | 2025 | R7&#8243;,&#8221;site_title&#8221;:&#8221;Tabela, not\u00edcias e resultados | Libertadores | 2025 | R7&#8243;,&#8221;site_url&#8221;:null},&#8221;site_topper&#8221;:{&#8220;section_header_image&#8221;:&#8221;https:\/\/img.r7.com\/images\/r7-esportes-17112023115349934&#8243;,&#8221;section_header_image_id&#8221;:&#8221;65577e7d1df97b21c400040f&#8221;,&#8221;section_header_image_mobile&#8221;:&#8221;https:\/\/img.r7.com\/images\/r7-esportes-17112023115459066&#8243;,&#8221;section_header_image_mobile_id&#8221;:&#8221;65577ec2c012ad96f3000a4a&#8221;,&#8221;section_left_color_top&#8221;:&#8221;#2B8047&#8243;,&#8221;section_primary_color&#8221;:&#8221;#0E8148&#8243;,&#8221;section_right_color_top&#8221;:&#8221;#2B8047&#8243;,&#8221;site_logo_image&#8221;:null},&#8221;social&#8221;:{&#8220;bluesky&#8221;:null,&#8221;facebook&#8221;:null,&#8221;instagram&#8221;:null,&#8221;kwai&#8221;:null,&#8221;rss&#8221;:null,&#8221;threads&#8221;:null,&#8221;tiktok&#8221;:null,&#8221;twitter&#8221;:null,&#8221;whatsapp&#8221;:null,&#8221;youtube&#8221;:null},&#8221;ultimas&#8221;:{&#8220;tab_ultimas&#8221;:[]},&#8221;is_grouping&#8221;:&#8221;false&#8221;,&#8221;node_type&#8221;:&#8221;section&#8221;,&#8221;children&#8221;:[{&#8220;_id&#8221;:&#8221;\/futebol\/libertadores\/lance-a-lance&#8221;,&#8221;_website&#8221;:&#8221;esportes&#8221;,&#8221;name&#8221;:&#8221;Lance a Lance&#8221;,&#8221;inactive&#8221;:false,&#8221;ancestors&#8221;:{&#8220;default&#8221;:[&#8220;https:\/\/esportes.r7.com\/futebol&#8221;,&#8221;\/futebol\/libertadores&#8221;]},&#8221;parent&#8221;:{&#8220;default&#8221;:&#8221;\/futebol\/libertadores&#8221;},&#8221;SEO&#8221;:{&#8220;og_image_id&#8221;:null,&#8221;seo_description&#8221;:&#8221;Libertadores na mira! Acompanhe no R7 os lances do Brasileir\u00e3o e veja quem vai brilhar em 2025. Not\u00edcias, jogos e mais! Clique e n\u00e3o perca!&#8221;,&#8221;seo_tags&#8221;:[&#8220;Libertadores&#8221;,&#8221;Brasileir\u00e3o&#8221;,&#8221;R7&#8243;,&#8221;futebol&#8221;,&#8221;jogos&#8221;,&#8221;2025&#8243;],&#8221;seo_title&#8221;:&#8221;Confira Libertadores 2025: Lance a Lance no Campeonato Brasileiro!&#8221;,&#8221;title_hotsite&#8221;:&#8221;Lance a Lance | Libertadores&#8221;,&#8221;top_url&#8221;:&#8221;https:\/\/esportes.r7.com\/&#8221;,&#8221;url_og_image&#8221;:&#8221;https:\/\/cloudfront-us-east-1.images.arcpublishing.com\/newr7\/SIOFA2URIJFQDLMIHGU7PX5KNQ.jpg&#8221;},&#8221;age_rating&#8221;:{&#8220;classificacao_etaria&#8221;:null},&#8221;age_rating_description&#8221;:{&#8220;atos_criminosos&#8221;:&#8221;false&#8221;,&#8221;conteudo_sexual&#8221;:&#8221;false&#8221;,&#8221;drogas&#8221;:&#8221;false&#8221;,&#8221;drogas_ilicitas&#8221;:&#8221;false&#8221;,&#8221;drogas_licitas&#8221;:&#8221;false&#8221;,&#8221;linguagem_impropria&#8221;:&#8221;false&#8221;,&#8221;medo&#8221;:&#8221;false&#8221;,&#8221;nudez&#8221;:&#8221;false&#8221;,&#8221;procedimentos_medicos&#8221;:&#8221;false&#8221;,&#8221;sexo_explicito&#8221;:&#8221;false&#8221;,&#8221;temas_sensiveis&#8221;:&#8221;false&#8221;,&#8221;violencia&#8221;:&#8221;false&#8221;,&#8221;violencia_extrema&#8221;:&#8221;false&#8221;,&#8221;violencia_fantasiosa&#8221;:&#8221;false&#8221;},&#8221;area_logada&#8221;:{&#8220;exclusive_content&#8221;:&#8221;false&#8221;},&#8221;navigation&#8221;:{&#8220;menu_url&#8221;:null,&#8221;nav_title&#8221;:&#8221;Lance a Lance | Libertadores&#8221;},&#8221;newsletter&#8221;:{&#8220;id&#8221;:null},&#8221;publicidade&#8221;:{&#8220;disable_adv&#8221;:&#8221;false&#8221;,&#8221;disable_audima_adv&#8221;:&#8221;false&#8221;,&#8221;disable_taboola&#8221;:&#8221;false&#8221;,&#8221;hash&#8221;:&#8221;r7esportes\/futebol\/lance-a-lance\/libertadores&#8221;},&#8221;site&#8221;:{&#8220;coupon_categories&#8221;:&#8221;departamentos&#8221;,&#8221;disable_refresh&#8221;:&#8221;4&#8243;,&#8221;enable_disclaimer&#8221;:&#8221;false&#8221;,&#8221;pagebuilder_path_for_native_apps&#8221;:null,&#8221;site_about&#8221;:null,&#8221;site_description&#8221;:null,&#8221;site_keywords&#8221;:null,&#8221;site_tagline&#8221;:null,&#8221;site_title&#8221;:&#8221;Lance a Lance | Libertadores&#8221;,&#8221;site_url&#8221;:null},&#8221;site_topper&#8221;:{&#8220;section_header_image&#8221;:&#8221;https:\/\/cloudfront-us-east-1.images.arcpublishing.com\/newr7\/NXYL4U3GQNDUVF3WXMC34OQWGA.jpg&#8221;,&#8221;section_header_image_id&#8221;:null,&#8221;section_header_image_mobile&#8221;:&#8221;https:\/\/cloudfront-us-east-1.images.arcpublishing.com\/newr7\/II3GGLC3LVEUPJD6PD4TWZBASU.jpg&#8221;,&#8221;section_header_image_mobile_id&#8221;:null,&#8221;section_left_color_top&#8221;:&#8221;#0F713E&#8221;,&#8221;section_primary_color&#8221;:&#8221;#2B8047&#8243;,&#8221;section_right_color_top&#8221;:&#8221;#0F713E&#8221;,&#8221;site_logo_image&#8221;:null},&#8221;social&#8221;:{&#8220;facebook&#8221;:null,&#8221;instagram&#8221;:null,&#8221;kwai&#8221;:null,&#8221;rss&#8221;:null,&#8221;twitter&#8221;:null},&#8221;ultimas&#8221;:{&#8220;tab_ultimas&#8221;:[]},&#8221;is_grouping&#8221;:&#8221;false&#8221;,&#8221;node_type&#8221;:&#8221;section&#8221;,&#8221;children&#8221;:[]},{&#8220;_id&#8221;:&#8221;\/futebol\/libertadores\/tabela&#8221;,&#8221;_website&#8221;:&#8221;esportes&#8221;,&#8221;name&#8221;:&#8221;Tabela&#8221;,&#8221;inactive&#8221;:false,&#8221;ancestors&#8221;:{&#8220;default&#8221;:[&#8220;https:\/\/esportes.r7.com\/futebol&#8221;,&#8221;\/futebol\/libertadores&#8221;]},&#8221;parent&#8221;:{&#8220;default&#8221;:&#8221;\/futebol\/libertadores&#8221;},&#8221;SEO&#8221;:{&#8220;og_image_id&#8221;:null,&#8221;seo_description&#8221;:&#8221;Copa Libertadores com tabela de classifica\u00e7\u00e3o atualizada \u00e9 no R7 Esportes! Confira os pr\u00f3ximos jogos, not\u00edcias e muito mais.&#8221;,&#8221;seo_tags&#8221;:[&#8220;Tabela&#8221;,&#8221;Classifica\u00e7\u00e3o&#8221;,&#8221;Libertadores&#8221;,&#8221;Brasileir\u00e3o&#8221;,&#8221;R7&#8243;,&#8221;placar ao vivo&#8221;,&#8221;resultados&#8221;,&#8221;not\u00edcias&#8221;],&#8221;seo_title&#8221;:&#8221;Tabela e jogos | Libertadores 2025 | R7 Esportes&#8221;,&#8221;title_hotsite&#8221;:&#8221;Tabela e jogos | Libertadores 2025 | R7 Esportes&#8221;,&#8221;top_url&#8221;:&#8221;https:\/\/esportes.r7.com\/futebol\/libertadores\/&#8221;,&#8221;url_og_image&#8221;:null},&#8221;age_rating&#8221;:{&#8220;classificacao_etaria&#8221;:null},&#8221;age_rating_description&#8221;:{&#8220;atos_criminosos&#8221;:&#8221;false&#8221;,&#8221;conteudo_sexual&#8221;:&#8221;false&#8221;,&#8221;drogas&#8221;:&#8221;false&#8221;,&#8221;drogas_ilicitas&#8221;:&#8221;false&#8221;,&#8221;drogas_licitas&#8221;:&#8221;false&#8221;,&#8221;linguagem_impropria&#8221;:&#8221;false&#8221;,&#8221;medo&#8221;:&#8221;false&#8221;,&#8221;nudez&#8221;:&#8221;false&#8221;,&#8221;procedimentos_medicos&#8221;:&#8221;false&#8221;,&#8221;sexo_explicito&#8221;:&#8221;false&#8221;,&#8221;temas_sensiveis&#8221;:&#8221;false&#8221;,&#8221;violencia&#8221;:&#8221;false&#8221;,&#8221;violencia_extrema&#8221;:&#8221;false&#8221;,&#8221;violencia_fantasiosa&#8221;:&#8221;false&#8221;},&#8221;area_logada&#8221;:{&#8220;exclusive_content&#8221;:&#8221;false&#8221;},&#8221;navigation&#8221;:{&#8220;menu_url&#8221;:null,&#8221;nav_title&#8221;:&#8221;Tabela | Libertadores&#8221;},&#8221;newsletter&#8221;:{&#8220;id&#8221;:null},&#8221;publicidade&#8221;:{&#8220;disable_adv&#8221;:&#8221;false&#8221;,&#8221;disable_audima_adv&#8221;:&#8221;false&#8221;,&#8221;disable_taboola&#8221;:&#8221;false&#8221;,&#8221;hash&#8221;:&#8221;r7esportes\/futebol\/libertadores\/tabela&#8221;},&#8221;site&#8221;:{&#8220;coupon_categories&#8221;:&#8221;departamentos&#8221;,&#8221;disable_refresh&#8221;:&#8221;4&#8243;,&#8221;enable_disclaimer&#8221;:&#8221;false&#8221;,&#8221;pagebuilder_path_for_native_apps&#8221;:null,&#8221;site_about&#8221;:&#8221;Tabela e jogos | Libertadores 2025 | R7 Esportes&#8221;,&#8221;site_description&#8221;:&#8221;Copa Libertadores com tabela de classifica\u00e7\u00e3o atualizada \u00e9 no R7 Esportes! Confira os pr\u00f3ximos jogos, not\u00edcias e muito mais.&#8221;,&#8221;site_keywords&#8221;:&#8221;tabela, classifica\u00e7\u00e3o, rodadas, libertadores, libertadores da america, futebol, r7 esportes, r7&#8243;,&#8221;site_tagline&#8221;:&#8221;Tabela e jogos | Libertadores 2025 | R7 Esportes&#8221;,&#8221;site_title&#8221;:&#8221;Tabela e jogos | Libertadores 2025 | R7 Esportes&#8221;,&#8221;site_url&#8221;:null},&#8221;site_topper&#8221;:{&#8220;section_header_image&#8221;:null,&#8221;section_header_image_id&#8221;:null,&#8221;section_header_image_mobile&#8221;:null,&#8221;section_header_image_mobile_id&#8221;:null,&#8221;section_left_color_top&#8221;:null,&#8221;section_primary_color&#8221;:null,&#8221;section_right_color_top&#8221;:null,&#8221;site_logo_image&#8221;:null},&#8221;social&#8221;:{&#8220;facebook&#8221;:null,&#8221;instagram&#8221;:null,&#8221;kwai&#8221;:null,&#8221;rss&#8221;:null,&#8221;twitter&#8221;:null},&#8221;ultimas&#8221;:{&#8220;tab_ultimas&#8221;:[]},&#8221;is_grouping&#8221;:&#8221;false&#8221;,&#8221;node_type&#8221;:&#8221;section&#8221;,&#8221;children&#8221;:[]}]},{&#8220;_id&#8221;:&#8221;\/futebol\/morre-maradona&#8221;,&#8221;website&#8221;:&#8221;esportes&#8221;,&#8221;name&#8221;:&#8221;Morre Maradona&#8221;,&#8221;navigation&#8221;:{&#8220;nav_title&#8221;:&#8221;Morre Maradona&#8221;},&#8221;parent&#8221;:{&#8220;default&#8221;:&#8221;https:\/\/esportes.r7.com\/futebol&#8221;,&#8221;header&#8221;:&#8221;https:\/\/esportes.r7.com\/futebol&#8221;},&#8221;_admin&#8221;:{&#8220;alias_ids&#8221;:[&#8220;\/futebol\/morre-maradona&#8221;]},&#8221;site&#8221;:{&#8220;site_description&#8221;:&#8221;&#8221;,&#8221;site_title&#8221;:&#8221;Morre Maradona&#8221;},&#8221;inactive&#8221;:false,&#8221;SEO&#8221;:{&#8220;seo_tags&#8221;:[]},&#8221;site_topper&#8221;:{},&#8221;is_grouping&#8221;:&#8221;true&#8221;,&#8221;_website&#8221;:&#8221;esportes&#8221;,&#8221;node_type&#8221;:&#8221;section&#8221;,&#8221;children&#8221;:[]},{&#8220;_id&#8221;:&#8221;\/futebol\/mundial-de-clubes&#8221;,&#8221;_website&#8221;:&#8221;esportes&#8221;,&#8221;name&#8221;:&#8221;Mundial de Clubes&#8221;,&#8221;inactive&#8221;:false,&#8221;parent&#8221;:{&#8220;default&#8221;:&#8221;https:\/\/esportes.r7.com\/futebol&#8221;,&#8221;header&#8221;:&#8221;https:\/\/esportes.r7.com\/futebol&#8221;},&#8221;SEO&#8221;:{&#8220;og_image_id&#8221;:null,&#8221;seo_description&#8221;:&#8221;Confira resultados, pr\u00f3ximos jogos, tabela de classifica\u00e7\u00e3o completa, v\u00eddeos e as \u00faltimas not\u00edciasdo Mundial de Clubes | 2025 | no R7 Esportes&#8221;,&#8221;seo_tags&#8221;:[&#8220;classifica\u00e7\u00e3o&#8221;,&#8221;tabela&#8221;,&#8221;copa de mundo de clubes&#8221;,&#8221;mundial de clubes&#8221;],&#8221;seo_title&#8221;:&#8221;Tabela, not\u00edcias e resultados | Mundial de Clubes | 2025 | R7&#8243;,&#8221;title_hotsite&#8221;:&#8221;Tabela, not\u00edcias e resultados | Mundial de Clubes | 2025 | R7&#8243;,&#8221;top_url&#8221;:&#8221;https:\/\/esportes.r7.com\/futebol\/mundial-de-clubes\/&#8221;,&#8221;url_og_image&#8221;:null},&#8221;_admin&#8221;:{&#8220;alias_ids&#8221;:[&#8220;\/futebol\/mundial-de-clubes&#8221;]},&#8221;age_rating&#8221;:{&#8220;classificacao_etaria&#8221;:null},&#8221;age_rating_description&#8221;:{&#8220;atos_criminosos&#8221;:&#8221;false&#8221;,&#8221;conteudo_sexual&#8221;:&#8221;false&#8221;,&#8221;drogas&#8221;:&#8221;false&#8221;,&#8221;drogas_ilicitas&#8221;:&#8221;false&#8221;,&#8221;drogas_licitas&#8221;:&#8221;false&#8221;,&#8221;linguagem_impropria&#8221;:&#8221;false&#8221;,&#8221;medo&#8221;:&#8221;false&#8221;,&#8221;nudez&#8221;:&#8221;false&#8221;,&#8221;procedimentos_medicos&#8221;:&#8221;false&#8221;,&#8221;sexo_explicito&#8221;:&#8221;false&#8221;,&#8221;temas_sensiveis&#8221;:&#8221;false&#8221;,&#8221;violencia&#8221;:&#8221;false&#8221;,&#8221;violencia_extrema&#8221;:&#8221;false&#8221;,&#8221;violencia_fantasiosa&#8221;:&#8221;false&#8221;},&#8221;area_logada&#8221;:{&#8220;exclusive_content&#8221;:&#8221;false&#8221;},&#8221;campanha_branded&#8221;:{&#8220;ativar_background_campanha&#8221;:&#8221;false&#8221;,&#8221;ativar_fonte_campanha&#8221;:&#8221;false&#8221;,&#8221;ativar_logo_campanha&#8221;:&#8221;false&#8221;},&#8221;navigation&#8221;:{&#8220;menu_url&#8221;:null,&#8221;nav_title&#8221;:&#8221;Mundial de Clubes&#8221;},&#8221;newsletter&#8221;:{&#8220;id&#8221;:&#8221;68484031b8b9d10001c4f8ba&#8221;},&#8221;publicidade&#8221;:{&#8220;disable_adv&#8221;:&#8221;false&#8221;,&#8221;disable_audima_adv&#8221;:&#8221;false&#8221;,&#8221;disable_taboola&#8221;:&#8221;false&#8221;,&#8221;hash&#8221;:&#8221;r7esportes\/futebol\/mundial-de-clubes&#8221;},&#8221;site&#8221;:{&#8220;coupon_categories&#8221;:&#8221;departamentos&#8221;,&#8221;disable_refresh&#8221;:&#8221;4&#8243;,&#8221;enable_disclaimer&#8221;:&#8221;false&#8221;,&#8221;pagebuilder_path_for_native_apps&#8221;:null,&#8221;site_about&#8221;:&#8221;Tabela, not\u00edcias e resultados | Mundial de Clubes | 2025 | R7&#8243;,&#8221;site_description&#8221;:&#8221;Confira resultados, pr\u00f3ximos jogos, tabela de classifica\u00e7\u00e3o completa, v\u00eddeos e as \u00faltimas not\u00edciasdo Mundial de Clubes | 2025 | no R7 Esportes&#8221;,&#8221;site_keywords&#8221;:&#8221;mundial de clubes, tabela, resultados, classifica\u00e7\u00e3o&#8221;,&#8221;site_tagline&#8221;:&#8221;Tabela, not\u00edcias e resultados | Mundial de Clubes | 2025 | R7&#8243;,&#8221;site_title&#8221;:&#8221;Tabela, not\u00edcias e resultados | Mundial de Clubes | 2025 | R7&#8243;,&#8221;site_url&#8221;:null},&#8221;site_topper&#8221;:{&#8220;section_header_image&#8221;:null,&#8221;section_header_image_id&#8221;:null,&#8221;section_header_image_mobile&#8221;:null,&#8221;section_header_image_mobile_id&#8221;:null,&#8221;section_left_color_top&#8221;:null,&#8221;section_primary_color&#8221;:null,&#8221;section_right_color_top&#8221;:null,&#8221;site_logo_image&#8221;:null},&#8221;social&#8221;:{&#8220;bluesky&#8221;:null,&#8221;facebook&#8221;:null,&#8221;instagram&#8221;:null,&#8221;kwai&#8221;:null,&#8221;rss&#8221;:null,&#8221;threads&#8221;:null,&#8221;tiktok&#8221;:null,&#8221;twitter&#8221;:null,&#8221;whatsapp&#8221;:null,&#8221;youtube&#8221;:null},&#8221;ultimas&#8221;:{&#8220;tab_ultimas&#8221;:[]},&#8221;is_grouping&#8221;:&#8221;false&#8221;,&#8221;node_type&#8221;:&#8221;section&#8221;,&#8221;children&#8221;:[{&#8220;_id&#8221;:&#8221;\/futebol\/mundial-de-clubes\/lance-a-lance&#8221;,&#8221;_website&#8221;:&#8221;esportes&#8221;,&#8221;name&#8221;:&#8221;Lance a Lance&#8221;,&#8221;inactive&#8221;:false,&#8221;ancestors&#8221;:{&#8220;default&#8221;:[&#8220;https:\/\/esportes.r7.com\/futebol&#8221;,&#8221;\/futebol\/mundial-de-clubes&#8221;]},&#8221;parent&#8221;:{&#8220;default&#8221;:&#8221;\/futebol\/mundial-de-clubes&#8221;},&#8221;SEO&#8221;:{&#8220;og_image_id&#8221;:null,&#8221;seo_description&#8221;:&#8221;Mundial de Clubes! Acompanhe no R7 todos os lances, not\u00edcias e resultados. Cobertura completa do torneio! Clique e n\u00e3o perca nada!&#8221;,&#8221;seo_tags&#8221;:[&#8220;Mundial de Clubes&#8221;,&#8221;R7&#8243;,&#8221;not\u00edcias&#8221;,&#8221;resultados&#8221;,&#8221;cobertura&#8221;,&#8221;torneio&#8221;],&#8221;seo_title&#8221;:&#8221;Confira: Mundial de Clubes 2025! Record te leva Lance a Lance!&#8221;,&#8221;title_hotsite&#8221;:&#8221;Lance a Lance | Mundial de Clubes&#8221;,&#8221;top_url&#8221;:&#8221;https:\/\/esportes.r7.com\/&#8221;,&#8221;url_og_image&#8221;:&#8221;https:\/\/cloudfront-us-east-1.images.arcpublishing.com\/newr7\/BKNWSG7TFJDP3CFDMLQQWUPTVY.jpg&#8221;},&#8221;age_rating&#8221;:{&#8220;classificacao_etaria&#8221;:null},&#8221;age_rating_description&#8221;:{&#8220;atos_criminosos&#8221;:&#8221;false&#8221;,&#8221;conteudo_sexual&#8221;:&#8221;false&#8221;,&#8221;drogas&#8221;:&#8221;false&#8221;,&#8221;drogas_ilicitas&#8221;:&#8221;false&#8221;,&#8221;drogas_licitas&#8221;:&#8221;false&#8221;,&#8221;linguagem_impropria&#8221;:&#8221;false&#8221;,&#8221;medo&#8221;:&#8221;false&#8221;,&#8221;nudez&#8221;:&#8221;false&#8221;,&#8221;procedimentos_medicos&#8221;:&#8221;false&#8221;,&#8221;sexo_explicito&#8221;:&#8221;false&#8221;,&#8221;temas_sensiveis&#8221;:&#8221;false&#8221;,&#8221;violencia&#8221;:&#8221;false&#8221;,&#8221;violencia_extrema&#8221;:&#8221;false&#8221;,&#8221;violencia_fantasiosa&#8221;:&#8221;false&#8221;},&#8221;area_logada&#8221;:{&#8220;exclusive_content&#8221;:&#8221;false&#8221;},&#8221;navigation&#8221;:{&#8220;menu_url&#8221;:null,&#8221;nav_title&#8221;:&#8221;Lance a Lance | Mundial de Clubes&#8221;},&#8221;newsletter&#8221;:{&#8220;id&#8221;:null},&#8221;publicidade&#8221;:{&#8220;disable_adv&#8221;:&#8221;false&#8221;,&#8221;disable_audima_adv&#8221;:&#8221;false&#8221;,&#8221;disable_taboola&#8221;:&#8221;false&#8221;,&#8221;hash&#8221;:&#8221;r7esportes\/futebol\/lance-a-lance\/mundial-de-clubes&#8221;},&#8221;site&#8221;:{&#8220;coupon_categories&#8221;:&#8221;departamentos&#8221;,&#8221;disable_refresh&#8221;:&#8221;4&#8243;,&#8221;enable_disclaimer&#8221;:&#8221;false&#8221;,&#8221;pagebuilder_path_for_native_apps&#8221;:null,&#8221;site_about&#8221;:null,&#8221;site_description&#8221;:null,&#8221;site_keywords&#8221;:null,&#8221;site_tagline&#8221;:null,&#8221;site_title&#8221;:&#8221;Lance a Lance | Mundial de Clubes&#8221;,&#8221;site_url&#8221;:null},&#8221;site_topper&#8221;:{&#8220;section_header_image&#8221;:&#8221;https:\/\/cloudfront-us-east-1.images.arcpublishing.com\/newr7\/XEF6X3IRZRCAROZRESKJHTIKXE.jpg&#8221;,&#8221;section_header_image_id&#8221;:null,&#8221;section_header_image_mobile&#8221;:&#8221;https:\/\/cloudfront-us-east-1.images.arcpublishing.com\/newr7\/N6DJPR2TZNDCNMO2HFBQEYQ2B4.jpg&#8221;,&#8221;section_header_image_mobile_id&#8221;:null,&#8221;section_left_color_top&#8221;:&#8221;#0F713E&#8221;,&#8221;section_primary_color&#8221;:&#8221;#2B8047&#8243;,&#8221;section_right_color_top&#8221;:&#8221;#0F713E&#8221;,&#8221;site_logo_image&#8221;:null},&#8221;social&#8221;:{&#8220;facebook&#8221;:null,&#8221;instagram&#8221;:null,&#8221;kwai&#8221;:null,&#8221;rss&#8221;:null,&#8221;twitter&#8221;:null},&#8221;ultimas&#8221;:{&#8220;tab_ultimas&#8221;:[]},&#8221;is_grouping&#8221;:&#8221;false&#8221;,&#8221;node_type&#8221;:&#8221;section&#8221;,&#8221;children&#8221;:[]},{&#8220;_id&#8221;:&#8221;\/futebol\/mundial-de-clubes\/tabela&#8221;,&#8221;_website&#8221;:&#8221;esportes&#8221;,&#8221;name&#8221;:&#8221;Tabela&#8221;,&#8221;inactive&#8221;:false,&#8221;ancestors&#8221;:{&#8220;default&#8221;:[&#8220;https:\/\/esportes.r7.com\/futebol&#8221;,&#8221;\/futebol\/mundial-de-clubes&#8221;]},&#8221;parent&#8221;:{&#8220;default&#8221;:&#8221;\/futebol\/mundial-de-clubes&#8221;},&#8221;SEO&#8221;:{&#8220;og_image_id&#8221;:null,&#8221;seo_description&#8221;:&#8221;Mundial de Clubes com tabela de classifica\u00e7\u00e3o atualizada \u00e9 no R7 Esportes! Confira os pr\u00f3ximos jogos, not\u00edcias e muito mais.&#8221;,&#8221;seo_tags&#8221;:[&#8220;Tabela&#8221;,&#8221;Classifica\u00e7\u00e3o&#8221;,&#8221;Mundial de Clubes&#8221;,&#8221;R7&#8243;,&#8221;tabela&#8221;,&#8221;not\u00edcias&#8221;,&#8221;resultados&#8221;,&#8221;torneio&#8221;],&#8221;seo_title&#8221;:&#8221;Tabela e jogos | Mundial de Clubes 2025 | R7 Esportes&#8221;,&#8221;title_hotsite&#8221;:&#8221;Tabela e jogos | Mundial de Clubes 2025 | R7 Esportes&#8221;,&#8221;top_url&#8221;:&#8221;https:\/\/esportes.r7.com\/futebol\/mundial-de-clubes\/&#8221;,&#8221;url_og_image&#8221;:null},&#8221;age_rating&#8221;:{&#8220;classificacao_etaria&#8221;:null},&#8221;age_rating_description&#8221;:{&#8220;atos_criminosos&#8221;:&#8221;false&#8221;,&#8221;conteudo_sexual&#8221;:&#8221;false&#8221;,&#8221;drogas&#8221;:&#8221;false&#8221;,&#8221;drogas_ilicitas&#8221;:&#8221;false&#8221;,&#8221;drogas_licitas&#8221;:&#8221;false&#8221;,&#8221;linguagem_impropria&#8221;:&#8221;false&#8221;,&#8221;medo&#8221;:&#8221;false&#8221;,&#8221;nudez&#8221;:&#8221;false&#8221;,&#8221;procedimentos_medicos&#8221;:&#8221;false&#8221;,&#8221;sexo_explicito&#8221;:&#8221;false&#8221;,&#8221;temas_sensiveis&#8221;:&#8221;false&#8221;,&#8221;violencia&#8221;:&#8221;false&#8221;,&#8221;violencia_extrema&#8221;:&#8221;false&#8221;,&#8221;violencia_fantasiosa&#8221;:&#8221;false&#8221;},&#8221;area_logada&#8221;:{&#8220;exclusive_content&#8221;:&#8221;false&#8221;},&#8221;navigation&#8221;:{&#8220;menu_url&#8221;:null,&#8221;nav_title&#8221;:&#8221;Tabela | Mundial de Clubes&#8221;},&#8221;newsletter&#8221;:{&#8220;id&#8221;:null},&#8221;publicidade&#8221;:{&#8220;disable_adv&#8221;:&#8221;false&#8221;,&#8221;disable_audima_adv&#8221;:&#8221;false&#8221;,&#8221;disable_taboola&#8221;:&#8221;false&#8221;,&#8221;hash&#8221;:&#8221;r7esportes\/futebol\/mundial-de-clubes\/tabela&#8221;},&#8221;site&#8221;:{&#8220;coupon_categories&#8221;:&#8221;departamentos&#8221;,&#8221;disable_refresh&#8221;:&#8221;4&#8243;,&#8221;enable_disclaimer&#8221;:&#8221;false&#8221;,&#8221;pagebuilder_path_for_native_apps&#8221;:null,&#8221;site_about&#8221;:&#8221;Tabela e jogos | Mundial de Clubes 2025 | R7 Esportes&#8221;,&#8221;site_description&#8221;:&#8221;Mundial de Clubes com tabela de classifica\u00e7\u00e3o atualizada \u00e9 no R7 Esportes! Confira os pr\u00f3ximos jogos, not\u00edcias e muito mais.&#8221;,&#8221;site_keywords&#8221;:null,&#8221;site_tagline&#8221;:&#8221;Tabela e jogos | Mundial de Clubes 2025 | R7 Esportes&#8221;,&#8221;site_title&#8221;:&#8221;Tabela e jogos | Mundial de Clubes 2025 | R7 Esportes&#8221;,&#8221;site_url&#8221;:null},&#8221;site_topper&#8221;:{&#8220;section_header_image&#8221;:null,&#8221;section_header_image_id&#8221;:null,&#8221;section_header_image_mobile&#8221;:null,&#8221;section_header_image_mobile_id&#8221;:null,&#8221;section_left_color_top&#8221;:null,&#8221;section_primary_color&#8221;:null,&#8221;section_right_color_top&#8221;:null,&#8221;site_logo_image&#8221;:null},&#8221;social&#8221;:{&#8220;facebook&#8221;:null,&#8221;instagram&#8221;:null,&#8221;kwai&#8221;:null,&#8221;rss&#8221;:null,&#8221;twitter&#8221;:null},&#8221;ultimas&#8221;:{&#8220;tab_ultimas&#8221;:[]},&#8221;is_grouping&#8221;:&#8221;false&#8221;,&#8221;node_type&#8221;:&#8221;section&#8221;,&#8221;children&#8221;:[]}]},{&#8220;_id&#8221;:&#8221;\/futebol\/palmeiras-campeao&#8221;,&#8221;website&#8221;:&#8221;esportes&#8221;,&#8221;name&#8221;:&#8221;palmeiras campe\u00e3o&#8221;,&#8221;navigation&#8221;:{&#8220;nav_title&#8221;:&#8221;palmeiras campe\u00e3o&#8221;},&#8221;parent&#8221;:{&#8220;default&#8221;:&#8221;https:\/\/esportes.r7.com\/futebol&#8221;,&#8221;header&#8221;:&#8221;https:\/\/esportes.r7.com\/futebol&#8221;},&#8221;_admin&#8221;:{&#8220;alias_ids&#8221;:[&#8220;\/futebol\/palmeiras-campeao&#8221;]},&#8221;site&#8221;:{&#8220;site_description&#8221;:&#8221;&#8221;,&#8221;site_title&#8221;:&#8221;palmeiras campe\u00e3o&#8221;},&#8221;inactive&#8221;:false,&#8221;SEO&#8221;:{&#8220;seo_tags&#8221;:[]},&#8221;site_topper&#8221;:{},&#8221;is_grouping&#8221;:&#8221;true&#8221;,&#8221;_website&#8221;:&#8221;esportes&#8221;,&#8221;node_type&#8221;:&#8221;section&#8221;,&#8221;children&#8221;:[]},{&#8220;_id&#8221;:&#8221;\/futebol\/palmeiras-no-mundial&#8221;,&#8221;website&#8221;:&#8221;esportes&#8221;,&#8221;name&#8221;:&#8221;Palmeiras no Mundial&#8221;,&#8221;navigation&#8221;:{&#8220;nav_title&#8221;:&#8221;Palmeiras no Mundial&#8221;},&#8221;parent&#8221;:{&#8220;default&#8221;:&#8221;https:\/\/esportes.r7.com\/futebol&#8221;,&#8221;header&#8221;:&#8221;https:\/\/esportes.r7.com\/futebol&#8221;},&#8221;_admin&#8221;:{&#8220;alias_ids&#8221;:[&#8220;\/futebol\/palmeiras-no-mundial&#8221;]},&#8221;site&#8221;:{&#8220;site_description&#8221;:&#8221;&#8221;,&#8221;site_title&#8221;:&#8221;Palmeiras no Mundial&#8221;},&#8221;inactive&#8221;:false,&#8221;SEO&#8221;:{&#8220;seo_tags&#8221;:[]},&#8221;site_topper&#8221;:{},&#8221;is_grouping&#8221;:&#8221;true&#8221;,&#8221;_website&#8221;:&#8221;esportes&#8221;,&#8221;node_type&#8221;:&#8221;section&#8221;,&#8221;children&#8221;:[]},{&#8220;_id&#8221;:&#8221;\/futebol\/pele-80-anos-do-rei-do-futebol&#8221;,&#8221;website&#8221;:&#8221;esportes&#8221;,&#8221;name&#8221;:&#8221;Pel\u00e9 &#8211; 80 anos do Rei do Futebol&#8221;,&#8221;navigation&#8221;:{&#8220;nav_title&#8221;:&#8221;Pel\u00e9 &#8211; 80 anos do Rei do Futebol&#8221;},&#8221;parent&#8221;:{&#8220;default&#8221;:&#8221;https:\/\/esportes.r7.com\/futebol&#8221;,&#8221;header&#8221;:&#8221;https:\/\/esportes.r7.com\/futebol&#8221;},&#8221;_admin&#8221;:{&#8220;alias_ids&#8221;:[&#8220;\/futebol\/pele-80-anos-do-rei-do-futebol&#8221;]},&#8221;site&#8221;:{&#8220;site_description&#8221;:&#8221;&#8221;,&#8221;site_title&#8221;:&#8221;Pel\u00e9 &#8211; 80 anos do Rei do Futebol&#8221;},&#8221;inactive&#8221;:false,&#8221;SEO&#8221;:{&#8220;seo_tags&#8221;:[]},&#8221;site_topper&#8221;:{},&#8221;is_grouping&#8221;:&#8221;true&#8221;,&#8221;_website&#8221;:&#8221;esportes&#8221;,&#8221;node_type&#8221;:&#8221;section&#8221;,&#8221;children&#8221;:[]},{&#8220;_id&#8221;:&#8221;\/futebol\/pele-rei-do-futebol&#8221;,&#8221;website&#8221;:&#8221;esportes&#8221;,&#8221;name&#8221;:&#8221;Pel\u00e9 &#8211; Rei do Futebol&#8221;,&#8221;navigation&#8221;:{&#8220;nav_title&#8221;:&#8221;Pel\u00e9 &#8211; Rei do Futebol&#8221;},&#8221;parent&#8221;:{&#8220;default&#8221;:&#8221;https:\/\/esportes.r7.com\/futebol&#8221;,&#8221;header&#8221;:&#8221;https:\/\/esportes.r7.com\/futebol&#8221;},&#8221;_admin&#8221;:{&#8220;alias_ids&#8221;:[&#8220;\/futebol\/pele-rei-do-futebol&#8221;]},&#8221;site&#8221;:{&#8220;site_description&#8221;:&#8221;&#8221;,&#8221;site_title&#8221;:&#8221;Pel\u00e9 &#8211; Rei do Futebol&#8221;},&#8221;inactive&#8221;:false,&#8221;SEO&#8221;:{&#8220;seo_tags&#8221;:[]},&#8221;site_topper&#8221;:{},&#8221;is_grouping&#8221;:&#8221;true&#8221;,&#8221;_website&#8221;:&#8221;esportes&#8221;,&#8221;node_type&#8221;:&#8221;section&#8221;,&#8221;children&#8221;:[]},{&#8220;_id&#8221;:&#8221;\/futebol\/portal-do-gremista&#8221;,&#8221;website&#8221;:&#8221;esportes&#8221;,&#8221;name&#8221;:&#8221;Portal do Gremista&#8221;,&#8221;navigation&#8221;:{&#8220;nav_title&#8221;:&#8221;Portal do Gremista&#8221;},&#8221;parent&#8221;:{&#8220;default&#8221;:&#8221;https:\/\/esportes.r7.com\/futebol&#8221;,&#8221;header&#8221;:&#8221;https:\/\/esportes.r7.com\/futebol&#8221;},&#8221;_admin&#8221;:{&#8220;alias_ids&#8221;:[&#8220;\/futebol\/portal-do-gremista&#8221;]},&#8221;site&#8221;:{&#8220;site_description&#8221;:&#8221;&#8221;,&#8221;site_title&#8221;:&#8221;Portal do Gremista&#8221;},&#8221;inactive&#8221;:false,&#8221;SEO&#8221;:{&#8220;seo_tags&#8221;:[]},&#8221;site_topper&#8221;:{},&#8221;is_grouping&#8221;:&#8221;false&#8221;,&#8221;_website&#8221;:&#8221;esportes&#8221;,&#8221;node_type&#8221;:&#8221;section&#8221;,&#8221;children&#8221;:[]},{&#8220;_id&#8221;:&#8221;\/futebol\/portal-dos-times&#8221;,&#8221;website&#8221;:&#8221;esportes&#8221;,&#8221;name&#8221;:&#8221;Portal dos Times&#8221;,&#8221;navigation&#8221;:{&#8220;nav_title&#8221;:&#8221;Portal dos Times&#8221;},&#8221;parent&#8221;:{&#8220;default&#8221;:&#8221;https:\/\/esportes.r7.com\/futebol&#8221;,&#8221;header&#8221;:&#8221;https:\/\/esportes.r7.com\/futebol&#8221;},&#8221;_admin&#8221;:{&#8220;alias_ids&#8221;:[&#8220;\/futebol\/portal-dos-times&#8221;]},&#8221;site&#8221;:{&#8220;site_description&#8221;:&#8221;&#8221;,&#8221;site_title&#8221;:&#8221;Portal dos Times&#8221;},&#8221;inactive&#8221;:false,&#8221;SEO&#8221;:{&#8220;seo_tags&#8221;:[]},&#8221;site_topper&#8221;:{},&#8221;is_grouping&#8221;:&#8221;false&#8221;,&#8221;_website&#8221;:&#8221;esportes&#8221;,&#8221;node_type&#8221;:&#8221;section&#8221;,&#8221;children&#8221;:[]},{&#8220;_id&#8221;:&#8221;\/futebol\/queda-do-aviao-da-chapecoense&#8221;,&#8221;website&#8221;:&#8221;esportes&#8221;,&#8221;name&#8221;:&#8221;Queda do avi\u00e3o da Chapecoense&#8221;,&#8221;navigation&#8221;:{&#8220;nav_title&#8221;:&#8221;Queda do avi\u00e3o da Chapecoense&#8221;},&#8221;parent&#8221;:{&#8220;default&#8221;:&#8221;https:\/\/esportes.r7.com\/futebol&#8221;,&#8221;header&#8221;:&#8221;https:\/\/esportes.r7.com\/futebol&#8221;},&#8221;_admin&#8221;:{&#8220;alias_ids&#8221;:[&#8220;\/futebol\/queda-do-aviao-da-chapecoense&#8221;]},&#8221;site&#8221;:{&#8220;site_description&#8221;:&#8221;&#8221;,&#8221;site_title&#8221;:&#8221;Queda do avi\u00e3o da Chapecoense&#8221;},&#8221;inactive&#8221;:false,&#8221;SEO&#8221;:{&#8220;seo_tags&#8221;:[]},&#8221;site_topper&#8221;:{},&#8221;is_grouping&#8221;:&#8221;true&#8221;,&#8221;_website&#8221;:&#8221;esportes&#8221;,&#8221;node_type&#8221;:&#8221;section&#8221;,&#8221;children&#8221;:[]},{&#8220;_id&#8221;:&#8221;\/futebol\/ranking-da-fifa&#8221;,&#8221;website&#8221;:&#8221;esportes&#8221;,&#8221;name&#8221;:&#8221;Ranking da Fifa&#8221;,&#8221;navigation&#8221;:{&#8220;nav_title&#8221;:&#8221;Ranking da Fifa&#8221;},&#8221;parent&#8221;:{&#8220;default&#8221;:&#8221;https:\/\/esportes.r7.com\/futebol&#8221;,&#8221;header&#8221;:&#8221;https:\/\/esportes.r7.com\/futebol&#8221;},&#8221;_admin&#8221;:{&#8220;alias_ids&#8221;:[&#8220;\/futebol\/ranking-da-fifa&#8221;]},&#8221;site&#8221;:{&#8220;site_description&#8221;:&#8221;&#8221;,&#8221;site_title&#8221;:&#8221;Ranking da Fifa&#8221;},&#8221;inactive&#8221;:false,&#8221;SEO&#8221;:{&#8220;seo_tags&#8221;:[]},&#8221;site_topper&#8221;:{},&#8221;is_grouping&#8221;:&#8221;false&#8221;,&#8221;_website&#8221;:&#8221;esportes&#8221;,&#8221;node_type&#8221;:&#8221;section&#8221;,&#8221;children&#8221;:[]},{&#8220;_id&#8221;:&#8221;\/futebol\/selecao-brasileira&#8221;,&#8221;_website&#8221;:&#8221;esportes&#8221;,&#8221;name&#8221;:&#8221;Sele\u00e7\u00e3o brasileira&#8221;,&#8221;inactive&#8221;:false,&#8221;parent&#8221;:{&#8220;default&#8221;:&#8221;https:\/\/esportes.r7.com\/futebol&#8221;,&#8221;header&#8221;:&#8221;https:\/\/esportes.r7.com\/futebol&#8221;},&#8221;SEO&#8221;:{&#8220;seo_tags&#8221;:[]},&#8221;_admin&#8221;:{&#8220;alias_ids&#8221;:[&#8220;\/futebol\/selecao-brasileira&#8221;]},&#8221;navigation&#8221;:{&#8220;nav_title&#8221;:&#8221;Sele\u00e7\u00e3o brasileira&#8221;},&#8221;newsletter&#8221;:{&#8220;id&#8221;:&#8221;68484031b8b9d10001c4f8ba&#8221;},&#8221;site&#8221;:{&#8220;site_description&#8221;:null,&#8221;site_title&#8221;:&#8221;Sele\u00e7\u00e3o brasileira&#8221;},&#8221;is_grouping&#8221;:&#8221;true&#8221;,&#8221;node_type&#8221;:&#8221;section&#8221;,&#8221;children&#8221;:[{&#8220;_id&#8221;:&#8221;\/futebol\/selecao-brasileira\/lance-a-lance&#8221;,&#8221;_website&#8221;:&#8221;esportes&#8221;,&#8221;name&#8221;:&#8221;Lance a Lance&#8221;,&#8221;inactive&#8221;:false,&#8221;ancestors&#8221;:{&#8220;default&#8221;:[&#8220;https:\/\/esportes.r7.com\/futebol&#8221;,&#8221;\/futebol\/selecao-brasileira&#8221;]},&#8221;parent&#8221;:{&#8220;default&#8221;:&#8221;\/futebol\/selecao-brasileira&#8221;},&#8221;SEO&#8221;:{&#8220;og_image_id&#8221;:null,&#8221;seo_description&#8221;:&#8221;Amistosos da Sele\u00e7\u00e3o! Acompanhe todos os lances, resultados e not\u00edcias da sele\u00e7\u00e3o brasileira. N\u00e3o perca nenhum detalhe! Acesse j\u00e1 o R7!&#8221;,&#8221;seo_tags&#8221;:[&#8220;Amistosos da Sele\u00e7\u00e3o&#8221;,&#8221;Sele\u00e7\u00e3o Brasileira&#8221;,&#8221;Lance a Lance&#8221;,&#8221;Resultados&#8221;,&#8221;Futebol&#8221;,&#8221;R7 Esportes&#8221;],&#8221;seo_title&#8221;:&#8221;Lance a Lance | Amistosos da Sele\u00e7\u00e3o | R7 Esportes&#8221;,&#8221;title_hotsite&#8221;:&#8221;Lance a Lance | Amistosos da Sele\u00e7\u00e3o | R7 Esportes&#8221;,&#8221;top_url&#8221;:&#8221;https:\/\/esportes.r7.com\/futebol\/selecao-brasileira\/lance-a-lance\/&#8221;,&#8221;url_og_image&#8221;:null},&#8221;age_rating&#8221;:{&#8220;classificacao_etaria&#8221;:null},&#8221;age_rating_description&#8221;:{&#8220;atos_criminosos&#8221;:&#8221;false&#8221;,&#8221;conteudo_sexual&#8221;:&#8221;false&#8221;,&#8221;drogas&#8221;:&#8221;false&#8221;,&#8221;drogas_ilicitas&#8221;:&#8221;false&#8221;,&#8221;drogas_licitas&#8221;:&#8221;false&#8221;,&#8221;linguagem_impropria&#8221;:&#8221;false&#8221;,&#8221;medo&#8221;:&#8221;false&#8221;,&#8221;nudez&#8221;:&#8221;false&#8221;,&#8221;procedimentos_medicos&#8221;:&#8221;false&#8221;,&#8221;sexo_explicito&#8221;:&#8221;false&#8221;,&#8221;temas_sensiveis&#8221;:&#8221;false&#8221;,&#8221;violencia&#8221;:&#8221;false&#8221;,&#8221;violencia_extrema&#8221;:&#8221;false&#8221;,&#8221;violencia_fantasiosa&#8221;:&#8221;false&#8221;},&#8221;area_logada&#8221;:{&#8220;exclusive_content&#8221;:&#8221;false&#8221;},&#8221;navigation&#8221;:{&#8220;menu_url&#8221;:null,&#8221;nav_title&#8221;:null},&#8221;newsletter&#8221;:{&#8220;id&#8221;:null},&#8221;publicidade&#8221;:{&#8220;disable_adv&#8221;:&#8221;false&#8221;,&#8221;disable_audima_adv&#8221;:&#8221;false&#8221;,&#8221;disable_taboola&#8221;:&#8221;false&#8221;,&#8221;hash&#8221;:null},&#8221;site&#8221;:{&#8220;coupon_categories&#8221;:&#8221;departamentos&#8221;,&#8221;disable_refresh&#8221;:&#8221;4&#8243;,&#8221;enable_disclaimer&#8221;:&#8221;false&#8221;,&#8221;pagebuilder_path_for_native_apps&#8221;:null,&#8221;site_about&#8221;:&#8221;Lance a Lance | Amistosos da Sele\u00e7\u00e3o | R7 Esportes&#8221;,&#8221;site_description&#8221;:&#8221;Amistosos da Sele\u00e7\u00e3o! Acompanhe todos os lances, resultados e not\u00edcias da sele\u00e7\u00e3o brasileira. N\u00e3o perca nenhum detalhe! Acesse j\u00e1 o R7!&#8221;,&#8221;site_keywords&#8221;:&#8221;amistosos da sele\u00e7\u00e3o, sele\u00e7\u00e3o brasileira, futebol, esportes, lance a lance, jogadas, jogos, resultados, not\u00edcias&#8221;,&#8221;site_tagline&#8221;:&#8221;Lance a Lance | Amistosos da Sele\u00e7\u00e3o | R7 Esportes&#8221;,&#8221;site_title&#8221;:&#8221;Lance a Lance | Amistosos da Sele\u00e7\u00e3o | R7 Esportes&#8221;,&#8221;site_url&#8221;:null},&#8221;site_topper&#8221;:{&#8220;section_header_image&#8221;:null,&#8221;section_header_image_id&#8221;:null,&#8221;section_header_image_mobile&#8221;:null,&#8221;section_header_image_mobile_id&#8221;:null,&#8221;section_left_color_top&#8221;:null,&#8221;section_primary_color&#8221;:null,&#8221;section_right_color_top&#8221;:null,&#8221;site_logo_image&#8221;:null},&#8221;social&#8221;:{&#8220;facebook&#8221;:null,&#8221;instagram&#8221;:null,&#8221;kwai&#8221;:null,&#8221;rss&#8221;:null,&#8221;twitter&#8221;:null},&#8221;ultimas&#8221;:{&#8220;tab_ultimas&#8221;:[]},&#8221;is_grouping&#8221;:&#8221;false&#8221;,&#8221;node_type&#8221;:&#8221;section&#8221;,&#8221;children&#8221;:[]}]},{&#8220;_id&#8221;:&#8221;\/futebol\/sul-americana&#8221;,&#8221;_website&#8221;:&#8221;esportes&#8221;,&#8221;name&#8221;:&#8221;Sul Americana&#8221;,&#8221;inactive&#8221;:false,&#8221;parent&#8221;:{&#8220;default&#8221;:&#8221;https:\/\/esportes.r7.com\/futebol&#8221;,&#8221;header&#8221;:&#8221;https:\/\/esportes.r7.com\/futebol&#8221;},&#8221;SEO&#8221;:{&#8220;og_image_id&#8221;:&#8221;65577e9dcd77c0d31f00108e&#8221;,&#8221;seo_description&#8221;:&#8221;Confira resultados, pr\u00f3ximos jogos, tabela de classifica\u00e7\u00e3o completa, v\u00eddeos e as \u00faltimas not\u00edciasda Copa Sul Americana | 2025 | no R7 Esportes&#8221;,&#8221;seo_tags&#8221;:[&#8220;sul-americana&#8221;,&#8221;copa sul-americana&#8221;,&#8221;conmebol&#8221;,&#8221;america&#8221;,&#8221;futebol&#8221;,&#8221;r7&#8243;],&#8221;seo_title&#8221;:&#8221;Tabela, not\u00edcias e resultados | Sul Americana | 2025 | R7&#8243;,&#8221;title_hotsite&#8221;:&#8221;R7 Esportes NO REFRESH&#8221;,&#8221;top_url&#8221;:&#8221;https:\/\/esportes.r7.com\/&#8221;,&#8221;url_og_image&#8221;:&#8221;https:\/\/img.r7.com\/images\/r7-esportes-17112023115422099&#8243;},&#8221;_admin&#8221;:{&#8220;alias_ids&#8221;:[&#8220;\/futebol\/sul-americana&#8221;]},&#8221;age_rating&#8221;:{&#8220;classificacao_etaria&#8221;:null},&#8221;age_rating_description&#8221;:{&#8220;atos_criminosos&#8221;:&#8221;false&#8221;,&#8221;conteudo_sexual&#8221;:&#8221;false&#8221;,&#8221;drogas&#8221;:&#8221;false&#8221;,&#8221;drogas_ilicitas&#8221;:&#8221;false&#8221;,&#8221;drogas_licitas&#8221;:&#8221;false&#8221;,&#8221;linguagem_impropria&#8221;:&#8221;false&#8221;,&#8221;medo&#8221;:&#8221;false&#8221;,&#8221;nudez&#8221;:&#8221;false&#8221;,&#8221;procedimentos_medicos&#8221;:&#8221;false&#8221;,&#8221;sexo_explicito&#8221;:&#8221;false&#8221;,&#8221;temas_sensiveis&#8221;:&#8221;false&#8221;,&#8221;violencia&#8221;:&#8221;false&#8221;,&#8221;violencia_extrema&#8221;:&#8221;false&#8221;,&#8221;violencia_fantasiosa&#8221;:&#8221;false&#8221;},&#8221;area_logada&#8221;:{&#8220;exclusive_content&#8221;:&#8221;false&#8221;},&#8221;campanha_branded&#8221;:{&#8220;ativar_background_campanha&#8221;:&#8221;false&#8221;,&#8221;ativar_fonte_campanha&#8221;:&#8221;false&#8221;,&#8221;ativar_logo_campanha&#8221;:&#8221;false&#8221;},&#8221;navigation&#8221;:{&#8220;menu_url&#8221;:null,&#8221;nav_title&#8221;:&#8221;Sul Americana&#8221;},&#8221;newsletter&#8221;:{&#8220;id&#8221;:&#8221;68484031b8b9d10001c4f8ba&#8221;},&#8221;publicidade&#8221;:{&#8220;disable_adv&#8221;:&#8221;false&#8221;,&#8221;disable_audima_adv&#8221;:&#8221;false&#8221;,&#8221;disable_taboola&#8221;:&#8221;false&#8221;,&#8221;hash&#8221;:&#8221;r7esportes\/futebol\/sul-americana&#8221;},&#8221;site&#8221;:{&#8220;coupon_categories&#8221;:&#8221;departamentos&#8221;,&#8221;disable_refresh&#8221;:&#8221;4&#8243;,&#8221;enable_disclaimer&#8221;:&#8221;false&#8221;,&#8221;pagebuilder_path_for_native_apps&#8221;:null,&#8221;site_about&#8221;:&#8221;Tabela, not\u00edcias e resultados | Sul Americana | 2025 | R7&#8243;,&#8221;site_description&#8221;:&#8221;Confira resultados, pr\u00f3ximos jogos, tabela de classifica\u00e7\u00e3o completa, v\u00eddeos e as \u00faltimas not\u00edciasda Copa Sul Americana | 2025 | no R7 Esportes&#8221;,&#8221;site_keywords&#8221;:&#8221;sul-americana, conmenbol, futebol, resultados&#8221;,&#8221;site_tagline&#8221;:&#8221;Tabela, not\u00edcias e resultados | Sul Americana | 2025 | R7&#8243;,&#8221;site_title&#8221;:&#8221;Tabela, not\u00edcias e resultados | Sul Americana | 2025 | R7&#8243;,&#8221;site_url&#8221;:null},&#8221;site_topper&#8221;:{&#8220;section_header_image&#8221;:&#8221;https:\/\/img.r7.com\/images\/r7-esportes-17112023115349934&#8243;,&#8221;section_header_image_id&#8221;:&#8221;65577e7d1df97b21c400040f&#8221;,&#8221;section_header_image_mobile&#8221;:&#8221;https:\/\/img.r7.com\/images\/r7-esportes-17112023115459066&#8243;,&#8221;section_header_image_mobile_id&#8221;:&#8221;65577ec2c012ad96f3000a4a&#8221;,&#8221;section_left_color_top&#8221;:&#8221;#2B8047&#8243;,&#8221;section_primary_color&#8221;:&#8221;#0E8148&#8243;,&#8221;section_right_color_top&#8221;:&#8221;#2B8047&#8243;,&#8221;site_logo_image&#8221;:null},&#8221;social&#8221;:{&#8220;bluesky&#8221;:null,&#8221;facebook&#8221;:null,&#8221;instagram&#8221;:null,&#8221;kwai&#8221;:null,&#8221;rss&#8221;:null,&#8221;threads&#8221;:null,&#8221;tiktok&#8221;:null,&#8221;twitter&#8221;:null,&#8221;whatsapp&#8221;:null,&#8221;youtube&#8221;:null},&#8221;ultimas&#8221;:{&#8220;tab_ultimas&#8221;:[]},&#8221;is_grouping&#8221;:&#8221;false&#8221;,&#8221;node_type&#8221;:&#8221;section&#8221;,&#8221;children&#8221;:[{&#8220;_id&#8221;:&#8221;\/futebol\/sul-americana\/lance-a-lance&#8221;,&#8221;_website&#8221;:&#8221;esportes&#8221;,&#8221;name&#8221;:&#8221;Lance a Lance&#8221;,&#8221;inactive&#8221;:false,&#8221;ancestors&#8221;:{&#8220;default&#8221;:[&#8220;https:\/\/esportes.r7.com\/futebol&#8221;,&#8221;\/futebol\/sul-americana&#8221;]},&#8221;parent&#8221;:{&#8220;default&#8221;:&#8221;\/futebol\/sul-americana&#8221;},&#8221;SEO&#8221;:{&#8220;og_image_id&#8221;:null,&#8221;seo_description&#8221;:&#8221;Sul-Americana na Record! Acompanhe todos os lances, not\u00edcias e resultados do campeonato no R7. Futebol e emo\u00e7\u00e3o te esperam. Acesse e n\u00e3o perca!&#8221;,&#8221;seo_tags&#8221;:[&#8220;Sul-Americana&#8221;,&#8221;Record&#8221;,&#8221;R7&#8243;,&#8221;futebol&#8221;,&#8221;campeonato&#8221;,&#8221;resultados&#8221;],&#8221;seo_title&#8221;:&#8221;Confira: Sul-Americana 2025 &#8211; Acompanhe Lance a Lance na Record!&#8221;,&#8221;title_hotsite&#8221;:&#8221;Lance a Lance | Sul Americana&#8221;,&#8221;top_url&#8221;:&#8221;https:\/\/esportes.r7.com\/&#8221;,&#8221;url_og_image&#8221;:&#8221;https:\/\/cloudfront-us-east-1.images.arcpublishing.com\/newr7\/NMNZEFN7QVHNJBZKEEDUPEPPOY.jpg&#8221;},&#8221;age_rating&#8221;:{&#8220;classificacao_etaria&#8221;:null},&#8221;age_rating_description&#8221;:{&#8220;atos_criminosos&#8221;:&#8221;false&#8221;,&#8221;conteudo_sexual&#8221;:&#8221;false&#8221;,&#8221;drogas&#8221;:&#8221;false&#8221;,&#8221;drogas_ilicitas&#8221;:&#8221;false&#8221;,&#8221;drogas_licitas&#8221;:&#8221;false&#8221;,&#8221;linguagem_impropria&#8221;:&#8221;false&#8221;,&#8221;medo&#8221;:&#8221;false&#8221;,&#8221;nudez&#8221;:&#8221;false&#8221;,&#8221;procedimentos_medicos&#8221;:&#8221;false&#8221;,&#8221;sexo_explicito&#8221;:&#8221;false&#8221;,&#8221;temas_sensiveis&#8221;:&#8221;false&#8221;,&#8221;violencia&#8221;:&#8221;false&#8221;,&#8221;violencia_extrema&#8221;:&#8221;false&#8221;,&#8221;violencia_fantasiosa&#8221;:&#8221;false&#8221;},&#8221;area_logada&#8221;:{&#8220;exclusive_content&#8221;:&#8221;false&#8221;},&#8221;navigation&#8221;:{&#8220;menu_url&#8221;:null,&#8221;nav_title&#8221;:&#8221;Lance a Lance | Sul Americana&#8221;},&#8221;newsletter&#8221;:{&#8220;id&#8221;:null},&#8221;publicidade&#8221;:{&#8220;disable_adv&#8221;:&#8221;false&#8221;,&#8221;disable_audima_adv&#8221;:&#8221;false&#8221;,&#8221;disable_taboola&#8221;:&#8221;false&#8221;,&#8221;hash&#8221;:&#8221;r7esportes\/futebol\/lance-a-lance\/sul-americana&#8221;},&#8221;site&#8221;:{&#8220;coupon_categories&#8221;:&#8221;departamentos&#8221;,&#8221;disable_refresh&#8221;:&#8221;4&#8243;,&#8221;enable_disclaimer&#8221;:&#8221;false&#8221;,&#8221;pagebuilder_path_for_native_apps&#8221;:null,&#8221;site_about&#8221;:null,&#8221;site_description&#8221;:null,&#8221;site_keywords&#8221;:null,&#8221;site_tagline&#8221;:null,&#8221;site_title&#8221;:&#8221;Lance a Lance | Sul Americana&#8221;,&#8221;site_url&#8221;:null},&#8221;site_topper&#8221;:{&#8220;section_header_image&#8221;:&#8221;https:\/\/cloudfront-us-east-1.images.arcpublishing.com\/newr7\/BH4X3URDX5CFJKIQDYVZBWGIOI.jpg&#8221;,&#8221;section_header_image_id&#8221;:null,&#8221;section_header_image_mobile&#8221;:&#8221;https:\/\/cloudfront-us-east-1.images.arcpublishing.com\/newr7\/5W3YYM5O5BGGVDDQPZKIVGLQUQ.jpg&#8221;,&#8221;section_header_image_mobile_id&#8221;:null,&#8221;section_left_color_top&#8221;:&#8221;#0C703C&#8221;,&#8221;section_primary_color&#8221;:&#8221;#2B8047&#8243;,&#8221;section_right_color_top&#8221;:&#8221;#0C703C&#8221;,&#8221;site_logo_image&#8221;:null},&#8221;social&#8221;:{&#8220;facebook&#8221;:null,&#8221;instagram&#8221;:null,&#8221;kwai&#8221;:null,&#8221;rss&#8221;:null,&#8221;twitter&#8221;:null},&#8221;ultimas&#8221;:{&#8220;tab_ultimas&#8221;:[]},&#8221;is_grouping&#8221;:&#8221;false&#8221;,&#8221;node_type&#8221;:&#8221;section&#8221;,&#8221;children&#8221;:[]},{&#8220;_id&#8221;:&#8221;\/futebol\/sul-americana\/tabela&#8221;,&#8221;_website&#8221;:&#8221;esportes&#8221;,&#8221;name&#8221;:&#8221;Tabela&#8221;,&#8221;inactive&#8221;:false,&#8221;ancestors&#8221;:{&#8220;default&#8221;:[&#8220;https:\/\/esportes.r7.com\/futebol&#8221;,&#8221;\/futebol\/sul-americana&#8221;]},&#8221;parent&#8221;:{&#8220;default&#8221;:&#8221;\/futebol\/sul-americana&#8221;},&#8221;SEO&#8221;:{&#8220;og_image_id&#8221;:null,&#8221;seo_description&#8221;:&#8221;Copa Sul-Americana com tabela de classifica\u00e7\u00e3o atualizada \u00e9 no R7 Esportes! Confira os pr\u00f3ximos jogos, not\u00edcias e muito mais.&#8221;,&#8221;seo_tags&#8221;:[&#8220;Classifica\u00e7\u00e3o&#8221;,&#8221;Sul Americana&#8221;,&#8221;Brasileir\u00e3o&#8221;,&#8221;tabela&#8221;,&#8221;resultados&#8221;,&#8221;jogos&#8221;,&#8221;R7&#8243;],&#8221;seo_title&#8221;:&#8221;Tabela e jogos | Copa Sul-Americana 2025 | R7 Esportes&#8221;,&#8221;title_hotsite&#8221;:&#8221;Tabela e jogos | Copa Sul-Americana 2025 | R7 Esportes&#8221;,&#8221;top_url&#8221;:&#8221;https:\/\/esportes.r7.com\/futebol\/sul-americana\/&#8221;,&#8221;url_og_image&#8221;:null},&#8221;age_rating&#8221;:{&#8220;classificacao_etaria&#8221;:null},&#8221;age_rating_description&#8221;:{&#8220;atos_criminosos&#8221;:&#8221;false&#8221;,&#8221;conteudo_sexual&#8221;:&#8221;false&#8221;,&#8221;drogas&#8221;:&#8221;false&#8221;,&#8221;drogas_ilicitas&#8221;:&#8221;false&#8221;,&#8221;drogas_licitas&#8221;:&#8221;false&#8221;,&#8221;linguagem_impropria&#8221;:&#8221;false&#8221;,&#8221;medo&#8221;:&#8221;false&#8221;,&#8221;nudez&#8221;:&#8221;false&#8221;,&#8221;procedimentos_medicos&#8221;:&#8221;false&#8221;,&#8221;sexo_explicito&#8221;:&#8221;false&#8221;,&#8221;temas_sensiveis&#8221;:&#8221;false&#8221;,&#8221;violencia&#8221;:&#8221;false&#8221;,&#8221;violencia_extrema&#8221;:&#8221;false&#8221;,&#8221;violencia_fantasiosa&#8221;:&#8221;false&#8221;},&#8221;area_logada&#8221;:{&#8220;exclusive_content&#8221;:&#8221;false&#8221;},&#8221;navigation&#8221;:{&#8220;menu_url&#8221;:null,&#8221;nav_title&#8221;:&#8221;Tabela | Sul Americana&#8221;},&#8221;newsletter&#8221;:{&#8220;id&#8221;:null},&#8221;publicidade&#8221;:{&#8220;disable_adv&#8221;:&#8221;false&#8221;,&#8221;disable_audima_adv&#8221;:&#8221;false&#8221;,&#8221;disable_taboola&#8221;:&#8221;false&#8221;,&#8221;hash&#8221;:&#8221;r7esportes\/futebol\/sul-americana\/tabela&#8221;},&#8221;site&#8221;:{&#8220;coupon_categories&#8221;:&#8221;departamentos&#8221;,&#8221;disable_refresh&#8221;:&#8221;4&#8243;,&#8221;enable_disclaimer&#8221;:&#8221;false&#8221;,&#8221;pagebuilder_path_for_native_apps&#8221;:null,&#8221;site_about&#8221;:&#8221;Tabela e jogos | Copa Sul-Americana 2025 | R7 Esportes&#8221;,&#8221;site_description&#8221;:&#8221;Copa Sul-Americana com tabela de classifica\u00e7\u00e3o atualizada \u00e9 no R7 Esportes! Confira os pr\u00f3ximos jogos, not\u00edcias e muito mais.&#8221;,&#8221;site_keywords&#8221;:&#8221;tabela, classifica\u00e7\u00e3o, rodadas, sul-americana, copa sul-americana, futebol, r7 esportes, r7&#8243;,&#8221;site_tagline&#8221;:&#8221;Tabela e jogos | Copa Sul-Americana 2025 | R7 Esportes&#8221;,&#8221;site_title&#8221;:&#8221;Tabela e jogos | Copa Sul-Americana 2025 | R7 Esportes&#8221;,&#8221;site_url&#8221;:null},&#8221;site_topper&#8221;:{&#8220;section_header_image&#8221;:null,&#8221;section_header_image_id&#8221;:null,&#8221;section_header_image_mobile&#8221;:null,&#8221;section_header_image_mobile_id&#8221;:null,&#8221;section_left_color_top&#8221;:null,&#8221;section_primary_color&#8221;:null,&#8221;section_right_color_top&#8221;:null,&#8221;site_logo_image&#8221;:null},&#8221;social&#8221;:{&#8220;facebook&#8221;:null,&#8221;instagram&#8221;:null,&#8221;kwai&#8221;:null,&#8221;rss&#8221;:null,&#8221;twitter&#8221;:null},&#8221;ultimas&#8221;:{&#8220;tab_ultimas&#8221;:[]},&#8221;is_grouping&#8221;:&#8221;false&#8221;,&#8221;node_type&#8221;:&#8221;section&#8221;,&#8221;children&#8221;:[]}]},{&#8220;_id&#8221;:&#8221;\/futebol\/supercopa&#8221;,&#8221;website&#8221;:&#8221;esportes&#8221;,&#8221;name&#8221;:&#8221;Supercopa&#8221;,&#8221;navigation&#8221;:{&#8220;nav_title&#8221;:&#8221;Supercopa&#8221;},&#8221;parent&#8221;:{&#8220;default&#8221;:&#8221;https:\/\/esportes.r7.com\/futebol&#8221;,&#8221;header&#8221;:&#8221;https:\/\/esportes.r7.com\/futebol&#8221;},&#8221;_admin&#8221;:{&#8220;alias_ids&#8221;:[&#8220;\/futebol\/supercopa&#8221;]},&#8221;site&#8221;:{&#8220;site_description&#8221;:&#8221;&#8221;,&#8221;site_title&#8221;:&#8221;Supercopa&#8221;},&#8221;inactive&#8221;:false,&#8221;SEO&#8221;:{&#8220;seo_tags&#8221;:[]},&#8221;site_topper&#8221;:{},&#8221;is_grouping&#8221;:&#8221;false&#8221;,&#8221;_website&#8221;:&#8221;esportes&#8221;,&#8221;node_type&#8221;:&#8221;section&#8221;,&#8221;children&#8221;:[{&#8220;_id&#8221;:&#8221;\/futebol\/supercopa\/lance-a-lance&#8221;,&#8221;_website&#8221;:&#8221;esportes&#8221;,&#8221;name&#8221;:&#8221;Lance a Lance&#8221;,&#8221;inactive&#8221;:false,&#8221;ancestors&#8221;:{&#8220;default&#8221;:[&#8220;https:\/\/esportes.r7.com\/futebol&#8221;,&#8221;\/futebol\/supercopa&#8221;]},&#8221;parent&#8221;:{&#8220;default&#8221;:&#8221;\/futebol\/supercopa&#8221;},&#8221;SEO&#8221;:{&#8220;og_image_id&#8221;:null,&#8221;seo_description&#8221;:null,&#8221;seo_tags&#8221;:[],&#8221;seo_title&#8221;:null,&#8221;title_hotsite&#8221;:null,&#8221;top_url&#8221;:null,&#8221;url_og_image&#8221;:null},&#8221;age_rating&#8221;:{&#8220;classificacao_etaria&#8221;:null},&#8221;age_rating_description&#8221;:{&#8220;atos_criminosos&#8221;:&#8221;false&#8221;,&#8221;conteudo_sexual&#8221;:&#8221;false&#8221;,&#8221;drogas&#8221;:&#8221;false&#8221;,&#8221;drogas_ilicitas&#8221;:&#8221;false&#8221;,&#8221;drogas_licitas&#8221;:&#8221;false&#8221;,&#8221;linguagem_impropria&#8221;:&#8221;false&#8221;,&#8221;medo&#8221;:&#8221;false&#8221;,&#8221;nudez&#8221;:&#8221;false&#8221;,&#8221;procedimentos_medicos&#8221;:&#8221;false&#8221;,&#8221;sexo_explicito&#8221;:&#8221;false&#8221;,&#8221;temas_sensiveis&#8221;:&#8221;false&#8221;,&#8221;violencia&#8221;:&#8221;false&#8221;,&#8221;violencia_extrema&#8221;:&#8221;false&#8221;,&#8221;violencia_fantasiosa&#8221;:&#8221;false&#8221;},&#8221;area_logada&#8221;:{&#8220;exclusive_content&#8221;:&#8221;false&#8221;},&#8221;navigation&#8221;:{&#8220;menu_url&#8221;:null,&#8221;nav_title&#8221;:null},&#8221;newsletter&#8221;:{&#8220;id&#8221;:null},&#8221;publicidade&#8221;:{&#8220;disable_adv&#8221;:&#8221;false&#8221;,&#8221;disable_audima_adv&#8221;:&#8221;false&#8221;,&#8221;disable_taboola&#8221;:&#8221;false&#8221;,&#8221;hash&#8221;:null},&#8221;site&#8221;:{&#8220;coupon_categories&#8221;:&#8221;departamentos&#8221;,&#8221;disable_refresh&#8221;:&#8221;4&#8243;,&#8221;enable_disclaimer&#8221;:&#8221;false&#8221;,&#8221;pagebuilder_path_for_native_apps&#8221;:null,&#8221;site_about&#8221;:null,&#8221;site_description&#8221;:null,&#8221;site_keywords&#8221;:null,&#8221;site_tagline&#8221;:null,&#8221;site_title&#8221;:null,&#8221;site_url&#8221;:null},&#8221;site_topper&#8221;:{&#8220;section_header_image&#8221;:null,&#8221;section_header_image_id&#8221;:null,&#8221;section_header_image_mobile&#8221;:null,&#8221;section_header_image_mobile_id&#8221;:null,&#8221;section_left_color_top&#8221;:null,&#8221;section_primary_color&#8221;:null,&#8221;section_right_color_top&#8221;:null,&#8221;site_logo_image&#8221;:null},&#8221;social&#8221;:{&#8220;facebook&#8221;:null,&#8221;instagram&#8221;:null,&#8221;kwai&#8221;:null,&#8221;rss&#8221;:null,&#8221;twitter&#8221;:null},&#8221;ultimas&#8221;:{&#8220;tab_ultimas&#8221;:[]},&#8221;is_grouping&#8221;:&#8221;false&#8221;,&#8221;node_type&#8221;:&#8221;section&#8221;,&#8221;children&#8221;:[]}]},{&#8220;_id&#8221;:&#8221;\/futebol\/times&#8221;,&#8221;_website&#8221;:&#8221;esportes&#8221;,&#8221;name&#8221;:&#8221;Times&#8221;,&#8221;inactive&#8221;:false,&#8221;parent&#8221;:{&#8220;default&#8221;:&#8221;https:\/\/esportes.r7.com\/futebol&#8221;,&#8221;header&#8221;:&#8221;https:\/\/esportes.r7.com\/futebol&#8221;},&#8221;SEO&#8221;:{&#8220;og_image_id&#8221;:null,&#8221;seo_description&#8221;:&#8221;Jogos, not\u00edcias, v\u00eddeos, resultados, tabelas e mais: veja tudo o que o R7 Esportes j\u00e1 publicou sobre os principais times de futebol do Brasil e do mundo!&#8221;,&#8221;seo_tags&#8221;:[&#8220;esportes&#8221;,&#8221;futebol&#8221;,&#8221;equipes&#8221;,&#8221;sele\u00e7\u00f5es&#8221;,&#8221;times&#8221;,&#8221;equipes de futebol&#8221;,&#8221;times de futebol&#8221;],&#8221;seo_title&#8221;:&#8221;\u00cdndices de Times de Futebol | R7 Esportes&#8221;,&#8221;title_hotsite&#8221;:&#8221;\u00cdndices de Times de Futebol | R7 Esportes&#8221;,&#8221;top_url&#8221;:&#8221;https:\/\/esportes.r7.com\/futebol\/times\/&#8221;,&#8221;url_og_image&#8221;:null},&#8221;_admin&#8221;:{&#8220;alias_ids&#8221;:[&#8220;\/futebol\/times&#8221;]},&#8221;age_rating&#8221;:{&#8220;classificacao_etaria&#8221;:null},&#8221;age_rating_description&#8221;:{&#8220;atos_criminosos&#8221;:&#8221;false&#8221;,&#8221;conteudo_sexual&#8221;:&#8221;false&#8221;,&#8221;drogas&#8221;:&#8221;false&#8221;,&#8221;drogas_ilicitas&#8221;:&#8221;false&#8221;,&#8221;drogas_licitas&#8221;:&#8221;false&#8221;,&#8221;linguagem_impropria&#8221;:&#8221;false&#8221;,&#8221;medo&#8221;:&#8221;false&#8221;,&#8221;nudez&#8221;:&#8221;false&#8221;,&#8221;procedimentos_medicos&#8221;:&#8221;false&#8221;,&#8221;sexo_explicito&#8221;:&#8221;false&#8221;,&#8221;temas_sensiveis&#8221;:&#8221;false&#8221;,&#8221;violencia&#8221;:&#8221;false&#8221;,&#8221;violencia_extrema&#8221;:&#8221;false&#8221;,&#8221;violencia_fantasiosa&#8221;:&#8221;false&#8221;},&#8221;area_logada&#8221;:{&#8220;exclusive_content&#8221;:&#8221;false&#8221;},&#8221;assets&#8221;:{&#8220;cda_ad_player&#8221;:null},&#8221;campanha_branded&#8221;:{&#8220;ativar_background_campanha&#8221;:&#8221;false&#8221;,&#8221;ativar_fonte_campanha&#8221;:&#8221;false&#8221;,&#8221;ativar_logo_campanha&#8221;:&#8221;false&#8221;},&#8221;navigation&#8221;:{&#8220;menu_url&#8221;:null,&#8221;nav_title&#8221;:&#8221;Times&#8221;},&#8221;newsletter&#8221;:{&#8220;id&#8221;:null},&#8221;publicidade&#8221;:{&#8220;disable_adv&#8221;:&#8221;false&#8221;,&#8221;disable_audima_adv&#8221;:&#8221;false&#8221;,&#8221;disable_taboola&#8221;:&#8221;false&#8221;,&#8221;hash&#8221;:null},&#8221;site&#8221;:{&#8220;coupon_categories&#8221;:&#8221;departamentos&#8221;,&#8221;disable_refresh&#8221;:&#8221;4&#8243;,&#8221;enable_disclaimer&#8221;:&#8221;false&#8221;,&#8221;pagebuilder_path_for_native_apps&#8221;:null,&#8221;site_about&#8221;:&#8221;\u00cdndices de Times de Futebol | R7 Esportes&#8221;,&#8221;site_description&#8221;:&#8221;Jogos, not\u00edcias, v\u00eddeos, resultados, tabelas e mais: veja tudo o que o R7 Esportes j\u00e1 publicou sobre os principais times de futebol do Brasil e do mundo!&#8221;,&#8221;site_keywords&#8221;:&#8221;times de futebol, equipes, futebol, esportes&#8221;,&#8221;site_tagline&#8221;:&#8221;\u00cdndices de Times de Futebol | R7 Esportes&#8221;,&#8221;site_title&#8221;:&#8221;\u00cdndices de Times de Futebol | R7 Esportes&#8221;,&#8221;site_url&#8221;:null},&#8221;site_topper&#8221;:{&#8220;section_header_image&#8221;:null,&#8221;section_header_image_id&#8221;:null,&#8221;section_header_image_mobile&#8221;:null,&#8221;section_header_image_mobile_id&#8221;:null,&#8221;section_left_color_top&#8221;:null,&#8221;section_primary_color&#8221;:null,&#8221;section_right_color_top&#8221;:null,&#8221;site_logo_image&#8221;:null},&#8221;social&#8221;:{&#8220;bluesky&#8221;:null,&#8221;facebook&#8221;:null,&#8221;instagram&#8221;:null,&#8221;kwai&#8221;:null,&#8221;rss&#8221;:null,&#8221;threads&#8221;:null,&#8221;tiktok&#8221;:null,&#8221;twitter&#8221;:null,&#8221;whatsapp&#8221;:null,&#8221;youtube&#8221;:null},&#8221;ultimas&#8221;:{&#8220;tab_ultimas&#8221;:[]},&#8221;is_grouping&#8221;:&#8221;false&#8221;,&#8221;node_type&#8221;:&#8221;section&#8221;,&#8221;children&#8221;:[{&#8220;_id&#8221;:&#8221;\/futebol\/times\/abc&#8221;,&#8221;website&#8221;:&#8221;esportes&#8221;,&#8221;name&#8221;:&#8221;ABC&#8221;,&#8221;navigation&#8221;:{&#8220;nav_title&#8221;:&#8221;ABC&#8221;},&#8221;parent&#8221;:{&#8220;default&#8221;:&#8221;\/futebol\/times&#8221;,&#8221;header&#8221;:&#8221;\/futebol\/times&#8221;},&#8221;_admin&#8221;:{&#8220;alias_ids&#8221;:[&#8220;\/futebol\/times\/abc&#8221;]},&#8221;site&#8221;:{&#8220;site_description&#8221;:&#8221;&#8221;,&#8221;site_title&#8221;:&#8221;ABC&#8221;},&#8221;inactive&#8221;:false,&#8221;SEO&#8221;:{&#8220;seo_tags&#8221;:[]},&#8221;site_topper&#8221;:{},&#8221;is_grouping&#8221;:&#8221;false&#8221;,&#8221;_website&#8221;:&#8221;esportes&#8221;,&#8221;node_type&#8221;:&#8221;section&#8221;,&#8221;children&#8221;:[]},{&#8220;_id&#8221;:&#8221;\/futebol\/times\/agua-santa&#8221;,&#8221;website&#8221;:&#8221;esportes&#8221;,&#8221;name&#8221;:&#8221;\u00c1gua Santa&#8221;,&#8221;navigation&#8221;:{&#8220;nav_title&#8221;:&#8221;\u00c1gua Santa&#8221;},&#8221;parent&#8221;:{&#8220;default&#8221;:&#8221;\/futebol\/times&#8221;,&#8221;header&#8221;:&#8221;\/futebol\/times&#8221;},&#8221;_admin&#8221;:{&#8220;alias_ids&#8221;:[&#8220;\/futebol\/times\/agua-santa&#8221;]},&#8221;site&#8221;:{&#8220;site_description&#8221;:&#8221;&#8221;,&#8221;site_title&#8221;:&#8221;\u00c1gua Santa&#8221;},&#8221;inactive&#8221;:false,&#8221;SEO&#8221;:{&#8220;seo_tags&#8221;:[]},&#8221;site_topper&#8221;:{},&#8221;is_grouping&#8221;:&#8221;false&#8221;,&#8221;_website&#8221;:&#8221;esportes&#8221;,&#8221;node_type&#8221;:&#8221;section&#8221;,&#8221;children&#8221;:[]},{&#8220;_id&#8221;:&#8221;\/futebol\/times\/america-mg&#8221;,&#8221;website&#8221;:&#8221;esportes&#8221;,&#8221;name&#8221;:&#8221;Am\u00e9rica-MG&#8221;,&#8221;navigation&#8221;:{&#8220;nav_title&#8221;:&#8221;Am\u00e9rica-MG&#8221;},&#8221;parent&#8221;:{&#8220;default&#8221;:&#8221;\/futebol\/times&#8221;,&#8221;header&#8221;:&#8221;\/futebol\/times&#8221;},&#8221;_admin&#8221;:{&#8220;alias_ids&#8221;:[&#8220;\/futebol\/times\/america-mg&#8221;]},&#8221;site&#8221;:{&#8220;site_description&#8221;:&#8221;&#8221;,&#8221;site_title&#8221;:&#8221;Am\u00e9rica-MG&#8221;},&#8221;inactive&#8221;:false,&#8221;SEO&#8221;:{&#8220;seo_tags&#8221;:[]},&#8221;site_topper&#8221;:{},&#8221;is_grouping&#8221;:&#8221;false&#8221;,&#8221;_website&#8221;:&#8221;esportes&#8221;,&#8221;node_type&#8221;:&#8221;section&#8221;,&#8221;children&#8221;:[]},{&#8220;_id&#8221;:&#8221;\/futebol\/times\/america-rn&#8221;,&#8221;website&#8221;:&#8221;esportes&#8221;,&#8221;name&#8221;:&#8221;Am\u00e9rica-RN&#8221;,&#8221;navigation&#8221;:{&#8220;nav_title&#8221;:&#8221;Am\u00e9rica-RN&#8221;},&#8221;parent&#8221;:{&#8220;default&#8221;:&#8221;\/futebol\/times&#8221;,&#8221;header&#8221;:&#8221;\/futebol\/times&#8221;},&#8221;_admin&#8221;:{&#8220;alias_ids&#8221;:[&#8220;\/futebol\/times\/america-rn&#8221;]},&#8221;site&#8221;:{&#8220;site_description&#8221;:&#8221;&#8221;,&#8221;site_title&#8221;:&#8221;Am\u00e9rica-RN&#8221;},&#8221;inactive&#8221;:false,&#8221;SEO&#8221;:{&#8220;seo_tags&#8221;:[]},&#8221;site_topper&#8221;:{},&#8221;is_grouping&#8221;:&#8221;false&#8221;,&#8221;_website&#8221;:&#8221;esportes&#8221;,&#8221;node_type&#8221;:&#8221;section&#8221;,&#8221;children&#8221;:[]},{&#8220;_id&#8221;:&#8221;\/futebol\/times\/asa&#8221;,&#8221;website&#8221;:&#8221;esportes&#8221;,&#8221;name&#8221;:&#8221;ASA&#8221;,&#8221;navigation&#8221;:{&#8220;nav_title&#8221;:&#8221;ASA&#8221;},&#8221;parent&#8221;:{&#8220;default&#8221;:&#8221;\/futebol\/times&#8221;,&#8221;header&#8221;:&#8221;\/futebol\/times&#8221;},&#8221;_admin&#8221;:{&#8220;alias_ids&#8221;:[&#8220;\/futebol\/times\/asa&#8221;]},&#8221;site&#8221;:{&#8220;site_description&#8221;:&#8221;&#8221;,&#8221;site_title&#8221;:&#8221;ASA&#8221;},&#8221;inactive&#8221;:false,&#8221;SEO&#8221;:{&#8220;seo_tags&#8221;:[]},&#8221;site_topper&#8221;:{},&#8221;is_grouping&#8221;:&#8221;false&#8221;,&#8221;_website&#8221;:&#8221;esportes&#8221;,&#8221;node_type&#8221;:&#8221;section&#8221;,&#8221;children&#8221;:[]},{&#8220;_id&#8221;:&#8221;\/futebol\/times\/athletico-paranaense&#8221;,&#8221;website&#8221;:&#8221;esportes&#8221;,&#8221;name&#8221;:&#8221;Athletico Paranaense&#8221;,&#8221;navigation&#8221;:{&#8220;nav_title&#8221;:&#8221;Athletico Paranaense&#8221;},&#8221;parent&#8221;:{&#8220;default&#8221;:&#8221;\/futebol\/times&#8221;,&#8221;header&#8221;:&#8221;\/futebol\/times&#8221;},&#8221;_admin&#8221;:{&#8220;alias_ids&#8221;:[&#8220;\/futebol\/times\/athletico-paranaense&#8221;]},&#8221;site&#8221;:{&#8220;site_description&#8221;:&#8221;&#8221;,&#8221;site_title&#8221;:&#8221;Athletico Paranaense&#8221;},&#8221;inactive&#8221;:false,&#8221;SEO&#8221;:{&#8220;seo_tags&#8221;:[]},&#8221;site_topper&#8221;:{},&#8221;is_grouping&#8221;:&#8221;false&#8221;,&#8221;_website&#8221;:&#8221;esportes&#8221;,&#8221;node_type&#8221;:&#8221;section&#8221;,&#8221;children&#8221;:[]},{&#8220;_id&#8221;:&#8221;\/futebol\/times\/atletico-goianiense&#8221;,&#8221;website&#8221;:&#8221;esportes&#8221;,&#8221;name&#8221;:&#8221;Atl\u00e9tico Goianiense&#8221;,&#8221;navigation&#8221;:{&#8220;nav_title&#8221;:&#8221;Atl\u00e9tico Goianiense&#8221;},&#8221;parent&#8221;:{&#8220;default&#8221;:&#8221;\/futebol\/times&#8221;,&#8221;header&#8221;:&#8221;\/futebol\/times&#8221;},&#8221;_admin&#8221;:{&#8220;alias_ids&#8221;:[&#8220;\/futebol\/times\/atletico-goianiense&#8221;]},&#8221;site&#8221;:{&#8220;site_description&#8221;:&#8221;&#8221;,&#8221;site_title&#8221;:&#8221;Atl\u00e9tico Goianiense&#8221;},&#8221;inactive&#8221;:false,&#8221;SEO&#8221;:{&#8220;seo_tags&#8221;:[]},&#8221;site_topper&#8221;:{},&#8221;is_grouping&#8221;:&#8221;false&#8221;,&#8221;_website&#8221;:&#8221;esportes&#8221;,&#8221;node_type&#8221;:&#8221;section&#8221;,&#8221;children&#8221;:[]},{&#8220;_id&#8221;:&#8221;\/futebol\/times\/atletico-mineiro&#8221;,&#8221;_website&#8221;:&#8221;esportes&#8221;,&#8221;name&#8221;:&#8221;Atl\u00e9tico Mineiro&#8221;,&#8221;inactive&#8221;:false,&#8221;parent&#8221;:{&#8220;default&#8221;:&#8221;\/futebol\/times&#8221;,&#8221;header&#8221;:&#8221;\/futebol\/times&#8221;},&#8221;SEO&#8221;:{&#8220;seo_tags&#8221;:[]},&#8221;_admin&#8221;:{&#8220;alias_ids&#8221;:[&#8220;\/futebol\/times\/atletico-mineiro&#8221;]},&#8221;navigation&#8221;:{&#8220;nav_title&#8221;:&#8221;Atl\u00e9tico Mineiro&#8221;},&#8221;newsletter&#8221;:{&#8220;id&#8221;:&#8221;68484031b8b9d10001c4f8ba&#8221;},&#8221;site&#8221;:{&#8220;site_description&#8221;:null,&#8221;site_title&#8221;:&#8221;Atl\u00e9tico Mineiro&#8221;},&#8221;is_grouping&#8221;:&#8221;false&#8221;,&#8221;node_type&#8221;:&#8221;section&#8221;,&#8221;children&#8221;:[]},{&#8220;_id&#8221;:&#8221;\/futebol\/times\/audax-rj&#8221;,&#8221;website&#8221;:&#8221;esportes&#8221;,&#8221;name&#8221;:&#8221;Audax-RJ&#8221;,&#8221;navigation&#8221;:{&#8220;nav_title&#8221;:&#8221;Audax-RJ&#8221;},&#8221;parent&#8221;:{&#8220;default&#8221;:&#8221;\/futebol\/times&#8221;,&#8221;header&#8221;:&#8221;\/futebol\/times&#8221;},&#8221;_admin&#8221;:{&#8220;alias_ids&#8221;:[&#8220;\/futebol\/times\/audax-rj&#8221;]},&#8221;site&#8221;:{&#8220;site_description&#8221;:&#8221;&#8221;,&#8221;site_title&#8221;:&#8221;Audax-RJ&#8221;},&#8221;inactive&#8221;:false,&#8221;SEO&#8221;:{&#8220;seo_tags&#8221;:[]},&#8221;site_topper&#8221;:{},&#8221;is_grouping&#8221;:&#8221;false&#8221;,&#8221;_website&#8221;:&#8221;esportes&#8221;,&#8221;node_type&#8221;:&#8221;section&#8221;,&#8221;children&#8221;:[]},{&#8220;_id&#8221;:&#8221;\/futebol\/times\/avai&#8221;,&#8221;website&#8221;:&#8221;esportes&#8221;,&#8221;name&#8221;:&#8221;Ava\u00ed&#8221;,&#8221;navigation&#8221;:{&#8220;nav_title&#8221;:&#8221;Ava\u00ed&#8221;},&#8221;parent&#8221;:{&#8220;default&#8221;:&#8221;\/futebol\/times&#8221;,&#8221;header&#8221;:&#8221;\/futebol\/times&#8221;},&#8221;_admin&#8221;:{&#8220;alias_ids&#8221;:[&#8220;\/futebol\/times\/avai&#8221;]},&#8221;site&#8221;:{&#8220;site_description&#8221;:&#8221;&#8221;,&#8221;site_title&#8221;:&#8221;Ava\u00ed&#8221;},&#8221;inactive&#8221;:false,&#8221;SEO&#8221;:{&#8220;seo_tags&#8221;:[]},&#8221;site_topper&#8221;:{},&#8221;is_grouping&#8221;:&#8221;false&#8221;,&#8221;_website&#8221;:&#8221;esportes&#8221;,&#8221;node_type&#8221;:&#8221;section&#8221;,&#8221;children&#8221;:[]},{&#8220;_id&#8221;:&#8221;\/futebol\/times\/bahia&#8221;,&#8221;website&#8221;:&#8221;esportes&#8221;,&#8221;name&#8221;:&#8221;Bahia&#8221;,&#8221;navigation&#8221;:{&#8220;nav_title&#8221;:&#8221;Bahia&#8221;},&#8221;parent&#8221;:{&#8220;default&#8221;:&#8221;\/futebol\/times&#8221;,&#8221;header&#8221;:&#8221;\/futebol\/times&#8221;},&#8221;_admin&#8221;:{&#8220;alias_ids&#8221;:[&#8220;\/futebol\/times\/bahia&#8221;]},&#8221;site&#8221;:{&#8220;site_description&#8221;:&#8221;&#8221;,&#8221;site_title&#8221;:&#8221;Bahia&#8221;},&#8221;inactive&#8221;:false,&#8221;SEO&#8221;:{&#8220;seo_tags&#8221;:[]},&#8221;site_topper&#8221;:{},&#8221;is_grouping&#8221;:&#8221;false&#8221;,&#8221;_website&#8221;:&#8221;esportes&#8221;,&#8221;node_type&#8221;:&#8221;section&#8221;,&#8221;children&#8221;:[]},{&#8220;_id&#8221;:&#8221;\/futebol\/times\/bangu&#8221;,&#8221;website&#8221;:&#8221;esportes&#8221;,&#8221;name&#8221;:&#8221;Bangu&#8221;,&#8221;navigation&#8221;:{&#8220;nav_title&#8221;:&#8221;Bangu&#8221;},&#8221;parent&#8221;:{&#8220;default&#8221;:&#8221;\/futebol\/times&#8221;,&#8221;header&#8221;:&#8221;\/futebol\/times&#8221;},&#8221;_admin&#8221;:{&#8220;alias_ids&#8221;:[&#8220;\/futebol\/times\/bangu&#8221;]},&#8221;site&#8221;:{&#8220;site_description&#8221;:&#8221;&#8221;,&#8221;site_title&#8221;:&#8221;Bangu&#8221;},&#8221;inactive&#8221;:false,&#8221;SEO&#8221;:{&#8220;seo_tags&#8221;:[]},&#8221;site_topper&#8221;:{},&#8221;is_grouping&#8221;:&#8221;false&#8221;,&#8221;_website&#8221;:&#8221;esportes&#8221;,&#8221;node_type&#8221;:&#8221;section&#8221;,&#8221;children&#8221;:[]},{&#8220;_id&#8221;:&#8221;\/futebol\/times\/boa-esporte&#8221;,&#8221;website&#8221;:&#8221;esportes&#8221;,&#8221;name&#8221;:&#8221;Boa Esporte&#8221;,&#8221;navigation&#8221;:{&#8220;nav_title&#8221;:&#8221;Boa Esporte&#8221;},&#8221;parent&#8221;:{&#8220;default&#8221;:&#8221;\/futebol\/times&#8221;,&#8221;header&#8221;:&#8221;\/futebol\/times&#8221;},&#8221;_admin&#8221;:{&#8220;alias_ids&#8221;:[&#8220;\/futebol\/times\/boa-esporte&#8221;]},&#8221;site&#8221;:{&#8220;site_description&#8221;:&#8221;&#8221;,&#8221;site_title&#8221;:&#8221;Boa Esporte&#8221;},&#8221;inactive&#8221;:false,&#8221;SEO&#8221;:{&#8220;seo_tags&#8221;:[]},&#8221;site_topper&#8221;:{},&#8221;is_grouping&#8221;:&#8221;false&#8221;,&#8221;_website&#8221;:&#8221;esportes&#8221;,&#8221;node_type&#8221;:&#8221;section&#8221;,&#8221;children&#8221;:[]},{&#8220;_id&#8221;:&#8221;\/futebol\/times\/boavista&#8221;,&#8221;website&#8221;:&#8221;esportes&#8221;,&#8221;name&#8221;:&#8221;Boavista&#8221;,&#8221;navigation&#8221;:{&#8220;nav_title&#8221;:&#8221;Boavista&#8221;},&#8221;parent&#8221;:{&#8220;default&#8221;:&#8221;\/futebol\/times&#8221;,&#8221;header&#8221;:&#8221;\/futebol\/times&#8221;},&#8221;_admin&#8221;:{&#8220;alias_ids&#8221;:[&#8220;\/futebol\/times\/boavista&#8221;]},&#8221;site&#8221;:{&#8220;site_description&#8221;:&#8221;&#8221;,&#8221;site_title&#8221;:&#8221;Boavista&#8221;},&#8221;inactive&#8221;:false,&#8221;SEO&#8221;:{&#8220;seo_tags&#8221;:[]},&#8221;site_topper&#8221;:{},&#8221;is_grouping&#8221;:&#8221;false&#8221;,&#8221;_website&#8221;:&#8221;esportes&#8221;,&#8221;node_type&#8221;:&#8221;section&#8221;,&#8221;children&#8221;:[]},{&#8220;_id&#8221;:&#8221;\/futebol\/times\/botafogo&#8221;,&#8221;_website&#8221;:&#8221;esportes&#8221;,&#8221;name&#8221;:&#8221;Botafogo&#8221;,&#8221;inactive&#8221;:false,&#8221;parent&#8221;:{&#8220;default&#8221;:&#8221;\/futebol\/times&#8221;,&#8221;header&#8221;:&#8221;\/futebol\/times&#8221;},&#8221;SEO&#8221;:{&#8220;seo_tags&#8221;:[]},&#8221;_admin&#8221;:{&#8220;alias_ids&#8221;:[&#8220;\/futebol\/times\/botafogo&#8221;]},&#8221;navigation&#8221;:{&#8220;nav_title&#8221;:&#8221;Botafogo&#8221;},&#8221;newsletter&#8221;:{&#8220;id&#8221;:&#8221;68484031b8b9d10001c4f8ba&#8221;},&#8221;site&#8221;:{&#8220;site_description&#8221;:null,&#8221;site_title&#8221;:&#8221;Botafogo&#8221;},&#8221;is_grouping&#8221;:&#8221;false&#8221;,&#8221;node_type&#8221;:&#8221;section&#8221;,&#8221;children&#8221;:[]},{&#8220;_id&#8221;:&#8221;\/futebol\/times\/botafogo-sp&#8221;,&#8221;website&#8221;:&#8221;esportes&#8221;,&#8221;name&#8221;:&#8221;Botafogo-SP&#8221;,&#8221;navigation&#8221;:{&#8220;nav_title&#8221;:&#8221;Botafogo-SP&#8221;},&#8221;parent&#8221;:{&#8220;default&#8221;:&#8221;\/futebol\/times&#8221;,&#8221;header&#8221;:&#8221;\/futebol\/times&#8221;},&#8221;_admin&#8221;:{&#8220;alias_ids&#8221;:[&#8220;\/futebol\/times\/botafogo-sp&#8221;]},&#8221;site&#8221;:{&#8220;site_description&#8221;:&#8221;&#8221;,&#8221;site_title&#8221;:&#8221;Botafogo-SP&#8221;},&#8221;inactive&#8221;:false,&#8221;SEO&#8221;:{&#8220;seo_tags&#8221;:[]},&#8221;site_topper&#8221;:{},&#8221;is_grouping&#8221;:&#8221;false&#8221;,&#8221;_website&#8221;:&#8221;esportes&#8221;,&#8221;node_type&#8221;:&#8221;section&#8221;,&#8221;children&#8221;:[]},{&#8220;_id&#8221;:&#8221;\/futebol\/times\/bragantino&#8221;,&#8221;website&#8221;:&#8221;esportes&#8221;,&#8221;name&#8221;:&#8221;Bragantino&#8221;,&#8221;navigation&#8221;:{&#8220;nav_title&#8221;:&#8221;Bragantino&#8221;},&#8221;parent&#8221;:{&#8220;default&#8221;:&#8221;\/futebol\/times&#8221;,&#8221;header&#8221;:&#8221;\/futebol\/times&#8221;},&#8221;_admin&#8221;:{&#8220;alias_ids&#8221;:[&#8220;\/futebol\/times\/bragantino&#8221;]},&#8221;site&#8221;:{&#8220;site_description&#8221;:&#8221;&#8221;,&#8221;site_title&#8221;:&#8221;Bragantino&#8221;},&#8221;inactive&#8221;:false,&#8221;SEO&#8221;:{&#8220;seo_tags&#8221;:[]},&#8221;site_topper&#8221;:{},&#8221;is_grouping&#8221;:&#8221;false&#8221;,&#8221;_website&#8221;:&#8221;esportes&#8221;,&#8221;node_type&#8221;:&#8221;section&#8221;,&#8221;children&#8221;:[]},{&#8220;_id&#8221;:&#8221;\/futebol\/times\/brasil-rs&#8221;,&#8221;website&#8221;:&#8221;esportes&#8221;,&#8221;name&#8221;:&#8221;Brasil-RS&#8221;,&#8221;navigation&#8221;:{&#8220;nav_title&#8221;:&#8221;Brasil-RS&#8221;},&#8221;parent&#8221;:{&#8220;default&#8221;:&#8221;\/futebol\/times&#8221;,&#8221;header&#8221;:&#8221;\/futebol\/times&#8221;},&#8221;_admin&#8221;:{&#8220;alias_ids&#8221;:[&#8220;\/futebol\/times\/brasil-rs&#8221;]},&#8221;site&#8221;:{&#8220;site_description&#8221;:&#8221;&#8221;,&#8221;site_title&#8221;:&#8221;Brasil-RS&#8221;},&#8221;inactive&#8221;:false,&#8221;SEO&#8221;:{&#8220;seo_tags&#8221;:[]},&#8221;site_topper&#8221;:{},&#8221;is_grouping&#8221;:&#8221;false&#8221;,&#8221;_website&#8221;:&#8221;esportes&#8221;,&#8221;node_type&#8221;:&#8221;section&#8221;,&#8221;children&#8221;:[]},{&#8220;_id&#8221;:&#8221;\/futebol\/times\/brusque&#8221;,&#8221;website&#8221;:&#8221;esportes&#8221;,&#8221;name&#8221;:&#8221;Brusque&#8221;,&#8221;navigation&#8221;:{&#8220;nav_title&#8221;:&#8221;Brusque&#8221;},&#8221;parent&#8221;:{&#8220;default&#8221;:&#8221;\/futebol\/times&#8221;,&#8221;header&#8221;:&#8221;\/futebol\/times&#8221;},&#8221;_admin&#8221;:{&#8220;alias_ids&#8221;:[&#8220;\/futebol\/times\/brusque&#8221;]},&#8221;site&#8221;:{&#8220;site_description&#8221;:&#8221;&#8221;,&#8221;site_title&#8221;:&#8221;Brusque&#8221;},&#8221;inactive&#8221;:false,&#8221;SEO&#8221;:{&#8220;seo_tags&#8221;:[]},&#8221;site_topper&#8221;:{},&#8221;is_grouping&#8221;:&#8221;false&#8221;,&#8221;_website&#8221;:&#8221;esportes&#8221;,&#8221;node_type&#8221;:&#8221;section&#8221;,&#8221;children&#8221;:[]},{&#8220;_id&#8221;:&#8221;\/futebol\/times\/ceara&#8221;,&#8221;website&#8221;:&#8221;esportes&#8221;,&#8221;name&#8221;:&#8221;Cear\u00e1&#8221;,&#8221;navigation&#8221;:{&#8220;nav_title&#8221;:&#8221;Cear\u00e1&#8221;},&#8221;parent&#8221;:{&#8220;default&#8221;:&#8221;\/futebol\/times&#8221;,&#8221;header&#8221;:&#8221;\/futebol\/times&#8221;},&#8221;_admin&#8221;:{&#8220;alias_ids&#8221;:[&#8220;\/futebol\/times\/ceara&#8221;]},&#8221;site&#8221;:{&#8220;site_description&#8221;:&#8221;&#8221;,&#8221;site_title&#8221;:&#8221;Cear\u00e1&#8221;},&#8221;inactive&#8221;:false,&#8221;SEO&#8221;:{&#8220;seo_tags&#8221;:[]},&#8221;site_topper&#8221;:{},&#8221;is_grouping&#8221;:&#8221;false&#8221;,&#8221;_website&#8221;:&#8221;esportes&#8221;,&#8221;node_type&#8221;:&#8221;section&#8221;,&#8221;children&#8221;:[]},{&#8220;_id&#8221;:&#8221;\/futebol\/times\/chapecoense&#8221;,&#8221;website&#8221;:&#8221;esportes&#8221;,&#8221;name&#8221;:&#8221;Chapecoense&#8221;,&#8221;navigation&#8221;:{&#8220;nav_title&#8221;:&#8221;Chapecoense&#8221;},&#8221;parent&#8221;:{&#8220;default&#8221;:&#8221;\/futebol\/times&#8221;,&#8221;header&#8221;:&#8221;\/futebol\/times&#8221;},&#8221;_admin&#8221;:{&#8220;alias_ids&#8221;:[&#8220;\/futebol\/times\/chapecoense&#8221;]},&#8221;site&#8221;:{&#8220;site_description&#8221;:&#8221;&#8221;,&#8221;site_title&#8221;:&#8221;Chapecoense&#8221;},&#8221;inactive&#8221;:false,&#8221;SEO&#8221;:{&#8220;seo_tags&#8221;:[]},&#8221;site_topper&#8221;:{},&#8221;is_grouping&#8221;:&#8221;false&#8221;,&#8221;_website&#8221;:&#8221;esportes&#8221;,&#8221;node_type&#8221;:&#8221;section&#8221;,&#8221;children&#8221;:[]},{&#8220;_id&#8221;:&#8221;\/futebol\/times\/corinthians&#8221;,&#8221;_website&#8221;:&#8221;esportes&#8221;,&#8221;name&#8221;:&#8221;Corinthians&#8221;,&#8221;inactive&#8221;:false,&#8221;parent&#8221;:{&#8220;default&#8221;:&#8221;\/futebol\/times&#8221;,&#8221;header&#8221;:&#8221;\/futebol\/times&#8221;},&#8221;SEO&#8221;:{&#8220;seo_tags&#8221;:[]},&#8221;_admin&#8221;:{&#8220;alias_ids&#8221;:[&#8220;\/futebol\/times\/corinthians&#8221;]},&#8221;navigation&#8221;:{&#8220;nav_title&#8221;:&#8221;Corinthians&#8221;},&#8221;newsletter&#8221;:{&#8220;id&#8221;:&#8221;68484031b8b9d10001c4f8ba&#8221;},&#8221;site&#8221;:{&#8220;site_description&#8221;:null,&#8221;site_title&#8221;:&#8221;Corinthians&#8221;},&#8221;is_grouping&#8221;:&#8221;false&#8221;,&#8221;node_type&#8221;:&#8221;section&#8221;,&#8221;children&#8221;:[]},{&#8220;_id&#8221;:&#8221;\/futebol\/times\/coritiba&#8221;,&#8221;website&#8221;:&#8221;esportes&#8221;,&#8221;name&#8221;:&#8221;Coritiba&#8221;,&#8221;navigation&#8221;:{&#8220;nav_title&#8221;:&#8221;Coritiba&#8221;},&#8221;parent&#8221;:{&#8220;default&#8221;:&#8221;\/futebol\/times&#8221;,&#8221;header&#8221;:&#8221;\/futebol\/times&#8221;},&#8221;_admin&#8221;:{&#8220;alias_ids&#8221;:[&#8220;\/futebol\/times\/coritiba&#8221;]},&#8221;site&#8221;:{&#8220;site_description&#8221;:&#8221;&#8221;,&#8221;site_title&#8221;:&#8221;Coritiba&#8221;},&#8221;inactive&#8221;:false,&#8221;SEO&#8221;:{&#8220;seo_tags&#8221;:[]},&#8221;site_topper&#8221;:{},&#8221;is_grouping&#8221;:&#8221;false&#8221;,&#8221;_website&#8221;:&#8221;esportes&#8221;,&#8221;node_type&#8221;:&#8221;section&#8221;,&#8221;children&#8221;:[]},{&#8220;_id&#8221;:&#8221;\/futebol\/times\/crb&#8221;,&#8221;website&#8221;:&#8221;esportes&#8221;,&#8221;name&#8221;:&#8221;CRB&#8221;,&#8221;navigation&#8221;:{&#8220;nav_title&#8221;:&#8221;CRB&#8221;},&#8221;parent&#8221;:{&#8220;default&#8221;:&#8221;\/futebol\/times&#8221;,&#8221;header&#8221;:&#8221;\/futebol\/times&#8221;},&#8221;_admin&#8221;:{&#8220;alias_ids&#8221;:[&#8220;\/futebol\/times\/crb&#8221;]},&#8221;site&#8221;:{&#8220;site_description&#8221;:&#8221;&#8221;,&#8221;site_title&#8221;:&#8221;CRB&#8221;},&#8221;inactive&#8221;:false,&#8221;SEO&#8221;:{&#8220;seo_tags&#8221;:[]},&#8221;site_topper&#8221;:{},&#8221;is_grouping&#8221;:&#8221;false&#8221;,&#8221;_website&#8221;:&#8221;esportes&#8221;,&#8221;node_type&#8221;:&#8221;section&#8221;,&#8221;children&#8221;:[]},{&#8220;_id&#8221;:&#8221;\/futebol\/times\/criciuma&#8221;,&#8221;website&#8221;:&#8221;esportes&#8221;,&#8221;name&#8221;:&#8221;Crici\u00fama&#8221;,&#8221;navigation&#8221;:{&#8220;nav_title&#8221;:&#8221;Crici\u00fama&#8221;},&#8221;parent&#8221;:{&#8220;default&#8221;:&#8221;\/futebol\/times&#8221;,&#8221;header&#8221;:&#8221;\/futebol\/times&#8221;},&#8221;_admin&#8221;:{&#8220;alias_ids&#8221;:[&#8220;\/futebol\/times\/criciuma&#8221;]},&#8221;site&#8221;:{&#8220;site_description&#8221;:&#8221;&#8221;,&#8221;site_title&#8221;:&#8221;Crici\u00fama&#8221;},&#8221;inactive&#8221;:false,&#8221;SEO&#8221;:{&#8220;seo_tags&#8221;:[]},&#8221;site_topper&#8221;:{},&#8221;is_grouping&#8221;:&#8221;false&#8221;,&#8221;_website&#8221;:&#8221;esportes&#8221;,&#8221;node_type&#8221;:&#8221;section&#8221;,&#8221;children&#8221;:[]},{&#8220;_id&#8221;:&#8221;\/futebol\/times\/cruzeiro&#8221;,&#8221;_website&#8221;:&#8221;esportes&#8221;,&#8221;name&#8221;:&#8221;Cruzeiro&#8221;,&#8221;inactive&#8221;:false,&#8221;parent&#8221;:{&#8220;default&#8221;:&#8221;\/futebol\/times&#8221;,&#8221;header&#8221;:&#8221;\/futebol\/times&#8221;},&#8221;SEO&#8221;:{&#8220;seo_tags&#8221;:[]},&#8221;_admin&#8221;:{&#8220;alias_ids&#8221;:[&#8220;\/futebol\/times\/cruzeiro&#8221;]},&#8221;navigation&#8221;:{&#8220;nav_title&#8221;:&#8221;Cruzeiro&#8221;},&#8221;newsletter&#8221;:{&#8220;id&#8221;:&#8221;68484031b8b9d10001c4f8ba&#8221;},&#8221;site&#8221;:{&#8220;site_description&#8221;:null,&#8221;site_title&#8221;:&#8221;Cruzeiro&#8221;},&#8221;is_grouping&#8221;:&#8221;false&#8221;,&#8221;node_type&#8221;:&#8221;section&#8221;,&#8221;children&#8221;:[]},{&#8220;_id&#8221;:&#8221;\/futebol\/times\/csa&#8221;,&#8221;website&#8221;:&#8221;esportes&#8221;,&#8221;name&#8221;:&#8221;CSA&#8221;,&#8221;navigation&#8221;:{&#8220;nav_title&#8221;:&#8221;CSA&#8221;},&#8221;parent&#8221;:{&#8220;default&#8221;:&#8221;\/futebol\/times&#8221;,&#8221;header&#8221;:&#8221;\/futebol\/times&#8221;},&#8221;_admin&#8221;:{&#8220;alias_ids&#8221;:[&#8220;\/futebol\/times\/csa&#8221;]},&#8221;site&#8221;:{&#8220;site_description&#8221;:&#8221;&#8221;,&#8221;site_title&#8221;:&#8221;CSA&#8221;},&#8221;inactive&#8221;:false,&#8221;SEO&#8221;:{&#8220;seo_tags&#8221;:[]},&#8221;site_topper&#8221;:{},&#8221;is_grouping&#8221;:&#8221;false&#8221;,&#8221;_website&#8221;:&#8221;esportes&#8221;,&#8221;node_type&#8221;:&#8221;section&#8221;,&#8221;children&#8221;:[]},{&#8220;_id&#8221;:&#8221;\/futebol\/times\/cuiaba&#8221;,&#8221;website&#8221;:&#8221;esportes&#8221;,&#8221;name&#8221;:&#8221;Cuiab\u00e1&#8221;,&#8221;navigation&#8221;:{&#8220;nav_title&#8221;:&#8221;Cuiab\u00e1&#8221;},&#8221;parent&#8221;:{&#8220;default&#8221;:&#8221;\/futebol\/times&#8221;,&#8221;header&#8221;:&#8221;\/futebol\/times&#8221;},&#8221;_admin&#8221;:{&#8220;alias_ids&#8221;:[&#8220;\/futebol\/times\/cuiaba&#8221;]},&#8221;site&#8221;:{&#8220;site_description&#8221;:&#8221;&#8221;,&#8221;site_title&#8221;:&#8221;Cuiab\u00e1&#8221;},&#8221;inactive&#8221;:false,&#8221;SEO&#8221;:{&#8220;seo_tags&#8221;:[]},&#8221;site_topper&#8221;:{},&#8221;is_grouping&#8221;:&#8221;false&#8221;,&#8221;_website&#8221;:&#8221;esportes&#8221;,&#8221;node_type&#8221;:&#8221;section&#8221;,&#8221;children&#8221;:[]},{&#8220;_id&#8221;:&#8221;\/futebol\/times\/ferroviaria&#8221;,&#8221;website&#8221;:&#8221;esportes&#8221;,&#8221;name&#8221;:&#8221;Ferrovi\u00e1ria&#8221;,&#8221;navigation&#8221;:{&#8220;nav_title&#8221;:&#8221;Ferrovi\u00e1ria&#8221;},&#8221;parent&#8221;:{&#8220;default&#8221;:&#8221;\/futebol\/times&#8221;,&#8221;header&#8221;:&#8221;\/futebol\/times&#8221;},&#8221;_admin&#8221;:{&#8220;alias_ids&#8221;:[&#8220;\/futebol\/times\/ferroviaria&#8221;]},&#8221;site&#8221;:{&#8220;site_description&#8221;:&#8221;&#8221;,&#8221;site_title&#8221;:&#8221;Ferrovi\u00e1ria&#8221;},&#8221;inactive&#8221;:false,&#8221;SEO&#8221;:{&#8220;seo_tags&#8221;:[]},&#8221;site_topper&#8221;:{},&#8221;is_grouping&#8221;:&#8221;false&#8221;,&#8221;_website&#8221;:&#8221;esportes&#8221;,&#8221;node_type&#8221;:&#8221;section&#8221;,&#8221;children&#8221;:[]},{&#8220;_id&#8221;:&#8221;\/futebol\/times\/figueirense&#8221;,&#8221;website&#8221;:&#8221;esportes&#8221;,&#8221;name&#8221;:&#8221;Figueirense&#8221;,&#8221;navigation&#8221;:{&#8220;nav_title&#8221;:&#8221;Figueirense&#8221;},&#8221;parent&#8221;:{&#8220;default&#8221;:&#8221;\/futebol\/times&#8221;,&#8221;header&#8221;:&#8221;\/futebol\/times&#8221;},&#8221;_admin&#8221;:{&#8220;alias_ids&#8221;:[&#8220;\/futebol\/times\/figueirense&#8221;]},&#8221;site&#8221;:{&#8220;site_description&#8221;:&#8221;&#8221;,&#8221;site_title&#8221;:&#8221;Figueirense&#8221;},&#8221;inactive&#8221;:false,&#8221;SEO&#8221;:{&#8220;seo_tags&#8221;:[]},&#8221;site_topper&#8221;:{},&#8221;is_grouping&#8221;:&#8221;false&#8221;,&#8221;_website&#8221;:&#8221;esportes&#8221;,&#8221;node_type&#8221;:&#8221;section&#8221;,&#8221;children&#8221;:[]},{&#8220;_id&#8221;:&#8221;\/futebol\/times\/flamengo&#8221;,&#8221;_website&#8221;:&#8221;esportes&#8221;,&#8221;name&#8221;:&#8221;Flamengo&#8221;,&#8221;inactive&#8221;:false,&#8221;parent&#8221;:{&#8220;default&#8221;:&#8221;\/futebol\/times&#8221;,&#8221;header&#8221;:&#8221;\/futebol\/times&#8221;},&#8221;SEO&#8221;:{&#8220;seo_tags&#8221;:[]},&#8221;_admin&#8221;:{&#8220;alias_ids&#8221;:[&#8220;\/futebol\/times\/flamengo&#8221;]},&#8221;navigation&#8221;:{&#8220;nav_title&#8221;:&#8221;Flamengo&#8221;},&#8221;newsletter&#8221;:{&#8220;id&#8221;:&#8221;68484031b8b9d10001c4f8ba&#8221;},&#8221;site&#8221;:{&#8220;site_description&#8221;:null,&#8221;site_title&#8221;:&#8221;Flamengo&#8221;},&#8221;is_grouping&#8221;:&#8221;false&#8221;,&#8221;node_type&#8221;:&#8221;section&#8221;,&#8221;children&#8221;:[]},{&#8220;_id&#8221;:&#8221;\/futebol\/times\/fluminense&#8221;,&#8221;_website&#8221;:&#8221;esportes&#8221;,&#8221;name&#8221;:&#8221;Fluminense&#8221;,&#8221;inactive&#8221;:false,&#8221;parent&#8221;:{&#8220;default&#8221;:&#8221;\/futebol\/times&#8221;,&#8221;header&#8221;:&#8221;\/futebol\/times&#8221;},&#8221;SEO&#8221;:{&#8220;seo_tags&#8221;:[]},&#8221;_admin&#8221;:{&#8220;alias_ids&#8221;:[&#8220;\/futebol\/times\/fluminense&#8221;]},&#8221;navigation&#8221;:{&#8220;nav_title&#8221;:&#8221;Fluminense&#8221;},&#8221;newsletter&#8221;:{&#8220;id&#8221;:&#8221;68484031b8b9d10001c4f8ba&#8221;},&#8221;site&#8221;:{&#8220;site_description&#8221;:null,&#8221;site_title&#8221;:&#8221;Fluminense&#8221;},&#8221;is_grouping&#8221;:&#8221;false&#8221;,&#8221;node_type&#8221;:&#8221;section&#8221;,&#8221;children&#8221;:[]},{&#8220;_id&#8221;:&#8221;\/futebol\/times\/fortaleza&#8221;,&#8221;website&#8221;:&#8221;esportes&#8221;,&#8221;name&#8221;:&#8221;Fortaleza&#8221;,&#8221;navigation&#8221;:{&#8220;nav_title&#8221;:&#8221;Fortaleza&#8221;},&#8221;parent&#8221;:{&#8220;default&#8221;:&#8221;\/futebol\/times&#8221;,&#8221;header&#8221;:&#8221;\/futebol\/times&#8221;},&#8221;_admin&#8221;:{&#8220;alias_ids&#8221;:[&#8220;\/futebol\/times\/fortaleza&#8221;]},&#8221;site&#8221;:{&#8220;site_description&#8221;:&#8221;&#8221;,&#8221;site_title&#8221;:&#8221;Fortaleza&#8221;},&#8221;inactive&#8221;:false,&#8221;SEO&#8221;:{&#8220;seo_tags&#8221;:[]},&#8221;site_topper&#8221;:{},&#8221;is_grouping&#8221;:&#8221;false&#8221;,&#8221;_website&#8221;:&#8221;esportes&#8221;,&#8221;node_type&#8221;:&#8221;section&#8221;,&#8221;children&#8221;:[]},{&#8220;_id&#8221;:&#8221;\/futebol\/times\/goias&#8221;,&#8221;website&#8221;:&#8221;esportes&#8221;,&#8221;name&#8221;:&#8221;Goi\u00e1s&#8221;,&#8221;navigation&#8221;:{&#8220;nav_title&#8221;:&#8221;Goi\u00e1s&#8221;},&#8221;parent&#8221;:{&#8220;default&#8221;:&#8221;\/futebol\/times&#8221;,&#8221;header&#8221;:&#8221;\/futebol\/times&#8221;},&#8221;_admin&#8221;:{&#8220;alias_ids&#8221;:[&#8220;\/futebol\/times\/goias&#8221;]},&#8221;site&#8221;:{&#8220;site_description&#8221;:&#8221;&#8221;,&#8221;site_title&#8221;:&#8221;Goi\u00e1s&#8221;},&#8221;inactive&#8221;:false,&#8221;SEO&#8221;:{&#8220;seo_tags&#8221;:[]},&#8221;site_topper&#8221;:{},&#8221;is_grouping&#8221;:&#8221;false&#8221;,&#8221;_website&#8221;:&#8221;esportes&#8221;,&#8221;node_type&#8221;:&#8221;section&#8221;,&#8221;children&#8221;:[]},{&#8220;_id&#8221;:&#8221;\/futebol\/times\/gremio&#8221;,&#8221;_website&#8221;:&#8221;esportes&#8221;,&#8221;name&#8221;:&#8221;Gr\u00eamio&#8221;,&#8221;inactive&#8221;:false,&#8221;parent&#8221;:{&#8220;default&#8221;:&#8221;\/futebol\/times&#8221;,&#8221;header&#8221;:&#8221;\/futebol\/times&#8221;},&#8221;SEO&#8221;:{&#8220;seo_tags&#8221;:[]},&#8221;_admin&#8221;:{&#8220;alias_ids&#8221;:[&#8220;\/futebol\/times\/gremio&#8221;]},&#8221;navigation&#8221;:{&#8220;nav_title&#8221;:&#8221;Gr\u00eamio&#8221;},&#8221;newsletter&#8221;:{&#8220;id&#8221;:&#8221;68484031b8b9d10001c4f8ba&#8221;},&#8221;site&#8221;:{&#8220;site_description&#8221;:null,&#8221;site_title&#8221;:&#8221;Gr\u00eamio&#8221;},&#8221;is_grouping&#8221;:&#8221;false&#8221;,&#8221;node_type&#8221;:&#8221;section&#8221;,&#8221;children&#8221;:[]},{&#8220;_id&#8221;:&#8221;\/futebol\/times\/gremio-novorizontino&#8221;,&#8221;website&#8221;:&#8221;esportes&#8221;,&#8221;name&#8221;:&#8221;Gr\u00eamio Novorizontino&#8221;,&#8221;navigation&#8221;:{&#8220;nav_title&#8221;:&#8221;Gr\u00eamio Novorizontino&#8221;},&#8221;parent&#8221;:{&#8220;default&#8221;:&#8221;\/futebol\/times&#8221;,&#8221;header&#8221;:&#8221;\/futebol\/times&#8221;},&#8221;_admin&#8221;:{&#8220;alias_ids&#8221;:[&#8220;\/futebol\/times\/gremio-novorizontino&#8221;]},&#8221;site&#8221;:{&#8220;site_description&#8221;:&#8221;&#8221;,&#8221;site_title&#8221;:&#8221;Gr\u00eamio Novorizontino&#8221;},&#8221;inactive&#8221;:false,&#8221;SEO&#8221;:{&#8220;seo_tags&#8221;:[]},&#8221;site_topper&#8221;:{},&#8221;is_grouping&#8221;:&#8221;false&#8221;,&#8221;_website&#8221;:&#8221;esportes&#8221;,&#8221;node_type&#8221;:&#8221;section&#8221;,&#8221;children&#8221;:[]},{&#8220;_id&#8221;:&#8221;\/futebol\/times\/guarani&#8221;,&#8221;website&#8221;:&#8221;esportes&#8221;,&#8221;name&#8221;:&#8221;Guarani&#8221;,&#8221;navigation&#8221;:{&#8220;nav_title&#8221;:&#8221;Guarani&#8221;},&#8221;parent&#8221;:{&#8220;default&#8221;:&#8221;\/futebol\/times&#8221;,&#8221;header&#8221;:&#8221;\/futebol\/times&#8221;},&#8221;_admin&#8221;:{&#8220;alias_ids&#8221;:[&#8220;\/futebol\/times\/guarani&#8221;]},&#8221;site&#8221;:{&#8220;site_description&#8221;:&#8221;&#8221;,&#8221;site_title&#8221;:&#8221;Guarani&#8221;},&#8221;inactive&#8221;:false,&#8221;SEO&#8221;:{&#8220;seo_tags&#8221;:[]},&#8221;site_topper&#8221;:{},&#8221;is_grouping&#8221;:&#8221;false&#8221;,&#8221;_website&#8221;:&#8221;esportes&#8221;,&#8221;node_type&#8221;:&#8221;section&#8221;,&#8221;children&#8221;:[]},{&#8220;_id&#8221;:&#8221;\/futebol\/times\/icasa&#8221;,&#8221;website&#8221;:&#8221;esportes&#8221;,&#8221;name&#8221;:&#8221;Icasa&#8221;,&#8221;navigation&#8221;:{&#8220;nav_title&#8221;:&#8221;Icasa&#8221;},&#8221;parent&#8221;:{&#8220;default&#8221;:&#8221;\/futebol\/times&#8221;,&#8221;header&#8221;:&#8221;\/futebol\/times&#8221;},&#8221;_admin&#8221;:{&#8220;alias_ids&#8221;:[&#8220;\/futebol\/times\/icasa&#8221;]},&#8221;site&#8221;:{&#8220;site_description&#8221;:&#8221;&#8221;,&#8221;site_title&#8221;:&#8221;Icasa&#8221;},&#8221;inactive&#8221;:false,&#8221;SEO&#8221;:{&#8220;seo_tags&#8221;:[]},&#8221;site_topper&#8221;:{},&#8221;is_grouping&#8221;:&#8221;false&#8221;,&#8221;_website&#8221;:&#8221;esportes&#8221;,&#8221;node_type&#8221;:&#8221;section&#8221;,&#8221;children&#8221;:[]},{&#8220;_id&#8221;:&#8221;\/futebol\/times\/inter-de-limeira&#8221;,&#8221;website&#8221;:&#8221;esportes&#8221;,&#8221;name&#8221;:&#8221;Inter de Limeira&#8221;,&#8221;navigation&#8221;:{&#8220;nav_title&#8221;:&#8221;Inter de Limeira&#8221;},&#8221;parent&#8221;:{&#8220;default&#8221;:&#8221;\/futebol\/times&#8221;,&#8221;header&#8221;:&#8221;\/futebol\/times&#8221;},&#8221;_admin&#8221;:{&#8220;alias_ids&#8221;:[&#8220;\/futebol\/times\/inter-de-limeira&#8221;]},&#8221;site&#8221;:{&#8220;site_description&#8221;:&#8221;&#8221;,&#8221;site_title&#8221;:&#8221;Inter de Limeira&#8221;},&#8221;inactive&#8221;:false,&#8221;SEO&#8221;:{&#8220;seo_tags&#8221;:[]},&#8221;site_topper&#8221;:{},&#8221;is_grouping&#8221;:&#8221;false&#8221;,&#8221;_website&#8221;:&#8221;esportes&#8221;,&#8221;node_type&#8221;:&#8221;section&#8221;,&#8221;children&#8221;:[]},{&#8220;_id&#8221;:&#8221;\/futebol\/times\/internacional&#8221;,&#8221;_website&#8221;:&#8221;esportes&#8221;,&#8221;name&#8221;:&#8221;Internacional&#8221;,&#8221;inactive&#8221;:false,&#8221;parent&#8221;:{&#8220;default&#8221;:&#8221;\/futebol\/times&#8221;,&#8221;header&#8221;:&#8221;\/futebol\/times&#8221;},&#8221;SEO&#8221;:{&#8220;seo_tags&#8221;:[]},&#8221;_admin&#8221;:{&#8220;alias_ids&#8221;:[&#8220;\/futebol\/times\/internacional&#8221;]},&#8221;navigation&#8221;:{&#8220;nav_title&#8221;:&#8221;Internacional&#8221;},&#8221;newsletter&#8221;:{&#8220;id&#8221;:&#8221;68484031b8b9d10001c4f8ba&#8221;},&#8221;site&#8221;:{&#8220;site_description&#8221;:null,&#8221;site_title&#8221;:&#8221;Internacional&#8221;},&#8221;is_grouping&#8221;:&#8221;false&#8221;,&#8221;node_type&#8221;:&#8221;section&#8221;,&#8221;children&#8221;:[]},{&#8220;_id&#8221;:&#8221;\/futebol\/times\/ituano&#8221;,&#8221;website&#8221;:&#8221;esportes&#8221;,&#8221;name&#8221;:&#8221;Ituano&#8221;,&#8221;navigation&#8221;:{&#8220;nav_title&#8221;:&#8221;Ituano&#8221;},&#8221;parent&#8221;:{&#8220;default&#8221;:&#8221;\/futebol\/times&#8221;,&#8221;header&#8221;:&#8221;\/futebol\/times&#8221;},&#8221;_admin&#8221;:{&#8220;alias_ids&#8221;:[&#8220;\/futebol\/times\/ituano&#8221;]},&#8221;site&#8221;:{&#8220;site_description&#8221;:&#8221;&#8221;,&#8221;site_title&#8221;:&#8221;Ituano&#8221;},&#8221;inactive&#8221;:false,&#8221;SEO&#8221;:{&#8220;seo_tags&#8221;:[]},&#8221;site_topper&#8221;:{},&#8221;is_grouping&#8221;:&#8221;false&#8221;,&#8221;_website&#8221;:&#8221;esportes&#8221;,&#8221;node_type&#8221;:&#8221;section&#8221;,&#8221;children&#8221;:[]},{&#8220;_id&#8221;:&#8221;\/futebol\/times\/joinville&#8221;,&#8221;website&#8221;:&#8221;esportes&#8221;,&#8221;name&#8221;:&#8221;Joinville&#8221;,&#8221;navigation&#8221;:{&#8220;nav_title&#8221;:&#8221;Joinville&#8221;},&#8221;parent&#8221;:{&#8220;default&#8221;:&#8221;\/futebol\/times&#8221;,&#8221;header&#8221;:&#8221;\/futebol\/times&#8221;},&#8221;_admin&#8221;:{&#8220;alias_ids&#8221;:[&#8220;\/futebol\/times\/joinville&#8221;]},&#8221;site&#8221;:{&#8220;site_description&#8221;:&#8221;&#8221;,&#8221;site_title&#8221;:&#8221;Joinville&#8221;},&#8221;inactive&#8221;:false,&#8221;SEO&#8221;:{&#8220;seo_tags&#8221;:[]},&#8221;site_topper&#8221;:{},&#8221;is_grouping&#8221;:&#8221;false&#8221;,&#8221;_website&#8221;:&#8221;esportes&#8221;,&#8221;node_type&#8221;:&#8221;section&#8221;,&#8221;children&#8221;:[]},{&#8220;_id&#8221;:&#8221;\/futebol\/times\/juventude&#8221;,&#8221;website&#8221;:&#8221;esportes&#8221;,&#8221;name&#8221;:&#8221;Juventude&#8221;,&#8221;navigation&#8221;:{&#8220;nav_title&#8221;:&#8221;Juventude&#8221;},&#8221;parent&#8221;:{&#8220;default&#8221;:&#8221;\/futebol\/times&#8221;,&#8221;header&#8221;:&#8221;\/futebol\/times&#8221;},&#8221;_admin&#8221;:{&#8220;alias_ids&#8221;:[&#8220;\/futebol\/times\/juventude&#8221;]},&#8221;site&#8221;:{&#8220;site_description&#8221;:&#8221;&#8221;,&#8221;site_title&#8221;:&#8221;Juventude&#8221;},&#8221;inactive&#8221;:false,&#8221;SEO&#8221;:{&#8220;seo_tags&#8221;:[]},&#8221;site_topper&#8221;:{},&#8221;is_grouping&#8221;:&#8221;false&#8221;,&#8221;_website&#8221;:&#8221;esportes&#8221;,&#8221;node_type&#8221;:&#8221;section&#8221;,&#8221;children&#8221;:[]},{&#8220;_id&#8221;:&#8221;\/futebol\/times\/londrina-pr&#8221;,&#8221;website&#8221;:&#8221;esportes&#8221;,&#8221;name&#8221;:&#8221;Londrina-PR&#8221;,&#8221;navigation&#8221;:{&#8220;nav_title&#8221;:&#8221;Londrina-PR&#8221;},&#8221;parent&#8221;:{&#8220;default&#8221;:&#8221;\/futebol\/times&#8221;,&#8221;header&#8221;:&#8221;\/futebol\/times&#8221;},&#8221;_admin&#8221;:{&#8220;alias_ids&#8221;:[&#8220;\/futebol\/times\/londrina-pr&#8221;]},&#8221;site&#8221;:{&#8220;site_description&#8221;:&#8221;&#8221;,&#8221;site_title&#8221;:&#8221;Londrina-PR&#8221;},&#8221;inactive&#8221;:false,&#8221;SEO&#8221;:{&#8220;seo_tags&#8221;:[]},&#8221;site_topper&#8221;:{},&#8221;is_grouping&#8221;:&#8221;false&#8221;,&#8221;_website&#8221;:&#8221;esportes&#8221;,&#8221;node_type&#8221;:&#8221;section&#8221;,&#8221;children&#8221;:[]},{&#8220;_id&#8221;:&#8221;\/futebol\/times\/luverdense&#8221;,&#8221;website&#8221;:&#8221;esportes&#8221;,&#8221;name&#8221;:&#8221;Luverdense&#8221;,&#8221;navigation&#8221;:{&#8220;nav_title&#8221;:&#8221;Luverdense&#8221;},&#8221;parent&#8221;:{&#8220;default&#8221;:&#8221;\/futebol\/times&#8221;,&#8221;header&#8221;:&#8221;\/futebol\/times&#8221;},&#8221;_admin&#8221;:{&#8220;alias_ids&#8221;:[&#8220;\/futebol\/times\/luverdense&#8221;]},&#8221;site&#8221;:{&#8220;site_description&#8221;:&#8221;&#8221;,&#8221;site_title&#8221;:&#8221;Luverdense&#8221;},&#8221;inactive&#8221;:false,&#8221;SEO&#8221;:{&#8220;seo_tags&#8221;:[]},&#8221;site_topper&#8221;:{},&#8221;is_grouping&#8221;:&#8221;false&#8221;,&#8221;_website&#8221;:&#8221;esportes&#8221;,&#8221;node_type&#8221;:&#8221;section&#8221;,&#8221;children&#8221;:[]},{&#8220;_id&#8221;:&#8221;\/futebol\/times\/macae&#8221;,&#8221;website&#8221;:&#8221;esportes&#8221;,&#8221;name&#8221;:&#8221;Maca\u00e9&#8221;,&#8221;navigation&#8221;:{&#8220;nav_title&#8221;:&#8221;Maca\u00e9&#8221;},&#8221;parent&#8221;:{&#8220;default&#8221;:&#8221;\/futebol\/times&#8221;,&#8221;header&#8221;:&#8221;\/futebol\/times&#8221;},&#8221;_admin&#8221;:{&#8220;alias_ids&#8221;:[&#8220;\/futebol\/times\/macae&#8221;]},&#8221;site&#8221;:{&#8220;site_description&#8221;:&#8221;&#8221;,&#8221;site_title&#8221;:&#8221;Maca\u00e9&#8221;},&#8221;inactive&#8221;:false,&#8221;SEO&#8221;:{&#8220;seo_tags&#8221;:[]},&#8221;site_topper&#8221;:{},&#8221;is_grouping&#8221;:&#8221;false&#8221;,&#8221;_website&#8221;:&#8221;esportes&#8221;,&#8221;node_type&#8221;:&#8221;section&#8221;,&#8221;children&#8221;:[]},{&#8220;_id&#8221;:&#8221;\/futebol\/times\/madureira&#8221;,&#8221;website&#8221;:&#8221;esportes&#8221;,&#8221;name&#8221;:&#8221;Madureira&#8221;,&#8221;navigation&#8221;:{&#8220;nav_title&#8221;:&#8221;Madureira&#8221;},&#8221;parent&#8221;:{&#8220;default&#8221;:&#8221;\/futebol\/times&#8221;,&#8221;header&#8221;:&#8221;\/futebol\/times&#8221;},&#8221;_admin&#8221;:{&#8220;alias_ids&#8221;:[&#8220;\/futebol\/times\/madureira&#8221;]},&#8221;site&#8221;:{&#8220;site_description&#8221;:&#8221;&#8221;,&#8221;site_title&#8221;:&#8221;Madureira&#8221;},&#8221;inactive&#8221;:false,&#8221;SEO&#8221;:{&#8220;seo_tags&#8221;:[]},&#8221;site_topper&#8221;:{},&#8221;is_grouping&#8221;:&#8221;false&#8221;,&#8221;_website&#8221;:&#8221;esportes&#8221;,&#8221;node_type&#8221;:&#8221;section&#8221;,&#8221;children&#8221;:[]},{&#8220;_id&#8221;:&#8221;\/futebol\/times\/mirassol&#8221;,&#8221;website&#8221;:&#8221;esportes&#8221;,&#8221;name&#8221;:&#8221;Mirassol&#8221;,&#8221;navigation&#8221;:{&#8220;nav_title&#8221;:&#8221;Mirassol&#8221;},&#8221;parent&#8221;:{&#8220;default&#8221;:&#8221;\/futebol\/times&#8221;,&#8221;header&#8221;:&#8221;\/futebol\/times&#8221;},&#8221;_admin&#8221;:{&#8220;alias_ids&#8221;:[&#8220;\/futebol\/times\/mirassol&#8221;]},&#8221;site&#8221;:{&#8220;site_description&#8221;:&#8221;&#8221;,&#8221;site_title&#8221;:&#8221;Mirassol&#8221;},&#8221;inactive&#8221;:false,&#8221;SEO&#8221;:{&#8220;seo_tags&#8221;:[]},&#8221;site_topper&#8221;:{},&#8221;is_grouping&#8221;:&#8221;false&#8221;,&#8221;_website&#8221;:&#8221;esportes&#8221;,&#8221;node_type&#8221;:&#8221;section&#8221;,&#8221;children&#8221;:[]},{&#8220;_id&#8221;:&#8221;\/futebol\/times\/nautico&#8221;,&#8221;website&#8221;:&#8221;esportes&#8221;,&#8221;name&#8221;:&#8221;N\u00e1utico&#8221;,&#8221;navigation&#8221;:{&#8220;nav_title&#8221;:&#8221;N\u00e1utico&#8221;},&#8221;parent&#8221;:{&#8220;default&#8221;:&#8221;\/futebol\/times&#8221;,&#8221;header&#8221;:&#8221;\/futebol\/times&#8221;},&#8221;_admin&#8221;:{&#8220;alias_ids&#8221;:[&#8220;\/futebol\/times\/nautico&#8221;]},&#8221;site&#8221;:{&#8220;site_description&#8221;:&#8221;&#8221;,&#8221;site_title&#8221;:&#8221;N\u00e1utico&#8221;},&#8221;inactive&#8221;:false,&#8221;SEO&#8221;:{&#8220;seo_tags&#8221;:[]},&#8221;site_topper&#8221;:{},&#8221;is_grouping&#8221;:&#8221;false&#8221;,&#8221;_website&#8221;:&#8221;esportes&#8221;,&#8221;node_type&#8221;:&#8221;section&#8221;,&#8221;children&#8221;:[]},{&#8220;_id&#8221;:&#8221;\/futebol\/times\/nova-iguacu&#8221;,&#8221;website&#8221;:&#8221;esportes&#8221;,&#8221;name&#8221;:&#8221;Nova Igua\u00e7u&#8221;,&#8221;navigation&#8221;:{&#8220;nav_title&#8221;:&#8221;Nova Igua\u00e7u&#8221;},&#8221;parent&#8221;:{&#8220;default&#8221;:&#8221;\/futebol\/times&#8221;,&#8221;header&#8221;:&#8221;\/futebol\/times&#8221;},&#8221;_admin&#8221;:{&#8220;alias_ids&#8221;:[&#8220;\/futebol\/times\/nova-iguacu&#8221;]},&#8221;site&#8221;:{&#8220;site_description&#8221;:&#8221;&#8221;,&#8221;site_title&#8221;:&#8221;Nova Igua\u00e7u&#8221;},&#8221;inactive&#8221;:false,&#8221;SEO&#8221;:{&#8220;seo_tags&#8221;:[]},&#8221;site_topper&#8221;:{},&#8221;is_grouping&#8221;:&#8221;false&#8221;,&#8221;_website&#8221;:&#8221;esportes&#8221;,&#8221;node_type&#8221;:&#8221;section&#8221;,&#8221;children&#8221;:[]},{&#8220;_id&#8221;:&#8221;\/futebol\/times\/novorizontino&#8221;,&#8221;website&#8221;:&#8221;esportes&#8221;,&#8221;name&#8221;:&#8221;Novorizontino&#8221;,&#8221;navigation&#8221;:{&#8220;nav_title&#8221;:&#8221;Novorizontino&#8221;},&#8221;parent&#8221;:{&#8220;default&#8221;:&#8221;\/futebol\/times&#8221;,&#8221;header&#8221;:&#8221;\/futebol\/times&#8221;},&#8221;_admin&#8221;:{&#8220;alias_ids&#8221;:[&#8220;\/futebol\/times\/novorizontino&#8221;]},&#8221;site&#8221;:{&#8220;site_description&#8221;:&#8221;&#8221;,&#8221;site_title&#8221;:&#8221;Novorizontino&#8221;},&#8221;inactive&#8221;:false,&#8221;SEO&#8221;:{&#8220;seo_tags&#8221;:[]},&#8221;site_topper&#8221;:{},&#8221;is_grouping&#8221;:&#8221;false&#8221;,&#8221;_website&#8221;:&#8221;esportes&#8221;,&#8221;node_type&#8221;:&#8221;section&#8221;,&#8221;children&#8221;:[]},{&#8220;_id&#8221;:&#8221;\/futebol\/times\/oeste&#8221;,&#8221;website&#8221;:&#8221;esportes&#8221;,&#8221;name&#8221;:&#8221;Oeste&#8221;,&#8221;navigation&#8221;:{&#8220;nav_title&#8221;:&#8221;Oeste&#8221;},&#8221;parent&#8221;:{&#8220;default&#8221;:&#8221;\/futebol\/times&#8221;,&#8221;header&#8221;:&#8221;\/futebol\/times&#8221;},&#8221;_admin&#8221;:{&#8220;alias_ids&#8221;:[&#8220;\/futebol\/times\/oeste&#8221;]},&#8221;site&#8221;:{&#8220;site_description&#8221;:&#8221;&#8221;,&#8221;site_title&#8221;:&#8221;Oeste&#8221;},&#8221;inactive&#8221;:false,&#8221;SEO&#8221;:{&#8220;seo_tags&#8221;:[]},&#8221;site_topper&#8221;:{},&#8221;is_grouping&#8221;:&#8221;false&#8221;,&#8221;_website&#8221;:&#8221;esportes&#8221;,&#8221;node_type&#8221;:&#8221;section&#8221;,&#8221;children&#8221;:[]},{&#8220;_id&#8221;:&#8221;\/futebol\/times\/operario-pr&#8221;,&#8221;website&#8221;:&#8221;esportes&#8221;,&#8221;name&#8221;:&#8221;Oper\u00e1rio-PR&#8221;,&#8221;navigation&#8221;:{&#8220;nav_title&#8221;:&#8221;Oper\u00e1rio-PR&#8221;},&#8221;parent&#8221;:{&#8220;default&#8221;:&#8221;\/futebol\/times&#8221;,&#8221;header&#8221;:&#8221;\/futebol\/times&#8221;},&#8221;_admin&#8221;:{&#8220;alias_ids&#8221;:[&#8220;\/futebol\/times\/operario-pr&#8221;]},&#8221;site&#8221;:{&#8220;site_description&#8221;:&#8221;&#8221;,&#8221;site_title&#8221;:&#8221;Oper\u00e1rio-PR&#8221;},&#8221;inactive&#8221;:false,&#8221;SEO&#8221;:{&#8220;seo_tags&#8221;:[]},&#8221;site_topper&#8221;:{},&#8221;is_grouping&#8221;:&#8221;false&#8221;,&#8221;_website&#8221;:&#8221;esportes&#8221;,&#8221;node_type&#8221;:&#8221;section&#8221;,&#8221;children&#8221;:[]},{&#8220;_id&#8221;:&#8221;\/futebol\/times\/palmeiras&#8221;,&#8221;_website&#8221;:&#8221;esportes&#8221;,&#8221;name&#8221;:&#8221;Palmeiras&#8221;,&#8221;inactive&#8221;:false,&#8221;parent&#8221;:{&#8220;default&#8221;:&#8221;\/futebol\/times&#8221;,&#8221;header&#8221;:&#8221;\/futebol\/times&#8221;},&#8221;SEO&#8221;:{&#8220;seo_tags&#8221;:[]},&#8221;_admin&#8221;:{&#8220;alias_ids&#8221;:[&#8220;\/futebol\/times\/palmeiras&#8221;]},&#8221;navigation&#8221;:{&#8220;nav_title&#8221;:&#8221;Palmeiras&#8221;},&#8221;newsletter&#8221;:{&#8220;id&#8221;:&#8221;68484031b8b9d10001c4f8ba&#8221;},&#8221;site&#8221;:{&#8220;site_description&#8221;:null,&#8221;site_title&#8221;:&#8221;Palmeiras&#8221;},&#8221;is_grouping&#8221;:&#8221;false&#8221;,&#8221;node_type&#8221;:&#8221;section&#8221;,&#8221;children&#8221;:[{&#8220;_id&#8221;:&#8221;\/futebol\/times\/palmeiras\/palmeiras-online&#8221;,&#8221;website&#8221;:&#8221;esportes&#8221;,&#8221;name&#8221;:&#8221;Palmeiras Online&#8221;,&#8221;navigation&#8221;:{&#8220;nav_title&#8221;:&#8221;Palmeiras Online&#8221;},&#8221;parent&#8221;:{&#8220;default&#8221;:&#8221;\/futebol\/times\/palmeiras&#8221;,&#8221;header&#8221;:&#8221;\/futebol\/times\/palmeiras&#8221;},&#8221;_admin&#8221;:{&#8220;alias_ids&#8221;:[&#8220;\/futebol\/times\/palmeiras\/palmeiras-online&#8221;]},&#8221;site&#8221;:{&#8220;site_description&#8221;:&#8221;&#8221;,&#8221;site_title&#8221;:&#8221;Palmeiras Online&#8221;},&#8221;inactive&#8221;:false,&#8221;SEO&#8221;:{&#8220;seo_tags&#8221;:[]},&#8221;site_topper&#8221;:{},&#8221;is_grouping&#8221;:&#8221;false&#8221;,&#8221;_website&#8221;:&#8221;esportes&#8221;,&#8221;node_type&#8221;:&#8221;section&#8221;,&#8221;children&#8221;:[]}]},{&#8220;_id&#8221;:&#8221;\/futebol\/times\/parana&#8221;,&#8221;website&#8221;:&#8221;esportes&#8221;,&#8221;name&#8221;:&#8221;Paran\u00e1&#8221;,&#8221;navigation&#8221;:{&#8220;nav_title&#8221;:&#8221;Paran\u00e1&#8221;},&#8221;parent&#8221;:{&#8220;default&#8221;:&#8221;\/futebol\/times&#8221;,&#8221;header&#8221;:&#8221;\/futebol\/times&#8221;},&#8221;_admin&#8221;:{&#8220;alias_ids&#8221;:[&#8220;\/futebol\/times\/parana&#8221;]},&#8221;site&#8221;:{&#8220;site_description&#8221;:&#8221;&#8221;,&#8221;site_title&#8221;:&#8221;Paran\u00e1&#8221;},&#8221;inactive&#8221;:false,&#8221;SEO&#8221;:{&#8220;seo_tags&#8221;:[]},&#8221;site_topper&#8221;:{},&#8221;is_grouping&#8221;:&#8221;false&#8221;,&#8221;_website&#8221;:&#8221;esportes&#8221;,&#8221;node_type&#8221;:&#8221;section&#8221;,&#8221;children&#8221;:[]},{&#8220;_id&#8221;:&#8221;\/futebol\/times\/paysandu&#8221;,&#8221;website&#8221;:&#8221;esportes&#8221;,&#8221;name&#8221;:&#8221;Paysandu&#8221;,&#8221;navigation&#8221;:{&#8220;nav_title&#8221;:&#8221;Paysandu&#8221;},&#8221;parent&#8221;:{&#8220;default&#8221;:&#8221;\/futebol\/times&#8221;,&#8221;header&#8221;:&#8221;\/futebol\/times&#8221;},&#8221;_admin&#8221;:{&#8220;alias_ids&#8221;:[&#8220;\/futebol\/times\/paysandu&#8221;]},&#8221;site&#8221;:{&#8220;site_description&#8221;:&#8221;&#8221;,&#8221;site_title&#8221;:&#8221;Paysandu&#8221;},&#8221;inactive&#8221;:false,&#8221;SEO&#8221;:{&#8220;seo_tags&#8221;:[]},&#8221;site_topper&#8221;:{},&#8221;is_grouping&#8221;:&#8221;false&#8221;,&#8221;_website&#8221;:&#8221;esportes&#8221;,&#8221;node_type&#8221;:&#8221;section&#8221;,&#8221;children&#8221;:[]},{&#8220;_id&#8221;:&#8221;\/futebol\/times\/ponte-preta&#8221;,&#8221;website&#8221;:&#8221;esportes&#8221;,&#8221;name&#8221;:&#8221;Ponte Preta&#8221;,&#8221;navigation&#8221;:{&#8220;nav_title&#8221;:&#8221;Ponte Preta&#8221;},&#8221;parent&#8221;:{&#8220;default&#8221;:&#8221;\/futebol\/times&#8221;,&#8221;header&#8221;:&#8221;\/futebol\/times&#8221;},&#8221;_admin&#8221;:{&#8220;alias_ids&#8221;:[&#8220;\/futebol\/times\/ponte-preta&#8221;]},&#8221;site&#8221;:{&#8220;site_description&#8221;:&#8221;&#8221;,&#8221;site_title&#8221;:&#8221;Ponte Preta&#8221;},&#8221;inactive&#8221;:false,&#8221;SEO&#8221;:{&#8220;seo_tags&#8221;:[]},&#8221;site_topper&#8221;:{},&#8221;is_grouping&#8221;:&#8221;false&#8221;,&#8221;_website&#8221;:&#8221;esportes&#8221;,&#8221;node_type&#8221;:&#8221;section&#8221;,&#8221;children&#8221;:[]},{&#8220;_id&#8221;:&#8221;\/futebol\/times\/portuguesa&#8221;,&#8221;website&#8221;:&#8221;esportes&#8221;,&#8221;name&#8221;:&#8221;Portuguesa&#8221;,&#8221;navigation&#8221;:{&#8220;nav_title&#8221;:&#8221;Portuguesa&#8221;},&#8221;parent&#8221;:{&#8220;default&#8221;:&#8221;\/futebol\/times&#8221;,&#8221;header&#8221;:&#8221;\/futebol\/times&#8221;},&#8221;_admin&#8221;:{&#8220;alias_ids&#8221;:[&#8220;\/futebol\/times\/portuguesa&#8221;]},&#8221;site&#8221;:{&#8220;site_description&#8221;:&#8221;&#8221;,&#8221;site_title&#8221;:&#8221;Portuguesa&#8221;},&#8221;inactive&#8221;:false,&#8221;SEO&#8221;:{&#8220;seo_tags&#8221;:[]},&#8221;site_topper&#8221;:{},&#8221;is_grouping&#8221;:&#8221;false&#8221;,&#8221;_website&#8221;:&#8221;esportes&#8221;,&#8221;node_type&#8221;:&#8221;section&#8221;,&#8221;children&#8221;:[]},{&#8220;_id&#8221;:&#8221;\/futebol\/times\/portuguesa-rj&#8221;,&#8221;website&#8221;:&#8221;esportes&#8221;,&#8221;name&#8221;:&#8221;Portuguesa-RJ&#8221;,&#8221;navigation&#8221;:{&#8220;nav_title&#8221;:&#8221;Portuguesa-RJ&#8221;},&#8221;parent&#8221;:{&#8220;default&#8221;:&#8221;\/futebol\/times&#8221;,&#8221;header&#8221;:&#8221;\/futebol\/times&#8221;},&#8221;_admin&#8221;:{&#8220;alias_ids&#8221;:[&#8220;\/futebol\/times\/portuguesa-rj&#8221;]},&#8221;site&#8221;:{&#8220;site_description&#8221;:&#8221;&#8221;,&#8221;site_title&#8221;:&#8221;Portuguesa-RJ&#8221;},&#8221;inactive&#8221;:false,&#8221;SEO&#8221;:{&#8220;seo_tags&#8221;:[]},&#8221;site_topper&#8221;:{},&#8221;is_grouping&#8221;:&#8221;false&#8221;,&#8221;_website&#8221;:&#8221;esportes&#8221;,&#8221;node_type&#8221;:&#8221;section&#8221;,&#8221;children&#8221;:[]},{&#8220;_id&#8221;:&#8221;\/futebol\/times\/remo&#8221;,&#8221;website&#8221;:&#8221;esportes&#8221;,&#8221;name&#8221;:&#8221;Remo&#8221;,&#8221;navigation&#8221;:{&#8220;nav_title&#8221;:&#8221;Remo&#8221;},&#8221;parent&#8221;:{&#8220;default&#8221;:&#8221;\/futebol\/times&#8221;,&#8221;header&#8221;:&#8221;\/futebol\/times&#8221;},&#8221;_admin&#8221;:{&#8220;alias_ids&#8221;:[&#8220;\/futebol\/times\/remo&#8221;]},&#8221;site&#8221;:{&#8220;site_description&#8221;:&#8221;&#8221;,&#8221;site_title&#8221;:&#8221;Remo&#8221;},&#8221;inactive&#8221;:false,&#8221;SEO&#8221;:{&#8220;seo_tags&#8221;:[]},&#8221;site_topper&#8221;:{},&#8221;is_grouping&#8221;:&#8221;false&#8221;,&#8221;_website&#8221;:&#8221;esportes&#8221;,&#8221;node_type&#8221;:&#8221;section&#8221;,&#8221;children&#8221;:[]},{&#8220;_id&#8221;:&#8221;\/futebol\/times\/resende&#8221;,&#8221;website&#8221;:&#8221;esportes&#8221;,&#8221;name&#8221;:&#8221;Resende&#8221;,&#8221;navigation&#8221;:{&#8220;nav_title&#8221;:&#8221;Resende&#8221;},&#8221;parent&#8221;:{&#8220;default&#8221;:&#8221;\/futebol\/times&#8221;,&#8221;header&#8221;:&#8221;\/futebol\/times&#8221;},&#8221;_admin&#8221;:{&#8220;alias_ids&#8221;:[&#8220;\/futebol\/times\/resende&#8221;]},&#8221;site&#8221;:{&#8220;site_description&#8221;:&#8221;&#8221;,&#8221;site_title&#8221;:&#8221;Resende&#8221;},&#8221;inactive&#8221;:false,&#8221;SEO&#8221;:{&#8220;seo_tags&#8221;:[]},&#8221;site_topper&#8221;:{},&#8221;is_grouping&#8221;:&#8221;false&#8221;,&#8221;_website&#8221;:&#8221;esportes&#8221;,&#8221;node_type&#8221;:&#8221;section&#8221;,&#8221;children&#8221;:[]},{&#8220;_id&#8221;:&#8221;\/futebol\/times\/sampaio-correa&#8221;,&#8221;website&#8221;:&#8221;esportes&#8221;,&#8221;name&#8221;:&#8221;Sampaio Corr\u00eaa&#8221;,&#8221;navigation&#8221;:{&#8220;nav_title&#8221;:&#8221;Sampaio Corr\u00eaa&#8221;},&#8221;parent&#8221;:{&#8220;default&#8221;:&#8221;\/futebol\/times&#8221;,&#8221;header&#8221;:&#8221;\/futebol\/times&#8221;},&#8221;_admin&#8221;:{&#8220;alias_ids&#8221;:[&#8220;\/futebol\/times\/sampaio-correa&#8221;]},&#8221;site&#8221;:{&#8220;site_description&#8221;:&#8221;&#8221;,&#8221;site_title&#8221;:&#8221;Sampaio Corr\u00eaa&#8221;},&#8221;inactive&#8221;:false,&#8221;SEO&#8221;:{&#8220;seo_tags&#8221;:[]},&#8221;site_topper&#8221;:{},&#8221;is_grouping&#8221;:&#8221;false&#8221;,&#8221;_website&#8221;:&#8221;esportes&#8221;,&#8221;node_type&#8221;:&#8221;section&#8221;,&#8221;children&#8221;:[]},{&#8220;_id&#8221;:&#8221;\/futebol\/times\/santa-cruz&#8221;,&#8221;website&#8221;:&#8221;esportes&#8221;,&#8221;name&#8221;:&#8221;Santa Cruz&#8221;,&#8221;navigation&#8221;:{&#8220;nav_title&#8221;:&#8221;Santa Cruz&#8221;},&#8221;parent&#8221;:{&#8220;default&#8221;:&#8221;\/futebol\/times&#8221;,&#8221;header&#8221;:&#8221;\/futebol\/times&#8221;},&#8221;_admin&#8221;:{&#8220;alias_ids&#8221;:[&#8220;\/futebol\/times\/santa-cruz&#8221;]},&#8221;site&#8221;:{&#8220;site_description&#8221;:&#8221;&#8221;,&#8221;site_title&#8221;:&#8221;Santa Cruz&#8221;},&#8221;inactive&#8221;:false,&#8221;SEO&#8221;:{&#8220;seo_tags&#8221;:[]},&#8221;site_topper&#8221;:{},&#8221;is_grouping&#8221;:&#8221;false&#8221;,&#8221;_website&#8221;:&#8221;esportes&#8221;,&#8221;node_type&#8221;:&#8221;section&#8221;,&#8221;children&#8221;:[]},{&#8220;_id&#8221;:&#8221;\/futebol\/times\/santo-andre&#8221;,&#8221;website&#8221;:&#8221;esportes&#8221;,&#8221;name&#8221;:&#8221;Santo Andr\u00e9&#8221;,&#8221;navigation&#8221;:{&#8220;nav_title&#8221;:&#8221;Santo Andr\u00e9&#8221;},&#8221;parent&#8221;:{&#8220;default&#8221;:&#8221;\/futebol\/times&#8221;,&#8221;header&#8221;:&#8221;\/futebol\/times&#8221;},&#8221;_admin&#8221;:{&#8220;alias_ids&#8221;:[&#8220;\/futebol\/times\/santo-andre&#8221;]},&#8221;site&#8221;:{&#8220;site_description&#8221;:&#8221;&#8221;,&#8221;site_title&#8221;:&#8221;Santo Andr\u00e9&#8221;},&#8221;inactive&#8221;:false,&#8221;SEO&#8221;:{&#8220;seo_tags&#8221;:[]},&#8221;site_topper&#8221;:{},&#8221;is_grouping&#8221;:&#8221;false&#8221;,&#8221;_website&#8221;:&#8221;esportes&#8221;,&#8221;node_type&#8221;:&#8221;section&#8221;,&#8221;children&#8221;:[]},{&#8220;_id&#8221;:&#8221;\/futebol\/times\/santos&#8221;,&#8221;_website&#8221;:&#8221;esportes&#8221;,&#8221;name&#8221;:&#8221;Santos&#8221;,&#8221;inactive&#8221;:false,&#8221;parent&#8221;:{&#8220;default&#8221;:&#8221;\/futebol\/times&#8221;,&#8221;header&#8221;:&#8221;\/futebol\/times&#8221;},&#8221;SEO&#8221;:{&#8220;seo_tags&#8221;:[]},&#8221;_admin&#8221;:{&#8220;alias_ids&#8221;:[&#8220;\/futebol\/times\/santos&#8221;]},&#8221;navigation&#8221;:{&#8220;nav_title&#8221;:&#8221;Santos&#8221;},&#8221;newsletter&#8221;:{&#8220;id&#8221;:&#8221;68484031b8b9d10001c4f8ba&#8221;},&#8221;site&#8221;:{&#8220;site_description&#8221;:null,&#8221;site_title&#8221;:&#8221;Santos&#8221;},&#8221;is_grouping&#8221;:&#8221;false&#8221;,&#8221;node_type&#8221;:&#8221;section&#8221;,&#8221;children&#8221;:[]},{&#8220;_id&#8221;:&#8221;\/futebol\/times\/sao-bento&#8221;,&#8221;website&#8221;:&#8221;esportes&#8221;,&#8221;name&#8221;:&#8221;S\u00e3o Bento&#8221;,&#8221;navigation&#8221;:{&#8220;nav_title&#8221;:&#8221;S\u00e3o Bento&#8221;},&#8221;parent&#8221;:{&#8220;default&#8221;:&#8221;\/futebol\/times&#8221;,&#8221;header&#8221;:&#8221;\/futebol\/times&#8221;},&#8221;_admin&#8221;:{&#8220;alias_ids&#8221;:[&#8220;\/futebol\/times\/sao-bento&#8221;]},&#8221;site&#8221;:{&#8220;site_description&#8221;:&#8221;&#8221;,&#8221;site_title&#8221;:&#8221;S\u00e3o Bento&#8221;},&#8221;inactive&#8221;:false,&#8221;SEO&#8221;:{&#8220;seo_tags&#8221;:[]},&#8221;site_topper&#8221;:{},&#8221;is_grouping&#8221;:&#8221;false&#8221;,&#8221;_website&#8221;:&#8221;esportes&#8221;,&#8221;node_type&#8221;:&#8221;section&#8221;,&#8221;children&#8221;:[]},{&#8220;_id&#8221;:&#8221;\/futebol\/times\/sao-bernardo&#8221;,&#8221;website&#8221;:&#8221;esportes&#8221;,&#8221;name&#8221;:&#8221;S\u00e3o Bernardo&#8221;,&#8221;navigation&#8221;:{&#8220;nav_title&#8221;:&#8221;S\u00e3o Bernardo&#8221;},&#8221;parent&#8221;:{&#8220;default&#8221;:&#8221;\/futebol\/times&#8221;,&#8221;header&#8221;:&#8221;\/futebol\/times&#8221;},&#8221;_admin&#8221;:{&#8220;alias_ids&#8221;:[&#8220;\/futebol\/times\/sao-bernardo&#8221;]},&#8221;site&#8221;:{&#8220;site_description&#8221;:&#8221;&#8221;,&#8221;site_title&#8221;:&#8221;S\u00e3o Bernardo&#8221;},&#8221;inactive&#8221;:false,&#8221;SEO&#8221;:{&#8220;seo_tags&#8221;:[]},&#8221;site_topper&#8221;:{},&#8221;is_grouping&#8221;:&#8221;false&#8221;,&#8221;_website&#8221;:&#8221;esportes&#8221;,&#8221;node_type&#8221;:&#8221;section&#8221;,&#8221;children&#8221;:[]},{&#8220;_id&#8221;:&#8221;\/futebol\/times\/sao-caetano&#8221;,&#8221;website&#8221;:&#8221;esportes&#8221;,&#8221;name&#8221;:&#8221;S\u00e3o Caetano&#8221;,&#8221;navigation&#8221;:{&#8220;nav_title&#8221;:&#8221;S\u00e3o Caetano&#8221;},&#8221;parent&#8221;:{&#8220;default&#8221;:&#8221;\/futebol\/times&#8221;,&#8221;header&#8221;:&#8221;\/futebol\/times&#8221;},&#8221;_admin&#8221;:{&#8220;alias_ids&#8221;:[&#8220;\/futebol\/times\/sao-caetano&#8221;]},&#8221;site&#8221;:{&#8220;site_description&#8221;:&#8221;&#8221;,&#8221;site_title&#8221;:&#8221;S\u00e3o Caetano&#8221;},&#8221;inactive&#8221;:false,&#8221;SEO&#8221;:{&#8220;seo_tags&#8221;:[]},&#8221;site_topper&#8221;:{},&#8221;is_grouping&#8221;:&#8221;false&#8221;,&#8221;_website&#8221;:&#8221;esportes&#8221;,&#8221;node_type&#8221;:&#8221;section&#8221;,&#8221;children&#8221;:[]},{&#8220;_id&#8221;:&#8221;\/futebol\/times\/sao-paulo&#8221;,&#8221;_website&#8221;:&#8221;esportes&#8221;,&#8221;name&#8221;:&#8221;S\u00e3o Paulo&#8221;,&#8221;inactive&#8221;:false,&#8221;parent&#8221;:{&#8220;default&#8221;:&#8221;\/futebol\/times&#8221;,&#8221;header&#8221;:&#8221;\/futebol\/times&#8221;},&#8221;SEO&#8221;:{&#8220;seo_tags&#8221;:[]},&#8221;_admin&#8221;:{&#8220;alias_ids&#8221;:[&#8220;\/futebol\/times\/sao-paulo&#8221;]},&#8221;navigation&#8221;:{&#8220;nav_title&#8221;:&#8221;S\u00e3o Paulo&#8221;},&#8221;newsletter&#8221;:{&#8220;id&#8221;:&#8221;68484031b8b9d10001c4f8ba&#8221;},&#8221;site&#8221;:{&#8220;site_description&#8221;:null,&#8221;site_title&#8221;:&#8221;S\u00e3o Paulo&#8221;},&#8221;is_grouping&#8221;:&#8221;false&#8221;,&#8221;node_type&#8221;:&#8221;section&#8221;,&#8221;children&#8221;:[]},{&#8220;_id&#8221;:&#8221;\/futebol\/times\/sport&#8221;,&#8221;website&#8221;:&#8221;esportes&#8221;,&#8221;name&#8221;:&#8221;Sport&#8221;,&#8221;navigation&#8221;:{&#8220;nav_title&#8221;:&#8221;Sport&#8221;},&#8221;parent&#8221;:{&#8220;default&#8221;:&#8221;\/futebol\/times&#8221;,&#8221;header&#8221;:&#8221;\/futebol\/times&#8221;},&#8221;_admin&#8221;:{&#8220;alias_ids&#8221;:[&#8220;\/futebol\/times\/sport&#8221;]},&#8221;site&#8221;:{&#8220;site_description&#8221;:&#8221;&#8221;,&#8221;site_title&#8221;:&#8221;Sport&#8221;},&#8221;inactive&#8221;:false,&#8221;SEO&#8221;:{&#8220;seo_tags&#8221;:[]},&#8221;site_topper&#8221;:{},&#8221;is_grouping&#8221;:&#8221;false&#8221;,&#8221;_website&#8221;:&#8221;esportes&#8221;,&#8221;node_type&#8221;:&#8221;section&#8221;,&#8221;children&#8221;:[]},{&#8220;_id&#8221;:&#8221;\/futebol\/times\/tombense&#8221;,&#8221;website&#8221;:&#8221;esportes&#8221;,&#8221;name&#8221;:&#8221;Tombense&#8221;,&#8221;navigation&#8221;:{&#8220;nav_title&#8221;:&#8221;Tombense&#8221;},&#8221;parent&#8221;:{&#8220;default&#8221;:&#8221;\/futebol\/times&#8221;,&#8221;header&#8221;:&#8221;\/futebol\/times&#8221;},&#8221;_admin&#8221;:{&#8220;alias_ids&#8221;:[&#8220;\/futebol\/times\/tombense&#8221;]},&#8221;site&#8221;:{&#8220;site_description&#8221;:&#8221;&#8221;,&#8221;site_title&#8221;:&#8221;Tombense&#8221;},&#8221;inactive&#8221;:false,&#8221;SEO&#8221;:{&#8220;seo_tags&#8221;:[]},&#8221;site_topper&#8221;:{},&#8221;is_grouping&#8221;:&#8221;false&#8221;,&#8221;_website&#8221;:&#8221;esportes&#8221;,&#8221;node_type&#8221;:&#8221;section&#8221;,&#8221;children&#8221;:[]},{&#8220;_id&#8221;:&#8221;\/futebol\/times\/tupi-mg&#8221;,&#8221;website&#8221;:&#8221;esportes&#8221;,&#8221;name&#8221;:&#8221;Tupi-MG&#8221;,&#8221;navigation&#8221;:{&#8220;nav_title&#8221;:&#8221;Tupi-MG&#8221;},&#8221;parent&#8221;:{&#8220;default&#8221;:&#8221;\/futebol\/times&#8221;,&#8221;header&#8221;:&#8221;\/futebol\/times&#8221;},&#8221;_admin&#8221;:{&#8220;alias_ids&#8221;:[&#8220;\/futebol\/times\/tupi-mg&#8221;]},&#8221;site&#8221;:{&#8220;site_description&#8221;:&#8221;&#8221;,&#8221;site_title&#8221;:&#8221;Tupi-MG&#8221;},&#8221;inactive&#8221;:false,&#8221;SEO&#8221;:{&#8220;seo_tags&#8221;:[]},&#8221;site_topper&#8221;:{},&#8221;is_grouping&#8221;:&#8221;false&#8221;,&#8221;_website&#8221;:&#8221;esportes&#8221;,&#8221;node_type&#8221;:&#8221;section&#8221;,&#8221;children&#8221;:[]},{&#8220;_id&#8221;:&#8221;\/futebol\/times\/vasco&#8221;,&#8221;_website&#8221;:&#8221;esportes&#8221;,&#8221;name&#8221;:&#8221;Vasco&#8221;,&#8221;inactive&#8221;:false,&#8221;parent&#8221;:{&#8220;default&#8221;:&#8221;\/futebol\/times&#8221;,&#8221;header&#8221;:&#8221;\/futebol\/times&#8221;},&#8221;SEO&#8221;:{&#8220;seo_tags&#8221;:[]},&#8221;_admin&#8221;:{&#8220;alias_ids&#8221;:[&#8220;\/futebol\/times\/vasco&#8221;]},&#8221;navigation&#8221;:{&#8220;nav_title&#8221;:&#8221;Vasco&#8221;},&#8221;newsletter&#8221;:{&#8220;id&#8221;:&#8221;68484031b8b9d10001c4f8ba&#8221;},&#8221;site&#8221;:{&#8220;site_description&#8221;:null,&#8221;site_title&#8221;:&#8221;Vasco&#8221;},&#8221;is_grouping&#8221;:&#8221;false&#8221;,&#8221;node_type&#8221;:&#8221;section&#8221;,&#8221;children&#8221;:[]},{&#8220;_id&#8221;:&#8221;\/futebol\/times\/vila-nova-go&#8221;,&#8221;website&#8221;:&#8221;esportes&#8221;,&#8221;name&#8221;:&#8221;Vila Nova-GO&#8221;,&#8221;navigation&#8221;:{&#8220;nav_title&#8221;:&#8221;Vila Nova-GO&#8221;},&#8221;parent&#8221;:{&#8220;default&#8221;:&#8221;\/futebol\/times&#8221;,&#8221;header&#8221;:&#8221;\/futebol\/times&#8221;},&#8221;_admin&#8221;:{&#8220;alias_ids&#8221;:[&#8220;\/futebol\/times\/vila-nova-go&#8221;]},&#8221;site&#8221;:{&#8220;site_description&#8221;:&#8221;&#8221;,&#8221;site_title&#8221;:&#8221;Vila Nova-GO&#8221;},&#8221;inactive&#8221;:false,&#8221;SEO&#8221;:{&#8220;seo_tags&#8221;:[]},&#8221;site_topper&#8221;:{},&#8221;is_grouping&#8221;:&#8221;false&#8221;,&#8221;_website&#8221;:&#8221;esportes&#8221;,&#8221;node_type&#8221;:&#8221;section&#8221;,&#8221;children&#8221;:[]},{&#8220;_id&#8221;:&#8221;\/futebol\/times\/vitoria&#8221;,&#8221;website&#8221;:&#8221;esportes&#8221;,&#8221;name&#8221;:&#8221;Vit\u00f3ria&#8221;,&#8221;navigation&#8221;:{&#8220;nav_title&#8221;:&#8221;Vit\u00f3ria&#8221;},&#8221;parent&#8221;:{&#8220;default&#8221;:&#8221;\/futebol\/times&#8221;,&#8221;header&#8221;:&#8221;\/futebol\/times&#8221;},&#8221;_admin&#8221;:{&#8220;alias_ids&#8221;:[&#8220;\/futebol\/times\/vitoria&#8221;]},&#8221;site&#8221;:{&#8220;site_description&#8221;:&#8221;&#8221;,&#8221;site_title&#8221;:&#8221;Vit\u00f3ria&#8221;},&#8221;inactive&#8221;:false,&#8221;SEO&#8221;:{&#8220;seo_tags&#8221;:[]},&#8221;site_topper&#8221;:{},&#8221;is_grouping&#8221;:&#8221;false&#8221;,&#8221;_website&#8221;:&#8221;esportes&#8221;,&#8221;node_type&#8221;:&#8221;section&#8221;,&#8221;children&#8221;:[]},{&#8220;_id&#8221;:&#8221;\/futebol\/times\/volta-redonda&#8221;,&#8221;website&#8221;:&#8221;esportes&#8221;,&#8221;name&#8221;:&#8221;Volta Redonda&#8221;,&#8221;navigation&#8221;:{&#8220;nav_title&#8221;:&#8221;Volta Redonda&#8221;},&#8221;parent&#8221;:{&#8220;default&#8221;:&#8221;\/futebol\/times&#8221;,&#8221;header&#8221;:&#8221;\/futebol\/times&#8221;},&#8221;_admin&#8221;:{&#8220;alias_ids&#8221;:[&#8220;\/futebol\/times\/volta-redonda&#8221;]},&#8221;site&#8221;:{&#8220;site_description&#8221;:&#8221;&#8221;,&#8221;site_title&#8221;:&#8221;Volta Redonda&#8221;},&#8221;inactive&#8221;:false,&#8221;SEO&#8221;:{&#8220;seo_tags&#8221;:[]},&#8221;site_topper&#8221;:{},&#8221;is_grouping&#8221;:&#8221;false&#8221;,&#8221;_website&#8221;:&#8221;esportes&#8221;,&#8221;node_type&#8221;:&#8221;section&#8221;,&#8221;children&#8221;:[]},{&#8220;_id&#8221;:&#8221;\/futebol\/times\/amazonas&#8221;,&#8221;_website&#8221;:&#8221;esportes&#8221;,&#8221;name&#8221;:&#8221;Amazonas&#8221;,&#8221;inactive&#8221;:false,&#8221;ancestors&#8221;:{&#8220;default&#8221;:[&#8220;https:\/\/esportes.r7.com\/futebol&#8221;,&#8221;\/futebol\/times&#8221;]},&#8221;parent&#8221;:{&#8220;default&#8221;:&#8221;\/futebol\/times&#8221;},&#8221;SEO&#8221;:{&#8220;og_image_id&#8221;:null,&#8221;seo_description&#8221;:null,&#8221;seo_tags&#8221;:[],&#8221;seo_title&#8221;:null,&#8221;title_hotsite&#8221;:null,&#8221;top_url&#8221;:null,&#8221;url_og_image&#8221;:null},&#8221;age_rating&#8221;:{&#8220;classificacao_etaria&#8221;:null},&#8221;age_rating_description&#8221;:{&#8220;atos_criminosos&#8221;:&#8221;false&#8221;,&#8221;conteudo_sexual&#8221;:&#8221;false&#8221;,&#8221;drogas&#8221;:&#8221;false&#8221;,&#8221;drogas_ilicitas&#8221;:&#8221;false&#8221;,&#8221;drogas_licitas&#8221;:&#8221;false&#8221;,&#8221;linguagem_impropria&#8221;:&#8221;false&#8221;,&#8221;medo&#8221;:&#8221;false&#8221;,&#8221;nudez&#8221;:&#8221;false&#8221;,&#8221;procedimentos_medicos&#8221;:&#8221;false&#8221;,&#8221;sexo_explicito&#8221;:&#8221;false&#8221;,&#8221;temas_sensiveis&#8221;:&#8221;false&#8221;,&#8221;violencia&#8221;:&#8221;false&#8221;,&#8221;violencia_extrema&#8221;:&#8221;false&#8221;,&#8221;violencia_fantasiosa&#8221;:&#8221;false&#8221;},&#8221;area_logada&#8221;:{&#8220;exclusive_content&#8221;:&#8221;false&#8221;},&#8221;navigation&#8221;:{&#8220;menu_url&#8221;:null,&#8221;nav_title&#8221;:null},&#8221;publicidade&#8221;:{&#8220;disable_adv&#8221;:&#8221;false&#8221;,&#8221;disable_audima_adv&#8221;:&#8221;false&#8221;,&#8221;disable_taboola&#8221;:&#8221;false&#8221;,&#8221;hash&#8221;:null},&#8221;site&#8221;:{&#8220;coupon_categories&#8221;:&#8221;departamentos&#8221;,&#8221;disable_refresh&#8221;:&#8221;4&#8243;,&#8221;enable_disclaimer&#8221;:&#8221;false&#8221;,&#8221;pagebuilder_path_for_native_apps&#8221;:null,&#8221;site_about&#8221;:null,&#8221;site_description&#8221;:null,&#8221;site_keywords&#8221;:null,&#8221;site_tagline&#8221;:null,&#8221;site_title&#8221;:null,&#8221;site_url&#8221;:null},&#8221;site_topper&#8221;:{&#8220;section_header_image&#8221;:null,&#8221;section_header_image_id&#8221;:null,&#8221;section_header_image_mobile&#8221;:null,&#8221;section_header_image_mobile_id&#8221;:null,&#8221;section_left_color_top&#8221;:null,&#8221;section_primary_color&#8221;:null,&#8221;section_right_color_top&#8221;:null,&#8221;site_logo_image&#8221;:null},&#8221;social&#8221;:{&#8220;facebook&#8221;:null,&#8221;instagram&#8221;:null,&#8221;kwai&#8221;:null,&#8221;rss&#8221;:null,&#8221;twitter&#8221;:null},&#8221;ultimas&#8221;:{&#8220;tab_ultimas&#8221;:[]},&#8221;is_grouping&#8221;:&#8221;false&#8221;,&#8221;node_type&#8221;:&#8221;section&#8221;,&#8221;children&#8221;:[]},{&#8220;_id&#8221;:&#8221;\/futebol\/times\/athletic-club&#8221;,&#8221;_website&#8221;:&#8221;esportes&#8221;,&#8221;name&#8221;:&#8221;Athletic Club&#8221;,&#8221;inactive&#8221;:false,&#8221;ancestors&#8221;:{&#8220;default&#8221;:[&#8220;https:\/\/esportes.r7.com\/futebol&#8221;,&#8221;\/futebol\/times&#8221;]},&#8221;parent&#8221;:{&#8220;default&#8221;:&#8221;\/futebol\/times&#8221;},&#8221;SEO&#8221;:{&#8220;og_image_id&#8221;:null,&#8221;seo_description&#8221;:null,&#8221;seo_tags&#8221;:[],&#8221;seo_title&#8221;:null,&#8221;title_hotsite&#8221;:null,&#8221;top_url&#8221;:null,&#8221;url_og_image&#8221;:null},&#8221;age_rating&#8221;:{&#8220;classificacao_etaria&#8221;:null},&#8221;age_rating_description&#8221;:{&#8220;atos_criminosos&#8221;:&#8221;false&#8221;,&#8221;conteudo_sexual&#8221;:&#8221;false&#8221;,&#8221;drogas&#8221;:&#8221;false&#8221;,&#8221;drogas_ilicitas&#8221;:&#8221;false&#8221;,&#8221;drogas_licitas&#8221;:&#8221;false&#8221;,&#8221;linguagem_impropria&#8221;:&#8221;false&#8221;,&#8221;medo&#8221;:&#8221;false&#8221;,&#8221;nudez&#8221;:&#8221;false&#8221;,&#8221;procedimentos_medicos&#8221;:&#8221;false&#8221;,&#8221;sexo_explicito&#8221;:&#8221;false&#8221;,&#8221;temas_sensiveis&#8221;:&#8221;false&#8221;,&#8221;violencia&#8221;:&#8221;false&#8221;,&#8221;violencia_extrema&#8221;:&#8221;false&#8221;,&#8221;violencia_fantasiosa&#8221;:&#8221;false&#8221;},&#8221;area_logada&#8221;:{&#8220;exclusive_content&#8221;:&#8221;false&#8221;},&#8221;navigation&#8221;:{&#8220;menu_url&#8221;:null,&#8221;nav_title&#8221;:null},&#8221;publicidade&#8221;:{&#8220;disable_adv&#8221;:&#8221;false&#8221;,&#8221;disable_audima_adv&#8221;:&#8221;false&#8221;,&#8221;disable_taboola&#8221;:&#8221;false&#8221;,&#8221;hash&#8221;:null},&#8221;site&#8221;:{&#8220;coupon_categories&#8221;:&#8221;departamentos&#8221;,&#8221;disable_refresh&#8221;:&#8221;4&#8243;,&#8221;enable_disclaimer&#8221;:&#8221;false&#8221;,&#8221;pagebuilder_path_for_native_apps&#8221;:null,&#8221;site_about&#8221;:null,&#8221;site_description&#8221;:null,&#8221;site_keywords&#8221;:null,&#8221;site_tagline&#8221;:null,&#8221;site_title&#8221;:null,&#8221;site_url&#8221;:null},&#8221;site_topper&#8221;:{&#8220;section_header_image&#8221;:null,&#8221;section_header_image_id&#8221;:null,&#8221;section_header_image_mobile&#8221;:null,&#8221;section_header_image_mobile_id&#8221;:null,&#8221;section_left_color_top&#8221;:null,&#8221;section_primary_color&#8221;:null,&#8221;section_right_color_top&#8221;:null,&#8221;site_logo_image&#8221;:null},&#8221;social&#8221;:{&#8220;facebook&#8221;:null,&#8221;instagram&#8221;:null,&#8221;kwai&#8221;:null,&#8221;rss&#8221;:null,&#8221;twitter&#8221;:null},&#8221;ultimas&#8221;:{&#8220;tab_ultimas&#8221;:[]},&#8221;is_grouping&#8221;:&#8221;false&#8221;,&#8221;node_type&#8221;:&#8221;section&#8221;,&#8221;children&#8221;:[]},{&#8220;_id&#8221;:&#8221;\/futebol\/times\/capivariano&#8221;,&#8221;_website&#8221;:&#8221;esportes&#8221;,&#8221;name&#8221;:&#8221;Capivariano&#8221;,&#8221;inactive&#8221;:false,&#8221;ancestors&#8221;:{&#8220;default&#8221;:[&#8220;https:\/\/esportes.r7.com\/futebol&#8221;,&#8221;\/futebol\/times&#8221;]},&#8221;parent&#8221;:{&#8220;default&#8221;:&#8221;\/futebol\/times&#8221;},&#8221;SEO&#8221;:{&#8220;og_image_id&#8221;:null,&#8221;seo_description&#8221;:&#8221;Capivariano&#8221;,&#8221;seo_tags&#8221;:[],&#8221;seo_title&#8221;:&#8221;Capivariano&#8221;,&#8221;title_hotsite&#8221;:null,&#8221;top_url&#8221;:null,&#8221;url_og_image&#8221;:null},&#8221;age_rating&#8221;:{&#8220;classificacao_etaria&#8221;:null},&#8221;age_rating_description&#8221;:{&#8220;atos_criminosos&#8221;:&#8221;false&#8221;,&#8221;conteudo_sexual&#8221;:&#8221;false&#8221;,&#8221;drogas&#8221;:&#8221;false&#8221;,&#8221;drogas_ilicitas&#8221;:&#8221;false&#8221;,&#8221;drogas_licitas&#8221;:&#8221;false&#8221;,&#8221;linguagem_impropria&#8221;:&#8221;false&#8221;,&#8221;medo&#8221;:&#8221;false&#8221;,&#8221;nudez&#8221;:&#8221;false&#8221;,&#8221;procedimentos_medicos&#8221;:&#8221;false&#8221;,&#8221;sexo_explicito&#8221;:&#8221;false&#8221;,&#8221;temas_sensiveis&#8221;:&#8221;false&#8221;,&#8221;violencia&#8221;:&#8221;false&#8221;,&#8221;violencia_extrema&#8221;:&#8221;false&#8221;,&#8221;violencia_fantasiosa&#8221;:&#8221;false&#8221;},&#8221;area_logada&#8221;:{&#8220;exclusive_content&#8221;:&#8221;false&#8221;},&#8221;navigation&#8221;:{&#8220;menu_url&#8221;:null,&#8221;nav_title&#8221;:null},&#8221;newsletter&#8221;:{&#8220;id&#8221;:null},&#8221;publicidade&#8221;:{&#8220;disable_adv&#8221;:&#8221;false&#8221;,&#8221;disable_audima_adv&#8221;:&#8221;false&#8221;,&#8221;disable_taboola&#8221;:&#8221;false&#8221;,&#8221;hash&#8221;:null},&#8221;site&#8221;:{&#8220;coupon_categories&#8221;:&#8221;departamentos&#8221;,&#8221;disable_refresh&#8221;:&#8221;4&#8243;,&#8221;enable_disclaimer&#8221;:&#8221;false&#8221;,&#8221;pagebuilder_path_for_native_apps&#8221;:null,&#8221;site_about&#8221;:null,&#8221;site_description&#8221;:null,&#8221;site_keywords&#8221;:null,&#8221;site_tagline&#8221;:null,&#8221;site_title&#8221;:null,&#8221;site_url&#8221;:null},&#8221;site_topper&#8221;:{&#8220;section_header_image&#8221;:null,&#8221;section_header_image_id&#8221;:null,&#8221;section_header_image_mobile&#8221;:null,&#8221;section_header_image_mobile_id&#8221;:null,&#8221;section_left_color_top&#8221;:null,&#8221;section_primary_color&#8221;:null,&#8221;section_right_color_top&#8221;:null,&#8221;site_logo_image&#8221;:null},&#8221;social&#8221;:{&#8220;facebook&#8221;:null,&#8221;instagram&#8221;:null,&#8221;kwai&#8221;:null,&#8221;rss&#8221;:null,&#8221;twitter&#8221;:null},&#8221;ultimas&#8221;:{&#8220;tab_ultimas&#8221;:[]},&#8221;is_grouping&#8221;:&#8221;false&#8221;,&#8221;node_type&#8221;:&#8221;section&#8221;,&#8221;children&#8221;:[]},{&#8220;_id&#8221;:&#8221;\/futebol\/times\/ec-noroeste&#8221;,&#8221;_website&#8221;:&#8221;esportes&#8221;,&#8221;name&#8221;:&#8221;EC Noroeste&#8221;,&#8221;inactive&#8221;:false,&#8221;ancestors&#8221;:{&#8220;default&#8221;:[&#8220;https:\/\/esportes.r7.com\/futebol&#8221;,&#8221;\/futebol\/times&#8221;]},&#8221;parent&#8221;:{&#8220;default&#8221;:&#8221;\/futebol\/times&#8221;},&#8221;SEO&#8221;:{&#8220;og_image_id&#8221;:null,&#8221;seo_description&#8221;:&#8221;EC Noroeste&#8221;,&#8221;seo_tags&#8221;:[],&#8221;seo_title&#8221;:&#8221;EC Noroeste&#8221;,&#8221;title_hotsite&#8221;:null,&#8221;top_url&#8221;:null,&#8221;url_og_image&#8221;:null},&#8221;age_rating&#8221;:{&#8220;classificacao_etaria&#8221;:null},&#8221;age_rating_description&#8221;:{&#8220;atos_criminosos&#8221;:&#8221;false&#8221;,&#8221;conteudo_sexual&#8221;:&#8221;false&#8221;,&#8221;drogas&#8221;:&#8221;false&#8221;,&#8221;drogas_ilicitas&#8221;:&#8221;false&#8221;,&#8221;drogas_licitas&#8221;:&#8221;false&#8221;,&#8221;linguagem_impropria&#8221;:&#8221;false&#8221;,&#8221;medo&#8221;:&#8221;false&#8221;,&#8221;nudez&#8221;:&#8221;false&#8221;,&#8221;procedimentos_medicos&#8221;:&#8221;false&#8221;,&#8221;sexo_explicito&#8221;:&#8221;false&#8221;,&#8221;temas_sensiveis&#8221;:&#8221;false&#8221;,&#8221;violencia&#8221;:&#8221;false&#8221;,&#8221;violencia_extrema&#8221;:&#8221;false&#8221;,&#8221;violencia_fantasiosa&#8221;:&#8221;false&#8221;},&#8221;area_logada&#8221;:{&#8220;exclusive_content&#8221;:&#8221;false&#8221;},&#8221;navigation&#8221;:{&#8220;menu_url&#8221;:null,&#8221;nav_title&#8221;:null},&#8221;newsletter&#8221;:{&#8220;id&#8221;:null},&#8221;publicidade&#8221;:{&#8220;disable_adv&#8221;:&#8221;false&#8221;,&#8221;disable_audima_adv&#8221;:&#8221;false&#8221;,&#8221;disable_taboola&#8221;:&#8221;false&#8221;,&#8221;hash&#8221;:null},&#8221;site&#8221;:{&#8220;coupon_categories&#8221;:&#8221;departamentos&#8221;,&#8221;disable_refresh&#8221;:&#8221;4&#8243;,&#8221;enable_disclaimer&#8221;:&#8221;false&#8221;,&#8221;pagebuilder_path_for_native_apps&#8221;:null,&#8221;site_about&#8221;:null,&#8221;site_description&#8221;:null,&#8221;site_keywords&#8221;:null,&#8221;site_tagline&#8221;:null,&#8221;site_title&#8221;:null,&#8221;site_url&#8221;:null},&#8221;site_topper&#8221;:{&#8220;section_header_image&#8221;:null,&#8221;section_header_image_id&#8221;:null,&#8221;section_header_image_mobile&#8221;:null,&#8221;section_header_image_mobile_id&#8221;:null,&#8221;section_left_color_top&#8221;:null,&#8221;section_primary_color&#8221;:null,&#8221;section_right_color_top&#8221;:null,&#8221;site_logo_image&#8221;:null},&#8221;social&#8221;:{&#8220;facebook&#8221;:null,&#8221;instagram&#8221;:null,&#8221;kwai&#8221;:null,&#8221;rss&#8221;:null,&#8221;twitter&#8221;:null},&#8221;ultimas&#8221;:{&#8220;tab_ultimas&#8221;:[]},&#8221;is_grouping&#8221;:&#8221;false&#8221;,&#8221;node_type&#8221;:&#8221;section&#8221;,&#8221;children&#8221;:[]},{&#8220;_id&#8221;:&#8221;\/futebol\/times\/ec-primavera&#8221;,&#8221;_website&#8221;:&#8221;esportes&#8221;,&#8221;name&#8221;:&#8221;EC Primavera&#8221;,&#8221;inactive&#8221;:false,&#8221;ancestors&#8221;:{&#8220;default&#8221;:[&#8220;https:\/\/esportes.r7.com\/futebol&#8221;,&#8221;\/futebol\/times&#8221;]},&#8221;parent&#8221;:{&#8220;default&#8221;:&#8221;\/futebol\/times&#8221;},&#8221;SEO&#8221;:{&#8220;og_image_id&#8221;:null,&#8221;seo_description&#8221;:&#8221;EC Primavera&#8221;,&#8221;seo_tags&#8221;:[],&#8221;seo_title&#8221;:&#8221;EC Primavera&#8221;,&#8221;title_hotsite&#8221;:null,&#8221;top_url&#8221;:null,&#8221;url_og_image&#8221;:null},&#8221;age_rating&#8221;:{&#8220;classificacao_etaria&#8221;:null},&#8221;age_rating_description&#8221;:{&#8220;atos_criminosos&#8221;:&#8221;false&#8221;,&#8221;conteudo_sexual&#8221;:&#8221;false&#8221;,&#8221;drogas&#8221;:&#8221;false&#8221;,&#8221;drogas_ilicitas&#8221;:&#8221;false&#8221;,&#8221;drogas_licitas&#8221;:&#8221;false&#8221;,&#8221;linguagem_impropria&#8221;:&#8221;false&#8221;,&#8221;medo&#8221;:&#8221;false&#8221;,&#8221;nudez&#8221;:&#8221;false&#8221;,&#8221;procedimentos_medicos&#8221;:&#8221;false&#8221;,&#8221;sexo_explicito&#8221;:&#8221;false&#8221;,&#8221;temas_sensiveis&#8221;:&#8221;false&#8221;,&#8221;violencia&#8221;:&#8221;false&#8221;,&#8221;violencia_extrema&#8221;:&#8221;false&#8221;,&#8221;violencia_fantasiosa&#8221;:&#8221;false&#8221;},&#8221;area_logada&#8221;:{&#8220;exclusive_content&#8221;:&#8221;false&#8221;},&#8221;navigation&#8221;:{&#8220;menu_url&#8221;:null,&#8221;nav_title&#8221;:null},&#8221;newsletter&#8221;:{&#8220;id&#8221;:null},&#8221;publicidade&#8221;:{&#8220;disable_adv&#8221;:&#8221;false&#8221;,&#8221;disable_audima_adv&#8221;:&#8221;false&#8221;,&#8221;disable_taboola&#8221;:&#8221;false&#8221;,&#8221;hash&#8221;:null},&#8221;site&#8221;:{&#8220;coupon_categories&#8221;:&#8221;departamentos&#8221;,&#8221;disable_refresh&#8221;:&#8221;4&#8243;,&#8221;enable_disclaimer&#8221;:&#8221;false&#8221;,&#8221;pagebuilder_path_for_native_apps&#8221;:null,&#8221;site_about&#8221;:null,&#8221;site_description&#8221;:null,&#8221;site_keywords&#8221;:null,&#8221;site_tagline&#8221;:null,&#8221;site_title&#8221;:null,&#8221;site_url&#8221;:null},&#8221;site_topper&#8221;:{&#8220;section_header_image&#8221;:null,&#8221;section_header_image_id&#8221;:null,&#8221;section_header_image_mobile&#8221;:null,&#8221;section_header_image_mobile_id&#8221;:null,&#8221;section_left_color_top&#8221;:null,&#8221;section_primary_color&#8221;:null,&#8221;section_right_color_top&#8221;:null,&#8221;site_logo_image&#8221;:null},&#8221;social&#8221;:{&#8220;facebook&#8221;:null,&#8221;instagram&#8221;:null,&#8221;kwai&#8221;:null,&#8221;rss&#8221;:null,&#8221;twitter&#8221;:null},&#8221;ultimas&#8221;:{&#8220;tab_ultimas&#8221;:[]},&#8221;is_grouping&#8221;:&#8221;false&#8221;,&#8221;node_type&#8221;:&#8221;section&#8221;,&#8221;children&#8221;:[]},{&#8220;_id&#8221;:&#8221;\/futebol\/times\/velo-clube&#8221;,&#8221;_website&#8221;:&#8221;esportes&#8221;,&#8221;name&#8221;:&#8221;Velo Clube&#8221;,&#8221;inactive&#8221;:false,&#8221;ancestors&#8221;:{&#8220;default&#8221;:[&#8220;https:\/\/esportes.r7.com\/futebol&#8221;,&#8221;\/futebol\/times&#8221;]},&#8221;parent&#8221;:{&#8220;default&#8221;:&#8221;\/futebol\/times&#8221;},&#8221;SEO&#8221;:{&#8220;og_image_id&#8221;:null,&#8221;seo_description&#8221;:&#8221;Velo Clube&#8221;,&#8221;seo_tags&#8221;:[],&#8221;seo_title&#8221;:&#8221;Velo Clube&#8221;,&#8221;title_hotsite&#8221;:null,&#8221;top_url&#8221;:null,&#8221;url_og_image&#8221;:null},&#8221;age_rating&#8221;:{&#8220;classificacao_etaria&#8221;:null},&#8221;age_rating_description&#8221;:{&#8220;atos_criminosos&#8221;:&#8221;false&#8221;,&#8221;conteudo_sexual&#8221;:&#8221;false&#8221;,&#8221;drogas&#8221;:&#8221;false&#8221;,&#8221;drogas_ilicitas&#8221;:&#8221;false&#8221;,&#8221;drogas_licitas&#8221;:&#8221;false&#8221;,&#8221;linguagem_impropria&#8221;:&#8221;false&#8221;,&#8221;medo&#8221;:&#8221;false&#8221;,&#8221;nudez&#8221;:&#8221;false&#8221;,&#8221;procedimentos_medicos&#8221;:&#8221;false&#8221;,&#8221;sexo_explicito&#8221;:&#8221;false&#8221;,&#8221;temas_sensiveis&#8221;:&#8221;false&#8221;,&#8221;violencia&#8221;:&#8221;false&#8221;,&#8221;violencia_extrema&#8221;:&#8221;false&#8221;,&#8221;violencia_fantasiosa&#8221;:&#8221;false&#8221;},&#8221;area_logada&#8221;:{&#8220;exclusive_content&#8221;:&#8221;false&#8221;},&#8221;navigation&#8221;:{&#8220;menu_url&#8221;:null,&#8221;nav_title&#8221;:null},&#8221;newsletter&#8221;:{&#8220;id&#8221;:null},&#8221;publicidade&#8221;:{&#8220;disable_adv&#8221;:&#8221;false&#8221;,&#8221;disable_audima_adv&#8221;:&#8221;false&#8221;,&#8221;disable_taboola&#8221;:&#8221;false&#8221;,&#8221;hash&#8221;:null},&#8221;site&#8221;:{&#8220;coupon_categories&#8221;:&#8221;departamentos&#8221;,&#8221;disable_refresh&#8221;:&#8221;4&#8243;,&#8221;enable_disclaimer&#8221;:&#8221;false&#8221;,&#8221;pagebuilder_path_for_native_apps&#8221;:null,&#8221;site_about&#8221;:null,&#8221;site_description&#8221;:null,&#8221;site_keywords&#8221;:null,&#8221;site_tagline&#8221;:null,&#8221;site_title&#8221;:null,&#8221;site_url&#8221;:null},&#8221;site_topper&#8221;:{&#8220;section_header_image&#8221;:null,&#8221;section_header_image_id&#8221;:null,&#8221;section_header_image_mobile&#8221;:null,&#8221;section_header_image_mobile_id&#8221;:null,&#8221;section_left_color_top&#8221;:null,&#8221;section_primary_color&#8221;:null,&#8221;section_right_color_top&#8221;:null,&#8221;site_logo_image&#8221;:null},&#8221;social&#8221;:{&#8220;facebook&#8221;:null,&#8221;instagram&#8221;:null,&#8221;kwai&#8221;:null,&#8221;rss&#8221;:null,&#8221;twitter&#8221;:null},&#8221;ultimas&#8221;:{&#8220;tab_ultimas&#8221;:[]},&#8221;is_grouping&#8221;:&#8221;false&#8221;,&#8221;node_type&#8221;:&#8221;section&#8221;,&#8221;children&#8221;:[]}]},{&#8220;_id&#8221;:&#8221;\/futebol\/tragedia-no-flamengo&#8221;,&#8221;website&#8221;:&#8221;esportes&#8221;,&#8221;name&#8221;:&#8221;Trag\u00e9dia no Flamengo&#8221;,&#8221;navigation&#8221;:{&#8220;nav_title&#8221;:&#8221;Trag\u00e9dia no Flamengo&#8221;},&#8221;parent&#8221;:{&#8220;default&#8221;:&#8221;https:\/\/esportes.r7.com\/futebol&#8221;,&#8221;header&#8221;:&#8221;https:\/\/esportes.r7.com\/futebol&#8221;},&#8221;_admin&#8221;:{&#8220;alias_ids&#8221;:[&#8220;\/futebol\/tragedia-no-flamengo&#8221;]},&#8221;site&#8221;:{&#8220;site_description&#8221;:&#8221;&#8221;,&#8221;site_title&#8221;:&#8221;Trag\u00e9dia no Flamengo&#8221;},&#8221;inactive&#8221;:false,&#8221;SEO&#8221;:{&#8220;seo_tags&#8221;:[]},&#8221;site_topper&#8221;:{},&#8221;is_grouping&#8221;:&#8221;true&#8221;,&#8221;_website&#8221;:&#8221;esportes&#8221;,&#8221;node_type&#8221;:&#8221;section&#8221;,&#8221;children&#8221;:[]},{&#8220;_id&#8221;:&#8221;\/futebol\/copa-paulista-2024&#8243;,&#8221;_website&#8221;:&#8221;esportes&#8221;,&#8221;name&#8221;:&#8221;Copa Paulista 2024&#8243;,&#8221;inactive&#8221;:false,&#8221;ancestors&#8221;:{&#8220;default&#8221;:[&#8220;https:\/\/esportes.r7.com\/futebol&#8221;]},&#8221;parent&#8221;:{&#8220;default&#8221;:&#8221;https:\/\/esportes.r7.com\/futebol&#8221;},&#8221;SEO&#8221;:{&#8220;og_image_id&#8221;:null,&#8221;seo_description&#8221;:&#8221;Leia as \u00faltimas not\u00edcias da Copa Paulista 2024 no Portal R7. Acompanhe tabela de classifica\u00e7\u00e3o, jogos, v\u00eddeos, resultados e muito mais da Copa Paulista 2024.&#8221;,&#8221;seo_tags&#8221;:[&#8220;copa paulista 2024&#8243;],&#8221;seo_title&#8221;:&#8221;Copa Paulista 2024: not\u00edcias, jogos, resultados &#8211; R7&#8243;,&#8221;title_hotsite&#8221;:null,&#8221;top_url&#8221;:&#8221;https:\/\/esportes.r7.com\/futebol\/copa-paulista-2024&#8243;,&#8221;url_og_image&#8221;:&#8221;https:\/\/media.r7.com\/r7\/media\/topos\/Copa_Paulista_OG.jpg&#8221;},&#8221;age_rating&#8221;:{&#8220;classificacao_etaria&#8221;:null},&#8221;age_rating_description&#8221;:{&#8220;atos_criminosos&#8221;:&#8221;false&#8221;,&#8221;conteudo_sexual&#8221;:&#8221;false&#8221;,&#8221;drogas&#8221;:&#8221;false&#8221;,&#8221;drogas_ilicitas&#8221;:&#8221;false&#8221;,&#8221;drogas_licitas&#8221;:&#8221;false&#8221;,&#8221;linguagem_impropria&#8221;:&#8221;false&#8221;,&#8221;medo&#8221;:&#8221;false&#8221;,&#8221;nudez&#8221;:&#8221;false&#8221;,&#8221;procedimentos_medicos&#8221;:&#8221;false&#8221;,&#8221;sexo_explicito&#8221;:&#8221;false&#8221;,&#8221;temas_sensiveis&#8221;:&#8221;false&#8221;,&#8221;violencia&#8221;:&#8221;false&#8221;,&#8221;violencia_extrema&#8221;:&#8221;false&#8221;,&#8221;violencia_fantasiosa&#8221;:&#8221;false&#8221;},&#8221;area_logada&#8221;:{&#8220;exclusive_content&#8221;:&#8221;true&#8221;},&#8221;navigation&#8221;:{&#8220;menu_url&#8221;:null,&#8221;nav_title&#8221;:&#8221;Copa Paulista 2024&#8243;},&#8221;publicidade&#8221;:{&#8220;disable_adv&#8221;:&#8221;false&#8221;,&#8221;disable_audima_adv&#8221;:&#8221;false&#8221;,&#8221;disable_taboola&#8221;:&#8221;false&#8221;,&#8221;hash&#8221;:&#8221;r7esportes\/futebol\/copapaulista&#8221;},&#8221;site&#8221;:{&#8220;coupon_categories&#8221;:&#8221;departamentos&#8221;,&#8221;disable_refresh&#8221;:&#8221;4&#8243;,&#8221;enable_disclaimer&#8221;:&#8221;false&#8221;,&#8221;pagebuilder_path_for_native_apps&#8221;:null,&#8221;site_about&#8221;:null,&#8221;site_description&#8221;:null,&#8221;site_keywords&#8221;:null,&#8221;site_tagline&#8221;:null,&#8221;site_title&#8221;:null,&#8221;site_url&#8221;:null},&#8221;site_topper&#8221;:{&#8220;section_header_image&#8221;:&#8221;https:\/\/img.r7.com\/images\/copa-paulista-2024-19062024173214087&#8243;,&#8221;section_header_image_id&#8221;:null,&#8221;section_header_image_mobile&#8221;:&#8221;https:\/\/img.r7.com\/images\/copa-paulista-2024-19062024173214315&#8243;,&#8221;section_header_image_mobile_id&#8221;:null,&#8221;section_left_color_top&#8221;:&#8221;#FE2284&#8243;,&#8221;section_primary_color&#8221;:&#8221;#0E8148&#8243;,&#8221;section_right_color_top&#8221;:&#8221;#FE2284&#8243;,&#8221;site_logo_image&#8221;:null},&#8221;social&#8221;:{&#8220;facebook&#8221;:&#8221;https:\/\/www.facebook.com\/R7Esporte\/&#8221;,&#8221;instagram&#8221;:&#8221;https:\/\/www.instagram.com\/r7esportes\/&#8221;,&#8221;rss&#8221;:null,&#8221;twitter&#8221;:&#8221;https:\/\/x.com\/r7esportes&#8221;},&#8221;is_grouping&#8221;:&#8221;false&#8221;,&#8221;node_type&#8221;:&#8221;section&#8221;,&#8221;children&#8221;:[{&#8220;_id&#8221;:&#8221;\/futebol\/copa-paulista-2024\/ao-vivo&#8221;,&#8221;_website&#8221;:&#8221;esportes&#8221;,&#8221;name&#8221;:&#8221;Ao Vivo&#8221;,&#8221;inactive&#8221;:false,&#8221;ancestors&#8221;:{&#8220;default&#8221;:[&#8220;https:\/\/esportes.r7.com\/futebol&#8221;,&#8221;\/futebol\/copa-paulista-2024&#8243;]},&#8221;parent&#8221;:{&#8220;default&#8221;:&#8221;\/futebol\/copa-paulista-2024&#8243;},&#8221;SEO&#8221;:{&#8220;og_image_id&#8221;:null,&#8221;seo_description&#8221;:null,&#8221;seo_tags&#8221;:[],&#8221;seo_title&#8221;:null,&#8221;title_hotsite&#8221;:null,&#8221;top_url&#8221;:null,&#8221;url_og_image&#8221;:null},&#8221;age_rating&#8221;:{&#8220;classificacao_etaria&#8221;:null},&#8221;age_rating_description&#8221;:{&#8220;atos_criminosos&#8221;:&#8221;false&#8221;,&#8221;conteudo_sexual&#8221;:&#8221;false&#8221;,&#8221;drogas&#8221;:&#8221;false&#8221;,&#8221;drogas_ilicitas&#8221;:&#8221;false&#8221;,&#8221;drogas_licitas&#8221;:&#8221;false&#8221;,&#8221;linguagem_impropria&#8221;:&#8221;false&#8221;,&#8221;medo&#8221;:&#8221;false&#8221;,&#8221;nudez&#8221;:&#8221;false&#8221;,&#8221;procedimentos_medicos&#8221;:&#8221;false&#8221;,&#8221;sexo_explicito&#8221;:&#8221;false&#8221;,&#8221;temas_sensiveis&#8221;:&#8221;false&#8221;,&#8221;violencia&#8221;:&#8221;false&#8221;,&#8221;violencia_extrema&#8221;:&#8221;false&#8221;,&#8221;violencia_fantasiosa&#8221;:&#8221;false&#8221;},&#8221;area_logada&#8221;:{&#8220;exclusive_content&#8221;:&#8221;false&#8221;},&#8221;navigation&#8221;:{&#8220;menu_url&#8221;:null,&#8221;nav_title&#8221;:null},&#8221;publicidade&#8221;:{&#8220;disable_adv&#8221;:&#8221;false&#8221;,&#8221;disable_audima_adv&#8221;:&#8221;false&#8221;,&#8221;disable_taboola&#8221;:&#8221;false&#8221;,&#8221;hash&#8221;:&#8221;r7esportes\/futebol\/copapaulista&#8221;},&#8221;site&#8221;:{&#8220;coupon_categories&#8221;:&#8221;departamentos&#8221;,&#8221;disable_refresh&#8221;:&#8221;0&#8243;,&#8221;enable_disclaimer&#8221;:&#8221;false&#8221;,&#8221;pagebuilder_path_for_native_apps&#8221;:null,&#8221;site_about&#8221;:null,&#8221;site_description&#8221;:null,&#8221;site_keywords&#8221;:null,&#8221;site_tagline&#8221;:null,&#8221;site_title&#8221;:null,&#8221;site_url&#8221;:null},&#8221;site_topper&#8221;:{&#8220;section_header_image&#8221;:null,&#8221;section_header_image_id&#8221;:null,&#8221;section_header_image_mobile&#8221;:null,&#8221;section_header_image_mobile_id&#8221;:null,&#8221;section_left_color_top&#8221;:null,&#8221;section_primary_color&#8221;:null,&#8221;section_right_color_top&#8221;:null,&#8221;site_logo_image&#8221;:null},&#8221;social&#8221;:{&#8220;facebook&#8221;:&#8221;https:\/\/www.facebook.com\/R7Esporte\/&#8221;,&#8221;instagram&#8221;:&#8221;https:\/\/www.instagram.com\/r7esportes\/&#8221;,&#8221;rss&#8221;:null,&#8221;twitter&#8221;:&#8221;https:\/\/x.com\/r7esportes&#8221;},&#8221;is_grouping&#8221;:&#8221;false&#8221;,&#8221;node_type&#8221;:&#8221;section&#8221;,&#8221;children&#8221;:[]}]},{&#8220;_id&#8221;:&#8221;\/futebol\/paulistao-feminino-2024&#8243;,&#8221;_website&#8221;:&#8221;esportes&#8221;,&#8221;name&#8221;:&#8221;Paulist\u00e3o Feminino 2024&#8243;,&#8221;inactive&#8221;:false,&#8221;ancestors&#8221;:{&#8220;default&#8221;:[&#8220;https:\/\/esportes.r7.com\/futebol&#8221;]},&#8221;parent&#8221;:{&#8220;default&#8221;:&#8221;https:\/\/esportes.r7.com\/futebol&#8221;},&#8221;SEO&#8221;:{&#8220;og_image_id&#8221;:null,&#8221;seo_description&#8221;:&#8221;Acompanhe o Campeonato Paulista de Futebol Feminino no R7 Futebol. Veja gols, consulte a tabela e muito mais sobre o Paulist\u00e3o no Portal R7.&#8221;,&#8221;seo_tags&#8221;:[&#8220;r7&#8243;,&#8221;paulistao feminino 2024&#8243;,&#8221;tabelas&#8221;,&#8221;jogadores&#8221;,&#8221;jogos&#8221;,&#8221;futebol&#8221;],&#8221;seo_title&#8221;:&#8221;Acompanhe o Paulist\u00e3o Feminino 2024 \u2013 R7 Futebol&#8221;,&#8221;title_hotsite&#8221;:null,&#8221;top_url&#8221;:&#8221;https:\/\/esportes.r7.com\/futebol\/paulistao-feminino-2024\/&#8221;,&#8221;url_og_image&#8221;:&#8221;https:\/\/img.r7.com\/images\/paulistao-feminino-2024-17062024211714747&#8243;},&#8221;age_rating&#8221;:{&#8220;classificacao_etaria&#8221;:null},&#8221;age_rating_description&#8221;:{&#8220;atos_criminosos&#8221;:&#8221;false&#8221;,&#8221;conteudo_sexual&#8221;:&#8221;false&#8221;,&#8221;drogas&#8221;:&#8221;false&#8221;,&#8221;drogas_ilicitas&#8221;:&#8221;false&#8221;,&#8221;drogas_licitas&#8221;:&#8221;false&#8221;,&#8221;linguagem_impropria&#8221;:&#8221;false&#8221;,&#8221;medo&#8221;:&#8221;false&#8221;,&#8221;nudez&#8221;:&#8221;false&#8221;,&#8221;procedimentos_medicos&#8221;:&#8221;false&#8221;,&#8221;sexo_explicito&#8221;:&#8221;false&#8221;,&#8221;temas_sensiveis&#8221;:&#8221;false&#8221;,&#8221;violencia&#8221;:&#8221;false&#8221;,&#8221;violencia_extrema&#8221;:&#8221;false&#8221;,&#8221;violencia_fantasiosa&#8221;:&#8221;false&#8221;},&#8221;area_logada&#8221;:{&#8220;exclusive_content&#8221;:&#8221;false&#8221;},&#8221;navigation&#8221;:{&#8220;menu_url&#8221;:null,&#8221;nav_title&#8221;:null},&#8221;publicidade&#8221;:{&#8220;disable_adv&#8221;:&#8221;false&#8221;,&#8221;disable_audima_adv&#8221;:&#8221;false&#8221;,&#8221;disable_taboola&#8221;:&#8221;false&#8221;,&#8221;hash&#8221;:null},&#8221;site&#8221;:{&#8220;coupon_categories&#8221;:&#8221;departamentos&#8221;,&#8221;disable_refresh&#8221;:&#8221;4&#8243;,&#8221;enable_disclaimer&#8221;:&#8221;false&#8221;,&#8221;pagebuilder_path_for_native_apps&#8221;:null,&#8221;site_about&#8221;:null,&#8221;site_description&#8221;:null,&#8221;site_keywords&#8221;:null,&#8221;site_tagline&#8221;:null,&#8221;site_title&#8221;:null,&#8221;site_url&#8221;:null},&#8221;site_topper&#8221;:{&#8220;section_header_image&#8221;:&#8221;https:\/\/img.r7.com\/images\/paulistao-feminino-2024-17062024211715238&#8243;,&#8221;section_header_image_id&#8221;:null,&#8221;section_header_image_mobile&#8221;:&#8221;https:\/\/img.r7.com\/images\/paulistao-feminino-2024-17062024211715435&#8243;,&#8221;section_header_image_mobile_id&#8221;:null,&#8221;section_left_color_top&#8221;:&#8221;#5E1E68&#8243;,&#8221;section_primary_color&#8221;:&#8221;#0E8148&#8243;,&#8221;section_right_color_top&#8221;:&#8221;#8617A1&#8243;,&#8221;site_logo_image&#8221;:null},&#8221;social&#8221;:{&#8220;facebook&#8221;:&#8221;https:\/\/www.facebook.com\/R7Esporte\/&#8221;,&#8221;instagram&#8221;:&#8221;https:\/\/www.instagram.com\/r7esportes\/&#8221;,&#8221;rss&#8221;:null,&#8221;twitter&#8221;:&#8221;https:\/\/x.com\/r7esportes&#8221;},&#8221;is_grouping&#8221;:&#8221;false&#8221;,&#8221;node_type&#8221;:&#8221;section&#8221;,&#8221;children&#8221;:[]},{&#8220;_id&#8221;:&#8221;\/futebol\/campeonato-sergipano&#8221;,&#8221;_website&#8221;:&#8221;esportes&#8221;,&#8221;name&#8221;:&#8221;Campeonato Sergipano&#8221;,&#8221;inactive&#8221;:false,&#8221;ancestors&#8221;:{&#8220;default&#8221;:[&#8220;https:\/\/esportes.r7.com\/futebol&#8221;]},&#8221;parent&#8221;:{&#8220;default&#8221;:&#8221;https:\/\/esportes.r7.com\/futebol&#8221;},&#8221;SEO&#8221;:{&#8220;og_image_id&#8221;:null,&#8221;seo_description&#8221;:&#8221;Acompanhe o Campeonato Sergipano de Futebol no Portal R7. Saiba tudo sobre os jogos, transmiss\u00e3o ao vivo, resultados, tabela e muito mais.&#8221;,&#8221;seo_tags&#8221;:[&#8220;campeonato sergipano de futebol&#8221;,&#8221;campeonato&#8221;,&#8221;sergipe&#8221;,&#8221;se&#8221;,&#8221;futebol&#8221;,&#8221;r7&#8243;],&#8221;seo_title&#8221;:&#8221;Campeonato Sergipano de Futebol \u2013 Jogos, resultados e mais \u2013 R7&#8243;,&#8221;title_hotsite&#8221;:&#8221;Tabela, not\u00edcias e resultados | Sergip\u00e3o | 2025 | R7&#8243;,&#8221;top_url&#8221;:&#8221;https:\/\/esportes.r7.com\/futebol\/campeonato-sergipano\/&#8221;,&#8221;url_og_image&#8221;:null},&#8221;age_rating&#8221;:{&#8220;classificacao_etaria&#8221;:null},&#8221;age_rating_description&#8221;:{&#8220;atos_criminosos&#8221;:&#8221;false&#8221;,&#8221;conteudo_sexual&#8221;:&#8221;false&#8221;,&#8221;drogas&#8221;:&#8221;false&#8221;,&#8221;drogas_ilicitas&#8221;:&#8221;false&#8221;,&#8221;drogas_licitas&#8221;:&#8221;false&#8221;,&#8221;linguagem_impropria&#8221;:&#8221;false&#8221;,&#8221;medo&#8221;:&#8221;false&#8221;,&#8221;nudez&#8221;:&#8221;false&#8221;,&#8221;procedimentos_medicos&#8221;:&#8221;false&#8221;,&#8221;sexo_explicito&#8221;:&#8221;false&#8221;,&#8221;temas_sensiveis&#8221;:&#8221;false&#8221;,&#8221;violencia&#8221;:&#8221;false&#8221;,&#8221;violencia_extrema&#8221;:&#8221;false&#8221;,&#8221;violencia_fantasiosa&#8221;:&#8221;false&#8221;},&#8221;area_logada&#8221;:{&#8220;exclusive_content&#8221;:&#8221;false&#8221;},&#8221;navigation&#8221;:{&#8220;menu_url&#8221;:&#8221;https:\/\/esportes.r7.com\/futebol\/campeonato-sergipano\/&#8221;,&#8221;nav_title&#8221;:&#8221;Campeonato Sergipano&#8221;},&#8221;publicidade&#8221;:{&#8220;disable_adv&#8221;:&#8221;false&#8221;,&#8221;disable_audima_adv&#8221;:&#8221;false&#8221;,&#8221;disable_taboola&#8221;:&#8221;false&#8221;,&#8221;hash&#8221;:&#8221;R7esportes\/futebol\/campeonatosergipano&#8221;},&#8221;site&#8221;:{&#8220;coupon_categories&#8221;:&#8221;departamentos&#8221;,&#8221;disable_refresh&#8221;:&#8221;0&#8243;,&#8221;enable_disclaimer&#8221;:&#8221;false&#8221;,&#8221;pagebuilder_path_for_native_apps&#8221;:null,&#8221;site_about&#8221;:&#8221;Tabela, not\u00edcias e resultados | Sergip\u00e3o | 2025 | R7&#8243;,&#8221;site_description&#8221;:&#8221;Confira resultados, pr\u00f3ximos jogos, tabela de classifica\u00e7\u00e3o completa, v\u00eddeos e as \u00faltimas not\u00edciasdo Campeonato Sergipano | 2025 | no R7 Esportes&#8221;,&#8221;site_keywords&#8221;:&#8221;campeonato sergipano, sergip\u00e3o, futebol, tabela, classifica\u00e7\u00e3o, resultados &#8220;,&#8221;site_tagline&#8221;:&#8221;Tabela, not\u00edcias e resultados | Sergip\u00e3o | 2025 | R7&#8243;,&#8221;site_title&#8221;:&#8221;Tabela, not\u00edcias e resultados | Sergip\u00e3o | 2025 | R7&#8243;,&#8221;site_url&#8221;:null},&#8221;site_topper&#8221;:{&#8220;section_header_image&#8221;:null,&#8221;section_header_image_id&#8221;:null,&#8221;section_header_image_mobile&#8221;:null,&#8221;section_header_image_mobile_id&#8221;:null,&#8221;section_left_color_top&#8221;:null,&#8221;section_primary_color&#8221;:null,&#8221;section_right_color_top&#8221;:null,&#8221;site_logo_image&#8221;:null},&#8221;social&#8221;:{&#8220;bluesky&#8221;:null,&#8221;facebook&#8221;:&#8221;https:\/\/www.facebook.com\/R7Esportes\/ &#8220;,&#8221;instagram&#8221;:&#8221;https:\/\/www.instagram.com\/r7esportes&#8221;,&#8221;kwai&#8221;:&#8221;https:\/\/www.kwai.com\/@r7esportes &#8220;,&#8221;rss&#8221;:null,&#8221;threads&#8221;:&#8221;https:\/\/www.threads.com\/@r7esportes &#8220;,&#8221;tiktok&#8221;:&#8221;https:\/\/www.tiktok.com\/@r7esportes &#8220;,&#8221;twitter&#8221;:&#8221;https:\/\/x.com\/r7esportes&#8221;,&#8221;whatsapp&#8221;:&#8221;https:\/\/whatsapp.com\/channel\/0029Va5E3ZJFcow2dQ1Q0y2i &#8220;,&#8221;youtube&#8221;:&#8221;https:\/\/www.youtube.com\/@R7Esporte&#8221;},&#8221;ultimas&#8221;:{&#8220;tab_ultimas&#8221;:[]},&#8221;is_grouping&#8221;:&#8221;false&#8221;,&#8221;node_type&#8221;:&#8221;section&#8221;,&#8221;children&#8221;:[{&#8220;_id&#8221;:&#8221;\/futebol\/campeonato-sergipano\/tabela&#8221;,&#8221;_website&#8221;:&#8221;esportes&#8221;,&#8221;name&#8221;:&#8221;Tabela&#8221;,&#8221;inactive&#8221;:false,&#8221;ancestors&#8221;:{&#8220;default&#8221;:[&#8220;https:\/\/esportes.r7.com\/futebol&#8221;,&#8221;\/futebol\/campeonato-sergipano&#8221;]},&#8221;parent&#8221;:{&#8220;default&#8221;:&#8221;\/futebol\/campeonato-sergipano&#8221;},&#8221;SEO&#8221;:{&#8220;og_image_id&#8221;:null,&#8221;seo_description&#8221;:&#8221;Confira a tabela atualizada do Sergipano 2026 no R7! Acompanhe os resultados e a classifica\u00e7\u00e3o do campeonato. Fique por dentro de tudo agora!&#8221;,&#8221;seo_tags&#8221;:[&#8220;Sergipano 2026&#8243;,&#8221;tabela Sergipano&#8221;,&#8221;resultados Sergipano&#8221;,&#8221;classifica\u00e7\u00e3o&#8221;,&#8221;R7&#8243;,&#8221;futebol sergipano&#8221;],&#8221;seo_title&#8221;:&#8221;Veja a Tabela Atualizada do Campeonato Sergipano 2026!&#8221;,&#8221;title_hotsite&#8221;:&#8221;Tabela e jogos | Sergip\u00e3o 2025| R7 Esportes&#8221;,&#8221;top_url&#8221;:&#8221;https:\/\/esportes.r7.com\/futebol\/campeonato-sergipano\/&#8221;,&#8221;url_og_image&#8221;:null},&#8221;age_rating&#8221;:{&#8220;classificacao_etaria&#8221;:null},&#8221;age_rating_description&#8221;:{&#8220;atos_criminosos&#8221;:&#8221;false&#8221;,&#8221;conteudo_sexual&#8221;:&#8221;false&#8221;,&#8221;drogas&#8221;:&#8221;false&#8221;,&#8221;drogas_ilicitas&#8221;:&#8221;false&#8221;,&#8221;drogas_licitas&#8221;:&#8221;false&#8221;,&#8221;linguagem_impropria&#8221;:&#8221;false&#8221;,&#8221;medo&#8221;:&#8221;false&#8221;,&#8221;nudez&#8221;:&#8221;false&#8221;,&#8221;procedimentos_medicos&#8221;:&#8221;false&#8221;,&#8221;sexo_explicito&#8221;:&#8221;false&#8221;,&#8221;temas_sensiveis&#8221;:&#8221;false&#8221;,&#8221;violencia&#8221;:&#8221;false&#8221;,&#8221;violencia_extrema&#8221;:&#8221;false&#8221;,&#8221;violencia_fantasiosa&#8221;:&#8221;false&#8221;},&#8221;area_logada&#8221;:{&#8220;exclusive_content&#8221;:&#8221;false&#8221;},&#8221;navigation&#8221;:{&#8220;menu_url&#8221;:null,&#8221;nav_title&#8221;:null},&#8221;newsletter&#8221;:{&#8220;id&#8221;:null},&#8221;publicidade&#8221;:{&#8220;disable_adv&#8221;:&#8221;false&#8221;,&#8221;disable_audima_adv&#8221;:&#8221;false&#8221;,&#8221;disable_taboola&#8221;:&#8221;false&#8221;,&#8221;hash&#8221;:null},&#8221;site&#8221;:{&#8220;coupon_categories&#8221;:&#8221;departamentos&#8221;,&#8221;disable_refresh&#8221;:&#8221;4&#8243;,&#8221;enable_disclaimer&#8221;:&#8221;false&#8221;,&#8221;pagebuilder_path_for_native_apps&#8221;:null,&#8221;site_about&#8221;:&#8221;Tabela e jogos | Sergip\u00e3o 2025| R7 Esportes&#8221;,&#8221;site_description&#8221;:&#8221;Campeonato Sergipano com tabela de classifica\u00e7\u00e3o atualizada \u00e9 no R7 Esportes! Confira os pr\u00f3ximos jogos, not\u00edcias e muito mais.&#8221;,&#8221;site_keywords&#8221;:&#8221;Tabela. resultados, campeonato sergipano, sergip\u00e3o, r7 esportes&#8221;,&#8221;site_tagline&#8221;:&#8221;Tabela e jogos | Sergip\u00e3o 2025| R7 Esportes&#8221;,&#8221;site_title&#8221;:&#8221;Tabela e jogos | Sergip\u00e3o 2025| R7 Esportes&#8221;,&#8221;site_url&#8221;:null},&#8221;site_topper&#8221;:{&#8220;section_header_image&#8221;:null,&#8221;section_header_image_id&#8221;:null,&#8221;section_header_image_mobile&#8221;:null,&#8221;section_header_image_mobile_id&#8221;:null,&#8221;section_left_color_top&#8221;:null,&#8221;section_primary_color&#8221;:null,&#8221;section_right_color_top&#8221;:null,&#8221;site_logo_image&#8221;:null},&#8221;social&#8221;:{&#8220;facebook&#8221;:null,&#8221;instagram&#8221;:null,&#8221;kwai&#8221;:null,&#8221;rss&#8221;:null,&#8221;twitter&#8221;:null},&#8221;ultimas&#8221;:{&#8220;tab_ultimas&#8221;:[]},&#8221;is_grouping&#8221;:&#8221;false&#8221;,&#8221;node_type&#8221;:&#8221;section&#8221;,&#8221;children&#8221;:[]},{&#8220;_id&#8221;:&#8221;\/futebol\/campeonato-sergipano\/ao-vivo&#8221;,&#8221;_website&#8221;:&#8221;esportes&#8221;,&#8221;name&#8221;:&#8221;Ao vivo&#8221;,&#8221;inactive&#8221;:false,&#8221;ancestors&#8221;:{&#8220;default&#8221;:[&#8220;https:\/\/esportes.r7.com\/futebol&#8221;,&#8221;\/futebol\/campeonato-sergipano&#8221;]},&#8221;parent&#8221;:{&#8220;default&#8221;:&#8221;\/futebol\/campeonato-sergipano&#8221;},&#8221;SEO&#8221;:{&#8220;og_image_id&#8221;:null,&#8221;seo_description&#8221;:&#8221;Acompanhe o Campeonato Sergipano de Futebol no Portal R7. Saiba tudo sobre os jogos, transmiss\u00e3o ao vivo, resultados, tabela e muito mais.&#8221;,&#8221;seo_tags&#8221;:[&#8220;sergip\u00e3o&#8221;,&#8221;tabela&#8221;,&#8221;classifica\u00e7\u00e3o&#8221;,&#8221;resultados&#8221;,&#8221;campeonato sergipano de futebol&#8221;,&#8221;campeonato&#8221;,&#8221;sergipe&#8221;,&#8221;futebol&#8221;,&#8221;r7&#8243;],&#8221;seo_title&#8221;:&#8221;Ao Vivo | Sergip\u00e3o 2026| R7 Esportes&#8221;,&#8221;title_hotsite&#8221;:&#8221;Ao Vivo | Sergip\u00e3o 2026| R7 Esportes&#8221;,&#8221;top_url&#8221;:&#8221;https:\/\/esportes.r7.com\/futebol\/campeonato-sergipano\/&#8221;,&#8221;url_og_image&#8221;:null},&#8221;_admin&#8221;:{&#8220;alias_ids&#8221;:[&#8220;\/futebol\/campeonato-sergipano\/ao-vivo&#8221;]},&#8221;age_rating&#8221;:{&#8220;classificacao_etaria&#8221;:null},&#8221;age_rating_description&#8221;:{&#8220;atos_criminosos&#8221;:&#8221;false&#8221;,&#8221;conteudo_sexual&#8221;:&#8221;false&#8221;,&#8221;drogas&#8221;:&#8221;false&#8221;,&#8221;drogas_ilicitas&#8221;:&#8221;false&#8221;,&#8221;drogas_licitas&#8221;:&#8221;false&#8221;,&#8221;linguagem_impropria&#8221;:&#8221;false&#8221;,&#8221;medo&#8221;:&#8221;false&#8221;,&#8221;nudez&#8221;:&#8221;false&#8221;,&#8221;procedimentos_medicos&#8221;:&#8221;false&#8221;,&#8221;sexo_explicito&#8221;:&#8221;false&#8221;,&#8221;temas_sensiveis&#8221;:&#8221;false&#8221;,&#8221;violencia&#8221;:&#8221;false&#8221;,&#8221;violencia_extrema&#8221;:&#8221;false&#8221;,&#8221;violencia_fantasiosa&#8221;:&#8221;false&#8221;},&#8221;area_logada&#8221;:{&#8220;exclusive_content&#8221;:&#8221;true&#8221;},&#8221;navigation&#8221;:{&#8220;menu_url&#8221;:null,&#8221;nav_title&#8221;:null},&#8221;newsletter&#8221;:{&#8220;id&#8221;:null},&#8221;publicidade&#8221;:{&#8220;disable_adv&#8221;:&#8221;false&#8221;,&#8221;disable_audima_adv&#8221;:&#8221;false&#8221;,&#8221;disable_taboola&#8221;:&#8221;false&#8221;,&#8221;hash&#8221;:null},&#8221;site&#8221;:{&#8220;coupon_categories&#8221;:&#8221;departamentos&#8221;,&#8221;disable_refresh&#8221;:&#8221;4&#8243;,&#8221;enable_disclaimer&#8221;:&#8221;false&#8221;,&#8221;pagebuilder_path_for_native_apps&#8221;:null,&#8221;site_about&#8221;:null,&#8221;site_description&#8221;:null,&#8221;site_keywords&#8221;:null,&#8221;site_tagline&#8221;:null,&#8221;site_title&#8221;:null,&#8221;site_url&#8221;:null},&#8221;site_topper&#8221;:{&#8220;section_header_image&#8221;:null,&#8221;section_header_image_id&#8221;:null,&#8221;section_header_image_mobile&#8221;:null,&#8221;section_header_image_mobile_id&#8221;:null,&#8221;section_left_color_top&#8221;:null,&#8221;section_primary_color&#8221;:null,&#8221;section_right_color_top&#8221;:null,&#8221;site_logo_image&#8221;:null},&#8221;social&#8221;:{&#8220;facebook&#8221;:null,&#8221;instagram&#8221;:null,&#8221;kwai&#8221;:null,&#8221;rss&#8221;:null,&#8221;twitter&#8221;:null},&#8221;ultimas&#8221;:{&#8220;tab_ultimas&#8221;:[]},&#8221;is_grouping&#8221;:&#8221;false&#8221;,&#8221;node_type&#8221;:&#8221;section&#8221;,&#8221;children&#8221;:[]}]},{&#8220;_id&#8221;:&#8221;\/futebol\/campeonato-brasiliense&#8221;,&#8221;_website&#8221;:&#8221;esportes&#8221;,&#8221;name&#8221;:&#8221;Campeonato Brasiliense&#8221;,&#8221;inactive&#8221;:false,&#8221;ancestors&#8221;:{&#8220;default&#8221;:[&#8220;https:\/\/esportes.r7.com\/futebol&#8221;]},&#8221;parent&#8221;:{&#8220;default&#8221;:&#8221;https:\/\/esportes.r7.com\/futebol&#8221;},&#8221;SEO&#8221;:{&#8220;og_image_id&#8221;:null,&#8221;seo_description&#8221;:&#8221;Acompanhe o Campeonato Brasiliense de Futebol no Portal R7. Saiba tudo sobre os jogos, transmiss\u00e3o ao vivo, resultados, tabela e muito mais do Candang\u00e3o.&#8221;,&#8221;seo_tags&#8221;:[&#8220;campeonato brasiliense de futebol, &#8220;,&#8221;campeonato, &#8220;,&#8221;brasilia, &#8220;,&#8221;df, &#8220;,&#8221;futebol, &#8220;,&#8221;r7&#8243;],&#8221;seo_title&#8221;:&#8221;Campeonato Brasiliense de Futebol \u2013 Jogos, resultados e mais \u2013 R7&#8243;,&#8221;title_hotsite&#8221;:null,&#8221;top_url&#8221;:&#8221;https:\/\/esportes.r7.com\/futebol\/campeonato-brasiliense\/&#8221;,&#8221;url_og_image&#8221;:null},&#8221;age_rating&#8221;:{&#8220;classificacao_etaria&#8221;:null},&#8221;age_rating_description&#8221;:{&#8220;atos_criminosos&#8221;:&#8221;false&#8221;,&#8221;conteudo_sexual&#8221;:&#8221;false&#8221;,&#8221;drogas&#8221;:&#8221;false&#8221;,&#8221;drogas_ilicitas&#8221;:&#8221;false&#8221;,&#8221;drogas_licitas&#8221;:&#8221;false&#8221;,&#8221;linguagem_impropria&#8221;:&#8221;false&#8221;,&#8221;medo&#8221;:&#8221;false&#8221;,&#8221;nudez&#8221;:&#8221;false&#8221;,&#8221;procedimentos_medicos&#8221;:&#8221;false&#8221;,&#8221;sexo_explicito&#8221;:&#8221;false&#8221;,&#8221;temas_sensiveis&#8221;:&#8221;false&#8221;,&#8221;violencia&#8221;:&#8221;false&#8221;,&#8221;violencia_extrema&#8221;:&#8221;false&#8221;,&#8221;violencia_fantasiosa&#8221;:&#8221;false&#8221;},&#8221;area_logada&#8221;:{&#8220;exclusive_content&#8221;:&#8221;false&#8221;},&#8221;navigation&#8221;:{&#8220;menu_url&#8221;:null,&#8221;nav_title&#8221;:null},&#8221;publicidade&#8221;:{&#8220;disable_adv&#8221;:&#8221;false&#8221;,&#8221;disable_audima_adv&#8221;:&#8221;false&#8221;,&#8221;disable_taboola&#8221;:&#8221;false&#8221;,&#8221;hash&#8221;:&#8221;R7esportes\/futebol\/campeonatobrasiliense&#8221;},&#8221;site&#8221;:{&#8220;coupon_categories&#8221;:&#8221;departamentos&#8221;,&#8221;disable_refresh&#8221;:&#8221;4&#8243;,&#8221;enable_disclaimer&#8221;:&#8221;false&#8221;,&#8221;pagebuilder_path_for_native_apps&#8221;:null,&#8221;site_about&#8221;:&#8221;Tabela, not\u00edcias e resultados | Candang\u00e3o | 2025 | R7&#8243;,&#8221;site_description&#8221;:&#8221;Confira resultados, pr\u00f3ximos jogos, tabela de classifica\u00e7\u00e3o completa, v\u00eddeos e as \u00faltimas not\u00edciasdo Campeonato Brasiliense | 2025 | no R7 Esportes&#8221;,&#8221;site_keywords&#8221;:&#8221;candangao, campeonato brasiliense, futebol, classifica\u00e7\u00e3o, resultados, tabela&#8221;,&#8221;site_tagline&#8221;:&#8221;Tabela, not\u00edcias e resultados | Candang\u00e3o | 2025 | R7&#8243;,&#8221;site_title&#8221;:&#8221;Tabela, not\u00edcias e resultados | Candang\u00e3o | 2025 | R7&#8243;,&#8221;site_url&#8221;:null},&#8221;site_topper&#8221;:{&#8220;section_header_image&#8221;:null,&#8221;section_header_image_id&#8221;:null,&#8221;section_header_image_mobile&#8221;:null,&#8221;section_header_image_mobile_id&#8221;:null,&#8221;section_left_color_top&#8221;:null,&#8221;section_primary_color&#8221;:null,&#8221;section_right_color_top&#8221;:null,&#8221;site_logo_image&#8221;:null},&#8221;social&#8221;:{&#8220;bluesky&#8221;:null,&#8221;facebook&#8221;:&#8221;https:\/\/www.facebook.com\/R7Esportes\/ &#8220;,&#8221;instagram&#8221;:&#8221;https:\/\/www.instagram.com\/r7esportes\/ &#8220;,&#8221;kwai&#8221;:&#8221;https:\/\/www.kwai.com\/@r7esportes &#8220;,&#8221;rss&#8221;:null,&#8221;threads&#8221;:&#8221;https:\/\/www.threads.com\/@r7esportes &#8220;,&#8221;tiktok&#8221;:&#8221;https:\/\/www.tiktok.com\/@r7esportes &#8220;,&#8221;twitter&#8221;:&#8221;https:\/\/x.com\/r7esportes &#8220;,&#8221;whatsapp&#8221;:&#8221;https:\/\/whatsapp.com\/channel\/0029Va5E3ZJFcow2dQ1Q0y2i &#8220;,&#8221;youtube&#8221;:&#8221;https:\/\/www.youtube.com\/@R7Esporte&#8221;},&#8221;ultimas&#8221;:{&#8220;tab_ultimas&#8221;:[]},&#8221;is_grouping&#8221;:&#8221;false&#8221;,&#8221;node_type&#8221;:&#8221;section&#8221;,&#8221;children&#8221;:[{&#8220;_id&#8221;:&#8221;\/futebol\/campeonato-brasiliense\/tabela&#8221;,&#8221;_website&#8221;:&#8221;esportes&#8221;,&#8221;name&#8221;:&#8221;Tabela&#8221;,&#8221;inactive&#8221;:false,&#8221;ancestors&#8221;:{&#8220;default&#8221;:[&#8220;https:\/\/esportes.r7.com\/futebol&#8221;,&#8221;\/futebol\/campeonato-brasiliense&#8221;]},&#8221;parent&#8221;:{&#8220;default&#8221;:&#8221;\/futebol\/campeonato-brasiliense&#8221;},&#8221;SEO&#8221;:{&#8220;og_image_id&#8221;:null,&#8221;seo_description&#8221;:&#8221;Campeonato Brasiliense com tabela de classifica\u00e7\u00e3o atualizada \u00e9 no R7 Esportes! Confira os pr\u00f3ximos jogos, not\u00edcias e muito mais.&#8221;,&#8221;seo_tags&#8221;:[&#8220;portal r7&#8243;,&#8221;r7 esportes&#8221;,&#8221;classifica\u00e7\u00e3o&#8221;,&#8221;tabela&#8221;,&#8221;esportes&#8221;,&#8221;futebol&#8221;,&#8221;campeonato brasiliense&#8221;,&#8221;candag\u00e3o&#8221;],&#8221;seo_title&#8221;:&#8221;Tabela e jogos | Cadang\u00e3o 2025| R7 Esportes&#8221;,&#8221;title_hotsite&#8221;:&#8221;Tabela e jogos | Cadang\u00e3o 2025| R7 Esportes&#8221;,&#8221;top_url&#8221;:&#8221;https:\/\/esportes.r7.com\/futebol\/campeonato-brasiliense\/&#8221;,&#8221;url_og_image&#8221;:null},&#8221;age_rating&#8221;:{&#8220;classificacao_etaria&#8221;:null},&#8221;age_rating_description&#8221;:{&#8220;atos_criminosos&#8221;:&#8221;false&#8221;,&#8221;conteudo_sexual&#8221;:&#8221;false&#8221;,&#8221;drogas&#8221;:&#8221;false&#8221;,&#8221;drogas_ilicitas&#8221;:&#8221;false&#8221;,&#8221;drogas_licitas&#8221;:&#8221;false&#8221;,&#8221;linguagem_impropria&#8221;:&#8221;false&#8221;,&#8221;medo&#8221;:&#8221;false&#8221;,&#8221;nudez&#8221;:&#8221;false&#8221;,&#8221;procedimentos_medicos&#8221;:&#8221;false&#8221;,&#8221;sexo_explicito&#8221;:&#8221;false&#8221;,&#8221;temas_sensiveis&#8221;:&#8221;false&#8221;,&#8221;violencia&#8221;:&#8221;false&#8221;,&#8221;violencia_extrema&#8221;:&#8221;false&#8221;,&#8221;violencia_fantasiosa&#8221;:&#8221;false&#8221;},&#8221;area_logada&#8221;:{&#8220;exclusive_content&#8221;:&#8221;false&#8221;},&#8221;navigation&#8221;:{&#8220;menu_url&#8221;:null,&#8221;nav_title&#8221;:null},&#8221;newsletter&#8221;:{&#8220;id&#8221;:null},&#8221;publicidade&#8221;:{&#8220;disable_adv&#8221;:&#8221;false&#8221;,&#8221;disable_audima_adv&#8221;:&#8221;false&#8221;,&#8221;disable_taboola&#8221;:&#8221;false&#8221;,&#8221;hash&#8221;:null},&#8221;site&#8221;:{&#8220;coupon_categories&#8221;:&#8221;departamentos&#8221;,&#8221;disable_refresh&#8221;:&#8221;4&#8243;,&#8221;enable_disclaimer&#8221;:&#8221;false&#8221;,&#8221;pagebuilder_path_for_native_apps&#8221;:null,&#8221;site_about&#8221;:&#8221;Tabela e jogos | Cadang\u00e3o 2025| R7 Esportes&#8221;,&#8221;site_description&#8221;:&#8221;Campeonato Brasiliense com tabela de classifica\u00e7\u00e3o atualizada \u00e9 no R7 Esportes! Confira os pr\u00f3ximos jogos, not\u00edcias e muito mais.&#8221;,&#8221;site_keywords&#8221;:&#8221;candang\u00e3o, candangao, tabela, classifica\u00e7\u00e3o, futebol, campeonato brasiliense, esportes, r7 esportes, portal r7&#8243;,&#8221;site_tagline&#8221;:&#8221;Tabela e jogos | Cadang\u00e3o 2025| R7 Esportes&#8221;,&#8221;site_title&#8221;:&#8221;Tabela e jogos | Cadang\u00e3o 2025| R7 Esportes&#8221;,&#8221;site_url&#8221;:null},&#8221;site_topper&#8221;:{&#8220;section_header_image&#8221;:null,&#8221;section_header_image_id&#8221;:null,&#8221;section_header_image_mobile&#8221;:null,&#8221;section_header_image_mobile_id&#8221;:null,&#8221;section_left_color_top&#8221;:null,&#8221;section_primary_color&#8221;:null,&#8221;section_right_color_top&#8221;:null,&#8221;site_logo_image&#8221;:null},&#8221;social&#8221;:{&#8220;facebook&#8221;:null,&#8221;instagram&#8221;:null,&#8221;kwai&#8221;:null,&#8221;rss&#8221;:null,&#8221;twitter&#8221;:null},&#8221;ultimas&#8221;:{&#8220;tab_ultimas&#8221;:[]},&#8221;is_grouping&#8221;:&#8221;false&#8221;,&#8221;node_type&#8221;:&#8221;section&#8221;,&#8221;children&#8221;:[]},{&#8220;_id&#8221;:&#8221;\/futebol\/campeonato-brasiliense\/ao-vivo&#8221;,&#8221;_website&#8221;:&#8221;esportes&#8221;,&#8221;name&#8221;:&#8221;Ao vivo&#8221;,&#8221;inactive&#8221;:false,&#8221;ancestors&#8221;:{&#8220;default&#8221;:[&#8220;https:\/\/esportes.r7.com\/futebol&#8221;,&#8221;\/futebol\/campeonato-brasiliense&#8221;]},&#8221;parent&#8221;:{&#8220;default&#8221;:&#8221;\/futebol\/campeonato-brasiliense&#8221;},&#8221;SEO&#8221;:{&#8220;og_image_id&#8221;:null,&#8221;seo_description&#8221;:&#8221;Acompanhe o Campeonato Brasiliense de Futebol no Portal R7. Saiba tudo sobre os jogos, transmiss\u00e3o ao vivo, resultados, tabela e muito mais do Candang\u00e3o.&#8221;,&#8221;seo_tags&#8221;:[&#8220;portal r7&#8243;,&#8221;r7 esportes&#8221;,&#8221;classifica\u00e7\u00e3o&#8221;,&#8221;ao vivo&#8221;,&#8221;esportes&#8221;,&#8221;futebol&#8221;,&#8221;campeonato brasiliense&#8221;,&#8221;candag\u00e3o&#8221;],&#8221;seo_title&#8221;:&#8221;Ao Vivo  | Cadang\u00e3o 2026| R7 Esportes&#8221;,&#8221;title_hotsite&#8221;:&#8221;Ao Vivo  | Cadang\u00e3o 2026| R7 Esportes&#8221;,&#8221;top_url&#8221;:&#8221;https:\/\/esportes.r7.com\/futebol\/campeonato-brasiliense\/&#8221;,&#8221;url_og_image&#8221;:null},&#8221;_admin&#8221;:{&#8220;alias_ids&#8221;:[&#8220;\/futebol\/campeonato-brasiliense\/ao-vivo&#8221;]},&#8221;age_rating&#8221;:{&#8220;classificacao_etaria&#8221;:null},&#8221;age_rating_description&#8221;:{&#8220;atos_criminosos&#8221;:&#8221;false&#8221;,&#8221;conteudo_sexual&#8221;:&#8221;false&#8221;,&#8221;drogas&#8221;:&#8221;false&#8221;,&#8221;drogas_ilicitas&#8221;:&#8221;false&#8221;,&#8221;drogas_licitas&#8221;:&#8221;false&#8221;,&#8221;linguagem_impropria&#8221;:&#8221;false&#8221;,&#8221;medo&#8221;:&#8221;false&#8221;,&#8221;nudez&#8221;:&#8221;false&#8221;,&#8221;procedimentos_medicos&#8221;:&#8221;false&#8221;,&#8221;sexo_explicito&#8221;:&#8221;false&#8221;,&#8221;temas_sensiveis&#8221;:&#8221;false&#8221;,&#8221;violencia&#8221;:&#8221;false&#8221;,&#8221;violencia_extrema&#8221;:&#8221;false&#8221;,&#8221;violencia_fantasiosa&#8221;:&#8221;false&#8221;},&#8221;area_logada&#8221;:{&#8220;exclusive_content&#8221;:&#8221;true&#8221;},&#8221;navigation&#8221;:{&#8220;menu_url&#8221;:null,&#8221;nav_title&#8221;:null},&#8221;newsletter&#8221;:{&#8220;id&#8221;:null},&#8221;publicidade&#8221;:{&#8220;disable_adv&#8221;:&#8221;false&#8221;,&#8221;disable_audima_adv&#8221;:&#8221;false&#8221;,&#8221;disable_taboola&#8221;:&#8221;false&#8221;,&#8221;hash&#8221;:null},&#8221;site&#8221;:{&#8220;coupon_categories&#8221;:&#8221;departamentos&#8221;,&#8221;disable_refresh&#8221;:&#8221;4&#8243;,&#8221;enable_disclaimer&#8221;:&#8221;false&#8221;,&#8221;pagebuilder_path_for_native_apps&#8221;:null,&#8221;site_about&#8221;:null,&#8221;site_description&#8221;:null,&#8221;site_keywords&#8221;:null,&#8221;site_tagline&#8221;:null,&#8221;site_title&#8221;:null,&#8221;site_url&#8221;:null},&#8221;site_topper&#8221;:{&#8220;section_header_image&#8221;:null,&#8221;section_header_image_id&#8221;:null,&#8221;section_header_image_mobile&#8221;:null,&#8221;section_header_image_mobile_id&#8221;:null,&#8221;section_left_color_top&#8221;:null,&#8221;section_primary_color&#8221;:null,&#8221;section_right_color_top&#8221;:null,&#8221;site_logo_image&#8221;:null},&#8221;social&#8221;:{&#8220;facebook&#8221;:null,&#8221;instagram&#8221;:null,&#8221;kwai&#8221;:null,&#8221;rss&#8221;:null,&#8221;twitter&#8221;:null},&#8221;ultimas&#8221;:{&#8220;tab_ultimas&#8221;:[]},&#8221;is_grouping&#8221;:&#8221;false&#8221;,&#8221;node_type&#8221;:&#8221;section&#8221;,&#8221;children&#8221;:[]}]},{&#8220;_id&#8221;:&#8221;\/futebol\/campeonato-amapaense&#8221;,&#8221;_website&#8221;:&#8221;esportes&#8221;,&#8221;name&#8221;:&#8221;Campeonato Amapaense&#8221;,&#8221;inactive&#8221;:false,&#8221;ancestors&#8221;:{&#8220;default&#8221;:[&#8220;https:\/\/esportes.r7.com\/futebol&#8221;]},&#8221;parent&#8221;:{&#8220;default&#8221;:&#8221;https:\/\/esportes.r7.com\/futebol&#8221;},&#8221;SEO&#8221;:{&#8220;og_image_id&#8221;:null,&#8221;seo_description&#8221;:&#8221;Acompanhe o Campeonato Amapaense de Futebol no Portal R7. Saiba tudo sobre os jogos, transmiss\u00e3o ao vivo, resultados, tabela e muito mais do Amapaz\u00e3o.&#8221;,&#8221;seo_tags&#8221;:[&#8220;campeonato amapaense de futebol&#8221;,&#8221;Campeonato &#8220;,&#8221;amapa&#8221;,&#8221;ap&#8221;,&#8221;futebol&#8221;,&#8221;r7 &#8220;],&#8221;seo_title&#8221;:&#8221;Campeonato Amapaense de Futebol \u2013 Jogos, resultados e mais \u2013 R7&#8243;,&#8221;title_hotsite&#8221;:null,&#8221;top_url&#8221;:&#8221;https:\/\/esportes.r7.com\/futebol\/campeonato-amapaense\/&#8221;,&#8221;url_og_image&#8221;:null},&#8221;age_rating&#8221;:{&#8220;classificacao_etaria&#8221;:null},&#8221;age_rating_description&#8221;:{&#8220;atos_criminosos&#8221;:&#8221;false&#8221;,&#8221;conteudo_sexual&#8221;:&#8221;false&#8221;,&#8221;drogas&#8221;:&#8221;false&#8221;,&#8221;drogas_ilicitas&#8221;:&#8221;false&#8221;,&#8221;drogas_licitas&#8221;:&#8221;false&#8221;,&#8221;linguagem_impropria&#8221;:&#8221;false&#8221;,&#8221;medo&#8221;:&#8221;false&#8221;,&#8221;nudez&#8221;:&#8221;false&#8221;,&#8221;procedimentos_medicos&#8221;:&#8221;false&#8221;,&#8221;sexo_explicito&#8221;:&#8221;false&#8221;,&#8221;temas_sensiveis&#8221;:&#8221;false&#8221;,&#8221;violencia&#8221;:&#8221;false&#8221;,&#8221;violencia_extrema&#8221;:&#8221;false&#8221;,&#8221;violencia_fantasiosa&#8221;:&#8221;false&#8221;},&#8221;area_logada&#8221;:{&#8220;exclusive_content&#8221;:&#8221;false&#8221;},&#8221;navigation&#8221;:{&#8220;menu_url&#8221;:null,&#8221;nav_title&#8221;:null},&#8221;publicidade&#8221;:{&#8220;disable_adv&#8221;:&#8221;false&#8221;,&#8221;disable_audima_adv&#8221;:&#8221;false&#8221;,&#8221;disable_taboola&#8221;:&#8221;false&#8221;,&#8221;hash&#8221;:&#8221;R7esportes\/futebol\/campeonatoamapaense&#8221;},&#8221;site&#8221;:{&#8220;coupon_categories&#8221;:&#8221;departamentos&#8221;,&#8221;disable_refresh&#8221;:&#8221;4&#8243;,&#8221;enable_disclaimer&#8221;:&#8221;false&#8221;,&#8221;pagebuilder_path_for_native_apps&#8221;:null,&#8221;site_about&#8221;:null,&#8221;site_description&#8221;:null,&#8221;site_keywords&#8221;:null,&#8221;site_tagline&#8221;:null,&#8221;site_title&#8221;:null,&#8221;site_url&#8221;:null},&#8221;site_topper&#8221;:{&#8220;section_header_image&#8221;:null,&#8221;section_header_image_id&#8221;:null,&#8221;section_header_image_mobile&#8221;:null,&#8221;section_header_image_mobile_id&#8221;:null,&#8221;section_left_color_top&#8221;:null,&#8221;section_primary_color&#8221;:null,&#8221;section_right_color_top&#8221;:null,&#8221;site_logo_image&#8221;:null},&#8221;social&#8221;:{&#8220;facebook&#8221;:null,&#8221;instagram&#8221;:null,&#8221;kwai&#8221;:null,&#8221;rss&#8221;:null,&#8221;twitter&#8221;:null},&#8221;ultimas&#8221;:{&#8220;tab_ultimas&#8221;:[]},&#8221;is_grouping&#8221;:&#8221;false&#8221;,&#8221;node_type&#8221;:&#8221;section&#8221;,&#8221;children&#8221;:[{&#8220;_id&#8221;:&#8221;\/futebol\/campeonato-amapaense\/tabela&#8221;,&#8221;_website&#8221;:&#8221;esportes&#8221;,&#8221;name&#8221;:&#8221;Tabela&#8221;,&#8221;inactive&#8221;:false,&#8221;ancestors&#8221;:{&#8220;default&#8221;:[&#8220;https:\/\/esportes.r7.com\/futebol&#8221;,&#8221;\/futebol\/campeonato-amapaense&#8221;]},&#8221;parent&#8221;:{&#8220;default&#8221;:&#8221;\/futebol\/campeonato-amapaense&#8221;},&#8221;SEO&#8221;:{&#8220;og_image_id&#8221;:null,&#8221;seo_description&#8221;:&#8221;Campeonato Amapaense com tabela de classifica\u00e7\u00e3o atualizada \u00e9 no R7 Esportes! Confira os pr\u00f3ximos jogos, not\u00edcias e muito mais.&#8221;,&#8221;seo_tags&#8221;:[&#8220;Amap\u00e3o&#8221;,&#8221;Campeonato Amapense&#8221;,&#8221;Classifica\u00e7\u00e3o&#8221;,&#8221;Tabela&#8221;,&#8221;R7 Esportes&#8221;],&#8221;seo_title&#8221;:&#8221;Tabela e jogos | Amap\u00e3o 2025| R7 Esportes&#8221;,&#8221;title_hotsite&#8221;:&#8221;Tabela e jogos | Amap\u00e3o 2025| R7 Esportes&#8221;,&#8221;top_url&#8221;:&#8221;https:\/\/esportes.r7.com\/futebol\/campeonato-amapaense\/&#8221;,&#8221;url_og_image&#8221;:null},&#8221;age_rating&#8221;:{&#8220;classificacao_etaria&#8221;:null},&#8221;age_rating_description&#8221;:{&#8220;atos_criminosos&#8221;:&#8221;false&#8221;,&#8221;conteudo_sexual&#8221;:&#8221;false&#8221;,&#8221;drogas&#8221;:&#8221;false&#8221;,&#8221;drogas_ilicitas&#8221;:&#8221;false&#8221;,&#8221;drogas_licitas&#8221;:&#8221;false&#8221;,&#8221;linguagem_impropria&#8221;:&#8221;false&#8221;,&#8221;medo&#8221;:&#8221;false&#8221;,&#8221;nudez&#8221;:&#8221;false&#8221;,&#8221;procedimentos_medicos&#8221;:&#8221;false&#8221;,&#8221;sexo_explicito&#8221;:&#8221;false&#8221;,&#8221;temas_sensiveis&#8221;:&#8221;false&#8221;,&#8221;violencia&#8221;:&#8221;false&#8221;,&#8221;violencia_extrema&#8221;:&#8221;false&#8221;,&#8221;violencia_fantasiosa&#8221;:&#8221;false&#8221;},&#8221;area_logada&#8221;:{&#8220;exclusive_content&#8221;:&#8221;false&#8221;},&#8221;navigation&#8221;:{&#8220;menu_url&#8221;:null,&#8221;nav_title&#8221;:null},&#8221;newsletter&#8221;:{&#8220;id&#8221;:null},&#8221;publicidade&#8221;:{&#8220;disable_adv&#8221;:&#8221;false&#8221;,&#8221;disable_audima_adv&#8221;:&#8221;false&#8221;,&#8221;disable_taboola&#8221;:&#8221;false&#8221;,&#8221;hash&#8221;:null},&#8221;site&#8221;:{&#8220;coupon_categories&#8221;:&#8221;departamentos&#8221;,&#8221;disable_refresh&#8221;:&#8221;4&#8243;,&#8221;enable_disclaimer&#8221;:&#8221;false&#8221;,&#8221;pagebuilder_path_for_native_apps&#8221;:null,&#8221;site_about&#8221;:&#8221;Tabela e jogos | Amap\u00e3o 2025| R7 Esportes&#8221;,&#8221;site_description&#8221;:&#8221;Campeonato Amapaense com tabela de classifica\u00e7\u00e3o atualizada \u00e9 no R7 Esportes! Confira os pr\u00f3ximos jogos, not\u00edcias e muito mais.&#8221;,&#8221;site_keywords&#8221;:&#8221;Tabela, classifica\u00e7\u00e3o, campeonato amapaense, amap\u00e3o, r7 esportes&#8221;,&#8221;site_tagline&#8221;:&#8221;Tabela e jogos | Amap\u00e3o 2025| R7 Esportes&#8221;,&#8221;site_title&#8221;:&#8221;Tabela e jogos | Amap\u00e3o 2025| R7 Esportes&#8221;,&#8221;site_url&#8221;:null},&#8221;site_topper&#8221;:{&#8220;section_header_image&#8221;:null,&#8221;section_header_image_id&#8221;:null,&#8221;section_header_image_mobile&#8221;:null,&#8221;section_header_image_mobile_id&#8221;:null,&#8221;section_left_color_top&#8221;:null,&#8221;section_primary_color&#8221;:null,&#8221;section_right_color_top&#8221;:null,&#8221;site_logo_image&#8221;:null},&#8221;social&#8221;:{&#8220;facebook&#8221;:null,&#8221;instagram&#8221;:null,&#8221;kwai&#8221;:null,&#8221;rss&#8221;:null,&#8221;twitter&#8221;:null},&#8221;ultimas&#8221;:{&#8220;tab_ultimas&#8221;:[]},&#8221;is_grouping&#8221;:&#8221;false&#8221;,&#8221;node_type&#8221;:&#8221;section&#8221;,&#8221;children&#8221;:[]},{&#8220;_id&#8221;:&#8221;\/futebol\/campeonato-amapaense\/ao-vivo&#8221;,&#8221;_website&#8221;:&#8221;esportes&#8221;,&#8221;name&#8221;:&#8221;Ao vivo&#8221;,&#8221;inactive&#8221;:false,&#8221;ancestors&#8221;:{&#8220;default&#8221;:[&#8220;https:\/\/esportes.r7.com\/futebol&#8221;,&#8221;\/futebol\/campeonato-amapaense&#8221;]},&#8221;parent&#8221;:{&#8220;default&#8221;:&#8221;\/futebol\/campeonato-amapaense&#8221;},&#8221;SEO&#8221;:{&#8220;og_image_id&#8221;:null,&#8221;seo_description&#8221;:&#8221;Acompanhe o Campeonato Amapaense de Futebol no Portal R7. Saiba tudo sobre os jogos, transmiss\u00e3o ao vivo, resultados, tabela e muito mais do Amapaz\u00e3o.&#8221;,&#8221;seo_tags&#8221;:[&#8220;campeonato amapaense de futebol&#8221;,&#8221;Campeonato &#8220;,&#8221;amapa&#8221;,&#8221;ap&#8221;,&#8221;futebol&#8221;,&#8221;r7 &#8220;],&#8221;seo_title&#8221;:&#8221;Ao Vivo | Amapaense 2026| R7 Esportes&#8221;,&#8221;title_hotsite&#8221;:&#8221;Ao Vivo | Amapaense 2026| R7 Esportes&#8221;,&#8221;top_url&#8221;:&#8221;https:\/\/esportes.r7.com\/futebol\/campeonato-amapaense\/&#8221;,&#8221;url_og_image&#8221;:null},&#8221;_admin&#8221;:{&#8220;alias_ids&#8221;:[&#8220;\/futebol\/campeonato-amapaense\/ao-vivo&#8221;]},&#8221;age_rating&#8221;:{&#8220;classificacao_etaria&#8221;:null},&#8221;age_rating_description&#8221;:{&#8220;atos_criminosos&#8221;:&#8221;false&#8221;,&#8221;conteudo_sexual&#8221;:&#8221;false&#8221;,&#8221;drogas&#8221;:&#8221;false&#8221;,&#8221;drogas_ilicitas&#8221;:&#8221;false&#8221;,&#8221;drogas_licitas&#8221;:&#8221;false&#8221;,&#8221;linguagem_impropria&#8221;:&#8221;false&#8221;,&#8221;medo&#8221;:&#8221;false&#8221;,&#8221;nudez&#8221;:&#8221;false&#8221;,&#8221;procedimentos_medicos&#8221;:&#8221;false&#8221;,&#8221;sexo_explicito&#8221;:&#8221;false&#8221;,&#8221;temas_sensiveis&#8221;:&#8221;false&#8221;,&#8221;violencia&#8221;:&#8221;false&#8221;,&#8221;violencia_extrema&#8221;:&#8221;false&#8221;,&#8221;violencia_fantasiosa&#8221;:&#8221;false&#8221;},&#8221;area_logada&#8221;:{&#8220;exclusive_content&#8221;:&#8221;true&#8221;},&#8221;assets&#8221;:{&#8220;cda_ad_player&#8221;:null},&#8221;campanha_branded&#8221;:{&#8220;ativar_background_campanha&#8221;:&#8221;false&#8221;,&#8221;ativar_fonte_campanha&#8221;:&#8221;false&#8221;,&#8221;ativar_logo_campanha&#8221;:&#8221;false&#8221;},&#8221;navigation&#8221;:{&#8220;menu_url&#8221;:null,&#8221;nav_title&#8221;:null},&#8221;newsletter&#8221;:{&#8220;id&#8221;:null},&#8221;publicidade&#8221;:{&#8220;disable_adv&#8221;:&#8221;false&#8221;,&#8221;disable_audima_adv&#8221;:&#8221;false&#8221;,&#8221;disable_taboola&#8221;:&#8221;false&#8221;,&#8221;hash&#8221;:null},&#8221;site&#8221;:{&#8220;coupon_categories&#8221;:&#8221;departamentos&#8221;,&#8221;disable_refresh&#8221;:&#8221;4&#8243;,&#8221;enable_disclaimer&#8221;:&#8221;false&#8221;,&#8221;pagebuilder_path_for_native_apps&#8221;:null,&#8221;site_about&#8221;:null,&#8221;site_description&#8221;:null,&#8221;site_keywords&#8221;:null,&#8221;site_tagline&#8221;:null,&#8221;site_title&#8221;:null,&#8221;site_url&#8221;:null},&#8221;site_topper&#8221;:{&#8220;section_header_image&#8221;:null,&#8221;section_header_image_id&#8221;:null,&#8221;section_header_image_mobile&#8221;:null,&#8221;section_header_image_mobile_id&#8221;:null,&#8221;section_left_color_top&#8221;:null,&#8221;section_primary_color&#8221;:null,&#8221;section_right_color_top&#8221;:null,&#8221;site_logo_image&#8221;:null},&#8221;social&#8221;:{&#8220;bluesky&#8221;:null,&#8221;facebook&#8221;:null,&#8221;instagram&#8221;:null,&#8221;kwai&#8221;:null,&#8221;rss&#8221;:null,&#8221;threads&#8221;:null,&#8221;tiktok&#8221;:null,&#8221;twitter&#8221;:null,&#8221;whatsapp&#8221;:null,&#8221;youtube&#8221;:null},&#8221;ultimas&#8221;:{&#8220;tab_ultimas&#8221;:[]},&#8221;is_grouping&#8221;:&#8221;false&#8221;,&#8221;node_type&#8221;:&#8221;section&#8221;,&#8221;children&#8221;:[]}]},{&#8220;_id&#8221;:&#8221;\/futebol\/campeonato-acreano&#8221;,&#8221;_website&#8221;:&#8221;esportes&#8221;,&#8221;name&#8221;:&#8221;Campeonato Acreano&#8221;,&#8221;inactive&#8221;:false,&#8221;ancestors&#8221;:{&#8220;default&#8221;:[&#8220;https:\/\/esportes.r7.com\/futebol&#8221;]},&#8221;parent&#8221;:{&#8220;default&#8221;:&#8221;https:\/\/esportes.r7.com\/futebol&#8221;},&#8221;SEO&#8221;:{&#8220;og_image_id&#8221;:null,&#8221;seo_description&#8221;:&#8221;Resultados, tabela com os pr\u00f3ximos jogos, classifica\u00e7\u00e3o completa, v\u00eddeos e as \u00faltimas not\u00edcias do Campeonato Acreano no R7 Esportes&#8221;,&#8221;seo_tags&#8221;:[&#8220;Campeonato Acreano&#8221;,&#8221;Campeonato Acreano de futebol&#8221;,&#8221;not\u00edcias&#8221;,&#8221;futebol&#8221;,&#8221;esporte&#8221;,&#8221;r7 &#8220;],&#8221;seo_title&#8221;:&#8221;Campeonato Acreano | R7 Esportes&#8221;,&#8221;title_hotsite&#8221;:null,&#8221;top_url&#8221;:&#8221;https:\/\/esportes.r7.com\/futebol\/campeonato-acreano\/&#8221;,&#8221;url_og_image&#8221;:null},&#8221;age_rating&#8221;:{&#8220;classificacao_etaria&#8221;:null},&#8221;age_rating_description&#8221;:{&#8220;atos_criminosos&#8221;:&#8221;false&#8221;,&#8221;conteudo_sexual&#8221;:&#8221;false&#8221;,&#8221;drogas&#8221;:&#8221;false&#8221;,&#8221;drogas_ilicitas&#8221;:&#8221;false&#8221;,&#8221;drogas_licitas&#8221;:&#8221;false&#8221;,&#8221;linguagem_impropria&#8221;:&#8221;false&#8221;,&#8221;medo&#8221;:&#8221;false&#8221;,&#8221;nudez&#8221;:&#8221;false&#8221;,&#8221;procedimentos_medicos&#8221;:&#8221;false&#8221;,&#8221;sexo_explicito&#8221;:&#8221;false&#8221;,&#8221;temas_sensiveis&#8221;:&#8221;false&#8221;,&#8221;violencia&#8221;:&#8221;false&#8221;,&#8221;violencia_extrema&#8221;:&#8221;false&#8221;,&#8221;violencia_fantasiosa&#8221;:&#8221;false&#8221;},&#8221;area_logada&#8221;:{&#8220;exclusive_content&#8221;:&#8221;false&#8221;},&#8221;navigation&#8221;:{&#8220;menu_url&#8221;:null,&#8221;nav_title&#8221;:null},&#8221;publicidade&#8221;:{&#8220;disable_adv&#8221;:&#8221;false&#8221;,&#8221;disable_audima_adv&#8221;:&#8221;false&#8221;,&#8221;disable_taboola&#8221;:&#8221;false&#8221;,&#8221;hash&#8221;:&#8221;R7esportes\/futebol\/campeonatoacreano&#8221;},&#8221;site&#8221;:{&#8220;coupon_categories&#8221;:&#8221;departamentos&#8221;,&#8221;disable_refresh&#8221;:&#8221;4&#8243;,&#8221;enable_disclaimer&#8221;:&#8221;false&#8221;,&#8221;pagebuilder_path_for_native_apps&#8221;:null,&#8221;site_about&#8221;:null,&#8221;site_description&#8221;:null,&#8221;site_keywords&#8221;:null,&#8221;site_tagline&#8221;:null,&#8221;site_title&#8221;:null,&#8221;site_url&#8221;:null},&#8221;site_topper&#8221;:{&#8220;section_header_image&#8221;:null,&#8221;section_header_image_id&#8221;:null,&#8221;section_header_image_mobile&#8221;:null,&#8221;section_header_image_mobile_id&#8221;:null,&#8221;section_left_color_top&#8221;:null,&#8221;section_primary_color&#8221;:null,&#8221;section_right_color_top&#8221;:null,&#8221;site_logo_image&#8221;:null},&#8221;social&#8221;:{&#8220;facebook&#8221;:null,&#8221;instagram&#8221;:null,&#8221;kwai&#8221;:null,&#8221;rss&#8221;:null,&#8221;twitter&#8221;:null},&#8221;ultimas&#8221;:{&#8220;tab_ultimas&#8221;:[]},&#8221;is_grouping&#8221;:&#8221;false&#8221;,&#8221;node_type&#8221;:&#8221;section&#8221;,&#8221;children&#8221;:[{&#8220;_id&#8221;:&#8221;\/futebol\/campeonato-acreano\/tabela&#8221;,&#8221;_website&#8221;:&#8221;esportes&#8221;,&#8221;name&#8221;:&#8221;Tabela&#8221;,&#8221;inactive&#8221;:false,&#8221;ancestors&#8221;:{&#8220;default&#8221;:[&#8220;https:\/\/esportes.r7.com\/futebol&#8221;,&#8221;\/futebol\/campeonato-acreano&#8221;]},&#8221;parent&#8221;:{&#8220;default&#8221;:&#8221;\/futebol\/campeonato-acreano&#8221;},&#8221;SEO&#8221;:{&#8220;og_image_id&#8221;:null,&#8221;seo_description&#8221;:&#8221;Campeonato Acreano com tabela de classifica\u00e7\u00e3o atualizada \u00e9 no R7 Esportes! Confira os pr\u00f3ximos jogos, not\u00edcias e muito mais.&#8221;,&#8221;seo_tags&#8221;:[&#8220;Acrean\u00e3o&#8221;,&#8221;Campeonato Acreano&#8221;,&#8221;Classifica\u00e7\u00e3o&#8221;,&#8221;Tabela&#8221;,&#8221;R7 Esportes&#8221;],&#8221;seo_title&#8221;:&#8221;Tabela e jogos | Acrean\u00e3o 2025| R7 Esportes&#8221;,&#8221;title_hotsite&#8221;:&#8221;Tabela e jogos | Acrean\u00e3o 2025| R7 Esportes&#8221;,&#8221;top_url&#8221;:&#8221;https:\/\/esportes.r7.com\/futebol\/campeonato-acreano\/&#8221;,&#8221;url_og_image&#8221;:null},&#8221;age_rating&#8221;:{&#8220;classificacao_etaria&#8221;:null},&#8221;age_rating_description&#8221;:{&#8220;atos_criminosos&#8221;:&#8221;false&#8221;,&#8221;conteudo_sexual&#8221;:&#8221;false&#8221;,&#8221;drogas&#8221;:&#8221;false&#8221;,&#8221;drogas_ilicitas&#8221;:&#8221;false&#8221;,&#8221;drogas_licitas&#8221;:&#8221;false&#8221;,&#8221;linguagem_impropria&#8221;:&#8221;false&#8221;,&#8221;medo&#8221;:&#8221;false&#8221;,&#8221;nudez&#8221;:&#8221;false&#8221;,&#8221;procedimentos_medicos&#8221;:&#8221;false&#8221;,&#8221;sexo_explicito&#8221;:&#8221;false&#8221;,&#8221;temas_sensiveis&#8221;:&#8221;false&#8221;,&#8221;violencia&#8221;:&#8221;false&#8221;,&#8221;violencia_extrema&#8221;:&#8221;false&#8221;,&#8221;violencia_fantasiosa&#8221;:&#8221;false&#8221;},&#8221;area_logada&#8221;:{&#8220;exclusive_content&#8221;:&#8221;false&#8221;},&#8221;navigation&#8221;:{&#8220;menu_url&#8221;:null,&#8221;nav_title&#8221;:null},&#8221;newsletter&#8221;:{&#8220;id&#8221;:null},&#8221;publicidade&#8221;:{&#8220;disable_adv&#8221;:&#8221;false&#8221;,&#8221;disable_audima_adv&#8221;:&#8221;false&#8221;,&#8221;disable_taboola&#8221;:&#8221;false&#8221;,&#8221;hash&#8221;:null},&#8221;site&#8221;:{&#8220;coupon_categories&#8221;:&#8221;departamentos&#8221;,&#8221;disable_refresh&#8221;:&#8221;4&#8243;,&#8221;enable_disclaimer&#8221;:&#8221;false&#8221;,&#8221;pagebuilder_path_for_native_apps&#8221;:null,&#8221;site_about&#8221;:&#8221;Tabela e jogos | Acrean\u00e3o 2025| R7 Esportes&#8221;,&#8221;site_description&#8221;:&#8221;Campeonato Acreano com tabela de classifica\u00e7\u00e3o atualizada \u00e9 no R7 Esportes! Confira os pr\u00f3ximos jogos, not\u00edcias e muito mais.&#8221;,&#8221;site_keywords&#8221;:&#8221;Tabela, classifica\u00e7\u00e3o, campeonato acreano, acrean\u00e3o, r7 esportes&#8221;,&#8221;site_tagline&#8221;:&#8221;Tabela e jogos | Acrean\u00e3o 2025| R7 Esportes&#8221;,&#8221;site_title&#8221;:&#8221;Tabela e jogos | Acrean\u00e3o 2025| R7 Esportes&#8221;,&#8221;site_url&#8221;:null},&#8221;site_topper&#8221;:{&#8220;section_header_image&#8221;:null,&#8221;section_header_image_id&#8221;:null,&#8221;section_header_image_mobile&#8221;:null,&#8221;section_header_image_mobile_id&#8221;:null,&#8221;section_left_color_top&#8221;:null,&#8221;section_primary_color&#8221;:null,&#8221;section_right_color_top&#8221;:null,&#8221;site_logo_image&#8221;:null},&#8221;social&#8221;:{&#8220;facebook&#8221;:null,&#8221;instagram&#8221;:null,&#8221;kwai&#8221;:null,&#8221;rss&#8221;:null,&#8221;twitter&#8221;:null},&#8221;ultimas&#8221;:{&#8220;tab_ultimas&#8221;:[]},&#8221;is_grouping&#8221;:&#8221;false&#8221;,&#8221;node_type&#8221;:&#8221;section&#8221;,&#8221;children&#8221;:[]},{&#8220;_id&#8221;:&#8221;\/futebol\/campeonato-acreano\/ao-vivo&#8221;,&#8221;_website&#8221;:&#8221;esportes&#8221;,&#8221;name&#8221;:&#8221;Ao vivo&#8221;,&#8221;inactive&#8221;:false,&#8221;ancestors&#8221;:{&#8220;default&#8221;:[&#8220;https:\/\/esportes.r7.com\/futebol&#8221;,&#8221;\/futebol\/campeonato-acreano&#8221;]},&#8221;parent&#8221;:{&#8220;default&#8221;:&#8221;\/futebol\/campeonato-acreano&#8221;},&#8221;SEO&#8221;:{&#8220;og_image_id&#8221;:null,&#8221;seo_description&#8221;:&#8221;Resultados, tabela com os pr\u00f3ximos jogos, classifica\u00e7\u00e3o completa, v\u00eddeos e as \u00faltimas not\u00edcias do Campeonato Acreano no R7 Esportes&#8221;,&#8221;seo_tags&#8221;:[&#8220;Campeonato Acreano&#8221;,&#8221;Campeonato Acreano de futebol&#8221;,&#8221;not\u00edcias&#8221;,&#8221;futebol&#8221;,&#8221;esporte&#8221;,&#8221;r7&#8243;],&#8221;seo_title&#8221;:&#8221;Ao Vivo | Campeonato Acreano | R7 Esportes&#8221;,&#8221;title_hotsite&#8221;:&#8221;Ao Vivo | Campeonato Acreano | R7 Esportes&#8221;,&#8221;top_url&#8221;:&#8221;https:\/\/esportes.r7.com\/futebol\/campeonato-acreano\/&#8221;,&#8221;url_og_image&#8221;:null},&#8221;_admin&#8221;:{&#8220;alias_ids&#8221;:[&#8220;\/futebol\/campeonato-acreano\/ao-vivo&#8221;]},&#8221;age_rating&#8221;:{&#8220;classificacao_etaria&#8221;:null},&#8221;age_rating_description&#8221;:{&#8220;atos_criminosos&#8221;:&#8221;false&#8221;,&#8221;conteudo_sexual&#8221;:&#8221;false&#8221;,&#8221;drogas&#8221;:&#8221;false&#8221;,&#8221;drogas_ilicitas&#8221;:&#8221;false&#8221;,&#8221;drogas_licitas&#8221;:&#8221;false&#8221;,&#8221;linguagem_impropria&#8221;:&#8221;false&#8221;,&#8221;medo&#8221;:&#8221;false&#8221;,&#8221;nudez&#8221;:&#8221;false&#8221;,&#8221;procedimentos_medicos&#8221;:&#8221;false&#8221;,&#8221;sexo_explicito&#8221;:&#8221;false&#8221;,&#8221;temas_sensiveis&#8221;:&#8221;false&#8221;,&#8221;violencia&#8221;:&#8221;false&#8221;,&#8221;violencia_extrema&#8221;:&#8221;false&#8221;,&#8221;violencia_fantasiosa&#8221;:&#8221;false&#8221;},&#8221;area_logada&#8221;:{&#8220;exclusive_content&#8221;:&#8221;true&#8221;},&#8221;assets&#8221;:{&#8220;cda_ad_player&#8221;:null},&#8221;campanha_branded&#8221;:{&#8220;ativar_background_campanha&#8221;:&#8221;false&#8221;,&#8221;ativar_fonte_campanha&#8221;:&#8221;false&#8221;,&#8221;ativar_logo_campanha&#8221;:&#8221;false&#8221;},&#8221;navigation&#8221;:{&#8220;menu_url&#8221;:null,&#8221;nav_title&#8221;:null},&#8221;newsletter&#8221;:{&#8220;id&#8221;:null},&#8221;publicidade&#8221;:{&#8220;disable_adv&#8221;:&#8221;false&#8221;,&#8221;disable_audima_adv&#8221;:&#8221;false&#8221;,&#8221;disable_taboola&#8221;:&#8221;false&#8221;,&#8221;hash&#8221;:null},&#8221;site&#8221;:{&#8220;coupon_categories&#8221;:&#8221;departamentos&#8221;,&#8221;disable_refresh&#8221;:&#8221;4&#8243;,&#8221;enable_disclaimer&#8221;:&#8221;false&#8221;,&#8221;pagebuilder_path_for_native_apps&#8221;:null,&#8221;site_about&#8221;:null,&#8221;site_description&#8221;:null,&#8221;site_keywords&#8221;:null,&#8221;site_tagline&#8221;:null,&#8221;site_title&#8221;:null,&#8221;site_url&#8221;:null},&#8221;site_topper&#8221;:{&#8220;section_header_image&#8221;:null,&#8221;section_header_image_id&#8221;:null,&#8221;section_header_image_mobile&#8221;:null,&#8221;section_header_image_mobile_id&#8221;:null,&#8221;section_left_color_top&#8221;:null,&#8221;section_primary_color&#8221;:null,&#8221;section_right_color_top&#8221;:null,&#8221;site_logo_image&#8221;:null},&#8221;social&#8221;:{&#8220;bluesky&#8221;:null,&#8221;facebook&#8221;:null,&#8221;instagram&#8221;:null,&#8221;kwai&#8221;:null,&#8221;rss&#8221;:null,&#8221;threads&#8221;:null,&#8221;tiktok&#8221;:null,&#8221;twitter&#8221;:null,&#8221;whatsapp&#8221;:null,&#8221;youtube&#8221;:null},&#8221;ultimas&#8221;:{&#8220;tab_ultimas&#8221;:[]},&#8221;is_grouping&#8221;:&#8221;false&#8221;,&#8221;node_type&#8221;:&#8221;section&#8221;,&#8221;children&#8221;:[]}]},{&#8220;_id&#8221;:&#8221;\/futebol\/campeonato-maranhense&#8221;,&#8221;_website&#8221;:&#8221;esportes&#8221;,&#8221;name&#8221;:&#8221;Campeonato Maranhense&#8221;,&#8221;inactive&#8221;:false,&#8221;ancestors&#8221;:{&#8220;default&#8221;:[&#8220;https:\/\/esportes.r7.com\/futebol&#8221;]},&#8221;parent&#8221;:{&#8220;default&#8221;:&#8221;https:\/\/esportes.r7.com\/futebol&#8221;},&#8221;SEO&#8221;:{&#8220;og_image_id&#8221;:null,&#8221;seo_description&#8221;:&#8221;Resultados, tabela com os pr\u00f3ximos jogos, classifica\u00e7\u00e3o completa, v\u00eddeos e as \u00faltimas not\u00edcias do Campeonato Maranhense no R7 Esportes&#8221;,&#8221;seo_tags&#8221;:[&#8220;Campeonato Maranhense&#8221;,&#8221;Campeonato Maranhense de futebol&#8221;,&#8221;not\u00edcias&#8221;,&#8221;futebol&#8221;,&#8221;esporte&#8221;,&#8221;r7 &#8220;],&#8221;seo_title&#8221;:&#8221;Campeonato Maranhense| R7 Esportes&#8221;,&#8221;title_hotsite&#8221;:null,&#8221;top_url&#8221;:&#8221;https:\/\/esportes.r7.com\/futebol\/campeonato-maranhense\/&#8221;,&#8221;url_og_image&#8221;:null},&#8221;age_rating&#8221;:{&#8220;classificacao_etaria&#8221;:null},&#8221;age_rating_description&#8221;:{&#8220;atos_criminosos&#8221;:&#8221;false&#8221;,&#8221;conteudo_sexual&#8221;:&#8221;false&#8221;,&#8221;drogas&#8221;:&#8221;false&#8221;,&#8221;drogas_ilicitas&#8221;:&#8221;false&#8221;,&#8221;drogas_licitas&#8221;:&#8221;false&#8221;,&#8221;linguagem_impropria&#8221;:&#8221;false&#8221;,&#8221;medo&#8221;:&#8221;false&#8221;,&#8221;nudez&#8221;:&#8221;false&#8221;,&#8221;procedimentos_medicos&#8221;:&#8221;false&#8221;,&#8221;sexo_explicito&#8221;:&#8221;false&#8221;,&#8221;temas_sensiveis&#8221;:&#8221;false&#8221;,&#8221;violencia&#8221;:&#8221;false&#8221;,&#8221;violencia_extrema&#8221;:&#8221;false&#8221;,&#8221;violencia_fantasiosa&#8221;:&#8221;false&#8221;},&#8221;area_logada&#8221;:{&#8220;exclusive_content&#8221;:&#8221;false&#8221;},&#8221;navigation&#8221;:{&#8220;menu_url&#8221;:null,&#8221;nav_title&#8221;:null},&#8221;publicidade&#8221;:{&#8220;disable_adv&#8221;:&#8221;false&#8221;,&#8221;disable_audima_adv&#8221;:&#8221;false&#8221;,&#8221;disable_taboola&#8221;:&#8221;false&#8221;,&#8221;hash&#8221;:&#8221;R7esportes\/futebol\/campeonatomaranhense&#8221;},&#8221;site&#8221;:{&#8220;coupon_categories&#8221;:&#8221;departamentos&#8221;,&#8221;disable_refresh&#8221;:&#8221;4&#8243;,&#8221;enable_disclaimer&#8221;:&#8221;false&#8221;,&#8221;pagebuilder_path_for_native_apps&#8221;:null,&#8221;site_about&#8221;:null,&#8221;site_description&#8221;:null,&#8221;site_keywords&#8221;:null,&#8221;site_tagline&#8221;:null,&#8221;site_title&#8221;:null,&#8221;site_url&#8221;:null},&#8221;site_topper&#8221;:{&#8220;section_header_image&#8221;:null,&#8221;section_header_image_id&#8221;:null,&#8221;section_header_image_mobile&#8221;:null,&#8221;section_header_image_mobile_id&#8221;:null,&#8221;section_left_color_top&#8221;:null,&#8221;section_primary_color&#8221;:null,&#8221;section_right_color_top&#8221;:null,&#8221;site_logo_image&#8221;:null},&#8221;social&#8221;:{&#8220;facebook&#8221;:null,&#8221;instagram&#8221;:null,&#8221;kwai&#8221;:null,&#8221;rss&#8221;:null,&#8221;twitter&#8221;:null},&#8221;ultimas&#8221;:{&#8220;tab_ultimas&#8221;:[]},&#8221;is_grouping&#8221;:&#8221;false&#8221;,&#8221;node_type&#8221;:&#8221;section&#8221;,&#8221;children&#8221;:[]},{&#8220;_id&#8221;:&#8221;\/futebol\/campeonato-tocantinense&#8221;,&#8221;_website&#8221;:&#8221;esportes&#8221;,&#8221;name&#8221;:&#8221;Campeonato Tocantinense&#8221;,&#8221;inactive&#8221;:false,&#8221;ancestors&#8221;:{&#8220;default&#8221;:[&#8220;https:\/\/esportes.r7.com\/futebol&#8221;]},&#8221;parent&#8221;:{&#8220;default&#8221;:&#8221;https:\/\/esportes.r7.com\/futebol&#8221;},&#8221;SEO&#8221;:{&#8220;og_image_id&#8221;:null,&#8221;seo_description&#8221;:&#8221;Resultados, tabela com os pr\u00f3ximos jogos, classifica\u00e7\u00e3o completa, v\u00eddeos e as \u00faltimas not\u00edcias do Campeonato Tocantinense no R7 Esportes&#8221;,&#8221;seo_tags&#8221;:[&#8220;Campeonato Tocantinense&#8221;,&#8221;Campeonato Tocantinense de futebol&#8221;,&#8221;not\u00edcias&#8221;,&#8221;futebol&#8221;,&#8221;esporte&#8221;,&#8221;r7&#8243;],&#8221;seo_title&#8221;:&#8221;Campeonato Tocantinense | R7 Esportes&#8221;,&#8221;title_hotsite&#8221;:null,&#8221;top_url&#8221;:&#8221;https:\/\/esportes.r7.com\/futebol\/campeonato-tocantinense\/&#8221;,&#8221;url_og_image&#8221;:null},&#8221;age_rating&#8221;:{&#8220;classificacao_etaria&#8221;:null},&#8221;age_rating_description&#8221;:{&#8220;atos_criminosos&#8221;:&#8221;false&#8221;,&#8221;conteudo_sexual&#8221;:&#8221;false&#8221;,&#8221;drogas&#8221;:&#8221;false&#8221;,&#8221;drogas_ilicitas&#8221;:&#8221;false&#8221;,&#8221;drogas_licitas&#8221;:&#8221;false&#8221;,&#8221;linguagem_impropria&#8221;:&#8221;false&#8221;,&#8221;medo&#8221;:&#8221;false&#8221;,&#8221;nudez&#8221;:&#8221;false&#8221;,&#8221;procedimentos_medicos&#8221;:&#8221;false&#8221;,&#8221;sexo_explicito&#8221;:&#8221;false&#8221;,&#8221;temas_sensiveis&#8221;:&#8221;false&#8221;,&#8221;violencia&#8221;:&#8221;false&#8221;,&#8221;violencia_extrema&#8221;:&#8221;false&#8221;,&#8221;violencia_fantasiosa&#8221;:&#8221;false&#8221;},&#8221;area_logada&#8221;:{&#8220;exclusive_content&#8221;:&#8221;false&#8221;},&#8221;navigation&#8221;:{&#8220;menu_url&#8221;:null,&#8221;nav_title&#8221;:null},&#8221;publicidade&#8221;:{&#8220;disable_adv&#8221;:&#8221;false&#8221;,&#8221;disable_audima_adv&#8221;:&#8221;false&#8221;,&#8221;disable_taboola&#8221;:&#8221;false&#8221;,&#8221;hash&#8221;:&#8221;R7esportes\/futebol\/campeonatotocantinense&#8221;},&#8221;site&#8221;:{&#8220;coupon_categories&#8221;:&#8221;departamentos&#8221;,&#8221;disable_refresh&#8221;:&#8221;4&#8243;,&#8221;enable_disclaimer&#8221;:&#8221;false&#8221;,&#8221;pagebuilder_path_for_native_apps&#8221;:null,&#8221;site_about&#8221;:null,&#8221;site_description&#8221;:null,&#8221;site_keywords&#8221;:null,&#8221;site_tagline&#8221;:null,&#8221;site_title&#8221;:null,&#8221;site_url&#8221;:null},&#8221;site_topper&#8221;:{&#8220;section_header_image&#8221;:null,&#8221;section_header_image_id&#8221;:null,&#8221;section_header_image_mobile&#8221;:null,&#8221;section_header_image_mobile_id&#8221;:null,&#8221;section_left_color_top&#8221;:null,&#8221;section_primary_color&#8221;:null,&#8221;section_right_color_top&#8221;:null,&#8221;site_logo_image&#8221;:null},&#8221;social&#8221;:{&#8220;facebook&#8221;:null,&#8221;instagram&#8221;:null,&#8221;kwai&#8221;:null,&#8221;rss&#8221;:null,&#8221;twitter&#8221;:null},&#8221;ultimas&#8221;:{&#8220;tab_ultimas&#8221;:[]},&#8221;is_grouping&#8221;:&#8221;false&#8221;,&#8221;node_type&#8221;:&#8221;section&#8221;,&#8221;children&#8221;:[]},{&#8220;_id&#8221;:&#8221;\/futebol\/campeonato-paranaense&#8221;,&#8221;_website&#8221;:&#8221;esportes&#8221;,&#8221;name&#8221;:&#8221;Campeonato Paranaense&#8221;,&#8221;inactive&#8221;:false,&#8221;ancestors&#8221;:{&#8220;default&#8221;:[&#8220;https:\/\/esportes.r7.com\/futebol&#8221;]},&#8221;parent&#8221;:{&#8220;default&#8221;:&#8221;https:\/\/esportes.r7.com\/futebol&#8221;},&#8221;SEO&#8221;:{&#8220;og_image_id&#8221;:null,&#8221;seo_description&#8221;:&#8221;Resultados, tabela com os pr\u00f3ximos jogos, classifica\u00e7\u00e3o completa, v\u00eddeos e as \u00faltimas not\u00edcias do Campeonato Paranaense no R7 Esportes&#8221;,&#8221;seo_tags&#8221;:[&#8220;Campeonato Paranaense&#8221;,&#8221;Campeonato Paranaense de futebol&#8221;,&#8221;not\u00edcias&#8221;,&#8221;futebol&#8221;,&#8221;esporte&#8221;,&#8221;r7&#8243;],&#8221;seo_title&#8221;:&#8221;Campeonato Paranaense | R7 Esportes&#8221;,&#8221;title_hotsite&#8221;:null,&#8221;top_url&#8221;:&#8221;https:\/\/esportes.r7.com\/futebol\/campeonato-paranaense\/&#8221;,&#8221;url_og_image&#8221;:null},&#8221;age_rating&#8221;:{&#8220;classificacao_etaria&#8221;:null},&#8221;age_rating_description&#8221;:{&#8220;atos_criminosos&#8221;:&#8221;false&#8221;,&#8221;conteudo_sexual&#8221;:&#8221;false&#8221;,&#8221;drogas&#8221;:&#8221;false&#8221;,&#8221;drogas_ilicitas&#8221;:&#8221;false&#8221;,&#8221;drogas_licitas&#8221;:&#8221;false&#8221;,&#8221;linguagem_impropria&#8221;:&#8221;false&#8221;,&#8221;medo&#8221;:&#8221;false&#8221;,&#8221;nudez&#8221;:&#8221;false&#8221;,&#8221;procedimentos_medicos&#8221;:&#8221;false&#8221;,&#8221;sexo_explicito&#8221;:&#8221;false&#8221;,&#8221;temas_sensiveis&#8221;:&#8221;false&#8221;,&#8221;violencia&#8221;:&#8221;false&#8221;,&#8221;violencia_extrema&#8221;:&#8221;false&#8221;,&#8221;violencia_fantasiosa&#8221;:&#8221;false&#8221;},&#8221;area_logada&#8221;:{&#8220;exclusive_content&#8221;:&#8221;false&#8221;},&#8221;navigation&#8221;:{&#8220;menu_url&#8221;:null,&#8221;nav_title&#8221;:null},&#8221;publicidade&#8221;:{&#8220;disable_adv&#8221;:&#8221;false&#8221;,&#8221;disable_audima_adv&#8221;:&#8221;false&#8221;,&#8221;disable_taboola&#8221;:&#8221;false&#8221;,&#8221;hash&#8221;:null},&#8221;site&#8221;:{&#8220;coupon_categories&#8221;:&#8221;departamentos&#8221;,&#8221;disable_refresh&#8221;:&#8221;4&#8243;,&#8221;enable_disclaimer&#8221;:&#8221;false&#8221;,&#8221;pagebuilder_path_for_native_apps&#8221;:null,&#8221;site_about&#8221;:null,&#8221;site_description&#8221;:null,&#8221;site_keywords&#8221;:null,&#8221;site_tagline&#8221;:null,&#8221;site_title&#8221;:null,&#8221;site_url&#8221;:null},&#8221;site_topper&#8221;:{&#8220;section_header_image&#8221;:null,&#8221;section_header_image_id&#8221;:null,&#8221;section_header_image_mobile&#8221;:null,&#8221;section_header_image_mobile_id&#8221;:null,&#8221;section_left_color_top&#8221;:null,&#8221;section_primary_color&#8221;:null,&#8221;section_right_color_top&#8221;:null,&#8221;site_logo_image&#8221;:null},&#8221;social&#8221;:{&#8220;facebook&#8221;:null,&#8221;instagram&#8221;:null,&#8221;kwai&#8221;:null,&#8221;rss&#8221;:null,&#8221;twitter&#8221;:null},&#8221;ultimas&#8221;:{&#8220;tab_ultimas&#8221;:[]},&#8221;is_grouping&#8221;:&#8221;false&#8221;,&#8221;node_type&#8221;:&#8221;section&#8221;,&#8221;children&#8221;:[]},{&#8220;_id&#8221;:&#8221;\/futebol\/amistosos&#8221;,&#8221;_website&#8221;:&#8221;esportes&#8221;,&#8221;name&#8221;:&#8221;Amistosos&#8221;,&#8221;inactive&#8221;:false,&#8221;ancestors&#8221;:{&#8220;default&#8221;:[&#8220;https:\/\/esportes.r7.com\/futebol&#8221;]},&#8221;parent&#8221;:{&#8220;default&#8221;:&#8221;https:\/\/esportes.r7.com\/futebol&#8221;},&#8221;SEO&#8221;:{&#8220;og_image_id&#8221;:null,&#8221;seo_description&#8221;:&#8221;Leia as \u00faltimas not\u00edcias do Amistosos no Portal R7. Acompanhe tabela de classifica\u00e7\u00e3o, jogos, v\u00eddeos, resultados e muito mais do Paulist\u00e3o.&#8221;,&#8221;seo_tags&#8221;:[&#8220;Amistosos&#8221;,&#8221;Amistosos de futebol&#8221;,&#8221;not\u00edcias&#8221;,&#8221;futebol&#8221;,&#8221;esporte&#8221;,&#8221;r7&#8243;],&#8221;seo_title&#8221;:&#8221;Amistosos de Futebol: not\u00edcias, jogos, resultados &#8211; R7&#8243;,&#8221;title_hotsite&#8221;:null,&#8221;top_url&#8221;:&#8221;https:\/\/esportes.r7.com\/futebol\/amistosos\/&#8221;,&#8221;url_og_image&#8221;:null},&#8221;age_rating&#8221;:{&#8220;classificacao_etaria&#8221;:null},&#8221;age_rating_description&#8221;:{&#8220;atos_criminosos&#8221;:&#8221;false&#8221;,&#8221;conteudo_sexual&#8221;:&#8221;false&#8221;,&#8221;drogas&#8221;:&#8221;false&#8221;,&#8221;drogas_ilicitas&#8221;:&#8221;false&#8221;,&#8221;drogas_licitas&#8221;:&#8221;false&#8221;,&#8221;linguagem_impropria&#8221;:&#8221;false&#8221;,&#8221;medo&#8221;:&#8221;false&#8221;,&#8221;nudez&#8221;:&#8221;false&#8221;,&#8221;procedimentos_medicos&#8221;:&#8221;false&#8221;,&#8221;sexo_explicito&#8221;:&#8221;false&#8221;,&#8221;temas_sensiveis&#8221;:&#8221;false&#8221;,&#8221;violencia&#8221;:&#8221;false&#8221;,&#8221;violencia_extrema&#8221;:&#8221;false&#8221;,&#8221;violencia_fantasiosa&#8221;:&#8221;false&#8221;},&#8221;area_logada&#8221;:{&#8220;exclusive_content&#8221;:&#8221;false&#8221;},&#8221;navigation&#8221;:{&#8220;menu_url&#8221;:null,&#8221;nav_title&#8221;:null},&#8221;publicidade&#8221;:{&#8220;disable_adv&#8221;:&#8221;false&#8221;,&#8221;disable_audima_adv&#8221;:&#8221;false&#8221;,&#8221;disable_taboola&#8221;:&#8221;false&#8221;,&#8221;hash&#8221;:null},&#8221;site&#8221;:{&#8220;coupon_categories&#8221;:&#8221;departamentos&#8221;,&#8221;disable_refresh&#8221;:&#8221;4&#8243;,&#8221;enable_disclaimer&#8221;:&#8221;false&#8221;,&#8221;pagebuilder_path_for_native_apps&#8221;:null,&#8221;site_about&#8221;:null,&#8221;site_description&#8221;:null,&#8221;site_keywords&#8221;:null,&#8221;site_tagline&#8221;:null,&#8221;site_title&#8221;:null,&#8221;site_url&#8221;:null},&#8221;site_topper&#8221;:{&#8220;section_header_image&#8221;:null,&#8221;section_header_image_id&#8221;:null,&#8221;section_header_image_mobile&#8221;:null,&#8221;section_header_image_mobile_id&#8221;:null,&#8221;section_left_color_top&#8221;:null,&#8221;section_primary_color&#8221;:null,&#8221;section_right_color_top&#8221;:null,&#8221;site_logo_image&#8221;:null},&#8221;social&#8221;:{&#8220;facebook&#8221;:null,&#8221;instagram&#8221;:null,&#8221;kwai&#8221;:null,&#8221;rss&#8221;:null,&#8221;twitter&#8221;:null},&#8221;ultimas&#8221;:{&#8220;tab_ultimas&#8221;:[]},&#8221;is_grouping&#8221;:&#8221;false&#8221;,&#8221;node_type&#8221;:&#8221;section&#8221;,&#8221;children&#8221;:[{&#8220;_id&#8221;:&#8221;\/futebol\/amistosos\/internacional-mexico&#8221;,&#8221;_website&#8221;:&#8221;esportes&#8221;,&#8221;name&#8221;:&#8221;Internacional M\u00e9xico&#8221;,&#8221;inactive&#8221;:false,&#8221;ancestors&#8221;:{&#8220;default&#8221;:[&#8220;https:\/\/esportes.r7.com\/futebol&#8221;,&#8221;\/futebol\/amistosos&#8221;]},&#8221;parent&#8221;:{&#8220;default&#8221;:&#8221;\/futebol\/amistosos&#8221;},&#8221;SEO&#8221;:{&#8220;og_image_id&#8221;:null,&#8221;seo_description&#8221;:&#8221;Leia as \u00faltimas not\u00edcias do Internacional M\u00e9xico no Portal R7. Acompanhe tabela de classifica\u00e7\u00e3o, jogos, v\u00eddeos, resultados e muito mais do Paulist\u00e3o.&#8221;,&#8221;seo_tags&#8221;:[&#8220;Internacional M\u00e9xico&#8221;,&#8221;Internacional M\u00e9xico de futebol&#8221;,&#8221;&#8221;,&#8221;&#8221;,&#8221;&#8221;,&#8221;&#8221;],&#8221;seo_title&#8221;:&#8221;Internacional X M\u00e9xico &#8211; Amistoso de Futebol &#8211; R7&#8243;,&#8221;title_hotsite&#8221;:null,&#8221;top_url&#8221;:&#8221;https:\/\/esportes.r7.com\/futebol\/amistosos\/internacional-mexico\/&#8221;,&#8221;url_og_image&#8221;:null},&#8221;age_rating&#8221;:{&#8220;classificacao_etaria&#8221;:null},&#8221;age_rating_description&#8221;:{&#8220;atos_criminosos&#8221;:&#8221;false&#8221;,&#8221;conteudo_sexual&#8221;:&#8221;false&#8221;,&#8221;drogas&#8221;:&#8221;false&#8221;,&#8221;drogas_ilicitas&#8221;:&#8221;false&#8221;,&#8221;drogas_licitas&#8221;:&#8221;false&#8221;,&#8221;linguagem_impropria&#8221;:&#8221;false&#8221;,&#8221;medo&#8221;:&#8221;false&#8221;,&#8221;nudez&#8221;:&#8221;false&#8221;,&#8221;procedimentos_medicos&#8221;:&#8221;false&#8221;,&#8221;sexo_explicito&#8221;:&#8221;false&#8221;,&#8221;temas_sensiveis&#8221;:&#8221;false&#8221;,&#8221;violencia&#8221;:&#8221;false&#8221;,&#8221;violencia_extrema&#8221;:&#8221;false&#8221;,&#8221;violencia_fantasiosa&#8221;:&#8221;false&#8221;},&#8221;area_logada&#8221;:{&#8220;exclusive_content&#8221;:&#8221;true&#8221;},&#8221;navigation&#8221;:{&#8220;menu_url&#8221;:null,&#8221;nav_title&#8221;:null},&#8221;publicidade&#8221;:{&#8220;disable_adv&#8221;:&#8221;false&#8221;,&#8221;disable_audima_adv&#8221;:&#8221;false&#8221;,&#8221;disable_taboola&#8221;:&#8221;false&#8221;,&#8221;hash&#8221;:&#8221;R7esportes\/futebol\/internacionalmexico&#8221;},&#8221;site&#8221;:{&#8220;coupon_categories&#8221;:&#8221;departamentos&#8221;,&#8221;disable_refresh&#8221;:&#8221;4&#8243;,&#8221;enable_disclaimer&#8221;:&#8221;false&#8221;,&#8221;pagebuilder_path_for_native_apps&#8221;:null,&#8221;site_about&#8221;:null,&#8221;site_description&#8221;:null,&#8221;site_keywords&#8221;:null,&#8221;site_tagline&#8221;:null,&#8221;site_title&#8221;:null,&#8221;site_url&#8221;:null},&#8221;site_topper&#8221;:{&#8220;section_header_image&#8221;:null,&#8221;section_header_image_id&#8221;:null,&#8221;section_header_image_mobile&#8221;:null,&#8221;section_header_image_mobile_id&#8221;:null,&#8221;section_left_color_top&#8221;:null,&#8221;section_primary_color&#8221;:null,&#8221;section_right_color_top&#8221;:null,&#8221;site_logo_image&#8221;:null},&#8221;social&#8221;:{&#8220;facebook&#8221;:null,&#8221;instagram&#8221;:null,&#8221;kwai&#8221;:null,&#8221;rss&#8221;:null,&#8221;twitter&#8221;:null},&#8221;ultimas&#8221;:{&#8220;tab_ultimas&#8221;:[]},&#8221;is_grouping&#8221;:&#8221;false&#8221;,&#8221;node_type&#8221;:&#8221;section&#8221;,&#8221;children&#8221;:[]}]},{&#8220;_id&#8221;:&#8221;\/futebol\/campeonato-potiguar&#8221;,&#8221;_website&#8221;:&#8221;esportes&#8221;,&#8221;name&#8221;:&#8221;Campeonato Potiguar&#8221;,&#8221;inactive&#8221;:false,&#8221;ancestors&#8221;:{&#8220;default&#8221;:[&#8220;https:\/\/esportes.r7.com\/futebol&#8221;]},&#8221;parent&#8221;:{&#8220;default&#8221;:&#8221;https:\/\/esportes.r7.com\/futebol&#8221;},&#8221;SEO&#8221;:{&#8220;og_image_id&#8221;:null,&#8221;seo_description&#8221;:&#8221;Resultados, tabela com os pr\u00f3ximos jogos, classifica\u00e7\u00e3o completa, v\u00eddeos e as \u00faltimas not\u00edcias do Campeonato Potiguar no R7 Esportes&#8221;,&#8221;seo_tags&#8221;:[&#8220;Campeonato Potiguar&#8221;,&#8221;Campeonato Potiguar de futebol&#8221;,&#8221;not\u00edcias&#8221;,&#8221;futebol&#8221;,&#8221;esporte&#8221;,&#8221;r7&#8243;],&#8221;seo_title&#8221;:&#8221;Campeonato Potiguar | R7 Esportes&#8221;,&#8221;title_hotsite&#8221;:null,&#8221;top_url&#8221;:&#8221;https:\/\/esportes.r7.com\/futebol\/campeonato-potiguar\/&#8221;,&#8221;url_og_image&#8221;:null},&#8221;age_rating&#8221;:{&#8220;classificacao_etaria&#8221;:null},&#8221;age_rating_description&#8221;:{&#8220;atos_criminosos&#8221;:&#8221;false&#8221;,&#8221;conteudo_sexual&#8221;:&#8221;false&#8221;,&#8221;drogas&#8221;:&#8221;false&#8221;,&#8221;drogas_ilicitas&#8221;:&#8221;false&#8221;,&#8221;drogas_licitas&#8221;:&#8221;false&#8221;,&#8221;linguagem_impropria&#8221;:&#8221;false&#8221;,&#8221;medo&#8221;:&#8221;false&#8221;,&#8221;nudez&#8221;:&#8221;false&#8221;,&#8221;procedimentos_medicos&#8221;:&#8221;false&#8221;,&#8221;sexo_explicito&#8221;:&#8221;false&#8221;,&#8221;temas_sensiveis&#8221;:&#8221;false&#8221;,&#8221;violencia&#8221;:&#8221;false&#8221;,&#8221;violencia_extrema&#8221;:&#8221;false&#8221;,&#8221;violencia_fantasiosa&#8221;:&#8221;false&#8221;},&#8221;area_logada&#8221;:{&#8220;exclusive_content&#8221;:&#8221;false&#8221;},&#8221;navigation&#8221;:{&#8220;menu_url&#8221;:null,&#8221;nav_title&#8221;:null},&#8221;publicidade&#8221;:{&#8220;disable_adv&#8221;:&#8221;false&#8221;,&#8221;disable_audima_adv&#8221;:&#8221;false&#8221;,&#8221;disable_taboola&#8221;:&#8221;false&#8221;,&#8221;hash&#8221;:&#8221;R7esportes\/futebol\/campeonatopotiguar&#8221;},&#8221;site&#8221;:{&#8220;coupon_categories&#8221;:&#8221;departamentos&#8221;,&#8221;disable_refresh&#8221;:&#8221;4&#8243;,&#8221;enable_disclaimer&#8221;:&#8221;false&#8221;,&#8221;pagebuilder_path_for_native_apps&#8221;:null,&#8221;site_about&#8221;:null,&#8221;site_description&#8221;:null,&#8221;site_keywords&#8221;:null,&#8221;site_tagline&#8221;:null,&#8221;site_title&#8221;:null,&#8221;site_url&#8221;:null},&#8221;site_topper&#8221;:{&#8220;section_header_image&#8221;:null,&#8221;section_header_image_id&#8221;:null,&#8221;section_header_image_mobile&#8221;:null,&#8221;section_header_image_mobile_id&#8221;:null,&#8221;section_left_color_top&#8221;:null,&#8221;section_primary_color&#8221;:null,&#8221;section_right_color_top&#8221;:null,&#8221;site_logo_image&#8221;:null},&#8221;social&#8221;:{&#8220;facebook&#8221;:null,&#8221;instagram&#8221;:null,&#8221;kwai&#8221;:null,&#8221;rss&#8221;:null,&#8221;twitter&#8221;:null},&#8221;ultimas&#8221;:{&#8220;tab_ultimas&#8221;:[]},&#8221;is_grouping&#8221;:&#8221;false&#8221;,&#8221;node_type&#8221;:&#8221;section&#8221;,&#8221;children&#8221;:[]},{&#8220;_id&#8221;:&#8221;\/futebol\/campeonato-alagoano&#8221;,&#8221;_website&#8221;:&#8221;esportes&#8221;,&#8221;name&#8221;:&#8221;Campeonato Alagoano&#8221;,&#8221;inactive&#8221;:false,&#8221;ancestors&#8221;:{&#8220;default&#8221;:[&#8220;https:\/\/esportes.r7.com\/futebol&#8221;]},&#8221;parent&#8221;:{&#8220;default&#8221;:&#8221;https:\/\/esportes.r7.com\/futebol&#8221;},&#8221;SEO&#8221;:{&#8220;og_image_id&#8221;:null,&#8221;seo_description&#8221;:&#8221;Resultados, tabela com os pr\u00f3ximos jogos, classifica\u00e7\u00e3o completa, v\u00eddeos e as \u00faltimas not\u00edcias do Campeonato Alagoano no R7 Esportes&#8221;,&#8221;seo_tags&#8221;:[&#8220;Campeonato Alagoano&#8221;,&#8221;Campeonato Alagoano de futebol&#8221;,&#8221;not\u00edcias&#8221;,&#8221;futebol&#8221;,&#8221;esporte&#8221;,&#8221;r7 &#8220;],&#8221;seo_title&#8221;:&#8221;Campeonato Alagoano | R7 Esportes&#8221;,&#8221;title_hotsite&#8221;:null,&#8221;top_url&#8221;:&#8221;https:\/\/esportes.r7.com\/futebol\/campeonato-alagoano\/&#8221;,&#8221;url_og_image&#8221;:null},&#8221;age_rating&#8221;:{&#8220;classificacao_etaria&#8221;:null},&#8221;age_rating_description&#8221;:{&#8220;atos_criminosos&#8221;:&#8221;false&#8221;,&#8221;conteudo_sexual&#8221;:&#8221;false&#8221;,&#8221;drogas&#8221;:&#8221;false&#8221;,&#8221;drogas_ilicitas&#8221;:&#8221;false&#8221;,&#8221;drogas_licitas&#8221;:&#8221;false&#8221;,&#8221;linguagem_impropria&#8221;:&#8221;false&#8221;,&#8221;medo&#8221;:&#8221;false&#8221;,&#8221;nudez&#8221;:&#8221;false&#8221;,&#8221;procedimentos_medicos&#8221;:&#8221;false&#8221;,&#8221;sexo_explicito&#8221;:&#8221;false&#8221;,&#8221;temas_sensiveis&#8221;:&#8221;false&#8221;,&#8221;violencia&#8221;:&#8221;false&#8221;,&#8221;violencia_extrema&#8221;:&#8221;false&#8221;,&#8221;violencia_fantasiosa&#8221;:&#8221;false&#8221;},&#8221;area_logada&#8221;:{&#8220;exclusive_content&#8221;:&#8221;false&#8221;},&#8221;navigation&#8221;:{&#8220;menu_url&#8221;:&#8221;https:\/\/esportes.r7.com\/futebol\/campeonato-alagoano\/&#8221;,&#8221;nav_title&#8221;:&#8221;Campeonato Alagoano&#8221;},&#8221;publicidade&#8221;:{&#8220;disable_adv&#8221;:&#8221;false&#8221;,&#8221;disable_audima_adv&#8221;:&#8221;false&#8221;,&#8221;disable_taboola&#8221;:&#8221;false&#8221;,&#8221;hash&#8221;:&#8221;R7esportes\/futebol\/campeonatoalagoano&#8221;},&#8221;site&#8221;:{&#8220;coupon_categories&#8221;:&#8221;departamentos&#8221;,&#8221;disable_refresh&#8221;:&#8221;4&#8243;,&#8221;enable_disclaimer&#8221;:&#8221;false&#8221;,&#8221;pagebuilder_path_for_native_apps&#8221;:null,&#8221;site_about&#8221;:null,&#8221;site_description&#8221;:null,&#8221;site_keywords&#8221;:null,&#8221;site_tagline&#8221;:null,&#8221;site_title&#8221;:null,&#8221;site_url&#8221;:null},&#8221;site_topper&#8221;:{&#8220;section_header_image&#8221;:null,&#8221;section_header_image_id&#8221;:null,&#8221;section_header_image_mobile&#8221;:null,&#8221;section_header_image_mobile_id&#8221;:null,&#8221;section_left_color_top&#8221;:null,&#8221;section_primary_color&#8221;:null,&#8221;section_right_color_top&#8221;:null,&#8221;site_logo_image&#8221;:null},&#8221;social&#8221;:{&#8220;facebook&#8221;:null,&#8221;instagram&#8221;:null,&#8221;kwai&#8221;:null,&#8221;rss&#8221;:null,&#8221;twitter&#8221;:null},&#8221;ultimas&#8221;:{&#8220;tab_ultimas&#8221;:[]},&#8221;is_grouping&#8221;:&#8221;false&#8221;,&#8221;node_type&#8221;:&#8221;section&#8221;,&#8221;children&#8221;:[]},{&#8220;_id&#8221;:&#8221;\/futebol\/canal-flu-news&#8221;,&#8221;_website&#8221;:&#8221;esportes&#8221;,&#8221;name&#8221;:&#8221;Canal Flu News&#8221;,&#8221;inactive&#8221;:false,&#8221;ancestors&#8221;:{&#8220;default&#8221;:[&#8220;https:\/\/esportes.r7.com\/futebol&#8221;]},&#8221;parent&#8221;:{&#8220;default&#8221;:&#8221;https:\/\/esportes.r7.com\/futebol&#8221;},&#8221;SEO&#8221;:{&#8220;og_image_id&#8221;:null,&#8221;seo_description&#8221;:null,&#8221;seo_tags&#8221;:[],&#8221;seo_title&#8221;:null,&#8221;title_hotsite&#8221;:null,&#8221;top_url&#8221;:null,&#8221;url_og_image&#8221;:null},&#8221;_admin&#8221;:{&#8220;alias_ids&#8221;:[&#8220;\/futebol\/canal-flu-news&#8221;]},&#8221;age_rating&#8221;:{&#8220;classificacao_etaria&#8221;:null},&#8221;age_rating_description&#8221;:{&#8220;atos_criminosos&#8221;:&#8221;false&#8221;,&#8221;conteudo_sexual&#8221;:&#8221;false&#8221;,&#8221;drogas&#8221;:&#8221;false&#8221;,&#8221;drogas_ilicitas&#8221;:&#8221;false&#8221;,&#8221;drogas_licitas&#8221;:&#8221;false&#8221;,&#8221;linguagem_impropria&#8221;:&#8221;false&#8221;,&#8221;medo&#8221;:&#8221;false&#8221;,&#8221;nudez&#8221;:&#8221;false&#8221;,&#8221;procedimentos_medicos&#8221;:&#8221;false&#8221;,&#8221;sexo_explicito&#8221;:&#8221;false&#8221;,&#8221;temas_sensiveis&#8221;:&#8221;false&#8221;,&#8221;violencia&#8221;:&#8221;false&#8221;,&#8221;violencia_extrema&#8221;:&#8221;false&#8221;,&#8221;violencia_fantasiosa&#8221;:&#8221;false&#8221;},&#8221;area_logada&#8221;:{&#8220;exclusive_content&#8221;:&#8221;false&#8221;},&#8221;campanha_branded&#8221;:{&#8220;ativar_logo_campanha&#8221;:&#8221;false&#8221;},&#8221;navigation&#8221;:{&#8220;menu_url&#8221;:null,&#8221;nav_title&#8221;:&#8221;Canal Flu News&#8221;},&#8221;publicidade&#8221;:{&#8220;disable_adv&#8221;:&#8221;false&#8221;,&#8221;disable_audima_adv&#8221;:&#8221;false&#8221;,&#8221;disable_taboola&#8221;:&#8221;false&#8221;,&#8221;hash&#8221;:null},&#8221;site&#8221;:{&#8220;coupon_categories&#8221;:&#8221;departamentos&#8221;,&#8221;disable_refresh&#8221;:&#8221;4&#8243;,&#8221;enable_disclaimer&#8221;:&#8221;false&#8221;,&#8221;pagebuilder_path_for_native_apps&#8221;:null,&#8221;site_about&#8221;:null,&#8221;site_description&#8221;:null,&#8221;site_keywords&#8221;:null,&#8221;site_tagline&#8221;:null,&#8221;site_title&#8221;:&#8221;Canal Flu News&#8221;,&#8221;site_url&#8221;:null},&#8221;site_topper&#8221;:{&#8220;section_header_image&#8221;:null,&#8221;section_header_image_id&#8221;:null,&#8221;section_header_image_mobile&#8221;:null,&#8221;section_header_image_mobile_id&#8221;:null,&#8221;section_left_color_top&#8221;:null,&#8221;section_primary_color&#8221;:null,&#8221;section_right_color_top&#8221;:null,&#8221;site_logo_image&#8221;:null},&#8221;social&#8221;:{&#8220;facebook&#8221;:null,&#8221;instagram&#8221;:null,&#8221;kwai&#8221;:null,&#8221;rss&#8221;:null,&#8221;twitter&#8221;:null},&#8221;ultimas&#8221;:{&#8220;tab_ultimas&#8221;:[]},&#8221;is_grouping&#8221;:&#8221;false&#8221;,&#8221;node_type&#8221;:&#8221;section&#8221;,&#8221;children&#8221;:[]},{&#8220;_id&#8221;:&#8221;\/futebol\/agenda&#8221;,&#8221;_website&#8221;:&#8221;esportes&#8221;,&#8221;name&#8221;:&#8221;Agenda&#8221;,&#8221;inactive&#8221;:false,&#8221;ancestors&#8221;:{&#8220;default&#8221;:[&#8220;https:\/\/esportes.r7.com\/futebol&#8221;]},&#8221;parent&#8221;:{&#8220;default&#8221;:&#8221;https:\/\/esportes.r7.com\/futebol&#8221;},&#8221;SEO&#8221;:{&#8220;og_image_id&#8221;:null,&#8221;seo_description&#8221;:&#8221;Confira a agenda dos jogos de hoje e todos os jogos no Brasil e ao redor do mundo. Acesse r7.com\/esportes.&#8221;,&#8221;seo_tags&#8221;:[&#8220;agenda do dia&#8221;,&#8221;agenda de jogos&#8221;,&#8221;futebol&#8221;,&#8221;campeonatos&#8221;,&#8221;jogos no brasil&#8221;,&#8221;jogos pelo mundo&#8221;,&#8221;paulist\u00e3o&#8221;,&#8221;campeonato paulista&#8221;,&#8221;brasileir\u00e3o&#8221;,&#8221;campeonato brasileiro&#8221;,&#8221;futebol na record&#8221;,&#8221;r7&#8243;,&#8221;record&#8221;],&#8221;seo_title&#8221;:&#8221;Agenda de Jogos de Hoje | R7&#8243;,&#8221;title_hotsite&#8221;:null,&#8221;top_url&#8221;:null,&#8221;url_og_image&#8221;:null},&#8221;age_rating&#8221;:{&#8220;classificacao_etaria&#8221;:null},&#8221;age_rating_description&#8221;:{&#8220;atos_criminosos&#8221;:&#8221;false&#8221;,&#8221;conteudo_sexual&#8221;:&#8221;false&#8221;,&#8221;drogas&#8221;:&#8221;false&#8221;,&#8221;drogas_ilicitas&#8221;:&#8221;false&#8221;,&#8221;drogas_licitas&#8221;:&#8221;false&#8221;,&#8221;linguagem_impropria&#8221;:&#8221;false&#8221;,&#8221;medo&#8221;:&#8221;false&#8221;,&#8221;nudez&#8221;:&#8221;false&#8221;,&#8221;procedimentos_medicos&#8221;:&#8221;false&#8221;,&#8221;sexo_explicito&#8221;:&#8221;false&#8221;,&#8221;temas_sensiveis&#8221;:&#8221;false&#8221;,&#8221;violencia&#8221;:&#8221;false&#8221;,&#8221;violencia_extrema&#8221;:&#8221;false&#8221;,&#8221;violencia_fantasiosa&#8221;:&#8221;false&#8221;},&#8221;area_logada&#8221;:{&#8220;exclusive_content&#8221;:&#8221;false&#8221;},&#8221;navigation&#8221;:{&#8220;menu_url&#8221;:null,&#8221;nav_title&#8221;:null},&#8221;publicidade&#8221;:{&#8220;disable_adv&#8221;:&#8221;false&#8221;,&#8221;disable_audima_adv&#8221;:&#8221;false&#8221;,&#8221;disable_taboola&#8221;:&#8221;false&#8221;,&#8221;hash&#8221;:&#8221;r7esportes\/futebol\/agenda&#8221;},&#8221;site&#8221;:{&#8220;coupon_categories&#8221;:&#8221;departamentos&#8221;,&#8221;disable_refresh&#8221;:&#8221;4&#8243;,&#8221;enable_disclaimer&#8221;:&#8221;false&#8221;,&#8221;pagebuilder_path_for_native_apps&#8221;:null,&#8221;site_about&#8221;:null,&#8221;site_description&#8221;:&#8221;Confira a agenda dos jogos de hoje e todos os jogos no Brasil e ao redor do mundo. Acesse r7.com\/esportes.&#8221;,&#8221;site_keywords&#8221;:null,&#8221;site_tagline&#8221;:null,&#8221;site_title&#8221;:&#8221;Agenda de Jogos de Hoje | R7&#8243;,&#8221;site_url&#8221;:null},&#8221;site_topper&#8221;:{&#8220;section_header_image&#8221;:null,&#8221;section_header_image_id&#8221;:null,&#8221;section_header_image_mobile&#8221;:null,&#8221;section_header_image_mobile_id&#8221;:null,&#8221;section_left_color_top&#8221;:null,&#8221;section_primary_color&#8221;:null,&#8221;section_right_color_top&#8221;:null,&#8221;site_logo_image&#8221;:null},&#8221;social&#8221;:{&#8220;facebook&#8221;:null,&#8221;instagram&#8221;:null,&#8221;kwai&#8221;:null,&#8221;rss&#8221;:null,&#8221;twitter&#8221;:null},&#8221;ultimas&#8221;:{&#8220;tab_ultimas&#8221;:[]},&#8221;is_grouping&#8221;:&#8221;false&#8221;,&#8221;node_type&#8221;:&#8221;section&#8221;,&#8221;children&#8221;:[]},{&#8220;_id&#8221;:&#8221;\/futebol\/campeonato-roraimense&#8221;,&#8221;_website&#8221;:&#8221;esportes&#8221;,&#8221;name&#8221;:&#8221;Campeonato Roraimense&#8221;,&#8221;inactive&#8221;:false,&#8221;ancestors&#8221;:{&#8220;default&#8221;:[&#8220;https:\/\/esportes.r7.com\/futebol&#8221;]},&#8221;parent&#8221;:{&#8220;default&#8221;:&#8221;https:\/\/esportes.r7.com\/futebol&#8221;},&#8221;SEO&#8221;:{&#8220;og_image_id&#8221;:null,&#8221;seo_description&#8221;:&#8221;Confira resultados, pr\u00f3ximos jogos, tabela de classifica\u00e7\u00e3o completa, v\u00eddeos e as \u00faltimas not\u00edciasdo Campeonato Roraimense | 2025 | no R7 Esportes&#8221;,&#8221;seo_tags&#8221;:[&#8220;campeonato roraimense de futebol&#8221;,&#8221;campeonato&#8221;,&#8221;roraima&#8221;,&#8221;rr&#8221;,&#8221;futebol&#8221;,&#8221;r7&#8243;],&#8221;seo_title&#8221;:&#8221;Tabela, not\u00edcias e resultados | Roraimense | 2025 | R7&#8243;,&#8221;title_hotsite&#8221;:&#8221;Tabela, not\u00edcias e resultados | Roraimense | 2025 | R7&#8243;,&#8221;top_url&#8221;:&#8221;https:\/\/esportes.r7.com\/futebol\/campeonato-roraimense\/&#8221;,&#8221;url_og_image&#8221;:null},&#8221;age_rating&#8221;:{&#8220;classificacao_etaria&#8221;:null},&#8221;age_rating_description&#8221;:{&#8220;atos_criminosos&#8221;:&#8221;false&#8221;,&#8221;conteudo_sexual&#8221;:&#8221;false&#8221;,&#8221;drogas&#8221;:&#8221;false&#8221;,&#8221;drogas_ilicitas&#8221;:&#8221;false&#8221;,&#8221;drogas_licitas&#8221;:&#8221;false&#8221;,&#8221;linguagem_impropria&#8221;:&#8221;false&#8221;,&#8221;medo&#8221;:&#8221;false&#8221;,&#8221;nudez&#8221;:&#8221;false&#8221;,&#8221;procedimentos_medicos&#8221;:&#8221;false&#8221;,&#8221;sexo_explicito&#8221;:&#8221;false&#8221;,&#8221;temas_sensiveis&#8221;:&#8221;false&#8221;,&#8221;violencia&#8221;:&#8221;false&#8221;,&#8221;violencia_extrema&#8221;:&#8221;false&#8221;,&#8221;violencia_fantasiosa&#8221;:&#8221;false&#8221;},&#8221;area_logada&#8221;:{&#8220;exclusive_content&#8221;:&#8221;false&#8221;},&#8221;navigation&#8221;:{&#8220;menu_url&#8221;:null,&#8221;nav_title&#8221;:null},&#8221;publicidade&#8221;:{&#8220;disable_adv&#8221;:&#8221;false&#8221;,&#8221;disable_audima_adv&#8221;:&#8221;false&#8221;,&#8221;disable_taboola&#8221;:&#8221;false&#8221;,&#8221;hash&#8221;:&#8221;R7esportes\/futebol\/campeonatororaimense&#8221;},&#8221;site&#8221;:{&#8220;coupon_categories&#8221;:&#8221;departamentos&#8221;,&#8221;disable_refresh&#8221;:&#8221;0&#8243;,&#8221;enable_disclaimer&#8221;:&#8221;false&#8221;,&#8221;pagebuilder_path_for_native_apps&#8221;:null,&#8221;site_about&#8221;:&#8221;Tabela, not\u00edcias e resultados | Roraimense | 2025 | R7&#8243;,&#8221;site_description&#8221;:&#8221;Confira resultados, pr\u00f3ximos jogos, tabela de classifica\u00e7\u00e3o completa, v\u00eddeos e as \u00faltimas not\u00edciasdo Campeonato Roraimense | 2025 | no R7 Esportes&#8221;,&#8221;site_keywords&#8221;:&#8221;campeonato roraimense, campeonato roraimense de futebol, roraim\u00e3o, futebol, esportes, r7 esportes, gols, r7, record&#8221;,&#8221;site_tagline&#8221;:&#8221;Tabela, not\u00edcias e resultados | Roraimense | 2025 | R7&#8243;,&#8221;site_title&#8221;:&#8221;Tabela, not\u00edcias e resultados | Roraimense | 2025 | R7&#8243;,&#8221;site_url&#8221;:null},&#8221;site_topper&#8221;:{&#8220;section_header_image&#8221;:null,&#8221;section_header_image_id&#8221;:null,&#8221;section_header_image_mobile&#8221;:null,&#8221;section_header_image_mobile_id&#8221;:null,&#8221;section_left_color_top&#8221;:null,&#8221;section_primary_color&#8221;:null,&#8221;section_right_color_top&#8221;:null,&#8221;site_logo_image&#8221;:null},&#8221;social&#8221;:{&#8220;facebook&#8221;:null,&#8221;instagram&#8221;:null,&#8221;kwai&#8221;:null,&#8221;rss&#8221;:null,&#8221;twitter&#8221;:null},&#8221;ultimas&#8221;:{&#8220;tab_ultimas&#8221;:[]},&#8221;is_grouping&#8221;:&#8221;false&#8221;,&#8221;node_type&#8221;:&#8221;section&#8221;,&#8221;children&#8221;:[{&#8220;_id&#8221;:&#8221;\/futebol\/campeonato-roraimense\/tabela&#8221;,&#8221;_website&#8221;:&#8221;esportes&#8221;,&#8221;name&#8221;:&#8221;Tabela&#8221;,&#8221;inactive&#8221;:false,&#8221;ancestors&#8221;:{&#8220;default&#8221;:[&#8220;https:\/\/esportes.r7.com\/futebol&#8221;,&#8221;\/futebol\/campeonato-roraimense&#8221;]},&#8221;parent&#8221;:{&#8220;default&#8221;:&#8221;\/futebol\/campeonato-roraimense&#8221;},&#8221;SEO&#8221;:{&#8220;og_image_id&#8221;:null,&#8221;seo_description&#8221;:&#8221;Campeonato Roraimense com tabela de classifica\u00e7\u00e3o atualizada \u00e9 no R7 Esportes! Confira os pr\u00f3ximos jogos, not\u00edcias e muito mais.&#8221;,&#8221;seo_tags&#8221;:[&#8220;campeonato roraimense&#8221;,&#8221;roraim\u00e3o&#8221;,&#8221;com imagens &#8220;,&#8221;ao vivo de gra\u00e7a&#8221;,&#8221;tabela&#8221;,&#8221;ao vivo&#8221;,&#8221;resultados&#8221;,&#8221;futebol&#8221;,&#8221; r7 esportes&#8221;],&#8221;seo_title&#8221;:&#8221;Tabela e jogos | Roraimense 2025| R7 Esportes&#8221;,&#8221;title_hotsite&#8221;:&#8221;Tabela e jogos | Roraimense 2025| R7 Esportes&#8221;,&#8221;top_url&#8221;:&#8221;https:\/\/esportes.r7.com\/futebol\/campeonato-roraimense\/&#8221;,&#8221;url_og_image&#8221;:null},&#8221;age_rating&#8221;:{&#8220;classificacao_etaria&#8221;:null},&#8221;age_rating_description&#8221;:{&#8220;atos_criminosos&#8221;:&#8221;false&#8221;,&#8221;conteudo_sexual&#8221;:&#8221;false&#8221;,&#8221;drogas&#8221;:&#8221;false&#8221;,&#8221;drogas_ilicitas&#8221;:&#8221;false&#8221;,&#8221;drogas_licitas&#8221;:&#8221;false&#8221;,&#8221;linguagem_impropria&#8221;:&#8221;false&#8221;,&#8221;medo&#8221;:&#8221;false&#8221;,&#8221;nudez&#8221;:&#8221;false&#8221;,&#8221;procedimentos_medicos&#8221;:&#8221;false&#8221;,&#8221;sexo_explicito&#8221;:&#8221;false&#8221;,&#8221;temas_sensiveis&#8221;:&#8221;false&#8221;,&#8221;violencia&#8221;:&#8221;false&#8221;,&#8221;violencia_extrema&#8221;:&#8221;false&#8221;,&#8221;violencia_fantasiosa&#8221;:&#8221;false&#8221;},&#8221;area_logada&#8221;:{&#8220;exclusive_content&#8221;:&#8221;false&#8221;},&#8221;navigation&#8221;:{&#8220;menu_url&#8221;:null,&#8221;nav_title&#8221;:null},&#8221;newsletter&#8221;:{&#8220;id&#8221;:null},&#8221;publicidade&#8221;:{&#8220;disable_adv&#8221;:&#8221;false&#8221;,&#8221;disable_audima_adv&#8221;:&#8221;false&#8221;,&#8221;disable_taboola&#8221;:&#8221;false&#8221;,&#8221;hash&#8221;:null},&#8221;site&#8221;:{&#8220;coupon_categories&#8221;:&#8221;departamentos&#8221;,&#8221;disable_refresh&#8221;:&#8221;4&#8243;,&#8221;enable_disclaimer&#8221;:&#8221;false&#8221;,&#8221;pagebuilder_path_for_native_apps&#8221;:null,&#8221;site_about&#8221;:&#8221;Tabela e jogos | Roraimense 2025| R7 Esportes&#8221;,&#8221;site_description&#8221;:&#8221;Campeonato Roraimense com tabela de classifica\u00e7\u00e3o atualizada \u00e9 no R7 Esportes! Confira os pr\u00f3ximos jogos, not\u00edcias e muito mais.&#8221;,&#8221;site_keywords&#8221;:&#8221;campeonato roraimense, roraim\u00e3o, futebol, r7 esportes, tabela, resultados, ao vivo, ao vivo de gra\u00e7a, com imagens &#8220;,&#8221;site_tagline&#8221;:&#8221;Tabela e jogos | Roraimense 2025| R7 Esportes&#8221;,&#8221;site_title&#8221;:&#8221;Tabela e jogos | Roraimense 2025| R7 Esportes&#8221;,&#8221;site_url&#8221;:null},&#8221;site_topper&#8221;:{&#8220;section_header_image&#8221;:null,&#8221;section_header_image_id&#8221;:null,&#8221;section_header_image_mobile&#8221;:null,&#8221;section_header_image_mobile_id&#8221;:null,&#8221;section_left_color_top&#8221;:null,&#8221;section_primary_color&#8221;:null,&#8221;section_right_color_top&#8221;:null,&#8221;site_logo_image&#8221;:null},&#8221;social&#8221;:{&#8220;facebook&#8221;:null,&#8221;instagram&#8221;:null,&#8221;kwai&#8221;:null,&#8221;rss&#8221;:null,&#8221;twitter&#8221;:null},&#8221;ultimas&#8221;:{&#8220;tab_ultimas&#8221;:[]},&#8221;is_grouping&#8221;:&#8221;false&#8221;,&#8221;node_type&#8221;:&#8221;section&#8221;,&#8221;children&#8221;:[]},{&#8220;_id&#8221;:&#8221;\/futebol\/campeonato-roraimense\/ao-vivo&#8221;,&#8221;_website&#8221;:&#8221;esportes&#8221;,&#8221;name&#8221;:&#8221;Ao vivo&#8221;,&#8221;inactive&#8221;:false,&#8221;ancestors&#8221;:{&#8220;default&#8221;:[&#8220;https:\/\/esportes.r7.com\/futebol&#8221;,&#8221;\/futebol\/campeonato-roraimense&#8221;]},&#8221;parent&#8221;:{&#8220;default&#8221;:&#8221;\/futebol\/campeonato-roraimense&#8221;},&#8221;SEO&#8221;:{&#8220;og_image_id&#8221;:null,&#8221;seo_description&#8221;:&#8221;Confira resultados, pr\u00f3ximos jogos, tabela de classifica\u00e7\u00e3o completa, v\u00eddeos e as \u00faltimas not\u00edciasdo Campeonato Roraimense | 2025 | no R7 Esportes&#8221;,&#8221;seo_tags&#8221;:[&#8220;campeonato roraimense de futebol&#8221;,&#8221;campeonato&#8221;,&#8221;roraima&#8221;,&#8221;rr&#8221;,&#8221;futebol&#8221;,&#8221;r7&#8243;],&#8221;seo_title&#8221;:&#8221;Ao Vivo | Roraimense 2026 | R7 Esportes&#8221;,&#8221;title_hotsite&#8221;:&#8221;Ao Vivo | Roraimense 2026 | R7 Esportes&#8221;,&#8221;top_url&#8221;:&#8221;https:\/\/esportes.r7.com\/futebol\/campeonato-roraimense\/&#8221;,&#8221;url_og_image&#8221;:null},&#8221;_admin&#8221;:{&#8220;alias_ids&#8221;:[&#8220;\/futebol\/campeonato-roraimense\/ao-vivo&#8221;]},&#8221;age_rating&#8221;:{&#8220;classificacao_etaria&#8221;:null},&#8221;age_rating_description&#8221;:{&#8220;atos_criminosos&#8221;:&#8221;false&#8221;,&#8221;conteudo_sexual&#8221;:&#8221;false&#8221;,&#8221;drogas&#8221;:&#8221;false&#8221;,&#8221;drogas_ilicitas&#8221;:&#8221;false&#8221;,&#8221;drogas_licitas&#8221;:&#8221;false&#8221;,&#8221;linguagem_impropria&#8221;:&#8221;false&#8221;,&#8221;medo&#8221;:&#8221;false&#8221;,&#8221;nudez&#8221;:&#8221;false&#8221;,&#8221;procedimentos_medicos&#8221;:&#8221;false&#8221;,&#8221;sexo_explicito&#8221;:&#8221;false&#8221;,&#8221;temas_sensiveis&#8221;:&#8221;false&#8221;,&#8221;violencia&#8221;:&#8221;false&#8221;,&#8221;violencia_extrema&#8221;:&#8221;false&#8221;,&#8221;violencia_fantasiosa&#8221;:&#8221;false&#8221;},&#8221;area_logada&#8221;:{&#8220;exclusive_content&#8221;:&#8221;true&#8221;},&#8221;assets&#8221;:{&#8220;cda_ad_player&#8221;:null},&#8221;campanha_branded&#8221;:{&#8220;ativar_background_campanha&#8221;:&#8221;false&#8221;,&#8221;ativar_fonte_campanha&#8221;:&#8221;false&#8221;,&#8221;ativar_logo_campanha&#8221;:&#8221;false&#8221;},&#8221;navigation&#8221;:{&#8220;menu_url&#8221;:null,&#8221;nav_title&#8221;:null},&#8221;newsletter&#8221;:{&#8220;id&#8221;:null},&#8221;publicidade&#8221;:{&#8220;disable_adv&#8221;:&#8221;false&#8221;,&#8221;disable_audima_adv&#8221;:&#8221;false&#8221;,&#8221;disable_taboola&#8221;:&#8221;false&#8221;,&#8221;hash&#8221;:null},&#8221;site&#8221;:{&#8220;coupon_categories&#8221;:&#8221;departamentos&#8221;,&#8221;disable_refresh&#8221;:&#8221;4&#8243;,&#8221;enable_disclaimer&#8221;:&#8221;false&#8221;,&#8221;pagebuilder_path_for_native_apps&#8221;:null,&#8221;site_about&#8221;:null,&#8221;site_description&#8221;:null,&#8221;site_keywords&#8221;:null,&#8221;site_tagline&#8221;:null,&#8221;site_title&#8221;:null,&#8221;site_url&#8221;:null},&#8221;site_topper&#8221;:{&#8220;section_header_image&#8221;:null,&#8221;section_header_image_id&#8221;:null,&#8221;section_header_image_mobile&#8221;:null,&#8221;section_header_image_mobile_id&#8221;:null,&#8221;section_left_color_top&#8221;:null,&#8221;section_primary_color&#8221;:null,&#8221;section_right_color_top&#8221;:null,&#8221;site_logo_image&#8221;:null},&#8221;social&#8221;:{&#8220;bluesky&#8221;:null,&#8221;facebook&#8221;:null,&#8221;instagram&#8221;:null,&#8221;kwai&#8221;:null,&#8221;rss&#8221;:null,&#8221;threads&#8221;:null,&#8221;tiktok&#8221;:null,&#8221;twitter&#8221;:null,&#8221;whatsapp&#8221;:null,&#8221;youtube&#8221;:null},&#8221;ultimas&#8221;:{&#8220;tab_ultimas&#8221;:[]},&#8221;is_grouping&#8221;:&#8221;false&#8221;,&#8221;node_type&#8221;:&#8221;section&#8221;,&#8221;children&#8221;:[]}]},{&#8220;_id&#8221;:&#8221;\/futebol\/showbol&#8221;,&#8221;_website&#8221;:&#8221;esportes&#8221;,&#8221;name&#8221;:&#8221;Showbol&#8221;,&#8221;inactive&#8221;:false,&#8221;ancestors&#8221;:{&#8220;default&#8221;:[&#8220;https:\/\/esportes.r7.com\/futebol&#8221;]},&#8221;parent&#8221;:{&#8220;default&#8221;:&#8221;https:\/\/esportes.r7.com\/futebol&#8221;},&#8221;SEO&#8221;:{&#8220;og_image_id&#8221;:null,&#8221;seo_description&#8221;:&#8221;Confira no Portal R7 tudo sobre o Showbol, que est\u00e1 de volta ao Rio de Janeiro. Ex-jogadores, influenciadores, astros da m\u00fasica e mais. N\u00e3o perca!&#8221;,&#8221;seo_tags&#8221;:[&#8220;futebol&#8221;,&#8221;showbol&#8221;,&#8221;esportes&#8221;,&#8221;entretenimento&#8221;,&#8221;not\u00edcias&#8221;,&#8221;record&#8221;],&#8221;seo_title&#8221;:&#8221;O Showbol est\u00e1 de volta ao Rio de Janeiro&#8221;,&#8221;title_hotsite&#8221;:null,&#8221;top_url&#8221;:&#8221;https:\/\/esportes.r7.com\/futebol\/showbol\/&#8221;,&#8221;url_og_image&#8221;:&#8221;https:\/\/img.r7.com\/images\/showbol-2025-25032025165343096&#8243;},&#8221;_admin&#8221;:{&#8220;alias_ids&#8221;:[&#8220;\/futebol\/showbol&#8221;]},&#8221;age_rating&#8221;:{&#8220;classificacao_etaria&#8221;:null},&#8221;age_rating_description&#8221;:{&#8220;atos_criminosos&#8221;:&#8221;false&#8221;,&#8221;conteudo_sexual&#8221;:&#8221;false&#8221;,&#8221;drogas&#8221;:&#8221;false&#8221;,&#8221;drogas_ilicitas&#8221;:&#8221;false&#8221;,&#8221;drogas_licitas&#8221;:&#8221;false&#8221;,&#8221;linguagem_impropria&#8221;:&#8221;false&#8221;,&#8221;medo&#8221;:&#8221;false&#8221;,&#8221;nudez&#8221;:&#8221;false&#8221;,&#8221;procedimentos_medicos&#8221;:&#8221;false&#8221;,&#8221;sexo_explicito&#8221;:&#8221;false&#8221;,&#8221;temas_sensiveis&#8221;:&#8221;false&#8221;,&#8221;violencia&#8221;:&#8221;false&#8221;,&#8221;violencia_extrema&#8221;:&#8221;false&#8221;,&#8221;violencia_fantasiosa&#8221;:&#8221;false&#8221;},&#8221;area_logada&#8221;:{&#8220;exclusive_content&#8221;:&#8221;false&#8221;},&#8221;campanha_branded&#8221;:{&#8220;ativar_logo_campanha&#8221;:&#8221;false&#8221;},&#8221;navigation&#8221;:{&#8220;menu_url&#8221;:null,&#8221;nav_title&#8221;:&#8221;Showbol&#8221;},&#8221;publicidade&#8221;:{&#8220;disable_adv&#8221;:&#8221;false&#8221;,&#8221;disable_audima_adv&#8221;:&#8221;false&#8221;,&#8221;disable_taboola&#8221;:&#8221;false&#8221;,&#8221;hash&#8221;:&#8221;r7esportes\/futebol\/showbol&#8221;},&#8221;site&#8221;:{&#8220;coupon_categories&#8221;:&#8221;departamentos&#8221;,&#8221;disable_refresh&#8221;:&#8221;0&#8243;,&#8221;enable_disclaimer&#8221;:&#8221;false&#8221;,&#8221;pagebuilder_path_for_native_apps&#8221;:null,&#8221;site_about&#8221;:null,&#8221;site_description&#8221;:&#8221;Acompanhe a Liga Betnacional de Showbol Portal R7. Saiba tudo sobre os jogos, transmiss\u00e3o ao vivo, resultados e muito mais.&#8221;,&#8221;site_keywords&#8221;:&#8221;showbol, showbol 2025, futebol, esportes, r7, record&#8221;,&#8221;site_tagline&#8221;:null,&#8221;site_title&#8221;:&#8221;Showbol 2025 | R7 Esportes&#8221;,&#8221;site_url&#8221;:null},&#8221;site_topper&#8221;:{&#8220;section_header_image&#8221;:&#8221;https:\/\/img.r7.com\/images\/showbol-2025-25032025165342618&#8243;,&#8221;section_header_image_id&#8221;:null,&#8221;section_header_image_mobile&#8221;:&#8221;https:\/\/img.r7.com\/images\/showbol-2025-25032025165342859&#8243;,&#8221;section_header_image_mobile_id&#8221;:null,&#8221;section_left_color_top&#8221;:&#8221;#010374&#8243;,&#8221;section_primary_color&#8221;:&#8221;#0E8148&#8243;,&#8221;section_right_color_top&#8221;:&#8221;#010374&#8243;,&#8221;site_logo_image&#8221;:null},&#8221;social&#8221;:{&#8220;facebook&#8221;:null,&#8221;instagram&#8221;:null,&#8221;kwai&#8221;:null,&#8221;rss&#8221;:null,&#8221;twitter&#8221;:null},&#8221;ultimas&#8221;:{&#8220;tab_ultimas&#8221;:[]},&#8221;is_grouping&#8221;:&#8221;false&#8221;,&#8221;node_type&#8221;:&#8221;section&#8221;,&#8221;children&#8221;:[]},{&#8220;_id&#8221;:&#8221;\/futebol\/escalacoes&#8221;,&#8221;_website&#8221;:&#8221;esportes&#8221;,&#8221;name&#8221;:&#8221;Escala\u00e7\u00f5es&#8221;,&#8221;inactive&#8221;:false,&#8221;ancestors&#8221;:{&#8220;default&#8221;:[&#8220;https:\/\/esportes.r7.com\/futebol&#8221;]},&#8221;parent&#8221;:{&#8220;default&#8221;:&#8221;https:\/\/esportes.r7.com\/futebol&#8221;},&#8221;SEO&#8221;:{&#8220;og_image_id&#8221;:null,&#8221;seo_description&#8221;:null,&#8221;seo_tags&#8221;:[],&#8221;seo_title&#8221;:null,&#8221;title_hotsite&#8221;:null,&#8221;top_url&#8221;:null,&#8221;url_og_image&#8221;:null},&#8221;age_rating&#8221;:{&#8220;classificacao_etaria&#8221;:null},&#8221;age_rating_description&#8221;:{&#8220;atos_criminosos&#8221;:&#8221;false&#8221;,&#8221;conteudo_sexual&#8221;:&#8221;false&#8221;,&#8221;drogas&#8221;:&#8221;false&#8221;,&#8221;drogas_ilicitas&#8221;:&#8221;false&#8221;,&#8221;drogas_licitas&#8221;:&#8221;false&#8221;,&#8221;linguagem_impropria&#8221;:&#8221;false&#8221;,&#8221;medo&#8221;:&#8221;false&#8221;,&#8221;nudez&#8221;:&#8221;false&#8221;,&#8221;procedimentos_medicos&#8221;:&#8221;false&#8221;,&#8221;sexo_explicito&#8221;:&#8221;false&#8221;,&#8221;temas_sensiveis&#8221;:&#8221;false&#8221;,&#8221;violencia&#8221;:&#8221;false&#8221;,&#8221;violencia_extrema&#8221;:&#8221;false&#8221;,&#8221;violencia_fantasiosa&#8221;:&#8221;false&#8221;},&#8221;area_logada&#8221;:{&#8220;exclusive_content&#8221;:&#8221;true&#8221;},&#8221;navigation&#8221;:{&#8220;menu_url&#8221;:null,&#8221;nav_title&#8221;:null},&#8221;newsletter&#8221;:{&#8220;id&#8221;:null},&#8221;publicidade&#8221;:{&#8220;disable_adv&#8221;:&#8221;false&#8221;,&#8221;disable_audima_adv&#8221;:&#8221;false&#8221;,&#8221;disable_taboola&#8221;:&#8221;false&#8221;,&#8221;hash&#8221;:null},&#8221;site&#8221;:{&#8220;coupon_categories&#8221;:&#8221;departamentos&#8221;,&#8221;disable_refresh&#8221;:&#8221;4&#8243;,&#8221;enable_disclaimer&#8221;:&#8221;false&#8221;,&#8221;pagebuilder_path_for_native_apps&#8221;:null,&#8221;site_about&#8221;:null,&#8221;site_description&#8221;:null,&#8221;site_keywords&#8221;:null,&#8221;site_tagline&#8221;:null,&#8221;site_title&#8221;:null,&#8221;site_url&#8221;:null},&#8221;site_topper&#8221;:{&#8220;section_header_image&#8221;:null,&#8221;section_header_image_id&#8221;:null,&#8221;section_header_image_mobile&#8221;:null,&#8221;section_header_image_mobile_id&#8221;:null,&#8221;section_left_color_top&#8221;:null,&#8221;section_primary_color&#8221;:null,&#8221;section_right_color_top&#8221;:null,&#8221;site_logo_image&#8221;:null},&#8221;social&#8221;:{&#8220;facebook&#8221;:null,&#8221;instagram&#8221;:null,&#8221;kwai&#8221;:null,&#8221;rss&#8221;:null,&#8221;twitter&#8221;:null},&#8221;ultimas&#8221;:{&#8220;tab_ultimas&#8221;:[]},&#8221;is_grouping&#8221;:&#8221;false&#8221;,&#8221;node_type&#8221;:&#8221;section&#8221;,&#8221;children&#8221;:[]},{&#8220;_id&#8221;:&#8221;\/futebol\/campeonato-brasileiro-feminino&#8221;,&#8221;_website&#8221;:&#8221;esportes&#8221;,&#8221;name&#8221;:&#8221;Campeonato Brasileiro Feminino&#8221;,&#8221;inactive&#8221;:false,&#8221;ancestors&#8221;:{&#8220;default&#8221;:[&#8220;https:\/\/esportes.r7.com\/futebol&#8221;]},&#8221;parent&#8221;:{&#8220;default&#8221;:&#8221;https:\/\/esportes.r7.com\/futebol&#8221;},&#8221;SEO&#8221;:{&#8220;og_image_id&#8221;:null,&#8221;seo_description&#8221;:&#8221;Confira resultados, pr\u00f3ximos jogos, lance a lance e as \u00faltimas not\u00edcias do Campeonato Brasileiro Feminino | 2025 | R7 Esportes&#8221;,&#8221;seo_tags&#8221;:[&#8220;Lance a Lance&#8221;,&#8221;Campeonato Brasileiro Feminino&#8221;,&#8221;futebol&#8221;,&#8221;esportes&#8221;,&#8221;r7&#8243;],&#8221;seo_title&#8221;:&#8221;Brasileir\u00e3o Feminino| 2025 | R7 Esportes&#8221;,&#8221;title_hotsite&#8221;:&#8221;Brasileir\u00e3o Feminino| 2025 | R7 Esportes&#8221;,&#8221;top_url&#8221;:&#8221;https:\/\/esportes.r7.com\/futebol\/campeonato-brasileiro-feminino\/&#8221;,&#8221;url_og_image&#8221;:null},&#8221;age_rating&#8221;:{&#8220;classificacao_etaria&#8221;:null},&#8221;age_rating_description&#8221;:{&#8220;atos_criminosos&#8221;:&#8221;false&#8221;,&#8221;conteudo_sexual&#8221;:&#8221;false&#8221;,&#8221;drogas&#8221;:&#8221;false&#8221;,&#8221;drogas_ilicitas&#8221;:&#8221;false&#8221;,&#8221;drogas_licitas&#8221;:&#8221;false&#8221;,&#8221;linguagem_impropria&#8221;:&#8221;false&#8221;,&#8221;medo&#8221;:&#8221;false&#8221;,&#8221;nudez&#8221;:&#8221;false&#8221;,&#8221;procedimentos_medicos&#8221;:&#8221;false&#8221;,&#8221;sexo_explicito&#8221;:&#8221;false&#8221;,&#8221;temas_sensiveis&#8221;:&#8221;false&#8221;,&#8221;violencia&#8221;:&#8221;false&#8221;,&#8221;violencia_extrema&#8221;:&#8221;false&#8221;,&#8221;violencia_fantasiosa&#8221;:&#8221;false&#8221;},&#8221;area_logada&#8221;:{&#8220;exclusive_content&#8221;:&#8221;false&#8221;},&#8221;navigation&#8221;:{&#8220;menu_url&#8221;:null,&#8221;nav_title&#8221;:&#8221;Campeonato Brasileiro Feminino&#8221;},&#8221;newsletter&#8221;:{&#8220;id&#8221;:null},&#8221;publicidade&#8221;:{&#8220;disable_adv&#8221;:&#8221;false&#8221;,&#8221;disable_audima_adv&#8221;:&#8221;false&#8221;,&#8221;disable_taboola&#8221;:&#8221;false&#8221;,&#8221;hash&#8221;:null},&#8221;site&#8221;:{&#8220;coupon_categories&#8221;:&#8221;departamentos&#8221;,&#8221;disable_refresh&#8221;:&#8221;4&#8243;,&#8221;enable_disclaimer&#8221;:&#8221;false&#8221;,&#8221;pagebuilder_path_for_native_apps&#8221;:null,&#8221;site_about&#8221;:&#8221;Brasileir\u00e3o Feminino| 2025 | R7 Esportes&#8221;,&#8221;site_description&#8221;:&#8221;Confira resultados, pr\u00f3ximos jogos, lance a lance e as \u00faltimas not\u00edcias do Campeonato Brasileiro Feminino | 2025 | R7 Esportes&#8221;,&#8221;site_keywords&#8221;:&#8221;lance a lance, futebol, campeonato brasileiro feminino, brasileirao feminino, r7 esportes&#8221;,&#8221;site_tagline&#8221;:&#8221;Brasileir\u00e3o Feminino| 2025 | R7 Esportes&#8221;,&#8221;site_title&#8221;:&#8221;Brasileir\u00e3o Feminino| 2025 | R7 Esportes&#8221;,&#8221;site_url&#8221;:null},&#8221;site_topper&#8221;:{&#8220;section_header_image&#8221;:null,&#8221;section_header_image_id&#8221;:null,&#8221;section_header_image_mobile&#8221;:null,&#8221;section_header_image_mobile_id&#8221;:null,&#8221;section_left_color_top&#8221;:null,&#8221;section_primary_color&#8221;:null,&#8221;section_right_color_top&#8221;:null,&#8221;site_logo_image&#8221;:null},&#8221;social&#8221;:{&#8220;facebook&#8221;:null,&#8221;instagram&#8221;:null,&#8221;kwai&#8221;:null,&#8221;rss&#8221;:null,&#8221;twitter&#8221;:null},&#8221;ultimas&#8221;:{&#8220;tab_ultimas&#8221;:[]},&#8221;is_grouping&#8221;:&#8221;false&#8221;,&#8221;node_type&#8221;:&#8221;section&#8221;,&#8221;children&#8221;:[{&#8220;_id&#8221;:&#8221;\/futebol\/campeonato-brasileiro-feminino\/lance-a-lance&#8221;,&#8221;_website&#8221;:&#8221;esportes&#8221;,&#8221;name&#8221;:&#8221;Lance a Lance&#8221;,&#8221;inactive&#8221;:false,&#8221;ancestors&#8221;:{&#8220;default&#8221;:[&#8220;https:\/\/esportes.r7.com\/futebol&#8221;,&#8221;\/futebol\/campeonato-brasileiro-feminino&#8221;]},&#8221;parent&#8221;:{&#8220;default&#8221;:&#8221;\/futebol\/campeonato-brasileiro-feminino&#8221;},&#8221;SEO&#8221;:{&#8220;og_image_id&#8221;:null,&#8221;seo_description&#8221;:&#8221;Brasileir\u00e3o Feminino! Acompanhe todos os lances, resultados e not\u00edcias do campeonato no site da Record. N\u00e3o perca nenhum detalhe! Acesse j\u00e1 o R7!&#8221;,&#8221;seo_tags&#8221;:[&#8220;lance a lance&#8221;,&#8221;Campeonato Brasileiro Feminino&#8221;,&#8221;futebol&#8221;,&#8221;esportes&#8221;,&#8221;r7&#8243;],&#8221;seo_title&#8221;:&#8221;Lance a Lance | Campeonato Brasileiro Feminino&#8221;,&#8221;title_hotsite&#8221;:&#8221;Lance a Lance | Campeonato Brasileiro Feminino&#8221;,&#8221;top_url&#8221;:&#8221;https:\/\/esportes.r7.com\/futebol\/campeonato-brasileiro-feminino\/lance-a-lance\/&#8221;,&#8221;url_og_image&#8221;:&#8221;https:\/\/cloudfront-us-east-1.images.arcpublishing.com\/newr7\/SPFYOIBXO5HARFO73AKUUX2DAU.jpg&#8221;},&#8221;age_rating&#8221;:{&#8220;classificacao_etaria&#8221;:null},&#8221;age_rating_description&#8221;:{&#8220;atos_criminosos&#8221;:&#8221;false&#8221;,&#8221;conteudo_sexual&#8221;:&#8221;false&#8221;,&#8221;drogas&#8221;:&#8221;false&#8221;,&#8221;drogas_ilicitas&#8221;:&#8221;false&#8221;,&#8221;drogas_licitas&#8221;:&#8221;false&#8221;,&#8221;linguagem_impropria&#8221;:&#8221;false&#8221;,&#8221;medo&#8221;:&#8221;false&#8221;,&#8221;nudez&#8221;:&#8221;false&#8221;,&#8221;procedimentos_medicos&#8221;:&#8221;false&#8221;,&#8221;sexo_explicito&#8221;:&#8221;false&#8221;,&#8221;temas_sensiveis&#8221;:&#8221;false&#8221;,&#8221;violencia&#8221;:&#8221;false&#8221;,&#8221;violencia_extrema&#8221;:&#8221;false&#8221;,&#8221;violencia_fantasiosa&#8221;:&#8221;false&#8221;},&#8221;area_logada&#8221;:{&#8220;exclusive_content&#8221;:&#8221;false&#8221;},&#8221;navigation&#8221;:{&#8220;menu_url&#8221;:null,&#8221;nav_title&#8221;:&#8221;Lance a Lance&#8221;},&#8221;newsletter&#8221;:{&#8220;id&#8221;:null},&#8221;publicidade&#8221;:{&#8220;disable_adv&#8221;:&#8221;false&#8221;,&#8221;disable_audima_adv&#8221;:&#8221;false&#8221;,&#8221;disable_taboola&#8221;:&#8221;false&#8221;,&#8221;hash&#8221;:null},&#8221;site&#8221;:{&#8220;coupon_categories&#8221;:&#8221;departamentos&#8221;,&#8221;disable_refresh&#8221;:&#8221;4&#8243;,&#8221;enable_disclaimer&#8221;:&#8221;false&#8221;,&#8221;pagebuilder_path_for_native_apps&#8221;:null,&#8221;site_about&#8221;:&#8221;Lance a Lance | Campeonato Brasileiro Feminino&#8221;,&#8221;site_description&#8221;:&#8221;Brasileir\u00e3o Feminino! Acompanhe todos os lances, resultados e not\u00edcias do campeonato no site da Record. N\u00e3o perca nenhum detalhe! Acesse j\u00e1 o R7!&#8221;,&#8221;site_keywords&#8221;:null,&#8221;site_tagline&#8221;:&#8221;Lance a Lance | Campeonato Brasileiro Feminino&#8221;,&#8221;site_title&#8221;:&#8221;Lance a Lance | Campeonato Brasileiro Feminino&#8221;,&#8221;site_url&#8221;:null},&#8221;site_topper&#8221;:{&#8220;section_header_image&#8221;:&#8221;https:\/\/cloudfront-us-east-1.images.arcpublishing.com\/newr7\/FTD67MTU25DBXNPON3HMC2W7TE.jpg&#8221;,&#8221;section_header_image_id&#8221;:null,&#8221;section_header_image_mobile&#8221;:&#8221;https:\/\/cloudfront-us-east-1.images.arcpublishing.com\/newr7\/6B37FPKDYFDUPGPFREWOHO3DIM.jpg&#8221;,&#8221;section_header_image_mobile_id&#8221;:null,&#8221;section_left_color_top&#8221;:&#8221;#470684&#8243;,&#8221;section_primary_color&#8221;:&#8221;#0E8148&#8243;,&#8221;section_right_color_top&#8221;:&#8221;#470684&#8243;,&#8221;site_logo_image&#8221;:null},&#8221;social&#8221;:{&#8220;facebook&#8221;:null,&#8221;instagram&#8221;:null,&#8221;kwai&#8221;:null,&#8221;rss&#8221;:null,&#8221;twitter&#8221;:null},&#8221;ultimas&#8221;:{&#8220;tab_ultimas&#8221;:[]},&#8221;is_grouping&#8221;:&#8221;false&#8221;,&#8221;node_type&#8221;:&#8221;section&#8221;,&#8221;children&#8221;:[]}]},{&#8220;_id&#8221;:&#8221;\/futebol\/gavea-news&#8221;,&#8221;_website&#8221;:&#8221;esportes&#8221;,&#8221;name&#8221;:&#8221;G\u00e1vea News&#8221;,&#8221;inactive&#8221;:false,&#8221;ancestors&#8221;:{&#8220;default&#8221;:[&#8220;https:\/\/esportes.r7.com\/futebol&#8221;]},&#8221;parent&#8221;:{&#8220;default&#8221;:&#8221;https:\/\/esportes.r7.com\/futebol&#8221;},&#8221;SEO&#8221;:{&#8220;og_image_id&#8221;:null,&#8221;seo_description&#8221;:&#8221;Not\u00edcias e conte\u00fados exclusivos do site G\u00e1vea News, Parceiro R7! Fique por dentro das novidades. Acesse agora e confira!&#8221;,&#8221;seo_tags&#8221;:[&#8220;g\u00e1vea news&#8221;,&#8221;r7&#8243;,&#8221;not\u00edcias&#8221;,&#8221;conte\u00fado&#8221;,&#8221;sites&#8221;,&#8221;novidades&#8221;],&#8221;seo_title&#8221;:&#8221;G\u00e1vea News: Novidades e Conte\u00fado Exclusivo do Parceiro- R7&#8243;,&#8221;title_hotsite&#8221;:null,&#8221;top_url&#8221;:null,&#8221;url_og_image&#8221;:null},&#8221;age_rating&#8221;:{&#8220;classificacao_etaria&#8221;:null},&#8221;age_rating_description&#8221;:{&#8220;atos_criminosos&#8221;:&#8221;false&#8221;,&#8221;conteudo_sexual&#8221;:&#8221;false&#8221;,&#8221;drogas&#8221;:&#8221;false&#8221;,&#8221;drogas_ilicitas&#8221;:&#8221;false&#8221;,&#8221;drogas_licitas&#8221;:&#8221;false&#8221;,&#8221;linguagem_impropria&#8221;:&#8221;false&#8221;,&#8221;medo&#8221;:&#8221;false&#8221;,&#8221;nudez&#8221;:&#8221;false&#8221;,&#8221;procedimentos_medicos&#8221;:&#8221;false&#8221;,&#8221;sexo_explicito&#8221;:&#8221;false&#8221;,&#8221;temas_sensiveis&#8221;:&#8221;false&#8221;,&#8221;violencia&#8221;:&#8221;false&#8221;,&#8221;violencia_extrema&#8221;:&#8221;false&#8221;,&#8221;violencia_fantasiosa&#8221;:&#8221;false&#8221;},&#8221;area_logada&#8221;:{&#8220;exclusive_content&#8221;:&#8221;false&#8221;},&#8221;navigation&#8221;:{&#8220;menu_url&#8221;:null,&#8221;nav_title&#8221;:&#8221;G\u00e1vea News&#8221;},&#8221;newsletter&#8221;:{&#8220;id&#8221;:null},&#8221;publicidade&#8221;:{&#8220;disable_adv&#8221;:&#8221;false&#8221;,&#8221;disable_audima_adv&#8221;:&#8221;false&#8221;,&#8221;disable_taboola&#8221;:&#8221;false&#8221;,&#8221;hash&#8221;:&#8221;parceiros\/gaveanews&#8221;},&#8221;site&#8221;:{&#8220;coupon_categories&#8221;:&#8221;departamentos&#8221;,&#8221;disable_refresh&#8221;:&#8221;4&#8243;,&#8221;enable_disclaimer&#8221;:&#8221;false&#8221;,&#8221;pagebuilder_path_for_native_apps&#8221;:null,&#8221;site_about&#8221;:null,&#8221;site_description&#8221;:null,&#8221;site_keywords&#8221;:null,&#8221;site_tagline&#8221;:null,&#8221;site_title&#8221;:&#8221;G\u00e1vea News&#8221;,&#8221;site_url&#8221;:null},&#8221;site_topper&#8221;:{&#8220;section_header_image&#8221;:null,&#8221;section_header_image_id&#8221;:null,&#8221;section_header_image_mobile&#8221;:null,&#8221;section_header_image_mobile_id&#8221;:null,&#8221;section_left_color_top&#8221;:null,&#8221;section_primary_color&#8221;:null,&#8221;section_right_color_top&#8221;:null,&#8221;site_logo_image&#8221;:null},&#8221;social&#8221;:{&#8220;facebook&#8221;:null,&#8221;instagram&#8221;:null,&#8221;kwai&#8221;:null,&#8221;rss&#8221;:null,&#8221;twitter&#8221;:null},&#8221;ultimas&#8221;:{&#8220;tab_ultimas&#8221;:[]},&#8221;is_grouping&#8221;:&#8221;false&#8221;,&#8221;node_type&#8221;:&#8221;section&#8221;,&#8221;children&#8221;:[]},{&#8220;_id&#8221;:&#8221;\/futebol\/copa-intercontinental&#8221;,&#8221;_website&#8221;:&#8221;esportes&#8221;,&#8221;name&#8221;:&#8221;Copa Intercontinental&#8221;,&#8221;inactive&#8221;:false,&#8221;ancestors&#8221;:{&#8220;default&#8221;:[&#8220;https:\/\/esportes.r7.com\/futebol&#8221;]},&#8221;parent&#8221;:{&#8220;default&#8221;:&#8221;https:\/\/esportes.r7.com\/futebol&#8221;},&#8221;SEO&#8221;:{&#8220;og_image_id&#8221;:null,&#8221;seo_description&#8221;:&#8221;Confira resultados, pr\u00f3ximos jogos  \u00faltimas not\u00edcias do Copa Intercontinental | 2025 | R7 Esportes&#8221;,&#8221;seo_tags&#8221;:[&#8220;Copa Intercontinental 2025&#8243;,&#8221;Copa Intercontinental&#8221;,&#8221;Mundial Intercontinental &#8220;,&#8221;mundial de futebol&#8221;,&#8221;futebol &#8220;,&#8221;esportes &#8220;],&#8221;seo_title&#8221;:&#8221;Copa Intercontinental 2025 | Not\u00edcias e resultados | R7 Esportes&#8221;,&#8221;title_hotsite&#8221;:&#8221; Copa Intercontinental 2025 | Not\u00edcias e resultados | R7 Esportes&#8221;,&#8221;top_url&#8221;:&#8221;https:\/\/esportes.r7.com\/futebol\/copa-intercontinental\/&#8221;,&#8221;url_og_image&#8221;:null},&#8221;age_rating&#8221;:{&#8220;classificacao_etaria&#8221;:null},&#8221;age_rating_description&#8221;:{&#8220;atos_criminosos&#8221;:&#8221;false&#8221;,&#8221;conteudo_sexual&#8221;:&#8221;false&#8221;,&#8221;drogas&#8221;:&#8221;false&#8221;,&#8221;drogas_ilicitas&#8221;:&#8221;false&#8221;,&#8221;drogas_licitas&#8221;:&#8221;false&#8221;,&#8221;linguagem_impropria&#8221;:&#8221;false&#8221;,&#8221;medo&#8221;:&#8221;false&#8221;,&#8221;nudez&#8221;:&#8221;false&#8221;,&#8221;procedimentos_medicos&#8221;:&#8221;false&#8221;,&#8221;sexo_explicito&#8221;:&#8221;false&#8221;,&#8221;temas_sensiveis&#8221;:&#8221;false&#8221;,&#8221;violencia&#8221;:&#8221;false&#8221;,&#8221;violencia_extrema&#8221;:&#8221;false&#8221;,&#8221;violencia_fantasiosa&#8221;:&#8221;false&#8221;},&#8221;area_logada&#8221;:{&#8220;exclusive_content&#8221;:&#8221;false&#8221;},&#8221;navigation&#8221;:{&#8220;menu_url&#8221;:null,&#8221;nav_title&#8221;:null},&#8221;newsletter&#8221;:{&#8220;id&#8221;:null},&#8221;publicidade&#8221;:{&#8220;disable_adv&#8221;:&#8221;false&#8221;,&#8221;disable_audima_adv&#8221;:&#8221;false&#8221;,&#8221;disable_taboola&#8221;:&#8221;false&#8221;,&#8221;hash&#8221;:null},&#8221;site&#8221;:{&#8220;coupon_categories&#8221;:&#8221;departamentos&#8221;,&#8221;disable_refresh&#8221;:&#8221;4&#8243;,&#8221;enable_disclaimer&#8221;:&#8221;false&#8221;,&#8221;pagebuilder_path_for_native_apps&#8221;:null,&#8221;site_about&#8221;:&#8221; Copa Intercontinental 2025 | Not\u00edcias e resultados | R7 Esportes&#8221;,&#8221;site_description&#8221;:&#8221;Confira resultados, pr\u00f3ximos jogos  \u00faltimas not\u00edcias do Copa Intercontinental | 2025 | R7 Esportes&#8221;,&#8221;site_keywords&#8221;:&#8221;Copa Intercontinental, Mundial Intercontinental, mundial de futebol, futebol, esportes &#8220;,&#8221;site_tagline&#8221;:&#8221; Copa Intercontinental 2025 | Not\u00edcias e resultados | R7 Esportes&#8221;,&#8221;site_title&#8221;:&#8221; Copa Intercontinental 2025 | Not\u00edcias e resultados | R7 Esportes&#8221;,&#8221;site_url&#8221;:null},&#8221;site_topper&#8221;:{&#8220;section_header_image&#8221;:null,&#8221;section_header_image_id&#8221;:null,&#8221;section_header_image_mobile&#8221;:null,&#8221;section_header_image_mobile_id&#8221;:null,&#8221;section_left_color_top&#8221;:null,&#8221;section_primary_color&#8221;:null,&#8221;section_right_color_top&#8221;:null,&#8221;site_logo_image&#8221;:null},&#8221;social&#8221;:{&#8220;facebook&#8221;:null,&#8221;instagram&#8221;:null,&#8221;kwai&#8221;:null,&#8221;rss&#8221;:null,&#8221;twitter&#8221;:null},&#8221;ultimas&#8221;:{&#8220;tab_ultimas&#8221;:[]},&#8221;is_grouping&#8221;:&#8221;false&#8221;,&#8221;node_type&#8221;:&#8221;section&#8221;,&#8221;children&#8221;:[{&#8220;_id&#8221;:&#8221;\/futebol\/copa-intercontinental\/lance-a-lance&#8221;,&#8221;_website&#8221;:&#8221;esportes&#8221;,&#8221;name&#8221;:&#8221;Lance a Lance&#8221;,&#8221;inactive&#8221;:false,&#8221;ancestors&#8221;:{&#8220;default&#8221;:[&#8220;https:\/\/esportes.r7.com\/futebol&#8221;,&#8221;\/futebol\/copa-intercontinental&#8221;]},&#8221;parent&#8221;:{&#8220;default&#8221;:&#8221;\/futebol\/copa-intercontinental&#8221;},&#8221;SEO&#8221;:{&#8220;og_image_id&#8221;:null,&#8221;seo_description&#8221;:&#8221;Copa Intercontinental! Acompanhe todos os lances, resultados e not\u00edcias do campeonato no site do Portal R7. N\u00e3o perca nenhum detalhe! Acesse j\u00e1 o R7!&#8221;,&#8221;seo_tags&#8221;:[&#8220;Copa Intercontinental&#8221;,&#8221;Copa Intercontinental 2025&#8243;,&#8221;Mundial Intercontinental&#8221;,&#8221;Futebol&#8221;,&#8221;Lance a Lance&#8221;],&#8221;seo_title&#8221;:&#8221;Copa Intercontinental &#8211; Acompanhe Lance a Lance no Portal R7!&#8221;,&#8221;title_hotsite&#8221;:&#8221;Copa Intercontinental &#8211; Acompanhe Lance a Lance no Portal R7!&#8221;,&#8221;top_url&#8221;:&#8221;https:\/\/esportes.r7.com\/futebol\/copa-intercontinental\/lance-a-lance\/&#8221;,&#8221;url_og_image&#8221;:null},&#8221;age_rating&#8221;:{&#8220;classificacao_etaria&#8221;:null},&#8221;age_rating_description&#8221;:{&#8220;atos_criminosos&#8221;:&#8221;false&#8221;,&#8221;conteudo_sexual&#8221;:&#8221;false&#8221;,&#8221;drogas&#8221;:&#8221;false&#8221;,&#8221;drogas_ilicitas&#8221;:&#8221;false&#8221;,&#8221;drogas_licitas&#8221;:&#8221;false&#8221;,&#8221;linguagem_impropria&#8221;:&#8221;false&#8221;,&#8221;medo&#8221;:&#8221;false&#8221;,&#8221;nudez&#8221;:&#8221;false&#8221;,&#8221;procedimentos_medicos&#8221;:&#8221;false&#8221;,&#8221;sexo_explicito&#8221;:&#8221;false&#8221;,&#8221;temas_sensiveis&#8221;:&#8221;false&#8221;,&#8221;violencia&#8221;:&#8221;false&#8221;,&#8221;violencia_extrema&#8221;:&#8221;false&#8221;,&#8221;violencia_fantasiosa&#8221;:&#8221;false&#8221;},&#8221;area_logada&#8221;:{&#8220;exclusive_content&#8221;:&#8221;false&#8221;},&#8221;navigation&#8221;:{&#8220;menu_url&#8221;:null,&#8221;nav_title&#8221;:null},&#8221;newsletter&#8221;:{&#8220;id&#8221;:null},&#8221;publicidade&#8221;:{&#8220;disable_adv&#8221;:&#8221;false&#8221;,&#8221;disable_audima_adv&#8221;:&#8221;false&#8221;,&#8221;disable_taboola&#8221;:&#8221;false&#8221;,&#8221;hash&#8221;:null},&#8221;site&#8221;:{&#8220;coupon_categories&#8221;:&#8221;departamentos&#8221;,&#8221;disable_refresh&#8221;:&#8221;4&#8243;,&#8221;enable_disclaimer&#8221;:&#8221;false&#8221;,&#8221;pagebuilder_path_for_native_apps&#8221;:null,&#8221;site_about&#8221;:&#8221;Copa Intercontinental &#8211; Acompanhe Lance a Lance no Portal R7!&#8221;,&#8221;site_description&#8221;:&#8221;Copa Intercontinental! Acompanhe todos os lances, resultados e not\u00edcias do campeonato no site do Portal R7. N\u00e3o perca nenhum detalhe! Acesse j\u00e1 o R7!&#8221;,&#8221;site_keywords&#8221;:&#8221;Copa Intercontinental, Mundial Intercontinental, mundial de futebol, futebol, esportes &#8220;,&#8221;site_tagline&#8221;:&#8221;Copa Intercontinental &#8211; Acompanhe Lance a Lance no Portal R7!&#8221;,&#8221;site_title&#8221;:&#8221;Copa Intercontinental &#8211; Acompanhe Lance a Lance no Portal R7!&#8221;,&#8221;site_url&#8221;:null},&#8221;site_topper&#8221;:{&#8220;section_header_image&#8221;:null,&#8221;section_header_image_id&#8221;:null,&#8221;section_header_image_mobile&#8221;:null,&#8221;section_header_image_mobile_id&#8221;:null,&#8221;section_left_color_top&#8221;:null,&#8221;section_primary_color&#8221;:null,&#8221;section_right_color_top&#8221;:null,&#8221;site_logo_image&#8221;:null},&#8221;social&#8221;:{&#8220;facebook&#8221;:null,&#8221;instagram&#8221;:null,&#8221;kwai&#8221;:null,&#8221;rss&#8221;:null,&#8221;twitter&#8221;:null},&#8221;ultimas&#8221;:{&#8220;tab_ultimas&#8221;:[]},&#8221;is_grouping&#8221;:&#8221;false&#8221;,&#8221;node_type&#8221;:&#8221;section&#8221;,&#8221;children&#8221;:[]}]},{&#8220;_id&#8221;:&#8221;\/futebol\/desimpedidos&#8221;,&#8221;_website&#8221;:&#8221;esportes&#8221;,&#8221;name&#8221;:&#8221;Desimpedidos&#8221;,&#8221;inactive&#8221;:false,&#8221;ancestors&#8221;:{&#8220;default&#8221;:[&#8220;https:\/\/esportes.r7.com\/futebol&#8221;]},&#8221;parent&#8221;:{&#8220;default&#8221;:&#8221;https:\/\/esportes.r7.com\/futebol&#8221;},&#8221;SEO&#8221;:{&#8220;og_image_id&#8221;:null,&#8221;seo_description&#8221;:&#8221;Desimpedidos no R7! Acompanhe tudo sobre o canal. Not\u00edcias, v\u00eddeos e muita zoeira do mundo do futebol! Acesse agora!&#8221;,&#8221;seo_tags&#8221;:[&#8220;Desimpedidos&#8221;,&#8221;R7&#8243;,&#8221;futebol&#8221;,&#8221;not\u00edcias&#8221;,&#8221;v\u00eddeos&#8221;],&#8221;seo_title&#8221;:&#8221;Desimpedidos: Tudo Sobre o Canal no R7 &#8211; R7&#8243;,&#8221;title_hotsite&#8221;:null,&#8221;top_url&#8221;:null,&#8221;url_og_image&#8221;:null},&#8221;age_rating&#8221;:{&#8220;classificacao_etaria&#8221;:null},&#8221;age_rating_description&#8221;:{&#8220;atos_criminosos&#8221;:&#8221;false&#8221;,&#8221;conteudo_sexual&#8221;:&#8221;false&#8221;,&#8221;drogas&#8221;:&#8221;false&#8221;,&#8221;drogas_ilicitas&#8221;:&#8221;false&#8221;,&#8221;drogas_licitas&#8221;:&#8221;false&#8221;,&#8221;linguagem_impropria&#8221;:&#8221;false&#8221;,&#8221;medo&#8221;:&#8221;false&#8221;,&#8221;nudez&#8221;:&#8221;false&#8221;,&#8221;procedimentos_medicos&#8221;:&#8221;false&#8221;,&#8221;sexo_explicito&#8221;:&#8221;false&#8221;,&#8221;temas_sensiveis&#8221;:&#8221;false&#8221;,&#8221;violencia&#8221;:&#8221;false&#8221;,&#8221;violencia_extrema&#8221;:&#8221;false&#8221;,&#8221;violencia_fantasiosa&#8221;:&#8221;false&#8221;},&#8221;area_logada&#8221;:{&#8220;exclusive_content&#8221;:&#8221;false&#8221;},&#8221;navigation&#8221;:{&#8220;menu_url&#8221;:null,&#8221;nav_title&#8221;:null},&#8221;newsletter&#8221;:{&#8220;id&#8221;:null},&#8221;publicidade&#8221;:{&#8220;disable_adv&#8221;:&#8221;false&#8221;,&#8221;disable_audima_adv&#8221;:&#8221;false&#8221;,&#8221;disable_taboola&#8221;:&#8221;false&#8221;,&#8221;hash&#8221;:null},&#8221;site&#8221;:{&#8220;coupon_categories&#8221;:&#8221;departamentos&#8221;,&#8221;disable_refresh&#8221;:&#8221;4&#8243;,&#8221;enable_disclaimer&#8221;:&#8221;false&#8221;,&#8221;pagebuilder_path_for_native_apps&#8221;:null,&#8221;site_about&#8221;:null,&#8221;site_description&#8221;:null,&#8221;site_keywords&#8221;:null,&#8221;site_tagline&#8221;:null,&#8221;site_title&#8221;:null,&#8221;site_url&#8221;:null},&#8221;site_topper&#8221;:{&#8220;section_header_image&#8221;:null,&#8221;section_header_image_id&#8221;:null,&#8221;section_header_image_mobile&#8221;:null,&#8221;section_header_image_mobile_id&#8221;:null,&#8221;section_left_color_top&#8221;:null,&#8221;section_primary_color&#8221;:null,&#8221;section_right_color_top&#8221;:null,&#8221;site_logo_image&#8221;:null},&#8221;social&#8221;:{&#8220;facebook&#8221;:null,&#8221;instagram&#8221;:null,&#8221;kwai&#8221;:null,&#8221;rss&#8221;:null,&#8221;twitter&#8221;:null},&#8221;ultimas&#8221;:{&#8220;tab_ultimas&#8221;:[]},&#8221;is_grouping&#8221;:&#8221;false&#8221;,&#8221;node_type&#8221;:&#8221;section&#8221;,&#8221;children&#8221;:[{&#8220;_id&#8221;:&#8221;\/futebol\/desimpedidos\/quarto-do-chico&#8221;,&#8221;_website&#8221;:&#8221;esportes&#8221;,&#8221;name&#8221;:&#8221;Quarto do Chico&#8221;,&#8221;inactive&#8221;:false,&#8221;ancestors&#8221;:{&#8220;default&#8221;:[&#8220;https:\/\/esportes.r7.com\/futebol&#8221;,&#8221;\/futebol\/desimpedidos&#8221;]},&#8221;parent&#8221;:{&#8220;default&#8221;:&#8221;\/futebol\/desimpedidos&#8221;},&#8221;SEO&#8221;:{&#8220;og_image_id&#8221;:null,&#8221;seo_description&#8221;:&#8221;Quarto do Chico&#8221;,&#8221;seo_tags&#8221;:[&#8220;Quarto do Chico&#8221;],&#8221;seo_title&#8221;:&#8221;Quarto do Chico&#8221;,&#8221;title_hotsite&#8221;:null,&#8221;top_url&#8221;:&#8221; https:\/\/esportes.r7.com\/futebol\/desimpedidos\/&#8221;,&#8221;url_og_image&#8221;:null},&#8221;age_rating&#8221;:{&#8220;classificacao_etaria&#8221;:null},&#8221;age_rating_description&#8221;:{&#8220;atos_criminosos&#8221;:&#8221;false&#8221;,&#8221;conteudo_sexual&#8221;:&#8221;false&#8221;,&#8221;drogas&#8221;:&#8221;false&#8221;,&#8221;drogas_ilicitas&#8221;:&#8221;false&#8221;,&#8221;drogas_licitas&#8221;:&#8221;false&#8221;,&#8221;linguagem_impropria&#8221;:&#8221;false&#8221;,&#8221;medo&#8221;:&#8221;false&#8221;,&#8221;nudez&#8221;:&#8221;false&#8221;,&#8221;procedimentos_medicos&#8221;:&#8221;false&#8221;,&#8221;sexo_explicito&#8221;:&#8221;false&#8221;,&#8221;temas_sensiveis&#8221;:&#8221;false&#8221;,&#8221;violencia&#8221;:&#8221;false&#8221;,&#8221;violencia_extrema&#8221;:&#8221;false&#8221;,&#8221;violencia_fantasiosa&#8221;:&#8221;false&#8221;},&#8221;area_logada&#8221;:{&#8220;exclusive_content&#8221;:&#8221;false&#8221;},&#8221;navigation&#8221;:{&#8220;menu_url&#8221;:&#8221; https:\/\/esportes.r7.com\/futebol\/desimpedidos\/quarto-do-chico&#8221;,&#8221;nav_title&#8221;:&#8221;Quarto do Chico&#8221;},&#8221;newsletter&#8221;:{&#8220;id&#8221;:null},&#8221;publicidade&#8221;:{&#8220;disable_adv&#8221;:&#8221;false&#8221;,&#8221;disable_audima_adv&#8221;:&#8221;false&#8221;,&#8221;disable_taboola&#8221;:&#8221;false&#8221;,&#8221;hash&#8221;:null},&#8221;site&#8221;:{&#8220;coupon_categories&#8221;:&#8221;departamentos&#8221;,&#8221;disable_refresh&#8221;:&#8221;4&#8243;,&#8221;enable_disclaimer&#8221;:&#8221;false&#8221;,&#8221;pagebuilder_path_for_native_apps&#8221;:null,&#8221;site_about&#8221;:null,&#8221;site_description&#8221;:null,&#8221;site_keywords&#8221;:null,&#8221;site_tagline&#8221;:null,&#8221;site_title&#8221;:null,&#8221;site_url&#8221;:null},&#8221;site_topper&#8221;:{&#8220;section_header_image&#8221;:null,&#8221;section_header_image_id&#8221;:null,&#8221;section_header_image_mobile&#8221;:null,&#8221;section_header_image_mobile_id&#8221;:null,&#8221;section_left_color_top&#8221;:null,&#8221;section_primary_color&#8221;:null,&#8221;section_right_color_top&#8221;:null,&#8221;site_logo_image&#8221;:null},&#8221;social&#8221;:{&#8220;facebook&#8221;:null,&#8221;instagram&#8221;:null,&#8221;kwai&#8221;:null,&#8221;rss&#8221;:null,&#8221;twitter&#8221;:null},&#8221;ultimas&#8221;:{&#8220;tab_ultimas&#8221;:[]},&#8221;is_grouping&#8221;:&#8221;false&#8221;,&#8221;node_type&#8221;:&#8221;section&#8221;,&#8221;children&#8221;:[]}]},{&#8220;_id&#8221;:&#8221;\/futebol\/campeonato-goiano&#8221;,&#8221;_website&#8221;:&#8221;esportes&#8221;,&#8221;name&#8221;:&#8221;Campeonato Goiano&#8221;,&#8221;inactive&#8221;:false,&#8221;ancestors&#8221;:{&#8220;default&#8221;:[&#8220;https:\/\/esportes.r7.com\/futebol&#8221;]},&#8221;parent&#8221;:{&#8220;default&#8221;:&#8221;https:\/\/esportes.r7.com\/futebol&#8221;},&#8221;SEO&#8221;:{&#8220;og_image_id&#8221;:null,&#8221;seo_description&#8221;:&#8221;R7 no Campeonato Goiano: resultados, not\u00edcias e tudo sobre os jogos! Cobertura completa e atualizada para voc\u00ea n\u00e3o perder nada. Clique e fique por dentro!&#8221;,&#8221;seo_tags&#8221;:[&#8220;R7&#8243;,&#8221;Campeonato Goiano&#8221;,&#8221;resultados&#8221;,&#8221;not\u00edcias&#8221;,&#8221;jogos&#8221;,&#8221;futebol&#8221;],&#8221;seo_title&#8221;:&#8221;Campeonato Goiano: Not\u00edcias e Resultados &#8211; R7&#8243;,&#8221;title_hotsite&#8221;:null,&#8221;top_url&#8221;:null,&#8221;url_og_image&#8221;:null},&#8221;age_rating&#8221;:{&#8220;classificacao_etaria&#8221;:null},&#8221;age_rating_description&#8221;:{&#8220;atos_criminosos&#8221;:&#8221;false&#8221;,&#8221;conteudo_sexual&#8221;:&#8221;false&#8221;,&#8221;drogas&#8221;:&#8221;false&#8221;,&#8221;drogas_ilicitas&#8221;:&#8221;false&#8221;,&#8221;drogas_licitas&#8221;:&#8221;false&#8221;,&#8221;linguagem_impropria&#8221;:&#8221;false&#8221;,&#8221;medo&#8221;:&#8221;false&#8221;,&#8221;nudez&#8221;:&#8221;false&#8221;,&#8221;procedimentos_medicos&#8221;:&#8221;false&#8221;,&#8221;sexo_explicito&#8221;:&#8221;false&#8221;,&#8221;temas_sensiveis&#8221;:&#8221;false&#8221;,&#8221;violencia&#8221;:&#8221;false&#8221;,&#8221;violencia_extrema&#8221;:&#8221;false&#8221;,&#8221;violencia_fantasiosa&#8221;:&#8221;false&#8221;},&#8221;area_logada&#8221;:{&#8220;exclusive_content&#8221;:&#8221;false&#8221;},&#8221;navigation&#8221;:{&#8220;menu_url&#8221;:null,&#8221;nav_title&#8221;:null},&#8221;newsletter&#8221;:{&#8220;id&#8221;:null},&#8221;publicidade&#8221;:{&#8220;disable_adv&#8221;:&#8221;false&#8221;,&#8221;disable_audima_adv&#8221;:&#8221;false&#8221;,&#8221;disable_taboola&#8221;:&#8221;false&#8221;,&#8221;hash&#8221;:null},&#8221;site&#8221;:{&#8220;coupon_categories&#8221;:&#8221;departamentos&#8221;,&#8221;disable_refresh&#8221;:&#8221;4&#8243;,&#8221;enable_disclaimer&#8221;:&#8221;false&#8221;,&#8221;pagebuilder_path_for_native_apps&#8221;:null,&#8221;site_about&#8221;:null,&#8221;site_description&#8221;:null,&#8221;site_keywords&#8221;:null,&#8221;site_tagline&#8221;:null,&#8221;site_title&#8221;:null,&#8221;site_url&#8221;:null},&#8221;site_topper&#8221;:{&#8220;section_header_image&#8221;:null,&#8221;section_header_image_id&#8221;:null,&#8221;section_header_image_mobile&#8221;:null,&#8221;section_header_image_mobile_id&#8221;:null,&#8221;section_left_color_top&#8221;:null,&#8221;section_primary_color&#8221;:null,&#8221;section_right_color_top&#8221;:null,&#8221;site_logo_image&#8221;:null},&#8221;social&#8221;:{&#8220;bluesky&#8221;:&#8221;https:\/\/bsky.app\/profile\/portal-r7.bsky.social&#8221;,&#8221;facebook&#8221;:&#8221;https:\/\/www.facebook.com\/R7Esportes\/&#8221;,&#8221;instagram&#8221;:&#8221;https:\/\/www.instagram.com\/r7esportes\/&#8221;,&#8221;kwai&#8221;:&#8221;https:\/\/www.kwai.com\/@r7esportes&#8221;,&#8221;rss&#8221;:null,&#8221;threads&#8221;:&#8221;https:\/\/www.threads.com\/@r7esportes&#8221;,&#8221;tiktok&#8221;:&#8221;https:\/\/www.tiktok.com\/@r7esportes&#8221;,&#8221;twitter&#8221;:&#8221;https:\/\/x.com\/r7esportes&#8221;,&#8221;whatsapp&#8221;:&#8221;https:\/\/whatsapp.com\/channel\/0029Va5E3ZJFcow2dQ1Q0y2i&#8221;,&#8221;youtube&#8221;:&#8221;https:\/\/www.youtube.com\/@R7Esporte&#8221;},&#8221;ultimas&#8221;:{&#8220;tab_ultimas&#8221;:[]},&#8221;is_grouping&#8221;:&#8221;false&#8221;,&#8221;node_type&#8221;:&#8221;section&#8221;,&#8221;children&#8221;:[{&#8220;_id&#8221;:&#8221;\/futebol\/campeonato-goiano\/ao-vivo&#8221;,&#8221;_website&#8221;:&#8221;esportes&#8221;,&#8221;name&#8221;:&#8221;Ao Vivo&#8221;,&#8221;inactive&#8221;:false,&#8221;ancestors&#8221;:{&#8220;default&#8221;:[&#8220;https:\/\/esportes.r7.com\/futebol&#8221;,&#8221;\/futebol\/campeonato-goiano&#8221;]},&#8221;parent&#8221;:{&#8220;default&#8221;:&#8221;\/futebol\/campeonato-goiano&#8221;},&#8221;SEO&#8221;:{&#8220;og_image_id&#8221;:null,&#8221;seo_description&#8221;:&#8221;R7 no Campeonato Goiano: resultados, not\u00edcias e tudo sobre os jogos! Cobertura completa e atualizada para voc\u00ea n\u00e3o perder nada. Clique e fique por dentro!&#8221;,&#8221;seo_tags&#8221;:[&#8220;Goian\u00e3o&#8221;,&#8221;R7&#8243;,&#8221;Campeonato Goiano&#8221;,&#8221;resultados&#8221;,&#8221;not\u00edcias&#8221;,&#8221;jogos&#8221;,&#8221;futebol&#8221;],&#8221;seo_title&#8221;:&#8221;Ao Vivo | Goian\u00e3o 2026 | R7 Esportes &#8220;,&#8221;title_hotsite&#8221;:&#8221;Ao Vivo | Goian\u00e3o 2026 | R7 Esportes &#8220;,&#8221;top_url&#8221;:&#8221;https:\/\/esportes.r7.com\/futebol\/campeonato-goiano\/&#8221;,&#8221;url_og_image&#8221;:null},&#8221;_admin&#8221;:{&#8220;alias_ids&#8221;:[&#8220;\/futebol\/campeonato-goiano\/ao-vivo&#8221;]},&#8221;age_rating&#8221;:{&#8220;classificacao_etaria&#8221;:null},&#8221;age_rating_description&#8221;:{&#8220;atos_criminosos&#8221;:&#8221;false&#8221;,&#8221;conteudo_sexual&#8221;:&#8221;false&#8221;,&#8221;drogas&#8221;:&#8221;false&#8221;,&#8221;drogas_ilicitas&#8221;:&#8221;false&#8221;,&#8221;drogas_licitas&#8221;:&#8221;false&#8221;,&#8221;linguagem_impropria&#8221;:&#8221;false&#8221;,&#8221;medo&#8221;:&#8221;false&#8221;,&#8221;nudez&#8221;:&#8221;false&#8221;,&#8221;procedimentos_medicos&#8221;:&#8221;false&#8221;,&#8221;sexo_explicito&#8221;:&#8221;false&#8221;,&#8221;temas_sensiveis&#8221;:&#8221;false&#8221;,&#8221;violencia&#8221;:&#8221;false&#8221;,&#8221;violencia_extrema&#8221;:&#8221;false&#8221;,&#8221;violencia_fantasiosa&#8221;:&#8221;false&#8221;},&#8221;area_logada&#8221;:{&#8220;exclusive_content&#8221;:&#8221;true&#8221;},&#8221;navigation&#8221;:{&#8220;menu_url&#8221;:null,&#8221;nav_title&#8221;:null},&#8221;newsletter&#8221;:{&#8220;id&#8221;:null},&#8221;publicidade&#8221;:{&#8220;disable_adv&#8221;:&#8221;false&#8221;,&#8221;disable_audima_adv&#8221;:&#8221;false&#8221;,&#8221;disable_taboola&#8221;:&#8221;false&#8221;,&#8221;hash&#8221;:null},&#8221;site&#8221;:{&#8220;coupon_categories&#8221;:&#8221;departamentos&#8221;,&#8221;disable_refresh&#8221;:&#8221;4&#8243;,&#8221;enable_disclaimer&#8221;:&#8221;false&#8221;,&#8221;pagebuilder_path_for_native_apps&#8221;:null,&#8221;site_about&#8221;:null,&#8221;site_description&#8221;:null,&#8221;site_keywords&#8221;:null,&#8221;site_tagline&#8221;:null,&#8221;site_title&#8221;:null,&#8221;site_url&#8221;:null},&#8221;site_topper&#8221;:{&#8220;section_header_image&#8221;:null,&#8221;section_header_image_id&#8221;:null,&#8221;section_header_image_mobile&#8221;:null,&#8221;section_header_image_mobile_id&#8221;:null,&#8221;section_left_color_top&#8221;:null,&#8221;section_primary_color&#8221;:null,&#8221;section_right_color_top&#8221;:null,&#8221;site_logo_image&#8221;:null},&#8221;social&#8221;:{&#8220;facebook&#8221;:null,&#8221;instagram&#8221;:null,&#8221;kwai&#8221;:null,&#8221;rss&#8221;:null,&#8221;twitter&#8221;:null},&#8221;ultimas&#8221;:{&#8220;tab_ultimas&#8221;:[]},&#8221;is_grouping&#8221;:&#8221;false&#8221;,&#8221;node_type&#8221;:&#8221;section&#8221;,&#8221;children&#8221;:[]},{&#8220;_id&#8221;:&#8221;\/futebol\/campeonato-goiano\/tabela&#8221;,&#8221;_website&#8221;:&#8221;esportes&#8221;,&#8221;name&#8221;:&#8221;Tabela&#8221;,&#8221;inactive&#8221;:false,&#8221;ancestors&#8221;:{&#8220;default&#8221;:[&#8220;https:\/\/esportes.r7.com\/futebol&#8221;,&#8221;\/futebol\/campeonato-goiano&#8221;]},&#8221;parent&#8221;:{&#8220;default&#8221;:&#8221;\/futebol\/campeonato-goiano&#8221;},&#8221;SEO&#8221;:{&#8220;og_image_id&#8221;:null,&#8221;seo_description&#8221;:&#8221;Campeonato Goiano com tabela de classifica\u00e7\u00e3o atualizada \u00e9 no R7 Esportes! Confira os pr\u00f3ximos jogos, not\u00edcias e muito mais.&#8221;,&#8221;seo_tags&#8221;:[&#8220;portal r7&#8243;,&#8221;r7 esportes&#8221;,&#8221;classifica\u00e7\u00e3o&#8221;,&#8221;tabela&#8221;,&#8221;esportes&#8221;,&#8221;futebol&#8221;,&#8221;campeonato Goiano&#8221;,&#8221;Goiano&#8221;],&#8221;seo_title&#8221;:&#8221;Tabela e jogos | Goiano 2025| R7 Esportes&#8221;,&#8221;title_hotsite&#8221;:&#8221;Tabela e jogos | Goiano 2026| R7 Esportes&#8221;,&#8221;top_url&#8221;:&#8221;https:\/\/esportes.r7.com\/futebol\/campeonato-goiano\/&#8221;,&#8221;url_og_image&#8221;:null},&#8221;age_rating&#8221;:{&#8220;classificacao_etaria&#8221;:null},&#8221;age_rating_description&#8221;:{&#8220;atos_criminosos&#8221;:&#8221;false&#8221;,&#8221;conteudo_sexual&#8221;:&#8221;false&#8221;,&#8221;drogas&#8221;:&#8221;false&#8221;,&#8221;drogas_ilicitas&#8221;:&#8221;false&#8221;,&#8221;drogas_licitas&#8221;:&#8221;false&#8221;,&#8221;linguagem_impropria&#8221;:&#8221;false&#8221;,&#8221;medo&#8221;:&#8221;false&#8221;,&#8221;nudez&#8221;:&#8221;false&#8221;,&#8221;procedimentos_medicos&#8221;:&#8221;false&#8221;,&#8221;sexo_explicito&#8221;:&#8221;false&#8221;,&#8221;temas_sensiveis&#8221;:&#8221;false&#8221;,&#8221;violencia&#8221;:&#8221;false&#8221;,&#8221;violencia_extrema&#8221;:&#8221;false&#8221;,&#8221;violencia_fantasiosa&#8221;:&#8221;false&#8221;},&#8221;area_logada&#8221;:{&#8220;exclusive_content&#8221;:&#8221;false&#8221;},&#8221;navigation&#8221;:{&#8220;menu_url&#8221;:null,&#8221;nav_title&#8221;:null},&#8221;newsletter&#8221;:{&#8220;id&#8221;:null},&#8221;publicidade&#8221;:{&#8220;disable_adv&#8221;:&#8221;false&#8221;,&#8221;disable_audima_adv&#8221;:&#8221;false&#8221;,&#8221;disable_taboola&#8221;:&#8221;false&#8221;,&#8221;hash&#8221;:null},&#8221;site&#8221;:{&#8220;coupon_categories&#8221;:&#8221;departamentos&#8221;,&#8221;disable_refresh&#8221;:&#8221;4&#8243;,&#8221;enable_disclaimer&#8221;:&#8221;false&#8221;,&#8221;pagebuilder_path_for_native_apps&#8221;:null,&#8221;site_about&#8221;:null,&#8221;site_description&#8221;:null,&#8221;site_keywords&#8221;:null,&#8221;site_tagline&#8221;:null,&#8221;site_title&#8221;:null,&#8221;site_url&#8221;:null},&#8221;site_topper&#8221;:{&#8220;section_header_image&#8221;:null,&#8221;section_header_image_id&#8221;:null,&#8221;section_header_image_mobile&#8221;:null,&#8221;section_header_image_mobile_id&#8221;:null,&#8221;section_left_color_top&#8221;:null,&#8221;section_primary_color&#8221;:null,&#8221;section_right_color_top&#8221;:null,&#8221;site_logo_image&#8221;:null},&#8221;social&#8221;:{&#8220;facebook&#8221;:null,&#8221;instagram&#8221;:null,&#8221;kwai&#8221;:null,&#8221;rss&#8221;:null,&#8221;twitter&#8221;:null},&#8221;ultimas&#8221;:{&#8220;tab_ultimas&#8221;:[]},&#8221;is_grouping&#8221;:&#8221;false&#8221;,&#8221;node_type&#8221;:&#8221;section&#8221;,&#8221;children&#8221;:[]}]}]},&#8221;expires&#8221;:1770247055687,&#8221;lastModified&#8221;:1770246755633},&#8221;{\\&#8221;hierarchy\\&#8221;:\\&#8221;header-navigation-menu\\&#8221;,\\&#8221;sectionId\\&#8221;:\\&#8221;\/\\&#8221;,\\&#8221;siteId\\&#8221;:\\&#8221;r7\\&#8221;}&#8221;:{&#8220;data&#8221;:{&#8220;_id&#8221;:&#8221;\/&#8221;,&#8221;campanha_branded&#8221;:{&#8220;ativar_background_campanha&#8221;:&#8221;false&#8221;,&#8221;ativar_fonte_campanha&#8221;:&#8221;false&#8221;,&#8221;ativar_logo_campanha&#8221;:&#8221;false&#8221;},&#8221;children&#8221;:[{&#8220;_id&#8221;:&#8221;\/menuprincipal-brasilia&#8221;,&#8221;name&#8221;:&#8221;Bras\u00edlia&#8221;,&#8221;navigation&#8221;:{&#8220;menu_url&#8221;:&#8221;https:\/\/noticias.r7.com\/brasilia\/&#8221;,&#8221;nav_title&#8221;:&#8221;Bras\u00edlia&#8221;}},{&#8220;_id&#8221;:&#8221;\/menuprincipal-casa-do-patrao&#8221;,&#8221;name&#8221;:&#8221;Casa do Patr\u00e3o&#8221;,&#8221;navigation&#8221;:{&#8220;menu_url&#8221;:&#8221;https:\/\/record.r7.com\/casa-do-patrao\/&#8221;,&#8221;nav_title&#8221;:&#8221;Casa do Patr\u00e3o&#8221;}},{&#8220;_id&#8221;:&#8221;\/menuprincipal-entretenimento&#8221;,&#8221;name&#8221;:&#8221;Entret\u00ea&#8221;,&#8221;navigation&#8221;:{&#8220;menu_url&#8221;:&#8221;https:\/\/entretenimento.r7.com\/&#8221;,&#8221;nav_title&#8221;:&#8221;Entretenimento&#8221;}},{&#8220;_id&#8221;:&#8221;\/menuprincipal-esportes&#8221;,&#8221;name&#8221;:&#8221;Esportes&#8221;,&#8221;navigation&#8221;:{&#8220;menu_url&#8221;:&#8221;https:\/\/esportes.r7.com\/&#8221;,&#8221;nav_title&#8221;:&#8221;Esportes&#8221;}},{&#8220;_id&#8221;:&#8221;\/menuprincipal-jr24&#8243;,&#8221;name&#8221;:&#8221;JR 24H&#8221;,&#8221;navigation&#8221;:{&#8220;menu_url&#8221;:&#8221;https:\/\/noticias.r7.com\/&#8221;,&#8221;nav_title&#8221;:&#8221;JR 24H&#8221;}},{&#8220;_id&#8221;:&#8221;\/menuprincipal-record&#8221;,&#8221;name&#8221;:&#8221;Record&#8221;,&#8221;navigation&#8221;:{&#8220;menu_url&#8221;:&#8221;https:\/\/record.r7.com\/&#8221;,&#8221;nav_title&#8221;:&#8221;Record&#8221;}},{&#8220;_id&#8221;:&#8221;\/menuprincipal-recordnews&#8221;,&#8221;name&#8221;:&#8221;Record News&#8221;,&#8221;navigation&#8221;:{&#8220;menu_url&#8221;:&#8221;https:\/\/noticias.r7.com\/record-news\/&#8221;,&#8221;nav_title&#8221;:&#8221;Record News&#8221;}}]},&#8221;expires&#8221;:1770247203565,&#8221;lastModified&#8221;:1770246903189},&#8221;{\\&#8221;hierarchy\\&#8221;:\\&#8221;sidebar-navigation-menu\\&#8221;,\\&#8221;sectionId\\&#8221;:\\&#8221;\/\\&#8221;,\\&#8221;siteId\\&#8221;:\\&#8221;r7\\&#8221;}&#8221;:{&#8220;data&#8221;:{&#8220;_id&#8221;:&#8221;\/&#8221;,&#8221;children&#8221;:[{&#8220;_id&#8221;:&#8221;\/menusidebardestaques&#8221;,&#8221;children&#8221;:[{&#8220;_id&#8221;:&#8221;\/menusidebardestaques-blogs&#8221;,&#8221;children&#8221;:[{&#8220;_id&#8221;:&#8221;\/menusidebardestaques-blogs-esportes&#8221;,&#8221;children&#8221;:[{&#8220;_id&#8221;:&#8221;link-XFPWS2PQVFABLATNKVR6APTRUM&#8221;,&#8221;children&#8221;:[],&#8221;display_name&#8221;:&#8221;Blog do Fabiano Farah&#8221;,&#8221;url&#8221;:&#8221;https:\/\/esportes.r7.com\/prisma\/blog-do-fabiano-farah\/&#8221;},{&#8220;_id&#8221;:&#8221;link-M2Y5BRPM7VHU5KKE64FZQN5V4U&#8221;,&#8221;children&#8221;:[],&#8221;display_name&#8221;:&#8221;Blog do F\u00e1bio Gomes&#8221;,&#8221;url&#8221;:&#8221;https:\/\/esportes.r7.com\/prisma\/blog-do-fabio-gomes\/&#8221;},{&#8220;_id&#8221;:&#8221;link-VS3MMASY4ZDYZNQCW2HSD3GICI&#8221;,&#8221;children&#8221;:[],&#8221;display_name&#8221;:&#8221;Blog do Nicola&#8221;,&#8221;url&#8221;:&#8221;https:\/\/esportes.r7.com\/prisma\/blog-do-nicola\/&#8221;},{&#8220;_id&#8221;:&#8221;link-AD3EXISG4BFUHA3WJD6EV742CI&#8221;,&#8221;children&#8221;:[],&#8221;display_name&#8221;:&#8221;Cabe\u00e7a de Chave&#8221;,&#8221;url&#8221;:&#8221;https:\/\/esportes.r7.com\/prisma\/cabeca-de-chave\/&#8221;},{&#8220;_id&#8221;:&#8221;link-MMJD45EZBNCAZAHC57FEVI2OPI&#8221;,&#8221;children&#8221;:[],&#8221;display_name&#8221;:&#8221;Corr\u00ea &#8220;,&#8221;url&#8221;:&#8221;https:\/\/esportes.r7.com\/prisma\/corre\/&#8221;},{&#8220;_id&#8221;:&#8221;link-G55JTEONRVHPFE6DDHFFSDR7RU&#8221;,&#8221;children&#8221;:[],&#8221;display_name&#8221;:&#8221;Cosme R\u00edmoli&#8221;,&#8221;url&#8221;:&#8221;https:\/\/esportes.r7.com\/prisma\/cosme-rimoli\/&#8221;},{&#8220;_id&#8221;:&#8221;link-AFIZ4TZCZVDIPL2ON4GVFMZWJE&#8221;,&#8221;children&#8221;:[],&#8221;display_name&#8221;:&#8221;Gol Delas&#8221;,&#8221;url&#8221;:&#8221;https:\/\/esportes.r7.com\/prisma\/gol-delas\/&#8221;},{&#8220;_id&#8221;:&#8221;link-VVQVJ63K6VFAVPNSGICKKJ3WUE&#8221;,&#8221;children&#8221;:[],&#8221;display_name&#8221;:&#8221;Hist\u00f3ria em Campo&#8221;,&#8221;url&#8221;:&#8221;https:\/\/esportes.r7.com\/prisma\/historia-em-campo\/&#8221;},{&#8220;_id&#8221;:&#8221;link-AYCEBO42GNCQDBECYYPO2YP2S4&#8243;,&#8221;children&#8221;:[],&#8221;display_name&#8221;:&#8221;Jarda por Jarda&#8221;,&#8221;url&#8221;:&#8221;https:\/\/esportes.r7.com\/prisma\/jarda-por-jarda\/&#8221;},{&#8220;_id&#8221;:&#8221;link-CBPFNBPE6RAV5P6MVTMVEF2IPI&#8221;,&#8221;children&#8221;:[],&#8221;display_name&#8221;:&#8221;Varal F.C.&#8221;,&#8221;url&#8221;:&#8221;https:\/\/esportes.r7.com\/prisma\/varal-fc\/&#8221;}],&#8221;name&#8221;:&#8221;Esportes&#8221;,&#8221;navigation&#8221;:{&#8220;menu_url&#8221;:&#8221;https:\/\/esportes.r7.com\/&#8221;,&#8221;nav_title&#8221;:&#8221;Esportes&#8221;}},{&#8220;_id&#8221;:&#8221;\/menusidebardestaques-blogs-entretenimento&#8221;,&#8221;children&#8221;:[{&#8220;_id&#8221;:&#8221;link-Q5G7XZWSUFDQFGAKO72RW3EXIE&#8221;,&#8221;children&#8221;:[],&#8221;display_name&#8221;:&#8221;Backstage&#8221;,&#8221;url&#8221;:&#8221;https:\/\/entretenimento.r7.com\/prisma\/backstage\/&#8221;},{&#8220;_id&#8221;:&#8221;link-GF76NO2ZK5FC5MTDPEDOMRAFUY&#8221;,&#8221;children&#8221;:[],&#8221;display_name&#8221;:&#8221;Blog da Tha\u00eds Sant&#8217;Anna&#8221;,&#8221;url&#8221;:&#8221;https:\/\/entretenimento.r7.com\/prisma\/blog-da-thais-santanna\/&#8221;},{&#8220;_id&#8221;:&#8221;link-OTNDOWG4R5CUNALW2XFE5K5XBY&#8221;,&#8221;children&#8221;:[],&#8221;display_name&#8221;:&#8221;Cine R7&#8243;,&#8221;url&#8221;:&#8221;https:\/\/entretenimento.r7.com\/prisma\/cine-r7\/&#8221;},{&#8220;_id&#8221;:&#8221;link-IGFBMOWZ6NFEVOECKB2XTTZG7Q&#8221;,&#8221;children&#8221;:[],&#8221;display_name&#8221;:&#8221;Cinema de Segunda&#8221;,&#8221;url&#8221;:&#8221;https:\/\/entretenimento.r7.com\/prisma\/cinema-de-segunda\/&#8221;},{&#8220;_id&#8221;:&#8221;link-5B42R2WAQRH3HCJRH4W2UD3BGI&#8221;,&#8221;children&#8221;:[],&#8221;display_name&#8221;:&#8221;Do Meu Tempo&#8221;,&#8221;url&#8221;:&#8221;https:\/\/entretenimento.r7.com\/prisma\/do-meu-tempo\/&#8221;},{&#8220;_id&#8221;:&#8221;link-Z577XL62AJEHFKMTRUENP7XUPQ&#8221;,&#8221;children&#8221;:[],&#8221;display_name&#8221;:&#8221;Enigmas do Rock&#8221;,&#8221;url&#8221;:&#8221;https:\/\/entretenimento.r7.com\/prisma\/enigmas-do-rock\/&#8221;},{&#8220;_id&#8221;:&#8221;link-FYKT5N4A5NALNCHR4VFVVCIR3M&#8221;,&#8221;children&#8221;:[],&#8221;display_name&#8221;:&#8221;Essa eh do Rock&#8221;,&#8221;url&#8221;:&#8221;https:\/\/entretenimento.r7.com\/prisma\/essa-eh-do-rock\/&#8221;},{&#8220;_id&#8221;:&#8221;link-2A6VS25UQZFR7F7A4AML76DELE&#8221;,&#8221;children&#8221;:[],&#8221;display_name&#8221;:&#8221;Estante da Vivi&#8221;,&#8221;url&#8221;:&#8221;https:\/\/entretenimento.r7.com\/prisma\/estante-da-vivi\/&#8221;},{&#8220;_id&#8221;:&#8221;link-PKJNYKOUQRAELGZ5PVC3LO2MQY&#8221;,&#8221;children&#8221;:[],&#8221;display_name&#8221;:&#8221;Fabiola Reipert&#8221;,&#8221;url&#8221;:&#8221;https:\/\/entretenimento.r7.com\/prisma\/fabiola-reipert\/&#8221;},{&#8220;_id&#8221;:&#8221;link-LO6DIYSC2NGGZLJ3BNSKALERNY&#8221;,&#8221;children&#8221;:[],&#8221;display_name&#8221;:&#8221;Jo\u00e3o Liberato Sem Roteiro&#8221;,&#8221;url&#8221;:&#8221;https:\/\/entretenimento.r7.com\/prisma\/joao-liberato-sem-roteiro\/&#8221;},{&#8220;_id&#8221;:&#8221;link-Y4DGGQAK2ZEPNKWNSIN5TBXU6Y&#8221;,&#8221;children&#8221;:[],&#8221;display_name&#8221;:&#8221;Keila Jimenez&#8221;,&#8221;url&#8221;:&#8221;https:\/\/entretenimento.r7.com\/prisma\/keila-jimenez\/&#8221;},{&#8220;_id&#8221;:&#8221;link-COXWATLFHVBTRKL2OGFESNRYYI&#8221;,&#8221;children&#8221;:[],&#8221;display_name&#8221;:&#8221;Melhor n\u00e3o Ler&#8221;,&#8221;url&#8221;:&#8221;https:\/\/entretenimento.r7.com\/prisma\/melhor-nao-ler\/&#8221;},{&#8220;_id&#8221;:&#8221;link-KDTQKCZ4LRCFFIN4GSZLTDYSLI&#8221;,&#8221;children&#8221;:[],&#8221;display_name&#8221;:&#8221;Musikorama&#8221;,&#8221;url&#8221;:&#8221;https:\/\/entretenimento.r7.com\/prisma\/musikorama\/&#8221;},{&#8220;_id&#8221;:&#8221;link-M6UEPJLXWZFJBBNC7HPWAWYR3Q&#8221;,&#8221;children&#8221;:[],&#8221;display_name&#8221;:&#8221;Next Play&#8221;,&#8221;url&#8221;:&#8221;https:\/\/entretenimento.r7.com\/prisma\/next-play\/&#8221;},{&#8220;_id&#8221;:&#8221;link-BIXZDECP35DGZO2CNMZWPSY5EI&#8221;,&#8221;children&#8221;:[],&#8221;display_name&#8221;:&#8221;R7 Teatro&#8221;,&#8221;url&#8221;:&#8221;https:\/\/entretenimento.r7.com\/prisma\/r7-teatro\/&#8221;},{&#8220;_id&#8221;:&#8221;link-VZO5PC4D6JG3XGZJNMJCBQKPGQ&#8221;,&#8221;children&#8221;:[],&#8221;display_name&#8221;:&#8221;Se eu fosse eu&#8221;,&#8221;url&#8221;:&#8221;https:\/\/entretenimento.r7.com\/prisma\/se-eu-fosse-eu\/&#8221;},{&#8220;_id&#8221;:&#8221;link-HZ54EXCUNZF6NFCWYUWA6C3JHM&#8221;,&#8221;children&#8221;:[],&#8221;display_name&#8221;:&#8221;Testemunha da Hist\u00f3ria&#8221;,&#8221;url&#8221;:&#8221;https:\/\/entretenimento.r7.com\/prisma\/testemunha-da-historia\/&#8221;},{&#8220;_id&#8221;:&#8221;link-ZZXVIKVOVRDAREULP4ZVRFZLPM&#8221;,&#8221;children&#8221;:[],&#8221;display_name&#8221;:&#8221;Ref\u00fagio Geek&#8221;,&#8221;url&#8221;:&#8221;https:\/\/entretenimento.r7.com\/prisma\/refugio-geek\/&#8221;},{&#8220;_id&#8221;:&#8221;link-EMZMZQZSVNGUBK3AWTPD7ZNGRU&#8221;,&#8221;children&#8221;:[],&#8221;display_name&#8221;:&#8221;ViraliS\u00f4&#8221;,&#8221;url&#8221;:&#8221;https:\/\/entretenimento.r7.com\/prisma\/viraliso\/ &#8220;},{&#8220;_id&#8221;:&#8221;link-RLHQM7XYJFC2TC5Z3DT5EG2BTM&#8221;,&#8221;children&#8221;:[],&#8221;display_name&#8221;:&#8221;Viola no Peda\u00e7o&#8221;,&#8221;url&#8221;:&#8221;https:\/\/entretenimento.r7.com\/prisma\/viola-no-pedaco\/&#8221;},{&#8220;_id&#8221;:&#8221;link-OQX45IPXIRBWLIXVCJK34UVJWY&#8221;,&#8221;children&#8221;:[],&#8221;display_name&#8221;:&#8221;Vivendo em Studio&#8221;,&#8221;url&#8221;:&#8221;https:\/\/entretenimento.r7.com\/vivaavida\/prisma\/vivendo-em-studio\/ &#8220;}],&#8221;name&#8221;:&#8221;Entretenimento&#8221;,&#8221;navigation&#8221;:{&#8220;menu_url&#8221;:&#8221;https:\/\/entretenimento.r7.com\/&#8221;,&#8221;nav_title&#8221;:&#8221;Entretenimento&#8221;}},{&#8220;_id&#8221;:&#8221;\/menusidebardestaques-blogs-jr24&#8243;,&#8221;children&#8221;:[{&#8220;_id&#8221;:&#8221;link-6IBYHBQ3WNDOHMH2VMTTGR2CEY&#8221;,&#8221;children&#8221;:[],&#8221;display_name&#8221;:&#8221;Al\u00e9m das Embaixadas&#8221;,&#8221;url&#8221;:&#8221;https:\/\/noticias.r7.com\/prisma\/alem-das-embaixadas\/&#8221;},{&#8220;_id&#8221;:&#8221;link-YHRZTWCU7VABDCARFS6THPEHSY&#8221;,&#8221;children&#8221;:[],&#8221;display_name&#8221;:&#8221;Al\u00e9m do Marketing&#8221;,&#8221;url&#8221;:&#8221;https:\/\/noticias.r7.com\/prisma\/alem-do-marketing\/&#8221;},{&#8220;_id&#8221;:&#8221;link-T3HZMMTKDVDRXIHREWDK2OZSPM&#8221;,&#8221;children&#8221;:[],&#8221;display_name&#8221;:&#8221;Arquivo Vivo&#8221;,&#8221;url&#8221;:&#8221;https:\/\/noticias.r7.com\/prisma\/arquivo-vivo\/&#8221;},{&#8220;_id&#8221;:&#8221;link-JJWKUDRY7FHDXL23H3BUWI6TVU&#8221;,&#8221;children&#8221;:[],&#8221;display_name&#8221;:&#8221;Bloco de Notas&#8221;,&#8221;url&#8221;:&#8221;https:\/\/noticias.r7.com\/prisma\/bloco-de-notas-com-gabriel-graciano\/&#8221;},{&#8220;_id&#8221;:&#8221;link-POQRCBDNT5HSRMKPQN7PGK3EEY&#8221;,&#8221;children&#8221;:[],&#8221;display_name&#8221;:&#8221;Blog da Farfan&#8221;,&#8221;url&#8221;:&#8221;https:\/\/noticias.r7.com\/prisma\/blog-da-farfan\/&#8221;},{&#8220;_id&#8221;:&#8221;link-NDL7IUAG7RD7VKJ6MTVW7HMPVY&#8221;,&#8221;children&#8221;:[],&#8221;display_name&#8221;:&#8221;Blog da Nat\u00e1lia Martins&#8221;,&#8221;url&#8221;:&#8221;https:\/\/noticias.r7.com\/prisma\/natalia-martins\/&#8221;},{&#8220;_id&#8221;:&#8221;link-4JD6MLVHXFEPZNHFCNEPAJT4XQ&#8221;,&#8221;children&#8221;:[],&#8221;display_name&#8221;:&#8221;Blog do Empreendedor&#8221;,&#8221;url&#8221;:&#8221;https:\/\/noticias.r7.com\/prisma\/blog-do-empreendedor\/&#8221;},{&#8220;_id&#8221;:&#8221;link-7W3JZ47ACNAJJANHPJUCX5VS4M&#8221;,&#8221;children&#8221;:[],&#8221;display_name&#8221;:&#8221;Blog Dr. Piterson Gomes&#8221;,&#8221;url&#8221;:&#8221;https:\/\/noticias.r7.com\/prisma\/dr-piterson-gomes\/&#8221;},{&#8220;_id&#8221;:&#8221;link-G4HUFF5AQ5ATZJCLHOVE5LFLDM&#8221;,&#8221;children&#8221;:[],&#8221;display_name&#8221;:&#8221;Blog do Galante&#8221;,&#8221;url&#8221;:&#8221;https:\/\/noticias.r7.com\/prisma\/blog-do-galante\/&#8221;},{&#8220;_id&#8221;:&#8221;link-YVG2XXLAKJBJ5NJX5ALYLW43BA&#8221;,&#8221;children&#8221;:[],&#8221;display_name&#8221;:&#8221;Blog do Nolasco&#8221;,&#8221;url&#8221;:&#8221;https:\/\/noticias.r7.com\/prisma\/blog-do-nolasco\/&#8221;},{&#8220;_id&#8221;:&#8221;link-UNJ73XBDJNBB5M2JEDSCUZJ6ME&#8221;,&#8221;children&#8221;:[],&#8221;display_name&#8221;:&#8221;Blog do Zamataro&#8221;,&#8221;url&#8221;:&#8221;https:\/\/noticias.r7.com\/prisma\/blog-do-zamataro\/&#8221;},{&#8220;_id&#8221;:&#8221;link-K7WCDMTQERBB3OBXOHYGJXVG54&#8243;,&#8221;children&#8221;:[],&#8221;display_name&#8221;:&#8221;Ch\u00e1 de Ideias&#8221;,&#8221;url&#8221;:&#8221;https:\/\/noticias.r7.com\/prisma\/cha-de-ideias\/&#8221;},{&#8220;_id&#8221;:&#8221;link-HWW3KXSPKZBIFBNUP2LTO34USU&#8221;,&#8221;children&#8221;:[],&#8221;display_name&#8221;:&#8221;Ci\u00eancia para o Dia a Dia&#8221;,&#8221;url&#8221;:&#8221;https:\/\/noticias.r7.com\/prisma\/ciencia-para-o-dia-a-dia\/&#8221;},{&#8220;_id&#8221;:&#8221;link-HDIG3GBLCVAW5GRBFNV25WDWHQ&#8221;,&#8221;children&#8221;:[],&#8221;display_name&#8221;:&#8221;Christina Lemos&#8221;,&#8221;url&#8221;:&#8221;https:\/\/noticias.r7.com\/prisma\/christina-lemos\/&#8221;},{&#8220;_id&#8221;:&#8221;link-KAT2SOT5VRDI7O7WMKECISGY3U&#8221;,&#8221;children&#8221;:[],&#8221;display_name&#8221;:&#8221;Direito e Vida Real&#8221;,&#8221;url&#8221;:&#8221;https:\/\/noticias.r7.com\/prisma\/direito-e-vida-real\/&#8221;},{&#8220;_id&#8221;:&#8221;link-MGIMRMHO4NB2LCKYNXYJJAUEEQ&#8221;,&#8221;children&#8221;:[],&#8221;display_name&#8221;:&#8221;Empreendendo Direito&#8221;,&#8221;url&#8221;:&#8221;https:\/\/noticias.r7.com\/prisma\/empreendendo-direito\/&#8221;},{&#8220;_id&#8221;:&#8221;link-7UIXX5WLZVEZNIJ4XZLHUT2BIU&#8221;,&#8221;children&#8221;:[],&#8221;display_name&#8221;:&#8221;Encurtando Dist\u00e2ncias&#8221;,&#8221;url&#8221;:&#8221;https:\/\/noticias.r7.com\/prisma\/encurtando-distancias\/&#8221;},{&#8220;_id&#8221;:&#8221;link-O3Z2JPTJXVFEZIROERSPMDES5M&#8221;,&#8221;children&#8221;:[],&#8221;display_name&#8221;:&#8221;Espa\u00e7o Prisma&#8221;,&#8221;url&#8221;:&#8221;https:\/\/noticias.r7.com\/prisma\/espaco-prisma\/&#8221;},{&#8220;_id&#8221;:&#8221;link-LCW6DPBPKZDD3DFRS6UE6Q2ZQA&#8221;,&#8221;children&#8221;:[],&#8221;display_name&#8221;:&#8221;Eu quero o sucesso&#8221;,&#8221;url&#8221;:&#8221;https:\/\/noticias.r7.com\/prisma\/eu-quero-o-sucesso\/ &#8220;},{&#8220;_id&#8221;:&#8221;link-U542Z3MRP5HH3MBS64LY2NG2OM&#8221;,&#8221;children&#8221;:[],&#8221;display_name&#8221;:&#8221;Fiscal do Clima&#8221;,&#8221;url&#8221;:&#8221;https:\/\/noticias.r7.com\/prisma\/fiscal-do-clima\/&#8221;},{&#8220;_id&#8221;:&#8221;link-FGRU235MWBFRJARA7KHSZLKXQQ&#8221;,&#8221;children&#8221;:[],&#8221;display_name&#8221;:&#8221;Her\u00f3doto Barbeiro&#8221;,&#8221;url&#8221;:&#8221;https:\/\/noticias.r7.com\/prisma\/herodoto-barbeiro\/&#8221;},{&#8220;_id&#8221;:&#8221;link-YE5WLXA6YJAHTMOHHZVYGTFQKE&#8221;,&#8221;children&#8221;:[],&#8221;display_name&#8221;:&#8221;Intelig\u00eancia Cotidiana&#8221;,&#8221;url&#8221;:&#8221;https:\/\/noticias.r7.com\/prisma\/inteligencia-cotidiana\/&#8221;},{&#8220;_id&#8221;:&#8221;link-NRIYTXMKDVD2JJPNBYOOOQBTBI&#8221;,&#8221;children&#8221;:[],&#8221;display_name&#8221;:&#8221;Joel Renn\u00f3 Jr.&#8221;,&#8221;url&#8221;:&#8221;https:\/\/noticias.r7.com\/prisma\/joel-renno-jr\/&#8221;},{&#8220;_id&#8221;:&#8221;link-RY6Z3Z5WONGOFAKMIOSVG775SE&#8221;,&#8221;children&#8221;:[],&#8221;display_name&#8221;:&#8221;Luiz Fara Monteiro&#8221;,&#8221;url&#8221;:&#8221;https:\/\/noticias.r7.com\/prisma\/luiz-fara-monteiro\/&#8221;},{&#8220;_id&#8221;:&#8221;link-JEMHHJLGYBDOBFB6SIO26NOW5M&#8221;,&#8221;children&#8221;:[],&#8221;display_name&#8221;:&#8221;Mulheres Positivas&#8221;,&#8221;url&#8221;:&#8221;https:\/\/noticias.r7.com\/prisma\/mulheres-positivas\/&#8221;},{&#8220;_id&#8221;:&#8221;link-WWXELZSBRVGHZMVSI3EPSIWL3A&#8221;,&#8221;children&#8221;:[],&#8221;display_name&#8221;:&#8221;Mundo Agro&#8221;,&#8221;url&#8221;:&#8221;https:\/\/noticias.r7.com\/prisma\/mundo-agro\/&#8221;},{&#8220;_id&#8221;:&#8221;link-RQSAB32K45DVDCNJ4UNP4PCFFQ&#8221;,&#8221;children&#8221;:[],&#8221;display_name&#8221;:&#8221;Na Veia&#8221;,&#8221;url&#8221;:&#8221;https:\/\/noticias.r7.com\/prisma\/na-veia\/&#8221;},{&#8220;_id&#8221;:&#8221;link-LDLCSOKPAVFCFNSNJFJIF43Y2Q&#8221;,&#8221;children&#8221;:[],&#8221;display_name&#8221;:&#8221;Por Dentro da Not\u00edcia&#8221;,&#8221;url&#8221;:&#8221;https:\/\/noticias.r7.com\/prisma\/por-dentro-da-noticia\/&#8221;},{&#8220;_id&#8221;:&#8221;link-7DEKVSMVK5DMJNYLUCFIJYP55I&#8221;,&#8221;children&#8221;:[],&#8221;display_name&#8221;:&#8221;Porta de Delegacia&#8221;,&#8221;url&#8221;:&#8221;https:\/\/noticias.r7.com\/prisma\/porta-de-delegacia\/&#8221;},{&#8220;_id&#8221;:&#8221;link-HLGNBY4DDVA2XAKNDT4UIMWHHM&#8221;,&#8221;children&#8221;:[],&#8221;display_name&#8221;:&#8221;Quarta Inst\u00e2ncia&#8221;,&#8221;url&#8221;:&#8221;https:\/\/noticias.r7.com\/prisma\/quarta-instancia\/&#8221;},{&#8220;_id&#8221;:&#8221;link-3OH3HPGYSZA5VFF427PWKVXYYU&#8221;,&#8221;children&#8221;:[],&#8221;display_name&#8221;:&#8221;R7 Planalto&#8221;,&#8221;url&#8221;:&#8221;https:\/\/noticias.r7.com\/prisma\/r7-planalto\/&#8221;},{&#8220;_id&#8221;:&#8221;link-Y3ZUESS2NZF5RBQBFZDM3VRKQ4&#8243;,&#8221;children&#8221;:[],&#8221;display_name&#8221;:&#8221;Refletindo Sobre a Not\u00edcia&#8221;,&#8221;url&#8221;:&#8221;https:\/\/noticias.r7.com\/prisma\/refletindo-sobre-a-noticia-por-ana-carolina-cury\/&#8221;},{&#8220;_id&#8221;:&#8221;link-NP4EOIJ4C5EGJPII34LVOCPND4&#8243;,&#8221;children&#8221;:[],&#8221;display_name&#8221;:&#8221;Tr\u00eas Poderes&#8221;,&#8221;url&#8221;:&#8221;https:\/\/noticias.r7.com\/prisma\/tres-poderes\/&#8221;},{&#8220;_id&#8221;:&#8221;link-E3UNUEJOD5HO7OV4HGJ63Y4VEY&#8221;,&#8221;children&#8221;:[],&#8221;display_name&#8221;:&#8221;Trilha do Agro&#8221;,&#8221;url&#8221;:&#8221;https:\/\/noticias.r7.com\/prisma\/trilha-do-agro\/&#8221;}],&#8221;name&#8221;:&#8221;JR 24H&#8221;,&#8221;navigation&#8221;:{&#8220;menu_url&#8221;:&#8221;https:\/\/noticias.r7.com\/&#8221;,&#8221;nav_title&#8221;:&#8221;JR 24H&#8221;}},{&#8220;_id&#8221;:&#8221;\/menusidebardestaques-blogs-mobilidade&#8221;,&#8221;children&#8221;:[{&#8220;_id&#8221;:&#8221;link-KEAEDM6J3ZBCXLJGJT3JHPKL4A&#8221;,&#8221;children&#8221;:[],&#8221;display_name&#8221;:&#8221;Auto Carros&#8221;,&#8221;url&#8221;:&#8221;https:\/\/noticias.r7.com\/prisma\/autos-carros\/&#8221;},{&#8220;_id&#8221;:&#8221;link-WRTZURLA5JBXHE54JJPDR5RP3U&#8221;,&#8221;children&#8221;:[],&#8221;display_name&#8221;:&#8221;Garagem R7&#8243;,&#8221;url&#8221;:&#8221;https:\/\/entretenimento.r7.com\/prisma\/garagem-r7\/&#8221;}],&#8221;name&#8221;:&#8221;Mobilidade&#8221;,&#8221;navigation&#8221;:{&#8220;menu_url&#8221;:&#8221;https:\/\/noticias.r7.com\/mobilidade\/&#8221;,&#8221;nav_title&#8221;:&#8221;Mobilidade&#8221;}},{&#8220;_id&#8221;:&#8221;\/menusidebardestaques-blogs-rendaextra&#8221;,&#8221;children&#8221;:[{&#8220;_id&#8221;:&#8221;link-5JTKALNPVZFOTCBQAKCMKPHRUQ&#8221;,&#8221;children&#8221;:[],&#8221;display_name&#8221;:&#8221;Conta em Dia&#8221;,&#8221;url&#8221;:&#8221;https:\/\/noticias.r7.com\/prisma\/conta-em-dia\/&#8221;}],&#8221;name&#8221;:&#8221;Renda Extra&#8221;,&#8221;navigation&#8221;:{&#8220;menu_url&#8221;:&#8221;https:\/\/noticias.r7.com\/renda-extra\/&#8221;,&#8221;nav_title&#8221;:&#8221;Renda Extra&#8221;}},{&#8220;_id&#8221;:&#8221;\/menusidebardestaques-blogs-rpet&#8221;,&#8221;children&#8221;:[{&#8220;_id&#8221;:&#8221;link-WMJYF5WGJZD65K7YLZHBS2Y73U&#8221;,&#8221;children&#8221;:[],&#8221;display_name&#8221;:&#8221;Entre Pets e Beijos&#8221;,&#8221;url&#8221;:&#8221;https:\/\/entretenimento.r7.com\/rpet\/prisma\/entre-pets-e-beijos\/&#8221;},{&#8220;_id&#8221;:&#8221;link-A25KTYVN3ZFPTKN3XAE2ZVVQBE&#8221;,&#8221;children&#8221;:[],&#8221;display_name&#8221;:&#8221;Pai de Cachorro&#8221;,&#8221;url&#8221;:&#8221;https:\/\/entretenimento.r7.com\/rpet\/prisma\/pai-de-cachorro\/&#8221;}],&#8221;name&#8221;:&#8221;RPet&#8221;,&#8221;navigation&#8221;:{&#8220;menu_url&#8221;:&#8221;https:\/\/entretenimento.r7.com\/rpet\/&#8221;,&#8221;nav_title&#8221;:&#8221;RPet&#8221;}},{&#8220;_id&#8221;:&#8221;\/menusidebardestaques-blogs-r7receitas&#8221;,&#8221;children&#8221;:[{&#8220;_id&#8221;:&#8221;link-CPLQJAEWGZANVHDBLUPYC6AZ2M&#8221;,&#8221;children&#8221;:[],&#8221;display_name&#8221;:&#8221;Adega do D\u00e9co&#8221;,&#8221;url&#8221;:&#8221;https:\/\/entretenimento.r7.com\/vivaavida\/prisma\/adega-do-deco\/&#8221;},{&#8220;_id&#8221;:&#8221;link-IF52ETUZXNBWLLQCDBTD5N3Y3A&#8221;,&#8221;children&#8221;:[],&#8221;display_name&#8221;:&#8221;Aprendiz de Cozinheira&#8221;,&#8221;url&#8221;:&#8221;https:\/\/entretenimento.r7.com\/vivaavida\/prisma\/aprendiz-de-cozinheira\/&#8221;},{&#8220;_id&#8221;:&#8221;link-PUNHNTU6RNCZFEPUHEIDZFJYJA&#8221;,&#8221;children&#8221;:[],&#8221;display_name&#8221;:&#8221;Contra R\u00f3tulo&#8221;,&#8221;url&#8221;:&#8221;https:\/\/entretenimento.r7.com\/vivaavida\/prisma\/contra-rotulo\/&#8221;},{&#8220;_id&#8221;:&#8221;link-O7VWG34JDFCJHDJOEWNDNYQJN4&#8243;,&#8221;children&#8221;:[],&#8221;display_name&#8221;:&#8221;\u00c9 de Comer&#8221;,&#8221;url&#8221;:&#8221;https:\/\/entretenimento.r7.com\/vivaavida\/prisma\/e-de-comer\/&#8221;},{&#8220;_id&#8221;:&#8221;link-T7NKGEON6BGHLG6XODFZ2URWAE&#8221;,&#8221;children&#8221;:[],&#8221;display_name&#8221;:&#8221;Entre Dois P\u00e3es&#8221;,&#8221;url&#8221;:&#8221;https:\/\/entretenimento.r7.com\/prisma\/entre-dois-paes\/&#8221;},{&#8220;_id&#8221;:&#8221;link-K6D5Z2M245EEFGA7OSFVTMMVU4&#8243;,&#8221;children&#8221;:[],&#8221;display_name&#8221;:&#8221;Rafael Ferraz&#8221;,&#8221;url&#8221;:&#8221;https:\/\/entretenimento.r7.com\/vivaavida\/prisma\/rafael-ferraz\/&#8221;}],&#8221;name&#8221;:&#8221;R7 Receitas&#8221;,&#8221;navigation&#8221;:{&#8220;menu_url&#8221;:&#8221;https:\/\/entretenimento.r7.com\/receitas\/&#8221;,&#8221;nav_title&#8221;:&#8221;R7 Receitas&#8221;}},{&#8220;_id&#8221;:&#8221;\/menusidebardestaques-blogs-vivaavida&#8221;,&#8221;children&#8221;:[{&#8220;_id&#8221;:&#8221;link-2I7NKDB4FZH2TNYTGRBENT3M4E&#8221;,&#8221;children&#8221;:[],&#8221;display_name&#8221;:&#8221;Achamos em Minas&#8221;,&#8221;url&#8221;:&#8221;https:\/\/entretenimento.r7.com\/vivaavida\/prisma\/achamos-em-minas\/&#8221;},{&#8220;_id&#8221;:&#8221;link-MSBX2VVTX5GC3DF6U277FTAPZA&#8221;,&#8221;children&#8221;:[],&#8221;display_name&#8221;:&#8221;Como ser Saud\u00e1vel&#8221;,&#8221;url&#8221;:&#8221;https:\/\/entretenimento.r7.com\/vivaavida\/prisma\/como-ser-saudavel\/&#8221;},{&#8220;_id&#8221;:&#8221;link-MLWBNHDT5FHPJON3XJE6G6YIGQ&#8221;,&#8221;children&#8221;:[],&#8221;display_name&#8221;:&#8221;Descubra BH&#8221;,&#8221;url&#8221;:&#8221;https:\/\/entretenimento.r7.com\/vivaavida\/prisma\/descubra-bh\/&#8221;},{&#8220;_id&#8221;:&#8221;link-5EGFM4CVRJFF7NMS6UBTTXIOPI&#8221;,&#8221;children&#8221;:[],&#8221;display_name&#8221;:&#8221;DiFato, Tudo Importa!&#8221;,&#8221;url&#8221;:&#8221;https:\/\/entretenimento.r7.com\/vivaavida\/prisma\/difato-tudo-importa\/&#8221;},{&#8220;_id&#8221;:&#8221;link-CW3KEAHMVFCHFIHH3AZ77KF5YQ&#8221;,&#8221;children&#8221;:[],&#8221;display_name&#8221;:&#8221;Estileira&#8221;,&#8221;url&#8221;:&#8221;https:\/\/entretenimento.r7.com\/vivaavida\/prisma\/estileira\/&#8221;},{&#8220;_id&#8221;:&#8221;link-EI4BDOAQQJHUJK6WBZLGEKA6KM&#8221;,&#8221;children&#8221;:[],&#8221;display_name&#8221;:&#8221;Estilo em Movimento&#8221;,&#8221;url&#8221;:&#8221;https:\/\/entretenimento.r7.com\/vivaavida\/prisma\/estilo-em-movimento\/&#8221;},{&#8220;_id&#8221;:&#8221;link-UJXM5TVIK5BV7I7B5WMLV6UUCQ&#8221;,&#8221;children&#8221;:[],&#8221;display_name&#8221;:&#8221;Luxo em Cena&#8221;,&#8221;url&#8221;:&#8221;https:\/\/entretenimento.r7.com\/vivaavida\/prisma\/luxo-em-cena\/&#8221;},{&#8220;_id&#8221;:&#8221;link-NU7RCGFAF5A47J4M7QMJOMFBJM&#8221;,&#8221;children&#8221;:[],&#8221;display_name&#8221;:&#8221;Makes &amp; Afins&#8221;,&#8221;url&#8221;:&#8221;https:\/\/entretenimento.r7.com\/vivaavida\/prisma\/makes-e-afins\/&#8221;},{&#8220;_id&#8221;:&#8221;link-J6G5OMXQ6VDA3BLJZNDALBW6FE&#8221;,&#8221;children&#8221;:[],&#8221;display_name&#8221;:&#8221;Maria do Caos&#8221;,&#8221;url&#8221;:&#8221;https:\/\/entretenimento.r7.com\/vivaavida\/prisma\/maria-do-caos\/&#8221;},{&#8220;_id&#8221;:&#8221;link-ESI7SR6SYVBGPKLESLU57SPO2A&#8221;,&#8221;children&#8221;:[],&#8221;display_name&#8221;:&#8221;Meu Umbigo&#8221;,&#8221;url&#8221;:&#8221;https:\/\/entretenimento.r7.com\/vivaavida\/prisma\/meu-umbigo\/&#8221;},{&#8220;_id&#8221;:&#8221;link-VLEAMRD67ZFBBEUCQEXQ4KGPIM&#8221;,&#8221;children&#8221;:[],&#8221;display_name&#8221;:&#8221;Mundo Pra Viver&#8221;,&#8221;url&#8221;:&#8221;https:\/\/entretenimento.r7.com\/vivaavida\/prisma\/mundo-pra-viver\/&#8221;},{&#8220;_id&#8221;:&#8221;link-2WMVDUWSRZCSLFWCJFA6ID7BZA&#8221;,&#8221;children&#8221;:[],&#8221;display_name&#8221;:&#8221;Na Mesa com Cerveja&#8221;,&#8221;url&#8221;:&#8221;https:\/\/entretenimento.r7.com\/vivaavida\/prisma\/na-mesa-com-cerveja&#8221;},{&#8220;_id&#8221;:&#8221;link-AC5ZHTBTURE77OLER4NPXUIS3I&#8221;,&#8221;children&#8221;:[],&#8221;display_name&#8221;:&#8221;Na Minha Ta\u00e7a&#8221;,&#8221;url&#8221;:&#8221;https:\/\/entretenimento.r7.com\/vivaavida\/prisma\/na-minha-taca\/&#8221;},{&#8220;_id&#8221;:&#8221;link-X4PCDVU2VBBYLKJAZUCPYVT3GE&#8221;,&#8221;children&#8221;:[],&#8221;display_name&#8221;:&#8221;Noleto na Amaz\u00f4nia&#8221;,&#8221;url&#8221;:&#8221;https:\/\/entretenimento.r7.com\/vivaavida\/prisma\/noleto-na-amazonia&#8221;},{&#8220;_id&#8221;:&#8221;link-UZAKLR3E5VEAPGPN6YUIWYTCAE&#8221;,&#8221;children&#8221;:[],&#8221;display_name&#8221;:&#8221;Obesidade sem Tabu&#8221;,&#8221;url&#8221;:&#8221;https:\/\/entretenimento.r7.com\/vivaavida\/prisma\/obesidade-sem-tabu\/&#8221;},{&#8220;_id&#8221;:&#8221;link-BOWWCIJST5H7VDJRHXAAZ3T6D4&#8243;,&#8221;children&#8221;:[],&#8221;display_name&#8221;:&#8221;Papo de Paciente&#8221;,&#8221;url&#8221;:&#8221;https:\/\/entretenimento.r7.com\/vivaavida\/prisma\/papo-de-paciente\/&#8221;},{&#8220;_id&#8221;:&#8221;link-IFTLXYWAXNEMZPFBL4FJDACOKM&#8221;,&#8221;children&#8221;:[],&#8221;display_name&#8221;:&#8221;Passaporte para o mundo&#8221;,&#8221;url&#8221;:&#8221;https:\/\/entretenimento.r7.com\/vivaavida\/prisma\/passaporte-para-o-mundo\/&#8221;},{&#8220;_id&#8221;:&#8221;link-NWT5C43Y5FHL3ORGIISP7CVRXM&#8221;,&#8221;children&#8221;:[],&#8221;display_name&#8221;:&#8221;Patricia Lages&#8221;,&#8221;url&#8221;:&#8221;https:\/\/entretenimento.r7.com\/vivaavida\/patricia-lages\/&#8221;},{&#8220;_id&#8221;:&#8221;link-Q5RBK2BR35ETTLQPAVBHCD4XQM&#8221;,&#8221;children&#8221;:[],&#8221;display_name&#8221;:&#8221;Por A\u00ed&#8221;,&#8221;url&#8221;:&#8221;https:\/\/entretenimento.r7.com\/vivaavida\/prisma\/por-ai\/&#8221;},{&#8220;_id&#8221;:&#8221;link-CVJDPUOBHBEKTKGKNBHRMLDQ5M&#8221;,&#8221;children&#8221;:[],&#8221;display_name&#8221;:&#8221;Tempinho Juntos&#8221;,&#8221;url&#8221;:&#8221;https:\/\/entretenimento.r7.com\/vivaavida\/prisma\/tempinho-juntos\/&#8221;}],&#8221;name&#8221;:&#8221;Viva a Vida&#8221;,&#8221;navigation&#8221;:{&#8220;menu_url&#8221;:&#8221;https:\/\/entretenimento.r7.com\/vivaavida\/&#8221;,&#8221;nav_title&#8221;:&#8221;Viva a Vida&#8221;}}],&#8221;name&#8221;:&#8221;Blogs&#8221;,&#8221;navigation&#8221;:{&#8220;menu_url&#8221;:&#8221;https:\/\/prisma.r7.com\/todos-os-blogs&#8221;,&#8221;nav_title&#8221;:&#8221;Blogs&#8221;}},{&#8220;_id&#8221;:&#8221;link-N7V6EQXPUBANZAW2HY3CL7UA3I&#8221;,&#8221;children&#8221;:[],&#8221;display_name&#8221;:&#8221;Brasileir\u00e3o 2026&#8243;,&#8221;url&#8221;:&#8221;https:\/\/esportes.r7.com\/futebol\/campeonato-brasileiro-serie-a\/&#8221;},{&#8220;_id&#8221;:&#8221;link-IHJVCPU2XZATBJDEZ5LMRLSF44&#8243;,&#8221;children&#8221;:[],&#8221;display_name&#8221;:&#8221;Casa do Patr\u00e3o&#8221;,&#8221;url&#8221;:&#8221;https:\/\/record.r7.com\/casa-do-patrao\/&#8221;},{&#8220;_id&#8221;:&#8221;\/menusidebarsecoes-chamasdodestino&#8221;,&#8221;children&#8221;:[{&#8220;_id&#8221;:&#8221;link-LOBV7GARONCNLDUIF5Y4JT7B6I&#8221;,&#8221;children&#8221;:[],&#8221;display_name&#8221;:&#8221;Site Oficial&#8221;,&#8221;url&#8221;:&#8221;https:\/\/record.r7.com\/chamas-do-destino\/&#8221;},{&#8220;_id&#8221;:&#8221;link-JSO5TNAZPRGUXP6ULQ7M7KAMV4&#8243;,&#8221;children&#8221;:[],&#8221;display_name&#8221;:&#8221;Personagens&#8221;,&#8221;url&#8221;:&#8221;https:\/\/record.r7.com\/chamas-do-destino\/personagens\/&#8221;},{&#8220;_id&#8221;:&#8221;link-NZFCO5IOUFAYXOTJ2GX4LGBWOI&#8221;,&#8221;children&#8221;:[],&#8221;display_name&#8221;:&#8221;Fora das Telas&#8221;,&#8221;url&#8221;:&#8221;https:\/\/record.r7.com\/chamas-do-destino\/fora-das-telas\/&#8221;},{&#8220;_id&#8221;:&#8221;link-QPCP2YL7CRBONIK35U33UCZE2U&#8221;,&#8221;children&#8221;:[],&#8221;display_name&#8221;:&#8221;Fotos&#8221;,&#8221;url&#8221;:&#8221;https:\/\/record.r7.com\/chamas-do-destino\/fotos\/&#8221;},{&#8220;_id&#8221;:&#8221;link-R4YILO4HRRHXJMAT2DR7N6SEBM&#8221;,&#8221;children&#8221;:[],&#8221;display_name&#8221;:&#8221;Novidades&#8221;,&#8221;url&#8221;:&#8221;https:\/\/record.r7.com\/chamas-do-destino\/novidades\/&#8221;},{&#8220;_id&#8221;:&#8221;link-IPIVMCAK7ZERZG5LG4Y6SGCVYA&#8221;,&#8221;children&#8221;:[],&#8221;display_name&#8221;:&#8221;Quizzes&#8221;,&#8221;url&#8221;:&#8221;https:\/\/record.r7.com\/chamas-do-destino\/quizzes\/&#8221;},{&#8220;_id&#8221;:&#8221;link-5HZT5AHU5JBE3PPEXBXDMZPRS4&#8243;,&#8221;children&#8221;:[],&#8221;display_name&#8221;:&#8221;V\u00eddeos&#8221;,&#8221;url&#8221;:&#8221;https:\/\/record.r7.com\/chamas-do-destino\/videos\/&#8221;},{&#8220;_id&#8221;:&#8221;link-2RVVYOXAMRFWPEO5RNLUHCHFHY&#8221;,&#8221;children&#8221;:[],&#8221;display_name&#8221;:&#8221;\u00cdntegra&#8221;,&#8221;url&#8221;:&#8221;https:\/\/www.recordplus.com\/detalhes\/549678&#8243;}],&#8221;name&#8221;:&#8221;Chamas do Destino&#8221;,&#8221;navigation&#8221;:{&#8220;menu_url&#8221;:null,&#8221;nav_title&#8221;:null}},{&#8220;_id&#8221;:&#8221;\/menusidebardestaques-hora7&#8243;,&#8221;children&#8221;:[{&#8220;_id&#8221;:&#8221;link-UQDCPZW6OBCCTOQPMPHSIYXPJE&#8221;,&#8221;children&#8221;:[],&#8221;display_name&#8221;:&#8221;Home&#8221;,&#8221;url&#8221;:&#8221;https:\/\/noticias.r7.com\/hora7\/&#8221;},{&#8220;_id&#8221;:&#8221;link-OJYNZ7WK2NCHNKGYZKDKDPR5GU&#8221;,&#8221;children&#8221;:[],&#8221;display_name&#8221;:&#8221;Click Gr\u00e1tis&#8221;,&#8221;url&#8221;:&#8221;https:\/\/www.clickgratis.com.br\/&#8221;},{&#8220;_id&#8221;:&#8221;link-FQNRTGX3CVECPNXMAIC4E2OEXI&#8221;,&#8221;children&#8221;:[],&#8221;display_name&#8221;:&#8221;E-Farsas&#8221;,&#8221;url&#8221;:&#8221;https:\/\/www.e-farsas.com&#8221;},{&#8220;_id&#8221;:&#8221;link-ZGYBV562Q5BVHLPTKJN465UCFM&#8221;,&#8221;children&#8221;:[],&#8221;display_name&#8221;:&#8221;Segredos do Mundo&#8221;,&#8221;url&#8221;:&#8221;https:\/\/segredosdomundo.r7.com\/&#8221;}],&#8221;name&#8221;:&#8221;Hora 7&#8243;,&#8221;navigation&#8221;:{&#8220;menu_url&#8221;:&#8221;https:\/\/noticias.r7.com\/hora7\/&#8221;,&#8221;nav_title&#8221;:&#8221;Hora 7&#8243;}},{&#8220;_id&#8221;:&#8221;\/sidebar-mae&#8221;,&#8221;children&#8221;:[{&#8220;_id&#8221;:&#8221;link-FCHG3I4UCZALDCO37P2PMLLGX4&#8243;,&#8221;children&#8221;:[],&#8221;display_name&#8221;:&#8221;Site Oficial&#8221;,&#8221;url&#8221;:&#8221;https:\/\/record.r7.com\/mae\/&#8221;},{&#8220;_id&#8221;:&#8221;link-R62OF3TW2VANPJCV5LJ5LE3ZFY&#8221;,&#8221;children&#8221;:[],&#8221;display_name&#8221;:&#8221;Personagens&#8221;,&#8221;url&#8221;:&#8221;https:\/\/record.r7.com\/mae\/personagens\/&#8221;},{&#8220;_id&#8221;:&#8221;link-27YVRRGTLNECREV6ZR24S4FG4U&#8221;,&#8221;children&#8221;:[],&#8221;display_name&#8221;:&#8221;Di\u00e1rio da Melek&#8221;,&#8221;url&#8221;:&#8221;https:\/\/record.r7.com\/mae\/diario-da-melek\/&#8221;},{&#8220;_id&#8221;:&#8221;link-Y5OBSKRGEFADDFKXAAAP77MQKQ&#8221;,&#8221;children&#8221;:[],&#8221;display_name&#8221;:&#8221;Fora das Telas&#8221;,&#8221;url&#8221;:&#8221;https:\/\/record.r7.com\/mae\/fora-das-telas\/&#8221;},{&#8220;_id&#8221;:&#8221;link-BDIAHDWQ6BHRLIYDUBUSYMXD7E&#8221;,&#8221;children&#8221;:[],&#8221;display_name&#8221;:&#8221;Fotos&#8221;,&#8221;url&#8221;:&#8221;https:\/\/record.r7.com\/mae\/fotos\/&#8221;},{&#8220;_id&#8221;:&#8221;link-BR27JDBUANDWRGZIS6TW65GI3E&#8221;,&#8221;children&#8221;:[],&#8221;display_name&#8221;:&#8221;Novidades&#8221;,&#8221;url&#8221;:&#8221;https:\/\/record.r7.com\/mae\/novidades\/&#8221;},{&#8220;_id&#8221;:&#8221;link-ARTJSTIKHVBMTCACTF7VKTCN7Y&#8221;,&#8221;children&#8221;:[],&#8221;display_name&#8221;:&#8221;Quizzes&#8221;,&#8221;url&#8221;:&#8221;https:\/\/record.r7.com\/mae\/quizzes\/&#8221;},{&#8220;_id&#8221;:&#8221;link-ZOP4JA3XHVBGTEYTBHK7Z3C7Y4&#8243;,&#8221;children&#8221;:[],&#8221;display_name&#8221;:&#8221;Podcast&#8221;,&#8221;url&#8221;:&#8221;https:\/\/record.r7.com\/mae\/novela-mae-o-podcast\/&#8221;},{&#8220;_id&#8221;:&#8221;link-PUBMQM2EMVH53PQRIJY257ZFRY&#8221;,&#8221;children&#8221;:[],&#8221;display_name&#8221;:&#8221;V\u00eddeos&#8221;,&#8221;url&#8221;:&#8221;https:\/\/record.r7.com\/mae\/videos\/&#8221;},{&#8220;_id&#8221;:&#8221;link-SDS2CHCMNBGMROERL6OPVSO5YM&#8221;,&#8221;children&#8221;:[],&#8221;display_name&#8221;:&#8221;\u00cdntegra&#8221;,&#8221;url&#8221;:&#8221;https:\/\/www.recordplus.com\/detalhes\/531529&#8243;}],&#8221;name&#8221;:&#8221;M\u00e3e&#8221;,&#8221;navigation&#8221;:{&#8220;menu_url&#8221;:null,&#8221;nav_title&#8221;:null}},{&#8220;_id&#8221;:&#8221;link-2DLIGJOYINB4NHEPBH6FGOFUTU&#8221;,&#8221;children&#8221;:[],&#8221;display_name&#8221;:&#8221;Newsletters&#8221;,&#8221;url&#8221;:&#8221;https:\/\/www.r7.com\/newsletters\/&#8221;},{&#8220;_id&#8221;:&#8221;\/menusidebardestaques-jr24h&#8221;,&#8221;children&#8221;:[{&#8220;_id&#8221;:&#8221;link-3RVAZ3BA2VCYTFYGRXXL6QX7N4&#8243;,&#8221;children&#8221;:[],&#8221;display_name&#8221;:&#8221;Home&#8221;,&#8221;url&#8221;:&#8221;https:\/\/noticias.r7.com\/&#8221;},{&#8220;_id&#8221;:&#8221;link-NY4TP6FSDZD3HPHJJVHRD3LZ6M&#8221;,&#8221;children&#8221;:[],&#8221;display_name&#8221;:&#8221;Agroneg\u00f3cio&#8221;,&#8221;url&#8221;:&#8221;https:\/\/noticias.r7.com\/agronegocios\/&#8221;},{&#8220;_id&#8221;:&#8221;link-RSRIMLMEIBBONO45ET42Y4L6GQ&#8221;,&#8221;children&#8221;:[],&#8221;display_name&#8221;:&#8221;Bahia &#8220;,&#8221;url&#8221;:&#8221;https:\/\/noticias.r7.com\/bahia\/&#8221;},{&#8220;_id&#8221;:&#8221;link-CC65LUIDT5HPXO6A6KNUI6Z5BY&#8221;,&#8221;children&#8221;:[],&#8221;display_name&#8221;:&#8221;Bauru e Regi\u00e3o&#8221;,&#8221;url&#8221;:&#8221;https:\/\/noticias.r7.com\/record-paulista\/&#8221;},{&#8220;_id&#8221;:&#8221;link-3F7C2YRD5JFWLCYQW5S5ARXCPI&#8221;,&#8221;children&#8221;:[],&#8221;display_name&#8221;:&#8221;Bras\u00edlia &#8220;,&#8221;url&#8221;:&#8221;https:\/\/noticias.r7.com\/brasilia\/&#8221;},{&#8220;_id&#8221;:&#8221;link-P6CUZMQEERBSJI5G44L4LUN7CY&#8221;,&#8221;children&#8221;:[],&#8221;display_name&#8221;:&#8221;Cear\u00e1 &#8220;,&#8221;url&#8221;:&#8221;https:\/\/noticias.r7.com\/ceara\/&#8221;},{&#8220;_id&#8221;:&#8221;link-3XS2RPYSCVGEVHZ74CAEOMM4IY&#8221;,&#8221;children&#8221;:[],&#8221;display_name&#8221;:&#8221;Cidades &#8220;,&#8221;url&#8221;:&#8221;https:\/\/noticias.r7.com\/cidades\/&#8221;},{&#8220;_id&#8221;:&#8221;link-NJP6WRVASFENXJVXDO3MM6AYN4&#8243;,&#8221;children&#8221;:[],&#8221;display_name&#8221;:&#8221;Direito do Consumidor &#8220;,&#8221;url&#8221;:&#8221;https:\/\/noticias.r7.com\/direito-do-consumidor\/&#8221;},{&#8220;_id&#8221;:&#8221;link-UYE3I32UCVAMNMWVNQGRKDTMOQ&#8221;,&#8221;children&#8221;:[],&#8221;display_name&#8221;:&#8221;Economia &#8220;,&#8221;url&#8221;:&#8221;https:\/\/noticias.r7.com\/economia\/&#8221;},{&#8220;_id&#8221;:&#8221;link-CLBSLPMJSBA6HKRQXBA3AOECFA&#8221;,&#8221;children&#8221;:[],&#8221;display_name&#8221;:&#8221;Educa\u00e7\u00e3o&#8221;,&#8221;url&#8221;:&#8221;https:\/\/noticias.r7.com\/educacao\/&#8221;},{&#8220;_id&#8221;:&#8221;link-HQS4FOSE4NAYXKPURB43UEV2SI&#8221;,&#8221;children&#8221;:[],&#8221;display_name&#8221;:&#8221;Esp\u00edrito Santo&#8221;,&#8221;url&#8221;:&#8221;https:\/\/noticias.r7.com\/espirito-santo\/&#8221;},{&#8220;_id&#8221;:&#8221;link-AHTR6MZFU5AHXGZ2QGK575FL3Y&#8221;,&#8221;children&#8221;:[],&#8221;display_name&#8221;:&#8221;Guerra na Ucr\u00e2nia&#8221;,&#8221;url&#8221;:&#8221;https:\/\/noticias.r7.com\/internacional\/russia-x-ucrania\/&#8221;},{&#8220;_id&#8221;:&#8221;link-JFILFPG7MNCWHNUFGC3GIEYBBU&#8221;,&#8221;children&#8221;:[],&#8221;display_name&#8221;:&#8221;Guerra Israel X Hamas&#8221;,&#8221;url&#8221;:&#8221;https:\/\/noticias.r7.com\/internacional\/guerra-israel-x-hamas\/&#8221;},{&#8220;_id&#8221;:&#8221;link-GFWIPNERG5CEJCLPUK2P6F5V4Y&#8221;,&#8221;children&#8221;:[],&#8221;display_name&#8221;:&#8221;Imposto de Renda&#8221;,&#8221;url&#8221;:&#8221;https:\/\/noticias.r7.com\/economia\/imposto-de-renda\/&#8221;},{&#8220;_id&#8221;:&#8221;link-M6NBWUYUKNHAVANKYJZTFRBOU4&#8243;,&#8221;children&#8221;:[],&#8221;display_name&#8221;:&#8221;Internacional &#8220;,&#8221;url&#8221;:&#8221;https:\/\/noticias.r7.com\/internacional\/&#8221;},{&#8220;_id&#8221;:&#8221;link-6LO4XRMJYJDMJNCBJHQZXSMM3M&#8221;,&#8221;children&#8221;:[],&#8221;display_name&#8221;:&#8221;Mato Grosso&#8221;,&#8221;url&#8221;:&#8221;https:\/\/noticias.r7.com\/mato-grosso\/&#8221;},{&#8220;_id&#8221;:&#8221;link-24ZI3HJFZRFGTGUREHKALJNISA&#8221;,&#8221;children&#8221;:[],&#8221;display_name&#8221;:&#8221;Mato Grosso do Sul&#8221;,&#8221;url&#8221;:&#8221;https:\/\/noticias.r7.com\/mato-grosso-do-sul\/&#8221;},{&#8220;_id&#8221;:&#8221;link-OAXUMWLQSJH7PGHYOAGMSP4XDA&#8221;,&#8221;children&#8221;:[],&#8221;display_name&#8221;:&#8221;Minas Gerais&#8221;,&#8221;url&#8221;:&#8221;https:\/\/noticias.r7.com\/minas-gerais\/&#8221;},{&#8220;_id&#8221;:&#8221;link-TDXTU6CL7VGW3F33A2Y6KSM6CI&#8221;,&#8221;children&#8221;:[],&#8221;display_name&#8221;:&#8221;Para\u00edba &#8220;,&#8221;url&#8221;:&#8221;https:\/\/noticias.r7.com\/paraiba\/&#8221;},{&#8220;_id&#8221;:&#8221;link-AOUW3674LJAFXATRDL7RCOVVH4&#8243;,&#8221;children&#8221;:[],&#8221;display_name&#8221;:&#8221;Paran\u00e1 &#8220;,&#8221;url&#8221;:&#8221;https:\/\/noticias.r7.com\/parana\/&#8221;},{&#8220;_id&#8221;:&#8221;link-RXPYVBNKTZDJ7B474EJ7DNSVS4&#8243;,&#8221;children&#8221;:[],&#8221;display_name&#8221;:&#8221;Pernambuco &#8220;,&#8221;url&#8221;:&#8221; https:\/\/noticias.r7.com\/pernambuco\/&#8221;},{&#8220;_id&#8221;:&#8221;link-BCXEFMUNLJH6FMPUSJCNLQLPNM&#8221;,&#8221;children&#8221;:[],&#8221;display_name&#8221;:&#8221;Piau\u00ed &#8220;,&#8221;url&#8221;:&#8221;https:\/\/noticias.r7.com\/piaui\/&#8221;},{&#8220;_id&#8221;:&#8221;link-JQFZRTDGO5ABBJP2Z7Z62NX5AQ&#8221;,&#8221;children&#8221;:[],&#8221;display_name&#8221;:&#8221;Rio de Janeiro&#8221;,&#8221;url&#8221;:&#8221;https:\/\/noticias.r7.com\/rio-de-janeiro\/&#8221;},{&#8220;_id&#8221;:&#8221;link-UHMA746VGJBEVNQQSGR37YZMNU&#8221;,&#8221;children&#8221;:[],&#8221;display_name&#8221;:&#8221;Rio Grande do Norte&#8221;,&#8221;url&#8221;:&#8221;https:\/\/noticias.r7.com\/rio-grande-do-norte\/&#8221;},{&#8220;_id&#8221;:&#8221;link-D7X7LYMXRNERRLTBAGRO5P644M&#8221;,&#8221;children&#8221;:[],&#8221;display_name&#8221;:&#8221;Rio Grande do Sul &#8220;,&#8221;url&#8221;:&#8221;https:\/\/noticias.r7.com\/rio-grande-do-sul\/&#8221;},{&#8220;_id&#8221;:&#8221;link-6WVQQ226XVDZNFDV3UYHZ5YHN4&#8243;,&#8221;children&#8221;:[],&#8221;display_name&#8221;:&#8221;Santa Catarina&#8221;,&#8221;url&#8221;:&#8221;https:\/\/noticias.r7.com\/santa-catarina\/&#8221;},{&#8220;_id&#8221;:&#8221;link-4SO64B76HFEFBF5M77VIM726LI&#8221;,&#8221;children&#8221;:[],&#8221;display_name&#8221;:&#8221;S\u00e3o Paulo&#8221;,&#8221;url&#8221;:&#8221;https:\/\/noticias.r7.com\/sao-paulo\/&#8221;},{&#8220;_id&#8221;:&#8221;link-LZH6E5QI45A2XO4RL242RIVLHM&#8221;,&#8221;children&#8221;:[],&#8221;display_name&#8221;:&#8221;Sa\u00fade &#8220;,&#8221;url&#8221;:&#8221;https:\/\/noticias.r7.com\/saude\/&#8221;},{&#8220;_id&#8221;:&#8221;link-SDARGKK7JVAORHGXAMTFRUCC2M&#8221;,&#8221;children&#8221;:[],&#8221;display_name&#8221;:&#8221;Tecnologia e Ci\u00eancia&#8221;,&#8221;url&#8221;:&#8221;https:\/\/noticias.r7.com\/tecnologia-e-ciencia\/&#8221;}],&#8221;name&#8221;:&#8221;Not\u00edcias&#8221;,&#8221;navigation&#8221;:{&#8220;menu_url&#8221;:&#8221;https:\/\/noticias.r7.com&#8221;,&#8221;nav_title&#8221;:&#8221;JR 24H&#8221;}},{&#8220;_id&#8221;:&#8221;\/menusidebardestaques-paulistao2026&#8243;,&#8221;children&#8221;:[{&#8220;_id&#8221;:&#8221;link-7RBNZ2DKZZGM7CT454MYC3FEVM&#8221;,&#8221;children&#8221;:[],&#8221;display_name&#8221;:&#8221;Site oficial&#8221;,&#8221;url&#8221;:&#8221;https:\/\/esportes.r7.com\/futebol\/campeonato-paulista\/&#8221;},{&#8220;_id&#8221;:&#8221;link-6BUV7QVTANFF3AWNHRSHAKHEOE&#8221;,&#8221;children&#8221;:[],&#8221;display_name&#8221;:&#8221;Ao vivo&#8221;,&#8221;url&#8221;:&#8221;https:\/\/esportes.r7.com\/futebol\/campeonato-paulista\/ao-vivo&#8221;},{&#8220;_id&#8221;:&#8221;link-5M3NCUUSABAXTKRI5UZFOLSRSY&#8221;,&#8221;children&#8221;:[],&#8221;display_name&#8221;:&#8221;Tabela&#8221;,&#8221;url&#8221;:&#8221;https:\/\/esportes.r7.com\/futebol\/campeonato-paulista\/tabela\/&#8221;},{&#8220;_id&#8221;:&#8221;link-UX5434KIAZARLM7XGQBIKRB7PY&#8221;,&#8221;children&#8221;:[],&#8221;display_name&#8221;:&#8221;Not\u00edcias&#8221;,&#8221;url&#8221;:&#8221;https:\/\/esportes.r7.com\/futebol\/campeonato-paulista\/noticias&#8221;},{&#8220;_id&#8221;:&#8221;link-C6CKNXG75RFPLKWT7QH5UZ6MEU&#8221;,&#8221;children&#8221;:[],&#8221;display_name&#8221;:&#8221;Quizzes&#8221;,&#8221;url&#8221;:&#8221;https:\/\/esportes.r7.com\/futebol\/campeonato-paulista\/quizzes\/&#8221;},{&#8220;_id&#8221;:&#8221;link-RWTCGQ2CCJD5NAGG5YJSN4CDFY&#8221;,&#8221;children&#8221;:[],&#8221;display_name&#8221;:&#8221;V\u00eddeos&#8221;,&#8221;url&#8221;:&#8221;https:\/\/esportes.r7.com\/futebol\/campeonato-paulista\/videos\/&#8221;},{&#8220;_id&#8221;:&#8221;link-RRJOUPYPWFB7NPS773XJWJKSTU&#8221;,&#8221;children&#8221;:[],&#8221;display_name&#8221;:&#8221;Fotos&#8221;,&#8221;url&#8221;:&#8221;https:\/\/esportes.r7.com\/futebol\/campeonato-paulista\/fotos&#8221;},{&#8220;_id&#8221;:&#8221;link-O5VKLUOIINBPXAO4VZL2SUZOFY&#8221;,&#8221;children&#8221;:[],&#8221;display_name&#8221;:&#8221;Lance a lance&#8221;,&#8221;url&#8221;:&#8221;https:\/\/esportes.r7.com\/futebol\/campeonato-paulista\/lance-a-lance\/&#8221;},{&#8220;_id&#8221;:&#8221;link-PQ5KJUDGW5DN5LIQDYD4TK334U&#8221;,&#8221;children&#8221;:[],&#8221;display_name&#8221;:&#8221;Pr\u00e9 e P\u00f3s-Jogo&#8221;,&#8221;url&#8221;:&#8221;https:\/\/esportes.r7.com\/futebol\/campeonato-paulista\/conteudo-digital\/pre-e-pos-jogo\/&#8221;},{&#8220;_id&#8221;:&#8221;link-TMUJNAMSBVEU7GUQRSJ6YH236M&#8221;,&#8221;children&#8221;:[],&#8221;display_name&#8221;:&#8221;Melhores Momentos&#8221;,&#8221;url&#8221;:&#8221;https:\/\/esportes.r7.com\/futebol\/campeonato-paulista\/conteudo-digital\/melhores-momentos\/&#8221;},{&#8220;_id&#8221;:&#8221;link-34ZZ54ZYZND7JE2CKRGOWAGQRQ&#8221;,&#8221;children&#8221;:[],&#8221;display_name&#8221;:&#8221;Joga Nas 11&#8243;,&#8221;url&#8221;:&#8221;https:\/\/esportes.r7.com\/joga-nas-11\/&#8221;},{&#8220;_id&#8221;:&#8221;link-I5UL4Y2WRFELDE5BLTOX6CR7EA&#8221;,&#8221;children&#8221;:[],&#8221;display_name&#8221;:&#8221;S\u00e9rie A2&#8243;,&#8221;url&#8221;:&#8221;https:\/\/esportes.r7.com\/futebol\/campeonato-paulista\/a2\/&#8221;}],&#8221;name&#8221;:&#8221;Paulist\u00e3o 2026&#8243;,&#8221;navigation&#8221;:{&#8220;menu_url&#8221;:&#8221;https:\/\/esportes.r7.com\/futebol\/campeonato-paulista\/&#8221;,&#8221;nav_title&#8221;:&#8221;Paulist\u00e3o 2026&#8243;}},{&#8220;_id&#8221;:&#8221;link-H4VEQJVOSNAOHFJY6SGDYAXV5E&#8221;,&#8221;children&#8221;:[],&#8221;display_name&#8221;:&#8221;R7 Concursos&#8221;,&#8221;url&#8221;:&#8221;https:\/\/noticias.r7.com\/concursos\/&#8221;},{&#8220;_id&#8221;:&#8221;\/menusidebardestaques-r7-mobilidade&#8221;,&#8221;children&#8221;:[{&#8220;_id&#8221;:&#8221;link-IJUKGJZTEVBP7GNAEYSBPAXNRE&#8221;,&#8221;children&#8221;:[],&#8221;display_name&#8221;:&#8221;Home&#8221;,&#8221;url&#8221;:&#8221;https:\/\/noticias.r7.com\/mobilidade\/&#8221;},{&#8220;_id&#8221;:&#8221;link-IQQCZRV52NDUZF3IF23GWHFVOU&#8221;,&#8221;children&#8221;:[],&#8221;display_name&#8221;:&#8221;Belo Horizonte&#8221;,&#8221;url&#8221;:&#8221;https:\/\/noticias.r7.com\/cidades\/mobilidade-bh\/&#8221;},{&#8220;_id&#8221;:&#8221;link-NQJBFNZU3ZABPONXBWSLW5X2WM&#8221;,&#8221;children&#8221;:[],&#8221;display_name&#8221;:&#8221;Carros&#8221;,&#8221;url&#8221;:&#8221;https:\/\/noticias.r7.com\/mobilidade\/carros\/&#8221;},{&#8220;_id&#8221;:&#8221;link-RLAQIQVZM5BJNNKHJFENSXB2VQ&#8221;,&#8221;children&#8221;:[],&#8221;display_name&#8221;:&#8221;Curitiba&#8221;,&#8221;url&#8221;:&#8221;https:\/\/noticias.r7.com\/cidades\/mobilidade-curitiba\/&#8221;},{&#8220;_id&#8221;:&#8221;link-RF67WMHRBVAJXA2VWUCCDAJVCI&#8221;,&#8221;children&#8221;:[],&#8221;display_name&#8221;:&#8221;Florian\u00f3polis&#8221;,&#8221;url&#8221;:&#8221;https:\/\/noticias.r7.com\/cidades\/mobilidade-floripa\/&#8221;},{&#8220;_id&#8221;:&#8221;link-2VVLLSCS4VARJO5SMFWMWEGDIM&#8221;,&#8221;children&#8221;:[],&#8221;display_name&#8221;:&#8221;Motos&#8221;,&#8221;url&#8221;:&#8221;https:\/\/noticias.r7.com\/mobilidade\/motos\/&#8221;},{&#8220;_id&#8221;:&#8221;link-64AF3E6S3JCPTIPLH26N6HR2F4&#8243;,&#8221;children&#8221;:[],&#8221;display_name&#8221;:&#8221;Porto Alegre&#8221;,&#8221;url&#8221;:&#8221;https:\/\/noticias.r7.com\/cidades\/mobilidade-porto-alegre\/&#8221;},{&#8220;_id&#8221;:&#8221;link-ULFNSUHGVRAADDX2HHAQHODNFI&#8221;,&#8221;children&#8221;:[],&#8221;display_name&#8221;:&#8221;Rio de Janeiro&#8221;,&#8221;url&#8221;:&#8221;https:\/\/noticias.r7.com\/cidades\/mobilidade-rio\/&#8221;},{&#8220;_id&#8221;:&#8221;link-F54DYUAH5VA35KQQCVOA5PLV6M&#8221;,&#8221;children&#8221;:[],&#8221;display_name&#8221;:&#8221;Salvador&#8221;,&#8221;url&#8221;:&#8221;https:\/\/noticias.r7.com\/cidades\/mobilidade-bahia\/&#8221;},{&#8220;_id&#8221;:&#8221;link-XXQV5Z3FRNBINBMI4AOLAGFKEM&#8221;,&#8221;children&#8221;:[],&#8221;display_name&#8221;:&#8221;Tr\u00e2nsito&#8221;,&#8221;url&#8221;:&#8221;https:\/\/noticias.r7.com\/mobilidade\/transito\/&#8221;}],&#8221;name&#8221;:&#8221;R7 Mobilidade&#8221;,&#8221;navigation&#8221;:{&#8220;menu_url&#8221;:&#8221;https:\/\/noticias.r7.com\/mobilidade\/&#8221;,&#8221;nav_title&#8221;:&#8221;R7 Mobilidade&#8221;}},{&#8220;_id&#8221;:&#8221;link-JAEUHZTM6JGUFEXSMO5NVQRYYY&#8221;,&#8221;children&#8221;:[],&#8221;display_name&#8221;:&#8221;R7 Planalto&#8221;,&#8221;url&#8221;:&#8221;https:\/\/noticias.r7.com\/prisma\/r7-planalto\/&#8221;},{&#8220;_id&#8221;:&#8221;\/menusidebardestaques-rpet&#8221;,&#8221;children&#8221;:[{&#8220;_id&#8221;:&#8221;link-C7FHQ2HCZFGM7KMZSSFDMDN5C4&#8243;,&#8221;children&#8221;:[],&#8221;display_name&#8221;:&#8221;Home&#8221;,&#8221;url&#8221;:&#8221;https:\/\/entretenimento.r7.com\/rpet\/&#8221;},{&#8220;_id&#8221;:&#8221;link-JL7MANMYZBDPXFKABDG2LLXNJA&#8221;,&#8221;children&#8221;:[],&#8221;display_name&#8221;:&#8221;Amo meu Pet&#8221;,&#8221;url&#8221;:&#8221;https:\/\/www.amomeupet.org&#8221;},{&#8220;_id&#8221;:&#8221;link-TKDRJSIDUBEPDLR4FYOYZZXXMU&#8221;,&#8221;children&#8221;:[],&#8221;display_name&#8221;:&#8221;Conex\u00e3o Planeta&#8221;,&#8221;url&#8221;:&#8221;https:\/\/noticias.r7.com\/conexao-planeta\/&#8221;},{&#8220;_id&#8221;:&#8221;link-LPEXMVSI2BBGPFQPG3GG2P4LO4&#8243;,&#8221;children&#8221;:[],&#8221;display_name&#8221;:&#8221;Cultura Mix Animais&#8221;,&#8221;url&#8221;:&#8221;https:\/\/entretenimento.r7.com\/rpet\/cultura-mix\/&#8221;},{&#8220;_id&#8221;:&#8221;link-W6EHPYCJO5DRNEEQZSP6BALKE4&#8243;,&#8221;children&#8221;:[],&#8221;display_name&#8221;:&#8221;Jornal de Brasilia&#8221;,&#8221;url&#8221;:&#8221;https:\/\/entretenimento.r7.com\/rpet\/jornal-de-brasilia\/&#8221;},{&#8220;_id&#8221;:&#8221;link-LNRTPCR6FZBFDKSVRRRFDNAUEM&#8221;,&#8221;children&#8221;:[],&#8221;display_name&#8221;:&#8221;Mundo Animal&#8221;,&#8221;url&#8221;:&#8221;https:\/\/entretenimento.r7.com\/rpet\/lorena\/&#8221;},{&#8220;_id&#8221;:&#8221;link-3ID25VCCEBCJTAQGUHFORYLUQI&#8221;,&#8221;children&#8221;:[],&#8221;display_name&#8221;:&#8221;Segredos do Mundo Animal&#8221;,&#8221;url&#8221;:&#8221;https:\/\/entretenimento.r7.com\/rpet\/segredos-do-mundo\/&#8221;}],&#8221;name&#8221;:&#8221;RPet&#8221;,&#8221;navigation&#8221;:{&#8220;menu_url&#8221;:&#8221;https:\/\/entretenimento.r7.com\/rpet&#8221;,&#8221;nav_title&#8221;:&#8221;RPet&#8221;}},{&#8220;_id&#8221;:&#8221;link-LRHPM4J5ORHD7OROIMH7JAAS5A&#8221;,&#8221;children&#8221;:[],&#8221;display_name&#8221;:&#8221;Tudo Sobre&#8221;,&#8221;url&#8221;:&#8221;https:\/\/www.r7.com\/tudo-sobre\/&#8221;},{&#8220;_id&#8221;:&#8221;\/menusidebardestaques-vivaavida&#8221;,&#8221;children&#8221;:[{&#8220;_id&#8221;:&#8221;link-AOKRMMBBUNBMVABPMC5SCNJHGY&#8221;,&#8221;children&#8221;:[],&#8221;display_name&#8221;:&#8221;Home&#8221;,&#8221;url&#8221;:&#8221;https:\/\/entretenimento.r7.com\/vivaavida\/&#8221;},{&#8220;_id&#8221;:&#8221;\/menusidebardestaques-vivaavida-beleza&#8221;,&#8221;children&#8221;:[{&#8220;_id&#8221;:&#8221;link-HOBDT77WSZFSBL4HCMQMFXVFCA&#8221;,&#8221;children&#8221;:[],&#8221;display_name&#8221;:&#8221;Capa&#8221;,&#8221;url&#8221;:&#8221;https:\/\/entretenimento.r7.com\/vivaavida\/beleza\/&#8221;},{&#8220;_id&#8221;:&#8221;link-HAONK4GCKNCO7KGI3IFETVXOCY&#8221;,&#8221;children&#8221;:[],&#8221;display_name&#8221;:&#8221;\u00c1rea de Mulher&#8221;,&#8221;url&#8221;:&#8221;https:\/\/areademulher.r7.com\/beleza\/&#8221;},{&#8220;_id&#8221;:&#8221;link-NG56Q2WI7BB27HNVZCGROCBTEA&#8221;,&#8221;children&#8221;:[],&#8221;display_name&#8221;:&#8221;Cultura Mix&#8221;,&#8221;url&#8221;:&#8221;https:\/\/beleza.culturamix.com&#8221;},{&#8220;_id&#8221;:&#8221;link-ZVT2VLUXABDIPF5JPESPGKOTOA&#8221;,&#8221;children&#8221;:[],&#8221;display_name&#8221;:&#8221;Tudo sobre Cabelos&#8221;,&#8221;url&#8221;:&#8221;https:\/\/tudosobrecabelos.com.br&#8221;}],&#8221;name&#8221;:&#8221;Beleza&#8221;,&#8221;navigation&#8221;:{&#8220;menu_url&#8221;:&#8221;https:\/\/entretenimento.r7.com\/vivaavida\/beleza\/&#8221;,&#8221;nav_title&#8221;:&#8221;Beleza&#8221;}},{&#8220;_id&#8221;:&#8221;\/menusidebardestaques-vivaavida-bemestar&#8221;,&#8221;children&#8221;:[{&#8220;_id&#8221;:&#8221;link-LMTG4ROXOFBFZH7HWSMXR2RVHA&#8221;,&#8221;children&#8221;:[],&#8221;display_name&#8221;:&#8221;Capa&#8221;,&#8221;url&#8221;:&#8221;https:\/\/entretenimento.r7.com\/vivaavida\/bem-estar\/&#8221;},{&#8220;_id&#8221;:&#8221;link-OJPHNPJSCNFPNNZV2DFV6KNBUU&#8221;,&#8221;children&#8221;:[],&#8221;display_name&#8221;:&#8221;\u00c1rea de Mulher&#8221;,&#8221;url&#8221;:&#8221;https:\/\/areademulher.r7.com\/saude\/&#8221;},{&#8220;_id&#8221;:&#8221;link-ML3HUBX3T5G33OGXYMG4CMUQNU&#8221;,&#8221;children&#8221;:[],&#8221;display_name&#8221;:&#8221;Dicas de Treino&#8221;,&#8221;url&#8221;:&#8221;https:\/\/www.dicasdetreino.com.br&#8221;},{&#8220;_id&#8221;:&#8221;link-ZPSBLNY5PBBTXL2OVV5EEPRYSY&#8221;,&#8221;children&#8221;:[],&#8221;display_name&#8221;:&#8221;Fala! Universidades&#8221;,&#8221;url&#8221;:&#8221;https:\/\/falauniversidades.com.br\/category\/vivaavida\/saude\/&#8221;}],&#8221;name&#8221;:&#8221;Bem-Estar&#8221;,&#8221;navigation&#8221;:{&#8220;menu_url&#8221;:&#8221;https:\/\/entretenimento.r7.com\/vivaavida\/bem-estar&#8221;,&#8221;nav_title&#8221;:&#8221;Bem-Estar&#8221;}},{&#8220;_id&#8221;:&#8221;\/menusidebardestaques-vivaavida-decoracao&#8221;,&#8221;children&#8221;:[{&#8220;_id&#8221;:&#8221;link-VIIOFE3QGNCUTGZRQS5FMTBWN4&#8243;,&#8221;children&#8221;:[],&#8221;display_name&#8221;:&#8221;Capa&#8221;,&#8221;url&#8221;:&#8221;https:\/\/entretenimento.r7.com\/vivaavida\/casa-e-decoracao\/&#8221;},{&#8220;_id&#8221;:&#8221;link-PWWSGXFXVFE2BG3DRCVZR724SQ&#8221;,&#8221;children&#8221;:[],&#8221;display_name&#8221;:&#8221;Cultura Mix&#8221;,&#8221;url&#8221;:&#8221;https:\/\/imoveis.culturamix.com&#8221;},{&#8220;_id&#8221;:&#8221;link-32G6HAJXHJCNPA4FUEP4JLVUNM&#8221;,&#8221;children&#8221;:[],&#8221;display_name&#8221;:&#8221;Doce Obra&#8221;,&#8221;url&#8221;:&#8221;https:\/\/casaeconstrucao.org&#8221;},{&#8220;_id&#8221;:&#8221;link-JAJ5ISCK7ZCADFT7ZPKWELDZ2E&#8221;,&#8221;children&#8221;:[],&#8221;display_name&#8221;:&#8221;Ideias para Decorar&#8221;,&#8221;url&#8221;:&#8221;https:\/\/ideiasparadecorar.com&#8221;}],&#8221;name&#8221;:&#8221;Decora\u00e7\u00e3o&#8221;,&#8221;navigation&#8221;:{&#8220;menu_url&#8221;:&#8221;https:\/\/entretenimento.r7.com\/vivaavida\/casa-e-decoracao\/&#8221;,&#8221;nav_title&#8221;:&#8221;Decora\u00e7\u00e3o&#8221;}},{&#8220;_id&#8221;:&#8221;\/menusidebardestaques-vivaavida-gastronomia&#8221;,&#8221;children&#8221;:[],&#8221;name&#8221;:&#8221;Gastronomia&#8221;,&#8221;navigation&#8221;:{&#8220;menu_url&#8221;:&#8221;https:\/\/www.prazeresdamesa.com.br&#8221;,&#8221;nav_title&#8221;:&#8221;Gastronomia&#8221;}},{&#8220;_id&#8221;:&#8221;\/menusidebardestaques-vivaavida-moda&#8221;,&#8221;children&#8221;:[{&#8220;_id&#8221;:&#8221;link-DCD2SCPQDZC4DI3YHHC6743YEE&#8221;,&#8221;children&#8221;:[],&#8221;display_name&#8221;:&#8221;Capa&#8221;,&#8221;url&#8221;:&#8221;https:\/\/entretenimento.r7.com\/vivaavida\/moda\/&#8221;},{&#8220;_id&#8221;:&#8221;link-PXTJDH4PIVFZJLGQSN6H6UQAN4&#8243;,&#8221;children&#8221;:[],&#8221;display_name&#8221;:&#8221;\u00c1rea de Mulher&#8221;,&#8221;url&#8221;:&#8221;https:\/\/areademulher.r7.com\/moda\/&#8221;},{&#8220;_id&#8221;:&#8221;link-LVVQQI7JQBGKNNAOBJZJIGU5N4&#8243;,&#8221;children&#8221;:[],&#8221;display_name&#8221;:&#8221;Cultura Mix&#8221;,&#8221;url&#8221;:&#8221;https:\/\/moda.culturamix.com&#8221;},{&#8220;_id&#8221;:&#8221;link-UI2JWNHEOZAIVD4JJZXUA2GHDM&#8221;,&#8221;children&#8221;:[],&#8221;display_name&#8221;:&#8221;Moda 20&#8243;,&#8221;url&#8221;:&#8221;https:\/\/moda20.com.br&#8221;}],&#8221;name&#8221;:&#8221;Moda&#8221;,&#8221;navigation&#8221;:{&#8220;menu_url&#8221;:&#8221;https:\/\/entretenimento.r7.com\/vivaavida\/moda&#8221;,&#8221;nav_title&#8221;:&#8221;Moda&#8221;}},{&#8220;_id&#8221;:&#8221;\/menusidebardestaques-vivaavida-viagens&#8221;,&#8221;children&#8221;:[{&#8220;_id&#8221;:&#8221;link-7R6EJF6U2ZANLF776N6H7LYN7M&#8221;,&#8221;children&#8221;:[],&#8221;display_name&#8221;:&#8221;Capa&#8221;,&#8221;url&#8221;:&#8221;https:\/\/entretenimento.r7.com\/vivaavida\/viagens\/&#8221;},{&#8220;_id&#8221;:&#8221;link-PNPFD4JB5FAX7FGLPQPWEYUDUE&#8221;,&#8221;children&#8221;:[],&#8221;display_name&#8221;:&#8221;MD1 Orlando&#8221;,&#8221;url&#8221;:&#8221;https:\/\/md1orlando.com&#8221;}],&#8221;name&#8221;:&#8221;Viagens&#8221;,&#8221;navigation&#8221;:{&#8220;menu_url&#8221;:&#8221;https:\/\/entretenimento.r7.com\/vivaavida\/viagens&#8221;,&#8221;nav_title&#8221;:&#8221;Viagens&#8221;}}],&#8221;name&#8221;:&#8221;Viva a Vida&#8221;,&#8221;navigation&#8221;:{&#8220;menu_url&#8221;:&#8221;https:\/\/entretenimento.r7.com\/vivaavida&#8221;,&#8221;nav_title&#8221;:&#8221;Viva a Vida&#8221;}}],&#8221;name&#8221;:&#8221;Destaques R7&#8243;,&#8221;navigation&#8221;:{&#8220;menu_url&#8221;:null,&#8221;nav_title&#8221;:&#8221;Destaques R7&#8243;}},{&#8220;_id&#8221;:&#8221;\/menusidebarsecoes&#8221;,&#8221;children&#8221;:[{&#8220;_id&#8221;:&#8221;\/menusidebarsecoes-record-acerteoucaia&#8221;,&#8221;children&#8221;:[{&#8220;_id&#8221;:&#8221;link-JXX7VNDXYNFBFCDDU4GGLEFS6E&#8221;,&#8221;children&#8221;:[],&#8221;display_name&#8221;:&#8221;Site Oficial&#8221;,&#8221;url&#8221;:&#8221;https:\/\/record.r7.com\/acerte-ou-caia\/&#8221;},{&#8220;_id&#8221;:&#8221;link-NYLXUH4HAJBB3GJ2ZZP4UYCSSM&#8221;,&#8221;children&#8221;:[],&#8221;display_name&#8221;:&#8221;Participantes&#8221;,&#8221;url&#8221;:&#8221;https:\/\/record.r7.com\/acerte-ou-caia\/participantes\/&#8221;},{&#8220;_id&#8221;:&#8221;link-7ESTBYYIT5DWHAILRAP2DVNVCY&#8221;,&#8221;children&#8221;:[],&#8221;display_name&#8221;:&#8221;Entrevistas&#8221;,&#8221;url&#8221;:&#8221;https:\/\/record.r7.com\/acerte-ou-caia\/entrevistas\/&#8221;},{&#8220;_id&#8221;:&#8221;link-2KI7NJ5QYNEOBOWDOX5YNQGAAM&#8221;,&#8221;children&#8221;:[],&#8221;display_name&#8221;:&#8221;Fotos&#8221;,&#8221;url&#8221;:&#8221;https:\/\/record.r7.com\/acerte-ou-caia\/fotos\/&#8221;},{&#8220;_id&#8221;:&#8221;link-YHNN5VOTEFEWFN3M53WCPMHJUY&#8221;,&#8221;children&#8221;:[],&#8221;display_name&#8221;:&#8221;Novidades&#8221;,&#8221;url&#8221;:&#8221;https:\/\/record.r7.com\/acerte-ou-caia\/novidades\/&#8221;},{&#8220;_id&#8221;:&#8221;link-FOAFQIX5A5DEDG6FUYFITSQAG4&#8243;,&#8221;children&#8221;:[],&#8221;display_name&#8221;:&#8221;Quizzes&#8221;,&#8221;url&#8221;:&#8221;https:\/\/record.r7.com\/acerte-ou-caia\/quizzes\/&#8221;},{&#8220;_id&#8221;:&#8221;link-6CWMSRW5LRGZHBSZDT5DK3277I&#8221;,&#8221;children&#8221;:[],&#8221;display_name&#8221;:&#8221;V\u00eddeos&#8221;,&#8221;url&#8221;:&#8221;https:\/\/record.r7.com\/acerte-ou-caia\/videos\/&#8221;},{&#8220;_id&#8221;:&#8221;link-XZOKTEEK25FARHRMLLUVCNRS7M&#8221;,&#8221;children&#8221;:[],&#8221;display_name&#8221;:&#8221;\u00cdntegra&#8221;,&#8221;url&#8221;:&#8221;https:\/\/www.playplus.com\/detail\/443403&#8243;}],&#8221;name&#8221;:&#8221;Acerte ou Caia!&#8221;,&#8221;navigation&#8221;:{&#8220;menu_url&#8221;:&#8221;https:\/\/record.r7.com\/acerte-ou-caia&#8221;,&#8221;nav_title&#8221;:&#8221;Acerte ou Caia!&#8221;}},{&#8220;_id&#8221;:&#8221;\/menusidebarsecoes-record-aescravaisaura&#8221;,&#8221;children&#8221;:[{&#8220;_id&#8221;:&#8221;link-YI55LK5GS5EXFFU52DFI4HFIEQ&#8221;,&#8221;children&#8221;:[],&#8221;display_name&#8221;:&#8221;Site oficial&#8221;,&#8221;url&#8221;:&#8221;https:\/\/record.r7.com\/a-escrava-isaura\/ &#8220;},{&#8220;_id&#8221;:&#8221;link-3U3DU3XB7FCAHBGM5EMWVDCAFY&#8221;,&#8221;children&#8221;:[],&#8221;display_name&#8221;:&#8221;Personagens&#8221;,&#8221;url&#8221;:&#8221;https:\/\/record.r7.com\/a-escrava-isaura\/fotos\/conheca-os-personagens-de-a-escrava-isaura-29082025\/ &#8220;},{&#8220;_id&#8221;:&#8221;link-N7L5CKA4TZEUJN7PY336FYP4CM&#8221;,&#8221;children&#8221;:[],&#8221;display_name&#8221;:&#8221;Fotos&#8221;,&#8221;url&#8221;:&#8221;https:\/\/record.r7.com\/a-escrava-isaura\/fotos\/&#8221;},{&#8220;_id&#8221;:&#8221;link-AJE2EUPLVFDKLIQFNDAIS6NQVI&#8221;,&#8221;children&#8221;:[],&#8221;display_name&#8221;:&#8221;Not\u00edcias&#8221;,&#8221;url&#8221;:&#8221;https:\/\/record.r7.com\/a-escrava-isaura\/noticias\/ &#8220;},{&#8220;_id&#8221;:&#8221;link-O6EFFKQKVRAVRHCRAQO5J5AFKI&#8221;,&#8221;children&#8221;:[],&#8221;display_name&#8221;:&#8221;Quizzes&#8221;,&#8221;url&#8221;:&#8221;https:\/\/record.r7.com\/a-escrava-isaura\/quizzes\/&#8221;},{&#8220;_id&#8221;:&#8221;link-XATYM32QEFHLZMEYDV6E5LCB2M&#8221;,&#8221;children&#8221;:[],&#8221;display_name&#8221;:&#8221;V\u00eddeos&#8221;,&#8221;url&#8221;:&#8221;https:\/\/record.r7.com\/a-escrava-isaura\/videos\/ &#8220;},{&#8220;_id&#8221;:&#8221;link-ZRW5KCEIDFG3JHAA3NHUWLWOA4&#8243;,&#8221;children&#8221;:[],&#8221;display_name&#8221;:&#8221;\u00cdntegra&#8221;,&#8221;url&#8221;:&#8221;https:\/\/www.recordplus.com\/detalhes\/517071&#8243;}],&#8221;name&#8221;:&#8221;A Escrava Isaura&#8221;,&#8221;navigation&#8221;:{&#8220;menu_url&#8221;:&#8221;https:\/\/record.r7.com\/a-escrava-isaura\/ &#8220;,&#8221;nav_title&#8221;:&#8221;A Escrava Isaura&#8221;}},{&#8220;_id&#8221;:&#8221;\/menusidebarsecoes-amazonas&#8221;,&#8221;children&#8221;:[{&#8220;_id&#8221;:&#8221;link-3MBP3N5UQNGJPOI3JIYJZR7GWA&#8221;,&#8221;children&#8221;:[],&#8221;display_name&#8221;:&#8221;Home&#8221;,&#8221;url&#8221;:&#8221;https:\/\/noticias.r7.com\/amazonas\/&#8221;},{&#8220;_id&#8221;:&#8221;link-IZ7LJYCK55CDNODF6CSNA4HCKI&#8221;,&#8221;children&#8221;:[],&#8221;display_name&#8221;:&#8221;Not\u00edcias&#8221;,&#8221;url&#8221;:&#8221;https:\/\/noticias.r7.com\/amazonas\/noticias\/&#8221;},{&#8220;_id&#8221;:&#8221;link-BPRWKJOFIFEKLBOB6WOH4HPV5U&#8221;,&#8221;children&#8221;:[],&#8221;display_name&#8221;:&#8221;Amazonas no Ar&#8221;,&#8221;url&#8221;:&#8221;https:\/\/noticias.r7.com\/amazonas\/amazonas-no-ar\/&#8221;},{&#8220;_id&#8221;:&#8221;link-G64EZKGOUFBJNBYYIFEN2OZ6R4&#8243;,&#8221;children&#8221;:[],&#8221;display_name&#8221;:&#8221;Amazonas Record&#8221;,&#8221;url&#8221;:&#8221;https:\/\/noticias.r7.com\/amazonas\/amazonas-record\/&#8221;},{&#8220;_id&#8221;:&#8221;link-TW72SLHRS5CR5HWBWSU6L6EJTU&#8221;,&#8221;children&#8221;:[],&#8221;display_name&#8221;:&#8221;Balan\u00e7o Geral Manaus&#8221;,&#8221;url&#8221;:&#8221;https:\/\/noticias.r7.com\/amazonas\/balanco-geral-manaus\/&#8221;}],&#8221;name&#8221;:&#8221;Amazonas&#8221;,&#8221;navigation&#8221;:{&#8220;menu_url&#8221;:&#8221;https:\/\/noticias.r7.com\/amazonas\/&#8221;,&#8221;nav_title&#8221;:&#8221;Amazonas&#8221;}},{&#8220;_id&#8221;:&#8221;link-MDVYPSEVTBCV5BZKSE4LHEOF4Q&#8221;,&#8221;children&#8221;:[],&#8221;display_name&#8221;:&#8221;As Sete Marias&#8221;,&#8221;url&#8221;:&#8221;https:\/\/entretenimento.r7.com\/famosos-e-tv\/as-sete-marias\/&#8221;},{&#8220;_id&#8221;:&#8221;link-UXVKL5TICVFEFNFQ66WOCSXGGA&#8221;,&#8221;children&#8221;:[],&#8221;display_name&#8221;:&#8221;At\u00e9 Onde Ele Vai&#8221;,&#8221;url&#8221;:&#8221;https:\/\/entretenimento.r7.com\/famosos-e-tv\/ate-onde-ele-vai\/&#8221;},{&#8220;_id&#8221;:&#8221;\/menusidebarsecoes-bahia&#8221;,&#8221;children&#8221;:[{&#8220;_id&#8221;:&#8221;link-Q45FOSKXFVH6FJWEDELFEUPYI4&#8243;,&#8221;children&#8221;:[],&#8221;display_name&#8221;:&#8221;Home&#8221;,&#8221;url&#8221;:&#8221;https:\/\/noticias.r7.com\/bahia\/&#8221;},{&#8220;_id&#8221;:&#8221;link-UXRFLY5ZSBHUBCUAFGZJKCJSUI&#8221;,&#8221;children&#8221;:[],&#8221;display_name&#8221;:&#8221;Not\u00edcias&#8221;,&#8221;url&#8221;:&#8221;https:\/\/noticias.r7.com\/bahia\/noticias\/&#8221;},{&#8220;_id&#8221;:&#8221;link-IPA4ST3RTZDTNGQJNFBPAKOOXM&#8221;,&#8221;children&#8221;:[],&#8221;display_name&#8221;:&#8221;Cidade Alerta BA&#8221;,&#8221;url&#8221;:&#8221;https:\/\/noticias.r7.com\/bahia\/cidade-alerta-ba\/&#8221;},{&#8220;_id&#8221;:&#8221;link-BS7IEJV2EFDMJJGZZMCZITKNGM&#8221;,&#8221;children&#8221;:[],&#8221;display_name&#8221;:&#8221;Balan\u00e7o Geral BA&#8221;,&#8221;url&#8221;:&#8221;https:\/\/noticias.r7.com\/bahia\/balanco-geral-ba\/&#8221;},{&#8220;_id&#8221;:&#8221;link-OU4OHZBPVBCDNMAG5KWUBFQKGI&#8221;,&#8221;children&#8221;:[],&#8221;display_name&#8221;:&#8221;Bahia no AR&#8221;,&#8221;url&#8221;:&#8221;https:\/\/noticias.r7.com\/bahia\/bahia-no-ar\/&#8221;}],&#8221;name&#8221;:&#8221;Bahia&#8221;,&#8221;navigation&#8221;:{&#8220;menu_url&#8221;:null,&#8221;nav_title&#8221;:null}},{&#8220;_id&#8221;:&#8221;\/menusidebarsecoes-balancogeralmanha&#8221;,&#8221;children&#8221;:[{&#8220;_id&#8221;:&#8221;link-6Z5J5FB4DBHSNPFT4R2ZEPSTMY&#8221;,&#8221;children&#8221;:[],&#8221;display_name&#8221;:&#8221;Site oficial&#8221;,&#8221;url&#8221;:&#8221;https:\/\/record.r7.com\/balanco-geral-manha\/&#8221;},{&#8220;_id&#8221;:&#8221;link-VTNCZQPWBRBN7GJOC4KRIYSPWI&#8221;,&#8221;children&#8221;:[],&#8221;display_name&#8221;:&#8221;Enquetes&#8221;,&#8221;url&#8221;:&#8221;https:\/\/record.r7.com\/balanco-geral-manha\/enquetes\/&#8221;},{&#8220;_id&#8221;:&#8221;link-TVGUX2RGHBFVBLKUQ2VXFGYXSY&#8221;,&#8221;children&#8221;:[],&#8221;display_name&#8221;:&#8221;Fotos&#8221;,&#8221;url&#8221;:&#8221;https:\/\/record.r7.com\/balanco-geral-manha\/fotos\/&#8221;},{&#8220;_id&#8221;:&#8221;link-LWBSOZTNT5GYDPDV7ZCRNSLSRA&#8221;,&#8221;children&#8221;:[],&#8221;display_name&#8221;:&#8221;Not\u00edcias&#8221;,&#8221;url&#8221;:&#8221;https:\/\/recordtv.r7.com\/balanco-geral-manha\/noticias&#8221;},{&#8220;_id&#8221;:&#8221;link-IXFCY6SJKJERNO3S4UGXRM2IDQ&#8221;,&#8221;children&#8221;:[],&#8221;display_name&#8221;:&#8221;Not\u00edcias&#8221;,&#8221;url&#8221;:&#8221;https:\/\/record.r7.com\/balanco-geral-manha\/noticias\/&#8221;},{&#8220;_id&#8221;:&#8221;link-BEN7Q4F7OVHOHI54Q77XINDFQU&#8221;,&#8221;children&#8221;:[],&#8221;display_name&#8221;:&#8221;V\u00eddeos &#8220;,&#8221;url&#8221;:&#8221;https:\/\/record.r7.com\/balanco-geral-manha\/videos\/&#8221;},{&#8220;_id&#8221;:&#8221;link-KK5Z7237WZC6ZM6GPBIAX64CBI&#8221;,&#8221;children&#8221;:[],&#8221;display_name&#8221;:&#8221;\u00cdntegra&#8221;,&#8221;url&#8221;:&#8221;https:\/\/www.playplus.com\/&#8221;}],&#8221;name&#8221;:&#8221;Balan\u00e7o Geral Manh\u00e3&#8221;,&#8221;navigation&#8221;:{&#8220;menu_url&#8221;:&#8221;https:\/\/record.r7.com\/balanco-geral-manha\/&#8221;,&#8221;nav_title&#8221;:&#8221;Balan\u00e7o Geral Manh\u00e3&#8221;}},{&#8220;_id&#8221;:&#8221;\/menusidebarsecoes-balancogeralsp&#8221;,&#8221;children&#8221;:[{&#8220;_id&#8221;:&#8221;link-BMGVXCTJW5A5JKW33UQMUFD6L4&#8243;,&#8221;children&#8221;:[],&#8221;display_name&#8221;:&#8221;Site oficial&#8221;,&#8221;url&#8221;:&#8221;https:\/\/record.r7.com\/balanco-geral\/&#8221;},{&#8220;_id&#8221;:&#8221;link-E2AHZ5LZNVE6NNYQIMI44TQJZI&#8221;,&#8221;children&#8221;:[],&#8221;display_name&#8221;:&#8221;Enquetes&#8221;,&#8221;url&#8221;:&#8221;https:\/\/record.r7.com\/balanco-geral\/enquetes\/&#8221;},{&#8220;_id&#8221;:&#8221;link-4H45WAI3D5C5VLKAUAY3RHPFL4&#8243;,&#8221;children&#8221;:[],&#8221;display_name&#8221;:&#8221;Fotos&#8221;,&#8221;url&#8221;:&#8221;https:\/\/record.r7.com\/balanco-geral\/fotos\/&#8221;},{&#8220;_id&#8221;:&#8221;link-YR643F4U5BGSBNNBDC7G35PMT4&#8243;,&#8221;children&#8221;:[],&#8221;display_name&#8221;:&#8221;Not\u00edcias&#8221;,&#8221;url&#8221;:&#8221;https:\/\/record.r7.com\/balanco-geral\/noticias\/&#8221;},{&#8220;_id&#8221;:&#8221;\/menusidebarsecoes-balancogeralsp-podcasts&#8221;,&#8221;children&#8221;:[{&#8220;_id&#8221;:&#8221;link-DMQENREFKVB5XE4A2QELUIDSOI&#8221;,&#8221;children&#8221;:[],&#8221;display_name&#8221;:&#8221;Arquivo Vivo&#8221;,&#8221;url&#8221;:&#8221;https:\/\/record.r7.com\/podcast-arquivo-vivo\/&#8221;},{&#8220;_id&#8221;:&#8221;link-ZX7EXJRUSRGMHJXBU5OEIDTEKI&#8221;,&#8221;children&#8221;:[],&#8221;display_name&#8221;:&#8221;Podcast das Venenosas&#8221;,&#8221;url&#8221;:&#8221;https:\/\/record.r7.com\/balanco-geral\/hora-da-venenosa\/podcast-das-venenosas\/&#8221;},{&#8220;_id&#8221;:&#8221;link-V53HZX4LL5ETFFUI7UF3VZC4KE&#8221;,&#8221;children&#8221;:[],&#8221;display_name&#8221;:&#8221;MIST\u00c9RIO E JUSTI\u00c7A&#8221;,&#8221;url&#8221;:&#8221;https:\/\/record.r7.com\/balanco-geral\/podcast-misterio-e-justica\/&#8221;}],&#8221;name&#8221;:&#8221;Podcasts&#8221;,&#8221;navigation&#8221;:{&#8220;menu_url&#8221;:&#8221;https:\/\/record.r7.com\/balanco-geral\/&#8221;,&#8221;nav_title&#8221;:&#8221;Podcasts&#8221;}},{&#8220;_id&#8221;:&#8221;link-LVWUUUQNPZAXFE72NSOIC6FJI4&#8243;,&#8221;children&#8221;:[],&#8221;display_name&#8221;:&#8221;V\u00eddeos&#8221;,&#8221;url&#8221;:&#8221;https:\/\/record.r7.com\/balanco-geral\/videos\/&#8221;},{&#8220;_id&#8221;:&#8221;link-MK5WJ23O3NFFZMYXVYCHJVHPQM&#8221;,&#8221;children&#8221;:[],&#8221;display_name&#8221;:&#8221;\u00cdntegra&#8221;,&#8221;url&#8221;:&#8221;https:\/\/www.playplus.com\/&#8221;}],&#8221;name&#8221;:&#8221;Balan\u00e7o Geral SP&#8221;,&#8221;navigation&#8221;:{&#8220;menu_url&#8221;:&#8221;https:\/\/record.r7.com\/balanco-geral\/&#8221;,&#8221;nav_title&#8221;:&#8221;Balan\u00e7o Geral SP&#8221;}},{&#8220;_id&#8221;:&#8221;link-FYCM4WXRVZALVM6ME2FUFGFJU4&#8243;,&#8221;children&#8221;:[],&#8221;display_name&#8221;:&#8221;Ben-Hur&#8221;,&#8221;url&#8221;:&#8221;https:\/\/entretenimento.r7.com\/famosos-e-tv\/ben-hur\/&#8221;},{&#8220;_id&#8221;:&#8221;link-37NHRBRRKBCUDNLAWWUMDU3R4Q&#8221;,&#8221;children&#8221;:[],&#8221;display_name&#8221;:&#8221;Branded Content&#8221;,&#8221;url&#8221;:&#8221;https:\/\/www.r7.com\/branded-content\/&#8221;},{&#8220;_id&#8221;:&#8221;link-5IBX7S3ZP5DVNN7Q72BJVJHBVI&#8221;,&#8221;children&#8221;:[],&#8221;display_name&#8221;:&#8221;Brasil Caminhoneiro&#8221;,&#8221;url&#8221;:&#8221;https:\/\/brasilcaminhoneiro.com.br\/&#8221;},{&#8220;_id&#8221;:&#8221;link-3H6S7W4YZJB6VOQZCIYRE6VT5Q&#8221;,&#8221;children&#8221;:[],&#8221;display_name&#8221;:&#8221;Bras\u00edlia &#8220;,&#8221;url&#8221;:&#8221;https:\/\/noticias.r7.com\/brasilia\/&#8221;},{&#8220;_id&#8221;:&#8221;link-RQ7MEKGJTZD4BO7JRJJAFHBH6E&#8221;,&#8221;children&#8221;:[],&#8221;display_name&#8221;:&#8221;Cear\u00e1&#8221;,&#8221;url&#8221;:&#8221;https:\/\/noticias.r7.com\/ceara\/&#8221;},{&#8220;_id&#8221;:&#8221;\/menusidebarsecoes-cidadealerta&#8221;,&#8221;children&#8221;:[{&#8220;_id&#8221;:&#8221;link-26JEKW34IVFHVCOGT4DMP5N4CA&#8221;,&#8221;children&#8221;:[],&#8221;display_name&#8221;:&#8221;Site oficial&#8221;,&#8221;url&#8221;:&#8221;https:\/\/record.r7.com\/cidade-alerta\/&#8221;},{&#8220;_id&#8221;:&#8221;link-LLM3BC3X5BEJ5NAKX6VRIU6FFI&#8221;,&#8221;children&#8221;:[],&#8221;display_name&#8221;:&#8221;Enquetes &#8220;,&#8221;url&#8221;:&#8221;https:\/\/record.r7.com\/cidade-alerta\/enquetes\/&#8221;},{&#8220;_id&#8221;:&#8221;link-ED7JNNT74JG35DOVOHZ7EW74RY&#8221;,&#8221;children&#8221;:[],&#8221;display_name&#8221;:&#8221;Fotos&#8221;,&#8221;url&#8221;:&#8221;https:\/\/record.r7.com\/cidade-alerta\/fotos\/&#8221;},{&#8220;_id&#8221;:&#8221;link-QAIURBKLCJAADEDBU4VIYBWB44&#8243;,&#8221;children&#8221;:[],&#8221;display_name&#8221;:&#8221;Not\u00edcias &#8220;,&#8221;url&#8221;:&#8221;https:\/\/record.r7.com\/cidade-alerta\/noticias\/&#8221;},{&#8220;_id&#8221;:&#8221;\/menusidebarsecoes-cidadealertasub-podcasts&#8221;,&#8221;children&#8221;:[{&#8220;_id&#8221;:&#8221;link-XJKQPIEWLZBN3AXNCWXN4VBULU&#8221;,&#8221;children&#8221;:[],&#8221;display_name&#8221;:&#8221;Arquivo Vivo&#8221;,&#8221;url&#8221;:&#8221;https:\/\/record.r7.com\/cidade-alerta\/podcast-arquivo-vivo\/&#8221;},{&#8220;_id&#8221;:&#8221;link-TIR2FE2AGNC4FFZHXI3GR7ACWU&#8221;,&#8221;children&#8221;:[],&#8221;display_name&#8221;:&#8221;Narrativa de um Crime&#8221;,&#8221;url&#8221;:&#8221;https:\/\/record.r7.com\/cidade-alerta\/conteudo-exclusivo\/podcast-narrativa-de-um-crime\/&#8221;}],&#8221;name&#8221;:&#8221;Podcasts&#8221;,&#8221;navigation&#8221;:{&#8220;menu_url&#8221;:&#8221;https:\/\/record.r7.com\/cidade-alerta\/&#8221;,&#8221;nav_title&#8221;:&#8221;Cidade Alerta &#8211; Podcasts&#8221;}},{&#8220;_id&#8221;:&#8221;link-6WOB2PNFBVFF3HZ2SNH52RYNUQ&#8221;,&#8221;children&#8221;:[],&#8221;display_name&#8221;:&#8221;V\u00eddeos &#8220;,&#8221;url&#8221;:&#8221;https:\/\/record.r7.com\/cidade-alerta\/videos\/&#8221;},{&#8220;_id&#8221;:&#8221;link-QZYJQYSNXRCOJFF4BGXR3HZ4MI&#8221;,&#8221;children&#8221;:[],&#8221;display_name&#8221;:&#8221;\u00cdntegra &#8220;,&#8221;url&#8221;:&#8221;https:\/\/www.playplus.com\/&#8221;}],&#8221;name&#8221;:&#8221;Cidade Alerta&#8221;,&#8221;navigation&#8221;:{&#8220;menu_url&#8221;:&#8221;https:\/\/record.r7.com\/cidade-alerta\/&#8221;,&#8221;nav_title&#8221;:&#8221;Cidade Alerta&#8221;}},{&#8220;_id&#8221;:&#8221;\/menusidebarsecoes-domingoespetacular&#8221;,&#8221;children&#8221;:[{&#8220;_id&#8221;:&#8221;link-EWT7JKZGZRBD5KQ2REREQNAWJY&#8221;,&#8221;children&#8221;:[],&#8221;display_name&#8221;:&#8221;Site oficial&#8221;,&#8221;url&#8221;:&#8221;https:\/\/record.r7.com\/domingo-espetacular\/&#8221;},{&#8220;_id&#8221;:&#8221;link-4PRG2KT5NRHYJPAMSSFEEHPBXQ&#8221;,&#8221;children&#8221;:[],&#8221;display_name&#8221;:&#8221;Fotos &#8220;,&#8221;url&#8221;:&#8221;https:\/\/record.r7.com\/domingo-espetacular\/fotos\/&#8221;},{&#8220;_id&#8221;:&#8221;link-IQKOJXUB55BYJDHXL6YSD6XG4E&#8221;,&#8221;children&#8221;:[],&#8221;display_name&#8221;:&#8221;Novidades&#8221;,&#8221;url&#8221;:&#8221;https:\/\/record.r7.com\/domingo-espetacular\/noticias\/&#8221;},{&#8220;_id&#8221;:&#8221;link-RLJYNX54SNAAVOALGNPUIFBAC4&#8243;,&#8221;children&#8221;:[],&#8221;display_name&#8221;:&#8221;CONTE\u00daDO EXCLUSIVO&#8221;,&#8221;url&#8221;:&#8221;https:\/\/record.r7.com\/domingo-espetacular\/conteudo-exclusivo\/&#8221;},{&#8220;_id&#8221;:&#8221;link-ABKGGYVW7FGBPGJ4COFX4GYUMI&#8221;,&#8221;children&#8221;:[],&#8221;display_name&#8221;:&#8221;Podcast &#8220;,&#8221;url&#8221;:&#8221;https:\/\/record.r7.com\/domingo-espetacular\/conteudo-exclusivo\/podcast-podcringe\/&#8221;},{&#8220;_id&#8221;:&#8221;\/menusidebarsecoes-domingoespetacular-videos&#8221;,&#8221;children&#8221;:[{&#8220;_id&#8221;:&#8221;link-GHPSQ2RN7NHXFHMTA2L537KAKI&#8221;,&#8221;children&#8221;:[],&#8221;display_name&#8221;:&#8221;Cantinho Favorito&#8221;,&#8221;url&#8221;:&#8221;https:\/\/record.r7.com\/domingo-espetacular\/conteudo-exclusivo\/cantinho-preferido\/&#8221;},{&#8220;_id&#8221;:&#8221;link-FS75XRPSDJA4BKQPGSDOJBZFWI&#8221;,&#8221;children&#8221;:[],&#8221;display_name&#8221;:&#8221;Papo Reto&#8221;,&#8221;url&#8221;:&#8221;https:\/\/record.r7.com\/domingo-espetacular\/conteudo-exclusivo\/papo-reto\/&#8221;},{&#8220;_id&#8221;:&#8221;link-SITLG3OSEZDADPF55DED35MP2U&#8221;,&#8221;children&#8221;:[],&#8221;display_name&#8221;:&#8221;Mitos e Verdades Express&#8221;,&#8221;url&#8221;:&#8221;https:\/\/record.r7.com\/domingo-espetacular\/conteudo-exclusivo\/mitos-e-verdades-express\/&#8221;},{&#8220;_id&#8221;:&#8221;link-DKC474WXPFDOBDFAXPV3PP7KLU&#8221;,&#8221;children&#8221;:[],&#8221;display_name&#8221;:&#8221;Prato de domingo&#8221;,&#8221;url&#8221;:&#8221;https:\/\/record.r7.com\/domingo-espetacular\/conteudo-exclusivo\/prato-de-domingo\/&#8221;},{&#8220;_id&#8221;:&#8221;link-AWIRH6O2JVGVJO2JJTTTFL4S5I&#8221;,&#8221;children&#8221;:[],&#8221;display_name&#8221;:&#8221;Dicas de Cozinha&#8221;,&#8221;url&#8221;:&#8221;https:\/\/record.r7.com\/domingo-espetacular\/conteudo-exclusivo\/dicas-de-cozinha\/&#8221;},{&#8220;_id&#8221;:&#8221;link-X7CBPUHRA5AGRLTAVI35ORCNNA&#8221;,&#8221;children&#8221;:[],&#8221;display_name&#8221;:&#8221;Momento Venenosa&#8221;,&#8221;url&#8221;:&#8221;https:\/\/record.r7.com\/domingo-espetacular\/conteudo-exclusivo\/momento-venenosa\/&#8221;},{&#8220;_id&#8221;:&#8221;link-S4PPUUYB4RHCNOBP5LPISP6DOQ&#8221;,&#8221;children&#8221;:[],&#8221;display_name&#8221;:&#8221;Todos os v\u00eddeos&#8221;,&#8221;url&#8221;:&#8221;https:\/\/record.r7.com\/domingo-espetacular\/videos\/&#8221;}],&#8221;name&#8221;:&#8221;V\u00eddeos&#8221;,&#8221;navigation&#8221;:{&#8220;menu_url&#8221;:&#8221; https:\/\/record.r7.com\/domingo-espetacular\/videos&#8221;,&#8221;nav_title&#8221;:&#8221;V\u00eddeos&#8221;}},{&#8220;_id&#8221;:&#8221;link-YDDMPS5QW5FI5CV5WRPOUBFDQU&#8221;,&#8221;children&#8221;:[],&#8221;display_name&#8221;:&#8221;\u00cdntegra &#8220;,&#8221;url&#8221;:&#8221;https:\/\/www.playplus.com\/&#8221;}],&#8221;name&#8221;:&#8221;Domingo Espetacular&#8221;,&#8221;navigation&#8221;:{&#8220;menu_url&#8221;:&#8221;https:\/\/record.r7.com\/domingo-espetacular\/&#8221;,&#8221;nav_title&#8221;:&#8221;Domingo Espetacular&#8221;}},{&#8220;_id&#8221;:&#8221;\/menusidebarsecoes-entretenimento&#8221;,&#8221;children&#8221;:[{&#8220;_id&#8221;:&#8221;link-ZH6JBR2MDZCBFAXEGKODBGHU6U&#8221;,&#8221;children&#8221;:[],&#8221;display_name&#8221;:&#8221;Home&#8221;,&#8221;url&#8221;:&#8221;https:\/\/entretenimento.r7.com\/&#8221;},{&#8220;_id&#8221;:&#8221;\/menusidebarsecoes-entretenimento-cinema&#8221;,&#8221;children&#8221;:[{&#8220;_id&#8221;:&#8221;link-DAI2FDVNOZC47MFT223F2TOJUE&#8221;,&#8221;children&#8221;:[],&#8221;display_name&#8221;:&#8221;Capa&#8221;,&#8221;url&#8221;:&#8221;https:\/\/entretenimento.r7.com\/cinema\/&#8221;},{&#8220;_id&#8221;:&#8221;link-BMCORLVTLZAXBJ7OAUO2AFOQXM&#8221;,&#8221;children&#8221;:[],&#8221;display_name&#8221;:&#8221;Arroba Nerd&#8221;,&#8221;url&#8221;:&#8221;https:\/\/www.arrobanerd.com.br&#8221;},{&#8220;_id&#8221;:&#8221;link-XO5EKITK5BGCTD4OBGHQTXRUWY&#8221;,&#8221;children&#8221;:[],&#8221;display_name&#8221;:&#8221;ePipoca&#8221;,&#8221;url&#8221;:&#8221;https:\/\/www.epipoca.com.br\/&#8221;},{&#8220;_id&#8221;:&#8221;link-C5IR4JZ2WZHVHNRNMKFVLLKRDE&#8221;,&#8221;children&#8221;:[],&#8221;display_name&#8221;:&#8221;Esta\u00e7\u00e3o Nerd&#8221;,&#8221;url&#8221;:&#8221;https:\/\/estacaonerd.com&#8221;},{&#8220;_id&#8221;:&#8221;link-QNOHL5KTDBESTBLTS2T3KGUDYI&#8221;,&#8221;children&#8221;:[],&#8221;display_name&#8221;:&#8221;J Box&#8221;,&#8221;url&#8221;:&#8221;https:\/\/www.jbox.com.br&#8221;},{&#8220;_id&#8221;:&#8221;link-ZS4R3LFGJZAKDLE3KZYLRHCT6Q&#8221;,&#8221;children&#8221;:[],&#8221;display_name&#8221;:&#8221;O V\u00edcio&#8221;,&#8221;url&#8221;:&#8221;https:\/\/ovicio.com.br&#8221;},{&#8220;_id&#8221;:&#8221;link-WUKUGZM4TBC6VLXQ3JL7XMOKA4&#8243;,&#8221;children&#8221;:[],&#8221;display_name&#8221;:&#8221;Multiverso Not\u00edcias&#8221;,&#8221;url&#8221;:&#8221;https:\/\/multiversonoticias.com.br&#8221;},{&#8220;_id&#8221;:&#8221;link-HXG3UEBSVRB5JBTKNQL4IU7ACA&#8221;,&#8221;children&#8221;:[],&#8221;display_name&#8221;:&#8221;Revista Bula&#8221;,&#8221;url&#8221;:&#8221;https:\/\/www.revistabula.com&#8221;}],&#8221;name&#8221;:&#8221;Cinema&#8221;,&#8221;navigation&#8221;:{&#8220;menu_url&#8221;:&#8221;https:\/\/entretenimento.r7.com\/cinema&#8221;,&#8221;nav_title&#8221;:&#8221;Cinema&#8221;}},{&#8220;_id&#8221;:&#8221;link-IXC34EQSDJE2RHR4SYRQLNLOJU&#8221;,&#8221;children&#8221;:[],&#8221;display_name&#8221;:&#8221;Divers\u00e3o&#8221;,&#8221;url&#8221;:&#8221;https:\/\/entretenimento.r7.com\/diversao\/&#8221;},{&#8220;_id&#8221;:&#8221;\/menusidebarsecoes-entretenimento-famososetv&#8221;,&#8221;children&#8221;:[{&#8220;_id&#8221;:&#8221;link-L447BRON6BFTNIDG3RDQFK42EA&#8221;,&#8221;children&#8221;:[],&#8221;display_name&#8221;:&#8221;Capa&#8221;,&#8221;url&#8221;:&#8221;https:\/\/entretenimento.r7.com\/famosos-e-tv\/&#8221;},{&#8220;_id&#8221;:&#8221;link-FKQ2LCSI6JDRPLFJFP3P3DJ3UE&#8221;,&#8221;children&#8221;:[],&#8221;display_name&#8221;:&#8221;Beb\u00ea Mam\u00e3e&#8221;,&#8221;url&#8221;:&#8221;https:\/\/bebemamae.com\/famosos&#8221;},{&#8220;_id&#8221;:&#8221;link-M5OCEHPJGJBYHECYCXBDYBYAJU&#8221;,&#8221;children&#8221;:[],&#8221;display_name&#8221;:&#8221;Estrelando&#8221;,&#8221;url&#8221;:&#8221;https:\/\/www.estrelando.com.br\/celebridades&#8221;},{&#8220;_id&#8221;:&#8221;link-4BSNOHVK5RAQLNAQOXKI54WHZY&#8221;,&#8221;children&#8221;:[],&#8221;display_name&#8221;:&#8221;Feed TV&#8221;,&#8221;url&#8221;:&#8221;https:\/\/feedtv.news&#8221;},{&#8220;_id&#8221;:&#8221;link-ZZQJS37RGRFPHDTEAFAM4B4GVU&#8221;,&#8221;children&#8221;:[],&#8221;display_name&#8221;:&#8221;Mix Me&#8221;,&#8221;url&#8221;:&#8221;https:\/\/www.mixme.com.br\/&#8221;},{&#8220;_id&#8221;:&#8221;link-2PNWEJVF3NCEBFV5UKLUWSTXUU&#8221;,&#8221;children&#8221;:[],&#8221;display_name&#8221;:&#8221;SPINOFF&#8221;,&#8221;url&#8221;:&#8221;https:\/\/www.spinoff.com.br\/&#8221;}],&#8221;name&#8221;:&#8221;Famosos e TV&#8221;,&#8221;navigation&#8221;:{&#8220;menu_url&#8221;:&#8221;https:\/\/entretenimento.r7.com\/famosos-e-tv&#8221;,&#8221;nav_title&#8221;:&#8221;Famosos e TV&#8221;}},{&#8220;_id&#8221;:&#8221;\/menusidebarsecoes-entretenimento-musica&#8221;,&#8221;children&#8221;:[{&#8220;_id&#8221;:&#8221;link-4ADKFAR5YBF5JMQWOXLWBTWJU4&#8243;,&#8221;children&#8221;:[],&#8221;display_name&#8221;:&#8221;Capa&#8221;,&#8221;url&#8221;:&#8221;https:\/\/entretenimento.r7.com\/musica\/&#8221;},{&#8220;_id&#8221;:&#8221;link-2Y342KPLARH4RNRIJI22MFGRDI&#8221;,&#8221;children&#8221;:[],&#8221;display_name&#8221;:&#8221;Nova Brasil FM&#8221;,&#8221;url&#8221;:&#8221;https:\/\/novabrasilfm.com.br&#8221;},{&#8220;_id&#8221;:&#8221;link-352W2D2K5FEILBZ6R6GTXLFVUE&#8221;,&#8221;children&#8221;:[],&#8221;display_name&#8221;:&#8221;Tenho mais discos que amigos&#8221;,&#8221;url&#8221;:&#8221;https:\/\/www.tenhomaisdiscosqueamigos.com&#8221;}],&#8221;name&#8221;:&#8221;M\u00fasica&#8221;,&#8221;navigation&#8221;:{&#8220;menu_url&#8221;:&#8221;https:\/\/entretenimento.r7.com\/musica&#8221;,&#8221;nav_title&#8221;:&#8221;M\u00fasica&#8221;}}],&#8221;name&#8221;:&#8221;Entretenimento&#8221;,&#8221;navigation&#8221;:{&#8220;menu_url&#8221;:&#8221;https:\/\/entretenimento.r7.com&#8221;,&#8221;nav_title&#8221;:&#8221;Entretenimento&#8221;}},{&#8220;_id&#8221;:&#8221;\/menusidebarsecoes-esporterecord&#8221;,&#8221;children&#8221;:[{&#8220;_id&#8221;:&#8221;link-OKNZ7OMFLJDIFPBXSBNUUJ5ZI4&#8243;,&#8221;children&#8221;:[],&#8221;display_name&#8221;:&#8221;Site Oficial&#8221;,&#8221;url&#8221;:&#8221;https:\/\/record.r7.com\/esporte-record\/&#8221;},{&#8220;_id&#8221;:&#8221;link-4E6S43CTQNGL3ORDLYWWA7UJJE&#8221;,&#8221;children&#8221;:[],&#8221;display_name&#8221;:&#8221;Enquetes&#8221;,&#8221;url&#8221;:&#8221;https:\/\/record.r7.com\/esporte-record\/enquetes\/&#8221;},{&#8220;_id&#8221;:&#8221;link-3P4XMDM7OJDHHHAQS7HXMZNTEA&#8221;,&#8221;children&#8221;:[],&#8221;display_name&#8221;:&#8221;Fotos&#8221;,&#8221;url&#8221;:&#8221;https:\/\/record.r7.com\/esporte-record\/fotos\/&#8221;},{&#8220;_id&#8221;:&#8221;link-EWMXVBNVUJF5BCDDYDSZZV6BEY&#8221;,&#8221;children&#8221;:[],&#8221;display_name&#8221;:&#8221;Novidades&#8221;,&#8221;url&#8221;:&#8221;https:\/\/record.r7.com\/esporte-record\/novidades\/&#8221;},{&#8220;_id&#8221;:&#8221;link-ILAIYZRM7NHHRIMMYIVSO7ZBVM&#8221;,&#8221;children&#8221;:[],&#8221;display_name&#8221;:&#8221;Quizzes&#8221;,&#8221;url&#8221;:&#8221;https:\/\/record.r7.com\/esporte-record\/quizzes\/&#8221;},{&#8220;_id&#8221;:&#8221;link-CAMP52ZHDVAFRELF457T4XBKLM&#8221;,&#8221;children&#8221;:[],&#8221;display_name&#8221;:&#8221;V\u00eddeos&#8221;,&#8221;url&#8221;:&#8221;https:\/\/record.r7.com\/esporte-record\/videos\/&#8221;},{&#8220;_id&#8221;:&#8221;link-5RQXEVHYJVHYNFYTRPDBKDCVUU&#8221;,&#8221;children&#8221;:[],&#8221;display_name&#8221;:&#8221;\u00cdntegra&#8221;,&#8221;url&#8221;:&#8221;https:\/\/record.r7.com\/esporte-record\/integras\/&#8221;}],&#8221;name&#8221;:&#8221;Esporte Record&#8221;,&#8221;navigation&#8221;:{&#8220;menu_url&#8221;:&#8221;https:\/\/record.r7.com\/esporte-record\/&#8221;,&#8221;nav_title&#8221;:&#8221;Esporte Record&#8221;}},{&#8220;_id&#8221;:&#8221;\/menusidebarsecoes-esportes&#8221;,&#8221;children&#8221;:[{&#8220;_id&#8221;:&#8221;link-JGWCI3HLEFAWFNHIDFV6CJQ7XI&#8221;,&#8221;children&#8221;:[],&#8221;display_name&#8221;:&#8221;Home&#8221;,&#8221;url&#8221;:&#8221;https:\/\/esportes.r7.com&#8221;},{&#8220;_id&#8221;:&#8221;\/menusidebarsecoes-esportes-automobilismo&#8221;,&#8221;children&#8221;:[{&#8220;_id&#8221;:&#8221;link-BYBCNQOBXVBKLJNW2X6DB6KB7E&#8221;,&#8221;children&#8221;:[],&#8221;display_name&#8221;:&#8221;Capa&#8221;,&#8221;url&#8221;:&#8221;https:\/\/esportes.r7.com\/automobilismo\/&#8221;},{&#8220;_id&#8221;:&#8221;link-5BYXGUUWXFFDNFBJ4H2UTKNNOQ&#8221;,&#8221;children&#8221;:[],&#8221;display_name&#8221;:&#8221;Autoracing&#8221;,&#8221;url&#8221;:&#8221;https:\/\/www.autoracing.com.br&#8221;}],&#8221;name&#8221;:&#8221;Automobilismo&#8221;,&#8221;navigation&#8221;:{&#8220;menu_url&#8221;:&#8221;https:\/\/esportes.r7.com\/automobilismo&#8221;,&#8221;nav_title&#8221;:&#8221;Automobilismo&#8221;}},{&#8220;_id&#8221;:&#8221;\/menusidebarsecoes-esportes-esports&#8221;,&#8221;children&#8221;:[{&#8220;_id&#8221;:&#8221;link-6EU4YAW5WRHVVLX4DVP5DPKO2A&#8221;,&#8221;children&#8221;:[],&#8221;display_name&#8221;:&#8221;Home&#8221;,&#8221;url&#8221;:&#8221;https:\/\/esportes.r7.com\/e-sports\/&#8221;},{&#8220;_id&#8221;:&#8221;link-TBEPA4EKCBBQJPE5BYIEQCVKGQ&#8221;,&#8221;children&#8221;:[],&#8221;display_name&#8221;:&#8221;Arroba Nerd&#8221;,&#8221;url&#8221;:&#8221;https:\/\/www.arrobanerd.com.br\/games&#8221;},{&#8220;_id&#8221;:&#8221;link-QFJN3VTP6RB37BMF4KY5L2LI6I&#8221;,&#8221;children&#8221;:[],&#8221;display_name&#8221;:&#8221;Click Gr\u00e1tis&#8221;,&#8221;url&#8221;:&#8221;https:\/\/www.clickgratis.com.br\/virtual\/games&#8221;},{&#8220;_id&#8221;:&#8221;link-YIFFNHO35ZHWFABYQ7KBJDE3V4&#8243;,&#8221;children&#8221;:[],&#8221;display_name&#8221;:&#8221;Esta\u00e7\u00e3o Nerd&#8221;,&#8221;url&#8221;:&#8221;https:\/\/estacaonerd.com\/games&#8221;},{&#8220;_id&#8221;:&#8221;link-PEMZ6ORMPNGDJARXBNK7IXUQAU&#8221;,&#8221;children&#8221;:[],&#8221;display_name&#8221;:&#8221;Gamehall&#8221;,&#8221;url&#8221;:&#8221;https:\/\/gamehall.com.br\/&#8221;},{&#8220;_id&#8221;:&#8221;link-TLINE44E5ND23IM2J574L2EZ4A&#8221;,&#8221;children&#8221;:[],&#8221;display_name&#8221;:&#8221;Gamer Point&#8221;,&#8221;url&#8221;:&#8221;https:\/\/www.gamerpoint.com.br\/&#8221;},{&#8220;_id&#8221;:&#8221;link-PRTRCGH7HJHYREG46AC4LFLJJE&#8221;,&#8221;children&#8221;:[],&#8221;display_name&#8221;:&#8221;G\u00eanio Quiz&#8221;,&#8221;url&#8221;:&#8221;https:\/\/genioquiz.com.br\/&#8221;},{&#8220;_id&#8221;:&#8221;link-QZSMGI2IENBFPGNGFY7WHW4RM4&#8243;,&#8221;children&#8221;:[],&#8221;display_name&#8221;:&#8221;Jbox&#8221;,&#8221;url&#8221;:&#8221;https:\/\/www.jbox.com.br\/categoria\/games&#8221;},{&#8220;_id&#8221;:&#8221;link-M55KV62UE5APDIRME3DAX3K5SI&#8221;,&#8221;children&#8221;:[],&#8221;display_name&#8221;:&#8221;Muramasa&#8221;,&#8221;url&#8221;:&#8221;https:\/\/muramasa.com.br\/category\/games\/&#8221;},{&#8220;_id&#8221;:&#8221;link-PIGO5SKN4NGMNDZ3K6MLFV656A&#8221;,&#8221;children&#8221;:[],&#8221;display_name&#8221;:&#8221;O V\u00edcio&#8221;,&#8221;url&#8221;:&#8221;https:\/\/ovicio.com.br\/category\/games\/&#8221;},{&#8220;_id&#8221;:&#8221;link-HXSFYRD7QJCOHEV4GQNPI5HMXA&#8221;,&#8221;children&#8221;:[],&#8221;display_name&#8221;:&#8221;Outer Space&#8221;,&#8221;url&#8221;:&#8221;https:\/\/www.outerspace.com.br\/&#8221;},{&#8220;_id&#8221;:&#8221;link-JM7BANVTT5HR7ES674W5PV4ZYI&#8221;,&#8221;children&#8221;:[],&#8221;display_name&#8221;:&#8221;Overplay&#8221;,&#8221;url&#8221;:&#8221;https:\/\/overplay.com.br\/&#8221;}],&#8221;name&#8221;:&#8221;E-Sports&#8221;,&#8221;navigation&#8221;:{&#8220;menu_url&#8221;:&#8221;https:\/\/esportes.r7.com\/e-sports&#8221;,&#8221;nav_title&#8221;:&#8221;E-Sports&#8221;}},{&#8220;_id&#8221;:&#8221;\/menusidebarsecoes-esportes-foradejogo&#8221;,&#8221;children&#8221;:[],&#8221;name&#8221;:&#8221;Fora de Jogo&#8221;,&#8221;navigation&#8221;:{&#8220;menu_url&#8221;:&#8221;https:\/\/esportes.r7.com\/fora-de-jogo\/&#8221;,&#8221;nav_title&#8221;:&#8221;Fora de Jogo&#8221;}},{&#8220;_id&#8221;:&#8221;\/menusidebarsecoes-esportes-futebol&#8221;,&#8221;children&#8221;:[{&#8220;_id&#8221;:&#8221;link-5BOPLGF7ZFHH5BCC6M65D2NNOQ&#8221;,&#8221;children&#8221;:[],&#8221;display_name&#8221;:&#8221;Capa&#8221;,&#8221;url&#8221;:&#8221;https:\/\/esportes.r7.com\/futebol\/&#8221;},{&#8220;_id&#8221;:&#8221;link-NUAPGZB23VF7LGLO5WNFCWSJ7I&#8221;,&#8221;children&#8221;:[],&#8221;display_name&#8221;:&#8221;Mundial de Clubes&#8221;,&#8221;url&#8221;:&#8221;https:\/\/esportes.r7.com\/futebol\/mundial-de-clubes\/&#8221;},{&#8220;_id&#8221;:&#8221;link-HPDIKY3GIVCA3G24VTHNLBOK3E&#8221;,&#8221;children&#8221;:[],&#8221;display_name&#8221;:&#8221;Mundial de Clubes &#8211; Tabela&#8221;,&#8221;url&#8221;:&#8221;https:\/\/esportes.r7.com\/futebol\/mundial-de-clubes\/tabela\/ &#8220;},{&#8220;_id&#8221;:&#8221;link-CY4SVMZ7IJBVZAQVV3ZGABWBXE&#8221;,&#8221;children&#8221;:[],&#8221;display_name&#8221;:&#8221;Mundial de Clubes &#8211; Lance a Lance&#8221;,&#8221;url&#8221;:&#8221;https:\/\/esportes.r7.com\/futebol\/mundial-de-clubes\/lance-a-lance\/&#8221;},{&#8220;_id&#8221;:&#8221;link-MHCB2IFOJ5CPXJXUPSDNYLXUZA&#8221;,&#8221;children&#8221;:[],&#8221;display_name&#8221;:&#8221;Mundial de Clubes &#8211; Simulador de Jogos&#8221;,&#8221;url&#8221;:&#8221;https:\/\/esportes.r7.com\/futebol\/mundial-de-clubes\/simulador-mundial-de-clubes-18062025\/&#8221;},{&#8220;_id&#8221;:&#8221;link-QFQAKZADUFA33HWWCOGRBSXB3Q&#8221;,&#8221;children&#8221;:[],&#8221;display_name&#8221;:&#8221;Brasileir\u00e3o S\u00e9rie A&#8221;,&#8221;url&#8221;:&#8221;https:\/\/esportes.r7.com\/futebol\/campeonato-brasileiro-serie-a\/&#8221;},{&#8220;_id&#8221;:&#8221;link-IEGN72I6HVD5JLSQR2PDLRCSB4&#8243;,&#8221;children&#8221;:[],&#8221;display_name&#8221;:&#8221;Brasileir\u00e3o S\u00e9rie A &#8211; Tabela&#8221;,&#8221;url&#8221;:&#8221;https:\/\/esportes.r7.com\/futebol\/campeonato-brasileiro-serie-a\/tabela\/&#8221;},{&#8220;_id&#8221;:&#8221;link-EHE4Q46YVBGC7F576G3OC4LUOI&#8221;,&#8221;children&#8221;:[],&#8221;display_name&#8221;:&#8221;Brasileir\u00e3o S\u00e9rie B&#8221;,&#8221;url&#8221;:&#8221;https:\/\/esportes.r7.com\/futebol\/campeonato-brasileiro-serie-b\/&#8221;},{&#8220;_id&#8221;:&#8221;link-IHBXCG2QWBE5ZHUUH2VDBJZMSQ&#8221;,&#8221;children&#8221;:[],&#8221;display_name&#8221;:&#8221;Copa do Brasil&#8221;,&#8221;url&#8221;:&#8221;https:\/\/esportes.r7.com\/futebol\/copa-do-brasil\/&#8221;},{&#8220;_id&#8221;:&#8221;link-YQXIG5X7XVGTJOVPSZDWVKNRYM&#8221;,&#8221;children&#8221;:[],&#8221;display_name&#8221;:&#8221;Copa do Brasil &#8211; Tabela&#8221;,&#8221;url&#8221;:&#8221;https:\/\/esportes.r7.com\/futebol\/copa-do-brasil\/tabela\/&#8221;},{&#8220;_id&#8221;:&#8221;link-WHXXKD23IFCPPA2BRNHGVMBSDI&#8221;,&#8221;children&#8221;:[],&#8221;display_name&#8221;:&#8221;Copa do Brasil &#8211; Lance a Lance&#8221;,&#8221;url&#8221;:&#8221;https:\/\/esportes.r7.com\/futebol\/copa-do-brasil\/lance-a-lance\/&#8221;},{&#8220;_id&#8221;:&#8221;\/menusidebarsecoes-esportes-futebol-copasaopaulo&#8221;,&#8221;children&#8221;:[{&#8220;_id&#8221;:&#8221;link-BXHFNW62YVDD7DPBHPM2GY57NA&#8221;,&#8221;children&#8221;:[],&#8221;display_name&#8221;:&#8221;Site Oficial&#8221;,&#8221;url&#8221;:&#8221;https:\/\/esportes.r7.com\/futebol\/copa-sao-paulo\/ &#8220;},{&#8220;_id&#8221;:&#8221;link-RE2U4AEYHZHKHNDXOMOFLQIERE&#8221;,&#8221;children&#8221;:[],&#8221;display_name&#8221;:&#8221;Ao Vivo&#8221;,&#8221;url&#8221;:&#8221;https:\/\/esportes.r7.com\/futebol\/copa-sao-paulo\/ao-vivo-jogo1\/ &#8220;},{&#8220;_id&#8221;:&#8221;link-5AQREPNYQVBRXI3KIYBSJ6QGDA&#8221;,&#8221;children&#8221;:[],&#8221;display_name&#8221;:&#8221;Tabela&#8221;,&#8221;url&#8221;:&#8221;https:\/\/esportes.r7.com\/futebol\/copa-sao-paulo\/tabela &#8220;},{&#8220;_id&#8221;:&#8221;link-2I7F53MVUFG2HJKNFJFKICPV2Q&#8221;,&#8221;children&#8221;:[],&#8221;display_name&#8221;:&#8221;Lance a Lance&#8221;,&#8221;url&#8221;:&#8221;https:\/\/esportes.r7.com\/futebol\/copa-sao-paulo\/lance-a-lance\/&#8221;},{&#8220;_id&#8221;:&#8221;link-D235BLXNANDRRCLJPM6CM5OL3M&#8221;,&#8221;children&#8221;:[],&#8221;display_name&#8221;:&#8221;Novidades&#8221;,&#8221;url&#8221;:&#8221;https:\/\/esportes.r7.com\/futebol\/copa-sao-paulo\/novidades\/ &#8220;},{&#8220;_id&#8221;:&#8221;link-IHPL3RYIEZCULOECCEPRHE62UA&#8221;,&#8221;children&#8221;:[],&#8221;display_name&#8221;:&#8221;Quizzes&#8221;,&#8221;url&#8221;:&#8221;https:\/\/esportes.r7.com\/futebol\/copa-sao-paulo\/quizzes&#8221;},{&#8220;_id&#8221;:&#8221;link-QI5IOZ543ZBU7MU6UBMGULTUA4&#8243;,&#8221;children&#8221;:[],&#8221;display_name&#8221;:&#8221;V\u00eddeos&#8221;,&#8221;url&#8221;:&#8221;https:\/\/esportes.r7.com\/futebol\/copa-sao-paulo\/videos\/ &#8220;},{&#8220;_id&#8221;:&#8221;link-ZBK3LCVMOZDJZGE4236RYDLBGQ&#8221;,&#8221;children&#8221;:[],&#8221;display_name&#8221;:&#8221;Fotos&#8221;,&#8221;url&#8221;:&#8221;https:\/\/esportes.r7.com\/futebol\/copa-sao-paulo\/fotos\/&#8221;}],&#8221;name&#8221;:&#8221;Copa S\u00e3o Paulo&#8221;,&#8221;navigation&#8221;:{&#8220;menu_url&#8221;:&#8221;https:\/\/esportes.r7.com\/futebol\/copa-sao-paulo\/ &#8220;,&#8221;nav_title&#8221;:&#8221;Copa S\u00e3o Paulo&#8221;}},{&#8220;_id&#8221;:&#8221;link-JG2IPAEBGFFRTFEV3AAY5EOKQY&#8221;,&#8221;children&#8221;:[],&#8221;display_name&#8221;:&#8221;Eliminat\u00f3rias da Copa&#8221;,&#8221;url&#8221;:&#8221;https:\/\/esportes.r7.com\/futebol\/eliminatorias-da-copa\/&#8221;},{&#8220;_id&#8221;:&#8221;link-DRJQKIUYAFE6BIJ3JDC5GLHHMA&#8221;,&#8221;children&#8221;:[],&#8221;display_name&#8221;:&#8221;Eliminat\u00f3rias da Copa &#8211; Tabela&#8221;,&#8221;url&#8221;:&#8221;https:\/\/esportes.r7.com\/futebol\/eliminatorias-da-copa\/tabela\/&#8221;},{&#8220;_id&#8221;:&#8221;link-HN25F3MZXFFA5PX4H3XIWKJQ2M&#8221;,&#8221;children&#8221;:[],&#8221;display_name&#8221;:&#8221;Goal&#8221;,&#8221;url&#8221;:&#8221;https:\/\/www.goal.com\/br&#8221;},{&#8220;_id&#8221;:&#8221;link-PDFTZXKDDNGM7G6F2Z7TLUSGUY&#8221;,&#8221;children&#8221;:[],&#8221;display_name&#8221;:&#8221;Guia do Boleiro&#8221;,&#8221;url&#8221;:&#8221;https:\/\/guiadoboleiro.com.br\/&#8221;},{&#8220;_id&#8221;:&#8221;link-CKIQRAIWZREPDECD42AIOQJMPQ&#8221;,&#8221;children&#8221;:[],&#8221;display_name&#8221;:&#8221;Brasileir\u00e3o S\u00e9rie A &#8211; Lance a Lance&#8221;,&#8221;url&#8221;:&#8221;https:\/\/esportes.r7.com\/futebol\/campeonato-brasileiro-serie-a\/lance-a-lance\/&#8221;},{&#8220;_id&#8221;:&#8221;link-NADRK3373JCA5L4ZEICOURHDJQ&#8221;,&#8221;children&#8221;:[],&#8221;display_name&#8221;:&#8221;Jogada 10&#8243;,&#8221;url&#8221;:&#8221;https:\/\/jogada10.com.br&#8221;},{&#8220;_id&#8221;:&#8221;link-XPOLKYHBKJHUZBEZXEFII3TYWM&#8221;,&#8221;children&#8221;:[],&#8221;display_name&#8221;:&#8221;Lance!&#8221;,&#8221;url&#8221;:&#8221;https:\/\/esportes.r7.com\/lance\/&#8221;},{&#8220;_id&#8221;:&#8221;link-JGQURFB2ANE5BL7OM5D6OPJTKA&#8221;,&#8221;children&#8221;:[],&#8221;display_name&#8221;:&#8221;Libertadores&#8221;,&#8221;url&#8221;:&#8221;https:\/\/esportes.r7.com\/futebol\/libertadores\/&#8221;},{&#8220;_id&#8221;:&#8221;link-TJWXW5GUEFD5HINJCGIAXULB7I&#8221;,&#8221;children&#8221;:[],&#8221;display_name&#8221;:&#8221;Libertadores &#8211; Tabela&#8221;,&#8221;url&#8221;:&#8221;https:\/\/esportes.r7.com\/futebol\/libertadores\/tabela\/&#8221;},{&#8220;_id&#8221;:&#8221;link-NPVPXKEQ3BFULI2Y6ZTHQVMVVY&#8221;,&#8221;children&#8221;:[],&#8221;display_name&#8221;:&#8221;Libertadores &#8211; Lance a Lance&#8221;,&#8221;url&#8221;:&#8221;https:\/\/esportes.r7.com\/futebol\/libertadores\/lance-a-lance\/&#8221;},{&#8220;_id&#8221;:&#8221;link-YOLV3AUQC5EHLADDO4HJJR7YXM&#8221;,&#8221;children&#8221;:[],&#8221;display_name&#8221;:&#8221;Portal Times&#8221;,&#8221;url&#8221;:&#8221;https:\/\/portaltimes.com.br\/&#8221;}],&#8221;name&#8221;:&#8221;Futebol&#8221;,&#8221;navigation&#8221;:{&#8220;menu_url&#8221;:&#8221;https:\/\/esportes.r7.com\/futebol&#8221;,&#8221;nav_title&#8221;:&#8221;Fuetbol&#8221;}},{&#8220;_id&#8221;:&#8221;link-UFJG3QO6RVCELFWTJ2LKKGFGNA&#8221;,&#8221;children&#8221;:[],&#8221;display_name&#8221;:&#8221;Joga nas Onze&#8221;,&#8221;url&#8221;:&#8221;https:\/\/esportes.r7.com\/joga-nas-11\/&#8221;},{&#8220;_id&#8221;:&#8221;\/menusidebarsecoes-esportes-maisesportes&#8221;,&#8221;children&#8221;:[{&#8220;_id&#8221;:&#8221;link-MC2ZRQHCVJBMHBQKIU6ZMJL2ME&#8221;,&#8221;children&#8221;:[],&#8221;display_name&#8221;:&#8221;Capa&#8221;,&#8221;url&#8221;:&#8221;https:\/\/esportes.r7.com\/mais-esportes\/&#8221;},{&#8220;_id&#8221;:&#8221;link-UBUZNQP3PVHD5BRLMREVKN54YM&#8221;,&#8221;children&#8221;:[],&#8221;display_name&#8221;:&#8221;Live Basketball Br&#8221;,&#8221;url&#8221;:&#8221;https:\/\/livebasketballbr.com&#8221;},{&#8220;_id&#8221;:&#8221;link-GYKDFMAF6JHTZK6RJUQNED6AF4&#8243;,&#8221;children&#8221;:[],&#8221;display_name&#8221;:&#8221;Outer Space&#8221;,&#8221;url&#8221;:&#8221;http:\/\/www.outerspace.com.br&#8221;},{&#8220;_id&#8221;:&#8221;link-3D4KPBO53JHAXEUO3EP3UVKLEA&#8221;,&#8221;children&#8221;:[],&#8221;display_name&#8221;:&#8221;Portal do Vale Tudo&#8221;,&#8221;url&#8221;:&#8221;http:\/\/www.portaldovaletudo.com.br&#8221;}],&#8221;name&#8221;:&#8221;Mais Esportes&#8221;,&#8221;navigation&#8221;:{&#8220;menu_url&#8221;:&#8221;https:\/\/esportes.r7.com\/mais-esportes&#8221;,&#8221;nav_title&#8221;:&#8221;Mais Esportes&#8221;}}],&#8221;name&#8221;:&#8221;Esportes&#8221;,&#8221;navigation&#8221;:{&#8220;menu_url&#8221;:&#8221;https:\/\/esportes.r7.com&#8221;,&#8221;nav_title&#8221;:&#8221;Esportes&#8221;}},{&#8220;_id&#8221;:&#8221;link-HTLNXFL5HNBIPPFLKJJSQGZJEI&#8221;,&#8221;children&#8221;:[],&#8221;display_name&#8221;:&#8221;Esp\u00edrito Santo&#8221;,&#8221;url&#8221;:&#8221;https:\/\/noticias.r7.com\/espirito-santo\/&#8221;},{&#8220;_id&#8221;:&#8221;\/menusidebarsecoes-falabrasil&#8221;,&#8221;children&#8221;:[{&#8220;_id&#8221;:&#8221;link-CON5CV7755CFVETCTYTZ52PH7A&#8221;,&#8221;children&#8221;:[],&#8221;display_name&#8221;:&#8221;Site oficial&#8221;,&#8221;url&#8221;:&#8221;https:\/\/record.r7.com\/fala-brasil\/&#8221;},{&#8220;_id&#8221;:&#8221;link-FDAPUJ5CGNFXXEGKGVAED34JJM&#8221;,&#8221;children&#8221;:[],&#8221;display_name&#8221;:&#8221;Fotos &#8220;,&#8221;url&#8221;:&#8221;https:\/\/record.r7.com\/fala-brasil\/fotos\/&#8221;},{&#8220;_id&#8221;:&#8221;link-FZYUAFIIFNDUNM7ER5AIWYVXDM&#8221;,&#8221;children&#8221;:[],&#8221;display_name&#8221;:&#8221;Not\u00edcias&#8221;,&#8221;url&#8221;:&#8221;https:\/\/record.r7.com\/fala-brasil\/noticias\/&#8221;},{&#8220;_id&#8221;:&#8221;link-KPMWASH3PJHYBOZKW4VAXYG3PI&#8221;,&#8221;children&#8221;:[],&#8221;display_name&#8221;:&#8221;V\u00eddeos &#8220;,&#8221;url&#8221;:&#8221;https:\/\/record.r7.com\/fala-brasil\/videos\/&#8221;},{&#8220;_id&#8221;:&#8221;link-64WPHYW2GNGEBIFV2DITPOFDHU&#8221;,&#8221;children&#8221;:[],&#8221;display_name&#8221;:&#8221;\u00cdntegra &#8220;,&#8221;url&#8221;:&#8221;https:\/\/www.playplus.com\/&#8221;}],&#8221;name&#8221;:&#8221;Fala Brasil&#8221;,&#8221;navigation&#8221;:{&#8220;menu_url&#8221;:&#8221;https:\/\/record.r7.com\/fala-brasil\/&#8221;,&#8221;nav_title&#8221;:&#8221;Fala Brasil&#8221;}},{&#8220;_id&#8221;:&#8221;\/menusidebarsecoes-goias&#8221;,&#8221;children&#8221;:[{&#8220;_id&#8221;:&#8221;link-UABJ2JVHJVA47FVSRLN7KUJ6ZY&#8221;,&#8221;children&#8221;:[],&#8221;display_name&#8221;:&#8221;Home&#8221;,&#8221;url&#8221;:&#8221;https:\/\/noticias.r7.com\/goias\/&#8221;},{&#8220;_id&#8221;:&#8221;link-JMTBIZLJRNBFHMWGIGS2MF2EC4&#8243;,&#8221;children&#8221;:[],&#8221;display_name&#8221;:&#8221;Not\u00edcias&#8221;,&#8221;url&#8221;:&#8221;https:\/\/noticias.r7.com\/goias\/noticias\/&#8221;},{&#8220;_id&#8221;:&#8221;link-MM6XZVG5RZDZRE5JINGHA5HMQU&#8221;,&#8221;children&#8221;:[],&#8221;display_name&#8221;:&#8221;Agro Record Goi\u00e1s&#8221;,&#8221;url&#8221;:&#8221;https:\/\/noticias.r7.com\/goias\/agro-record-goias\/&#8221;},{&#8220;_id&#8221;:&#8221;link-AH45ONKSMVFXPPO2VLIW4TNRFU&#8221;,&#8221;children&#8221;:[],&#8221;display_name&#8221;:&#8221;Balan\u00e7o Geral Goi\u00e1s&#8221;,&#8221;url&#8221;:&#8221;https:\/\/noticias.r7.com\/goias\/balanco-geral-goias\/&#8221;},{&#8220;_id&#8221;:&#8221;link-QKB5AJGRCRGX5DJ64R225BEQVI&#8221;,&#8221;children&#8221;:[],&#8221;display_name&#8221;:&#8221;Cidade Alerta Goi\u00e1s&#8221;,&#8221;url&#8221;:&#8221;https:\/\/noticias.r7.com\/goias\/cidade-alerta-goias\/&#8221;},{&#8220;_id&#8221;:&#8221;link-W5AJJB3XIVCJ3CLPP6MMQ6AGB4&#8243;,&#8221;children&#8221;:[],&#8221;display_name&#8221;:&#8221;Goi\u00e1s no Ar&#8221;,&#8221;url&#8221;:&#8221;https:\/\/noticias.r7.com\/goias\/goias-no-ar\/&#8221;},{&#8220;_id&#8221;:&#8221;link-PHBZJPKIVNBNBELJDA5UJVBKYE&#8221;,&#8221;children&#8221;:[],&#8221;display_name&#8221;:&#8221;Goi\u00e1s Record&#8221;,&#8221;url&#8221;:&#8221;https:\/\/noticias.r7.com\/goias\/goias-record\/&#8221;}],&#8221;name&#8221;:&#8221;Goi\u00e1s&#8221;,&#8221;navigation&#8221;:{&#8220;menu_url&#8221;:&#8221;https:\/\/noticias.r7.com\/goias\/&#8221;,&#8221;nav_title&#8221;:&#8221;Goi\u00e1s&#8221;}},{&#8220;_id&#8221;:&#8221;\/menusidebarsecoes-hojeemdia&#8221;,&#8221;children&#8221;:[{&#8220;_id&#8221;:&#8221;link-OFJR73XIOVGZ5HYQTNOUE23FWI&#8221;,&#8221;children&#8221;:[],&#8221;display_name&#8221;:&#8221;Site oficial&#8221;,&#8221;url&#8221;:&#8221;https:\/\/record.r7.com\/hoje-em-dia\/&#8221;},{&#8220;_id&#8221;:&#8221;link-MIU53K2RL5BHNOXWDWIRHG3N5Y&#8221;,&#8221;children&#8221;:[],&#8221;display_name&#8221;:&#8221;Fotos &#8220;,&#8221;url&#8221;:&#8221;https:\/\/record.r7.com\/hoje-em-dia\/fotos\/&#8221;},{&#8220;_id&#8221;:&#8221;link-NTHZAU545JEB3GGKRNX2KLCDQI&#8221;,&#8221;children&#8221;:[],&#8221;display_name&#8221;:&#8221;Novidades &#8220;,&#8221;url&#8221;:&#8221;https:\/\/record.r7.com\/hoje-em-dia\/noticias\/&#8221;},{&#8220;_id&#8221;:&#8221;\/menusidebarsecoes-hojeemdia-podcasts&#8221;,&#8221;children&#8221;:[{&#8220;_id&#8221;:&#8221;link-CNV4WMCDGNBOZOQHW3EGUACLDA&#8221;,&#8221;children&#8221;:[],&#8221;display_name&#8221;:&#8221;Voc\u00ea e o Doutor&#8221;,&#8221;url&#8221;:&#8221;https:\/\/record.r7.com\/hoje-em-dia\/podcast-voce-e-o-doutor\/&#8221;}],&#8221;name&#8221;:&#8221;Podcast&#8221;,&#8221;navigation&#8221;:{&#8220;menu_url&#8221;:&#8221;https:\/\/record.r7.com\/hoje-em-dia&#8221;,&#8221;nav_title&#8221;:&#8221;Podcast&#8221;}},{&#8220;_id&#8221;:&#8221;link-PKUM2BTSZZFWXKKFVFODH724NY&#8221;,&#8221;children&#8221;:[],&#8221;display_name&#8221;:&#8221;V\u00eddeos&#8221;,&#8221;url&#8221;:&#8221;https:\/\/record.r7.com\/hoje-em-dia\/videos\/&#8221;},{&#8220;_id&#8221;:&#8221;link-BVZD2CU3NJH2DGMCV7RC434DVE&#8221;,&#8221;children&#8221;:[],&#8221;display_name&#8221;:&#8221;\u00cdntegra&#8221;,&#8221;url&#8221;:&#8221;https:\/\/www.playplus.com\/detalhes\/69915&#8243;}],&#8221;name&#8221;:&#8221;Hoje em Dia&#8221;,&#8221;navigation&#8221;:{&#8220;menu_url&#8221;:&#8221;https:\/\/record.r7.com\/hoje-em-dia\/&#8221;,&#8221;nav_title&#8221;:&#8221;Hoje em Dia&#8221;}},{&#8220;_id&#8221;:&#8221;\/menusidebarsecoes-jr24h&#8221;,&#8221;children&#8221;:[{&#8220;_id&#8221;:&#8221;link-4WBJJVZJ2RBKJDHDXZGLWTKXJY&#8221;,&#8221;children&#8221;:[],&#8221;display_name&#8221;:&#8221;Ao Vivo&#8221;,&#8221;url&#8221;:&#8221;https:\/\/noticias.r7.com\/jr-24h\/ao-vivo\/&#8221;},{&#8220;_id&#8221;:&#8221;\/menusidebarsecoes-jr24h-noticiasr7&#8243;,&#8221;children&#8221;:[{&#8220;_id&#8221;:&#8221;link-5XAFTNWP2FECJLQJXVRBVAW6YI&#8221;,&#8221;children&#8221;:[],&#8221;display_name&#8221;:&#8221;Home&#8221;,&#8221;url&#8221;:&#8221;https:\/\/noticias.r7.com\/&#8221;},{&#8220;_id&#8221;:&#8221;link-7COJPM3WHRAMBLIJBCSASMZQKY&#8221;,&#8221;children&#8221;:[],&#8221;display_name&#8221;:&#8221;Agroneg\u00f3cios&#8221;,&#8221;url&#8221;:&#8221;https:\/\/noticias.r7.com\/agronegocios\/&#8221;},{&#8220;_id&#8221;:&#8221;link-PWSOSTMMENHKPB2QEMCOEGUJRE&#8221;,&#8221;children&#8221;:[],&#8221;display_name&#8221;:&#8221;Bahia&#8221;,&#8221;url&#8221;:&#8221;https:\/\/noticias.r7.com\/bahia\/&#8221;},{&#8220;_id&#8221;:&#8221;link-L3ZGEYHAAZG3HBFKPDUVHEA37E&#8221;,&#8221;children&#8221;:[],&#8221;display_name&#8221;:&#8221;Cear\u00e1&#8221;,&#8221;url&#8221;:&#8221;https:\/\/noticias.r7.com\/ceara&#8221;},{&#8220;_id&#8221;:&#8221;link-LG3Z62VZ25FP5ALSVCM65MGYRE&#8221;,&#8221;children&#8221;:[],&#8221;display_name&#8221;:&#8221;Cidades &#8220;,&#8221;url&#8221;:&#8221;https:\/\/noticias.r7.com\/cidades\/&#8221;},{&#8220;_id&#8221;:&#8221;link-F5NHU5A5HBEMFEUU77IS6VIEZE&#8221;,&#8221;children&#8221;:[],&#8221;display_name&#8221;:&#8221;Direito do Consumidor&#8221;,&#8221;url&#8221;:&#8221;https:\/\/noticias.r7.com\/direito-do-consumidor\/&#8221;},{&#8220;_id&#8221;:&#8221;link-D72GOXEKLZC2XDDYCBEGDVKMBY&#8221;,&#8221;children&#8221;:[],&#8221;display_name&#8221;:&#8221;Economia &#8220;,&#8221;url&#8221;:&#8221;https:\/\/noticias.r7.com\/economia\/&#8221;},{&#8220;_id&#8221;:&#8221;link-4M7W7UAMTVDKXHKBMQDO46KMPY&#8221;,&#8221;children&#8221;:[],&#8221;display_name&#8221;:&#8221;Educa\u00e7\u00e3o &#8220;,&#8221;url&#8221;:&#8221;https:\/\/noticias.r7.com\/educacao\/&#8221;},{&#8220;_id&#8221;:&#8221;link-4VWQRFAF6NC4TPDRPAMDOC2LD4&#8243;,&#8221;children&#8221;:[],&#8221;display_name&#8221;:&#8221;\u00c9 GOLPE&#8221;,&#8221;url&#8221;:&#8221;https:\/\/noticias.r7.com\/e-golpe\/&#8221;},{&#8220;_id&#8221;:&#8221;link-GCG4XZXVDZCUDE2LCKGFFT2Q4U&#8221;,&#8221;children&#8221;:[],&#8221;display_name&#8221;:&#8221;Esp\u00edrito Santo&#8221;,&#8221;url&#8221;:&#8221;https:\/\/noticias.r7.com\/espirito-santo\/&#8221;},{&#8220;_id&#8221;:&#8221;link-EWKCOBVOAJAHLNHB6YUO3L5ZUQ&#8221;,&#8221;children&#8221;:[],&#8221;display_name&#8221;:&#8221;Guerra Israel X Hamas&#8221;,&#8221;url&#8221;:&#8221;https:\/\/noticias.r7.com\/internacional\/guerra-israel-x-hamas\/&#8221;},{&#8220;_id&#8221;:&#8221;link-4XLVJB5G3NHNBHELF7IMFIF6W4&#8243;,&#8221;children&#8221;:[],&#8221;display_name&#8221;:&#8221;Guerra na Ucr\u00e2nia&#8221;,&#8221;url&#8221;:&#8221;https:\/\/noticias.r7.com\/internacional\/russia-x-ucrania\/&#8221;},{&#8220;_id&#8221;:&#8221;link-FVHNJIKW35DU5BBLAX5ZHZWD5Y&#8221;,&#8221;children&#8221;:[],&#8221;display_name&#8221;:&#8221;Imposto de Renda&#8221;,&#8221;url&#8221;:&#8221;https:\/\/noticias.r7.com\/economia\/imposto-de-renda\/&#8221;},{&#8220;_id&#8221;:&#8221;link-J5UX2I2BGVB4NDVPNUJAULKAYM&#8221;,&#8221;children&#8221;:[],&#8221;display_name&#8221;:&#8221;Internacional &#8220;,&#8221;url&#8221;:&#8221;https:\/\/noticias.r7.com\/internacional\/&#8221;},{&#8220;_id&#8221;:&#8221;link-DF3RMEBJJBEYNJJFCELR7RKCAE&#8221;,&#8221;children&#8221;:[],&#8221;display_name&#8221;:&#8221;Mato Grosso&#8221;,&#8221;url&#8221;:&#8221;https:\/\/noticias.r7.com\/mato-grosso\/&#8221;},{&#8220;_id&#8221;:&#8221;link-5HQKDOCXIJG5ZNVHFVT4QLS4VA&#8221;,&#8221;children&#8221;:[],&#8221;display_name&#8221;:&#8221;Mato Grosso do Sul&#8221;,&#8221;url&#8221;:&#8221;https:\/\/noticias.r7.com\/mato-grosso-do-sul\/&#8221;},{&#8220;_id&#8221;:&#8221;link-53KI5B3RPBBFJBWQFMJPAJWMJE&#8221;,&#8221;children&#8221;:[],&#8221;display_name&#8221;:&#8221;Minas Gerais&#8221;,&#8221;url&#8221;:&#8221;https:\/\/noticias.r7.com\/minas-gerais\/&#8221;},{&#8220;_id&#8221;:&#8221;link-OPWFF7A2DVHS3E5WZ7DNXLG5NU&#8221;,&#8221;children&#8221;:[],&#8221;display_name&#8221;:&#8221;Para\u00edba&#8221;,&#8221;url&#8221;:&#8221;https:\/\/noticias.r7.com\/paraiba\/&#8221;},{&#8220;_id&#8221;:&#8221;link-BPV5NSZCTRCKVEZSQYVBJF2NJA&#8221;,&#8221;children&#8221;:[],&#8221;display_name&#8221;:&#8221;Paran\u00e1&#8221;,&#8221;url&#8221;:&#8221;https:\/\/noticias.r7.com\/parana\/&#8221;},{&#8220;_id&#8221;:&#8221;link-OV43GN6WMZDWZCIN7NJAYDRJOU&#8221;,&#8221;children&#8221;:[],&#8221;display_name&#8221;:&#8221;Pernambuco &#8220;,&#8221;url&#8221;:&#8221;https:\/\/noticias.r7.com\/pernambuco\/&#8221;},{&#8220;_id&#8221;:&#8221;link-VXNJT7KFXRAMDBLTZK5QCRQCDM&#8221;,&#8221;children&#8221;:[],&#8221;display_name&#8221;:&#8221;Piau\u00ed&#8221;,&#8221;url&#8221;:&#8221;https:\/\/noticias.r7.com\/piaui\/&#8221;},{&#8220;_id&#8221;:&#8221;link-3HTQMMXYWFGYDOY5VAKO3DL5L4&#8243;,&#8221;children&#8221;:[],&#8221;display_name&#8221;:&#8221;Rio de Janeiro&#8221;,&#8221;url&#8221;:&#8221;https:\/\/noticias.r7.com\/rio-de-janeiro\/&#8221;},{&#8220;_id&#8221;:&#8221;link-OOQCHY4MLJCEHONMAQLF3PIBRE&#8221;,&#8221;children&#8221;:[],&#8221;display_name&#8221;:&#8221;Rio Grande do Norte&#8221;,&#8221;url&#8221;:&#8221;https:\/\/noticias.r7.com\/rio-grande-do-norte\/&#8221;},{&#8220;_id&#8221;:&#8221;link-WIZV6CZCDJHS7HC3QVZUAJSA3Q&#8221;,&#8221;children&#8221;:[],&#8221;display_name&#8221;:&#8221;Rio Grande do Sul&#8221;,&#8221;url&#8221;:&#8221;https:\/\/noticias.r7.com\/rio-grande-do-sul\/&#8221;},{&#8220;_id&#8221;:&#8221;link-QUIEMIQLFRA77IQ6XQNOACMT4Q&#8221;,&#8221;children&#8221;:[],&#8221;display_name&#8221;:&#8221;Santa Catarina&#8221;,&#8221;url&#8221;:&#8221;https:\/\/noticias.r7.com\/santa-catarina\/&#8221;},{&#8220;_id&#8221;:&#8221;link-FZW2XQ772FCOPIQRM5WMDEZJZI&#8221;,&#8221;children&#8221;:[],&#8221;display_name&#8221;:&#8221;S\u00e3o Paulo&#8221;,&#8221;url&#8221;:&#8221;https:\/\/noticias.r7.com\/sao-paulo\/&#8221;},{&#8220;_id&#8221;:&#8221;link-PSYDTJDAWFA4PBQFHAWAB6WDNY&#8221;,&#8221;children&#8221;:[],&#8221;display_name&#8221;:&#8221;Sa\u00fade &#8220;,&#8221;url&#8221;:&#8221;https:\/\/noticias.r7.com\/saude\/&#8221;},{&#8220;_id&#8221;:&#8221;link-25CTI4QAI5H7HPHXP7IRVPCEPM&#8221;,&#8221;children&#8221;:[],&#8221;display_name&#8221;:&#8221;Tecnologia e Ci\u00eancia&#8221;,&#8221;url&#8221;:&#8221;https:\/\/noticias.r7.com\/tecnologia-e-ciencia\/&#8221;},{&#8220;_id&#8221;:&#8221;link-BK6IYICLH5BXDFYQPWUGSP6VOM&#8221;,&#8221;children&#8221;:[],&#8221;display_name&#8221;:&#8221;Todas as Not\u00edcias &#8220;,&#8221;url&#8221;:&#8221;https:\/\/noticias.r7.com\/&#8221;}],&#8221;name&#8221;:&#8221;Not\u00edcias R7&#8243;,&#8221;navigation&#8221;:{&#8220;menu_url&#8221;:&#8221;https:\/\/noticias.r7.com\/&#8221;,&#8221;nav_title&#8221;:&#8221;Not\u00edcias R7&#8243;}},{&#8220;_id&#8221;:&#8221;link-KMRAMVUJUJDIFBVSW27D26LAEU&#8221;,&#8221;children&#8221;:[],&#8221;display_name&#8221;:&#8221;Podcast&#8221;,&#8221;url&#8221;:&#8221;https:\/\/noticias.r7.com\/jr-24h\/conteudo-exclusivo\/podcast-jr-15-min\/&#8221;},{&#8220;_id&#8221;:&#8221;link-5DIQ34BCEBBKXHKEWIACDHF3T4&#8243;,&#8221;children&#8221;:[],&#8221;display_name&#8221;:&#8221;Previs\u00e3o do Tempo&#8221;,&#8221;url&#8221;:&#8221;https:\/\/noticias.r7.com\/jr-na-tv\/previsao-do-tempo\/&#8221;},{&#8220;_id&#8221;:&#8221;link-TUYH4S7VQVBB5JYDYAEELEBQO4&#8243;,&#8221;children&#8221;:[],&#8221;display_name&#8221;:&#8221;Site oficial&#8221;,&#8221;url&#8221;:&#8221;https:\/\/noticias.r7.com\/jr-na-tv\/&#8221;},{&#8220;_id&#8221;:&#8221;\/menusidebarsecoes-jr24h-videos&#8221;,&#8221;children&#8221;:[{&#8220;_id&#8221;:&#8221;link-PONHCSQMXFFWVLUX3GNEC6YRQM&#8221;,&#8221;children&#8221;:[],&#8221;display_name&#8221;:&#8221;JR Agro&#8221;,&#8221;url&#8221;:&#8221;https:\/\/noticias.r7.com\/jr-24h\/conteudo-exclusivo\/jr-agro\/&#8221;},{&#8220;_id&#8221;:&#8221;link-TEM6F5CTSFFK5FLYZ5FCUPWYBE&#8221;,&#8221;children&#8221;:[],&#8221;display_name&#8221;:&#8221;JR Business&#8221;,&#8221;url&#8221;:&#8221;https:\/\/noticias.r7.com\/jr-24h\/conteudo-exclusivo\/jr-business\/&#8221;},{&#8220;_id&#8221;:&#8221;link-3CE223AA2ZAFRNLHMWB6NTGRPI&#8221;,&#8221;children&#8221;:[],&#8221;display_name&#8221;:&#8221;JR Entrevista&#8221;,&#8221;url&#8221;:&#8221;https:\/\/noticias.r7.com\/jr-24h\/conteudo-exclusivo\/jr-entrevista\/&#8221;},{&#8220;_id&#8221;:&#8221;link-LJBMOSTOCJFVZFTNTSTXTILTHU&#8221;,&#8221;children&#8221;:[],&#8221;display_name&#8221;:&#8221;JR Mundo&#8221;,&#8221;url&#8221;:&#8221;https:\/\/noticias.r7.com\/jr-24h\/conteudo-exclusivo\/jr-mundo\/&#8221;},{&#8220;_id&#8221;:&#8221;link-KQ3MYP6SGZGU3PFHYGROL7BYA4&#8243;,&#8221;children&#8221;:[],&#8221;display_name&#8221;:&#8221;JR Trade&#8221;,&#8221;url&#8221;:&#8221;https:\/\/noticias.r7.com\/jr-24h\/conteudo-exclusivo\/jr-trade\/&#8221;},{&#8220;_id&#8221;:&#8221;link-NFX4AWDABRGB3PK7SNT4R36IAQ&#8221;,&#8221;children&#8221;:[],&#8221;display_name&#8221;:&#8221;Todos os v\u00eddeos&#8221;,&#8221;url&#8221;:&#8221;https:\/\/noticias.r7.com\/jr-24h\/videos\/&#8221;},{&#8220;_id&#8221;:&#8221;link-7D6UHSY35BAZHOBATVKZQPRGDM&#8221;,&#8221;children&#8221;:[],&#8221;display_name&#8221;:&#8221;JR Na TV&#8221;,&#8221;url&#8221;:&#8221;https:\/\/noticias.r7.com\/jr-na-tv\/&#8221;}],&#8221;name&#8221;:&#8221;V\u00eddeos&#8221;,&#8221;navigation&#8221;:{&#8220;menu_url&#8221;:&#8221;https:\/\/noticias.r7.com&#8221;,&#8221;nav_title&#8221;:&#8221;V\u00eddeos&#8221;}}],&#8221;name&#8221;:&#8221;JR 24H&#8221;,&#8221;navigation&#8221;:{&#8220;menu_url&#8221;:&#8221;https:\/\/noticias.r7.com&#8221;,&#8221;nav_title&#8221;:&#8221;JR 24H&#8221;}},{&#8220;_id&#8221;:&#8221;\/menusidebarsecoes-recordlitoralevale&#8221;,&#8221;children&#8221;:[{&#8220;_id&#8221;:&#8221;link-FVYRU7AKHVGKHMBCQJAKU7SD3E&#8221;,&#8221;children&#8221;:[],&#8221;display_name&#8221;:&#8221;Home&#8221;,&#8221;url&#8221;:&#8221;https:\/\/noticias.r7.com\/sao-paulo\/litoral-vale\/&#8221;},{&#8220;_id&#8221;:&#8221;link-A2J3PTV66JAUXDWFAHXGZDDIWI&#8221;,&#8221;children&#8221;:[],&#8221;display_name&#8221;:&#8221;Not\u00edcias&#8221;,&#8221;url&#8221;:&#8221;https:\/\/noticias.r7.com\/sao-paulo\/litoral-vale\/noticias\/&#8221;},{&#8220;_id&#8221;:&#8221;link-SAR6VESV2RFFFLJRX2N3RRR4UY&#8221;,&#8221;children&#8221;:[],&#8221;display_name&#8221;:&#8221;Balan\u00e7o Geral Litoral&#8221;,&#8221;url&#8221;:&#8221;https:\/\/noticias.r7.com\/sao-paulo\/litoral-vale\/balanco-geral-litoral&#8221;},{&#8220;_id&#8221;:&#8221;link-HTBZIGQYBNBMHPKXGIZLPU2TDQ&#8221;,&#8221;children&#8221;:[],&#8221;display_name&#8221;:&#8221;Balan\u00e7o Geral Vale&#8221;,&#8221;url&#8221;:&#8221;https:\/\/noticias.r7.com\/sao-paulo\/litoral-vale\/balanco-geral-vale&#8221;},{&#8220;_id&#8221;:&#8221;link-X2PUT4TRQRCLBFSFYXGNM5327Y&#8221;,&#8221;children&#8221;:[],&#8221;display_name&#8221;:&#8221;Conex\u00e3o Porto &amp; Ind\u00fastria&#8221;,&#8221;url&#8221;:&#8221;https:\/\/noticias.r7.com\/sao-paulo\/litoral-vale\/conexao-porto-e-industria&#8221;},{&#8220;_id&#8221;:&#8221;link-62KU34E64RANLGHE26DS6UF2XA&#8221;,&#8221;children&#8221;:[],&#8221;display_name&#8221;:&#8221;Esporte Record&#8221;,&#8221;url&#8221;:&#8221;https:\/\/noticias.r7.com\/sao-paulo\/litoral-vale\/esporte-record&#8221;},{&#8220;_id&#8221;:&#8221;link-RFPSOBTXBZGHZELDPIGXIZT4VE&#8221;,&#8221;children&#8221;:[],&#8221;display_name&#8221;:&#8221;SP Record&#8221;,&#8221;url&#8221;:&#8221;https:\/\/noticias.r7.com\/sao-paulo\/litoral-vale\/sp-record&#8221;},{&#8220;_id&#8221;:&#8221;link-C3JPCH22TFE27N7LD6AEBGSVHA&#8221;,&#8221;children&#8221;:[],&#8221;display_name&#8221;:&#8221;Vale do Ribeira em Foco&#8221;,&#8221;url&#8221;:&#8221;https:\/\/noticias.r7.com\/sao-paulo\/litoral-vale\/vale-do-ribeira-em-foco&#8221;},{&#8220;_id&#8221;:&#8221;link-7UNKDU3AKFBXLD6MPVHIKBVSK4&#8243;,&#8221;children&#8221;:[],&#8221;display_name&#8221;:&#8221;Visita na Record&#8221;,&#8221;url&#8221;:&#8221;https:\/\/noticias.r7.com\/sao-paulo\/litoral-vale\/visita-na-record&#8221;}],&#8221;name&#8221;:&#8221;Litoral e Vale&#8221;,&#8221;navigation&#8221;:{&#8220;menu_url&#8221;:&#8221;https:\/\/noticias.r7.com\/sao-paulo\/litoral-vale\/&#8221;,&#8221;nav_title&#8221;:&#8221;Record Litoral e Vale&#8221;}},{&#8220;_id&#8221;:&#8221;link-Y5B44Y6VTJBH7CSAF6XQUSSIVQ&#8221;,&#8221;children&#8221;:[],&#8221;display_name&#8221;:&#8221;Mato Grosso &#8220;,&#8221;url&#8221;:&#8221;https:\/\/noticias.r7.com\/mato-grosso\/&#8221;},{&#8220;_id&#8221;:&#8221;link-KZLUHCQWSZBXDBD62WFFLAJSC4&#8243;,&#8221;children&#8221;:[],&#8221;display_name&#8221;:&#8221;Mato Grosso do Sul&#8221;,&#8221;url&#8221;:&#8221;https:\/\/noticias.r7.com\/mato-grosso-do-sul\/&#8221;},{&#8220;_id&#8221;:&#8221;link-XJ7BQ3L3WVHLFCCLJ2SQXV6EXI&#8221;,&#8221;children&#8221;:[],&#8221;display_name&#8221;:&#8221;Minas Gerais&#8221;,&#8221;url&#8221;:&#8221;https:\/\/noticias.r7.com\/minas-gerais\/&#8221;},{&#8220;_id&#8221;:&#8221;link-GCHCXKKFGNCKDEPGHOYTRPZHBA&#8221;,&#8221;children&#8221;:[],&#8221;display_name&#8221;:&#8221;Monitor7&#8243;,&#8221;url&#8221;:&#8221;https:\/\/noticias.r7.com\/monitor7\/&#8221;},{&#8220;_id&#8221;:&#8221;\/menusidebarsecoes-noticias&#8221;,&#8221;children&#8221;:[{&#8220;_id&#8221;:&#8221;link-O7IC4WGQXRFCXB7KOF3PQSXNIM&#8221;,&#8221;children&#8221;:[],&#8221;display_name&#8221;:&#8221;Home&#8221;,&#8221;url&#8221;:&#8221;https:\/\/noticias.r7.com\/&#8221;},{&#8220;_id&#8221;:&#8221;link-QKKDUFXTANFV7FRPJPFBM4BBBE&#8221;,&#8221;children&#8221;:[],&#8221;display_name&#8221;:&#8221;Agroneg\u00f3cios&#8221;,&#8221;url&#8221;:&#8221;https:\/\/noticias.r7.com\/agronegocios\/&#8221;},{&#8220;_id&#8221;:&#8221;link-DMGJRZCNB5ELTC4GMIVI6CG4MQ&#8221;,&#8221;children&#8221;:[],&#8221;display_name&#8221;:&#8221;Bahia&#8221;,&#8221;url&#8221;:&#8221;https:\/\/noticias.r7.com\/bahia\/&#8221;},{&#8220;_id&#8221;:&#8221;\/menusidebarsecoes-brasilia&#8221;,&#8221;children&#8221;:[{&#8220;_id&#8221;:&#8221;link-LJWMGSQ7EFCHHFUGMGMTVTV2VI&#8221;,&#8221;children&#8221;:[],&#8221;display_name&#8221;:&#8221;Home&#8221;,&#8221;url&#8221;:&#8221;https:\/\/noticias.r7.com\/brasilia&#8221;},{&#8220;_id&#8221;:&#8221;link-Y4DCIRU4ERAFLDFY2567PONKGA&#8221;,&#8221;children&#8221;:[],&#8221;display_name&#8221;:&#8221;Agro Record&#8221;,&#8221;url&#8221;:&#8221;https:\/\/noticias.r7.com\/brasilia\/agro-record\/&#8221;},{&#8220;_id&#8221;:&#8221;link-XTSOFHONQ5DBPLIGIMYZVBAVLA&#8221;,&#8221;children&#8221;:[],&#8221;display_name&#8221;:&#8221;Balan\u00e7o Geral DF&#8221;,&#8221;url&#8221;:&#8221;https:\/\/noticias.r7.com\/brasilia\/balanco-geral-df\/&#8221;},{&#8220;_id&#8221;:&#8221;link-YHZ7C7MR3ZHPNM5LDACMWUHW2I&#8221;,&#8221;children&#8221;:[],&#8221;display_name&#8221;:&#8221;Cidade Alerta DF&#8221;,&#8221;url&#8221;:&#8221;https:\/\/noticias.r7.com\/brasilia\/cidade-alerta-df\/&#8221;},{&#8220;_id&#8221;:&#8221;link-J3SFEULG6FEFDCBTZ53MQ2HAYI&#8221;,&#8221;children&#8221;:[],&#8221;display_name&#8221;:&#8221;DF no AR&#8221;,&#8221;url&#8221;:&#8221;https:\/\/noticias.r7.com\/brasilia\/df-no-ar\/&#8221;},{&#8220;_id&#8221;:&#8221;link-OUC3F6SR3RFZZBW3SSBXI6ANOU&#8221;,&#8221;children&#8221;:[],&#8221;display_name&#8221;:&#8221;DF Record&#8221;,&#8221;url&#8221;:&#8221;https:\/\/noticias.r7.com\/brasilia\/df-record\/&#8221;}],&#8221;name&#8221;:&#8221;Bras\u00edlia&#8221;,&#8221;navigation&#8221;:{&#8220;menu_url&#8221;:&#8221;https:\/\/noticias.r7.com\/brasilia\/&#8221;,&#8221;nav_title&#8221;:&#8221;Bras\u00edlia&#8221;}},{&#8220;_id&#8221;:&#8221;link-G4GUA5M7LBGWFKMFBQ2UQCWBOY&#8221;,&#8221;children&#8221;:[],&#8221;display_name&#8221;:&#8221;Cear\u00e1&#8221;,&#8221;url&#8221;:&#8221;https:\/\/noticias.r7.com\/ceara\/&#8221;},{&#8220;_id&#8221;:&#8221;link-K3LKNBQ7TZG5FEY3IQRWEJQSKI&#8221;,&#8221;children&#8221;:[],&#8221;display_name&#8221;:&#8221;Cidades&#8221;,&#8221;url&#8221;:&#8221;https:\/\/noticias.r7.com\/cidades\/&#8221;},{&#8220;_id&#8221;:&#8221;link-VF7GADQIT5BR7L6CTZHDKTP6PI&#8221;,&#8221;children&#8221;:[],&#8221;display_name&#8221;:&#8221;Direito do Consumidor&#8221;,&#8221;url&#8221;:&#8221;https:\/\/noticias.r7.com\/direito-do-consumidor\/&#8221;},{&#8220;_id&#8221;:&#8221;link-NAEJHA3GCFDSDKO6XOPFFQJX4I&#8221;,&#8221;children&#8221;:[],&#8221;display_name&#8221;:&#8221;Economia&#8221;,&#8221;url&#8221;:&#8221;https:\/\/noticias.r7.com\/economia\/&#8221;},{&#8220;_id&#8221;:&#8221;link-RBH4Q3RRDJD6VI3BD23KWRUNXU&#8221;,&#8221;children&#8221;:[],&#8221;display_name&#8221;:&#8221;Educa\u00e7\u00e3o&#8221;,&#8221;url&#8221;:&#8221;https:\/\/noticias.r7.com\/educacao\/&#8221;},{&#8220;_id&#8221;:&#8221;link-VVSYZ5YGVFGLXLI3MLBHE2TG64&#8243;,&#8221;children&#8221;:[],&#8221;display_name&#8221;:&#8221;Esp\u00edrito Santo&#8221;,&#8221;url&#8221;:&#8221;https:\/\/noticias.r7.com\/espirito-santo\/&#8221;},{&#8220;_id&#8221;:&#8221;link-4S7JZNEE4JB3VBREFX3R2ZMRQY&#8221;,&#8221;children&#8221;:[],&#8221;display_name&#8221;:&#8221;Guerra Israel X Hamas&#8221;,&#8221;url&#8221;:&#8221;https:\/\/noticias.r7.com\/internacional\/guerra-israel-x-hamas\/&#8221;},{&#8220;_id&#8221;:&#8221;link-32DV2GCWXFG55CTAXUDNGPUZ6A&#8221;,&#8221;children&#8221;:[],&#8221;display_name&#8221;:&#8221;Guerra na Ucr\u00e2nia&#8221;,&#8221;url&#8221;:&#8221;https:\/\/noticias.r7.com\/internacional\/russia-x-ucrania\/&#8221;},{&#8220;_id&#8221;:&#8221;link-6TJKPXUVZJAMPOY2DBCVPMKBIU&#8221;,&#8221;children&#8221;:[],&#8221;display_name&#8221;:&#8221;Imposto de Renda&#8221;,&#8221;url&#8221;:&#8221;https:\/\/noticias.r7.com\/economia\/imposto-de-renda\/&#8221;},{&#8220;_id&#8221;:&#8221;link-37NXXUSFGVCSXAIKKP4FRBEZQ4&#8243;,&#8221;children&#8221;:[],&#8221;display_name&#8221;:&#8221;Internacional&#8221;,&#8221;url&#8221;:&#8221;https:\/\/noticias.r7.com\/internacional\/&#8221;},{&#8220;_id&#8221;:&#8221;link-BBVOUG3Z6JG2LO4HOIESLSJHM4&#8243;,&#8221;children&#8221;:[],&#8221;display_name&#8221;:&#8221;Mato Grosso&#8221;,&#8221;url&#8221;:&#8221;https:\/\/noticias.r7.com\/mato-grosso\/&#8221;},{&#8220;_id&#8221;:&#8221;link-EP64V5COL5C33JGW3P7URI4R3E&#8221;,&#8221;children&#8221;:[],&#8221;display_name&#8221;:&#8221;Mato Grosso do Sul&#8221;,&#8221;url&#8221;:&#8221;https:\/\/noticias.r7.com\/mato-grosso-do-sul\/&#8221;},{&#8220;_id&#8221;:&#8221;\/menusidebarsecoes-minasgerais&#8221;,&#8221;children&#8221;:[{&#8220;_id&#8221;:&#8221;link-44O7ASITW5ASBEBGPOV5FZDGDM&#8221;,&#8221;children&#8221;:[],&#8221;display_name&#8221;:&#8221;Home&#8221;,&#8221;url&#8221;:&#8221;https:\/\/noticias.r7.com\/minas-gerais\/&#8221;},{&#8220;_id&#8221;:&#8221;link-CCHFCEZSAVF2ZCS4AW3Z3LQILE&#8221;,&#8221;children&#8221;:[],&#8221;display_name&#8221;:&#8221;Balanco Geral MG&#8221;,&#8221;url&#8221;:&#8221;https:\/\/noticias.r7.com\/minas-gerais\/balanco-geral-mg\/&#8221;},{&#8220;_id&#8221;:&#8221;link-K5H56HXCNBGLTGJS44CC6KUJJU&#8221;,&#8221;children&#8221;:[],&#8221;display_name&#8221;:&#8221;Cidade Alerta Minas&#8221;,&#8221;url&#8221;:&#8221;https:\/\/noticias.r7.com\/minas-gerais\/cidade-alerta\/&#8221;},{&#8220;_id&#8221;:&#8221;link-F2LCUBISLNA2JOJRWDKVMD7PAU&#8221;,&#8221;children&#8221;:[],&#8221;display_name&#8221;:&#8221;MG no AR&#8221;,&#8221;url&#8221;:&#8221;https:\/\/noticias.r7.com\/minas-gerais\/mg-no-ar\/&#8221;},{&#8220;_id&#8221;:&#8221;link-WUW3Z4GOE5F4ZA3IZFTUFXMCIQ&#8221;,&#8221;children&#8221;:[],&#8221;display_name&#8221;:&#8221;MG Record&#8221;,&#8221;url&#8221;:&#8221;https:\/\/noticias.r7.com\/minas-gerais\/mg-record\/&#8221;}],&#8221;name&#8221;:&#8221;Minas Gerais&#8221;,&#8221;navigation&#8221;:{&#8220;menu_url&#8221;:&#8221;https:\/\/noticias.r7.com\/minas-gerais\/&#8221;,&#8221;nav_title&#8221;:&#8221;Minas Gerais&#8221;}},{&#8220;_id&#8221;:&#8221;\/menusidebarsecoes-para&#8221;,&#8221;children&#8221;:[{&#8220;_id&#8221;:&#8221;link-P3EZFT6VFFF2TK5KBLUE6N2MTQ&#8221;,&#8221;children&#8221;:[],&#8221;display_name&#8221;:&#8221;Home&#8221;,&#8221;url&#8221;:&#8221;https:\/\/noticias.r7.com\/para\/&#8221;},{&#8220;_id&#8221;:&#8221;link-5AOUQ3CEDZDKJIN43OQWYS7RY4&#8243;,&#8221;children&#8221;:[],&#8221;display_name&#8221;:&#8221;Not\u00edcias&#8221;,&#8221;url&#8221;:&#8221;https:\/\/noticias.r7.com\/para\/noticias\/&#8221;},{&#8220;_id&#8221;:&#8221;link-UO2P6MX3DRAGXP3OSKV34YC6HU&#8221;,&#8221;children&#8221;:[],&#8221;display_name&#8221;:&#8221;Agro Record Par\u00e1&#8221;,&#8221;url&#8221;:&#8221;https:\/\/noticias.r7.com\/para\/agro-record-para\/&#8221;},{&#8220;_id&#8221;:&#8221;link-O6JGJZPA3FFMTC3CXPEN4TULLA&#8221;,&#8221;children&#8221;:[],&#8221;display_name&#8221;:&#8221;Balan\u00e7o Geral Par\u00e1&#8221;,&#8221;url&#8221;:&#8221;https:\/\/noticias.r7.com\/para\/balanco-geral-para\/&#8221;},{&#8220;_id&#8221;:&#8221;link-ZAHRTJZZVZC3HJHOZ4D3ECUZVY&#8221;,&#8221;children&#8221;:[],&#8221;display_name&#8221;:&#8221;Cidade Alerta Par\u00e1&#8221;,&#8221;url&#8221;:&#8221;https:\/\/noticias.r7.com\/para\/cidade-alerta-para\/&#8221;},{&#8220;_id&#8221;:&#8221;link-MHHJP7X6NFCB5PAFN4YBUDNDB4&#8243;,&#8221;children&#8221;:[],&#8221;display_name&#8221;:&#8221;Fala Par\u00e1&#8221;,&#8221;url&#8221;:&#8221;https:\/\/noticias.r7.com\/para\/fala-para\/&#8221;},{&#8220;_id&#8221;:&#8221;link-IN4VQ5KZSRBUNKGAFRMR5SYYOE&#8221;,&#8221;children&#8221;:[],&#8221;display_name&#8221;:&#8221;Par\u00e1 Record&#8221;,&#8221;url&#8221;:&#8221;https:\/\/noticias.r7.com\/para\/para-record\/&#8221;},{&#8220;_id&#8221;:&#8221;link-C3TSMBPTJVHG7D365HFWCPHYYQ&#8221;,&#8221;children&#8221;:[],&#8221;display_name&#8221;:&#8221;Visita na Record&#8221;,&#8221;url&#8221;:&#8221;https:\/\/noticias.r7.com\/para\/visita-na-record\/&#8221;}],&#8221;name&#8221;:&#8221;Par\u00e1&#8221;,&#8221;navigation&#8221;:{&#8220;menu_url&#8221;:&#8221;https:\/\/noticias.r7.com\/para\/&#8221;,&#8221;nav_title&#8221;:&#8221;Par\u00e1&#8221;}},{&#8220;_id&#8221;:&#8221;link-AM4PFETPCBAYFDS4BIGZCOSLZ4&#8243;,&#8221;children&#8221;:[],&#8221;display_name&#8221;:&#8221;Para\u00edba&#8221;,&#8221;url&#8221;:&#8221;https:\/\/noticias.r7.com\/paraiba\/&#8221;},{&#8220;_id&#8221;:&#8221;link-NZOVZCGSX5DEVFEVSNOK3FCOPE&#8221;,&#8221;children&#8221;:[],&#8221;display_name&#8221;:&#8221;Paran\u00e1&#8221;,&#8221;url&#8221;:&#8221;https:\/\/noticias.r7.com\/parana\/&#8221;},{&#8220;_id&#8221;:&#8221;link-XZ52CIIRFNCXJPWH2MQ6JVLCII&#8221;,&#8221;children&#8221;:[],&#8221;display_name&#8221;:&#8221;Pernambuco&#8221;,&#8221;url&#8221;:&#8221;https:\/\/noticias.r7.com\/pernambuco\/&#8221;},{&#8220;_id&#8221;:&#8221;link-VXBGQLV6PZDGZPEFG3UAN53FSE&#8221;,&#8221;children&#8221;:[],&#8221;display_name&#8221;:&#8221;Piau\u00ed&#8221;,&#8221;url&#8221;:&#8221;https:\/\/noticias.r7.com\/piaui\/&#8221;},{&#8220;_id&#8221;:&#8221;\/menusidebarsecoes-riodejaneiro&#8221;,&#8221;children&#8221;:[{&#8220;_id&#8221;:&#8221;link-NLRQSN2PTFG3NBUNTJJOMQIDAM&#8221;,&#8221;children&#8221;:[],&#8221;display_name&#8221;:&#8221;Home&#8221;,&#8221;url&#8221;:&#8221;https:\/\/noticias.r7.com\/rio-de-janeiro\/&#8221;},{&#8220;_id&#8221;:&#8221;link-CNKYK4YPHBHQFK47X3HLXZ6OLA&#8221;,&#8221;children&#8221;:[],&#8221;display_name&#8221;:&#8221;Balanco Geral RJ&#8221;,&#8221;url&#8221;:&#8221;https:\/\/record.r7.com\/balanco-geral-rj\/&#8221;},{&#8220;_id&#8221;:&#8221;link-FAJ3E62C5FFOBPFYNUDN7ERWRY&#8221;,&#8221;children&#8221;:[],&#8221;display_name&#8221;:&#8221;Cidade Alerta RJ&#8221;,&#8221;url&#8221;:&#8221;https:\/\/record.r7.com\/cidade-alerta-rj\/&#8221;},{&#8220;_id&#8221;:&#8221;link-MTHALO7XFJDEPLBZ4HMHGRKN74&#8243;,&#8221;children&#8221;:[],&#8221;display_name&#8221;:&#8221;O Brasil que d\u00e1 Gosto&#8221;,&#8221;url&#8221;:&#8221;https:\/\/record.r7.com\/o-brasil-que-da-gosto\/&#8221;},{&#8220;_id&#8221;:&#8221;link-FVLPPI6B4JGDLKYDSA6OC3BISY&#8221;,&#8221;children&#8221;:[],&#8221;display_name&#8221;:&#8221;Rio Bom D+&#8221;,&#8221;url&#8221;:&#8221;https:\/\/record.r7.com\/rio-bom-demais\/&#8221;},{&#8220;_id&#8221;:&#8221;link-BT56C3KEIBEW5M5UODV72YOE6E&#8221;,&#8221;children&#8221;:[],&#8221;display_name&#8221;:&#8221;Rio Que a Gente Gosta&#8221;,&#8221;url&#8221;:&#8221;https:\/\/record.r7.com\/balanco-geral-rj\/o-rio-que-a-gente-gosta\/&#8221;},{&#8220;_id&#8221;:&#8221;link-6CAFUDMNF5DBRDHXPTQWFFZMHU&#8221;,&#8221;children&#8221;:[],&#8221;display_name&#8221;:&#8221;RJ no AR&#8221;,&#8221;url&#8221;:&#8221;https:\/\/noticias.r7.com\/rio-de-janeiro\/rj-no-ar\/&#8221;},{&#8220;_id&#8221;:&#8221;link-63FI6O2NAJDN7FKXTX22NGVAGI&#8221;,&#8221;children&#8221;:[],&#8221;display_name&#8221;:&#8221;R7 Fala Comigo&#8221;,&#8221;url&#8221;:&#8221;https:\/\/noticias.r7.com\/rio-de-janeiro\/r7-fala-comigo\/&#8221;}],&#8221;name&#8221;:&#8221;Rio de Janeiro&#8221;,&#8221;navigation&#8221;:{&#8220;menu_url&#8221;:&#8221;https:\/\/noticias.r7.com\/rio-de-janeiro\/&#8221;,&#8221;nav_title&#8221;:&#8221;Rio de Janeiro&#8221;}},{&#8220;_id&#8221;:&#8221;link-WPC6BRT47NB5TJM3NQNBIW7DKU&#8221;,&#8221;children&#8221;:[],&#8221;display_name&#8221;:&#8221;Rio Grande do Norte &#8220;,&#8221;url&#8221;:&#8221;https:\/\/noticias.r7.com\/rio-grande-do-norte\/&#8221;},{&#8220;_id&#8221;:&#8221;link-W7ICLZQLYFAMHDJAYVBKABYO4M&#8221;,&#8221;children&#8221;:[],&#8221;display_name&#8221;:&#8221;Rio Grande do Sul&#8221;,&#8221;url&#8221;:&#8221;https:\/\/noticias.r7.com\/rio-grande-do-sul\/&#8221;},{&#8220;_id&#8221;:&#8221;link-DVUYFALV5FCLFGOCQAK3PYHGPU&#8221;,&#8221;children&#8221;:[],&#8221;display_name&#8221;:&#8221;Santa Catarina&#8221;,&#8221;url&#8221;:&#8221;https:\/\/noticias.r7.com\/santa-catarina\/&#8221;},{&#8220;_id&#8221;:&#8221;\/menusidebarsecoes-jr24h-saopaulo&#8221;,&#8221;children&#8221;:[{&#8220;_id&#8221;:&#8221;link-NIPGYRHMNRCDJDLYQ2COBBCLOA&#8221;,&#8221;children&#8221;:[],&#8221;display_name&#8221;:&#8221;Home&#8221;,&#8221;url&#8221;:&#8221;https:\/\/noticias.r7.com\/sao-paulo\/&#8221;},{&#8220;_id&#8221;:&#8221;link-LCNXJQBQ5BETDC7FHUJLEHOTSA&#8221;,&#8221;children&#8221;:[],&#8221;display_name&#8221;:&#8221;Balan\u00e7o Geral Manh\u00e3&#8221;,&#8221;url&#8221;:&#8221;https:\/\/record.r7.com\/balanco-geral-manha\/&#8221;},{&#8220;_id&#8221;:&#8221;link-YYRKD6AJ7ZHBFAH6TBI67WMPAU&#8221;,&#8221;children&#8221;:[],&#8221;display_name&#8221;:&#8221;Balan\u00e7o Geral&#8221;,&#8221;url&#8221;:&#8221;https:\/\/record.r7.com\/balanco-geral\/&#8221;},{&#8220;_id&#8221;:&#8221;link-UFKNH62WUVEUHBAUQ4MSRTKD6I&#8221;,&#8221;children&#8221;:[],&#8221;display_name&#8221;:&#8221;Cidade Alerta&#8221;,&#8221;url&#8221;:&#8221;https:\/\/record.r7.com\/cidade-alerta\/&#8221;}],&#8221;name&#8221;:&#8221;S\u00e3o Paulo&#8221;,&#8221;navigation&#8221;:{&#8220;menu_url&#8221;:&#8221;https:\/\/noticias.r7.com\/sao-paulo&#8221;,&#8221;nav_title&#8221;:&#8221;S\u00e3o Paulo&#8221;}},{&#8220;_id&#8221;:&#8221;link-LWOE6KQDMVB7VIQBY46KIQMHTM&#8221;,&#8221;children&#8221;:[],&#8221;display_name&#8221;:&#8221;Sa\u00fade&#8221;,&#8221;url&#8221;:&#8221;https:\/\/noticias.r7.com\/saude\/&#8221;},{&#8220;_id&#8221;:&#8221;link-CW4U4VBX6FGIBMH6XNYBDJ3PVU&#8221;,&#8221;children&#8221;:[],&#8221;display_name&#8221;:&#8221;Tecnologia e Ci\u00eancia&#8221;,&#8221;url&#8221;:&#8221;https:\/\/noticias.r7.com\/tecnologia-e-ciencia\/&#8221;}],&#8221;name&#8221;:&#8221;Not\u00edcias&#8221;,&#8221;navigation&#8221;:{&#8220;menu_url&#8221;:&#8221;https:\/\/noticias.r7.com\/&#8221;,&#8221;nav_title&#8221;:&#8221;Not\u00edcias&#8221;}},{&#8220;_id&#8221;:&#8221;\/menusidebarsecoes-apps&#8221;,&#8221;children&#8221;:[],&#8221;name&#8221;:&#8221;R7 APPs&#8221;,&#8221;navigation&#8221;:{&#8220;menu_url&#8221;:&#8221;https:\/\/www.r7.com\/apps\/&#8221;,&#8221;nav_title&#8221;:&#8221;R7 APPs&#8221;}},{&#8220;_id&#8221;:&#8221;\/menusidebarsecoes-cupons&#8221;,&#8221;children&#8221;:[],&#8221;name&#8221;:&#8221;R7 Cupons&#8221;,&#8221;navigation&#8221;:{&#8220;menu_url&#8221;:&#8221;https:\/\/cupons.r7.com&#8221;,&#8221;nav_title&#8221;:&#8221;R7 Cupons&#8221;}},{&#8220;_id&#8221;:&#8221;\/menusidebarsecoes-entrevista&#8221;,&#8221;children&#8221;:[],&#8221;name&#8221;:&#8221;R7 Entrevista&#8221;,&#8221;navigation&#8221;:{&#8220;menu_url&#8221;:&#8221;https:\/\/noticias.r7.com\/entrevista\/&#8221;,&#8221;nav_title&#8221;:&#8221;R7 Entrevista&#8221;}},{&#8220;_id&#8221;:&#8221;link-BC5JLBS7K5HE5NBYVSRSB5MLBQ&#8221;,&#8221;children&#8221;:[],&#8221;display_name&#8221;:&#8221;R7 Est\u00fadio&#8221;,&#8221;url&#8221;:&#8221;https:\/\/www.r7.com\/estudio\/&#8221;},{&#8220;_id&#8221;:&#8221;\/menusidebardestaques-nitro&#8221;,&#8221;children&#8221;:[{&#8220;_id&#8221;:&#8221;link-QFWIYKUBNZE6HJUOF5HL7N2CTQ&#8221;,&#8221;children&#8221;:[],&#8221;display_name&#8221;:&#8221;Home&#8221;,&#8221;url&#8221;:&#8221;https:\/\/entretenimento.r7.com\/nitro\/&#8221;},{&#8220;_id&#8221;:&#8221;\/menusidebardestaques-animesmangas&#8221;,&#8221;children&#8221;:[{&#8220;_id&#8221;:&#8221;link-CZQCP6JI5BAEBDGHZEN32RGUAI&#8221;,&#8221;children&#8221;:[],&#8221;display_name&#8221;:&#8221;Capa&#8221;,&#8221;url&#8221;:&#8221;https:\/\/entretenimento.r7.com\/nitro\/animes-mangas-e-hqs\/&#8221;},{&#8220;_id&#8221;:&#8221;link-IVTUGCFG5RFZJIK4CBN46CLPXI&#8221;,&#8221;children&#8221;:[],&#8221;display_name&#8221;:&#8221;Arroba Nerd&#8221;,&#8221;url&#8221;:&#8221;https:\/\/www.arrobanerd.com.br\/hqs-e-mangas\/&#8221;},{&#8220;_id&#8221;:&#8221;link-AUMU3DYORZHXNAJAU3WC7GCLZY&#8221;,&#8221;children&#8221;:[],&#8221;display_name&#8221;:&#8221;JBox&#8221;,&#8221;url&#8221;:&#8221;https:\/\/www.jbox.com.br&#8221;},{&#8220;_id&#8221;:&#8221;link-N65WWJXIWBGBPOKA7WF6YSFILM&#8221;,&#8221;children&#8221;:[],&#8221;display_name&#8221;:&#8221;Multiverso Not\u00edcias&#8221;,&#8221;url&#8221;:&#8221;https:\/\/multiversonoticias.com.br\/quadrinhos-e-mangas&#8221;},{&#8220;_id&#8221;:&#8221;link-T5LLFKYYFNHTVIRXTCRPJ2O5LI&#8221;,&#8221;children&#8221;:[],&#8221;display_name&#8221;:&#8221;Muramasa&#8221;,&#8221;url&#8221;:&#8221;https:\/\/muramasa.com.br\/&#8221;},{&#8220;_id&#8221;:&#8221;link-YUYKZDEBX5CGHAXLPTSMRJTBMI&#8221;,&#8221;children&#8221;:[],&#8221;display_name&#8221;:&#8221;O V\u00edcio&#8221;,&#8221;url&#8221;:&#8221;https:\/\/ovicio.com.br\/category\/livrosehqs\/&#8221;}],&#8221;name&#8221;:&#8221;Animes, Mang\u00e1s e HQs&#8221;,&#8221;navigation&#8221;:{&#8220;menu_url&#8221;:&#8221;https:\/\/entretenimento.r7.com\/nitro\/animes-mangas-e-hqs\/&#8221;,&#8221;nav_title&#8221;:&#8221;Animes, Mang\u00e1s e HQs&#8221;}},{&#8220;_id&#8221;:&#8221;\/menusidebardestaques-nitro-games&#8221;,&#8221;children&#8221;:[{&#8220;_id&#8221;:&#8221;link-3X4YX3LCEBC7DI4B7H76YNNMSY&#8221;,&#8221;children&#8221;:[],&#8221;display_name&#8221;:&#8221;Capa&#8221;,&#8221;url&#8221;:&#8221;https:\/\/entretenimento.r7.com\/nitro\/games\/&#8221;},{&#8220;_id&#8221;:&#8221;link-FWM3BF6D6NBLPPBEEBBDRMG6CA&#8221;,&#8221;children&#8221;:[],&#8221;display_name&#8221;:&#8221;Arroba Nerd&#8221;,&#8221;url&#8221;:&#8221;https:\/\/www.arrobanerd.com.br\/games\/&#8221;},{&#8220;_id&#8221;:&#8221;link-URGTWRSJOVFPXG2LIFDASPKWKI&#8221;,&#8221;children&#8221;:[],&#8221;display_name&#8221;:&#8221;Click Gr\u00e1tis&#8221;,&#8221;url&#8221;:&#8221;https:\/\/www.clickgratis.com.br\/virtual\/games&#8221;},{&#8220;_id&#8221;:&#8221;link-ELDOOZGDM5AYFEKQ4GJY7XR3LY&#8221;,&#8221;children&#8221;:[],&#8221;display_name&#8221;:&#8221;Esta\u00e7\u00e3o Nerd&#8221;,&#8221;url&#8221;:&#8221;https:\/\/estacaonerd.com\/games&#8221;},{&#8220;_id&#8221;:&#8221;link-XQDIM6A3HFHIVPU4QXOI2K3IRA&#8221;,&#8221;children&#8221;:[],&#8221;display_name&#8221;:&#8221;GameHall&#8221;,&#8221;url&#8221;:&#8221;https:\/\/gamehall.com.br&#8221;},{&#8220;_id&#8221;:&#8221;link-X4R4U4CBVRHGND5NV2QHUW2AR4&#8243;,&#8221;children&#8221;:[],&#8221;display_name&#8221;:&#8221;Gamer Point&#8221;,&#8221;url&#8221;:&#8221;https:\/\/www.gamerpoint.com.br&#8221;},{&#8220;_id&#8221;:&#8221;link-WUAQSZ2TAFGRFHNPB55PGJOFRU&#8221;,&#8221;children&#8221;:[],&#8221;display_name&#8221;:&#8221;G\u00eanio Quiz&#8221;,&#8221;url&#8221;:&#8221;https:\/\/genioquiz.com.br&#8221;},{&#8220;_id&#8221;:&#8221;link-ZX6DYHXGYBC3VDPBQV3XGCN2YM&#8221;,&#8221;children&#8221;:[],&#8221;display_name&#8221;:&#8221;JBox&#8221;,&#8221;url&#8221;:&#8221;https:\/\/www.jbox.com.br\/categoria\/games&#8221;},{&#8220;_id&#8221;:&#8221;link-BHGEO7VCRREDLMHQNKKQ7DPPHQ&#8221;,&#8221;children&#8221;:[],&#8221;display_name&#8221;:&#8221;Muramasa&#8221;,&#8221;url&#8221;:&#8221;https:\/\/muramasa.com.br\/category\/games\/&#8221;},{&#8220;_id&#8221;:&#8221;link-TU6EEWYBC5FLLAECQ36MVFOLL4&#8243;,&#8221;children&#8221;:[],&#8221;display_name&#8221;:&#8221;O V\u00edcio&#8221;,&#8221;url&#8221;:&#8221;https:\/\/ovicio.com.br\/category\/games\/&#8221;},{&#8220;_id&#8221;:&#8221;link-3MLL34QPYRHOBOMMU7GSGCGJEE&#8221;,&#8221;children&#8221;:[],&#8221;display_name&#8221;:&#8221;Outer Space&#8221;,&#8221;url&#8221;:&#8221;https:\/\/www.outerspace.com.br&#8221;},{&#8220;_id&#8221;:&#8221;link-TN3OPK2VGJBRJHZX3VYKB5JVCE&#8221;,&#8221;children&#8221;:[],&#8221;display_name&#8221;:&#8221;Overplay&#8221;,&#8221;url&#8221;:&#8221;https:\/\/overplay.com.br&#8221;}],&#8221;name&#8221;:&#8221;Games&#8221;,&#8221;navigation&#8221;:{&#8220;menu_url&#8221;:&#8221;https:\/\/nitro.r7.com&#8221;,&#8221;nav_title&#8221;:&#8221;Games&#8221;}},{&#8220;_id&#8221;:&#8221;\/menusidebardestaques-nitro-series&#8221;,&#8221;children&#8221;:[{&#8220;_id&#8221;:&#8221;link-CDAHDM2RPVHSXJKNBFRHMQMNPE&#8221;,&#8221;children&#8221;:[],&#8221;display_name&#8221;:&#8221;Capa&#8221;,&#8221;url&#8221;:&#8221;https:\/\/entretenimento.r7.com\/nitro\/series\/&#8221;},{&#8220;_id&#8221;:&#8221;link-EB74ELEMAVBKDOTD4IH7VN4WYM&#8221;,&#8221;children&#8221;:[],&#8221;display_name&#8221;:&#8221;Arroba Nerd&#8221;,&#8221;url&#8221;:&#8221;https:\/\/www.arrobanerd.com.br\/series-e-tv\/&#8221;},{&#8220;_id&#8221;:&#8221;link-W3JVFB6UOZEVRPMUP6MDKM4G2I&#8221;,&#8221;children&#8221;:[],&#8221;display_name&#8221;:&#8221;Esta\u00e7\u00e3o Nerd&#8221;,&#8221;url&#8221;:&#8221;https:\/\/estacaonerd.com\/noticias&#8221;},{&#8220;_id&#8221;:&#8221;link-JB3GRPFPWFDTNLU6AMQCNBF4LE&#8221;,&#8221;children&#8221;:[],&#8221;display_name&#8221;:&#8221;Estrelando&#8221;,&#8221;url&#8221;:&#8221;https:\/\/www.estrelando.com.br\/series&#8221;},{&#8220;_id&#8221;:&#8221;link-EXGMAB2OZZEYDCO36XVMEADPEM&#8221;,&#8221;children&#8221;:[],&#8221;display_name&#8221;:&#8221;JBox&#8221;,&#8221;url&#8221;:&#8221;https:\/\/www.jbox.com.br\/categoria\/tokusatsu&#8221;},{&#8220;_id&#8221;:&#8221;link-4UA34DLCGVEKTL3GMWPECDXJIQ&#8221;,&#8221;children&#8221;:[],&#8221;display_name&#8221;:&#8221;Legi\u00e3o dos Her\u00f3is&#8221;,&#8221;url&#8221;:&#8221;https:\/\/www.legiaodosherois.com.br\/&#8221;},{&#8220;_id&#8221;:&#8221;link-N3ZTQKKUHVBVNPX7AH6D3WJWCE&#8221;,&#8221;children&#8221;:[],&#8221;display_name&#8221;:&#8221;Multiverso Not\u00edcias&#8221;,&#8221;url&#8221;:&#8221;https:\/\/multiversonoticias.com.br\/filmes-e-series&#8221;},{&#8220;_id&#8221;:&#8221;link-VOF7T6HG2FBQ7J37UDX6HVJT74&#8243;,&#8221;children&#8221;:[],&#8221;display_name&#8221;:&#8221;O V\u00edcio&#8221;,&#8221;url&#8221;:&#8221;https:\/\/ovicio.com.br\/category\/series\/&#8221;}],&#8221;name&#8221;:&#8221;S\u00e9ries&#8221;,&#8221;navigation&#8221;:{&#8220;menu_url&#8221;:&#8221;https:\/\/nitro.r7.com&#8221;,&#8221;nav_title&#8221;:&#8221;S\u00e9ries&#8221;}}],&#8221;name&#8221;:&#8221;R7 Nitro&#8221;,&#8221;navigation&#8221;:{&#8220;menu_url&#8221;:&#8221;https:\/\/nitro.r7.com&#8221;,&#8221;nav_title&#8221;:&#8221;R7 Nitro&#8221;}},{&#8220;_id&#8221;:&#8221;\/menusidebarsecoes-podcasts&#8221;,&#8221;children&#8221;:[],&#8221;name&#8221;:&#8221;R7 Podcasts&#8221;,&#8221;navigation&#8221;:{&#8220;menu_url&#8221;:&#8221;https:\/\/www.r7.com\/podcasts\/&#8221;,&#8221;nav_title&#8221;:&#8221;R7 Podcasts&#8221;}},{&#8220;_id&#8221;:&#8221;link-H7N4GTMJSRCNPBHLOFA5J7MHWQ&#8221;,&#8221;children&#8221;:[],&#8221;display_name&#8221;:&#8221;R7 P\u00f3s-Gradua\u00e7\u00e3o&#8221;,&#8221;url&#8221;:&#8221;https:\/\/posgraduacao.r7.com\/&#8221;},{&#8220;_id&#8221;:&#8221;\/menusidebardestaques-receitas&#8221;,&#8221;children&#8221;:[{&#8220;_id&#8221;:&#8221;link-VFFDPUPC5RFZ7DGDBWT24JETU4&#8243;,&#8221;children&#8221;:[],&#8221;display_name&#8221;:&#8221;Home&#8221;,&#8221;url&#8221;:&#8221;https:\/\/entretenimento.r7.com\/receitas\/&#8221;},{&#8220;_id&#8221;:&#8221;link-NRICJUDOY5CQFGSVKYU3Q2QNGU&#8221;,&#8221;children&#8221;:[],&#8221;display_name&#8221;:&#8221;Ana Maria Brogui&#8221;,&#8221;url&#8221;:&#8221;https:\/\/entretenimento.r7.com\/receitas\/ana-maria-brogui\/&#8221;},{&#8220;_id&#8221;:&#8221;link-RZYUIT6JYBFYLAUJ6VCM3QK3EU&#8221;,&#8221;children&#8221;:[],&#8221;display_name&#8221;:&#8221;\u00c1rea de Mulher&#8221;,&#8221;url&#8221;:&#8221;https:\/\/entretenimento.r7.com\/vivaavida\/area-de-mulher\/&#8221;},{&#8220;_id&#8221;:&#8221;link-HWF3VUQ6OVEJNNRYS45BR2QAKY&#8221;,&#8221;children&#8221;:[],&#8221;display_name&#8221;:&#8221;Click Gr\u00e1tis&#8221;,&#8221;url&#8221;:&#8221;https:\/\/entretenimento.r7.com\/receitas\/click-gratis\/&#8221;},{&#8220;_id&#8221;:&#8221;link-47EZKRFDZJBKBDSQ6RTCQBT7WA&#8221;,&#8221;children&#8221;:[],&#8221;display_name&#8221;:&#8221;Comidinhas do Chef&#8221;,&#8221;url&#8221;:&#8221;https:\/\/entretenimento.r7.com\/receitas\/comidinhas-do-chef\/&#8221;},{&#8220;_id&#8221;:&#8221;link-AVVIGEQVO5DULJIWCZ4RHLCKLA&#8221;,&#8221;children&#8221;:[],&#8221;display_name&#8221;:&#8221;Cultura Mix&#8221;,&#8221;url&#8221;:&#8221;https:\/\/entretenimento.r7.com\/receitas\/cultura-mix\/&#8221;},{&#8220;_id&#8221;:&#8221;link-Q3Y2BXQ7UVB53FE75IHRTSNY6Q&#8221;,&#8221;children&#8221;:[],&#8221;display_name&#8221;:&#8221;Olha que Receita&#8221;,&#8221;url&#8221;:&#8221;https:\/\/entretenimento.r7.com\/receitas\/olha-que-receita\/&#8221;},{&#8220;_id&#8221;:&#8221;link-ZKMC5PKWINFN5LYBGECPMRUGTM&#8221;,&#8221;children&#8221;:[],&#8221;display_name&#8221;:&#8221;Panelaterapia&#8221;,&#8221;url&#8221;:&#8221;https:\/\/entretenimento.r7.com\/receitas\/panelaterapia\/&#8221;},{&#8220;_id&#8221;:&#8221;link-UD6GGDIZHRASBIIKZFJX22ZXKI&#8221;,&#8221;children&#8221;:[],&#8221;display_name&#8221;:&#8221;Rango em Casa&#8221;,&#8221;url&#8221;:&#8221;https:\/\/entretenimento.r7.com\/receitas\/rango-em-casa\/&#8221;},{&#8220;_id&#8221;:&#8221;link-ZPL7HTBMQRF2TIZFDXDH67QMGY&#8221;,&#8221;children&#8221;:[],&#8221;display_name&#8221;:&#8221;Receitas de Pesos&#8221;,&#8221;url&#8221;:&#8221;https:\/\/entretenimento.r7.com\/receitas\/receitas-de-pesos\/&#8221;}],&#8221;name&#8221;:&#8221;R7 Receitas&#8221;,&#8221;navigation&#8221;:{&#8220;menu_url&#8221;:&#8221;https:\/\/entretenimento.r7.com\/receitas&#8221;,&#8221;nav_title&#8221;:&#8221;R7 Receitas&#8221;}},{&#8220;_id&#8221;:&#8221;\/menusidebarsecoes-tempo&#8221;,&#8221;children&#8221;:[],&#8221;name&#8221;:&#8221;R7 Tempo&#8221;,&#8221;navigation&#8221;:{&#8220;menu_url&#8221;:&#8221;https:\/\/tempo.r7.com\/sp\/sao-paulo&#8221;,&#8221;nav_title&#8221;:&#8221;R7 Tempo&#8221;}},{&#8220;_id&#8221;:&#8221;\/menusidebarsecoes-trilhassonoras&#8221;,&#8221;children&#8221;:[],&#8221;name&#8221;:&#8221;R7 Trilhas Sonoras&#8221;,&#8221;navigation&#8221;:{&#8220;menu_url&#8221;:&#8221;https:\/\/www.r7.com\/trilhassonoras\/&#8221;,&#8221;nav_title&#8221;:&#8221;R7 Trilhas Sonoras&#8221;}},{&#8220;_id&#8221;:&#8221;\/menusidebarsecoes-r7videos&#8221;,&#8221;children&#8221;:[],&#8221;name&#8221;:&#8221;R7 V\u00eddeos&#8221;,&#8221;navigation&#8221;:{&#8220;menu_url&#8221;:&#8221;https:\/\/www.r7.com\/todos-os-videos\/&#8221;,&#8221;nav_title&#8221;:&#8221;R7 V\u00eddeos&#8221;}},{&#8220;_id&#8221;:&#8221;\/menusidebarsecoes-record&#8221;,&#8221;children&#8221;:[{&#8220;_id&#8221;:&#8221;link-5J726YXKLZB6JHSHJS4QK764VE&#8221;,&#8221;children&#8221;:[],&#8221;display_name&#8221;:&#8221;Site oficial&#8221;,&#8221;url&#8221;:&#8221;https:\/\/record.r7.com\/&#8221;},{&#8220;_id&#8221;:&#8221;link-L2LKMTXG4JCULCMSBM6FNP3GDQ&#8221;,&#8221;children&#8221;:[],&#8221;display_name&#8221;:&#8221;Programa\u00e7\u00e3o&#8221;,&#8221;url&#8221;:&#8221;https:\/\/record.r7.com\/programacao\/&#8221;},{&#8220;_id&#8221;:&#8221;link-TL3AIWMIIJAJHMXKXV44P4QTNU&#8221;,&#8221;children&#8221;:[],&#8221;display_name&#8221;:&#8221;Comercial&#8221;,&#8221;url&#8221;:&#8221;http:\/\/comercial.recordtv.com.br&#8221;},{&#8220;_id&#8221;:&#8221;\/menusidebarsecoes-record-dramaturgia&#8221;,&#8221;children&#8221;:[{&#8220;_id&#8221;:&#8221;link-WSERK4WTMBHMTLDVTLZYMRWGSI&#8221;,&#8221;children&#8221;:[],&#8221;display_name&#8221;:&#8221; A Rainha da P\u00e9rsia&#8221;,&#8221;url&#8221;:&#8221;https:\/\/record.r7.com\/a-rainha-da-persia\/&#8221;},{&#8220;_id&#8221;:&#8221;link-C5TB37SHEZBHDCQEAT5U5BI4P4&#8243;,&#8221;children&#8221;:[],&#8221;display_name&#8221;:&#8221; A Terra Prometida&#8221;,&#8221;url&#8221;:&#8221;https:\/\/record.r7.com\/a-terra-prometida\/&#8221;},{&#8220;_id&#8221;:&#8221;link-SFRWJB4B3RDHXHCSF6ZGXOOK2Y&#8221;,&#8221;children&#8221;:[],&#8221;display_name&#8221;:&#8221;Apocalipse&#8221;,&#8221;url&#8221;:&#8221;https:\/\/record.r7.com\/apocalipse\/&#8221;},{&#8220;_id&#8221;:&#8221;link-SO43UP35ABE3TKPCVHYJCSH2PA&#8221;,&#8221;children&#8221;:[],&#8221;display_name&#8221;:&#8221; G\u00eanesis&#8221;,&#8221;url&#8221;:&#8221;https:\/\/record.r7.com\/genesis\/&#8221;},{&#8220;_id&#8221;:&#8221;link-ZFQT4GBYJZAITMFWD5KTPWOOQ4&#8243;,&#8221;children&#8221;:[],&#8221;display_name&#8221;:&#8221; Jezabel&#8221;,&#8221;url&#8221;:&#8221;https:\/\/record.r7.com\/jezabel\/&#8221;},{&#8220;_id&#8221;:&#8221;link-QCARKLXHJVGVROOGWBWIOYS6MU&#8221;,&#8221;children&#8221;:[],&#8221;display_name&#8221;:&#8221; Reis&#8221;,&#8221;url&#8221;:&#8221;https:\/\/record.r7.com\/reis\/&#8221;}],&#8221;name&#8221;:&#8221;Dramaturgia&#8221;,&#8221;navigation&#8221;:{&#8220;menu_url&#8221;:&#8221;https:\/\/record.r7.com&#8221;,&#8221;nav_title&#8221;:&#8221;Dramaturgia&#8221;}},{&#8220;_id&#8221;:&#8221;\/menusidebarsecoes-record-jornalismo&#8221;,&#8221;children&#8221;:[{&#8220;_id&#8221;:&#8221;link-3MIIJ6SYZNEF7MDEXXQFKPWHNQ&#8221;,&#8221;children&#8221;:[],&#8221;display_name&#8221;:&#8221;Balan\u00e7o Geral&#8221;,&#8221;url&#8221;:&#8221;https:\/\/record.r7.com\/balanco-geral\/&#8221;},{&#8220;_id&#8221;:&#8221;link-2XK43PIPDJE45DZYG2KFGBJIEA&#8221;,&#8221;children&#8221;:[],&#8221;display_name&#8221;:&#8221;Balan\u00e7o Geral Manh\u00e3&#8221;,&#8221;url&#8221;:&#8221;https:\/\/record.r7.com\/balanco-geral-manha\/&#8221;},{&#8220;_id&#8221;:&#8221;link-ZEET4NS6MBFVXNPMABVJVGE5SQ&#8221;,&#8221;children&#8221;:[],&#8221;display_name&#8221;:&#8221;C\u00e2mera Record&#8221;,&#8221;url&#8221;:&#8221;https:\/\/record.r7.com\/camera-record\/&#8221;},{&#8220;_id&#8221;:&#8221;link-EBFTBOV4SNFNNIPLEZIQIUUBYY&#8221;,&#8221;children&#8221;:[],&#8221;display_name&#8221;:&#8221;Cidade Alerta&#8221;,&#8221;url&#8221;:&#8221;https:\/\/record.r7.com\/cidade-alerta\/&#8221;},{&#8220;_id&#8221;:&#8221;link-4D4C4PXUOVEQHJ2T3TL5SKXCWU&#8221;,&#8221;children&#8221;:[],&#8221;display_name&#8221;:&#8221;Doc Investiga\u00e7\u00e3o&#8221;,&#8221;url&#8221;:&#8221;https:\/\/record.r7.com\/doc-investigacao\/&#8221;},{&#8220;_id&#8221;:&#8221;link-ESTIOR7B55B2PG7XZFMBKQWZHM&#8221;,&#8221;children&#8221;:[],&#8221;display_name&#8221;:&#8221;Domingo Espetacular&#8221;,&#8221;url&#8221;:&#8221;https:\/\/record.r7.com\/domingo-espetacular\/&#8221;},{&#8220;_id&#8221;:&#8221;link-WBNUAHL2UJAVRBQ2XR6MBKDANQ&#8221;,&#8221;children&#8221;:[],&#8221;display_name&#8221;:&#8221;Fala Brasil&#8221;,&#8221;url&#8221;:&#8221;https:\/\/record.r7.com\/fala-brasil\/&#8221;},{&#8220;_id&#8221;:&#8221;link-7XTUZK4GF5CXNEBXK2WAUAAH5I&#8221;,&#8221;children&#8221;:[],&#8221;display_name&#8221;:&#8221;Jornal da Record&#8221;,&#8221;url&#8221;:&#8221;https:\/\/noticias.r7.com\/jr-na-tv\/&#8221;}],&#8221;name&#8221;:&#8221;Jornalismo&#8221;,&#8221;navigation&#8221;:{&#8220;menu_url&#8221;:&#8221;https:\/\/record.r7.com&#8221;,&#8221;nav_title&#8221;:&#8221;Jornalismo&#8221;}},{&#8220;_id&#8221;:&#8221;\/menusidebarsecoes-record-realities&#8221;,&#8221;children&#8221;:[{&#8220;_id&#8221;:&#8221;link-7CZEWAAVMZG2VDGRW7PMBRNGGQ&#8221;,&#8221;children&#8221;:[],&#8221;display_name&#8221;:&#8221;A Grande Conquista 2&#8243;,&#8221;url&#8221;:&#8221;https:\/\/record.r7.com\/a-grande-conquista-2\/&#8221;}],&#8221;name&#8221;:&#8221;Reality Show&#8221;,&#8221;navigation&#8221;:{&#8220;menu_url&#8221;:&#8221;https:\/\/record.r7.com\/&#8221;,&#8221;nav_title&#8221;:&#8221;Reality Show&#8221;}},{&#8220;_id&#8221;:&#8221;\/menusidebarsecoes-record-variedades&#8221;,&#8221;children&#8221;:[{&#8220;_id&#8221;:&#8221;link-ZK5HTAATJJCSBJPCRFGFMMLMUY&#8221;,&#8221;children&#8221;:[],&#8221;display_name&#8221;:&#8221;Brasil Caminhoneiro&#8221;,&#8221;url&#8221;:&#8221;https:\/\/brasilcaminhoneiro.com.br&#8221;},{&#8220;_id&#8221;:&#8221;link-YDSVESSYFVDBXLBL2KCWP7MA54&#8243;,&#8221;children&#8221;:[],&#8221;display_name&#8221;:&#8221;Hoje em Dia&#8221;,&#8221;url&#8221;:&#8221;https:\/\/record.r7.com\/hoje-em-dia\/&#8221;},{&#8220;_id&#8221;:&#8221;link-MDD6UVTHHNBQVOKB4TST2PY35Q&#8221;,&#8221;children&#8221;:[],&#8221;display_name&#8221;:&#8221;Hora do faro&#8221;,&#8221;url&#8221;:&#8221;https:\/\/record.r7.com\/hora-do-faro\/&#8221;},{&#8220;_id&#8221;:&#8221;link-KDN4JCADS5AB7BXHGBQRS6KKOY&#8221;,&#8221;children&#8221;:[],&#8221;display_name&#8221;:&#8221;Mundo Record&#8221;,&#8221;url&#8221;:&#8221;https:\/\/mundorecord.com.br\/&#8221;},{&#8220;_id&#8221;:&#8221;link-6LYIDFR5KVAN3ORCPM2QMCGSKI&#8221;,&#8221;children&#8221;:[],&#8221;display_name&#8221;:&#8221;Patrulha das Fronteiras&#8221;,&#8221;url&#8221;:&#8221;https:\/\/record.r7.com\/patrulha-das-fronteiras\/&#8221;},{&#8220;_id&#8221;:&#8221;link-RPNOBY42XBDTLECPUWB66WEYSI&#8221;,&#8221;children&#8221;:[],&#8221;display_name&#8221;:&#8221;Quilos Mortais&#8221;,&#8221;url&#8221;:&#8221;https:\/\/record.r7.com\/quilos-mortais\/&#8221;},{&#8220;_id&#8221;:&#8221;link-XSTJZVUN3BCQZLH337YAC2AA4U&#8221;,&#8221;children&#8221;:[],&#8221;display_name&#8221;:&#8221;The Love School&#8221;,&#8221;url&#8221;:&#8221;https:\/\/record.r7.com\/love-school-escola-amor\/&#8221;}],&#8221;name&#8221;:&#8221;Variedades&#8221;,&#8221;navigation&#8221;:{&#8220;menu_url&#8221;:&#8221;https:\/\/record.r7.com&#8221;,&#8221;nav_title&#8221;:&#8221;Variedades&#8221;}},{&#8220;_id&#8221;:&#8221;\/menusidebarsecoes-recordemissoras&#8221;,&#8221;children&#8221;:[{&#8220;_id&#8221;:&#8221;link-Q3N2QWRMIVAWTOXBVWQYWFHKNU&#8221;,&#8221;children&#8221;:[],&#8221;display_name&#8221;:&#8221;Site Emissoras&#8221;,&#8221;url&#8221;:&#8221;https:\/\/record.r7.com\/record-emissoras\/&#8221;},{&#8220;_id&#8221;:&#8221;link-PFNDJABLARFAVFBWN7YUHEPSOE&#8221;,&#8221;children&#8221;:[],&#8221;display_name&#8221;:&#8221;Sobre a Rede&#8221;,&#8221;url&#8221;:&#8221;https:\/\/record.r7.com\/recordtv-emissoras\/fique-por-dentro-das-emissoras-da-rede-02022024\/&#8221;},{&#8220;_id&#8221;:&#8221;link-CYYXIEHRWBFA5NTYYXYZB3K2XM&#8221;,&#8221;children&#8221;:[],&#8221;display_name&#8221;:&#8221;Emissoras RECORD&#8221;,&#8221;url&#8221;:&#8221;https:\/\/record.r7.com\/record-emissoras\/rede\/&#8221;},{&#8220;_id&#8221;:&#8221;link-LPAOL6UN4NEHLBY4OYBKGHMYRI&#8221;,&#8221;children&#8221;:[],&#8221;display_name&#8221;:&#8221;Reclama\u00e7\u00e3o de Sinal&#8221;,&#8221;url&#8221;:&#8221;https:\/\/record.r7.com\/recordtv-emissoras\/reclamacao-de-sinal\/quadros\/reclamacao-de-sinal-30052023\/&#8221;}],&#8221;name&#8221;:&#8221;Emissoras Record&#8221;,&#8221;navigation&#8221;:{&#8220;menu_url&#8221;:&#8221;https:\/\/record.r7.com\/record-emissoras\/&#8221;,&#8221;nav_title&#8221;:&#8221;Emissoras Record&#8221;}}],&#8221;name&#8221;:&#8221;Record&#8221;,&#8221;navigation&#8221;:{&#8220;menu_url&#8221;:&#8221;https:\/\/record.r7.com\/&#8221;,&#8221;nav_title&#8221;:&#8221;Record&#8221;}},{&#8220;_id&#8221;:&#8221;\/menusidebarsecoes-record-recordnews&#8221;,&#8221;children&#8221;:[{&#8220;_id&#8221;:&#8221;link-SIH7UHOVNBBADMWAPB2MUWDF4A&#8221;,&#8221;children&#8221;:[],&#8221;display_name&#8221;:&#8221;Capa&#8221;,&#8221;url&#8221;:&#8221;https:\/\/noticias.r7.com\/record-news\/&#8221;},{&#8220;_id&#8221;:&#8221;\/menusidebarsecoes-record-recordnews-institucional&#8221;,&#8221;children&#8221;:[{&#8220;_id&#8221;:&#8221;link-XNUTE5A4RFEBNIYCJ34ZGY5AHU&#8221;,&#8221;children&#8221;:[],&#8221;display_name&#8221;:&#8221;A Emissora&#8221;,&#8221;url&#8221;:&#8221;https:\/\/noticias.r7.com\/record-news\/videos\/a-record-news-11102021\/&#8221;},{&#8220;_id&#8221;:&#8221;link-ERL3MRNVC5D2RIJET4SUHMSVR4&#8243;,&#8221;children&#8221;:[],&#8221;display_name&#8221;:&#8221;Privacidade&#8221;,&#8221;url&#8221;:&#8221;https:\/\/noticias.r7.com\/record-news\/declaracao-de-privacidade-08062022\/&#8221;}],&#8221;name&#8221;:&#8221;Institucional&#8221;,&#8221;navigation&#8221;:{&#8220;menu_url&#8221;:&#8221;https:\/\/noticias.r7.com\/record-news\/&#8221;,&#8221;nav_title&#8221;:&#8221;Institucional&#8221;}},{&#8220;_id&#8221;:&#8221;\/menusidebarsecoes-record-recordnews-programas&#8221;,&#8221;children&#8221;:[{&#8220;_id&#8221;:&#8221;link-MWSM6IGUQFC3XBXMCBRJ4XZEAE&#8221;,&#8221;children&#8221;:[],&#8221;display_name&#8221;:&#8221;Agro Record News&#8221;,&#8221;url&#8221;:&#8221;https:\/\/noticias.r7.com\/record-news\/agro-record-news\/&#8221;},{&#8220;_id&#8221;:&#8221;link-WREOJ3JDERBMRDXCDYDBIUCGYE&#8221;,&#8221;children&#8221;:[],&#8221;display_name&#8221;:&#8221;Aldeia News&#8221;,&#8221;url&#8221;:&#8221;https:\/\/noticias.r7.com\/record-news\/aldeia-news\/&#8221;},{&#8220;_id&#8221;:&#8221;link-VYSHTBLISFB33MCUFHLR5KUA4A&#8221;,&#8221;children&#8221;:[],&#8221;display_name&#8221;:&#8221;Alerta Brasil&#8221;,&#8221;url&#8221;:&#8221;https:\/\/noticias.r7.com\/record-news\/alerta-brasil\/&#8221;},{&#8220;_id&#8221;:&#8221;link-AX2OI4TR5RETPPILIXR4QLWEYU&#8221;,&#8221;children&#8221;:[],&#8221;display_name&#8221;:&#8221;Conex\u00e3o Record News&#8221;,&#8221;url&#8221;:&#8221;https:\/\/noticias.r7.com\/record-news\/conexao-record-news\/&#8221;},{&#8220;_id&#8221;:&#8221;link-PQW64DL3QFBMZK6HAT2UWP2MFQ&#8221;,&#8221;children&#8221;:[],&#8221;display_name&#8221;:&#8221;Copinha Feminina&#8221;,&#8221;url&#8221;:&#8221;https:\/\/noticias.r7.com\/record-news\/copinha-feminina\/&#8221;},{&#8220;_id&#8221;:&#8221;link-JFQHVPMY5BCTHFI3JEMEOT7P7I&#8221;,&#8221;children&#8221;:[],&#8221;display_name&#8221;:&#8221;Elas com a Bola&#8221;,&#8221;url&#8221;:&#8221;https:\/\/noticias.r7.com\/record-news\/elas-com-a-bola\/&#8221;},{&#8220;_id&#8221;:&#8221;link-2AHAVUB4OBCHJNNQCPAFKPZPLE&#8221;,&#8221;children&#8221;:[],&#8221;display_name&#8221;:&#8221;Esporte Record News&#8221;,&#8221;url&#8221;:&#8221;https:\/\/noticias.r7.com\/record-news\/esporte-record-news\/&#8221;},{&#8220;_id&#8221;:&#8221;link-3IV6OC5EPFB7TA3S7FQMPCG6T4&#8243;,&#8221;children&#8221;:[],&#8221;display_name&#8221;:&#8221;Est\u00fadio News&#8221;,&#8221;url&#8221;:&#8221;https:\/\/noticias.r7.com\/record-news\/estudio-news\/&#8221;},{&#8220;_id&#8221;:&#8221;link-NITY6IVV3NAPNMR663X7PSCCBI&#8221;,&#8221;children&#8221;:[],&#8221;display_name&#8221;:&#8221;Geek Record News&#8221;,&#8221;url&#8221;:&#8221;https:\/\/noticias.r7.com\/record-news\/geek-record-news\/&#8221;},{&#8220;_id&#8221;:&#8221;link-3FUIQHACMNA5ZFSG4DQMGLSTIY&#8221;,&#8221;children&#8221;:[],&#8221;display_name&#8221;:&#8221;Hora News&#8221;,&#8221;url&#8221;:&#8221;https:\/\/noticias.r7.com\/record-news\/hora-news\/&#8221;},{&#8220;_id&#8221;:&#8221;link-43PVNK7SSJAEZL3PQ7DFXAPKTE&#8221;,&#8221;children&#8221;:[],&#8221;display_name&#8221;:&#8221;Inova\u00e7\u00e3o &amp; Neg\u00f3cios&#8221;,&#8221;url&#8221;:&#8221;https:\/\/noticias.r7.com\/record-news\/inovacao-e-negocios\/&#8221;},{&#8220;_id&#8221;:&#8221;link-45CHAPMIHVFAHEKFP7BCMMJYMA&#8221;,&#8221;children&#8221;:[],&#8221;display_name&#8221;:&#8221;Joga nas 11&#8243;,&#8221;url&#8221;:&#8221;https:\/\/esportes.r7.com\/joga-nas-11\/&#8221;},{&#8220;_id&#8221;:&#8221;link-4TEIL2AJ3NF3VPK73AKYGQ7VSE&#8221;,&#8221;children&#8221;:[],&#8221;display_name&#8221;:&#8221;Jornal da Record News&#8221;,&#8221;url&#8221;:&#8221;https:\/\/noticias.r7.com\/record-news\/jornal-da-record-news\/&#8221;},{&#8220;_id&#8221;:&#8221;link-VULB3TJD7RAVFFNLHGYLWECQVI&#8221;,&#8221;children&#8221;:[],&#8221;display_name&#8221;:&#8221;Link News&#8221;,&#8221;url&#8221;:&#8221;https:\/\/noticias.r7.com\/record-news\/link-record-news\/&#8221;},{&#8220;_id&#8221;:&#8221;link-KZKB2JUPLJAKFPZF3LC4TPJMH4&#8243;,&#8221;children&#8221;:[],&#8221;display_name&#8221;:&#8221;Mulheres no Comando&#8221;,&#8221;url&#8221;:&#8221;https:\/\/noticias.r7.com\/record-news\/mulheres-no-comando\/&#8221;},{&#8220;_id&#8221;:&#8221;link-FRKOXFYNAZC2VONVF56QPDWT5Y&#8221;,&#8221;children&#8221;:[],&#8221;display_name&#8221;:&#8221;Mulheres Positivas&#8221;,&#8221;url&#8221;:&#8221;https:\/\/noticias.r7.com\/record-news\/mulheres-positivas\/&#8221;},{&#8220;_id&#8221;:&#8221;link-3LMMS3BWAJFPBMAEQZ23VZEAVY&#8221;,&#8221;children&#8221;:[],&#8221;display_name&#8221;:&#8221;Mundo Record News&#8221;,&#8221;url&#8221;:&#8221;https:\/\/noticias.r7.com\/record-news\/mundo-record-news\/&#8221;},{&#8220;_id&#8221;:&#8221;link-5CQXJC23VRGXXG7E5TSIGYNOQQ&#8221;,&#8221;children&#8221;:[],&#8221;display_name&#8221;:&#8221;News 19 Horas&#8221;,&#8221;url&#8221;:&#8221;https:\/\/noticias.r7.com\/record-news\/news-das-19h\/&#8221;},{&#8220;_id&#8221;:&#8221;link-BFXMO37755GQRE747YTGNXUGDY&#8221;,&#8221;children&#8221;:[],&#8221;display_name&#8221;:&#8221;News das 10&#8243;,&#8221;url&#8221;:&#8221;https:\/\/noticias.r7.com\/record-news\/news-das-10\/&#8221;},{&#8220;_id&#8221;:&#8221;link-HKT4LFXTEFGV5F4XXNNDH6SYQE&#8221;,&#8221;children&#8221;:[],&#8221;display_name&#8221;:&#8221;Paulist\u00e3o Feminino&#8221;,&#8221;url&#8221;:&#8221;https:\/\/noticias.r7.com\/record-news\/paulistao-feminino\/&#8221;},{&#8220;_id&#8221;:&#8221;link-7ZOEVW6Q2FHYNN74VTSJI5LLXQ&#8221;,&#8221;children&#8221;:[],&#8221;display_name&#8221;:&#8221;Record News Investiga\u00e7\u00e3o&#8221;,&#8221;url&#8221;:&#8221;https:\/\/noticias.r7.com\/record-news\/record-news-investigacao\/&#8221;},{&#8220;_id&#8221;:&#8221;link-5D6WP3DGYFFZPEGXYS3VNKPVJ4&#8243;,&#8221;children&#8221;:[],&#8221;display_name&#8221;:&#8221;Record News Rural&#8221;,&#8221;url&#8221;:&#8221;https:\/\/noticias.r7.com\/record-news\/record-news-rural\/&#8221;},{&#8220;_id&#8221;:&#8221;link-WKY7WUUNJZHE3BFGZUCSGBKALQ&#8221;,&#8221;children&#8221;:[],&#8221;display_name&#8221;:&#8221;Record News S\u00e9ries&#8221;,&#8221;url&#8221;:&#8221;https:\/\/noticias.r7.com\/record-news\/record-news-series\/&#8221;},{&#8220;_id&#8221;:&#8221;link-BCLUY43TERHRPAJ744Y7HU76GU&#8221;,&#8221;children&#8221;:[],&#8221;display_name&#8221;:&#8221;Soltando os Bichos&#8221;,&#8221;url&#8221;:&#8221;https:\/\/noticias.r7.com\/record-news\/soltando-os-bichos\/&#8221;},{&#8220;_id&#8221;:&#8221;link-4UAFIZC66BDQHAMVOTEEJNWPOU&#8221;,&#8221;children&#8221;:[],&#8221;display_name&#8221;:&#8221;Zapping&#8221;,&#8221;url&#8221;:&#8221;https:\/\/noticias.r7.com\/record-news\/zapping\/&#8221;}],&#8221;name&#8221;:&#8221;Programas&#8221;,&#8221;navigation&#8221;:{&#8220;menu_url&#8221;:&#8221;https:\/\/noticias.r7.com\/record-news\/&#8221;,&#8221;nav_title&#8221;:&#8221;Programas&#8221;}},{&#8220;_id&#8221;:&#8221;\/menusidebarsecoes-record-recordnews-videos&#8221;,&#8221;children&#8221;:[{&#8220;_id&#8221;:&#8221;link-WH3FZ5PXIJDINP3ZMPJUXXULDY&#8221;,&#8221;children&#8221;:[],&#8221;display_name&#8221;:&#8221;Todos os v\u00eddeos&#8221;,&#8221;url&#8221;:&#8221;https:\/\/noticias.r7.com\/record-news\/videos\/&#8221;},{&#8220;_id&#8221;:&#8221;link-HQJT77KCEBGCBNZ2JNWRFAOPPU&#8221;,&#8221;children&#8221;:[],&#8221;display_name&#8221;:&#8221;No Youtube&#8221;,&#8221;url&#8221;:&#8221;https:\/\/www.youtube.com\/recordnews&#8221;},{&#8220;_id&#8221;:&#8221;link-NGSOPZUC2FBGBCDAXRKROBN4GI&#8221;,&#8221;children&#8221;:[],&#8221;display_name&#8221;:&#8221;Playplus&#8221;,&#8221;url&#8221;:&#8221;https:\/\/www.playplus.com\/live\/liveEvent\/191&#8243;}],&#8221;name&#8221;:&#8221;V\u00eddeos&#8221;,&#8221;navigation&#8221;:{&#8220;menu_url&#8221;:&#8221;https:\/\/noticias.r7.com\/record-news\/&#8221;,&#8221;nav_title&#8221;:&#8221;V\u00eddeos&#8221;}},{&#8220;_id&#8221;:&#8221;\/menusidebarsecoes-record-recordnews-ondesintonizar&#8221;,&#8221;children&#8221;:[{&#8220;_id&#8221;:&#8221;link-WEXAZVT3HZAQBBNSXG5BAPEGCU&#8221;,&#8221;children&#8221;:[],&#8221;display_name&#8221;:&#8221;Norte&#8221;,&#8221;url&#8221;:&#8221;https:\/\/noticias.r7.com\/record-news\/onde-sintonizar-norte-11032022\/&#8221;},{&#8220;_id&#8221;:&#8221;link-JBN2JGJW5VAQDDAJEIYYQBIO3M&#8221;,&#8221;children&#8221;:[],&#8221;display_name&#8221;:&#8221;Nordeste&#8221;,&#8221;url&#8221;:&#8221;https:\/\/noticias.r7.com\/record-news\/onde-sintonizar-nordeste-11032022\/&#8221;},{&#8220;_id&#8221;:&#8221;link-VRQKRNAVRNBN5EFZ77YOLIP5XU&#8221;,&#8221;children&#8221;:[],&#8221;display_name&#8221;:&#8221;Centro-Oeste&#8221;,&#8221;url&#8221;:&#8221;https:\/\/noticias.r7.com\/record-news\/onde-sintonizar-centro-oeste-11032022\/&#8221;},{&#8220;_id&#8221;:&#8221;link-ULIZL7ALRVGCDHRK3VBPVMGS5E&#8221;,&#8221;children&#8221;:[],&#8221;display_name&#8221;:&#8221;Sudeste&#8221;,&#8221;url&#8221;:&#8221;https:\/\/noticias.r7.com\/record-news\/onde-sintonizar-sudeste-11032022\/&#8221;},{&#8220;_id&#8221;:&#8221;link-VPLFGEM5GBGRLNWFGSX4PLCCJI&#8221;,&#8221;children&#8221;:[],&#8221;display_name&#8221;:&#8221;Sul&#8221;,&#8221;url&#8221;:&#8221;https:\/\/noticias.r7.com\/record-news\/onde-sintonizar-sul-11032022\/&#8221;}],&#8221;name&#8221;:&#8221;Onde Sintonizar&#8221;,&#8221;navigation&#8221;:{&#8220;menu_url&#8221;:&#8221;https:\/\/noticias.r7.com\/record-news\/&#8221;,&#8221;nav_title&#8221;:&#8221;Onde Sintonizar&#8221;}},{&#8220;_id&#8221;:&#8221;\/menusidebarsecoes-record-recordnews-comercial&#8221;,&#8221;children&#8221;:[],&#8221;name&#8221;:&#8221;Comercial&#8221;,&#8221;navigation&#8221;:{&#8220;menu_url&#8221;:&#8221;http:\/\/www.comercial.recordtv.com.br\/recordnews\/index\/index.html&#8221;,&#8221;nav_title&#8221;:&#8221;Comercial&#8221;}}],&#8221;name&#8221;:&#8221;Record News&#8221;,&#8221;navigation&#8221;:{&#8220;menu_url&#8221;:&#8221;https:\/\/noticias.r7.com\/record-news\/&#8221;,&#8221;nav_title&#8221;:&#8221;Record News&#8221;}},{&#8220;_id&#8221;:&#8221;\/menusidebardestaques-record-reis&#8221;,&#8221;children&#8221;:[{&#8220;_id&#8221;:&#8221;link-IQMVIUZOTBHOVCM4ON5CCNQ7E4&#8243;,&#8221;children&#8221;:[],&#8221;display_name&#8221;:&#8221;Site oficial&#8221;,&#8221;url&#8221;:&#8221;https:\/\/record.r7.com\/reis\/&#8221;},{&#8220;_id&#8221;:&#8221;link-ODL774MUOJG2DHFNNFW57VRNTQ&#8221;,&#8221;children&#8221;:[],&#8221;display_name&#8221;:&#8221;Blog de Reis&#8221;,&#8221;url&#8221;:&#8221;https:\/\/record.r7.com\/reis\/blog-de-reis\/&#8221;},{&#8220;_id&#8221;:&#8221;link-BRHB4KQBNBD57POWQZJRJ4B73A&#8221;,&#8221;children&#8221;:[],&#8221;display_name&#8221;:&#8221;Entrevistas&#8221;,&#8221;url&#8221;:&#8221;https:\/\/record.r7.com\/reis\/entrevistas\/&#8221;},{&#8220;_id&#8221;:&#8221;link-O7FBLTNLY5AYPDHMN55SDQIEHQ&#8221;,&#8221;children&#8221;:[],&#8221;display_name&#8221;:&#8221;Fotos&#8221;,&#8221;url&#8221;:&#8221;https:\/\/record.r7.com\/reis\/fotos\/&#8221;},{&#8220;_id&#8221;:&#8221;link-XY4MH2KAZRBHFH3RKBEE4RPHR4&#8243;,&#8221;children&#8221;:[],&#8221;display_name&#8221;:&#8221;Novidades&#8221;,&#8221;url&#8221;:&#8221;https:\/\/record.r7.com\/reis\/novidades\/&#8221;},{&#8220;_id&#8221;:&#8221;link-YWA4DY2AN5APZHRGM44X7X3IH4&#8243;,&#8221;children&#8221;:[],&#8221;display_name&#8221;:&#8221;Quizzes&#8221;,&#8221;url&#8221;:&#8221;https:\/\/record.r7.com\/reis\/quizzes\/&#8221;},{&#8220;_id&#8221;:&#8221;link-W5KTZM2AYFGYTLAHM3EXEHIKCI&#8221;,&#8221;children&#8221;:[],&#8221;display_name&#8221;:&#8221;V\u00eddeos&#8221;,&#8221;url&#8221;:&#8221;https:\/\/record.r7.com\/reis\/videos\/&#8221;},{&#8220;_id&#8221;:&#8221;link-JW3A7PZRXVEWDIJGJ2IUKFP6IE&#8221;,&#8221;children&#8221;:[],&#8221;display_name&#8221;:&#8221;\u00cdntegra&#8221;,&#8221;url&#8221;:&#8221;https:\/\/www.playplus.com\/&#8221;}],&#8221;name&#8221;:&#8221;Reis&#8221;,&#8221;navigation&#8221;:{&#8220;menu_url&#8221;:&#8221;https:\/\/record.r7.com\/reis\/&#8221;,&#8221;nav_title&#8221;:&#8221;Reis&#8221;}},{&#8220;_id&#8221;:&#8221;\/menusidebarsecoes-riode-janeiro&#8221;,&#8221;children&#8221;:[{&#8220;_id&#8221;:&#8221;link-XN2OSLKW5ZFXLO4NRY5P3NIS3I&#8221;,&#8221;children&#8221;:[],&#8221;display_name&#8221;:&#8221;HOME&#8221;,&#8221;url&#8221;:&#8221;https:\/\/noticias.r7.com\/rio-de-janeiro\/&#8221;},{&#8220;_id&#8221;:&#8221;link-K6RNUY6S4NFF5G35ADUN7WFDR4&#8243;,&#8221;children&#8221;:[],&#8221;display_name&#8221;:&#8221;Not\u00edcias&#8221;,&#8221;url&#8221;:&#8221;https:\/\/noticias.r7.com\/rio-de-janeiro\/noticias&#8221;},{&#8220;_id&#8221;:&#8221;link-OYNPHCLVOZBQXFGKIMHAID6ZUI&#8221;,&#8221;children&#8221;:[],&#8221;display_name&#8221;:&#8221;Balan\u00e7o Geral RJ&#8221;,&#8221;url&#8221;:&#8221;https:\/\/record.r7.com\/balanco-geral-rj\/&#8221;},{&#8220;_id&#8221;:&#8221;link-44TOMYHFEFHNBOEOY4SDQF22UE&#8221;,&#8221;children&#8221;:[],&#8221;display_name&#8221;:&#8221;Cidade Alerta RJ&#8221;,&#8221;url&#8221;:&#8221;https:\/\/record.r7.com\/cidade-alerta-rj\/&#8221;},{&#8220;_id&#8221;:&#8221;link-2M325TK7KVF55FOEGTFNUPOETM&#8221;,&#8221;children&#8221;:[],&#8221;display_name&#8221;:&#8221;Rio Bom D+&#8221;,&#8221;url&#8221;:&#8221;https:\/\/record.r7.com\/rio-bom-demais\/&#8221;},{&#8220;_id&#8221;:&#8221;link-ELZYYLZICBAABHHPWR444ENMCQ&#8221;,&#8221;children&#8221;:[],&#8221;display_name&#8221;:&#8221;RJ no Ar&#8221;,&#8221;url&#8221;:&#8221;https:\/\/noticias.r7.com\/rio-de-janeiro\/rj-no-ar\/&#8221;},{&#8220;_id&#8221;:&#8221;link-FW5WMVKWDVCPZESXSCTZTMGIUU&#8221;,&#8221;children&#8221;:[],&#8221;display_name&#8221;:&#8221;R7 Fala Comigo&#8221;,&#8221;url&#8221;:&#8221;https:\/\/noticias.r7.com\/rio-de-janeiro\/r7-fala-comigo\/&#8221;},{&#8220;_id&#8221;:&#8221;link-6GRR6TRR6BFGFDLRPTV4IXA5WI&#8221;,&#8221;children&#8221;:[],&#8221;display_name&#8221;:&#8221;Interior RJ&#8221;,&#8221;url&#8221;:&#8221;https:\/\/noticias.r7.com\/rio-de-janeiro\/interior\/&#8221;},{&#8220;_id&#8221;:&#8221;link-JA6NQYAXDBBPDBJ5GKAKRES4II&#8221;,&#8221;children&#8221;:[],&#8221;display_name&#8221;:&#8221;Balan\u00e7o Geral Interior RJ&#8221;,&#8221;url&#8221;:&#8221;https:\/\/noticias.r7.com\/rio-de-janeiro\/interior\/balanco-geral-interior-rj\/&#8221;},{&#8220;_id&#8221;:&#8221;link-C5KNAJZJE5A6LBBT4LUDOPRNGA&#8221;,&#8221;children&#8221;:[],&#8221;display_name&#8221;:&#8221;RJ Record Interior RJ&#8221;,&#8221;url&#8221;:&#8221;https:\/\/noticias.r7.com\/rio-de-janeiro\/interior\/rj-record-interior-rj\/&#8221;},{&#8220;_id&#8221;:&#8221;link-GX23BCQICBCORMPFKPU3OQWKCI&#8221;,&#8221;children&#8221;:[],&#8221;display_name&#8221;:&#8221;Tudo a Ver Interior RJ&#8221;,&#8221;url&#8221;:&#8221;https:\/\/noticias.r7.com\/rio-de-janeiro\/interior\/tudo-a-ver-interior-rj\/&#8221;}],&#8221;name&#8221;:&#8221;Rio de Janeiro&#8221;,&#8221;navigation&#8221;:{&#8220;menu_url&#8221;:&#8221;https:\/\/noticias.r7.com\/rio-de-janeiro\/&#8221;,&#8221;nav_title&#8221;:&#8221;Rio de Janeiro&#8221;}},{&#8220;_id&#8221;:&#8221;link-UTCKCLQXBBAWVI7HQTGW4BTYZI&#8221;,&#8221;children&#8221;:[],&#8221;display_name&#8221;:&#8221;Rio Grande do Norte&#8221;,&#8221;url&#8221;:&#8221;https:\/\/noticias.r7.com\/rio-grande-do-norte\/&#8221;},{&#8220;_id&#8221;:&#8221;\/menusidebarsecoes-rio-grande-do-sul&#8221;,&#8221;children&#8221;:[{&#8220;_id&#8221;:&#8221;link-LGBIY7OL5NGXVBCPWYANY37FDE&#8221;,&#8221;children&#8221;:[],&#8221;display_name&#8221;:&#8221;Home&#8221;,&#8221;url&#8221;:&#8221;https:\/\/noticias.r7.com\/rio-grande-do-sul\/&#8221;},{&#8220;_id&#8221;:&#8221;link-UU2CB6JZMVCVZOUZUVCXEK5MUI&#8221;,&#8221;children&#8221;:[],&#8221;display_name&#8221;:&#8221;Not\u00edcias&#8221;,&#8221;url&#8221;:&#8221;https:\/\/noticias.r7.com\/rio-grande-do-sul\/noticias\/&#8221;},{&#8220;_id&#8221;:&#8221;link-2VR3CHOV3NDY5N5L3FG7QEX5BM&#8221;,&#8221;children&#8221;:[],&#8221;display_name&#8221;:&#8221;Balan\u00e7o Geral RS&#8221;,&#8221;url&#8221;:&#8221;https:\/\/noticias.r7.com\/rio-grande-do-sul\/balanco-geral-rs\/&#8221;},{&#8220;_id&#8221;:&#8221;link-TIXJ622RYFGFDIUAYP6QK7IECE&#8221;,&#8221;children&#8221;:[],&#8221;display_name&#8221;:&#8221;Cidade Alerta RS&#8221;,&#8221;url&#8221;:&#8221;https:\/\/noticias.r7.com\/rio-grande-do-sul\/cidade-alerta-rs\/&#8221;},{&#8220;_id&#8221;:&#8221;link-VEPDV677ZZDELAP62FZYTQNEDQ&#8221;,&#8221;children&#8221;:[],&#8221;display_name&#8221;:&#8221;Gua\u00edba no Ar&#8221;,&#8221;url&#8221;:&#8221;https:\/\/noticias.r7.com\/rio-grande-do-sul\/guaiba-no-ar\/&#8221;},{&#8220;_id&#8221;:&#8221;link-F2HHTVPOENFFDDHRUBXWQCB42Y&#8221;,&#8221;children&#8221;:[],&#8221;display_name&#8221;:&#8221;Rio Grande Record&#8221;,&#8221;url&#8221;:&#8221;https:\/\/noticias.r7.com\/rio-grande-do-sul\/rio-grande-record\/&#8221;}],&#8221;name&#8221;:&#8221;Rio Grande do Sul&#8221;,&#8221;navigation&#8221;:{&#8220;menu_url&#8221;:&#8221;https:\/\/noticias.r7.com\/rio-grande-do-sul\/&#8221;,&#8221;nav_title&#8221;:&#8221;Rio Grande do Sul&#8221;}},{&#8220;_id&#8221;:&#8221;link-ESAQZHOEGZDHBM63U2USC52PEM&#8221;,&#8221;children&#8221;:[],&#8221;display_name&#8221;:&#8221;Santa Catarina&#8221;,&#8221;url&#8221;:&#8221;https:\/\/noticias.r7.com\/santa-catarina\/&#8221;},{&#8220;_id&#8221;:&#8221;\/menusidebarsecoes-sao-paulo&#8221;,&#8221;children&#8221;:[{&#8220;_id&#8221;:&#8221;link-I7QPXX2DMBATHAS6V5VR7AX2YI&#8221;,&#8221;children&#8221;:[],&#8221;display_name&#8221;:&#8221;HOME&#8221;,&#8221;url&#8221;:&#8221;https:\/\/noticias.r7.com\/sao-paulo\/&#8221;},{&#8220;_id&#8221;:&#8221;link-VOFE2QGZ5BFATEMCLETWKKJ4KI&#8221;,&#8221;children&#8221;:[],&#8221;display_name&#8221;:&#8221;Not\u00edcias&#8221;,&#8221;url&#8221;:&#8221;https:\/\/noticias.r7.com\/sao-paulo\/noticias&#8221;},{&#8220;_id&#8221;:&#8221;\/sitebar-capital&#8221;,&#8221;children&#8221;:[{&#8220;_id&#8221;:&#8221;link-N2G7ZW4V65HLVNLV76DSS2URPQ&#8221;,&#8221;children&#8221;:[],&#8221;display_name&#8221;:&#8221;Balan\u00e7o Geral Manh\u00e3&#8221;,&#8221;url&#8221;:&#8221;https:\/\/record.r7.com\/balanco-geral-manha\/&#8221;},{&#8220;_id&#8221;:&#8221;link-HPXOHV72ENEEXEIWG3YF7Q23HA&#8221;,&#8221;children&#8221;:[],&#8221;display_name&#8221;:&#8221;Balan\u00e7o Geral SP&#8221;,&#8221;url&#8221;:&#8221;https:\/\/record.r7.com\/balanco-geral\/&#8221;},{&#8220;_id&#8221;:&#8221;link-NAAIROKPAVFG5HAOWQ5IDEOSSA&#8221;,&#8221;children&#8221;:[],&#8221;display_name&#8221;:&#8221;Cidade Alerta SP&#8221;,&#8221;url&#8221;:&#8221;https:\/\/record.r7.com\/cidade-alerta\/&#8221;}],&#8221;name&#8221;:&#8221;Capital&#8221;,&#8221;navigation&#8221;:{&#8220;menu_url&#8221;:null,&#8221;nav_title&#8221;:null}},{&#8220;_id&#8221;:&#8221;\/sidebar-interior&#8221;,&#8221;children&#8221;:[{&#8220;_id&#8221;:&#8221;link-EB5MHDV7C5ESLBL4O2L2RWHXSU&#8221;,&#8221;children&#8221;:[],&#8221;display_name&#8221;:&#8221;Bauru&#8221;,&#8221;url&#8221;:&#8221;https:\/\/noticias.r7.com\/record-paulista\/&#8221;},{&#8220;_id&#8221;:&#8221;link-TLCQEEEAIRGPVPQYRG65JDZQCM&#8221;,&#8221;children&#8221;:[],&#8221;display_name&#8221;:&#8221;Interior SP&#8221;,&#8221;url&#8221;:&#8221;https:\/\/noticias.r7.com\/sao-paulo\/interior\/&#8221;},{&#8220;_id&#8221;:&#8221;link-ZZDNTD34J5AFNLP76LOM6GK5OQ&#8221;,&#8221;children&#8221;:[],&#8221;display_name&#8221;:&#8221;Agro Record Interior SP&#8221;,&#8221;url&#8221;:&#8221;https:\/\/noticias.r7.com\/sao-paulo\/interior\/agro-record-interior-sp\/&#8221;},{&#8220;_id&#8221;:&#8221;link-XZ6LNT2CWZHIPNAAC5R3ZOXDTI&#8221;,&#8221;children&#8221;:[],&#8221;display_name&#8221;:&#8221;Balan\u00e7o Geral Interior SP&#8221;,&#8221;url&#8221;:&#8221;https:\/\/noticias.r7.com\/sao-paulo\/interior\/balanco-geral-interior-sp\/&#8221;},{&#8220;_id&#8221;:&#8221;link-PFZF6ZPTV5BSLLPQ4SYIYUHIAQ&#8221;,&#8221;children&#8221;:[],&#8221;display_name&#8221;:&#8221;Cidade Alerta Interior SP&#8221;,&#8221;url&#8221;:&#8221;https:\/\/noticias.r7.com\/sao-paulo\/interior\/cidade-alerta-interior-sp\/&#8221;},{&#8220;_id&#8221;:&#8221;link-IEENYJG5URBD5DFKYFJFHGFDXU&#8221;,&#8221;children&#8221;:[],&#8221;display_name&#8221;:&#8221;Ribeir\u00e3o Preto&#8221;,&#8221;url&#8221;:&#8221;https:\/\/noticias.r7.com\/sao-paulo\/interior\/&#8221;},{&#8220;_id&#8221;:&#8221;link-ACEIJLAONNBZRHL46ZUPJNWAVM&#8221;,&#8221;children&#8221;:[],&#8221;display_name&#8221;:&#8221;Rio Preto&#8221;,&#8221;url&#8221;:&#8221;https:\/\/record.r7.com\/record-rio-preto\/&#8221;},{&#8220;_id&#8221;:&#8221;link-IPJW63HCN5A6XJKW5GXATCFMRQ&#8221;,&#8221;children&#8221;:[],&#8221;display_name&#8221;:&#8221;SP Record Interior SP&#8221;,&#8221;url&#8221;:&#8221;https:\/\/noticias.r7.com\/sao-paulo\/interior\/sp-record-interior-sp\/&#8221;},{&#8220;_id&#8221;:&#8221;link-3TYBPT6MUVH5JGLO42AS3CERHA&#8221;,&#8221;children&#8221;:[],&#8221;display_name&#8221;:&#8221;Visita na Record Interior SP&#8221;,&#8221;url&#8221;:&#8221;https:\/\/noticias.r7.com\/sao-paulo\/interior\/visita-na-record-interior-sp\/&#8221;}],&#8221;name&#8221;:&#8221;Interior&#8221;,&#8221;navigation&#8221;:{&#8220;menu_url&#8221;:null,&#8221;nav_title&#8221;:null}}],&#8221;name&#8221;:&#8221;S\u00e3o Paulo&#8221;,&#8221;navigation&#8221;:{&#8220;menu_url&#8221;:&#8221;https:\/\/noticias.r7.com\/sao-paulo\/&#8221;,&#8221;nav_title&#8221;:&#8221;S\u00e3o Paulo&#8221;}},{&#8220;_id&#8221;:&#8221;\/menusidebarsecoes-theloveschool&#8221;,&#8221;children&#8221;:[{&#8220;_id&#8221;:&#8221;link-6SHHQUE3LVCC3CJ2Z7U7MBRJTQ&#8221;,&#8221;children&#8221;:[],&#8221;display_name&#8221;:&#8221;Site oficial&#8221;,&#8221;url&#8221;:&#8221;https:\/\/record.r7.com\/love-school-escola-amor\/&#8221;},{&#8220;_id&#8221;:&#8221;link-WPOO2UMWBRCZBA3IKXUELO6MSQ&#8221;,&#8221;children&#8221;:[],&#8221;display_name&#8221;:&#8221;Ao Vivo&#8221;,&#8221;url&#8221;:&#8221;https:\/\/record.r7.com\/love-school-escola-amor\/ao-vivo\/&#8221;},{&#8220;_id&#8221;:&#8221;link-C4HGGMKCLNAQXKQDC77OAGDARE&#8221;,&#8221;children&#8221;:[],&#8221;display_name&#8221;:&#8221;Fotos&#8221;,&#8221;url&#8221;:&#8221;https:\/\/record.r7.com\/love-school-escola-amor\/fotos\/&#8221;},{&#8220;_id&#8221;:&#8221;link-DGDY52ACBNDOHKYH6BSA27Y2N4&#8243;,&#8221;children&#8221;:[],&#8221;display_name&#8221;:&#8221;Novidades&#8221;,&#8221;url&#8221;:&#8221;https:\/\/record.r7.com\/love-school-escola-amor\/noticias\/&#8221;},{&#8220;_id&#8221;:&#8221;link-Y6W7GHYMWZEMDKL65LVYKLQ4TY&#8221;,&#8221;children&#8221;:[],&#8221;display_name&#8221;:&#8221;V\u00eddeos&#8221;,&#8221;url&#8221;:&#8221;https:\/\/record.r7.com\/love-school-escola-amor\/videos\/&#8221;},{&#8220;_id&#8221;:&#8221;link-IRXOG32T4VD3DL7M7LFLON43NU&#8221;,&#8221;children&#8221;:[],&#8221;display_name&#8221;:&#8221;\u00cdntegra &#8220;,&#8221;url&#8221;:&#8221;https:\/\/record.r7.com\/love-school-escola-amor\/integras\/&#8221;}],&#8221;name&#8221;:&#8221;The Love School&#8221;,&#8221;navigation&#8221;:{&#8220;menu_url&#8221;:&#8221;https:\/\/record.r7.com\/love-school-escola-amor\/&#8221;,&#8221;nav_title&#8221;:&#8221;The Love School&#8221;}},{&#8220;_id&#8221;:&#8221;\/menusidebarsecoes-virtz&#8221;,&#8221;children&#8221;:[{&#8220;_id&#8221;:&#8221;link-EPKWKBVMVJCYFGJJDU5W2V4LXU&#8221;,&#8221;children&#8221;:[],&#8221;display_name&#8221;:&#8221;Home&#8221;,&#8221;url&#8221;:&#8221;https:\/\/entretenimento.r7.com\/virtz\/&#8221;},{&#8220;_id&#8221;:&#8221;link-YYVBC7A2NRHCHE2GI5EBPV6EX4&#8243;,&#8221;children&#8221;:[],&#8221;display_name&#8221;:&#8221;S\u00f3 Not\u00edcia Boa&#8221;,&#8221;url&#8221;:&#8221;https:\/\/www.sonoticiaboa.com.br\/&#8221;}],&#8221;name&#8221;:&#8221;Virtz&#8221;,&#8221;navigation&#8221;:{&#8220;menu_url&#8221;:&#8221;https:\/\/entretenimento.r7.com\/virtz&#8221;,&#8221;nav_title&#8221;:&#8221;Virtz&#8221;}}],&#8221;name&#8221;:&#8221;Se\u00e7\u00f5es&#8221;,&#8221;navigation&#8221;:{&#8220;menu_url&#8221;:null,&#8221;nav_title&#8221;:&#8221;Se\u00e7\u00f5es&#8221;}},{&#8220;_id&#8221;:&#8221;\/institucional&#8221;,&#8221;children&#8221;:[{&#8220;_id&#8221;:&#8221;\/menuinstitucional-carreira&#8221;,&#8221;children&#8221;:[],&#8221;name&#8221;:&#8221;Carreira&#8221;,&#8221;navigation&#8221;:{&#8220;menu_url&#8221;:&#8221;https:\/\/recordtv.gupy.io&#8221;,&#8221;nav_title&#8221;:&#8221;Carreira&#8221;}},{&#8220;_id&#8221;:&#8221;link-7PIWGE7LRVGTHOLRQGFCVDTJMU&#8221;,&#8221;children&#8221;:[],&#8221;display_name&#8221;:&#8221;CITE (Fale Conosco)&#8221;,&#8221;url&#8221;:&#8221;http:\/\/recordtv.r7.com\/cite\/&#8221;},{&#8220;_id&#8221;:&#8221;link-JAMKYZQP6VAEDKDA67OM4JIZOU&#8221;,&#8221;children&#8221;:[],&#8221;display_name&#8221;:&#8221;Comercial&#8221;,&#8221;url&#8221;:&#8221;http:\/\/comercial.recordtv.com.br\/&#8221;},{&#8220;_id&#8221;:&#8221;\/menusidebarinstitucional-gruporecord&#8221;,&#8221;children&#8221;:[{&#8220;_id&#8221;:&#8221;link-SVGQXYTSKBHAFPJJNSFFYPRV5Y&#8221;,&#8221;children&#8221;:[],&#8221;display_name&#8221;:&#8221;Banco Digi+&#8221;,&#8221;url&#8221;:&#8221;https:\/\/www.bancodigimais.com.br\/&#8221;},{&#8220;_id&#8221;:&#8221;link-MVCMCJSYQFAHREE3B2A2SQCVXA&#8221;,&#8221;children&#8221;:[],&#8221;display_name&#8221;:&#8221;R\u00e1dio Sociedade&#8221;,&#8221;url&#8221;:&#8221;https:\/\/sociedadeonline.com\/&#8221;},{&#8220;_id&#8221;:&#8221;link-J3QVXXEMSVDHRDTOBLACUWK3S4&#8243;,&#8221;children&#8221;:[],&#8221;display_name&#8221;:&#8221;Record Entretenimento&#8221;,&#8221;url&#8221;:&#8221;https:\/\/www.erecord.com.br\/&#8221;},{&#8220;_id&#8221;:&#8221;link-WVVBTVS4CBHCXD342PWHK6NZVY&#8221;,&#8221;children&#8221;:[],&#8221;display_name&#8221;:&#8221;Rede Fam\u00edlia&#8221;,&#8221;url&#8221;:&#8221;https:\/\/www.rftv.com.br\/&#8221;},{&#8220;_id&#8221;:&#8221;\/menusidebarinstitucional-recordinternacional&#8221;,&#8221;children&#8221;:[{&#8220;_id&#8221;:&#8221;link-DQS3CUFP6NCRBJM3CXOWXHCHDU&#8221;,&#8221;children&#8221;:[],&#8221;display_name&#8221;:&#8221;Am\u00e9ricas&#8221;,&#8221;url&#8221;:&#8221;https:\/\/recordtvamericas.com\/&#8221;},{&#8220;_id&#8221;:&#8221;link-ZIAYDL7ZDFELZDKTEHDQEAZJUM&#8221;,&#8221;children&#8221;:[],&#8221;display_name&#8221;:&#8221;Europa&#8221;,&#8221;url&#8221;:&#8221;https:\/\/recordtv.r7.com\/record-europa\/&#8221;},{&#8220;_id&#8221;:&#8221;link-Z7GTCMPIAVAM5CUEF6QJFBHQUM&#8221;,&#8221;children&#8221;:[],&#8221;display_name&#8221;:&#8221;Jap\u00e3o&#8221;,&#8221;url&#8221;:&#8221;https:\/\/recordtvjapan.com\/&#8221;}],&#8221;name&#8221;:&#8221;Record Internacional&#8221;,&#8221;navigation&#8221;:{&#8220;menu_url&#8221;:&#8221;https:\/\/record.r7.com\/&#8221;,&#8221;nav_title&#8221;:&#8221;Record Internacional&#8221;}},{&#8220;_id&#8221;:&#8221;\/menusidebarinstitucional-universal&#8221;,&#8221;children&#8221;:[{&#8220;_id&#8221;:&#8221;link-TOHBZHYNX5BQXM77SUGKCY6PUA&#8221;,&#8221;children&#8221;:[],&#8221;display_name&#8221;:&#8221;Universal&#8221;,&#8221;url&#8221;:&#8221;https:\/\/www.universal.org\/&#8221;},{&#8220;_id&#8221;:&#8221;link-D4T2W3WI2FCJBNVPCKGE5B4454&#8243;,&#8221;children&#8221;:[],&#8221;display_name&#8221;:&#8221;Univer&#8221;,&#8221;url&#8221;:&#8221;https:\/\/www.univervideo.com\/&#8221;},{&#8220;_id&#8221;:&#8221;link-NUBEUQSOBZCQ7AUTC46Q6VEK3I&#8221;,&#8221;children&#8221;:[],&#8221;display_name&#8221;:&#8221;Rede Aleluia&#8221;,&#8221;url&#8221;:&#8221;https:\/\/redealeluia.com.br\/&#8221;}],&#8221;name&#8221;:&#8221;Universal.Org&#8221;,&#8221;navigation&#8221;:{&#8220;menu_url&#8221;:&#8221;https:\/\/www.universal.org\/&#8221;,&#8221;nav_title&#8221;:&#8221;Universal.Org&#8221;}}],&#8221;name&#8221;:&#8221;Grupo Record&#8221;,&#8221;navigation&#8221;:{&#8220;menu_url&#8221;:&#8221;https:\/\/record.r7.com\/&#8221;,&#8221;nav_title&#8221;:&#8221;Grupo Record&#8221;}}],&#8221;name&#8221;:&#8221;Institucional&#8221;,&#8221;navigation&#8221;:{&#8220;menu_url&#8221;:&#8221;https:\/\/record.r7.com\/institucional\/&#8221;,&#8221;nav_title&#8221;:&#8221;Institucional&#8221;}}]},&#8221;expires&#8221;:1770247209969,&#8221;lastModified&#8221;:1770246909861},&#8221;{\\&#8221;hierarchy\\&#8221;:\\&#8221;footer-sitemap\\&#8221;,\\&#8221;sectionId\\&#8221;:\\&#8221;\/\\&#8221;,\\&#8221;siteId\\&#8221;:\\&#8221;r7\\&#8221;}&#8221;:{&#8220;data&#8221;:{&#8220;children&#8221;:[{&#8220;_id&#8221;:&#8221;\/menusidebarsecoes-esportes&#8221;,&#8221;children&#8221;:[{&#8220;_id&#8221;:&#8221;link-OFDIUC56CBC37IXTUNVRHJYWGY&#8221;,&#8221;display_name&#8221;:&#8221;Automobilismo&#8221;,&#8221;url&#8221;:&#8221;https:\/\/esportes.r7.com\/automobilismo\/&#8221;},{&#8220;_id&#8221;:&#8221;link-34TASKSVHZG4LBRGUDXZG3MOWA&#8221;,&#8221;display_name&#8221;:&#8221;Copa S\u00e3o Paulo&#8221;,&#8221;url&#8221;:&#8221;https:\/\/esportes.r7.com\/futebol\/copa-sao-paulo\/&#8221;},{&#8220;_id&#8221;:&#8221;link-AU532OCWRRB6XMW2RXUOLICF4U&#8221;,&#8221;display_name&#8221;:&#8221;E-Sports&#8221;,&#8221;url&#8221;:&#8221;https:\/\/esportes.r7.com\/e-sports\/&#8221;},{&#8220;_id&#8221;:&#8221;link-J4O3JG7V7VEZZAYI5OFERDPE6I&#8221;,&#8221;display_name&#8221;:&#8221;Fora de Jogo&#8221;,&#8221;url&#8221;:&#8221;https:\/\/esportes.r7.com\/fora-de-jogo\/&#8221;},{&#8220;_id&#8221;:&#8221;link-W2GCRKH6D5DWNBF7ZQVWJ3GLOU&#8221;,&#8221;display_name&#8221;:&#8221;Futebol&#8221;,&#8221;url&#8221;:&#8221;https:\/\/esportes.r7.com\/futebol\/&#8221;},{&#8220;_id&#8221;:&#8221;link-7UIVYJ7IAVEPDNUBPAFT4WUERQ&#8221;,&#8221;display_name&#8221;:&#8221;Lance!&#8221;,&#8221;url&#8221;:&#8221;https:\/\/esportes.r7.com\/lance\/&#8221;},{&#8220;_id&#8221;:&#8221;link-E2NWB22OKZFE3ACL2PINCJ7L6A&#8221;,&#8221;display_name&#8221;:&#8221;Mais Esportes&#8221;,&#8221;url&#8221;:&#8221;https:\/\/esportes.r7.com\/mais-esportes\/&#8221;},{&#8220;_id&#8221;:&#8221;link-5AWQICMAMNE3LKMNMS4CFQSE4M&#8221;,&#8221;display_name&#8221;:&#8221;Paulist\u00e3o&#8221;,&#8221;url&#8221;:&#8221;https:\/\/esportes.r7.com\/futebol\/campeonato-paulista\/&#8221;}],&#8221;name&#8221;:&#8221;Esportes&#8221;,&#8221;navigation&#8221;:{&#8220;menu_url&#8221;:&#8221;https:\/\/esportes.r7.com&#8221;}},{&#8220;_id&#8221;:&#8221;\/menusidebarsecoes-entretenimento&#8221;,&#8221;children&#8221;:[{&#8220;_id&#8221;:&#8221;link-37Y6JBV2QFHRVIS3HS3G7WBJ6Q&#8221;,&#8221;display_name&#8221;:&#8221;Beleza&#8221;,&#8221;url&#8221;:&#8221;https:\/\/entretenimento.r7.com\/vivaavida\/beleza\/&#8221;},{&#8220;_id&#8221;:&#8221;link-YV3K4PQKBVFAXPWCSSH5A2SCC4&#8243;,&#8221;display_name&#8221;:&#8221;Bem-Estar&#8221;,&#8221;url&#8221;:&#8221;https:\/\/entretenimento.r7.com\/vivaavida\/bem-estar\/&#8221;},{&#8220;_id&#8221;:&#8221;link-VWF54WXITZDX3LWWTD4AIDJEQ4&#8243;,&#8221;display_name&#8221;:&#8221;Casa e Decora\u00e7\u00e3o&#8221;,&#8221;url&#8221;:&#8221;https:\/\/entretenimento.r7.com\/vivaavida\/casa-e-decoracao\/&#8221;},{&#8220;_id&#8221;:&#8221;link-LHZPKSOM7FBVZKC333OWGKT4PQ&#8221;,&#8221;display_name&#8221;:&#8221;Cinema&#8221;,&#8221;url&#8221;:&#8221;https:\/\/entretenimento.r7.com\/cinema\/&#8221;},{&#8220;_id&#8221;:&#8221;link-2NZTKQQCLFGF3JHKQBHQZ6UDAQ&#8221;,&#8221;display_name&#8221;:&#8221;Dietas&#8221;,&#8221;url&#8221;:&#8221;https:\/\/entretenimento.r7.com\/vivaavida\/dietas\/&#8221;},{&#8220;_id&#8221;:&#8221;link-N6B7WYZE3RDL5A73MHKCTM46RA&#8221;,&#8221;display_name&#8221;:&#8221;Estrelando&#8221;,&#8221;url&#8221;:&#8221;https:\/\/www.estrelando.com.br\/&#8221;},{&#8220;_id&#8221;:&#8221;link-MXC6ZQWWKZEWHOBDM4KLQOLADY&#8221;,&#8221;display_name&#8221;:&#8221;Famosos e TV&#8221;,&#8221;url&#8221;:&#8221;https:\/\/entretenimento.r7.com\/famosos-e-tv\/&#8221;},{&#8220;_id&#8221;:&#8221;link-JYNG46RKM5GU3AWSTQ5QEZ2CWE&#8221;,&#8221;display_name&#8221;:&#8221;Filhos&#8221;,&#8221;url&#8221;:&#8221;https:\/\/entretenimento.r7.com\/vivaavida\/filhos\/&#8221;},{&#8220;_id&#8221;:&#8221;link-726Q64RWPFCRPHXDQWEF3YO2MU&#8221;,&#8221;display_name&#8221;:&#8221;Games&#8221;,&#8221;url&#8221;:&#8221;https:\/\/entretenimento.r7.com\/games\/&#8221;},{&#8220;_id&#8221;:&#8221;link-R3JUTWLVGNFJHCIOTFKA25RDLE&#8221;,&#8221;display_name&#8221;:&#8221;Moda&#8221;,&#8221;url&#8221;:&#8221;https:\/\/entretenimento.r7.com\/vivaavida\/moda\/&#8221;},{&#8220;_id&#8221;:&#8221;link-EANDKDCBPBBIDNGMI4PDFVP57E&#8221;,&#8221;display_name&#8221;:&#8221;M\u00fasica&#8221;,&#8221;url&#8221;:&#8221;https:\/\/entretenimento.r7.com\/musica\/&#8221;},{&#8220;_id&#8221;:&#8221;link-QDUY7BGZB5ETZMAZZDKPAXZFSA&#8221;,&#8221;display_name&#8221;:&#8221;R7 Nitro&#8221;,&#8221;url&#8221;:&#8221;https:\/\/entretenimento.r7.com\/nitro\/&#8221;},{&#8220;_id&#8221;:&#8221;link-GVR4D6VCE5DIRJGVJZSGBXGBWE&#8221;,&#8221;display_name&#8221;:&#8221;R7 Receitas&#8221;,&#8221;url&#8221;:&#8221;https:\/\/entretenimento.r7.com\/receitas\/&#8221;},{&#8220;_id&#8221;:&#8221;link-NPOPLVMRH5CKZM47A3J5LFCDLI&#8221;,&#8221;display_name&#8221;:&#8221;RPet&#8221;,&#8221;url&#8221;:&#8221;https:\/\/entretenimento.r7.com\/rpet\/&#8221;},{&#8220;_id&#8221;:&#8221;link-SUJCS652OJF2TPFEUVDXVPRTC4&#8243;,&#8221;display_name&#8221;:&#8221;Viagens&#8221;,&#8221;url&#8221;:&#8221;https:\/\/entretenimento.r7.com\/vivaavida\/viagens\/&#8221;},{&#8220;_id&#8221;:&#8221;link-W5VDVQ4BHNE5RDOYTVFEHXEAEY&#8221;,&#8221;display_name&#8221;:&#8221;Virtz&#8221;,&#8221;url&#8221;:&#8221;https:\/\/entretenimento.r7.com\/virtz\/&#8221;},{&#8220;_id&#8221;:&#8221;link-N6JTDTLLSJD75IXJU7Q5HYTND4&#8243;,&#8221;display_name&#8221;:&#8221;Viva a Vida&#8221;,&#8221;url&#8221;:&#8221;https:\/\/entretenimento.r7.com\/vivaavida\/&#8221;}],&#8221;name&#8221;:&#8221;Entretenimento&#8221;,&#8221;navigation&#8221;:{&#8220;menu_url&#8221;:&#8221;https:\/\/entretenimento.r7.com&#8221;}},{&#8220;_id&#8221;:&#8221;\/menusidebarsecoes-jr24h&#8221;,&#8221;children&#8221;:[{&#8220;_id&#8221;:&#8221;link-EZYVRHH3JRAOLO6RJYRLVJOJVY&#8221;,&#8221;display_name&#8221;:&#8221;Agroneg\u00f3cio&#8221;,&#8221;url&#8221;:&#8221;https:\/\/noticias.r7.com\/agronegocios\/&#8221;},{&#8220;_id&#8221;:&#8221;link-IEDWIJGEGVA6ZJY4MRJHLP65KA&#8221;,&#8221;display_name&#8221;:&#8221;Brasil&#8221;,&#8221;url&#8221;:&#8221;https:\/\/noticias.r7.com\/brasil\/&#8221;},{&#8220;_id&#8221;:&#8221;link-MUGP24TOKBBPRNFXSBWYUWHA4A&#8221;,&#8221;display_name&#8221;:&#8221;Bras\u00edlia&#8221;,&#8221;url&#8221;:&#8221;https:\/\/noticias.r7.com\/brasilia\/&#8221;},{&#8220;_id&#8221;:&#8221;link-P6QXE5LFKVAYZKKUUDGKX6SC5Q&#8221;,&#8221;display_name&#8221;:&#8221;Carros&#8221;,&#8221;url&#8221;:&#8221;https:\/\/noticias.r7.com\/carros\/&#8221;},{&#8220;_id&#8221;:&#8221;link-SRGFJK26GVBUTLKBW6P34KYAVI&#8221;,&#8221;display_name&#8221;:&#8221;Cidades&#8221;,&#8221;url&#8221;:&#8221;https:\/\/noticias.r7.com\/cidades\/&#8221;},{&#8220;_id&#8221;:&#8221;link-NTAJBUKJR5DBFBB6JWFLMQYSO4&#8243;,&#8221;display_name&#8221;:&#8221;Concursos&#8221;,&#8221;url&#8221;:&#8221;https:\/\/noticias.r7.com\/concursos\/&#8221;},{&#8220;_id&#8221;:&#8221;link-36LULWQFJ5A5XO5AHAQWTOEQUM&#8221;,&#8221;display_name&#8221;:&#8221;Direito do Consumidor&#8221;,&#8221;url&#8221;:&#8221;https:\/\/noticias.r7.com\/direito-do-consumidor\/&#8221;},{&#8220;_id&#8221;:&#8221;link-KNVEHICVRRH73KRSLZUFJQEWRI&#8221;,&#8221;display_name&#8221;:&#8221;Economia&#8221;,&#8221;url&#8221;:&#8221;https:\/\/noticias.r7.com\/economia\/&#8221;},{&#8220;_id&#8221;:&#8221;link-EDYM7UB235GFNMQK7GZBVZA3ZY&#8221;,&#8221;display_name&#8221;:&#8221;Educa\u00e7\u00e3o&#8221;,&#8221;url&#8221;:&#8221;https:\/\/noticias.r7.com\/educacao\/&#8221;},{&#8220;_id&#8221;:&#8221;link-A5PV6PTG5VFXRKH2PGMD4DZN2Q&#8221;,&#8221;display_name&#8221;:&#8221;\u00c9 Golpe!&#8221;,&#8221;url&#8221;:&#8221;https:\/\/noticias.r7.com\/e-golpe\/&#8221;},{&#8220;_id&#8221;:&#8221;link-AES2K4FI4JGL5NKNYXWPGXX7FA&#8221;,&#8221;display_name&#8221;:&#8221;Hora 7&#8243;,&#8221;url&#8221;:&#8221;https:\/\/noticias.r7.com\/hora7\/&#8221;},{&#8220;_id&#8221;:&#8221;link-R6BN3YSTPBGZ5PBKBEE6RKAQOQ&#8221;,&#8221;display_name&#8221;:&#8221;Imposto de Renda&#8221;,&#8221;url&#8221;:&#8221;https:\/\/noticias.r7.com\/economia\/imposto-de-renda\/&#8221;},{&#8220;_id&#8221;:&#8221;link-CV22X6PUKFEBNLC3GG6PSUUSME&#8221;,&#8221;display_name&#8221;:&#8221;Internacional&#8221;,&#8221;url&#8221;:&#8221;https:\/\/noticias.r7.com\/internacional\/&#8221;},{&#8220;_id&#8221;:&#8221;link-I7T7DYO4SFBFVEC7FK45VXGZGU&#8221;,&#8221;display_name&#8221;:&#8221;Minas Gerais&#8221;,&#8221;url&#8221;:&#8221;https:\/\/noticias.r7.com\/minas-gerais\/&#8221;},{&#8220;_id&#8221;:&#8221;link-GCHCXKKFGNCKDEPGHOYTRPZHBA&#8221;,&#8221;display_name&#8221;:&#8221;Monitor7&#8243;,&#8221;url&#8221;:&#8221;https:\/\/noticias.r7.com\/monitor7\/&#8221;},{&#8220;_id&#8221;:&#8221;link-TDSA5MKL2JF2JJWBECLDKDKMJI&#8221;,&#8221;display_name&#8221;:&#8221;Pernambuco&#8221;,&#8221;url&#8221;:&#8221;https:\/\/noticias.r7.com\/pernambuco\/&#8221;},{&#8220;_id&#8221;:&#8221;link-YS27SSZYGZCPTDZZCRWV5P2NPQ&#8221;,&#8221;display_name&#8221;:&#8221;Rio de Janeiro&#8221;,&#8221;url&#8221;:&#8221;https:\/\/noticias.r7.com\/rio-de-janeiro\/&#8221;},{&#8220;_id&#8221;:&#8221;link-CWAD3XYNAJBK3HUVA6RFM4LI54&#8243;,&#8221;display_name&#8221;:&#8221;S\u00e3o Paulo&#8221;,&#8221;url&#8221;:&#8221;https:\/\/noticias.r7.com\/sao-paulo\/&#8221;},{&#8220;_id&#8221;:&#8221;link-OYF6K2KIYVBENNQ4BYHRNMEZY4&#8243;,&#8221;display_name&#8221;:&#8221;Sa\u00fade&#8221;,&#8221;url&#8221;:&#8221;https:\/\/noticias.r7.com\/saude\/&#8221;},{&#8220;_id&#8221;:&#8221;link-VMGEKHQ5UNAE7A2XQYX6MQJMIA&#8221;,&#8221;display_name&#8221;:&#8221;Tecnologia e Ci\u00eancia&#8221;,&#8221;url&#8221;:&#8221;https:\/\/noticias.r7.com\/tecnologia-e-ciencia\/&#8221;},{&#8220;_id&#8221;:&#8221;link-LPUMJHFF3NEI7FNX5CDJFDSTAI&#8221;,&#8221;display_name&#8221;:&#8221;Tudo Sobre&#8221;,&#8221;url&#8221;:&#8221;https:\/\/www.r7.com\/tudo-sobre\/&#8221;}],&#8221;name&#8221;:&#8221;JR 24H&#8221;,&#8221;navigation&#8221;:{&#8220;menu_url&#8221;:&#8221;https:\/\/noticias.r7.com&#8221;}},{&#8220;_id&#8221;:&#8221;\/menusidebarsecoes-record&#8221;,&#8221;children&#8221;:[{&#8220;_id&#8221;:&#8221;link-MR2XDNZTZJCLXOHZYJYLBBXK2Y&#8221;,&#8221;display_name&#8221;:&#8221;Acerte ou Caia!&#8221;,&#8221;url&#8221;:&#8221;https:\/\/record.r7.com\/acerte-ou-caia\/&#8221;},{&#8220;_id&#8221;:&#8221;link-34IJS2TXCRB67KTIYX6WRSRVFM&#8221;,&#8221;display_name&#8221;:&#8221;A Escrava Isaura&#8221;,&#8221;url&#8221;:&#8221;https:\/\/record.r7.com\/a-escrava-isaura\/&#8221;},{&#8220;_id&#8221;:&#8221;link-2ENC4LTXLZFRZOEG26NHFAGFKU&#8221;,&#8221;display_name&#8221;:&#8221;As Sete Marias&#8221;,&#8221;url&#8221;:&#8221;https:\/\/entretenimento.r7.com\/famosos-e-tv\/as-sete-marias\/&#8221;},{&#8220;_id&#8221;:&#8221;link-MIHB6CAIINECLPE3ZI7WLJHR6Y&#8221;,&#8221;display_name&#8221;:&#8221;At\u00e9 Onde Ele Vai&#8221;,&#8221;url&#8221;:&#8221;https:\/\/entretenimento.r7.com\/famosos-e-tv\/ate-onde-ele-vai\/&#8221;},{&#8220;_id&#8221;:&#8221;link-ER2J46JWMNBLXGHOEXOOOFPRPY&#8221;,&#8221;display_name&#8221;:&#8221;Balan\u00e7o Geral Manh\u00e3&#8221;,&#8221;url&#8221;:&#8221;https:\/\/record.r7.com\/balanco-geral-manha\/&#8221;},{&#8220;_id&#8221;:&#8221;link-BQQ2LKES5JH5NPURCIN5DFDJQQ&#8221;,&#8221;display_name&#8221;:&#8221;Balan\u00e7o Geral SP&#8221;,&#8221;url&#8221;:&#8221;https:\/\/recordtv.r7.com\/balanco-geral\/&#8221;},{&#8220;_id&#8221;:&#8221;link-5I27Y5EUMBGRHLMHC7I7WPYDBM&#8221;,&#8221;display_name&#8221;:&#8221;Ben-Hur&#8221;,&#8221;url&#8221;:&#8221;https:\/\/entretenimento.r7.com\/famosos-e-tv\/ben-hur\/&#8221;},{&#8220;_id&#8221;:&#8221;link-5IBX7S3ZP5DVNN7Q72BJVJHBVI&#8221;,&#8221;display_name&#8221;:&#8221;Brasil Caminhoneiro&#8221;,&#8221;url&#8221;:&#8221;https:\/\/brasilcaminhoneiro.com.br\/&#8221;},{&#8220;_id&#8221;:&#8221;link-YKDUFALRRZEAJLXN2WJDYCLJ4A&#8221;,&#8221;display_name&#8221;:&#8221;Casa do Patr\u00e3o&#8221;,&#8221;url&#8221;:&#8221;https:\/\/record.r7.com\/casa-do-patrao\/&#8221;},{&#8220;_id&#8221;:&#8221;link-3QPL6Z6DAJAIXLXJJLT7TKIBM4&#8243;,&#8221;display_name&#8221;:&#8221;Cidade Alerta&#8221;,&#8221;url&#8221;:&#8221;https:\/\/recordtv.r7.com\/cidade-alerta\/&#8221;},{&#8220;_id&#8221;:&#8221;link-IKYJZQKR3RGFLJICYDW32NN7AM&#8221;,&#8221;display_name&#8221;:&#8221;Domingo Espetacular&#8221;,&#8221;url&#8221;:&#8221;https:\/\/recordtv.r7.com\/domingo-espetacular\/&#8221;},{&#8220;_id&#8221;:&#8221;link-FXQ7JDTYMBDUNMADEVG2DCTMYU&#8221;,&#8221;display_name&#8221;:&#8221;Esporte Record&#8221;,&#8221;url&#8221;:&#8221;https:\/\/record.r7.com\/esporte-record\/&#8221;},{&#8220;_id&#8221;:&#8221;link-ADT6X4NMVNFIBMNKR7OJLVOXVA&#8221;,&#8221;display_name&#8221;:&#8221;Fala Brasil&#8221;,&#8221;url&#8221;:&#8221;https:\/\/recordtv.r7.com\/fala-brasil\/&#8221;},{&#8220;_id&#8221;:&#8221;link-WCLONFXXXBAE7DEYQG26TCAUAM&#8221;,&#8221;display_name&#8221;:&#8221;Hoje em Dia&#8221;,&#8221;url&#8221;:&#8221;https:\/\/recordtv.r7.com\/hoje-em-dia\/&#8221;},{&#8220;_id&#8221;:&#8221;link-DFZVZYGELZAZNEJLR5ALSF7D5Q&#8221;,&#8221;display_name&#8221;:&#8221;Jornal da Record&#8221;,&#8221;url&#8221;:&#8221;https:\/\/noticias.r7.com\/jr-na-tv\/&#8221;},{&#8220;_id&#8221;:&#8221;link-QWLVSOUWANBXLNSGLM3OLGMPXM&#8221;,&#8221;display_name&#8221;:&#8221;M\u00e3e&#8221;,&#8221;url&#8221;:&#8221;https:\/\/record.r7.com\/mae\/&#8221;},{&#8220;_id&#8221;:&#8221;link-B4PAJK555BCNVLGAHLDLLALRIU&#8221;,&#8221;display_name&#8221;:&#8221;Reis&#8221;,&#8221;url&#8221;:&#8221;https:\/\/recordtv.r7.com\/reis\/&#8221;},{&#8220;_id&#8221;:&#8221;link-ALMIF4Y4RVEKLCID4B7Z4OLEHA&#8221;,&#8221;display_name&#8221;:&#8221;The Love School &#8211; Escola do Amor&#8221;,&#8221;url&#8221;:&#8221;https:\/\/recordtv.r7.com\/love-school-escola-amor\/&#8221;}],&#8221;name&#8221;:&#8221;Record&#8221;,&#8221;navigation&#8221;:{&#8220;menu_url&#8221;:&#8221;https:\/\/record.r7.com\/&#8221;}},{&#8220;_id&#8221;:&#8221;\/institucional&#8221;,&#8221;children&#8221;:[{&#8220;_id&#8221;:&#8221;link-DABP5KXBVBESZNQ5PI7YVAA4RE&#8221;,&#8221;display_name&#8221;:&#8221;Banco Digi+&#8221;,&#8221;url&#8221;:&#8221;https:\/\/www.bancodigimais.com.br\/&#8221;},{&#8220;_id&#8221;:&#8221;link-FHGVIW2LOFGFDNL76DNJ5OBIDE&#8221;,&#8221;display_name&#8221;:&#8221;Carreira&#8221;,&#8221;url&#8221;:&#8221;https:\/\/recordtv.gupy.io\/&#8221;},{&#8220;_id&#8221;:&#8221;link-JAMKYZQP6VAEDKDA67OM4JIZOU&#8221;,&#8221;display_name&#8221;:&#8221;Comercial&#8221;,&#8221;url&#8221;:&#8221;http:\/\/comercial.recordtv.com.br\/&#8221;},{&#8220;_id&#8221;:&#8221;link-KBZTTPPJEBGUHCXXFLCZPI77RY&#8221;,&#8221;display_name&#8221;:&#8221;Emissoras&#8221;,&#8221;url&#8221;:&#8221;https:\/\/record.r7.com\/record-emissoras\/&#8221;},{&#8220;_id&#8221;:&#8221;link-LGDL2NDZLZEHHEFXLFAE5NVCM4&#8243;,&#8221;display_name&#8221;:&#8221;Newsletters&#8221;,&#8221;url&#8221;:&#8221;https:\/\/www.r7.com\/newsletters\/&#8221;},{&#8220;_id&#8221;:&#8221;link-DRFZ6M3IOZC3PI2MSCZ3EOL7IY&#8221;,&#8221;display_name&#8221;:&#8221;RecordPlus&#8221;,&#8221;url&#8221;:&#8221;https:\/\/www.recordplus.com\/&#8221;},{&#8220;_id&#8221;:&#8221;link-RGWE4B264ZE6FC47U6S6PYUEJU&#8221;,&#8221;display_name&#8221;:&#8221;R7 Trilhas Sonoras&#8221;,&#8221;url&#8221;:&#8221;https:\/\/www.r7.com\/trilhassonoras\/&#8221;},{&#8220;_id&#8221;:&#8221;link-MVCMCJSYQFAHREE3B2A2SQCVXA&#8221;,&#8221;display_name&#8221;:&#8221;R\u00e1dio Sociedade&#8221;,&#8221;url&#8221;:&#8221;https:\/\/sociedadeonline.com\/&#8221;},{&#8220;_id&#8221;:&#8221;link-CRN4ZRKY75HJ5FVST6X574KMNI&#8221;,&#8221;display_name&#8221;:&#8221;Record Am\u00e9ricas&#8221;,&#8221;url&#8221;:&#8221;https:\/\/recordamericas.com\/&#8221;},{&#8220;_id&#8221;:&#8221;link-FVPIKVHP65AAJBCYGQIJ5FJMUY&#8221;,&#8221;display_name&#8221;:&#8221;Record Entretenimento&#8221;,&#8221;url&#8221;:&#8221;https:\/\/www.erecord.com.br\/&#8221;},{&#8220;_id&#8221;:&#8221;link-JYONOSSRUZETPKHYE44DJAKZVM&#8221;,&#8221;display_name&#8221;:&#8221;Record Europa&#8221;,&#8221;url&#8221;:&#8221;https:\/\/recordtv.r7.com\/record-europa\/&#8221;},{&#8220;_id&#8221;:&#8221;link-C7P3YIEJWBDLXLDBXXGVG4YXKY&#8221;,&#8221;display_name&#8221;:&#8221;Record Jap\u00e3o&#8221;,&#8221;url&#8221;:&#8221;https:\/\/recordtvjapan.com\/&#8221;},{&#8220;_id&#8221;:&#8221;link-TCVOYUVHQJEDVNHBCDE2JEPUKE&#8221;,&#8221;display_name&#8221;:&#8221;Record News&#8221;,&#8221;url&#8221;:&#8221;https:\/\/noticias.r7.com\/record-news\/&#8221;},{&#8220;_id&#8221;:&#8221;link-P2VQS66EQNBEZN4OPUVS5TFRGM&#8221;,&#8221;display_name&#8221;:&#8221;Rede Aleluia&#8221;,&#8221;url&#8221;:&#8221;https:\/\/redealeluia.com.br\/&#8221;},{&#8220;_id&#8221;:&#8221;link-PDHNTPRRJZA4NOBADRS4RE4VB4&#8243;,&#8221;display_name&#8221;:&#8221;Rede Fam\u00edlia&#8221;,&#8221;url&#8221;:&#8221;https:\/\/www.redefamilia.com.br\/&#8221;},{&#8220;_id&#8221;:&#8221;link-7IVGPNKWY5EINLXMNVJZJIKGDM&#8221;,&#8221;display_name&#8221;:&#8221;Ressoar&#8221;,&#8221;url&#8221;:&#8221;https:\/\/ressoar.org.br\/&#8221;},{&#8220;_id&#8221;:&#8221;link-PTUE3X5ASBCWBDUESARIAU4R4I&#8221;,&#8221;display_name&#8221;:&#8221;Univer&#8221;,&#8221;url&#8221;:&#8221;https:\/\/www.univervideo.com\/&#8221;},{&#8220;_id&#8221;:&#8221;link-MY7LNMKVJVCN5HE2RL2SCYZ2UM&#8221;,&#8221;display_name&#8221;:&#8221;Universal&#8221;,&#8221;url&#8221;:&#8221;https:\/\/www.r7.com\/universal\/&#8221;},{&#8220;_id&#8221;:&#8221;link-LCY7U5VU75F5JEFWYOLZLN374I&#8221;,&#8221;display_name&#8221;:&#8221;Universal.Org&#8221;,&#8221;url&#8221;:&#8221;https:\/\/www.universal.org\/&#8221;}],&#8221;name&#8221;:&#8221;Institucional&#8221;,&#8221;navigation&#8221;:{&#8220;menu_url&#8221;:&#8221;https:\/\/record.r7.com\/institucional\/&#8221;}}],&#8221;_id&#8221;:&#8221;\/&#8221;},&#8221;expires&#8221;:1770247203555,&#8221;lastModified&#8221;:1770246903203},&#8221;{\\&#8221;hierarchy\\&#8221;:\\&#8221;footer-institutional\\&#8221;,\\&#8221;sectionId\\&#8221;:\\&#8221;\/\\&#8221;,\\&#8221;siteId\\&#8221;:\\&#8221;r7\\&#8221;}&#8221;:{&#8220;data&#8221;:{&#8220;campanha_branded&#8221;:{&#8220;ativar_background_campanha&#8221;:&#8221;false&#8221;,&#8221;ativar_fonte_campanha&#8221;:&#8221;false&#8221;,&#8221;ativar_logo_campanha&#8221;:&#8221;false&#8221;},&#8221;children&#8221;:[{&#8220;_id&#8221;:&#8221;\/menuinstitucional-carreira&#8221;,&#8221;name&#8221;:&#8221;Carreira&#8221;,&#8221;navigation&#8221;:{&#8220;menu_url&#8221;:&#8221;https:\/\/recordtv.gupy.io&#8221;,&#8221;nav_title&#8221;:&#8221;Carreira&#8221;}},{&#8220;_id&#8221;:&#8221;\/menuinstitucional-faleconosco&#8221;,&#8221;name&#8221;:&#8221;Fale Conosco&#8221;,&#8221;navigation&#8221;:{&#8220;menu_url&#8221;:&#8221;http:\/\/recordtv.r7.com\/cite\/&#8221;,&#8221;nav_title&#8221;:&#8221;Fale Conosco&#8221;}},{&#8220;_id&#8221;:&#8221;\/menuinstitucional-privacidade&#8221;,&#8221;name&#8221;:&#8221;Privacidade&#8221;,&#8221;navigation&#8221;:{&#8220;menu_url&#8221;:&#8221;https:\/\/www.r7.com\/privacidade\/&#8221;,&#8221;nav_title&#8221;:&#8221;Privacidade&#8221;}},{&#8220;_id&#8221;:&#8221;\/menuinstitucional-termosdeuso&#8221;,&#8221;name&#8221;:&#8221;Termos e Condi\u00e7\u00f5es de Uso&#8221;,&#8221;navigation&#8221;:{&#8220;menu_url&#8221;:&#8221;https:\/\/www.r7.com\/termos-e-condicoes\/&#8221;,&#8221;nav_title&#8221;:&#8221;Termos e Condi\u00e7\u00f5es de Uso&#8221;}}],&#8221;_id&#8221;:&#8221;\/&#8221;},&#8221;expires&#8221;:1770247265070,&#8221;lastModified&#8221;:1770246964866}},&#8221;signing-service&#8221;:{&#8220;{\\&#8221;id\\&#8221;:\\&#8221;https:\/\/static.themebuilder.aws.arc.pub\/newr7\/1711047085533.png\\&#8221;}&#8221;:{&#8220;data&#8221;:{&#8220;hash&#8221;:&#8221;d0a6d5f077d7e25888a65281f854f58c749dc770d7add1cf4e3b3eedec3483aa&#8221;,&#8221;type&#8221;:&#8221;sha256&#8243;,&#8221;_id&#8221;:&#8221;fce078b383fba6b9407f00a3f75ba70e3c97f39d42ea6078b8fcf802a6f44b92&#8243;},&#8221;expires&#8221;:1801640510946,&#8221;lastModified&#8221;:1770104510843}},&#8221;site-service-hierarchy&#8221;:{&#8220;{\\&#8221;sectionId\\&#8221;:\\&#8221;\/futebol\\&#8221;}&#8221;:{&#8220;data&#8221;:{&#8220;_id&#8221;:&#8221;https:\/\/esportes.r7.com\/futebol&#8221;,&#8221;_website&#8221;:&#8221;esportes&#8221;,&#8221;name&#8221;:&#8221;Futebol&#8221;,&#8221;inactive&#8221;:false,&#8221;parent&#8221;:{&#8220;default&#8221;:&#8221;\/&#8221;,&#8221;header&#8221;:&#8221;\/&#8221;},&#8221;SEO&#8221;:{&#8220;og_image_id&#8221;:&#8221;65577e9dcd77c0d31f00108e&#8221;,&#8221;seo_description&#8221;:&#8221;Acompanhe tudo sobre futebol no Portal R7. Leia as \u00faltimas not\u00edcias sobre jogos, jogadores e clubes, al\u00e9m das tabelas dos principais campeonatos.&#8221;,&#8221;seo_tags&#8221;:[&#8220;futebol&#8221;,&#8221;jogos&#8221;,&#8221;jogadores&#8221;,&#8221;tabelas&#8221;,&#8221;clubes&#8221;,&#8221;r7&#8243;],&#8221;seo_title&#8221;:&#8221;Futebol \u2013 Jogos, jogadores, tabelas, clubes e campeonatos \u2013 R7&#8243;,&#8221;title_hotsite&#8221;:&#8221;BRASILEIRO 2022&#8243;,&#8221;top_url&#8221;:&#8221;https:\/\/esportes.r7.com\/&#8221;,&#8221;url_og_image&#8221;:&#8221;https:\/\/img.r7.com\/images\/r7-esportes-17112023115422099&#8243;},&#8221;_admin&#8221;:{&#8220;alias_ids&#8221;:[&#8220;https:\/\/esportes.r7.com\/futebol&#8221;]},&#8221;age_rating&#8221;:{&#8220;classificacao_etaria&#8221;:null},&#8221;age_rating_description&#8221;:{&#8220;atos_criminosos&#8221;:&#8221;false&#8221;,&#8221;conteudo_sexual&#8221;:&#8221;false&#8221;,&#8221;drogas&#8221;:&#8221;false&#8221;,&#8221;drogas_ilicitas&#8221;:&#8221;false&#8221;,&#8221;drogas_licitas&#8221;:&#8221;false&#8221;,&#8221;linguagem_impropria&#8221;:&#8221;false&#8221;,&#8221;medo&#8221;:&#8221;false&#8221;,&#8221;nudez&#8221;:&#8221;false&#8221;,&#8221;procedimentos_medicos&#8221;:&#8221;false&#8221;,&#8221;sexo_explicito&#8221;:&#8221;false&#8221;,&#8221;temas_sensiveis&#8221;:&#8221;false&#8221;,&#8221;violencia&#8221;:&#8221;false&#8221;,&#8221;violencia_extrema&#8221;:&#8221;false&#8221;,&#8221;violencia_fantasiosa&#8221;:&#8221;false&#8221;},&#8221;navigation&#8221;:{&#8220;menu_url&#8221;:null,&#8221;nav_title&#8221;:&#8221;Futebol&#8221;},&#8221;newsletter&#8221;:{&#8220;id&#8221;:&#8221;68484031b8b9d10001c4f8ba&#8221;},&#8221;publicidade&#8221;:{&#8220;disable_adv&#8221;:&#8221;false&#8221;,&#8221;disable_audima_adv&#8221;:&#8221;false&#8221;,&#8221;disable_taboola&#8221;:&#8221;false&#8221;,&#8221;hash&#8221;:&#8221;r7esportes\/futebol&#8221;},&#8221;site&#8221;:{&#8220;coupon_categories&#8221;:&#8221;esportes&#8221;,&#8221;disable_refresh&#8221;:&#8221;4&#8243;,&#8221;enable_disclaimer&#8221;:&#8221;false&#8221;,&#8221;pagebuilder_path_for_native_apps&#8221;:null,&#8221;site_about&#8221;:null,&#8221;site_description&#8221;:null,&#8221;site_keywords&#8221;:null,&#8221;site_tagline&#8221;:null,&#8221;site_title&#8221;:&#8221;Futebol&#8221;,&#8221;site_url&#8221;:null},&#8221;site_topper&#8221;:{&#8220;section_header_image&#8221;:&#8221;https:\/\/img.r7.com\/images\/r7-esportes-17112023115349934&#8243;,&#8221;section_header_image_id&#8221;:&#8221;65577e7d1df97b21c400040f&#8221;,&#8221;section_header_image_mobile&#8221;:&#8221;https:\/\/img.r7.com\/images\/r7-esportes-17112023115459066&#8243;,&#8221;section_header_image_mobile_id&#8221;:&#8221;65577ec2c012ad96f3000a4a&#8221;,&#8221;section_left_color_top&#8221;:&#8221;#2B8047&#8243;,&#8221;section_primary_color&#8221;:&#8221;#0E8148&#8243;,&#8221;section_right_color_top&#8221;:&#8221;#2B8047&#8243;,&#8221;site_logo_image&#8221;:null},&#8221;social&#8221;:{&#8220;facebook&#8221;:null,&#8221;instagram&#8221;:null,&#8221;rss&#8221;:null,&#8221;twitter&#8221;:null},&#8221;is_grouping&#8221;:&#8221;false&#8221;,&#8221;node_type&#8221;:&#8221;section&#8221;,&#8221;children&#8221;:[{&#8220;_id&#8221;:&#8221;\/futebol\/adeus-ao-rei-do-futebol&#8221;,&#8221;website&#8221;:&#8221;esportes&#8221;,&#8221;name&#8221;:&#8221;Adeus ao Rei do Futebol&#8221;,&#8221;navigation&#8221;:{&#8220;nav_title&#8221;:&#8221;Adeus ao Rei do Futebol&#8221;},&#8221;parent&#8221;:{&#8220;default&#8221;:&#8221;https:\/\/esportes.r7.com\/futebol&#8221;,&#8221;header&#8221;:&#8221;https:\/\/esportes.r7.com\/futebol&#8221;},&#8221;_admin&#8221;:{&#8220;alias_ids&#8221;:[&#8220;\/futebol\/adeus-ao-rei-do-futebol&#8221;]},&#8221;site&#8221;:{&#8220;site_description&#8221;:&#8221;&#8221;,&#8221;site_title&#8221;:&#8221;Adeus ao Rei do Futebol&#8221;},&#8221;inactive&#8221;:false,&#8221;SEO&#8221;:{&#8220;seo_tags&#8221;:[]},&#8221;site_topper&#8221;:{},&#8221;is_grouping&#8221;:&#8221;true&#8221;,&#8221;_website&#8221;:&#8221;esportes&#8221;,&#8221;node_type&#8221;:&#8221;section&#8221;,&#8221;children&#8221;:[]},{&#8220;_id&#8221;:&#8221;\/futebol\/arqtricolor&#8221;,&#8221;website&#8221;:&#8221;esportes&#8221;,&#8221;name&#8221;:&#8221;Arqtricolor&#8221;,&#8221;navigation&#8221;:{&#8220;nav_title&#8221;:&#8221;Arqtricolor&#8221;},&#8221;parent&#8221;:{&#8220;default&#8221;:&#8221;https:\/\/esportes.r7.com\/futebol&#8221;,&#8221;header&#8221;:&#8221;https:\/\/esportes.r7.com\/futebol&#8221;},&#8221;_admin&#8221;:{&#8220;alias_ids&#8221;:[&#8220;\/futebol\/arqtricolor&#8221;]},&#8221;site&#8221;:{&#8220;site_description&#8221;:&#8221;&#8221;,&#8221;site_title&#8221;:&#8221;Arqtricolor&#8221;},&#8221;inactive&#8221;:false,&#8221;SEO&#8221;:{&#8220;seo_tags&#8221;:[]},&#8221;site_topper&#8221;:{},&#8221;is_grouping&#8221;:&#8221;false&#8221;,&#8221;_website&#8221;:&#8221;esportes&#8221;,&#8221;node_type&#8221;:&#8221;section&#8221;,&#8221;children&#8221;:[]},{&#8220;_id&#8221;:&#8221;\/futebol\/campeonato-brasileiro-serie-a&#8221;,&#8221;_website&#8221;:&#8221;esportes&#8221;,&#8221;name&#8221;:&#8221;Campeonato Brasileiro S\u00e9rie A&#8221;,&#8221;inactive&#8221;:false,&#8221;parent&#8221;:{&#8220;default&#8221;:&#8221;https:\/\/esportes.r7.com\/futebol&#8221;,&#8221;header&#8221;:&#8221;https:\/\/esportes.r7.com\/futebol&#8221;},&#8221;SEO&#8221;:{&#8220;og_image_id&#8221;:null,&#8221;seo_description&#8221;:&#8221;Confira resultados, pr\u00f3ximos jogos, tabela de classifica\u00e7\u00e3o completa, v\u00eddeos e as \u00faltimas not\u00edcias do Campeonato Brasileiro | 2026 | no R7 Esportes&#8221;,&#8221;seo_tags&#8221;:[&#8220;resultados&#8221;,&#8221;tabela&#8221;,&#8221;primeira divis\u00e3o&#8221;,&#8221;campeonato brasileiro&#8221;,&#8221;campeonato&#8221;,&#8221;brasileirao&#8221;,&#8221;serie a&#8221;,&#8221;futebol&#8221;,&#8221;r7&#8243;],&#8221;seo_title&#8221;:&#8221;Tabela, not\u00edcias e resultados | Brasileir\u00e3o | 2026 | R7&#8243;,&#8221;title_hotsite&#8221;:&#8221;Tabela, not\u00edcias e resultados | Brasileir\u00e3o | 2026 | R7&#8243;,&#8221;top_url&#8221;:&#8221;https:\/\/esportes.r7.com\/futebol\/campeonato-brasileiro-serie-a\/&#8221;,&#8221;url_og_image&#8221;:&#8221;https:\/\/cloudfront-us-east-1.images.arcpublishing.com\/newr7\/LWP66NYDU5GSVM3EXQGAGEKDBA.jpg&#8221;},&#8221;_admin&#8221;:{&#8220;alias_ids&#8221;:[&#8220;\/futebol\/campeonato-brasileiro-serie-a&#8221;]},&#8221;age_rating&#8221;:{&#8220;classificacao_etaria&#8221;:null},&#8221;age_rating_description&#8221;:{&#8220;atos_criminosos&#8221;:&#8221;false&#8221;,&#8221;conteudo_sexual&#8221;:&#8221;false&#8221;,&#8221;drogas&#8221;:&#8221;false&#8221;,&#8221;drogas_ilicitas&#8221;:&#8221;false&#8221;,&#8221;drogas_licitas&#8221;:&#8221;false&#8221;,&#8221;linguagem_impropria&#8221;:&#8221;false&#8221;,&#8221;medo&#8221;:&#8221;false&#8221;,&#8221;nudez&#8221;:&#8221;false&#8221;,&#8221;procedimentos_medicos&#8221;:&#8221;false&#8221;,&#8221;sexo_explicito&#8221;:&#8221;false&#8221;,&#8221;temas_sensiveis&#8221;:&#8221;false&#8221;,&#8221;violencia&#8221;:&#8221;false&#8221;,&#8221;violencia_extrema&#8221;:&#8221;false&#8221;,&#8221;violencia_fantasiosa&#8221;:&#8221;false&#8221;},&#8221;area_logada&#8221;:{&#8220;exclusive_content&#8221;:&#8221;false&#8221;},&#8221;campanha_branded&#8221;:{&#8220;ativar_logo_campanha&#8221;:&#8221;false&#8221;},&#8221;navigation&#8221;:{&#8220;menu_url&#8221;:null,&#8221;nav_title&#8221;:&#8221;Campeonato Brasileiro S\u00e9rie A&#8221;},&#8221;newsletter&#8221;:{&#8220;id&#8221;:&#8221;68484031b8b9d10001c4f8ba&#8221;},&#8221;publicidade&#8221;:{&#8220;disable_adv&#8221;:&#8221;false&#8221;,&#8221;disable_audima_adv&#8221;:&#8221;false&#8221;,&#8221;disable_taboola&#8221;:&#8221;false&#8221;,&#8221;hash&#8221;:&#8221;r7esportes\/futebol\/brasileirao&#8221;},&#8221;site&#8221;:{&#8220;coupon_categories&#8221;:&#8221;esportes&#8221;,&#8221;disable_refresh&#8221;:&#8221;4&#8243;,&#8221;enable_disclaimer&#8221;:&#8221;false&#8221;,&#8221;pagebuilder_path_for_native_apps&#8221;:null,&#8221;site_about&#8221;:&#8221;Tabela, not\u00edcias e resultados | Brasileir\u00e3o | 2026 | R7&#8243;,&#8221;site_description&#8221;:&#8221;Confira resultados, pr\u00f3ximos jogos, tabela de classifica\u00e7\u00e3o completa, v\u00eddeos e as \u00faltimas not\u00edciasdo Campeonato Brasileiro | 2026 | no R7 Esportes&#8221;,&#8221;site_keywords&#8221;:&#8221;brasileirao, campeonato brasileiro, seria A, primeira divis\u00e3o, futebol, esportes&#8221;,&#8221;site_tagline&#8221;:&#8221;Tabela, not\u00edcias e resultados | Brasileir\u00e3o | 2026 | R7&#8243;,&#8221;site_title&#8221;:&#8221;Tabela, not\u00edcias e resultados | Brasileir\u00e3o | 2026 | R7&#8243;,&#8221;site_url&#8221;:null},&#8221;site_topper&#8221;:{&#8220;section_header_image&#8221;:&#8221;https:\/\/cloudfront-us-east-1.images.arcpublishing.com\/newr7\/KSYV67D5GNA7ZMIKMZMLMGMROA.jpg&#8221;,&#8221;section_header_image_id&#8221;:null,&#8221;section_header_image_mobile&#8221;:&#8221;https:\/\/cloudfront-us-east-1.images.arcpublishing.com\/newr7\/2GUEV72PRNFRJGEETEEJHLRTMM.jpg&#8221;,&#8221;section_header_image_mobile_id&#8221;:null,&#8221;section_left_color_top&#8221;:&#8221;#1E0D6D&#8221;,&#8221;section_primary_color&#8221;:&#8221;#0E8148&#8243;,&#8221;section_right_color_top&#8221;:&#8221;#1E0D6D&#8221;,&#8221;site_logo_image&#8221;:null},&#8221;social&#8221;:{&#8220;bluesky&#8221;:null,&#8221;facebook&#8221;:null,&#8221;instagram&#8221;:null,&#8221;kwai&#8221;:null,&#8221;rss&#8221;:null,&#8221;threads&#8221;:null,&#8221;tiktok&#8221;:null,&#8221;twitter&#8221;:null,&#8221;whatsapp&#8221;:null,&#8221;youtube&#8221;:null},&#8221;ultimas&#8221;:{&#8220;tab_ultimas&#8221;:[]},&#8221;is_grouping&#8221;:&#8221;false&#8221;,&#8221;node_type&#8221;:&#8221;section&#8221;,&#8221;children&#8221;:[{&#8220;_id&#8221;:&#8221;\/futebol\/campeonato-brasileiro-serie-a\/tabela&#8221;,&#8221;_website&#8221;:&#8221;esportes&#8221;,&#8221;name&#8221;:&#8221;Tabela&#8221;,&#8221;inactive&#8221;:false,&#8221;ancestors&#8221;:{&#8220;default&#8221;:[&#8220;https:\/\/esportes.r7.com\/futebol&#8221;,&#8221;\/futebol\/campeonato-brasileiro-serie-a&#8221;]},&#8221;parent&#8221;:{&#8220;default&#8221;:&#8221;\/futebol\/campeonato-brasileiro-serie-a&#8221;},&#8221;SEO&#8221;:{&#8220;og_image_id&#8221;:null,&#8221;seo_description&#8221;:&#8221; Campeonato Brasileio S\u00e9rie A com tabela de classifica\u00e7\u00e3o atualizada \u00e9 no R7 Esportes! Confira os pr\u00f3ximos jogos, not\u00edcias e muito mais.&#8221;,&#8221;seo_tags&#8221;:[&#8220;brasileir\u00e3o s\u00e9rie A&#8221;,&#8221;s\u00e9rie A&#8221;,&#8221;jogos&#8221;,&#8221;classifica\u00e7\u00e3o&#8221;,&#8221;tabela&#8221;,&#8221;brasileir\u00e3o&#8221;,&#8221;rodadas&#8221;,&#8221;pontos corridos&#8221;,&#8221;futebol&#8221;,&#8221;r7&#8243;,&#8221;r7 esportes&#8221;,&#8221;campeonato brasileiro&#8221;],&#8221;seo_title&#8221;:&#8221;Tabela e jogos | Brasileiro S\u00e9rie A 2026 | R7 Esportes&#8221;,&#8221;title_hotsite&#8221;:&#8221;Tabela e jogos | Brasileiro S\u00e9rie A 2026 | R7 Esportes&#8221;,&#8221;top_url&#8221;:&#8221;https:\/\/esportes.r7.com\/futebol\/campeonato-brasileiro-serie-a\/&#8221;,&#8221;url_og_image&#8221;:null},&#8221;_admin&#8221;:{&#8220;alias_ids&#8221;:[]},&#8221;age_rating&#8221;:{&#8220;classificacao_etaria&#8221;:null},&#8221;age_rating_description&#8221;:{&#8220;atos_criminosos&#8221;:&#8221;false&#8221;,&#8221;conteudo_sexual&#8221;:&#8221;false&#8221;,&#8221;drogas&#8221;:&#8221;false&#8221;,&#8221;drogas_ilicitas&#8221;:&#8221;false&#8221;,&#8221;drogas_licitas&#8221;:&#8221;false&#8221;,&#8221;linguagem_impropria&#8221;:&#8221;false&#8221;,&#8221;medo&#8221;:&#8221;false&#8221;,&#8221;nudez&#8221;:&#8221;false&#8221;,&#8221;procedimentos_medicos&#8221;:&#8221;false&#8221;,&#8221;sexo_explicito&#8221;:&#8221;false&#8221;,&#8221;temas_sensiveis&#8221;:&#8221;false&#8221;,&#8221;violencia&#8221;:&#8221;false&#8221;,&#8221;violencia_extrema&#8221;:&#8221;false&#8221;,&#8221;violencia_fantasiosa&#8221;:&#8221;false&#8221;},&#8221;area_logada&#8221;:{&#8220;exclusive_content&#8221;:&#8221;false&#8221;},&#8221;campanha_branded&#8221;:{&#8220;ativar_logo_campanha&#8221;:&#8221;false&#8221;},&#8221;navigation&#8221;:{&#8220;menu_url&#8221;:&#8221;https:\/\/esportes.r7.com\/futebol\/campeonato-brasileiro-serie-a\/&#8221;,&#8221;nav_title&#8221;:&#8221;Tabela&#8221;},&#8221;publicidade&#8221;:{&#8220;disable_adv&#8221;:&#8221;false&#8221;,&#8221;disable_audima_adv&#8221;:&#8221;false&#8221;,&#8221;disable_taboola&#8221;:&#8221;false&#8221;,&#8221;hash&#8221;:&#8221;r7esportes\/futebol\/brasileirao\/tabela&#8221;},&#8221;site&#8221;:{&#8220;coupon_categories&#8221;:&#8221;departamentos&#8221;,&#8221;disable_refresh&#8221;:&#8221;4&#8243;,&#8221;enable_disclaimer&#8221;:&#8221;false&#8221;,&#8221;pagebuilder_path_for_native_apps&#8221;:null,&#8221;site_about&#8221;:&#8221;Tabela e jogos | Brasileiro S\u00e9rie A 2026 | R7 Esportes&#8221;,&#8221;site_description&#8221;:&#8221;Campeonato Brasileio S\u00e9rie A com tabela de classifica\u00e7\u00e3o atualizada \u00e9 no R7 Esportes! Confira os pr\u00f3ximos jogos, not\u00edcias e muito mais.&#8221;,&#8221;site_keywords&#8221;:&#8221;tabela, classifica\u00e7\u00e3o, rodadas, pontos corridos, brasileir\u00e3o, brasileir\u00e3o s\u00e9rie A, campeonato brasileiro, futebol, r7 esportes, r7&#8243;,&#8221;site_tagline&#8221;:&#8221;Tabela e jogos | Brasileiro S\u00e9rie A 2026 | R7 Esportes&#8221;,&#8221;site_title&#8221;:&#8221;Tabela e jogos | Brasileiro S\u00e9rie A 2026 | R7 Esportes&#8221;,&#8221;site_url&#8221;:null},&#8221;site_topper&#8221;:{&#8220;section_header_image&#8221;:null,&#8221;section_header_image_id&#8221;:null,&#8221;section_header_image_mobile&#8221;:null,&#8221;section_header_image_mobile_id&#8221;:null,&#8221;section_left_color_top&#8221;:null,&#8221;section_primary_color&#8221;:null,&#8221;section_right_color_top&#8221;:null,&#8221;site_logo_image&#8221;:null},&#8221;social&#8221;:{&#8220;bluesky&#8221;:null,&#8221;facebook&#8221;:null,&#8221;instagram&#8221;:null,&#8221;kwai&#8221;:null,&#8221;rss&#8221;:null,&#8221;threads&#8221;:null,&#8221;tiktok&#8221;:null,&#8221;twitter&#8221;:null,&#8221;whatsapp&#8221;:null,&#8221;youtube&#8221;:null},&#8221;ultimas&#8221;:{&#8220;tab_ultimas&#8221;:[]},&#8221;is_grouping&#8221;:&#8221;false&#8221;,&#8221;node_type&#8221;:&#8221;section&#8221;,&#8221;children&#8221;:[]},{&#8220;_id&#8221;:&#8221;\/futebol\/campeonato-brasileiro-serie-a\/ao-vivo&#8221;,&#8221;_website&#8221;:&#8221;esportes&#8221;,&#8221;name&#8221;:&#8221;Ao vivo&#8221;,&#8221;inactive&#8221;:false,&#8221;ancestors&#8221;:{&#8220;default&#8221;:[&#8220;https:\/\/esportes.r7.com\/futebol&#8221;,&#8221;\/futebol\/campeonato-brasileiro-serie-a&#8221;]},&#8221;parent&#8221;:{&#8220;default&#8221;:&#8221;\/futebol\/campeonato-brasileiro-serie-a&#8221;},&#8221;SEO&#8221;:{&#8220;og_image_id&#8221;:null,&#8221;seo_description&#8221;:&#8221;Assista Fluminense e Gr\u00eamio ao vivo e de gra\u00e7a! \u00c9 Quarta (28), \u00e0s 19h30 no Maracan\u00e3 pela 1\u00aa rodada da S\u00e9rie A do Brasileir\u00e3o 2026. Quem vencer\u00e1? Voc\u00ea vai descobrir, ao vivo, aqui no R7 e no RecordPlus, com pr\u00e9-jogo a partir das 18h30, sob o comando de Z\u00e9 Luiz e o time do Desimpedidos.&#8221;,&#8221;seo_tags&#8221;:[&#8220;primeira divis\u00e3o&#8221;,&#8221;serie A&#8221;,&#8221;campeonato brasileiro s\u00e9rie A&#8221;,&#8221;campeonato brasileiro&#8221;,&#8221;r7 esportes&#8221;,&#8221;gratis&#8221;,&#8221;assista&#8221;,&#8221;ao vivo com imagens&#8221;,&#8221;brasileirao&#8221;,&#8221;record ao vivo&#8221;,&#8221;brasileir\u00e3o&#8221;,&#8221;Rodada 1&#8243;],&#8221;seo_title&#8221;:&#8221;Fluminense x Gr\u00eamio | Lance a lance do Brasileir\u00e3o 2026 | R7 Esportes&#8221;,&#8221;title_hotsite&#8221;:&#8221;Fluminense x Gr\u00eamio | Lance a lance do Brasileir\u00e3o 2026 | R7 Esportes&#8221;,&#8221;top_url&#8221;:&#8221;https:\/\/esportes.r7.com\/futebol\/campeonato-brasileiro-serie-a\/&#8221;,&#8221;url_og_image&#8221;:null},&#8221;_admin&#8221;:{&#8220;alias_ids&#8221;:[]},&#8221;age_rating&#8221;:{&#8220;classificacao_etaria&#8221;:null},&#8221;age_rating_description&#8221;:{&#8220;atos_criminosos&#8221;:&#8221;false&#8221;,&#8221;conteudo_sexual&#8221;:&#8221;false&#8221;,&#8221;drogas&#8221;:&#8221;false&#8221;,&#8221;drogas_ilicitas&#8221;:&#8221;false&#8221;,&#8221;drogas_licitas&#8221;:&#8221;false&#8221;,&#8221;linguagem_impropria&#8221;:&#8221;false&#8221;,&#8221;medo&#8221;:&#8221;false&#8221;,&#8221;nudez&#8221;:&#8221;false&#8221;,&#8221;procedimentos_medicos&#8221;:&#8221;false&#8221;,&#8221;sexo_explicito&#8221;:&#8221;false&#8221;,&#8221;temas_sensiveis&#8221;:&#8221;false&#8221;,&#8221;violencia&#8221;:&#8221;false&#8221;,&#8221;violencia_extrema&#8221;:&#8221;false&#8221;,&#8221;violencia_fantasiosa&#8221;:&#8221;false&#8221;},&#8221;area_logada&#8221;:{&#8220;exclusive_content&#8221;:&#8221;true&#8221;},&#8221;campanha_branded&#8221;:{&#8220;ativar_logo_campanha&#8221;:&#8221;false&#8221;},&#8221;navigation&#8221;:{&#8220;menu_url&#8221;:null,&#8221;nav_title&#8221;:null},&#8221;publicidade&#8221;:{&#8220;disable_adv&#8221;:&#8221;false&#8221;,&#8221;disable_audima_adv&#8221;:&#8221;false&#8221;,&#8221;disable_taboola&#8221;:&#8221;false&#8221;,&#8221;hash&#8221;:&#8221;r7esportes\/futebol\/brasileirao\/aovivo&#8221;},&#8221;site&#8221;:{&#8220;coupon_categories&#8221;:&#8221;departamentos&#8221;,&#8221;disable_refresh&#8221;:&#8221;0&#8243;,&#8221;enable_disclaimer&#8221;:&#8221;false&#8221;,&#8221;pagebuilder_path_for_native_apps&#8221;:null,&#8221;site_about&#8221;:&#8221;Fluminense x Gr\u00eamio | Lance a lance do Brasileir\u00e3o 2026 | R7 Esportes&#8221;,&#8221;site_description&#8221;:&#8221;Assista Fluminense e Gr\u00eamio ao vivo e de gra\u00e7a! \u00c9 Quarta (28), \u00e0s 19h30 no Maracan\u00e3 pela 1\u00aa rodada da S\u00e9rie A do Brasileir\u00e3o 2026. Quem vencer\u00e1? Voc\u00ea vai descobrir, ao vivo, aqui no R7 e no RecordPlus, com pr\u00e9-jogo a partir das 18h30, sob o comando de Z\u00e9 Luiz e o time do Desimpedidos.&#8221;,&#8221;site_keywords&#8221;:&#8221;Fluminense, Gr\u00eamio, primeira rodada, brasileir\u00e3o, record ao vivo, brasileirao, ao vivo com imagens, assista, assista ao vivo, gr\u00e1tis, gratis, r7 esportes, campeonato brasileiro, campeonato brasileiro serie A, campeonato brasileiro s\u00e9rie A, s\u00e9rie A, serie A, primeira divis\u00e3o&#8221;,&#8221;site_tagline&#8221;:&#8221;Fluminense x Gr\u00eamio | Lance a lance do Brasileir\u00e3o 2026 | R7 Esportes&#8221;,&#8221;site_title&#8221;:&#8221;Fluminense x Gr\u00eamio | Lance a lance do Brasileir\u00e3o 2026 | R7 Esportes&#8221;,&#8221;site_url&#8221;:null},&#8221;site_topper&#8221;:{&#8220;section_header_image&#8221;:null,&#8221;section_header_image_id&#8221;:null,&#8221;section_header_image_mobile&#8221;:null,&#8221;section_header_image_mobile_id&#8221;:null,&#8221;section_left_color_top&#8221;:null,&#8221;section_primary_color&#8221;:null,&#8221;section_right_color_top&#8221;:null,&#8221;site_logo_image&#8221;:null},&#8221;social&#8221;:{&#8220;bluesky&#8221;:null,&#8221;facebook&#8221;:null,&#8221;instagram&#8221;:null,&#8221;kwai&#8221;:null,&#8221;rss&#8221;:null,&#8221;threads&#8221;:null,&#8221;tiktok&#8221;:null,&#8221;twitter&#8221;:null,&#8221;whatsapp&#8221;:null,&#8221;youtube&#8221;:null},&#8221;ultimas&#8221;:{&#8220;tab_ultimas&#8221;:[]},&#8221;is_grouping&#8221;:&#8221;false&#8221;,&#8221;node_type&#8221;:&#8221;section&#8221;,&#8221;children&#8221;:[]},{&#8220;_id&#8221;:&#8221;\/futebol\/campeonato-brasileiro-serie-a\/quizzes&#8221;,&#8221;_website&#8221;:&#8221;esportes&#8221;,&#8221;name&#8221;:&#8221;Quizzes&#8221;,&#8221;inactive&#8221;:false,&#8221;ancestors&#8221;:{&#8220;default&#8221;:[&#8220;https:\/\/esportes.r7.com\/futebol&#8221;,&#8221;\/futebol\/campeonato-brasileiro-serie-a&#8221;]},&#8221;parent&#8221;:{&#8220;default&#8221;:&#8221;\/futebol\/campeonato-brasileiro-serie-a&#8221;},&#8221;SEO&#8221;:{&#8220;og_image_id&#8221;:null,&#8221;seo_description&#8221;:null,&#8221;seo_tags&#8221;:[&#8220;quizzes&#8221;,&#8221;campeonato brasileiro&#8221;,&#8221;campeonato brasileiro s\u00e9rie A&#8221;,&#8221;futebol&#8221;,&#8221;esportes&#8221;],&#8221;seo_title&#8221;:&#8221;Quizzes &#8211; Campeonato Brasileiro S\u00e9rie A&#8221;,&#8221;title_hotsite&#8221;:null,&#8221;top_url&#8221;:&#8221;https:\/\/esportes.r7.com\/futebol\/campeonato-brasileiro-serie-a\/&#8221;,&#8221;url_og_image&#8221;:null},&#8221;_admin&#8221;:{&#8220;alias_ids&#8221;:[&#8220;\/campeonato-brasileiro-serie-a\/quizzes&#8221;]},&#8221;age_rating&#8221;:{&#8220;classificacao_etaria&#8221;:null},&#8221;age_rating_description&#8221;:{&#8220;atos_criminosos&#8221;:&#8221;false&#8221;,&#8221;conteudo_sexual&#8221;:&#8221;false&#8221;,&#8221;drogas&#8221;:&#8221;false&#8221;,&#8221;drogas_ilicitas&#8221;:&#8221;false&#8221;,&#8221;drogas_licitas&#8221;:&#8221;false&#8221;,&#8221;linguagem_impropria&#8221;:&#8221;false&#8221;,&#8221;medo&#8221;:&#8221;false&#8221;,&#8221;nudez&#8221;:&#8221;false&#8221;,&#8221;procedimentos_medicos&#8221;:&#8221;false&#8221;,&#8221;sexo_explicito&#8221;:&#8221;false&#8221;,&#8221;temas_sensiveis&#8221;:&#8221;false&#8221;,&#8221;violencia&#8221;:&#8221;false&#8221;,&#8221;violencia_extrema&#8221;:&#8221;false&#8221;,&#8221;violencia_fantasiosa&#8221;:&#8221;false&#8221;},&#8221;area_logada&#8221;:{&#8220;exclusive_content&#8221;:&#8221;true&#8221;},&#8221;navigation&#8221;:{&#8220;menu_url&#8221;:&#8221;https:\/\/esportes.r7.com\/futebol\/campeonato-brasileiro-serie-a\/quizzes\/&#8221;,&#8221;nav_title&#8221;:&#8221;Quizzes &#8211; Campeonato Brasileiro S\u00e9rie A&#8221;},&#8221;publicidade&#8221;:{&#8220;disable_adv&#8221;:&#8221;false&#8221;,&#8221;disable_audima_adv&#8221;:&#8221;false&#8221;,&#8221;disable_taboola&#8221;:&#8221;false&#8221;,&#8221;hash&#8221;:null},&#8221;site&#8221;:{&#8220;coupon_categories&#8221;:&#8221;departamentos&#8221;,&#8221;disable_refresh&#8221;:&#8221;4&#8243;,&#8221;enable_disclaimer&#8221;:&#8221;false&#8221;,&#8221;pagebuilder_path_for_native_apps&#8221;:null,&#8221;site_about&#8221;:null,&#8221;site_description&#8221;:null,&#8221;site_keywords&#8221;:null,&#8221;site_tagline&#8221;:null,&#8221;site_title&#8221;:&#8221;Quizzes &#8211; Campeonato Brasileiro S\u00e9rie A&#8221;,&#8221;site_url&#8221;:null},&#8221;site_topper&#8221;:{&#8220;section_header_image&#8221;:null,&#8221;section_header_image_id&#8221;:null,&#8221;section_header_image_mobile&#8221;:null,&#8221;section_header_image_mobile_id&#8221;:null,&#8221;section_left_color_top&#8221;:null,&#8221;section_primary_color&#8221;:null,&#8221;section_right_color_top&#8221;:null,&#8221;site_logo_image&#8221;:null},&#8221;social&#8221;:{&#8220;facebook&#8221;:null,&#8221;instagram&#8221;:null,&#8221;kwai&#8221;:null,&#8221;rss&#8221;:null,&#8221;twitter&#8221;:null},&#8221;ultimas&#8221;:{&#8220;tab_ultimas&#8221;:[]},&#8221;is_grouping&#8221;:&#8221;false&#8221;,&#8221;node_type&#8221;:&#8221;section&#8221;,&#8221;children&#8221;:[]},{&#8220;_id&#8221;:&#8221;\/futebol\/campeonato-brasileiro-serie-a\/lance-a-lance&#8221;,&#8221;_website&#8221;:&#8221;esportes&#8221;,&#8221;name&#8221;:&#8221;Lance a Lance&#8221;,&#8221;inactive&#8221;:false,&#8221;ancestors&#8221;:{&#8220;default&#8221;:[&#8220;https:\/\/esportes.r7.com\/futebol&#8221;,&#8221;\/futebol\/campeonato-brasileiro-serie-a&#8221;]},&#8221;parent&#8221;:{&#8220;default&#8221;:&#8221;\/futebol\/campeonato-brasileiro-serie-a&#8221;},&#8221;SEO&#8221;:{&#8220;og_image_id&#8221;:null,&#8221;seo_description&#8221;:&#8221;Brasileir\u00e3o S\u00e9rie A! Acompanhe todos os lances, resultados e not\u00edcias do campeonato no site da Record. N\u00e3o perca nenhum detalhe! Acesse j\u00e1 o R7!&#8221;,&#8221;seo_tags&#8221;:[&#8220;Brasileir\u00e3o&#8221;,&#8221;S\u00e9rie A&#8221;,&#8221;futebol&#8221;,&#8221;Record&#8221;,&#8221;R7&#8243;,&#8221;campeonato&#8221;],&#8221;seo_title&#8221;:&#8221;Confira: Brasileir\u00e3o S\u00e9rie A 2026 &#8211; Acompanhe Lance a Lance na Record!&#8221;,&#8221;title_hotsite&#8221;:&#8221;Lance a Lance | Campeonato Brasileiro S\u00e9rie A&#8221;,&#8221;top_url&#8221;:&#8221;https:\/\/esportes.r7.com\/&#8221;,&#8221;url_og_image&#8221;:&#8221;https:\/\/cloudfront-us-east-1.images.arcpublishing.com\/newr7\/GDKWKWHFWBGZHNSMLCZFBJDMZU.jpg&#8221;},&#8221;age_rating&#8221;:{&#8220;classificacao_etaria&#8221;:null},&#8221;age_rating_description&#8221;:{&#8220;atos_criminosos&#8221;:&#8221;false&#8221;,&#8221;conteudo_sexual&#8221;:&#8221;false&#8221;,&#8221;drogas&#8221;:&#8221;false&#8221;,&#8221;drogas_ilicitas&#8221;:&#8221;false&#8221;,&#8221;drogas_licitas&#8221;:&#8221;false&#8221;,&#8221;linguagem_impropria&#8221;:&#8221;false&#8221;,&#8221;medo&#8221;:&#8221;false&#8221;,&#8221;nudez&#8221;:&#8221;false&#8221;,&#8221;procedimentos_medicos&#8221;:&#8221;false&#8221;,&#8221;sexo_explicito&#8221;:&#8221;false&#8221;,&#8221;temas_sensiveis&#8221;:&#8221;false&#8221;,&#8221;violencia&#8221;:&#8221;false&#8221;,&#8221;violencia_extrema&#8221;:&#8221;false&#8221;,&#8221;violencia_fantasiosa&#8221;:&#8221;false&#8221;},&#8221;area_logada&#8221;:{&#8220;exclusive_content&#8221;:&#8221;false&#8221;},&#8221;navigation&#8221;:{&#8220;menu_url&#8221;:null,&#8221;nav_title&#8221;:&#8221;Lance a Lance &#8211; Campeonato Brasileiro S\u00e9rie A&#8221;},&#8221;newsletter&#8221;:{&#8220;id&#8221;:null},&#8221;publicidade&#8221;:{&#8220;disable_adv&#8221;:&#8221;false&#8221;,&#8221;disable_audima_adv&#8221;:&#8221;false&#8221;,&#8221;disable_taboola&#8221;:&#8221;false&#8221;,&#8221;hash&#8221;:&#8221;r7esportes\/futebol\/lance-a-lance\/campeonato-brasileiro-serie-a&#8221;},&#8221;site&#8221;:{&#8220;coupon_categories&#8221;:&#8221;departamentos&#8221;,&#8221;disable_refresh&#8221;:&#8221;4&#8243;,&#8221;enable_disclaimer&#8221;:&#8221;false&#8221;,&#8221;pagebuilder_path_for_native_apps&#8221;:null,&#8221;site_about&#8221;:null,&#8221;site_description&#8221;:null,&#8221;site_keywords&#8221;:null,&#8221;site_tagline&#8221;:null,&#8221;site_title&#8221;:&#8221;Lance a Lance &#8211; Campeonato Brasileiro S\u00e9rie A&#8221;,&#8221;site_url&#8221;:null},&#8221;site_topper&#8221;:{&#8220;section_header_image&#8221;:&#8221;https:\/\/cloudfront-us-east-1.images.arcpublishing.com\/newr7\/HNTNFYPARRCI3OOZRORDMIMUDA.jpg&#8221;,&#8221;section_header_image_id&#8221;:null,&#8221;section_header_image_mobile&#8221;:&#8221;https:\/\/cloudfront-us-east-1.images.arcpublishing.com\/newr7\/LXFOO54NDVEU7IE4YEM3ILFEIA.jpg&#8221;,&#8221;section_header_image_mobile_id&#8221;:null,&#8221;section_left_color_top&#8221;:&#8221;#0F713E&#8221;,&#8221;section_primary_color&#8221;:&#8221;#2B8047&#8243;,&#8221;section_right_color_top&#8221;:&#8221;#0F713E&#8221;,&#8221;site_logo_image&#8221;:null},&#8221;social&#8221;:{&#8220;facebook&#8221;:null,&#8221;instagram&#8221;:null,&#8221;kwai&#8221;:null,&#8221;rss&#8221;:null,&#8221;twitter&#8221;:null},&#8221;ultimas&#8221;:{&#8220;tab_ultimas&#8221;:[]},&#8221;is_grouping&#8221;:&#8221;false&#8221;,&#8221;node_type&#8221;:&#8221;section&#8221;,&#8221;children&#8221;:[]},{&#8220;_id&#8221;:&#8221;\/futebol\/campeonato-brasileiro-serie-a\/conteudo-digital&#8221;,&#8221;_website&#8221;:&#8221;esportes&#8221;,&#8221;name&#8221;:&#8221;Conte\u00fado Digital&#8221;,&#8221;inactive&#8221;:false,&#8221;ancestors&#8221;:{&#8220;default&#8221;:[&#8220;https:\/\/esportes.r7.com\/futebol&#8221;,&#8221;\/futebol\/campeonato-brasileiro-serie-a&#8221;]},&#8221;parent&#8221;:{&#8220;default&#8221;:&#8221;\/futebol\/campeonato-brasileiro-serie-a&#8221;},&#8221;SEO&#8221;:{&#8220;og_image_id&#8221;:null,&#8221;seo_description&#8221;:&#8221;R7 Esportes: Tudo sobre o Brasileir\u00e3o 2026! Resultados, tabela, v\u00eddeos e not\u00edcias em primeira m\u00e3o. Acompanhe agora e n\u00e3o perca nada!&#8221;,&#8221;seo_tags&#8221;:[&#8220;Brasileir\u00e3o&#8221;,&#8221;Brasileir\u00e3o2026&#8243;,&#8221;futebol&#8221;,&#8221;resultados&#8221;,&#8221;tabela&#8221;,&#8221;v\u00eddeos&#8221;],&#8221;seo_title&#8221;:&#8221;Conte\u00fado Digital &#8211; Confira Conte\u00fado Digital em Campeonato Brasileiro: R7 Esportes&#8230; &#8220;,&#8221;title_hotsite&#8221;:null,&#8221;top_url&#8221;:&#8221;https:\/\/esportes.r7.com\/futebol\/campeonato-brasileiro-serie-a\/&#8221;,&#8221;url_og_image&#8221;:null},&#8221;age_rating&#8221;:{&#8220;classificacao_etaria&#8221;:null},&#8221;age_rating_description&#8221;:{&#8220;atos_criminosos&#8221;:&#8221;false&#8221;,&#8221;conteudo_sexual&#8221;:&#8221;false&#8221;,&#8221;drogas&#8221;:&#8221;false&#8221;,&#8221;drogas_ilicitas&#8221;:&#8221;false&#8221;,&#8221;drogas_licitas&#8221;:&#8221;false&#8221;,&#8221;linguagem_impropria&#8221;:&#8221;false&#8221;,&#8221;medo&#8221;:&#8221;false&#8221;,&#8221;nudez&#8221;:&#8221;false&#8221;,&#8221;procedimentos_medicos&#8221;:&#8221;false&#8221;,&#8221;sexo_explicito&#8221;:&#8221;false&#8221;,&#8221;temas_sensiveis&#8221;:&#8221;false&#8221;,&#8221;violencia&#8221;:&#8221;false&#8221;,&#8221;violencia_extrema&#8221;:&#8221;false&#8221;,&#8221;violencia_fantasiosa&#8221;:&#8221;false&#8221;},&#8221;area_logada&#8221;:{&#8220;exclusive_content&#8221;:&#8221;false&#8221;},&#8221;navigation&#8221;:{&#8220;menu_url&#8221;:&#8221;https:\/\/esportes.r7.com\/futebol\/campeonato-brasileiro-serie-a\/conteudo-digital&#8221;,&#8221;nav_title&#8221;:&#8221;Conte\u00fado Digital&#8221;},&#8221;newsletter&#8221;:{&#8220;id&#8221;:null},&#8221;publicidade&#8221;:{&#8220;disable_adv&#8221;:&#8221;false&#8221;,&#8221;disable_audima_adv&#8221;:&#8221;false&#8221;,&#8221;disable_taboola&#8221;:&#8221;false&#8221;,&#8221;hash&#8221;:null},&#8221;site&#8221;:{&#8220;coupon_categories&#8221;:&#8221;departamentos&#8221;,&#8221;disable_refresh&#8221;:&#8221;4&#8243;,&#8221;enable_disclaimer&#8221;:&#8221;false&#8221;,&#8221;pagebuilder_path_for_native_apps&#8221;:null,&#8221;site_about&#8221;:null,&#8221;site_description&#8221;:null,&#8221;site_keywords&#8221;:null,&#8221;site_tagline&#8221;:null,&#8221;site_title&#8221;:null,&#8221;site_url&#8221;:null},&#8221;site_topper&#8221;:{&#8220;section_header_image&#8221;:null,&#8221;section_header_image_id&#8221;:null,&#8221;section_header_image_mobile&#8221;:null,&#8221;section_header_image_mobile_id&#8221;:null,&#8221;section_left_color_top&#8221;:null,&#8221;section_primary_color&#8221;:null,&#8221;section_right_color_top&#8221;:null,&#8221;site_logo_image&#8221;:null},&#8221;social&#8221;:{&#8220;facebook&#8221;:null,&#8221;instagram&#8221;:null,&#8221;kwai&#8221;:null,&#8221;rss&#8221;:null,&#8221;twitter&#8221;:null},&#8221;ultimas&#8221;:{&#8220;tab_ultimas&#8221;:[]},&#8221;is_grouping&#8221;:&#8221;false&#8221;,&#8221;node_type&#8221;:&#8221;section&#8221;,&#8221;children&#8221;:[{&#8220;_id&#8221;:&#8221;\/futebol\/campeonato-brasileiro-serie-a\/conteudo-digital\/pre-e-pos-jogo&#8221;,&#8221;_website&#8221;:&#8221;esportes&#8221;,&#8221;name&#8221;:&#8221;Pr\u00e9 e P\u00f3s-Jogo&#8221;,&#8221;inactive&#8221;:false,&#8221;ancestors&#8221;:{&#8220;default&#8221;:[&#8220;https:\/\/esportes.r7.com\/futebol&#8221;,&#8221;\/futebol\/campeonato-brasileiro-serie-a&#8221;,&#8221;\/futebol\/campeonato-brasileiro-serie-a\/conteudo-digital&#8221;]},&#8221;parent&#8221;:{&#8220;default&#8221;:&#8221;\/futebol\/campeonato-brasileiro-serie-a\/conteudo-digital&#8221;},&#8221;SEO&#8221;:{&#8220;og_image_id&#8221;:null,&#8221;seo_description&#8221;:&#8221;R7 Esportes: Pr\u00e9 e p\u00f3s-jogo do Brasileir\u00e3o 2026! Resultados, tabela, v\u00eddeos e not\u00edcias. Tudo sobre o campeonato. Acesse e fique por dentro!&#8221;,&#8221;seo_tags&#8221;:[&#8220;Brasileir\u00e3o&#8221;,&#8221;futebol&#8221;,&#8221;resultados&#8221;,&#8221; tabela&#8221;,&#8221;v\u00eddeos&#8221;,&#8221;not\u00edcias&#8221;],&#8221;seo_title&#8221;:&#8221;Confira Pr\u00e9 e P\u00f3s-Jogo em Campeonato Brasileiro&#8230;&#8221;,&#8221;title_hotsite&#8221;:null,&#8221;top_url&#8221;:&#8221;https:\/\/esportes.r7.com\/futebol\/campeonato-brasileiro-serie-a\/&#8221;,&#8221;url_og_image&#8221;:null},&#8221;age_rating&#8221;:{&#8220;classificacao_etaria&#8221;:null},&#8221;age_rating_description&#8221;:{&#8220;atos_criminosos&#8221;:&#8221;false&#8221;,&#8221;conteudo_sexual&#8221;:&#8221;false&#8221;,&#8221;drogas&#8221;:&#8221;false&#8221;,&#8221;drogas_ilicitas&#8221;:&#8221;false&#8221;,&#8221;drogas_licitas&#8221;:&#8221;false&#8221;,&#8221;linguagem_impropria&#8221;:&#8221;false&#8221;,&#8221;medo&#8221;:&#8221;false&#8221;,&#8221;nudez&#8221;:&#8221;false&#8221;,&#8221;procedimentos_medicos&#8221;:&#8221;false&#8221;,&#8221;sexo_explicito&#8221;:&#8221;false&#8221;,&#8221;temas_sensiveis&#8221;:&#8221;false&#8221;,&#8221;violencia&#8221;:&#8221;false&#8221;,&#8221;violencia_extrema&#8221;:&#8221;false&#8221;,&#8221;violencia_fantasiosa&#8221;:&#8221;false&#8221;},&#8221;area_logada&#8221;:{&#8220;exclusive_content&#8221;:&#8221;false&#8221;},&#8221;navigation&#8221;:{&#8220;menu_url&#8221;:&#8221;https:\/\/esportes.r7.com\/futebol\/campeonato-brasileiro-serie-a\/pre-e-pos-jogo&#8221;,&#8221;nav_title&#8221;:&#8221;Pr\u00e9 e P\u00f3s-Jogo&#8221;},&#8221;newsletter&#8221;:{&#8220;id&#8221;:null},&#8221;publicidade&#8221;:{&#8220;disable_adv&#8221;:&#8221;false&#8221;,&#8221;disable_audima_adv&#8221;:&#8221;false&#8221;,&#8221;disable_taboola&#8221;:&#8221;false&#8221;,&#8221;hash&#8221;:null},&#8221;site&#8221;:{&#8220;coupon_categories&#8221;:&#8221;departamentos&#8221;,&#8221;disable_refresh&#8221;:&#8221;4&#8243;,&#8221;enable_disclaimer&#8221;:&#8221;false&#8221;,&#8221;pagebuilder_path_for_native_apps&#8221;:null,&#8221;site_about&#8221;:null,&#8221;site_description&#8221;:null,&#8221;site_keywords&#8221;:null,&#8221;site_tagline&#8221;:null,&#8221;site_title&#8221;:null,&#8221;site_url&#8221;:null},&#8221;site_topper&#8221;:{&#8220;section_header_image&#8221;:null,&#8221;section_header_image_id&#8221;:null,&#8221;section_header_image_mobile&#8221;:null,&#8221;section_header_image_mobile_id&#8221;:null,&#8221;section_left_color_top&#8221;:null,&#8221;section_primary_color&#8221;:null,&#8221;section_right_color_top&#8221;:null,&#8221;site_logo_image&#8221;:null},&#8221;social&#8221;:{&#8220;facebook&#8221;:null,&#8221;instagram&#8221;:null,&#8221;kwai&#8221;:null,&#8221;rss&#8221;:null,&#8221;twitter&#8221;:null},&#8221;ultimas&#8221;:{&#8220;tab_ultimas&#8221;:[]},&#8221;is_grouping&#8221;:&#8221;false&#8221;,&#8221;node_type&#8221;:&#8221;section&#8221;,&#8221;children&#8221;:[]},{&#8220;_id&#8221;:&#8221;\/futebol\/campeonato-brasileiro-serie-a\/conteudo-digital\/melhores-momentos&#8221;,&#8221;_website&#8221;:&#8221;esportes&#8221;,&#8221;name&#8221;:&#8221;Melhores Momentos&#8221;,&#8221;inactive&#8221;:false,&#8221;ancestors&#8221;:{&#8220;default&#8221;:[&#8220;https:\/\/esportes.r7.com\/futebol&#8221;,&#8221;\/futebol\/campeonato-brasileiro-serie-a&#8221;,&#8221;\/futebol\/campeonato-brasileiro-serie-a\/conteudo-digital&#8221;]},&#8221;parent&#8221;:{&#8220;default&#8221;:&#8221;\/futebol\/campeonato-brasileiro-serie-a\/conteudo-digital&#8221;},&#8221;SEO&#8221;:{&#8220;og_image_id&#8221;:null,&#8221;seo_description&#8221;:&#8221;R7 Esportes: Os melhores momentos do Brasileir\u00e3o 2026 est\u00e3o aqui! Resultados, v\u00eddeos, not\u00edcias e a tabela completa. N\u00e3o perca nenhum lance! Acesse agora!&#8221;,&#8221;seo_tags&#8221;:[&#8220;Brasileir\u00e3o 2026&#8243;,&#8221;R7 Esportes&#8221;,&#8221;resultados&#8221;,&#8221;v\u00eddeos&#8221;,&#8221;not\u00edcias&#8221;,&#8221;tabela&#8221;],&#8221;seo_title&#8221;:&#8221;Confira Melhores Momentos em Campeonato Brasileiro no R7 Esportes&#8230;&#8221;,&#8221;title_hotsite&#8221;:null,&#8221;top_url&#8221;:&#8221;https:\/\/esportes.r7.com\/futebol\/campeonato-brasileiro-serie-a\/&#8221;,&#8221;url_og_image&#8221;:null},&#8221;age_rating&#8221;:{&#8220;classificacao_etaria&#8221;:null},&#8221;age_rating_description&#8221;:{&#8220;atos_criminosos&#8221;:&#8221;false&#8221;,&#8221;conteudo_sexual&#8221;:&#8221;false&#8221;,&#8221;drogas&#8221;:&#8221;false&#8221;,&#8221;drogas_ilicitas&#8221;:&#8221;false&#8221;,&#8221;drogas_licitas&#8221;:&#8221;false&#8221;,&#8221;linguagem_impropria&#8221;:&#8221;false&#8221;,&#8221;medo&#8221;:&#8221;false&#8221;,&#8221;nudez&#8221;:&#8221;false&#8221;,&#8221;procedimentos_medicos&#8221;:&#8221;false&#8221;,&#8221;sexo_explicito&#8221;:&#8221;false&#8221;,&#8221;temas_sensiveis&#8221;:&#8221;false&#8221;,&#8221;violencia&#8221;:&#8221;false&#8221;,&#8221;violencia_extrema&#8221;:&#8221;false&#8221;,&#8221;violencia_fantasiosa&#8221;:&#8221;false&#8221;},&#8221;area_logada&#8221;:{&#8220;exclusive_content&#8221;:&#8221;false&#8221;},&#8221;navigation&#8221;:{&#8220;menu_url&#8221;:&#8221;https:\/\/esportes.r7.com\/futebol\/campeonato-brasileiro-serie-a\/melhores-momentos&#8221;,&#8221;nav_title&#8221;:&#8221;Melhores Momentos&#8221;},&#8221;newsletter&#8221;:{&#8220;id&#8221;:null},&#8221;publicidade&#8221;:{&#8220;disable_adv&#8221;:&#8221;false&#8221;,&#8221;disable_audima_adv&#8221;:&#8221;false&#8221;,&#8221;disable_taboola&#8221;:&#8221;false&#8221;,&#8221;hash&#8221;:null},&#8221;site&#8221;:{&#8220;coupon_categories&#8221;:&#8221;departamentos&#8221;,&#8221;disable_refresh&#8221;:&#8221;4&#8243;,&#8221;enable_disclaimer&#8221;:&#8221;false&#8221;,&#8221;pagebuilder_path_for_native_apps&#8221;:null,&#8221;site_about&#8221;:null,&#8221;site_description&#8221;:null,&#8221;site_keywords&#8221;:null,&#8221;site_tagline&#8221;:null,&#8221;site_title&#8221;:null,&#8221;site_url&#8221;:null},&#8221;site_topper&#8221;:{&#8220;section_header_image&#8221;:null,&#8221;section_header_image_id&#8221;:null,&#8221;section_header_image_mobile&#8221;:null,&#8221;section_header_image_mobile_id&#8221;:null,&#8221;section_left_color_top&#8221;:null,&#8221;section_primary_color&#8221;:null,&#8221;section_right_color_top&#8221;:null,&#8221;site_logo_image&#8221;:null},&#8221;social&#8221;:{&#8220;facebook&#8221;:null,&#8221;instagram&#8221;:null,&#8221;kwai&#8221;:null,&#8221;rss&#8221;:null,&#8221;twitter&#8221;:null},&#8221;ultimas&#8221;:{&#8220;tab_ultimas&#8221;:[]},&#8221;is_grouping&#8221;:&#8221;false&#8221;,&#8221;node_type&#8221;:&#8221;section&#8221;,&#8221;children&#8221;:[]}]}]},{&#8220;_id&#8221;:&#8221;\/futebol\/campeonato-brasileiro-serie-b&#8221;,&#8221;_website&#8221;:&#8221;esportes&#8221;,&#8221;name&#8221;:&#8221;Campeonato Brasileiro S\u00e9rie B&#8221;,&#8221;inactive&#8221;:false,&#8221;parent&#8221;:{&#8220;default&#8221;:&#8221;https:\/\/esportes.r7.com\/futebol&#8221;,&#8221;header&#8221;:&#8221;https:\/\/esportes.r7.com\/futebol&#8221;},&#8221;SEO&#8221;:{&#8220;og_image_id&#8221;:&#8221;65577e9dcd77c0d31f00108e&#8221;,&#8221;seo_description&#8221;:&#8221;Confira resultados, pr\u00f3ximos jogos, tabela de classifica\u00e7\u00e3o completa, v\u00eddeos e as \u00faltimas not\u00edciasdo Campeonato Brasileiro S\u00e9rie B | 2026 | no R7 Esportes&#8221;,&#8221;seo_tags&#8221;:[&#8220;classifica\u00e7\u00e3o&#8221;,&#8221;tabela&#8221;,&#8221;resultados&#8221;,&#8221;futebol&#8221;,&#8221;segunda divis\u00e3o&#8221;,&#8221;Serie B&#8221;,&#8221;brasileirao serie B&#8221;,&#8221;campeonato brasileiro&#8221;],&#8221;seo_title&#8221;:&#8221;Tabela, not\u00edcias e resultados | Brasileir\u00e3o S\u00e9rie B | 2026 | R7&#8243;,&#8221;title_hotsite&#8221;:&#8221;Tabela, not\u00edcias e resultados | Brasileir\u00e3o S\u00e9rie B | 2026 | R7&#8243;,&#8221;top_url&#8221;:&#8221;https:\/\/esportes.r7.com\/campeonato-brasileiro-serie-b\/&#8221;,&#8221;url_og_image&#8221;:&#8221;https:\/\/img.r7.com\/images\/r7-esportes-17112023115422099&#8243;},&#8221;_admin&#8221;:{&#8220;alias_ids&#8221;:[&#8220;\/futebol\/campeonato-brasileiro-serie-b&#8221;]},&#8221;age_rating&#8221;:{&#8220;classificacao_etaria&#8221;:null},&#8221;age_rating_description&#8221;:{&#8220;atos_criminosos&#8221;:&#8221;false&#8221;,&#8221;conteudo_sexual&#8221;:&#8221;false&#8221;,&#8221;drogas&#8221;:&#8221;false&#8221;,&#8221;drogas_ilicitas&#8221;:&#8221;false&#8221;,&#8221;drogas_licitas&#8221;:&#8221;false&#8221;,&#8221;linguagem_impropria&#8221;:&#8221;false&#8221;,&#8221;medo&#8221;:&#8221;false&#8221;,&#8221;nudez&#8221;:&#8221;false&#8221;,&#8221;procedimentos_medicos&#8221;:&#8221;false&#8221;,&#8221;sexo_explicito&#8221;:&#8221;false&#8221;,&#8221;temas_sensiveis&#8221;:&#8221;false&#8221;,&#8221;violencia&#8221;:&#8221;false&#8221;,&#8221;violencia_extrema&#8221;:&#8221;false&#8221;,&#8221;violencia_fantasiosa&#8221;:&#8221;false&#8221;},&#8221;area_logada&#8221;:{&#8220;exclusive_content&#8221;:&#8221;false&#8221;},&#8221;campanha_branded&#8221;:{&#8220;ativar_logo_campanha&#8221;:&#8221;false&#8221;},&#8221;navigation&#8221;:{&#8220;menu_url&#8221;:null,&#8221;nav_title&#8221;:&#8221;Campeonato Brasileiro S\u00e9rie B&#8221;},&#8221;publicidade&#8221;:{&#8220;disable_adv&#8221;:&#8221;false&#8221;,&#8221;disable_audima_adv&#8221;:&#8221;false&#8221;,&#8221;disable_taboola&#8221;:&#8221;false&#8221;,&#8221;hash&#8221;:&#8221;r7esportes\/futebol\/brasileirao-serieB&#8221;},&#8221;site&#8221;:{&#8220;coupon_categories&#8221;:&#8221;esportes&#8221;,&#8221;disable_refresh&#8221;:&#8221;4&#8243;,&#8221;enable_disclaimer&#8221;:&#8221;false&#8221;,&#8221;pagebuilder_path_for_native_apps&#8221;:null,&#8221;site_about&#8221;:&#8221;Tabela, not\u00edcias e resultados | Brasileir\u00e3o S\u00e9rie B | 2026 | R7&#8243;,&#8221;site_description&#8221;:&#8221;Confira resultados, pr\u00f3ximos jogos, tabela de classifica\u00e7\u00e3o completa, v\u00eddeos e as \u00faltimas not\u00edciasdo Campeonato Brasileiro S\u00e9rie B | 2026 | no R7 Esportes&#8221;,&#8221;site_keywords&#8221;:&#8221;campeonato brasileiro, S\u00e9rie B, segunda divis\u00e3o, futebol, tabela, classifica\u00e7\u00e3o, resultados, brasileirao serie B&#8221;,&#8221;site_tagline&#8221;:&#8221;Tabela, not\u00edcias e resultados | Brasileir\u00e3o S\u00e9rie B | 2026 | R7&#8243;,&#8221;site_title&#8221;:&#8221;Tabela, not\u00edcias e resultados | Brasileir\u00e3o S\u00e9rie B | 2026 | R7&#8243;,&#8221;site_url&#8221;:null},&#8221;site_topper&#8221;:{&#8220;section_header_image&#8221;:&#8221;https:\/\/img.r7.com\/images\/r7-esportes-17112023115349934&#8243;,&#8221;section_header_image_id&#8221;:&#8221;65577e7d1df97b21c400040f&#8221;,&#8221;section_header_image_mobile&#8221;:&#8221;https:\/\/img.r7.com\/images\/r7-esportes-17112023115459066&#8243;,&#8221;section_header_image_mobile_id&#8221;:&#8221;65577ec2c012ad96f3000a4a&#8221;,&#8221;section_left_color_top&#8221;:&#8221;#2B8047&#8243;,&#8221;section_primary_color&#8221;:&#8221;#0E8148&#8243;,&#8221;section_right_color_top&#8221;:&#8221;#2B8047&#8243;,&#8221;site_logo_image&#8221;:null},&#8221;social&#8221;:{&#8220;facebook&#8221;:null,&#8221;instagram&#8221;:null,&#8221;kwai&#8221;:null,&#8221;rss&#8221;:null,&#8221;twitter&#8221;:null},&#8221;ultimas&#8221;:{&#8220;tab_ultimas&#8221;:[]},&#8221;is_grouping&#8221;:&#8221;false&#8221;,&#8221;node_type&#8221;:&#8221;section&#8221;,&#8221;children&#8221;:[{&#8220;_id&#8221;:&#8221;\/futebol\/campeonato-brasileiro-serie-b\/tabela&#8221;,&#8221;_website&#8221;:&#8221;esportes&#8221;,&#8221;name&#8221;:&#8221;Tabela&#8221;,&#8221;inactive&#8221;:false,&#8221;ancestors&#8221;:{&#8220;default&#8221;:[&#8220;https:\/\/esportes.r7.com\/futebol&#8221;,&#8221;\/futebol\/campeonato-brasileiro-serie-b&#8221;]},&#8221;parent&#8221;:{&#8220;default&#8221;:&#8221;\/futebol\/campeonato-brasileiro-serie-b&#8221;},&#8221;SEO&#8221;:{&#8220;og_image_id&#8221;:null,&#8221;seo_description&#8221;:&#8221;Campeonato Brasileio S\u00e9rie B com tabela de classifica\u00e7\u00e3o atualizada \u00e9 no R7 Esportes! Confira os pr\u00f3ximos jogos, not\u00edcias e muito mais.&#8221;,&#8221;seo_tags&#8221;:[&#8220;brasileir\u00e3o s\u00e9rie B&#8221;,&#8221;s\u00e9rie B&#8221;,&#8221;campeonato brasileiro&#8221;,&#8221;r7 esportes&#8221;,&#8221;r7&#8243;,&#8221;futebol&#8221;,&#8221;pontos corridos&#8221;,&#8221;rodadas&#8221;,&#8221;brasileir\u00e3o&#8221;,&#8221;tabela&#8221;,&#8221;classifica\u00e7\u00e3o&#8221;,&#8221;jogos&#8221;],&#8221;seo_title&#8221;:&#8221; Tabela e jogos | Brasileiro S\u00e9rie B 2026 | R7 Esportes&#8221;,&#8221;title_hotsite&#8221;:&#8221; Tabela e jogos | Brasileiro S\u00e9rie B 2026 | R7 Esportes&#8221;,&#8221;top_url&#8221;:&#8221;https:\/\/esportes.r7.com\/futebol\/campeonato-brasileiro-serie-b\/&#8221;,&#8221;url_og_image&#8221;:null},&#8221;_admin&#8221;:{&#8220;alias_ids&#8221;:[]},&#8221;age_rating&#8221;:{&#8220;classificacao_etaria&#8221;:null},&#8221;age_rating_description&#8221;:{&#8220;atos_criminosos&#8221;:&#8221;false&#8221;,&#8221;conteudo_sexual&#8221;:&#8221;false&#8221;,&#8221;drogas&#8221;:&#8221;false&#8221;,&#8221;drogas_ilicitas&#8221;:&#8221;false&#8221;,&#8221;drogas_licitas&#8221;:&#8221;false&#8221;,&#8221;linguagem_impropria&#8221;:&#8221;false&#8221;,&#8221;medo&#8221;:&#8221;false&#8221;,&#8221;nudez&#8221;:&#8221;false&#8221;,&#8221;procedimentos_medicos&#8221;:&#8221;false&#8221;,&#8221;sexo_explicito&#8221;:&#8221;false&#8221;,&#8221;temas_sensiveis&#8221;:&#8221;false&#8221;,&#8221;violencia&#8221;:&#8221;false&#8221;,&#8221;violencia_extrema&#8221;:&#8221;false&#8221;,&#8221;violencia_fantasiosa&#8221;:&#8221;false&#8221;},&#8221;area_logada&#8221;:{&#8220;exclusive_content&#8221;:&#8221;false&#8221;},&#8221;campanha_branded&#8221;:{&#8220;ativar_logo_campanha&#8221;:&#8221;false&#8221;},&#8221;navigation&#8221;:{&#8220;menu_url&#8221;:null,&#8221;nav_title&#8221;:null},&#8221;publicidade&#8221;:{&#8220;disable_adv&#8221;:&#8221;false&#8221;,&#8221;disable_audima_adv&#8221;:&#8221;false&#8221;,&#8221;disable_taboola&#8221;:&#8221;false&#8221;,&#8221;hash&#8221;:&#8221;r7esportes\/futebol\/brasileirao-serieB\/tabela&#8221;},&#8221;site&#8221;:{&#8220;coupon_categories&#8221;:&#8221;departamentos&#8221;,&#8221;disable_refresh&#8221;:&#8221;4&#8243;,&#8221;enable_disclaimer&#8221;:&#8221;false&#8221;,&#8221;pagebuilder_path_for_native_apps&#8221;:null,&#8221;site_about&#8221;:&#8221; Tabela e jogos | Brasileiro S\u00e9rie B 2026 | R7 Esportes&#8221;,&#8221;site_description&#8221;:&#8221;Campeonato Brasileio S\u00e9rie B com tabela de classifica\u00e7\u00e3o atualizada \u00e9 no R7 Esportes! Confira os pr\u00f3ximos jogos, not\u00edcias e muito mais.&#8221;,&#8221;site_keywords&#8221;:&#8221;tabela, classifica\u00e7\u00e3o, rodadas, pontos corridos, brasileir\u00e3o, brasileir\u00e3o s\u00e9rie B, campeonato brasileiro, futebol, r7 esportes, r7&#8243;,&#8221;site_tagline&#8221;:&#8221; Tabela e jogos | Brasileiro S\u00e9rie B 2026 | R7 Esportes&#8221;,&#8221;site_title&#8221;:&#8221; Tabela e jogos | Brasileiro S\u00e9rie B 2026 | R7 Esportes&#8221;,&#8221;site_url&#8221;:null},&#8221;site_topper&#8221;:{&#8220;section_header_image&#8221;:null,&#8221;section_header_image_id&#8221;:null,&#8221;section_header_image_mobile&#8221;:null,&#8221;section_header_image_mobile_id&#8221;:null,&#8221;section_left_color_top&#8221;:null,&#8221;section_primary_color&#8221;:null,&#8221;section_right_color_top&#8221;:null,&#8221;site_logo_image&#8221;:null},&#8221;social&#8221;:{&#8220;bluesky&#8221;:null,&#8221;facebook&#8221;:null,&#8221;instagram&#8221;:null,&#8221;kwai&#8221;:null,&#8221;rss&#8221;:null,&#8221;threads&#8221;:null,&#8221;tiktok&#8221;:null,&#8221;twitter&#8221;:null,&#8221;whatsapp&#8221;:null,&#8221;youtube&#8221;:null},&#8221;ultimas&#8221;:{&#8220;tab_ultimas&#8221;:[]},&#8221;is_grouping&#8221;:&#8221;false&#8221;,&#8221;node_type&#8221;:&#8221;section&#8221;,&#8221;children&#8221;:[]}]},{&#8220;_id&#8221;:&#8221;\/futebol\/campeonato-carioca&#8221;,&#8221;_website&#8221;:&#8221;esportes&#8221;,&#8221;name&#8221;:&#8221;Campeonato Carioca&#8221;,&#8221;inactive&#8221;:false,&#8221;parent&#8221;:{&#8220;default&#8221;:&#8221;https:\/\/esportes.r7.com\/futebol&#8221;,&#8221;header&#8221;:&#8221;https:\/\/esportes.r7.com\/futebol&#8221;},&#8221;SEO&#8221;:{&#8220;og_image_id&#8221;:&#8221;65577e9dcd77c0d31f00108e&#8221;,&#8221;seo_description&#8221;:&#8221;Confira resultados, pr\u00f3ximos jogos, tabela de classifica\u00e7\u00e3o completa, v\u00eddeos e as \u00faltimas not\u00edciasdo Campeonato Carioca | 2025 | no R7 Esportes&#8221;,&#8221;seo_tags&#8221;:[&#8220;carioca&#8221;,&#8221;classifica\u00e7\u00e3o&#8221;,&#8221;tabela&#8221;,&#8221;resultados&#8221;,&#8221;campeonato carioca&#8221;,&#8221;campeonato&#8221;,&#8221;rio de janeiro&#8221;,&#8221;rj&#8221;,&#8221;futebol&#8221;,&#8221;r7&#8243;],&#8221;seo_title&#8221;:&#8221;Tabela, not\u00edcias e resultados | Carioc\u00e3o | 2025 | R7&#8243;,&#8221;title_hotsite&#8221;:&#8221;Tabela, not\u00edcias e resultados | Carioc\u00e3o | 2025 | R7&#8243;,&#8221;top_url&#8221;:&#8221;https:\/\/esportes.r7.com\/&#8221;,&#8221;url_og_image&#8221;:&#8221;https:\/\/img.r7.com\/images\/r7-esportes-17112023115422099&#8243;},&#8221;_admin&#8221;:{&#8220;alias_ids&#8221;:[&#8220;\/futebol\/campeonato-carioca&#8221;]},&#8221;age_rating&#8221;:{&#8220;classificacao_etaria&#8221;:null},&#8221;age_rating_description&#8221;:{&#8220;atos_criminosos&#8221;:&#8221;false&#8221;,&#8221;conteudo_sexual&#8221;:&#8221;false&#8221;,&#8221;drogas&#8221;:&#8221;false&#8221;,&#8221;drogas_ilicitas&#8221;:&#8221;false&#8221;,&#8221;drogas_licitas&#8221;:&#8221;false&#8221;,&#8221;linguagem_impropria&#8221;:&#8221;false&#8221;,&#8221;medo&#8221;:&#8221;false&#8221;,&#8221;nudez&#8221;:&#8221;false&#8221;,&#8221;procedimentos_medicos&#8221;:&#8221;false&#8221;,&#8221;sexo_explicito&#8221;:&#8221;false&#8221;,&#8221;temas_sensiveis&#8221;:&#8221;false&#8221;,&#8221;violencia&#8221;:&#8221;false&#8221;,&#8221;violencia_extrema&#8221;:&#8221;false&#8221;,&#8221;violencia_fantasiosa&#8221;:&#8221;false&#8221;},&#8221;area_logada&#8221;:{&#8220;exclusive_content&#8221;:&#8221;false&#8221;},&#8221;assets&#8221;:{&#8220;cda_ad_player&#8221;:null},&#8221;campanha_branded&#8221;:{&#8220;ativar_background_campanha&#8221;:&#8221;false&#8221;,&#8221;ativar_fonte_campanha&#8221;:&#8221;false&#8221;,&#8221;ativar_logo_campanha&#8221;:&#8221;false&#8221;},&#8221;navigation&#8221;:{&#8220;menu_url&#8221;:null,&#8221;nav_title&#8221;:&#8221;Campeonato Carioca&#8221;},&#8221;newsletter&#8221;:{&#8220;id&#8221;:null},&#8221;publicidade&#8221;:{&#8220;disable_adv&#8221;:&#8221;false&#8221;,&#8221;disable_audima_adv&#8221;:&#8221;false&#8221;,&#8221;disable_taboola&#8221;:&#8221;false&#8221;,&#8221;hash&#8221;:null},&#8221;site&#8221;:{&#8220;coupon_categories&#8221;:&#8221;departamentos&#8221;,&#8221;disable_refresh&#8221;:&#8221;4&#8243;,&#8221;enable_disclaimer&#8221;:&#8221;false&#8221;,&#8221;pagebuilder_path_for_native_apps&#8221;:null,&#8221;site_about&#8221;:&#8221;Tabela, not\u00edcias e resultados | Carioc\u00e3o | 2025 | R7&#8243;,&#8221;site_description&#8221;:&#8221;Confira resultados, pr\u00f3ximos jogos, tabela de classifica\u00e7\u00e3o completa, v\u00eddeos e as \u00faltimas not\u00edciasdo Campeonato Carioca | 2025 | no R7 Esportes&#8221;,&#8221;site_keywords&#8221;:&#8221;campeonato carioca, futebol, cariocao, resultados, classifica\u00e7\u00e3o, resultados, tabela&#8221;,&#8221;site_tagline&#8221;:&#8221;Tabela, not\u00edcias e resultados | Carioc\u00e3o | 2025 | R7&#8243;,&#8221;site_title&#8221;:&#8221;Tabela, not\u00edcias e resultados | Carioc\u00e3o | 2025 | R7&#8243;,&#8221;site_url&#8221;:null},&#8221;site_topper&#8221;:{&#8220;section_header_image&#8221;:&#8221;https:\/\/img.r7.com\/images\/r7-esportes-17112023115349934&#8243;,&#8221;section_header_image_id&#8221;:&#8221;65577e7d1df97b21c400040f&#8221;,&#8221;section_header_image_mobile&#8221;:&#8221;https:\/\/img.r7.com\/images\/r7-esportes-17112023115459066&#8243;,&#8221;section_header_image_mobile_id&#8221;:&#8221;65577ec2c012ad96f3000a4a&#8221;,&#8221;section_left_color_top&#8221;:&#8221;#2B8047&#8243;,&#8221;section_primary_color&#8221;:&#8221;#0E8148&#8243;,&#8221;section_right_color_top&#8221;:&#8221;#2B8047&#8243;,&#8221;site_logo_image&#8221;:null},&#8221;social&#8221;:{&#8220;bluesky&#8221;:null,&#8221;facebook&#8221;:null,&#8221;instagram&#8221;:null,&#8221;kwai&#8221;:null,&#8221;rss&#8221;:null,&#8221;threads&#8221;:null,&#8221;tiktok&#8221;:null,&#8221;twitter&#8221;:null,&#8221;whatsapp&#8221;:null,&#8221;youtube&#8221;:null},&#8221;ultimas&#8221;:{&#8220;tab_ultimas&#8221;:[]},&#8221;is_grouping&#8221;:&#8221;false&#8221;,&#8221;node_type&#8221;:&#8221;section&#8221;,&#8221;children&#8221;:[{&#8220;_id&#8221;:&#8221;\/futebol\/campeonato-carioca\/ao-vivo&#8221;,&#8221;website&#8221;:&#8221;esportes&#8221;,&#8221;name&#8221;:&#8221;Ao vivo&#8221;,&#8221;navigation&#8221;:{&#8220;nav_title&#8221;:&#8221;Ao vivo&#8221;},&#8221;parent&#8221;:{&#8220;default&#8221;:&#8221;\/futebol\/campeonato-carioca&#8221;,&#8221;header&#8221;:&#8221;\/futebol\/campeonato-carioca&#8221;},&#8221;_admin&#8221;:{&#8220;alias_ids&#8221;:[&#8220;\/futebol\/campeonato-carioca\/ao-vivo&#8221;]},&#8221;site&#8221;:{&#8220;site_description&#8221;:&#8221;&#8221;,&#8221;site_title&#8221;:&#8221;Ao vivo&#8221;},&#8221;inactive&#8221;:false,&#8221;SEO&#8221;:{&#8220;seo_tags&#8221;:[&#8220;campeonato carioca de futebol&#8221;,&#8221;campeonato&#8221;,&#8221;rio de janeiro&#8221;,&#8221;rj&#8221;,&#8221;futebol&#8221;,&#8221;r7&#8243;],&#8221;seo_title&#8221;:&#8221;Campeonato Carioca de Futebol \u2013 Jogos, resultados e mais \u2013 R7&#8243;,&#8221;seo_description&#8221;:&#8221;Acompanhe o Campeonato Carioca de Futebol no Portal R7. Saiba tudo sobre os jogos, melhores momentos, resultados, tabela e muito mais.&#8221;,&#8221;title_hotsite&#8221;:&#8221;R7 Esportes NO REFRESH&#8221;,&#8221;top_url&#8221;:&#8221;https:\/\/esportes.r7.com\/&#8221;,&#8221;url_og_image&#8221;:&#8221;https:\/\/img.r7.com\/images\/r7-esportes-17112023115422099&#8243;,&#8221;og_image_id&#8221;:&#8221;65577e9dcd77c0d31f00108e&#8221;},&#8221;site_topper&#8221;:{&#8220;section_header_image&#8221;:&#8221;https:\/\/img.r7.com\/images\/r7-esportes-17112023115349934&#8243;,&#8221;section_header_image_id&#8221;:&#8221;65577e7d1df97b21c400040f&#8221;,&#8221;section_left_color_top&#8221;:&#8221;#2B8047&#8243;,&#8221;section_right_color_top&#8221;:&#8221;#2B8047&#8243;,&#8221;section_primary_color&#8221;:&#8221;#0E8148&#8243;,&#8221;section_header_image_mobile_id&#8221;:&#8221;65577ec2c012ad96f3000a4a&#8221;,&#8221;section_header_image_mobile&#8221;:&#8221;https:\/\/img.r7.com\/images\/r7-esportes-17112023115459066&#8243;},&#8221;is_grouping&#8221;:&#8221;false&#8221;,&#8221;_website&#8221;:&#8221;esportes&#8221;,&#8221;node_type&#8221;:&#8221;section&#8221;,&#8221;children&#8221;:[]},{&#8220;_id&#8221;:&#8221;\/futebol\/campeonato-carioca\/tabela&#8221;,&#8221;_website&#8221;:&#8221;esportes&#8221;,&#8221;name&#8221;:&#8221;Tabela&#8221;,&#8221;inactive&#8221;:false,&#8221;ancestors&#8221;:{&#8220;default&#8221;:[&#8220;https:\/\/esportes.r7.com\/futebol&#8221;,&#8221;\/futebol\/campeonato-carioca&#8221;]},&#8221;parent&#8221;:{&#8220;default&#8221;:&#8221;\/futebol\/campeonato-carioca&#8221;},&#8221;SEO&#8221;:{&#8220;og_image_id&#8221;:null,&#8221;seo_description&#8221;:&#8221;Campeonato Carioca com tabela de classifica\u00e7\u00e3o atualizada \u00e9 no R7 Esportes! Confira os pr\u00f3ximos jogos, not\u00edcias e muito mais.&#8221;,&#8221;seo_tags&#8221;:[&#8220;tabela&#8221;,&#8221;classifica\u00e7\u00e3o&#8221;,&#8221;portal r7&#8243;,&#8221;r7 esportes&#8221;,&#8221;campeonato carioca&#8221;,&#8221;esportes&#8221;,&#8221;futebol&#8221;,&#8221;carioca&#8221;],&#8221;seo_title&#8221;:&#8221;Tabela e jogos | Carioca 2025| R7 Esportes&#8221;,&#8221;title_hotsite&#8221;:&#8221;Tabela e jogos | Carioca 2025| R7 Esportes&#8221;,&#8221;top_url&#8221;:&#8221;https:\/\/esportes.r7.com\/futebol\/campeonato-carioca\/&#8221;,&#8221;url_og_image&#8221;:null},&#8221;age_rating&#8221;:{&#8220;classificacao_etaria&#8221;:null},&#8221;age_rating_description&#8221;:{&#8220;atos_criminosos&#8221;:&#8221;false&#8221;,&#8221;conteudo_sexual&#8221;:&#8221;false&#8221;,&#8221;drogas&#8221;:&#8221;false&#8221;,&#8221;drogas_ilicitas&#8221;:&#8221;false&#8221;,&#8221;drogas_licitas&#8221;:&#8221;false&#8221;,&#8221;linguagem_impropria&#8221;:&#8221;false&#8221;,&#8221;medo&#8221;:&#8221;false&#8221;,&#8221;nudez&#8221;:&#8221;false&#8221;,&#8221;procedimentos_medicos&#8221;:&#8221;false&#8221;,&#8221;sexo_explicito&#8221;:&#8221;false&#8221;,&#8221;temas_sensiveis&#8221;:&#8221;false&#8221;,&#8221;violencia&#8221;:&#8221;false&#8221;,&#8221;violencia_extrema&#8221;:&#8221;false&#8221;,&#8221;violencia_fantasiosa&#8221;:&#8221;false&#8221;},&#8221;area_logada&#8221;:{&#8220;exclusive_content&#8221;:&#8221;false&#8221;},&#8221;navigation&#8221;:{&#8220;menu_url&#8221;:null,&#8221;nav_title&#8221;:null},&#8221;newsletter&#8221;:{&#8220;id&#8221;:null},&#8221;publicidade&#8221;:{&#8220;disable_adv&#8221;:&#8221;false&#8221;,&#8221;disable_audima_adv&#8221;:&#8221;false&#8221;,&#8221;disable_taboola&#8221;:&#8221;false&#8221;,&#8221;hash&#8221;:null},&#8221;site&#8221;:{&#8220;coupon_categories&#8221;:&#8221;departamentos&#8221;,&#8221;disable_refresh&#8221;:&#8221;4&#8243;,&#8221;enable_disclaimer&#8221;:&#8221;false&#8221;,&#8221;pagebuilder_path_for_native_apps&#8221;:null,&#8221;site_about&#8221;:&#8221;Tabela e jogos | Carioca 2025| R7 Esportes&#8221;,&#8221;site_description&#8221;:&#8221;Campeonato Carioca com tabela de classifica\u00e7\u00e3o atualizada \u00e9 no R7 Esportes! Confira os pr\u00f3ximos jogos, not\u00edcias e muito mais.&#8221;,&#8221;site_keywords&#8221;:&#8221;carioca, tabela, classifica\u00e7\u00e3o, futebol, esportes, campeonato carioca, r7 esportes, portal r7&#8243;,&#8221;site_tagline&#8221;:&#8221;Tabela e jogos | Carioca 2025| R7 Esportes&#8221;,&#8221;site_title&#8221;:&#8221;Tabela e jogos | Carioca 2025| R7 Esportes&#8221;,&#8221;site_url&#8221;:null},&#8221;site_topper&#8221;:{&#8220;section_header_image&#8221;:null,&#8221;section_header_image_id&#8221;:null,&#8221;section_header_image_mobile&#8221;:null,&#8221;section_header_image_mobile_id&#8221;:null,&#8221;section_left_color_top&#8221;:null,&#8221;section_primary_color&#8221;:null,&#8221;section_right_color_top&#8221;:null,&#8221;site_logo_image&#8221;:null},&#8221;social&#8221;:{&#8220;facebook&#8221;:null,&#8221;instagram&#8221;:null,&#8221;kwai&#8221;:null,&#8221;rss&#8221;:null,&#8221;twitter&#8221;:null},&#8221;ultimas&#8221;:{&#8220;tab_ultimas&#8221;:[]},&#8221;is_grouping&#8221;:&#8221;false&#8221;,&#8221;node_type&#8221;:&#8221;section&#8221;,&#8221;children&#8221;:[]}]},{&#8220;_id&#8221;:&#8221;\/futebol\/campeonato-mineiro-2014&#8243;,&#8221;website&#8221;:&#8221;esportes&#8221;,&#8221;name&#8221;:&#8221;Campeonato Mineiro 2014&#8243;,&#8221;navigation&#8221;:{&#8220;nav_title&#8221;:&#8221;Campeonato Mineiro 2014&#8243;},&#8221;parent&#8221;:{&#8220;default&#8221;:&#8221;https:\/\/esportes.r7.com\/futebol&#8221;,&#8221;header&#8221;:&#8221;https:\/\/esportes.r7.com\/futebol&#8221;},&#8221;_admin&#8221;:{&#8220;alias_ids&#8221;:[&#8220;\/futebol\/campeonato-mineiro-2014&#8243;]},&#8221;site&#8221;:{&#8220;site_description&#8221;:&#8221;&#8221;,&#8221;site_title&#8221;:&#8221;Campeonato Mineiro 2014&#8243;},&#8221;inactive&#8221;:false,&#8221;SEO&#8221;:{&#8220;seo_tags&#8221;:[]},&#8221;site_topper&#8221;:{},&#8221;is_grouping&#8221;:&#8221;false&#8221;,&#8221;_website&#8221;:&#8221;esportes&#8221;,&#8221;node_type&#8221;:&#8221;section&#8221;,&#8221;children&#8221;:[]},{&#8220;_id&#8221;:&#8221;\/futebol\/campeonato-paulista&#8221;,&#8221;_website&#8221;:&#8221;esportes&#8221;,&#8221;name&#8221;:&#8221;Campeonato Paulista&#8221;,&#8221;inactive&#8221;:false,&#8221;parent&#8221;:{&#8220;default&#8221;:&#8221;https:\/\/esportes.r7.com\/futebol&#8221;,&#8221;header&#8221;:&#8221;https:\/\/esportes.r7.com\/futebol&#8221;},&#8221;SEO&#8221;:{&#8220;og_image_id&#8221;:null,&#8221;seo_description&#8221;:&#8221;R7 no Paulist\u00e3o 2026! Acompanhe resultados, tabela, v\u00eddeos e not\u00edcias. Fique por dentro de tudo sobre o campeonato. Clique e n\u00e3o perca nada!&#8221;,&#8221;seo_tags&#8221;:[&#8220;Paulist\u00e3o 2026&#8243;,&#8221;R7&#8243;,&#8221;resultados&#8221;,&#8221;tabela&#8221;,&#8221;v\u00eddeos&#8221;,&#8221;not\u00edcias&#8221;],&#8221;seo_title&#8221;:&#8221;Campeonato Paulista 2026: Resultados, Tabela e Not\u00edcias &#8211; R7&#8243;,&#8221;title_hotsite&#8221;:&#8221;Tabela, not\u00edcias e resultados | Paulist\u00e3o 2026 | R7&#8243;,&#8221;top_url&#8221;:&#8221;https:\/\/esportes.r7.com\/futebol\/campeonato-paulista&#8221;,&#8221;url_og_image&#8221;:&#8221;https:\/\/cloudfront-us-east-1.images.arcpublishing.com\/newr7\/Y37TNQU2DZHX5DVF4LPHIOYWOM.jpg&#8221;},&#8221;_admin&#8221;:{&#8220;alias_ids&#8221;:[&#8220;\/futebol\/campeonato-paulista&#8221;]},&#8221;age_rating&#8221;:{&#8220;classificacao_etaria&#8221;:null},&#8221;age_rating_description&#8221;:{&#8220;atos_criminosos&#8221;:&#8221;false&#8221;,&#8221;conteudo_sexual&#8221;:&#8221;false&#8221;,&#8221;drogas&#8221;:&#8221;false&#8221;,&#8221;drogas_ilicitas&#8221;:&#8221;false&#8221;,&#8221;drogas_licitas&#8221;:&#8221;false&#8221;,&#8221;linguagem_impropria&#8221;:&#8221;false&#8221;,&#8221;medo&#8221;:&#8221;false&#8221;,&#8221;nudez&#8221;:&#8221;false&#8221;,&#8221;procedimentos_medicos&#8221;:&#8221;false&#8221;,&#8221;sexo_explicito&#8221;:&#8221;false&#8221;,&#8221;temas_sensiveis&#8221;:&#8221;false&#8221;,&#8221;violencia&#8221;:&#8221;false&#8221;,&#8221;violencia_extrema&#8221;:&#8221;false&#8221;,&#8221;violencia_fantasiosa&#8221;:&#8221;false&#8221;},&#8221;navigation&#8221;:{&#8220;menu_url&#8221;:null,&#8221;nav_title&#8221;:&#8221;Campeonato Paulista&#8221;},&#8221;newsletter&#8221;:{&#8220;id&#8221;:&#8221;68484031b8b9d10001c4f8ba&#8221;},&#8221;publicidade&#8221;:{&#8220;disable_adv&#8221;:&#8221;false&#8221;,&#8221;disable_audima_adv&#8221;:&#8221;false&#8221;,&#8221;disable_taboola&#8221;:&#8221;false&#8221;,&#8221;hash&#8221;:&#8221;r7esportes\/futebol\/campeonato-paulista&#8221;},&#8221;site&#8221;:{&#8220;coupon_categories&#8221;:&#8221;departamentos&#8221;,&#8221;disable_refresh&#8221;:&#8221;4&#8243;,&#8221;enable_disclaimer&#8221;:&#8221;false&#8221;,&#8221;pagebuilder_path_for_native_apps&#8221;:null,&#8221;site_about&#8221;:&#8221;Tabela, not\u00edcias e resultados | Paulist\u00e3o 2026 | R7&#8243;,&#8221;site_description&#8221;:&#8221;Confira resultados, pr\u00f3ximos jogos, tabela de classifica\u00e7\u00e3o completa, v\u00eddeos e as \u00faltimas not\u00edciasdo Campeonato Paulista | 2026 | no R7 Esportes&#8221;,&#8221;site_keywords&#8221;:&#8221;paulistao, campeonato paulista, A1, s\u00e9rie A1, futebol, calssifica\u00e7\u00e3o, tabela, resultados&#8221;,&#8221;site_tagline&#8221;:&#8221;Tabela, not\u00edcias e resultados | Paulist\u00e3o 2026 | R7&#8243;,&#8221;site_title&#8221;:&#8221;Tabela, not\u00edcias e resultados | Paulist\u00e3o 2026 | R7&#8243;,&#8221;site_url&#8221;:null},&#8221;site_topper&#8221;:{&#8220;section_header_image&#8221;:&#8221;https:\/\/cloudfront-us-east-1.images.arcpublishing.com\/newr7\/R2R26HBBQBHK3OVFMYX2S3DIYQ.jpg&#8221;,&#8221;section_header_image_id&#8221;:null,&#8221;section_header_image_mobile&#8221;:&#8221;https:\/\/cloudfront-us-east-1.images.arcpublishing.com\/newr7\/RWGAWPJ4RVETVAMIUHLEFG46J4.jpg&#8221;,&#8221;section_header_image_mobile_id&#8221;:null,&#8221;section_left_color_top&#8221;:&#8221;#010080&#8243;,&#8221;section_primary_color&#8221;:&#8221;#0E8148&#8243;,&#8221;section_right_color_top&#8221;:&#8221;#010080&#8243;,&#8221;site_logo_image&#8221;:null},&#8221;social&#8221;:{&#8220;facebook&#8221;:null,&#8221;instagram&#8221;:null,&#8221;rss&#8221;:null,&#8221;twitter&#8221;:null},&#8221;is_grouping&#8221;:&#8221;false&#8221;,&#8221;node_type&#8221;:&#8221;section&#8221;,&#8221;children&#8221;:[{&#8220;_id&#8221;:&#8221;\/futebol\/campeonato-paulista\/ao-vivo&#8221;,&#8221;_website&#8221;:&#8221;esportes&#8221;,&#8221;name&#8221;:&#8221;Ao vivo&#8221;,&#8221;inactive&#8221;:false,&#8221;parent&#8221;:{&#8220;default&#8221;:&#8221;\/futebol\/campeonato-paulista&#8221;,&#8221;header&#8221;:&#8221;\/futebol\/campeonato-paulista&#8221;},&#8221;SEO&#8221;:{&#8220;og_image_id&#8221;:null,&#8221;seo_description&#8221;:&#8221;Paulist\u00e3o 2026 no R7! Resultados, tabela atualizada, v\u00eddeos e not\u00edcias do Paulist\u00e3o. Tudo sobre o campeonato aqui. Acesse e fique por dentro!&#8221;,&#8221;seo_tags&#8221;:[&#8220;Paulist\u00e3o&#8221;,&#8221;Paulist\u00e3o 2026&#8243;,&#8221;R7&#8243;,&#8221;resultados&#8221;,&#8221;tabela&#8221;,&#8221;v\u00eddeos&#8221;],&#8221;seo_title&#8221;:&#8221;Confira: Paulist\u00e3o 2026 Ao Vivo: Resultados, Tabela e Not\u00edcias!&#8221;,&#8221;title_hotsite&#8221;:&#8221;Botafogo x Palmeiras | Ao vivo com imagens Paulist\u00e3o 2026 | Record e R7 Esportes&#8221;,&#8221;top_url&#8221;:&#8221;https:\/\/esportes.r7.com\/futebol\/campeonato-paulista\/&#8221;,&#8221;url_og_image&#8221;:null},&#8221;_admin&#8221;:{&#8220;alias_ids&#8221;:[&#8220;\/futebol\/campeonato-paulista\/ao-vivo&#8221;]},&#8221;age_rating&#8221;:{&#8220;classificacao_etaria&#8221;:null},&#8221;age_rating_description&#8221;:{&#8220;atos_criminosos&#8221;:&#8221;false&#8221;,&#8221;conteudo_sexual&#8221;:&#8221;false&#8221;,&#8221;drogas&#8221;:&#8221;false&#8221;,&#8221;drogas_ilicitas&#8221;:&#8221;false&#8221;,&#8221;drogas_licitas&#8221;:&#8221;false&#8221;,&#8221;linguagem_impropria&#8221;:&#8221;false&#8221;,&#8221;medo&#8221;:&#8221;false&#8221;,&#8221;nudez&#8221;:&#8221;false&#8221;,&#8221;procedimentos_medicos&#8221;:&#8221;false&#8221;,&#8221;sexo_explicito&#8221;:&#8221;false&#8221;,&#8221;temas_sensiveis&#8221;:&#8221;false&#8221;,&#8221;violencia&#8221;:&#8221;false&#8221;,&#8221;violencia_extrema&#8221;:&#8221;false&#8221;,&#8221;violencia_fantasiosa&#8221;:&#8221;false&#8221;},&#8221;area_logada&#8221;:{&#8220;exclusive_content&#8221;:&#8221;true&#8221;},&#8221;navigation&#8221;:{&#8220;menu_url&#8221;:null,&#8221;nav_title&#8221;:&#8221;Ao vivo&#8221;},&#8221;publicidade&#8221;:{&#8220;disable_adv&#8221;:&#8221;false&#8221;,&#8221;disable_audima_adv&#8221;:&#8221;false&#8221;,&#8221;disable_taboola&#8221;:&#8221;false&#8221;,&#8221;hash&#8221;:&#8221;r7esportes\/futebol\/campeonato-paulista&#8221;},&#8221;site&#8221;:{&#8220;coupon_categories&#8221;:&#8221;departamentos&#8221;,&#8221;disable_refresh&#8221;:&#8221;4&#8243;,&#8221;enable_disclaimer&#8221;:&#8221;false&#8221;,&#8221;pagebuilder_path_for_native_apps&#8221;:null,&#8221;site_about&#8221;:&#8221;Botafogo x Palmeiras | Ao vivo com imagens Paulist\u00e3o 2026 | Record e R7 Esportes&#8221;,&#8221;site_description&#8221;:&#8221;Assista Botafogo e Palmeiras ao vivo e de gra\u00e7a! \u00c9 Domingo (1), \u00e0s 20h30 pela 6\u00aa Rodada do Paulist\u00e3o 2026. Quem vencer\u00e1? Voc\u00ea vai descobrir, ao vivo, aqui no R7 pela Record e no RecordPlus, com pr\u00e9-jogo com time Desimpedidos a partir das 19h30.&#8221;,&#8221;site_keywords&#8221;:&#8221;Botafogo, Palmeiras, primeira rodada, paulist\u00e3o, campeonato paulista, record ao vivo, paulist\u00e3o A1, ao vivo com imagens, assista, assista ao vivo, gr\u00e1tis, gratis, r7 esportes, record&#8221;,&#8221;site_tagline&#8221;:&#8221;Botafogo x Palmeiras | Ao vivo com imagens Paulist\u00e3o 2026 | Record e R7 Esportes&#8221;,&#8221;site_title&#8221;:&#8221;Botafogo x Palmeiras | Ao vivo com imagens Paulist\u00e3o 2026 | Record e R7 Esportes&#8221;,&#8221;site_url&#8221;:null},&#8221;site_topper&#8221;:{&#8220;section_header_image&#8221;:null,&#8221;section_header_image_id&#8221;:null,&#8221;section_header_image_mobile&#8221;:null,&#8221;section_header_image_mobile_id&#8221;:null,&#8221;section_left_color_top&#8221;:null,&#8221;section_primary_color&#8221;:null,&#8221;section_right_color_top&#8221;:null,&#8221;site_logo_image&#8221;:null},&#8221;social&#8221;:{&#8220;facebook&#8221;:null,&#8221;instagram&#8221;:null,&#8221;kwai&#8221;:null,&#8221;rss&#8221;:null,&#8221;twitter&#8221;:null},&#8221;ultimas&#8221;:{&#8220;tab_ultimas&#8221;:[]},&#8221;is_grouping&#8221;:&#8221;false&#8221;,&#8221;node_type&#8221;:&#8221;section&#8221;,&#8221;children&#8221;:[]},{&#8220;_id&#8221;:&#8221;\/futebol\/campeonato-paulista\/conteudo-digital&#8221;,&#8221;_website&#8221;:&#8221;esportes&#8221;,&#8221;name&#8221;:&#8221;Conte\u00fado Digital&#8221;,&#8221;inactive&#8221;:false,&#8221;parent&#8221;:{&#8220;default&#8221;:&#8221;\/futebol\/campeonato-paulista&#8221;,&#8221;header&#8221;:&#8221;\/futebol\/campeonato-paulista&#8221;},&#8221;SEO&#8221;:{&#8220;og_image_id&#8221;:&#8221;65aacfae19d224984c001491&#8243;,&#8221;seo_description&#8221;:&#8221;Paulist\u00e3o 2026 no R7! Resultados, tabela atualizada, v\u00eddeos e not\u00edcias de bastidores. Fique por dentro de tudo que rola no campeonato. Acesse e n\u00e3o perca!&#8221;,&#8221;seo_tags&#8221;:[&#8220;Paulist\u00e3o 2026&#8243;,&#8221;resultados&#8221;,&#8221;tabela&#8221;,&#8221;v\u00eddeos&#8221;,&#8221;not\u00edcias&#8221;,&#8221;R7&#8243;],&#8221;seo_title&#8221;:&#8221;Confira tudo do Campeonato Paulista 2026: Resultados, Tabela e Not\u00edcias!&#8221;,&#8221;title_hotsite&#8221;:&#8221;Campeonato Paulista&#8221;,&#8221;top_url&#8221;:&#8221;https:\/\/esportes.r7.com\/futebol\/campeonato-paulista&#8221;,&#8221;url_og_image&#8221;:null},&#8221;_admin&#8221;:{&#8220;alias_ids&#8221;:[&#8220;\/futebol\/campeonato-paulista\/conteudo-digital&#8221;]},&#8221;navigation&#8221;:{&#8220;nav_title&#8221;:&#8221;Conte\u00fado Digital&#8221;},&#8221;site&#8221;:{&#8220;site_description&#8221;:null,&#8221;site_title&#8221;:&#8221;Conte\u00fado Digital&#8221;},&#8221;site_topper&#8221;:{&#8220;section_header_image&#8221;:null,&#8221;section_header_image_id&#8221;:null,&#8221;section_header_image_mobile&#8221;:null,&#8221;section_header_image_mobile_id&#8221;:&#8221;65aacfc843527fad920016e2&#8243;,&#8221;section_left_color_top&#8221;:null,&#8221;section_primary_color&#8221;:null,&#8221;section_right_color_top&#8221;:null},&#8221;is_grouping&#8221;:&#8221;false&#8221;,&#8221;node_type&#8221;:&#8221;section&#8221;,&#8221;children&#8221;:[{&#8220;_id&#8221;:&#8221;\/futebol\/campeonato-paulista\/conteudo-digital\/confira-comigo-no-replay&#8221;,&#8221;_website&#8221;:&#8221;esportes&#8221;,&#8221;name&#8221;:&#8221;Confira Comigo no Replay&#8221;,&#8221;inactive&#8221;:false,&#8221;parent&#8221;:{&#8220;default&#8221;:&#8221;\/futebol\/campeonato-paulista\/conteudo-digital&#8221;,&#8221;header&#8221;:&#8221;\/futebol\/campeonato-paulista\/conteudo-digital&#8221;},&#8221;SEO&#8221;:{&#8220;og_image_id&#8221;:&#8221;65aacfae19d224984c001491&#8243;,&#8221;seo_description&#8221;:&#8221;Ficou na d\u00favida daquele lance? No Comigo no Replay voc\u00ea confere os melhores lances e at\u00e9 mesmo aqueles mais pol\u00eamicos dos jogos do Paulist\u00e3o.&#8221;,&#8221;seo_tags&#8221;:[&#8220;campeonato paulista&#8221;,&#8221;campeonato paulista de futebol&#8221;,&#8221;paulist\u00e3o&#8221;,&#8221;not\u00edcias&#8221;,&#8221;futebol&#8221;,&#8221;comigo no replay&#8221;,&#8221;r7&#8243;,&#8221;r7 esporte&#8221;],&#8221;seo_title&#8221;:&#8221;Campeonato Paulista de Futebol: Comigo no Replay &#8211; R7&#8243;,&#8221;title_hotsite&#8221;:&#8221;Campeonato Paulista&#8221;,&#8221;top_url&#8221;:&#8221;https:\/\/esportes.r7.com\/futebol\/campeonato-paulista&#8221;,&#8221;url_og_image&#8221;:null},&#8221;_admin&#8221;:{&#8220;alias_ids&#8221;:[&#8220;\/futebol\/campeonato-paulista\/conteudo-digital\/confira-comigo-no-replay&#8221;]},&#8221;navigation&#8221;:{&#8220;nav_title&#8221;:&#8221;Confira Comigo no Replay&#8221;},&#8221;site&#8221;:{&#8220;site_description&#8221;:null,&#8221;site_title&#8221;:&#8221;Confira Comigo no Replay&#8221;},&#8221;site_topper&#8221;:{&#8220;section_header_image&#8221;:null,&#8221;section_header_image_id&#8221;:&#8221;65aacf9819d224984c001486&#8243;,&#8221;section_header_image_mobile&#8221;:null,&#8221;section_header_image_mobile_id&#8221;:&#8221;65aacfc843527fad920016e2&#8243;,&#8221;section_left_color_top&#8221;:null,&#8221;section_primary_color&#8221;:null,&#8221;section_right_color_top&#8221;:null},&#8221;is_grouping&#8221;:&#8221;false&#8221;,&#8221;node_type&#8221;:&#8221;section&#8221;,&#8221;children&#8221;:[]},{&#8220;_id&#8221;:&#8221;\/futebol\/campeonato-paulista\/conteudo-digital\/joga-nas-11&#8243;,&#8221;_website&#8221;:&#8221;esportes&#8221;,&#8221;name&#8221;:&#8221;Joga nas 11&#8243;,&#8221;inactive&#8221;:false,&#8221;parent&#8221;:{&#8220;default&#8221;:&#8221;\/futebol\/campeonato-paulista\/conteudo-digital&#8221;,&#8221;header&#8221;:&#8221;\/futebol\/campeonato-paulista\/conteudo-digital&#8221;},&#8221;SEO&#8221;:{&#8220;og_image_id&#8221;:null,&#8221;seo_description&#8221;:&#8221;Joga nas 11 com : tudo sobre o Paulist\u00e3o 2026! Resultados, tabela, v\u00eddeos e not\u00edcias. Fique por dentro e n\u00e3o perca nada!&#8221;,&#8221;seo_tags&#8221;:[&#8220;Paulist\u00e3o 2026&#8243;,&#8221;resultados&#8221;,&#8221;tabela&#8221;,&#8221;v\u00eddeos&#8221;,&#8221;not\u00edcias&#8221;,&#8221;blogueiro&#8221;],&#8221;seo_title&#8221;:&#8221;Confira tudo sobre o Campeonato Paulista 2026 no Joga nas 11!&#8221;,&#8221;title_hotsite&#8221;:&#8221;Campeonato Paulista &#8211; NO REFRESH&#8221;,&#8221;top_url&#8221;:&#8221;https:\/\/esportes.r7.com\/futebol\/campeonato-paulista&#8221;,&#8221;url_og_image&#8221;:&#8221;https:\/\/img.r7.com\/images\/joga-nas-11-og-08022025123930759&#8243;},&#8221;_admin&#8221;:{&#8220;alias_ids&#8221;:[&#8220;\/futebol\/campeonato-paulista\/conteudo-digital\/joga-nas-11&#8243;]},&#8221;age_rating&#8221;:{&#8220;classificacao_etaria&#8221;:null},&#8221;age_rating_description&#8221;:{&#8220;atos_criminosos&#8221;:&#8221;false&#8221;,&#8221;conteudo_sexual&#8221;:&#8221;false&#8221;,&#8221;drogas&#8221;:&#8221;false&#8221;,&#8221;drogas_ilicitas&#8221;:&#8221;false&#8221;,&#8221;drogas_licitas&#8221;:&#8221;false&#8221;,&#8221;linguagem_impropria&#8221;:&#8221;false&#8221;,&#8221;medo&#8221;:&#8221;false&#8221;,&#8221;nudez&#8221;:&#8221;false&#8221;,&#8221;procedimentos_medicos&#8221;:&#8221;false&#8221;,&#8221;sexo_explicito&#8221;:&#8221;false&#8221;,&#8221;temas_sensiveis&#8221;:&#8221;false&#8221;,&#8221;violencia&#8221;:&#8221;false&#8221;,&#8221;violencia_extrema&#8221;:&#8221;false&#8221;,&#8221;violencia_fantasiosa&#8221;:&#8221;false&#8221;},&#8221;area_logada&#8221;:{&#8220;exclusive_content&#8221;:&#8221;false&#8221;},&#8221;navigation&#8221;:{&#8220;menu_url&#8221;:null,&#8221;nav_title&#8221;:&#8221;Joga nas 11&#8243;},&#8221;newsletter&#8221;:{&#8220;id&#8221;:&#8221;68484031b8b9d10001c4f8ba&#8221;},&#8221;publicidade&#8221;:{&#8220;disable_adv&#8221;:&#8221;false&#8221;,&#8221;disable_audima_adv&#8221;:&#8221;false&#8221;,&#8221;disable_taboola&#8221;:&#8221;false&#8221;,&#8221;hash&#8221;:null},&#8221;site&#8221;:{&#8220;coupon_categories&#8221;:&#8221;departamentos&#8221;,&#8221;disable_refresh&#8221;:&#8221;4&#8243;,&#8221;enable_disclaimer&#8221;:&#8221;false&#8221;,&#8221;pagebuilder_path_for_native_apps&#8221;:null,&#8221;site_about&#8221;:null,&#8221;site_description&#8221;:null,&#8221;site_keywords&#8221;:null,&#8221;site_tagline&#8221;:null,&#8221;site_title&#8221;:&#8221;Joga nas 11&#8243;,&#8221;site_url&#8221;:null},&#8221;site_topper&#8221;:{&#8220;section_header_image&#8221;:&#8221;https:\/\/img.r7.com\/images\/joga-nas-11-dt-08022025123929255&#8243;,&#8221;section_header_image_id&#8221;:null,&#8221;section_header_image_mobile&#8221;:&#8221;https:\/\/img.r7.com\/images\/joga-nas-11-mb-08022025123930981&#8243;,&#8221;section_header_image_mobile_id&#8221;:null,&#8221;section_left_color_top&#8221;:&#8221;#0E0862&#8243;,&#8221;section_primary_color&#8221;:&#8221;#0E8148&#8243;,&#8221;section_right_color_top&#8221;:&#8221;#0E0862&#8243;,&#8221;site_logo_image&#8221;:null},&#8221;social&#8221;:{&#8220;facebook&#8221;:&#8221;https:\/\/www.facebook.com\/R7Esporte\/&#8221;,&#8221;instagram&#8221;:&#8221;https:\/\/www.instagram.com\/r7esportes\/&#8221;,&#8221;rss&#8221;:null,&#8221;twitter&#8221;:&#8221;https:\/\/x.com\/r7esportes&#8221;},&#8221;is_grouping&#8221;:&#8221;false&#8221;,&#8221;node_type&#8221;:&#8221;section&#8221;,&#8221;children&#8221;:[]},{&#8220;_id&#8221;:&#8221;\/futebol\/campeonato-paulista\/conteudo-digital\/melhores-momentos&#8221;,&#8221;_website&#8221;:&#8221;esportes&#8221;,&#8221;name&#8221;:&#8221;Melhores Momentos&#8221;,&#8221;inactive&#8221;:false,&#8221;parent&#8221;:{&#8220;default&#8221;:&#8221;\/futebol\/campeonato-paulista\/conteudo-digital&#8221;,&#8221;header&#8221;:&#8221;\/futebol\/campeonato-paulista\/conteudo-digital&#8221;},&#8221;SEO&#8221;:{&#8220;og_image_id&#8221;:&#8221;65aacfae19d224984c001491&#8243;,&#8221;seo_description&#8221;:&#8221;Quer ficar por dentro dos melhores momentos do Campeonato Paulista de Futebol? Acesse o Portal R7 e veja os lances marcantes dos jogos do Paulist\u00e3o!&#8221;,&#8221;seo_tags&#8221;:[&#8220;campeonato paulista&#8221;,&#8221;campeonato paulista de futebol&#8221;,&#8221;paulist\u00e3o&#8221;,&#8221;not\u00edcias&#8221;,&#8221;futebol&#8221;,&#8221;melhores momentos&#8221;,&#8221;r7&#8243;,&#8221;r7 esporte&#8221;],&#8221;seo_title&#8221;:&#8221;Campeonato Paulista de Futebol: Melhores Momentos &#8211; R7&#8243;,&#8221;title_hotsite&#8221;:&#8221;Campeonato Paulista &#8211; NO REFRESH&#8221;,&#8221;top_url&#8221;:&#8221;https:\/\/esportes.r7.com\/futebol\/campeonato-paulista&#8221;,&#8221;url_og_image&#8221;:null},&#8221;_admin&#8221;:{&#8220;alias_ids&#8221;:[&#8220;\/futebol\/campeonato-paulista\/conteudo-digital\/melhores-momentos&#8221;]},&#8221;navigation&#8221;:{&#8220;nav_title&#8221;:&#8221;Melhores Momentos&#8221;},&#8221;site&#8221;:{&#8220;site_description&#8221;:null,&#8221;site_title&#8221;:&#8221;Melhores Momentos&#8221;},&#8221;site_topper&#8221;:{&#8220;section_header_image&#8221;:null,&#8221;section_header_image_id&#8221;:null,&#8221;section_header_image_mobile&#8221;:null,&#8221;section_header_image_mobile_id&#8221;:null,&#8221;section_left_color_top&#8221;:null,&#8221;section_primary_color&#8221;:null,&#8221;section_right_color_top&#8221;:null},&#8221;is_grouping&#8221;:&#8221;false&#8221;,&#8221;node_type&#8221;:&#8221;section&#8221;,&#8221;children&#8221;:[]},{&#8220;_id&#8221;:&#8221;\/futebol\/campeonato-paulista\/conteudo-digital\/momentos-pitorescos&#8221;,&#8221;_website&#8221;:&#8221;esportes&#8221;,&#8221;name&#8221;:&#8221;Momentos Pitorescos&#8221;,&#8221;inactive&#8221;:false,&#8221;parent&#8221;:{&#8220;default&#8221;:&#8221;\/futebol\/campeonato-paulista\/conteudo-digital&#8221;,&#8221;header&#8221;:&#8221;\/futebol\/campeonato-paulista\/conteudo-digital&#8221;},&#8221;SEO&#8221;:{&#8220;og_image_id&#8221;:&#8221;65aacfae19d224984c001491&#8243;,&#8221;seo_description&#8221;:&#8221;Confira os momentos pitorescos do Campeonato Paulista de Futebol no Portal R7. Acompanhe as novidades e curiosidades do Paulist\u00e3o.&#8221;,&#8221;seo_tags&#8221;:[&#8220;campeonato paulista&#8221;,&#8221;campeonato paulista de futebol&#8221;,&#8221;paulist\u00e3o&#8221;,&#8221;not\u00edcias&#8221;,&#8221;futebol&#8221;,&#8221;momentos pitorescos&#8221;,&#8221;r7&#8243;,&#8221;r7 esporte&#8221;],&#8221;seo_title&#8221;:&#8221;Campeonato Paulista de Futebol: Momentos Pitorescos &#8211; R7&#8243;,&#8221;title_hotsite&#8221;:&#8221;Campeonato Paulista&#8221;,&#8221;top_url&#8221;:&#8221;https:\/\/esportes.r7.com\/futebol\/campeonato-paulista&#8221;,&#8221;url_og_image&#8221;:null},&#8221;_admin&#8221;:{&#8220;alias_ids&#8221;:[&#8220;\/futebol\/campeonato-paulista\/conteudo-digital\/momentos-pitorescos&#8221;]},&#8221;navigation&#8221;:{&#8220;nav_title&#8221;:&#8221;Momentos Pitorescos&#8221;},&#8221;site&#8221;:{&#8220;site_description&#8221;:null,&#8221;site_title&#8221;:&#8221;Momentos Pitorescos&#8221;},&#8221;site_topper&#8221;:{&#8220;section_header_image&#8221;:null,&#8221;section_header_image_id&#8221;:null,&#8221;section_header_image_mobile&#8221;:null,&#8221;section_header_image_mobile_id&#8221;:null,&#8221;section_left_color_top&#8221;:null,&#8221;section_primary_color&#8221;:null,&#8221;section_right_color_top&#8221;:null},&#8221;is_grouping&#8221;:&#8221;false&#8221;,&#8221;node_type&#8221;:&#8221;section&#8221;,&#8221;children&#8221;:[]},{&#8220;_id&#8221;:&#8221;\/futebol\/campeonato-paulista\/conteudo-digital\/narracao-exclusiva&#8221;,&#8221;_website&#8221;:&#8221;esportes&#8221;,&#8221;name&#8221;:&#8221;Narra\u00e7\u00e3o Exclusiva&#8221;,&#8221;inactive&#8221;:false,&#8221;parent&#8221;:{&#8220;default&#8221;:&#8221;\/futebol\/campeonato-paulista\/conteudo-digital&#8221;,&#8221;header&#8221;:&#8221;\/futebol\/campeonato-paulista\/conteudo-digital&#8221;},&#8221;SEO&#8221;:{&#8220;og_image_id&#8221;:&#8221;65aacfae19d224984c001491&#8243;,&#8221;seo_description&#8221;:&#8221;Acompanhe o Campeonato Paulista de Futebol pelo conte\u00fado digital e narra\u00e7\u00e3o exclusiva de R7. Fique por dentro dos jogos e muito mais!&#8221;,&#8221;seo_tags&#8221;:[&#8220;campeonato paulista&#8221;,&#8221;campeonato paulista de futebol&#8221;,&#8221;paulist\u00e3o&#8221;,&#8221;not\u00edcias&#8221;,&#8221;futebol&#8221;,&#8221;narra\u00e7\u00e3o exclusiva&#8221;,&#8221;r7&#8243;,&#8221;r7 esporte&#8221;],&#8221;seo_title&#8221;:&#8221;Campeonato Paulista de Futebol: Narra\u00e7\u00e3o Exclusiva &#8211; R7&#8243;,&#8221;title_hotsite&#8221;:&#8221;Campeonato Paulista &#8211; NO REFRESH&#8221;,&#8221;top_url&#8221;:&#8221;https:\/\/esportes.r7.com\/futebol\/campeonato-paulista&#8221;,&#8221;url_og_image&#8221;:null},&#8221;_admin&#8221;:{&#8220;alias_ids&#8221;:[&#8220;\/futebol\/campeonato-paulista\/conteudo-digital\/narracao-exclusiva&#8221;]},&#8221;navigation&#8221;:{&#8220;nav_title&#8221;:&#8221;Narra\u00e7\u00e3o Exclusiva&#8221;},&#8221;site&#8221;:{&#8220;site_description&#8221;:null,&#8221;site_title&#8221;:&#8221;Narra\u00e7\u00e3o Exclusiva&#8221;},&#8221;site_topper&#8221;:{&#8220;section_header_image&#8221;:null,&#8221;section_header_image_id&#8221;:null,&#8221;section_header_image_mobile&#8221;:null,&#8221;section_header_image_mobile_id&#8221;:null,&#8221;section_left_color_top&#8221;:null,&#8221;section_primary_color&#8221;:null,&#8221;section_right_color_top&#8221;:null},&#8221;is_grouping&#8221;:&#8221;false&#8221;,&#8221;node_type&#8221;:&#8221;section&#8221;,&#8221;children&#8221;:[]},{&#8220;_id&#8221;:&#8221;\/futebol\/campeonato-paulista\/conteudo-digital\/pre-e-pos-jogo&#8221;,&#8221;_website&#8221;:&#8221;esportes&#8221;,&#8221;name&#8221;:&#8221;Pr\u00e9 e P\u00f3s-Jogo&#8221;,&#8221;inactive&#8221;:false,&#8221;parent&#8221;:{&#8220;default&#8221;:&#8221;\/futebol\/campeonato-paulista\/conteudo-digital&#8221;,&#8221;header&#8221;:&#8221;\/futebol\/campeonato-paulista\/conteudo-digital&#8221;},&#8221;SEO&#8221;:{&#8220;og_image_id&#8221;:&#8221;65aacfae19d224984c001491&#8243;,&#8221;seo_description&#8221;:&#8221;Paulist\u00e3o 2026 no R7: resultados, tabela, pr\u00f3ximos jogos e v\u00eddeos exclusivos! Fique por dentro de tudo que rola no campeonato. Acesse e n\u00e3o perca nada!&#8221;,&#8221;seo_tags&#8221;:[&#8220;Paulist\u00e3o 2026&#8243;,&#8221;R7&#8243;,&#8221; resultados&#8221;,&#8221;tabela&#8221;,&#8221;pr\u00f3ximos jogos&#8221;,&#8221;v\u00eddeos&#8221;],&#8221;seo_title&#8221;:&#8221;Confira tudo sobre o Campeonato Paulista 2026: Resultados, pr\u00f3ximos jogos e not\u00edcias exclusivas!&#8221;,&#8221;title_hotsite&#8221;:&#8221;Campeonato Paulista &#8211; NO REFRESH&#8221;,&#8221;top_url&#8221;:&#8221;https:\/\/esportes.r7.com\/futebol\/campeonato-paulista&#8221;,&#8221;url_og_image&#8221;:null},&#8221;_admin&#8221;:{&#8220;alias_ids&#8221;:[&#8220;\/futebol\/campeonato-paulista\/conteudo-digital\/pre-e-pos-jogo&#8221;]},&#8221;navigation&#8221;:{&#8220;nav_title&#8221;:&#8221;Pr\u00e9 e P\u00f3s-Jogo&#8221;},&#8221;site&#8221;:{&#8220;site_description&#8221;:null,&#8221;site_title&#8221;:&#8221;Pr\u00e9 e P\u00f3s-Jogo&#8221;},&#8221;site_topper&#8221;:{&#8220;section_header_image&#8221;:null,&#8221;section_header_image_id&#8221;:null,&#8221;section_header_image_mobile&#8221;:null,&#8221;section_header_image_mobile_id&#8221;:null,&#8221;section_left_color_top&#8221;:null,&#8221;section_primary_color&#8221;:null,&#8221;section_right_color_top&#8221;:null},&#8221;is_grouping&#8221;:&#8221;false&#8221;,&#8221;node_type&#8221;:&#8221;section&#8221;,&#8221;children&#8221;:[]},{&#8220;_id&#8221;:&#8221;\/futebol\/campeonato-paulista\/conteudo-digital\/transmissao-exclusiva&#8221;,&#8221;_website&#8221;:&#8221;esportes&#8221;,&#8221;name&#8221;:&#8221;Transmiss\u00e3o Exclusiva&#8221;,&#8221;inactive&#8221;:false,&#8221;parent&#8221;:{&#8220;default&#8221;:&#8221;\/futebol\/campeonato-paulista\/conteudo-digital&#8221;,&#8221;header&#8221;:&#8221;\/futebol\/campeonato-paulista\/conteudo-digital&#8221;},&#8221;SEO&#8221;:{&#8220;og_image_id&#8221;:&#8221;65aacfae19d224984c001491&#8243;,&#8221;seo_description&#8221;:&#8221;Veja a transmiss\u00e3o exclusiva do Campeonato Paulista de Futebol no Portal R7. Acompanhe os principais lances do Paulist\u00e3o.&#8221;,&#8221;seo_tags&#8221;:[&#8220;campeonato paulista de futebol&#8221;,&#8221;campeonato&#8221;,&#8221;sao paulo&#8221;,&#8221;sp&#8221;,&#8221;transmissao exclusiva&#8221;,&#8221;r7&#8243;],&#8221;seo_title&#8221;:&#8221;Veja a transmiss\u00e3o exclusiva \u2013 Campeonato Paulista&#8221;,&#8221;title_hotsite&#8221;:&#8221;Campeonato Paulista&#8221;,&#8221;top_url&#8221;:&#8221;https:\/\/esportes.r7.com\/futebol\/campeonato-paulista&#8221;,&#8221;url_og_image&#8221;:null},&#8221;_admin&#8221;:{&#8220;alias_ids&#8221;:[&#8220;\/futebol\/campeonato-paulista\/conteudo-digital\/transmissao-exclusiva&#8221;]},&#8221;navigation&#8221;:{&#8220;nav_title&#8221;:&#8221;Transmiss\u00e3o Exclusiva&#8221;},&#8221;site&#8221;:{&#8220;site_description&#8221;:null,&#8221;site_title&#8221;:&#8221;Transmiss\u00e3o Exclusiva&#8221;},&#8221;site_topper&#8221;:{&#8220;section_header_image&#8221;:null,&#8221;section_header_image_id&#8221;:null,&#8221;section_header_image_mobile&#8221;:null,&#8221;section_header_image_mobile_id&#8221;:null,&#8221;section_left_color_top&#8221;:null,&#8221;section_primary_color&#8221;:null,&#8221;section_right_color_top&#8221;:null},&#8221;is_grouping&#8221;:&#8221;false&#8221;,&#8221;node_type&#8221;:&#8221;section&#8221;,&#8221;children&#8221;:[]}]},{&#8220;_id&#8221;:&#8221;\/futebol\/campeonato-paulista\/a2&#8243;,&#8221;_website&#8221;:&#8221;esportes&#8221;,&#8221;name&#8221;:&#8221;a2&#8243;,&#8221;inactive&#8221;:false,&#8221;ancestors&#8221;:{&#8220;default&#8221;:[&#8220;https:\/\/esportes.r7.com\/futebol&#8221;,&#8221;\/futebol\/campeonato-paulista&#8221;]},&#8221;parent&#8221;:{&#8220;default&#8221;:&#8221;\/futebol\/campeonato-paulista&#8221;},&#8221;SEO&#8221;:{&#8220;og_image_id&#8221;:null,&#8221;seo_description&#8221;:&#8221;Paulista A2 2026 no R7! Resultados, tabela atualizada, v\u00eddeos e not\u00edcias do campeonato. Fique por dentro de tudo! Acesse e n\u00e3o perca nada!&#8221;,&#8221;seo_tags&#8221;:[&#8220;Paulista A2&#8243;,&#8221;resultados&#8221;,&#8221;tabela&#8221;,&#8221;v\u00eddeos&#8221;,&#8221;not\u00edcias&#8221;,&#8221;campeonato&#8221;],&#8221;seo_title&#8221;:&#8221;Confira tudo do Campeonato Paulista A2 2026: Resultados e Not\u00edcias!&#8221;,&#8221;title_hotsite&#8221;:&#8221;Assista aos v\u00eddeos esportivos \u2013 Campeonato Paulista S\u00e9rie A2&#8243;,&#8221;top_url&#8221;:&#8221;https:\/\/esportes.r7.com\/futebol\/campeonato-paulista\/a2\/&#8221;,&#8221;url_og_image&#8221;:&#8221;https:\/\/img.r7.com\/images\/r7-esportes-27032025153509547&#8243;},&#8221;_admin&#8221;:{&#8220;alias_ids&#8221;:[]},&#8221;age_rating&#8221;:{&#8220;classificacao_etaria&#8221;:null},&#8221;age_rating_description&#8221;:{&#8220;atos_criminosos&#8221;:&#8221;false&#8221;,&#8221;conteudo_sexual&#8221;:&#8221;false&#8221;,&#8221;drogas&#8221;:&#8221;false&#8221;,&#8221;drogas_ilicitas&#8221;:&#8221;false&#8221;,&#8221;drogas_licitas&#8221;:&#8221;false&#8221;,&#8221;linguagem_impropria&#8221;:&#8221;false&#8221;,&#8221;medo&#8221;:&#8221;false&#8221;,&#8221;nudez&#8221;:&#8221;false&#8221;,&#8221;procedimentos_medicos&#8221;:&#8221;false&#8221;,&#8221;sexo_explicito&#8221;:&#8221;false&#8221;,&#8221;temas_sensiveis&#8221;:&#8221;false&#8221;,&#8221;violencia&#8221;:&#8221;false&#8221;,&#8221;violencia_extrema&#8221;:&#8221;false&#8221;,&#8221;violencia_fantasiosa&#8221;:&#8221;false&#8221;},&#8221;area_logada&#8221;:{&#8220;exclusive_content&#8221;:&#8221;false&#8221;},&#8221;campanha_branded&#8221;:{&#8220;ativar_logo_campanha&#8221;:&#8221;false&#8221;},&#8221;navigation&#8221;:{&#8220;menu_url&#8221;:null,&#8221;nav_title&#8221;:&#8221;A2&#8243;},&#8221;publicidade&#8221;:{&#8220;disable_adv&#8221;:&#8221;false&#8221;,&#8221;disable_audima_adv&#8221;:&#8221;false&#8221;,&#8221;disable_taboola&#8221;:&#8221;false&#8221;,&#8221;hash&#8221;:&#8221;r7esportes\/futebol\/campeonato-paulista\/a2&#8243;},&#8221;site&#8221;:{&#8220;coupon_categories&#8221;:&#8221;departamentos&#8221;,&#8221;disable_refresh&#8221;:&#8221;0&#8243;,&#8221;enable_disclaimer&#8221;:&#8221;false&#8221;,&#8221;pagebuilder_path_for_native_apps&#8221;:null,&#8221;site_about&#8221;:null,&#8221;site_description&#8221;:&#8221;Leia as \u00faltimas not\u00edcias do Campeonato Paulista no Portal R7 &#8211; S\u00e9rie A2. Acompanhe tabela de classifica\u00e7\u00e3o, jogos, v\u00eddeos, resultados e muito mais da segunda divis\u00e3o do Paulist\u00e3o.&#8221;,&#8221;site_keywords&#8221;:&#8221;paulist\u00e3o a2, record ao vivo, paulistao, ao vivo com imagens, assista, gr\u00e1tis, gratis, r7 esportes, campeonato paulista a2, campeonato paulista serie A2, s\u00e9rie A2, segunda divis\u00e3o&#8221;,&#8221;site_tagline&#8221;:&#8221;Paulist\u00e3o A2 Ao Vivo | R7 Esportes&#8221;,&#8221;site_title&#8221;:&#8221;Paulist\u00e3o A2 Ao Vivo | R7 Esportes&#8221;,&#8221;site_url&#8221;:null},&#8221;site_topper&#8221;:{&#8220;section_header_image&#8221;:&#8221;https:\/\/img.r7.com\/images\/r7-esportes-27032025153508832&#8243;,&#8221;section_header_image_id&#8221;:null,&#8221;section_header_image_mobile&#8221;:&#8221;https:\/\/img.r7.com\/images\/r7-esportes-27032025153509331&#8243;,&#8221;section_header_image_mobile_id&#8221;:null,&#8221;section_left_color_top&#8221;:&#8221;#2B8047&#8243;,&#8221;section_primary_color&#8221;:null,&#8221;section_right_color_top&#8221;:&#8221;#2B8047&#8243;,&#8221;site_logo_image&#8221;:null},&#8221;social&#8221;:{&#8220;bluesky&#8221;:null,&#8221;facebook&#8221;:null,&#8221;instagram&#8221;:null,&#8221;kwai&#8221;:null,&#8221;rss&#8221;:null,&#8221;threads&#8221;:null,&#8221;tiktok&#8221;:null,&#8221;twitter&#8221;:null,&#8221;whatsapp&#8221;:null,&#8221;youtube&#8221;:null},&#8221;ultimas&#8221;:{&#8220;tab_ultimas&#8221;:[]},&#8221;is_grouping&#8221;:&#8221;false&#8221;,&#8221;node_type&#8221;:&#8221;section&#8221;,&#8221;children&#8221;:[{&#8220;_id&#8221;:&#8221;\/futebol\/campeonato-paulista\/a2\/ao-vivo&#8221;,&#8221;_website&#8221;:&#8221;esportes&#8221;,&#8221;name&#8221;:&#8221;Ao Vivo&#8221;,&#8221;inactive&#8221;:false,&#8221;ancestors&#8221;:{&#8220;default&#8221;:[&#8220;https:\/\/esportes.r7.com\/futebol&#8221;,&#8221;\/futebol\/campeonato-paulista&#8221;,&#8221;\/futebol\/campeonato-paulista\/a2&#8243;]},&#8221;parent&#8221;:{&#8220;default&#8221;:&#8221;\/futebol\/campeonato-paulista\/a2&#8243;},&#8221;SEO&#8221;:{&#8220;og_image_id&#8221;:null,&#8221;seo_description&#8221;:&#8221;Paulist\u00e3o 2026 no R7! Resultados, tabela atualizada, v\u00eddeos e not\u00edcias do Paulist\u00e3o. Tudo sobre o campeonato aqui. Acesse e fique por dentro!&#8221;,&#8221;seo_tags&#8221;:[&#8220;Paulist\u00e3o&#8221;,&#8221;Paulist\u00e3o 2026&#8243;,&#8221;R7&#8243;,&#8221;resultados&#8221;,&#8221;tabela&#8221;,&#8221;v\u00eddeos&#8221;],&#8221;seo_title&#8221;:&#8221;Confira: Paulist\u00e3o 2026 Ao Vivo: Resultados, Tabela e Not\u00edcias!&#8221;,&#8221;title_hotsite&#8221;:&#8221;Assista \u00e0 transmiss\u00e3o esportiva ao vivo \u2013 Campeonato Paulista S\u00e9rie A2&#8243;,&#8221;top_url&#8221;:&#8221;https:\/\/esportes.r7.com\/futebol\/campeonato-paulista\/a2&#8243;,&#8221;url_og_image&#8221;:&#8221;https:\/\/img.r7.com\/images\/r7-esportes-27032025153509547&#8243;},&#8221;age_rating&#8221;:{&#8220;classificacao_etaria&#8221;:null},&#8221;age_rating_description&#8221;:{&#8220;atos_criminosos&#8221;:&#8221;false&#8221;,&#8221;conteudo_sexual&#8221;:&#8221;false&#8221;,&#8221;drogas&#8221;:&#8221;false&#8221;,&#8221;drogas_ilicitas&#8221;:&#8221;false&#8221;,&#8221;drogas_licitas&#8221;:&#8221;false&#8221;,&#8221;linguagem_impropria&#8221;:&#8221;false&#8221;,&#8221;medo&#8221;:&#8221;false&#8221;,&#8221;nudez&#8221;:&#8221;false&#8221;,&#8221;procedimentos_medicos&#8221;:&#8221;false&#8221;,&#8221;sexo_explicito&#8221;:&#8221;false&#8221;,&#8221;temas_sensiveis&#8221;:&#8221;false&#8221;,&#8221;violencia&#8221;:&#8221;false&#8221;,&#8221;violencia_extrema&#8221;:&#8221;false&#8221;,&#8221;violencia_fantasiosa&#8221;:&#8221;false&#8221;},&#8221;area_logada&#8221;:{&#8220;exclusive_content&#8221;:&#8221;true&#8221;},&#8221;navigation&#8221;:{&#8220;menu_url&#8221;:null,&#8221;nav_title&#8221;:null},&#8221;publicidade&#8221;:{&#8220;disable_adv&#8221;:&#8221;false&#8221;,&#8221;disable_audima_adv&#8221;:&#8221;false&#8221;,&#8221;disable_taboola&#8221;:&#8221;false&#8221;,&#8221;hash&#8221;:&#8221;r7esportes\/futebol\/campeonato-paulista\/a2&#8243;},&#8221;site&#8221;:{&#8220;coupon_categories&#8221;:&#8221;departamentos&#8221;,&#8221;disable_refresh&#8221;:&#8221;0&#8243;,&#8221;enable_disclaimer&#8221;:&#8221;false&#8221;,&#8221;pagebuilder_path_for_native_apps&#8221;:null,&#8221;site_about&#8221;:null,&#8221;site_description&#8221;:&#8221;Resultados, tabela com os pr\u00f3ximos jogos, classifica\u00e7\u00e3o completa, v\u00eddeos e as \u00faltimas not\u00edcias do Campeonato Paulista A2 no R7 Esportes&#8221;,&#8221;site_keywords&#8221;:&#8221;record ao vivo, paulistao a2, ao vivo com imagens, assista, gr\u00e1tis, gratis, r7 esportes, campeonato paulista a2, campeonato paulista serie A2, campeonato paulista s\u00e9rie A2, s\u00e9rie A2, serie A, segunda divis\u00e3o, r7 esportes&#8221;,&#8221;site_tagline&#8221;:&#8221;Ao Vivo: Campeonato Paulista A2 | R7 Esportes&#8221;,&#8221;site_title&#8221;:&#8221;Ao Vivo: Campeonato Paulista A2 | R7 Esportes&#8221;,&#8221;site_url&#8221;:&#8221;https:\/\/esportes.r7.com\/futebol\/campeonato-paulista\/a2&#8243;},&#8221;site_topper&#8221;:{&#8220;section_header_image&#8221;:&#8221;https:\/\/img.r7.com\/images\/r7-esportes-27032025153508832&#8243;,&#8221;section_header_image_id&#8221;:null,&#8221;section_header_image_mobile&#8221;:&#8221;https:\/\/img.r7.com\/images\/r7-esportes-27032025153509331&#8243;,&#8221;section_header_image_mobile_id&#8221;:null,&#8221;section_left_color_top&#8221;:&#8221;#2B8047&#8243;,&#8221;section_primary_color&#8221;:null,&#8221;section_right_color_top&#8221;:&#8221;#2B8047&#8243;,&#8221;site_logo_image&#8221;:null},&#8221;social&#8221;:{&#8220;facebook&#8221;:null,&#8221;instagram&#8221;:null,&#8221;kwai&#8221;:null,&#8221;rss&#8221;:null,&#8221;twitter&#8221;:null},&#8221;ultimas&#8221;:{&#8220;tab_ultimas&#8221;:[]},&#8221;is_grouping&#8221;:&#8221;false&#8221;,&#8221;node_type&#8221;:&#8221;section&#8221;,&#8221;children&#8221;:[]}]},{&#8220;_id&#8221;:&#8221;\/futebol\/campeonato-paulista\/enquetes&#8221;,&#8221;_website&#8221;:&#8221;esportes&#8221;,&#8221;name&#8221;:&#8221;Enquetes&#8221;,&#8221;inactive&#8221;:false,&#8221;parent&#8221;:{&#8220;default&#8221;:&#8221;\/futebol\/campeonato-paulista&#8221;,&#8221;header&#8221;:&#8221;\/futebol\/campeonato-paulista&#8221;},&#8221;SEO&#8221;:{&#8220;og_image_id&#8221;:null,&#8221;seo_description&#8221;:&#8221;Paulist\u00e3o 2026: enquetes, resultados, tabela, v\u00eddeos e not\u00edcias! Fique por dentro dos pr\u00f3ximos jogos e da classifica\u00e7\u00e3o. Acesse j\u00e1 o R7!&#8221;,&#8221;seo_tags&#8221;:[&#8220;Paulist\u00e3o 2026&#8243;,&#8221;Campeonato Paulista&#8221;,&#8221;Resultados&#8221;,&#8221;Tabela&#8221;,&#8221;Pr\u00f3ximos Jogos&#8221;,&#8221;Not\u00edcias&#8221;],&#8221;seo_title&#8221;:&#8221;Confira as Enquetes do Campeonato Paulista 2026&#8243;,&#8221;title_hotsite&#8221;:null,&#8221;top_url&#8221;:&#8221;https:\/\/esportes.r7.com\/futebol\/campeonato-paulista\/&#8221;,&#8221;url_og_image&#8221;:null},&#8221;_admin&#8221;:{&#8220;alias_ids&#8221;:[&#8220;\/futebol\/campeonato-paulista\/enquetes&#8221;]},&#8221;age_rating&#8221;:{&#8220;classificacao_etaria&#8221;:null},&#8221;age_rating_description&#8221;:{&#8220;atos_criminosos&#8221;:&#8221;false&#8221;,&#8221;conteudo_sexual&#8221;:&#8221;false&#8221;,&#8221;drogas&#8221;:&#8221;false&#8221;,&#8221;drogas_ilicitas&#8221;:&#8221;false&#8221;,&#8221;drogas_licitas&#8221;:&#8221;false&#8221;,&#8221;linguagem_impropria&#8221;:&#8221;false&#8221;,&#8221;medo&#8221;:&#8221;false&#8221;,&#8221;nudez&#8221;:&#8221;false&#8221;,&#8221;procedimentos_medicos&#8221;:&#8221;false&#8221;,&#8221;sexo_explicito&#8221;:&#8221;false&#8221;,&#8221;temas_sensiveis&#8221;:&#8221;false&#8221;,&#8221;violencia&#8221;:&#8221;false&#8221;,&#8221;violencia_extrema&#8221;:&#8221;false&#8221;,&#8221;violencia_fantasiosa&#8221;:&#8221;false&#8221;},&#8221;area_logada&#8221;:{&#8220;exclusive_content&#8221;:&#8221;false&#8221;},&#8221;navigation&#8221;:{&#8220;menu_url&#8221;:null,&#8221;nav_title&#8221;:&#8221;Enquetes&#8221;},&#8221;publicidade&#8221;:{&#8220;disable_adv&#8221;:&#8221;false&#8221;,&#8221;disable_audima_adv&#8221;:&#8221;false&#8221;,&#8221;disable_taboola&#8221;:&#8221;false&#8221;,&#8221;hash&#8221;:null},&#8221;site&#8221;:{&#8220;coupon_categories&#8221;:&#8221;departamentos&#8221;,&#8221;disable_refresh&#8221;:&#8221;4&#8243;,&#8221;enable_disclaimer&#8221;:&#8221;false&#8221;,&#8221;pagebuilder_path_for_native_apps&#8221;:null,&#8221;site_about&#8221;:null,&#8221;site_description&#8221;:null,&#8221;site_keywords&#8221;:null,&#8221;site_tagline&#8221;:null,&#8221;site_title&#8221;:&#8221;Enquetes&#8221;,&#8221;site_url&#8221;:null},&#8221;site_topper&#8221;:{&#8220;section_header_image&#8221;:null,&#8221;section_header_image_id&#8221;:null,&#8221;section_header_image_mobile&#8221;:null,&#8221;section_header_image_mobile_id&#8221;:null,&#8221;section_left_color_top&#8221;:null,&#8221;section_primary_color&#8221;:null,&#8221;section_right_color_top&#8221;:null,&#8221;site_logo_image&#8221;:null},&#8221;social&#8221;:{&#8220;facebook&#8221;:null,&#8221;instagram&#8221;:null,&#8221;kwai&#8221;:null,&#8221;rss&#8221;:null,&#8221;twitter&#8221;:null},&#8221;ultimas&#8221;:{&#8220;tab_ultimas&#8221;:[]},&#8221;is_grouping&#8221;:&#8221;false&#8221;,&#8221;node_type&#8221;:&#8221;section&#8221;,&#8221;children&#8221;:[]},{&#8220;_id&#8221;:&#8221;\/futebol\/campeonato-paulista\/estatisticas&#8221;,&#8221;_website&#8221;:&#8221;esportes&#8221;,&#8221;name&#8221;:&#8221;Estat\u00edsticas&#8221;,&#8221;inactive&#8221;:false,&#8221;parent&#8221;:{&#8220;default&#8221;:&#8221;\/futebol\/campeonato-paulista&#8221;,&#8221;header&#8221;:&#8221;\/futebol\/campeonato-paulista&#8221;},&#8221;SEO&#8221;:{&#8220;og_image_id&#8221;:null,&#8221;seo_description&#8221;:&#8221;Paulist\u00e3o 2026 no R7! Resultados, tabela atualizada, v\u00eddeos e not\u00edcias do campeonato. Fique por dentro de tudo! Acesse j\u00e1 e n\u00e3o perca nada!&#8221;,&#8221;seo_tags&#8221;:[&#8220;Paulist\u00e3o 2026&#8243;,&#8221;R7&#8243;,&#8221;resultados&#8221;,&#8221;tabela&#8221;,&#8221;v\u00eddeos&#8221;,&#8221;not\u00edcias&#8221;],&#8221;seo_title&#8221;:&#8221;Confira o Campeonato Paulista 2026: Resultados, Tabela e Estat\u00edsticas!&#8221;,&#8221;title_hotsite&#8221;:&#8221;Campeonato Paulista &#8211; NO REFRESH&#8221;,&#8221;top_url&#8221;:&#8221;https:\/\/esportes.r7.com\/futebol\/campeonato-paulista&#8221;,&#8221;url_og_image&#8221;:&#8221;https:\/\/cloudfront-us-east-1.images.arcpublishing.com\/newr7\/R6SEYJQT3ZBBXHDSLYSMO6LZ2U.jpg&#8221;},&#8221;_admin&#8221;:{&#8220;alias_ids&#8221;:[&#8220;\/futebol\/campeonato-paulista\/estatisticas&#8221;]},&#8221;age_rating&#8221;:{&#8220;classificacao_etaria&#8221;:null},&#8221;age_rating_description&#8221;:{&#8220;atos_criminosos&#8221;:&#8221;false&#8221;,&#8221;conteudo_sexual&#8221;:&#8221;false&#8221;,&#8221;drogas&#8221;:&#8221;false&#8221;,&#8221;drogas_ilicitas&#8221;:&#8221;false&#8221;,&#8221;drogas_licitas&#8221;:&#8221;false&#8221;,&#8221;linguagem_impropria&#8221;:&#8221;false&#8221;,&#8221;medo&#8221;:&#8221;false&#8221;,&#8221;nudez&#8221;:&#8221;false&#8221;,&#8221;procedimentos_medicos&#8221;:&#8221;false&#8221;,&#8221;sexo_explicito&#8221;:&#8221;false&#8221;,&#8221;temas_sensiveis&#8221;:&#8221;false&#8221;,&#8221;violencia&#8221;:&#8221;false&#8221;,&#8221;violencia_extrema&#8221;:&#8221;false&#8221;,&#8221;violencia_fantasiosa&#8221;:&#8221;false&#8221;},&#8221;area_logada&#8221;:{&#8220;exclusive_content&#8221;:&#8221;false&#8221;},&#8221;campanha_branded&#8221;:{&#8220;ativar_logo_campanha&#8221;:&#8221;false&#8221;},&#8221;navigation&#8221;:{&#8220;menu_url&#8221;:null,&#8221;nav_title&#8221;:&#8221;Estat\u00edsticas&#8221;},&#8221;publicidade&#8221;:{&#8220;disable_adv&#8221;:&#8221;false&#8221;,&#8221;disable_audima_adv&#8221;:&#8221;false&#8221;,&#8221;disable_taboola&#8221;:&#8221;false&#8221;,&#8221;hash&#8221;:&#8221;patrocinada\/itau&#8221;},&#8221;site&#8221;:{&#8220;coupon_categories&#8221;:&#8221;departamentos&#8221;,&#8221;disable_refresh&#8221;:&#8221;4&#8243;,&#8221;enable_disclaimer&#8221;:&#8221;false&#8221;,&#8221;pagebuilder_path_for_native_apps&#8221;:null,&#8221;site_about&#8221;:null,&#8221;site_description&#8221;:null,&#8221;site_keywords&#8221;:null,&#8221;site_tagline&#8221;:null,&#8221;site_title&#8221;:&#8221;Estat\u00edsticas&#8221;,&#8221;site_url&#8221;:null},&#8221;site_topper&#8221;:{&#8220;section_header_image&#8221;:&#8221;https:\/\/cloudfront-us-east-1.images.arcpublishing.com\/newr7\/VAOKGDBVTNDZVB43A6N5VZDVLA.jpg&#8221;,&#8221;section_header_image_id&#8221;:null,&#8221;section_header_image_mobile&#8221;:&#8221;https:\/\/cloudfront-us-east-1.images.arcpublishing.com\/newr7\/2MIJ3VGG5VFT5O75LNTQO4H5XM.jpg&#8221;,&#8221;section_header_image_mobile_id&#8221;:null,&#8221;section_left_color_top&#8221;:&#8221;#010080&#8243;,&#8221;section_primary_color&#8221;:&#8221;#0E8148&#8243;,&#8221;section_right_color_top&#8221;:&#8221;#010080&#8243;,&#8221;site_logo_image&#8221;:null},&#8221;social&#8221;:{&#8220;facebook&#8221;:null,&#8221;instagram&#8221;:null,&#8221;kwai&#8221;:null,&#8221;rss&#8221;:null,&#8221;twitter&#8221;:null},&#8221;ultimas&#8221;:{&#8220;tab_ultimas&#8221;:[]},&#8221;is_grouping&#8221;:&#8221;false&#8221;,&#8221;node_type&#8221;:&#8221;section&#8221;,&#8221;children&#8221;:[]},{&#8220;_id&#8221;:&#8221;\/futebol\/campeonato-paulista\/tabela&#8221;,&#8221;_website&#8221;:&#8221;esportes&#8221;,&#8221;name&#8221;:&#8221;Tabela&#8221;,&#8221;inactive&#8221;:false,&#8221;ancestors&#8221;:{&#8220;default&#8221;:[&#8220;https:\/\/esportes.r7.com\/futebol&#8221;,&#8221;\/futebol\/campeonato-paulista&#8221;]},&#8221;parent&#8221;:{&#8220;default&#8221;:&#8221;\/futebol\/campeonato-paulista&#8221;},&#8221;SEO&#8221;:{&#8220;og_image_id&#8221;:null,&#8221;seo_description&#8221;:&#8221;Acompanhe a tabela de classifica\u00e7\u00e3o do Campeonato Paulista de Futebol no Portal R7. Saiba tudo sobre os resultados e muito mais do Paulist\u00e3o.&#8221;,&#8221;seo_tags&#8221;:[&#8220;campeonato paulista de futebol&#8221;,&#8221;campeonato&#8221;,&#8221;sao paulo&#8221;,&#8221;sp&#8221;,&#8221;tabela&#8221;,&#8221;r7&#8243;],&#8221;seo_title&#8221;:&#8221;Acompanhe a tabela de classifica\u00e7\u00e3o \u2013 Campeonato Paulista&#8221;,&#8221;title_hotsite&#8221;:&#8221;Tabela e jogos | Campeonato Paulista 2025 | R7 Esportes&#8221;,&#8221;top_url&#8221;:&#8221;https:\/\/esportes.r7.com\/futebol\/campeonato-paulista\/&#8221;,&#8221;url_og_image&#8221;:null},&#8221;_admin&#8221;:{&#8220;alias_ids&#8221;:[&#8220;\/futebol\/campeonato-paulista\/tabela&#8221;]},&#8221;age_rating&#8221;:{&#8220;classificacao_etaria&#8221;:null},&#8221;age_rating_description&#8221;:{&#8220;atos_criminosos&#8221;:&#8221;false&#8221;,&#8221;conteudo_sexual&#8221;:&#8221;false&#8221;,&#8221;drogas&#8221;:&#8221;false&#8221;,&#8221;drogas_ilicitas&#8221;:&#8221;false&#8221;,&#8221;drogas_licitas&#8221;:&#8221;false&#8221;,&#8221;linguagem_impropria&#8221;:&#8221;false&#8221;,&#8221;medo&#8221;:&#8221;false&#8221;,&#8221;nudez&#8221;:&#8221;false&#8221;,&#8221;procedimentos_medicos&#8221;:&#8221;false&#8221;,&#8221;sexo_explicito&#8221;:&#8221;false&#8221;,&#8221;temas_sensiveis&#8221;:&#8221;false&#8221;,&#8221;violencia&#8221;:&#8221;false&#8221;,&#8221;violencia_extrema&#8221;:&#8221;false&#8221;,&#8221;violencia_fantasiosa&#8221;:&#8221;false&#8221;},&#8221;area_logada&#8221;:{&#8220;exclusive_content&#8221;:&#8221;false&#8221;},&#8221;navigation&#8221;:{&#8220;menu_url&#8221;:null,&#8221;nav_title&#8221;:&#8221;Tabela&#8221;},&#8221;publicidade&#8221;:{&#8220;disable_adv&#8221;:&#8221;false&#8221;,&#8221;disable_audima_adv&#8221;:&#8221;false&#8221;,&#8221;disable_taboola&#8221;:&#8221;false&#8221;,&#8221;hash&#8221;:&#8221;r7esportes\/futebol\/campeonato-paulista\/tabela&#8221;},&#8221;site&#8221;:{&#8220;coupon_categories&#8221;:&#8221;departamentos&#8221;,&#8221;disable_refresh&#8221;:&#8221;4&#8243;,&#8221;enable_disclaimer&#8221;:&#8221;false&#8221;,&#8221;pagebuilder_path_for_native_apps&#8221;:null,&#8221;site_about&#8221;:&#8221;Tabela e jogos | Campeonato Paulista 2025 | R7 Esportes&#8221;,&#8221;site_description&#8221;:&#8221;Campeonato Paulista com tabela de classifica\u00e7\u00e3o atualizada \u00e9 no R7 Esportes! Confira os pr\u00f3ximos jogos, not\u00edcias e muito mais.&#8221;,&#8221;site_keywords&#8221;:&#8221;tabela, classifica\u00e7\u00e3o, rodadas, paulist\u00e3o, paulist\u00e3o A1, campeonato paulista, futebol, r7 esportes, r7&#8243;,&#8221;site_tagline&#8221;:&#8221;Tabela e jogos | Campeonato Paulista 2025 | R7 Esportes&#8221;,&#8221;site_title&#8221;:&#8221;Tabela e jogos | Campeonato Paulista 2025 | R7 Esportes&#8221;,&#8221;site_url&#8221;:null},&#8221;site_topper&#8221;:{&#8220;section_header_image&#8221;:null,&#8221;section_header_image_id&#8221;:null,&#8221;section_header_image_mobile&#8221;:null,&#8221;section_header_image_mobile_id&#8221;:null,&#8221;section_left_color_top&#8221;:null,&#8221;section_primary_color&#8221;:null,&#8221;section_right_color_top&#8221;:null,&#8221;site_logo_image&#8221;:null},&#8221;social&#8221;:{&#8220;facebook&#8221;:null,&#8221;instagram&#8221;:null,&#8221;kwai&#8221;:null,&#8221;rss&#8221;:null,&#8221;twitter&#8221;:null},&#8221;ultimas&#8221;:{&#8220;tab_ultimas&#8221;:[]},&#8221;is_grouping&#8221;:&#8221;false&#8221;,&#8221;node_type&#8221;:&#8221;section&#8221;,&#8221;children&#8221;:[]},{&#8220;_id&#8221;:&#8221;\/futebol\/campeonato-paulista\/quizzes&#8221;,&#8221;_website&#8221;:&#8221;esportes&#8221;,&#8221;name&#8221;:&#8221;Quizzes&#8221;,&#8221;inactive&#8221;:false,&#8221;ancestors&#8221;:{&#8220;default&#8221;:[&#8220;https:\/\/esportes.r7.com\/futebol&#8221;,&#8221;\/futebol\/campeonato-paulista&#8221;]},&#8221;parent&#8221;:{&#8220;default&#8221;:&#8221;\/futebol\/campeonato-paulista&#8221;},&#8221;SEO&#8221;:{&#8220;og_image_id&#8221;:null,&#8221;seo_description&#8221;:&#8221;Paulist\u00e3o 2026 no R7! Teste seus conhecimentos com quizzes imperd\u00edveis. Veja resultados, tabela, v\u00eddeos e not\u00edcias do campeonato. N\u00e3o perca, acesse j\u00e1!&#8221;,&#8221;seo_tags&#8221;:[&#8220;Paulist\u00e3o 2026&#8243;,&#8221;R7&#8243;,&#8221;Campeonato Paulista&#8221;,&#8221;Quizzes Paulist\u00e3o&#8221;,&#8221;Tabela Paulist\u00e3o&#8221;,&#8221;Not\u00edcias Paulist\u00e3o&#8221;],&#8221;seo_title&#8221;:&#8221;Confira sua paix\u00e3o em: Quizzes imperd\u00edveis do Campeonato Paulista 2026!&#8221;,&#8221;title_hotsite&#8221;:null,&#8221;top_url&#8221;:null,&#8221;url_og_image&#8221;:null},&#8221;age_rating&#8221;:{&#8220;classificacao_etaria&#8221;:null},&#8221;age_rating_description&#8221;:{&#8220;atos_criminosos&#8221;:&#8221;false&#8221;,&#8221;conteudo_sexual&#8221;:&#8221;false&#8221;,&#8221;drogas&#8221;:&#8221;false&#8221;,&#8221;drogas_ilicitas&#8221;:&#8221;false&#8221;,&#8221;drogas_licitas&#8221;:&#8221;false&#8221;,&#8221;linguagem_impropria&#8221;:&#8221;false&#8221;,&#8221;medo&#8221;:&#8221;false&#8221;,&#8221;nudez&#8221;:&#8221;false&#8221;,&#8221;procedimentos_medicos&#8221;:&#8221;false&#8221;,&#8221;sexo_explicito&#8221;:&#8221;false&#8221;,&#8221;temas_sensiveis&#8221;:&#8221;false&#8221;,&#8221;violencia&#8221;:&#8221;false&#8221;,&#8221;violencia_extrema&#8221;:&#8221;false&#8221;,&#8221;violencia_fantasiosa&#8221;:&#8221;false&#8221;},&#8221;area_logada&#8221;:{&#8220;exclusive_content&#8221;:&#8221;true&#8221;},&#8221;navigation&#8221;:{&#8220;menu_url&#8221;:null,&#8221;nav_title&#8221;:null},&#8221;publicidade&#8221;:{&#8220;disable_adv&#8221;:&#8221;false&#8221;,&#8221;disable_audima_adv&#8221;:&#8221;false&#8221;,&#8221;disable_taboola&#8221;:&#8221;false&#8221;,&#8221;hash&#8221;:null},&#8221;site&#8221;:{&#8220;coupon_categories&#8221;:&#8221;departamentos&#8221;,&#8221;disable_refresh&#8221;:&#8221;4&#8243;,&#8221;enable_disclaimer&#8221;:&#8221;false&#8221;,&#8221;pagebuilder_path_for_native_apps&#8221;:null,&#8221;site_about&#8221;:null,&#8221;site_description&#8221;:null,&#8221;site_keywords&#8221;:null,&#8221;site_tagline&#8221;:null,&#8221;site_title&#8221;:null,&#8221;site_url&#8221;:null},&#8221;site_topper&#8221;:{&#8220;section_header_image&#8221;:null,&#8221;section_header_image_id&#8221;:null,&#8221;section_header_image_mobile&#8221;:null,&#8221;section_header_image_mobile_id&#8221;:null,&#8221;section_left_color_top&#8221;:null,&#8221;section_primary_color&#8221;:null,&#8221;section_right_color_top&#8221;:null,&#8221;site_logo_image&#8221;:null},&#8221;social&#8221;:{&#8220;facebook&#8221;:&#8221;https:\/\/www.facebook.com\/R7Esporte\/&#8221;,&#8221;instagram&#8221;:&#8221;https:\/\/www.instagram.com\/r7esportes\/&#8221;,&#8221;kwai&#8221;:&#8221;https:\/\/www.kwai.com\/@portalr7&#8243;,&#8221;rss&#8221;:null,&#8221;twitter&#8221;:&#8221;https:\/\/twitter.com\/r7esportes&#8221;},&#8221;ultimas&#8221;:{&#8220;tab_ultimas&#8221;:[]},&#8221;is_grouping&#8221;:&#8221;false&#8221;,&#8221;node_type&#8221;:&#8221;section&#8221;,&#8221;children&#8221;:[]},{&#8220;_id&#8221;:&#8221;\/futebol\/campeonato-paulista\/lance-a-lance&#8221;,&#8221;_website&#8221;:&#8221;esportes&#8221;,&#8221;name&#8221;:&#8221;Lance a Lance&#8221;,&#8221;inactive&#8221;:false,&#8221;ancestors&#8221;:{&#8220;default&#8221;:[&#8220;https:\/\/esportes.r7.com\/futebol&#8221;,&#8221;\/futebol\/campeonato-paulista&#8221;]},&#8221;parent&#8221;:{&#8220;default&#8221;:&#8221;\/futebol\/campeonato-paulista&#8221;},&#8221;SEO&#8221;:{&#8220;og_image_id&#8221;:null,&#8221;seo_description&#8221;:&#8221;Paulist\u00e3o 2026 no R7: resultados, tabela, v\u00eddeos e not\u00edcias! Acompanhe cada lance do campeonato. Fique por dentro . Acesse j\u00e1!&#8221;,&#8221;seo_tags&#8221;:[&#8220;Paulist\u00e3o 2026&#8243;,&#8221;resultados&#8221;,&#8221;tabela&#8221;,&#8221;v\u00eddeos&#8221;,&#8221;not\u00edcias&#8221;,&#8221;R7&#8243;],&#8221;seo_title&#8221;:&#8221;Confira tudo do Campeonato Paulista 2026: Lance a Lance!&#8221;,&#8221;title_hotsite&#8221;:&#8221;Lance a Lance | Paulist\u00e3o&#8221;,&#8221;top_url&#8221;:null,&#8221;url_og_image&#8221;:&#8221;https:\/\/cloudfront-us-east-1.images.arcpublishing.com\/newr7\/LL6XLEKJ5RH25MSQL2LUFAR2CA.jpg&#8221;},&#8221;age_rating&#8221;:{&#8220;classificacao_etaria&#8221;:null},&#8221;age_rating_description&#8221;:{&#8220;atos_criminosos&#8221;:&#8221;false&#8221;,&#8221;conteudo_sexual&#8221;:&#8221;false&#8221;,&#8221;drogas&#8221;:&#8221;false&#8221;,&#8221;drogas_ilicitas&#8221;:&#8221;false&#8221;,&#8221;drogas_licitas&#8221;:&#8221;false&#8221;,&#8221;linguagem_impropria&#8221;:&#8221;false&#8221;,&#8221;medo&#8221;:&#8221;false&#8221;,&#8221;nudez&#8221;:&#8221;false&#8221;,&#8221;procedimentos_medicos&#8221;:&#8221;false&#8221;,&#8221;sexo_explicito&#8221;:&#8221;false&#8221;,&#8221;temas_sensiveis&#8221;:&#8221;false&#8221;,&#8221;violencia&#8221;:&#8221;false&#8221;,&#8221;violencia_extrema&#8221;:&#8221;false&#8221;,&#8221;violencia_fantasiosa&#8221;:&#8221;false&#8221;},&#8221;area_logada&#8221;:{&#8220;exclusive_content&#8221;:&#8221;false&#8221;},&#8221;navigation&#8221;:{&#8220;menu_url&#8221;:null,&#8221;nav_title&#8221;:&#8221;Lance a Lance | Paulist\u00e3o&#8221;},&#8221;publicidade&#8221;:{&#8220;disable_adv&#8221;:&#8221;false&#8221;,&#8221;disable_audima_adv&#8221;:&#8221;false&#8221;,&#8221;disable_taboola&#8221;:&#8221;false&#8221;,&#8221;hash&#8221;:&#8221;r7esportes\/futebol\/campeonato-paulista\/lance-a-lance&#8221;},&#8221;site&#8221;:{&#8220;coupon_categories&#8221;:&#8221;departamentos&#8221;,&#8221;disable_refresh&#8221;:&#8221;4&#8243;,&#8221;enable_disclaimer&#8221;:&#8221;false&#8221;,&#8221;pagebuilder_path_for_native_apps&#8221;:null,&#8221;site_about&#8221;:null,&#8221;site_description&#8221;:null,&#8221;site_keywords&#8221;:null,&#8221;site_tagline&#8221;:null,&#8221;site_title&#8221;:&#8221;Lance a Lance | Paulist\u00e3o&#8221;,&#8221;site_url&#8221;:null},&#8221;site_topper&#8221;:{&#8220;section_header_image&#8221;:&#8221;https:\/\/cloudfront-us-east-1.images.arcpublishing.com\/newr7\/SJAF57CL7VD5RNGAXJUSNVENT4.jpg&#8221;,&#8221;section_header_image_id&#8221;:null,&#8221;section_header_image_mobile&#8221;:&#8221;https:\/\/cloudfront-us-east-1.images.arcpublishing.com\/newr7\/R2Q4SIVV5BEJ3NX4PCVXHFUDQY.jpg&#8221;,&#8221;section_header_image_mobile_id&#8221;:null,&#8221;section_left_color_top&#8221;:&#8221;#0C703C&#8221;,&#8221;section_primary_color&#8221;:null,&#8221;section_right_color_top&#8221;:&#8221;#0C703C&#8221;,&#8221;site_logo_image&#8221;:null},&#8221;social&#8221;:{&#8220;facebook&#8221;:null,&#8221;instagram&#8221;:null,&#8221;kwai&#8221;:null,&#8221;rss&#8221;:null,&#8221;twitter&#8221;:null},&#8221;ultimas&#8221;:{&#8220;tab_ultimas&#8221;:[]},&#8221;is_grouping&#8221;:&#8221;false&#8221;,&#8221;node_type&#8221;:&#8221;section&#8221;,&#8221;children&#8221;:[{&#8220;_id&#8221;:&#8221;\/futebol\/campeonato-paulista\/lance-a-lance\/02-03-2025-santos-rbbragantino&#8221;,&#8221;_website&#8221;:&#8221;esportes&#8221;,&#8221;name&#8221;:&#8221;Santos RB Bragantino&#8221;,&#8221;inactive&#8221;:false,&#8221;ancestors&#8221;:{&#8220;default&#8221;:[&#8220;https:\/\/esportes.r7.com\/futebol&#8221;,&#8221;\/futebol\/campeonato-paulista&#8221;,&#8221;\/futebol\/campeonato-paulista\/lance-a-lance&#8221;]},&#8221;parent&#8221;:{&#8220;default&#8221;:&#8221;\/futebol\/campeonato-paulista\/lance-a-lance&#8221;},&#8221;SEO&#8221;:{&#8220;og_image_id&#8221;:null,&#8221;seo_description&#8221;:&#8221;Acompanhe o jogo Santos x RB Bragantino (Campeonato Paulista, Quartas de Final): escala\u00e7\u00e3o, fotos, v\u00eddeos, placar e lances da partida em tempo real.&#8221;,&#8221;seo_tags&#8221;:[&#8220;santos e bragantino&#8221;,&#8221;santos x bragantino&#8221;,&#8221;santos x rb bragantino&#8221;,&#8221;lance a lance&#8221;,&#8221;campeonato paulista&#8221;,&#8221;minuto a minuto&#8221;,&#8221;paulist\u00e3o&#8221;,&#8221;narra\u00e7\u00e3o&#8221;,&#8221;tempo real&#8221;,&#8221;portal r7&#8243;,&#8221;r7&#8243;],&#8221;seo_title&#8221;:&#8221;Lance a Lance: Santos x RB Bragantino | Quartas de Final | Campeonato Paulista&#8221;,&#8221;title_hotsite&#8221;:&#8221;Lance a Lance: Santos x RB Bragantino | Quartas de Final | Campeonato Paulista&#8221;,&#8221;top_url&#8221;:null,&#8221;url_og_image&#8221;:null},&#8221;age_rating&#8221;:{&#8220;classificacao_etaria&#8221;:null},&#8221;age_rating_description&#8221;:{&#8220;atos_criminosos&#8221;:&#8221;false&#8221;,&#8221;conteudo_sexual&#8221;:&#8221;false&#8221;,&#8221;drogas&#8221;:&#8221;false&#8221;,&#8221;drogas_ilicitas&#8221;:&#8221;false&#8221;,&#8221;drogas_licitas&#8221;:&#8221;false&#8221;,&#8221;linguagem_impropria&#8221;:&#8221;false&#8221;,&#8221;medo&#8221;:&#8221;false&#8221;,&#8221;nudez&#8221;:&#8221;false&#8221;,&#8221;procedimentos_medicos&#8221;:&#8221;false&#8221;,&#8221;sexo_explicito&#8221;:&#8221;false&#8221;,&#8221;temas_sensiveis&#8221;:&#8221;false&#8221;,&#8221;violencia&#8221;:&#8221;false&#8221;,&#8221;violencia_extrema&#8221;:&#8221;false&#8221;,&#8221;violencia_fantasiosa&#8221;:&#8221;false&#8221;},&#8221;area_logada&#8221;:{&#8220;exclusive_content&#8221;:&#8221;false&#8221;},&#8221;navigation&#8221;:{&#8220;menu_url&#8221;:null,&#8221;nav_title&#8221;:null},&#8221;publicidade&#8221;:{&#8220;disable_adv&#8221;:&#8221;false&#8221;,&#8221;disable_audima_adv&#8221;:&#8221;false&#8221;,&#8221;disable_taboola&#8221;:&#8221;false&#8221;,&#8221;hash&#8221;:&#8221;r7esportes\/futebol\/campeonato-paulista\/lance-a-lance&#8221;},&#8221;site&#8221;:{&#8220;coupon_categories&#8221;:&#8221;departamentos&#8221;,&#8221;disable_refresh&#8221;:&#8221;0&#8243;,&#8221;enable_disclaimer&#8221;:&#8221;false&#8221;,&#8221;pagebuilder_path_for_native_apps&#8221;:null,&#8221;site_about&#8221;:null,&#8221;site_description&#8221;:&#8221;Acompanhe o jogo Santos x RB Bragantino (Campeonato Paulista, Quartas de Final): escala\u00e7\u00e3o, fotos, v\u00eddeos, placar e lances da partida em tempo real.&#8221;,&#8221;site_keywords&#8221;:&#8221;santos e bragantino, santos x bragantino, santos x rb bragantino, lance a lance, cameponato paulista, paulist\u00e3o, narra\u00e7\u00e3o, minuto a minuto, tempo real, r7&#8243;,&#8221;site_tagline&#8221;:null,&#8221;site_title&#8221;:&#8221;Lance a Lance: Santos x RB Bragantino | Quartas de Final | Campeonato Paulista&#8221;,&#8221;site_url&#8221;:null},&#8221;site_topper&#8221;:{&#8220;section_header_image&#8221;:null,&#8221;section_header_image_id&#8221;:null,&#8221;section_header_image_mobile&#8221;:null,&#8221;section_header_image_mobile_id&#8221;:null,&#8221;section_left_color_top&#8221;:null,&#8221;section_primary_color&#8221;:null,&#8221;section_right_color_top&#8221;:null,&#8221;site_logo_image&#8221;:null},&#8221;social&#8221;:{&#8220;facebook&#8221;:null,&#8221;instagram&#8221;:null,&#8221;kwai&#8221;:null,&#8221;rss&#8221;:null,&#8221;twitter&#8221;:null},&#8221;ultimas&#8221;:{&#8220;tab_ultimas&#8221;:[]},&#8221;is_grouping&#8221;:&#8221;false&#8221;,&#8221;node_type&#8221;:&#8221;section&#8221;,&#8221;children&#8221;:[]},{&#8220;_id&#8221;:&#8221;\/futebol\/campeonato-paulista\/lance-a-lance\/10-03-2025-palmeiras-saopaulo&#8221;,&#8221;_website&#8221;:&#8221;esportes&#8221;,&#8221;name&#8221;:&#8221;Palmeiras S\u00e3o Paulo&#8221;,&#8221;inactive&#8221;:false,&#8221;ancestors&#8221;:{&#8220;default&#8221;:[&#8220;https:\/\/esportes.r7.com\/futebol&#8221;,&#8221;\/futebol\/campeonato-paulista&#8221;,&#8221;\/futebol\/campeonato-paulista\/lance-a-lance&#8221;]},&#8221;parent&#8221;:{&#8220;default&#8221;:&#8221;\/futebol\/campeonato-paulista\/lance-a-lance&#8221;},&#8221;SEO&#8221;:{&#8220;og_image_id&#8221;:null,&#8221;seo_description&#8221;:&#8221;Acompanhe o jogo Palmeiras x S\u00e3o Paulo (Campeonato Paulista, Semifinal): escala\u00e7\u00e3o, fotos, v\u00eddeos, placar e lances da partida em tempo real.&#8221;,&#8221;seo_tags&#8221;:[&#8220;palmeiras e s\u00e3o paulo&#8221;,&#8221;palmeiras x s\u00e3o paulo&#8221;,&#8221;palmeiras x sao paulo&#8221;,&#8221;lance a lance&#8221;,&#8221;campeonato paulista&#8221;,&#8221;semifinal&#8221;,&#8221;minuto a minuto&#8221;,&#8221;r7&#8243;,&#8221;paulist\u00e3o&#8221;,&#8221;portal r7&#8243;,&#8221;tempo real&#8221;,&#8221;narra\u00e7\u00e3o&#8221;],&#8221;seo_title&#8221;:&#8221;Lance a Lance: Palmeiras x S\u00e3o Paulo | Semifinal | Campeonato Paulista&#8221;,&#8221;title_hotsite&#8221;:&#8221;Lance a Lance: Palmeiras x S\u00e3o Paulo | Semifinal | Campeonato Paulista&#8221;,&#8221;top_url&#8221;:null,&#8221;url_og_image&#8221;:null},&#8221;age_rating&#8221;:{&#8220;classificacao_etaria&#8221;:null},&#8221;age_rating_description&#8221;:{&#8220;atos_criminosos&#8221;:&#8221;false&#8221;,&#8221;conteudo_sexual&#8221;:&#8221;false&#8221;,&#8221;drogas&#8221;:&#8221;false&#8221;,&#8221;drogas_ilicitas&#8221;:&#8221;false&#8221;,&#8221;drogas_licitas&#8221;:&#8221;false&#8221;,&#8221;linguagem_impropria&#8221;:&#8221;false&#8221;,&#8221;medo&#8221;:&#8221;false&#8221;,&#8221;nudez&#8221;:&#8221;false&#8221;,&#8221;procedimentos_medicos&#8221;:&#8221;false&#8221;,&#8221;sexo_explicito&#8221;:&#8221;false&#8221;,&#8221;temas_sensiveis&#8221;:&#8221;false&#8221;,&#8221;violencia&#8221;:&#8221;false&#8221;,&#8221;violencia_extrema&#8221;:&#8221;false&#8221;,&#8221;violencia_fantasiosa&#8221;:&#8221;false&#8221;},&#8221;area_logada&#8221;:{&#8220;exclusive_content&#8221;:&#8221;false&#8221;},&#8221;navigation&#8221;:{&#8220;menu_url&#8221;:null,&#8221;nav_title&#8221;:null},&#8221;publicidade&#8221;:{&#8220;disable_adv&#8221;:&#8221;false&#8221;,&#8221;disable_audima_adv&#8221;:&#8221;false&#8221;,&#8221;disable_taboola&#8221;:&#8221;false&#8221;,&#8221;hash&#8221;:&#8221;r7esportes\/futebol\/campeonato-paulista\/lance-a-lance&#8221;},&#8221;site&#8221;:{&#8220;coupon_categories&#8221;:&#8221;departamentos&#8221;,&#8221;disable_refresh&#8221;:&#8221;0&#8243;,&#8221;enable_disclaimer&#8221;:&#8221;false&#8221;,&#8221;pagebuilder_path_for_native_apps&#8221;:null,&#8221;site_about&#8221;:null,&#8221;site_description&#8221;:&#8221;Acompanhe o jogo Palmeiras x S\u00e3o Paulo (Campeonato Paulista, Semifinal): escala\u00e7\u00e3o, fotos, v\u00eddeos, placar e lances da partida em tempo real.&#8221;,&#8221;site_keywords&#8221;:&#8221;palmeiras e s\u00e3o paulo, palmeiras x s\u00e3o paulo, palmeiras x sao paulo, lance a lance, cameponato paulista, paulist\u00e3o, narra\u00e7\u00e3o, minuto a minuto, tempo real, r7&#8243;,&#8221;site_tagline&#8221;:null,&#8221;site_title&#8221;:&#8221;Lance a Lance: Palmeiras x S\u00e3o Paulo | Semifinal | Campeonato Paulista&#8221;,&#8221;site_url&#8221;:null},&#8221;site_topper&#8221;:{&#8220;section_header_image&#8221;:null,&#8221;section_header_image_id&#8221;:null,&#8221;section_header_image_mobile&#8221;:null,&#8221;section_header_image_mobile_id&#8221;:null,&#8221;section_left_color_top&#8221;:null,&#8221;section_primary_color&#8221;:null,&#8221;section_right_color_top&#8221;:null,&#8221;site_logo_image&#8221;:null},&#8221;social&#8221;:{&#8220;facebook&#8221;:null,&#8221;instagram&#8221;:null,&#8221;kwai&#8221;:null,&#8221;rss&#8221;:null,&#8221;twitter&#8221;:null},&#8221;ultimas&#8221;:{&#8220;tab_ultimas&#8221;:[]},&#8221;is_grouping&#8221;:&#8221;false&#8221;,&#8221;node_type&#8221;:&#8221;section&#8221;,&#8221;children&#8221;:[]},{&#8220;_id&#8221;:&#8221;\/futebol\/campeonato-paulista\/lance-a-lance\/16-03-25-palmeiras-corinthians&#8221;,&#8221;_website&#8221;:&#8221;esportes&#8221;,&#8221;name&#8221;:&#8221;Palmeiras Corinthians&#8221;,&#8221;inactive&#8221;:false,&#8221;ancestors&#8221;:{&#8220;default&#8221;:[&#8220;https:\/\/esportes.r7.com\/futebol&#8221;,&#8221;\/futebol\/campeonato-paulista&#8221;,&#8221;\/futebol\/campeonato-paulista\/lance-a-lance&#8221;]},&#8221;parent&#8221;:{&#8220;default&#8221;:&#8221;\/futebol\/campeonato-paulista\/lance-a-lance&#8221;},&#8221;SEO&#8221;:{&#8220;og_image_id&#8221;:null,&#8221;seo_description&#8221;:&#8221;Acompanhe o jogo Palmeiras x Corinthians (Campeonato Paulista, Final, Jogo Ida): escala\u00e7\u00e3o, fotos, v\u00eddeos, placar e lances da partida em tempo real.&#8221;,&#8221;seo_tags&#8221;:[&#8220;futebol&#8221;,&#8221;tempo real&#8221;,&#8221;record&#8221;,&#8221;portal r7&#8243;,&#8221;jogo de ida&#8221;,&#8221;paulist\u00e3o&#8221;,&#8221;final paulist\u00e3o&#8221;,&#8221;campeonato paulista&#8221;,&#8221;lance a lance&#8221;,&#8221;corinthians e palmeiras&#8221;,&#8221;corinthians x palmeiras&#8221;,&#8221;palmeiras x corinthians&#8221;,&#8221;palmeiras e corinthians&#8221;],&#8221;seo_title&#8221;:&#8221;Palmeiras x Corinthians | Final| Campeonato Paulista&#8221;,&#8221;title_hotsite&#8221;:&#8221;Palmeiras x Corinthians | Final| Campeonato Paulista&#8221;,&#8221;top_url&#8221;:null,&#8221;url_og_image&#8221;:null},&#8221;age_rating&#8221;:{&#8220;classificacao_etaria&#8221;:null},&#8221;age_rating_description&#8221;:{&#8220;atos_criminosos&#8221;:&#8221;false&#8221;,&#8221;conteudo_sexual&#8221;:&#8221;false&#8221;,&#8221;drogas&#8221;:&#8221;false&#8221;,&#8221;drogas_ilicitas&#8221;:&#8221;false&#8221;,&#8221;drogas_licitas&#8221;:&#8221;false&#8221;,&#8221;linguagem_impropria&#8221;:&#8221;false&#8221;,&#8221;medo&#8221;:&#8221;false&#8221;,&#8221;nudez&#8221;:&#8221;false&#8221;,&#8221;procedimentos_medicos&#8221;:&#8221;false&#8221;,&#8221;sexo_explicito&#8221;:&#8221;false&#8221;,&#8221;temas_sensiveis&#8221;:&#8221;false&#8221;,&#8221;violencia&#8221;:&#8221;false&#8221;,&#8221;violencia_extrema&#8221;:&#8221;false&#8221;,&#8221;violencia_fantasiosa&#8221;:&#8221;false&#8221;},&#8221;area_logada&#8221;:{&#8220;exclusive_content&#8221;:&#8221;false&#8221;},&#8221;navigation&#8221;:{&#8220;menu_url&#8221;:null,&#8221;nav_title&#8221;:null},&#8221;publicidade&#8221;:{&#8220;disable_adv&#8221;:&#8221;false&#8221;,&#8221;disable_audima_adv&#8221;:&#8221;false&#8221;,&#8221;disable_taboola&#8221;:&#8221;false&#8221;,&#8221;hash&#8221;:&#8221;r7esportes\/futebol\/campeonato-paulista\/lance-a-lance&#8221;},&#8221;site&#8221;:{&#8220;coupon_categories&#8221;:&#8221;departamentos&#8221;,&#8221;disable_refresh&#8221;:&#8221;0&#8243;,&#8221;enable_disclaimer&#8221;:&#8221;false&#8221;,&#8221;pagebuilder_path_for_native_apps&#8221;:null,&#8221;site_about&#8221;:&#8221;Palmeiras x Corinthians | Final| Campeonato Paulista&#8221;,&#8221;site_description&#8221;:&#8221;Acompanhe o jogo Palmeiras x Corinthians (Campeonato Paulista, Final, Jogo Ida): escala\u00e7\u00e3o, fotos, v\u00eddeos, placar e lances da partida em tempo real.&#8221;,&#8221;site_keywords&#8221;:&#8221;palmeiras x corinthians, palmeiras e corinthians, corinthians x palmeiras, lance a lance, campeonato paulista, final paulist\u00e3o, paulist\u00e3o, jogo de ida, portal r7, record, tempo real, futebol&#8221;,&#8221;site_tagline&#8221;:null,&#8221;site_title&#8221;:&#8221;Palmeiras x Corinthians | Final| Campeonato Paulista&#8221;,&#8221;site_url&#8221;:null},&#8221;site_topper&#8221;:{&#8220;section_header_image&#8221;:null,&#8221;section_header_image_id&#8221;:null,&#8221;section_header_image_mobile&#8221;:null,&#8221;section_header_image_mobile_id&#8221;:null,&#8221;section_left_color_top&#8221;:null,&#8221;section_primary_color&#8221;:null,&#8221;section_right_color_top&#8221;:null,&#8221;site_logo_image&#8221;:null},&#8221;social&#8221;:{&#8220;facebook&#8221;:null,&#8221;instagram&#8221;:null,&#8221;kwai&#8221;:null,&#8221;rss&#8221;:null,&#8221;twitter&#8221;:null},&#8221;ultimas&#8221;:{&#8220;tab_ultimas&#8221;:[]},&#8221;is_grouping&#8221;:&#8221;false&#8221;,&#8221;node_type&#8221;:&#8221;section&#8221;,&#8221;children&#8221;:[]}]}]},{&#8220;_id&#8221;:&#8221;\/futebol\/caso-daniel&#8221;,&#8221;website&#8221;:&#8221;esportes&#8221;,&#8221;name&#8221;:&#8221;caso daniel&#8221;,&#8221;navigation&#8221;:{&#8220;nav_title&#8221;:&#8221;caso daniel&#8221;},&#8221;parent&#8221;:{&#8220;default&#8221;:&#8221;https:\/\/esportes.r7.com\/futebol&#8221;,&#8221;header&#8221;:&#8221;https:\/\/esportes.r7.com\/futebol&#8221;},&#8221;_admin&#8221;:{&#8220;alias_ids&#8221;:[&#8220;\/futebol\/caso-daniel&#8221;]},&#8221;site&#8221;:{&#8220;site_description&#8221;:&#8221;&#8221;,&#8221;site_title&#8221;:&#8221;caso daniel&#8221;},&#8221;inactive&#8221;:false,&#8221;SEO&#8221;:{&#8220;seo_tags&#8221;:[]},&#8221;site_topper&#8221;:{},&#8221;is_grouping&#8221;:&#8221;true&#8221;,&#8221;_website&#8221;:&#8221;esportes&#8221;,&#8221;node_type&#8221;:&#8221;section&#8221;,&#8221;children&#8221;:[]},{&#8220;_id&#8221;:&#8221;\/futebol\/champions-league&#8221;,&#8221;_website&#8221;:&#8221;esportes&#8221;,&#8221;name&#8221;:&#8221;Champions League&#8221;,&#8221;inactive&#8221;:false,&#8221;parent&#8221;:{&#8220;default&#8221;:&#8221;https:\/\/esportes.r7.com\/futebol&#8221;,&#8221;header&#8221;:&#8221;https:\/\/esportes.r7.com\/futebol&#8221;},&#8221;SEO&#8221;:{&#8220;og_image_id&#8221;:null,&#8221;seo_description&#8221;:&#8221;Confira resultados, pr\u00f3ximos jogos, tabela de classifica\u00e7\u00e3o completa, v\u00eddeos e as \u00faltimas not\u00edciasda Champions League | 2025 | no R7 Esportes&#8221;,&#8221;seo_tags&#8221;:[&#8220;esportes&#8221;,&#8221;r7&#8243;,&#8221;resultados&#8221;,&#8221;classifica\u00e7\u00e3o&#8221;,&#8221;tabela&#8221;,&#8221;resultados&#8221;,&#8221;liga europeia&#8221;,&#8221;champios league&#8221;,&#8221;futebol&#8221;,&#8221;liga dos campe\u00f5es&#8221;,&#8221;champions&#8221;],&#8221;seo_title&#8221;:&#8221;Tabela, not\u00edcias e resultados | Champions | 2025 | R7&#8243;,&#8221;title_hotsite&#8221;:&#8221;Tabela, not\u00edcias e resultados | Champions | 2025 | R7&#8243;,&#8221;top_url&#8221;:&#8221;https:\/\/esportes.r7.com\/futebol\/champions-league\/&#8221;,&#8221;url_og_image&#8221;:null},&#8221;_admin&#8221;:{&#8220;alias_ids&#8221;:[&#8220;\/futebol\/champions-league&#8221;]},&#8221;age_rating&#8221;:{&#8220;classificacao_etaria&#8221;:null},&#8221;age_rating_description&#8221;:{&#8220;atos_criminosos&#8221;:&#8221;false&#8221;,&#8221;conteudo_sexual&#8221;:&#8221;false&#8221;,&#8221;drogas&#8221;:&#8221;false&#8221;,&#8221;drogas_ilicitas&#8221;:&#8221;false&#8221;,&#8221;drogas_licitas&#8221;:&#8221;false&#8221;,&#8221;linguagem_impropria&#8221;:&#8221;false&#8221;,&#8221;medo&#8221;:&#8221;false&#8221;,&#8221;nudez&#8221;:&#8221;false&#8221;,&#8221;procedimentos_medicos&#8221;:&#8221;false&#8221;,&#8221;sexo_explicito&#8221;:&#8221;false&#8221;,&#8221;temas_sensiveis&#8221;:&#8221;false&#8221;,&#8221;violencia&#8221;:&#8221;false&#8221;,&#8221;violencia_extrema&#8221;:&#8221;false&#8221;,&#8221;violencia_fantasiosa&#8221;:&#8221;false&#8221;},&#8221;area_logada&#8221;:{&#8220;exclusive_content&#8221;:&#8221;false&#8221;},&#8221;campanha_branded&#8221;:{&#8220;ativar_background_campanha&#8221;:&#8221;false&#8221;,&#8221;ativar_fonte_campanha&#8221;:&#8221;false&#8221;,&#8221;ativar_logo_campanha&#8221;:&#8221;false&#8221;},&#8221;navigation&#8221;:{&#8220;menu_url&#8221;:null,&#8221;nav_title&#8221;:&#8221;Champions League&#8221;},&#8221;newsletter&#8221;:{&#8220;id&#8221;:&#8221;68484031b8b9d10001c4f8ba&#8221;},&#8221;publicidade&#8221;:{&#8220;disable_adv&#8221;:&#8221;false&#8221;,&#8221;disable_audima_adv&#8221;:&#8221;false&#8221;,&#8221;disable_taboola&#8221;:&#8221;false&#8221;,&#8221;hash&#8221;:&#8221;r7esportes\/futebol\/champions-league&#8221;},&#8221;site&#8221;:{&#8220;coupon_categories&#8221;:&#8221;departamentos&#8221;,&#8221;disable_refresh&#8221;:&#8221;4&#8243;,&#8221;enable_disclaimer&#8221;:&#8221;false&#8221;,&#8221;pagebuilder_path_for_native_apps&#8221;:null,&#8221;site_about&#8221;:&#8221;Tabela, not\u00edcias e resultados | Champions | 2025 | R7&#8243;,&#8221;site_description&#8221;:&#8221;Confira resultados, pr\u00f3ximos jogos, tabela de classifica\u00e7\u00e3o completa, v\u00eddeos e as \u00faltimas not\u00edciasda Champions League | 2025 | no R7 Esportes&#8221;,&#8221;site_keywords&#8221;:&#8221;champions league, champions, liga dos campeoes, futebol, tabelas, classificacao, resultados, esportes&#8221;,&#8221;site_tagline&#8221;:&#8221;Tabela, not\u00edcias e resultados | Champions | 2025 | R7&#8243;,&#8221;site_title&#8221;:&#8221;Tabela, not\u00edcias e resultados | Champions | 2025 | R7&#8243;,&#8221;site_url&#8221;:null},&#8221;site_topper&#8221;:{&#8220;section_header_image&#8221;:null,&#8221;section_header_image_id&#8221;:null,&#8221;section_header_image_mobile&#8221;:null,&#8221;section_header_image_mobile_id&#8221;:null,&#8221;section_left_color_top&#8221;:null,&#8221;section_primary_color&#8221;:null,&#8221;section_right_color_top&#8221;:null,&#8221;site_logo_image&#8221;:null},&#8221;social&#8221;:{&#8220;bluesky&#8221;:null,&#8221;facebook&#8221;:null,&#8221;instagram&#8221;:null,&#8221;kwai&#8221;:null,&#8221;rss&#8221;:null,&#8221;threads&#8221;:null,&#8221;tiktok&#8221;:null,&#8221;twitter&#8221;:null,&#8221;whatsapp&#8221;:null,&#8221;youtube&#8221;:null},&#8221;ultimas&#8221;:{&#8220;tab_ultimas&#8221;:[]},&#8221;is_grouping&#8221;:&#8221;false&#8221;,&#8221;node_type&#8221;:&#8221;section&#8221;,&#8221;children&#8221;:[{&#8220;_id&#8221;:&#8221;\/futebol\/champions-league\/lance-a-lance&#8221;,&#8221;_website&#8221;:&#8221;esportes&#8221;,&#8221;name&#8221;:&#8221;Lance a Lance&#8221;,&#8221;inactive&#8221;:false,&#8221;ancestors&#8221;:{&#8220;default&#8221;:[&#8220;https:\/\/esportes.r7.com\/futebol&#8221;,&#8221;\/futebol\/champions-league&#8221;]},&#8221;parent&#8221;:{&#8220;default&#8221;:&#8221;\/futebol\/champions-league&#8221;},&#8221;SEO&#8221;:{&#8220;og_image_id&#8221;:null,&#8221;seo_description&#8221;:&#8221;Acompanhe a Champions League no R7! Placar ao vivo, gols e not\u00edcias do campeonato. Tudo sobre futebol e campeonatos em um s\u00f3 lugar! Acesse e n\u00e3o perca nada!&#8221;,&#8221;seo_tags&#8221;:[&#8220;Champions League&#8221;,&#8221;R7&#8243;,&#8221;placar ao vivo&#8221;,&#8221;gols&#8221;,&#8221;not\u00edcias&#8221;,&#8221;futebol&#8221;],&#8221;seo_title&#8221;:&#8221;Confira Champions League Lance a Lance: Placar, Gols e Not\u00edcias!&#8221;,&#8221;title_hotsite&#8221;:&#8221;Lance a Lance | Champions League&#8221;,&#8221;top_url&#8221;:&#8221;https:\/\/esportes.r7.com\/&#8221;,&#8221;url_og_image&#8221;:&#8221;https:\/\/cloudfront-us-east-1.images.arcpublishing.com\/newr7\/O7DGNVKAN5GJ5BFJ2JNFSB5NRE.jpg&#8221;},&#8221;age_rating&#8221;:{&#8220;classificacao_etaria&#8221;:null},&#8221;age_rating_description&#8221;:{&#8220;atos_criminosos&#8221;:&#8221;false&#8221;,&#8221;conteudo_sexual&#8221;:&#8221;false&#8221;,&#8221;drogas&#8221;:&#8221;false&#8221;,&#8221;drogas_ilicitas&#8221;:&#8221;false&#8221;,&#8221;drogas_licitas&#8221;:&#8221;false&#8221;,&#8221;linguagem_impropria&#8221;:&#8221;false&#8221;,&#8221;medo&#8221;:&#8221;false&#8221;,&#8221;nudez&#8221;:&#8221;false&#8221;,&#8221;procedimentos_medicos&#8221;:&#8221;false&#8221;,&#8221;sexo_explicito&#8221;:&#8221;false&#8221;,&#8221;temas_sensiveis&#8221;:&#8221;false&#8221;,&#8221;violencia&#8221;:&#8221;false&#8221;,&#8221;violencia_extrema&#8221;:&#8221;false&#8221;,&#8221;violencia_fantasiosa&#8221;:&#8221;false&#8221;},&#8221;area_logada&#8221;:{&#8220;exclusive_content&#8221;:&#8221;false&#8221;},&#8221;navigation&#8221;:{&#8220;menu_url&#8221;:null,&#8221;nav_title&#8221;:&#8221;Lance a Lance | Champions League&#8221;},&#8221;newsletter&#8221;:{&#8220;id&#8221;:null},&#8221;publicidade&#8221;:{&#8220;disable_adv&#8221;:&#8221;false&#8221;,&#8221;disable_audima_adv&#8221;:&#8221;false&#8221;,&#8221;disable_taboola&#8221;:&#8221;false&#8221;,&#8221;hash&#8221;:&#8221;r7esportes\/futebol\/lance-a-lance\/champions-league&#8221;},&#8221;site&#8221;:{&#8220;coupon_categories&#8221;:&#8221;departamentos&#8221;,&#8221;disable_refresh&#8221;:&#8221;4&#8243;,&#8221;enable_disclaimer&#8221;:&#8221;false&#8221;,&#8221;pagebuilder_path_for_native_apps&#8221;:null,&#8221;site_about&#8221;:null,&#8221;site_description&#8221;:null,&#8221;site_keywords&#8221;:null,&#8221;site_tagline&#8221;:null,&#8221;site_title&#8221;:null,&#8221;site_url&#8221;:&#8221;https:\/\/esportes.r7.com\/&#8221;},&#8221;site_topper&#8221;:{&#8220;section_header_image&#8221;:&#8221;https:\/\/cloudfront-us-east-1.images.arcpublishing.com\/newr7\/TXQCRSZ7VRHU7EZTAJYIQWMLJQ.jpg&#8221;,&#8221;section_header_image_id&#8221;:null,&#8221;section_header_image_mobile&#8221;:&#8221;https:\/\/cloudfront-us-east-1.images.arcpublishing.com\/newr7\/OVCYGK4V7RFN7FXQLAXK5RLVBA.jpg&#8221;,&#8221;section_header_image_mobile_id&#8221;:null,&#8221;section_left_color_top&#8221;:&#8221;#0C703C&#8221;,&#8221;section_primary_color&#8221;:&#8221;#2B8047&#8243;,&#8221;section_right_color_top&#8221;:&#8221;#0C703C&#8221;,&#8221;site_logo_image&#8221;:null},&#8221;social&#8221;:{&#8220;facebook&#8221;:null,&#8221;instagram&#8221;:null,&#8221;kwai&#8221;:null,&#8221;rss&#8221;:null,&#8221;twitter&#8221;:null},&#8221;ultimas&#8221;:{&#8220;tab_ultimas&#8221;:[]},&#8221;is_grouping&#8221;:&#8221;false&#8221;,&#8221;node_type&#8221;:&#8221;section&#8221;,&#8221;children&#8221;:[]}]},{&#8220;_id&#8221;:&#8221;\/futebol\/copa-america-2019&#8243;,&#8221;website&#8221;:&#8221;esportes&#8221;,&#8221;name&#8221;:&#8221;Copa Am\u00e9rica 2019&#8243;,&#8221;navigation&#8221;:{&#8220;nav_title&#8221;:&#8221;Copa Am\u00e9rica 2019&#8243;},&#8221;parent&#8221;:{&#8220;default&#8221;:&#8221;https:\/\/esportes.r7.com\/futebol&#8221;,&#8221;header&#8221;:&#8221;https:\/\/esportes.r7.com\/futebol&#8221;},&#8221;_admin&#8221;:{&#8220;alias_ids&#8221;:[&#8220;\/futebol\/copa-america-2019&#8243;]},&#8221;site&#8221;:{&#8220;site_description&#8221;:&#8221;&#8221;,&#8221;site_title&#8221;:&#8221;Copa Am\u00e9rica 2019&#8243;},&#8221;inactive&#8221;:false,&#8221;SEO&#8221;:{&#8220;seo_tags&#8221;:[]},&#8221;site_topper&#8221;:{},&#8221;is_grouping&#8221;:&#8221;true&#8221;,&#8221;_website&#8221;:&#8221;esportes&#8221;,&#8221;node_type&#8221;:&#8221;section&#8221;,&#8221;children&#8221;:[]},{&#8220;_id&#8221;:&#8221;\/futebol\/copa-das-confederacoes-2013&#8243;,&#8221;website&#8221;:&#8221;esportes&#8221;,&#8221;name&#8221;:&#8221;Copa das Confedera\u00e7\u00f5es 2013&#8243;,&#8221;navigation&#8221;:{&#8220;nav_title&#8221;:&#8221;Copa das Confedera\u00e7\u00f5es 2013&#8243;},&#8221;parent&#8221;:{&#8220;default&#8221;:&#8221;https:\/\/esportes.r7.com\/futebol&#8221;,&#8221;header&#8221;:&#8221;https:\/\/esportes.r7.com\/futebol&#8221;},&#8221;_admin&#8221;:{&#8220;alias_ids&#8221;:[&#8220;\/futebol\/copa-das-confederacoes-2013&#8243;]},&#8221;site&#8221;:{&#8220;site_description&#8221;:&#8221;&#8221;,&#8221;site_title&#8221;:&#8221;Copa das Confedera\u00e7\u00f5es 2013&#8243;},&#8221;inactive&#8221;:false,&#8221;SEO&#8221;:{&#8220;seo_tags&#8221;:[]},&#8221;site_topper&#8221;:{},&#8221;is_grouping&#8221;:&#8221;false&#8221;,&#8221;_website&#8221;:&#8221;esportes&#8221;,&#8221;node_type&#8221;:&#8221;section&#8221;,&#8221;children&#8221;:[{&#8220;_id&#8221;:&#8221;\/futebol\/copa-das-confederacoes-2013\/selecao-brasileira&#8221;,&#8221;website&#8221;:&#8221;esportes&#8221;,&#8221;name&#8221;:&#8221;Sele\u00e7\u00e3o Brasileira&#8221;,&#8221;navigation&#8221;:{&#8220;nav_title&#8221;:&#8221;Sele\u00e7\u00e3o Brasileira&#8221;},&#8221;parent&#8221;:{&#8220;default&#8221;:&#8221;\/futebol\/copa-das-confederacoes-2013&#8243;,&#8221;header&#8221;:&#8221;\/futebol\/copa-das-confederacoes-2013&#8243;},&#8221;_admin&#8221;:{&#8220;alias_ids&#8221;:[&#8220;\/futebol\/copa-das-confederacoes-2013\/selecao-brasileira&#8221;]},&#8221;site&#8221;:{&#8220;site_description&#8221;:&#8221;&#8221;,&#8221;site_title&#8221;:&#8221;Sele\u00e7\u00e3o Brasileira&#8221;},&#8221;inactive&#8221;:false,&#8221;SEO&#8221;:{&#8220;seo_tags&#8221;:[]},&#8221;site_topper&#8221;:{},&#8221;is_grouping&#8221;:&#8221;false&#8221;,&#8221;_website&#8221;:&#8221;esportes&#8221;,&#8221;node_type&#8221;:&#8221;section&#8221;,&#8221;children&#8221;:[]},{&#8220;_id&#8221;:&#8221;\/futebol\/copa-das-confederacoes-2013\/videos&#8221;,&#8221;website&#8221;:&#8221;esportes&#8221;,&#8221;name&#8221;:&#8221;V\u00eddeos&#8221;,&#8221;navigation&#8221;:{&#8220;nav_title&#8221;:&#8221;V\u00eddeos&#8221;},&#8221;parent&#8221;:{&#8220;default&#8221;:&#8221;\/futebol\/copa-das-confederacoes-2013&#8243;,&#8221;header&#8221;:&#8221;\/futebol\/copa-das-confederacoes-2013&#8243;},&#8221;_admin&#8221;:{&#8220;alias_ids&#8221;:[&#8220;\/futebol\/copa-das-confederacoes-2013\/videos&#8221;]},&#8221;site&#8221;:{&#8220;site_description&#8221;:&#8221;&#8221;,&#8221;site_title&#8221;:&#8221;V\u00eddeos&#8221;},&#8221;inactive&#8221;:false,&#8221;SEO&#8221;:{&#8220;seo_tags&#8221;:[]},&#8221;site_topper&#8221;:{},&#8221;is_grouping&#8221;:&#8221;false&#8221;,&#8221;_website&#8221;:&#8221;esportes&#8221;,&#8221;node_type&#8221;:&#8221;section&#8221;,&#8221;children&#8221;:[]}]},{&#8220;_id&#8221;:&#8221;\/futebol\/copa-do-brasil&#8221;,&#8221;_website&#8221;:&#8221;esportes&#8221;,&#8221;name&#8221;:&#8221;Copa do Brasil&#8221;,&#8221;inactive&#8221;:false,&#8221;parent&#8221;:{&#8220;default&#8221;:&#8221;https:\/\/esportes.r7.com\/futebol&#8221;,&#8221;header&#8221;:&#8221;https:\/\/esportes.r7.com\/futebol&#8221;},&#8221;SEO&#8221;:{&#8220;og_image_id&#8221;:null,&#8221;seo_description&#8221;:&#8221;Confira resultados, pr\u00f3ximos jogos, tabela de classifica\u00e7\u00e3o completa, v\u00eddeos e as \u00faltimas not\u00edciasda Copa do Brasil | 2025 | no R7 Esportes&#8221;,&#8221;seo_tags&#8221;:[&#8220;tabela&#8221;,&#8221;resultados&#8221;,&#8221;classifica\u00e7\u00e3o&#8221;,&#8221;r7&#8243;,&#8221;esportes&#8221;,&#8221;futebol&#8221;,&#8221;copa do brasil&#8221;],&#8221;seo_title&#8221;:&#8221;Tabela, not\u00edcias e resultados | Copa do Brasil | 2025 | R7&#8243;,&#8221;title_hotsite&#8221;:&#8221;Tabela, not\u00edcias e resultados | Copa do Brasil | 2025 | R7&#8243;,&#8221;top_url&#8221;:&#8221;https:\/\/esportes.r7.com\/futebol\/copa-do-brasil\/&#8221;,&#8221;url_og_image&#8221;:null},&#8221;_admin&#8221;:{&#8220;alias_ids&#8221;:[&#8220;\/futebol\/copa-do-brasil&#8221;]},&#8221;age_rating&#8221;:{&#8220;classificacao_etaria&#8221;:null},&#8221;age_rating_description&#8221;:{&#8220;atos_criminosos&#8221;:&#8221;false&#8221;,&#8221;conteudo_sexual&#8221;:&#8221;false&#8221;,&#8221;drogas&#8221;:&#8221;false&#8221;,&#8221;drogas_ilicitas&#8221;:&#8221;false&#8221;,&#8221;drogas_licitas&#8221;:&#8221;false&#8221;,&#8221;linguagem_impropria&#8221;:&#8221;false&#8221;,&#8221;medo&#8221;:&#8221;false&#8221;,&#8221;nudez&#8221;:&#8221;false&#8221;,&#8221;procedimentos_medicos&#8221;:&#8221;false&#8221;,&#8221;sexo_explicito&#8221;:&#8221;false&#8221;,&#8221;temas_sensiveis&#8221;:&#8221;false&#8221;,&#8221;violencia&#8221;:&#8221;false&#8221;,&#8221;violencia_extrema&#8221;:&#8221;false&#8221;,&#8221;violencia_fantasiosa&#8221;:&#8221;false&#8221;},&#8221;area_logada&#8221;:{&#8220;exclusive_content&#8221;:&#8221;false&#8221;},&#8221;campanha_branded&#8221;:{&#8220;ativar_background_campanha&#8221;:&#8221;false&#8221;,&#8221;ativar_fonte_campanha&#8221;:&#8221;false&#8221;,&#8221;ativar_logo_campanha&#8221;:&#8221;false&#8221;},&#8221;navigation&#8221;:{&#8220;menu_url&#8221;:null,&#8221;nav_title&#8221;:&#8221;Copa do Brasil&#8221;},&#8221;newsletter&#8221;:{&#8220;id&#8221;:&#8221;68484031b8b9d10001c4f8ba&#8221;},&#8221;publicidade&#8221;:{&#8220;disable_adv&#8221;:&#8221;false&#8221;,&#8221;disable_audima_adv&#8221;:&#8221;false&#8221;,&#8221;disable_taboola&#8221;:&#8221;false&#8221;,&#8221;hash&#8221;:&#8221;r7esportes\/futebol\/copa-do-brasil&#8221;},&#8221;site&#8221;:{&#8220;coupon_categories&#8221;:&#8221;departamentos&#8221;,&#8221;disable_refresh&#8221;:&#8221;4&#8243;,&#8221;enable_disclaimer&#8221;:&#8221;false&#8221;,&#8221;pagebuilder_path_for_native_apps&#8221;:null,&#8221;site_about&#8221;:&#8221;Tabela, not\u00edcias e resultados | Copa do Brasil | 2025 | R7&#8243;,&#8221;site_description&#8221;:&#8221;Confira resultados, pr\u00f3ximos jogos, tabela de classifica\u00e7\u00e3o completa, v\u00eddeos e as \u00faltimas not\u00edciasda Copa do Brasil | 2025 | no R7 Esportes&#8221;,&#8221;site_keywords&#8221;:&#8221;copa do brasil, futebol, resultados, tabela, classifica\u00e7\u00e3o, esportes, r7&#8243;,&#8221;site_tagline&#8221;:&#8221;Tabela, not\u00edcias e resultados | Copa do Brasil | 2025 | R7&#8243;,&#8221;site_title&#8221;:&#8221;Tabela, not\u00edcias e resultados | Copa do Brasil | 2025 | R7&#8243;,&#8221;site_url&#8221;:null},&#8221;site_topper&#8221;:{&#8220;section_header_image&#8221;:null,&#8221;section_header_image_id&#8221;:null,&#8221;section_header_image_mobile&#8221;:null,&#8221;section_header_image_mobile_id&#8221;:null,&#8221;section_left_color_top&#8221;:null,&#8221;section_primary_color&#8221;:null,&#8221;section_right_color_top&#8221;:null,&#8221;site_logo_image&#8221;:null},&#8221;social&#8221;:{&#8220;bluesky&#8221;:null,&#8221;facebook&#8221;:null,&#8221;instagram&#8221;:null,&#8221;kwai&#8221;:null,&#8221;rss&#8221;:null,&#8221;threads&#8221;:null,&#8221;tiktok&#8221;:null,&#8221;twitter&#8221;:null,&#8221;whatsapp&#8221;:null,&#8221;youtube&#8221;:null},&#8221;ultimas&#8221;:{&#8220;tab_ultimas&#8221;:[]},&#8221;is_grouping&#8221;:&#8221;false&#8221;,&#8221;node_type&#8221;:&#8221;section&#8221;,&#8221;children&#8221;:[{&#8220;_id&#8221;:&#8221;\/futebol\/copa-do-brasil\/lance-a-lance&#8221;,&#8221;_website&#8221;:&#8221;esportes&#8221;,&#8221;name&#8221;:&#8221;Lance a Lance&#8221;,&#8221;inactive&#8221;:false,&#8221;ancestors&#8221;:{&#8220;default&#8221;:[&#8220;https:\/\/esportes.r7.com\/futebol&#8221;,&#8221;\/futebol\/copa-do-brasil&#8221;]},&#8221;parent&#8221;:{&#8220;default&#8221;:&#8221;\/futebol\/copa-do-brasil&#8221;},&#8221;SEO&#8221;:{&#8220;og_image_id&#8221;:null,&#8221;seo_description&#8221;:&#8221;Acompanhe a Copa do Brasil e o Brasileir\u00e3o no R7! Lances, resultados e not\u00edcias do futebol em 2025. N\u00e3o perca, acesse agora!&#8221;,&#8221;seo_tags&#8221;:[&#8220;Copa do Brasil&#8221;,&#8221;Brasileir\u00e3o&#8221;,&#8221;R7&#8243;,&#8221;futebol&#8221;,&#8221;resultados&#8221;,&#8221;not\u00edcias&#8221;],&#8221;seo_title&#8221;:&#8221;Confira Copa do Brasil: Lance a Lance Exclusivo no Campeonato Brasileiro!&#8221;,&#8221;title_hotsite&#8221;:&#8221;Lance a Lance | Copa do Brasil&#8221;,&#8221;top_url&#8221;:&#8221;https:\/\/esportes.r7.com\/&#8221;,&#8221;url_og_image&#8221;:&#8221;https:\/\/cloudfront-us-east-1.images.arcpublishing.com\/newr7\/POJAEYEYEFALVJWWOLDWD4GECQ.jpg&#8221;},&#8221;age_rating&#8221;:{&#8220;classificacao_etaria&#8221;:null},&#8221;age_rating_description&#8221;:{&#8220;atos_criminosos&#8221;:&#8221;false&#8221;,&#8221;conteudo_sexual&#8221;:&#8221;false&#8221;,&#8221;drogas&#8221;:&#8221;false&#8221;,&#8221;drogas_ilicitas&#8221;:&#8221;false&#8221;,&#8221;drogas_licitas&#8221;:&#8221;false&#8221;,&#8221;linguagem_impropria&#8221;:&#8221;false&#8221;,&#8221;medo&#8221;:&#8221;false&#8221;,&#8221;nudez&#8221;:&#8221;false&#8221;,&#8221;procedimentos_medicos&#8221;:&#8221;false&#8221;,&#8221;sexo_explicito&#8221;:&#8221;false&#8221;,&#8221;temas_sensiveis&#8221;:&#8221;false&#8221;,&#8221;violencia&#8221;:&#8221;false&#8221;,&#8221;violencia_extrema&#8221;:&#8221;false&#8221;,&#8221;violencia_fantasiosa&#8221;:&#8221;false&#8221;},&#8221;area_logada&#8221;:{&#8220;exclusive_content&#8221;:&#8221;false&#8221;},&#8221;navigation&#8221;:{&#8220;menu_url&#8221;:null,&#8221;nav_title&#8221;:&#8221;Lance a Lance | Copa do Brasil&#8221;},&#8221;newsletter&#8221;:{&#8220;id&#8221;:null},&#8221;publicidade&#8221;:{&#8220;disable_adv&#8221;:&#8221;false&#8221;,&#8221;disable_audima_adv&#8221;:&#8221;false&#8221;,&#8221;disable_taboola&#8221;:&#8221;false&#8221;,&#8221;hash&#8221;:&#8221;r7esportes\/futebol\/lance-a-lance\/copa-do-brasil&#8221;},&#8221;site&#8221;:{&#8220;coupon_categories&#8221;:&#8221;departamentos&#8221;,&#8221;disable_refresh&#8221;:&#8221;4&#8243;,&#8221;enable_disclaimer&#8221;:&#8221;false&#8221;,&#8221;pagebuilder_path_for_native_apps&#8221;:null,&#8221;site_about&#8221;:null,&#8221;site_description&#8221;:null,&#8221;site_keywords&#8221;:null,&#8221;site_tagline&#8221;:null,&#8221;site_title&#8221;:&#8221;Lance a Lance | Copa do Brasil&#8221;,&#8221;site_url&#8221;:null},&#8221;site_topper&#8221;:{&#8220;section_header_image&#8221;:&#8221;https:\/\/cloudfront-us-east-1.images.arcpublishing.com\/newr7\/L5C35XEKTZDXTLXEL5LSWAW6SI.jpg&#8221;,&#8221;section_header_image_id&#8221;:null,&#8221;section_header_image_mobile&#8221;:&#8221;https:\/\/cloudfront-us-east-1.images.arcpublishing.com\/newr7\/RFK6OFJTUVENBDM5SY755FXEGA.jpg&#8221;,&#8221;section_header_image_mobile_id&#8221;:null,&#8221;section_left_color_top&#8221;:&#8221;#0C703C&#8221;,&#8221;section_primary_color&#8221;:&#8221;#2B8047&#8243;,&#8221;section_right_color_top&#8221;:&#8221;#0C703C&#8221;,&#8221;site_logo_image&#8221;:null},&#8221;social&#8221;:{&#8220;facebook&#8221;:null,&#8221;instagram&#8221;:null,&#8221;kwai&#8221;:null,&#8221;rss&#8221;:null,&#8221;twitter&#8221;:null},&#8221;ultimas&#8221;:{&#8220;tab_ultimas&#8221;:[]},&#8221;is_grouping&#8221;:&#8221;false&#8221;,&#8221;node_type&#8221;:&#8221;section&#8221;,&#8221;children&#8221;:[]},{&#8220;_id&#8221;:&#8221;\/futebol\/copa-do-brasil\/tabela&#8221;,&#8221;_website&#8221;:&#8221;esportes&#8221;,&#8221;name&#8221;:&#8221;Tabela&#8221;,&#8221;inactive&#8221;:false,&#8221;ancestors&#8221;:{&#8220;default&#8221;:[&#8220;https:\/\/esportes.r7.com\/futebol&#8221;,&#8221;\/futebol\/copa-do-brasil&#8221;]},&#8221;parent&#8221;:{&#8220;default&#8221;:&#8221;\/futebol\/copa-do-brasil&#8221;},&#8221;SEO&#8221;:{&#8220;og_image_id&#8221;:null,&#8221;seo_description&#8221;:&#8221;Copa do Brasil com chaveamento atualizado \u00e9 no R7 Esportes! Confira os pr\u00f3ximos jogos, not\u00edcias e muito mais.&#8221;,&#8221;seo_tags&#8221;:[&#8220;Classifica\u00e7\u00e3o&#8221;,&#8221;Tabela&#8221;,&#8221;Copa do Brasil&#8221;,&#8221;R7&#8243;,&#8221;resultados&#8221;,&#8221;jogos&#8221;,&#8221;futebol&#8221;,&#8221;campeonato&#8221;],&#8221;seo_title&#8221;:&#8221;Tabela e jogos | Copa do Brasil 2025 | R7 Esportes&#8221;,&#8221;title_hotsite&#8221;:&#8221;Tabela e jogos | Copa do Brasil 2025 | R7 Esportes&#8221;,&#8221;top_url&#8221;:&#8221;https:\/\/esportes.r7.com\/futebol\/copa-do-brasil\/&#8221;,&#8221;url_og_image&#8221;:null},&#8221;age_rating&#8221;:{&#8220;classificacao_etaria&#8221;:null},&#8221;age_rating_description&#8221;:{&#8220;atos_criminosos&#8221;:&#8221;false&#8221;,&#8221;conteudo_sexual&#8221;:&#8221;false&#8221;,&#8221;drogas&#8221;:&#8221;false&#8221;,&#8221;drogas_ilicitas&#8221;:&#8221;false&#8221;,&#8221;drogas_licitas&#8221;:&#8221;false&#8221;,&#8221;linguagem_impropria&#8221;:&#8221;false&#8221;,&#8221;medo&#8221;:&#8221;false&#8221;,&#8221;nudez&#8221;:&#8221;false&#8221;,&#8221;procedimentos_medicos&#8221;:&#8221;false&#8221;,&#8221;sexo_explicito&#8221;:&#8221;false&#8221;,&#8221;temas_sensiveis&#8221;:&#8221;false&#8221;,&#8221;violencia&#8221;:&#8221;false&#8221;,&#8221;violencia_extrema&#8221;:&#8221;false&#8221;,&#8221;violencia_fantasiosa&#8221;:&#8221;false&#8221;},&#8221;area_logada&#8221;:{&#8220;exclusive_content&#8221;:&#8221;false&#8221;},&#8221;navigation&#8221;:{&#8220;menu_url&#8221;:null,&#8221;nav_title&#8221;:&#8221;Tabela | Copa do Brasil&#8221;},&#8221;newsletter&#8221;:{&#8220;id&#8221;:null},&#8221;publicidade&#8221;:{&#8220;disable_adv&#8221;:&#8221;false&#8221;,&#8221;disable_audima_adv&#8221;:&#8221;false&#8221;,&#8221;disable_taboola&#8221;:&#8221;false&#8221;,&#8221;hash&#8221;:&#8221;r7esportes\/futebol\/copa-do-brasil\/tabela&#8221;},&#8221;site&#8221;:{&#8220;coupon_categories&#8221;:&#8221;departamentos&#8221;,&#8221;disable_refresh&#8221;:&#8221;4&#8243;,&#8221;enable_disclaimer&#8221;:&#8221;false&#8221;,&#8221;pagebuilder_path_for_native_apps&#8221;:null,&#8221;site_about&#8221;:&#8221;Tabela e jogos | Copa do Brasil 2025 | R7 Esportes&#8221;,&#8221;site_description&#8221;:&#8221;Copa do Brasil com chaveamento atualizado \u00e9 no R7 Esportes! Confira os pr\u00f3ximos jogos, not\u00edcias e muito mais.&#8221;,&#8221;site_keywords&#8221;:&#8221;tabela, classifica\u00e7\u00e3o, rodadas, copa do brasil, futebol, r7 esportes, r7&#8243;,&#8221;site_tagline&#8221;:&#8221;Tabela e jogos | Copa do Brasil 2025 | R7 Esportes&#8221;,&#8221;site_title&#8221;:&#8221;Tabela e jogos | Copa do Brasil 2025 | R7 Esportes&#8221;,&#8221;site_url&#8221;:null},&#8221;site_topper&#8221;:{&#8220;section_header_image&#8221;:null,&#8221;section_header_image_id&#8221;:null,&#8221;section_header_image_mobile&#8221;:null,&#8221;section_header_image_mobile_id&#8221;:null,&#8221;section_left_color_top&#8221;:null,&#8221;section_primary_color&#8221;:null,&#8221;section_right_color_top&#8221;:null,&#8221;site_logo_image&#8221;:null},&#8221;social&#8221;:{&#8220;facebook&#8221;:null,&#8221;instagram&#8221;:null,&#8221;kwai&#8221;:null,&#8221;rss&#8221;:null,&#8221;twitter&#8221;:null},&#8221;ultimas&#8221;:{&#8220;tab_ultimas&#8221;:[]},&#8221;is_grouping&#8221;:&#8221;false&#8221;,&#8221;node_type&#8221;:&#8221;section&#8221;,&#8221;children&#8221;:[]}]},{&#8220;_id&#8221;:&#8221;\/futebol\/copa-do-mundo&#8221;,&#8221;_website&#8221;:&#8221;esportes&#8221;,&#8221;name&#8221;:&#8221;Copa do Mundo&#8221;,&#8221;inactive&#8221;:false,&#8221;parent&#8221;:{&#8220;default&#8221;:&#8221;https:\/\/esportes.r7.com\/futebol&#8221;,&#8221;header&#8221;:&#8221;https:\/\/esportes.r7.com\/futebol&#8221;},&#8221;SEO&#8221;:{&#8220;og_image_id&#8221;:&#8221;653308b04b4955fbd1000979&#8243;,&#8221;seo_description&#8221;:&#8221;Acompanhe tudo sobre a Copa do Mundo no Portal R7. Not\u00edcias, fotos e v\u00eddeos dos jogos, est\u00e1dios, sele\u00e7\u00f5es participantes, cobertura ao vivo e mais.&#8221;,&#8221;seo_tags&#8221;:[&#8220;copa do mundo&#8221;,&#8221;copa&#8221;,&#8221;futebol&#8221;,&#8221;r7&#8243;],&#8221;seo_title&#8221;:&#8221;Copa do Mundo \u2013 Jogos, est\u00e1dios, sele\u00e7\u00f5es e mais \u2013 R7 Futebol&#8221;,&#8221;title_hotsite&#8221;:&#8221;R7 Esportes&#8221;,&#8221;top_url&#8221;:&#8221;https:\/\/esportes.r7.com\/&#8221;,&#8221;url_og_image&#8221;:&#8221;https:\/\/cloudfront-us-east-1.images.arcpublishing.com\/newr7\/UJIAHAVOPJATXCX64UZXXLW2FY.jpg&#8221;},&#8221;_admin&#8221;:{&#8220;alias_ids&#8221;:[&#8220;\/futebol\/copa-do-mundo&#8221;]},&#8221;navigation&#8221;:{&#8220;nav_title&#8221;:&#8221;Copa do Mundo&#8221;},&#8221;newsletter&#8221;:{&#8220;id&#8221;:&#8221;68484031b8b9d10001c4f8ba&#8221;},&#8221;site&#8221;:{&#8220;site_description&#8221;:null,&#8221;site_title&#8221;:&#8221;Copa do Mundo&#8221;},&#8221;site_topper&#8221;:{&#8220;section_header_image&#8221;:&#8221;https:\/\/cloudfront-us-east-1.images.arcpublishing.com\/newr7\/CPBTPOA4DBEKFBAHVJ6Z7NRCKE.jpg&#8221;,&#8221;section_header_image_id&#8221;:&#8221;653308244b49551940000133&#8243;,&#8221;section_header_image_mobile&#8221;:&#8221;https:\/\/cloudfront-us-east-1.images.arcpublishing.com\/newr7\/CBJ5BW6XHRHHBJHSBLUBZXHUJQ.jpg&#8221;,&#8221;section_header_image_mobile_id&#8221;:&#8221;6533084f43527fd2d500024d&#8221;,&#8221;section_left_color_top&#8221;:&#8221;#2B8047&#8243;,&#8221;section_primary_color&#8221;:&#8221;#0E8148&#8243;,&#8221;section_right_color_top&#8221;:&#8221;#2B8047&#8243;},&#8221;is_grouping&#8221;:&#8221;false&#8221;,&#8221;node_type&#8221;:&#8221;section&#8221;,&#8221;children&#8221;:[{&#8220;_id&#8221;:&#8221;\/futebol\/copa-do-mundo\/conteudo-exclusivo&#8221;,&#8221;website&#8221;:&#8221;esportes&#8221;,&#8221;name&#8221;:&#8221;Conte\u00fado Exclusivo&#8221;,&#8221;navigation&#8221;:{&#8220;nav_title&#8221;:&#8221;Conte\u00fado Exclusivo&#8221;},&#8221;parent&#8221;:{&#8220;default&#8221;:&#8221;\/futebol\/copa-do-mundo&#8221;,&#8221;header&#8221;:&#8221;\/futebol\/copa-do-mundo&#8221;},&#8221;_admin&#8221;:{&#8220;alias_ids&#8221;:[&#8220;\/futebol\/copa-do-mundo\/conteudo-exclusivo&#8221;]},&#8221;site&#8221;:{&#8220;site_description&#8221;:&#8221;&#8221;,&#8221;site_title&#8221;:&#8221;Conte\u00fado Exclusivo&#8221;},&#8221;inactive&#8221;:false,&#8221;SEO&#8221;:{&#8220;seo_tags&#8221;:[&#8220;conte\u00fado exclusivo&#8221;,&#8221;conte\u00fados&#8221;,&#8221;copa do mundo&#8221;],&#8221;seo_title&#8221;:&#8221;Copa do Mundo 2022: Conte\u00fado Exclusivo &#8211; R7 Futebol&#8221;,&#8221;seo_description&#8221;:&#8221;Assista aos conte\u00fados originais e digitais sobre a Copa do Mundo do Catar 2022 exclusivamente no Portal R7 Futebol. Fique por dentro das novidades aqui!&#8221;,&#8221;title_hotsite&#8221;:&#8221;Copa do mundo 2022&#8243;,&#8221;top_url&#8221;:&#8221;https:\/\/esportes.r7.com\/futebol\/copa-do-mundo&#8221;,&#8221;url_og_image&#8221;:&#8221;https:\/\/img.r7.com\/images\/conexao-catar-08012023201320520&#8243;,&#8221;og_image_id&#8221;:&#8221;63bb4e3aca90848ac7000dad&#8221;},&#8221;site_topper&#8221;:{&#8220;section_header_image&#8221;:&#8221;https:\/\/img.r7.com\/images\/conexao-catar-08012023201259762&#8243;,&#8221;section_header_image_id&#8221;:&#8221;63bb4e2619d2244f5400163b&#8221;,&#8221;section_left_color_top&#8221;:&#8221;#680325&#8243;,&#8221;section_right_color_top&#8221;:&#8221;#680325&#8243;,&#8221;section_primary_color&#8221;:&#8221;#0E8148&#8243;,&#8221;section_header_image_mobile_id&#8221;:&#8221;63bb4e5f4b49553091001aac&#8221;,&#8221;section_header_image_mobile&#8221;:&#8221;https:\/\/img.r7.com\/images\/conexao-catar-08012023201357180&#8243;},&#8221;is_grouping&#8221;:&#8221;false&#8221;,&#8221;_website&#8221;:&#8221;esportes&#8221;,&#8221;node_type&#8221;:&#8221;section&#8221;,&#8221;children&#8221;:[{&#8220;_id&#8221;:&#8221;\/futebol\/copa-do-mundo\/conteudo-exclusivo\/joga-nas-11-conexao-catar&#8221;,&#8221;website&#8221;:&#8221;esportes&#8221;,&#8221;name&#8221;:&#8221;Joga nas 11 \u2013 Conex\u00e3o Catar&#8221;,&#8221;navigation&#8221;:{&#8220;nav_title&#8221;:&#8221;Joga nas 11 \u2013 Conex\u00e3o Catar&#8221;},&#8221;parent&#8221;:{&#8220;default&#8221;:&#8221;\/futebol\/copa-do-mundo\/conteudo-exclusivo&#8221;,&#8221;header&#8221;:&#8221;\/futebol\/copa-do-mundo\/conteudo-exclusivo&#8221;},&#8221;_admin&#8221;:{&#8220;alias_ids&#8221;:[&#8220;\/futebol\/copa-do-mundo\/conteudo-exclusivo\/joga-nas-11-conexao-catar&#8221;]},&#8221;site&#8221;:{&#8220;site_description&#8221;:&#8221;&#8221;,&#8221;site_title&#8221;:&#8221;Joga nas 11 \u2013 Conex\u00e3o Catar&#8221;},&#8221;inactive&#8221;:false,&#8221;SEO&#8221;:{&#8220;seo_tags&#8221;:[&#8220;joga nas 11 conex\u00e3o catar&#8221;,&#8221;conte\u00fados&#8221;,&#8221;copa do mundo&#8221;],&#8221;seo_title&#8221;:&#8221;Copa do Mundo 2022: Joga nas 11 \u2013 Conex\u00e3o Catar &#8211; R7 Futebol&#8221;,&#8221;seo_description&#8221;:&#8221;Ou\u00e7a o Podcast Joga nas 11 &#8211; Conex\u00e3o Catar, com as principais an\u00e1lises da Copa do Mundo 2022 e as \u00faltimas not\u00edcias da campanha do Brasil rumo ao hexa.&#8221;,&#8221;title_hotsite&#8221;:&#8221;Copa do mundo 2022&#8243;,&#8221;top_url&#8221;:&#8221;https:\/\/esportes.r7.com\/futebol\/copa-do-mundo&#8221;,&#8221;url_og_image&#8221;:&#8221;https:\/\/img.r7.com\/images\/conexao-catar-08012023201320520&#8243;,&#8221;og_image_id&#8221;:&#8221;63bb4e3aca90848ac7000dad&#8221;},&#8221;site_topper&#8221;:{&#8220;section_header_image&#8221;:&#8221;https:\/\/img.r7.com\/images\/conexao-catar-08012023201259762&#8243;,&#8221;section_header_image_id&#8221;:&#8221;63bb4e2619d2244f5400163b&#8221;,&#8221;section_left_color_top&#8221;:&#8221;#680325&#8243;,&#8221;section_right_color_top&#8221;:&#8221;#680325&#8243;,&#8221;section_primary_color&#8221;:&#8221;#0E8148&#8243;,&#8221;section_header_image_mobile_id&#8221;:&#8221;63bb4e5f4b49553091001aac&#8221;,&#8221;section_header_image_mobile&#8221;:&#8221;https:\/\/img.r7.com\/images\/conexao-catar-08012023201357180&#8243;},&#8221;is_grouping&#8221;:&#8221;false&#8221;,&#8221;_website&#8221;:&#8221;esportes&#8221;,&#8221;node_type&#8221;:&#8221;section&#8221;,&#8221;children&#8221;:[]},{&#8220;_id&#8221;:&#8221;\/futebol\/copa-do-mundo\/conteudo-exclusivo\/r7-na-copa&#8221;,&#8221;website&#8221;:&#8221;esportes&#8221;,&#8221;name&#8221;:&#8221;R7 na Copa&#8221;,&#8221;navigation&#8221;:{&#8220;nav_title&#8221;:&#8221;R7 na Copa&#8221;},&#8221;parent&#8221;:{&#8220;default&#8221;:&#8221;\/futebol\/copa-do-mundo\/conteudo-exclusivo&#8221;,&#8221;header&#8221;:&#8221;\/futebol\/copa-do-mundo\/conteudo-exclusivo&#8221;},&#8221;_admin&#8221;:{&#8220;alias_ids&#8221;:[&#8220;\/futebol\/copa-do-mundo\/conteudo-exclusivo\/r7-na-copa&#8221;]},&#8221;site&#8221;:{&#8220;site_description&#8221;:&#8221;&#8221;,&#8221;site_title&#8221;:&#8221;R7 na Copa&#8221;},&#8221;inactive&#8221;:false,&#8221;SEO&#8221;:{&#8220;seo_tags&#8221;:[&#8220;r7 na copa&#8221;,&#8221;conte\u00fados&#8221;,&#8221;copa do mundo&#8221;],&#8221;seo_title&#8221;:&#8221;Copa do Mundo 2022: R7 na Copa &#8211; R7 Futebol&#8221;,&#8221;seo_description&#8221;:&#8221;Acompanhe as curiosidades e todas as \u00faltimas not\u00edcias da Copa do Mundo pelo R7 na Copa diretamente do Catar. Fique por dentro das novidades aqui!&#8221;,&#8221;title_hotsite&#8221;:&#8221;Copa do mundo 2022&#8243;,&#8221;top_url&#8221;:&#8221;https:\/\/esportes.r7.com\/futebol\/copa-do-mundo&#8221;,&#8221;url_og_image&#8221;:&#8221;https:\/\/img.r7.com\/images\/conexao-catar-08012023201320520&#8243;,&#8221;og_image_id&#8221;:&#8221;63bb4e3aca90848ac7000dad&#8221;},&#8221;site_topper&#8221;:{&#8220;section_header_image&#8221;:&#8221;https:\/\/img.r7.com\/images\/conexao-catar-08012023201259762&#8243;,&#8221;section_header_image_id&#8221;:&#8221;63bb4e2619d2244f5400163b&#8221;,&#8221;section_left_color_top&#8221;:&#8221;#680325&#8243;,&#8221;section_right_color_top&#8221;:&#8221;#680325&#8243;,&#8221;section_primary_color&#8221;:&#8221;#0E8148&#8243;,&#8221;section_header_image_mobile_id&#8221;:&#8221;63bb4e5f4b49553091001aac&#8221;,&#8221;section_header_image_mobile&#8221;:&#8221;https:\/\/img.r7.com\/images\/conexao-catar-08012023201357180&#8243;},&#8221;is_grouping&#8221;:&#8221;false&#8221;,&#8221;_website&#8221;:&#8221;esportes&#8221;,&#8221;node_type&#8221;:&#8221;section&#8221;,&#8221;children&#8221;:[]}]},{&#8220;_id&#8221;:&#8221;\/futebol\/copa-do-mundo\/cronicas-da-copa&#8221;,&#8221;website&#8221;:&#8221;esportes&#8221;,&#8221;name&#8221;:&#8221;Cr\u00f4nicas da Copa&#8221;,&#8221;navigation&#8221;:{&#8220;nav_title&#8221;:&#8221;Cr\u00f4nicas da Copa&#8221;},&#8221;parent&#8221;:{&#8220;default&#8221;:&#8221;\/futebol\/copa-do-mundo&#8221;,&#8221;header&#8221;:&#8221;\/futebol\/copa-do-mundo&#8221;},&#8221;_admin&#8221;:{&#8220;alias_ids&#8221;:[&#8220;\/futebol\/copa-do-mundo\/cronicas-da-copa&#8221;]},&#8221;site&#8221;:{&#8220;site_description&#8221;:&#8221;&#8221;,&#8221;site_title&#8221;:&#8221;Cr\u00f4nicas da Copa&#8221;},&#8221;inactive&#8221;:false,&#8221;SEO&#8221;:{&#8220;seo_tags&#8221;:[]},&#8221;site_topper&#8221;:{},&#8221;is_grouping&#8221;:&#8221;true&#8221;,&#8221;_website&#8221;:&#8221;esportes&#8221;,&#8221;node_type&#8221;:&#8221;section&#8221;,&#8221;children&#8221;:[]},{&#8220;_id&#8221;:&#8221;\/futebol\/copa-do-mundo\/infograficos&#8221;,&#8221;website&#8221;:&#8221;esportes&#8221;,&#8221;name&#8221;:&#8221;Infogr\u00e1ficos&#8221;,&#8221;navigation&#8221;:{&#8220;nav_title&#8221;:&#8221;Infogr\u00e1ficos&#8221;},&#8221;parent&#8221;:{&#8220;default&#8221;:&#8221;\/futebol\/copa-do-mundo&#8221;,&#8221;header&#8221;:&#8221;\/futebol\/copa-do-mundo&#8221;},&#8221;_admin&#8221;:{&#8220;alias_ids&#8221;:[&#8220;\/futebol\/copa-do-mundo\/infograficos&#8221;]},&#8221;site&#8221;:{&#8220;site_description&#8221;:&#8221;&#8221;,&#8221;site_title&#8221;:&#8221;Infogr\u00e1ficos&#8221;},&#8221;inactive&#8221;:false,&#8221;SEO&#8221;:{&#8220;seo_tags&#8221;:[&#8220;infograficos&#8221;,&#8221;conte\u00fados&#8221;,&#8221;copa do mundo&#8221;],&#8221;seo_title&#8221;:&#8221;Copa do Mundo 2022: Infogr\u00e1ficos &#8211; R7 Futebol&#8221;,&#8221;seo_description&#8221;:&#8221;Entenda mais sobre a Copa do Mundo FIFA 2022 no Catar com os infogr\u00e1ficos de R7 Futebol. An\u00e1lises, guias e informa\u00e7\u00f5es dos jogos de futebol. Confira!&#8221;,&#8221;title_hotsite&#8221;:&#8221;Copa do mundo 2022&#8243;,&#8221;top_url&#8221;:&#8221;https:\/\/esportes.r7.com\/futebol\/copa-do-mundo&#8221;,&#8221;url_og_image&#8221;:&#8221;https:\/\/img.r7.com\/images\/conexao-catar-08012023201320520&#8243;,&#8221;og_image_id&#8221;:&#8221;63bb4e3aca90848ac7000dad&#8221;},&#8221;site_topper&#8221;:{&#8220;section_header_image&#8221;:&#8221;https:\/\/img.r7.com\/images\/conexao-catar-08012023201259762&#8243;,&#8221;section_header_image_id&#8221;:&#8221;63bb4e2619d2244f5400163b&#8221;,&#8221;section_left_color_top&#8221;:&#8221;#680325&#8243;,&#8221;section_right_color_top&#8221;:&#8221;#680325&#8243;,&#8221;section_primary_color&#8221;:&#8221;#0E8148&#8243;,&#8221;section_header_image_mobile_id&#8221;:&#8221;63bb4e5f4b49553091001aac&#8221;,&#8221;section_header_image_mobile&#8221;:&#8221;https:\/\/img.r7.com\/images\/conexao-catar-08012023201357180&#8243;},&#8221;is_grouping&#8221;:&#8221;false&#8221;,&#8221;_website&#8221;:&#8221;esportes&#8221;,&#8221;node_type&#8221;:&#8221;section&#8221;,&#8221;children&#8221;:[]},{&#8220;_id&#8221;:&#8221;\/futebol\/copa-do-mundo\/selecao-brasileira&#8221;,&#8221;website&#8221;:&#8221;esportes&#8221;,&#8221;name&#8221;:&#8221;Sele\u00e7\u00e3o Brasileira&#8221;,&#8221;navigation&#8221;:{&#8220;nav_title&#8221;:&#8221;Sele\u00e7\u00e3o Brasileira&#8221;},&#8221;parent&#8221;:{&#8220;default&#8221;:&#8221;\/futebol\/copa-do-mundo&#8221;,&#8221;header&#8221;:&#8221;\/futebol\/copa-do-mundo&#8221;},&#8221;_admin&#8221;:{&#8220;alias_ids&#8221;:[&#8220;\/futebol\/copa-do-mundo\/selecao-brasileira&#8221;]},&#8221;site&#8221;:{&#8220;site_description&#8221;:&#8221;&#8221;,&#8221;site_title&#8221;:&#8221;Sele\u00e7\u00e3o Brasileira&#8221;},&#8221;inactive&#8221;:false,&#8221;SEO&#8221;:{&#8220;seo_tags&#8221;:[&#8220;sele\u00e7\u00e3o brasileira&#8221;,&#8221;copa do mundo&#8221;,&#8221;novidades&#8221;,&#8221;informa\u00e7\u00f5es&#8221;,&#8221;jogadores&#8221;],&#8221;seo_title&#8221;:&#8221;Copa do Mundo 2022: Sele\u00e7\u00e3o Brasileira &#8211; R7 Futebol&#8221;,&#8221;seo_description&#8221;:&#8221;Acompanhe no Portal R7 as novidades e \u00faltimas not\u00edcias sobre a Sele\u00e7\u00e3o Brasileira de Futebol Masculino na Copa do Mundo 2022 no Qtar.&#8221;,&#8221;title_hotsite&#8221;:&#8221;Copa do mundo 2022&#8243;,&#8221;top_url&#8221;:&#8221;https:\/\/esportes.r7.com\/futebol\/copa-do-mundo&#8221;,&#8221;url_og_image&#8221;:&#8221;https:\/\/img.r7.com\/images\/conexao-catar-08012023201320520&#8243;,&#8221;og_image_id&#8221;:&#8221;63bb4e3aca90848ac7000dad&#8221;},&#8221;site_topper&#8221;:{&#8220;section_header_image&#8221;:&#8221;https:\/\/img.r7.com\/images\/conexao-catar-08012023201259762&#8243;,&#8221;section_header_image_id&#8221;:&#8221;63bb4e2619d2244f5400163b&#8221;,&#8221;section_left_color_top&#8221;:&#8221;#680325&#8243;,&#8221;section_right_color_top&#8221;:&#8221;#680325&#8243;,&#8221;section_primary_color&#8221;:&#8221;#0E8148&#8243;,&#8221;section_header_image_mobile_id&#8221;:&#8221;63bb4e5f4b49553091001aac&#8221;,&#8221;section_header_image_mobile&#8221;:&#8221;https:\/\/img.r7.com\/images\/conexao-catar-08012023201357180&#8243;},&#8221;is_grouping&#8221;:&#8221;false&#8221;,&#8221;_website&#8221;:&#8221;esportes&#8221;,&#8221;node_type&#8221;:&#8221;section&#8221;,&#8221;children&#8221;:[]},{&#8220;_id&#8221;:&#8221;\/futebol\/copa-do-mundo\/simulador&#8221;,&#8221;website&#8221;:&#8221;esportes&#8221;,&#8221;name&#8221;:&#8221;Simulador&#8221;,&#8221;navigation&#8221;:{&#8220;nav_title&#8221;:&#8221;Simulador&#8221;},&#8221;parent&#8221;:{&#8220;default&#8221;:&#8221;\/futebol\/copa-do-mundo&#8221;,&#8221;header&#8221;:&#8221;\/futebol\/copa-do-mundo&#8221;},&#8221;_admin&#8221;:{&#8220;alias_ids&#8221;:[&#8220;\/futebol\/copa-do-mundo\/simulador&#8221;]},&#8221;site&#8221;:{&#8220;site_description&#8221;:&#8221;&#8221;,&#8221;site_title&#8221;:&#8221;Simulador&#8221;},&#8221;inactive&#8221;:false,&#8221;SEO&#8221;:{&#8220;seo_tags&#8221;:[&#8220;simula\u00e7\u00e3o&#8221;,&#8221;simulador de jogos&#8221;,&#8221;resultados&#8221;],&#8221;seo_title&#8221;:&#8221;Copa do Mundo 2022: Simulador de Resultados &#8211; R7 Futebol&#8221;,&#8221;seo_description&#8221;:&#8221;Quer saber quais s\u00e3o as chances das sele\u00e7\u00f5es na Copa do Mundo 2022? Acesse o simulador de resultados dos jogos de futebol no Portal R7 e confira!&#8221;,&#8221;title_hotsite&#8221;:&#8221;Copa do mundo 2022&#8243;,&#8221;top_url&#8221;:&#8221;https:\/\/esportes.r7.com\/futebol\/copa-do-mundo&#8221;,&#8221;url_og_image&#8221;:&#8221;https:\/\/img.r7.com\/images\/conexao-catar-08012023201320520&#8243;,&#8221;og_image_id&#8221;:&#8221;63bb4e3aca90848ac7000dad&#8221;},&#8221;site_topper&#8221;:{&#8220;section_header_image&#8221;:&#8221;https:\/\/img.r7.com\/images\/conexao-catar-08012023201259762&#8243;,&#8221;section_header_image_id&#8221;:&#8221;63bb4e2619d2244f5400163b&#8221;,&#8221;section_left_color_top&#8221;:&#8221;#680325&#8243;,&#8221;section_right_color_top&#8221;:&#8221;#680325&#8243;,&#8221;section_primary_color&#8221;:&#8221;#0E8148&#8243;,&#8221;section_header_image_mobile_id&#8221;:&#8221;63bb4e5f4b49553091001aac&#8221;,&#8221;section_header_image_mobile&#8221;:&#8221;https:\/\/img.r7.com\/images\/conexao-catar-08012023201357180&#8243;},&#8221;is_grouping&#8221;:&#8221;false&#8221;,&#8221;_website&#8221;:&#8221;esportes&#8221;,&#8221;node_type&#8221;:&#8221;section&#8221;,&#8221;children&#8221;:[]},{&#8220;_id&#8221;:&#8221;\/futebol\/copa-do-mundo\/eliminatorias-america-do-sul&#8221;,&#8221;_website&#8221;:&#8221;esportes&#8221;,&#8221;name&#8221;:&#8221;Eliminat\u00f3rias Am\u00e9rica do Sul&#8221;,&#8221;inactive&#8221;:false,&#8221;ancestors&#8221;:{&#8220;default&#8221;:[&#8220;https:\/\/esportes.r7.com\/futebol&#8221;,&#8221;\/futebol\/copa-do-mundo&#8221;]},&#8221;parent&#8221;:{&#8220;default&#8221;:&#8221;\/futebol\/copa-do-mundo&#8221;},&#8221;SEO&#8221;:{&#8220;og_image_id&#8221;:null,&#8221;seo_description&#8221;:&#8221;Tabela | Eliminat\u00f3rias da Copa &#8211; Am\u00e9rica do sul | R7 Esportes&#8221;,&#8221;seo_tags&#8221;:[&#8220;tabela&#8221;,&#8221;eliminat\u00f3rias am\u00e9rica do sul&#8221;,&#8221;eliminat\u00f3rias copa do mundo&#8221;,&#8221;eliminat\u00f3rias&#8221;,&#8221;r7 esportes&#8221;,&#8221;futebol&#8221;,&#8221;classifica\u00e7\u00e3o&#8221;,&#8221;copa do mundo&#8221;,&#8221;r7&#8243;],&#8221;seo_title&#8221;:&#8221;Tabela | Eliminat\u00f3rias da Copa &#8211; Am\u00e9rica do sul | R7 Esportes&#8221;,&#8221;title_hotsite&#8221;:&#8221;Tabela | Eliminat\u00f3rias da Copa &#8211; Am\u00e9rica do sul | R7 Esportes&#8221;,&#8221;top_url&#8221;:null,&#8221;url_og_image&#8221;:null},&#8221;age_rating&#8221;:{&#8220;classificacao_etaria&#8221;:null},&#8221;age_rating_description&#8221;:{&#8220;atos_criminosos&#8221;:&#8221;false&#8221;,&#8221;conteudo_sexual&#8221;:&#8221;false&#8221;,&#8221;drogas&#8221;:&#8221;false&#8221;,&#8221;drogas_ilicitas&#8221;:&#8221;false&#8221;,&#8221;drogas_licitas&#8221;:&#8221;false&#8221;,&#8221;linguagem_impropria&#8221;:&#8221;false&#8221;,&#8221;medo&#8221;:&#8221;false&#8221;,&#8221;nudez&#8221;:&#8221;false&#8221;,&#8221;procedimentos_medicos&#8221;:&#8221;false&#8221;,&#8221;sexo_explicito&#8221;:&#8221;false&#8221;,&#8221;temas_sensiveis&#8221;:&#8221;false&#8221;,&#8221;violencia&#8221;:&#8221;false&#8221;,&#8221;violencia_extrema&#8221;:&#8221;false&#8221;,&#8221;violencia_fantasiosa&#8221;:&#8221;false&#8221;},&#8221;area_logada&#8221;:{&#8220;exclusive_content&#8221;:&#8221;false&#8221;},&#8221;navigation&#8221;:{&#8220;menu_url&#8221;:null,&#8221;nav_title&#8221;:null},&#8221;publicidade&#8221;:{&#8220;disable_adv&#8221;:&#8221;false&#8221;,&#8221;disable_audima_adv&#8221;:&#8221;false&#8221;,&#8221;disable_taboola&#8221;:&#8221;false&#8221;,&#8221;hash&#8221;:&#8221;r7esportes\/futebol\/copadomundo\/eliminatorias&#8221;},&#8221;site&#8221;:{&#8220;coupon_categories&#8221;:&#8221;departamentos&#8221;,&#8221;disable_refresh&#8221;:&#8221;4&#8243;,&#8221;enable_disclaimer&#8221;:&#8221;false&#8221;,&#8221;pagebuilder_path_for_native_apps&#8221;:null,&#8221;site_about&#8221;:&#8221;Tabela | Eliminat\u00f3rias da Copa &#8211; Am\u00e9rica do sul | R7 Esportes&#8221;,&#8221;site_description&#8221;:&#8221;Tabela | Eliminat\u00f3rias da Copa &#8211; Am\u00e9rica do sul | R7 Esportes&#8221;,&#8221;site_keywords&#8221;:&#8221;tabela, eliminat\u00f3rias da am\u00e9rica do sul, eliminat\u00f3rias da copa do mundo, eliminat\u00f3rias, classifica\u00e7\u00e3o, futebol, r7 esportes, r7&#8243;,&#8221;site_tagline&#8221;:&#8221;Tabela | Eliminat\u00f3rias da Copa &#8211; Am\u00e9rica do sul | R7 Esportes&#8221;,&#8221;site_title&#8221;:&#8221;Tabela | Eliminat\u00f3rias da Copa &#8211; Am\u00e9rica do sul | R7 Esportes&#8221;,&#8221;site_url&#8221;:null},&#8221;site_topper&#8221;:{&#8220;section_header_image&#8221;:null,&#8221;section_header_image_id&#8221;:null,&#8221;section_header_image_mobile&#8221;:null,&#8221;section_header_image_mobile_id&#8221;:null,&#8221;section_left_color_top&#8221;:null,&#8221;section_primary_color&#8221;:null,&#8221;section_right_color_top&#8221;:null,&#8221;site_logo_image&#8221;:null},&#8221;social&#8221;:{&#8220;facebook&#8221;:null,&#8221;instagram&#8221;:null,&#8221;kwai&#8221;:null,&#8221;rss&#8221;:null,&#8221;twitter&#8221;:null},&#8221;ultimas&#8221;:{&#8220;tab_ultimas&#8221;:[]},&#8221;is_grouping&#8221;:&#8221;false&#8221;,&#8221;node_type&#8221;:&#8221;section&#8221;,&#8221;children&#8221;:[]}]},{&#8220;_id&#8221;:&#8221;\/futebol\/copa-do-mundo-2014&#8243;,&#8221;website&#8221;:&#8221;esportes&#8221;,&#8221;name&#8221;:&#8221;Copa do Mundo 2014&#8243;,&#8221;navigation&#8221;:{&#8220;nav_title&#8221;:&#8221;Copa do Mundo 2014&#8243;},&#8221;parent&#8221;:{&#8220;default&#8221;:&#8221;https:\/\/esportes.r7.com\/futebol&#8221;,&#8221;header&#8221;:&#8221;https:\/\/esportes.r7.com\/futebol&#8221;},&#8221;_admin&#8221;:{&#8220;alias_ids&#8221;:[&#8220;\/futebol\/copa-do-mundo-2014&#8243;]},&#8221;site&#8221;:{&#8220;site_description&#8221;:&#8221;&#8221;,&#8221;site_title&#8221;:&#8221;Copa do Mundo 2014&#8243;},&#8221;inactive&#8221;:false,&#8221;SEO&#8221;:{&#8220;seo_tags&#8221;:[]},&#8221;site_topper&#8221;:{},&#8221;is_grouping&#8221;:&#8221;false&#8221;,&#8221;_website&#8221;:&#8221;esportes&#8221;,&#8221;node_type&#8221;:&#8221;section&#8221;,&#8221;children&#8221;:[{&#8220;_id&#8221;:&#8221;\/futebol\/copa-do-mundo-2014\/gols-da-copa&#8221;,&#8221;website&#8221;:&#8221;esportes&#8221;,&#8221;name&#8221;:&#8221;Gols da Copa&#8221;,&#8221;navigation&#8221;:{&#8220;nav_title&#8221;:&#8221;Gols da Copa&#8221;},&#8221;parent&#8221;:{&#8220;default&#8221;:&#8221;\/futebol\/copa-do-mundo-2014&#8243;,&#8221;header&#8221;:&#8221;\/futebol\/copa-do-mundo-2014&#8243;},&#8221;_admin&#8221;:{&#8220;alias_ids&#8221;:[&#8220;\/futebol\/copa-do-mundo-2014\/gols-da-copa&#8221;]},&#8221;site&#8221;:{&#8220;site_description&#8221;:&#8221;&#8221;,&#8221;site_title&#8221;:&#8221;Gols da Copa&#8221;},&#8221;inactive&#8221;:false,&#8221;SEO&#8221;:{&#8220;seo_tags&#8221;:[]},&#8221;site_topper&#8221;:{},&#8221;is_grouping&#8221;:&#8221;false&#8221;,&#8221;_website&#8221;:&#8221;esportes&#8221;,&#8221;node_type&#8221;:&#8221;section&#8221;,&#8221;children&#8221;:[]}]},{&#8220;_id&#8221;:&#8221;\/futebol\/copa-do-mundo-feminina&#8221;,&#8221;website&#8221;:&#8221;esportes&#8221;,&#8221;name&#8221;:&#8221;Copa do Mundo Feminina&#8221;,&#8221;navigation&#8221;:{&#8220;nav_title&#8221;:&#8221;Copa do Mundo Feminina&#8221;},&#8221;parent&#8221;:{&#8220;default&#8221;:&#8221;https:\/\/esportes.r7.com\/futebol&#8221;,&#8221;header&#8221;:&#8221;https:\/\/esportes.r7.com\/futebol&#8221;},&#8221;_admin&#8221;:{&#8220;alias_ids&#8221;:[&#8220;\/futebol\/copa-do-mundo-feminina&#8221;]},&#8221;site&#8221;:{&#8220;site_description&#8221;:&#8221;&#8221;,&#8221;site_title&#8221;:&#8221;Copa do Mundo Feminina&#8221;},&#8221;inactive&#8221;:false,&#8221;SEO&#8221;:{&#8220;seo_tags&#8221;:[]},&#8221;site_topper&#8221;:{},&#8221;is_grouping&#8221;:&#8221;true&#8221;,&#8221;_website&#8221;:&#8221;esportes&#8221;,&#8221;node_type&#8221;:&#8221;section&#8221;,&#8221;children&#8221;:[]},{&#8220;_id&#8221;:&#8221;\/futebol\/copa-sao-paulo&#8221;,&#8221;_website&#8221;:&#8221;esportes&#8221;,&#8221;name&#8221;:&#8221;Copa S\u00e3o Paulo&#8221;,&#8221;inactive&#8221;:false,&#8221;parent&#8221;:{&#8220;default&#8221;:&#8221;https:\/\/esportes.r7.com\/futebol&#8221;,&#8221;header&#8221;:&#8221;https:\/\/esportes.r7.com\/futebol&#8221;},&#8221;SEO&#8221;:{&#8220;og_image_id&#8221;:null,&#8221;seo_description&#8221;:&#8221;R7 na Copa S\u00e3o Paulo! Acompanhe os jogos e not\u00edcias da maior competi\u00e7\u00e3o de base do mundo. Tudo sobre a Copinha est\u00e1 aqui. Acesse agora e n\u00e3o perca nada!&#8221;,&#8221;seo_tags&#8221;:[&#8220;Copinha&#8221;,&#8221;Copa S\u00e3o Paulo&#8221;,&#8221;R7&#8243;,&#8221;futebol de base&#8221;,&#8221;not\u00edcias&#8221;,&#8221;jogos&#8221;],&#8221;seo_title&#8221;:&#8221;Copa S\u00e3o Paulo: Not\u00edcias e Cobertura Completa &#8211; R7&#8243;,&#8221;title_hotsite&#8221;:null,&#8221;top_url&#8221;:&#8221;https:\/\/esportes.r7.com\/futebol\/copa-sao-paulo\/&#8221;,&#8221;url_og_image&#8221;:&#8221;https:\/\/cloudfront-us-east-1.images.arcpublishing.com\/newr7\/GOO3WCSBG5B5XMIXKRTV5FD4CM.jpg&#8221;},&#8221;_admin&#8221;:{&#8220;alias_ids&#8221;:[&#8220;\/futebol\/copa-sao-paulo&#8221;]},&#8221;age_rating&#8221;:{&#8220;classificacao_etaria&#8221;:null},&#8221;age_rating_description&#8221;:{&#8220;atos_criminosos&#8221;:&#8221;false&#8221;,&#8221;conteudo_sexual&#8221;:&#8221;false&#8221;,&#8221;drogas&#8221;:&#8221;false&#8221;,&#8221;drogas_ilicitas&#8221;:&#8221;false&#8221;,&#8221;drogas_licitas&#8221;:&#8221;false&#8221;,&#8221;linguagem_impropria&#8221;:&#8221;false&#8221;,&#8221;medo&#8221;:&#8221;false&#8221;,&#8221;nudez&#8221;:&#8221;false&#8221;,&#8221;procedimentos_medicos&#8221;:&#8221;false&#8221;,&#8221;sexo_explicito&#8221;:&#8221;false&#8221;,&#8221;temas_sensiveis&#8221;:&#8221;false&#8221;,&#8221;violencia&#8221;:&#8221;false&#8221;,&#8221;violencia_extrema&#8221;:&#8221;false&#8221;,&#8221;violencia_fantasiosa&#8221;:&#8221;false&#8221;},&#8221;area_logada&#8221;:{&#8220;exclusive_content&#8221;:&#8221;false&#8221;},&#8221;assets&#8221;:{&#8220;cda_ad_player&#8221;:null},&#8221;campanha_branded&#8221;:{&#8220;ativar_background_campanha&#8221;:&#8221;false&#8221;,&#8221;ativar_fonte_campanha&#8221;:&#8221;false&#8221;,&#8221;ativar_logo_campanha&#8221;:&#8221;false&#8221;},&#8221;navigation&#8221;:{&#8220;menu_url&#8221;:&#8221;https:\/\/esportes.r7.com\/futebol\/copa-sao-paulo\/&#8221;,&#8221;nav_title&#8221;:&#8221;Copa S\u00e3o Paulo&#8221;},&#8221;newsletter&#8221;:{&#8220;id&#8221;:null},&#8221;publicidade&#8221;:{&#8220;disable_adv&#8221;:&#8221;false&#8221;,&#8221;disable_audima_adv&#8221;:&#8221;false&#8221;,&#8221;disable_taboola&#8221;:&#8221;false&#8221;,&#8221;hash&#8221;:null},&#8221;site&#8221;:{&#8220;coupon_categories&#8221;:&#8221;departamentos&#8221;,&#8221;disable_refresh&#8221;:&#8221;4&#8243;,&#8221;enable_disclaimer&#8221;:&#8221;false&#8221;,&#8221;pagebuilder_path_for_native_apps&#8221;:null,&#8221;site_about&#8221;:null,&#8221;site_description&#8221;:null,&#8221;site_keywords&#8221;:null,&#8221;site_tagline&#8221;:null,&#8221;site_title&#8221;:&#8221;Copa S\u00e3o Paulo&#8221;,&#8221;site_url&#8221;:null},&#8221;site_topper&#8221;:{&#8220;section_header_image&#8221;:&#8221;https:\/\/cloudfront-us-east-1.images.arcpublishing.com\/newr7\/PA6WRBHCJBDTFO6WZGS4ALUEUE.jpg&#8221;,&#8221;section_header_image_id&#8221;:null,&#8221;section_header_image_mobile&#8221;:&#8221;https:\/\/cloudfront-us-east-1.images.arcpublishing.com\/newr7\/4WU7BQMW5RH3HHT37DCXAHAQJM.jpg&#8221;,&#8221;section_header_image_mobile_id&#8221;:null,&#8221;section_left_color_top&#8221;:&#8221;#F8D821&#8243;,&#8221;section_primary_color&#8221;:&#8221;#0E8148&#8243;,&#8221;section_right_color_top&#8221;:&#8221;#F8D821&#8243;,&#8221;site_logo_image&#8221;:null},&#8221;social&#8221;:{&#8220;bluesky&#8221;:&#8221;https:\/\/bsky.app\/profile\/portal-r7.bsky.social&#8221;,&#8221;facebook&#8221;:&#8221;https:\/\/www.facebook.com\/R7Esportes\/&#8221;,&#8221;instagram&#8221;:&#8221;https:\/\/www.instagram.com\/r7esportes\/&#8221;,&#8221;kwai&#8221;:&#8221;https:\/\/www.kwai.com\/@r7esportes&#8221;,&#8221;rss&#8221;:null,&#8221;threads&#8221;:&#8221;https:\/\/www.threads.com\/@r7esportes&#8221;,&#8221;tiktok&#8221;:&#8221;https:\/\/www.tiktok.com\/@r7esportes&#8221;,&#8221;twitter&#8221;:&#8221;https:\/\/x.com\/r7esportes&#8221;,&#8221;whatsapp&#8221;:&#8221;https:\/\/whatsapp.com\/channel\/0029Va5E3ZJFcow2dQ1Q0y2i&#8221;,&#8221;youtube&#8221;:&#8221;https:\/\/www.youtube.com\/@R7Esporte&#8221;},&#8221;ultimas&#8221;:{&#8220;tab_ultimas&#8221;:[]},&#8221;is_grouping&#8221;:&#8221;false&#8221;,&#8221;node_type&#8221;:&#8221;section&#8221;,&#8221;children&#8221;:[{&#8220;_id&#8221;:&#8221;\/futebol\/copa-sao-paulo\/novidades&#8221;,&#8221;_website&#8221;:&#8221;esportes&#8221;,&#8221;name&#8221;:&#8221;Novidades&#8221;,&#8221;inactive&#8221;:false,&#8221;ancestors&#8221;:{&#8220;default&#8221;:[&#8220;https:\/\/esportes.r7.com\/futebol&#8221;,&#8221;\/futebol\/copa-sao-paulo&#8221;]},&#8221;parent&#8221;:{&#8220;default&#8221;:&#8221;\/futebol\/copa-sao-paulo&#8221;},&#8221;SEO&#8221;:{&#8220;og_image_id&#8221;:null,&#8221;seo_description&#8221;:&#8221;Copa S\u00e3o Paulo no R7! Acompanhe os jogos e a cobertura da maior competi\u00e7\u00e3o de base. Acesse e fique por dentro!&#8221;,&#8221;seo_tags&#8221;:[&#8220;Copa S\u00e3o Paulo&#8221;,&#8221;Copinha&#8221;,&#8221;R7&#8243;,&#8221;futebol de base&#8221;,&#8221;jogos&#8221;,&#8221;cobertura&#8221;],&#8221;seo_title&#8221;:&#8221;Confira as Novidades da Copa S\u00e3o Paulo!&#8221;,&#8221;title_hotsite&#8221;:null,&#8221;top_url&#8221;:&#8221;https:\/\/esportes.r7.com\/futebol\/copa-sao-paulo\/&#8221;,&#8221;url_og_image&#8221;:null},&#8221;age_rating&#8221;:{&#8220;classificacao_etaria&#8221;:null},&#8221;age_rating_description&#8221;:{&#8220;atos_criminosos&#8221;:&#8221;false&#8221;,&#8221;conteudo_sexual&#8221;:&#8221;false&#8221;,&#8221;drogas&#8221;:&#8221;false&#8221;,&#8221;drogas_ilicitas&#8221;:&#8221;false&#8221;,&#8221;drogas_licitas&#8221;:&#8221;false&#8221;,&#8221;linguagem_impropria&#8221;:&#8221;false&#8221;,&#8221;medo&#8221;:&#8221;false&#8221;,&#8221;nudez&#8221;:&#8221;false&#8221;,&#8221;procedimentos_medicos&#8221;:&#8221;false&#8221;,&#8221;sexo_explicito&#8221;:&#8221;false&#8221;,&#8221;temas_sensiveis&#8221;:&#8221;false&#8221;,&#8221;violencia&#8221;:&#8221;false&#8221;,&#8221;violencia_extrema&#8221;:&#8221;false&#8221;,&#8221;violencia_fantasiosa&#8221;:&#8221;false&#8221;},&#8221;area_logada&#8221;:{&#8220;exclusive_content&#8221;:&#8221;false&#8221;},&#8221;navigation&#8221;:{&#8220;menu_url&#8221;:&#8221;https:\/\/esportes.r7.com\/futebol\/copa-sao-paulo\/novidades&#8221;,&#8221;nav_title&#8221;:&#8221;Novidades&#8221;},&#8221;newsletter&#8221;:{&#8220;id&#8221;:null},&#8221;publicidade&#8221;:{&#8220;disable_adv&#8221;:&#8221;false&#8221;,&#8221;disable_audima_adv&#8221;:&#8221;false&#8221;,&#8221;disable_taboola&#8221;:&#8221;false&#8221;,&#8221;hash&#8221;:null},&#8221;site&#8221;:{&#8220;coupon_categories&#8221;:&#8221;departamentos&#8221;,&#8221;disable_refresh&#8221;:&#8221;4&#8243;,&#8221;enable_disclaimer&#8221;:&#8221;false&#8221;,&#8221;pagebuilder_path_for_native_apps&#8221;:null,&#8221;site_about&#8221;:null,&#8221;site_description&#8221;:null,&#8221;site_keywords&#8221;:null,&#8221;site_tagline&#8221;:null,&#8221;site_title&#8221;:null,&#8221;site_url&#8221;:null},&#8221;site_topper&#8221;:{&#8220;section_header_image&#8221;:null,&#8221;section_header_image_id&#8221;:null,&#8221;section_header_image_mobile&#8221;:null,&#8221;section_header_image_mobile_id&#8221;:null,&#8221;section_left_color_top&#8221;:null,&#8221;section_primary_color&#8221;:null,&#8221;section_right_color_top&#8221;:null,&#8221;site_logo_image&#8221;:null},&#8221;social&#8221;:{&#8220;facebook&#8221;:null,&#8221;instagram&#8221;:null,&#8221;kwai&#8221;:null,&#8221;rss&#8221;:null,&#8221;twitter&#8221;:null},&#8221;ultimas&#8221;:{&#8220;tab_ultimas&#8221;:[]},&#8221;is_grouping&#8221;:&#8221;false&#8221;,&#8221;node_type&#8221;:&#8221;section&#8221;,&#8221;children&#8221;:[]},{&#8220;_id&#8221;:&#8221;\/futebol\/copa-sao-paulo\/quizzes&#8221;,&#8221;_website&#8221;:&#8221;esportes&#8221;,&#8221;name&#8221;:&#8221;Quizzes&#8221;,&#8221;inactive&#8221;:false,&#8221;ancestors&#8221;:{&#8220;default&#8221;:[&#8220;https:\/\/esportes.r7.com\/futebol&#8221;,&#8221;\/futebol\/copa-sao-paulo&#8221;]},&#8221;parent&#8221;:{&#8220;default&#8221;:&#8221;\/futebol\/copa-sao-paulo&#8221;},&#8221;SEO&#8221;:{&#8220;og_image_id&#8221;:null,&#8221;seo_description&#8221;:&#8221;Copa S\u00e3o Paulo no R7! Teste seus conhecimentos sobre a Copinha com quizzes e fique por dentro da maior competi\u00e7\u00e3o de base. Acesse j\u00e1!&#8221;,&#8221;seo_tags&#8221;:[&#8220;Copa S\u00e3o Paulo&#8221;,&#8221;Copinha&#8221;,&#8221;R7&#8243;,&#8221;quizzes&#8221;,&#8221;futebol base&#8221;],&#8221;seo_title&#8221;:&#8221;Confira Copa S\u00e3o Paulo: Teste seus conhecimentos com os quizzes!&#8221;,&#8221;title_hotsite&#8221;:null,&#8221;top_url&#8221;:&#8221;https:\/\/esportes.r7.com\/futebol\/copa-sao-paulo\/&#8221;,&#8221;url_og_image&#8221;:null},&#8221;age_rating&#8221;:{&#8220;classificacao_etaria&#8221;:null},&#8221;age_rating_description&#8221;:{&#8220;atos_criminosos&#8221;:&#8221;false&#8221;,&#8221;conteudo_sexual&#8221;:&#8221;false&#8221;,&#8221;drogas&#8221;:&#8221;false&#8221;,&#8221;drogas_ilicitas&#8221;:&#8221;false&#8221;,&#8221;drogas_licitas&#8221;:&#8221;false&#8221;,&#8221;linguagem_impropria&#8221;:&#8221;false&#8221;,&#8221;medo&#8221;:&#8221;false&#8221;,&#8221;nudez&#8221;:&#8221;false&#8221;,&#8221;procedimentos_medicos&#8221;:&#8221;false&#8221;,&#8221;sexo_explicito&#8221;:&#8221;false&#8221;,&#8221;temas_sensiveis&#8221;:&#8221;false&#8221;,&#8221;violencia&#8221;:&#8221;false&#8221;,&#8221;violencia_extrema&#8221;:&#8221;false&#8221;,&#8221;violencia_fantasiosa&#8221;:&#8221;false&#8221;},&#8221;area_logada&#8221;:{&#8220;exclusive_content&#8221;:&#8221;true&#8221;},&#8221;navigation&#8221;:{&#8220;menu_url&#8221;:&#8221;https:\/\/esportes.r7.com\/futebol\/copa-sao-paulo\/quizzes&#8221;,&#8221;nav_title&#8221;:&#8221;Quizzes&#8221;},&#8221;newsletter&#8221;:{&#8220;id&#8221;:null},&#8221;publicidade&#8221;:{&#8220;disable_adv&#8221;:&#8221;false&#8221;,&#8221;disable_audima_adv&#8221;:&#8221;false&#8221;,&#8221;disable_taboola&#8221;:&#8221;false&#8221;,&#8221;hash&#8221;:null},&#8221;site&#8221;:{&#8220;coupon_categories&#8221;:&#8221;departamentos&#8221;,&#8221;disable_refresh&#8221;:&#8221;4&#8243;,&#8221;enable_disclaimer&#8221;:&#8221;false&#8221;,&#8221;pagebuilder_path_for_native_apps&#8221;:null,&#8221;site_about&#8221;:null,&#8221;site_description&#8221;:null,&#8221;site_keywords&#8221;:null,&#8221;site_tagline&#8221;:null,&#8221;site_title&#8221;:null,&#8221;site_url&#8221;:null},&#8221;site_topper&#8221;:{&#8220;section_header_image&#8221;:null,&#8221;section_header_image_id&#8221;:null,&#8221;section_header_image_mobile&#8221;:null,&#8221;section_header_image_mobile_id&#8221;:null,&#8221;section_left_color_top&#8221;:null,&#8221;section_primary_color&#8221;:null,&#8221;section_right_color_top&#8221;:null,&#8221;site_logo_image&#8221;:null},&#8221;social&#8221;:{&#8220;facebook&#8221;:null,&#8221;instagram&#8221;:null,&#8221;kwai&#8221;:null,&#8221;rss&#8221;:null,&#8221;twitter&#8221;:null},&#8221;ultimas&#8221;:{&#8220;tab_ultimas&#8221;:[]},&#8221;is_grouping&#8221;:&#8221;false&#8221;,&#8221;node_type&#8221;:&#8221;section&#8221;,&#8221;children&#8221;:[]},{&#8220;_id&#8221;:&#8221;\/futebol\/copa-sao-paulo\/lance-a-lance&#8221;,&#8221;_website&#8221;:&#8221;esportes&#8221;,&#8221;name&#8221;:&#8221;Lance a Lance&#8221;,&#8221;inactive&#8221;:false,&#8221;ancestors&#8221;:{&#8220;default&#8221;:[&#8220;https:\/\/esportes.r7.com\/futebol&#8221;,&#8221;\/futebol\/copa-sao-paulo&#8221;]},&#8221;parent&#8221;:{&#8220;default&#8221;:&#8221;\/futebol\/copa-sao-paulo&#8221;},&#8221;SEO&#8221;:{&#8220;og_image_id&#8221;:null,&#8221;seo_description&#8221;:&#8221;Copa S\u00e3o Paulo Lance a Lance no R7! Acompanhe os craques do futuro e a cobertura completa da Copinha. Clique e n\u00e3o perca!&#8221;,&#8221;seo_tags&#8221;:[&#8220;Copa SP de Futebol J\u00fanior&#8221;,&#8221;Copinha SP&#8221;,&#8221;Copa SP&#8221;,&#8221;Lance a Lance&#8221;],&#8221;seo_title&#8221;:&#8221;Confira Copa S\u00e3o Paulo Lance a Lance&#8221;,&#8221;title_hotsite&#8221;:null,&#8221;top_url&#8221;:&#8221;https:\/\/esportes.r7.com\/futebol\/copa-sao-paulo\/&#8221;,&#8221;url_og_image&#8221;:null},&#8221;age_rating&#8221;:{&#8220;classificacao_etaria&#8221;:null},&#8221;age_rating_description&#8221;:{&#8220;atos_criminosos&#8221;:&#8221;false&#8221;,&#8221;conteudo_sexual&#8221;:&#8221;false&#8221;,&#8221;drogas&#8221;:&#8221;false&#8221;,&#8221;drogas_ilicitas&#8221;:&#8221;false&#8221;,&#8221;drogas_licitas&#8221;:&#8221;false&#8221;,&#8221;linguagem_impropria&#8221;:&#8221;false&#8221;,&#8221;medo&#8221;:&#8221;false&#8221;,&#8221;nudez&#8221;:&#8221;false&#8221;,&#8221;procedimentos_medicos&#8221;:&#8221;false&#8221;,&#8221;sexo_explicito&#8221;:&#8221;false&#8221;,&#8221;temas_sensiveis&#8221;:&#8221;false&#8221;,&#8221;violencia&#8221;:&#8221;false&#8221;,&#8221;violencia_extrema&#8221;:&#8221;false&#8221;,&#8221;violencia_fantasiosa&#8221;:&#8221;false&#8221;},&#8221;area_logada&#8221;:{&#8220;exclusive_content&#8221;:&#8221;false&#8221;},&#8221;navigation&#8221;:{&#8220;menu_url&#8221;:null,&#8221;nav_title&#8221;:null},&#8221;newsletter&#8221;:{&#8220;id&#8221;:null},&#8221;publicidade&#8221;:{&#8220;disable_adv&#8221;:&#8221;false&#8221;,&#8221;disable_audima_adv&#8221;:&#8221;false&#8221;,&#8221;disable_taboola&#8221;:&#8221;false&#8221;,&#8221;hash&#8221;:null},&#8221;site&#8221;:{&#8220;coupon_categories&#8221;:&#8221;departamentos&#8221;,&#8221;disable_refresh&#8221;:&#8221;4&#8243;,&#8221;enable_disclaimer&#8221;:&#8221;false&#8221;,&#8221;pagebuilder_path_for_native_apps&#8221;:null,&#8221;site_about&#8221;:null,&#8221;site_description&#8221;:null,&#8221;site_keywords&#8221;:null,&#8221;site_tagline&#8221;:null,&#8221;site_title&#8221;:null,&#8221;site_url&#8221;:null},&#8221;site_topper&#8221;:{&#8220;section_header_image&#8221;:null,&#8221;section_header_image_id&#8221;:null,&#8221;section_header_image_mobile&#8221;:null,&#8221;section_header_image_mobile_id&#8221;:null,&#8221;section_left_color_top&#8221;:null,&#8221;section_primary_color&#8221;:null,&#8221;section_right_color_top&#8221;:null,&#8221;site_logo_image&#8221;:null},&#8221;social&#8221;:{&#8220;facebook&#8221;:null,&#8221;instagram&#8221;:null,&#8221;kwai&#8221;:null,&#8221;rss&#8221;:null,&#8221;twitter&#8221;:null},&#8221;ultimas&#8221;:{&#8220;tab_ultimas&#8221;:[]},&#8221;is_grouping&#8221;:&#8221;false&#8221;,&#8221;node_type&#8221;:&#8221;section&#8221;,&#8221;children&#8221;:[]},{&#8220;_id&#8221;:&#8221;\/futebol\/copa-sao-paulo\/ao-vivo-jogo1&#8243;,&#8221;_website&#8221;:&#8221;esportes&#8221;,&#8221;name&#8221;:&#8221;Ao Vivo Jogo1&#8243;,&#8221;inactive&#8221;:false,&#8221;ancestors&#8221;:{&#8220;default&#8221;:[&#8220;https:\/\/esportes.r7.com\/futebol&#8221;,&#8221;\/futebol\/copa-sao-paulo&#8221;]},&#8221;parent&#8221;:{&#8220;default&#8221;:&#8221;\/futebol\/copa-sao-paulo&#8221;},&#8221;SEO&#8221;:{&#8220;og_image_id&#8221;:null,&#8221;seo_description&#8221;:&#8221;Assista Cruzeiro x S\u00e3o Paulo ao vivo e de gra\u00e7a! \u00c9 Domingo (25), \u00e0s 11h00 pelas quartas de final da Copa S\u00e3o Paulo de Futebol J\u00fanior. Quem vencer\u00e1? Voc\u00ea vai descobrir, ao vivo, aqui no R7 pela Record News e no RecordPlus, com pr\u00e9-jogo a partir das 10h10&#8243;,&#8221;seo_tags&#8221;:[&#8220;copa s\u00e3o paulo de futebol junior&#8221;,&#8221;copinha sp&#8221;,&#8221;copa sp&#8221;,&#8221;record ao vivo&#8221;,&#8221;gratis&#8221;,&#8221;gr\u00e1tis&#8221;,&#8221;ao vivo com imagens&#8221;,&#8221;r7 esportes&#8221;,&#8221;assista ao vivo&#8221;,&#8221;assista&#8221;],&#8221;seo_title&#8221;:&#8221;Cruzeiro x S\u00e3o Paulo | Ao vivo com imagens Copa S\u00e3o Paulo de Futebol J\u00fanior | R7 Esportes&#8221;,&#8221;title_hotsite&#8221;:null,&#8221;top_url&#8221;:&#8221;https:\/\/esportes.r7.com\/futebol\/copa-sao-paulo\/&#8221;,&#8221;url_og_image&#8221;:&#8221;https:\/\/cloudfront-us-east-1.images.arcpublishing.com\/newr7\/CSPFEHDGHVERLDDOHXPYENCLUI.jpg&#8221;},&#8221;_admin&#8221;:{&#8220;alias_ids&#8221;:[&#8220;\/futebol\/copa-sao-paulo\/ao-vivo-jogo1&#8243;]},&#8221;age_rating&#8221;:{&#8220;classificacao_etaria&#8221;:null},&#8221;age_rating_description&#8221;:{&#8220;atos_criminosos&#8221;:&#8221;false&#8221;,&#8221;conteudo_sexual&#8221;:&#8221;false&#8221;,&#8221;drogas&#8221;:&#8221;false&#8221;,&#8221;drogas_ilicitas&#8221;:&#8221;false&#8221;,&#8221;drogas_licitas&#8221;:&#8221;false&#8221;,&#8221;linguagem_impropria&#8221;:&#8221;false&#8221;,&#8221;medo&#8221;:&#8221;false&#8221;,&#8221;nudez&#8221;:&#8221;false&#8221;,&#8221;procedimentos_medicos&#8221;:&#8221;false&#8221;,&#8221;sexo_explicito&#8221;:&#8221;false&#8221;,&#8221;temas_sensiveis&#8221;:&#8221;false&#8221;,&#8221;violencia&#8221;:&#8221;false&#8221;,&#8221;violencia_extrema&#8221;:&#8221;false&#8221;,&#8221;violencia_fantasiosa&#8221;:&#8221;false&#8221;},&#8221;area_logada&#8221;:{&#8220;exclusive_content&#8221;:&#8221;true&#8221;},&#8221;navigation&#8221;:{&#8220;menu_url&#8221;:null,&#8221;nav_title&#8221;:null},&#8221;newsletter&#8221;:{&#8220;id&#8221;:null},&#8221;publicidade&#8221;:{&#8220;disable_adv&#8221;:&#8221;false&#8221;,&#8221;disable_audima_adv&#8221;:&#8221;false&#8221;,&#8221;disable_taboola&#8221;:&#8221;false&#8221;,&#8221;hash&#8221;:null},&#8221;site&#8221;:{&#8220;coupon_categories&#8221;:&#8221;departamentos&#8221;,&#8221;disable_refresh&#8221;:&#8221;4&#8243;,&#8221;enable_disclaimer&#8221;:&#8221;false&#8221;,&#8221;pagebuilder_path_for_native_apps&#8221;:null,&#8221;site_about&#8221;:null,&#8221;site_description&#8221;:null,&#8221;site_keywords&#8221;:null,&#8221;site_tagline&#8221;:null,&#8221;site_title&#8221;:null,&#8221;site_url&#8221;:null},&#8221;site_topper&#8221;:{&#8220;section_header_image&#8221;:null,&#8221;section_header_image_id&#8221;:null,&#8221;section_header_image_mobile&#8221;:null,&#8221;section_header_image_mobile_id&#8221;:null,&#8221;section_left_color_top&#8221;:null,&#8221;section_primary_color&#8221;:null,&#8221;section_right_color_top&#8221;:null,&#8221;site_logo_image&#8221;:null},&#8221;social&#8221;:{&#8220;facebook&#8221;:null,&#8221;instagram&#8221;:null,&#8221;kwai&#8221;:null,&#8221;rss&#8221;:null,&#8221;twitter&#8221;:null},&#8221;ultimas&#8221;:{&#8220;tab_ultimas&#8221;:[]},&#8221;is_grouping&#8221;:&#8221;false&#8221;,&#8221;node_type&#8221;:&#8221;section&#8221;,&#8221;children&#8221;:[]},{&#8220;_id&#8221;:&#8221;\/futebol\/copa-sao-paulo\/ao-vivo-jogo2&#8243;,&#8221;_website&#8221;:&#8221;esportes&#8221;,&#8221;name&#8221;:&#8221;Ao Vivo Jogo2&#8243;,&#8221;inactive&#8221;:false,&#8221;ancestors&#8221;:{&#8220;default&#8221;:[&#8220;https:\/\/esportes.r7.com\/futebol&#8221;,&#8221;\/futebol\/copa-sao-paulo&#8221;]},&#8221;parent&#8221;:{&#8220;default&#8221;:&#8221;\/futebol\/copa-sao-paulo&#8221;},&#8221;SEO&#8221;:{&#8220;og_image_id&#8221;:null,&#8221;seo_description&#8221;:&#8221;Assista Ferrovi\u00e1ria e Cuiab\u00e1 ao vivo e de gra\u00e7a! \u00c9 S\u00e1bado (10), \u00e0s 15h00 pela primeira fase da Copa S\u00e3o Paulo de Futebol J\u00fanior. Quem vencer\u00e1? Voc\u00ea vai descobrir, ao vivo, aqui no R7 pela Record News, com pr\u00e9-jogo a partir das 14h45&#8243;,&#8221;seo_tags&#8221;:[&#8220;copa sp de futebol junior&#8221;,&#8221;copa sp&#8221;,&#8221;copinha sp&#8221;,&#8221; ao vivo com imagens&#8221;,&#8221;record ao vivo&#8221;,&#8221;assista ao vivo&#8221;,&#8221;gratis&#8221;,&#8221;gr\u00e1tis&#8221;,&#8221;r7 esportes&#8221;,&#8221;assista&#8221;,&#8221;Ferrovi\u00e1ria&#8221;,&#8221;Cuiab\u00e1&#8221;],&#8221;seo_title&#8221;:&#8221;Ferrovi\u00e1ria x Cuiab\u00e1 | Ao vivo com imagens Copa S\u00e3o Paulo de Futebol J\u00fanior | R7 Esportes&#8221;,&#8221;title_hotsite&#8221;:&#8221;Ferrovi\u00e1ria x Cuiab\u00e1 | Ao vivo com imagens Copa S\u00e3o Paulo de Futebol J\u00fanior | R7 Esportes&#8221;,&#8221;top_url&#8221;:&#8221;https:\/\/esportes.r7.com\/futebol\/copa-sao-paulo\/&#8221;,&#8221;url_og_image&#8221;:&#8221;https:\/\/cloudfront-us-east-1.images.arcpublishing.com\/newr7\/CSPFEHDGHVERLDDOHXPYENCLUI.jpg&#8221;},&#8221;_admin&#8221;:{&#8220;alias_ids&#8221;:[&#8220;\/futebol\/copa-sao-paulo\/ao-vivo-jogo2&#8243;]},&#8221;age_rating&#8221;:{&#8220;classificacao_etaria&#8221;:null},&#8221;age_rating_description&#8221;:{&#8220;atos_criminosos&#8221;:&#8221;false&#8221;,&#8221;conteudo_sexual&#8221;:&#8221;false&#8221;,&#8221;drogas&#8221;:&#8221;false&#8221;,&#8221;drogas_ilicitas&#8221;:&#8221;false&#8221;,&#8221;drogas_licitas&#8221;:&#8221;false&#8221;,&#8221;linguagem_impropria&#8221;:&#8221;false&#8221;,&#8221;medo&#8221;:&#8221;false&#8221;,&#8221;nudez&#8221;:&#8221;false&#8221;,&#8221;procedimentos_medicos&#8221;:&#8221;false&#8221;,&#8221;sexo_explicito&#8221;:&#8221;false&#8221;,&#8221;temas_sensiveis&#8221;:&#8221;false&#8221;,&#8221;violencia&#8221;:&#8221;false&#8221;,&#8221;violencia_extrema&#8221;:&#8221;false&#8221;,&#8221;violencia_fantasiosa&#8221;:&#8221;false&#8221;},&#8221;area_logada&#8221;:{&#8220;exclusive_content&#8221;:&#8221;true&#8221;},&#8221;navigation&#8221;:{&#8220;menu_url&#8221;:null,&#8221;nav_title&#8221;:null},&#8221;newsletter&#8221;:{&#8220;id&#8221;:null},&#8221;publicidade&#8221;:{&#8220;disable_adv&#8221;:&#8221;false&#8221;,&#8221;disable_audima_adv&#8221;:&#8221;false&#8221;,&#8221;disable_taboola&#8221;:&#8221;false&#8221;,&#8221;hash&#8221;:null},&#8221;site&#8221;:{&#8220;coupon_categories&#8221;:&#8221;departamentos&#8221;,&#8221;disable_refresh&#8221;:&#8221;4&#8243;,&#8221;enable_disclaimer&#8221;:&#8221;false&#8221;,&#8221;pagebuilder_path_for_native_apps&#8221;:null,&#8221;site_about&#8221;:&#8221;Ferrovi\u00e1ria x Cuiab\u00e1 | Ao vivo com imagens Copa S\u00e3o Paulo de Futebol J\u00fanior | R7 Esportes&#8221;,&#8221;site_description&#8221;:&#8221;Assista Ferrovi\u00e1ria e Cuiab\u00e1 ao vivo e de gra\u00e7a! \u00c9 S\u00e1bado (10), \u00e0s 15h00 pela primeira fase da Copa S\u00e3o Paulo de Futebol J\u00fanior. Quem vencer\u00e1? Voc\u00ea vai descobrir, ao vivo, aqui no R7 pela Record News, com pr\u00e9-jogo a partir das 14h45&#8243;,&#8221;site_keywords&#8221;:&#8221;Ferrovi\u00e1ria, Cuiab\u00e1, copinha, copa sp, record ao vivo, copa sp de futebol junior, ao vivo com imagens, assista, assista ao vivo, gr\u00e1tis, gratis, r7 esportes&#8221;,&#8221;site_tagline&#8221;:&#8221;Ferrovi\u00e1ria x Cuiab\u00e1 | Ao vivo com imagens Copa S\u00e3o Paulo de Futebol J\u00fanior | R7 Esportes&#8221;,&#8221;site_title&#8221;:&#8221;Ferrovi\u00e1ria x Cuiab\u00e1 | Ao vivo com imagens Copa S\u00e3o Paulo de Futebol J\u00fanior | R7 Esportes&#8221;,&#8221;site_url&#8221;:null},&#8221;site_topper&#8221;:{&#8220;section_header_image&#8221;:null,&#8221;section_header_image_id&#8221;:null,&#8221;section_header_image_mobile&#8221;:null,&#8221;section_header_image_mobile_id&#8221;:null,&#8221;section_left_color_top&#8221;:null,&#8221;section_primary_color&#8221;:null,&#8221;section_right_color_top&#8221;:null,&#8221;site_logo_image&#8221;:null},&#8221;social&#8221;:{&#8220;facebook&#8221;:null,&#8221;instagram&#8221;:null,&#8221;kwai&#8221;:null,&#8221;rss&#8221;:null,&#8221;twitter&#8221;:null},&#8221;ultimas&#8221;:{&#8220;tab_ultimas&#8221;:[]},&#8221;is_grouping&#8221;:&#8221;false&#8221;,&#8221;node_type&#8221;:&#8221;section&#8221;,&#8221;children&#8221;:[]},{&#8220;_id&#8221;:&#8221;\/futebol\/copa-sao-paulo\/tabela&#8221;,&#8221;_website&#8221;:&#8221;esportes&#8221;,&#8221;name&#8221;:&#8221;Tabela&#8221;,&#8221;inactive&#8221;:false,&#8221;ancestors&#8221;:{&#8220;default&#8221;:[&#8220;https:\/\/esportes.r7.com\/futebol&#8221;,&#8221;\/futebol\/copa-sao-paulo&#8221;]},&#8221;parent&#8221;:{&#8220;default&#8221;:&#8221;\/futebol\/copa-sao-paulo&#8221;},&#8221;SEO&#8221;:{&#8220;og_image_id&#8221;:null,&#8221;seo_description&#8221;:&#8221;Copinha SP com tabela de classifica\u00e7\u00e3o atualizada \u00e9 no R7 Esportes! Confira os pr\u00f3ximos jogos, not\u00edcias e muito mais.&#8221;,&#8221;seo_tags&#8221;:[&#8220;copinha sp&#8221;,&#8221;copa sp&#8221;,&#8221;futebol&#8221;,&#8221;r7 esportes&#8221;],&#8221;seo_title&#8221;:&#8221;Tabela e jogos | Copinha SP&#8221;,&#8221;title_hotsite&#8221;:&#8221;Tabela e jogos | Copinha SP&#8221;,&#8221;top_url&#8221;:null,&#8221;url_og_image&#8221;:null},&#8221;age_rating&#8221;:{&#8220;classificacao_etaria&#8221;:null},&#8221;age_rating_description&#8221;:{&#8220;atos_criminosos&#8221;:&#8221;false&#8221;,&#8221;conteudo_sexual&#8221;:&#8221;false&#8221;,&#8221;drogas&#8221;:&#8221;false&#8221;,&#8221;drogas_ilicitas&#8221;:&#8221;false&#8221;,&#8221;drogas_licitas&#8221;:&#8221;false&#8221;,&#8221;linguagem_impropria&#8221;:&#8221;false&#8221;,&#8221;medo&#8221;:&#8221;false&#8221;,&#8221;nudez&#8221;:&#8221;false&#8221;,&#8221;procedimentos_medicos&#8221;:&#8221;false&#8221;,&#8221;sexo_explicito&#8221;:&#8221;false&#8221;,&#8221;temas_sensiveis&#8221;:&#8221;false&#8221;,&#8221;violencia&#8221;:&#8221;false&#8221;,&#8221;violencia_extrema&#8221;:&#8221;false&#8221;,&#8221;violencia_fantasiosa&#8221;:&#8221;false&#8221;},&#8221;area_logada&#8221;:{&#8220;exclusive_content&#8221;:&#8221;false&#8221;},&#8221;navigation&#8221;:{&#8220;menu_url&#8221;:null,&#8221;nav_title&#8221;:null},&#8221;newsletter&#8221;:{&#8220;id&#8221;:null},&#8221;publicidade&#8221;:{&#8220;disable_adv&#8221;:&#8221;false&#8221;,&#8221;disable_audima_adv&#8221;:&#8221;false&#8221;,&#8221;disable_taboola&#8221;:&#8221;false&#8221;,&#8221;hash&#8221;:null},&#8221;site&#8221;:{&#8220;coupon_categories&#8221;:&#8221;departamentos&#8221;,&#8221;disable_refresh&#8221;:&#8221;4&#8243;,&#8221;enable_disclaimer&#8221;:&#8221;false&#8221;,&#8221;pagebuilder_path_for_native_apps&#8221;:null,&#8221;site_about&#8221;:&#8221;Tabela e jogos | Copinha SP&#8221;,&#8221;site_description&#8221;:&#8221;Copinha SP com tabela de classifica\u00e7\u00e3o atualizada \u00e9 no R7 Esportes! Confira os pr\u00f3ximos jogos, not\u00edcias e muito mais.&#8221;,&#8221;site_keywords&#8221;:&#8221;copinha sp, copa sp, esportes, futebol&#8221;,&#8221;site_tagline&#8221;:&#8221;Tabela e jogos | Copinha SP&#8221;,&#8221;site_title&#8221;:&#8221;Tabela e jogos | Copinha SP&#8221;,&#8221;site_url&#8221;:null},&#8221;site_topper&#8221;:{&#8220;section_header_image&#8221;:null,&#8221;section_header_image_id&#8221;:null,&#8221;section_header_image_mobile&#8221;:null,&#8221;section_header_image_mobile_id&#8221;:null,&#8221;section_left_color_top&#8221;:null,&#8221;section_primary_color&#8221;:null,&#8221;section_right_color_top&#8221;:null,&#8221;site_logo_image&#8221;:null},&#8221;social&#8221;:{&#8220;facebook&#8221;:null,&#8221;instagram&#8221;:null,&#8221;kwai&#8221;:null,&#8221;rss&#8221;:null,&#8221;twitter&#8221;:null},&#8221;ultimas&#8221;:{&#8220;tab_ultimas&#8221;:[]},&#8221;is_grouping&#8221;:&#8221;false&#8221;,&#8221;node_type&#8221;:&#8221;section&#8221;,&#8221;children&#8221;:[]}]},{&#8220;_id&#8221;:&#8221;\/futebol\/corinthians-campeao-2017&#8243;,&#8221;website&#8221;:&#8221;esportes&#8221;,&#8221;name&#8221;:&#8221;Corinthians campe\u00e3o 2017&#8243;,&#8221;navigation&#8221;:{&#8220;nav_title&#8221;:&#8221;Corinthians campe\u00e3o 2017&#8243;},&#8221;parent&#8221;:{&#8220;default&#8221;:&#8221;https:\/\/esportes.r7.com\/futebol&#8221;,&#8221;header&#8221;:&#8221;https:\/\/esportes.r7.com\/futebol&#8221;},&#8221;_admin&#8221;:{&#8220;alias_ids&#8221;:[&#8220;\/futebol\/corinthians-campeao-2017&#8243;]},&#8221;site&#8221;:{&#8220;site_description&#8221;:&#8221;&#8221;,&#8221;site_title&#8221;:&#8221;Corinthians campe\u00e3o 2017&#8243;},&#8221;inactive&#8221;:false,&#8221;SEO&#8221;:{&#8220;seo_tags&#8221;:[]},&#8221;site_topper&#8221;:{},&#8221;is_grouping&#8221;:&#8221;true&#8221;,&#8221;_website&#8221;:&#8221;esportes&#8221;,&#8221;node_type&#8221;:&#8221;section&#8221;,&#8221;children&#8221;:[]},{&#8220;_id&#8221;:&#8221;\/futebol\/corrupcao-na-fifa&#8221;,&#8221;website&#8221;:&#8221;esportes&#8221;,&#8221;name&#8221;:&#8221;Corrup\u00e7\u00e3o na Fifa&#8221;,&#8221;navigation&#8221;:{&#8220;nav_title&#8221;:&#8221;Corrup\u00e7\u00e3o na Fifa&#8221;},&#8221;parent&#8221;:{&#8220;default&#8221;:&#8221;https:\/\/esportes.r7.com\/futebol&#8221;,&#8221;header&#8221;:&#8221;https:\/\/esportes.r7.com\/futebol&#8221;},&#8221;_admin&#8221;:{&#8220;alias_ids&#8221;:[&#8220;\/futebol\/corrupcao-na-fifa&#8221;]},&#8221;site&#8221;:{&#8220;site_description&#8221;:&#8221;&#8221;,&#8221;site_title&#8221;:&#8221;Corrup\u00e7\u00e3o na Fifa&#8221;},&#8221;inactive&#8221;:false,&#8221;SEO&#8221;:{&#8220;seo_tags&#8221;:[]},&#8221;site_topper&#8221;:{},&#8221;is_grouping&#8221;:&#8221;true&#8221;,&#8221;_website&#8221;:&#8221;esportes&#8221;,&#8221;node_type&#8221;:&#8221;section&#8221;,&#8221;children&#8221;:[]},{&#8220;_id&#8221;:&#8221;\/futebol\/el-camino-rubro-negro&#8221;,&#8221;website&#8221;:&#8221;esportes&#8221;,&#8221;name&#8221;:&#8221;El Camino Rubro-negro&#8221;,&#8221;navigation&#8221;:{&#8220;nav_title&#8221;:&#8221;El Camino Rubro-negro&#8221;},&#8221;parent&#8221;:{&#8220;default&#8221;:&#8221;https:\/\/esportes.r7.com\/futebol&#8221;,&#8221;header&#8221;:&#8221;https:\/\/esportes.r7.com\/futebol&#8221;},&#8221;_admin&#8221;:{&#8220;alias_ids&#8221;:[&#8220;\/futebol\/el-camino-rubro-negro&#8221;]},&#8221;site&#8221;:{&#8220;site_description&#8221;:&#8221;&#8221;,&#8221;site_title&#8221;:&#8221;El Camino Rubro-negro&#8221;},&#8221;inactive&#8221;:false,&#8221;SEO&#8221;:{&#8220;seo_tags&#8221;:[]},&#8221;site_topper&#8221;:{},&#8221;is_grouping&#8221;:&#8221;true&#8221;,&#8221;_website&#8221;:&#8221;esportes&#8221;,&#8221;node_type&#8221;:&#8221;section&#8221;,&#8221;children&#8221;:[]},{&#8220;_id&#8221;:&#8221;\/futebol\/eleicao-no-corinthians&#8221;,&#8221;website&#8221;:&#8221;esportes&#8221;,&#8221;name&#8221;:&#8221;Elei\u00e7\u00e3o no Corinthians&#8221;,&#8221;navigation&#8221;:{&#8220;nav_title&#8221;:&#8221;Elei\u00e7\u00e3o no Corinthians&#8221;},&#8221;parent&#8221;:{&#8220;default&#8221;:&#8221;https:\/\/esportes.r7.com\/futebol&#8221;,&#8221;header&#8221;:&#8221;https:\/\/esportes.r7.com\/futebol&#8221;},&#8221;_admin&#8221;:{&#8220;alias_ids&#8221;:[&#8220;\/futebol\/eleicao-no-corinthians&#8221;]},&#8221;site&#8221;:{&#8220;site_description&#8221;:&#8221;&#8221;,&#8221;site_title&#8221;:&#8221;Elei\u00e7\u00e3o no Corinthians&#8221;},&#8221;inactive&#8221;:false,&#8221;SEO&#8221;:{&#8220;seo_tags&#8221;:[]},&#8221;site_topper&#8221;:{},&#8221;is_grouping&#8221;:&#8221;true&#8221;,&#8221;_website&#8221;:&#8221;esportes&#8221;,&#8221;node_type&#8221;:&#8221;section&#8221;,&#8221;children&#8221;:[]},{&#8220;_id&#8221;:&#8221;\/futebol\/eliminatorias-da-copa&#8221;,&#8221;_website&#8221;:&#8221;esportes&#8221;,&#8221;name&#8221;:&#8221;Eliminat\u00f3rias da Copa&#8221;,&#8221;inactive&#8221;:false,&#8221;parent&#8221;:{&#8220;default&#8221;:&#8221;https:\/\/esportes.r7.com\/futebol&#8221;,&#8221;header&#8221;:&#8221;https:\/\/esportes.r7.com\/futebol&#8221;},&#8221;SEO&#8221;:{&#8220;og_image_id&#8221;:null,&#8221;seo_description&#8221;:&#8221;Confira resultados, pr\u00f3ximos jogos, tabela de classifica\u00e7\u00e3o completa, v\u00eddeos e as \u00faltimas not\u00edciasdas Eliminat\u00f3rias da Copa | 2025 | no R7 Esportes&#8221;,&#8221;seo_tags&#8221;:[&#8220;copa do mundo&#8221;,&#8221;resultados&#8221;,&#8221;jogos&#8221;,&#8221;tabela&#8221;,&#8221;america do sul&#8221;,&#8221;eliminatorias da copa&#8221;],&#8221;seo_title&#8221;:&#8221;Tabela, not\u00edcias e resultados | Eliminat\u00f3rias da Copa | 2025 | R7&#8243;,&#8221;title_hotsite&#8221;:&#8221;Tabela, not\u00edcias e resultados | Eliminat\u00f3rias da Copa | 2025 | R7&#8243;,&#8221;top_url&#8221;:null,&#8221;url_og_image&#8221;:null},&#8221;_admin&#8221;:{&#8220;alias_ids&#8221;:[&#8220;\/futebol\/eliminatorias-da-copa&#8221;]},&#8221;age_rating&#8221;:{&#8220;classificacao_etaria&#8221;:null},&#8221;age_rating_description&#8221;:{&#8220;atos_criminosos&#8221;:&#8221;false&#8221;,&#8221;conteudo_sexual&#8221;:&#8221;false&#8221;,&#8221;drogas&#8221;:&#8221;false&#8221;,&#8221;drogas_ilicitas&#8221;:&#8221;false&#8221;,&#8221;drogas_licitas&#8221;:&#8221;false&#8221;,&#8221;linguagem_impropria&#8221;:&#8221;false&#8221;,&#8221;medo&#8221;:&#8221;false&#8221;,&#8221;nudez&#8221;:&#8221;false&#8221;,&#8221;procedimentos_medicos&#8221;:&#8221;false&#8221;,&#8221;sexo_explicito&#8221;:&#8221;false&#8221;,&#8221;temas_sensiveis&#8221;:&#8221;false&#8221;,&#8221;violencia&#8221;:&#8221;false&#8221;,&#8221;violencia_extrema&#8221;:&#8221;false&#8221;,&#8221;violencia_fantasiosa&#8221;:&#8221;false&#8221;},&#8221;area_logada&#8221;:{&#8220;exclusive_content&#8221;:&#8221;false&#8221;},&#8221;assets&#8221;:{&#8220;cda_ad_player&#8221;:null},&#8221;campanha_branded&#8221;:{&#8220;ativar_background_campanha&#8221;:&#8221;false&#8221;,&#8221;ativar_fonte_campanha&#8221;:&#8221;false&#8221;,&#8221;ativar_logo_campanha&#8221;:&#8221;false&#8221;},&#8221;navigation&#8221;:{&#8220;menu_url&#8221;:null,&#8221;nav_title&#8221;:&#8221;Eliminat\u00f3rias da Copa&#8221;},&#8221;newsletter&#8221;:{&#8220;id&#8221;:&#8221;68484031b8b9d10001c4f8ba&#8221;},&#8221;publicidade&#8221;:{&#8220;disable_adv&#8221;:&#8221;false&#8221;,&#8221;disable_audima_adv&#8221;:&#8221;false&#8221;,&#8221;disable_taboola&#8221;:&#8221;false&#8221;,&#8221;hash&#8221;:null},&#8221;site&#8221;:{&#8220;coupon_categories&#8221;:&#8221;departamentos&#8221;,&#8221;disable_refresh&#8221;:&#8221;4&#8243;,&#8221;enable_disclaimer&#8221;:&#8221;false&#8221;,&#8221;pagebuilder_path_for_native_apps&#8221;:null,&#8221;site_about&#8221;:&#8221;Tabela, not\u00edcias e resultados | Eliminat\u00f3rias da Copa | 2025 | R7&#8243;,&#8221;site_description&#8221;:&#8221;Confira resultados, pr\u00f3ximos jogos, tabela de classifica\u00e7\u00e3o completa, v\u00eddeos e as \u00faltimas not\u00edciasdas Eliminat\u00f3rias da Copa | 2025 | no R7 Esportes&#8221;,&#8221;site_keywords&#8221;:&#8221;eliminatorias da copa, america do sul, tabela, resultados, jogos, copa do mundo&#8221;,&#8221;site_tagline&#8221;:&#8221;Tabela, not\u00edcias e resultados | Eliminat\u00f3rias da Copa | 2025 | R7&#8243;,&#8221;site_title&#8221;:&#8221;Tabela, not\u00edcias e resultados | Eliminat\u00f3rias da Copa | 2025 | R7&#8243;,&#8221;site_url&#8221;:null},&#8221;site_topper&#8221;:{&#8220;section_header_image&#8221;:null,&#8221;section_header_image_id&#8221;:null,&#8221;section_header_image_mobile&#8221;:null,&#8221;section_header_image_mobile_id&#8221;:null,&#8221;section_left_color_top&#8221;:null,&#8221;section_primary_color&#8221;:null,&#8221;section_right_color_top&#8221;:null,&#8221;site_logo_image&#8221;:null},&#8221;social&#8221;:{&#8220;bluesky&#8221;:null,&#8221;facebook&#8221;:null,&#8221;instagram&#8221;:null,&#8221;kwai&#8221;:null,&#8221;rss&#8221;:null,&#8221;threads&#8221;:null,&#8221;tiktok&#8221;:null,&#8221;twitter&#8221;:null,&#8221;whatsapp&#8221;:null,&#8221;youtube&#8221;:null},&#8221;ultimas&#8221;:{&#8220;tab_ultimas&#8221;:[]},&#8221;is_grouping&#8221;:&#8221;false&#8221;,&#8221;node_type&#8221;:&#8221;section&#8221;,&#8221;children&#8221;:[{&#8220;_id&#8221;:&#8221;\/futebol\/eliminatorias-da-copa\/lance-a-lance&#8221;,&#8221;_website&#8221;:&#8221;esportes&#8221;,&#8221;name&#8221;:&#8221;Lance a Lance&#8221;,&#8221;inactive&#8221;:false,&#8221;ancestors&#8221;:{&#8220;default&#8221;:[&#8220;https:\/\/esportes.r7.com\/futebol&#8221;,&#8221;\/futebol\/eliminatorias-da-copa&#8221;]},&#8221;parent&#8221;:{&#8220;default&#8221;:&#8221;\/futebol\/eliminatorias-da-copa&#8221;},&#8221;SEO&#8221;:{&#8220;og_image_id&#8221;:null,&#8221;seo_description&#8221;:&#8221;Eliminat\u00f3rias Sul-Americanas e emo\u00e7\u00e3o do Brasileir\u00e3o? Acompanhe tudo na Record! Not\u00edcias, tabelas e resultados. Acesse o R7 e n\u00e3o perca nenhum lance!&#8221;,&#8221;seo_tags&#8221;:[&#8220;Eliminat\u00f3rias Sul-Americanas&#8221;,&#8221;Brasileir\u00e3o&#8221;,&#8221;Record&#8221;,&#8221;R7&#8243;,&#8221;Not\u00edcias&#8221;,&#8221;Futebol&#8221;],&#8221;seo_title&#8221;:&#8221;Confira Eliminat\u00f3rias Am\u00e9rica do Sul: Lance a Lance do Brasileir\u00e3o na Record!&#8221;,&#8221;title_hotsite&#8221;:&#8221;Lance a Lance | Eliminat\u00f3rias da Copa&#8221;,&#8221;top_url&#8221;:null,&#8221;url_og_image&#8221;:&#8221;https:\/\/cloudfront-us-east-1.images.arcpublishing.com\/newr7\/PSLHNRQBSFAK3A5GCOJNMV5NRM.jpg&#8221;},&#8221;age_rating&#8221;:{&#8220;classificacao_etaria&#8221;:null},&#8221;age_rating_description&#8221;:{&#8220;atos_criminosos&#8221;:&#8221;false&#8221;,&#8221;conteudo_sexual&#8221;:&#8221;false&#8221;,&#8221;drogas&#8221;:&#8221;false&#8221;,&#8221;drogas_ilicitas&#8221;:&#8221;false&#8221;,&#8221;drogas_licitas&#8221;:&#8221;false&#8221;,&#8221;linguagem_impropria&#8221;:&#8221;false&#8221;,&#8221;medo&#8221;:&#8221;false&#8221;,&#8221;nudez&#8221;:&#8221;false&#8221;,&#8221;procedimentos_medicos&#8221;:&#8221;false&#8221;,&#8221;sexo_explicito&#8221;:&#8221;false&#8221;,&#8221;temas_sensiveis&#8221;:&#8221;false&#8221;,&#8221;violencia&#8221;:&#8221;false&#8221;,&#8221;violencia_extrema&#8221;:&#8221;false&#8221;,&#8221;violencia_fantasiosa&#8221;:&#8221;false&#8221;},&#8221;area_logada&#8221;:{&#8220;exclusive_content&#8221;:&#8221;false&#8221;},&#8221;navigation&#8221;:{&#8220;menu_url&#8221;:null,&#8221;nav_title&#8221;:&#8221;Lance a Lance | Eliminat\u00f3rias da Copa&#8221;},&#8221;newsletter&#8221;:{&#8220;id&#8221;:null},&#8221;publicidade&#8221;:{&#8220;disable_adv&#8221;:&#8221;false&#8221;,&#8221;disable_audima_adv&#8221;:&#8221;false&#8221;,&#8221;disable_taboola&#8221;:&#8221;false&#8221;,&#8221;hash&#8221;:&#8221;r7esportes\/futebol\/lance-a-lance\/eliminatorias-america-do-sul&#8221;},&#8221;site&#8221;:{&#8220;coupon_categories&#8221;:&#8221;departamentos&#8221;,&#8221;disable_refresh&#8221;:&#8221;4&#8243;,&#8221;enable_disclaimer&#8221;:&#8221;false&#8221;,&#8221;pagebuilder_path_for_native_apps&#8221;:null,&#8221;site_about&#8221;:null,&#8221;site_description&#8221;:null,&#8221;site_keywords&#8221;:null,&#8221;site_tagline&#8221;:null,&#8221;site_title&#8221;:&#8221;Lance a Lance | Eliminat\u00f3rias da Copa&#8221;,&#8221;site_url&#8221;:null},&#8221;site_topper&#8221;:{&#8220;section_header_image&#8221;:&#8221;https:\/\/cloudfront-us-east-1.images.arcpublishing.com\/newr7\/RMUWDNTRUNCYFKK522EGZWVSMI.jpg&#8221;,&#8221;section_header_image_id&#8221;:null,&#8221;section_header_image_mobile&#8221;:&#8221;https:\/\/cloudfront-us-east-1.images.arcpublishing.com\/newr7\/GFWP47A43BDQZDDJUERJ7OL73Y.jpg&#8221;,&#8221;section_header_image_mobile_id&#8221;:null,&#8221;section_left_color_top&#8221;:&#8221;#0C703C&#8221;,&#8221;section_primary_color&#8221;:&#8221;#2B8047&#8243;,&#8221;section_right_color_top&#8221;:&#8221;#0C703C&#8221;,&#8221;site_logo_image&#8221;:null},&#8221;social&#8221;:{&#8220;facebook&#8221;:null,&#8221;instagram&#8221;:null,&#8221;kwai&#8221;:null,&#8221;rss&#8221;:null,&#8221;twitter&#8221;:null},&#8221;ultimas&#8221;:{&#8220;tab_ultimas&#8221;:[]},&#8221;is_grouping&#8221;:&#8221;false&#8221;,&#8221;node_type&#8221;:&#8221;section&#8221;,&#8221;children&#8221;:[]},{&#8220;_id&#8221;:&#8221;\/futebol\/eliminatorias-da-copa\/tabela&#8221;,&#8221;_website&#8221;:&#8221;esportes&#8221;,&#8221;name&#8221;:&#8221;Tabela&#8221;,&#8221;inactive&#8221;:false,&#8221;ancestors&#8221;:{&#8220;default&#8221;:[&#8220;https:\/\/esportes.r7.com\/futebol&#8221;,&#8221;\/futebol\/eliminatorias-da-copa&#8221;]},&#8221;parent&#8221;:{&#8220;default&#8221;:&#8221;\/futebol\/eliminatorias-da-copa&#8221;},&#8221;SEO&#8221;:{&#8220;og_image_id&#8221;:null,&#8221;seo_description&#8221;:&#8221;Tabela | Eliminat\u00f3rias da Copa | R7 Esportes&#8221;,&#8221;seo_tags&#8221;:[&#8220;eliminat\u00f3rias da copa&#8221;,&#8221;jogos&#8221;,&#8221;tabela&#8221;,&#8221;classifica\u00e7\u00e3o&#8221;,&#8221;futebol&#8221;,&#8221;r7 esportes&#8221;,&#8221;r7&#8243;],&#8221;seo_title&#8221;:&#8221;Tabela | Eliminat\u00f3rias da Copa | R7 Esportes&#8221;,&#8221;title_hotsite&#8221;:&#8221;Tabela | Eliminat\u00f3rias da Copa | R7 Esportes&#8221;,&#8221;top_url&#8221;:&#8221;https:\/\/esportes.r7.com\/futebol\/eliminatorias-da-copa\/&#8221;,&#8221;url_og_image&#8221;:null},&#8221;_admin&#8221;:{&#8220;alias_ids&#8221;:[&#8220;\/eliminatorias-da-copa\/tabela\/&#8221;]},&#8221;age_rating&#8221;:{&#8220;classificacao_etaria&#8221;:null},&#8221;age_rating_description&#8221;:{&#8220;atos_criminosos&#8221;:&#8221;false&#8221;,&#8221;conteudo_sexual&#8221;:&#8221;false&#8221;,&#8221;drogas&#8221;:&#8221;false&#8221;,&#8221;drogas_ilicitas&#8221;:&#8221;false&#8221;,&#8221;drogas_licitas&#8221;:&#8221;false&#8221;,&#8221;linguagem_impropria&#8221;:&#8221;false&#8221;,&#8221;medo&#8221;:&#8221;false&#8221;,&#8221;nudez&#8221;:&#8221;false&#8221;,&#8221;procedimentos_medicos&#8221;:&#8221;false&#8221;,&#8221;sexo_explicito&#8221;:&#8221;false&#8221;,&#8221;temas_sensiveis&#8221;:&#8221;false&#8221;,&#8221;violencia&#8221;:&#8221;false&#8221;,&#8221;violencia_extrema&#8221;:&#8221;false&#8221;,&#8221;violencia_fantasiosa&#8221;:&#8221;false&#8221;},&#8221;area_logada&#8221;:{&#8220;exclusive_content&#8221;:&#8221;false&#8221;},&#8221;navigation&#8221;:{&#8220;menu_url&#8221;:&#8221;https:\/\/esportes.r7.com\/futebol\/eliminatorias-da-copa\/tabela\/&#8221;,&#8221;nav_title&#8221;:&#8221;Tabela | Eliminat\u00f3rias da Copa | R7 Esportes&#8221;},&#8221;newsletter&#8221;:{&#8220;id&#8221;:null},&#8221;publicidade&#8221;:{&#8220;disable_adv&#8221;:&#8221;false&#8221;,&#8221;disable_audima_adv&#8221;:&#8221;false&#8221;,&#8221;disable_taboola&#8221;:&#8221;false&#8221;,&#8221;hash&#8221;:null},&#8221;site&#8221;:{&#8220;coupon_categories&#8221;:&#8221;departamentos&#8221;,&#8221;disable_refresh&#8221;:&#8221;4&#8243;,&#8221;enable_disclaimer&#8221;:&#8221;false&#8221;,&#8221;pagebuilder_path_for_native_apps&#8221;:null,&#8221;site_about&#8221;:null,&#8221;site_description&#8221;:null,&#8221;site_keywords&#8221;:null,&#8221;site_tagline&#8221;:null,&#8221;site_title&#8221;:&#8221;Tabela | Eliminat\u00f3rias da Copa | R7 Esportes&#8221;,&#8221;site_url&#8221;:null},&#8221;site_topper&#8221;:{&#8220;section_header_image&#8221;:null,&#8221;section_header_image_id&#8221;:null,&#8221;section_header_image_mobile&#8221;:null,&#8221;section_header_image_mobile_id&#8221;:null,&#8221;section_left_color_top&#8221;:null,&#8221;section_primary_color&#8221;:null,&#8221;section_right_color_top&#8221;:null,&#8221;site_logo_image&#8221;:null},&#8221;social&#8221;:{&#8220;facebook&#8221;:null,&#8221;instagram&#8221;:null,&#8221;kwai&#8221;:null,&#8221;rss&#8221;:null,&#8221;twitter&#8221;:null},&#8221;ultimas&#8221;:{&#8220;tab_ultimas&#8221;:[]},&#8221;is_grouping&#8221;:&#8221;false&#8221;,&#8221;node_type&#8221;:&#8221;section&#8221;,&#8221;children&#8221;:[]}]},{&#8220;_id&#8221;:&#8221;\/futebol\/estaduais&#8221;,&#8221;_website&#8221;:&#8221;esportes&#8221;,&#8221;name&#8221;:&#8221;Estaduais&#8221;,&#8221;inactive&#8221;:false,&#8221;parent&#8221;:{&#8220;default&#8221;:&#8221;https:\/\/esportes.r7.com\/futebol&#8221;,&#8221;header&#8221;:&#8221;https:\/\/esportes.r7.com\/futebol&#8221;},&#8221;SEO&#8221;:{&#8220;seo_tags&#8221;:[]},&#8221;_admin&#8221;:{&#8220;alias_ids&#8221;:[&#8220;\/futebol\/estaduais&#8221;]},&#8221;navigation&#8221;:{&#8220;nav_title&#8221;:&#8221;Estaduais&#8221;},&#8221;newsletter&#8221;:{&#8220;id&#8221;:&#8221;68484031b8b9d10001c4f8ba&#8221;},&#8221;site&#8221;:{&#8220;site_description&#8221;:null,&#8221;site_title&#8221;:&#8221;Estaduais&#8221;},&#8221;is_grouping&#8221;:&#8221;false&#8221;,&#8221;node_type&#8221;:&#8221;section&#8221;,&#8221;children&#8221;:[]},{&#8220;_id&#8221;:&#8221;\/futebol\/futebol-de-varzea&#8221;,&#8221;website&#8221;:&#8221;esportes&#8221;,&#8221;name&#8221;:&#8221;Futebol de v\u00e1rzea&#8221;,&#8221;navigation&#8221;:{&#8220;nav_title&#8221;:&#8221;Futebol de v\u00e1rzea&#8221;},&#8221;parent&#8221;:{&#8220;default&#8221;:&#8221;https:\/\/esportes.r7.com\/futebol&#8221;,&#8221;header&#8221;:&#8221;https:\/\/esportes.r7.com\/futebol&#8221;},&#8221;_admin&#8221;:{&#8220;alias_ids&#8221;:[&#8220;\/futebol\/futebol-de-varzea&#8221;]},&#8221;site&#8221;:{&#8220;site_description&#8221;:&#8221;&#8221;,&#8221;site_title&#8221;:&#8221;Futebol de v\u00e1rzea&#8221;},&#8221;inactive&#8221;:false,&#8221;SEO&#8221;:{&#8220;seo_tags&#8221;:[]},&#8221;site_topper&#8221;:{},&#8221;is_grouping&#8221;:&#8221;true&#8221;,&#8221;_website&#8221;:&#8221;esportes&#8221;,&#8221;node_type&#8221;:&#8221;section&#8221;,&#8221;children&#8221;:[]},{&#8220;_id&#8221;:&#8221;\/futebol\/guia-do-boleiro&#8221;,&#8221;website&#8221;:&#8221;esportes&#8221;,&#8221;name&#8221;:&#8221;Guia do Boleiro&#8221;,&#8221;navigation&#8221;:{&#8220;nav_title&#8221;:&#8221;Guia do Boleiro&#8221;},&#8221;parent&#8221;:{&#8220;default&#8221;:&#8221;https:\/\/esportes.r7.com\/futebol&#8221;,&#8221;header&#8221;:&#8221;https:\/\/esportes.r7.com\/futebol&#8221;},&#8221;_admin&#8221;:{&#8220;alias_ids&#8221;:[&#8220;\/futebol\/guia-do-boleiro&#8221;]},&#8221;site&#8221;:{&#8220;site_description&#8221;:&#8221;&#8221;,&#8221;site_title&#8221;:&#8221;Guia do Boleiro&#8221;},&#8221;inactive&#8221;:false,&#8221;SEO&#8221;:{&#8220;seo_tags&#8221;:[]},&#8221;site_topper&#8221;:{},&#8221;is_grouping&#8221;:&#8221;false&#8221;,&#8221;_website&#8221;:&#8221;esportes&#8221;,&#8221;node_type&#8221;:&#8221;section&#8221;,&#8221;children&#8221;:[]},{&#8220;_id&#8221;:&#8221;\/futebol\/icc-2019&#8243;,&#8221;website&#8221;:&#8221;esportes&#8221;,&#8221;name&#8221;:&#8221;icc 2019&#8243;,&#8221;navigation&#8221;:{&#8220;nav_title&#8221;:&#8221;icc 2019&#8243;},&#8221;parent&#8221;:{&#8220;default&#8221;:&#8221;https:\/\/esportes.r7.com\/futebol&#8221;,&#8221;header&#8221;:&#8221;https:\/\/esportes.r7.com\/futebol&#8221;},&#8221;_admin&#8221;:{&#8220;alias_ids&#8221;:[&#8220;\/futebol\/icc-2019&#8243;]},&#8221;site&#8221;:{&#8220;site_description&#8221;:&#8221;&#8221;,&#8221;site_title&#8221;:&#8221;icc 2019&#8243;},&#8221;inactive&#8221;:false,&#8221;SEO&#8221;:{&#8220;seo_tags&#8221;:[]},&#8221;site_topper&#8221;:{},&#8221;is_grouping&#8221;:&#8221;true&#8221;,&#8221;_website&#8221;:&#8221;esportes&#8221;,&#8221;node_type&#8221;:&#8221;section&#8221;,&#8221;children&#8221;:[]},{&#8220;_id&#8221;:&#8221;\/futebol\/international-champions-cup-2018&#8243;,&#8221;website&#8221;:&#8221;esportes&#8221;,&#8221;name&#8221;:&#8221;International Champions Cup 2018&#8243;,&#8221;navigation&#8221;:{&#8220;nav_title&#8221;:&#8221;International Champions Cup 2018&#8243;},&#8221;parent&#8221;:{&#8220;default&#8221;:&#8221;https:\/\/esportes.r7.com\/futebol&#8221;,&#8221;header&#8221;:&#8221;https:\/\/esportes.r7.com\/futebol&#8221;},&#8221;_admin&#8221;:{&#8220;alias_ids&#8221;:[&#8220;\/futebol\/international-champions-cup-2018&#8243;]},&#8221;site&#8221;:{&#8220;site_description&#8221;:&#8221;&#8221;,&#8221;site_title&#8221;:&#8221;International Champions Cup 2018&#8243;},&#8221;inactive&#8221;:false,&#8221;SEO&#8221;:{&#8220;seo_tags&#8221;:[]},&#8221;site_topper&#8221;:{},&#8221;is_grouping&#8221;:&#8221;true&#8221;,&#8221;_website&#8221;:&#8221;esportes&#8221;,&#8221;node_type&#8221;:&#8221;section&#8221;,&#8221;children&#8221;:[]},{&#8220;_id&#8221;:&#8221;\/futebol\/libertadores&#8221;,&#8221;_website&#8221;:&#8221;esportes&#8221;,&#8221;name&#8221;:&#8221;Libertadores&#8221;,&#8221;inactive&#8221;:false,&#8221;parent&#8221;:{&#8220;default&#8221;:&#8221;https:\/\/esportes.r7.com\/futebol&#8221;,&#8221;header&#8221;:&#8221;https:\/\/esportes.r7.com\/futebol&#8221;},&#8221;SEO&#8221;:{&#8220;og_image_id&#8221;:&#8221;65577e9dcd77c0d31f00108e&#8221;,&#8221;seo_description&#8221;:&#8221;Confira resultados, pr\u00f3ximos jogos, tabela de classifica\u00e7\u00e3o completa, v\u00eddeos e as \u00faltimas not\u00edciasda Libertadores da Am\u00e9rica | 2025 | no R7 Esportes&#8221;,&#8221;seo_tags&#8221;:[&#8220;copa libertadores da america&#8221;,&#8221;libertadores&#8221;,&#8221;conmebol&#8221;,&#8221;america&#8221;,&#8221;futebol&#8221;,&#8221;r7&#8243;],&#8221;seo_title&#8221;:&#8221;Tabela, not\u00edcias e resultados | Libertadores | 2025 | R7&#8243;,&#8221;title_hotsite&#8221;:&#8221;Tabela, not\u00edcias e resultados | Libertadores | 2025 | R7&#8243;,&#8221;top_url&#8221;:&#8221;https:\/\/esportes.r7.com\/&#8221;,&#8221;url_og_image&#8221;:&#8221;https:\/\/img.r7.com\/images\/r7-esportes-17112023115422099&#8243;},&#8221;_admin&#8221;:{&#8220;alias_ids&#8221;:[&#8220;\/futebol\/libertadores&#8221;]},&#8221;age_rating&#8221;:{&#8220;classificacao_etaria&#8221;:null},&#8221;age_rating_description&#8221;:{&#8220;atos_criminosos&#8221;:&#8221;false&#8221;,&#8221;conteudo_sexual&#8221;:&#8221;false&#8221;,&#8221;drogas&#8221;:&#8221;false&#8221;,&#8221;drogas_ilicitas&#8221;:&#8221;false&#8221;,&#8221;drogas_licitas&#8221;:&#8221;false&#8221;,&#8221;linguagem_impropria&#8221;:&#8221;false&#8221;,&#8221;medo&#8221;:&#8221;false&#8221;,&#8221;nudez&#8221;:&#8221;false&#8221;,&#8221;procedimentos_medicos&#8221;:&#8221;false&#8221;,&#8221;sexo_explicito&#8221;:&#8221;false&#8221;,&#8221;temas_sensiveis&#8221;:&#8221;false&#8221;,&#8221;violencia&#8221;:&#8221;false&#8221;,&#8221;violencia_extrema&#8221;:&#8221;false&#8221;,&#8221;violencia_fantasiosa&#8221;:&#8221;false&#8221;},&#8221;area_logada&#8221;:{&#8220;exclusive_content&#8221;:&#8221;false&#8221;},&#8221;campanha_branded&#8221;:{&#8220;ativar_background_campanha&#8221;:&#8221;false&#8221;,&#8221;ativar_fonte_campanha&#8221;:&#8221;false&#8221;,&#8221;ativar_logo_campanha&#8221;:&#8221;false&#8221;},&#8221;navigation&#8221;:{&#8220;menu_url&#8221;:null,&#8221;nav_title&#8221;:&#8221;Libertadores&#8221;},&#8221;newsletter&#8221;:{&#8220;id&#8221;:&#8221;68484031b8b9d10001c4f8ba&#8221;},&#8221;publicidade&#8221;:{&#8220;disable_adv&#8221;:&#8221;false&#8221;,&#8221;disable_audima_adv&#8221;:&#8221;false&#8221;,&#8221;disable_taboola&#8221;:&#8221;false&#8221;,&#8221;hash&#8221;:&#8221;r7esportes\/futebol\/libertadores&#8221;},&#8221;site&#8221;:{&#8220;coupon_categories&#8221;:&#8221;departamentos&#8221;,&#8221;disable_refresh&#8221;:&#8221;4&#8243;,&#8221;enable_disclaimer&#8221;:&#8221;false&#8221;,&#8221;pagebuilder_path_for_native_apps&#8221;:null,&#8221;site_about&#8221;:&#8221;Tabela, not\u00edcias e resultados | Libertadores | 2025 | R7&#8243;,&#8221;site_description&#8221;:&#8221;Confira resultados, pr\u00f3ximos jogos, tabela de classifica\u00e7\u00e3o completa, v\u00eddeos e as \u00faltimas not\u00edciasda Libertadores da Am\u00e9rica | 2025 | no R7 Esportes&#8221;,&#8221;site_keywords&#8221;:&#8221;libertadores, futebol, jogos, resultados, tabela&#8221;,&#8221;site_tagline&#8221;:&#8221;Tabela, not\u00edcias e resultados | Libertadores | 2025 | R7&#8243;,&#8221;site_title&#8221;:&#8221;Tabela, not\u00edcias e resultados | Libertadores | 2025 | R7&#8243;,&#8221;site_url&#8221;:null},&#8221;site_topper&#8221;:{&#8220;section_header_image&#8221;:&#8221;https:\/\/img.r7.com\/images\/r7-esportes-17112023115349934&#8243;,&#8221;section_header_image_id&#8221;:&#8221;65577e7d1df97b21c400040f&#8221;,&#8221;section_header_image_mobile&#8221;:&#8221;https:\/\/img.r7.com\/images\/r7-esportes-17112023115459066&#8243;,&#8221;section_header_image_mobile_id&#8221;:&#8221;65577ec2c012ad96f3000a4a&#8221;,&#8221;section_left_color_top&#8221;:&#8221;#2B8047&#8243;,&#8221;section_primary_color&#8221;:&#8221;#0E8148&#8243;,&#8221;section_right_color_top&#8221;:&#8221;#2B8047&#8243;,&#8221;site_logo_image&#8221;:null},&#8221;social&#8221;:{&#8220;bluesky&#8221;:null,&#8221;facebook&#8221;:null,&#8221;instagram&#8221;:null,&#8221;kwai&#8221;:null,&#8221;rss&#8221;:null,&#8221;threads&#8221;:null,&#8221;tiktok&#8221;:null,&#8221;twitter&#8221;:null,&#8221;whatsapp&#8221;:null,&#8221;youtube&#8221;:null},&#8221;ultimas&#8221;:{&#8220;tab_ultimas&#8221;:[]},&#8221;is_grouping&#8221;:&#8221;false&#8221;,&#8221;node_type&#8221;:&#8221;section&#8221;,&#8221;children&#8221;:[{&#8220;_id&#8221;:&#8221;\/futebol\/libertadores\/lance-a-lance&#8221;,&#8221;_website&#8221;:&#8221;esportes&#8221;,&#8221;name&#8221;:&#8221;Lance a Lance&#8221;,&#8221;inactive&#8221;:false,&#8221;ancestors&#8221;:{&#8220;default&#8221;:[&#8220;https:\/\/esportes.r7.com\/futebol&#8221;,&#8221;\/futebol\/libertadores&#8221;]},&#8221;parent&#8221;:{&#8220;default&#8221;:&#8221;\/futebol\/libertadores&#8221;},&#8221;SEO&#8221;:{&#8220;og_image_id&#8221;:null,&#8221;seo_description&#8221;:&#8221;Libertadores na mira! Acompanhe no R7 os lances do Brasileir\u00e3o e veja quem vai brilhar em 2025. Not\u00edcias, jogos e mais! Clique e n\u00e3o perca!&#8221;,&#8221;seo_tags&#8221;:[&#8220;Libertadores&#8221;,&#8221;Brasileir\u00e3o&#8221;,&#8221;R7&#8243;,&#8221;futebol&#8221;,&#8221;jogos&#8221;,&#8221;2025&#8243;],&#8221;seo_title&#8221;:&#8221;Confira Libertadores 2025: Lance a Lance no Campeonato Brasileiro!&#8221;,&#8221;title_hotsite&#8221;:&#8221;Lance a Lance | Libertadores&#8221;,&#8221;top_url&#8221;:&#8221;https:\/\/esportes.r7.com\/&#8221;,&#8221;url_og_image&#8221;:&#8221;https:\/\/cloudfront-us-east-1.images.arcpublishing.com\/newr7\/SIOFA2URIJFQDLMIHGU7PX5KNQ.jpg&#8221;},&#8221;age_rating&#8221;:{&#8220;classificacao_etaria&#8221;:null},&#8221;age_rating_description&#8221;:{&#8220;atos_criminosos&#8221;:&#8221;false&#8221;,&#8221;conteudo_sexual&#8221;:&#8221;false&#8221;,&#8221;drogas&#8221;:&#8221;false&#8221;,&#8221;drogas_ilicitas&#8221;:&#8221;false&#8221;,&#8221;drogas_licitas&#8221;:&#8221;false&#8221;,&#8221;linguagem_impropria&#8221;:&#8221;false&#8221;,&#8221;medo&#8221;:&#8221;false&#8221;,&#8221;nudez&#8221;:&#8221;false&#8221;,&#8221;procedimentos_medicos&#8221;:&#8221;false&#8221;,&#8221;sexo_explicito&#8221;:&#8221;false&#8221;,&#8221;temas_sensiveis&#8221;:&#8221;false&#8221;,&#8221;violencia&#8221;:&#8221;false&#8221;,&#8221;violencia_extrema&#8221;:&#8221;false&#8221;,&#8221;violencia_fantasiosa&#8221;:&#8221;false&#8221;},&#8221;area_logada&#8221;:{&#8220;exclusive_content&#8221;:&#8221;false&#8221;},&#8221;navigation&#8221;:{&#8220;menu_url&#8221;:null,&#8221;nav_title&#8221;:&#8221;Lance a Lance | Libertadores&#8221;},&#8221;newsletter&#8221;:{&#8220;id&#8221;:null},&#8221;publicidade&#8221;:{&#8220;disable_adv&#8221;:&#8221;false&#8221;,&#8221;disable_audima_adv&#8221;:&#8221;false&#8221;,&#8221;disable_taboola&#8221;:&#8221;false&#8221;,&#8221;hash&#8221;:&#8221;r7esportes\/futebol\/lance-a-lance\/libertadores&#8221;},&#8221;site&#8221;:{&#8220;coupon_categories&#8221;:&#8221;departamentos&#8221;,&#8221;disable_refresh&#8221;:&#8221;4&#8243;,&#8221;enable_disclaimer&#8221;:&#8221;false&#8221;,&#8221;pagebuilder_path_for_native_apps&#8221;:null,&#8221;site_about&#8221;:null,&#8221;site_description&#8221;:null,&#8221;site_keywords&#8221;:null,&#8221;site_tagline&#8221;:null,&#8221;site_title&#8221;:&#8221;Lance a Lance | Libertadores&#8221;,&#8221;site_url&#8221;:null},&#8221;site_topper&#8221;:{&#8220;section_header_image&#8221;:&#8221;https:\/\/cloudfront-us-east-1.images.arcpublishing.com\/newr7\/NXYL4U3GQNDUVF3WXMC34OQWGA.jpg&#8221;,&#8221;section_header_image_id&#8221;:null,&#8221;section_header_image_mobile&#8221;:&#8221;https:\/\/cloudfront-us-east-1.images.arcpublishing.com\/newr7\/II3GGLC3LVEUPJD6PD4TWZBASU.jpg&#8221;,&#8221;section_header_image_mobile_id&#8221;:null,&#8221;section_left_color_top&#8221;:&#8221;#0F713E&#8221;,&#8221;section_primary_color&#8221;:&#8221;#2B8047&#8243;,&#8221;section_right_color_top&#8221;:&#8221;#0F713E&#8221;,&#8221;site_logo_image&#8221;:null},&#8221;social&#8221;:{&#8220;facebook&#8221;:null,&#8221;instagram&#8221;:null,&#8221;kwai&#8221;:null,&#8221;rss&#8221;:null,&#8221;twitter&#8221;:null},&#8221;ultimas&#8221;:{&#8220;tab_ultimas&#8221;:[]},&#8221;is_grouping&#8221;:&#8221;false&#8221;,&#8221;node_type&#8221;:&#8221;section&#8221;,&#8221;children&#8221;:[]},{&#8220;_id&#8221;:&#8221;\/futebol\/libertadores\/tabela&#8221;,&#8221;_website&#8221;:&#8221;esportes&#8221;,&#8221;name&#8221;:&#8221;Tabela&#8221;,&#8221;inactive&#8221;:false,&#8221;ancestors&#8221;:{&#8220;default&#8221;:[&#8220;https:\/\/esportes.r7.com\/futebol&#8221;,&#8221;\/futebol\/libertadores&#8221;]},&#8221;parent&#8221;:{&#8220;default&#8221;:&#8221;\/futebol\/libertadores&#8221;},&#8221;SEO&#8221;:{&#8220;og_image_id&#8221;:null,&#8221;seo_description&#8221;:&#8221;Copa Libertadores com tabela de classifica\u00e7\u00e3o atualizada \u00e9 no R7 Esportes! Confira os pr\u00f3ximos jogos, not\u00edcias e muito mais.&#8221;,&#8221;seo_tags&#8221;:[&#8220;Tabela&#8221;,&#8221;Classifica\u00e7\u00e3o&#8221;,&#8221;Libertadores&#8221;,&#8221;Brasileir\u00e3o&#8221;,&#8221;R7&#8243;,&#8221;placar ao vivo&#8221;,&#8221;resultados&#8221;,&#8221;not\u00edcias&#8221;],&#8221;seo_title&#8221;:&#8221;Tabela e jogos | Libertadores 2025 | R7 Esportes&#8221;,&#8221;title_hotsite&#8221;:&#8221;Tabela e jogos | Libertadores 2025 | R7 Esportes&#8221;,&#8221;top_url&#8221;:&#8221;https:\/\/esportes.r7.com\/futebol\/libertadores\/&#8221;,&#8221;url_og_image&#8221;:null},&#8221;age_rating&#8221;:{&#8220;classificacao_etaria&#8221;:null},&#8221;age_rating_description&#8221;:{&#8220;atos_criminosos&#8221;:&#8221;false&#8221;,&#8221;conteudo_sexual&#8221;:&#8221;false&#8221;,&#8221;drogas&#8221;:&#8221;false&#8221;,&#8221;drogas_ilicitas&#8221;:&#8221;false&#8221;,&#8221;drogas_licitas&#8221;:&#8221;false&#8221;,&#8221;linguagem_impropria&#8221;:&#8221;false&#8221;,&#8221;medo&#8221;:&#8221;false&#8221;,&#8221;nudez&#8221;:&#8221;false&#8221;,&#8221;procedimentos_medicos&#8221;:&#8221;false&#8221;,&#8221;sexo_explicito&#8221;:&#8221;false&#8221;,&#8221;temas_sensiveis&#8221;:&#8221;false&#8221;,&#8221;violencia&#8221;:&#8221;false&#8221;,&#8221;violencia_extrema&#8221;:&#8221;false&#8221;,&#8221;violencia_fantasiosa&#8221;:&#8221;false&#8221;},&#8221;area_logada&#8221;:{&#8220;exclusive_content&#8221;:&#8221;false&#8221;},&#8221;navigation&#8221;:{&#8220;menu_url&#8221;:null,&#8221;nav_title&#8221;:&#8221;Tabela | Libertadores&#8221;},&#8221;newsletter&#8221;:{&#8220;id&#8221;:null},&#8221;publicidade&#8221;:{&#8220;disable_adv&#8221;:&#8221;false&#8221;,&#8221;disable_audima_adv&#8221;:&#8221;false&#8221;,&#8221;disable_taboola&#8221;:&#8221;false&#8221;,&#8221;hash&#8221;:&#8221;r7esportes\/futebol\/libertadores\/tabela&#8221;},&#8221;site&#8221;:{&#8220;coupon_categories&#8221;:&#8221;departamentos&#8221;,&#8221;disable_refresh&#8221;:&#8221;4&#8243;,&#8221;enable_disclaimer&#8221;:&#8221;false&#8221;,&#8221;pagebuilder_path_for_native_apps&#8221;:null,&#8221;site_about&#8221;:&#8221;Tabela e jogos | Libertadores 2025 | R7 Esportes&#8221;,&#8221;site_description&#8221;:&#8221;Copa Libertadores com tabela de classifica\u00e7\u00e3o atualizada \u00e9 no R7 Esportes! Confira os pr\u00f3ximos jogos, not\u00edcias e muito mais.&#8221;,&#8221;site_keywords&#8221;:&#8221;tabela, classifica\u00e7\u00e3o, rodadas, libertadores, libertadores da america, futebol, r7 esportes, r7&#8243;,&#8221;site_tagline&#8221;:&#8221;Tabela e jogos | Libertadores 2025 | R7 Esportes&#8221;,&#8221;site_title&#8221;:&#8221;Tabela e jogos | Libertadores 2025 | R7 Esportes&#8221;,&#8221;site_url&#8221;:null},&#8221;site_topper&#8221;:{&#8220;section_header_image&#8221;:null,&#8221;section_header_image_id&#8221;:null,&#8221;section_header_image_mobile&#8221;:null,&#8221;section_header_image_mobile_id&#8221;:null,&#8221;section_left_color_top&#8221;:null,&#8221;section_primary_color&#8221;:null,&#8221;section_right_color_top&#8221;:null,&#8221;site_logo_image&#8221;:null},&#8221;social&#8221;:{&#8220;facebook&#8221;:null,&#8221;instagram&#8221;:null,&#8221;kwai&#8221;:null,&#8221;rss&#8221;:null,&#8221;twitter&#8221;:null},&#8221;ultimas&#8221;:{&#8220;tab_ultimas&#8221;:[]},&#8221;is_grouping&#8221;:&#8221;false&#8221;,&#8221;node_type&#8221;:&#8221;section&#8221;,&#8221;children&#8221;:[]}]},{&#8220;_id&#8221;:&#8221;\/futebol\/morre-maradona&#8221;,&#8221;website&#8221;:&#8221;esportes&#8221;,&#8221;name&#8221;:&#8221;Morre Maradona&#8221;,&#8221;navigation&#8221;:{&#8220;nav_title&#8221;:&#8221;Morre Maradona&#8221;},&#8221;parent&#8221;:{&#8220;default&#8221;:&#8221;https:\/\/esportes.r7.com\/futebol&#8221;,&#8221;header&#8221;:&#8221;https:\/\/esportes.r7.com\/futebol&#8221;},&#8221;_admin&#8221;:{&#8220;alias_ids&#8221;:[&#8220;\/futebol\/morre-maradona&#8221;]},&#8221;site&#8221;:{&#8220;site_description&#8221;:&#8221;&#8221;,&#8221;site_title&#8221;:&#8221;Morre Maradona&#8221;},&#8221;inactive&#8221;:false,&#8221;SEO&#8221;:{&#8220;seo_tags&#8221;:[]},&#8221;site_topper&#8221;:{},&#8221;is_grouping&#8221;:&#8221;true&#8221;,&#8221;_website&#8221;:&#8221;esportes&#8221;,&#8221;node_type&#8221;:&#8221;section&#8221;,&#8221;children&#8221;:[]},{&#8220;_id&#8221;:&#8221;\/futebol\/mundial-de-clubes&#8221;,&#8221;_website&#8221;:&#8221;esportes&#8221;,&#8221;name&#8221;:&#8221;Mundial de Clubes&#8221;,&#8221;inactive&#8221;:false,&#8221;parent&#8221;:{&#8220;default&#8221;:&#8221;https:\/\/esportes.r7.com\/futebol&#8221;,&#8221;header&#8221;:&#8221;https:\/\/esportes.r7.com\/futebol&#8221;},&#8221;SEO&#8221;:{&#8220;og_image_id&#8221;:null,&#8221;seo_description&#8221;:&#8221;Confira resultados, pr\u00f3ximos jogos, tabela de classifica\u00e7\u00e3o completa, v\u00eddeos e as \u00faltimas not\u00edciasdo Mundial de Clubes | 2025 | no R7 Esportes&#8221;,&#8221;seo_tags&#8221;:[&#8220;classifica\u00e7\u00e3o&#8221;,&#8221;tabela&#8221;,&#8221;copa de mundo de clubes&#8221;,&#8221;mundial de clubes&#8221;],&#8221;seo_title&#8221;:&#8221;Tabela, not\u00edcias e resultados | Mundial de Clubes | 2025 | R7&#8243;,&#8221;title_hotsite&#8221;:&#8221;Tabela, not\u00edcias e resultados | Mundial de Clubes | 2025 | R7&#8243;,&#8221;top_url&#8221;:&#8221;https:\/\/esportes.r7.com\/futebol\/mundial-de-clubes\/&#8221;,&#8221;url_og_image&#8221;:null},&#8221;_admin&#8221;:{&#8220;alias_ids&#8221;:[&#8220;\/futebol\/mundial-de-clubes&#8221;]},&#8221;age_rating&#8221;:{&#8220;classificacao_etaria&#8221;:null},&#8221;age_rating_description&#8221;:{&#8220;atos_criminosos&#8221;:&#8221;false&#8221;,&#8221;conteudo_sexual&#8221;:&#8221;false&#8221;,&#8221;drogas&#8221;:&#8221;false&#8221;,&#8221;drogas_ilicitas&#8221;:&#8221;false&#8221;,&#8221;drogas_licitas&#8221;:&#8221;false&#8221;,&#8221;linguagem_impropria&#8221;:&#8221;false&#8221;,&#8221;medo&#8221;:&#8221;false&#8221;,&#8221;nudez&#8221;:&#8221;false&#8221;,&#8221;procedimentos_medicos&#8221;:&#8221;false&#8221;,&#8221;sexo_explicito&#8221;:&#8221;false&#8221;,&#8221;temas_sensiveis&#8221;:&#8221;false&#8221;,&#8221;violencia&#8221;:&#8221;false&#8221;,&#8221;violencia_extrema&#8221;:&#8221;false&#8221;,&#8221;violencia_fantasiosa&#8221;:&#8221;false&#8221;},&#8221;area_logada&#8221;:{&#8220;exclusive_content&#8221;:&#8221;false&#8221;},&#8221;campanha_branded&#8221;:{&#8220;ativar_background_campanha&#8221;:&#8221;false&#8221;,&#8221;ativar_fonte_campanha&#8221;:&#8221;false&#8221;,&#8221;ativar_logo_campanha&#8221;:&#8221;false&#8221;},&#8221;navigation&#8221;:{&#8220;menu_url&#8221;:null,&#8221;nav_title&#8221;:&#8221;Mundial de Clubes&#8221;},&#8221;newsletter&#8221;:{&#8220;id&#8221;:&#8221;68484031b8b9d10001c4f8ba&#8221;},&#8221;publicidade&#8221;:{&#8220;disable_adv&#8221;:&#8221;false&#8221;,&#8221;disable_audima_adv&#8221;:&#8221;false&#8221;,&#8221;disable_taboola&#8221;:&#8221;false&#8221;,&#8221;hash&#8221;:&#8221;r7esportes\/futebol\/mundial-de-clubes&#8221;},&#8221;site&#8221;:{&#8220;coupon_categories&#8221;:&#8221;departamentos&#8221;,&#8221;disable_refresh&#8221;:&#8221;4&#8243;,&#8221;enable_disclaimer&#8221;:&#8221;false&#8221;,&#8221;pagebuilder_path_for_native_apps&#8221;:null,&#8221;site_about&#8221;:&#8221;Tabela, not\u00edcias e resultados | Mundial de Clubes | 2025 | R7&#8243;,&#8221;site_description&#8221;:&#8221;Confira resultados, pr\u00f3ximos jogos, tabela de classifica\u00e7\u00e3o completa, v\u00eddeos e as \u00faltimas not\u00edciasdo Mundial de Clubes | 2025 | no R7 Esportes&#8221;,&#8221;site_keywords&#8221;:&#8221;mundial de clubes, tabela, resultados, classifica\u00e7\u00e3o&#8221;,&#8221;site_tagline&#8221;:&#8221;Tabela, not\u00edcias e resultados | Mundial de Clubes | 2025 | R7&#8243;,&#8221;site_title&#8221;:&#8221;Tabela, not\u00edcias e resultados | Mundial de Clubes | 2025 | R7&#8243;,&#8221;site_url&#8221;:null},&#8221;site_topper&#8221;:{&#8220;section_header_image&#8221;:null,&#8221;section_header_image_id&#8221;:null,&#8221;section_header_image_mobile&#8221;:null,&#8221;section_header_image_mobile_id&#8221;:null,&#8221;section_left_color_top&#8221;:null,&#8221;section_primary_color&#8221;:null,&#8221;section_right_color_top&#8221;:null,&#8221;site_logo_image&#8221;:null},&#8221;social&#8221;:{&#8220;bluesky&#8221;:null,&#8221;facebook&#8221;:null,&#8221;instagram&#8221;:null,&#8221;kwai&#8221;:null,&#8221;rss&#8221;:null,&#8221;threads&#8221;:null,&#8221;tiktok&#8221;:null,&#8221;twitter&#8221;:null,&#8221;whatsapp&#8221;:null,&#8221;youtube&#8221;:null},&#8221;ultimas&#8221;:{&#8220;tab_ultimas&#8221;:[]},&#8221;is_grouping&#8221;:&#8221;false&#8221;,&#8221;node_type&#8221;:&#8221;section&#8221;,&#8221;children&#8221;:[{&#8220;_id&#8221;:&#8221;\/futebol\/mundial-de-clubes\/lance-a-lance&#8221;,&#8221;_website&#8221;:&#8221;esportes&#8221;,&#8221;name&#8221;:&#8221;Lance a Lance&#8221;,&#8221;inactive&#8221;:false,&#8221;ancestors&#8221;:{&#8220;default&#8221;:[&#8220;https:\/\/esportes.r7.com\/futebol&#8221;,&#8221;\/futebol\/mundial-de-clubes&#8221;]},&#8221;parent&#8221;:{&#8220;default&#8221;:&#8221;\/futebol\/mundial-de-clubes&#8221;},&#8221;SEO&#8221;:{&#8220;og_image_id&#8221;:null,&#8221;seo_description&#8221;:&#8221;Mundial de Clubes! Acompanhe no R7 todos os lances, not\u00edcias e resultados. Cobertura completa do torneio! Clique e n\u00e3o perca nada!&#8221;,&#8221;seo_tags&#8221;:[&#8220;Mundial de Clubes&#8221;,&#8221;R7&#8243;,&#8221;not\u00edcias&#8221;,&#8221;resultados&#8221;,&#8221;cobertura&#8221;,&#8221;torneio&#8221;],&#8221;seo_title&#8221;:&#8221;Confira: Mundial de Clubes 2025! Record te leva Lance a Lance!&#8221;,&#8221;title_hotsite&#8221;:&#8221;Lance a Lance | Mundial de Clubes&#8221;,&#8221;top_url&#8221;:&#8221;https:\/\/esportes.r7.com\/&#8221;,&#8221;url_og_image&#8221;:&#8221;https:\/\/cloudfront-us-east-1.images.arcpublishing.com\/newr7\/BKNWSG7TFJDP3CFDMLQQWUPTVY.jpg&#8221;},&#8221;age_rating&#8221;:{&#8220;classificacao_etaria&#8221;:null},&#8221;age_rating_description&#8221;:{&#8220;atos_criminosos&#8221;:&#8221;false&#8221;,&#8221;conteudo_sexual&#8221;:&#8221;false&#8221;,&#8221;drogas&#8221;:&#8221;false&#8221;,&#8221;drogas_ilicitas&#8221;:&#8221;false&#8221;,&#8221;drogas_licitas&#8221;:&#8221;false&#8221;,&#8221;linguagem_impropria&#8221;:&#8221;false&#8221;,&#8221;medo&#8221;:&#8221;false&#8221;,&#8221;nudez&#8221;:&#8221;false&#8221;,&#8221;procedimentos_medicos&#8221;:&#8221;false&#8221;,&#8221;sexo_explicito&#8221;:&#8221;false&#8221;,&#8221;temas_sensiveis&#8221;:&#8221;false&#8221;,&#8221;violencia&#8221;:&#8221;false&#8221;,&#8221;violencia_extrema&#8221;:&#8221;false&#8221;,&#8221;violencia_fantasiosa&#8221;:&#8221;false&#8221;},&#8221;area_logada&#8221;:{&#8220;exclusive_content&#8221;:&#8221;false&#8221;},&#8221;navigation&#8221;:{&#8220;menu_url&#8221;:null,&#8221;nav_title&#8221;:&#8221;Lance a Lance | Mundial de Clubes&#8221;},&#8221;newsletter&#8221;:{&#8220;id&#8221;:null},&#8221;publicidade&#8221;:{&#8220;disable_adv&#8221;:&#8221;false&#8221;,&#8221;disable_audima_adv&#8221;:&#8221;false&#8221;,&#8221;disable_taboola&#8221;:&#8221;false&#8221;,&#8221;hash&#8221;:&#8221;r7esportes\/futebol\/lance-a-lance\/mundial-de-clubes&#8221;},&#8221;site&#8221;:{&#8220;coupon_categories&#8221;:&#8221;departamentos&#8221;,&#8221;disable_refresh&#8221;:&#8221;4&#8243;,&#8221;enable_disclaimer&#8221;:&#8221;false&#8221;,&#8221;pagebuilder_path_for_native_apps&#8221;:null,&#8221;site_about&#8221;:null,&#8221;site_description&#8221;:null,&#8221;site_keywords&#8221;:null,&#8221;site_tagline&#8221;:null,&#8221;site_title&#8221;:&#8221;Lance a Lance | Mundial de Clubes&#8221;,&#8221;site_url&#8221;:null},&#8221;site_topper&#8221;:{&#8220;section_header_image&#8221;:&#8221;https:\/\/cloudfront-us-east-1.images.arcpublishing.com\/newr7\/XEF6X3IRZRCAROZRESKJHTIKXE.jpg&#8221;,&#8221;section_header_image_id&#8221;:null,&#8221;section_header_image_mobile&#8221;:&#8221;https:\/\/cloudfront-us-east-1.images.arcpublishing.com\/newr7\/N6DJPR2TZNDCNMO2HFBQEYQ2B4.jpg&#8221;,&#8221;section_header_image_mobile_id&#8221;:null,&#8221;section_left_color_top&#8221;:&#8221;#0F713E&#8221;,&#8221;section_primary_color&#8221;:&#8221;#2B8047&#8243;,&#8221;section_right_color_top&#8221;:&#8221;#0F713E&#8221;,&#8221;site_logo_image&#8221;:null},&#8221;social&#8221;:{&#8220;facebook&#8221;:null,&#8221;instagram&#8221;:null,&#8221;kwai&#8221;:null,&#8221;rss&#8221;:null,&#8221;twitter&#8221;:null},&#8221;ultimas&#8221;:{&#8220;tab_ultimas&#8221;:[]},&#8221;is_grouping&#8221;:&#8221;false&#8221;,&#8221;node_type&#8221;:&#8221;section&#8221;,&#8221;children&#8221;:[]},{&#8220;_id&#8221;:&#8221;\/futebol\/mundial-de-clubes\/tabela&#8221;,&#8221;_website&#8221;:&#8221;esportes&#8221;,&#8221;name&#8221;:&#8221;Tabela&#8221;,&#8221;inactive&#8221;:false,&#8221;ancestors&#8221;:{&#8220;default&#8221;:[&#8220;https:\/\/esportes.r7.com\/futebol&#8221;,&#8221;\/futebol\/mundial-de-clubes&#8221;]},&#8221;parent&#8221;:{&#8220;default&#8221;:&#8221;\/futebol\/mundial-de-clubes&#8221;},&#8221;SEO&#8221;:{&#8220;og_image_id&#8221;:null,&#8221;seo_description&#8221;:&#8221;Mundial de Clubes com tabela de classifica\u00e7\u00e3o atualizada \u00e9 no R7 Esportes! Confira os pr\u00f3ximos jogos, not\u00edcias e muito mais.&#8221;,&#8221;seo_tags&#8221;:[&#8220;Tabela&#8221;,&#8221;Classifica\u00e7\u00e3o&#8221;,&#8221;Mundial de Clubes&#8221;,&#8221;R7&#8243;,&#8221;tabela&#8221;,&#8221;not\u00edcias&#8221;,&#8221;resultados&#8221;,&#8221;torneio&#8221;],&#8221;seo_title&#8221;:&#8221;Tabela e jogos | Mundial de Clubes 2025 | R7 Esportes&#8221;,&#8221;title_hotsite&#8221;:&#8221;Tabela e jogos | Mundial de Clubes 2025 | R7 Esportes&#8221;,&#8221;top_url&#8221;:&#8221;https:\/\/esportes.r7.com\/futebol\/mundial-de-clubes\/&#8221;,&#8221;url_og_image&#8221;:null},&#8221;age_rating&#8221;:{&#8220;classificacao_etaria&#8221;:null},&#8221;age_rating_description&#8221;:{&#8220;atos_criminosos&#8221;:&#8221;false&#8221;,&#8221;conteudo_sexual&#8221;:&#8221;false&#8221;,&#8221;drogas&#8221;:&#8221;false&#8221;,&#8221;drogas_ilicitas&#8221;:&#8221;false&#8221;,&#8221;drogas_licitas&#8221;:&#8221;false&#8221;,&#8221;linguagem_impropria&#8221;:&#8221;false&#8221;,&#8221;medo&#8221;:&#8221;false&#8221;,&#8221;nudez&#8221;:&#8221;false&#8221;,&#8221;procedimentos_medicos&#8221;:&#8221;false&#8221;,&#8221;sexo_explicito&#8221;:&#8221;false&#8221;,&#8221;temas_sensiveis&#8221;:&#8221;false&#8221;,&#8221;violencia&#8221;:&#8221;false&#8221;,&#8221;violencia_extrema&#8221;:&#8221;false&#8221;,&#8221;violencia_fantasiosa&#8221;:&#8221;false&#8221;},&#8221;area_logada&#8221;:{&#8220;exclusive_content&#8221;:&#8221;false&#8221;},&#8221;navigation&#8221;:{&#8220;menu_url&#8221;:null,&#8221;nav_title&#8221;:&#8221;Tabela | Mundial de Clubes&#8221;},&#8221;newsletter&#8221;:{&#8220;id&#8221;:null},&#8221;publicidade&#8221;:{&#8220;disable_adv&#8221;:&#8221;false&#8221;,&#8221;disable_audima_adv&#8221;:&#8221;false&#8221;,&#8221;disable_taboola&#8221;:&#8221;false&#8221;,&#8221;hash&#8221;:&#8221;r7esportes\/futebol\/mundial-de-clubes\/tabela&#8221;},&#8221;site&#8221;:{&#8220;coupon_categories&#8221;:&#8221;departamentos&#8221;,&#8221;disable_refresh&#8221;:&#8221;4&#8243;,&#8221;enable_disclaimer&#8221;:&#8221;false&#8221;,&#8221;pagebuilder_path_for_native_apps&#8221;:null,&#8221;site_about&#8221;:&#8221;Tabela e jogos | Mundial de Clubes 2025 | R7 Esportes&#8221;,&#8221;site_description&#8221;:&#8221;Mundial de Clubes com tabela de classifica\u00e7\u00e3o atualizada \u00e9 no R7 Esportes! Confira os pr\u00f3ximos jogos, not\u00edcias e muito mais.&#8221;,&#8221;site_keywords&#8221;:null,&#8221;site_tagline&#8221;:&#8221;Tabela e jogos | Mundial de Clubes 2025 | R7 Esportes&#8221;,&#8221;site_title&#8221;:&#8221;Tabela e jogos | Mundial de Clubes 2025 | R7 Esportes&#8221;,&#8221;site_url&#8221;:null},&#8221;site_topper&#8221;:{&#8220;section_header_image&#8221;:null,&#8221;section_header_image_id&#8221;:null,&#8221;section_header_image_mobile&#8221;:null,&#8221;section_header_image_mobile_id&#8221;:null,&#8221;section_left_color_top&#8221;:null,&#8221;section_primary_color&#8221;:null,&#8221;section_right_color_top&#8221;:null,&#8221;site_logo_image&#8221;:null},&#8221;social&#8221;:{&#8220;facebook&#8221;:null,&#8221;instagram&#8221;:null,&#8221;kwai&#8221;:null,&#8221;rss&#8221;:null,&#8221;twitter&#8221;:null},&#8221;ultimas&#8221;:{&#8220;tab_ultimas&#8221;:[]},&#8221;is_grouping&#8221;:&#8221;false&#8221;,&#8221;node_type&#8221;:&#8221;section&#8221;,&#8221;children&#8221;:[]}]},{&#8220;_id&#8221;:&#8221;\/futebol\/palmeiras-campeao&#8221;,&#8221;website&#8221;:&#8221;esportes&#8221;,&#8221;name&#8221;:&#8221;palmeiras campe\u00e3o&#8221;,&#8221;navigation&#8221;:{&#8220;nav_title&#8221;:&#8221;palmeiras campe\u00e3o&#8221;},&#8221;parent&#8221;:{&#8220;default&#8221;:&#8221;https:\/\/esportes.r7.com\/futebol&#8221;,&#8221;header&#8221;:&#8221;https:\/\/esportes.r7.com\/futebol&#8221;},&#8221;_admin&#8221;:{&#8220;alias_ids&#8221;:[&#8220;\/futebol\/palmeiras-campeao&#8221;]},&#8221;site&#8221;:{&#8220;site_description&#8221;:&#8221;&#8221;,&#8221;site_title&#8221;:&#8221;palmeiras campe\u00e3o&#8221;},&#8221;inactive&#8221;:false,&#8221;SEO&#8221;:{&#8220;seo_tags&#8221;:[]},&#8221;site_topper&#8221;:{},&#8221;is_grouping&#8221;:&#8221;true&#8221;,&#8221;_website&#8221;:&#8221;esportes&#8221;,&#8221;node_type&#8221;:&#8221;section&#8221;,&#8221;children&#8221;:[]},{&#8220;_id&#8221;:&#8221;\/futebol\/palmeiras-no-mundial&#8221;,&#8221;website&#8221;:&#8221;esportes&#8221;,&#8221;name&#8221;:&#8221;Palmeiras no Mundial&#8221;,&#8221;navigation&#8221;:{&#8220;nav_title&#8221;:&#8221;Palmeiras no Mundial&#8221;},&#8221;parent&#8221;:{&#8220;default&#8221;:&#8221;https:\/\/esportes.r7.com\/futebol&#8221;,&#8221;header&#8221;:&#8221;https:\/\/esportes.r7.com\/futebol&#8221;},&#8221;_admin&#8221;:{&#8220;alias_ids&#8221;:[&#8220;\/futebol\/palmeiras-no-mundial&#8221;]},&#8221;site&#8221;:{&#8220;site_description&#8221;:&#8221;&#8221;,&#8221;site_title&#8221;:&#8221;Palmeiras no Mundial&#8221;},&#8221;inactive&#8221;:false,&#8221;SEO&#8221;:{&#8220;seo_tags&#8221;:[]},&#8221;site_topper&#8221;:{},&#8221;is_grouping&#8221;:&#8221;true&#8221;,&#8221;_website&#8221;:&#8221;esportes&#8221;,&#8221;node_type&#8221;:&#8221;section&#8221;,&#8221;children&#8221;:[]},{&#8220;_id&#8221;:&#8221;\/futebol\/pele-80-anos-do-rei-do-futebol&#8221;,&#8221;website&#8221;:&#8221;esportes&#8221;,&#8221;name&#8221;:&#8221;Pel\u00e9 &#8211; 80 anos do Rei do Futebol&#8221;,&#8221;navigation&#8221;:{&#8220;nav_title&#8221;:&#8221;Pel\u00e9 &#8211; 80 anos do Rei do Futebol&#8221;},&#8221;parent&#8221;:{&#8220;default&#8221;:&#8221;https:\/\/esportes.r7.com\/futebol&#8221;,&#8221;header&#8221;:&#8221;https:\/\/esportes.r7.com\/futebol&#8221;},&#8221;_admin&#8221;:{&#8220;alias_ids&#8221;:[&#8220;\/futebol\/pele-80-anos-do-rei-do-futebol&#8221;]},&#8221;site&#8221;:{&#8220;site_description&#8221;:&#8221;&#8221;,&#8221;site_title&#8221;:&#8221;Pel\u00e9 &#8211; 80 anos do Rei do Futebol&#8221;},&#8221;inactive&#8221;:false,&#8221;SEO&#8221;:{&#8220;seo_tags&#8221;:[]},&#8221;site_topper&#8221;:{},&#8221;is_grouping&#8221;:&#8221;true&#8221;,&#8221;_website&#8221;:&#8221;esportes&#8221;,&#8221;node_type&#8221;:&#8221;section&#8221;,&#8221;children&#8221;:[]},{&#8220;_id&#8221;:&#8221;\/futebol\/pele-rei-do-futebol&#8221;,&#8221;website&#8221;:&#8221;esportes&#8221;,&#8221;name&#8221;:&#8221;Pel\u00e9 &#8211; Rei do Futebol&#8221;,&#8221;navigation&#8221;:{&#8220;nav_title&#8221;:&#8221;Pel\u00e9 &#8211; Rei do Futebol&#8221;},&#8221;parent&#8221;:{&#8220;default&#8221;:&#8221;https:\/\/esportes.r7.com\/futebol&#8221;,&#8221;header&#8221;:&#8221;https:\/\/esportes.r7.com\/futebol&#8221;},&#8221;_admin&#8221;:{&#8220;alias_ids&#8221;:[&#8220;\/futebol\/pele-rei-do-futebol&#8221;]},&#8221;site&#8221;:{&#8220;site_description&#8221;:&#8221;&#8221;,&#8221;site_title&#8221;:&#8221;Pel\u00e9 &#8211; Rei do Futebol&#8221;},&#8221;inactive&#8221;:false,&#8221;SEO&#8221;:{&#8220;seo_tags&#8221;:[]},&#8221;site_topper&#8221;:{},&#8221;is_grouping&#8221;:&#8221;true&#8221;,&#8221;_website&#8221;:&#8221;esportes&#8221;,&#8221;node_type&#8221;:&#8221;section&#8221;,&#8221;children&#8221;:[]},{&#8220;_id&#8221;:&#8221;\/futebol\/portal-do-gremista&#8221;,&#8221;website&#8221;:&#8221;esportes&#8221;,&#8221;name&#8221;:&#8221;Portal do Gremista&#8221;,&#8221;navigation&#8221;:{&#8220;nav_title&#8221;:&#8221;Portal do Gremista&#8221;},&#8221;parent&#8221;:{&#8220;default&#8221;:&#8221;https:\/\/esportes.r7.com\/futebol&#8221;,&#8221;header&#8221;:&#8221;https:\/\/esportes.r7.com\/futebol&#8221;},&#8221;_admin&#8221;:{&#8220;alias_ids&#8221;:[&#8220;\/futebol\/portal-do-gremista&#8221;]},&#8221;site&#8221;:{&#8220;site_description&#8221;:&#8221;&#8221;,&#8221;site_title&#8221;:&#8221;Portal do Gremista&#8221;},&#8221;inactive&#8221;:false,&#8221;SEO&#8221;:{&#8220;seo_tags&#8221;:[]},&#8221;site_topper&#8221;:{},&#8221;is_grouping&#8221;:&#8221;false&#8221;,&#8221;_website&#8221;:&#8221;esportes&#8221;,&#8221;node_type&#8221;:&#8221;section&#8221;,&#8221;children&#8221;:[]},{&#8220;_id&#8221;:&#8221;\/futebol\/portal-dos-times&#8221;,&#8221;website&#8221;:&#8221;esportes&#8221;,&#8221;name&#8221;:&#8221;Portal dos Times&#8221;,&#8221;navigation&#8221;:{&#8220;nav_title&#8221;:&#8221;Portal dos Times&#8221;},&#8221;parent&#8221;:{&#8220;default&#8221;:&#8221;https:\/\/esportes.r7.com\/futebol&#8221;,&#8221;header&#8221;:&#8221;https:\/\/esportes.r7.com\/futebol&#8221;},&#8221;_admin&#8221;:{&#8220;alias_ids&#8221;:[&#8220;\/futebol\/portal-dos-times&#8221;]},&#8221;site&#8221;:{&#8220;site_description&#8221;:&#8221;&#8221;,&#8221;site_title&#8221;:&#8221;Portal dos Times&#8221;},&#8221;inactive&#8221;:false,&#8221;SEO&#8221;:{&#8220;seo_tags&#8221;:[]},&#8221;site_topper&#8221;:{},&#8221;is_grouping&#8221;:&#8221;false&#8221;,&#8221;_website&#8221;:&#8221;esportes&#8221;,&#8221;node_type&#8221;:&#8221;section&#8221;,&#8221;children&#8221;:[]},{&#8220;_id&#8221;:&#8221;\/futebol\/queda-do-aviao-da-chapecoense&#8221;,&#8221;website&#8221;:&#8221;esportes&#8221;,&#8221;name&#8221;:&#8221;Queda do avi\u00e3o da Chapecoense&#8221;,&#8221;navigation&#8221;:{&#8220;nav_title&#8221;:&#8221;Queda do avi\u00e3o da Chapecoense&#8221;},&#8221;parent&#8221;:{&#8220;default&#8221;:&#8221;https:\/\/esportes.r7.com\/futebol&#8221;,&#8221;header&#8221;:&#8221;https:\/\/esportes.r7.com\/futebol&#8221;},&#8221;_admin&#8221;:{&#8220;alias_ids&#8221;:[&#8220;\/futebol\/queda-do-aviao-da-chapecoense&#8221;]},&#8221;site&#8221;:{&#8220;site_description&#8221;:&#8221;&#8221;,&#8221;site_title&#8221;:&#8221;Queda do avi\u00e3o da Chapecoense&#8221;},&#8221;inactive&#8221;:false,&#8221;SEO&#8221;:{&#8220;seo_tags&#8221;:[]},&#8221;site_topper&#8221;:{},&#8221;is_grouping&#8221;:&#8221;true&#8221;,&#8221;_website&#8221;:&#8221;esportes&#8221;,&#8221;node_type&#8221;:&#8221;section&#8221;,&#8221;children&#8221;:[]},{&#8220;_id&#8221;:&#8221;\/futebol\/ranking-da-fifa&#8221;,&#8221;website&#8221;:&#8221;esportes&#8221;,&#8221;name&#8221;:&#8221;Ranking da Fifa&#8221;,&#8221;navigation&#8221;:{&#8220;nav_title&#8221;:&#8221;Ranking da Fifa&#8221;},&#8221;parent&#8221;:{&#8220;default&#8221;:&#8221;https:\/\/esportes.r7.com\/futebol&#8221;,&#8221;header&#8221;:&#8221;https:\/\/esportes.r7.com\/futebol&#8221;},&#8221;_admin&#8221;:{&#8220;alias_ids&#8221;:[&#8220;\/futebol\/ranking-da-fifa&#8221;]},&#8221;site&#8221;:{&#8220;site_description&#8221;:&#8221;&#8221;,&#8221;site_title&#8221;:&#8221;Ranking da Fifa&#8221;},&#8221;inactive&#8221;:false,&#8221;SEO&#8221;:{&#8220;seo_tags&#8221;:[]},&#8221;site_topper&#8221;:{},&#8221;is_grouping&#8221;:&#8221;false&#8221;,&#8221;_website&#8221;:&#8221;esportes&#8221;,&#8221;node_type&#8221;:&#8221;section&#8221;,&#8221;children&#8221;:[]},{&#8220;_id&#8221;:&#8221;\/futebol\/selecao-brasileira&#8221;,&#8221;_website&#8221;:&#8221;esportes&#8221;,&#8221;name&#8221;:&#8221;Sele\u00e7\u00e3o brasileira&#8221;,&#8221;inactive&#8221;:false,&#8221;parent&#8221;:{&#8220;default&#8221;:&#8221;https:\/\/esportes.r7.com\/futebol&#8221;,&#8221;header&#8221;:&#8221;https:\/\/esportes.r7.com\/futebol&#8221;},&#8221;SEO&#8221;:{&#8220;seo_tags&#8221;:[]},&#8221;_admin&#8221;:{&#8220;alias_ids&#8221;:[&#8220;\/futebol\/selecao-brasileira&#8221;]},&#8221;navigation&#8221;:{&#8220;nav_title&#8221;:&#8221;Sele\u00e7\u00e3o brasileira&#8221;},&#8221;newsletter&#8221;:{&#8220;id&#8221;:&#8221;68484031b8b9d10001c4f8ba&#8221;},&#8221;site&#8221;:{&#8220;site_description&#8221;:null,&#8221;site_title&#8221;:&#8221;Sele\u00e7\u00e3o brasileira&#8221;},&#8221;is_grouping&#8221;:&#8221;true&#8221;,&#8221;node_type&#8221;:&#8221;section&#8221;,&#8221;children&#8221;:[{&#8220;_id&#8221;:&#8221;\/futebol\/selecao-brasileira\/lance-a-lance&#8221;,&#8221;_website&#8221;:&#8221;esportes&#8221;,&#8221;name&#8221;:&#8221;Lance a Lance&#8221;,&#8221;inactive&#8221;:false,&#8221;ancestors&#8221;:{&#8220;default&#8221;:[&#8220;https:\/\/esportes.r7.com\/futebol&#8221;,&#8221;\/futebol\/selecao-brasileira&#8221;]},&#8221;parent&#8221;:{&#8220;default&#8221;:&#8221;\/futebol\/selecao-brasileira&#8221;},&#8221;SEO&#8221;:{&#8220;og_image_id&#8221;:null,&#8221;seo_description&#8221;:&#8221;Amistosos da Sele\u00e7\u00e3o! Acompanhe todos os lances, resultados e not\u00edcias da sele\u00e7\u00e3o brasileira. N\u00e3o perca nenhum detalhe! Acesse j\u00e1 o R7!&#8221;,&#8221;seo_tags&#8221;:[&#8220;Amistosos da Sele\u00e7\u00e3o&#8221;,&#8221;Sele\u00e7\u00e3o Brasileira&#8221;,&#8221;Lance a Lance&#8221;,&#8221;Resultados&#8221;,&#8221;Futebol&#8221;,&#8221;R7 Esportes&#8221;],&#8221;seo_title&#8221;:&#8221;Lance a Lance | Amistosos da Sele\u00e7\u00e3o | R7 Esportes&#8221;,&#8221;title_hotsite&#8221;:&#8221;Lance a Lance | Amistosos da Sele\u00e7\u00e3o | R7 Esportes&#8221;,&#8221;top_url&#8221;:&#8221;https:\/\/esportes.r7.com\/futebol\/selecao-brasileira\/lance-a-lance\/&#8221;,&#8221;url_og_image&#8221;:null},&#8221;age_rating&#8221;:{&#8220;classificacao_etaria&#8221;:null},&#8221;age_rating_description&#8221;:{&#8220;atos_criminosos&#8221;:&#8221;false&#8221;,&#8221;conteudo_sexual&#8221;:&#8221;false&#8221;,&#8221;drogas&#8221;:&#8221;false&#8221;,&#8221;drogas_ilicitas&#8221;:&#8221;false&#8221;,&#8221;drogas_licitas&#8221;:&#8221;false&#8221;,&#8221;linguagem_impropria&#8221;:&#8221;false&#8221;,&#8221;medo&#8221;:&#8221;false&#8221;,&#8221;nudez&#8221;:&#8221;false&#8221;,&#8221;procedimentos_medicos&#8221;:&#8221;false&#8221;,&#8221;sexo_explicito&#8221;:&#8221;false&#8221;,&#8221;temas_sensiveis&#8221;:&#8221;false&#8221;,&#8221;violencia&#8221;:&#8221;false&#8221;,&#8221;violencia_extrema&#8221;:&#8221;false&#8221;,&#8221;violencia_fantasiosa&#8221;:&#8221;false&#8221;},&#8221;area_logada&#8221;:{&#8220;exclusive_content&#8221;:&#8221;false&#8221;},&#8221;navigation&#8221;:{&#8220;menu_url&#8221;:null,&#8221;nav_title&#8221;:null},&#8221;newsletter&#8221;:{&#8220;id&#8221;:null},&#8221;publicidade&#8221;:{&#8220;disable_adv&#8221;:&#8221;false&#8221;,&#8221;disable_audima_adv&#8221;:&#8221;false&#8221;,&#8221;disable_taboola&#8221;:&#8221;false&#8221;,&#8221;hash&#8221;:null},&#8221;site&#8221;:{&#8220;coupon_categories&#8221;:&#8221;departamentos&#8221;,&#8221;disable_refresh&#8221;:&#8221;4&#8243;,&#8221;enable_disclaimer&#8221;:&#8221;false&#8221;,&#8221;pagebuilder_path_for_native_apps&#8221;:null,&#8221;site_about&#8221;:&#8221;Lance a Lance | Amistosos da Sele\u00e7\u00e3o | R7 Esportes&#8221;,&#8221;site_description&#8221;:&#8221;Amistosos da Sele\u00e7\u00e3o! Acompanhe todos os lances, resultados e not\u00edcias da sele\u00e7\u00e3o brasileira. N\u00e3o perca nenhum detalhe! Acesse j\u00e1 o R7!&#8221;,&#8221;site_keywords&#8221;:&#8221;amistosos da sele\u00e7\u00e3o, sele\u00e7\u00e3o brasileira, futebol, esportes, lance a lance, jogadas, jogos, resultados, not\u00edcias&#8221;,&#8221;site_tagline&#8221;:&#8221;Lance a Lance | Amistosos da Sele\u00e7\u00e3o | R7 Esportes&#8221;,&#8221;site_title&#8221;:&#8221;Lance a Lance | Amistosos da Sele\u00e7\u00e3o | R7 Esportes&#8221;,&#8221;site_url&#8221;:null},&#8221;site_topper&#8221;:{&#8220;section_header_image&#8221;:null,&#8221;section_header_image_id&#8221;:null,&#8221;section_header_image_mobile&#8221;:null,&#8221;section_header_image_mobile_id&#8221;:null,&#8221;section_left_color_top&#8221;:null,&#8221;section_primary_color&#8221;:null,&#8221;section_right_color_top&#8221;:null,&#8221;site_logo_image&#8221;:null},&#8221;social&#8221;:{&#8220;facebook&#8221;:null,&#8221;instagram&#8221;:null,&#8221;kwai&#8221;:null,&#8221;rss&#8221;:null,&#8221;twitter&#8221;:null},&#8221;ultimas&#8221;:{&#8220;tab_ultimas&#8221;:[]},&#8221;is_grouping&#8221;:&#8221;false&#8221;,&#8221;node_type&#8221;:&#8221;section&#8221;,&#8221;children&#8221;:[]}]},{&#8220;_id&#8221;:&#8221;\/futebol\/sul-americana&#8221;,&#8221;_website&#8221;:&#8221;esportes&#8221;,&#8221;name&#8221;:&#8221;Sul Americana&#8221;,&#8221;inactive&#8221;:false,&#8221;parent&#8221;:{&#8220;default&#8221;:&#8221;https:\/\/esportes.r7.com\/futebol&#8221;,&#8221;header&#8221;:&#8221;https:\/\/esportes.r7.com\/futebol&#8221;},&#8221;SEO&#8221;:{&#8220;og_image_id&#8221;:&#8221;65577e9dcd77c0d31f00108e&#8221;,&#8221;seo_description&#8221;:&#8221;Confira resultados, pr\u00f3ximos jogos, tabela de classifica\u00e7\u00e3o completa, v\u00eddeos e as \u00faltimas not\u00edciasda Copa Sul Americana | 2025 | no R7 Esportes&#8221;,&#8221;seo_tags&#8221;:[&#8220;sul-americana&#8221;,&#8221;copa sul-americana&#8221;,&#8221;conmebol&#8221;,&#8221;america&#8221;,&#8221;futebol&#8221;,&#8221;r7&#8243;],&#8221;seo_title&#8221;:&#8221;Tabela, not\u00edcias e resultados | Sul Americana | 2025 | R7&#8243;,&#8221;title_hotsite&#8221;:&#8221;R7 Esportes NO REFRESH&#8221;,&#8221;top_url&#8221;:&#8221;https:\/\/esportes.r7.com\/&#8221;,&#8221;url_og_image&#8221;:&#8221;https:\/\/img.r7.com\/images\/r7-esportes-17112023115422099&#8243;},&#8221;_admin&#8221;:{&#8220;alias_ids&#8221;:[&#8220;\/futebol\/sul-americana&#8221;]},&#8221;age_rating&#8221;:{&#8220;classificacao_etaria&#8221;:null},&#8221;age_rating_description&#8221;:{&#8220;atos_criminosos&#8221;:&#8221;false&#8221;,&#8221;conteudo_sexual&#8221;:&#8221;false&#8221;,&#8221;drogas&#8221;:&#8221;false&#8221;,&#8221;drogas_ilicitas&#8221;:&#8221;false&#8221;,&#8221;drogas_licitas&#8221;:&#8221;false&#8221;,&#8221;linguagem_impropria&#8221;:&#8221;false&#8221;,&#8221;medo&#8221;:&#8221;false&#8221;,&#8221;nudez&#8221;:&#8221;false&#8221;,&#8221;procedimentos_medicos&#8221;:&#8221;false&#8221;,&#8221;sexo_explicito&#8221;:&#8221;false&#8221;,&#8221;temas_sensiveis&#8221;:&#8221;false&#8221;,&#8221;violencia&#8221;:&#8221;false&#8221;,&#8221;violencia_extrema&#8221;:&#8221;false&#8221;,&#8221;violencia_fantasiosa&#8221;:&#8221;false&#8221;},&#8221;area_logada&#8221;:{&#8220;exclusive_content&#8221;:&#8221;false&#8221;},&#8221;campanha_branded&#8221;:{&#8220;ativar_background_campanha&#8221;:&#8221;false&#8221;,&#8221;ativar_fonte_campanha&#8221;:&#8221;false&#8221;,&#8221;ativar_logo_campanha&#8221;:&#8221;false&#8221;},&#8221;navigation&#8221;:{&#8220;menu_url&#8221;:null,&#8221;nav_title&#8221;:&#8221;Sul Americana&#8221;},&#8221;newsletter&#8221;:{&#8220;id&#8221;:&#8221;68484031b8b9d10001c4f8ba&#8221;},&#8221;publicidade&#8221;:{&#8220;disable_adv&#8221;:&#8221;false&#8221;,&#8221;disable_audima_adv&#8221;:&#8221;false&#8221;,&#8221;disable_taboola&#8221;:&#8221;false&#8221;,&#8221;hash&#8221;:&#8221;r7esportes\/futebol\/sul-americana&#8221;},&#8221;site&#8221;:{&#8220;coupon_categories&#8221;:&#8221;departamentos&#8221;,&#8221;disable_refresh&#8221;:&#8221;4&#8243;,&#8221;enable_disclaimer&#8221;:&#8221;false&#8221;,&#8221;pagebuilder_path_for_native_apps&#8221;:null,&#8221;site_about&#8221;:&#8221;Tabela, not\u00edcias e resultados | Sul Americana | 2025 | R7&#8243;,&#8221;site_description&#8221;:&#8221;Confira resultados, pr\u00f3ximos jogos, tabela de classifica\u00e7\u00e3o completa, v\u00eddeos e as \u00faltimas not\u00edciasda Copa Sul Americana | 2025 | no R7 Esportes&#8221;,&#8221;site_keywords&#8221;:&#8221;sul-americana, conmenbol, futebol, resultados&#8221;,&#8221;site_tagline&#8221;:&#8221;Tabela, not\u00edcias e resultados | Sul Americana | 2025 | R7&#8243;,&#8221;site_title&#8221;:&#8221;Tabela, not\u00edcias e resultados | Sul Americana | 2025 | R7&#8243;,&#8221;site_url&#8221;:null},&#8221;site_topper&#8221;:{&#8220;section_header_image&#8221;:&#8221;https:\/\/img.r7.com\/images\/r7-esportes-17112023115349934&#8243;,&#8221;section_header_image_id&#8221;:&#8221;65577e7d1df97b21c400040f&#8221;,&#8221;section_header_image_mobile&#8221;:&#8221;https:\/\/img.r7.com\/images\/r7-esportes-17112023115459066&#8243;,&#8221;section_header_image_mobile_id&#8221;:&#8221;65577ec2c012ad96f3000a4a&#8221;,&#8221;section_left_color_top&#8221;:&#8221;#2B8047&#8243;,&#8221;section_primary_color&#8221;:&#8221;#0E8148&#8243;,&#8221;section_right_color_top&#8221;:&#8221;#2B8047&#8243;,&#8221;site_logo_image&#8221;:null},&#8221;social&#8221;:{&#8220;bluesky&#8221;:null,&#8221;facebook&#8221;:null,&#8221;instagram&#8221;:null,&#8221;kwai&#8221;:null,&#8221;rss&#8221;:null,&#8221;threads&#8221;:null,&#8221;tiktok&#8221;:null,&#8221;twitter&#8221;:null,&#8221;whatsapp&#8221;:null,&#8221;youtube&#8221;:null},&#8221;ultimas&#8221;:{&#8220;tab_ultimas&#8221;:[]},&#8221;is_grouping&#8221;:&#8221;false&#8221;,&#8221;node_type&#8221;:&#8221;section&#8221;,&#8221;children&#8221;:[{&#8220;_id&#8221;:&#8221;\/futebol\/sul-americana\/lance-a-lance&#8221;,&#8221;_website&#8221;:&#8221;esportes&#8221;,&#8221;name&#8221;:&#8221;Lance a Lance&#8221;,&#8221;inactive&#8221;:false,&#8221;ancestors&#8221;:{&#8220;default&#8221;:[&#8220;https:\/\/esportes.r7.com\/futebol&#8221;,&#8221;\/futebol\/sul-americana&#8221;]},&#8221;parent&#8221;:{&#8220;default&#8221;:&#8221;\/futebol\/sul-americana&#8221;},&#8221;SEO&#8221;:{&#8220;og_image_id&#8221;:null,&#8221;seo_description&#8221;:&#8221;Sul-Americana na Record! Acompanhe todos os lances, not\u00edcias e resultados do campeonato no R7. Futebol e emo\u00e7\u00e3o te esperam. Acesse e n\u00e3o perca!&#8221;,&#8221;seo_tags&#8221;:[&#8220;Sul-Americana&#8221;,&#8221;Record&#8221;,&#8221;R7&#8243;,&#8221;futebol&#8221;,&#8221;campeonato&#8221;,&#8221;resultados&#8221;],&#8221;seo_title&#8221;:&#8221;Confira: Sul-Americana 2025 &#8211; Acompanhe Lance a Lance na Record!&#8221;,&#8221;title_hotsite&#8221;:&#8221;Lance a Lance | Sul Americana&#8221;,&#8221;top_url&#8221;:&#8221;https:\/\/esportes.r7.com\/&#8221;,&#8221;url_og_image&#8221;:&#8221;https:\/\/cloudfront-us-east-1.images.arcpublishing.com\/newr7\/NMNZEFN7QVHNJBZKEEDUPEPPOY.jpg&#8221;},&#8221;age_rating&#8221;:{&#8220;classificacao_etaria&#8221;:null},&#8221;age_rating_description&#8221;:{&#8220;atos_criminosos&#8221;:&#8221;false&#8221;,&#8221;conteudo_sexual&#8221;:&#8221;false&#8221;,&#8221;drogas&#8221;:&#8221;false&#8221;,&#8221;drogas_ilicitas&#8221;:&#8221;false&#8221;,&#8221;drogas_licitas&#8221;:&#8221;false&#8221;,&#8221;linguagem_impropria&#8221;:&#8221;false&#8221;,&#8221;medo&#8221;:&#8221;false&#8221;,&#8221;nudez&#8221;:&#8221;false&#8221;,&#8221;procedimentos_medicos&#8221;:&#8221;false&#8221;,&#8221;sexo_explicito&#8221;:&#8221;false&#8221;,&#8221;temas_sensiveis&#8221;:&#8221;false&#8221;,&#8221;violencia&#8221;:&#8221;false&#8221;,&#8221;violencia_extrema&#8221;:&#8221;false&#8221;,&#8221;violencia_fantasiosa&#8221;:&#8221;false&#8221;},&#8221;area_logada&#8221;:{&#8220;exclusive_content&#8221;:&#8221;false&#8221;},&#8221;navigation&#8221;:{&#8220;menu_url&#8221;:null,&#8221;nav_title&#8221;:&#8221;Lance a Lance | Sul Americana&#8221;},&#8221;newsletter&#8221;:{&#8220;id&#8221;:null},&#8221;publicidade&#8221;:{&#8220;disable_adv&#8221;:&#8221;false&#8221;,&#8221;disable_audima_adv&#8221;:&#8221;false&#8221;,&#8221;disable_taboola&#8221;:&#8221;false&#8221;,&#8221;hash&#8221;:&#8221;r7esportes\/futebol\/lance-a-lance\/sul-americana&#8221;},&#8221;site&#8221;:{&#8220;coupon_categories&#8221;:&#8221;departamentos&#8221;,&#8221;disable_refresh&#8221;:&#8221;4&#8243;,&#8221;enable_disclaimer&#8221;:&#8221;false&#8221;,&#8221;pagebuilder_path_for_native_apps&#8221;:null,&#8221;site_about&#8221;:null,&#8221;site_description&#8221;:null,&#8221;site_keywords&#8221;:null,&#8221;site_tagline&#8221;:null,&#8221;site_title&#8221;:&#8221;Lance a Lance | Sul Americana&#8221;,&#8221;site_url&#8221;:null},&#8221;site_topper&#8221;:{&#8220;section_header_image&#8221;:&#8221;https:\/\/cloudfront-us-east-1.images.arcpublishing.com\/newr7\/BH4X3URDX5CFJKIQDYVZBWGIOI.jpg&#8221;,&#8221;section_header_image_id&#8221;:null,&#8221;section_header_image_mobile&#8221;:&#8221;https:\/\/cloudfront-us-east-1.images.arcpublishing.com\/newr7\/5W3YYM5O5BGGVDDQPZKIVGLQUQ.jpg&#8221;,&#8221;section_header_image_mobile_id&#8221;:null,&#8221;section_left_color_top&#8221;:&#8221;#0C703C&#8221;,&#8221;section_primary_color&#8221;:&#8221;#2B8047&#8243;,&#8221;section_right_color_top&#8221;:&#8221;#0C703C&#8221;,&#8221;site_logo_image&#8221;:null},&#8221;social&#8221;:{&#8220;facebook&#8221;:null,&#8221;instagram&#8221;:null,&#8221;kwai&#8221;:null,&#8221;rss&#8221;:null,&#8221;twitter&#8221;:null},&#8221;ultimas&#8221;:{&#8220;tab_ultimas&#8221;:[]},&#8221;is_grouping&#8221;:&#8221;false&#8221;,&#8221;node_type&#8221;:&#8221;section&#8221;,&#8221;children&#8221;:[]},{&#8220;_id&#8221;:&#8221;\/futebol\/sul-americana\/tabela&#8221;,&#8221;_website&#8221;:&#8221;esportes&#8221;,&#8221;name&#8221;:&#8221;Tabela&#8221;,&#8221;inactive&#8221;:false,&#8221;ancestors&#8221;:{&#8220;default&#8221;:[&#8220;https:\/\/esportes.r7.com\/futebol&#8221;,&#8221;\/futebol\/sul-americana&#8221;]},&#8221;parent&#8221;:{&#8220;default&#8221;:&#8221;\/futebol\/sul-americana&#8221;},&#8221;SEO&#8221;:{&#8220;og_image_id&#8221;:null,&#8221;seo_description&#8221;:&#8221;Copa Sul-Americana com tabela de classifica\u00e7\u00e3o atualizada \u00e9 no R7 Esportes! Confira os pr\u00f3ximos jogos, not\u00edcias e muito mais.&#8221;,&#8221;seo_tags&#8221;:[&#8220;Classifica\u00e7\u00e3o&#8221;,&#8221;Sul Americana&#8221;,&#8221;Brasileir\u00e3o&#8221;,&#8221;tabela&#8221;,&#8221;resultados&#8221;,&#8221;jogos&#8221;,&#8221;R7&#8243;],&#8221;seo_title&#8221;:&#8221;Tabela e jogos | Copa Sul-Americana 2025 | R7 Esportes&#8221;,&#8221;title_hotsite&#8221;:&#8221;Tabela e jogos | Copa Sul-Americana 2025 | R7 Esportes&#8221;,&#8221;top_url&#8221;:&#8221;https:\/\/esportes.r7.com\/futebol\/sul-americana\/&#8221;,&#8221;url_og_image&#8221;:null},&#8221;age_rating&#8221;:{&#8220;classificacao_etaria&#8221;:null},&#8221;age_rating_description&#8221;:{&#8220;atos_criminosos&#8221;:&#8221;false&#8221;,&#8221;conteudo_sexual&#8221;:&#8221;false&#8221;,&#8221;drogas&#8221;:&#8221;false&#8221;,&#8221;drogas_ilicitas&#8221;:&#8221;false&#8221;,&#8221;drogas_licitas&#8221;:&#8221;false&#8221;,&#8221;linguagem_impropria&#8221;:&#8221;false&#8221;,&#8221;medo&#8221;:&#8221;false&#8221;,&#8221;nudez&#8221;:&#8221;false&#8221;,&#8221;procedimentos_medicos&#8221;:&#8221;false&#8221;,&#8221;sexo_explicito&#8221;:&#8221;false&#8221;,&#8221;temas_sensiveis&#8221;:&#8221;false&#8221;,&#8221;violencia&#8221;:&#8221;false&#8221;,&#8221;violencia_extrema&#8221;:&#8221;false&#8221;,&#8221;violencia_fantasiosa&#8221;:&#8221;false&#8221;},&#8221;area_logada&#8221;:{&#8220;exclusive_content&#8221;:&#8221;false&#8221;},&#8221;navigation&#8221;:{&#8220;menu_url&#8221;:null,&#8221;nav_title&#8221;:&#8221;Tabela | Sul Americana&#8221;},&#8221;newsletter&#8221;:{&#8220;id&#8221;:null},&#8221;publicidade&#8221;:{&#8220;disable_adv&#8221;:&#8221;false&#8221;,&#8221;disable_audima_adv&#8221;:&#8221;false&#8221;,&#8221;disable_taboola&#8221;:&#8221;false&#8221;,&#8221;hash&#8221;:&#8221;r7esportes\/futebol\/sul-americana\/tabela&#8221;},&#8221;site&#8221;:{&#8220;coupon_categories&#8221;:&#8221;departamentos&#8221;,&#8221;disable_refresh&#8221;:&#8221;4&#8243;,&#8221;enable_disclaimer&#8221;:&#8221;false&#8221;,&#8221;pagebuilder_path_for_native_apps&#8221;:null,&#8221;site_about&#8221;:&#8221;Tabela e jogos | Copa Sul-Americana 2025 | R7 Esportes&#8221;,&#8221;site_description&#8221;:&#8221;Copa Sul-Americana com tabela de classifica\u00e7\u00e3o atualizada \u00e9 no R7 Esportes! Confira os pr\u00f3ximos jogos, not\u00edcias e muito mais.&#8221;,&#8221;site_keywords&#8221;:&#8221;tabela, classifica\u00e7\u00e3o, rodadas, sul-americana, copa sul-americana, futebol, r7 esportes, r7&#8243;,&#8221;site_tagline&#8221;:&#8221;Tabela e jogos | Copa Sul-Americana 2025 | R7 Esportes&#8221;,&#8221;site_title&#8221;:&#8221;Tabela e jogos | Copa Sul-Americana 2025 | R7 Esportes&#8221;,&#8221;site_url&#8221;:null},&#8221;site_topper&#8221;:{&#8220;section_header_image&#8221;:null,&#8221;section_header_image_id&#8221;:null,&#8221;section_header_image_mobile&#8221;:null,&#8221;section_header_image_mobile_id&#8221;:null,&#8221;section_left_color_top&#8221;:null,&#8221;section_primary_color&#8221;:null,&#8221;section_right_color_top&#8221;:null,&#8221;site_logo_image&#8221;:null},&#8221;social&#8221;:{&#8220;facebook&#8221;:null,&#8221;instagram&#8221;:null,&#8221;kwai&#8221;:null,&#8221;rss&#8221;:null,&#8221;twitter&#8221;:null},&#8221;ultimas&#8221;:{&#8220;tab_ultimas&#8221;:[]},&#8221;is_grouping&#8221;:&#8221;false&#8221;,&#8221;node_type&#8221;:&#8221;section&#8221;,&#8221;children&#8221;:[]}]},{&#8220;_id&#8221;:&#8221;\/futebol\/supercopa&#8221;,&#8221;website&#8221;:&#8221;esportes&#8221;,&#8221;name&#8221;:&#8221;Supercopa&#8221;,&#8221;navigation&#8221;:{&#8220;nav_title&#8221;:&#8221;Supercopa&#8221;},&#8221;parent&#8221;:{&#8220;default&#8221;:&#8221;https:\/\/esportes.r7.com\/futebol&#8221;,&#8221;header&#8221;:&#8221;https:\/\/esportes.r7.com\/futebol&#8221;},&#8221;_admin&#8221;:{&#8220;alias_ids&#8221;:[&#8220;\/futebol\/supercopa&#8221;]},&#8221;site&#8221;:{&#8220;site_description&#8221;:&#8221;&#8221;,&#8221;site_title&#8221;:&#8221;Supercopa&#8221;},&#8221;inactive&#8221;:false,&#8221;SEO&#8221;:{&#8220;seo_tags&#8221;:[]},&#8221;site_topper&#8221;:{},&#8221;is_grouping&#8221;:&#8221;false&#8221;,&#8221;_website&#8221;:&#8221;esportes&#8221;,&#8221;node_type&#8221;:&#8221;section&#8221;,&#8221;children&#8221;:[{&#8220;_id&#8221;:&#8221;\/futebol\/supercopa\/lance-a-lance&#8221;,&#8221;_website&#8221;:&#8221;esportes&#8221;,&#8221;name&#8221;:&#8221;Lance a Lance&#8221;,&#8221;inactive&#8221;:false,&#8221;ancestors&#8221;:{&#8220;default&#8221;:[&#8220;https:\/\/esportes.r7.com\/futebol&#8221;,&#8221;\/futebol\/supercopa&#8221;]},&#8221;parent&#8221;:{&#8220;default&#8221;:&#8221;\/futebol\/supercopa&#8221;},&#8221;SEO&#8221;:{&#8220;og_image_id&#8221;:null,&#8221;seo_description&#8221;:null,&#8221;seo_tags&#8221;:[],&#8221;seo_title&#8221;:null,&#8221;title_hotsite&#8221;:null,&#8221;top_url&#8221;:null,&#8221;url_og_image&#8221;:null},&#8221;age_rating&#8221;:{&#8220;classificacao_etaria&#8221;:null},&#8221;age_rating_description&#8221;:{&#8220;atos_criminosos&#8221;:&#8221;false&#8221;,&#8221;conteudo_sexual&#8221;:&#8221;false&#8221;,&#8221;drogas&#8221;:&#8221;false&#8221;,&#8221;drogas_ilicitas&#8221;:&#8221;false&#8221;,&#8221;drogas_licitas&#8221;:&#8221;false&#8221;,&#8221;linguagem_impropria&#8221;:&#8221;false&#8221;,&#8221;medo&#8221;:&#8221;false&#8221;,&#8221;nudez&#8221;:&#8221;false&#8221;,&#8221;procedimentos_medicos&#8221;:&#8221;false&#8221;,&#8221;sexo_explicito&#8221;:&#8221;false&#8221;,&#8221;temas_sensiveis&#8221;:&#8221;false&#8221;,&#8221;violencia&#8221;:&#8221;false&#8221;,&#8221;violencia_extrema&#8221;:&#8221;false&#8221;,&#8221;violencia_fantasiosa&#8221;:&#8221;false&#8221;},&#8221;area_logada&#8221;:{&#8220;exclusive_content&#8221;:&#8221;false&#8221;},&#8221;navigation&#8221;:{&#8220;menu_url&#8221;:null,&#8221;nav_title&#8221;:null},&#8221;newsletter&#8221;:{&#8220;id&#8221;:null},&#8221;publicidade&#8221;:{&#8220;disable_adv&#8221;:&#8221;false&#8221;,&#8221;disable_audima_adv&#8221;:&#8221;false&#8221;,&#8221;disable_taboola&#8221;:&#8221;false&#8221;,&#8221;hash&#8221;:null},&#8221;site&#8221;:{&#8220;coupon_categories&#8221;:&#8221;departamentos&#8221;,&#8221;disable_refresh&#8221;:&#8221;4&#8243;,&#8221;enable_disclaimer&#8221;:&#8221;false&#8221;,&#8221;pagebuilder_path_for_native_apps&#8221;:null,&#8221;site_about&#8221;:null,&#8221;site_description&#8221;:null,&#8221;site_keywords&#8221;:null,&#8221;site_tagline&#8221;:null,&#8221;site_title&#8221;:null,&#8221;site_url&#8221;:null},&#8221;site_topper&#8221;:{&#8220;section_header_image&#8221;:null,&#8221;section_header_image_id&#8221;:null,&#8221;section_header_image_mobile&#8221;:null,&#8221;section_header_image_mobile_id&#8221;:null,&#8221;section_left_color_top&#8221;:null,&#8221;section_primary_color&#8221;:null,&#8221;section_right_color_top&#8221;:null,&#8221;site_logo_image&#8221;:null},&#8221;social&#8221;:{&#8220;facebook&#8221;:null,&#8221;instagram&#8221;:null,&#8221;kwai&#8221;:null,&#8221;rss&#8221;:null,&#8221;twitter&#8221;:null},&#8221;ultimas&#8221;:{&#8220;tab_ultimas&#8221;:[]},&#8221;is_grouping&#8221;:&#8221;false&#8221;,&#8221;node_type&#8221;:&#8221;section&#8221;,&#8221;children&#8221;:[]}]},{&#8220;_id&#8221;:&#8221;\/futebol\/times&#8221;,&#8221;_website&#8221;:&#8221;esportes&#8221;,&#8221;name&#8221;:&#8221;Times&#8221;,&#8221;inactive&#8221;:false,&#8221;parent&#8221;:{&#8220;default&#8221;:&#8221;https:\/\/esportes.r7.com\/futebol&#8221;,&#8221;header&#8221;:&#8221;https:\/\/esportes.r7.com\/futebol&#8221;},&#8221;SEO&#8221;:{&#8220;og_image_id&#8221;:null,&#8221;seo_description&#8221;:&#8221;Jogos, not\u00edcias, v\u00eddeos, resultados, tabelas e mais: veja tudo o que o R7 Esportes j\u00e1 publicou sobre os principais times de futebol do Brasil e do mundo!&#8221;,&#8221;seo_tags&#8221;:[&#8220;esportes&#8221;,&#8221;futebol&#8221;,&#8221;equipes&#8221;,&#8221;sele\u00e7\u00f5es&#8221;,&#8221;times&#8221;,&#8221;equipes de futebol&#8221;,&#8221;times de futebol&#8221;],&#8221;seo_title&#8221;:&#8221;\u00cdndices de Times de Futebol | R7 Esportes&#8221;,&#8221;title_hotsite&#8221;:&#8221;\u00cdndices de Times de Futebol | R7 Esportes&#8221;,&#8221;top_url&#8221;:&#8221;https:\/\/esportes.r7.com\/futebol\/times\/&#8221;,&#8221;url_og_image&#8221;:null},&#8221;_admin&#8221;:{&#8220;alias_ids&#8221;:[&#8220;\/futebol\/times&#8221;]},&#8221;age_rating&#8221;:{&#8220;classificacao_etaria&#8221;:null},&#8221;age_rating_description&#8221;:{&#8220;atos_criminosos&#8221;:&#8221;false&#8221;,&#8221;conteudo_sexual&#8221;:&#8221;false&#8221;,&#8221;drogas&#8221;:&#8221;false&#8221;,&#8221;drogas_ilicitas&#8221;:&#8221;false&#8221;,&#8221;drogas_licitas&#8221;:&#8221;false&#8221;,&#8221;linguagem_impropria&#8221;:&#8221;false&#8221;,&#8221;medo&#8221;:&#8221;false&#8221;,&#8221;nudez&#8221;:&#8221;false&#8221;,&#8221;procedimentos_medicos&#8221;:&#8221;false&#8221;,&#8221;sexo_explicito&#8221;:&#8221;false&#8221;,&#8221;temas_sensiveis&#8221;:&#8221;false&#8221;,&#8221;violencia&#8221;:&#8221;false&#8221;,&#8221;violencia_extrema&#8221;:&#8221;false&#8221;,&#8221;violencia_fantasiosa&#8221;:&#8221;false&#8221;},&#8221;area_logada&#8221;:{&#8220;exclusive_content&#8221;:&#8221;false&#8221;},&#8221;assets&#8221;:{&#8220;cda_ad_player&#8221;:null},&#8221;campanha_branded&#8221;:{&#8220;ativar_background_campanha&#8221;:&#8221;false&#8221;,&#8221;ativar_fonte_campanha&#8221;:&#8221;false&#8221;,&#8221;ativar_logo_campanha&#8221;:&#8221;false&#8221;},&#8221;navigation&#8221;:{&#8220;menu_url&#8221;:null,&#8221;nav_title&#8221;:&#8221;Times&#8221;},&#8221;newsletter&#8221;:{&#8220;id&#8221;:null},&#8221;publicidade&#8221;:{&#8220;disable_adv&#8221;:&#8221;false&#8221;,&#8221;disable_audima_adv&#8221;:&#8221;false&#8221;,&#8221;disable_taboola&#8221;:&#8221;false&#8221;,&#8221;hash&#8221;:null},&#8221;site&#8221;:{&#8220;coupon_categories&#8221;:&#8221;departamentos&#8221;,&#8221;disable_refresh&#8221;:&#8221;4&#8243;,&#8221;enable_disclaimer&#8221;:&#8221;false&#8221;,&#8221;pagebuilder_path_for_native_apps&#8221;:null,&#8221;site_about&#8221;:&#8221;\u00cdndices de Times de Futebol | R7 Esportes&#8221;,&#8221;site_description&#8221;:&#8221;Jogos, not\u00edcias, v\u00eddeos, resultados, tabelas e mais: veja tudo o que o R7 Esportes j\u00e1 publicou sobre os principais times de futebol do Brasil e do mundo!&#8221;,&#8221;site_keywords&#8221;:&#8221;times de futebol, equipes, futebol, esportes&#8221;,&#8221;site_tagline&#8221;:&#8221;\u00cdndices de Times de Futebol | R7 Esportes&#8221;,&#8221;site_title&#8221;:&#8221;\u00cdndices de Times de Futebol | R7 Esportes&#8221;,&#8221;site_url&#8221;:null},&#8221;site_topper&#8221;:{&#8220;section_header_image&#8221;:null,&#8221;section_header_image_id&#8221;:null,&#8221;section_header_image_mobile&#8221;:null,&#8221;section_header_image_mobile_id&#8221;:null,&#8221;section_left_color_top&#8221;:null,&#8221;section_primary_color&#8221;:null,&#8221;section_right_color_top&#8221;:null,&#8221;site_logo_image&#8221;:null},&#8221;social&#8221;:{&#8220;bluesky&#8221;:null,&#8221;facebook&#8221;:null,&#8221;instagram&#8221;:null,&#8221;kwai&#8221;:null,&#8221;rss&#8221;:null,&#8221;threads&#8221;:null,&#8221;tiktok&#8221;:null,&#8221;twitter&#8221;:null,&#8221;whatsapp&#8221;:null,&#8221;youtube&#8221;:null},&#8221;ultimas&#8221;:{&#8220;tab_ultimas&#8221;:[]},&#8221;is_grouping&#8221;:&#8221;false&#8221;,&#8221;node_type&#8221;:&#8221;section&#8221;,&#8221;children&#8221;:[{&#8220;_id&#8221;:&#8221;\/futebol\/times\/abc&#8221;,&#8221;website&#8221;:&#8221;esportes&#8221;,&#8221;name&#8221;:&#8221;ABC&#8221;,&#8221;navigation&#8221;:{&#8220;nav_title&#8221;:&#8221;ABC&#8221;},&#8221;parent&#8221;:{&#8220;default&#8221;:&#8221;\/futebol\/times&#8221;,&#8221;header&#8221;:&#8221;\/futebol\/times&#8221;},&#8221;_admin&#8221;:{&#8220;alias_ids&#8221;:[&#8220;\/futebol\/times\/abc&#8221;]},&#8221;site&#8221;:{&#8220;site_description&#8221;:&#8221;&#8221;,&#8221;site_title&#8221;:&#8221;ABC&#8221;},&#8221;inactive&#8221;:false,&#8221;SEO&#8221;:{&#8220;seo_tags&#8221;:[]},&#8221;site_topper&#8221;:{},&#8221;is_grouping&#8221;:&#8221;false&#8221;,&#8221;_website&#8221;:&#8221;esportes&#8221;,&#8221;node_type&#8221;:&#8221;section&#8221;,&#8221;children&#8221;:[]},{&#8220;_id&#8221;:&#8221;\/futebol\/times\/agua-santa&#8221;,&#8221;website&#8221;:&#8221;esportes&#8221;,&#8221;name&#8221;:&#8221;\u00c1gua Santa&#8221;,&#8221;navigation&#8221;:{&#8220;nav_title&#8221;:&#8221;\u00c1gua Santa&#8221;},&#8221;parent&#8221;:{&#8220;default&#8221;:&#8221;\/futebol\/times&#8221;,&#8221;header&#8221;:&#8221;\/futebol\/times&#8221;},&#8221;_admin&#8221;:{&#8220;alias_ids&#8221;:[&#8220;\/futebol\/times\/agua-santa&#8221;]},&#8221;site&#8221;:{&#8220;site_description&#8221;:&#8221;&#8221;,&#8221;site_title&#8221;:&#8221;\u00c1gua Santa&#8221;},&#8221;inactive&#8221;:false,&#8221;SEO&#8221;:{&#8220;seo_tags&#8221;:[]},&#8221;site_topper&#8221;:{},&#8221;is_grouping&#8221;:&#8221;false&#8221;,&#8221;_website&#8221;:&#8221;esportes&#8221;,&#8221;node_type&#8221;:&#8221;section&#8221;,&#8221;children&#8221;:[]},{&#8220;_id&#8221;:&#8221;\/futebol\/times\/america-mg&#8221;,&#8221;website&#8221;:&#8221;esportes&#8221;,&#8221;name&#8221;:&#8221;Am\u00e9rica-MG&#8221;,&#8221;navigation&#8221;:{&#8220;nav_title&#8221;:&#8221;Am\u00e9rica-MG&#8221;},&#8221;parent&#8221;:{&#8220;default&#8221;:&#8221;\/futebol\/times&#8221;,&#8221;header&#8221;:&#8221;\/futebol\/times&#8221;},&#8221;_admin&#8221;:{&#8220;alias_ids&#8221;:[&#8220;\/futebol\/times\/america-mg&#8221;]},&#8221;site&#8221;:{&#8220;site_description&#8221;:&#8221;&#8221;,&#8221;site_title&#8221;:&#8221;Am\u00e9rica-MG&#8221;},&#8221;inactive&#8221;:false,&#8221;SEO&#8221;:{&#8220;seo_tags&#8221;:[]},&#8221;site_topper&#8221;:{},&#8221;is_grouping&#8221;:&#8221;false&#8221;,&#8221;_website&#8221;:&#8221;esportes&#8221;,&#8221;node_type&#8221;:&#8221;section&#8221;,&#8221;children&#8221;:[]},{&#8220;_id&#8221;:&#8221;\/futebol\/times\/america-rn&#8221;,&#8221;website&#8221;:&#8221;esportes&#8221;,&#8221;name&#8221;:&#8221;Am\u00e9rica-RN&#8221;,&#8221;navigation&#8221;:{&#8220;nav_title&#8221;:&#8221;Am\u00e9rica-RN&#8221;},&#8221;parent&#8221;:{&#8220;default&#8221;:&#8221;\/futebol\/times&#8221;,&#8221;header&#8221;:&#8221;\/futebol\/times&#8221;},&#8221;_admin&#8221;:{&#8220;alias_ids&#8221;:[&#8220;\/futebol\/times\/america-rn&#8221;]},&#8221;site&#8221;:{&#8220;site_description&#8221;:&#8221;&#8221;,&#8221;site_title&#8221;:&#8221;Am\u00e9rica-RN&#8221;},&#8221;inactive&#8221;:false,&#8221;SEO&#8221;:{&#8220;seo_tags&#8221;:[]},&#8221;site_topper&#8221;:{},&#8221;is_grouping&#8221;:&#8221;false&#8221;,&#8221;_website&#8221;:&#8221;esportes&#8221;,&#8221;node_type&#8221;:&#8221;section&#8221;,&#8221;children&#8221;:[]},{&#8220;_id&#8221;:&#8221;\/futebol\/times\/asa&#8221;,&#8221;website&#8221;:&#8221;esportes&#8221;,&#8221;name&#8221;:&#8221;ASA&#8221;,&#8221;navigation&#8221;:{&#8220;nav_title&#8221;:&#8221;ASA&#8221;},&#8221;parent&#8221;:{&#8220;default&#8221;:&#8221;\/futebol\/times&#8221;,&#8221;header&#8221;:&#8221;\/futebol\/times&#8221;},&#8221;_admin&#8221;:{&#8220;alias_ids&#8221;:[&#8220;\/futebol\/times\/asa&#8221;]},&#8221;site&#8221;:{&#8220;site_description&#8221;:&#8221;&#8221;,&#8221;site_title&#8221;:&#8221;ASA&#8221;},&#8221;inactive&#8221;:false,&#8221;SEO&#8221;:{&#8220;seo_tags&#8221;:[]},&#8221;site_topper&#8221;:{},&#8221;is_grouping&#8221;:&#8221;false&#8221;,&#8221;_website&#8221;:&#8221;esportes&#8221;,&#8221;node_type&#8221;:&#8221;section&#8221;,&#8221;children&#8221;:[]},{&#8220;_id&#8221;:&#8221;\/futebol\/times\/athletico-paranaense&#8221;,&#8221;website&#8221;:&#8221;esportes&#8221;,&#8221;name&#8221;:&#8221;Athletico Paranaense&#8221;,&#8221;navigation&#8221;:{&#8220;nav_title&#8221;:&#8221;Athletico Paranaense&#8221;},&#8221;parent&#8221;:{&#8220;default&#8221;:&#8221;\/futebol\/times&#8221;,&#8221;header&#8221;:&#8221;\/futebol\/times&#8221;},&#8221;_admin&#8221;:{&#8220;alias_ids&#8221;:[&#8220;\/futebol\/times\/athletico-paranaense&#8221;]},&#8221;site&#8221;:{&#8220;site_description&#8221;:&#8221;&#8221;,&#8221;site_title&#8221;:&#8221;Athletico Paranaense&#8221;},&#8221;inactive&#8221;:false,&#8221;SEO&#8221;:{&#8220;seo_tags&#8221;:[]},&#8221;site_topper&#8221;:{},&#8221;is_grouping&#8221;:&#8221;false&#8221;,&#8221;_website&#8221;:&#8221;esportes&#8221;,&#8221;node_type&#8221;:&#8221;section&#8221;,&#8221;children&#8221;:[]},{&#8220;_id&#8221;:&#8221;\/futebol\/times\/atletico-goianiense&#8221;,&#8221;website&#8221;:&#8221;esportes&#8221;,&#8221;name&#8221;:&#8221;Atl\u00e9tico Goianiense&#8221;,&#8221;navigation&#8221;:{&#8220;nav_title&#8221;:&#8221;Atl\u00e9tico Goianiense&#8221;},&#8221;parent&#8221;:{&#8220;default&#8221;:&#8221;\/futebol\/times&#8221;,&#8221;header&#8221;:&#8221;\/futebol\/times&#8221;},&#8221;_admin&#8221;:{&#8220;alias_ids&#8221;:[&#8220;\/futebol\/times\/atletico-goianiense&#8221;]},&#8221;site&#8221;:{&#8220;site_description&#8221;:&#8221;&#8221;,&#8221;site_title&#8221;:&#8221;Atl\u00e9tico Goianiense&#8221;},&#8221;inactive&#8221;:false,&#8221;SEO&#8221;:{&#8220;seo_tags&#8221;:[]},&#8221;site_topper&#8221;:{},&#8221;is_grouping&#8221;:&#8221;false&#8221;,&#8221;_website&#8221;:&#8221;esportes&#8221;,&#8221;node_type&#8221;:&#8221;section&#8221;,&#8221;children&#8221;:[]},{&#8220;_id&#8221;:&#8221;\/futebol\/times\/atletico-mineiro&#8221;,&#8221;_website&#8221;:&#8221;esportes&#8221;,&#8221;name&#8221;:&#8221;Atl\u00e9tico Mineiro&#8221;,&#8221;inactive&#8221;:false,&#8221;parent&#8221;:{&#8220;default&#8221;:&#8221;\/futebol\/times&#8221;,&#8221;header&#8221;:&#8221;\/futebol\/times&#8221;},&#8221;SEO&#8221;:{&#8220;seo_tags&#8221;:[]},&#8221;_admin&#8221;:{&#8220;alias_ids&#8221;:[&#8220;\/futebol\/times\/atletico-mineiro&#8221;]},&#8221;navigation&#8221;:{&#8220;nav_title&#8221;:&#8221;Atl\u00e9tico Mineiro&#8221;},&#8221;newsletter&#8221;:{&#8220;id&#8221;:&#8221;68484031b8b9d10001c4f8ba&#8221;},&#8221;site&#8221;:{&#8220;site_description&#8221;:null,&#8221;site_title&#8221;:&#8221;Atl\u00e9tico Mineiro&#8221;},&#8221;is_grouping&#8221;:&#8221;false&#8221;,&#8221;node_type&#8221;:&#8221;section&#8221;,&#8221;children&#8221;:[]},{&#8220;_id&#8221;:&#8221;\/futebol\/times\/audax-rj&#8221;,&#8221;website&#8221;:&#8221;esportes&#8221;,&#8221;name&#8221;:&#8221;Audax-RJ&#8221;,&#8221;navigation&#8221;:{&#8220;nav_title&#8221;:&#8221;Audax-RJ&#8221;},&#8221;parent&#8221;:{&#8220;default&#8221;:&#8221;\/futebol\/times&#8221;,&#8221;header&#8221;:&#8221;\/futebol\/times&#8221;},&#8221;_admin&#8221;:{&#8220;alias_ids&#8221;:[&#8220;\/futebol\/times\/audax-rj&#8221;]},&#8221;site&#8221;:{&#8220;site_description&#8221;:&#8221;&#8221;,&#8221;site_title&#8221;:&#8221;Audax-RJ&#8221;},&#8221;inactive&#8221;:false,&#8221;SEO&#8221;:{&#8220;seo_tags&#8221;:[]},&#8221;site_topper&#8221;:{},&#8221;is_grouping&#8221;:&#8221;false&#8221;,&#8221;_website&#8221;:&#8221;esportes&#8221;,&#8221;node_type&#8221;:&#8221;section&#8221;,&#8221;children&#8221;:[]},{&#8220;_id&#8221;:&#8221;\/futebol\/times\/avai&#8221;,&#8221;website&#8221;:&#8221;esportes&#8221;,&#8221;name&#8221;:&#8221;Ava\u00ed&#8221;,&#8221;navigation&#8221;:{&#8220;nav_title&#8221;:&#8221;Ava\u00ed&#8221;},&#8221;parent&#8221;:{&#8220;default&#8221;:&#8221;\/futebol\/times&#8221;,&#8221;header&#8221;:&#8221;\/futebol\/times&#8221;},&#8221;_admin&#8221;:{&#8220;alias_ids&#8221;:[&#8220;\/futebol\/times\/avai&#8221;]},&#8221;site&#8221;:{&#8220;site_description&#8221;:&#8221;&#8221;,&#8221;site_title&#8221;:&#8221;Ava\u00ed&#8221;},&#8221;inactive&#8221;:false,&#8221;SEO&#8221;:{&#8220;seo_tags&#8221;:[]},&#8221;site_topper&#8221;:{},&#8221;is_grouping&#8221;:&#8221;false&#8221;,&#8221;_website&#8221;:&#8221;esportes&#8221;,&#8221;node_type&#8221;:&#8221;section&#8221;,&#8221;children&#8221;:[]},{&#8220;_id&#8221;:&#8221;\/futebol\/times\/bahia&#8221;,&#8221;website&#8221;:&#8221;esportes&#8221;,&#8221;name&#8221;:&#8221;Bahia&#8221;,&#8221;navigation&#8221;:{&#8220;nav_title&#8221;:&#8221;Bahia&#8221;},&#8221;parent&#8221;:{&#8220;default&#8221;:&#8221;\/futebol\/times&#8221;,&#8221;header&#8221;:&#8221;\/futebol\/times&#8221;},&#8221;_admin&#8221;:{&#8220;alias_ids&#8221;:[&#8220;\/futebol\/times\/bahia&#8221;]},&#8221;site&#8221;:{&#8220;site_description&#8221;:&#8221;&#8221;,&#8221;site_title&#8221;:&#8221;Bahia&#8221;},&#8221;inactive&#8221;:false,&#8221;SEO&#8221;:{&#8220;seo_tags&#8221;:[]},&#8221;site_topper&#8221;:{},&#8221;is_grouping&#8221;:&#8221;false&#8221;,&#8221;_website&#8221;:&#8221;esportes&#8221;,&#8221;node_type&#8221;:&#8221;section&#8221;,&#8221;children&#8221;:[]},{&#8220;_id&#8221;:&#8221;\/futebol\/times\/bangu&#8221;,&#8221;website&#8221;:&#8221;esportes&#8221;,&#8221;name&#8221;:&#8221;Bangu&#8221;,&#8221;navigation&#8221;:{&#8220;nav_title&#8221;:&#8221;Bangu&#8221;},&#8221;parent&#8221;:{&#8220;default&#8221;:&#8221;\/futebol\/times&#8221;,&#8221;header&#8221;:&#8221;\/futebol\/times&#8221;},&#8221;_admin&#8221;:{&#8220;alias_ids&#8221;:[&#8220;\/futebol\/times\/bangu&#8221;]},&#8221;site&#8221;:{&#8220;site_description&#8221;:&#8221;&#8221;,&#8221;site_title&#8221;:&#8221;Bangu&#8221;},&#8221;inactive&#8221;:false,&#8221;SEO&#8221;:{&#8220;seo_tags&#8221;:[]},&#8221;site_topper&#8221;:{},&#8221;is_grouping&#8221;:&#8221;false&#8221;,&#8221;_website&#8221;:&#8221;esportes&#8221;,&#8221;node_type&#8221;:&#8221;section&#8221;,&#8221;children&#8221;:[]},{&#8220;_id&#8221;:&#8221;\/futebol\/times\/boa-esporte&#8221;,&#8221;website&#8221;:&#8221;esportes&#8221;,&#8221;name&#8221;:&#8221;Boa Esporte&#8221;,&#8221;navigation&#8221;:{&#8220;nav_title&#8221;:&#8221;Boa Esporte&#8221;},&#8221;parent&#8221;:{&#8220;default&#8221;:&#8221;\/futebol\/times&#8221;,&#8221;header&#8221;:&#8221;\/futebol\/times&#8221;},&#8221;_admin&#8221;:{&#8220;alias_ids&#8221;:[&#8220;\/futebol\/times\/boa-esporte&#8221;]},&#8221;site&#8221;:{&#8220;site_description&#8221;:&#8221;&#8221;,&#8221;site_title&#8221;:&#8221;Boa Esporte&#8221;},&#8221;inactive&#8221;:false,&#8221;SEO&#8221;:{&#8220;seo_tags&#8221;:[]},&#8221;site_topper&#8221;:{},&#8221;is_grouping&#8221;:&#8221;false&#8221;,&#8221;_website&#8221;:&#8221;esportes&#8221;,&#8221;node_type&#8221;:&#8221;section&#8221;,&#8221;children&#8221;:[]},{&#8220;_id&#8221;:&#8221;\/futebol\/times\/boavista&#8221;,&#8221;website&#8221;:&#8221;esportes&#8221;,&#8221;name&#8221;:&#8221;Boavista&#8221;,&#8221;navigation&#8221;:{&#8220;nav_title&#8221;:&#8221;Boavista&#8221;},&#8221;parent&#8221;:{&#8220;default&#8221;:&#8221;\/futebol\/times&#8221;,&#8221;header&#8221;:&#8221;\/futebol\/times&#8221;},&#8221;_admin&#8221;:{&#8220;alias_ids&#8221;:[&#8220;\/futebol\/times\/boavista&#8221;]},&#8221;site&#8221;:{&#8220;site_description&#8221;:&#8221;&#8221;,&#8221;site_title&#8221;:&#8221;Boavista&#8221;},&#8221;inactive&#8221;:false,&#8221;SEO&#8221;:{&#8220;seo_tags&#8221;:[]},&#8221;site_topper&#8221;:{},&#8221;is_grouping&#8221;:&#8221;false&#8221;,&#8221;_website&#8221;:&#8221;esportes&#8221;,&#8221;node_type&#8221;:&#8221;section&#8221;,&#8221;children&#8221;:[]},{&#8220;_id&#8221;:&#8221;\/futebol\/times\/botafogo&#8221;,&#8221;_website&#8221;:&#8221;esportes&#8221;,&#8221;name&#8221;:&#8221;Botafogo&#8221;,&#8221;inactive&#8221;:false,&#8221;parent&#8221;:{&#8220;default&#8221;:&#8221;\/futebol\/times&#8221;,&#8221;header&#8221;:&#8221;\/futebol\/times&#8221;},&#8221;SEO&#8221;:{&#8220;seo_tags&#8221;:[]},&#8221;_admin&#8221;:{&#8220;alias_ids&#8221;:[&#8220;\/futebol\/times\/botafogo&#8221;]},&#8221;navigation&#8221;:{&#8220;nav_title&#8221;:&#8221;Botafogo&#8221;},&#8221;newsletter&#8221;:{&#8220;id&#8221;:&#8221;68484031b8b9d10001c4f8ba&#8221;},&#8221;site&#8221;:{&#8220;site_description&#8221;:null,&#8221;site_title&#8221;:&#8221;Botafogo&#8221;},&#8221;is_grouping&#8221;:&#8221;false&#8221;,&#8221;node_type&#8221;:&#8221;section&#8221;,&#8221;children&#8221;:[]},{&#8220;_id&#8221;:&#8221;\/futebol\/times\/botafogo-sp&#8221;,&#8221;website&#8221;:&#8221;esportes&#8221;,&#8221;name&#8221;:&#8221;Botafogo-SP&#8221;,&#8221;navigation&#8221;:{&#8220;nav_title&#8221;:&#8221;Botafogo-SP&#8221;},&#8221;parent&#8221;:{&#8220;default&#8221;:&#8221;\/futebol\/times&#8221;,&#8221;header&#8221;:&#8221;\/futebol\/times&#8221;},&#8221;_admin&#8221;:{&#8220;alias_ids&#8221;:[&#8220;\/futebol\/times\/botafogo-sp&#8221;]},&#8221;site&#8221;:{&#8220;site_description&#8221;:&#8221;&#8221;,&#8221;site_title&#8221;:&#8221;Botafogo-SP&#8221;},&#8221;inactive&#8221;:false,&#8221;SEO&#8221;:{&#8220;seo_tags&#8221;:[]},&#8221;site_topper&#8221;:{},&#8221;is_grouping&#8221;:&#8221;false&#8221;,&#8221;_website&#8221;:&#8221;esportes&#8221;,&#8221;node_type&#8221;:&#8221;section&#8221;,&#8221;children&#8221;:[]},{&#8220;_id&#8221;:&#8221;\/futebol\/times\/bragantino&#8221;,&#8221;website&#8221;:&#8221;esportes&#8221;,&#8221;name&#8221;:&#8221;Bragantino&#8221;,&#8221;navigation&#8221;:{&#8220;nav_title&#8221;:&#8221;Bragantino&#8221;},&#8221;parent&#8221;:{&#8220;default&#8221;:&#8221;\/futebol\/times&#8221;,&#8221;header&#8221;:&#8221;\/futebol\/times&#8221;},&#8221;_admin&#8221;:{&#8220;alias_ids&#8221;:[&#8220;\/futebol\/times\/bragantino&#8221;]},&#8221;site&#8221;:{&#8220;site_description&#8221;:&#8221;&#8221;,&#8221;site_title&#8221;:&#8221;Bragantino&#8221;},&#8221;inactive&#8221;:false,&#8221;SEO&#8221;:{&#8220;seo_tags&#8221;:[]},&#8221;site_topper&#8221;:{},&#8221;is_grouping&#8221;:&#8221;false&#8221;,&#8221;_website&#8221;:&#8221;esportes&#8221;,&#8221;node_type&#8221;:&#8221;section&#8221;,&#8221;children&#8221;:[]},{&#8220;_id&#8221;:&#8221;\/futebol\/times\/brasil-rs&#8221;,&#8221;website&#8221;:&#8221;esportes&#8221;,&#8221;name&#8221;:&#8221;Brasil-RS&#8221;,&#8221;navigation&#8221;:{&#8220;nav_title&#8221;:&#8221;Brasil-RS&#8221;},&#8221;parent&#8221;:{&#8220;default&#8221;:&#8221;\/futebol\/times&#8221;,&#8221;header&#8221;:&#8221;\/futebol\/times&#8221;},&#8221;_admin&#8221;:{&#8220;alias_ids&#8221;:[&#8220;\/futebol\/times\/brasil-rs&#8221;]},&#8221;site&#8221;:{&#8220;site_description&#8221;:&#8221;&#8221;,&#8221;site_title&#8221;:&#8221;Brasil-RS&#8221;},&#8221;inactive&#8221;:false,&#8221;SEO&#8221;:{&#8220;seo_tags&#8221;:[]},&#8221;site_topper&#8221;:{},&#8221;is_grouping&#8221;:&#8221;false&#8221;,&#8221;_website&#8221;:&#8221;esportes&#8221;,&#8221;node_type&#8221;:&#8221;section&#8221;,&#8221;children&#8221;:[]},{&#8220;_id&#8221;:&#8221;\/futebol\/times\/brusque&#8221;,&#8221;website&#8221;:&#8221;esportes&#8221;,&#8221;name&#8221;:&#8221;Brusque&#8221;,&#8221;navigation&#8221;:{&#8220;nav_title&#8221;:&#8221;Brusque&#8221;},&#8221;parent&#8221;:{&#8220;default&#8221;:&#8221;\/futebol\/times&#8221;,&#8221;header&#8221;:&#8221;\/futebol\/times&#8221;},&#8221;_admin&#8221;:{&#8220;alias_ids&#8221;:[&#8220;\/futebol\/times\/brusque&#8221;]},&#8221;site&#8221;:{&#8220;site_description&#8221;:&#8221;&#8221;,&#8221;site_title&#8221;:&#8221;Brusque&#8221;},&#8221;inactive&#8221;:false,&#8221;SEO&#8221;:{&#8220;seo_tags&#8221;:[]},&#8221;site_topper&#8221;:{},&#8221;is_grouping&#8221;:&#8221;false&#8221;,&#8221;_website&#8221;:&#8221;esportes&#8221;,&#8221;node_type&#8221;:&#8221;section&#8221;,&#8221;children&#8221;:[]},{&#8220;_id&#8221;:&#8221;\/futebol\/times\/ceara&#8221;,&#8221;website&#8221;:&#8221;esportes&#8221;,&#8221;name&#8221;:&#8221;Cear\u00e1&#8221;,&#8221;navigation&#8221;:{&#8220;nav_title&#8221;:&#8221;Cear\u00e1&#8221;},&#8221;parent&#8221;:{&#8220;default&#8221;:&#8221;\/futebol\/times&#8221;,&#8221;header&#8221;:&#8221;\/futebol\/times&#8221;},&#8221;_admin&#8221;:{&#8220;alias_ids&#8221;:[&#8220;\/futebol\/times\/ceara&#8221;]},&#8221;site&#8221;:{&#8220;site_description&#8221;:&#8221;&#8221;,&#8221;site_title&#8221;:&#8221;Cear\u00e1&#8221;},&#8221;inactive&#8221;:false,&#8221;SEO&#8221;:{&#8220;seo_tags&#8221;:[]},&#8221;site_topper&#8221;:{},&#8221;is_grouping&#8221;:&#8221;false&#8221;,&#8221;_website&#8221;:&#8221;esportes&#8221;,&#8221;node_type&#8221;:&#8221;section&#8221;,&#8221;children&#8221;:[]},{&#8220;_id&#8221;:&#8221;\/futebol\/times\/chapecoense&#8221;,&#8221;website&#8221;:&#8221;esportes&#8221;,&#8221;name&#8221;:&#8221;Chapecoense&#8221;,&#8221;navigation&#8221;:{&#8220;nav_title&#8221;:&#8221;Chapecoense&#8221;},&#8221;parent&#8221;:{&#8220;default&#8221;:&#8221;\/futebol\/times&#8221;,&#8221;header&#8221;:&#8221;\/futebol\/times&#8221;},&#8221;_admin&#8221;:{&#8220;alias_ids&#8221;:[&#8220;\/futebol\/times\/chapecoense&#8221;]},&#8221;site&#8221;:{&#8220;site_description&#8221;:&#8221;&#8221;,&#8221;site_title&#8221;:&#8221;Chapecoense&#8221;},&#8221;inactive&#8221;:false,&#8221;SEO&#8221;:{&#8220;seo_tags&#8221;:[]},&#8221;site_topper&#8221;:{},&#8221;is_grouping&#8221;:&#8221;false&#8221;,&#8221;_website&#8221;:&#8221;esportes&#8221;,&#8221;node_type&#8221;:&#8221;section&#8221;,&#8221;children&#8221;:[]},{&#8220;_id&#8221;:&#8221;\/futebol\/times\/corinthians&#8221;,&#8221;_website&#8221;:&#8221;esportes&#8221;,&#8221;name&#8221;:&#8221;Corinthians&#8221;,&#8221;inactive&#8221;:false,&#8221;parent&#8221;:{&#8220;default&#8221;:&#8221;\/futebol\/times&#8221;,&#8221;header&#8221;:&#8221;\/futebol\/times&#8221;},&#8221;SEO&#8221;:{&#8220;seo_tags&#8221;:[]},&#8221;_admin&#8221;:{&#8220;alias_ids&#8221;:[&#8220;\/futebol\/times\/corinthians&#8221;]},&#8221;navigation&#8221;:{&#8220;nav_title&#8221;:&#8221;Corinthians&#8221;},&#8221;newsletter&#8221;:{&#8220;id&#8221;:&#8221;68484031b8b9d10001c4f8ba&#8221;},&#8221;site&#8221;:{&#8220;site_description&#8221;:null,&#8221;site_title&#8221;:&#8221;Corinthians&#8221;},&#8221;is_grouping&#8221;:&#8221;false&#8221;,&#8221;node_type&#8221;:&#8221;section&#8221;,&#8221;children&#8221;:[]},{&#8220;_id&#8221;:&#8221;\/futebol\/times\/coritiba&#8221;,&#8221;website&#8221;:&#8221;esportes&#8221;,&#8221;name&#8221;:&#8221;Coritiba&#8221;,&#8221;navigation&#8221;:{&#8220;nav_title&#8221;:&#8221;Coritiba&#8221;},&#8221;parent&#8221;:{&#8220;default&#8221;:&#8221;\/futebol\/times&#8221;,&#8221;header&#8221;:&#8221;\/futebol\/times&#8221;},&#8221;_admin&#8221;:{&#8220;alias_ids&#8221;:[&#8220;\/futebol\/times\/coritiba&#8221;]},&#8221;site&#8221;:{&#8220;site_description&#8221;:&#8221;&#8221;,&#8221;site_title&#8221;:&#8221;Coritiba&#8221;},&#8221;inactive&#8221;:false,&#8221;SEO&#8221;:{&#8220;seo_tags&#8221;:[]},&#8221;site_topper&#8221;:{},&#8221;is_grouping&#8221;:&#8221;false&#8221;,&#8221;_website&#8221;:&#8221;esportes&#8221;,&#8221;node_type&#8221;:&#8221;section&#8221;,&#8221;children&#8221;:[]},{&#8220;_id&#8221;:&#8221;\/futebol\/times\/crb&#8221;,&#8221;website&#8221;:&#8221;esportes&#8221;,&#8221;name&#8221;:&#8221;CRB&#8221;,&#8221;navigation&#8221;:{&#8220;nav_title&#8221;:&#8221;CRB&#8221;},&#8221;parent&#8221;:{&#8220;default&#8221;:&#8221;\/futebol\/times&#8221;,&#8221;header&#8221;:&#8221;\/futebol\/times&#8221;},&#8221;_admin&#8221;:{&#8220;alias_ids&#8221;:[&#8220;\/futebol\/times\/crb&#8221;]},&#8221;site&#8221;:{&#8220;site_description&#8221;:&#8221;&#8221;,&#8221;site_title&#8221;:&#8221;CRB&#8221;},&#8221;inactive&#8221;:false,&#8221;SEO&#8221;:{&#8220;seo_tags&#8221;:[]},&#8221;site_topper&#8221;:{},&#8221;is_grouping&#8221;:&#8221;false&#8221;,&#8221;_website&#8221;:&#8221;esportes&#8221;,&#8221;node_type&#8221;:&#8221;section&#8221;,&#8221;children&#8221;:[]},{&#8220;_id&#8221;:&#8221;\/futebol\/times\/criciuma&#8221;,&#8221;website&#8221;:&#8221;esportes&#8221;,&#8221;name&#8221;:&#8221;Crici\u00fama&#8221;,&#8221;navigation&#8221;:{&#8220;nav_title&#8221;:&#8221;Crici\u00fama&#8221;},&#8221;parent&#8221;:{&#8220;default&#8221;:&#8221;\/futebol\/times&#8221;,&#8221;header&#8221;:&#8221;\/futebol\/times&#8221;},&#8221;_admin&#8221;:{&#8220;alias_ids&#8221;:[&#8220;\/futebol\/times\/criciuma&#8221;]},&#8221;site&#8221;:{&#8220;site_description&#8221;:&#8221;&#8221;,&#8221;site_title&#8221;:&#8221;Crici\u00fama&#8221;},&#8221;inactive&#8221;:false,&#8221;SEO&#8221;:{&#8220;seo_tags&#8221;:[]},&#8221;site_topper&#8221;:{},&#8221;is_grouping&#8221;:&#8221;false&#8221;,&#8221;_website&#8221;:&#8221;esportes&#8221;,&#8221;node_type&#8221;:&#8221;section&#8221;,&#8221;children&#8221;:[]},{&#8220;_id&#8221;:&#8221;\/futebol\/times\/cruzeiro&#8221;,&#8221;_website&#8221;:&#8221;esportes&#8221;,&#8221;name&#8221;:&#8221;Cruzeiro&#8221;,&#8221;inactive&#8221;:false,&#8221;parent&#8221;:{&#8220;default&#8221;:&#8221;\/futebol\/times&#8221;,&#8221;header&#8221;:&#8221;\/futebol\/times&#8221;},&#8221;SEO&#8221;:{&#8220;seo_tags&#8221;:[]},&#8221;_admin&#8221;:{&#8220;alias_ids&#8221;:[&#8220;\/futebol\/times\/cruzeiro&#8221;]},&#8221;navigation&#8221;:{&#8220;nav_title&#8221;:&#8221;Cruzeiro&#8221;},&#8221;newsletter&#8221;:{&#8220;id&#8221;:&#8221;68484031b8b9d10001c4f8ba&#8221;},&#8221;site&#8221;:{&#8220;site_description&#8221;:null,&#8221;site_title&#8221;:&#8221;Cruzeiro&#8221;},&#8221;is_grouping&#8221;:&#8221;false&#8221;,&#8221;node_type&#8221;:&#8221;section&#8221;,&#8221;children&#8221;:[]},{&#8220;_id&#8221;:&#8221;\/futebol\/times\/csa&#8221;,&#8221;website&#8221;:&#8221;esportes&#8221;,&#8221;name&#8221;:&#8221;CSA&#8221;,&#8221;navigation&#8221;:{&#8220;nav_title&#8221;:&#8221;CSA&#8221;},&#8221;parent&#8221;:{&#8220;default&#8221;:&#8221;\/futebol\/times&#8221;,&#8221;header&#8221;:&#8221;\/futebol\/times&#8221;},&#8221;_admin&#8221;:{&#8220;alias_ids&#8221;:[&#8220;\/futebol\/times\/csa&#8221;]},&#8221;site&#8221;:{&#8220;site_description&#8221;:&#8221;&#8221;,&#8221;site_title&#8221;:&#8221;CSA&#8221;},&#8221;inactive&#8221;:false,&#8221;SEO&#8221;:{&#8220;seo_tags&#8221;:[]},&#8221;site_topper&#8221;:{},&#8221;is_grouping&#8221;:&#8221;false&#8221;,&#8221;_website&#8221;:&#8221;esportes&#8221;,&#8221;node_type&#8221;:&#8221;section&#8221;,&#8221;children&#8221;:[]},{&#8220;_id&#8221;:&#8221;\/futebol\/times\/cuiaba&#8221;,&#8221;website&#8221;:&#8221;esportes&#8221;,&#8221;name&#8221;:&#8221;Cuiab\u00e1&#8221;,&#8221;navigation&#8221;:{&#8220;nav_title&#8221;:&#8221;Cuiab\u00e1&#8221;},&#8221;parent&#8221;:{&#8220;default&#8221;:&#8221;\/futebol\/times&#8221;,&#8221;header&#8221;:&#8221;\/futebol\/times&#8221;},&#8221;_admin&#8221;:{&#8220;alias_ids&#8221;:[&#8220;\/futebol\/times\/cuiaba&#8221;]},&#8221;site&#8221;:{&#8220;site_description&#8221;:&#8221;&#8221;,&#8221;site_title&#8221;:&#8221;Cuiab\u00e1&#8221;},&#8221;inactive&#8221;:false,&#8221;SEO&#8221;:{&#8220;seo_tags&#8221;:[]},&#8221;site_topper&#8221;:{},&#8221;is_grouping&#8221;:&#8221;false&#8221;,&#8221;_website&#8221;:&#8221;esportes&#8221;,&#8221;node_type&#8221;:&#8221;section&#8221;,&#8221;children&#8221;:[]},{&#8220;_id&#8221;:&#8221;\/futebol\/times\/ferroviaria&#8221;,&#8221;website&#8221;:&#8221;esportes&#8221;,&#8221;name&#8221;:&#8221;Ferrovi\u00e1ria&#8221;,&#8221;navigation&#8221;:{&#8220;nav_title&#8221;:&#8221;Ferrovi\u00e1ria&#8221;},&#8221;parent&#8221;:{&#8220;default&#8221;:&#8221;\/futebol\/times&#8221;,&#8221;header&#8221;:&#8221;\/futebol\/times&#8221;},&#8221;_admin&#8221;:{&#8220;alias_ids&#8221;:[&#8220;\/futebol\/times\/ferroviaria&#8221;]},&#8221;site&#8221;:{&#8220;site_description&#8221;:&#8221;&#8221;,&#8221;site_title&#8221;:&#8221;Ferrovi\u00e1ria&#8221;},&#8221;inactive&#8221;:false,&#8221;SEO&#8221;:{&#8220;seo_tags&#8221;:[]},&#8221;site_topper&#8221;:{},&#8221;is_grouping&#8221;:&#8221;false&#8221;,&#8221;_website&#8221;:&#8221;esportes&#8221;,&#8221;node_type&#8221;:&#8221;section&#8221;,&#8221;children&#8221;:[]},{&#8220;_id&#8221;:&#8221;\/futebol\/times\/figueirense&#8221;,&#8221;website&#8221;:&#8221;esportes&#8221;,&#8221;name&#8221;:&#8221;Figueirense&#8221;,&#8221;navigation&#8221;:{&#8220;nav_title&#8221;:&#8221;Figueirense&#8221;},&#8221;parent&#8221;:{&#8220;default&#8221;:&#8221;\/futebol\/times&#8221;,&#8221;header&#8221;:&#8221;\/futebol\/times&#8221;},&#8221;_admin&#8221;:{&#8220;alias_ids&#8221;:[&#8220;\/futebol\/times\/figueirense&#8221;]},&#8221;site&#8221;:{&#8220;site_description&#8221;:&#8221;&#8221;,&#8221;site_title&#8221;:&#8221;Figueirense&#8221;},&#8221;inactive&#8221;:false,&#8221;SEO&#8221;:{&#8220;seo_tags&#8221;:[]},&#8221;site_topper&#8221;:{},&#8221;is_grouping&#8221;:&#8221;false&#8221;,&#8221;_website&#8221;:&#8221;esportes&#8221;,&#8221;node_type&#8221;:&#8221;section&#8221;,&#8221;children&#8221;:[]},{&#8220;_id&#8221;:&#8221;\/futebol\/times\/flamengo&#8221;,&#8221;_website&#8221;:&#8221;esportes&#8221;,&#8221;name&#8221;:&#8221;Flamengo&#8221;,&#8221;inactive&#8221;:false,&#8221;parent&#8221;:{&#8220;default&#8221;:&#8221;\/futebol\/times&#8221;,&#8221;header&#8221;:&#8221;\/futebol\/times&#8221;},&#8221;SEO&#8221;:{&#8220;seo_tags&#8221;:[]},&#8221;_admin&#8221;:{&#8220;alias_ids&#8221;:[&#8220;\/futebol\/times\/flamengo&#8221;]},&#8221;navigation&#8221;:{&#8220;nav_title&#8221;:&#8221;Flamengo&#8221;},&#8221;newsletter&#8221;:{&#8220;id&#8221;:&#8221;68484031b8b9d10001c4f8ba&#8221;},&#8221;site&#8221;:{&#8220;site_description&#8221;:null,&#8221;site_title&#8221;:&#8221;Flamengo&#8221;},&#8221;is_grouping&#8221;:&#8221;false&#8221;,&#8221;node_type&#8221;:&#8221;section&#8221;,&#8221;children&#8221;:[]},{&#8220;_id&#8221;:&#8221;\/futebol\/times\/fluminense&#8221;,&#8221;_website&#8221;:&#8221;esportes&#8221;,&#8221;name&#8221;:&#8221;Fluminense&#8221;,&#8221;inactive&#8221;:false,&#8221;parent&#8221;:{&#8220;default&#8221;:&#8221;\/futebol\/times&#8221;,&#8221;header&#8221;:&#8221;\/futebol\/times&#8221;},&#8221;SEO&#8221;:{&#8220;seo_tags&#8221;:[]},&#8221;_admin&#8221;:{&#8220;alias_ids&#8221;:[&#8220;\/futebol\/times\/fluminense&#8221;]},&#8221;navigation&#8221;:{&#8220;nav_title&#8221;:&#8221;Fluminense&#8221;},&#8221;newsletter&#8221;:{&#8220;id&#8221;:&#8221;68484031b8b9d10001c4f8ba&#8221;},&#8221;site&#8221;:{&#8220;site_description&#8221;:null,&#8221;site_title&#8221;:&#8221;Fluminense&#8221;},&#8221;is_grouping&#8221;:&#8221;false&#8221;,&#8221;node_type&#8221;:&#8221;section&#8221;,&#8221;children&#8221;:[]},{&#8220;_id&#8221;:&#8221;\/futebol\/times\/fortaleza&#8221;,&#8221;website&#8221;:&#8221;esportes&#8221;,&#8221;name&#8221;:&#8221;Fortaleza&#8221;,&#8221;navigation&#8221;:{&#8220;nav_title&#8221;:&#8221;Fortaleza&#8221;},&#8221;parent&#8221;:{&#8220;default&#8221;:&#8221;\/futebol\/times&#8221;,&#8221;header&#8221;:&#8221;\/futebol\/times&#8221;},&#8221;_admin&#8221;:{&#8220;alias_ids&#8221;:[&#8220;\/futebol\/times\/fortaleza&#8221;]},&#8221;site&#8221;:{&#8220;site_description&#8221;:&#8221;&#8221;,&#8221;site_title&#8221;:&#8221;Fortaleza&#8221;},&#8221;inactive&#8221;:false,&#8221;SEO&#8221;:{&#8220;seo_tags&#8221;:[]},&#8221;site_topper&#8221;:{},&#8221;is_grouping&#8221;:&#8221;false&#8221;,&#8221;_website&#8221;:&#8221;esportes&#8221;,&#8221;node_type&#8221;:&#8221;section&#8221;,&#8221;children&#8221;:[]},{&#8220;_id&#8221;:&#8221;\/futebol\/times\/goias&#8221;,&#8221;website&#8221;:&#8221;esportes&#8221;,&#8221;name&#8221;:&#8221;Goi\u00e1s&#8221;,&#8221;navigation&#8221;:{&#8220;nav_title&#8221;:&#8221;Goi\u00e1s&#8221;},&#8221;parent&#8221;:{&#8220;default&#8221;:&#8221;\/futebol\/times&#8221;,&#8221;header&#8221;:&#8221;\/futebol\/times&#8221;},&#8221;_admin&#8221;:{&#8220;alias_ids&#8221;:[&#8220;\/futebol\/times\/goias&#8221;]},&#8221;site&#8221;:{&#8220;site_description&#8221;:&#8221;&#8221;,&#8221;site_title&#8221;:&#8221;Goi\u00e1s&#8221;},&#8221;inactive&#8221;:false,&#8221;SEO&#8221;:{&#8220;seo_tags&#8221;:[]},&#8221;site_topper&#8221;:{},&#8221;is_grouping&#8221;:&#8221;false&#8221;,&#8221;_website&#8221;:&#8221;esportes&#8221;,&#8221;node_type&#8221;:&#8221;section&#8221;,&#8221;children&#8221;:[]},{&#8220;_id&#8221;:&#8221;\/futebol\/times\/gremio&#8221;,&#8221;_website&#8221;:&#8221;esportes&#8221;,&#8221;name&#8221;:&#8221;Gr\u00eamio&#8221;,&#8221;inactive&#8221;:false,&#8221;parent&#8221;:{&#8220;default&#8221;:&#8221;\/futebol\/times&#8221;,&#8221;header&#8221;:&#8221;\/futebol\/times&#8221;},&#8221;SEO&#8221;:{&#8220;seo_tags&#8221;:[]},&#8221;_admin&#8221;:{&#8220;alias_ids&#8221;:[&#8220;\/futebol\/times\/gremio&#8221;]},&#8221;navigation&#8221;:{&#8220;nav_title&#8221;:&#8221;Gr\u00eamio&#8221;},&#8221;newsletter&#8221;:{&#8220;id&#8221;:&#8221;68484031b8b9d10001c4f8ba&#8221;},&#8221;site&#8221;:{&#8220;site_description&#8221;:null,&#8221;site_title&#8221;:&#8221;Gr\u00eamio&#8221;},&#8221;is_grouping&#8221;:&#8221;false&#8221;,&#8221;node_type&#8221;:&#8221;section&#8221;,&#8221;children&#8221;:[]},{&#8220;_id&#8221;:&#8221;\/futebol\/times\/gremio-novorizontino&#8221;,&#8221;website&#8221;:&#8221;esportes&#8221;,&#8221;name&#8221;:&#8221;Gr\u00eamio Novorizontino&#8221;,&#8221;navigation&#8221;:{&#8220;nav_title&#8221;:&#8221;Gr\u00eamio Novorizontino&#8221;},&#8221;parent&#8221;:{&#8220;default&#8221;:&#8221;\/futebol\/times&#8221;,&#8221;header&#8221;:&#8221;\/futebol\/times&#8221;},&#8221;_admin&#8221;:{&#8220;alias_ids&#8221;:[&#8220;\/futebol\/times\/gremio-novorizontino&#8221;]},&#8221;site&#8221;:{&#8220;site_description&#8221;:&#8221;&#8221;,&#8221;site_title&#8221;:&#8221;Gr\u00eamio Novorizontino&#8221;},&#8221;inactive&#8221;:false,&#8221;SEO&#8221;:{&#8220;seo_tags&#8221;:[]},&#8221;site_topper&#8221;:{},&#8221;is_grouping&#8221;:&#8221;false&#8221;,&#8221;_website&#8221;:&#8221;esportes&#8221;,&#8221;node_type&#8221;:&#8221;section&#8221;,&#8221;children&#8221;:[]},{&#8220;_id&#8221;:&#8221;\/futebol\/times\/guarani&#8221;,&#8221;website&#8221;:&#8221;esportes&#8221;,&#8221;name&#8221;:&#8221;Guarani&#8221;,&#8221;navigation&#8221;:{&#8220;nav_title&#8221;:&#8221;Guarani&#8221;},&#8221;parent&#8221;:{&#8220;default&#8221;:&#8221;\/futebol\/times&#8221;,&#8221;header&#8221;:&#8221;\/futebol\/times&#8221;},&#8221;_admin&#8221;:{&#8220;alias_ids&#8221;:[&#8220;\/futebol\/times\/guarani&#8221;]},&#8221;site&#8221;:{&#8220;site_description&#8221;:&#8221;&#8221;,&#8221;site_title&#8221;:&#8221;Guarani&#8221;},&#8221;inactive&#8221;:false,&#8221;SEO&#8221;:{&#8220;seo_tags&#8221;:[]},&#8221;site_topper&#8221;:{},&#8221;is_grouping&#8221;:&#8221;false&#8221;,&#8221;_website&#8221;:&#8221;esportes&#8221;,&#8221;node_type&#8221;:&#8221;section&#8221;,&#8221;children&#8221;:[]},{&#8220;_id&#8221;:&#8221;\/futebol\/times\/icasa&#8221;,&#8221;website&#8221;:&#8221;esportes&#8221;,&#8221;name&#8221;:&#8221;Icasa&#8221;,&#8221;navigation&#8221;:{&#8220;nav_title&#8221;:&#8221;Icasa&#8221;},&#8221;parent&#8221;:{&#8220;default&#8221;:&#8221;\/futebol\/times&#8221;,&#8221;header&#8221;:&#8221;\/futebol\/times&#8221;},&#8221;_admin&#8221;:{&#8220;alias_ids&#8221;:[&#8220;\/futebol\/times\/icasa&#8221;]},&#8221;site&#8221;:{&#8220;site_description&#8221;:&#8221;&#8221;,&#8221;site_title&#8221;:&#8221;Icasa&#8221;},&#8221;inactive&#8221;:false,&#8221;SEO&#8221;:{&#8220;seo_tags&#8221;:[]},&#8221;site_topper&#8221;:{},&#8221;is_grouping&#8221;:&#8221;false&#8221;,&#8221;_website&#8221;:&#8221;esportes&#8221;,&#8221;node_type&#8221;:&#8221;section&#8221;,&#8221;children&#8221;:[]},{&#8220;_id&#8221;:&#8221;\/futebol\/times\/inter-de-limeira&#8221;,&#8221;website&#8221;:&#8221;esportes&#8221;,&#8221;name&#8221;:&#8221;Inter de Limeira&#8221;,&#8221;navigation&#8221;:{&#8220;nav_title&#8221;:&#8221;Inter de Limeira&#8221;},&#8221;parent&#8221;:{&#8220;default&#8221;:&#8221;\/futebol\/times&#8221;,&#8221;header&#8221;:&#8221;\/futebol\/times&#8221;},&#8221;_admin&#8221;:{&#8220;alias_ids&#8221;:[&#8220;\/futebol\/times\/inter-de-limeira&#8221;]},&#8221;site&#8221;:{&#8220;site_description&#8221;:&#8221;&#8221;,&#8221;site_title&#8221;:&#8221;Inter de Limeira&#8221;},&#8221;inactive&#8221;:false,&#8221;SEO&#8221;:{&#8220;seo_tags&#8221;:[]},&#8221;site_topper&#8221;:{},&#8221;is_grouping&#8221;:&#8221;false&#8221;,&#8221;_website&#8221;:&#8221;esportes&#8221;,&#8221;node_type&#8221;:&#8221;section&#8221;,&#8221;children&#8221;:[]},{&#8220;_id&#8221;:&#8221;\/futebol\/times\/internacional&#8221;,&#8221;_website&#8221;:&#8221;esportes&#8221;,&#8221;name&#8221;:&#8221;Internacional&#8221;,&#8221;inactive&#8221;:false,&#8221;parent&#8221;:{&#8220;default&#8221;:&#8221;\/futebol\/times&#8221;,&#8221;header&#8221;:&#8221;\/futebol\/times&#8221;},&#8221;SEO&#8221;:{&#8220;seo_tags&#8221;:[]},&#8221;_admin&#8221;:{&#8220;alias_ids&#8221;:[&#8220;\/futebol\/times\/internacional&#8221;]},&#8221;navigation&#8221;:{&#8220;nav_title&#8221;:&#8221;Internacional&#8221;},&#8221;newsletter&#8221;:{&#8220;id&#8221;:&#8221;68484031b8b9d10001c4f8ba&#8221;},&#8221;site&#8221;:{&#8220;site_description&#8221;:null,&#8221;site_title&#8221;:&#8221;Internacional&#8221;},&#8221;is_grouping&#8221;:&#8221;false&#8221;,&#8221;node_type&#8221;:&#8221;section&#8221;,&#8221;children&#8221;:[]},{&#8220;_id&#8221;:&#8221;\/futebol\/times\/ituano&#8221;,&#8221;website&#8221;:&#8221;esportes&#8221;,&#8221;name&#8221;:&#8221;Ituano&#8221;,&#8221;navigation&#8221;:{&#8220;nav_title&#8221;:&#8221;Ituano&#8221;},&#8221;parent&#8221;:{&#8220;default&#8221;:&#8221;\/futebol\/times&#8221;,&#8221;header&#8221;:&#8221;\/futebol\/times&#8221;},&#8221;_admin&#8221;:{&#8220;alias_ids&#8221;:[&#8220;\/futebol\/times\/ituano&#8221;]},&#8221;site&#8221;:{&#8220;site_description&#8221;:&#8221;&#8221;,&#8221;site_title&#8221;:&#8221;Ituano&#8221;},&#8221;inactive&#8221;:false,&#8221;SEO&#8221;:{&#8220;seo_tags&#8221;:[]},&#8221;site_topper&#8221;:{},&#8221;is_grouping&#8221;:&#8221;false&#8221;,&#8221;_website&#8221;:&#8221;esportes&#8221;,&#8221;node_type&#8221;:&#8221;section&#8221;,&#8221;children&#8221;:[]},{&#8220;_id&#8221;:&#8221;\/futebol\/times\/joinville&#8221;,&#8221;website&#8221;:&#8221;esportes&#8221;,&#8221;name&#8221;:&#8221;Joinville&#8221;,&#8221;navigation&#8221;:{&#8220;nav_title&#8221;:&#8221;Joinville&#8221;},&#8221;parent&#8221;:{&#8220;default&#8221;:&#8221;\/futebol\/times&#8221;,&#8221;header&#8221;:&#8221;\/futebol\/times&#8221;},&#8221;_admin&#8221;:{&#8220;alias_ids&#8221;:[&#8220;\/futebol\/times\/joinville&#8221;]},&#8221;site&#8221;:{&#8220;site_description&#8221;:&#8221;&#8221;,&#8221;site_title&#8221;:&#8221;Joinville&#8221;},&#8221;inactive&#8221;:false,&#8221;SEO&#8221;:{&#8220;seo_tags&#8221;:[]},&#8221;site_topper&#8221;:{},&#8221;is_grouping&#8221;:&#8221;false&#8221;,&#8221;_website&#8221;:&#8221;esportes&#8221;,&#8221;node_type&#8221;:&#8221;section&#8221;,&#8221;children&#8221;:[]},{&#8220;_id&#8221;:&#8221;\/futebol\/times\/juventude&#8221;,&#8221;website&#8221;:&#8221;esportes&#8221;,&#8221;name&#8221;:&#8221;Juventude&#8221;,&#8221;navigation&#8221;:{&#8220;nav_title&#8221;:&#8221;Juventude&#8221;},&#8221;parent&#8221;:{&#8220;default&#8221;:&#8221;\/futebol\/times&#8221;,&#8221;header&#8221;:&#8221;\/futebol\/times&#8221;},&#8221;_admin&#8221;:{&#8220;alias_ids&#8221;:[&#8220;\/futebol\/times\/juventude&#8221;]},&#8221;site&#8221;:{&#8220;site_description&#8221;:&#8221;&#8221;,&#8221;site_title&#8221;:&#8221;Juventude&#8221;},&#8221;inactive&#8221;:false,&#8221;SEO&#8221;:{&#8220;seo_tags&#8221;:[]},&#8221;site_topper&#8221;:{},&#8221;is_grouping&#8221;:&#8221;false&#8221;,&#8221;_website&#8221;:&#8221;esportes&#8221;,&#8221;node_type&#8221;:&#8221;section&#8221;,&#8221;children&#8221;:[]},{&#8220;_id&#8221;:&#8221;\/futebol\/times\/londrina-pr&#8221;,&#8221;website&#8221;:&#8221;esportes&#8221;,&#8221;name&#8221;:&#8221;Londrina-PR&#8221;,&#8221;navigation&#8221;:{&#8220;nav_title&#8221;:&#8221;Londrina-PR&#8221;},&#8221;parent&#8221;:{&#8220;default&#8221;:&#8221;\/futebol\/times&#8221;,&#8221;header&#8221;:&#8221;\/futebol\/times&#8221;},&#8221;_admin&#8221;:{&#8220;alias_ids&#8221;:[&#8220;\/futebol\/times\/londrina-pr&#8221;]},&#8221;site&#8221;:{&#8220;site_description&#8221;:&#8221;&#8221;,&#8221;site_title&#8221;:&#8221;Londrina-PR&#8221;},&#8221;inactive&#8221;:false,&#8221;SEO&#8221;:{&#8220;seo_tags&#8221;:[]},&#8221;site_topper&#8221;:{},&#8221;is_grouping&#8221;:&#8221;false&#8221;,&#8221;_website&#8221;:&#8221;esportes&#8221;,&#8221;node_type&#8221;:&#8221;section&#8221;,&#8221;children&#8221;:[]},{&#8220;_id&#8221;:&#8221;\/futebol\/times\/luverdense&#8221;,&#8221;website&#8221;:&#8221;esportes&#8221;,&#8221;name&#8221;:&#8221;Luverdense&#8221;,&#8221;navigation&#8221;:{&#8220;nav_title&#8221;:&#8221;Luverdense&#8221;},&#8221;parent&#8221;:{&#8220;default&#8221;:&#8221;\/futebol\/times&#8221;,&#8221;header&#8221;:&#8221;\/futebol\/times&#8221;},&#8221;_admin&#8221;:{&#8220;alias_ids&#8221;:[&#8220;\/futebol\/times\/luverdense&#8221;]},&#8221;site&#8221;:{&#8220;site_description&#8221;:&#8221;&#8221;,&#8221;site_title&#8221;:&#8221;Luverdense&#8221;},&#8221;inactive&#8221;:false,&#8221;SEO&#8221;:{&#8220;seo_tags&#8221;:[]},&#8221;site_topper&#8221;:{},&#8221;is_grouping&#8221;:&#8221;false&#8221;,&#8221;_website&#8221;:&#8221;esportes&#8221;,&#8221;node_type&#8221;:&#8221;section&#8221;,&#8221;children&#8221;:[]},{&#8220;_id&#8221;:&#8221;\/futebol\/times\/macae&#8221;,&#8221;website&#8221;:&#8221;esportes&#8221;,&#8221;name&#8221;:&#8221;Maca\u00e9&#8221;,&#8221;navigation&#8221;:{&#8220;nav_title&#8221;:&#8221;Maca\u00e9&#8221;},&#8221;parent&#8221;:{&#8220;default&#8221;:&#8221;\/futebol\/times&#8221;,&#8221;header&#8221;:&#8221;\/futebol\/times&#8221;},&#8221;_admin&#8221;:{&#8220;alias_ids&#8221;:[&#8220;\/futebol\/times\/macae&#8221;]},&#8221;site&#8221;:{&#8220;site_description&#8221;:&#8221;&#8221;,&#8221;site_title&#8221;:&#8221;Maca\u00e9&#8221;},&#8221;inactive&#8221;:false,&#8221;SEO&#8221;:{&#8220;seo_tags&#8221;:[]},&#8221;site_topper&#8221;:{},&#8221;is_grouping&#8221;:&#8221;false&#8221;,&#8221;_website&#8221;:&#8221;esportes&#8221;,&#8221;node_type&#8221;:&#8221;section&#8221;,&#8221;children&#8221;:[]},{&#8220;_id&#8221;:&#8221;\/futebol\/times\/madureira&#8221;,&#8221;website&#8221;:&#8221;esportes&#8221;,&#8221;name&#8221;:&#8221;Madureira&#8221;,&#8221;navigation&#8221;:{&#8220;nav_title&#8221;:&#8221;Madureira&#8221;},&#8221;parent&#8221;:{&#8220;default&#8221;:&#8221;\/futebol\/times&#8221;,&#8221;header&#8221;:&#8221;\/futebol\/times&#8221;},&#8221;_admin&#8221;:{&#8220;alias_ids&#8221;:[&#8220;\/futebol\/times\/madureira&#8221;]},&#8221;site&#8221;:{&#8220;site_description&#8221;:&#8221;&#8221;,&#8221;site_title&#8221;:&#8221;Madureira&#8221;},&#8221;inactive&#8221;:false,&#8221;SEO&#8221;:{&#8220;seo_tags&#8221;:[]},&#8221;site_topper&#8221;:{},&#8221;is_grouping&#8221;:&#8221;false&#8221;,&#8221;_website&#8221;:&#8221;esportes&#8221;,&#8221;node_type&#8221;:&#8221;section&#8221;,&#8221;children&#8221;:[]},{&#8220;_id&#8221;:&#8221;\/futebol\/times\/mirassol&#8221;,&#8221;website&#8221;:&#8221;esportes&#8221;,&#8221;name&#8221;:&#8221;Mirassol&#8221;,&#8221;navigation&#8221;:{&#8220;nav_title&#8221;:&#8221;Mirassol&#8221;},&#8221;parent&#8221;:{&#8220;default&#8221;:&#8221;\/futebol\/times&#8221;,&#8221;header&#8221;:&#8221;\/futebol\/times&#8221;},&#8221;_admin&#8221;:{&#8220;alias_ids&#8221;:[&#8220;\/futebol\/times\/mirassol&#8221;]},&#8221;site&#8221;:{&#8220;site_description&#8221;:&#8221;&#8221;,&#8221;site_title&#8221;:&#8221;Mirassol&#8221;},&#8221;inactive&#8221;:false,&#8221;SEO&#8221;:{&#8220;seo_tags&#8221;:[]},&#8221;site_topper&#8221;:{},&#8221;is_grouping&#8221;:&#8221;false&#8221;,&#8221;_website&#8221;:&#8221;esportes&#8221;,&#8221;node_type&#8221;:&#8221;section&#8221;,&#8221;children&#8221;:[]},{&#8220;_id&#8221;:&#8221;\/futebol\/times\/nautico&#8221;,&#8221;website&#8221;:&#8221;esportes&#8221;,&#8221;name&#8221;:&#8221;N\u00e1utico&#8221;,&#8221;navigation&#8221;:{&#8220;nav_title&#8221;:&#8221;N\u00e1utico&#8221;},&#8221;parent&#8221;:{&#8220;default&#8221;:&#8221;\/futebol\/times&#8221;,&#8221;header&#8221;:&#8221;\/futebol\/times&#8221;},&#8221;_admin&#8221;:{&#8220;alias_ids&#8221;:[&#8220;\/futebol\/times\/nautico&#8221;]},&#8221;site&#8221;:{&#8220;site_description&#8221;:&#8221;&#8221;,&#8221;site_title&#8221;:&#8221;N\u00e1utico&#8221;},&#8221;inactive&#8221;:false,&#8221;SEO&#8221;:{&#8220;seo_tags&#8221;:[]},&#8221;site_topper&#8221;:{},&#8221;is_grouping&#8221;:&#8221;false&#8221;,&#8221;_website&#8221;:&#8221;esportes&#8221;,&#8221;node_type&#8221;:&#8221;section&#8221;,&#8221;children&#8221;:[]},{&#8220;_id&#8221;:&#8221;\/futebol\/times\/nova-iguacu&#8221;,&#8221;website&#8221;:&#8221;esportes&#8221;,&#8221;name&#8221;:&#8221;Nova Igua\u00e7u&#8221;,&#8221;navigation&#8221;:{&#8220;nav_title&#8221;:&#8221;Nova Igua\u00e7u&#8221;},&#8221;parent&#8221;:{&#8220;default&#8221;:&#8221;\/futebol\/times&#8221;,&#8221;header&#8221;:&#8221;\/futebol\/times&#8221;},&#8221;_admin&#8221;:{&#8220;alias_ids&#8221;:[&#8220;\/futebol\/times\/nova-iguacu&#8221;]},&#8221;site&#8221;:{&#8220;site_description&#8221;:&#8221;&#8221;,&#8221;site_title&#8221;:&#8221;Nova Igua\u00e7u&#8221;},&#8221;inactive&#8221;:false,&#8221;SEO&#8221;:{&#8220;seo_tags&#8221;:[]},&#8221;site_topper&#8221;:{},&#8221;is_grouping&#8221;:&#8221;false&#8221;,&#8221;_website&#8221;:&#8221;esportes&#8221;,&#8221;node_type&#8221;:&#8221;section&#8221;,&#8221;children&#8221;:[]},{&#8220;_id&#8221;:&#8221;\/futebol\/times\/novorizontino&#8221;,&#8221;website&#8221;:&#8221;esportes&#8221;,&#8221;name&#8221;:&#8221;Novorizontino&#8221;,&#8221;navigation&#8221;:{&#8220;nav_title&#8221;:&#8221;Novorizontino&#8221;},&#8221;parent&#8221;:{&#8220;default&#8221;:&#8221;\/futebol\/times&#8221;,&#8221;header&#8221;:&#8221;\/futebol\/times&#8221;},&#8221;_admin&#8221;:{&#8220;alias_ids&#8221;:[&#8220;\/futebol\/times\/novorizontino&#8221;]},&#8221;site&#8221;:{&#8220;site_description&#8221;:&#8221;&#8221;,&#8221;site_title&#8221;:&#8221;Novorizontino&#8221;},&#8221;inactive&#8221;:false,&#8221;SEO&#8221;:{&#8220;seo_tags&#8221;:[]},&#8221;site_topper&#8221;:{},&#8221;is_grouping&#8221;:&#8221;false&#8221;,&#8221;_website&#8221;:&#8221;esportes&#8221;,&#8221;node_type&#8221;:&#8221;section&#8221;,&#8221;children&#8221;:[]},{&#8220;_id&#8221;:&#8221;\/futebol\/times\/oeste&#8221;,&#8221;website&#8221;:&#8221;esportes&#8221;,&#8221;name&#8221;:&#8221;Oeste&#8221;,&#8221;navigation&#8221;:{&#8220;nav_title&#8221;:&#8221;Oeste&#8221;},&#8221;parent&#8221;:{&#8220;default&#8221;:&#8221;\/futebol\/times&#8221;,&#8221;header&#8221;:&#8221;\/futebol\/times&#8221;},&#8221;_admin&#8221;:{&#8220;alias_ids&#8221;:[&#8220;\/futebol\/times\/oeste&#8221;]},&#8221;site&#8221;:{&#8220;site_description&#8221;:&#8221;&#8221;,&#8221;site_title&#8221;:&#8221;Oeste&#8221;},&#8221;inactive&#8221;:false,&#8221;SEO&#8221;:{&#8220;seo_tags&#8221;:[]},&#8221;site_topper&#8221;:{},&#8221;is_grouping&#8221;:&#8221;false&#8221;,&#8221;_website&#8221;:&#8221;esportes&#8221;,&#8221;node_type&#8221;:&#8221;section&#8221;,&#8221;children&#8221;:[]},{&#8220;_id&#8221;:&#8221;\/futebol\/times\/operario-pr&#8221;,&#8221;website&#8221;:&#8221;esportes&#8221;,&#8221;name&#8221;:&#8221;Oper\u00e1rio-PR&#8221;,&#8221;navigation&#8221;:{&#8220;nav_title&#8221;:&#8221;Oper\u00e1rio-PR&#8221;},&#8221;parent&#8221;:{&#8220;default&#8221;:&#8221;\/futebol\/times&#8221;,&#8221;header&#8221;:&#8221;\/futebol\/times&#8221;},&#8221;_admin&#8221;:{&#8220;alias_ids&#8221;:[&#8220;\/futebol\/times\/operario-pr&#8221;]},&#8221;site&#8221;:{&#8220;site_description&#8221;:&#8221;&#8221;,&#8221;site_title&#8221;:&#8221;Oper\u00e1rio-PR&#8221;},&#8221;inactive&#8221;:false,&#8221;SEO&#8221;:{&#8220;seo_tags&#8221;:[]},&#8221;site_topper&#8221;:{},&#8221;is_grouping&#8221;:&#8221;false&#8221;,&#8221;_website&#8221;:&#8221;esportes&#8221;,&#8221;node_type&#8221;:&#8221;section&#8221;,&#8221;children&#8221;:[]},{&#8220;_id&#8221;:&#8221;\/futebol\/times\/palmeiras&#8221;,&#8221;_website&#8221;:&#8221;esportes&#8221;,&#8221;name&#8221;:&#8221;Palmeiras&#8221;,&#8221;inactive&#8221;:false,&#8221;parent&#8221;:{&#8220;default&#8221;:&#8221;\/futebol\/times&#8221;,&#8221;header&#8221;:&#8221;\/futebol\/times&#8221;},&#8221;SEO&#8221;:{&#8220;seo_tags&#8221;:[]},&#8221;_admin&#8221;:{&#8220;alias_ids&#8221;:[&#8220;\/futebol\/times\/palmeiras&#8221;]},&#8221;navigation&#8221;:{&#8220;nav_title&#8221;:&#8221;Palmeiras&#8221;},&#8221;newsletter&#8221;:{&#8220;id&#8221;:&#8221;68484031b8b9d10001c4f8ba&#8221;},&#8221;site&#8221;:{&#8220;site_description&#8221;:null,&#8221;site_title&#8221;:&#8221;Palmeiras&#8221;},&#8221;is_grouping&#8221;:&#8221;false&#8221;,&#8221;node_type&#8221;:&#8221;section&#8221;,&#8221;children&#8221;:[{&#8220;_id&#8221;:&#8221;\/futebol\/times\/palmeiras\/palmeiras-online&#8221;,&#8221;website&#8221;:&#8221;esportes&#8221;,&#8221;name&#8221;:&#8221;Palmeiras Online&#8221;,&#8221;navigation&#8221;:{&#8220;nav_title&#8221;:&#8221;Palmeiras Online&#8221;},&#8221;parent&#8221;:{&#8220;default&#8221;:&#8221;\/futebol\/times\/palmeiras&#8221;,&#8221;header&#8221;:&#8221;\/futebol\/times\/palmeiras&#8221;},&#8221;_admin&#8221;:{&#8220;alias_ids&#8221;:[&#8220;\/futebol\/times\/palmeiras\/palmeiras-online&#8221;]},&#8221;site&#8221;:{&#8220;site_description&#8221;:&#8221;&#8221;,&#8221;site_title&#8221;:&#8221;Palmeiras Online&#8221;},&#8221;inactive&#8221;:false,&#8221;SEO&#8221;:{&#8220;seo_tags&#8221;:[]},&#8221;site_topper&#8221;:{},&#8221;is_grouping&#8221;:&#8221;false&#8221;,&#8221;_website&#8221;:&#8221;esportes&#8221;,&#8221;node_type&#8221;:&#8221;section&#8221;,&#8221;children&#8221;:[]}]},{&#8220;_id&#8221;:&#8221;\/futebol\/times\/parana&#8221;,&#8221;website&#8221;:&#8221;esportes&#8221;,&#8221;name&#8221;:&#8221;Paran\u00e1&#8221;,&#8221;navigation&#8221;:{&#8220;nav_title&#8221;:&#8221;Paran\u00e1&#8221;},&#8221;parent&#8221;:{&#8220;default&#8221;:&#8221;\/futebol\/times&#8221;,&#8221;header&#8221;:&#8221;\/futebol\/times&#8221;},&#8221;_admin&#8221;:{&#8220;alias_ids&#8221;:[&#8220;\/futebol\/times\/parana&#8221;]},&#8221;site&#8221;:{&#8220;site_description&#8221;:&#8221;&#8221;,&#8221;site_title&#8221;:&#8221;Paran\u00e1&#8221;},&#8221;inactive&#8221;:false,&#8221;SEO&#8221;:{&#8220;seo_tags&#8221;:[]},&#8221;site_topper&#8221;:{},&#8221;is_grouping&#8221;:&#8221;false&#8221;,&#8221;_website&#8221;:&#8221;esportes&#8221;,&#8221;node_type&#8221;:&#8221;section&#8221;,&#8221;children&#8221;:[]},{&#8220;_id&#8221;:&#8221;\/futebol\/times\/paysandu&#8221;,&#8221;website&#8221;:&#8221;esportes&#8221;,&#8221;name&#8221;:&#8221;Paysandu&#8221;,&#8221;navigation&#8221;:{&#8220;nav_title&#8221;:&#8221;Paysandu&#8221;},&#8221;parent&#8221;:{&#8220;default&#8221;:&#8221;\/futebol\/times&#8221;,&#8221;header&#8221;:&#8221;\/futebol\/times&#8221;},&#8221;_admin&#8221;:{&#8220;alias_ids&#8221;:[&#8220;\/futebol\/times\/paysandu&#8221;]},&#8221;site&#8221;:{&#8220;site_description&#8221;:&#8221;&#8221;,&#8221;site_title&#8221;:&#8221;Paysandu&#8221;},&#8221;inactive&#8221;:false,&#8221;SEO&#8221;:{&#8220;seo_tags&#8221;:[]},&#8221;site_topper&#8221;:{},&#8221;is_grouping&#8221;:&#8221;false&#8221;,&#8221;_website&#8221;:&#8221;esportes&#8221;,&#8221;node_type&#8221;:&#8221;section&#8221;,&#8221;children&#8221;:[]},{&#8220;_id&#8221;:&#8221;\/futebol\/times\/ponte-preta&#8221;,&#8221;website&#8221;:&#8221;esportes&#8221;,&#8221;name&#8221;:&#8221;Ponte Preta&#8221;,&#8221;navigation&#8221;:{&#8220;nav_title&#8221;:&#8221;Ponte Preta&#8221;},&#8221;parent&#8221;:{&#8220;default&#8221;:&#8221;\/futebol\/times&#8221;,&#8221;header&#8221;:&#8221;\/futebol\/times&#8221;},&#8221;_admin&#8221;:{&#8220;alias_ids&#8221;:[&#8220;\/futebol\/times\/ponte-preta&#8221;]},&#8221;site&#8221;:{&#8220;site_description&#8221;:&#8221;&#8221;,&#8221;site_title&#8221;:&#8221;Ponte Preta&#8221;},&#8221;inactive&#8221;:false,&#8221;SEO&#8221;:{&#8220;seo_tags&#8221;:[]},&#8221;site_topper&#8221;:{},&#8221;is_grouping&#8221;:&#8221;false&#8221;,&#8221;_website&#8221;:&#8221;esportes&#8221;,&#8221;node_type&#8221;:&#8221;section&#8221;,&#8221;children&#8221;:[]},{&#8220;_id&#8221;:&#8221;\/futebol\/times\/portuguesa&#8221;,&#8221;website&#8221;:&#8221;esportes&#8221;,&#8221;name&#8221;:&#8221;Portuguesa&#8221;,&#8221;navigation&#8221;:{&#8220;nav_title&#8221;:&#8221;Portuguesa&#8221;},&#8221;parent&#8221;:{&#8220;default&#8221;:&#8221;\/futebol\/times&#8221;,&#8221;header&#8221;:&#8221;\/futebol\/times&#8221;},&#8221;_admin&#8221;:{&#8220;alias_ids&#8221;:[&#8220;\/futebol\/times\/portuguesa&#8221;]},&#8221;site&#8221;:{&#8220;site_description&#8221;:&#8221;&#8221;,&#8221;site_title&#8221;:&#8221;Portuguesa&#8221;},&#8221;inactive&#8221;:false,&#8221;SEO&#8221;:{&#8220;seo_tags&#8221;:[]},&#8221;site_topper&#8221;:{},&#8221;is_grouping&#8221;:&#8221;false&#8221;,&#8221;_website&#8221;:&#8221;esportes&#8221;,&#8221;node_type&#8221;:&#8221;section&#8221;,&#8221;children&#8221;:[]},{&#8220;_id&#8221;:&#8221;\/futebol\/times\/portuguesa-rj&#8221;,&#8221;website&#8221;:&#8221;esportes&#8221;,&#8221;name&#8221;:&#8221;Portuguesa-RJ&#8221;,&#8221;navigation&#8221;:{&#8220;nav_title&#8221;:&#8221;Portuguesa-RJ&#8221;},&#8221;parent&#8221;:{&#8220;default&#8221;:&#8221;\/futebol\/times&#8221;,&#8221;header&#8221;:&#8221;\/futebol\/times&#8221;},&#8221;_admin&#8221;:{&#8220;alias_ids&#8221;:[&#8220;\/futebol\/times\/portuguesa-rj&#8221;]},&#8221;site&#8221;:{&#8220;site_description&#8221;:&#8221;&#8221;,&#8221;site_title&#8221;:&#8221;Portuguesa-RJ&#8221;},&#8221;inactive&#8221;:false,&#8221;SEO&#8221;:{&#8220;seo_tags&#8221;:[]},&#8221;site_topper&#8221;:{},&#8221;is_grouping&#8221;:&#8221;false&#8221;,&#8221;_website&#8221;:&#8221;esportes&#8221;,&#8221;node_type&#8221;:&#8221;section&#8221;,&#8221;children&#8221;:[]},{&#8220;_id&#8221;:&#8221;\/futebol\/times\/remo&#8221;,&#8221;website&#8221;:&#8221;esportes&#8221;,&#8221;name&#8221;:&#8221;Remo&#8221;,&#8221;navigation&#8221;:{&#8220;nav_title&#8221;:&#8221;Remo&#8221;},&#8221;parent&#8221;:{&#8220;default&#8221;:&#8221;\/futebol\/times&#8221;,&#8221;header&#8221;:&#8221;\/futebol\/times&#8221;},&#8221;_admin&#8221;:{&#8220;alias_ids&#8221;:[&#8220;\/futebol\/times\/remo&#8221;]},&#8221;site&#8221;:{&#8220;site_description&#8221;:&#8221;&#8221;,&#8221;site_title&#8221;:&#8221;Remo&#8221;},&#8221;inactive&#8221;:false,&#8221;SEO&#8221;:{&#8220;seo_tags&#8221;:[]},&#8221;site_topper&#8221;:{},&#8221;is_grouping&#8221;:&#8221;false&#8221;,&#8221;_website&#8221;:&#8221;esportes&#8221;,&#8221;node_type&#8221;:&#8221;section&#8221;,&#8221;children&#8221;:[]},{&#8220;_id&#8221;:&#8221;\/futebol\/times\/resende&#8221;,&#8221;website&#8221;:&#8221;esportes&#8221;,&#8221;name&#8221;:&#8221;Resende&#8221;,&#8221;navigation&#8221;:{&#8220;nav_title&#8221;:&#8221;Resende&#8221;},&#8221;parent&#8221;:{&#8220;default&#8221;:&#8221;\/futebol\/times&#8221;,&#8221;header&#8221;:&#8221;\/futebol\/times&#8221;},&#8221;_admin&#8221;:{&#8220;alias_ids&#8221;:[&#8220;\/futebol\/times\/resende&#8221;]},&#8221;site&#8221;:{&#8220;site_description&#8221;:&#8221;&#8221;,&#8221;site_title&#8221;:&#8221;Resende&#8221;},&#8221;inactive&#8221;:false,&#8221;SEO&#8221;:{&#8220;seo_tags&#8221;:[]},&#8221;site_topper&#8221;:{},&#8221;is_grouping&#8221;:&#8221;false&#8221;,&#8221;_website&#8221;:&#8221;esportes&#8221;,&#8221;node_type&#8221;:&#8221;section&#8221;,&#8221;children&#8221;:[]},{&#8220;_id&#8221;:&#8221;\/futebol\/times\/sampaio-correa&#8221;,&#8221;website&#8221;:&#8221;esportes&#8221;,&#8221;name&#8221;:&#8221;Sampaio Corr\u00eaa&#8221;,&#8221;navigation&#8221;:{&#8220;nav_title&#8221;:&#8221;Sampaio Corr\u00eaa&#8221;},&#8221;parent&#8221;:{&#8220;default&#8221;:&#8221;\/futebol\/times&#8221;,&#8221;header&#8221;:&#8221;\/futebol\/times&#8221;},&#8221;_admin&#8221;:{&#8220;alias_ids&#8221;:[&#8220;\/futebol\/times\/sampaio-correa&#8221;]},&#8221;site&#8221;:{&#8220;site_description&#8221;:&#8221;&#8221;,&#8221;site_title&#8221;:&#8221;Sampaio Corr\u00eaa&#8221;},&#8221;inactive&#8221;:false,&#8221;SEO&#8221;:{&#8220;seo_tags&#8221;:[]},&#8221;site_topper&#8221;:{},&#8221;is_grouping&#8221;:&#8221;false&#8221;,&#8221;_website&#8221;:&#8221;esportes&#8221;,&#8221;node_type&#8221;:&#8221;section&#8221;,&#8221;children&#8221;:[]},{&#8220;_id&#8221;:&#8221;\/futebol\/times\/santa-cruz&#8221;,&#8221;website&#8221;:&#8221;esportes&#8221;,&#8221;name&#8221;:&#8221;Santa Cruz&#8221;,&#8221;navigation&#8221;:{&#8220;nav_title&#8221;:&#8221;Santa Cruz&#8221;},&#8221;parent&#8221;:{&#8220;default&#8221;:&#8221;\/futebol\/times&#8221;,&#8221;header&#8221;:&#8221;\/futebol\/times&#8221;},&#8221;_admin&#8221;:{&#8220;alias_ids&#8221;:[&#8220;\/futebol\/times\/santa-cruz&#8221;]},&#8221;site&#8221;:{&#8220;site_description&#8221;:&#8221;&#8221;,&#8221;site_title&#8221;:&#8221;Santa Cruz&#8221;},&#8221;inactive&#8221;:false,&#8221;SEO&#8221;:{&#8220;seo_tags&#8221;:[]},&#8221;site_topper&#8221;:{},&#8221;is_grouping&#8221;:&#8221;false&#8221;,&#8221;_website&#8221;:&#8221;esportes&#8221;,&#8221;node_type&#8221;:&#8221;section&#8221;,&#8221;children&#8221;:[]},{&#8220;_id&#8221;:&#8221;\/futebol\/times\/santo-andre&#8221;,&#8221;website&#8221;:&#8221;esportes&#8221;,&#8221;name&#8221;:&#8221;Santo Andr\u00e9&#8221;,&#8221;navigation&#8221;:{&#8220;nav_title&#8221;:&#8221;Santo Andr\u00e9&#8221;},&#8221;parent&#8221;:{&#8220;default&#8221;:&#8221;\/futebol\/times&#8221;,&#8221;header&#8221;:&#8221;\/futebol\/times&#8221;},&#8221;_admin&#8221;:{&#8220;alias_ids&#8221;:[&#8220;\/futebol\/times\/santo-andre&#8221;]},&#8221;site&#8221;:{&#8220;site_description&#8221;:&#8221;&#8221;,&#8221;site_title&#8221;:&#8221;Santo Andr\u00e9&#8221;},&#8221;inactive&#8221;:false,&#8221;SEO&#8221;:{&#8220;seo_tags&#8221;:[]},&#8221;site_topper&#8221;:{},&#8221;is_grouping&#8221;:&#8221;false&#8221;,&#8221;_website&#8221;:&#8221;esportes&#8221;,&#8221;node_type&#8221;:&#8221;section&#8221;,&#8221;children&#8221;:[]},{&#8220;_id&#8221;:&#8221;\/futebol\/times\/santos&#8221;,&#8221;_website&#8221;:&#8221;esportes&#8221;,&#8221;name&#8221;:&#8221;Santos&#8221;,&#8221;inactive&#8221;:false,&#8221;parent&#8221;:{&#8220;default&#8221;:&#8221;\/futebol\/times&#8221;,&#8221;header&#8221;:&#8221;\/futebol\/times&#8221;},&#8221;SEO&#8221;:{&#8220;seo_tags&#8221;:[]},&#8221;_admin&#8221;:{&#8220;alias_ids&#8221;:[&#8220;\/futebol\/times\/santos&#8221;]},&#8221;navigation&#8221;:{&#8220;nav_title&#8221;:&#8221;Santos&#8221;},&#8221;newsletter&#8221;:{&#8220;id&#8221;:&#8221;68484031b8b9d10001c4f8ba&#8221;},&#8221;site&#8221;:{&#8220;site_description&#8221;:null,&#8221;site_title&#8221;:&#8221;Santos&#8221;},&#8221;is_grouping&#8221;:&#8221;false&#8221;,&#8221;node_type&#8221;:&#8221;section&#8221;,&#8221;children&#8221;:[]},{&#8220;_id&#8221;:&#8221;\/futebol\/times\/sao-bento&#8221;,&#8221;website&#8221;:&#8221;esportes&#8221;,&#8221;name&#8221;:&#8221;S\u00e3o Bento&#8221;,&#8221;navigation&#8221;:{&#8220;nav_title&#8221;:&#8221;S\u00e3o Bento&#8221;},&#8221;parent&#8221;:{&#8220;default&#8221;:&#8221;\/futebol\/times&#8221;,&#8221;header&#8221;:&#8221;\/futebol\/times&#8221;},&#8221;_admin&#8221;:{&#8220;alias_ids&#8221;:[&#8220;\/futebol\/times\/sao-bento&#8221;]},&#8221;site&#8221;:{&#8220;site_description&#8221;:&#8221;&#8221;,&#8221;site_title&#8221;:&#8221;S\u00e3o Bento&#8221;},&#8221;inactive&#8221;:false,&#8221;SEO&#8221;:{&#8220;seo_tags&#8221;:[]},&#8221;site_topper&#8221;:{},&#8221;is_grouping&#8221;:&#8221;false&#8221;,&#8221;_website&#8221;:&#8221;esportes&#8221;,&#8221;node_type&#8221;:&#8221;section&#8221;,&#8221;children&#8221;:[]},{&#8220;_id&#8221;:&#8221;\/futebol\/times\/sao-bernardo&#8221;,&#8221;website&#8221;:&#8221;esportes&#8221;,&#8221;name&#8221;:&#8221;S\u00e3o Bernardo&#8221;,&#8221;navigation&#8221;:{&#8220;nav_title&#8221;:&#8221;S\u00e3o Bernardo&#8221;},&#8221;parent&#8221;:{&#8220;default&#8221;:&#8221;\/futebol\/times&#8221;,&#8221;header&#8221;:&#8221;\/futebol\/times&#8221;},&#8221;_admin&#8221;:{&#8220;alias_ids&#8221;:[&#8220;\/futebol\/times\/sao-bernardo&#8221;]},&#8221;site&#8221;:{&#8220;site_description&#8221;:&#8221;&#8221;,&#8221;site_title&#8221;:&#8221;S\u00e3o Bernardo&#8221;},&#8221;inactive&#8221;:false,&#8221;SEO&#8221;:{&#8220;seo_tags&#8221;:[]},&#8221;site_topper&#8221;:{},&#8221;is_grouping&#8221;:&#8221;false&#8221;,&#8221;_website&#8221;:&#8221;esportes&#8221;,&#8221;node_type&#8221;:&#8221;section&#8221;,&#8221;children&#8221;:[]},{&#8220;_id&#8221;:&#8221;\/futebol\/times\/sao-caetano&#8221;,&#8221;website&#8221;:&#8221;esportes&#8221;,&#8221;name&#8221;:&#8221;S\u00e3o Caetano&#8221;,&#8221;navigation&#8221;:{&#8220;nav_title&#8221;:&#8221;S\u00e3o Caetano&#8221;},&#8221;parent&#8221;:{&#8220;default&#8221;:&#8221;\/futebol\/times&#8221;,&#8221;header&#8221;:&#8221;\/futebol\/times&#8221;},&#8221;_admin&#8221;:{&#8220;alias_ids&#8221;:[&#8220;\/futebol\/times\/sao-caetano&#8221;]},&#8221;site&#8221;:{&#8220;site_description&#8221;:&#8221;&#8221;,&#8221;site_title&#8221;:&#8221;S\u00e3o Caetano&#8221;},&#8221;inactive&#8221;:false,&#8221;SEO&#8221;:{&#8220;seo_tags&#8221;:[]},&#8221;site_topper&#8221;:{},&#8221;is_grouping&#8221;:&#8221;false&#8221;,&#8221;_website&#8221;:&#8221;esportes&#8221;,&#8221;node_type&#8221;:&#8221;section&#8221;,&#8221;children&#8221;:[]},{&#8220;_id&#8221;:&#8221;\/futebol\/times\/sao-paulo&#8221;,&#8221;_website&#8221;:&#8221;esportes&#8221;,&#8221;name&#8221;:&#8221;S\u00e3o Paulo&#8221;,&#8221;inactive&#8221;:false,&#8221;parent&#8221;:{&#8220;default&#8221;:&#8221;\/futebol\/times&#8221;,&#8221;header&#8221;:&#8221;\/futebol\/times&#8221;},&#8221;SEO&#8221;:{&#8220;seo_tags&#8221;:[]},&#8221;_admin&#8221;:{&#8220;alias_ids&#8221;:[&#8220;\/futebol\/times\/sao-paulo&#8221;]},&#8221;navigation&#8221;:{&#8220;nav_title&#8221;:&#8221;S\u00e3o Paulo&#8221;},&#8221;newsletter&#8221;:{&#8220;id&#8221;:&#8221;68484031b8b9d10001c4f8ba&#8221;},&#8221;site&#8221;:{&#8220;site_description&#8221;:null,&#8221;site_title&#8221;:&#8221;S\u00e3o Paulo&#8221;},&#8221;is_grouping&#8221;:&#8221;false&#8221;,&#8221;node_type&#8221;:&#8221;section&#8221;,&#8221;children&#8221;:[]},{&#8220;_id&#8221;:&#8221;\/futebol\/times\/sport&#8221;,&#8221;website&#8221;:&#8221;esportes&#8221;,&#8221;name&#8221;:&#8221;Sport&#8221;,&#8221;navigation&#8221;:{&#8220;nav_title&#8221;:&#8221;Sport&#8221;},&#8221;parent&#8221;:{&#8220;default&#8221;:&#8221;\/futebol\/times&#8221;,&#8221;header&#8221;:&#8221;\/futebol\/times&#8221;},&#8221;_admin&#8221;:{&#8220;alias_ids&#8221;:[&#8220;\/futebol\/times\/sport&#8221;]},&#8221;site&#8221;:{&#8220;site_description&#8221;:&#8221;&#8221;,&#8221;site_title&#8221;:&#8221;Sport&#8221;},&#8221;inactive&#8221;:false,&#8221;SEO&#8221;:{&#8220;seo_tags&#8221;:[]},&#8221;site_topper&#8221;:{},&#8221;is_grouping&#8221;:&#8221;false&#8221;,&#8221;_website&#8221;:&#8221;esportes&#8221;,&#8221;node_type&#8221;:&#8221;section&#8221;,&#8221;children&#8221;:[]},{&#8220;_id&#8221;:&#8221;\/futebol\/times\/tombense&#8221;,&#8221;website&#8221;:&#8221;esportes&#8221;,&#8221;name&#8221;:&#8221;Tombense&#8221;,&#8221;navigation&#8221;:{&#8220;nav_title&#8221;:&#8221;Tombense&#8221;},&#8221;parent&#8221;:{&#8220;default&#8221;:&#8221;\/futebol\/times&#8221;,&#8221;header&#8221;:&#8221;\/futebol\/times&#8221;},&#8221;_admin&#8221;:{&#8220;alias_ids&#8221;:[&#8220;\/futebol\/times\/tombense&#8221;]},&#8221;site&#8221;:{&#8220;site_description&#8221;:&#8221;&#8221;,&#8221;site_title&#8221;:&#8221;Tombense&#8221;},&#8221;inactive&#8221;:false,&#8221;SEO&#8221;:{&#8220;seo_tags&#8221;:[]},&#8221;site_topper&#8221;:{},&#8221;is_grouping&#8221;:&#8221;false&#8221;,&#8221;_website&#8221;:&#8221;esportes&#8221;,&#8221;node_type&#8221;:&#8221;section&#8221;,&#8221;children&#8221;:[]},{&#8220;_id&#8221;:&#8221;\/futebol\/times\/tupi-mg&#8221;,&#8221;website&#8221;:&#8221;esportes&#8221;,&#8221;name&#8221;:&#8221;Tupi-MG&#8221;,&#8221;navigation&#8221;:{&#8220;nav_title&#8221;:&#8221;Tupi-MG&#8221;},&#8221;parent&#8221;:{&#8220;default&#8221;:&#8221;\/futebol\/times&#8221;,&#8221;header&#8221;:&#8221;\/futebol\/times&#8221;},&#8221;_admin&#8221;:{&#8220;alias_ids&#8221;:[&#8220;\/futebol\/times\/tupi-mg&#8221;]},&#8221;site&#8221;:{&#8220;site_description&#8221;:&#8221;&#8221;,&#8221;site_title&#8221;:&#8221;Tupi-MG&#8221;},&#8221;inactive&#8221;:false,&#8221;SEO&#8221;:{&#8220;seo_tags&#8221;:[]},&#8221;site_topper&#8221;:{},&#8221;is_grouping&#8221;:&#8221;false&#8221;,&#8221;_website&#8221;:&#8221;esportes&#8221;,&#8221;node_type&#8221;:&#8221;section&#8221;,&#8221;children&#8221;:[]},{&#8220;_id&#8221;:&#8221;\/futebol\/times\/vasco&#8221;,&#8221;_website&#8221;:&#8221;esportes&#8221;,&#8221;name&#8221;:&#8221;Vasco&#8221;,&#8221;inactive&#8221;:false,&#8221;parent&#8221;:{&#8220;default&#8221;:&#8221;\/futebol\/times&#8221;,&#8221;header&#8221;:&#8221;\/futebol\/times&#8221;},&#8221;SEO&#8221;:{&#8220;seo_tags&#8221;:[]},&#8221;_admin&#8221;:{&#8220;alias_ids&#8221;:[&#8220;\/futebol\/times\/vasco&#8221;]},&#8221;navigation&#8221;:{&#8220;nav_title&#8221;:&#8221;Vasco&#8221;},&#8221;newsletter&#8221;:{&#8220;id&#8221;:&#8221;68484031b8b9d10001c4f8ba&#8221;},&#8221;site&#8221;:{&#8220;site_description&#8221;:null,&#8221;site_title&#8221;:&#8221;Vasco&#8221;},&#8221;is_grouping&#8221;:&#8221;false&#8221;,&#8221;node_type&#8221;:&#8221;section&#8221;,&#8221;children&#8221;:[]},{&#8220;_id&#8221;:&#8221;\/futebol\/times\/vila-nova-go&#8221;,&#8221;website&#8221;:&#8221;esportes&#8221;,&#8221;name&#8221;:&#8221;Vila Nova-GO&#8221;,&#8221;navigation&#8221;:{&#8220;nav_title&#8221;:&#8221;Vila Nova-GO&#8221;},&#8221;parent&#8221;:{&#8220;default&#8221;:&#8221;\/futebol\/times&#8221;,&#8221;header&#8221;:&#8221;\/futebol\/times&#8221;},&#8221;_admin&#8221;:{&#8220;alias_ids&#8221;:[&#8220;\/futebol\/times\/vila-nova-go&#8221;]},&#8221;site&#8221;:{&#8220;site_description&#8221;:&#8221;&#8221;,&#8221;site_title&#8221;:&#8221;Vila Nova-GO&#8221;},&#8221;inactive&#8221;:false,&#8221;SEO&#8221;:{&#8220;seo_tags&#8221;:[]},&#8221;site_topper&#8221;:{},&#8221;is_grouping&#8221;:&#8221;false&#8221;,&#8221;_website&#8221;:&#8221;esportes&#8221;,&#8221;node_type&#8221;:&#8221;section&#8221;,&#8221;children&#8221;:[]},{&#8220;_id&#8221;:&#8221;\/futebol\/times\/vitoria&#8221;,&#8221;website&#8221;:&#8221;esportes&#8221;,&#8221;name&#8221;:&#8221;Vit\u00f3ria&#8221;,&#8221;navigation&#8221;:{&#8220;nav_title&#8221;:&#8221;Vit\u00f3ria&#8221;},&#8221;parent&#8221;:{&#8220;default&#8221;:&#8221;\/futebol\/times&#8221;,&#8221;header&#8221;:&#8221;\/futebol\/times&#8221;},&#8221;_admin&#8221;:{&#8220;alias_ids&#8221;:[&#8220;\/futebol\/times\/vitoria&#8221;]},&#8221;site&#8221;:{&#8220;site_description&#8221;:&#8221;&#8221;,&#8221;site_title&#8221;:&#8221;Vit\u00f3ria&#8221;},&#8221;inactive&#8221;:false,&#8221;SEO&#8221;:{&#8220;seo_tags&#8221;:[]},&#8221;site_topper&#8221;:{},&#8221;is_grouping&#8221;:&#8221;false&#8221;,&#8221;_website&#8221;:&#8221;esportes&#8221;,&#8221;node_type&#8221;:&#8221;section&#8221;,&#8221;children&#8221;:[]},{&#8220;_id&#8221;:&#8221;\/futebol\/times\/volta-redonda&#8221;,&#8221;website&#8221;:&#8221;esportes&#8221;,&#8221;name&#8221;:&#8221;Volta Redonda&#8221;,&#8221;navigation&#8221;:{&#8220;nav_title&#8221;:&#8221;Volta Redonda&#8221;},&#8221;parent&#8221;:{&#8220;default&#8221;:&#8221;\/futebol\/times&#8221;,&#8221;header&#8221;:&#8221;\/futebol\/times&#8221;},&#8221;_admin&#8221;:{&#8220;alias_ids&#8221;:[&#8220;\/futebol\/times\/volta-redonda&#8221;]},&#8221;site&#8221;:{&#8220;site_description&#8221;:&#8221;&#8221;,&#8221;site_title&#8221;:&#8221;Volta Redonda&#8221;},&#8221;inactive&#8221;:false,&#8221;SEO&#8221;:{&#8220;seo_tags&#8221;:[]},&#8221;site_topper&#8221;:{},&#8221;is_grouping&#8221;:&#8221;false&#8221;,&#8221;_website&#8221;:&#8221;esportes&#8221;,&#8221;node_type&#8221;:&#8221;section&#8221;,&#8221;children&#8221;:[]},{&#8220;_id&#8221;:&#8221;\/futebol\/times\/amazonas&#8221;,&#8221;_website&#8221;:&#8221;esportes&#8221;,&#8221;name&#8221;:&#8221;Amazonas&#8221;,&#8221;inactive&#8221;:false,&#8221;ancestors&#8221;:{&#8220;default&#8221;:[&#8220;https:\/\/esportes.r7.com\/futebol&#8221;,&#8221;\/futebol\/times&#8221;]},&#8221;parent&#8221;:{&#8220;default&#8221;:&#8221;\/futebol\/times&#8221;},&#8221;SEO&#8221;:{&#8220;og_image_id&#8221;:null,&#8221;seo_description&#8221;:null,&#8221;seo_tags&#8221;:[],&#8221;seo_title&#8221;:null,&#8221;title_hotsite&#8221;:null,&#8221;top_url&#8221;:null,&#8221;url_og_image&#8221;:null},&#8221;age_rating&#8221;:{&#8220;classificacao_etaria&#8221;:null},&#8221;age_rating_description&#8221;:{&#8220;atos_criminosos&#8221;:&#8221;false&#8221;,&#8221;conteudo_sexual&#8221;:&#8221;false&#8221;,&#8221;drogas&#8221;:&#8221;false&#8221;,&#8221;drogas_ilicitas&#8221;:&#8221;false&#8221;,&#8221;drogas_licitas&#8221;:&#8221;false&#8221;,&#8221;linguagem_impropria&#8221;:&#8221;false&#8221;,&#8221;medo&#8221;:&#8221;false&#8221;,&#8221;nudez&#8221;:&#8221;false&#8221;,&#8221;procedimentos_medicos&#8221;:&#8221;false&#8221;,&#8221;sexo_explicito&#8221;:&#8221;false&#8221;,&#8221;temas_sensiveis&#8221;:&#8221;false&#8221;,&#8221;violencia&#8221;:&#8221;false&#8221;,&#8221;violencia_extrema&#8221;:&#8221;false&#8221;,&#8221;violencia_fantasiosa&#8221;:&#8221;false&#8221;},&#8221;area_logada&#8221;:{&#8220;exclusive_content&#8221;:&#8221;false&#8221;},&#8221;navigation&#8221;:{&#8220;menu_url&#8221;:null,&#8221;nav_title&#8221;:null},&#8221;publicidade&#8221;:{&#8220;disable_adv&#8221;:&#8221;false&#8221;,&#8221;disable_audima_adv&#8221;:&#8221;false&#8221;,&#8221;disable_taboola&#8221;:&#8221;false&#8221;,&#8221;hash&#8221;:null},&#8221;site&#8221;:{&#8220;coupon_categories&#8221;:&#8221;departamentos&#8221;,&#8221;disable_refresh&#8221;:&#8221;4&#8243;,&#8221;enable_disclaimer&#8221;:&#8221;false&#8221;,&#8221;pagebuilder_path_for_native_apps&#8221;:null,&#8221;site_about&#8221;:null,&#8221;site_description&#8221;:null,&#8221;site_keywords&#8221;:null,&#8221;site_tagline&#8221;:null,&#8221;site_title&#8221;:null,&#8221;site_url&#8221;:null},&#8221;site_topper&#8221;:{&#8220;section_header_image&#8221;:null,&#8221;section_header_image_id&#8221;:null,&#8221;section_header_image_mobile&#8221;:null,&#8221;section_header_image_mobile_id&#8221;:null,&#8221;section_left_color_top&#8221;:null,&#8221;section_primary_color&#8221;:null,&#8221;section_right_color_top&#8221;:null,&#8221;site_logo_image&#8221;:null},&#8221;social&#8221;:{&#8220;facebook&#8221;:null,&#8221;instagram&#8221;:null,&#8221;kwai&#8221;:null,&#8221;rss&#8221;:null,&#8221;twitter&#8221;:null},&#8221;ultimas&#8221;:{&#8220;tab_ultimas&#8221;:[]},&#8221;is_grouping&#8221;:&#8221;false&#8221;,&#8221;node_type&#8221;:&#8221;section&#8221;,&#8221;children&#8221;:[]},{&#8220;_id&#8221;:&#8221;\/futebol\/times\/athletic-club&#8221;,&#8221;_website&#8221;:&#8221;esportes&#8221;,&#8221;name&#8221;:&#8221;Athletic Club&#8221;,&#8221;inactive&#8221;:false,&#8221;ancestors&#8221;:{&#8220;default&#8221;:[&#8220;https:\/\/esportes.r7.com\/futebol&#8221;,&#8221;\/futebol\/times&#8221;]},&#8221;parent&#8221;:{&#8220;default&#8221;:&#8221;\/futebol\/times&#8221;},&#8221;SEO&#8221;:{&#8220;og_image_id&#8221;:null,&#8221;seo_description&#8221;:null,&#8221;seo_tags&#8221;:[],&#8221;seo_title&#8221;:null,&#8221;title_hotsite&#8221;:null,&#8221;top_url&#8221;:null,&#8221;url_og_image&#8221;:null},&#8221;age_rating&#8221;:{&#8220;classificacao_etaria&#8221;:null},&#8221;age_rating_description&#8221;:{&#8220;atos_criminosos&#8221;:&#8221;false&#8221;,&#8221;conteudo_sexual&#8221;:&#8221;false&#8221;,&#8221;drogas&#8221;:&#8221;false&#8221;,&#8221;drogas_ilicitas&#8221;:&#8221;false&#8221;,&#8221;drogas_licitas&#8221;:&#8221;false&#8221;,&#8221;linguagem_impropria&#8221;:&#8221;false&#8221;,&#8221;medo&#8221;:&#8221;false&#8221;,&#8221;nudez&#8221;:&#8221;false&#8221;,&#8221;procedimentos_medicos&#8221;:&#8221;false&#8221;,&#8221;sexo_explicito&#8221;:&#8221;false&#8221;,&#8221;temas_sensiveis&#8221;:&#8221;false&#8221;,&#8221;violencia&#8221;:&#8221;false&#8221;,&#8221;violencia_extrema&#8221;:&#8221;false&#8221;,&#8221;violencia_fantasiosa&#8221;:&#8221;false&#8221;},&#8221;area_logada&#8221;:{&#8220;exclusive_content&#8221;:&#8221;false&#8221;},&#8221;navigation&#8221;:{&#8220;menu_url&#8221;:null,&#8221;nav_title&#8221;:null},&#8221;publicidade&#8221;:{&#8220;disable_adv&#8221;:&#8221;false&#8221;,&#8221;disable_audima_adv&#8221;:&#8221;false&#8221;,&#8221;disable_taboola&#8221;:&#8221;false&#8221;,&#8221;hash&#8221;:null},&#8221;site&#8221;:{&#8220;coupon_categories&#8221;:&#8221;departamentos&#8221;,&#8221;disable_refresh&#8221;:&#8221;4&#8243;,&#8221;enable_disclaimer&#8221;:&#8221;false&#8221;,&#8221;pagebuilder_path_for_native_apps&#8221;:null,&#8221;site_about&#8221;:null,&#8221;site_description&#8221;:null,&#8221;site_keywords&#8221;:null,&#8221;site_tagline&#8221;:null,&#8221;site_title&#8221;:null,&#8221;site_url&#8221;:null},&#8221;site_topper&#8221;:{&#8220;section_header_image&#8221;:null,&#8221;section_header_image_id&#8221;:null,&#8221;section_header_image_mobile&#8221;:null,&#8221;section_header_image_mobile_id&#8221;:null,&#8221;section_left_color_top&#8221;:null,&#8221;section_primary_color&#8221;:null,&#8221;section_right_color_top&#8221;:null,&#8221;site_logo_image&#8221;:null},&#8221;social&#8221;:{&#8220;facebook&#8221;:null,&#8221;instagram&#8221;:null,&#8221;kwai&#8221;:null,&#8221;rss&#8221;:null,&#8221;twitter&#8221;:null},&#8221;ultimas&#8221;:{&#8220;tab_ultimas&#8221;:[]},&#8221;is_grouping&#8221;:&#8221;false&#8221;,&#8221;node_type&#8221;:&#8221;section&#8221;,&#8221;children&#8221;:[]},{&#8220;_id&#8221;:&#8221;\/futebol\/times\/capivariano&#8221;,&#8221;_website&#8221;:&#8221;esportes&#8221;,&#8221;name&#8221;:&#8221;Capivariano&#8221;,&#8221;inactive&#8221;:false,&#8221;ancestors&#8221;:{&#8220;default&#8221;:[&#8220;https:\/\/esportes.r7.com\/futebol&#8221;,&#8221;\/futebol\/times&#8221;]},&#8221;parent&#8221;:{&#8220;default&#8221;:&#8221;\/futebol\/times&#8221;},&#8221;SEO&#8221;:{&#8220;og_image_id&#8221;:null,&#8221;seo_description&#8221;:&#8221;Capivariano&#8221;,&#8221;seo_tags&#8221;:[],&#8221;seo_title&#8221;:&#8221;Capivariano&#8221;,&#8221;title_hotsite&#8221;:null,&#8221;top_url&#8221;:null,&#8221;url_og_image&#8221;:null},&#8221;age_rating&#8221;:{&#8220;classificacao_etaria&#8221;:null},&#8221;age_rating_description&#8221;:{&#8220;atos_criminosos&#8221;:&#8221;false&#8221;,&#8221;conteudo_sexual&#8221;:&#8221;false&#8221;,&#8221;drogas&#8221;:&#8221;false&#8221;,&#8221;drogas_ilicitas&#8221;:&#8221;false&#8221;,&#8221;drogas_licitas&#8221;:&#8221;false&#8221;,&#8221;linguagem_impropria&#8221;:&#8221;false&#8221;,&#8221;medo&#8221;:&#8221;false&#8221;,&#8221;nudez&#8221;:&#8221;false&#8221;,&#8221;procedimentos_medicos&#8221;:&#8221;false&#8221;,&#8221;sexo_explicito&#8221;:&#8221;false&#8221;,&#8221;temas_sensiveis&#8221;:&#8221;false&#8221;,&#8221;violencia&#8221;:&#8221;false&#8221;,&#8221;violencia_extrema&#8221;:&#8221;false&#8221;,&#8221;violencia_fantasiosa&#8221;:&#8221;false&#8221;},&#8221;area_logada&#8221;:{&#8220;exclusive_content&#8221;:&#8221;false&#8221;},&#8221;navigation&#8221;:{&#8220;menu_url&#8221;:null,&#8221;nav_title&#8221;:null},&#8221;newsletter&#8221;:{&#8220;id&#8221;:null},&#8221;publicidade&#8221;:{&#8220;disable_adv&#8221;:&#8221;false&#8221;,&#8221;disable_audima_adv&#8221;:&#8221;false&#8221;,&#8221;disable_taboola&#8221;:&#8221;false&#8221;,&#8221;hash&#8221;:null},&#8221;site&#8221;:{&#8220;coupon_categories&#8221;:&#8221;departamentos&#8221;,&#8221;disable_refresh&#8221;:&#8221;4&#8243;,&#8221;enable_disclaimer&#8221;:&#8221;false&#8221;,&#8221;pagebuilder_path_for_native_apps&#8221;:null,&#8221;site_about&#8221;:null,&#8221;site_description&#8221;:null,&#8221;site_keywords&#8221;:null,&#8221;site_tagline&#8221;:null,&#8221;site_title&#8221;:null,&#8221;site_url&#8221;:null},&#8221;site_topper&#8221;:{&#8220;section_header_image&#8221;:null,&#8221;section_header_image_id&#8221;:null,&#8221;section_header_image_mobile&#8221;:null,&#8221;section_header_image_mobile_id&#8221;:null,&#8221;section_left_color_top&#8221;:null,&#8221;section_primary_color&#8221;:null,&#8221;section_right_color_top&#8221;:null,&#8221;site_logo_image&#8221;:null},&#8221;social&#8221;:{&#8220;facebook&#8221;:null,&#8221;instagram&#8221;:null,&#8221;kwai&#8221;:null,&#8221;rss&#8221;:null,&#8221;twitter&#8221;:null},&#8221;ultimas&#8221;:{&#8220;tab_ultimas&#8221;:[]},&#8221;is_grouping&#8221;:&#8221;false&#8221;,&#8221;node_type&#8221;:&#8221;section&#8221;,&#8221;children&#8221;:[]},{&#8220;_id&#8221;:&#8221;\/futebol\/times\/ec-noroeste&#8221;,&#8221;_website&#8221;:&#8221;esportes&#8221;,&#8221;name&#8221;:&#8221;EC Noroeste&#8221;,&#8221;inactive&#8221;:false,&#8221;ancestors&#8221;:{&#8220;default&#8221;:[&#8220;https:\/\/esportes.r7.com\/futebol&#8221;,&#8221;\/futebol\/times&#8221;]},&#8221;parent&#8221;:{&#8220;default&#8221;:&#8221;\/futebol\/times&#8221;},&#8221;SEO&#8221;:{&#8220;og_image_id&#8221;:null,&#8221;seo_description&#8221;:&#8221;EC Noroeste&#8221;,&#8221;seo_tags&#8221;:[],&#8221;seo_title&#8221;:&#8221;EC Noroeste&#8221;,&#8221;title_hotsite&#8221;:null,&#8221;top_url&#8221;:null,&#8221;url_og_image&#8221;:null},&#8221;age_rating&#8221;:{&#8220;classificacao_etaria&#8221;:null},&#8221;age_rating_description&#8221;:{&#8220;atos_criminosos&#8221;:&#8221;false&#8221;,&#8221;conteudo_sexual&#8221;:&#8221;false&#8221;,&#8221;drogas&#8221;:&#8221;false&#8221;,&#8221;drogas_ilicitas&#8221;:&#8221;false&#8221;,&#8221;drogas_licitas&#8221;:&#8221;false&#8221;,&#8221;linguagem_impropria&#8221;:&#8221;false&#8221;,&#8221;medo&#8221;:&#8221;false&#8221;,&#8221;nudez&#8221;:&#8221;false&#8221;,&#8221;procedimentos_medicos&#8221;:&#8221;false&#8221;,&#8221;sexo_explicito&#8221;:&#8221;false&#8221;,&#8221;temas_sensiveis&#8221;:&#8221;false&#8221;,&#8221;violencia&#8221;:&#8221;false&#8221;,&#8221;violencia_extrema&#8221;:&#8221;false&#8221;,&#8221;violencia_fantasiosa&#8221;:&#8221;false&#8221;},&#8221;area_logada&#8221;:{&#8220;exclusive_content&#8221;:&#8221;false&#8221;},&#8221;navigation&#8221;:{&#8220;menu_url&#8221;:null,&#8221;nav_title&#8221;:null},&#8221;newsletter&#8221;:{&#8220;id&#8221;:null},&#8221;publicidade&#8221;:{&#8220;disable_adv&#8221;:&#8221;false&#8221;,&#8221;disable_audima_adv&#8221;:&#8221;false&#8221;,&#8221;disable_taboola&#8221;:&#8221;false&#8221;,&#8221;hash&#8221;:null},&#8221;site&#8221;:{&#8220;coupon_categories&#8221;:&#8221;departamentos&#8221;,&#8221;disable_refresh&#8221;:&#8221;4&#8243;,&#8221;enable_disclaimer&#8221;:&#8221;false&#8221;,&#8221;pagebuilder_path_for_native_apps&#8221;:null,&#8221;site_about&#8221;:null,&#8221;site_description&#8221;:null,&#8221;site_keywords&#8221;:null,&#8221;site_tagline&#8221;:null,&#8221;site_title&#8221;:null,&#8221;site_url&#8221;:null},&#8221;site_topper&#8221;:{&#8220;section_header_image&#8221;:null,&#8221;section_header_image_id&#8221;:null,&#8221;section_header_image_mobile&#8221;:null,&#8221;section_header_image_mobile_id&#8221;:null,&#8221;section_left_color_top&#8221;:null,&#8221;section_primary_color&#8221;:null,&#8221;section_right_color_top&#8221;:null,&#8221;site_logo_image&#8221;:null},&#8221;social&#8221;:{&#8220;facebook&#8221;:null,&#8221;instagram&#8221;:null,&#8221;kwai&#8221;:null,&#8221;rss&#8221;:null,&#8221;twitter&#8221;:null},&#8221;ultimas&#8221;:{&#8220;tab_ultimas&#8221;:[]},&#8221;is_grouping&#8221;:&#8221;false&#8221;,&#8221;node_type&#8221;:&#8221;section&#8221;,&#8221;children&#8221;:[]},{&#8220;_id&#8221;:&#8221;\/futebol\/times\/ec-primavera&#8221;,&#8221;_website&#8221;:&#8221;esportes&#8221;,&#8221;name&#8221;:&#8221;EC Primavera&#8221;,&#8221;inactive&#8221;:false,&#8221;ancestors&#8221;:{&#8220;default&#8221;:[&#8220;https:\/\/esportes.r7.com\/futebol&#8221;,&#8221;\/futebol\/times&#8221;]},&#8221;parent&#8221;:{&#8220;default&#8221;:&#8221;\/futebol\/times&#8221;},&#8221;SEO&#8221;:{&#8220;og_image_id&#8221;:null,&#8221;seo_description&#8221;:&#8221;EC Primavera&#8221;,&#8221;seo_tags&#8221;:[],&#8221;seo_title&#8221;:&#8221;EC Primavera&#8221;,&#8221;title_hotsite&#8221;:null,&#8221;top_url&#8221;:null,&#8221;url_og_image&#8221;:null},&#8221;age_rating&#8221;:{&#8220;classificacao_etaria&#8221;:null},&#8221;age_rating_description&#8221;:{&#8220;atos_criminosos&#8221;:&#8221;false&#8221;,&#8221;conteudo_sexual&#8221;:&#8221;false&#8221;,&#8221;drogas&#8221;:&#8221;false&#8221;,&#8221;drogas_ilicitas&#8221;:&#8221;false&#8221;,&#8221;drogas_licitas&#8221;:&#8221;false&#8221;,&#8221;linguagem_impropria&#8221;:&#8221;false&#8221;,&#8221;medo&#8221;:&#8221;false&#8221;,&#8221;nudez&#8221;:&#8221;false&#8221;,&#8221;procedimentos_medicos&#8221;:&#8221;false&#8221;,&#8221;sexo_explicito&#8221;:&#8221;false&#8221;,&#8221;temas_sensiveis&#8221;:&#8221;false&#8221;,&#8221;violencia&#8221;:&#8221;false&#8221;,&#8221;violencia_extrema&#8221;:&#8221;false&#8221;,&#8221;violencia_fantasiosa&#8221;:&#8221;false&#8221;},&#8221;area_logada&#8221;:{&#8220;exclusive_content&#8221;:&#8221;false&#8221;},&#8221;navigation&#8221;:{&#8220;menu_url&#8221;:null,&#8221;nav_title&#8221;:null},&#8221;newsletter&#8221;:{&#8220;id&#8221;:null},&#8221;publicidade&#8221;:{&#8220;disable_adv&#8221;:&#8221;false&#8221;,&#8221;disable_audima_adv&#8221;:&#8221;false&#8221;,&#8221;disable_taboola&#8221;:&#8221;false&#8221;,&#8221;hash&#8221;:null},&#8221;site&#8221;:{&#8220;coupon_categories&#8221;:&#8221;departamentos&#8221;,&#8221;disable_refresh&#8221;:&#8221;4&#8243;,&#8221;enable_disclaimer&#8221;:&#8221;false&#8221;,&#8221;pagebuilder_path_for_native_apps&#8221;:null,&#8221;site_about&#8221;:null,&#8221;site_description&#8221;:null,&#8221;site_keywords&#8221;:null,&#8221;site_tagline&#8221;:null,&#8221;site_title&#8221;:null,&#8221;site_url&#8221;:null},&#8221;site_topper&#8221;:{&#8220;section_header_image&#8221;:null,&#8221;section_header_image_id&#8221;:null,&#8221;section_header_image_mobile&#8221;:null,&#8221;section_header_image_mobile_id&#8221;:null,&#8221;section_left_color_top&#8221;:null,&#8221;section_primary_color&#8221;:null,&#8221;section_right_color_top&#8221;:null,&#8221;site_logo_image&#8221;:null},&#8221;social&#8221;:{&#8220;facebook&#8221;:null,&#8221;instagram&#8221;:null,&#8221;kwai&#8221;:null,&#8221;rss&#8221;:null,&#8221;twitter&#8221;:null},&#8221;ultimas&#8221;:{&#8220;tab_ultimas&#8221;:[]},&#8221;is_grouping&#8221;:&#8221;false&#8221;,&#8221;node_type&#8221;:&#8221;section&#8221;,&#8221;children&#8221;:[]},{&#8220;_id&#8221;:&#8221;\/futebol\/times\/velo-clube&#8221;,&#8221;_website&#8221;:&#8221;esportes&#8221;,&#8221;name&#8221;:&#8221;Velo Clube&#8221;,&#8221;inactive&#8221;:false,&#8221;ancestors&#8221;:{&#8220;default&#8221;:[&#8220;https:\/\/esportes.r7.com\/futebol&#8221;,&#8221;\/futebol\/times&#8221;]},&#8221;parent&#8221;:{&#8220;default&#8221;:&#8221;\/futebol\/times&#8221;},&#8221;SEO&#8221;:{&#8220;og_image_id&#8221;:null,&#8221;seo_description&#8221;:&#8221;Velo Clube&#8221;,&#8221;seo_tags&#8221;:[],&#8221;seo_title&#8221;:&#8221;Velo Clube&#8221;,&#8221;title_hotsite&#8221;:null,&#8221;top_url&#8221;:null,&#8221;url_og_image&#8221;:null},&#8221;age_rating&#8221;:{&#8220;classificacao_etaria&#8221;:null},&#8221;age_rating_description&#8221;:{&#8220;atos_criminosos&#8221;:&#8221;false&#8221;,&#8221;conteudo_sexual&#8221;:&#8221;false&#8221;,&#8221;drogas&#8221;:&#8221;false&#8221;,&#8221;drogas_ilicitas&#8221;:&#8221;false&#8221;,&#8221;drogas_licitas&#8221;:&#8221;false&#8221;,&#8221;linguagem_impropria&#8221;:&#8221;false&#8221;,&#8221;medo&#8221;:&#8221;false&#8221;,&#8221;nudez&#8221;:&#8221;false&#8221;,&#8221;procedimentos_medicos&#8221;:&#8221;false&#8221;,&#8221;sexo_explicito&#8221;:&#8221;false&#8221;,&#8221;temas_sensiveis&#8221;:&#8221;false&#8221;,&#8221;violencia&#8221;:&#8221;false&#8221;,&#8221;violencia_extrema&#8221;:&#8221;false&#8221;,&#8221;violencia_fantasiosa&#8221;:&#8221;false&#8221;},&#8221;area_logada&#8221;:{&#8220;exclusive_content&#8221;:&#8221;false&#8221;},&#8221;navigation&#8221;:{&#8220;menu_url&#8221;:null,&#8221;nav_title&#8221;:null},&#8221;newsletter&#8221;:{&#8220;id&#8221;:null},&#8221;publicidade&#8221;:{&#8220;disable_adv&#8221;:&#8221;false&#8221;,&#8221;disable_audima_adv&#8221;:&#8221;false&#8221;,&#8221;disable_taboola&#8221;:&#8221;false&#8221;,&#8221;hash&#8221;:null},&#8221;site&#8221;:{&#8220;coupon_categories&#8221;:&#8221;departamentos&#8221;,&#8221;disable_refresh&#8221;:&#8221;4&#8243;,&#8221;enable_disclaimer&#8221;:&#8221;false&#8221;,&#8221;pagebuilder_path_for_native_apps&#8221;:null,&#8221;site_about&#8221;:null,&#8221;site_description&#8221;:null,&#8221;site_keywords&#8221;:null,&#8221;site_tagline&#8221;:null,&#8221;site_title&#8221;:null,&#8221;site_url&#8221;:null},&#8221;site_topper&#8221;:{&#8220;section_header_image&#8221;:null,&#8221;section_header_image_id&#8221;:null,&#8221;section_header_image_mobile&#8221;:null,&#8221;section_header_image_mobile_id&#8221;:null,&#8221;section_left_color_top&#8221;:null,&#8221;section_primary_color&#8221;:null,&#8221;section_right_color_top&#8221;:null,&#8221;site_logo_image&#8221;:null},&#8221;social&#8221;:{&#8220;facebook&#8221;:null,&#8221;instagram&#8221;:null,&#8221;kwai&#8221;:null,&#8221;rss&#8221;:null,&#8221;twitter&#8221;:null},&#8221;ultimas&#8221;:{&#8220;tab_ultimas&#8221;:[]},&#8221;is_grouping&#8221;:&#8221;false&#8221;,&#8221;node_type&#8221;:&#8221;section&#8221;,&#8221;children&#8221;:[]}]},{&#8220;_id&#8221;:&#8221;\/futebol\/tragedia-no-flamengo&#8221;,&#8221;website&#8221;:&#8221;esportes&#8221;,&#8221;name&#8221;:&#8221;Trag\u00e9dia no Flamengo&#8221;,&#8221;navigation&#8221;:{&#8220;nav_title&#8221;:&#8221;Trag\u00e9dia no Flamengo&#8221;},&#8221;parent&#8221;:{&#8220;default&#8221;:&#8221;https:\/\/esportes.r7.com\/futebol&#8221;,&#8221;header&#8221;:&#8221;https:\/\/esportes.r7.com\/futebol&#8221;},&#8221;_admin&#8221;:{&#8220;alias_ids&#8221;:[&#8220;\/futebol\/tragedia-no-flamengo&#8221;]},&#8221;site&#8221;:{&#8220;site_description&#8221;:&#8221;&#8221;,&#8221;site_title&#8221;:&#8221;Trag\u00e9dia no Flamengo&#8221;},&#8221;inactive&#8221;:false,&#8221;SEO&#8221;:{&#8220;seo_tags&#8221;:[]},&#8221;site_topper&#8221;:{},&#8221;is_grouping&#8221;:&#8221;true&#8221;,&#8221;_website&#8221;:&#8221;esportes&#8221;,&#8221;node_type&#8221;:&#8221;section&#8221;,&#8221;children&#8221;:[]},{&#8220;_id&#8221;:&#8221;\/futebol\/copa-paulista-2024&#8243;,&#8221;_website&#8221;:&#8221;esportes&#8221;,&#8221;name&#8221;:&#8221;Copa Paulista 2024&#8243;,&#8221;inactive&#8221;:false,&#8221;ancestors&#8221;:{&#8220;default&#8221;:[&#8220;https:\/\/esportes.r7.com\/futebol&#8221;]},&#8221;parent&#8221;:{&#8220;default&#8221;:&#8221;https:\/\/esportes.r7.com\/futebol&#8221;},&#8221;SEO&#8221;:{&#8220;og_image_id&#8221;:null,&#8221;seo_description&#8221;:&#8221;Leia as \u00faltimas not\u00edcias da Copa Paulista 2024 no Portal R7. Acompanhe tabela de classifica\u00e7\u00e3o, jogos, v\u00eddeos, resultados e muito mais da Copa Paulista 2024.&#8221;,&#8221;seo_tags&#8221;:[&#8220;copa paulista 2024&#8243;],&#8221;seo_title&#8221;:&#8221;Copa Paulista 2024: not\u00edcias, jogos, resultados &#8211; R7&#8243;,&#8221;title_hotsite&#8221;:null,&#8221;top_url&#8221;:&#8221;https:\/\/esportes.r7.com\/futebol\/copa-paulista-2024&#8243;,&#8221;url_og_image&#8221;:&#8221;https:\/\/media.r7.com\/r7\/media\/topos\/Copa_Paulista_OG.jpg&#8221;},&#8221;age_rating&#8221;:{&#8220;classificacao_etaria&#8221;:null},&#8221;age_rating_description&#8221;:{&#8220;atos_criminosos&#8221;:&#8221;false&#8221;,&#8221;conteudo_sexual&#8221;:&#8221;false&#8221;,&#8221;drogas&#8221;:&#8221;false&#8221;,&#8221;drogas_ilicitas&#8221;:&#8221;false&#8221;,&#8221;drogas_licitas&#8221;:&#8221;false&#8221;,&#8221;linguagem_impropria&#8221;:&#8221;false&#8221;,&#8221;medo&#8221;:&#8221;false&#8221;,&#8221;nudez&#8221;:&#8221;false&#8221;,&#8221;procedimentos_medicos&#8221;:&#8221;false&#8221;,&#8221;sexo_explicito&#8221;:&#8221;false&#8221;,&#8221;temas_sensiveis&#8221;:&#8221;false&#8221;,&#8221;violencia&#8221;:&#8221;false&#8221;,&#8221;violencia_extrema&#8221;:&#8221;false&#8221;,&#8221;violencia_fantasiosa&#8221;:&#8221;false&#8221;},&#8221;area_logada&#8221;:{&#8220;exclusive_content&#8221;:&#8221;true&#8221;},&#8221;navigation&#8221;:{&#8220;menu_url&#8221;:null,&#8221;nav_title&#8221;:&#8221;Copa Paulista 2024&#8243;},&#8221;publicidade&#8221;:{&#8220;disable_adv&#8221;:&#8221;false&#8221;,&#8221;disable_audima_adv&#8221;:&#8221;false&#8221;,&#8221;disable_taboola&#8221;:&#8221;false&#8221;,&#8221;hash&#8221;:&#8221;r7esportes\/futebol\/copapaulista&#8221;},&#8221;site&#8221;:{&#8220;coupon_categories&#8221;:&#8221;departamentos&#8221;,&#8221;disable_refresh&#8221;:&#8221;4&#8243;,&#8221;enable_disclaimer&#8221;:&#8221;false&#8221;,&#8221;pagebuilder_path_for_native_apps&#8221;:null,&#8221;site_about&#8221;:null,&#8221;site_description&#8221;:null,&#8221;site_keywords&#8221;:null,&#8221;site_tagline&#8221;:null,&#8221;site_title&#8221;:null,&#8221;site_url&#8221;:null},&#8221;site_topper&#8221;:{&#8220;section_header_image&#8221;:&#8221;https:\/\/img.r7.com\/images\/copa-paulista-2024-19062024173214087&#8243;,&#8221;section_header_image_id&#8221;:null,&#8221;section_header_image_mobile&#8221;:&#8221;https:\/\/img.r7.com\/images\/copa-paulista-2024-19062024173214315&#8243;,&#8221;section_header_image_mobile_id&#8221;:null,&#8221;section_left_color_top&#8221;:&#8221;#FE2284&#8243;,&#8221;section_primary_color&#8221;:&#8221;#0E8148&#8243;,&#8221;section_right_color_top&#8221;:&#8221;#FE2284&#8243;,&#8221;site_logo_image&#8221;:null},&#8221;social&#8221;:{&#8220;facebook&#8221;:&#8221;https:\/\/www.facebook.com\/R7Esporte\/&#8221;,&#8221;instagram&#8221;:&#8221;https:\/\/www.instagram.com\/r7esportes\/&#8221;,&#8221;rss&#8221;:null,&#8221;twitter&#8221;:&#8221;https:\/\/x.com\/r7esportes&#8221;},&#8221;is_grouping&#8221;:&#8221;false&#8221;,&#8221;node_type&#8221;:&#8221;section&#8221;,&#8221;children&#8221;:[{&#8220;_id&#8221;:&#8221;\/futebol\/copa-paulista-2024\/ao-vivo&#8221;,&#8221;_website&#8221;:&#8221;esportes&#8221;,&#8221;name&#8221;:&#8221;Ao Vivo&#8221;,&#8221;inactive&#8221;:false,&#8221;ancestors&#8221;:{&#8220;default&#8221;:[&#8220;https:\/\/esportes.r7.com\/futebol&#8221;,&#8221;\/futebol\/copa-paulista-2024&#8243;]},&#8221;parent&#8221;:{&#8220;default&#8221;:&#8221;\/futebol\/copa-paulista-2024&#8243;},&#8221;SEO&#8221;:{&#8220;og_image_id&#8221;:null,&#8221;seo_description&#8221;:null,&#8221;seo_tags&#8221;:[],&#8221;seo_title&#8221;:null,&#8221;title_hotsite&#8221;:null,&#8221;top_url&#8221;:null,&#8221;url_og_image&#8221;:null},&#8221;age_rating&#8221;:{&#8220;classificacao_etaria&#8221;:null},&#8221;age_rating_description&#8221;:{&#8220;atos_criminosos&#8221;:&#8221;false&#8221;,&#8221;conteudo_sexual&#8221;:&#8221;false&#8221;,&#8221;drogas&#8221;:&#8221;false&#8221;,&#8221;drogas_ilicitas&#8221;:&#8221;false&#8221;,&#8221;drogas_licitas&#8221;:&#8221;false&#8221;,&#8221;linguagem_impropria&#8221;:&#8221;false&#8221;,&#8221;medo&#8221;:&#8221;false&#8221;,&#8221;nudez&#8221;:&#8221;false&#8221;,&#8221;procedimentos_medicos&#8221;:&#8221;false&#8221;,&#8221;sexo_explicito&#8221;:&#8221;false&#8221;,&#8221;temas_sensiveis&#8221;:&#8221;false&#8221;,&#8221;violencia&#8221;:&#8221;false&#8221;,&#8221;violencia_extrema&#8221;:&#8221;false&#8221;,&#8221;violencia_fantasiosa&#8221;:&#8221;false&#8221;},&#8221;area_logada&#8221;:{&#8220;exclusive_content&#8221;:&#8221;false&#8221;},&#8221;navigation&#8221;:{&#8220;menu_url&#8221;:null,&#8221;nav_title&#8221;:null},&#8221;publicidade&#8221;:{&#8220;disable_adv&#8221;:&#8221;false&#8221;,&#8221;disable_audima_adv&#8221;:&#8221;false&#8221;,&#8221;disable_taboola&#8221;:&#8221;false&#8221;,&#8221;hash&#8221;:&#8221;r7esportes\/futebol\/copapaulista&#8221;},&#8221;site&#8221;:{&#8220;coupon_categories&#8221;:&#8221;departamentos&#8221;,&#8221;disable_refresh&#8221;:&#8221;0&#8243;,&#8221;enable_disclaimer&#8221;:&#8221;false&#8221;,&#8221;pagebuilder_path_for_native_apps&#8221;:null,&#8221;site_about&#8221;:null,&#8221;site_description&#8221;:null,&#8221;site_keywords&#8221;:null,&#8221;site_tagline&#8221;:null,&#8221;site_title&#8221;:null,&#8221;site_url&#8221;:null},&#8221;site_topper&#8221;:{&#8220;section_header_image&#8221;:null,&#8221;section_header_image_id&#8221;:null,&#8221;section_header_image_mobile&#8221;:null,&#8221;section_header_image_mobile_id&#8221;:null,&#8221;section_left_color_top&#8221;:null,&#8221;section_primary_color&#8221;:null,&#8221;section_right_color_top&#8221;:null,&#8221;site_logo_image&#8221;:null},&#8221;social&#8221;:{&#8220;facebook&#8221;:&#8221;https:\/\/www.facebook.com\/R7Esporte\/&#8221;,&#8221;instagram&#8221;:&#8221;https:\/\/www.instagram.com\/r7esportes\/&#8221;,&#8221;rss&#8221;:null,&#8221;twitter&#8221;:&#8221;https:\/\/x.com\/r7esportes&#8221;},&#8221;is_grouping&#8221;:&#8221;false&#8221;,&#8221;node_type&#8221;:&#8221;section&#8221;,&#8221;children&#8221;:[]}]},{&#8220;_id&#8221;:&#8221;\/futebol\/paulistao-feminino-2024&#8243;,&#8221;_website&#8221;:&#8221;esportes&#8221;,&#8221;name&#8221;:&#8221;Paulist\u00e3o Feminino 2024&#8243;,&#8221;inactive&#8221;:false,&#8221;ancestors&#8221;:{&#8220;default&#8221;:[&#8220;https:\/\/esportes.r7.com\/futebol&#8221;]},&#8221;parent&#8221;:{&#8220;default&#8221;:&#8221;https:\/\/esportes.r7.com\/futebol&#8221;},&#8221;SEO&#8221;:{&#8220;og_image_id&#8221;:null,&#8221;seo_description&#8221;:&#8221;Acompanhe o Campeonato Paulista de Futebol Feminino no R7 Futebol. Veja gols, consulte a tabela e muito mais sobre o Paulist\u00e3o no Portal R7.&#8221;,&#8221;seo_tags&#8221;:[&#8220;r7&#8243;,&#8221;paulistao feminino 2024&#8243;,&#8221;tabelas&#8221;,&#8221;jogadores&#8221;,&#8221;jogos&#8221;,&#8221;futebol&#8221;],&#8221;seo_title&#8221;:&#8221;Acompanhe o Paulist\u00e3o Feminino 2024 \u2013 R7 Futebol&#8221;,&#8221;title_hotsite&#8221;:null,&#8221;top_url&#8221;:&#8221;https:\/\/esportes.r7.com\/futebol\/paulistao-feminino-2024\/&#8221;,&#8221;url_og_image&#8221;:&#8221;https:\/\/img.r7.com\/images\/paulistao-feminino-2024-17062024211714747&#8243;},&#8221;age_rating&#8221;:{&#8220;classificacao_etaria&#8221;:null},&#8221;age_rating_description&#8221;:{&#8220;atos_criminosos&#8221;:&#8221;false&#8221;,&#8221;conteudo_sexual&#8221;:&#8221;false&#8221;,&#8221;drogas&#8221;:&#8221;false&#8221;,&#8221;drogas_ilicitas&#8221;:&#8221;false&#8221;,&#8221;drogas_licitas&#8221;:&#8221;false&#8221;,&#8221;linguagem_impropria&#8221;:&#8221;false&#8221;,&#8221;medo&#8221;:&#8221;false&#8221;,&#8221;nudez&#8221;:&#8221;false&#8221;,&#8221;procedimentos_medicos&#8221;:&#8221;false&#8221;,&#8221;sexo_explicito&#8221;:&#8221;false&#8221;,&#8221;temas_sensiveis&#8221;:&#8221;false&#8221;,&#8221;violencia&#8221;:&#8221;false&#8221;,&#8221;violencia_extrema&#8221;:&#8221;false&#8221;,&#8221;violencia_fantasiosa&#8221;:&#8221;false&#8221;},&#8221;area_logada&#8221;:{&#8220;exclusive_content&#8221;:&#8221;false&#8221;},&#8221;navigation&#8221;:{&#8220;menu_url&#8221;:null,&#8221;nav_title&#8221;:null},&#8221;publicidade&#8221;:{&#8220;disable_adv&#8221;:&#8221;false&#8221;,&#8221;disable_audima_adv&#8221;:&#8221;false&#8221;,&#8221;disable_taboola&#8221;:&#8221;false&#8221;,&#8221;hash&#8221;:null},&#8221;site&#8221;:{&#8220;coupon_categories&#8221;:&#8221;departamentos&#8221;,&#8221;disable_refresh&#8221;:&#8221;4&#8243;,&#8221;enable_disclaimer&#8221;:&#8221;false&#8221;,&#8221;pagebuilder_path_for_native_apps&#8221;:null,&#8221;site_about&#8221;:null,&#8221;site_description&#8221;:null,&#8221;site_keywords&#8221;:null,&#8221;site_tagline&#8221;:null,&#8221;site_title&#8221;:null,&#8221;site_url&#8221;:null},&#8221;site_topper&#8221;:{&#8220;section_header_image&#8221;:&#8221;https:\/\/img.r7.com\/images\/paulistao-feminino-2024-17062024211715238&#8243;,&#8221;section_header_image_id&#8221;:null,&#8221;section_header_image_mobile&#8221;:&#8221;https:\/\/img.r7.com\/images\/paulistao-feminino-2024-17062024211715435&#8243;,&#8221;section_header_image_mobile_id&#8221;:null,&#8221;section_left_color_top&#8221;:&#8221;#5E1E68&#8243;,&#8221;section_primary_color&#8221;:&#8221;#0E8148&#8243;,&#8221;section_right_color_top&#8221;:&#8221;#8617A1&#8243;,&#8221;site_logo_image&#8221;:null},&#8221;social&#8221;:{&#8220;facebook&#8221;:&#8221;https:\/\/www.facebook.com\/R7Esporte\/&#8221;,&#8221;instagram&#8221;:&#8221;https:\/\/www.instagram.com\/r7esportes\/&#8221;,&#8221;rss&#8221;:null,&#8221;twitter&#8221;:&#8221;https:\/\/x.com\/r7esportes&#8221;},&#8221;is_grouping&#8221;:&#8221;false&#8221;,&#8221;node_type&#8221;:&#8221;section&#8221;,&#8221;children&#8221;:[]},{&#8220;_id&#8221;:&#8221;\/futebol\/campeonato-sergipano&#8221;,&#8221;_website&#8221;:&#8221;esportes&#8221;,&#8221;name&#8221;:&#8221;Campeonato Sergipano&#8221;,&#8221;inactive&#8221;:false,&#8221;ancestors&#8221;:{&#8220;default&#8221;:[&#8220;https:\/\/esportes.r7.com\/futebol&#8221;]},&#8221;parent&#8221;:{&#8220;default&#8221;:&#8221;https:\/\/esportes.r7.com\/futebol&#8221;},&#8221;SEO&#8221;:{&#8220;og_image_id&#8221;:null,&#8221;seo_description&#8221;:&#8221;Acompanhe o Campeonato Sergipano de Futebol no Portal R7. Saiba tudo sobre os jogos, transmiss\u00e3o ao vivo, resultados, tabela e muito mais.&#8221;,&#8221;seo_tags&#8221;:[&#8220;campeonato sergipano de futebol&#8221;,&#8221;campeonato&#8221;,&#8221;sergipe&#8221;,&#8221;se&#8221;,&#8221;futebol&#8221;,&#8221;r7&#8243;],&#8221;seo_title&#8221;:&#8221;Campeonato Sergipano de Futebol \u2013 Jogos, resultados e mais \u2013 R7&#8243;,&#8221;title_hotsite&#8221;:&#8221;Tabela, not\u00edcias e resultados | Sergip\u00e3o | 2025 | R7&#8243;,&#8221;top_url&#8221;:&#8221;https:\/\/esportes.r7.com\/futebol\/campeonato-sergipano\/&#8221;,&#8221;url_og_image&#8221;:null},&#8221;age_rating&#8221;:{&#8220;classificacao_etaria&#8221;:null},&#8221;age_rating_description&#8221;:{&#8220;atos_criminosos&#8221;:&#8221;false&#8221;,&#8221;conteudo_sexual&#8221;:&#8221;false&#8221;,&#8221;drogas&#8221;:&#8221;false&#8221;,&#8221;drogas_ilicitas&#8221;:&#8221;false&#8221;,&#8221;drogas_licitas&#8221;:&#8221;false&#8221;,&#8221;linguagem_impropria&#8221;:&#8221;false&#8221;,&#8221;medo&#8221;:&#8221;false&#8221;,&#8221;nudez&#8221;:&#8221;false&#8221;,&#8221;procedimentos_medicos&#8221;:&#8221;false&#8221;,&#8221;sexo_explicito&#8221;:&#8221;false&#8221;,&#8221;temas_sensiveis&#8221;:&#8221;false&#8221;,&#8221;violencia&#8221;:&#8221;false&#8221;,&#8221;violencia_extrema&#8221;:&#8221;false&#8221;,&#8221;violencia_fantasiosa&#8221;:&#8221;false&#8221;},&#8221;area_logada&#8221;:{&#8220;exclusive_content&#8221;:&#8221;false&#8221;},&#8221;navigation&#8221;:{&#8220;menu_url&#8221;:&#8221;https:\/\/esportes.r7.com\/futebol\/campeonato-sergipano\/&#8221;,&#8221;nav_title&#8221;:&#8221;Campeonato Sergipano&#8221;},&#8221;publicidade&#8221;:{&#8220;disable_adv&#8221;:&#8221;false&#8221;,&#8221;disable_audima_adv&#8221;:&#8221;false&#8221;,&#8221;disable_taboola&#8221;:&#8221;false&#8221;,&#8221;hash&#8221;:&#8221;R7esportes\/futebol\/campeonatosergipano&#8221;},&#8221;site&#8221;:{&#8220;coupon_categories&#8221;:&#8221;departamentos&#8221;,&#8221;disable_refresh&#8221;:&#8221;0&#8243;,&#8221;enable_disclaimer&#8221;:&#8221;false&#8221;,&#8221;pagebuilder_path_for_native_apps&#8221;:null,&#8221;site_about&#8221;:&#8221;Tabela, not\u00edcias e resultados | Sergip\u00e3o | 2025 | R7&#8243;,&#8221;site_description&#8221;:&#8221;Confira resultados, pr\u00f3ximos jogos, tabela de classifica\u00e7\u00e3o completa, v\u00eddeos e as \u00faltimas not\u00edciasdo Campeonato Sergipano | 2025 | no R7 Esportes&#8221;,&#8221;site_keywords&#8221;:&#8221;campeonato sergipano, sergip\u00e3o, futebol, tabela, classifica\u00e7\u00e3o, resultados &#8220;,&#8221;site_tagline&#8221;:&#8221;Tabela, not\u00edcias e resultados | Sergip\u00e3o | 2025 | R7&#8243;,&#8221;site_title&#8221;:&#8221;Tabela, not\u00edcias e resultados | Sergip\u00e3o | 2025 | R7&#8243;,&#8221;site_url&#8221;:null},&#8221;site_topper&#8221;:{&#8220;section_header_image&#8221;:null,&#8221;section_header_image_id&#8221;:null,&#8221;section_header_image_mobile&#8221;:null,&#8221;section_header_image_mobile_id&#8221;:null,&#8221;section_left_color_top&#8221;:null,&#8221;section_primary_color&#8221;:null,&#8221;section_right_color_top&#8221;:null,&#8221;site_logo_image&#8221;:null},&#8221;social&#8221;:{&#8220;bluesky&#8221;:null,&#8221;facebook&#8221;:&#8221;https:\/\/www.facebook.com\/R7Esportes\/ &#8220;,&#8221;instagram&#8221;:&#8221;https:\/\/www.instagram.com\/r7esportes&#8221;,&#8221;kwai&#8221;:&#8221;https:\/\/www.kwai.com\/@r7esportes &#8220;,&#8221;rss&#8221;:null,&#8221;threads&#8221;:&#8221;https:\/\/www.threads.com\/@r7esportes &#8220;,&#8221;tiktok&#8221;:&#8221;https:\/\/www.tiktok.com\/@r7esportes &#8220;,&#8221;twitter&#8221;:&#8221;https:\/\/x.com\/r7esportes&#8221;,&#8221;whatsapp&#8221;:&#8221;https:\/\/whatsapp.com\/channel\/0029Va5E3ZJFcow2dQ1Q0y2i &#8220;,&#8221;youtube&#8221;:&#8221;https:\/\/www.youtube.com\/@R7Esporte&#8221;},&#8221;ultimas&#8221;:{&#8220;tab_ultimas&#8221;:[]},&#8221;is_grouping&#8221;:&#8221;false&#8221;,&#8221;node_type&#8221;:&#8221;section&#8221;,&#8221;children&#8221;:[{&#8220;_id&#8221;:&#8221;\/futebol\/campeonato-sergipano\/tabela&#8221;,&#8221;_website&#8221;:&#8221;esportes&#8221;,&#8221;name&#8221;:&#8221;Tabela&#8221;,&#8221;inactive&#8221;:false,&#8221;ancestors&#8221;:{&#8220;default&#8221;:[&#8220;https:\/\/esportes.r7.com\/futebol&#8221;,&#8221;\/futebol\/campeonato-sergipano&#8221;]},&#8221;parent&#8221;:{&#8220;default&#8221;:&#8221;\/futebol\/campeonato-sergipano&#8221;},&#8221;SEO&#8221;:{&#8220;og_image_id&#8221;:null,&#8221;seo_description&#8221;:&#8221;Confira a tabela atualizada do Sergipano 2026 no R7! Acompanhe os resultados e a classifica\u00e7\u00e3o do campeonato. Fique por dentro de tudo agora!&#8221;,&#8221;seo_tags&#8221;:[&#8220;Sergipano 2026&#8243;,&#8221;tabela Sergipano&#8221;,&#8221;resultados Sergipano&#8221;,&#8221;classifica\u00e7\u00e3o&#8221;,&#8221;R7&#8243;,&#8221;futebol sergipano&#8221;],&#8221;seo_title&#8221;:&#8221;Veja a Tabela Atualizada do Campeonato Sergipano 2026!&#8221;,&#8221;title_hotsite&#8221;:&#8221;Tabela e jogos | Sergip\u00e3o 2025| R7 Esportes&#8221;,&#8221;top_url&#8221;:&#8221;https:\/\/esportes.r7.com\/futebol\/campeonato-sergipano\/&#8221;,&#8221;url_og_image&#8221;:null},&#8221;age_rating&#8221;:{&#8220;classificacao_etaria&#8221;:null},&#8221;age_rating_description&#8221;:{&#8220;atos_criminosos&#8221;:&#8221;false&#8221;,&#8221;conteudo_sexual&#8221;:&#8221;false&#8221;,&#8221;drogas&#8221;:&#8221;false&#8221;,&#8221;drogas_ilicitas&#8221;:&#8221;false&#8221;,&#8221;drogas_licitas&#8221;:&#8221;false&#8221;,&#8221;linguagem_impropria&#8221;:&#8221;false&#8221;,&#8221;medo&#8221;:&#8221;false&#8221;,&#8221;nudez&#8221;:&#8221;false&#8221;,&#8221;procedimentos_medicos&#8221;:&#8221;false&#8221;,&#8221;sexo_explicito&#8221;:&#8221;false&#8221;,&#8221;temas_sensiveis&#8221;:&#8221;false&#8221;,&#8221;violencia&#8221;:&#8221;false&#8221;,&#8221;violencia_extrema&#8221;:&#8221;false&#8221;,&#8221;violencia_fantasiosa&#8221;:&#8221;false&#8221;},&#8221;area_logada&#8221;:{&#8220;exclusive_content&#8221;:&#8221;false&#8221;},&#8221;navigation&#8221;:{&#8220;menu_url&#8221;:null,&#8221;nav_title&#8221;:null},&#8221;newsletter&#8221;:{&#8220;id&#8221;:null},&#8221;publicidade&#8221;:{&#8220;disable_adv&#8221;:&#8221;false&#8221;,&#8221;disable_audima_adv&#8221;:&#8221;false&#8221;,&#8221;disable_taboola&#8221;:&#8221;false&#8221;,&#8221;hash&#8221;:null},&#8221;site&#8221;:{&#8220;coupon_categories&#8221;:&#8221;departamentos&#8221;,&#8221;disable_refresh&#8221;:&#8221;4&#8243;,&#8221;enable_disclaimer&#8221;:&#8221;false&#8221;,&#8221;pagebuilder_path_for_native_apps&#8221;:null,&#8221;site_about&#8221;:&#8221;Tabela e jogos | Sergip\u00e3o 2025| R7 Esportes&#8221;,&#8221;site_description&#8221;:&#8221;Campeonato Sergipano com tabela de classifica\u00e7\u00e3o atualizada \u00e9 no R7 Esportes! Confira os pr\u00f3ximos jogos, not\u00edcias e muito mais.&#8221;,&#8221;site_keywords&#8221;:&#8221;Tabela. resultados, campeonato sergipano, sergip\u00e3o, r7 esportes&#8221;,&#8221;site_tagline&#8221;:&#8221;Tabela e jogos | Sergip\u00e3o 2025| R7 Esportes&#8221;,&#8221;site_title&#8221;:&#8221;Tabela e jogos | Sergip\u00e3o 2025| R7 Esportes&#8221;,&#8221;site_url&#8221;:null},&#8221;site_topper&#8221;:{&#8220;section_header_image&#8221;:null,&#8221;section_header_image_id&#8221;:null,&#8221;section_header_image_mobile&#8221;:null,&#8221;section_header_image_mobile_id&#8221;:null,&#8221;section_left_color_top&#8221;:null,&#8221;section_primary_color&#8221;:null,&#8221;section_right_color_top&#8221;:null,&#8221;site_logo_image&#8221;:null},&#8221;social&#8221;:{&#8220;facebook&#8221;:null,&#8221;instagram&#8221;:null,&#8221;kwai&#8221;:null,&#8221;rss&#8221;:null,&#8221;twitter&#8221;:null},&#8221;ultimas&#8221;:{&#8220;tab_ultimas&#8221;:[]},&#8221;is_grouping&#8221;:&#8221;false&#8221;,&#8221;node_type&#8221;:&#8221;section&#8221;,&#8221;children&#8221;:[]},{&#8220;_id&#8221;:&#8221;\/futebol\/campeonato-sergipano\/ao-vivo&#8221;,&#8221;_website&#8221;:&#8221;esportes&#8221;,&#8221;name&#8221;:&#8221;Ao vivo&#8221;,&#8221;inactive&#8221;:false,&#8221;ancestors&#8221;:{&#8220;default&#8221;:[&#8220;https:\/\/esportes.r7.com\/futebol&#8221;,&#8221;\/futebol\/campeonato-sergipano&#8221;]},&#8221;parent&#8221;:{&#8220;default&#8221;:&#8221;\/futebol\/campeonato-sergipano&#8221;},&#8221;SEO&#8221;:{&#8220;og_image_id&#8221;:null,&#8221;seo_description&#8221;:&#8221;Acompanhe o Campeonato Sergipano de Futebol no Portal R7. Saiba tudo sobre os jogos, transmiss\u00e3o ao vivo, resultados, tabela e muito mais.&#8221;,&#8221;seo_tags&#8221;:[&#8220;sergip\u00e3o&#8221;,&#8221;tabela&#8221;,&#8221;classifica\u00e7\u00e3o&#8221;,&#8221;resultados&#8221;,&#8221;campeonato sergipano de futebol&#8221;,&#8221;campeonato&#8221;,&#8221;sergipe&#8221;,&#8221;futebol&#8221;,&#8221;r7&#8243;],&#8221;seo_title&#8221;:&#8221;Ao Vivo | Sergip\u00e3o 2026| R7 Esportes&#8221;,&#8221;title_hotsite&#8221;:&#8221;Ao Vivo | Sergip\u00e3o 2026| R7 Esportes&#8221;,&#8221;top_url&#8221;:&#8221;https:\/\/esportes.r7.com\/futebol\/campeonato-sergipano\/&#8221;,&#8221;url_og_image&#8221;:null},&#8221;_admin&#8221;:{&#8220;alias_ids&#8221;:[&#8220;\/futebol\/campeonato-sergipano\/ao-vivo&#8221;]},&#8221;age_rating&#8221;:{&#8220;classificacao_etaria&#8221;:null},&#8221;age_rating_description&#8221;:{&#8220;atos_criminosos&#8221;:&#8221;false&#8221;,&#8221;conteudo_sexual&#8221;:&#8221;false&#8221;,&#8221;drogas&#8221;:&#8221;false&#8221;,&#8221;drogas_ilicitas&#8221;:&#8221;false&#8221;,&#8221;drogas_licitas&#8221;:&#8221;false&#8221;,&#8221;linguagem_impropria&#8221;:&#8221;false&#8221;,&#8221;medo&#8221;:&#8221;false&#8221;,&#8221;nudez&#8221;:&#8221;false&#8221;,&#8221;procedimentos_medicos&#8221;:&#8221;false&#8221;,&#8221;sexo_explicito&#8221;:&#8221;false&#8221;,&#8221;temas_sensiveis&#8221;:&#8221;false&#8221;,&#8221;violencia&#8221;:&#8221;false&#8221;,&#8221;violencia_extrema&#8221;:&#8221;false&#8221;,&#8221;violencia_fantasiosa&#8221;:&#8221;false&#8221;},&#8221;area_logada&#8221;:{&#8220;exclusive_content&#8221;:&#8221;true&#8221;},&#8221;navigation&#8221;:{&#8220;menu_url&#8221;:null,&#8221;nav_title&#8221;:null},&#8221;newsletter&#8221;:{&#8220;id&#8221;:null},&#8221;publicidade&#8221;:{&#8220;disable_adv&#8221;:&#8221;false&#8221;,&#8221;disable_audima_adv&#8221;:&#8221;false&#8221;,&#8221;disable_taboola&#8221;:&#8221;false&#8221;,&#8221;hash&#8221;:null},&#8221;site&#8221;:{&#8220;coupon_categories&#8221;:&#8221;departamentos&#8221;,&#8221;disable_refresh&#8221;:&#8221;4&#8243;,&#8221;enable_disclaimer&#8221;:&#8221;false&#8221;,&#8221;pagebuilder_path_for_native_apps&#8221;:null,&#8221;site_about&#8221;:null,&#8221;site_description&#8221;:null,&#8221;site_keywords&#8221;:null,&#8221;site_tagline&#8221;:null,&#8221;site_title&#8221;:null,&#8221;site_url&#8221;:null},&#8221;site_topper&#8221;:{&#8220;section_header_image&#8221;:null,&#8221;section_header_image_id&#8221;:null,&#8221;section_header_image_mobile&#8221;:null,&#8221;section_header_image_mobile_id&#8221;:null,&#8221;section_left_color_top&#8221;:null,&#8221;section_primary_color&#8221;:null,&#8221;section_right_color_top&#8221;:null,&#8221;site_logo_image&#8221;:null},&#8221;social&#8221;:{&#8220;facebook&#8221;:null,&#8221;instagram&#8221;:null,&#8221;kwai&#8221;:null,&#8221;rss&#8221;:null,&#8221;twitter&#8221;:null},&#8221;ultimas&#8221;:{&#8220;tab_ultimas&#8221;:[]},&#8221;is_grouping&#8221;:&#8221;false&#8221;,&#8221;node_type&#8221;:&#8221;section&#8221;,&#8221;children&#8221;:[]}]},{&#8220;_id&#8221;:&#8221;\/futebol\/campeonato-brasiliense&#8221;,&#8221;_website&#8221;:&#8221;esportes&#8221;,&#8221;name&#8221;:&#8221;Campeonato Brasiliense&#8221;,&#8221;inactive&#8221;:false,&#8221;ancestors&#8221;:{&#8220;default&#8221;:[&#8220;https:\/\/esportes.r7.com\/futebol&#8221;]},&#8221;parent&#8221;:{&#8220;default&#8221;:&#8221;https:\/\/esportes.r7.com\/futebol&#8221;},&#8221;SEO&#8221;:{&#8220;og_image_id&#8221;:null,&#8221;seo_description&#8221;:&#8221;Acompanhe o Campeonato Brasiliense de Futebol no Portal R7. Saiba tudo sobre os jogos, transmiss\u00e3o ao vivo, resultados, tabela e muito mais do Candang\u00e3o.&#8221;,&#8221;seo_tags&#8221;:[&#8220;campeonato brasiliense de futebol, &#8220;,&#8221;campeonato, &#8220;,&#8221;brasilia, &#8220;,&#8221;df, &#8220;,&#8221;futebol, &#8220;,&#8221;r7&#8243;],&#8221;seo_title&#8221;:&#8221;Campeonato Brasiliense de Futebol \u2013 Jogos, resultados e mais \u2013 R7&#8243;,&#8221;title_hotsite&#8221;:null,&#8221;top_url&#8221;:&#8221;https:\/\/esportes.r7.com\/futebol\/campeonato-brasiliense\/&#8221;,&#8221;url_og_image&#8221;:null},&#8221;age_rating&#8221;:{&#8220;classificacao_etaria&#8221;:null},&#8221;age_rating_description&#8221;:{&#8220;atos_criminosos&#8221;:&#8221;false&#8221;,&#8221;conteudo_sexual&#8221;:&#8221;false&#8221;,&#8221;drogas&#8221;:&#8221;false&#8221;,&#8221;drogas_ilicitas&#8221;:&#8221;false&#8221;,&#8221;drogas_licitas&#8221;:&#8221;false&#8221;,&#8221;linguagem_impropria&#8221;:&#8221;false&#8221;,&#8221;medo&#8221;:&#8221;false&#8221;,&#8221;nudez&#8221;:&#8221;false&#8221;,&#8221;procedimentos_medicos&#8221;:&#8221;false&#8221;,&#8221;sexo_explicito&#8221;:&#8221;false&#8221;,&#8221;temas_sensiveis&#8221;:&#8221;false&#8221;,&#8221;violencia&#8221;:&#8221;false&#8221;,&#8221;violencia_extrema&#8221;:&#8221;false&#8221;,&#8221;violencia_fantasiosa&#8221;:&#8221;false&#8221;},&#8221;area_logada&#8221;:{&#8220;exclusive_content&#8221;:&#8221;false&#8221;},&#8221;navigation&#8221;:{&#8220;menu_url&#8221;:null,&#8221;nav_title&#8221;:null},&#8221;publicidade&#8221;:{&#8220;disable_adv&#8221;:&#8221;false&#8221;,&#8221;disable_audima_adv&#8221;:&#8221;false&#8221;,&#8221;disable_taboola&#8221;:&#8221;false&#8221;,&#8221;hash&#8221;:&#8221;R7esportes\/futebol\/campeonatobrasiliense&#8221;},&#8221;site&#8221;:{&#8220;coupon_categories&#8221;:&#8221;departamentos&#8221;,&#8221;disable_refresh&#8221;:&#8221;4&#8243;,&#8221;enable_disclaimer&#8221;:&#8221;false&#8221;,&#8221;pagebuilder_path_for_native_apps&#8221;:null,&#8221;site_about&#8221;:&#8221;Tabela, not\u00edcias e resultados | Candang\u00e3o | 2025 | R7&#8243;,&#8221;site_description&#8221;:&#8221;Confira resultados, pr\u00f3ximos jogos, tabela de classifica\u00e7\u00e3o completa, v\u00eddeos e as \u00faltimas not\u00edciasdo Campeonato Brasiliense | 2025 | no R7 Esportes&#8221;,&#8221;site_keywords&#8221;:&#8221;candangao, campeonato brasiliense, futebol, classifica\u00e7\u00e3o, resultados, tabela&#8221;,&#8221;site_tagline&#8221;:&#8221;Tabela, not\u00edcias e resultados | Candang\u00e3o | 2025 | R7&#8243;,&#8221;site_title&#8221;:&#8221;Tabela, not\u00edcias e resultados | Candang\u00e3o | 2025 | R7&#8243;,&#8221;site_url&#8221;:null},&#8221;site_topper&#8221;:{&#8220;section_header_image&#8221;:null,&#8221;section_header_image_id&#8221;:null,&#8221;section_header_image_mobile&#8221;:null,&#8221;section_header_image_mobile_id&#8221;:null,&#8221;section_left_color_top&#8221;:null,&#8221;section_primary_color&#8221;:null,&#8221;section_right_color_top&#8221;:null,&#8221;site_logo_image&#8221;:null},&#8221;social&#8221;:{&#8220;bluesky&#8221;:null,&#8221;facebook&#8221;:&#8221;https:\/\/www.facebook.com\/R7Esportes\/ &#8220;,&#8221;instagram&#8221;:&#8221;https:\/\/www.instagram.com\/r7esportes\/ &#8220;,&#8221;kwai&#8221;:&#8221;https:\/\/www.kwai.com\/@r7esportes &#8220;,&#8221;rss&#8221;:null,&#8221;threads&#8221;:&#8221;https:\/\/www.threads.com\/@r7esportes &#8220;,&#8221;tiktok&#8221;:&#8221;https:\/\/www.tiktok.com\/@r7esportes &#8220;,&#8221;twitter&#8221;:&#8221;https:\/\/x.com\/r7esportes &#8220;,&#8221;whatsapp&#8221;:&#8221;https:\/\/whatsapp.com\/channel\/0029Va5E3ZJFcow2dQ1Q0y2i &#8220;,&#8221;youtube&#8221;:&#8221;https:\/\/www.youtube.com\/@R7Esporte&#8221;},&#8221;ultimas&#8221;:{&#8220;tab_ultimas&#8221;:[]},&#8221;is_grouping&#8221;:&#8221;false&#8221;,&#8221;node_type&#8221;:&#8221;section&#8221;,&#8221;children&#8221;:[{&#8220;_id&#8221;:&#8221;\/futebol\/campeonato-brasiliense\/tabela&#8221;,&#8221;_website&#8221;:&#8221;esportes&#8221;,&#8221;name&#8221;:&#8221;Tabela&#8221;,&#8221;inactive&#8221;:false,&#8221;ancestors&#8221;:{&#8220;default&#8221;:[&#8220;https:\/\/esportes.r7.com\/futebol&#8221;,&#8221;\/futebol\/campeonato-brasiliense&#8221;]},&#8221;parent&#8221;:{&#8220;default&#8221;:&#8221;\/futebol\/campeonato-brasiliense&#8221;},&#8221;SEO&#8221;:{&#8220;og_image_id&#8221;:null,&#8221;seo_description&#8221;:&#8221;Campeonato Brasiliense com tabela de classifica\u00e7\u00e3o atualizada \u00e9 no R7 Esportes! Confira os pr\u00f3ximos jogos, not\u00edcias e muito mais.&#8221;,&#8221;seo_tags&#8221;:[&#8220;portal r7&#8243;,&#8221;r7 esportes&#8221;,&#8221;classifica\u00e7\u00e3o&#8221;,&#8221;tabela&#8221;,&#8221;esportes&#8221;,&#8221;futebol&#8221;,&#8221;campeonato brasiliense&#8221;,&#8221;candag\u00e3o&#8221;],&#8221;seo_title&#8221;:&#8221;Tabela e jogos | Cadang\u00e3o 2025| R7 Esportes&#8221;,&#8221;title_hotsite&#8221;:&#8221;Tabela e jogos | Cadang\u00e3o 2025| R7 Esportes&#8221;,&#8221;top_url&#8221;:&#8221;https:\/\/esportes.r7.com\/futebol\/campeonato-brasiliense\/&#8221;,&#8221;url_og_image&#8221;:null},&#8221;age_rating&#8221;:{&#8220;classificacao_etaria&#8221;:null},&#8221;age_rating_description&#8221;:{&#8220;atos_criminosos&#8221;:&#8221;false&#8221;,&#8221;conteudo_sexual&#8221;:&#8221;false&#8221;,&#8221;drogas&#8221;:&#8221;false&#8221;,&#8221;drogas_ilicitas&#8221;:&#8221;false&#8221;,&#8221;drogas_licitas&#8221;:&#8221;false&#8221;,&#8221;linguagem_impropria&#8221;:&#8221;false&#8221;,&#8221;medo&#8221;:&#8221;false&#8221;,&#8221;nudez&#8221;:&#8221;false&#8221;,&#8221;procedimentos_medicos&#8221;:&#8221;false&#8221;,&#8221;sexo_explicito&#8221;:&#8221;false&#8221;,&#8221;temas_sensiveis&#8221;:&#8221;false&#8221;,&#8221;violencia&#8221;:&#8221;false&#8221;,&#8221;violencia_extrema&#8221;:&#8221;false&#8221;,&#8221;violencia_fantasiosa&#8221;:&#8221;false&#8221;},&#8221;area_logada&#8221;:{&#8220;exclusive_content&#8221;:&#8221;false&#8221;},&#8221;navigation&#8221;:{&#8220;menu_url&#8221;:null,&#8221;nav_title&#8221;:null},&#8221;newsletter&#8221;:{&#8220;id&#8221;:null},&#8221;publicidade&#8221;:{&#8220;disable_adv&#8221;:&#8221;false&#8221;,&#8221;disable_audima_adv&#8221;:&#8221;false&#8221;,&#8221;disable_taboola&#8221;:&#8221;false&#8221;,&#8221;hash&#8221;:null},&#8221;site&#8221;:{&#8220;coupon_categories&#8221;:&#8221;departamentos&#8221;,&#8221;disable_refresh&#8221;:&#8221;4&#8243;,&#8221;enable_disclaimer&#8221;:&#8221;false&#8221;,&#8221;pagebuilder_path_for_native_apps&#8221;:null,&#8221;site_about&#8221;:&#8221;Tabela e jogos | Cadang\u00e3o 2025| R7 Esportes&#8221;,&#8221;site_description&#8221;:&#8221;Campeonato Brasiliense com tabela de classifica\u00e7\u00e3o atualizada \u00e9 no R7 Esportes! Confira os pr\u00f3ximos jogos, not\u00edcias e muito mais.&#8221;,&#8221;site_keywords&#8221;:&#8221;candang\u00e3o, candangao, tabela, classifica\u00e7\u00e3o, futebol, campeonato brasiliense, esportes, r7 esportes, portal r7&#8243;,&#8221;site_tagline&#8221;:&#8221;Tabela e jogos | Cadang\u00e3o 2025| R7 Esportes&#8221;,&#8221;site_title&#8221;:&#8221;Tabela e jogos | Cadang\u00e3o 2025| R7 Esportes&#8221;,&#8221;site_url&#8221;:null},&#8221;site_topper&#8221;:{&#8220;section_header_image&#8221;:null,&#8221;section_header_image_id&#8221;:null,&#8221;section_header_image_mobile&#8221;:null,&#8221;section_header_image_mobile_id&#8221;:null,&#8221;section_left_color_top&#8221;:null,&#8221;section_primary_color&#8221;:null,&#8221;section_right_color_top&#8221;:null,&#8221;site_logo_image&#8221;:null},&#8221;social&#8221;:{&#8220;facebook&#8221;:null,&#8221;instagram&#8221;:null,&#8221;kwai&#8221;:null,&#8221;rss&#8221;:null,&#8221;twitter&#8221;:null},&#8221;ultimas&#8221;:{&#8220;tab_ultimas&#8221;:[]},&#8221;is_grouping&#8221;:&#8221;false&#8221;,&#8221;node_type&#8221;:&#8221;section&#8221;,&#8221;children&#8221;:[]},{&#8220;_id&#8221;:&#8221;\/futebol\/campeonato-brasiliense\/ao-vivo&#8221;,&#8221;_website&#8221;:&#8221;esportes&#8221;,&#8221;name&#8221;:&#8221;Ao vivo&#8221;,&#8221;inactive&#8221;:false,&#8221;ancestors&#8221;:{&#8220;default&#8221;:[&#8220;https:\/\/esportes.r7.com\/futebol&#8221;,&#8221;\/futebol\/campeonato-brasiliense&#8221;]},&#8221;parent&#8221;:{&#8220;default&#8221;:&#8221;\/futebol\/campeonato-brasiliense&#8221;},&#8221;SEO&#8221;:{&#8220;og_image_id&#8221;:null,&#8221;seo_description&#8221;:&#8221;Acompanhe o Campeonato Brasiliense de Futebol no Portal R7. Saiba tudo sobre os jogos, transmiss\u00e3o ao vivo, resultados, tabela e muito mais do Candang\u00e3o.&#8221;,&#8221;seo_tags&#8221;:[&#8220;portal r7&#8243;,&#8221;r7 esportes&#8221;,&#8221;classifica\u00e7\u00e3o&#8221;,&#8221;ao vivo&#8221;,&#8221;esportes&#8221;,&#8221;futebol&#8221;,&#8221;campeonato brasiliense&#8221;,&#8221;candag\u00e3o&#8221;],&#8221;seo_title&#8221;:&#8221;Ao Vivo  | Cadang\u00e3o 2026| R7 Esportes&#8221;,&#8221;title_hotsite&#8221;:&#8221;Ao Vivo  | Cadang\u00e3o 2026| R7 Esportes&#8221;,&#8221;top_url&#8221;:&#8221;https:\/\/esportes.r7.com\/futebol\/campeonato-brasiliense\/&#8221;,&#8221;url_og_image&#8221;:null},&#8221;_admin&#8221;:{&#8220;alias_ids&#8221;:[&#8220;\/futebol\/campeonato-brasiliense\/ao-vivo&#8221;]},&#8221;age_rating&#8221;:{&#8220;classificacao_etaria&#8221;:null},&#8221;age_rating_description&#8221;:{&#8220;atos_criminosos&#8221;:&#8221;false&#8221;,&#8221;conteudo_sexual&#8221;:&#8221;false&#8221;,&#8221;drogas&#8221;:&#8221;false&#8221;,&#8221;drogas_ilicitas&#8221;:&#8221;false&#8221;,&#8221;drogas_licitas&#8221;:&#8221;false&#8221;,&#8221;linguagem_impropria&#8221;:&#8221;false&#8221;,&#8221;medo&#8221;:&#8221;false&#8221;,&#8221;nudez&#8221;:&#8221;false&#8221;,&#8221;procedimentos_medicos&#8221;:&#8221;false&#8221;,&#8221;sexo_explicito&#8221;:&#8221;false&#8221;,&#8221;temas_sensiveis&#8221;:&#8221;false&#8221;,&#8221;violencia&#8221;:&#8221;false&#8221;,&#8221;violencia_extrema&#8221;:&#8221;false&#8221;,&#8221;violencia_fantasiosa&#8221;:&#8221;false&#8221;},&#8221;area_logada&#8221;:{&#8220;exclusive_content&#8221;:&#8221;true&#8221;},&#8221;navigation&#8221;:{&#8220;menu_url&#8221;:null,&#8221;nav_title&#8221;:null},&#8221;newsletter&#8221;:{&#8220;id&#8221;:null},&#8221;publicidade&#8221;:{&#8220;disable_adv&#8221;:&#8221;false&#8221;,&#8221;disable_audima_adv&#8221;:&#8221;false&#8221;,&#8221;disable_taboola&#8221;:&#8221;false&#8221;,&#8221;hash&#8221;:null},&#8221;site&#8221;:{&#8220;coupon_categories&#8221;:&#8221;departamentos&#8221;,&#8221;disable_refresh&#8221;:&#8221;4&#8243;,&#8221;enable_disclaimer&#8221;:&#8221;false&#8221;,&#8221;pagebuilder_path_for_native_apps&#8221;:null,&#8221;site_about&#8221;:null,&#8221;site_description&#8221;:null,&#8221;site_keywords&#8221;:null,&#8221;site_tagline&#8221;:null,&#8221;site_title&#8221;:null,&#8221;site_url&#8221;:null},&#8221;site_topper&#8221;:{&#8220;section_header_image&#8221;:null,&#8221;section_header_image_id&#8221;:null,&#8221;section_header_image_mobile&#8221;:null,&#8221;section_header_image_mobile_id&#8221;:null,&#8221;section_left_color_top&#8221;:null,&#8221;section_primary_color&#8221;:null,&#8221;section_right_color_top&#8221;:null,&#8221;site_logo_image&#8221;:null},&#8221;social&#8221;:{&#8220;facebook&#8221;:null,&#8221;instagram&#8221;:null,&#8221;kwai&#8221;:null,&#8221;rss&#8221;:null,&#8221;twitter&#8221;:null},&#8221;ultimas&#8221;:{&#8220;tab_ultimas&#8221;:[]},&#8221;is_grouping&#8221;:&#8221;false&#8221;,&#8221;node_type&#8221;:&#8221;section&#8221;,&#8221;children&#8221;:[]}]},{&#8220;_id&#8221;:&#8221;\/futebol\/campeonato-amapaense&#8221;,&#8221;_website&#8221;:&#8221;esportes&#8221;,&#8221;name&#8221;:&#8221;Campeonato Amapaense&#8221;,&#8221;inactive&#8221;:false,&#8221;ancestors&#8221;:{&#8220;default&#8221;:[&#8220;https:\/\/esportes.r7.com\/futebol&#8221;]},&#8221;parent&#8221;:{&#8220;default&#8221;:&#8221;https:\/\/esportes.r7.com\/futebol&#8221;},&#8221;SEO&#8221;:{&#8220;og_image_id&#8221;:null,&#8221;seo_description&#8221;:&#8221;Acompanhe o Campeonato Amapaense de Futebol no Portal R7. Saiba tudo sobre os jogos, transmiss\u00e3o ao vivo, resultados, tabela e muito mais do Amapaz\u00e3o.&#8221;,&#8221;seo_tags&#8221;:[&#8220;campeonato amapaense de futebol&#8221;,&#8221;Campeonato &#8220;,&#8221;amapa&#8221;,&#8221;ap&#8221;,&#8221;futebol&#8221;,&#8221;r7 &#8220;],&#8221;seo_title&#8221;:&#8221;Campeonato Amapaense de Futebol \u2013 Jogos, resultados e mais \u2013 R7&#8243;,&#8221;title_hotsite&#8221;:null,&#8221;top_url&#8221;:&#8221;https:\/\/esportes.r7.com\/futebol\/campeonato-amapaense\/&#8221;,&#8221;url_og_image&#8221;:null},&#8221;age_rating&#8221;:{&#8220;classificacao_etaria&#8221;:null},&#8221;age_rating_description&#8221;:{&#8220;atos_criminosos&#8221;:&#8221;false&#8221;,&#8221;conteudo_sexual&#8221;:&#8221;false&#8221;,&#8221;drogas&#8221;:&#8221;false&#8221;,&#8221;drogas_ilicitas&#8221;:&#8221;false&#8221;,&#8221;drogas_licitas&#8221;:&#8221;false&#8221;,&#8221;linguagem_impropria&#8221;:&#8221;false&#8221;,&#8221;medo&#8221;:&#8221;false&#8221;,&#8221;nudez&#8221;:&#8221;false&#8221;,&#8221;procedimentos_medicos&#8221;:&#8221;false&#8221;,&#8221;sexo_explicito&#8221;:&#8221;false&#8221;,&#8221;temas_sensiveis&#8221;:&#8221;false&#8221;,&#8221;violencia&#8221;:&#8221;false&#8221;,&#8221;violencia_extrema&#8221;:&#8221;false&#8221;,&#8221;violencia_fantasiosa&#8221;:&#8221;false&#8221;},&#8221;area_logada&#8221;:{&#8220;exclusive_content&#8221;:&#8221;false&#8221;},&#8221;navigation&#8221;:{&#8220;menu_url&#8221;:null,&#8221;nav_title&#8221;:null},&#8221;publicidade&#8221;:{&#8220;disable_adv&#8221;:&#8221;false&#8221;,&#8221;disable_audima_adv&#8221;:&#8221;false&#8221;,&#8221;disable_taboola&#8221;:&#8221;false&#8221;,&#8221;hash&#8221;:&#8221;R7esportes\/futebol\/campeonatoamapaense&#8221;},&#8221;site&#8221;:{&#8220;coupon_categories&#8221;:&#8221;departamentos&#8221;,&#8221;disable_refresh&#8221;:&#8221;4&#8243;,&#8221;enable_disclaimer&#8221;:&#8221;false&#8221;,&#8221;pagebuilder_path_for_native_apps&#8221;:null,&#8221;site_about&#8221;:null,&#8221;site_description&#8221;:null,&#8221;site_keywords&#8221;:null,&#8221;site_tagline&#8221;:null,&#8221;site_title&#8221;:null,&#8221;site_url&#8221;:null},&#8221;site_topper&#8221;:{&#8220;section_header_image&#8221;:null,&#8221;section_header_image_id&#8221;:null,&#8221;section_header_image_mobile&#8221;:null,&#8221;section_header_image_mobile_id&#8221;:null,&#8221;section_left_color_top&#8221;:null,&#8221;section_primary_color&#8221;:null,&#8221;section_right_color_top&#8221;:null,&#8221;site_logo_image&#8221;:null},&#8221;social&#8221;:{&#8220;facebook&#8221;:null,&#8221;instagram&#8221;:null,&#8221;kwai&#8221;:null,&#8221;rss&#8221;:null,&#8221;twitter&#8221;:null},&#8221;ultimas&#8221;:{&#8220;tab_ultimas&#8221;:[]},&#8221;is_grouping&#8221;:&#8221;false&#8221;,&#8221;node_type&#8221;:&#8221;section&#8221;,&#8221;children&#8221;:[{&#8220;_id&#8221;:&#8221;\/futebol\/campeonato-amapaense\/tabela&#8221;,&#8221;_website&#8221;:&#8221;esportes&#8221;,&#8221;name&#8221;:&#8221;Tabela&#8221;,&#8221;inactive&#8221;:false,&#8221;ancestors&#8221;:{&#8220;default&#8221;:[&#8220;https:\/\/esportes.r7.com\/futebol&#8221;,&#8221;\/futebol\/campeonato-amapaense&#8221;]},&#8221;parent&#8221;:{&#8220;default&#8221;:&#8221;\/futebol\/campeonato-amapaense&#8221;},&#8221;SEO&#8221;:{&#8220;og_image_id&#8221;:null,&#8221;seo_description&#8221;:&#8221;Campeonato Amapaense com tabela de classifica\u00e7\u00e3o atualizada \u00e9 no R7 Esportes! Confira os pr\u00f3ximos jogos, not\u00edcias e muito mais.&#8221;,&#8221;seo_tags&#8221;:[&#8220;Amap\u00e3o&#8221;,&#8221;Campeonato Amapense&#8221;,&#8221;Classifica\u00e7\u00e3o&#8221;,&#8221;Tabela&#8221;,&#8221;R7 Esportes&#8221;],&#8221;seo_title&#8221;:&#8221;Tabela e jogos | Amap\u00e3o 2025| R7 Esportes&#8221;,&#8221;title_hotsite&#8221;:&#8221;Tabela e jogos | Amap\u00e3o 2025| R7 Esportes&#8221;,&#8221;top_url&#8221;:&#8221;https:\/\/esportes.r7.com\/futebol\/campeonato-amapaense\/&#8221;,&#8221;url_og_image&#8221;:null},&#8221;age_rating&#8221;:{&#8220;classificacao_etaria&#8221;:null},&#8221;age_rating_description&#8221;:{&#8220;atos_criminosos&#8221;:&#8221;false&#8221;,&#8221;conteudo_sexual&#8221;:&#8221;false&#8221;,&#8221;drogas&#8221;:&#8221;false&#8221;,&#8221;drogas_ilicitas&#8221;:&#8221;false&#8221;,&#8221;drogas_licitas&#8221;:&#8221;false&#8221;,&#8221;linguagem_impropria&#8221;:&#8221;false&#8221;,&#8221;medo&#8221;:&#8221;false&#8221;,&#8221;nudez&#8221;:&#8221;false&#8221;,&#8221;procedimentos_medicos&#8221;:&#8221;false&#8221;,&#8221;sexo_explicito&#8221;:&#8221;false&#8221;,&#8221;temas_sensiveis&#8221;:&#8221;false&#8221;,&#8221;violencia&#8221;:&#8221;false&#8221;,&#8221;violencia_extrema&#8221;:&#8221;false&#8221;,&#8221;violencia_fantasiosa&#8221;:&#8221;false&#8221;},&#8221;area_logada&#8221;:{&#8220;exclusive_content&#8221;:&#8221;false&#8221;},&#8221;navigation&#8221;:{&#8220;menu_url&#8221;:null,&#8221;nav_title&#8221;:null},&#8221;newsletter&#8221;:{&#8220;id&#8221;:null},&#8221;publicidade&#8221;:{&#8220;disable_adv&#8221;:&#8221;false&#8221;,&#8221;disable_audima_adv&#8221;:&#8221;false&#8221;,&#8221;disable_taboola&#8221;:&#8221;false&#8221;,&#8221;hash&#8221;:null},&#8221;site&#8221;:{&#8220;coupon_categories&#8221;:&#8221;departamentos&#8221;,&#8221;disable_refresh&#8221;:&#8221;4&#8243;,&#8221;enable_disclaimer&#8221;:&#8221;false&#8221;,&#8221;pagebuilder_path_for_native_apps&#8221;:null,&#8221;site_about&#8221;:&#8221;Tabela e jogos | Amap\u00e3o 2025| R7 Esportes&#8221;,&#8221;site_description&#8221;:&#8221;Campeonato Amapaense com tabela de classifica\u00e7\u00e3o atualizada \u00e9 no R7 Esportes! Confira os pr\u00f3ximos jogos, not\u00edcias e muito mais.&#8221;,&#8221;site_keywords&#8221;:&#8221;Tabela, classifica\u00e7\u00e3o, campeonato amapaense, amap\u00e3o, r7 esportes&#8221;,&#8221;site_tagline&#8221;:&#8221;Tabela e jogos | Amap\u00e3o 2025| R7 Esportes&#8221;,&#8221;site_title&#8221;:&#8221;Tabela e jogos | Amap\u00e3o 2025| R7 Esportes&#8221;,&#8221;site_url&#8221;:null},&#8221;site_topper&#8221;:{&#8220;section_header_image&#8221;:null,&#8221;section_header_image_id&#8221;:null,&#8221;section_header_image_mobile&#8221;:null,&#8221;section_header_image_mobile_id&#8221;:null,&#8221;section_left_color_top&#8221;:null,&#8221;section_primary_color&#8221;:null,&#8221;section_right_color_top&#8221;:null,&#8221;site_logo_image&#8221;:null},&#8221;social&#8221;:{&#8220;facebook&#8221;:null,&#8221;instagram&#8221;:null,&#8221;kwai&#8221;:null,&#8221;rss&#8221;:null,&#8221;twitter&#8221;:null},&#8221;ultimas&#8221;:{&#8220;tab_ultimas&#8221;:[]},&#8221;is_grouping&#8221;:&#8221;false&#8221;,&#8221;node_type&#8221;:&#8221;section&#8221;,&#8221;children&#8221;:[]},{&#8220;_id&#8221;:&#8221;\/futebol\/campeonato-amapaense\/ao-vivo&#8221;,&#8221;_website&#8221;:&#8221;esportes&#8221;,&#8221;name&#8221;:&#8221;Ao vivo&#8221;,&#8221;inactive&#8221;:false,&#8221;ancestors&#8221;:{&#8220;default&#8221;:[&#8220;https:\/\/esportes.r7.com\/futebol&#8221;,&#8221;\/futebol\/campeonato-amapaense&#8221;]},&#8221;parent&#8221;:{&#8220;default&#8221;:&#8221;\/futebol\/campeonato-amapaense&#8221;},&#8221;SEO&#8221;:{&#8220;og_image_id&#8221;:null,&#8221;seo_description&#8221;:&#8221;Acompanhe o Campeonato Amapaense de Futebol no Portal R7. Saiba tudo sobre os jogos, transmiss\u00e3o ao vivo, resultados, tabela e muito mais do Amapaz\u00e3o.&#8221;,&#8221;seo_tags&#8221;:[&#8220;campeonato amapaense de futebol&#8221;,&#8221;Campeonato &#8220;,&#8221;amapa&#8221;,&#8221;ap&#8221;,&#8221;futebol&#8221;,&#8221;r7 &#8220;],&#8221;seo_title&#8221;:&#8221;Ao Vivo | Amapaense 2026| R7 Esportes&#8221;,&#8221;title_hotsite&#8221;:&#8221;Ao Vivo | Amapaense 2026| R7 Esportes&#8221;,&#8221;top_url&#8221;:&#8221;https:\/\/esportes.r7.com\/futebol\/campeonato-amapaense\/&#8221;,&#8221;url_og_image&#8221;:null},&#8221;_admin&#8221;:{&#8220;alias_ids&#8221;:[&#8220;\/futebol\/campeonato-amapaense\/ao-vivo&#8221;]},&#8221;age_rating&#8221;:{&#8220;classificacao_etaria&#8221;:null},&#8221;age_rating_description&#8221;:{&#8220;atos_criminosos&#8221;:&#8221;false&#8221;,&#8221;conteudo_sexual&#8221;:&#8221;false&#8221;,&#8221;drogas&#8221;:&#8221;false&#8221;,&#8221;drogas_ilicitas&#8221;:&#8221;false&#8221;,&#8221;drogas_licitas&#8221;:&#8221;false&#8221;,&#8221;linguagem_impropria&#8221;:&#8221;false&#8221;,&#8221;medo&#8221;:&#8221;false&#8221;,&#8221;nudez&#8221;:&#8221;false&#8221;,&#8221;procedimentos_medicos&#8221;:&#8221;false&#8221;,&#8221;sexo_explicito&#8221;:&#8221;false&#8221;,&#8221;temas_sensiveis&#8221;:&#8221;false&#8221;,&#8221;violencia&#8221;:&#8221;false&#8221;,&#8221;violencia_extrema&#8221;:&#8221;false&#8221;,&#8221;violencia_fantasiosa&#8221;:&#8221;false&#8221;},&#8221;area_logada&#8221;:{&#8220;exclusive_content&#8221;:&#8221;true&#8221;},&#8221;assets&#8221;:{&#8220;cda_ad_player&#8221;:null},&#8221;campanha_branded&#8221;:{&#8220;ativar_background_campanha&#8221;:&#8221;false&#8221;,&#8221;ativar_fonte_campanha&#8221;:&#8221;false&#8221;,&#8221;ativar_logo_campanha&#8221;:&#8221;false&#8221;},&#8221;navigation&#8221;:{&#8220;menu_url&#8221;:null,&#8221;nav_title&#8221;:null},&#8221;newsletter&#8221;:{&#8220;id&#8221;:null},&#8221;publicidade&#8221;:{&#8220;disable_adv&#8221;:&#8221;false&#8221;,&#8221;disable_audima_adv&#8221;:&#8221;false&#8221;,&#8221;disable_taboola&#8221;:&#8221;false&#8221;,&#8221;hash&#8221;:null},&#8221;site&#8221;:{&#8220;coupon_categories&#8221;:&#8221;departamentos&#8221;,&#8221;disable_refresh&#8221;:&#8221;4&#8243;,&#8221;enable_disclaimer&#8221;:&#8221;false&#8221;,&#8221;pagebuilder_path_for_native_apps&#8221;:null,&#8221;site_about&#8221;:null,&#8221;site_description&#8221;:null,&#8221;site_keywords&#8221;:null,&#8221;site_tagline&#8221;:null,&#8221;site_title&#8221;:null,&#8221;site_url&#8221;:null},&#8221;site_topper&#8221;:{&#8220;section_header_image&#8221;:null,&#8221;section_header_image_id&#8221;:null,&#8221;section_header_image_mobile&#8221;:null,&#8221;section_header_image_mobile_id&#8221;:null,&#8221;section_left_color_top&#8221;:null,&#8221;section_primary_color&#8221;:null,&#8221;section_right_color_top&#8221;:null,&#8221;site_logo_image&#8221;:null},&#8221;social&#8221;:{&#8220;bluesky&#8221;:null,&#8221;facebook&#8221;:null,&#8221;instagram&#8221;:null,&#8221;kwai&#8221;:null,&#8221;rss&#8221;:null,&#8221;threads&#8221;:null,&#8221;tiktok&#8221;:null,&#8221;twitter&#8221;:null,&#8221;whatsapp&#8221;:null,&#8221;youtube&#8221;:null},&#8221;ultimas&#8221;:{&#8220;tab_ultimas&#8221;:[]},&#8221;is_grouping&#8221;:&#8221;false&#8221;,&#8221;node_type&#8221;:&#8221;section&#8221;,&#8221;children&#8221;:[]}]},{&#8220;_id&#8221;:&#8221;\/futebol\/campeonato-acreano&#8221;,&#8221;_website&#8221;:&#8221;esportes&#8221;,&#8221;name&#8221;:&#8221;Campeonato Acreano&#8221;,&#8221;inactive&#8221;:false,&#8221;ancestors&#8221;:{&#8220;default&#8221;:[&#8220;https:\/\/esportes.r7.com\/futebol&#8221;]},&#8221;parent&#8221;:{&#8220;default&#8221;:&#8221;https:\/\/esportes.r7.com\/futebol&#8221;},&#8221;SEO&#8221;:{&#8220;og_image_id&#8221;:null,&#8221;seo_description&#8221;:&#8221;Resultados, tabela com os pr\u00f3ximos jogos, classifica\u00e7\u00e3o completa, v\u00eddeos e as \u00faltimas not\u00edcias do Campeonato Acreano no R7 Esportes&#8221;,&#8221;seo_tags&#8221;:[&#8220;Campeonato Acreano&#8221;,&#8221;Campeonato Acreano de futebol&#8221;,&#8221;not\u00edcias&#8221;,&#8221;futebol&#8221;,&#8221;esporte&#8221;,&#8221;r7 &#8220;],&#8221;seo_title&#8221;:&#8221;Campeonato Acreano | R7 Esportes&#8221;,&#8221;title_hotsite&#8221;:null,&#8221;top_url&#8221;:&#8221;https:\/\/esportes.r7.com\/futebol\/campeonato-acreano\/&#8221;,&#8221;url_og_image&#8221;:null},&#8221;age_rating&#8221;:{&#8220;classificacao_etaria&#8221;:null},&#8221;age_rating_description&#8221;:{&#8220;atos_criminosos&#8221;:&#8221;false&#8221;,&#8221;conteudo_sexual&#8221;:&#8221;false&#8221;,&#8221;drogas&#8221;:&#8221;false&#8221;,&#8221;drogas_ilicitas&#8221;:&#8221;false&#8221;,&#8221;drogas_licitas&#8221;:&#8221;false&#8221;,&#8221;linguagem_impropria&#8221;:&#8221;false&#8221;,&#8221;medo&#8221;:&#8221;false&#8221;,&#8221;nudez&#8221;:&#8221;false&#8221;,&#8221;procedimentos_medicos&#8221;:&#8221;false&#8221;,&#8221;sexo_explicito&#8221;:&#8221;false&#8221;,&#8221;temas_sensiveis&#8221;:&#8221;false&#8221;,&#8221;violencia&#8221;:&#8221;false&#8221;,&#8221;violencia_extrema&#8221;:&#8221;false&#8221;,&#8221;violencia_fantasiosa&#8221;:&#8221;false&#8221;},&#8221;area_logada&#8221;:{&#8220;exclusive_content&#8221;:&#8221;false&#8221;},&#8221;navigation&#8221;:{&#8220;menu_url&#8221;:null,&#8221;nav_title&#8221;:null},&#8221;publicidade&#8221;:{&#8220;disable_adv&#8221;:&#8221;false&#8221;,&#8221;disable_audima_adv&#8221;:&#8221;false&#8221;,&#8221;disable_taboola&#8221;:&#8221;false&#8221;,&#8221;hash&#8221;:&#8221;R7esportes\/futebol\/campeonatoacreano&#8221;},&#8221;site&#8221;:{&#8220;coupon_categories&#8221;:&#8221;departamentos&#8221;,&#8221;disable_refresh&#8221;:&#8221;4&#8243;,&#8221;enable_disclaimer&#8221;:&#8221;false&#8221;,&#8221;pagebuilder_path_for_native_apps&#8221;:null,&#8221;site_about&#8221;:null,&#8221;site_description&#8221;:null,&#8221;site_keywords&#8221;:null,&#8221;site_tagline&#8221;:null,&#8221;site_title&#8221;:null,&#8221;site_url&#8221;:null},&#8221;site_topper&#8221;:{&#8220;section_header_image&#8221;:null,&#8221;section_header_image_id&#8221;:null,&#8221;section_header_image_mobile&#8221;:null,&#8221;section_header_image_mobile_id&#8221;:null,&#8221;section_left_color_top&#8221;:null,&#8221;section_primary_color&#8221;:null,&#8221;section_right_color_top&#8221;:null,&#8221;site_logo_image&#8221;:null},&#8221;social&#8221;:{&#8220;facebook&#8221;:null,&#8221;instagram&#8221;:null,&#8221;kwai&#8221;:null,&#8221;rss&#8221;:null,&#8221;twitter&#8221;:null},&#8221;ultimas&#8221;:{&#8220;tab_ultimas&#8221;:[]},&#8221;is_grouping&#8221;:&#8221;false&#8221;,&#8221;node_type&#8221;:&#8221;section&#8221;,&#8221;children&#8221;:[{&#8220;_id&#8221;:&#8221;\/futebol\/campeonato-acreano\/tabela&#8221;,&#8221;_website&#8221;:&#8221;esportes&#8221;,&#8221;name&#8221;:&#8221;Tabela&#8221;,&#8221;inactive&#8221;:false,&#8221;ancestors&#8221;:{&#8220;default&#8221;:[&#8220;https:\/\/esportes.r7.com\/futebol&#8221;,&#8221;\/futebol\/campeonato-acreano&#8221;]},&#8221;parent&#8221;:{&#8220;default&#8221;:&#8221;\/futebol\/campeonato-acreano&#8221;},&#8221;SEO&#8221;:{&#8220;og_image_id&#8221;:null,&#8221;seo_description&#8221;:&#8221;Campeonato Acreano com tabela de classifica\u00e7\u00e3o atualizada \u00e9 no R7 Esportes! Confira os pr\u00f3ximos jogos, not\u00edcias e muito mais.&#8221;,&#8221;seo_tags&#8221;:[&#8220;Acrean\u00e3o&#8221;,&#8221;Campeonato Acreano&#8221;,&#8221;Classifica\u00e7\u00e3o&#8221;,&#8221;Tabela&#8221;,&#8221;R7 Esportes&#8221;],&#8221;seo_title&#8221;:&#8221;Tabela e jogos | Acrean\u00e3o 2025| R7 Esportes&#8221;,&#8221;title_hotsite&#8221;:&#8221;Tabela e jogos | Acrean\u00e3o 2025| R7 Esportes&#8221;,&#8221;top_url&#8221;:&#8221;https:\/\/esportes.r7.com\/futebol\/campeonato-acreano\/&#8221;,&#8221;url_og_image&#8221;:null},&#8221;age_rating&#8221;:{&#8220;classificacao_etaria&#8221;:null},&#8221;age_rating_description&#8221;:{&#8220;atos_criminosos&#8221;:&#8221;false&#8221;,&#8221;conteudo_sexual&#8221;:&#8221;false&#8221;,&#8221;drogas&#8221;:&#8221;false&#8221;,&#8221;drogas_ilicitas&#8221;:&#8221;false&#8221;,&#8221;drogas_licitas&#8221;:&#8221;false&#8221;,&#8221;linguagem_impropria&#8221;:&#8221;false&#8221;,&#8221;medo&#8221;:&#8221;false&#8221;,&#8221;nudez&#8221;:&#8221;false&#8221;,&#8221;procedimentos_medicos&#8221;:&#8221;false&#8221;,&#8221;sexo_explicito&#8221;:&#8221;false&#8221;,&#8221;temas_sensiveis&#8221;:&#8221;false&#8221;,&#8221;violencia&#8221;:&#8221;false&#8221;,&#8221;violencia_extrema&#8221;:&#8221;false&#8221;,&#8221;violencia_fantasiosa&#8221;:&#8221;false&#8221;},&#8221;area_logada&#8221;:{&#8220;exclusive_content&#8221;:&#8221;false&#8221;},&#8221;navigation&#8221;:{&#8220;menu_url&#8221;:null,&#8221;nav_title&#8221;:null},&#8221;newsletter&#8221;:{&#8220;id&#8221;:null},&#8221;publicidade&#8221;:{&#8220;disable_adv&#8221;:&#8221;false&#8221;,&#8221;disable_audima_adv&#8221;:&#8221;false&#8221;,&#8221;disable_taboola&#8221;:&#8221;false&#8221;,&#8221;hash&#8221;:null},&#8221;site&#8221;:{&#8220;coupon_categories&#8221;:&#8221;departamentos&#8221;,&#8221;disable_refresh&#8221;:&#8221;4&#8243;,&#8221;enable_disclaimer&#8221;:&#8221;false&#8221;,&#8221;pagebuilder_path_for_native_apps&#8221;:null,&#8221;site_about&#8221;:&#8221;Tabela e jogos | Acrean\u00e3o 2025| R7 Esportes&#8221;,&#8221;site_description&#8221;:&#8221;Campeonato Acreano com tabela de classifica\u00e7\u00e3o atualizada \u00e9 no R7 Esportes! Confira os pr\u00f3ximos jogos, not\u00edcias e muito mais.&#8221;,&#8221;site_keywords&#8221;:&#8221;Tabela, classifica\u00e7\u00e3o, campeonato acreano, acrean\u00e3o, r7 esportes&#8221;,&#8221;site_tagline&#8221;:&#8221;Tabela e jogos | Acrean\u00e3o 2025| R7 Esportes&#8221;,&#8221;site_title&#8221;:&#8221;Tabela e jogos | Acrean\u00e3o 2025| R7 Esportes&#8221;,&#8221;site_url&#8221;:null},&#8221;site_topper&#8221;:{&#8220;section_header_image&#8221;:null,&#8221;section_header_image_id&#8221;:null,&#8221;section_header_image_mobile&#8221;:null,&#8221;section_header_image_mobile_id&#8221;:null,&#8221;section_left_color_top&#8221;:null,&#8221;section_primary_color&#8221;:null,&#8221;section_right_color_top&#8221;:null,&#8221;site_logo_image&#8221;:null},&#8221;social&#8221;:{&#8220;facebook&#8221;:null,&#8221;instagram&#8221;:null,&#8221;kwai&#8221;:null,&#8221;rss&#8221;:null,&#8221;twitter&#8221;:null},&#8221;ultimas&#8221;:{&#8220;tab_ultimas&#8221;:[]},&#8221;is_grouping&#8221;:&#8221;false&#8221;,&#8221;node_type&#8221;:&#8221;section&#8221;,&#8221;children&#8221;:[]},{&#8220;_id&#8221;:&#8221;\/futebol\/campeonato-acreano\/ao-vivo&#8221;,&#8221;_website&#8221;:&#8221;esportes&#8221;,&#8221;name&#8221;:&#8221;Ao vivo&#8221;,&#8221;inactive&#8221;:false,&#8221;ancestors&#8221;:{&#8220;default&#8221;:[&#8220;https:\/\/esportes.r7.com\/futebol&#8221;,&#8221;\/futebol\/campeonato-acreano&#8221;]},&#8221;parent&#8221;:{&#8220;default&#8221;:&#8221;\/futebol\/campeonato-acreano&#8221;},&#8221;SEO&#8221;:{&#8220;og_image_id&#8221;:null,&#8221;seo_description&#8221;:&#8221;Resultados, tabela com os pr\u00f3ximos jogos, classifica\u00e7\u00e3o completa, v\u00eddeos e as \u00faltimas not\u00edcias do Campeonato Acreano no R7 Esportes&#8221;,&#8221;seo_tags&#8221;:[&#8220;Campeonato Acreano&#8221;,&#8221;Campeonato Acreano de futebol&#8221;,&#8221;not\u00edcias&#8221;,&#8221;futebol&#8221;,&#8221;esporte&#8221;,&#8221;r7&#8243;],&#8221;seo_title&#8221;:&#8221;Ao Vivo | Campeonato Acreano | R7 Esportes&#8221;,&#8221;title_hotsite&#8221;:&#8221;Ao Vivo | Campeonato Acreano | R7 Esportes&#8221;,&#8221;top_url&#8221;:&#8221;https:\/\/esportes.r7.com\/futebol\/campeonato-acreano\/&#8221;,&#8221;url_og_image&#8221;:null},&#8221;_admin&#8221;:{&#8220;alias_ids&#8221;:[&#8220;\/futebol\/campeonato-acreano\/ao-vivo&#8221;]},&#8221;age_rating&#8221;:{&#8220;classificacao_etaria&#8221;:null},&#8221;age_rating_description&#8221;:{&#8220;atos_criminosos&#8221;:&#8221;false&#8221;,&#8221;conteudo_sexual&#8221;:&#8221;false&#8221;,&#8221;drogas&#8221;:&#8221;false&#8221;,&#8221;drogas_ilicitas&#8221;:&#8221;false&#8221;,&#8221;drogas_licitas&#8221;:&#8221;false&#8221;,&#8221;linguagem_impropria&#8221;:&#8221;false&#8221;,&#8221;medo&#8221;:&#8221;false&#8221;,&#8221;nudez&#8221;:&#8221;false&#8221;,&#8221;procedimentos_medicos&#8221;:&#8221;false&#8221;,&#8221;sexo_explicito&#8221;:&#8221;false&#8221;,&#8221;temas_sensiveis&#8221;:&#8221;false&#8221;,&#8221;violencia&#8221;:&#8221;false&#8221;,&#8221;violencia_extrema&#8221;:&#8221;false&#8221;,&#8221;violencia_fantasiosa&#8221;:&#8221;false&#8221;},&#8221;area_logada&#8221;:{&#8220;exclusive_content&#8221;:&#8221;true&#8221;},&#8221;assets&#8221;:{&#8220;cda_ad_player&#8221;:null},&#8221;campanha_branded&#8221;:{&#8220;ativar_background_campanha&#8221;:&#8221;false&#8221;,&#8221;ativar_fonte_campanha&#8221;:&#8221;false&#8221;,&#8221;ativar_logo_campanha&#8221;:&#8221;false&#8221;},&#8221;navigation&#8221;:{&#8220;menu_url&#8221;:null,&#8221;nav_title&#8221;:null},&#8221;newsletter&#8221;:{&#8220;id&#8221;:null},&#8221;publicidade&#8221;:{&#8220;disable_adv&#8221;:&#8221;false&#8221;,&#8221;disable_audima_adv&#8221;:&#8221;false&#8221;,&#8221;disable_taboola&#8221;:&#8221;false&#8221;,&#8221;hash&#8221;:null},&#8221;site&#8221;:{&#8220;coupon_categories&#8221;:&#8221;departamentos&#8221;,&#8221;disable_refresh&#8221;:&#8221;4&#8243;,&#8221;enable_disclaimer&#8221;:&#8221;false&#8221;,&#8221;pagebuilder_path_for_native_apps&#8221;:null,&#8221;site_about&#8221;:null,&#8221;site_description&#8221;:null,&#8221;site_keywords&#8221;:null,&#8221;site_tagline&#8221;:null,&#8221;site_title&#8221;:null,&#8221;site_url&#8221;:null},&#8221;site_topper&#8221;:{&#8220;section_header_image&#8221;:null,&#8221;section_header_image_id&#8221;:null,&#8221;section_header_image_mobile&#8221;:null,&#8221;section_header_image_mobile_id&#8221;:null,&#8221;section_left_color_top&#8221;:null,&#8221;section_primary_color&#8221;:null,&#8221;section_right_color_top&#8221;:null,&#8221;site_logo_image&#8221;:null},&#8221;social&#8221;:{&#8220;bluesky&#8221;:null,&#8221;facebook&#8221;:null,&#8221;instagram&#8221;:null,&#8221;kwai&#8221;:null,&#8221;rss&#8221;:null,&#8221;threads&#8221;:null,&#8221;tiktok&#8221;:null,&#8221;twitter&#8221;:null,&#8221;whatsapp&#8221;:null,&#8221;youtube&#8221;:null},&#8221;ultimas&#8221;:{&#8220;tab_ultimas&#8221;:[]},&#8221;is_grouping&#8221;:&#8221;false&#8221;,&#8221;node_type&#8221;:&#8221;section&#8221;,&#8221;children&#8221;:[]}]},{&#8220;_id&#8221;:&#8221;\/futebol\/campeonato-maranhense&#8221;,&#8221;_website&#8221;:&#8221;esportes&#8221;,&#8221;name&#8221;:&#8221;Campeonato Maranhense&#8221;,&#8221;inactive&#8221;:false,&#8221;ancestors&#8221;:{&#8220;default&#8221;:[&#8220;https:\/\/esportes.r7.com\/futebol&#8221;]},&#8221;parent&#8221;:{&#8220;default&#8221;:&#8221;https:\/\/esportes.r7.com\/futebol&#8221;},&#8221;SEO&#8221;:{&#8220;og_image_id&#8221;:null,&#8221;seo_description&#8221;:&#8221;Resultados, tabela com os pr\u00f3ximos jogos, classifica\u00e7\u00e3o completa, v\u00eddeos e as \u00faltimas not\u00edcias do Campeonato Maranhense no R7 Esportes&#8221;,&#8221;seo_tags&#8221;:[&#8220;Campeonato Maranhense&#8221;,&#8221;Campeonato Maranhense de futebol&#8221;,&#8221;not\u00edcias&#8221;,&#8221;futebol&#8221;,&#8221;esporte&#8221;,&#8221;r7 &#8220;],&#8221;seo_title&#8221;:&#8221;Campeonato Maranhense| R7 Esportes&#8221;,&#8221;title_hotsite&#8221;:null,&#8221;top_url&#8221;:&#8221;https:\/\/esportes.r7.com\/futebol\/campeonato-maranhense\/&#8221;,&#8221;url_og_image&#8221;:null},&#8221;age_rating&#8221;:{&#8220;classificacao_etaria&#8221;:null},&#8221;age_rating_description&#8221;:{&#8220;atos_criminosos&#8221;:&#8221;false&#8221;,&#8221;conteudo_sexual&#8221;:&#8221;false&#8221;,&#8221;drogas&#8221;:&#8221;false&#8221;,&#8221;drogas_ilicitas&#8221;:&#8221;false&#8221;,&#8221;drogas_licitas&#8221;:&#8221;false&#8221;,&#8221;linguagem_impropria&#8221;:&#8221;false&#8221;,&#8221;medo&#8221;:&#8221;false&#8221;,&#8221;nudez&#8221;:&#8221;false&#8221;,&#8221;procedimentos_medicos&#8221;:&#8221;false&#8221;,&#8221;sexo_explicito&#8221;:&#8221;false&#8221;,&#8221;temas_sensiveis&#8221;:&#8221;false&#8221;,&#8221;violencia&#8221;:&#8221;false&#8221;,&#8221;violencia_extrema&#8221;:&#8221;false&#8221;,&#8221;violencia_fantasiosa&#8221;:&#8221;false&#8221;},&#8221;area_logada&#8221;:{&#8220;exclusive_content&#8221;:&#8221;false&#8221;},&#8221;navigation&#8221;:{&#8220;menu_url&#8221;:null,&#8221;nav_title&#8221;:null},&#8221;publicidade&#8221;:{&#8220;disable_adv&#8221;:&#8221;false&#8221;,&#8221;disable_audima_adv&#8221;:&#8221;false&#8221;,&#8221;disable_taboola&#8221;:&#8221;false&#8221;,&#8221;hash&#8221;:&#8221;R7esportes\/futebol\/campeonatomaranhense&#8221;},&#8221;site&#8221;:{&#8220;coupon_categories&#8221;:&#8221;departamentos&#8221;,&#8221;disable_refresh&#8221;:&#8221;4&#8243;,&#8221;enable_disclaimer&#8221;:&#8221;false&#8221;,&#8221;pagebuilder_path_for_native_apps&#8221;:null,&#8221;site_about&#8221;:null,&#8221;site_description&#8221;:null,&#8221;site_keywords&#8221;:null,&#8221;site_tagline&#8221;:null,&#8221;site_title&#8221;:null,&#8221;site_url&#8221;:null},&#8221;site_topper&#8221;:{&#8220;section_header_image&#8221;:null,&#8221;section_header_image_id&#8221;:null,&#8221;section_header_image_mobile&#8221;:null,&#8221;section_header_image_mobile_id&#8221;:null,&#8221;section_left_color_top&#8221;:null,&#8221;section_primary_color&#8221;:null,&#8221;section_right_color_top&#8221;:null,&#8221;site_logo_image&#8221;:null},&#8221;social&#8221;:{&#8220;facebook&#8221;:null,&#8221;instagram&#8221;:null,&#8221;kwai&#8221;:null,&#8221;rss&#8221;:null,&#8221;twitter&#8221;:null},&#8221;ultimas&#8221;:{&#8220;tab_ultimas&#8221;:[]},&#8221;is_grouping&#8221;:&#8221;false&#8221;,&#8221;node_type&#8221;:&#8221;section&#8221;,&#8221;children&#8221;:[]},{&#8220;_id&#8221;:&#8221;\/futebol\/campeonato-tocantinense&#8221;,&#8221;_website&#8221;:&#8221;esportes&#8221;,&#8221;name&#8221;:&#8221;Campeonato Tocantinense&#8221;,&#8221;inactive&#8221;:false,&#8221;ancestors&#8221;:{&#8220;default&#8221;:[&#8220;https:\/\/esportes.r7.com\/futebol&#8221;]},&#8221;parent&#8221;:{&#8220;default&#8221;:&#8221;https:\/\/esportes.r7.com\/futebol&#8221;},&#8221;SEO&#8221;:{&#8220;og_image_id&#8221;:null,&#8221;seo_description&#8221;:&#8221;Resultados, tabela com os pr\u00f3ximos jogos, classifica\u00e7\u00e3o completa, v\u00eddeos e as \u00faltimas not\u00edcias do Campeonato Tocantinense no R7 Esportes&#8221;,&#8221;seo_tags&#8221;:[&#8220;Campeonato Tocantinense&#8221;,&#8221;Campeonato Tocantinense de futebol&#8221;,&#8221;not\u00edcias&#8221;,&#8221;futebol&#8221;,&#8221;esporte&#8221;,&#8221;r7&#8243;],&#8221;seo_title&#8221;:&#8221;Campeonato Tocantinense | R7 Esportes&#8221;,&#8221;title_hotsite&#8221;:null,&#8221;top_url&#8221;:&#8221;https:\/\/esportes.r7.com\/futebol\/campeonato-tocantinense\/&#8221;,&#8221;url_og_image&#8221;:null},&#8221;age_rating&#8221;:{&#8220;classificacao_etaria&#8221;:null},&#8221;age_rating_description&#8221;:{&#8220;atos_criminosos&#8221;:&#8221;false&#8221;,&#8221;conteudo_sexual&#8221;:&#8221;false&#8221;,&#8221;drogas&#8221;:&#8221;false&#8221;,&#8221;drogas_ilicitas&#8221;:&#8221;false&#8221;,&#8221;drogas_licitas&#8221;:&#8221;false&#8221;,&#8221;linguagem_impropria&#8221;:&#8221;false&#8221;,&#8221;medo&#8221;:&#8221;false&#8221;,&#8221;nudez&#8221;:&#8221;false&#8221;,&#8221;procedimentos_medicos&#8221;:&#8221;false&#8221;,&#8221;sexo_explicito&#8221;:&#8221;false&#8221;,&#8221;temas_sensiveis&#8221;:&#8221;false&#8221;,&#8221;violencia&#8221;:&#8221;false&#8221;,&#8221;violencia_extrema&#8221;:&#8221;false&#8221;,&#8221;violencia_fantasiosa&#8221;:&#8221;false&#8221;},&#8221;area_logada&#8221;:{&#8220;exclusive_content&#8221;:&#8221;false&#8221;},&#8221;navigation&#8221;:{&#8220;menu_url&#8221;:null,&#8221;nav_title&#8221;:null},&#8221;publicidade&#8221;:{&#8220;disable_adv&#8221;:&#8221;false&#8221;,&#8221;disable_audima_adv&#8221;:&#8221;false&#8221;,&#8221;disable_taboola&#8221;:&#8221;false&#8221;,&#8221;hash&#8221;:&#8221;R7esportes\/futebol\/campeonatotocantinense&#8221;},&#8221;site&#8221;:{&#8220;coupon_categories&#8221;:&#8221;departamentos&#8221;,&#8221;disable_refresh&#8221;:&#8221;4&#8243;,&#8221;enable_disclaimer&#8221;:&#8221;false&#8221;,&#8221;pagebuilder_path_for_native_apps&#8221;:null,&#8221;site_about&#8221;:null,&#8221;site_description&#8221;:null,&#8221;site_keywords&#8221;:null,&#8221;site_tagline&#8221;:null,&#8221;site_title&#8221;:null,&#8221;site_url&#8221;:null},&#8221;site_topper&#8221;:{&#8220;section_header_image&#8221;:null,&#8221;section_header_image_id&#8221;:null,&#8221;section_header_image_mobile&#8221;:null,&#8221;section_header_image_mobile_id&#8221;:null,&#8221;section_left_color_top&#8221;:null,&#8221;section_primary_color&#8221;:null,&#8221;section_right_color_top&#8221;:null,&#8221;site_logo_image&#8221;:null},&#8221;social&#8221;:{&#8220;facebook&#8221;:null,&#8221;instagram&#8221;:null,&#8221;kwai&#8221;:null,&#8221;rss&#8221;:null,&#8221;twitter&#8221;:null},&#8221;ultimas&#8221;:{&#8220;tab_ultimas&#8221;:[]},&#8221;is_grouping&#8221;:&#8221;false&#8221;,&#8221;node_type&#8221;:&#8221;section&#8221;,&#8221;children&#8221;:[]},{&#8220;_id&#8221;:&#8221;\/futebol\/campeonato-paranaense&#8221;,&#8221;_website&#8221;:&#8221;esportes&#8221;,&#8221;name&#8221;:&#8221;Campeonato Paranaense&#8221;,&#8221;inactive&#8221;:false,&#8221;ancestors&#8221;:{&#8220;default&#8221;:[&#8220;https:\/\/esportes.r7.com\/futebol&#8221;]},&#8221;parent&#8221;:{&#8220;default&#8221;:&#8221;https:\/\/esportes.r7.com\/futebol&#8221;},&#8221;SEO&#8221;:{&#8220;og_image_id&#8221;:null,&#8221;seo_description&#8221;:&#8221;Resultados, tabela com os pr\u00f3ximos jogos, classifica\u00e7\u00e3o completa, v\u00eddeos e as \u00faltimas not\u00edcias do Campeonato Paranaense no R7 Esportes&#8221;,&#8221;seo_tags&#8221;:[&#8220;Campeonato Paranaense&#8221;,&#8221;Campeonato Paranaense de futebol&#8221;,&#8221;not\u00edcias&#8221;,&#8221;futebol&#8221;,&#8221;esporte&#8221;,&#8221;r7&#8243;],&#8221;seo_title&#8221;:&#8221;Campeonato Paranaense | R7 Esportes&#8221;,&#8221;title_hotsite&#8221;:null,&#8221;top_url&#8221;:&#8221;https:\/\/esportes.r7.com\/futebol\/campeonato-paranaense\/&#8221;,&#8221;url_og_image&#8221;:null},&#8221;age_rating&#8221;:{&#8220;classificacao_etaria&#8221;:null},&#8221;age_rating_description&#8221;:{&#8220;atos_criminosos&#8221;:&#8221;false&#8221;,&#8221;conteudo_sexual&#8221;:&#8221;false&#8221;,&#8221;drogas&#8221;:&#8221;false&#8221;,&#8221;drogas_ilicitas&#8221;:&#8221;false&#8221;,&#8221;drogas_licitas&#8221;:&#8221;false&#8221;,&#8221;linguagem_impropria&#8221;:&#8221;false&#8221;,&#8221;medo&#8221;:&#8221;false&#8221;,&#8221;nudez&#8221;:&#8221;false&#8221;,&#8221;procedimentos_medicos&#8221;:&#8221;false&#8221;,&#8221;sexo_explicito&#8221;:&#8221;false&#8221;,&#8221;temas_sensiveis&#8221;:&#8221;false&#8221;,&#8221;violencia&#8221;:&#8221;false&#8221;,&#8221;violencia_extrema&#8221;:&#8221;false&#8221;,&#8221;violencia_fantasiosa&#8221;:&#8221;false&#8221;},&#8221;area_logada&#8221;:{&#8220;exclusive_content&#8221;:&#8221;false&#8221;},&#8221;navigation&#8221;:{&#8220;menu_url&#8221;:null,&#8221;nav_title&#8221;:null},&#8221;publicidade&#8221;:{&#8220;disable_adv&#8221;:&#8221;false&#8221;,&#8221;disable_audima_adv&#8221;:&#8221;false&#8221;,&#8221;disable_taboola&#8221;:&#8221;false&#8221;,&#8221;hash&#8221;:null},&#8221;site&#8221;:{&#8220;coupon_categories&#8221;:&#8221;departamentos&#8221;,&#8221;disable_refresh&#8221;:&#8221;4&#8243;,&#8221;enable_disclaimer&#8221;:&#8221;false&#8221;,&#8221;pagebuilder_path_for_native_apps&#8221;:null,&#8221;site_about&#8221;:null,&#8221;site_description&#8221;:null,&#8221;site_keywords&#8221;:null,&#8221;site_tagline&#8221;:null,&#8221;site_title&#8221;:null,&#8221;site_url&#8221;:null},&#8221;site_topper&#8221;:{&#8220;section_header_image&#8221;:null,&#8221;section_header_image_id&#8221;:null,&#8221;section_header_image_mobile&#8221;:null,&#8221;section_header_image_mobile_id&#8221;:null,&#8221;section_left_color_top&#8221;:null,&#8221;section_primary_color&#8221;:null,&#8221;section_right_color_top&#8221;:null,&#8221;site_logo_image&#8221;:null},&#8221;social&#8221;:{&#8220;facebook&#8221;:null,&#8221;instagram&#8221;:null,&#8221;kwai&#8221;:null,&#8221;rss&#8221;:null,&#8221;twitter&#8221;:null},&#8221;ultimas&#8221;:{&#8220;tab_ultimas&#8221;:[]},&#8221;is_grouping&#8221;:&#8221;false&#8221;,&#8221;node_type&#8221;:&#8221;section&#8221;,&#8221;children&#8221;:[]},{&#8220;_id&#8221;:&#8221;\/futebol\/amistosos&#8221;,&#8221;_website&#8221;:&#8221;esportes&#8221;,&#8221;name&#8221;:&#8221;Amistosos&#8221;,&#8221;inactive&#8221;:false,&#8221;ancestors&#8221;:{&#8220;default&#8221;:[&#8220;https:\/\/esportes.r7.com\/futebol&#8221;]},&#8221;parent&#8221;:{&#8220;default&#8221;:&#8221;https:\/\/esportes.r7.com\/futebol&#8221;},&#8221;SEO&#8221;:{&#8220;og_image_id&#8221;:null,&#8221;seo_description&#8221;:&#8221;Leia as \u00faltimas not\u00edcias do Amistosos no Portal R7. Acompanhe tabela de classifica\u00e7\u00e3o, jogos, v\u00eddeos, resultados e muito mais do Paulist\u00e3o.&#8221;,&#8221;seo_tags&#8221;:[&#8220;Amistosos&#8221;,&#8221;Amistosos de futebol&#8221;,&#8221;not\u00edcias&#8221;,&#8221;futebol&#8221;,&#8221;esporte&#8221;,&#8221;r7&#8243;],&#8221;seo_title&#8221;:&#8221;Amistosos de Futebol: not\u00edcias, jogos, resultados &#8211; R7&#8243;,&#8221;title_hotsite&#8221;:null,&#8221;top_url&#8221;:&#8221;https:\/\/esportes.r7.com\/futebol\/amistosos\/&#8221;,&#8221;url_og_image&#8221;:null},&#8221;age_rating&#8221;:{&#8220;classificacao_etaria&#8221;:null},&#8221;age_rating_description&#8221;:{&#8220;atos_criminosos&#8221;:&#8221;false&#8221;,&#8221;conteudo_sexual&#8221;:&#8221;false&#8221;,&#8221;drogas&#8221;:&#8221;false&#8221;,&#8221;drogas_ilicitas&#8221;:&#8221;false&#8221;,&#8221;drogas_licitas&#8221;:&#8221;false&#8221;,&#8221;linguagem_impropria&#8221;:&#8221;false&#8221;,&#8221;medo&#8221;:&#8221;false&#8221;,&#8221;nudez&#8221;:&#8221;false&#8221;,&#8221;procedimentos_medicos&#8221;:&#8221;false&#8221;,&#8221;sexo_explicito&#8221;:&#8221;false&#8221;,&#8221;temas_sensiveis&#8221;:&#8221;false&#8221;,&#8221;violencia&#8221;:&#8221;false&#8221;,&#8221;violencia_extrema&#8221;:&#8221;false&#8221;,&#8221;violencia_fantasiosa&#8221;:&#8221;false&#8221;},&#8221;area_logada&#8221;:{&#8220;exclusive_content&#8221;:&#8221;false&#8221;},&#8221;navigation&#8221;:{&#8220;menu_url&#8221;:null,&#8221;nav_title&#8221;:null},&#8221;publicidade&#8221;:{&#8220;disable_adv&#8221;:&#8221;false&#8221;,&#8221;disable_audima_adv&#8221;:&#8221;false&#8221;,&#8221;disable_taboola&#8221;:&#8221;false&#8221;,&#8221;hash&#8221;:null},&#8221;site&#8221;:{&#8220;coupon_categories&#8221;:&#8221;departamentos&#8221;,&#8221;disable_refresh&#8221;:&#8221;4&#8243;,&#8221;enable_disclaimer&#8221;:&#8221;false&#8221;,&#8221;pagebuilder_path_for_native_apps&#8221;:null,&#8221;site_about&#8221;:null,&#8221;site_description&#8221;:null,&#8221;site_keywords&#8221;:null,&#8221;site_tagline&#8221;:null,&#8221;site_title&#8221;:null,&#8221;site_url&#8221;:null},&#8221;site_topper&#8221;:{&#8220;section_header_image&#8221;:null,&#8221;section_header_image_id&#8221;:null,&#8221;section_header_image_mobile&#8221;:null,&#8221;section_header_image_mobile_id&#8221;:null,&#8221;section_left_color_top&#8221;:null,&#8221;section_primary_color&#8221;:null,&#8221;section_right_color_top&#8221;:null,&#8221;site_logo_image&#8221;:null},&#8221;social&#8221;:{&#8220;facebook&#8221;:null,&#8221;instagram&#8221;:null,&#8221;kwai&#8221;:null,&#8221;rss&#8221;:null,&#8221;twitter&#8221;:null},&#8221;ultimas&#8221;:{&#8220;tab_ultimas&#8221;:[]},&#8221;is_grouping&#8221;:&#8221;false&#8221;,&#8221;node_type&#8221;:&#8221;section&#8221;,&#8221;children&#8221;:[{&#8220;_id&#8221;:&#8221;\/futebol\/amistosos\/internacional-mexico&#8221;,&#8221;_website&#8221;:&#8221;esportes&#8221;,&#8221;name&#8221;:&#8221;Internacional M\u00e9xico&#8221;,&#8221;inactive&#8221;:false,&#8221;ancestors&#8221;:{&#8220;default&#8221;:[&#8220;https:\/\/esportes.r7.com\/futebol&#8221;,&#8221;\/futebol\/amistosos&#8221;]},&#8221;parent&#8221;:{&#8220;default&#8221;:&#8221;\/futebol\/amistosos&#8221;},&#8221;SEO&#8221;:{&#8220;og_image_id&#8221;:null,&#8221;seo_description&#8221;:&#8221;Leia as \u00faltimas not\u00edcias do Internacional M\u00e9xico no Portal R7. Acompanhe tabela de classifica\u00e7\u00e3o, jogos, v\u00eddeos, resultados e muito mais do Paulist\u00e3o.&#8221;,&#8221;seo_tags&#8221;:[&#8220;Internacional M\u00e9xico&#8221;,&#8221;Internacional M\u00e9xico de futebol&#8221;,&#8221;&#8221;,&#8221;&#8221;,&#8221;&#8221;,&#8221;&#8221;],&#8221;seo_title&#8221;:&#8221;Internacional X M\u00e9xico &#8211; Amistoso de Futebol &#8211; R7&#8243;,&#8221;title_hotsite&#8221;:null,&#8221;top_url&#8221;:&#8221;https:\/\/esportes.r7.com\/futebol\/amistosos\/internacional-mexico\/&#8221;,&#8221;url_og_image&#8221;:null},&#8221;age_rating&#8221;:{&#8220;classificacao_etaria&#8221;:null},&#8221;age_rating_description&#8221;:{&#8220;atos_criminosos&#8221;:&#8221;false&#8221;,&#8221;conteudo_sexual&#8221;:&#8221;false&#8221;,&#8221;drogas&#8221;:&#8221;false&#8221;,&#8221;drogas_ilicitas&#8221;:&#8221;false&#8221;,&#8221;drogas_licitas&#8221;:&#8221;false&#8221;,&#8221;linguagem_impropria&#8221;:&#8221;false&#8221;,&#8221;medo&#8221;:&#8221;false&#8221;,&#8221;nudez&#8221;:&#8221;false&#8221;,&#8221;procedimentos_medicos&#8221;:&#8221;false&#8221;,&#8221;sexo_explicito&#8221;:&#8221;false&#8221;,&#8221;temas_sensiveis&#8221;:&#8221;false&#8221;,&#8221;violencia&#8221;:&#8221;false&#8221;,&#8221;violencia_extrema&#8221;:&#8221;false&#8221;,&#8221;violencia_fantasiosa&#8221;:&#8221;false&#8221;},&#8221;area_logada&#8221;:{&#8220;exclusive_content&#8221;:&#8221;true&#8221;},&#8221;navigation&#8221;:{&#8220;menu_url&#8221;:null,&#8221;nav_title&#8221;:null},&#8221;publicidade&#8221;:{&#8220;disable_adv&#8221;:&#8221;false&#8221;,&#8221;disable_audima_adv&#8221;:&#8221;false&#8221;,&#8221;disable_taboola&#8221;:&#8221;false&#8221;,&#8221;hash&#8221;:&#8221;R7esportes\/futebol\/internacionalmexico&#8221;},&#8221;site&#8221;:{&#8220;coupon_categories&#8221;:&#8221;departamentos&#8221;,&#8221;disable_refresh&#8221;:&#8221;4&#8243;,&#8221;enable_disclaimer&#8221;:&#8221;false&#8221;,&#8221;pagebuilder_path_for_native_apps&#8221;:null,&#8221;site_about&#8221;:null,&#8221;site_description&#8221;:null,&#8221;site_keywords&#8221;:null,&#8221;site_tagline&#8221;:null,&#8221;site_title&#8221;:null,&#8221;site_url&#8221;:null},&#8221;site_topper&#8221;:{&#8220;section_header_image&#8221;:null,&#8221;section_header_image_id&#8221;:null,&#8221;section_header_image_mobile&#8221;:null,&#8221;section_header_image_mobile_id&#8221;:null,&#8221;section_left_color_top&#8221;:null,&#8221;section_primary_color&#8221;:null,&#8221;section_right_color_top&#8221;:null,&#8221;site_logo_image&#8221;:null},&#8221;social&#8221;:{&#8220;facebook&#8221;:null,&#8221;instagram&#8221;:null,&#8221;kwai&#8221;:null,&#8221;rss&#8221;:null,&#8221;twitter&#8221;:null},&#8221;ultimas&#8221;:{&#8220;tab_ultimas&#8221;:[]},&#8221;is_grouping&#8221;:&#8221;false&#8221;,&#8221;node_type&#8221;:&#8221;section&#8221;,&#8221;children&#8221;:[]}]},{&#8220;_id&#8221;:&#8221;\/futebol\/campeonato-potiguar&#8221;,&#8221;_website&#8221;:&#8221;esportes&#8221;,&#8221;name&#8221;:&#8221;Campeonato Potiguar&#8221;,&#8221;inactive&#8221;:false,&#8221;ancestors&#8221;:{&#8220;default&#8221;:[&#8220;https:\/\/esportes.r7.com\/futebol&#8221;]},&#8221;parent&#8221;:{&#8220;default&#8221;:&#8221;https:\/\/esportes.r7.com\/futebol&#8221;},&#8221;SEO&#8221;:{&#8220;og_image_id&#8221;:null,&#8221;seo_description&#8221;:&#8221;Resultados, tabela com os pr\u00f3ximos jogos, classifica\u00e7\u00e3o completa, v\u00eddeos e as \u00faltimas not\u00edcias do Campeonato Potiguar no R7 Esportes&#8221;,&#8221;seo_tags&#8221;:[&#8220;Campeonato Potiguar&#8221;,&#8221;Campeonato Potiguar de futebol&#8221;,&#8221;not\u00edcias&#8221;,&#8221;futebol&#8221;,&#8221;esporte&#8221;,&#8221;r7&#8243;],&#8221;seo_title&#8221;:&#8221;Campeonato Potiguar | R7 Esportes&#8221;,&#8221;title_hotsite&#8221;:null,&#8221;top_url&#8221;:&#8221;https:\/\/esportes.r7.com\/futebol\/campeonato-potiguar\/&#8221;,&#8221;url_og_image&#8221;:null},&#8221;age_rating&#8221;:{&#8220;classificacao_etaria&#8221;:null},&#8221;age_rating_description&#8221;:{&#8220;atos_criminosos&#8221;:&#8221;false&#8221;,&#8221;conteudo_sexual&#8221;:&#8221;false&#8221;,&#8221;drogas&#8221;:&#8221;false&#8221;,&#8221;drogas_ilicitas&#8221;:&#8221;false&#8221;,&#8221;drogas_licitas&#8221;:&#8221;false&#8221;,&#8221;linguagem_impropria&#8221;:&#8221;false&#8221;,&#8221;medo&#8221;:&#8221;false&#8221;,&#8221;nudez&#8221;:&#8221;false&#8221;,&#8221;procedimentos_medicos&#8221;:&#8221;false&#8221;,&#8221;sexo_explicito&#8221;:&#8221;false&#8221;,&#8221;temas_sensiveis&#8221;:&#8221;false&#8221;,&#8221;violencia&#8221;:&#8221;false&#8221;,&#8221;violencia_extrema&#8221;:&#8221;false&#8221;,&#8221;violencia_fantasiosa&#8221;:&#8221;false&#8221;},&#8221;area_logada&#8221;:{&#8220;exclusive_content&#8221;:&#8221;false&#8221;},&#8221;navigation&#8221;:{&#8220;menu_url&#8221;:null,&#8221;nav_title&#8221;:null},&#8221;publicidade&#8221;:{&#8220;disable_adv&#8221;:&#8221;false&#8221;,&#8221;disable_audima_adv&#8221;:&#8221;false&#8221;,&#8221;disable_taboola&#8221;:&#8221;false&#8221;,&#8221;hash&#8221;:&#8221;R7esportes\/futebol\/campeonatopotiguar&#8221;},&#8221;site&#8221;:{&#8220;coupon_categories&#8221;:&#8221;departamentos&#8221;,&#8221;disable_refresh&#8221;:&#8221;4&#8243;,&#8221;enable_disclaimer&#8221;:&#8221;false&#8221;,&#8221;pagebuilder_path_for_native_apps&#8221;:null,&#8221;site_about&#8221;:null,&#8221;site_description&#8221;:null,&#8221;site_keywords&#8221;:null,&#8221;site_tagline&#8221;:null,&#8221;site_title&#8221;:null,&#8221;site_url&#8221;:null},&#8221;site_topper&#8221;:{&#8220;section_header_image&#8221;:null,&#8221;section_header_image_id&#8221;:null,&#8221;section_header_image_mobile&#8221;:null,&#8221;section_header_image_mobile_id&#8221;:null,&#8221;section_left_color_top&#8221;:null,&#8221;section_primary_color&#8221;:null,&#8221;section_right_color_top&#8221;:null,&#8221;site_logo_image&#8221;:null},&#8221;social&#8221;:{&#8220;facebook&#8221;:null,&#8221;instagram&#8221;:null,&#8221;kwai&#8221;:null,&#8221;rss&#8221;:null,&#8221;twitter&#8221;:null},&#8221;ultimas&#8221;:{&#8220;tab_ultimas&#8221;:[]},&#8221;is_grouping&#8221;:&#8221;false&#8221;,&#8221;node_type&#8221;:&#8221;section&#8221;,&#8221;children&#8221;:[]},{&#8220;_id&#8221;:&#8221;\/futebol\/campeonato-alagoano&#8221;,&#8221;_website&#8221;:&#8221;esportes&#8221;,&#8221;name&#8221;:&#8221;Campeonato Alagoano&#8221;,&#8221;inactive&#8221;:false,&#8221;ancestors&#8221;:{&#8220;default&#8221;:[&#8220;https:\/\/esportes.r7.com\/futebol&#8221;]},&#8221;parent&#8221;:{&#8220;default&#8221;:&#8221;https:\/\/esportes.r7.com\/futebol&#8221;},&#8221;SEO&#8221;:{&#8220;og_image_id&#8221;:null,&#8221;seo_description&#8221;:&#8221;Resultados, tabela com os pr\u00f3ximos jogos, classifica\u00e7\u00e3o completa, v\u00eddeos e as \u00faltimas not\u00edcias do Campeonato Alagoano no R7 Esportes&#8221;,&#8221;seo_tags&#8221;:[&#8220;Campeonato Alagoano&#8221;,&#8221;Campeonato Alagoano de futebol&#8221;,&#8221;not\u00edcias&#8221;,&#8221;futebol&#8221;,&#8221;esporte&#8221;,&#8221;r7 &#8220;],&#8221;seo_title&#8221;:&#8221;Campeonato Alagoano | R7 Esportes&#8221;,&#8221;title_hotsite&#8221;:null,&#8221;top_url&#8221;:&#8221;https:\/\/esportes.r7.com\/futebol\/campeonato-alagoano\/&#8221;,&#8221;url_og_image&#8221;:null},&#8221;age_rating&#8221;:{&#8220;classificacao_etaria&#8221;:null},&#8221;age_rating_description&#8221;:{&#8220;atos_criminosos&#8221;:&#8221;false&#8221;,&#8221;conteudo_sexual&#8221;:&#8221;false&#8221;,&#8221;drogas&#8221;:&#8221;false&#8221;,&#8221;drogas_ilicitas&#8221;:&#8221;false&#8221;,&#8221;drogas_licitas&#8221;:&#8221;false&#8221;,&#8221;linguagem_impropria&#8221;:&#8221;false&#8221;,&#8221;medo&#8221;:&#8221;false&#8221;,&#8221;nudez&#8221;:&#8221;false&#8221;,&#8221;procedimentos_medicos&#8221;:&#8221;false&#8221;,&#8221;sexo_explicito&#8221;:&#8221;false&#8221;,&#8221;temas_sensiveis&#8221;:&#8221;false&#8221;,&#8221;violencia&#8221;:&#8221;false&#8221;,&#8221;violencia_extrema&#8221;:&#8221;false&#8221;,&#8221;violencia_fantasiosa&#8221;:&#8221;false&#8221;},&#8221;area_logada&#8221;:{&#8220;exclusive_content&#8221;:&#8221;false&#8221;},&#8221;navigation&#8221;:{&#8220;menu_url&#8221;:&#8221;https:\/\/esportes.r7.com\/futebol\/campeonato-alagoano\/&#8221;,&#8221;nav_title&#8221;:&#8221;Campeonato Alagoano&#8221;},&#8221;publicidade&#8221;:{&#8220;disable_adv&#8221;:&#8221;false&#8221;,&#8221;disable_audima_adv&#8221;:&#8221;false&#8221;,&#8221;disable_taboola&#8221;:&#8221;false&#8221;,&#8221;hash&#8221;:&#8221;R7esportes\/futebol\/campeonatoalagoano&#8221;},&#8221;site&#8221;:{&#8220;coupon_categories&#8221;:&#8221;departamentos&#8221;,&#8221;disable_refresh&#8221;:&#8221;4&#8243;,&#8221;enable_disclaimer&#8221;:&#8221;false&#8221;,&#8221;pagebuilder_path_for_native_apps&#8221;:null,&#8221;site_about&#8221;:null,&#8221;site_description&#8221;:null,&#8221;site_keywords&#8221;:null,&#8221;site_tagline&#8221;:null,&#8221;site_title&#8221;:null,&#8221;site_url&#8221;:null},&#8221;site_topper&#8221;:{&#8220;section_header_image&#8221;:null,&#8221;section_header_image_id&#8221;:null,&#8221;section_header_image_mobile&#8221;:null,&#8221;section_header_image_mobile_id&#8221;:null,&#8221;section_left_color_top&#8221;:null,&#8221;section_primary_color&#8221;:null,&#8221;section_right_color_top&#8221;:null,&#8221;site_logo_image&#8221;:null},&#8221;social&#8221;:{&#8220;facebook&#8221;:null,&#8221;instagram&#8221;:null,&#8221;kwai&#8221;:null,&#8221;rss&#8221;:null,&#8221;twitter&#8221;:null},&#8221;ultimas&#8221;:{&#8220;tab_ultimas&#8221;:[]},&#8221;is_grouping&#8221;:&#8221;false&#8221;,&#8221;node_type&#8221;:&#8221;section&#8221;,&#8221;children&#8221;:[]},{&#8220;_id&#8221;:&#8221;\/futebol\/canal-flu-news&#8221;,&#8221;_website&#8221;:&#8221;esportes&#8221;,&#8221;name&#8221;:&#8221;Canal Flu News&#8221;,&#8221;inactive&#8221;:false,&#8221;ancestors&#8221;:{&#8220;default&#8221;:[&#8220;https:\/\/esportes.r7.com\/futebol&#8221;]},&#8221;parent&#8221;:{&#8220;default&#8221;:&#8221;https:\/\/esportes.r7.com\/futebol&#8221;},&#8221;SEO&#8221;:{&#8220;og_image_id&#8221;:null,&#8221;seo_description&#8221;:null,&#8221;seo_tags&#8221;:[],&#8221;seo_title&#8221;:null,&#8221;title_hotsite&#8221;:null,&#8221;top_url&#8221;:null,&#8221;url_og_image&#8221;:null},&#8221;_admin&#8221;:{&#8220;alias_ids&#8221;:[&#8220;\/futebol\/canal-flu-news&#8221;]},&#8221;age_rating&#8221;:{&#8220;classificacao_etaria&#8221;:null},&#8221;age_rating_description&#8221;:{&#8220;atos_criminosos&#8221;:&#8221;false&#8221;,&#8221;conteudo_sexual&#8221;:&#8221;false&#8221;,&#8221;drogas&#8221;:&#8221;false&#8221;,&#8221;drogas_ilicitas&#8221;:&#8221;false&#8221;,&#8221;drogas_licitas&#8221;:&#8221;false&#8221;,&#8221;linguagem_impropria&#8221;:&#8221;false&#8221;,&#8221;medo&#8221;:&#8221;false&#8221;,&#8221;nudez&#8221;:&#8221;false&#8221;,&#8221;procedimentos_medicos&#8221;:&#8221;false&#8221;,&#8221;sexo_explicito&#8221;:&#8221;false&#8221;,&#8221;temas_sensiveis&#8221;:&#8221;false&#8221;,&#8221;violencia&#8221;:&#8221;false&#8221;,&#8221;violencia_extrema&#8221;:&#8221;false&#8221;,&#8221;violencia_fantasiosa&#8221;:&#8221;false&#8221;},&#8221;area_logada&#8221;:{&#8220;exclusive_content&#8221;:&#8221;false&#8221;},&#8221;campanha_branded&#8221;:{&#8220;ativar_logo_campanha&#8221;:&#8221;false&#8221;},&#8221;navigation&#8221;:{&#8220;menu_url&#8221;:null,&#8221;nav_title&#8221;:&#8221;Canal Flu News&#8221;},&#8221;publicidade&#8221;:{&#8220;disable_adv&#8221;:&#8221;false&#8221;,&#8221;disable_audima_adv&#8221;:&#8221;false&#8221;,&#8221;disable_taboola&#8221;:&#8221;false&#8221;,&#8221;hash&#8221;:null},&#8221;site&#8221;:{&#8220;coupon_categories&#8221;:&#8221;departamentos&#8221;,&#8221;disable_refresh&#8221;:&#8221;4&#8243;,&#8221;enable_disclaimer&#8221;:&#8221;false&#8221;,&#8221;pagebuilder_path_for_native_apps&#8221;:null,&#8221;site_about&#8221;:null,&#8221;site_description&#8221;:null,&#8221;site_keywords&#8221;:null,&#8221;site_tagline&#8221;:null,&#8221;site_title&#8221;:&#8221;Canal Flu News&#8221;,&#8221;site_url&#8221;:null},&#8221;site_topper&#8221;:{&#8220;section_header_image&#8221;:null,&#8221;section_header_image_id&#8221;:null,&#8221;section_header_image_mobile&#8221;:null,&#8221;section_header_image_mobile_id&#8221;:null,&#8221;section_left_color_top&#8221;:null,&#8221;section_primary_color&#8221;:null,&#8221;section_right_color_top&#8221;:null,&#8221;site_logo_image&#8221;:null},&#8221;social&#8221;:{&#8220;facebook&#8221;:null,&#8221;instagram&#8221;:null,&#8221;kwai&#8221;:null,&#8221;rss&#8221;:null,&#8221;twitter&#8221;:null},&#8221;ultimas&#8221;:{&#8220;tab_ultimas&#8221;:[]},&#8221;is_grouping&#8221;:&#8221;false&#8221;,&#8221;node_type&#8221;:&#8221;section&#8221;,&#8221;children&#8221;:[]},{&#8220;_id&#8221;:&#8221;\/futebol\/agenda&#8221;,&#8221;_website&#8221;:&#8221;esportes&#8221;,&#8221;name&#8221;:&#8221;Agenda&#8221;,&#8221;inactive&#8221;:false,&#8221;ancestors&#8221;:{&#8220;default&#8221;:[&#8220;https:\/\/esportes.r7.com\/futebol&#8221;]},&#8221;parent&#8221;:{&#8220;default&#8221;:&#8221;https:\/\/esportes.r7.com\/futebol&#8221;},&#8221;SEO&#8221;:{&#8220;og_image_id&#8221;:null,&#8221;seo_description&#8221;:&#8221;Confira a agenda dos jogos de hoje e todos os jogos no Brasil e ao redor do mundo. Acesse r7.com\/esportes.&#8221;,&#8221;seo_tags&#8221;:[&#8220;agenda do dia&#8221;,&#8221;agenda de jogos&#8221;,&#8221;futebol&#8221;,&#8221;campeonatos&#8221;,&#8221;jogos no brasil&#8221;,&#8221;jogos pelo mundo&#8221;,&#8221;paulist\u00e3o&#8221;,&#8221;campeonato paulista&#8221;,&#8221;brasileir\u00e3o&#8221;,&#8221;campeonato brasileiro&#8221;,&#8221;futebol na record&#8221;,&#8221;r7&#8243;,&#8221;record&#8221;],&#8221;seo_title&#8221;:&#8221;Agenda de Jogos de Hoje | R7&#8243;,&#8221;title_hotsite&#8221;:null,&#8221;top_url&#8221;:null,&#8221;url_og_image&#8221;:null},&#8221;age_rating&#8221;:{&#8220;classificacao_etaria&#8221;:null},&#8221;age_rating_description&#8221;:{&#8220;atos_criminosos&#8221;:&#8221;false&#8221;,&#8221;conteudo_sexual&#8221;:&#8221;false&#8221;,&#8221;drogas&#8221;:&#8221;false&#8221;,&#8221;drogas_ilicitas&#8221;:&#8221;false&#8221;,&#8221;drogas_licitas&#8221;:&#8221;false&#8221;,&#8221;linguagem_impropria&#8221;:&#8221;false&#8221;,&#8221;medo&#8221;:&#8221;false&#8221;,&#8221;nudez&#8221;:&#8221;false&#8221;,&#8221;procedimentos_medicos&#8221;:&#8221;false&#8221;,&#8221;sexo_explicito&#8221;:&#8221;false&#8221;,&#8221;temas_sensiveis&#8221;:&#8221;false&#8221;,&#8221;violencia&#8221;:&#8221;false&#8221;,&#8221;violencia_extrema&#8221;:&#8221;false&#8221;,&#8221;violencia_fantasiosa&#8221;:&#8221;false&#8221;},&#8221;area_logada&#8221;:{&#8220;exclusive_content&#8221;:&#8221;false&#8221;},&#8221;navigation&#8221;:{&#8220;menu_url&#8221;:null,&#8221;nav_title&#8221;:null},&#8221;publicidade&#8221;:{&#8220;disable_adv&#8221;:&#8221;false&#8221;,&#8221;disable_audima_adv&#8221;:&#8221;false&#8221;,&#8221;disable_taboola&#8221;:&#8221;false&#8221;,&#8221;hash&#8221;:&#8221;r7esportes\/futebol\/agenda&#8221;},&#8221;site&#8221;:{&#8220;coupon_categories&#8221;:&#8221;departamentos&#8221;,&#8221;disable_refresh&#8221;:&#8221;4&#8243;,&#8221;enable_disclaimer&#8221;:&#8221;false&#8221;,&#8221;pagebuilder_path_for_native_apps&#8221;:null,&#8221;site_about&#8221;:null,&#8221;site_description&#8221;:&#8221;Confira a agenda dos jogos de hoje e todos os jogos no Brasil e ao redor do mundo. Acesse r7.com\/esportes.&#8221;,&#8221;site_keywords&#8221;:null,&#8221;site_tagline&#8221;:null,&#8221;site_title&#8221;:&#8221;Agenda de Jogos de Hoje | R7&#8243;,&#8221;site_url&#8221;:null},&#8221;site_topper&#8221;:{&#8220;section_header_image&#8221;:null,&#8221;section_header_image_id&#8221;:null,&#8221;section_header_image_mobile&#8221;:null,&#8221;section_header_image_mobile_id&#8221;:null,&#8221;section_left_color_top&#8221;:null,&#8221;section_primary_color&#8221;:null,&#8221;section_right_color_top&#8221;:null,&#8221;site_logo_image&#8221;:null},&#8221;social&#8221;:{&#8220;facebook&#8221;:null,&#8221;instagram&#8221;:null,&#8221;kwai&#8221;:null,&#8221;rss&#8221;:null,&#8221;twitter&#8221;:null},&#8221;ultimas&#8221;:{&#8220;tab_ultimas&#8221;:[]},&#8221;is_grouping&#8221;:&#8221;false&#8221;,&#8221;node_type&#8221;:&#8221;section&#8221;,&#8221;children&#8221;:[]},{&#8220;_id&#8221;:&#8221;\/futebol\/campeonato-roraimense&#8221;,&#8221;_website&#8221;:&#8221;esportes&#8221;,&#8221;name&#8221;:&#8221;Campeonato Roraimense&#8221;,&#8221;inactive&#8221;:false,&#8221;ancestors&#8221;:{&#8220;default&#8221;:[&#8220;https:\/\/esportes.r7.com\/futebol&#8221;]},&#8221;parent&#8221;:{&#8220;default&#8221;:&#8221;https:\/\/esportes.r7.com\/futebol&#8221;},&#8221;SEO&#8221;:{&#8220;og_image_id&#8221;:null,&#8221;seo_description&#8221;:&#8221;Confira resultados, pr\u00f3ximos jogos, tabela de classifica\u00e7\u00e3o completa, v\u00eddeos e as \u00faltimas not\u00edciasdo Campeonato Roraimense | 2025 | no R7 Esportes&#8221;,&#8221;seo_tags&#8221;:[&#8220;campeonato roraimense de futebol&#8221;,&#8221;campeonato&#8221;,&#8221;roraima&#8221;,&#8221;rr&#8221;,&#8221;futebol&#8221;,&#8221;r7&#8243;],&#8221;seo_title&#8221;:&#8221;Tabela, not\u00edcias e resultados | Roraimense | 2025 | R7&#8243;,&#8221;title_hotsite&#8221;:&#8221;Tabela, not\u00edcias e resultados | Roraimense | 2025 | R7&#8243;,&#8221;top_url&#8221;:&#8221;https:\/\/esportes.r7.com\/futebol\/campeonato-roraimense\/&#8221;,&#8221;url_og_image&#8221;:null},&#8221;age_rating&#8221;:{&#8220;classificacao_etaria&#8221;:null},&#8221;age_rating_description&#8221;:{&#8220;atos_criminosos&#8221;:&#8221;false&#8221;,&#8221;conteudo_sexual&#8221;:&#8221;false&#8221;,&#8221;drogas&#8221;:&#8221;false&#8221;,&#8221;drogas_ilicitas&#8221;:&#8221;false&#8221;,&#8221;drogas_licitas&#8221;:&#8221;false&#8221;,&#8221;linguagem_impropria&#8221;:&#8221;false&#8221;,&#8221;medo&#8221;:&#8221;false&#8221;,&#8221;nudez&#8221;:&#8221;false&#8221;,&#8221;procedimentos_medicos&#8221;:&#8221;false&#8221;,&#8221;sexo_explicito&#8221;:&#8221;false&#8221;,&#8221;temas_sensiveis&#8221;:&#8221;false&#8221;,&#8221;violencia&#8221;:&#8221;false&#8221;,&#8221;violencia_extrema&#8221;:&#8221;false&#8221;,&#8221;violencia_fantasiosa&#8221;:&#8221;false&#8221;},&#8221;area_logada&#8221;:{&#8220;exclusive_content&#8221;:&#8221;false&#8221;},&#8221;navigation&#8221;:{&#8220;menu_url&#8221;:null,&#8221;nav_title&#8221;:null},&#8221;publicidade&#8221;:{&#8220;disable_adv&#8221;:&#8221;false&#8221;,&#8221;disable_audima_adv&#8221;:&#8221;false&#8221;,&#8221;disable_taboola&#8221;:&#8221;false&#8221;,&#8221;hash&#8221;:&#8221;R7esportes\/futebol\/campeonatororaimense&#8221;},&#8221;site&#8221;:{&#8220;coupon_categories&#8221;:&#8221;departamentos&#8221;,&#8221;disable_refresh&#8221;:&#8221;0&#8243;,&#8221;enable_disclaimer&#8221;:&#8221;false&#8221;,&#8221;pagebuilder_path_for_native_apps&#8221;:null,&#8221;site_about&#8221;:&#8221;Tabela, not\u00edcias e resultados | Roraimense | 2025 | R7&#8243;,&#8221;site_description&#8221;:&#8221;Confira resultados, pr\u00f3ximos jogos, tabela de classifica\u00e7\u00e3o completa, v\u00eddeos e as \u00faltimas not\u00edciasdo Campeonato Roraimense | 2025 | no R7 Esportes&#8221;,&#8221;site_keywords&#8221;:&#8221;campeonato roraimense, campeonato roraimense de futebol, roraim\u00e3o, futebol, esportes, r7 esportes, gols, r7, record&#8221;,&#8221;site_tagline&#8221;:&#8221;Tabela, not\u00edcias e resultados | Roraimense | 2025 | R7&#8243;,&#8221;site_title&#8221;:&#8221;Tabela, not\u00edcias e resultados | Roraimense | 2025 | R7&#8243;,&#8221;site_url&#8221;:null},&#8221;site_topper&#8221;:{&#8220;section_header_image&#8221;:null,&#8221;section_header_image_id&#8221;:null,&#8221;section_header_image_mobile&#8221;:null,&#8221;section_header_image_mobile_id&#8221;:null,&#8221;section_left_color_top&#8221;:null,&#8221;section_primary_color&#8221;:null,&#8221;section_right_color_top&#8221;:null,&#8221;site_logo_image&#8221;:null},&#8221;social&#8221;:{&#8220;facebook&#8221;:null,&#8221;instagram&#8221;:null,&#8221;kwai&#8221;:null,&#8221;rss&#8221;:null,&#8221;twitter&#8221;:null},&#8221;ultimas&#8221;:{&#8220;tab_ultimas&#8221;:[]},&#8221;is_grouping&#8221;:&#8221;false&#8221;,&#8221;node_type&#8221;:&#8221;section&#8221;,&#8221;children&#8221;:[{&#8220;_id&#8221;:&#8221;\/futebol\/campeonato-roraimense\/tabela&#8221;,&#8221;_website&#8221;:&#8221;esportes&#8221;,&#8221;name&#8221;:&#8221;Tabela&#8221;,&#8221;inactive&#8221;:false,&#8221;ancestors&#8221;:{&#8220;default&#8221;:[&#8220;https:\/\/esportes.r7.com\/futebol&#8221;,&#8221;\/futebol\/campeonato-roraimense&#8221;]},&#8221;parent&#8221;:{&#8220;default&#8221;:&#8221;\/futebol\/campeonato-roraimense&#8221;},&#8221;SEO&#8221;:{&#8220;og_image_id&#8221;:null,&#8221;seo_description&#8221;:&#8221;Campeonato Roraimense com tabela de classifica\u00e7\u00e3o atualizada \u00e9 no R7 Esportes! Confira os pr\u00f3ximos jogos, not\u00edcias e muito mais.&#8221;,&#8221;seo_tags&#8221;:[&#8220;campeonato roraimense&#8221;,&#8221;roraim\u00e3o&#8221;,&#8221;com imagens &#8220;,&#8221;ao vivo de gra\u00e7a&#8221;,&#8221;tabela&#8221;,&#8221;ao vivo&#8221;,&#8221;resultados&#8221;,&#8221;futebol&#8221;,&#8221; r7 esportes&#8221;],&#8221;seo_title&#8221;:&#8221;Tabela e jogos | Roraimense 2025| R7 Esportes&#8221;,&#8221;title_hotsite&#8221;:&#8221;Tabela e jogos | Roraimense 2025| R7 Esportes&#8221;,&#8221;top_url&#8221;:&#8221;https:\/\/esportes.r7.com\/futebol\/campeonato-roraimense\/&#8221;,&#8221;url_og_image&#8221;:null},&#8221;age_rating&#8221;:{&#8220;classificacao_etaria&#8221;:null},&#8221;age_rating_description&#8221;:{&#8220;atos_criminosos&#8221;:&#8221;false&#8221;,&#8221;conteudo_sexual&#8221;:&#8221;false&#8221;,&#8221;drogas&#8221;:&#8221;false&#8221;,&#8221;drogas_ilicitas&#8221;:&#8221;false&#8221;,&#8221;drogas_licitas&#8221;:&#8221;false&#8221;,&#8221;linguagem_impropria&#8221;:&#8221;false&#8221;,&#8221;medo&#8221;:&#8221;false&#8221;,&#8221;nudez&#8221;:&#8221;false&#8221;,&#8221;procedimentos_medicos&#8221;:&#8221;false&#8221;,&#8221;sexo_explicito&#8221;:&#8221;false&#8221;,&#8221;temas_sensiveis&#8221;:&#8221;false&#8221;,&#8221;violencia&#8221;:&#8221;false&#8221;,&#8221;violencia_extrema&#8221;:&#8221;false&#8221;,&#8221;violencia_fantasiosa&#8221;:&#8221;false&#8221;},&#8221;area_logada&#8221;:{&#8220;exclusive_content&#8221;:&#8221;false&#8221;},&#8221;navigation&#8221;:{&#8220;menu_url&#8221;:null,&#8221;nav_title&#8221;:null},&#8221;newsletter&#8221;:{&#8220;id&#8221;:null},&#8221;publicidade&#8221;:{&#8220;disable_adv&#8221;:&#8221;false&#8221;,&#8221;disable_audima_adv&#8221;:&#8221;false&#8221;,&#8221;disable_taboola&#8221;:&#8221;false&#8221;,&#8221;hash&#8221;:null},&#8221;site&#8221;:{&#8220;coupon_categories&#8221;:&#8221;departamentos&#8221;,&#8221;disable_refresh&#8221;:&#8221;4&#8243;,&#8221;enable_disclaimer&#8221;:&#8221;false&#8221;,&#8221;pagebuilder_path_for_native_apps&#8221;:null,&#8221;site_about&#8221;:&#8221;Tabela e jogos | Roraimense 2025| R7 Esportes&#8221;,&#8221;site_description&#8221;:&#8221;Campeonato Roraimense com tabela de classifica\u00e7\u00e3o atualizada \u00e9 no R7 Esportes! Confira os pr\u00f3ximos jogos, not\u00edcias e muito mais.&#8221;,&#8221;site_keywords&#8221;:&#8221;campeonato roraimense, roraim\u00e3o, futebol, r7 esportes, tabela, resultados, ao vivo, ao vivo de gra\u00e7a, com imagens &#8220;,&#8221;site_tagline&#8221;:&#8221;Tabela e jogos | Roraimense 2025| R7 Esportes&#8221;,&#8221;site_title&#8221;:&#8221;Tabela e jogos | Roraimense 2025| R7 Esportes&#8221;,&#8221;site_url&#8221;:null},&#8221;site_topper&#8221;:{&#8220;section_header_image&#8221;:null,&#8221;section_header_image_id&#8221;:null,&#8221;section_header_image_mobile&#8221;:null,&#8221;section_header_image_mobile_id&#8221;:null,&#8221;section_left_color_top&#8221;:null,&#8221;section_primary_color&#8221;:null,&#8221;section_right_color_top&#8221;:null,&#8221;site_logo_image&#8221;:null},&#8221;social&#8221;:{&#8220;facebook&#8221;:null,&#8221;instagram&#8221;:null,&#8221;kwai&#8221;:null,&#8221;rss&#8221;:null,&#8221;twitter&#8221;:null},&#8221;ultimas&#8221;:{&#8220;tab_ultimas&#8221;:[]},&#8221;is_grouping&#8221;:&#8221;false&#8221;,&#8221;node_type&#8221;:&#8221;section&#8221;,&#8221;children&#8221;:[]},{&#8220;_id&#8221;:&#8221;\/futebol\/campeonato-roraimense\/ao-vivo&#8221;,&#8221;_website&#8221;:&#8221;esportes&#8221;,&#8221;name&#8221;:&#8221;Ao vivo&#8221;,&#8221;inactive&#8221;:false,&#8221;ancestors&#8221;:{&#8220;default&#8221;:[&#8220;https:\/\/esportes.r7.com\/futebol&#8221;,&#8221;\/futebol\/campeonato-roraimense&#8221;]},&#8221;parent&#8221;:{&#8220;default&#8221;:&#8221;\/futebol\/campeonato-roraimense&#8221;},&#8221;SEO&#8221;:{&#8220;og_image_id&#8221;:null,&#8221;seo_description&#8221;:&#8221;Confira resultados, pr\u00f3ximos jogos, tabela de classifica\u00e7\u00e3o completa, v\u00eddeos e as \u00faltimas not\u00edciasdo Campeonato Roraimense | 2025 | no R7 Esportes&#8221;,&#8221;seo_tags&#8221;:[&#8220;campeonato roraimense de futebol&#8221;,&#8221;campeonato&#8221;,&#8221;roraima&#8221;,&#8221;rr&#8221;,&#8221;futebol&#8221;,&#8221;r7&#8243;],&#8221;seo_title&#8221;:&#8221;Ao Vivo | Roraimense 2026 | R7 Esportes&#8221;,&#8221;title_hotsite&#8221;:&#8221;Ao Vivo | Roraimense 2026 | R7 Esportes&#8221;,&#8221;top_url&#8221;:&#8221;https:\/\/esportes.r7.com\/futebol\/campeonato-roraimense\/&#8221;,&#8221;url_og_image&#8221;:null},&#8221;_admin&#8221;:{&#8220;alias_ids&#8221;:[&#8220;\/futebol\/campeonato-roraimense\/ao-vivo&#8221;]},&#8221;age_rating&#8221;:{&#8220;classificacao_etaria&#8221;:null},&#8221;age_rating_description&#8221;:{&#8220;atos_criminosos&#8221;:&#8221;false&#8221;,&#8221;conteudo_sexual&#8221;:&#8221;false&#8221;,&#8221;drogas&#8221;:&#8221;false&#8221;,&#8221;drogas_ilicitas&#8221;:&#8221;false&#8221;,&#8221;drogas_licitas&#8221;:&#8221;false&#8221;,&#8221;linguagem_impropria&#8221;:&#8221;false&#8221;,&#8221;medo&#8221;:&#8221;false&#8221;,&#8221;nudez&#8221;:&#8221;false&#8221;,&#8221;procedimentos_medicos&#8221;:&#8221;false&#8221;,&#8221;sexo_explicito&#8221;:&#8221;false&#8221;,&#8221;temas_sensiveis&#8221;:&#8221;false&#8221;,&#8221;violencia&#8221;:&#8221;false&#8221;,&#8221;violencia_extrema&#8221;:&#8221;false&#8221;,&#8221;violencia_fantasiosa&#8221;:&#8221;false&#8221;},&#8221;area_logada&#8221;:{&#8220;exclusive_content&#8221;:&#8221;true&#8221;},&#8221;assets&#8221;:{&#8220;cda_ad_player&#8221;:null},&#8221;campanha_branded&#8221;:{&#8220;ativar_background_campanha&#8221;:&#8221;false&#8221;,&#8221;ativar_fonte_campanha&#8221;:&#8221;false&#8221;,&#8221;ativar_logo_campanha&#8221;:&#8221;false&#8221;},&#8221;navigation&#8221;:{&#8220;menu_url&#8221;:null,&#8221;nav_title&#8221;:null},&#8221;newsletter&#8221;:{&#8220;id&#8221;:null},&#8221;publicidade&#8221;:{&#8220;disable_adv&#8221;:&#8221;false&#8221;,&#8221;disable_audima_adv&#8221;:&#8221;false&#8221;,&#8221;disable_taboola&#8221;:&#8221;false&#8221;,&#8221;hash&#8221;:null},&#8221;site&#8221;:{&#8220;coupon_categories&#8221;:&#8221;departamentos&#8221;,&#8221;disable_refresh&#8221;:&#8221;4&#8243;,&#8221;enable_disclaimer&#8221;:&#8221;false&#8221;,&#8221;pagebuilder_path_for_native_apps&#8221;:null,&#8221;site_about&#8221;:null,&#8221;site_description&#8221;:null,&#8221;site_keywords&#8221;:null,&#8221;site_tagline&#8221;:null,&#8221;site_title&#8221;:null,&#8221;site_url&#8221;:null},&#8221;site_topper&#8221;:{&#8220;section_header_image&#8221;:null,&#8221;section_header_image_id&#8221;:null,&#8221;section_header_image_mobile&#8221;:null,&#8221;section_header_image_mobile_id&#8221;:null,&#8221;section_left_color_top&#8221;:null,&#8221;section_primary_color&#8221;:null,&#8221;section_right_color_top&#8221;:null,&#8221;site_logo_image&#8221;:null},&#8221;social&#8221;:{&#8220;bluesky&#8221;:null,&#8221;facebook&#8221;:null,&#8221;instagram&#8221;:null,&#8221;kwai&#8221;:null,&#8221;rss&#8221;:null,&#8221;threads&#8221;:null,&#8221;tiktok&#8221;:null,&#8221;twitter&#8221;:null,&#8221;whatsapp&#8221;:null,&#8221;youtube&#8221;:null},&#8221;ultimas&#8221;:{&#8220;tab_ultimas&#8221;:[]},&#8221;is_grouping&#8221;:&#8221;false&#8221;,&#8221;node_type&#8221;:&#8221;section&#8221;,&#8221;children&#8221;:[]}]},{&#8220;_id&#8221;:&#8221;\/futebol\/showbol&#8221;,&#8221;_website&#8221;:&#8221;esportes&#8221;,&#8221;name&#8221;:&#8221;Showbol&#8221;,&#8221;inactive&#8221;:false,&#8221;ancestors&#8221;:{&#8220;default&#8221;:[&#8220;https:\/\/esportes.r7.com\/futebol&#8221;]},&#8221;parent&#8221;:{&#8220;default&#8221;:&#8221;https:\/\/esportes.r7.com\/futebol&#8221;},&#8221;SEO&#8221;:{&#8220;og_image_id&#8221;:null,&#8221;seo_description&#8221;:&#8221;Confira no Portal R7 tudo sobre o Showbol, que est\u00e1 de volta ao Rio de Janeiro. Ex-jogadores, influenciadores, astros da m\u00fasica e mais. N\u00e3o perca!&#8221;,&#8221;seo_tags&#8221;:[&#8220;futebol&#8221;,&#8221;showbol&#8221;,&#8221;esportes&#8221;,&#8221;entretenimento&#8221;,&#8221;not\u00edcias&#8221;,&#8221;record&#8221;],&#8221;seo_title&#8221;:&#8221;O Showbol est\u00e1 de volta ao Rio de Janeiro&#8221;,&#8221;title_hotsite&#8221;:null,&#8221;top_url&#8221;:&#8221;https:\/\/esportes.r7.com\/futebol\/showbol\/&#8221;,&#8221;url_og_image&#8221;:&#8221;https:\/\/img.r7.com\/images\/showbol-2025-25032025165343096&#8243;},&#8221;_admin&#8221;:{&#8220;alias_ids&#8221;:[&#8220;\/futebol\/showbol&#8221;]},&#8221;age_rating&#8221;:{&#8220;classificacao_etaria&#8221;:null},&#8221;age_rating_description&#8221;:{&#8220;atos_criminosos&#8221;:&#8221;false&#8221;,&#8221;conteudo_sexual&#8221;:&#8221;false&#8221;,&#8221;drogas&#8221;:&#8221;false&#8221;,&#8221;drogas_ilicitas&#8221;:&#8221;false&#8221;,&#8221;drogas_licitas&#8221;:&#8221;false&#8221;,&#8221;linguagem_impropria&#8221;:&#8221;false&#8221;,&#8221;medo&#8221;:&#8221;false&#8221;,&#8221;nudez&#8221;:&#8221;false&#8221;,&#8221;procedimentos_medicos&#8221;:&#8221;false&#8221;,&#8221;sexo_explicito&#8221;:&#8221;false&#8221;,&#8221;temas_sensiveis&#8221;:&#8221;false&#8221;,&#8221;violencia&#8221;:&#8221;false&#8221;,&#8221;violencia_extrema&#8221;:&#8221;false&#8221;,&#8221;violencia_fantasiosa&#8221;:&#8221;false&#8221;},&#8221;area_logada&#8221;:{&#8220;exclusive_content&#8221;:&#8221;false&#8221;},&#8221;campanha_branded&#8221;:{&#8220;ativar_logo_campanha&#8221;:&#8221;false&#8221;},&#8221;navigation&#8221;:{&#8220;menu_url&#8221;:null,&#8221;nav_title&#8221;:&#8221;Showbol&#8221;},&#8221;publicidade&#8221;:{&#8220;disable_adv&#8221;:&#8221;false&#8221;,&#8221;disable_audima_adv&#8221;:&#8221;false&#8221;,&#8221;disable_taboola&#8221;:&#8221;false&#8221;,&#8221;hash&#8221;:&#8221;r7esportes\/futebol\/showbol&#8221;},&#8221;site&#8221;:{&#8220;coupon_categories&#8221;:&#8221;departamentos&#8221;,&#8221;disable_refresh&#8221;:&#8221;0&#8243;,&#8221;enable_disclaimer&#8221;:&#8221;false&#8221;,&#8221;pagebuilder_path_for_native_apps&#8221;:null,&#8221;site_about&#8221;:null,&#8221;site_description&#8221;:&#8221;Acompanhe a Liga Betnacional de Showbol Portal R7. Saiba tudo sobre os jogos, transmiss\u00e3o ao vivo, resultados e muito mais.&#8221;,&#8221;site_keywords&#8221;:&#8221;showbol, showbol 2025, futebol, esportes, r7, record&#8221;,&#8221;site_tagline&#8221;:null,&#8221;site_title&#8221;:&#8221;Showbol 2025 | R7 Esportes&#8221;,&#8221;site_url&#8221;:null},&#8221;site_topper&#8221;:{&#8220;section_header_image&#8221;:&#8221;https:\/\/img.r7.com\/images\/showbol-2025-25032025165342618&#8243;,&#8221;section_header_image_id&#8221;:null,&#8221;section_header_image_mobile&#8221;:&#8221;https:\/\/img.r7.com\/images\/showbol-2025-25032025165342859&#8243;,&#8221;section_header_image_mobile_id&#8221;:null,&#8221;section_left_color_top&#8221;:&#8221;#010374&#8243;,&#8221;section_primary_color&#8221;:&#8221;#0E8148&#8243;,&#8221;section_right_color_top&#8221;:&#8221;#010374&#8243;,&#8221;site_logo_image&#8221;:null},&#8221;social&#8221;:{&#8220;facebook&#8221;:null,&#8221;instagram&#8221;:null,&#8221;kwai&#8221;:null,&#8221;rss&#8221;:null,&#8221;twitter&#8221;:null},&#8221;ultimas&#8221;:{&#8220;tab_ultimas&#8221;:[]},&#8221;is_grouping&#8221;:&#8221;false&#8221;,&#8221;node_type&#8221;:&#8221;section&#8221;,&#8221;children&#8221;:[]},{&#8220;_id&#8221;:&#8221;\/futebol\/escalacoes&#8221;,&#8221;_website&#8221;:&#8221;esportes&#8221;,&#8221;name&#8221;:&#8221;Escala\u00e7\u00f5es&#8221;,&#8221;inactive&#8221;:false,&#8221;ancestors&#8221;:{&#8220;default&#8221;:[&#8220;https:\/\/esportes.r7.com\/futebol&#8221;]},&#8221;parent&#8221;:{&#8220;default&#8221;:&#8221;https:\/\/esportes.r7.com\/futebol&#8221;},&#8221;SEO&#8221;:{&#8220;og_image_id&#8221;:null,&#8221;seo_description&#8221;:null,&#8221;seo_tags&#8221;:[],&#8221;seo_title&#8221;:null,&#8221;title_hotsite&#8221;:null,&#8221;top_url&#8221;:null,&#8221;url_og_image&#8221;:null},&#8221;age_rating&#8221;:{&#8220;classificacao_etaria&#8221;:null},&#8221;age_rating_description&#8221;:{&#8220;atos_criminosos&#8221;:&#8221;false&#8221;,&#8221;conteudo_sexual&#8221;:&#8221;false&#8221;,&#8221;drogas&#8221;:&#8221;false&#8221;,&#8221;drogas_ilicitas&#8221;:&#8221;false&#8221;,&#8221;drogas_licitas&#8221;:&#8221;false&#8221;,&#8221;linguagem_impropria&#8221;:&#8221;false&#8221;,&#8221;medo&#8221;:&#8221;false&#8221;,&#8221;nudez&#8221;:&#8221;false&#8221;,&#8221;procedimentos_medicos&#8221;:&#8221;false&#8221;,&#8221;sexo_explicito&#8221;:&#8221;false&#8221;,&#8221;temas_sensiveis&#8221;:&#8221;false&#8221;,&#8221;violencia&#8221;:&#8221;false&#8221;,&#8221;violencia_extrema&#8221;:&#8221;false&#8221;,&#8221;violencia_fantasiosa&#8221;:&#8221;false&#8221;},&#8221;area_logada&#8221;:{&#8220;exclusive_content&#8221;:&#8221;true&#8221;},&#8221;navigation&#8221;:{&#8220;menu_url&#8221;:null,&#8221;nav_title&#8221;:null},&#8221;newsletter&#8221;:{&#8220;id&#8221;:null},&#8221;publicidade&#8221;:{&#8220;disable_adv&#8221;:&#8221;false&#8221;,&#8221;disable_audima_adv&#8221;:&#8221;false&#8221;,&#8221;disable_taboola&#8221;:&#8221;false&#8221;,&#8221;hash&#8221;:null},&#8221;site&#8221;:{&#8220;coupon_categories&#8221;:&#8221;departamentos&#8221;,&#8221;disable_refresh&#8221;:&#8221;4&#8243;,&#8221;enable_disclaimer&#8221;:&#8221;false&#8221;,&#8221;pagebuilder_path_for_native_apps&#8221;:null,&#8221;site_about&#8221;:null,&#8221;site_description&#8221;:null,&#8221;site_keywords&#8221;:null,&#8221;site_tagline&#8221;:null,&#8221;site_title&#8221;:null,&#8221;site_url&#8221;:null},&#8221;site_topper&#8221;:{&#8220;section_header_image&#8221;:null,&#8221;section_header_image_id&#8221;:null,&#8221;section_header_image_mobile&#8221;:null,&#8221;section_header_image_mobile_id&#8221;:null,&#8221;section_left_color_top&#8221;:null,&#8221;section_primary_color&#8221;:null,&#8221;section_right_color_top&#8221;:null,&#8221;site_logo_image&#8221;:null},&#8221;social&#8221;:{&#8220;facebook&#8221;:null,&#8221;instagram&#8221;:null,&#8221;kwai&#8221;:null,&#8221;rss&#8221;:null,&#8221;twitter&#8221;:null},&#8221;ultimas&#8221;:{&#8220;tab_ultimas&#8221;:[]},&#8221;is_grouping&#8221;:&#8221;false&#8221;,&#8221;node_type&#8221;:&#8221;section&#8221;,&#8221;children&#8221;:[]},{&#8220;_id&#8221;:&#8221;\/futebol\/campeonato-brasileiro-feminino&#8221;,&#8221;_website&#8221;:&#8221;esportes&#8221;,&#8221;name&#8221;:&#8221;Campeonato Brasileiro Feminino&#8221;,&#8221;inactive&#8221;:false,&#8221;ancestors&#8221;:{&#8220;default&#8221;:[&#8220;https:\/\/esportes.r7.com\/futebol&#8221;]},&#8221;parent&#8221;:{&#8220;default&#8221;:&#8221;https:\/\/esportes.r7.com\/futebol&#8221;},&#8221;SEO&#8221;:{&#8220;og_image_id&#8221;:null,&#8221;seo_description&#8221;:&#8221;Confira resultados, pr\u00f3ximos jogos, lance a lance e as \u00faltimas not\u00edcias do Campeonato Brasileiro Feminino | 2025 | R7 Esportes&#8221;,&#8221;seo_tags&#8221;:[&#8220;Lance a Lance&#8221;,&#8221;Campeonato Brasileiro Feminino&#8221;,&#8221;futebol&#8221;,&#8221;esportes&#8221;,&#8221;r7&#8243;],&#8221;seo_title&#8221;:&#8221;Brasileir\u00e3o Feminino| 2025 | R7 Esportes&#8221;,&#8221;title_hotsite&#8221;:&#8221;Brasileir\u00e3o Feminino| 2025 | R7 Esportes&#8221;,&#8221;top_url&#8221;:&#8221;https:\/\/esportes.r7.com\/futebol\/campeonato-brasileiro-feminino\/&#8221;,&#8221;url_og_image&#8221;:null},&#8221;age_rating&#8221;:{&#8220;classificacao_etaria&#8221;:null},&#8221;age_rating_description&#8221;:{&#8220;atos_criminosos&#8221;:&#8221;false&#8221;,&#8221;conteudo_sexual&#8221;:&#8221;false&#8221;,&#8221;drogas&#8221;:&#8221;false&#8221;,&#8221;drogas_ilicitas&#8221;:&#8221;false&#8221;,&#8221;drogas_licitas&#8221;:&#8221;false&#8221;,&#8221;linguagem_impropria&#8221;:&#8221;false&#8221;,&#8221;medo&#8221;:&#8221;false&#8221;,&#8221;nudez&#8221;:&#8221;false&#8221;,&#8221;procedimentos_medicos&#8221;:&#8221;false&#8221;,&#8221;sexo_explicito&#8221;:&#8221;false&#8221;,&#8221;temas_sensiveis&#8221;:&#8221;false&#8221;,&#8221;violencia&#8221;:&#8221;false&#8221;,&#8221;violencia_extrema&#8221;:&#8221;false&#8221;,&#8221;violencia_fantasiosa&#8221;:&#8221;false&#8221;},&#8221;area_logada&#8221;:{&#8220;exclusive_content&#8221;:&#8221;false&#8221;},&#8221;navigation&#8221;:{&#8220;menu_url&#8221;:null,&#8221;nav_title&#8221;:&#8221;Campeonato Brasileiro Feminino&#8221;},&#8221;newsletter&#8221;:{&#8220;id&#8221;:null},&#8221;publicidade&#8221;:{&#8220;disable_adv&#8221;:&#8221;false&#8221;,&#8221;disable_audima_adv&#8221;:&#8221;false&#8221;,&#8221;disable_taboola&#8221;:&#8221;false&#8221;,&#8221;hash&#8221;:null},&#8221;site&#8221;:{&#8220;coupon_categories&#8221;:&#8221;departamentos&#8221;,&#8221;disable_refresh&#8221;:&#8221;4&#8243;,&#8221;enable_disclaimer&#8221;:&#8221;false&#8221;,&#8221;pagebuilder_path_for_native_apps&#8221;:null,&#8221;site_about&#8221;:&#8221;Brasileir\u00e3o Feminino| 2025 | R7 Esportes&#8221;,&#8221;site_description&#8221;:&#8221;Confira resultados, pr\u00f3ximos jogos, lance a lance e as \u00faltimas not\u00edcias do Campeonato Brasileiro Feminino | 2025 | R7 Esportes&#8221;,&#8221;site_keywords&#8221;:&#8221;lance a lance, futebol, campeonato brasileiro feminino, brasileirao feminino, r7 esportes&#8221;,&#8221;site_tagline&#8221;:&#8221;Brasileir\u00e3o Feminino| 2025 | R7 Esportes&#8221;,&#8221;site_title&#8221;:&#8221;Brasileir\u00e3o Feminino| 2025 | R7 Esportes&#8221;,&#8221;site_url&#8221;:null},&#8221;site_topper&#8221;:{&#8220;section_header_image&#8221;:null,&#8221;section_header_image_id&#8221;:null,&#8221;section_header_image_mobile&#8221;:null,&#8221;section_header_image_mobile_id&#8221;:null,&#8221;section_left_color_top&#8221;:null,&#8221;section_primary_color&#8221;:null,&#8221;section_right_color_top&#8221;:null,&#8221;site_logo_image&#8221;:null},&#8221;social&#8221;:{&#8220;facebook&#8221;:null,&#8221;instagram&#8221;:null,&#8221;kwai&#8221;:null,&#8221;rss&#8221;:null,&#8221;twitter&#8221;:null},&#8221;ultimas&#8221;:{&#8220;tab_ultimas&#8221;:[]},&#8221;is_grouping&#8221;:&#8221;false&#8221;,&#8221;node_type&#8221;:&#8221;section&#8221;,&#8221;children&#8221;:[{&#8220;_id&#8221;:&#8221;\/futebol\/campeonato-brasileiro-feminino\/lance-a-lance&#8221;,&#8221;_website&#8221;:&#8221;esportes&#8221;,&#8221;name&#8221;:&#8221;Lance a Lance&#8221;,&#8221;inactive&#8221;:false,&#8221;ancestors&#8221;:{&#8220;default&#8221;:[&#8220;https:\/\/esportes.r7.com\/futebol&#8221;,&#8221;\/futebol\/campeonato-brasileiro-feminino&#8221;]},&#8221;parent&#8221;:{&#8220;default&#8221;:&#8221;\/futebol\/campeonato-brasileiro-feminino&#8221;},&#8221;SEO&#8221;:{&#8220;og_image_id&#8221;:null,&#8221;seo_description&#8221;:&#8221;Brasileir\u00e3o Feminino! Acompanhe todos os lances, resultados e not\u00edcias do campeonato no site da Record. N\u00e3o perca nenhum detalhe! Acesse j\u00e1 o R7!&#8221;,&#8221;seo_tags&#8221;:[&#8220;lance a lance&#8221;,&#8221;Campeonato Brasileiro Feminino&#8221;,&#8221;futebol&#8221;,&#8221;esportes&#8221;,&#8221;r7&#8243;],&#8221;seo_title&#8221;:&#8221;Lance a Lance | Campeonato Brasileiro Feminino&#8221;,&#8221;title_hotsite&#8221;:&#8221;Lance a Lance | Campeonato Brasileiro Feminino&#8221;,&#8221;top_url&#8221;:&#8221;https:\/\/esportes.r7.com\/futebol\/campeonato-brasileiro-feminino\/lance-a-lance\/&#8221;,&#8221;url_og_image&#8221;:&#8221;https:\/\/cloudfront-us-east-1.images.arcpublishing.com\/newr7\/SPFYOIBXO5HARFO73AKUUX2DAU.jpg&#8221;},&#8221;age_rating&#8221;:{&#8220;classificacao_etaria&#8221;:null},&#8221;age_rating_description&#8221;:{&#8220;atos_criminosos&#8221;:&#8221;false&#8221;,&#8221;conteudo_sexual&#8221;:&#8221;false&#8221;,&#8221;drogas&#8221;:&#8221;false&#8221;,&#8221;drogas_ilicitas&#8221;:&#8221;false&#8221;,&#8221;drogas_licitas&#8221;:&#8221;false&#8221;,&#8221;linguagem_impropria&#8221;:&#8221;false&#8221;,&#8221;medo&#8221;:&#8221;false&#8221;,&#8221;nudez&#8221;:&#8221;false&#8221;,&#8221;procedimentos_medicos&#8221;:&#8221;false&#8221;,&#8221;sexo_explicito&#8221;:&#8221;false&#8221;,&#8221;temas_sensiveis&#8221;:&#8221;false&#8221;,&#8221;violencia&#8221;:&#8221;false&#8221;,&#8221;violencia_extrema&#8221;:&#8221;false&#8221;,&#8221;violencia_fantasiosa&#8221;:&#8221;false&#8221;},&#8221;area_logada&#8221;:{&#8220;exclusive_content&#8221;:&#8221;false&#8221;},&#8221;navigation&#8221;:{&#8220;menu_url&#8221;:null,&#8221;nav_title&#8221;:&#8221;Lance a Lance&#8221;},&#8221;newsletter&#8221;:{&#8220;id&#8221;:null},&#8221;publicidade&#8221;:{&#8220;disable_adv&#8221;:&#8221;false&#8221;,&#8221;disable_audima_adv&#8221;:&#8221;false&#8221;,&#8221;disable_taboola&#8221;:&#8221;false&#8221;,&#8221;hash&#8221;:null},&#8221;site&#8221;:{&#8220;coupon_categories&#8221;:&#8221;departamentos&#8221;,&#8221;disable_refresh&#8221;:&#8221;4&#8243;,&#8221;enable_disclaimer&#8221;:&#8221;false&#8221;,&#8221;pagebuilder_path_for_native_apps&#8221;:null,&#8221;site_about&#8221;:&#8221;Lance a Lance | Campeonato Brasileiro Feminino&#8221;,&#8221;site_description&#8221;:&#8221;Brasileir\u00e3o Feminino! Acompanhe todos os lances, resultados e not\u00edcias do campeonato no site da Record. N\u00e3o perca nenhum detalhe! Acesse j\u00e1 o R7!&#8221;,&#8221;site_keywords&#8221;:null,&#8221;site_tagline&#8221;:&#8221;Lance a Lance | Campeonato Brasileiro Feminino&#8221;,&#8221;site_title&#8221;:&#8221;Lance a Lance | Campeonato Brasileiro Feminino&#8221;,&#8221;site_url&#8221;:null},&#8221;site_topper&#8221;:{&#8220;section_header_image&#8221;:&#8221;https:\/\/cloudfront-us-east-1.images.arcpublishing.com\/newr7\/FTD67MTU25DBXNPON3HMC2W7TE.jpg&#8221;,&#8221;section_header_image_id&#8221;:null,&#8221;section_header_image_mobile&#8221;:&#8221;https:\/\/cloudfront-us-east-1.images.arcpublishing.com\/newr7\/6B37FPKDYFDUPGPFREWOHO3DIM.jpg&#8221;,&#8221;section_header_image_mobile_id&#8221;:null,&#8221;section_left_color_top&#8221;:&#8221;#470684&#8243;,&#8221;section_primary_color&#8221;:&#8221;#0E8148&#8243;,&#8221;section_right_color_top&#8221;:&#8221;#470684&#8243;,&#8221;site_logo_image&#8221;:null},&#8221;social&#8221;:{&#8220;facebook&#8221;:null,&#8221;instagram&#8221;:null,&#8221;kwai&#8221;:null,&#8221;rss&#8221;:null,&#8221;twitter&#8221;:null},&#8221;ultimas&#8221;:{&#8220;tab_ultimas&#8221;:[]},&#8221;is_grouping&#8221;:&#8221;false&#8221;,&#8221;node_type&#8221;:&#8221;section&#8221;,&#8221;children&#8221;:[]}]},{&#8220;_id&#8221;:&#8221;\/futebol\/gavea-news&#8221;,&#8221;_website&#8221;:&#8221;esportes&#8221;,&#8221;name&#8221;:&#8221;G\u00e1vea News&#8221;,&#8221;inactive&#8221;:false,&#8221;ancestors&#8221;:{&#8220;default&#8221;:[&#8220;https:\/\/esportes.r7.com\/futebol&#8221;]},&#8221;parent&#8221;:{&#8220;default&#8221;:&#8221;https:\/\/esportes.r7.com\/futebol&#8221;},&#8221;SEO&#8221;:{&#8220;og_image_id&#8221;:null,&#8221;seo_description&#8221;:&#8221;Not\u00edcias e conte\u00fados exclusivos do site G\u00e1vea News, Parceiro R7! Fique por dentro das novidades. Acesse agora e confira!&#8221;,&#8221;seo_tags&#8221;:[&#8220;g\u00e1vea news&#8221;,&#8221;r7&#8243;,&#8221;not\u00edcias&#8221;,&#8221;conte\u00fado&#8221;,&#8221;sites&#8221;,&#8221;novidades&#8221;],&#8221;seo_title&#8221;:&#8221;G\u00e1vea News: Novidades e Conte\u00fado Exclusivo do Parceiro- R7&#8243;,&#8221;title_hotsite&#8221;:null,&#8221;top_url&#8221;:null,&#8221;url_og_image&#8221;:null},&#8221;age_rating&#8221;:{&#8220;classificacao_etaria&#8221;:null},&#8221;age_rating_description&#8221;:{&#8220;atos_criminosos&#8221;:&#8221;false&#8221;,&#8221;conteudo_sexual&#8221;:&#8221;false&#8221;,&#8221;drogas&#8221;:&#8221;false&#8221;,&#8221;drogas_ilicitas&#8221;:&#8221;false&#8221;,&#8221;drogas_licitas&#8221;:&#8221;false&#8221;,&#8221;linguagem_impropria&#8221;:&#8221;false&#8221;,&#8221;medo&#8221;:&#8221;false&#8221;,&#8221;nudez&#8221;:&#8221;false&#8221;,&#8221;procedimentos_medicos&#8221;:&#8221;false&#8221;,&#8221;sexo_explicito&#8221;:&#8221;false&#8221;,&#8221;temas_sensiveis&#8221;:&#8221;false&#8221;,&#8221;violencia&#8221;:&#8221;false&#8221;,&#8221;violencia_extrema&#8221;:&#8221;false&#8221;,&#8221;violencia_fantasiosa&#8221;:&#8221;false&#8221;},&#8221;area_logada&#8221;:{&#8220;exclusive_content&#8221;:&#8221;false&#8221;},&#8221;navigation&#8221;:{&#8220;menu_url&#8221;:null,&#8221;nav_title&#8221;:&#8221;G\u00e1vea News&#8221;},&#8221;newsletter&#8221;:{&#8220;id&#8221;:null},&#8221;publicidade&#8221;:{&#8220;disable_adv&#8221;:&#8221;false&#8221;,&#8221;disable_audima_adv&#8221;:&#8221;false&#8221;,&#8221;disable_taboola&#8221;:&#8221;false&#8221;,&#8221;hash&#8221;:&#8221;parceiros\/gaveanews&#8221;},&#8221;site&#8221;:{&#8220;coupon_categories&#8221;:&#8221;departamentos&#8221;,&#8221;disable_refresh&#8221;:&#8221;4&#8243;,&#8221;enable_disclaimer&#8221;:&#8221;false&#8221;,&#8221;pagebuilder_path_for_native_apps&#8221;:null,&#8221;site_about&#8221;:null,&#8221;site_description&#8221;:null,&#8221;site_keywords&#8221;:null,&#8221;site_tagline&#8221;:null,&#8221;site_title&#8221;:&#8221;G\u00e1vea News&#8221;,&#8221;site_url&#8221;:null},&#8221;site_topper&#8221;:{&#8220;section_header_image&#8221;:null,&#8221;section_header_image_id&#8221;:null,&#8221;section_header_image_mobile&#8221;:null,&#8221;section_header_image_mobile_id&#8221;:null,&#8221;section_left_color_top&#8221;:null,&#8221;section_primary_color&#8221;:null,&#8221;section_right_color_top&#8221;:null,&#8221;site_logo_image&#8221;:null},&#8221;social&#8221;:{&#8220;facebook&#8221;:null,&#8221;instagram&#8221;:null,&#8221;kwai&#8221;:null,&#8221;rss&#8221;:null,&#8221;twitter&#8221;:null},&#8221;ultimas&#8221;:{&#8220;tab_ultimas&#8221;:[]},&#8221;is_grouping&#8221;:&#8221;false&#8221;,&#8221;node_type&#8221;:&#8221;section&#8221;,&#8221;children&#8221;:[]},{&#8220;_id&#8221;:&#8221;\/futebol\/copa-intercontinental&#8221;,&#8221;_website&#8221;:&#8221;esportes&#8221;,&#8221;name&#8221;:&#8221;Copa Intercontinental&#8221;,&#8221;inactive&#8221;:false,&#8221;ancestors&#8221;:{&#8220;default&#8221;:[&#8220;https:\/\/esportes.r7.com\/futebol&#8221;]},&#8221;parent&#8221;:{&#8220;default&#8221;:&#8221;https:\/\/esportes.r7.com\/futebol&#8221;},&#8221;SEO&#8221;:{&#8220;og_image_id&#8221;:null,&#8221;seo_description&#8221;:&#8221;Confira resultados, pr\u00f3ximos jogos  \u00faltimas not\u00edcias do Copa Intercontinental | 2025 | R7 Esportes&#8221;,&#8221;seo_tags&#8221;:[&#8220;Copa Intercontinental 2025&#8243;,&#8221;Copa Intercontinental&#8221;,&#8221;Mundial Intercontinental &#8220;,&#8221;mundial de futebol&#8221;,&#8221;futebol &#8220;,&#8221;esportes &#8220;],&#8221;seo_title&#8221;:&#8221;Copa Intercontinental 2025 | Not\u00edcias e resultados | R7 Esportes&#8221;,&#8221;title_hotsite&#8221;:&#8221; Copa Intercontinental 2025 | Not\u00edcias e resultados | R7 Esportes&#8221;,&#8221;top_url&#8221;:&#8221;https:\/\/esportes.r7.com\/futebol\/copa-intercontinental\/&#8221;,&#8221;url_og_image&#8221;:null},&#8221;age_rating&#8221;:{&#8220;classificacao_etaria&#8221;:null},&#8221;age_rating_description&#8221;:{&#8220;atos_criminosos&#8221;:&#8221;false&#8221;,&#8221;conteudo_sexual&#8221;:&#8221;false&#8221;,&#8221;drogas&#8221;:&#8221;false&#8221;,&#8221;drogas_ilicitas&#8221;:&#8221;false&#8221;,&#8221;drogas_licitas&#8221;:&#8221;false&#8221;,&#8221;linguagem_impropria&#8221;:&#8221;false&#8221;,&#8221;medo&#8221;:&#8221;false&#8221;,&#8221;nudez&#8221;:&#8221;false&#8221;,&#8221;procedimentos_medicos&#8221;:&#8221;false&#8221;,&#8221;sexo_explicito&#8221;:&#8221;false&#8221;,&#8221;temas_sensiveis&#8221;:&#8221;false&#8221;,&#8221;violencia&#8221;:&#8221;false&#8221;,&#8221;violencia_extrema&#8221;:&#8221;false&#8221;,&#8221;violencia_fantasiosa&#8221;:&#8221;false&#8221;},&#8221;area_logada&#8221;:{&#8220;exclusive_content&#8221;:&#8221;false&#8221;},&#8221;navigation&#8221;:{&#8220;menu_url&#8221;:null,&#8221;nav_title&#8221;:null},&#8221;newsletter&#8221;:{&#8220;id&#8221;:null},&#8221;publicidade&#8221;:{&#8220;disable_adv&#8221;:&#8221;false&#8221;,&#8221;disable_audima_adv&#8221;:&#8221;false&#8221;,&#8221;disable_taboola&#8221;:&#8221;false&#8221;,&#8221;hash&#8221;:null},&#8221;site&#8221;:{&#8220;coupon_categories&#8221;:&#8221;departamentos&#8221;,&#8221;disable_refresh&#8221;:&#8221;4&#8243;,&#8221;enable_disclaimer&#8221;:&#8221;false&#8221;,&#8221;pagebuilder_path_for_native_apps&#8221;:null,&#8221;site_about&#8221;:&#8221; Copa Intercontinental 2025 | Not\u00edcias e resultados | R7 Esportes&#8221;,&#8221;site_description&#8221;:&#8221;Confira resultados, pr\u00f3ximos jogos  \u00faltimas not\u00edcias do Copa Intercontinental | 2025 | R7 Esportes&#8221;,&#8221;site_keywords&#8221;:&#8221;Copa Intercontinental, Mundial Intercontinental, mundial de futebol, futebol, esportes &#8220;,&#8221;site_tagline&#8221;:&#8221; Copa Intercontinental 2025 | Not\u00edcias e resultados | R7 Esportes&#8221;,&#8221;site_title&#8221;:&#8221; Copa Intercontinental 2025 | Not\u00edcias e resultados | R7 Esportes&#8221;,&#8221;site_url&#8221;:null},&#8221;site_topper&#8221;:{&#8220;section_header_image&#8221;:null,&#8221;section_header_image_id&#8221;:null,&#8221;section_header_image_mobile&#8221;:null,&#8221;section_header_image_mobile_id&#8221;:null,&#8221;section_left_color_top&#8221;:null,&#8221;section_primary_color&#8221;:null,&#8221;section_right_color_top&#8221;:null,&#8221;site_logo_image&#8221;:null},&#8221;social&#8221;:{&#8220;facebook&#8221;:null,&#8221;instagram&#8221;:null,&#8221;kwai&#8221;:null,&#8221;rss&#8221;:null,&#8221;twitter&#8221;:null},&#8221;ultimas&#8221;:{&#8220;tab_ultimas&#8221;:[]},&#8221;is_grouping&#8221;:&#8221;false&#8221;,&#8221;node_type&#8221;:&#8221;section&#8221;,&#8221;children&#8221;:[{&#8220;_id&#8221;:&#8221;\/futebol\/copa-intercontinental\/lance-a-lance&#8221;,&#8221;_website&#8221;:&#8221;esportes&#8221;,&#8221;name&#8221;:&#8221;Lance a Lance&#8221;,&#8221;inactive&#8221;:false,&#8221;ancestors&#8221;:{&#8220;default&#8221;:[&#8220;https:\/\/esportes.r7.com\/futebol&#8221;,&#8221;\/futebol\/copa-intercontinental&#8221;]},&#8221;parent&#8221;:{&#8220;default&#8221;:&#8221;\/futebol\/copa-intercontinental&#8221;},&#8221;SEO&#8221;:{&#8220;og_image_id&#8221;:null,&#8221;seo_description&#8221;:&#8221;Copa Intercontinental! Acompanhe todos os lances, resultados e not\u00edcias do campeonato no site do Portal R7. N\u00e3o perca nenhum detalhe! Acesse j\u00e1 o R7!&#8221;,&#8221;seo_tags&#8221;:[&#8220;Copa Intercontinental&#8221;,&#8221;Copa Intercontinental 2025&#8243;,&#8221;Mundial Intercontinental&#8221;,&#8221;Futebol&#8221;,&#8221;Lance a Lance&#8221;],&#8221;seo_title&#8221;:&#8221;Copa Intercontinental &#8211; Acompanhe Lance a Lance no Portal R7!&#8221;,&#8221;title_hotsite&#8221;:&#8221;Copa Intercontinental &#8211; Acompanhe Lance a Lance no Portal R7!&#8221;,&#8221;top_url&#8221;:&#8221;https:\/\/esportes.r7.com\/futebol\/copa-intercontinental\/lance-a-lance\/&#8221;,&#8221;url_og_image&#8221;:null},&#8221;age_rating&#8221;:{&#8220;classificacao_etaria&#8221;:null},&#8221;age_rating_description&#8221;:{&#8220;atos_criminosos&#8221;:&#8221;false&#8221;,&#8221;conteudo_sexual&#8221;:&#8221;false&#8221;,&#8221;drogas&#8221;:&#8221;false&#8221;,&#8221;drogas_ilicitas&#8221;:&#8221;false&#8221;,&#8221;drogas_licitas&#8221;:&#8221;false&#8221;,&#8221;linguagem_impropria&#8221;:&#8221;false&#8221;,&#8221;medo&#8221;:&#8221;false&#8221;,&#8221;nudez&#8221;:&#8221;false&#8221;,&#8221;procedimentos_medicos&#8221;:&#8221;false&#8221;,&#8221;sexo_explicito&#8221;:&#8221;false&#8221;,&#8221;temas_sensiveis&#8221;:&#8221;false&#8221;,&#8221;violencia&#8221;:&#8221;false&#8221;,&#8221;violencia_extrema&#8221;:&#8221;false&#8221;,&#8221;violencia_fantasiosa&#8221;:&#8221;false&#8221;},&#8221;area_logada&#8221;:{&#8220;exclusive_content&#8221;:&#8221;false&#8221;},&#8221;navigation&#8221;:{&#8220;menu_url&#8221;:null,&#8221;nav_title&#8221;:null},&#8221;newsletter&#8221;:{&#8220;id&#8221;:null},&#8221;publicidade&#8221;:{&#8220;disable_adv&#8221;:&#8221;false&#8221;,&#8221;disable_audima_adv&#8221;:&#8221;false&#8221;,&#8221;disable_taboola&#8221;:&#8221;false&#8221;,&#8221;hash&#8221;:null},&#8221;site&#8221;:{&#8220;coupon_categories&#8221;:&#8221;departamentos&#8221;,&#8221;disable_refresh&#8221;:&#8221;4&#8243;,&#8221;enable_disclaimer&#8221;:&#8221;false&#8221;,&#8221;pagebuilder_path_for_native_apps&#8221;:null,&#8221;site_about&#8221;:&#8221;Copa Intercontinental &#8211; Acompanhe Lance a Lance no Portal R7!&#8221;,&#8221;site_description&#8221;:&#8221;Copa Intercontinental! Acompanhe todos os lances, resultados e not\u00edcias do campeonato no site do Portal R7. N\u00e3o perca nenhum detalhe! Acesse j\u00e1 o R7!&#8221;,&#8221;site_keywords&#8221;:&#8221;Copa Intercontinental, Mundial Intercontinental, mundial de futebol, futebol, esportes &#8220;,&#8221;site_tagline&#8221;:&#8221;Copa Intercontinental &#8211; Acompanhe Lance a Lance no Portal R7!&#8221;,&#8221;site_title&#8221;:&#8221;Copa Intercontinental &#8211; Acompanhe Lance a Lance no Portal R7!&#8221;,&#8221;site_url&#8221;:null},&#8221;site_topper&#8221;:{&#8220;section_header_image&#8221;:null,&#8221;section_header_image_id&#8221;:null,&#8221;section_header_image_mobile&#8221;:null,&#8221;section_header_image_mobile_id&#8221;:null,&#8221;section_left_color_top&#8221;:null,&#8221;section_primary_color&#8221;:null,&#8221;section_right_color_top&#8221;:null,&#8221;site_logo_image&#8221;:null},&#8221;social&#8221;:{&#8220;facebook&#8221;:null,&#8221;instagram&#8221;:null,&#8221;kwai&#8221;:null,&#8221;rss&#8221;:null,&#8221;twitter&#8221;:null},&#8221;ultimas&#8221;:{&#8220;tab_ultimas&#8221;:[]},&#8221;is_grouping&#8221;:&#8221;false&#8221;,&#8221;node_type&#8221;:&#8221;section&#8221;,&#8221;children&#8221;:[]}]},{&#8220;_id&#8221;:&#8221;\/futebol\/desimpedidos&#8221;,&#8221;_website&#8221;:&#8221;esportes&#8221;,&#8221;name&#8221;:&#8221;Desimpedidos&#8221;,&#8221;inactive&#8221;:false,&#8221;ancestors&#8221;:{&#8220;default&#8221;:[&#8220;https:\/\/esportes.r7.com\/futebol&#8221;]},&#8221;parent&#8221;:{&#8220;default&#8221;:&#8221;https:\/\/esportes.r7.com\/futebol&#8221;},&#8221;SEO&#8221;:{&#8220;og_image_id&#8221;:null,&#8221;seo_description&#8221;:&#8221;Desimpedidos no R7! Acompanhe tudo sobre o canal. Not\u00edcias, v\u00eddeos e muita zoeira do mundo do futebol! Acesse agora!&#8221;,&#8221;seo_tags&#8221;:[&#8220;Desimpedidos&#8221;,&#8221;R7&#8243;,&#8221;futebol&#8221;,&#8221;not\u00edcias&#8221;,&#8221;v\u00eddeos&#8221;],&#8221;seo_title&#8221;:&#8221;Desimpedidos: Tudo Sobre o Canal no R7 &#8211; R7&#8243;,&#8221;title_hotsite&#8221;:null,&#8221;top_url&#8221;:null,&#8221;url_og_image&#8221;:null},&#8221;age_rating&#8221;:{&#8220;classificacao_etaria&#8221;:null},&#8221;age_rating_description&#8221;:{&#8220;atos_criminosos&#8221;:&#8221;false&#8221;,&#8221;conteudo_sexual&#8221;:&#8221;false&#8221;,&#8221;drogas&#8221;:&#8221;false&#8221;,&#8221;drogas_ilicitas&#8221;:&#8221;false&#8221;,&#8221;drogas_licitas&#8221;:&#8221;false&#8221;,&#8221;linguagem_impropria&#8221;:&#8221;false&#8221;,&#8221;medo&#8221;:&#8221;false&#8221;,&#8221;nudez&#8221;:&#8221;false&#8221;,&#8221;procedimentos_medicos&#8221;:&#8221;false&#8221;,&#8221;sexo_explicito&#8221;:&#8221;false&#8221;,&#8221;temas_sensiveis&#8221;:&#8221;false&#8221;,&#8221;violencia&#8221;:&#8221;false&#8221;,&#8221;violencia_extrema&#8221;:&#8221;false&#8221;,&#8221;violencia_fantasiosa&#8221;:&#8221;false&#8221;},&#8221;area_logada&#8221;:{&#8220;exclusive_content&#8221;:&#8221;false&#8221;},&#8221;navigation&#8221;:{&#8220;menu_url&#8221;:null,&#8221;nav_title&#8221;:null},&#8221;newsletter&#8221;:{&#8220;id&#8221;:null},&#8221;publicidade&#8221;:{&#8220;disable_adv&#8221;:&#8221;false&#8221;,&#8221;disable_audima_adv&#8221;:&#8221;false&#8221;,&#8221;disable_taboola&#8221;:&#8221;false&#8221;,&#8221;hash&#8221;:null},&#8221;site&#8221;:{&#8220;coupon_categories&#8221;:&#8221;departamentos&#8221;,&#8221;disable_refresh&#8221;:&#8221;4&#8243;,&#8221;enable_disclaimer&#8221;:&#8221;false&#8221;,&#8221;pagebuilder_path_for_native_apps&#8221;:null,&#8221;site_about&#8221;:null,&#8221;site_description&#8221;:null,&#8221;site_keywords&#8221;:null,&#8221;site_tagline&#8221;:null,&#8221;site_title&#8221;:null,&#8221;site_url&#8221;:null},&#8221;site_topper&#8221;:{&#8220;section_header_image&#8221;:null,&#8221;section_header_image_id&#8221;:null,&#8221;section_header_image_mobile&#8221;:null,&#8221;section_header_image_mobile_id&#8221;:null,&#8221;section_left_color_top&#8221;:null,&#8221;section_primary_color&#8221;:null,&#8221;section_right_color_top&#8221;:null,&#8221;site_logo_image&#8221;:null},&#8221;social&#8221;:{&#8220;facebook&#8221;:null,&#8221;instagram&#8221;:null,&#8221;kwai&#8221;:null,&#8221;rss&#8221;:null,&#8221;twitter&#8221;:null},&#8221;ultimas&#8221;:{&#8220;tab_ultimas&#8221;:[]},&#8221;is_grouping&#8221;:&#8221;false&#8221;,&#8221;node_type&#8221;:&#8221;section&#8221;,&#8221;children&#8221;:[{&#8220;_id&#8221;:&#8221;\/futebol\/desimpedidos\/quarto-do-chico&#8221;,&#8221;_website&#8221;:&#8221;esportes&#8221;,&#8221;name&#8221;:&#8221;Quarto do Chico&#8221;,&#8221;inactive&#8221;:false,&#8221;ancestors&#8221;:{&#8220;default&#8221;:[&#8220;https:\/\/esportes.r7.com\/futebol&#8221;,&#8221;\/futebol\/desimpedidos&#8221;]},&#8221;parent&#8221;:{&#8220;default&#8221;:&#8221;\/futebol\/desimpedidos&#8221;},&#8221;SEO&#8221;:{&#8220;og_image_id&#8221;:null,&#8221;seo_description&#8221;:&#8221;Quarto do Chico&#8221;,&#8221;seo_tags&#8221;:[&#8220;Quarto do Chico&#8221;],&#8221;seo_title&#8221;:&#8221;Quarto do Chico&#8221;,&#8221;title_hotsite&#8221;:null,&#8221;top_url&#8221;:&#8221; https:\/\/esportes.r7.com\/futebol\/desimpedidos\/&#8221;,&#8221;url_og_image&#8221;:null},&#8221;age_rating&#8221;:{&#8220;classificacao_etaria&#8221;:null},&#8221;age_rating_description&#8221;:{&#8220;atos_criminosos&#8221;:&#8221;false&#8221;,&#8221;conteudo_sexual&#8221;:&#8221;false&#8221;,&#8221;drogas&#8221;:&#8221;false&#8221;,&#8221;drogas_ilicitas&#8221;:&#8221;false&#8221;,&#8221;drogas_licitas&#8221;:&#8221;false&#8221;,&#8221;linguagem_impropria&#8221;:&#8221;false&#8221;,&#8221;medo&#8221;:&#8221;false&#8221;,&#8221;nudez&#8221;:&#8221;false&#8221;,&#8221;procedimentos_medicos&#8221;:&#8221;false&#8221;,&#8221;sexo_explicito&#8221;:&#8221;false&#8221;,&#8221;temas_sensiveis&#8221;:&#8221;false&#8221;,&#8221;violencia&#8221;:&#8221;false&#8221;,&#8221;violencia_extrema&#8221;:&#8221;false&#8221;,&#8221;violencia_fantasiosa&#8221;:&#8221;false&#8221;},&#8221;area_logada&#8221;:{&#8220;exclusive_content&#8221;:&#8221;false&#8221;},&#8221;navigation&#8221;:{&#8220;menu_url&#8221;:&#8221; https:\/\/esportes.r7.com\/futebol\/desimpedidos\/quarto-do-chico&#8221;,&#8221;nav_title&#8221;:&#8221;Quarto do Chico&#8221;},&#8221;newsletter&#8221;:{&#8220;id&#8221;:null},&#8221;publicidade&#8221;:{&#8220;disable_adv&#8221;:&#8221;false&#8221;,&#8221;disable_audima_adv&#8221;:&#8221;false&#8221;,&#8221;disable_taboola&#8221;:&#8221;false&#8221;,&#8221;hash&#8221;:null},&#8221;site&#8221;:{&#8220;coupon_categories&#8221;:&#8221;departamentos&#8221;,&#8221;disable_refresh&#8221;:&#8221;4&#8243;,&#8221;enable_disclaimer&#8221;:&#8221;false&#8221;,&#8221;pagebuilder_path_for_native_apps&#8221;:null,&#8221;site_about&#8221;:null,&#8221;site_description&#8221;:null,&#8221;site_keywords&#8221;:null,&#8221;site_tagline&#8221;:null,&#8221;site_title&#8221;:null,&#8221;site_url&#8221;:null},&#8221;site_topper&#8221;:{&#8220;section_header_image&#8221;:null,&#8221;section_header_image_id&#8221;:null,&#8221;section_header_image_mobile&#8221;:null,&#8221;section_header_image_mobile_id&#8221;:null,&#8221;section_left_color_top&#8221;:null,&#8221;section_primary_color&#8221;:null,&#8221;section_right_color_top&#8221;:null,&#8221;site_logo_image&#8221;:null},&#8221;social&#8221;:{&#8220;facebook&#8221;:null,&#8221;instagram&#8221;:null,&#8221;kwai&#8221;:null,&#8221;rss&#8221;:null,&#8221;twitter&#8221;:null},&#8221;ultimas&#8221;:{&#8220;tab_ultimas&#8221;:[]},&#8221;is_grouping&#8221;:&#8221;false&#8221;,&#8221;node_type&#8221;:&#8221;section&#8221;,&#8221;children&#8221;:[]}]},{&#8220;_id&#8221;:&#8221;\/futebol\/campeonato-goiano&#8221;,&#8221;_website&#8221;:&#8221;esportes&#8221;,&#8221;name&#8221;:&#8221;Campeonato Goiano&#8221;,&#8221;inactive&#8221;:false,&#8221;ancestors&#8221;:{&#8220;default&#8221;:[&#8220;https:\/\/esportes.r7.com\/futebol&#8221;]},&#8221;parent&#8221;:{&#8220;default&#8221;:&#8221;https:\/\/esportes.r7.com\/futebol&#8221;},&#8221;SEO&#8221;:{&#8220;og_image_id&#8221;:null,&#8221;seo_description&#8221;:&#8221;R7 no Campeonato Goiano: resultados, not\u00edcias e tudo sobre os jogos! Cobertura completa e atualizada para voc\u00ea n\u00e3o perder nada. Clique e fique por dentro!&#8221;,&#8221;seo_tags&#8221;:[&#8220;R7&#8243;,&#8221;Campeonato Goiano&#8221;,&#8221;resultados&#8221;,&#8221;not\u00edcias&#8221;,&#8221;jogos&#8221;,&#8221;futebol&#8221;],&#8221;seo_title&#8221;:&#8221;Campeonato Goiano: Not\u00edcias e Resultados &#8211; R7&#8243;,&#8221;title_hotsite&#8221;:null,&#8221;top_url&#8221;:null,&#8221;url_og_image&#8221;:null},&#8221;age_rating&#8221;:{&#8220;classificacao_etaria&#8221;:null},&#8221;age_rating_description&#8221;:{&#8220;atos_criminosos&#8221;:&#8221;false&#8221;,&#8221;conteudo_sexual&#8221;:&#8221;false&#8221;,&#8221;drogas&#8221;:&#8221;false&#8221;,&#8221;drogas_ilicitas&#8221;:&#8221;false&#8221;,&#8221;drogas_licitas&#8221;:&#8221;false&#8221;,&#8221;linguagem_impropria&#8221;:&#8221;false&#8221;,&#8221;medo&#8221;:&#8221;false&#8221;,&#8221;nudez&#8221;:&#8221;false&#8221;,&#8221;procedimentos_medicos&#8221;:&#8221;false&#8221;,&#8221;sexo_explicito&#8221;:&#8221;false&#8221;,&#8221;temas_sensiveis&#8221;:&#8221;false&#8221;,&#8221;violencia&#8221;:&#8221;false&#8221;,&#8221;violencia_extrema&#8221;:&#8221;false&#8221;,&#8221;violencia_fantasiosa&#8221;:&#8221;false&#8221;},&#8221;area_logada&#8221;:{&#8220;exclusive_content&#8221;:&#8221;false&#8221;},&#8221;navigation&#8221;:{&#8220;menu_url&#8221;:null,&#8221;nav_title&#8221;:null},&#8221;newsletter&#8221;:{&#8220;id&#8221;:null},&#8221;publicidade&#8221;:{&#8220;disable_adv&#8221;:&#8221;false&#8221;,&#8221;disable_audima_adv&#8221;:&#8221;false&#8221;,&#8221;disable_taboola&#8221;:&#8221;false&#8221;,&#8221;hash&#8221;:null},&#8221;site&#8221;:{&#8220;coupon_categories&#8221;:&#8221;departamentos&#8221;,&#8221;disable_refresh&#8221;:&#8221;4&#8243;,&#8221;enable_disclaimer&#8221;:&#8221;false&#8221;,&#8221;pagebuilder_path_for_native_apps&#8221;:null,&#8221;site_about&#8221;:null,&#8221;site_description&#8221;:null,&#8221;site_keywords&#8221;:null,&#8221;site_tagline&#8221;:null,&#8221;site_title&#8221;:null,&#8221;site_url&#8221;:null},&#8221;site_topper&#8221;:{&#8220;section_header_image&#8221;:null,&#8221;section_header_image_id&#8221;:null,&#8221;section_header_image_mobile&#8221;:null,&#8221;section_header_image_mobile_id&#8221;:null,&#8221;section_left_color_top&#8221;:null,&#8221;section_primary_color&#8221;:null,&#8221;section_right_color_top&#8221;:null,&#8221;site_logo_image&#8221;:null},&#8221;social&#8221;:{&#8220;bluesky&#8221;:&#8221;https:\/\/bsky.app\/profile\/portal-r7.bsky.social&#8221;,&#8221;facebook&#8221;:&#8221;https:\/\/www.facebook.com\/R7Esportes\/&#8221;,&#8221;instagram&#8221;:&#8221;https:\/\/www.instagram.com\/r7esportes\/&#8221;,&#8221;kwai&#8221;:&#8221;https:\/\/www.kwai.com\/@r7esportes&#8221;,&#8221;rss&#8221;:null,&#8221;threads&#8221;:&#8221;https:\/\/www.threads.com\/@r7esportes&#8221;,&#8221;tiktok&#8221;:&#8221;https:\/\/www.tiktok.com\/@r7esportes&#8221;,&#8221;twitter&#8221;:&#8221;https:\/\/x.com\/r7esportes&#8221;,&#8221;whatsapp&#8221;:&#8221;https:\/\/whatsapp.com\/channel\/0029Va5E3ZJFcow2dQ1Q0y2i&#8221;,&#8221;youtube&#8221;:&#8221;https:\/\/www.youtube.com\/@R7Esporte&#8221;},&#8221;ultimas&#8221;:{&#8220;tab_ultimas&#8221;:[]},&#8221;is_grouping&#8221;:&#8221;false&#8221;,&#8221;node_type&#8221;:&#8221;section&#8221;,&#8221;children&#8221;:[{&#8220;_id&#8221;:&#8221;\/futebol\/campeonato-goiano\/ao-vivo&#8221;,&#8221;_website&#8221;:&#8221;esportes&#8221;,&#8221;name&#8221;:&#8221;Ao Vivo&#8221;,&#8221;inactive&#8221;:false,&#8221;ancestors&#8221;:{&#8220;default&#8221;:[&#8220;https:\/\/esportes.r7.com\/futebol&#8221;,&#8221;\/futebol\/campeonato-goiano&#8221;]},&#8221;parent&#8221;:{&#8220;default&#8221;:&#8221;\/futebol\/campeonato-goiano&#8221;},&#8221;SEO&#8221;:{&#8220;og_image_id&#8221;:null,&#8221;seo_description&#8221;:&#8221;R7 no Campeonato Goiano: resultados, not\u00edcias e tudo sobre os jogos! Cobertura completa e atualizada para voc\u00ea n\u00e3o perder nada. Clique e fique por dentro!&#8221;,&#8221;seo_tags&#8221;:[&#8220;Goian\u00e3o&#8221;,&#8221;R7&#8243;,&#8221;Campeonato Goiano&#8221;,&#8221;resultados&#8221;,&#8221;not\u00edcias&#8221;,&#8221;jogos&#8221;,&#8221;futebol&#8221;],&#8221;seo_title&#8221;:&#8221;Ao Vivo | Goian\u00e3o 2026 | R7 Esportes &#8220;,&#8221;title_hotsite&#8221;:&#8221;Ao Vivo | Goian\u00e3o 2026 | R7 Esportes &#8220;,&#8221;top_url&#8221;:&#8221;https:\/\/esportes.r7.com\/futebol\/campeonato-goiano\/&#8221;,&#8221;url_og_image&#8221;:null},&#8221;_admin&#8221;:{&#8220;alias_ids&#8221;:[&#8220;\/futebol\/campeonato-goiano\/ao-vivo&#8221;]},&#8221;age_rating&#8221;:{&#8220;classificacao_etaria&#8221;:null},&#8221;age_rating_description&#8221;:{&#8220;atos_criminosos&#8221;:&#8221;false&#8221;,&#8221;conteudo_sexual&#8221;:&#8221;false&#8221;,&#8221;drogas&#8221;:&#8221;false&#8221;,&#8221;drogas_ilicitas&#8221;:&#8221;false&#8221;,&#8221;drogas_licitas&#8221;:&#8221;false&#8221;,&#8221;linguagem_impropria&#8221;:&#8221;false&#8221;,&#8221;medo&#8221;:&#8221;false&#8221;,&#8221;nudez&#8221;:&#8221;false&#8221;,&#8221;procedimentos_medicos&#8221;:&#8221;false&#8221;,&#8221;sexo_explicito&#8221;:&#8221;false&#8221;,&#8221;temas_sensiveis&#8221;:&#8221;false&#8221;,&#8221;violencia&#8221;:&#8221;false&#8221;,&#8221;violencia_extrema&#8221;:&#8221;false&#8221;,&#8221;violencia_fantasiosa&#8221;:&#8221;false&#8221;},&#8221;area_logada&#8221;:{&#8220;exclusive_content&#8221;:&#8221;true&#8221;},&#8221;navigation&#8221;:{&#8220;menu_url&#8221;:null,&#8221;nav_title&#8221;:null},&#8221;newsletter&#8221;:{&#8220;id&#8221;:null},&#8221;publicidade&#8221;:{&#8220;disable_adv&#8221;:&#8221;false&#8221;,&#8221;disable_audima_adv&#8221;:&#8221;false&#8221;,&#8221;disable_taboola&#8221;:&#8221;false&#8221;,&#8221;hash&#8221;:null},&#8221;site&#8221;:{&#8220;coupon_categories&#8221;:&#8221;departamentos&#8221;,&#8221;disable_refresh&#8221;:&#8221;4&#8243;,&#8221;enable_disclaimer&#8221;:&#8221;false&#8221;,&#8221;pagebuilder_path_for_native_apps&#8221;:null,&#8221;site_about&#8221;:null,&#8221;site_description&#8221;:null,&#8221;site_keywords&#8221;:null,&#8221;site_tagline&#8221;:null,&#8221;site_title&#8221;:null,&#8221;site_url&#8221;:null},&#8221;site_topper&#8221;:{&#8220;section_header_image&#8221;:null,&#8221;section_header_image_id&#8221;:null,&#8221;section_header_image_mobile&#8221;:null,&#8221;section_header_image_mobile_id&#8221;:null,&#8221;section_left_color_top&#8221;:null,&#8221;section_primary_color&#8221;:null,&#8221;section_right_color_top&#8221;:null,&#8221;site_logo_image&#8221;:null},&#8221;social&#8221;:{&#8220;facebook&#8221;:null,&#8221;instagram&#8221;:null,&#8221;kwai&#8221;:null,&#8221;rss&#8221;:null,&#8221;twitter&#8221;:null},&#8221;ultimas&#8221;:{&#8220;tab_ultimas&#8221;:[]},&#8221;is_grouping&#8221;:&#8221;false&#8221;,&#8221;node_type&#8221;:&#8221;section&#8221;,&#8221;children&#8221;:[]},{&#8220;_id&#8221;:&#8221;\/futebol\/campeonato-goiano\/tabela&#8221;,&#8221;_website&#8221;:&#8221;esportes&#8221;,&#8221;name&#8221;:&#8221;Tabela&#8221;,&#8221;inactive&#8221;:false,&#8221;ancestors&#8221;:{&#8220;default&#8221;:[&#8220;https:\/\/esportes.r7.com\/futebol&#8221;,&#8221;\/futebol\/campeonato-goiano&#8221;]},&#8221;parent&#8221;:{&#8220;default&#8221;:&#8221;\/futebol\/campeonato-goiano&#8221;},&#8221;SEO&#8221;:{&#8220;og_image_id&#8221;:null,&#8221;seo_description&#8221;:&#8221;Campeonato Goiano com tabela de classifica\u00e7\u00e3o atualizada \u00e9 no R7 Esportes! Confira os pr\u00f3ximos jogos, not\u00edcias e muito mais.&#8221;,&#8221;seo_tags&#8221;:[&#8220;portal r7&#8243;,&#8221;r7 esportes&#8221;,&#8221;classifica\u00e7\u00e3o&#8221;,&#8221;tabela&#8221;,&#8221;esportes&#8221;,&#8221;futebol&#8221;,&#8221;campeonato Goiano&#8221;,&#8221;Goiano&#8221;],&#8221;seo_title&#8221;:&#8221;Tabela e jogos | Goiano 2025| R7 Esportes&#8221;,&#8221;title_hotsite&#8221;:&#8221;Tabela e jogos | Goiano 2026| R7 Esportes&#8221;,&#8221;top_url&#8221;:&#8221;https:\/\/esportes.r7.com\/futebol\/campeonato-goiano\/&#8221;,&#8221;url_og_image&#8221;:null},&#8221;age_rating&#8221;:{&#8220;classificacao_etaria&#8221;:null},&#8221;age_rating_description&#8221;:{&#8220;atos_criminosos&#8221;:&#8221;false&#8221;,&#8221;conteudo_sexual&#8221;:&#8221;false&#8221;,&#8221;drogas&#8221;:&#8221;false&#8221;,&#8221;drogas_ilicitas&#8221;:&#8221;false&#8221;,&#8221;drogas_licitas&#8221;:&#8221;false&#8221;,&#8221;linguagem_impropria&#8221;:&#8221;false&#8221;,&#8221;medo&#8221;:&#8221;false&#8221;,&#8221;nudez&#8221;:&#8221;false&#8221;,&#8221;procedimentos_medicos&#8221;:&#8221;false&#8221;,&#8221;sexo_explicito&#8221;:&#8221;false&#8221;,&#8221;temas_sensiveis&#8221;:&#8221;false&#8221;,&#8221;violencia&#8221;:&#8221;false&#8221;,&#8221;violencia_extrema&#8221;:&#8221;false&#8221;,&#8221;violencia_fantasiosa&#8221;:&#8221;false&#8221;},&#8221;area_logada&#8221;:{&#8220;exclusive_content&#8221;:&#8221;false&#8221;},&#8221;navigation&#8221;:{&#8220;menu_url&#8221;:null,&#8221;nav_title&#8221;:null},&#8221;newsletter&#8221;:{&#8220;id&#8221;:null},&#8221;publicidade&#8221;:{&#8220;disable_adv&#8221;:&#8221;false&#8221;,&#8221;disable_audima_adv&#8221;:&#8221;false&#8221;,&#8221;disable_taboola&#8221;:&#8221;false&#8221;,&#8221;hash&#8221;:null},&#8221;site&#8221;:{&#8220;coupon_categories&#8221;:&#8221;departamentos&#8221;,&#8221;disable_refresh&#8221;:&#8221;4&#8243;,&#8221;enable_disclaimer&#8221;:&#8221;false&#8221;,&#8221;pagebuilder_path_for_native_apps&#8221;:null,&#8221;site_about&#8221;:null,&#8221;site_description&#8221;:null,&#8221;site_keywords&#8221;:null,&#8221;site_tagline&#8221;:null,&#8221;site_title&#8221;:null,&#8221;site_url&#8221;:null},&#8221;site_topper&#8221;:{&#8220;section_header_image&#8221;:null,&#8221;section_header_image_id&#8221;:null,&#8221;section_header_image_mobile&#8221;:null,&#8221;section_header_image_mobile_id&#8221;:null,&#8221;section_left_color_top&#8221;:null,&#8221;section_primary_color&#8221;:null,&#8221;section_right_color_top&#8221;:null,&#8221;site_logo_image&#8221;:null},&#8221;social&#8221;:{&#8220;facebook&#8221;:null,&#8221;instagram&#8221;:null,&#8221;kwai&#8221;:null,&#8221;rss&#8221;:null,&#8221;twitter&#8221;:null},&#8221;ultimas&#8221;:{&#8220;tab_ultimas&#8221;:[]},&#8221;is_grouping&#8221;:&#8221;false&#8221;,&#8221;node_type&#8221;:&#8221;section&#8221;,&#8221;children&#8221;:[]}]}]},&#8221;expires&#8221;:1770247099940,&#8221;lastModified&#8221;:1770246799877},&#8221;{\\&#8221;sectionId\\&#8221;:\\&#8221;\/futebol\/times\\&#8221;}&#8221;:{&#8220;data&#8221;:{&#8220;_id&#8221;:&#8221;\/futebol\/times&#8221;,&#8221;_website&#8221;:&#8221;esportes&#8221;,&#8221;name&#8221;:&#8221;Times&#8221;,&#8221;inactive&#8221;:false,&#8221;parent&#8221;:{&#8220;default&#8221;:&#8221;https:\/\/esportes.r7.com\/futebol&#8221;,&#8221;header&#8221;:&#8221;https:\/\/esportes.r7.com\/futebol&#8221;},&#8221;SEO&#8221;:{&#8220;og_image_id&#8221;:null,&#8221;seo_description&#8221;:&#8221;Jogos, not\u00edcias, v\u00eddeos, resultados, tabelas e mais: veja tudo o que o R7 Esportes j\u00e1 publicou sobre os principais times de futebol do Brasil e do mundo!&#8221;,&#8221;seo_tags&#8221;:[&#8220;esportes&#8221;,&#8221;futebol&#8221;,&#8221;equipes&#8221;,&#8221;sele\u00e7\u00f5es&#8221;,&#8221;times&#8221;,&#8221;equipes de futebol&#8221;,&#8221;times de futebol&#8221;],&#8221;seo_title&#8221;:&#8221;\u00cdndices de Times de Futebol | R7 Esportes&#8221;,&#8221;title_hotsite&#8221;:&#8221;\u00cdndices de Times de Futebol | R7 Esportes&#8221;,&#8221;top_url&#8221;:&#8221;https:\/\/esportes.r7.com\/futebol\/times\/&#8221;,&#8221;url_og_image&#8221;:null},&#8221;_admin&#8221;:{&#8220;alias_ids&#8221;:[&#8220;\/futebol\/times&#8221;]},&#8221;age_rating&#8221;:{&#8220;classificacao_etaria&#8221;:null},&#8221;age_rating_description&#8221;:{&#8220;atos_criminosos&#8221;:&#8221;false&#8221;,&#8221;conteudo_sexual&#8221;:&#8221;false&#8221;,&#8221;drogas&#8221;:&#8221;false&#8221;,&#8221;drogas_ilicitas&#8221;:&#8221;false&#8221;,&#8221;drogas_licitas&#8221;:&#8221;false&#8221;,&#8221;linguagem_impropria&#8221;:&#8221;false&#8221;,&#8221;medo&#8221;:&#8221;false&#8221;,&#8221;nudez&#8221;:&#8221;false&#8221;,&#8221;procedimentos_medicos&#8221;:&#8221;false&#8221;,&#8221;sexo_explicito&#8221;:&#8221;false&#8221;,&#8221;temas_sensiveis&#8221;:&#8221;false&#8221;,&#8221;violencia&#8221;:&#8221;false&#8221;,&#8221;violencia_extrema&#8221;:&#8221;false&#8221;,&#8221;violencia_fantasiosa&#8221;:&#8221;false&#8221;},&#8221;area_logada&#8221;:{&#8220;exclusive_content&#8221;:&#8221;false&#8221;},&#8221;assets&#8221;:{&#8220;cda_ad_player&#8221;:null},&#8221;campanha_branded&#8221;:{&#8220;ativar_background_campanha&#8221;:&#8221;false&#8221;,&#8221;ativar_fonte_campanha&#8221;:&#8221;false&#8221;,&#8221;ativar_logo_campanha&#8221;:&#8221;false&#8221;},&#8221;navigation&#8221;:{&#8220;menu_url&#8221;:null,&#8221;nav_title&#8221;:&#8221;Times&#8221;},&#8221;newsletter&#8221;:{&#8220;id&#8221;:null},&#8221;publicidade&#8221;:{&#8220;disable_adv&#8221;:&#8221;false&#8221;,&#8221;disable_audima_adv&#8221;:&#8221;false&#8221;,&#8221;disable_taboola&#8221;:&#8221;false&#8221;,&#8221;hash&#8221;:null},&#8221;site&#8221;:{&#8220;coupon_categories&#8221;:&#8221;departamentos&#8221;,&#8221;disable_refresh&#8221;:&#8221;4&#8243;,&#8221;enable_disclaimer&#8221;:&#8221;false&#8221;,&#8221;pagebuilder_path_for_native_apps&#8221;:null,&#8221;site_about&#8221;:&#8221;\u00cdndices de Times de Futebol | R7 Esportes&#8221;,&#8221;site_description&#8221;:&#8221;Jogos, not\u00edcias, v\u00eddeos, resultados, tabelas e mais: veja tudo o que o R7 Esportes j\u00e1 publicou sobre os principais times de futebol do Brasil e do mundo!&#8221;,&#8221;site_keywords&#8221;:&#8221;times de futebol, equipes, futebol, esportes&#8221;,&#8221;site_tagline&#8221;:&#8221;\u00cdndices de Times de Futebol | R7 Esportes&#8221;,&#8221;site_title&#8221;:&#8221;\u00cdndices de Times de Futebol | R7 Esportes&#8221;,&#8221;site_url&#8221;:null},&#8221;site_topper&#8221;:{&#8220;section_header_image&#8221;:null,&#8221;section_header_image_id&#8221;:null,&#8221;section_header_image_mobile&#8221;:null,&#8221;section_header_image_mobile_id&#8221;:null,&#8221;section_left_color_top&#8221;:null,&#8221;section_primary_color&#8221;:null,&#8221;section_right_color_top&#8221;:null,&#8221;site_logo_image&#8221;:null},&#8221;social&#8221;:{&#8220;bluesky&#8221;:null,&#8221;facebook&#8221;:null,&#8221;instagram&#8221;:null,&#8221;kwai&#8221;:null,&#8221;rss&#8221;:null,&#8221;threads&#8221;:null,&#8221;tiktok&#8221;:null,&#8221;twitter&#8221;:null,&#8221;whatsapp&#8221;:null,&#8221;youtube&#8221;:null},&#8221;ultimas&#8221;:{&#8220;tab_ultimas&#8221;:[]},&#8221;is_grouping&#8221;:&#8221;false&#8221;,&#8221;node_type&#8221;:&#8221;section&#8221;,&#8221;children&#8221;:[{&#8220;_id&#8221;:&#8221;\/futebol\/times\/abc&#8221;,&#8221;website&#8221;:&#8221;esportes&#8221;,&#8221;name&#8221;:&#8221;ABC&#8221;,&#8221;navigation&#8221;:{&#8220;nav_title&#8221;:&#8221;ABC&#8221;},&#8221;parent&#8221;:{&#8220;default&#8221;:&#8221;\/futebol\/times&#8221;,&#8221;header&#8221;:&#8221;\/futebol\/times&#8221;},&#8221;_admin&#8221;:{&#8220;alias_ids&#8221;:[&#8220;\/futebol\/times\/abc&#8221;]},&#8221;site&#8221;:{&#8220;site_description&#8221;:&#8221;&#8221;,&#8221;site_title&#8221;:&#8221;ABC&#8221;},&#8221;inactive&#8221;:false,&#8221;SEO&#8221;:{&#8220;seo_tags&#8221;:[]},&#8221;site_topper&#8221;:{},&#8221;is_grouping&#8221;:&#8221;false&#8221;,&#8221;_website&#8221;:&#8221;esportes&#8221;,&#8221;node_type&#8221;:&#8221;section&#8221;,&#8221;children&#8221;:[]},{&#8220;_id&#8221;:&#8221;\/futebol\/times\/agua-santa&#8221;,&#8221;website&#8221;:&#8221;esportes&#8221;,&#8221;name&#8221;:&#8221;\u00c1gua Santa&#8221;,&#8221;navigation&#8221;:{&#8220;nav_title&#8221;:&#8221;\u00c1gua Santa&#8221;},&#8221;parent&#8221;:{&#8220;default&#8221;:&#8221;\/futebol\/times&#8221;,&#8221;header&#8221;:&#8221;\/futebol\/times&#8221;},&#8221;_admin&#8221;:{&#8220;alias_ids&#8221;:[&#8220;\/futebol\/times\/agua-santa&#8221;]},&#8221;site&#8221;:{&#8220;site_description&#8221;:&#8221;&#8221;,&#8221;site_title&#8221;:&#8221;\u00c1gua Santa&#8221;},&#8221;inactive&#8221;:false,&#8221;SEO&#8221;:{&#8220;seo_tags&#8221;:[]},&#8221;site_topper&#8221;:{},&#8221;is_grouping&#8221;:&#8221;false&#8221;,&#8221;_website&#8221;:&#8221;esportes&#8221;,&#8221;node_type&#8221;:&#8221;section&#8221;,&#8221;children&#8221;:[]},{&#8220;_id&#8221;:&#8221;\/futebol\/times\/america-mg&#8221;,&#8221;website&#8221;:&#8221;esportes&#8221;,&#8221;name&#8221;:&#8221;Am\u00e9rica-MG&#8221;,&#8221;navigation&#8221;:{&#8220;nav_title&#8221;:&#8221;Am\u00e9rica-MG&#8221;},&#8221;parent&#8221;:{&#8220;default&#8221;:&#8221;\/futebol\/times&#8221;,&#8221;header&#8221;:&#8221;\/futebol\/times&#8221;},&#8221;_admin&#8221;:{&#8220;alias_ids&#8221;:[&#8220;\/futebol\/times\/america-mg&#8221;]},&#8221;site&#8221;:{&#8220;site_description&#8221;:&#8221;&#8221;,&#8221;site_title&#8221;:&#8221;Am\u00e9rica-MG&#8221;},&#8221;inactive&#8221;:false,&#8221;SEO&#8221;:{&#8220;seo_tags&#8221;:[]},&#8221;site_topper&#8221;:{},&#8221;is_grouping&#8221;:&#8221;false&#8221;,&#8221;_website&#8221;:&#8221;esportes&#8221;,&#8221;node_type&#8221;:&#8221;section&#8221;,&#8221;children&#8221;:[]},{&#8220;_id&#8221;:&#8221;\/futebol\/times\/america-rn&#8221;,&#8221;website&#8221;:&#8221;esportes&#8221;,&#8221;name&#8221;:&#8221;Am\u00e9rica-RN&#8221;,&#8221;navigation&#8221;:{&#8220;nav_title&#8221;:&#8221;Am\u00e9rica-RN&#8221;},&#8221;parent&#8221;:{&#8220;default&#8221;:&#8221;\/futebol\/times&#8221;,&#8221;header&#8221;:&#8221;\/futebol\/times&#8221;},&#8221;_admin&#8221;:{&#8220;alias_ids&#8221;:[&#8220;\/futebol\/times\/america-rn&#8221;]},&#8221;site&#8221;:{&#8220;site_description&#8221;:&#8221;&#8221;,&#8221;site_title&#8221;:&#8221;Am\u00e9rica-RN&#8221;},&#8221;inactive&#8221;:false,&#8221;SEO&#8221;:{&#8220;seo_tags&#8221;:[]},&#8221;site_topper&#8221;:{},&#8221;is_grouping&#8221;:&#8221;false&#8221;,&#8221;_website&#8221;:&#8221;esportes&#8221;,&#8221;node_type&#8221;:&#8221;section&#8221;,&#8221;children&#8221;:[]},{&#8220;_id&#8221;:&#8221;\/futebol\/times\/asa&#8221;,&#8221;website&#8221;:&#8221;esportes&#8221;,&#8221;name&#8221;:&#8221;ASA&#8221;,&#8221;navigation&#8221;:{&#8220;nav_title&#8221;:&#8221;ASA&#8221;},&#8221;parent&#8221;:{&#8220;default&#8221;:&#8221;\/futebol\/times&#8221;,&#8221;header&#8221;:&#8221;\/futebol\/times&#8221;},&#8221;_admin&#8221;:{&#8220;alias_ids&#8221;:[&#8220;\/futebol\/times\/asa&#8221;]},&#8221;site&#8221;:{&#8220;site_description&#8221;:&#8221;&#8221;,&#8221;site_title&#8221;:&#8221;ASA&#8221;},&#8221;inactive&#8221;:false,&#8221;SEO&#8221;:{&#8220;seo_tags&#8221;:[]},&#8221;site_topper&#8221;:{},&#8221;is_grouping&#8221;:&#8221;false&#8221;,&#8221;_website&#8221;:&#8221;esportes&#8221;,&#8221;node_type&#8221;:&#8221;section&#8221;,&#8221;children&#8221;:[]},{&#8220;_id&#8221;:&#8221;\/futebol\/times\/athletico-paranaense&#8221;,&#8221;website&#8221;:&#8221;esportes&#8221;,&#8221;name&#8221;:&#8221;Athletico Paranaense&#8221;,&#8221;navigation&#8221;:{&#8220;nav_title&#8221;:&#8221;Athletico Paranaense&#8221;},&#8221;parent&#8221;:{&#8220;default&#8221;:&#8221;\/futebol\/times&#8221;,&#8221;header&#8221;:&#8221;\/futebol\/times&#8221;},&#8221;_admin&#8221;:{&#8220;alias_ids&#8221;:[&#8220;\/futebol\/times\/athletico-paranaense&#8221;]},&#8221;site&#8221;:{&#8220;site_description&#8221;:&#8221;&#8221;,&#8221;site_title&#8221;:&#8221;Athletico Paranaense&#8221;},&#8221;inactive&#8221;:false,&#8221;SEO&#8221;:{&#8220;seo_tags&#8221;:[]},&#8221;site_topper&#8221;:{},&#8221;is_grouping&#8221;:&#8221;false&#8221;,&#8221;_website&#8221;:&#8221;esportes&#8221;,&#8221;node_type&#8221;:&#8221;section&#8221;,&#8221;children&#8221;:[]},{&#8220;_id&#8221;:&#8221;\/futebol\/times\/atletico-goianiense&#8221;,&#8221;website&#8221;:&#8221;esportes&#8221;,&#8221;name&#8221;:&#8221;Atl\u00e9tico Goianiense&#8221;,&#8221;navigation&#8221;:{&#8220;nav_title&#8221;:&#8221;Atl\u00e9tico Goianiense&#8221;},&#8221;parent&#8221;:{&#8220;default&#8221;:&#8221;\/futebol\/times&#8221;,&#8221;header&#8221;:&#8221;\/futebol\/times&#8221;},&#8221;_admin&#8221;:{&#8220;alias_ids&#8221;:[&#8220;\/futebol\/times\/atletico-goianiense&#8221;]},&#8221;site&#8221;:{&#8220;site_description&#8221;:&#8221;&#8221;,&#8221;site_title&#8221;:&#8221;Atl\u00e9tico Goianiense&#8221;},&#8221;inactive&#8221;:false,&#8221;SEO&#8221;:{&#8220;seo_tags&#8221;:[]},&#8221;site_topper&#8221;:{},&#8221;is_grouping&#8221;:&#8221;false&#8221;,&#8221;_website&#8221;:&#8221;esportes&#8221;,&#8221;node_type&#8221;:&#8221;section&#8221;,&#8221;children&#8221;:[]},{&#8220;_id&#8221;:&#8221;\/futebol\/times\/atletico-mineiro&#8221;,&#8221;_website&#8221;:&#8221;esportes&#8221;,&#8221;name&#8221;:&#8221;Atl\u00e9tico Mineiro&#8221;,&#8221;inactive&#8221;:false,&#8221;parent&#8221;:{&#8220;default&#8221;:&#8221;\/futebol\/times&#8221;,&#8221;header&#8221;:&#8221;\/futebol\/times&#8221;},&#8221;SEO&#8221;:{&#8220;seo_tags&#8221;:[]},&#8221;_admin&#8221;:{&#8220;alias_ids&#8221;:[&#8220;\/futebol\/times\/atletico-mineiro&#8221;]},&#8221;navigation&#8221;:{&#8220;nav_title&#8221;:&#8221;Atl\u00e9tico Mineiro&#8221;},&#8221;newsletter&#8221;:{&#8220;id&#8221;:&#8221;68484031b8b9d10001c4f8ba&#8221;},&#8221;site&#8221;:{&#8220;site_description&#8221;:null,&#8221;site_title&#8221;:&#8221;Atl\u00e9tico Mineiro&#8221;},&#8221;is_grouping&#8221;:&#8221;false&#8221;,&#8221;node_type&#8221;:&#8221;section&#8221;,&#8221;children&#8221;:[]},{&#8220;_id&#8221;:&#8221;\/futebol\/times\/audax-rj&#8221;,&#8221;website&#8221;:&#8221;esportes&#8221;,&#8221;name&#8221;:&#8221;Audax-RJ&#8221;,&#8221;navigation&#8221;:{&#8220;nav_title&#8221;:&#8221;Audax-RJ&#8221;},&#8221;parent&#8221;:{&#8220;default&#8221;:&#8221;\/futebol\/times&#8221;,&#8221;header&#8221;:&#8221;\/futebol\/times&#8221;},&#8221;_admin&#8221;:{&#8220;alias_ids&#8221;:[&#8220;\/futebol\/times\/audax-rj&#8221;]},&#8221;site&#8221;:{&#8220;site_description&#8221;:&#8221;&#8221;,&#8221;site_title&#8221;:&#8221;Audax-RJ&#8221;},&#8221;inactive&#8221;:false,&#8221;SEO&#8221;:{&#8220;seo_tags&#8221;:[]},&#8221;site_topper&#8221;:{},&#8221;is_grouping&#8221;:&#8221;false&#8221;,&#8221;_website&#8221;:&#8221;esportes&#8221;,&#8221;node_type&#8221;:&#8221;section&#8221;,&#8221;children&#8221;:[]},{&#8220;_id&#8221;:&#8221;\/futebol\/times\/avai&#8221;,&#8221;website&#8221;:&#8221;esportes&#8221;,&#8221;name&#8221;:&#8221;Ava\u00ed&#8221;,&#8221;navigation&#8221;:{&#8220;nav_title&#8221;:&#8221;Ava\u00ed&#8221;},&#8221;parent&#8221;:{&#8220;default&#8221;:&#8221;\/futebol\/times&#8221;,&#8221;header&#8221;:&#8221;\/futebol\/times&#8221;},&#8221;_admin&#8221;:{&#8220;alias_ids&#8221;:[&#8220;\/futebol\/times\/avai&#8221;]},&#8221;site&#8221;:{&#8220;site_description&#8221;:&#8221;&#8221;,&#8221;site_title&#8221;:&#8221;Ava\u00ed&#8221;},&#8221;inactive&#8221;:false,&#8221;SEO&#8221;:{&#8220;seo_tags&#8221;:[]},&#8221;site_topper&#8221;:{},&#8221;is_grouping&#8221;:&#8221;false&#8221;,&#8221;_website&#8221;:&#8221;esportes&#8221;,&#8221;node_type&#8221;:&#8221;section&#8221;,&#8221;children&#8221;:[]},{&#8220;_id&#8221;:&#8221;\/futebol\/times\/bahia&#8221;,&#8221;website&#8221;:&#8221;esportes&#8221;,&#8221;name&#8221;:&#8221;Bahia&#8221;,&#8221;navigation&#8221;:{&#8220;nav_title&#8221;:&#8221;Bahia&#8221;},&#8221;parent&#8221;:{&#8220;default&#8221;:&#8221;\/futebol\/times&#8221;,&#8221;header&#8221;:&#8221;\/futebol\/times&#8221;},&#8221;_admin&#8221;:{&#8220;alias_ids&#8221;:[&#8220;\/futebol\/times\/bahia&#8221;]},&#8221;site&#8221;:{&#8220;site_description&#8221;:&#8221;&#8221;,&#8221;site_title&#8221;:&#8221;Bahia&#8221;},&#8221;inactive&#8221;:false,&#8221;SEO&#8221;:{&#8220;seo_tags&#8221;:[]},&#8221;site_topper&#8221;:{},&#8221;is_grouping&#8221;:&#8221;false&#8221;,&#8221;_website&#8221;:&#8221;esportes&#8221;,&#8221;node_type&#8221;:&#8221;section&#8221;,&#8221;children&#8221;:[]},{&#8220;_id&#8221;:&#8221;\/futebol\/times\/bangu&#8221;,&#8221;website&#8221;:&#8221;esportes&#8221;,&#8221;name&#8221;:&#8221;Bangu&#8221;,&#8221;navigation&#8221;:{&#8220;nav_title&#8221;:&#8221;Bangu&#8221;},&#8221;parent&#8221;:{&#8220;default&#8221;:&#8221;\/futebol\/times&#8221;,&#8221;header&#8221;:&#8221;\/futebol\/times&#8221;},&#8221;_admin&#8221;:{&#8220;alias_ids&#8221;:[&#8220;\/futebol\/times\/bangu&#8221;]},&#8221;site&#8221;:{&#8220;site_description&#8221;:&#8221;&#8221;,&#8221;site_title&#8221;:&#8221;Bangu&#8221;},&#8221;inactive&#8221;:false,&#8221;SEO&#8221;:{&#8220;seo_tags&#8221;:[]},&#8221;site_topper&#8221;:{},&#8221;is_grouping&#8221;:&#8221;false&#8221;,&#8221;_website&#8221;:&#8221;esportes&#8221;,&#8221;node_type&#8221;:&#8221;section&#8221;,&#8221;children&#8221;:[]},{&#8220;_id&#8221;:&#8221;\/futebol\/times\/boa-esporte&#8221;,&#8221;website&#8221;:&#8221;esportes&#8221;,&#8221;name&#8221;:&#8221;Boa Esporte&#8221;,&#8221;navigation&#8221;:{&#8220;nav_title&#8221;:&#8221;Boa Esporte&#8221;},&#8221;parent&#8221;:{&#8220;default&#8221;:&#8221;\/futebol\/times&#8221;,&#8221;header&#8221;:&#8221;\/futebol\/times&#8221;},&#8221;_admin&#8221;:{&#8220;alias_ids&#8221;:[&#8220;\/futebol\/times\/boa-esporte&#8221;]},&#8221;site&#8221;:{&#8220;site_description&#8221;:&#8221;&#8221;,&#8221;site_title&#8221;:&#8221;Boa Esporte&#8221;},&#8221;inactive&#8221;:false,&#8221;SEO&#8221;:{&#8220;seo_tags&#8221;:[]},&#8221;site_topper&#8221;:{},&#8221;is_grouping&#8221;:&#8221;false&#8221;,&#8221;_website&#8221;:&#8221;esportes&#8221;,&#8221;node_type&#8221;:&#8221;section&#8221;,&#8221;children&#8221;:[]},{&#8220;_id&#8221;:&#8221;\/futebol\/times\/boavista&#8221;,&#8221;website&#8221;:&#8221;esportes&#8221;,&#8221;name&#8221;:&#8221;Boavista&#8221;,&#8221;navigation&#8221;:{&#8220;nav_title&#8221;:&#8221;Boavista&#8221;},&#8221;parent&#8221;:{&#8220;default&#8221;:&#8221;\/futebol\/times&#8221;,&#8221;header&#8221;:&#8221;\/futebol\/times&#8221;},&#8221;_admin&#8221;:{&#8220;alias_ids&#8221;:[&#8220;\/futebol\/times\/boavista&#8221;]},&#8221;site&#8221;:{&#8220;site_description&#8221;:&#8221;&#8221;,&#8221;site_title&#8221;:&#8221;Boavista&#8221;},&#8221;inactive&#8221;:false,&#8221;SEO&#8221;:{&#8220;seo_tags&#8221;:[]},&#8221;site_topper&#8221;:{},&#8221;is_grouping&#8221;:&#8221;false&#8221;,&#8221;_website&#8221;:&#8221;esportes&#8221;,&#8221;node_type&#8221;:&#8221;section&#8221;,&#8221;children&#8221;:[]},{&#8220;_id&#8221;:&#8221;\/futebol\/times\/botafogo&#8221;,&#8221;_website&#8221;:&#8221;esportes&#8221;,&#8221;name&#8221;:&#8221;Botafogo&#8221;,&#8221;inactive&#8221;:false,&#8221;parent&#8221;:{&#8220;default&#8221;:&#8221;\/futebol\/times&#8221;,&#8221;header&#8221;:&#8221;\/futebol\/times&#8221;},&#8221;SEO&#8221;:{&#8220;seo_tags&#8221;:[]},&#8221;_admin&#8221;:{&#8220;alias_ids&#8221;:[&#8220;\/futebol\/times\/botafogo&#8221;]},&#8221;navigation&#8221;:{&#8220;nav_title&#8221;:&#8221;Botafogo&#8221;},&#8221;newsletter&#8221;:{&#8220;id&#8221;:&#8221;68484031b8b9d10001c4f8ba&#8221;},&#8221;site&#8221;:{&#8220;site_description&#8221;:null,&#8221;site_title&#8221;:&#8221;Botafogo&#8221;},&#8221;is_grouping&#8221;:&#8221;false&#8221;,&#8221;node_type&#8221;:&#8221;section&#8221;,&#8221;children&#8221;:[]},{&#8220;_id&#8221;:&#8221;\/futebol\/times\/botafogo-sp&#8221;,&#8221;website&#8221;:&#8221;esportes&#8221;,&#8221;name&#8221;:&#8221;Botafogo-SP&#8221;,&#8221;navigation&#8221;:{&#8220;nav_title&#8221;:&#8221;Botafogo-SP&#8221;},&#8221;parent&#8221;:{&#8220;default&#8221;:&#8221;\/futebol\/times&#8221;,&#8221;header&#8221;:&#8221;\/futebol\/times&#8221;},&#8221;_admin&#8221;:{&#8220;alias_ids&#8221;:[&#8220;\/futebol\/times\/botafogo-sp&#8221;]},&#8221;site&#8221;:{&#8220;site_description&#8221;:&#8221;&#8221;,&#8221;site_title&#8221;:&#8221;Botafogo-SP&#8221;},&#8221;inactive&#8221;:false,&#8221;SEO&#8221;:{&#8220;seo_tags&#8221;:[]},&#8221;site_topper&#8221;:{},&#8221;is_grouping&#8221;:&#8221;false&#8221;,&#8221;_website&#8221;:&#8221;esportes&#8221;,&#8221;node_type&#8221;:&#8221;section&#8221;,&#8221;children&#8221;:[]},{&#8220;_id&#8221;:&#8221;\/futebol\/times\/bragantino&#8221;,&#8221;website&#8221;:&#8221;esportes&#8221;,&#8221;name&#8221;:&#8221;Bragantino&#8221;,&#8221;navigation&#8221;:{&#8220;nav_title&#8221;:&#8221;Bragantino&#8221;},&#8221;parent&#8221;:{&#8220;default&#8221;:&#8221;\/futebol\/times&#8221;,&#8221;header&#8221;:&#8221;\/futebol\/times&#8221;},&#8221;_admin&#8221;:{&#8220;alias_ids&#8221;:[&#8220;\/futebol\/times\/bragantino&#8221;]},&#8221;site&#8221;:{&#8220;site_description&#8221;:&#8221;&#8221;,&#8221;site_title&#8221;:&#8221;Bragantino&#8221;},&#8221;inactive&#8221;:false,&#8221;SEO&#8221;:{&#8220;seo_tags&#8221;:[]},&#8221;site_topper&#8221;:{},&#8221;is_grouping&#8221;:&#8221;false&#8221;,&#8221;_website&#8221;:&#8221;esportes&#8221;,&#8221;node_type&#8221;:&#8221;section&#8221;,&#8221;children&#8221;:[]},{&#8220;_id&#8221;:&#8221;\/futebol\/times\/brasil-rs&#8221;,&#8221;website&#8221;:&#8221;esportes&#8221;,&#8221;name&#8221;:&#8221;Brasil-RS&#8221;,&#8221;navigation&#8221;:{&#8220;nav_title&#8221;:&#8221;Brasil-RS&#8221;},&#8221;parent&#8221;:{&#8220;default&#8221;:&#8221;\/futebol\/times&#8221;,&#8221;header&#8221;:&#8221;\/futebol\/times&#8221;},&#8221;_admin&#8221;:{&#8220;alias_ids&#8221;:[&#8220;\/futebol\/times\/brasil-rs&#8221;]},&#8221;site&#8221;:{&#8220;site_description&#8221;:&#8221;&#8221;,&#8221;site_title&#8221;:&#8221;Brasil-RS&#8221;},&#8221;inactive&#8221;:false,&#8221;SEO&#8221;:{&#8220;seo_tags&#8221;:[]},&#8221;site_topper&#8221;:{},&#8221;is_grouping&#8221;:&#8221;false&#8221;,&#8221;_website&#8221;:&#8221;esportes&#8221;,&#8221;node_type&#8221;:&#8221;section&#8221;,&#8221;children&#8221;:[]},{&#8220;_id&#8221;:&#8221;\/futebol\/times\/brusque&#8221;,&#8221;website&#8221;:&#8221;esportes&#8221;,&#8221;name&#8221;:&#8221;Brusque&#8221;,&#8221;navigation&#8221;:{&#8220;nav_title&#8221;:&#8221;Brusque&#8221;},&#8221;parent&#8221;:{&#8220;default&#8221;:&#8221;\/futebol\/times&#8221;,&#8221;header&#8221;:&#8221;\/futebol\/times&#8221;},&#8221;_admin&#8221;:{&#8220;alias_ids&#8221;:[&#8220;\/futebol\/times\/brusque&#8221;]},&#8221;site&#8221;:{&#8220;site_description&#8221;:&#8221;&#8221;,&#8221;site_title&#8221;:&#8221;Brusque&#8221;},&#8221;inactive&#8221;:false,&#8221;SEO&#8221;:{&#8220;seo_tags&#8221;:[]},&#8221;site_topper&#8221;:{},&#8221;is_grouping&#8221;:&#8221;false&#8221;,&#8221;_website&#8221;:&#8221;esportes&#8221;,&#8221;node_type&#8221;:&#8221;section&#8221;,&#8221;children&#8221;:[]},{&#8220;_id&#8221;:&#8221;\/futebol\/times\/ceara&#8221;,&#8221;website&#8221;:&#8221;esportes&#8221;,&#8221;name&#8221;:&#8221;Cear\u00e1&#8221;,&#8221;navigation&#8221;:{&#8220;nav_title&#8221;:&#8221;Cear\u00e1&#8221;},&#8221;parent&#8221;:{&#8220;default&#8221;:&#8221;\/futebol\/times&#8221;,&#8221;header&#8221;:&#8221;\/futebol\/times&#8221;},&#8221;_admin&#8221;:{&#8220;alias_ids&#8221;:[&#8220;\/futebol\/times\/ceara&#8221;]},&#8221;site&#8221;:{&#8220;site_description&#8221;:&#8221;&#8221;,&#8221;site_title&#8221;:&#8221;Cear\u00e1&#8221;},&#8221;inactive&#8221;:false,&#8221;SEO&#8221;:{&#8220;seo_tags&#8221;:[]},&#8221;site_topper&#8221;:{},&#8221;is_grouping&#8221;:&#8221;false&#8221;,&#8221;_website&#8221;:&#8221;esportes&#8221;,&#8221;node_type&#8221;:&#8221;section&#8221;,&#8221;children&#8221;:[]},{&#8220;_id&#8221;:&#8221;\/futebol\/times\/chapecoense&#8221;,&#8221;website&#8221;:&#8221;esportes&#8221;,&#8221;name&#8221;:&#8221;Chapecoense&#8221;,&#8221;navigation&#8221;:{&#8220;nav_title&#8221;:&#8221;Chapecoense&#8221;},&#8221;parent&#8221;:{&#8220;default&#8221;:&#8221;\/futebol\/times&#8221;,&#8221;header&#8221;:&#8221;\/futebol\/times&#8221;},&#8221;_admin&#8221;:{&#8220;alias_ids&#8221;:[&#8220;\/futebol\/times\/chapecoense&#8221;]},&#8221;site&#8221;:{&#8220;site_description&#8221;:&#8221;&#8221;,&#8221;site_title&#8221;:&#8221;Chapecoense&#8221;},&#8221;inactive&#8221;:false,&#8221;SEO&#8221;:{&#8220;seo_tags&#8221;:[]},&#8221;site_topper&#8221;:{},&#8221;is_grouping&#8221;:&#8221;false&#8221;,&#8221;_website&#8221;:&#8221;esportes&#8221;,&#8221;node_type&#8221;:&#8221;section&#8221;,&#8221;children&#8221;:[]},{&#8220;_id&#8221;:&#8221;\/futebol\/times\/corinthians&#8221;,&#8221;_website&#8221;:&#8221;esportes&#8221;,&#8221;name&#8221;:&#8221;Corinthians&#8221;,&#8221;inactive&#8221;:false,&#8221;parent&#8221;:{&#8220;default&#8221;:&#8221;\/futebol\/times&#8221;,&#8221;header&#8221;:&#8221;\/futebol\/times&#8221;},&#8221;SEO&#8221;:{&#8220;seo_tags&#8221;:[]},&#8221;_admin&#8221;:{&#8220;alias_ids&#8221;:[&#8220;\/futebol\/times\/corinthians&#8221;]},&#8221;navigation&#8221;:{&#8220;nav_title&#8221;:&#8221;Corinthians&#8221;},&#8221;newsletter&#8221;:{&#8220;id&#8221;:&#8221;68484031b8b9d10001c4f8ba&#8221;},&#8221;site&#8221;:{&#8220;site_description&#8221;:null,&#8221;site_title&#8221;:&#8221;Corinthians&#8221;},&#8221;is_grouping&#8221;:&#8221;false&#8221;,&#8221;node_type&#8221;:&#8221;section&#8221;,&#8221;children&#8221;:[]},{&#8220;_id&#8221;:&#8221;\/futebol\/times\/coritiba&#8221;,&#8221;website&#8221;:&#8221;esportes&#8221;,&#8221;name&#8221;:&#8221;Coritiba&#8221;,&#8221;navigation&#8221;:{&#8220;nav_title&#8221;:&#8221;Coritiba&#8221;},&#8221;parent&#8221;:{&#8220;default&#8221;:&#8221;\/futebol\/times&#8221;,&#8221;header&#8221;:&#8221;\/futebol\/times&#8221;},&#8221;_admin&#8221;:{&#8220;alias_ids&#8221;:[&#8220;\/futebol\/times\/coritiba&#8221;]},&#8221;site&#8221;:{&#8220;site_description&#8221;:&#8221;&#8221;,&#8221;site_title&#8221;:&#8221;Coritiba&#8221;},&#8221;inactive&#8221;:false,&#8221;SEO&#8221;:{&#8220;seo_tags&#8221;:[]},&#8221;site_topper&#8221;:{},&#8221;is_grouping&#8221;:&#8221;false&#8221;,&#8221;_website&#8221;:&#8221;esportes&#8221;,&#8221;node_type&#8221;:&#8221;section&#8221;,&#8221;children&#8221;:[]},{&#8220;_id&#8221;:&#8221;\/futebol\/times\/crb&#8221;,&#8221;website&#8221;:&#8221;esportes&#8221;,&#8221;name&#8221;:&#8221;CRB&#8221;,&#8221;navigation&#8221;:{&#8220;nav_title&#8221;:&#8221;CRB&#8221;},&#8221;parent&#8221;:{&#8220;default&#8221;:&#8221;\/futebol\/times&#8221;,&#8221;header&#8221;:&#8221;\/futebol\/times&#8221;},&#8221;_admin&#8221;:{&#8220;alias_ids&#8221;:[&#8220;\/futebol\/times\/crb&#8221;]},&#8221;site&#8221;:{&#8220;site_description&#8221;:&#8221;&#8221;,&#8221;site_title&#8221;:&#8221;CRB&#8221;},&#8221;inactive&#8221;:false,&#8221;SEO&#8221;:{&#8220;seo_tags&#8221;:[]},&#8221;site_topper&#8221;:{},&#8221;is_grouping&#8221;:&#8221;false&#8221;,&#8221;_website&#8221;:&#8221;esportes&#8221;,&#8221;node_type&#8221;:&#8221;section&#8221;,&#8221;children&#8221;:[]},{&#8220;_id&#8221;:&#8221;\/futebol\/times\/criciuma&#8221;,&#8221;website&#8221;:&#8221;esportes&#8221;,&#8221;name&#8221;:&#8221;Crici\u00fama&#8221;,&#8221;navigation&#8221;:{&#8220;nav_title&#8221;:&#8221;Crici\u00fama&#8221;},&#8221;parent&#8221;:{&#8220;default&#8221;:&#8221;\/futebol\/times&#8221;,&#8221;header&#8221;:&#8221;\/futebol\/times&#8221;},&#8221;_admin&#8221;:{&#8220;alias_ids&#8221;:[&#8220;\/futebol\/times\/criciuma&#8221;]},&#8221;site&#8221;:{&#8220;site_description&#8221;:&#8221;&#8221;,&#8221;site_title&#8221;:&#8221;Crici\u00fama&#8221;},&#8221;inactive&#8221;:false,&#8221;SEO&#8221;:{&#8220;seo_tags&#8221;:[]},&#8221;site_topper&#8221;:{},&#8221;is_grouping&#8221;:&#8221;false&#8221;,&#8221;_website&#8221;:&#8221;esportes&#8221;,&#8221;node_type&#8221;:&#8221;section&#8221;,&#8221;children&#8221;:[]},{&#8220;_id&#8221;:&#8221;\/futebol\/times\/cruzeiro&#8221;,&#8221;_website&#8221;:&#8221;esportes&#8221;,&#8221;name&#8221;:&#8221;Cruzeiro&#8221;,&#8221;inactive&#8221;:false,&#8221;parent&#8221;:{&#8220;default&#8221;:&#8221;\/futebol\/times&#8221;,&#8221;header&#8221;:&#8221;\/futebol\/times&#8221;},&#8221;SEO&#8221;:{&#8220;seo_tags&#8221;:[]},&#8221;_admin&#8221;:{&#8220;alias_ids&#8221;:[&#8220;\/futebol\/times\/cruzeiro&#8221;]},&#8221;navigation&#8221;:{&#8220;nav_title&#8221;:&#8221;Cruzeiro&#8221;},&#8221;newsletter&#8221;:{&#8220;id&#8221;:&#8221;68484031b8b9d10001c4f8ba&#8221;},&#8221;site&#8221;:{&#8220;site_description&#8221;:null,&#8221;site_title&#8221;:&#8221;Cruzeiro&#8221;},&#8221;is_grouping&#8221;:&#8221;false&#8221;,&#8221;node_type&#8221;:&#8221;section&#8221;,&#8221;children&#8221;:[]},{&#8220;_id&#8221;:&#8221;\/futebol\/times\/csa&#8221;,&#8221;website&#8221;:&#8221;esportes&#8221;,&#8221;name&#8221;:&#8221;CSA&#8221;,&#8221;navigation&#8221;:{&#8220;nav_title&#8221;:&#8221;CSA&#8221;},&#8221;parent&#8221;:{&#8220;default&#8221;:&#8221;\/futebol\/times&#8221;,&#8221;header&#8221;:&#8221;\/futebol\/times&#8221;},&#8221;_admin&#8221;:{&#8220;alias_ids&#8221;:[&#8220;\/futebol\/times\/csa&#8221;]},&#8221;site&#8221;:{&#8220;site_description&#8221;:&#8221;&#8221;,&#8221;site_title&#8221;:&#8221;CSA&#8221;},&#8221;inactive&#8221;:false,&#8221;SEO&#8221;:{&#8220;seo_tags&#8221;:[]},&#8221;site_topper&#8221;:{},&#8221;is_grouping&#8221;:&#8221;false&#8221;,&#8221;_website&#8221;:&#8221;esportes&#8221;,&#8221;node_type&#8221;:&#8221;section&#8221;,&#8221;children&#8221;:[]},{&#8220;_id&#8221;:&#8221;\/futebol\/times\/cuiaba&#8221;,&#8221;website&#8221;:&#8221;esportes&#8221;,&#8221;name&#8221;:&#8221;Cuiab\u00e1&#8221;,&#8221;navigation&#8221;:{&#8220;nav_title&#8221;:&#8221;Cuiab\u00e1&#8221;},&#8221;parent&#8221;:{&#8220;default&#8221;:&#8221;\/futebol\/times&#8221;,&#8221;header&#8221;:&#8221;\/futebol\/times&#8221;},&#8221;_admin&#8221;:{&#8220;alias_ids&#8221;:[&#8220;\/futebol\/times\/cuiaba&#8221;]},&#8221;site&#8221;:{&#8220;site_description&#8221;:&#8221;&#8221;,&#8221;site_title&#8221;:&#8221;Cuiab\u00e1&#8221;},&#8221;inactive&#8221;:false,&#8221;SEO&#8221;:{&#8220;seo_tags&#8221;:[]},&#8221;site_topper&#8221;:{},&#8221;is_grouping&#8221;:&#8221;false&#8221;,&#8221;_website&#8221;:&#8221;esportes&#8221;,&#8221;node_type&#8221;:&#8221;section&#8221;,&#8221;children&#8221;:[]},{&#8220;_id&#8221;:&#8221;\/futebol\/times\/ferroviaria&#8221;,&#8221;website&#8221;:&#8221;esportes&#8221;,&#8221;name&#8221;:&#8221;Ferrovi\u00e1ria&#8221;,&#8221;navigation&#8221;:{&#8220;nav_title&#8221;:&#8221;Ferrovi\u00e1ria&#8221;},&#8221;parent&#8221;:{&#8220;default&#8221;:&#8221;\/futebol\/times&#8221;,&#8221;header&#8221;:&#8221;\/futebol\/times&#8221;},&#8221;_admin&#8221;:{&#8220;alias_ids&#8221;:[&#8220;\/futebol\/times\/ferroviaria&#8221;]},&#8221;site&#8221;:{&#8220;site_description&#8221;:&#8221;&#8221;,&#8221;site_title&#8221;:&#8221;Ferrovi\u00e1ria&#8221;},&#8221;inactive&#8221;:false,&#8221;SEO&#8221;:{&#8220;seo_tags&#8221;:[]},&#8221;site_topper&#8221;:{},&#8221;is_grouping&#8221;:&#8221;false&#8221;,&#8221;_website&#8221;:&#8221;esportes&#8221;,&#8221;node_type&#8221;:&#8221;section&#8221;,&#8221;children&#8221;:[]},{&#8220;_id&#8221;:&#8221;\/futebol\/times\/figueirense&#8221;,&#8221;website&#8221;:&#8221;esportes&#8221;,&#8221;name&#8221;:&#8221;Figueirense&#8221;,&#8221;navigation&#8221;:{&#8220;nav_title&#8221;:&#8221;Figueirense&#8221;},&#8221;parent&#8221;:{&#8220;default&#8221;:&#8221;\/futebol\/times&#8221;,&#8221;header&#8221;:&#8221;\/futebol\/times&#8221;},&#8221;_admin&#8221;:{&#8220;alias_ids&#8221;:[&#8220;\/futebol\/times\/figueirense&#8221;]},&#8221;site&#8221;:{&#8220;site_description&#8221;:&#8221;&#8221;,&#8221;site_title&#8221;:&#8221;Figueirense&#8221;},&#8221;inactive&#8221;:false,&#8221;SEO&#8221;:{&#8220;seo_tags&#8221;:[]},&#8221;site_topper&#8221;:{},&#8221;is_grouping&#8221;:&#8221;false&#8221;,&#8221;_website&#8221;:&#8221;esportes&#8221;,&#8221;node_type&#8221;:&#8221;section&#8221;,&#8221;children&#8221;:[]},{&#8220;_id&#8221;:&#8221;\/futebol\/times\/flamengo&#8221;,&#8221;_website&#8221;:&#8221;esportes&#8221;,&#8221;name&#8221;:&#8221;Flamengo&#8221;,&#8221;inactive&#8221;:false,&#8221;parent&#8221;:{&#8220;default&#8221;:&#8221;\/futebol\/times&#8221;,&#8221;header&#8221;:&#8221;\/futebol\/times&#8221;},&#8221;SEO&#8221;:{&#8220;seo_tags&#8221;:[]},&#8221;_admin&#8221;:{&#8220;alias_ids&#8221;:[&#8220;\/futebol\/times\/flamengo&#8221;]},&#8221;navigation&#8221;:{&#8220;nav_title&#8221;:&#8221;Flamengo&#8221;},&#8221;newsletter&#8221;:{&#8220;id&#8221;:&#8221;68484031b8b9d10001c4f8ba&#8221;},&#8221;site&#8221;:{&#8220;site_description&#8221;:null,&#8221;site_title&#8221;:&#8221;Flamengo&#8221;},&#8221;is_grouping&#8221;:&#8221;false&#8221;,&#8221;node_type&#8221;:&#8221;section&#8221;,&#8221;children&#8221;:[]},{&#8220;_id&#8221;:&#8221;\/futebol\/times\/fluminense&#8221;,&#8221;_website&#8221;:&#8221;esportes&#8221;,&#8221;name&#8221;:&#8221;Fluminense&#8221;,&#8221;inactive&#8221;:false,&#8221;parent&#8221;:{&#8220;default&#8221;:&#8221;\/futebol\/times&#8221;,&#8221;header&#8221;:&#8221;\/futebol\/times&#8221;},&#8221;SEO&#8221;:{&#8220;seo_tags&#8221;:[]},&#8221;_admin&#8221;:{&#8220;alias_ids&#8221;:[&#8220;\/futebol\/times\/fluminense&#8221;]},&#8221;navigation&#8221;:{&#8220;nav_title&#8221;:&#8221;Fluminense&#8221;},&#8221;newsletter&#8221;:{&#8220;id&#8221;:&#8221;68484031b8b9d10001c4f8ba&#8221;},&#8221;site&#8221;:{&#8220;site_description&#8221;:null,&#8221;site_title&#8221;:&#8221;Fluminense&#8221;},&#8221;is_grouping&#8221;:&#8221;false&#8221;,&#8221;node_type&#8221;:&#8221;section&#8221;,&#8221;children&#8221;:[]},{&#8220;_id&#8221;:&#8221;\/futebol\/times\/fortaleza&#8221;,&#8221;website&#8221;:&#8221;esportes&#8221;,&#8221;name&#8221;:&#8221;Fortaleza&#8221;,&#8221;navigation&#8221;:{&#8220;nav_title&#8221;:&#8221;Fortaleza&#8221;},&#8221;parent&#8221;:{&#8220;default&#8221;:&#8221;\/futebol\/times&#8221;,&#8221;header&#8221;:&#8221;\/futebol\/times&#8221;},&#8221;_admin&#8221;:{&#8220;alias_ids&#8221;:[&#8220;\/futebol\/times\/fortaleza&#8221;]},&#8221;site&#8221;:{&#8220;site_description&#8221;:&#8221;&#8221;,&#8221;site_title&#8221;:&#8221;Fortaleza&#8221;},&#8221;inactive&#8221;:false,&#8221;SEO&#8221;:{&#8220;seo_tags&#8221;:[]},&#8221;site_topper&#8221;:{},&#8221;is_grouping&#8221;:&#8221;false&#8221;,&#8221;_website&#8221;:&#8221;esportes&#8221;,&#8221;node_type&#8221;:&#8221;section&#8221;,&#8221;children&#8221;:[]},{&#8220;_id&#8221;:&#8221;\/futebol\/times\/goias&#8221;,&#8221;website&#8221;:&#8221;esportes&#8221;,&#8221;name&#8221;:&#8221;Goi\u00e1s&#8221;,&#8221;navigation&#8221;:{&#8220;nav_title&#8221;:&#8221;Goi\u00e1s&#8221;},&#8221;parent&#8221;:{&#8220;default&#8221;:&#8221;\/futebol\/times&#8221;,&#8221;header&#8221;:&#8221;\/futebol\/times&#8221;},&#8221;_admin&#8221;:{&#8220;alias_ids&#8221;:[&#8220;\/futebol\/times\/goias&#8221;]},&#8221;site&#8221;:{&#8220;site_description&#8221;:&#8221;&#8221;,&#8221;site_title&#8221;:&#8221;Goi\u00e1s&#8221;},&#8221;inactive&#8221;:false,&#8221;SEO&#8221;:{&#8220;seo_tags&#8221;:[]},&#8221;site_topper&#8221;:{},&#8221;is_grouping&#8221;:&#8221;false&#8221;,&#8221;_website&#8221;:&#8221;esportes&#8221;,&#8221;node_type&#8221;:&#8221;section&#8221;,&#8221;children&#8221;:[]},{&#8220;_id&#8221;:&#8221;\/futebol\/times\/gremio&#8221;,&#8221;_website&#8221;:&#8221;esportes&#8221;,&#8221;name&#8221;:&#8221;Gr\u00eamio&#8221;,&#8221;inactive&#8221;:false,&#8221;parent&#8221;:{&#8220;default&#8221;:&#8221;\/futebol\/times&#8221;,&#8221;header&#8221;:&#8221;\/futebol\/times&#8221;},&#8221;SEO&#8221;:{&#8220;seo_tags&#8221;:[]},&#8221;_admin&#8221;:{&#8220;alias_ids&#8221;:[&#8220;\/futebol\/times\/gremio&#8221;]},&#8221;navigation&#8221;:{&#8220;nav_title&#8221;:&#8221;Gr\u00eamio&#8221;},&#8221;newsletter&#8221;:{&#8220;id&#8221;:&#8221;68484031b8b9d10001c4f8ba&#8221;},&#8221;site&#8221;:{&#8220;site_description&#8221;:null,&#8221;site_title&#8221;:&#8221;Gr\u00eamio&#8221;},&#8221;is_grouping&#8221;:&#8221;false&#8221;,&#8221;node_type&#8221;:&#8221;section&#8221;,&#8221;children&#8221;:[]},{&#8220;_id&#8221;:&#8221;\/futebol\/times\/gremio-novorizontino&#8221;,&#8221;website&#8221;:&#8221;esportes&#8221;,&#8221;name&#8221;:&#8221;Gr\u00eamio Novorizontino&#8221;,&#8221;navigation&#8221;:{&#8220;nav_title&#8221;:&#8221;Gr\u00eamio Novorizontino&#8221;},&#8221;parent&#8221;:{&#8220;default&#8221;:&#8221;\/futebol\/times&#8221;,&#8221;header&#8221;:&#8221;\/futebol\/times&#8221;},&#8221;_admin&#8221;:{&#8220;alias_ids&#8221;:[&#8220;\/futebol\/times\/gremio-novorizontino&#8221;]},&#8221;site&#8221;:{&#8220;site_description&#8221;:&#8221;&#8221;,&#8221;site_title&#8221;:&#8221;Gr\u00eamio Novorizontino&#8221;},&#8221;inactive&#8221;:false,&#8221;SEO&#8221;:{&#8220;seo_tags&#8221;:[]},&#8221;site_topper&#8221;:{},&#8221;is_grouping&#8221;:&#8221;false&#8221;,&#8221;_website&#8221;:&#8221;esportes&#8221;,&#8221;node_type&#8221;:&#8221;section&#8221;,&#8221;children&#8221;:[]},{&#8220;_id&#8221;:&#8221;\/futebol\/times\/guarani&#8221;,&#8221;website&#8221;:&#8221;esportes&#8221;,&#8221;name&#8221;:&#8221;Guarani&#8221;,&#8221;navigation&#8221;:{&#8220;nav_title&#8221;:&#8221;Guarani&#8221;},&#8221;parent&#8221;:{&#8220;default&#8221;:&#8221;\/futebol\/times&#8221;,&#8221;header&#8221;:&#8221;\/futebol\/times&#8221;},&#8221;_admin&#8221;:{&#8220;alias_ids&#8221;:[&#8220;\/futebol\/times\/guarani&#8221;]},&#8221;site&#8221;:{&#8220;site_description&#8221;:&#8221;&#8221;,&#8221;site_title&#8221;:&#8221;Guarani&#8221;},&#8221;inactive&#8221;:false,&#8221;SEO&#8221;:{&#8220;seo_tags&#8221;:[]},&#8221;site_topper&#8221;:{},&#8221;is_grouping&#8221;:&#8221;false&#8221;,&#8221;_website&#8221;:&#8221;esportes&#8221;,&#8221;node_type&#8221;:&#8221;section&#8221;,&#8221;children&#8221;:[]},{&#8220;_id&#8221;:&#8221;\/futebol\/times\/icasa&#8221;,&#8221;website&#8221;:&#8221;esportes&#8221;,&#8221;name&#8221;:&#8221;Icasa&#8221;,&#8221;navigation&#8221;:{&#8220;nav_title&#8221;:&#8221;Icasa&#8221;},&#8221;parent&#8221;:{&#8220;default&#8221;:&#8221;\/futebol\/times&#8221;,&#8221;header&#8221;:&#8221;\/futebol\/times&#8221;},&#8221;_admin&#8221;:{&#8220;alias_ids&#8221;:[&#8220;\/futebol\/times\/icasa&#8221;]},&#8221;site&#8221;:{&#8220;site_description&#8221;:&#8221;&#8221;,&#8221;site_title&#8221;:&#8221;Icasa&#8221;},&#8221;inactive&#8221;:false,&#8221;SEO&#8221;:{&#8220;seo_tags&#8221;:[]},&#8221;site_topper&#8221;:{},&#8221;is_grouping&#8221;:&#8221;false&#8221;,&#8221;_website&#8221;:&#8221;esportes&#8221;,&#8221;node_type&#8221;:&#8221;section&#8221;,&#8221;children&#8221;:[]},{&#8220;_id&#8221;:&#8221;\/futebol\/times\/inter-de-limeira&#8221;,&#8221;website&#8221;:&#8221;esportes&#8221;,&#8221;name&#8221;:&#8221;Inter de Limeira&#8221;,&#8221;navigation&#8221;:{&#8220;nav_title&#8221;:&#8221;Inter de Limeira&#8221;},&#8221;parent&#8221;:{&#8220;default&#8221;:&#8221;\/futebol\/times&#8221;,&#8221;header&#8221;:&#8221;\/futebol\/times&#8221;},&#8221;_admin&#8221;:{&#8220;alias_ids&#8221;:[&#8220;\/futebol\/times\/inter-de-limeira&#8221;]},&#8221;site&#8221;:{&#8220;site_description&#8221;:&#8221;&#8221;,&#8221;site_title&#8221;:&#8221;Inter de Limeira&#8221;},&#8221;inactive&#8221;:false,&#8221;SEO&#8221;:{&#8220;seo_tags&#8221;:[]},&#8221;site_topper&#8221;:{},&#8221;is_grouping&#8221;:&#8221;false&#8221;,&#8221;_website&#8221;:&#8221;esportes&#8221;,&#8221;node_type&#8221;:&#8221;section&#8221;,&#8221;children&#8221;:[]},{&#8220;_id&#8221;:&#8221;\/futebol\/times\/internacional&#8221;,&#8221;_website&#8221;:&#8221;esportes&#8221;,&#8221;name&#8221;:&#8221;Internacional&#8221;,&#8221;inactive&#8221;:false,&#8221;parent&#8221;:{&#8220;default&#8221;:&#8221;\/futebol\/times&#8221;,&#8221;header&#8221;:&#8221;\/futebol\/times&#8221;},&#8221;SEO&#8221;:{&#8220;seo_tags&#8221;:[]},&#8221;_admin&#8221;:{&#8220;alias_ids&#8221;:[&#8220;\/futebol\/times\/internacional&#8221;]},&#8221;navigation&#8221;:{&#8220;nav_title&#8221;:&#8221;Internacional&#8221;},&#8221;newsletter&#8221;:{&#8220;id&#8221;:&#8221;68484031b8b9d10001c4f8ba&#8221;},&#8221;site&#8221;:{&#8220;site_description&#8221;:null,&#8221;site_title&#8221;:&#8221;Internacional&#8221;},&#8221;is_grouping&#8221;:&#8221;false&#8221;,&#8221;node_type&#8221;:&#8221;section&#8221;,&#8221;children&#8221;:[]},{&#8220;_id&#8221;:&#8221;\/futebol\/times\/ituano&#8221;,&#8221;website&#8221;:&#8221;esportes&#8221;,&#8221;name&#8221;:&#8221;Ituano&#8221;,&#8221;navigation&#8221;:{&#8220;nav_title&#8221;:&#8221;Ituano&#8221;},&#8221;parent&#8221;:{&#8220;default&#8221;:&#8221;\/futebol\/times&#8221;,&#8221;header&#8221;:&#8221;\/futebol\/times&#8221;},&#8221;_admin&#8221;:{&#8220;alias_ids&#8221;:[&#8220;\/futebol\/times\/ituano&#8221;]},&#8221;site&#8221;:{&#8220;site_description&#8221;:&#8221;&#8221;,&#8221;site_title&#8221;:&#8221;Ituano&#8221;},&#8221;inactive&#8221;:false,&#8221;SEO&#8221;:{&#8220;seo_tags&#8221;:[]},&#8221;site_topper&#8221;:{},&#8221;is_grouping&#8221;:&#8221;false&#8221;,&#8221;_website&#8221;:&#8221;esportes&#8221;,&#8221;node_type&#8221;:&#8221;section&#8221;,&#8221;children&#8221;:[]},{&#8220;_id&#8221;:&#8221;\/futebol\/times\/joinville&#8221;,&#8221;website&#8221;:&#8221;esportes&#8221;,&#8221;name&#8221;:&#8221;Joinville&#8221;,&#8221;navigation&#8221;:{&#8220;nav_title&#8221;:&#8221;Joinville&#8221;},&#8221;parent&#8221;:{&#8220;default&#8221;:&#8221;\/futebol\/times&#8221;,&#8221;header&#8221;:&#8221;\/futebol\/times&#8221;},&#8221;_admin&#8221;:{&#8220;alias_ids&#8221;:[&#8220;\/futebol\/times\/joinville&#8221;]},&#8221;site&#8221;:{&#8220;site_description&#8221;:&#8221;&#8221;,&#8221;site_title&#8221;:&#8221;Joinville&#8221;},&#8221;inactive&#8221;:false,&#8221;SEO&#8221;:{&#8220;seo_tags&#8221;:[]},&#8221;site_topper&#8221;:{},&#8221;is_grouping&#8221;:&#8221;false&#8221;,&#8221;_website&#8221;:&#8221;esportes&#8221;,&#8221;node_type&#8221;:&#8221;section&#8221;,&#8221;children&#8221;:[]},{&#8220;_id&#8221;:&#8221;\/futebol\/times\/juventude&#8221;,&#8221;website&#8221;:&#8221;esportes&#8221;,&#8221;name&#8221;:&#8221;Juventude&#8221;,&#8221;navigation&#8221;:{&#8220;nav_title&#8221;:&#8221;Juventude&#8221;},&#8221;parent&#8221;:{&#8220;default&#8221;:&#8221;\/futebol\/times&#8221;,&#8221;header&#8221;:&#8221;\/futebol\/times&#8221;},&#8221;_admin&#8221;:{&#8220;alias_ids&#8221;:[&#8220;\/futebol\/times\/juventude&#8221;]},&#8221;site&#8221;:{&#8220;site_description&#8221;:&#8221;&#8221;,&#8221;site_title&#8221;:&#8221;Juventude&#8221;},&#8221;inactive&#8221;:false,&#8221;SEO&#8221;:{&#8220;seo_tags&#8221;:[]},&#8221;site_topper&#8221;:{},&#8221;is_grouping&#8221;:&#8221;false&#8221;,&#8221;_website&#8221;:&#8221;esportes&#8221;,&#8221;node_type&#8221;:&#8221;section&#8221;,&#8221;children&#8221;:[]},{&#8220;_id&#8221;:&#8221;\/futebol\/times\/londrina-pr&#8221;,&#8221;website&#8221;:&#8221;esportes&#8221;,&#8221;name&#8221;:&#8221;Londrina-PR&#8221;,&#8221;navigation&#8221;:{&#8220;nav_title&#8221;:&#8221;Londrina-PR&#8221;},&#8221;parent&#8221;:{&#8220;default&#8221;:&#8221;\/futebol\/times&#8221;,&#8221;header&#8221;:&#8221;\/futebol\/times&#8221;},&#8221;_admin&#8221;:{&#8220;alias_ids&#8221;:[&#8220;\/futebol\/times\/londrina-pr&#8221;]},&#8221;site&#8221;:{&#8220;site_description&#8221;:&#8221;&#8221;,&#8221;site_title&#8221;:&#8221;Londrina-PR&#8221;},&#8221;inactive&#8221;:false,&#8221;SEO&#8221;:{&#8220;seo_tags&#8221;:[]},&#8221;site_topper&#8221;:{},&#8221;is_grouping&#8221;:&#8221;false&#8221;,&#8221;_website&#8221;:&#8221;esportes&#8221;,&#8221;node_type&#8221;:&#8221;section&#8221;,&#8221;children&#8221;:[]},{&#8220;_id&#8221;:&#8221;\/futebol\/times\/luverdense&#8221;,&#8221;website&#8221;:&#8221;esportes&#8221;,&#8221;name&#8221;:&#8221;Luverdense&#8221;,&#8221;navigation&#8221;:{&#8220;nav_title&#8221;:&#8221;Luverdense&#8221;},&#8221;parent&#8221;:{&#8220;default&#8221;:&#8221;\/futebol\/times&#8221;,&#8221;header&#8221;:&#8221;\/futebol\/times&#8221;},&#8221;_admin&#8221;:{&#8220;alias_ids&#8221;:[&#8220;\/futebol\/times\/luverdense&#8221;]},&#8221;site&#8221;:{&#8220;site_description&#8221;:&#8221;&#8221;,&#8221;site_title&#8221;:&#8221;Luverdense&#8221;},&#8221;inactive&#8221;:false,&#8221;SEO&#8221;:{&#8220;seo_tags&#8221;:[]},&#8221;site_topper&#8221;:{},&#8221;is_grouping&#8221;:&#8221;false&#8221;,&#8221;_website&#8221;:&#8221;esportes&#8221;,&#8221;node_type&#8221;:&#8221;section&#8221;,&#8221;children&#8221;:[]},{&#8220;_id&#8221;:&#8221;\/futebol\/times\/macae&#8221;,&#8221;website&#8221;:&#8221;esportes&#8221;,&#8221;name&#8221;:&#8221;Maca\u00e9&#8221;,&#8221;navigation&#8221;:{&#8220;nav_title&#8221;:&#8221;Maca\u00e9&#8221;},&#8221;parent&#8221;:{&#8220;default&#8221;:&#8221;\/futebol\/times&#8221;,&#8221;header&#8221;:&#8221;\/futebol\/times&#8221;},&#8221;_admin&#8221;:{&#8220;alias_ids&#8221;:[&#8220;\/futebol\/times\/macae&#8221;]},&#8221;site&#8221;:{&#8220;site_description&#8221;:&#8221;&#8221;,&#8221;site_title&#8221;:&#8221;Maca\u00e9&#8221;},&#8221;inactive&#8221;:false,&#8221;SEO&#8221;:{&#8220;seo_tags&#8221;:[]},&#8221;site_topper&#8221;:{},&#8221;is_grouping&#8221;:&#8221;false&#8221;,&#8221;_website&#8221;:&#8221;esportes&#8221;,&#8221;node_type&#8221;:&#8221;section&#8221;,&#8221;children&#8221;:[]},{&#8220;_id&#8221;:&#8221;\/futebol\/times\/madureira&#8221;,&#8221;website&#8221;:&#8221;esportes&#8221;,&#8221;name&#8221;:&#8221;Madureira&#8221;,&#8221;navigation&#8221;:{&#8220;nav_title&#8221;:&#8221;Madureira&#8221;},&#8221;parent&#8221;:{&#8220;default&#8221;:&#8221;\/futebol\/times&#8221;,&#8221;header&#8221;:&#8221;\/futebol\/times&#8221;},&#8221;_admin&#8221;:{&#8220;alias_ids&#8221;:[&#8220;\/futebol\/times\/madureira&#8221;]},&#8221;site&#8221;:{&#8220;site_description&#8221;:&#8221;&#8221;,&#8221;site_title&#8221;:&#8221;Madureira&#8221;},&#8221;inactive&#8221;:false,&#8221;SEO&#8221;:{&#8220;seo_tags&#8221;:[]},&#8221;site_topper&#8221;:{},&#8221;is_grouping&#8221;:&#8221;false&#8221;,&#8221;_website&#8221;:&#8221;esportes&#8221;,&#8221;node_type&#8221;:&#8221;section&#8221;,&#8221;children&#8221;:[]},{&#8220;_id&#8221;:&#8221;\/futebol\/times\/mirassol&#8221;,&#8221;website&#8221;:&#8221;esportes&#8221;,&#8221;name&#8221;:&#8221;Mirassol&#8221;,&#8221;navigation&#8221;:{&#8220;nav_title&#8221;:&#8221;Mirassol&#8221;},&#8221;parent&#8221;:{&#8220;default&#8221;:&#8221;\/futebol\/times&#8221;,&#8221;header&#8221;:&#8221;\/futebol\/times&#8221;},&#8221;_admin&#8221;:{&#8220;alias_ids&#8221;:[&#8220;\/futebol\/times\/mirassol&#8221;]},&#8221;site&#8221;:{&#8220;site_description&#8221;:&#8221;&#8221;,&#8221;site_title&#8221;:&#8221;Mirassol&#8221;},&#8221;inactive&#8221;:false,&#8221;SEO&#8221;:{&#8220;seo_tags&#8221;:[]},&#8221;site_topper&#8221;:{},&#8221;is_grouping&#8221;:&#8221;false&#8221;,&#8221;_website&#8221;:&#8221;esportes&#8221;,&#8221;node_type&#8221;:&#8221;section&#8221;,&#8221;children&#8221;:[]},{&#8220;_id&#8221;:&#8221;\/futebol\/times\/nautico&#8221;,&#8221;website&#8221;:&#8221;esportes&#8221;,&#8221;name&#8221;:&#8221;N\u00e1utico&#8221;,&#8221;navigation&#8221;:{&#8220;nav_title&#8221;:&#8221;N\u00e1utico&#8221;},&#8221;parent&#8221;:{&#8220;default&#8221;:&#8221;\/futebol\/times&#8221;,&#8221;header&#8221;:&#8221;\/futebol\/times&#8221;},&#8221;_admin&#8221;:{&#8220;alias_ids&#8221;:[&#8220;\/futebol\/times\/nautico&#8221;]},&#8221;site&#8221;:{&#8220;site_description&#8221;:&#8221;&#8221;,&#8221;site_title&#8221;:&#8221;N\u00e1utico&#8221;},&#8221;inactive&#8221;:false,&#8221;SEO&#8221;:{&#8220;seo_tags&#8221;:[]},&#8221;site_topper&#8221;:{},&#8221;is_grouping&#8221;:&#8221;false&#8221;,&#8221;_website&#8221;:&#8221;esportes&#8221;,&#8221;node_type&#8221;:&#8221;section&#8221;,&#8221;children&#8221;:[]},{&#8220;_id&#8221;:&#8221;\/futebol\/times\/nova-iguacu&#8221;,&#8221;website&#8221;:&#8221;esportes&#8221;,&#8221;name&#8221;:&#8221;Nova Igua\u00e7u&#8221;,&#8221;navigation&#8221;:{&#8220;nav_title&#8221;:&#8221;Nova Igua\u00e7u&#8221;},&#8221;parent&#8221;:{&#8220;default&#8221;:&#8221;\/futebol\/times&#8221;,&#8221;header&#8221;:&#8221;\/futebol\/times&#8221;},&#8221;_admin&#8221;:{&#8220;alias_ids&#8221;:[&#8220;\/futebol\/times\/nova-iguacu&#8221;]},&#8221;site&#8221;:{&#8220;site_description&#8221;:&#8221;&#8221;,&#8221;site_title&#8221;:&#8221;Nova Igua\u00e7u&#8221;},&#8221;inactive&#8221;:false,&#8221;SEO&#8221;:{&#8220;seo_tags&#8221;:[]},&#8221;site_topper&#8221;:{},&#8221;is_grouping&#8221;:&#8221;false&#8221;,&#8221;_website&#8221;:&#8221;esportes&#8221;,&#8221;node_type&#8221;:&#8221;section&#8221;,&#8221;children&#8221;:[]},{&#8220;_id&#8221;:&#8221;\/futebol\/times\/novorizontino&#8221;,&#8221;website&#8221;:&#8221;esportes&#8221;,&#8221;name&#8221;:&#8221;Novorizontino&#8221;,&#8221;navigation&#8221;:{&#8220;nav_title&#8221;:&#8221;Novorizontino&#8221;},&#8221;parent&#8221;:{&#8220;default&#8221;:&#8221;\/futebol\/times&#8221;,&#8221;header&#8221;:&#8221;\/futebol\/times&#8221;},&#8221;_admin&#8221;:{&#8220;alias_ids&#8221;:[&#8220;\/futebol\/times\/novorizontino&#8221;]},&#8221;site&#8221;:{&#8220;site_description&#8221;:&#8221;&#8221;,&#8221;site_title&#8221;:&#8221;Novorizontino&#8221;},&#8221;inactive&#8221;:false,&#8221;SEO&#8221;:{&#8220;seo_tags&#8221;:[]},&#8221;site_topper&#8221;:{},&#8221;is_grouping&#8221;:&#8221;false&#8221;,&#8221;_website&#8221;:&#8221;esportes&#8221;,&#8221;node_type&#8221;:&#8221;section&#8221;,&#8221;children&#8221;:[]},{&#8220;_id&#8221;:&#8221;\/futebol\/times\/oeste&#8221;,&#8221;website&#8221;:&#8221;esportes&#8221;,&#8221;name&#8221;:&#8221;Oeste&#8221;,&#8221;navigation&#8221;:{&#8220;nav_title&#8221;:&#8221;Oeste&#8221;},&#8221;parent&#8221;:{&#8220;default&#8221;:&#8221;\/futebol\/times&#8221;,&#8221;header&#8221;:&#8221;\/futebol\/times&#8221;},&#8221;_admin&#8221;:{&#8220;alias_ids&#8221;:[&#8220;\/futebol\/times\/oeste&#8221;]},&#8221;site&#8221;:{&#8220;site_description&#8221;:&#8221;&#8221;,&#8221;site_title&#8221;:&#8221;Oeste&#8221;},&#8221;inactive&#8221;:false,&#8221;SEO&#8221;:{&#8220;seo_tags&#8221;:[]},&#8221;site_topper&#8221;:{},&#8221;is_grouping&#8221;:&#8221;false&#8221;,&#8221;_website&#8221;:&#8221;esportes&#8221;,&#8221;node_type&#8221;:&#8221;section&#8221;,&#8221;children&#8221;:[]},{&#8220;_id&#8221;:&#8221;\/futebol\/times\/operario-pr&#8221;,&#8221;website&#8221;:&#8221;esportes&#8221;,&#8221;name&#8221;:&#8221;Oper\u00e1rio-PR&#8221;,&#8221;navigation&#8221;:{&#8220;nav_title&#8221;:&#8221;Oper\u00e1rio-PR&#8221;},&#8221;parent&#8221;:{&#8220;default&#8221;:&#8221;\/futebol\/times&#8221;,&#8221;header&#8221;:&#8221;\/futebol\/times&#8221;},&#8221;_admin&#8221;:{&#8220;alias_ids&#8221;:[&#8220;\/futebol\/times\/operario-pr&#8221;]},&#8221;site&#8221;:{&#8220;site_description&#8221;:&#8221;&#8221;,&#8221;site_title&#8221;:&#8221;Oper\u00e1rio-PR&#8221;},&#8221;inactive&#8221;:false,&#8221;SEO&#8221;:{&#8220;seo_tags&#8221;:[]},&#8221;site_topper&#8221;:{},&#8221;is_grouping&#8221;:&#8221;false&#8221;,&#8221;_website&#8221;:&#8221;esportes&#8221;,&#8221;node_type&#8221;:&#8221;section&#8221;,&#8221;children&#8221;:[]},{&#8220;_id&#8221;:&#8221;\/futebol\/times\/palmeiras&#8221;,&#8221;_website&#8221;:&#8221;esportes&#8221;,&#8221;name&#8221;:&#8221;Palmeiras&#8221;,&#8221;inactive&#8221;:false,&#8221;parent&#8221;:{&#8220;default&#8221;:&#8221;\/futebol\/times&#8221;,&#8221;header&#8221;:&#8221;\/futebol\/times&#8221;},&#8221;SEO&#8221;:{&#8220;seo_tags&#8221;:[]},&#8221;_admin&#8221;:{&#8220;alias_ids&#8221;:[&#8220;\/futebol\/times\/palmeiras&#8221;]},&#8221;navigation&#8221;:{&#8220;nav_title&#8221;:&#8221;Palmeiras&#8221;},&#8221;newsletter&#8221;:{&#8220;id&#8221;:&#8221;68484031b8b9d10001c4f8ba&#8221;},&#8221;site&#8221;:{&#8220;site_description&#8221;:null,&#8221;site_title&#8221;:&#8221;Palmeiras&#8221;},&#8221;is_grouping&#8221;:&#8221;false&#8221;,&#8221;node_type&#8221;:&#8221;section&#8221;,&#8221;children&#8221;:[{&#8220;_id&#8221;:&#8221;\/futebol\/times\/palmeiras\/palmeiras-online&#8221;,&#8221;website&#8221;:&#8221;esportes&#8221;,&#8221;name&#8221;:&#8221;Palmeiras Online&#8221;,&#8221;navigation&#8221;:{&#8220;nav_title&#8221;:&#8221;Palmeiras Online&#8221;},&#8221;parent&#8221;:{&#8220;default&#8221;:&#8221;\/futebol\/times\/palmeiras&#8221;,&#8221;header&#8221;:&#8221;\/futebol\/times\/palmeiras&#8221;},&#8221;_admin&#8221;:{&#8220;alias_ids&#8221;:[&#8220;\/futebol\/times\/palmeiras\/palmeiras-online&#8221;]},&#8221;site&#8221;:{&#8220;site_description&#8221;:&#8221;&#8221;,&#8221;site_title&#8221;:&#8221;Palmeiras Online&#8221;},&#8221;inactive&#8221;:false,&#8221;SEO&#8221;:{&#8220;seo_tags&#8221;:[]},&#8221;site_topper&#8221;:{},&#8221;is_grouping&#8221;:&#8221;false&#8221;,&#8221;_website&#8221;:&#8221;esportes&#8221;,&#8221;node_type&#8221;:&#8221;section&#8221;,&#8221;children&#8221;:[]}]},{&#8220;_id&#8221;:&#8221;\/futebol\/times\/parana&#8221;,&#8221;website&#8221;:&#8221;esportes&#8221;,&#8221;name&#8221;:&#8221;Paran\u00e1&#8221;,&#8221;navigation&#8221;:{&#8220;nav_title&#8221;:&#8221;Paran\u00e1&#8221;},&#8221;parent&#8221;:{&#8220;default&#8221;:&#8221;\/futebol\/times&#8221;,&#8221;header&#8221;:&#8221;\/futebol\/times&#8221;},&#8221;_admin&#8221;:{&#8220;alias_ids&#8221;:[&#8220;\/futebol\/times\/parana&#8221;]},&#8221;site&#8221;:{&#8220;site_description&#8221;:&#8221;&#8221;,&#8221;site_title&#8221;:&#8221;Paran\u00e1&#8221;},&#8221;inactive&#8221;:false,&#8221;SEO&#8221;:{&#8220;seo_tags&#8221;:[]},&#8221;site_topper&#8221;:{},&#8221;is_grouping&#8221;:&#8221;false&#8221;,&#8221;_website&#8221;:&#8221;esportes&#8221;,&#8221;node_type&#8221;:&#8221;section&#8221;,&#8221;children&#8221;:[]},{&#8220;_id&#8221;:&#8221;\/futebol\/times\/paysandu&#8221;,&#8221;website&#8221;:&#8221;esportes&#8221;,&#8221;name&#8221;:&#8221;Paysandu&#8221;,&#8221;navigation&#8221;:{&#8220;nav_title&#8221;:&#8221;Paysandu&#8221;},&#8221;parent&#8221;:{&#8220;default&#8221;:&#8221;\/futebol\/times&#8221;,&#8221;header&#8221;:&#8221;\/futebol\/times&#8221;},&#8221;_admin&#8221;:{&#8220;alias_ids&#8221;:[&#8220;\/futebol\/times\/paysandu&#8221;]},&#8221;site&#8221;:{&#8220;site_description&#8221;:&#8221;&#8221;,&#8221;site_title&#8221;:&#8221;Paysandu&#8221;},&#8221;inactive&#8221;:false,&#8221;SEO&#8221;:{&#8220;seo_tags&#8221;:[]},&#8221;site_topper&#8221;:{},&#8221;is_grouping&#8221;:&#8221;false&#8221;,&#8221;_website&#8221;:&#8221;esportes&#8221;,&#8221;node_type&#8221;:&#8221;section&#8221;,&#8221;children&#8221;:[]},{&#8220;_id&#8221;:&#8221;\/futebol\/times\/ponte-preta&#8221;,&#8221;website&#8221;:&#8221;esportes&#8221;,&#8221;name&#8221;:&#8221;Ponte Preta&#8221;,&#8221;navigation&#8221;:{&#8220;nav_title&#8221;:&#8221;Ponte Preta&#8221;},&#8221;parent&#8221;:{&#8220;default&#8221;:&#8221;\/futebol\/times&#8221;,&#8221;header&#8221;:&#8221;\/futebol\/times&#8221;},&#8221;_admin&#8221;:{&#8220;alias_ids&#8221;:[&#8220;\/futebol\/times\/ponte-preta&#8221;]},&#8221;site&#8221;:{&#8220;site_description&#8221;:&#8221;&#8221;,&#8221;site_title&#8221;:&#8221;Ponte Preta&#8221;},&#8221;inactive&#8221;:false,&#8221;SEO&#8221;:{&#8220;seo_tags&#8221;:[]},&#8221;site_topper&#8221;:{},&#8221;is_grouping&#8221;:&#8221;false&#8221;,&#8221;_website&#8221;:&#8221;esportes&#8221;,&#8221;node_type&#8221;:&#8221;section&#8221;,&#8221;children&#8221;:[]},{&#8220;_id&#8221;:&#8221;\/futebol\/times\/portuguesa&#8221;,&#8221;website&#8221;:&#8221;esportes&#8221;,&#8221;name&#8221;:&#8221;Portuguesa&#8221;,&#8221;navigation&#8221;:{&#8220;nav_title&#8221;:&#8221;Portuguesa&#8221;},&#8221;parent&#8221;:{&#8220;default&#8221;:&#8221;\/futebol\/times&#8221;,&#8221;header&#8221;:&#8221;\/futebol\/times&#8221;},&#8221;_admin&#8221;:{&#8220;alias_ids&#8221;:[&#8220;\/futebol\/times\/portuguesa&#8221;]},&#8221;site&#8221;:{&#8220;site_description&#8221;:&#8221;&#8221;,&#8221;site_title&#8221;:&#8221;Portuguesa&#8221;},&#8221;inactive&#8221;:false,&#8221;SEO&#8221;:{&#8220;seo_tags&#8221;:[]},&#8221;site_topper&#8221;:{},&#8221;is_grouping&#8221;:&#8221;false&#8221;,&#8221;_website&#8221;:&#8221;esportes&#8221;,&#8221;node_type&#8221;:&#8221;section&#8221;,&#8221;children&#8221;:[]},{&#8220;_id&#8221;:&#8221;\/futebol\/times\/portuguesa-rj&#8221;,&#8221;website&#8221;:&#8221;esportes&#8221;,&#8221;name&#8221;:&#8221;Portuguesa-RJ&#8221;,&#8221;navigation&#8221;:{&#8220;nav_title&#8221;:&#8221;Portuguesa-RJ&#8221;},&#8221;parent&#8221;:{&#8220;default&#8221;:&#8221;\/futebol\/times&#8221;,&#8221;header&#8221;:&#8221;\/futebol\/times&#8221;},&#8221;_admin&#8221;:{&#8220;alias_ids&#8221;:[&#8220;\/futebol\/times\/portuguesa-rj&#8221;]},&#8221;site&#8221;:{&#8220;site_description&#8221;:&#8221;&#8221;,&#8221;site_title&#8221;:&#8221;Portuguesa-RJ&#8221;},&#8221;inactive&#8221;:false,&#8221;SEO&#8221;:{&#8220;seo_tags&#8221;:[]},&#8221;site_topper&#8221;:{},&#8221;is_grouping&#8221;:&#8221;false&#8221;,&#8221;_website&#8221;:&#8221;esportes&#8221;,&#8221;node_type&#8221;:&#8221;section&#8221;,&#8221;children&#8221;:[]},{&#8220;_id&#8221;:&#8221;\/futebol\/times\/remo&#8221;,&#8221;website&#8221;:&#8221;esportes&#8221;,&#8221;name&#8221;:&#8221;Remo&#8221;,&#8221;navigation&#8221;:{&#8220;nav_title&#8221;:&#8221;Remo&#8221;},&#8221;parent&#8221;:{&#8220;default&#8221;:&#8221;\/futebol\/times&#8221;,&#8221;header&#8221;:&#8221;\/futebol\/times&#8221;},&#8221;_admin&#8221;:{&#8220;alias_ids&#8221;:[&#8220;\/futebol\/times\/remo&#8221;]},&#8221;site&#8221;:{&#8220;site_description&#8221;:&#8221;&#8221;,&#8221;site_title&#8221;:&#8221;Remo&#8221;},&#8221;inactive&#8221;:false,&#8221;SEO&#8221;:{&#8220;seo_tags&#8221;:[]},&#8221;site_topper&#8221;:{},&#8221;is_grouping&#8221;:&#8221;false&#8221;,&#8221;_website&#8221;:&#8221;esportes&#8221;,&#8221;node_type&#8221;:&#8221;section&#8221;,&#8221;children&#8221;:[]},{&#8220;_id&#8221;:&#8221;\/futebol\/times\/resende&#8221;,&#8221;website&#8221;:&#8221;esportes&#8221;,&#8221;name&#8221;:&#8221;Resende&#8221;,&#8221;navigation&#8221;:{&#8220;nav_title&#8221;:&#8221;Resende&#8221;},&#8221;parent&#8221;:{&#8220;default&#8221;:&#8221;\/futebol\/times&#8221;,&#8221;header&#8221;:&#8221;\/futebol\/times&#8221;},&#8221;_admin&#8221;:{&#8220;alias_ids&#8221;:[&#8220;\/futebol\/times\/resende&#8221;]},&#8221;site&#8221;:{&#8220;site_description&#8221;:&#8221;&#8221;,&#8221;site_title&#8221;:&#8221;Resende&#8221;},&#8221;inactive&#8221;:false,&#8221;SEO&#8221;:{&#8220;seo_tags&#8221;:[]},&#8221;site_topper&#8221;:{},&#8221;is_grouping&#8221;:&#8221;false&#8221;,&#8221;_website&#8221;:&#8221;esportes&#8221;,&#8221;node_type&#8221;:&#8221;section&#8221;,&#8221;children&#8221;:[]},{&#8220;_id&#8221;:&#8221;\/futebol\/times\/sampaio-correa&#8221;,&#8221;website&#8221;:&#8221;esportes&#8221;,&#8221;name&#8221;:&#8221;Sampaio Corr\u00eaa&#8221;,&#8221;navigation&#8221;:{&#8220;nav_title&#8221;:&#8221;Sampaio Corr\u00eaa&#8221;},&#8221;parent&#8221;:{&#8220;default&#8221;:&#8221;\/futebol\/times&#8221;,&#8221;header&#8221;:&#8221;\/futebol\/times&#8221;},&#8221;_admin&#8221;:{&#8220;alias_ids&#8221;:[&#8220;\/futebol\/times\/sampaio-correa&#8221;]},&#8221;site&#8221;:{&#8220;site_description&#8221;:&#8221;&#8221;,&#8221;site_title&#8221;:&#8221;Sampaio Corr\u00eaa&#8221;},&#8221;inactive&#8221;:false,&#8221;SEO&#8221;:{&#8220;seo_tags&#8221;:[]},&#8221;site_topper&#8221;:{},&#8221;is_grouping&#8221;:&#8221;false&#8221;,&#8221;_website&#8221;:&#8221;esportes&#8221;,&#8221;node_type&#8221;:&#8221;section&#8221;,&#8221;children&#8221;:[]},{&#8220;_id&#8221;:&#8221;\/futebol\/times\/santa-cruz&#8221;,&#8221;website&#8221;:&#8221;esportes&#8221;,&#8221;name&#8221;:&#8221;Santa Cruz&#8221;,&#8221;navigation&#8221;:{&#8220;nav_title&#8221;:&#8221;Santa Cruz&#8221;},&#8221;parent&#8221;:{&#8220;default&#8221;:&#8221;\/futebol\/times&#8221;,&#8221;header&#8221;:&#8221;\/futebol\/times&#8221;},&#8221;_admin&#8221;:{&#8220;alias_ids&#8221;:[&#8220;\/futebol\/times\/santa-cruz&#8221;]},&#8221;site&#8221;:{&#8220;site_description&#8221;:&#8221;&#8221;,&#8221;site_title&#8221;:&#8221;Santa Cruz&#8221;},&#8221;inactive&#8221;:false,&#8221;SEO&#8221;:{&#8220;seo_tags&#8221;:[]},&#8221;site_topper&#8221;:{},&#8221;is_grouping&#8221;:&#8221;false&#8221;,&#8221;_website&#8221;:&#8221;esportes&#8221;,&#8221;node_type&#8221;:&#8221;section&#8221;,&#8221;children&#8221;:[]},{&#8220;_id&#8221;:&#8221;\/futebol\/times\/santo-andre&#8221;,&#8221;website&#8221;:&#8221;esportes&#8221;,&#8221;name&#8221;:&#8221;Santo Andr\u00e9&#8221;,&#8221;navigation&#8221;:{&#8220;nav_title&#8221;:&#8221;Santo Andr\u00e9&#8221;},&#8221;parent&#8221;:{&#8220;default&#8221;:&#8221;\/futebol\/times&#8221;,&#8221;header&#8221;:&#8221;\/futebol\/times&#8221;},&#8221;_admin&#8221;:{&#8220;alias_ids&#8221;:[&#8220;\/futebol\/times\/santo-andre&#8221;]},&#8221;site&#8221;:{&#8220;site_description&#8221;:&#8221;&#8221;,&#8221;site_title&#8221;:&#8221;Santo Andr\u00e9&#8221;},&#8221;inactive&#8221;:false,&#8221;SEO&#8221;:{&#8220;seo_tags&#8221;:[]},&#8221;site_topper&#8221;:{},&#8221;is_grouping&#8221;:&#8221;false&#8221;,&#8221;_website&#8221;:&#8221;esportes&#8221;,&#8221;node_type&#8221;:&#8221;section&#8221;,&#8221;children&#8221;:[]},{&#8220;_id&#8221;:&#8221;\/futebol\/times\/santos&#8221;,&#8221;_website&#8221;:&#8221;esportes&#8221;,&#8221;name&#8221;:&#8221;Santos&#8221;,&#8221;inactive&#8221;:false,&#8221;parent&#8221;:{&#8220;default&#8221;:&#8221;\/futebol\/times&#8221;,&#8221;header&#8221;:&#8221;\/futebol\/times&#8221;},&#8221;SEO&#8221;:{&#8220;seo_tags&#8221;:[]},&#8221;_admin&#8221;:{&#8220;alias_ids&#8221;:[&#8220;\/futebol\/times\/santos&#8221;]},&#8221;navigation&#8221;:{&#8220;nav_title&#8221;:&#8221;Santos&#8221;},&#8221;newsletter&#8221;:{&#8220;id&#8221;:&#8221;68484031b8b9d10001c4f8ba&#8221;},&#8221;site&#8221;:{&#8220;site_description&#8221;:null,&#8221;site_title&#8221;:&#8221;Santos&#8221;},&#8221;is_grouping&#8221;:&#8221;false&#8221;,&#8221;node_type&#8221;:&#8221;section&#8221;,&#8221;children&#8221;:[]},{&#8220;_id&#8221;:&#8221;\/futebol\/times\/sao-bento&#8221;,&#8221;website&#8221;:&#8221;esportes&#8221;,&#8221;name&#8221;:&#8221;S\u00e3o Bento&#8221;,&#8221;navigation&#8221;:{&#8220;nav_title&#8221;:&#8221;S\u00e3o Bento&#8221;},&#8221;parent&#8221;:{&#8220;default&#8221;:&#8221;\/futebol\/times&#8221;,&#8221;header&#8221;:&#8221;\/futebol\/times&#8221;},&#8221;_admin&#8221;:{&#8220;alias_ids&#8221;:[&#8220;\/futebol\/times\/sao-bento&#8221;]},&#8221;site&#8221;:{&#8220;site_description&#8221;:&#8221;&#8221;,&#8221;site_title&#8221;:&#8221;S\u00e3o Bento&#8221;},&#8221;inactive&#8221;:false,&#8221;SEO&#8221;:{&#8220;seo_tags&#8221;:[]},&#8221;site_topper&#8221;:{},&#8221;is_grouping&#8221;:&#8221;false&#8221;,&#8221;_website&#8221;:&#8221;esportes&#8221;,&#8221;node_type&#8221;:&#8221;section&#8221;,&#8221;children&#8221;:[]},{&#8220;_id&#8221;:&#8221;\/futebol\/times\/sao-bernardo&#8221;,&#8221;website&#8221;:&#8221;esportes&#8221;,&#8221;name&#8221;:&#8221;S\u00e3o Bernardo&#8221;,&#8221;navigation&#8221;:{&#8220;nav_title&#8221;:&#8221;S\u00e3o Bernardo&#8221;},&#8221;parent&#8221;:{&#8220;default&#8221;:&#8221;\/futebol\/times&#8221;,&#8221;header&#8221;:&#8221;\/futebol\/times&#8221;},&#8221;_admin&#8221;:{&#8220;alias_ids&#8221;:[&#8220;\/futebol\/times\/sao-bernardo&#8221;]},&#8221;site&#8221;:{&#8220;site_description&#8221;:&#8221;&#8221;,&#8221;site_title&#8221;:&#8221;S\u00e3o Bernardo&#8221;},&#8221;inactive&#8221;:false,&#8221;SEO&#8221;:{&#8220;seo_tags&#8221;:[]},&#8221;site_topper&#8221;:{},&#8221;is_grouping&#8221;:&#8221;false&#8221;,&#8221;_website&#8221;:&#8221;esportes&#8221;,&#8221;node_type&#8221;:&#8221;section&#8221;,&#8221;children&#8221;:[]},{&#8220;_id&#8221;:&#8221;\/futebol\/times\/sao-caetano&#8221;,&#8221;website&#8221;:&#8221;esportes&#8221;,&#8221;name&#8221;:&#8221;S\u00e3o Caetano&#8221;,&#8221;navigation&#8221;:{&#8220;nav_title&#8221;:&#8221;S\u00e3o Caetano&#8221;},&#8221;parent&#8221;:{&#8220;default&#8221;:&#8221;\/futebol\/times&#8221;,&#8221;header&#8221;:&#8221;\/futebol\/times&#8221;},&#8221;_admin&#8221;:{&#8220;alias_ids&#8221;:[&#8220;\/futebol\/times\/sao-caetano&#8221;]},&#8221;site&#8221;:{&#8220;site_description&#8221;:&#8221;&#8221;,&#8221;site_title&#8221;:&#8221;S\u00e3o Caetano&#8221;},&#8221;inactive&#8221;:false,&#8221;SEO&#8221;:{&#8220;seo_tags&#8221;:[]},&#8221;site_topper&#8221;:{},&#8221;is_grouping&#8221;:&#8221;false&#8221;,&#8221;_website&#8221;:&#8221;esportes&#8221;,&#8221;node_type&#8221;:&#8221;section&#8221;,&#8221;children&#8221;:[]},{&#8220;_id&#8221;:&#8221;\/futebol\/times\/sao-paulo&#8221;,&#8221;_website&#8221;:&#8221;esportes&#8221;,&#8221;name&#8221;:&#8221;S\u00e3o Paulo&#8221;,&#8221;inactive&#8221;:false,&#8221;parent&#8221;:{&#8220;default&#8221;:&#8221;\/futebol\/times&#8221;,&#8221;header&#8221;:&#8221;\/futebol\/times&#8221;},&#8221;SEO&#8221;:{&#8220;seo_tags&#8221;:[]},&#8221;_admin&#8221;:{&#8220;alias_ids&#8221;:[&#8220;\/futebol\/times\/sao-paulo&#8221;]},&#8221;navigation&#8221;:{&#8220;nav_title&#8221;:&#8221;S\u00e3o Paulo&#8221;},&#8221;newsletter&#8221;:{&#8220;id&#8221;:&#8221;68484031b8b9d10001c4f8ba&#8221;},&#8221;site&#8221;:{&#8220;site_description&#8221;:null,&#8221;site_title&#8221;:&#8221;S\u00e3o Paulo&#8221;},&#8221;is_grouping&#8221;:&#8221;false&#8221;,&#8221;node_type&#8221;:&#8221;section&#8221;,&#8221;children&#8221;:[]},{&#8220;_id&#8221;:&#8221;\/futebol\/times\/sport&#8221;,&#8221;website&#8221;:&#8221;esportes&#8221;,&#8221;name&#8221;:&#8221;Sport&#8221;,&#8221;navigation&#8221;:{&#8220;nav_title&#8221;:&#8221;Sport&#8221;},&#8221;parent&#8221;:{&#8220;default&#8221;:&#8221;\/futebol\/times&#8221;,&#8221;header&#8221;:&#8221;\/futebol\/times&#8221;},&#8221;_admin&#8221;:{&#8220;alias_ids&#8221;:[&#8220;\/futebol\/times\/sport&#8221;]},&#8221;site&#8221;:{&#8220;site_description&#8221;:&#8221;&#8221;,&#8221;site_title&#8221;:&#8221;Sport&#8221;},&#8221;inactive&#8221;:false,&#8221;SEO&#8221;:{&#8220;seo_tags&#8221;:[]},&#8221;site_topper&#8221;:{},&#8221;is_grouping&#8221;:&#8221;false&#8221;,&#8221;_website&#8221;:&#8221;esportes&#8221;,&#8221;node_type&#8221;:&#8221;section&#8221;,&#8221;children&#8221;:[]},{&#8220;_id&#8221;:&#8221;\/futebol\/times\/tombense&#8221;,&#8221;website&#8221;:&#8221;esportes&#8221;,&#8221;name&#8221;:&#8221;Tombense&#8221;,&#8221;navigation&#8221;:{&#8220;nav_title&#8221;:&#8221;Tombense&#8221;},&#8221;parent&#8221;:{&#8220;default&#8221;:&#8221;\/futebol\/times&#8221;,&#8221;header&#8221;:&#8221;\/futebol\/times&#8221;},&#8221;_admin&#8221;:{&#8220;alias_ids&#8221;:[&#8220;\/futebol\/times\/tombense&#8221;]},&#8221;site&#8221;:{&#8220;site_description&#8221;:&#8221;&#8221;,&#8221;site_title&#8221;:&#8221;Tombense&#8221;},&#8221;inactive&#8221;:false,&#8221;SEO&#8221;:{&#8220;seo_tags&#8221;:[]},&#8221;site_topper&#8221;:{},&#8221;is_grouping&#8221;:&#8221;false&#8221;,&#8221;_website&#8221;:&#8221;esportes&#8221;,&#8221;node_type&#8221;:&#8221;section&#8221;,&#8221;children&#8221;:[]},{&#8220;_id&#8221;:&#8221;\/futebol\/times\/tupi-mg&#8221;,&#8221;website&#8221;:&#8221;esportes&#8221;,&#8221;name&#8221;:&#8221;Tupi-MG&#8221;,&#8221;navigation&#8221;:{&#8220;nav_title&#8221;:&#8221;Tupi-MG&#8221;},&#8221;parent&#8221;:{&#8220;default&#8221;:&#8221;\/futebol\/times&#8221;,&#8221;header&#8221;:&#8221;\/futebol\/times&#8221;},&#8221;_admin&#8221;:{&#8220;alias_ids&#8221;:[&#8220;\/futebol\/times\/tupi-mg&#8221;]},&#8221;site&#8221;:{&#8220;site_description&#8221;:&#8221;&#8221;,&#8221;site_title&#8221;:&#8221;Tupi-MG&#8221;},&#8221;inactive&#8221;:false,&#8221;SEO&#8221;:{&#8220;seo_tags&#8221;:[]},&#8221;site_topper&#8221;:{},&#8221;is_grouping&#8221;:&#8221;false&#8221;,&#8221;_website&#8221;:&#8221;esportes&#8221;,&#8221;node_type&#8221;:&#8221;section&#8221;,&#8221;children&#8221;:[]},{&#8220;_id&#8221;:&#8221;\/futebol\/times\/vasco&#8221;,&#8221;_website&#8221;:&#8221;esportes&#8221;,&#8221;name&#8221;:&#8221;Vasco&#8221;,&#8221;inactive&#8221;:false,&#8221;parent&#8221;:{&#8220;default&#8221;:&#8221;\/futebol\/times&#8221;,&#8221;header&#8221;:&#8221;\/futebol\/times&#8221;},&#8221;SEO&#8221;:{&#8220;seo_tags&#8221;:[]},&#8221;_admin&#8221;:{&#8220;alias_ids&#8221;:[&#8220;\/futebol\/times\/vasco&#8221;]},&#8221;navigation&#8221;:{&#8220;nav_title&#8221;:&#8221;Vasco&#8221;},&#8221;newsletter&#8221;:{&#8220;id&#8221;:&#8221;68484031b8b9d10001c4f8ba&#8221;},&#8221;site&#8221;:{&#8220;site_description&#8221;:null,&#8221;site_title&#8221;:&#8221;Vasco&#8221;},&#8221;is_grouping&#8221;:&#8221;false&#8221;,&#8221;node_type&#8221;:&#8221;section&#8221;,&#8221;children&#8221;:[]},{&#8220;_id&#8221;:&#8221;\/futebol\/times\/vila-nova-go&#8221;,&#8221;website&#8221;:&#8221;esportes&#8221;,&#8221;name&#8221;:&#8221;Vila Nova-GO&#8221;,&#8221;navigation&#8221;:{&#8220;nav_title&#8221;:&#8221;Vila Nova-GO&#8221;},&#8221;parent&#8221;:{&#8220;default&#8221;:&#8221;\/futebol\/times&#8221;,&#8221;header&#8221;:&#8221;\/futebol\/times&#8221;},&#8221;_admin&#8221;:{&#8220;alias_ids&#8221;:[&#8220;\/futebol\/times\/vila-nova-go&#8221;]},&#8221;site&#8221;:{&#8220;site_description&#8221;:&#8221;&#8221;,&#8221;site_title&#8221;:&#8221;Vila Nova-GO&#8221;},&#8221;inactive&#8221;:false,&#8221;SEO&#8221;:{&#8220;seo_tags&#8221;:[]},&#8221;site_topper&#8221;:{},&#8221;is_grouping&#8221;:&#8221;false&#8221;,&#8221;_website&#8221;:&#8221;esportes&#8221;,&#8221;node_type&#8221;:&#8221;section&#8221;,&#8221;children&#8221;:[]},{&#8220;_id&#8221;:&#8221;\/futebol\/times\/vitoria&#8221;,&#8221;website&#8221;:&#8221;esportes&#8221;,&#8221;name&#8221;:&#8221;Vit\u00f3ria&#8221;,&#8221;navigation&#8221;:{&#8220;nav_title&#8221;:&#8221;Vit\u00f3ria&#8221;},&#8221;parent&#8221;:{&#8220;default&#8221;:&#8221;\/futebol\/times&#8221;,&#8221;header&#8221;:&#8221;\/futebol\/times&#8221;},&#8221;_admin&#8221;:{&#8220;alias_ids&#8221;:[&#8220;\/futebol\/times\/vitoria&#8221;]},&#8221;site&#8221;:{&#8220;site_description&#8221;:&#8221;&#8221;,&#8221;site_title&#8221;:&#8221;Vit\u00f3ria&#8221;},&#8221;inactive&#8221;:false,&#8221;SEO&#8221;:{&#8220;seo_tags&#8221;:[]},&#8221;site_topper&#8221;:{},&#8221;is_grouping&#8221;:&#8221;false&#8221;,&#8221;_website&#8221;:&#8221;esportes&#8221;,&#8221;node_type&#8221;:&#8221;section&#8221;,&#8221;children&#8221;:[]},{&#8220;_id&#8221;:&#8221;\/futebol\/times\/volta-redonda&#8221;,&#8221;website&#8221;:&#8221;esportes&#8221;,&#8221;name&#8221;:&#8221;Volta Redonda&#8221;,&#8221;navigation&#8221;:{&#8220;nav_title&#8221;:&#8221;Volta Redonda&#8221;},&#8221;parent&#8221;:{&#8220;default&#8221;:&#8221;\/futebol\/times&#8221;,&#8221;header&#8221;:&#8221;\/futebol\/times&#8221;},&#8221;_admin&#8221;:{&#8220;alias_ids&#8221;:[&#8220;\/futebol\/times\/volta-redonda&#8221;]},&#8221;site&#8221;:{&#8220;site_description&#8221;:&#8221;&#8221;,&#8221;site_title&#8221;:&#8221;Volta Redonda&#8221;},&#8221;inactive&#8221;:false,&#8221;SEO&#8221;:{&#8220;seo_tags&#8221;:[]},&#8221;site_topper&#8221;:{},&#8221;is_grouping&#8221;:&#8221;false&#8221;,&#8221;_website&#8221;:&#8221;esportes&#8221;,&#8221;node_type&#8221;:&#8221;section&#8221;,&#8221;children&#8221;:[]},{&#8220;_id&#8221;:&#8221;\/futebol\/times\/amazonas&#8221;,&#8221;_website&#8221;:&#8221;esportes&#8221;,&#8221;name&#8221;:&#8221;Amazonas&#8221;,&#8221;inactive&#8221;:false,&#8221;ancestors&#8221;:{&#8220;default&#8221;:[&#8220;https:\/\/esportes.r7.com\/futebol&#8221;,&#8221;\/futebol\/times&#8221;]},&#8221;parent&#8221;:{&#8220;default&#8221;:&#8221;\/futebol\/times&#8221;},&#8221;SEO&#8221;:{&#8220;og_image_id&#8221;:null,&#8221;seo_description&#8221;:null,&#8221;seo_tags&#8221;:[],&#8221;seo_title&#8221;:null,&#8221;title_hotsite&#8221;:null,&#8221;top_url&#8221;:null,&#8221;url_og_image&#8221;:null},&#8221;age_rating&#8221;:{&#8220;classificacao_etaria&#8221;:null},&#8221;age_rating_description&#8221;:{&#8220;atos_criminosos&#8221;:&#8221;false&#8221;,&#8221;conteudo_sexual&#8221;:&#8221;false&#8221;,&#8221;drogas&#8221;:&#8221;false&#8221;,&#8221;drogas_ilicitas&#8221;:&#8221;false&#8221;,&#8221;drogas_licitas&#8221;:&#8221;false&#8221;,&#8221;linguagem_impropria&#8221;:&#8221;false&#8221;,&#8221;medo&#8221;:&#8221;false&#8221;,&#8221;nudez&#8221;:&#8221;false&#8221;,&#8221;procedimentos_medicos&#8221;:&#8221;false&#8221;,&#8221;sexo_explicito&#8221;:&#8221;false&#8221;,&#8221;temas_sensiveis&#8221;:&#8221;false&#8221;,&#8221;violencia&#8221;:&#8221;false&#8221;,&#8221;violencia_extrema&#8221;:&#8221;false&#8221;,&#8221;violencia_fantasiosa&#8221;:&#8221;false&#8221;},&#8221;area_logada&#8221;:{&#8220;exclusive_content&#8221;:&#8221;false&#8221;},&#8221;navigation&#8221;:{&#8220;menu_url&#8221;:null,&#8221;nav_title&#8221;:null},&#8221;publicidade&#8221;:{&#8220;disable_adv&#8221;:&#8221;false&#8221;,&#8221;disable_audima_adv&#8221;:&#8221;false&#8221;,&#8221;disable_taboola&#8221;:&#8221;false&#8221;,&#8221;hash&#8221;:null},&#8221;site&#8221;:{&#8220;coupon_categories&#8221;:&#8221;departamentos&#8221;,&#8221;disable_refresh&#8221;:&#8221;4&#8243;,&#8221;enable_disclaimer&#8221;:&#8221;false&#8221;,&#8221;pagebuilder_path_for_native_apps&#8221;:null,&#8221;site_about&#8221;:null,&#8221;site_description&#8221;:null,&#8221;site_keywords&#8221;:null,&#8221;site_tagline&#8221;:null,&#8221;site_title&#8221;:null,&#8221;site_url&#8221;:null},&#8221;site_topper&#8221;:{&#8220;section_header_image&#8221;:null,&#8221;section_header_image_id&#8221;:null,&#8221;section_header_image_mobile&#8221;:null,&#8221;section_header_image_mobile_id&#8221;:null,&#8221;section_left_color_top&#8221;:null,&#8221;section_primary_color&#8221;:null,&#8221;section_right_color_top&#8221;:null,&#8221;site_logo_image&#8221;:null},&#8221;social&#8221;:{&#8220;facebook&#8221;:null,&#8221;instagram&#8221;:null,&#8221;kwai&#8221;:null,&#8221;rss&#8221;:null,&#8221;twitter&#8221;:null},&#8221;ultimas&#8221;:{&#8220;tab_ultimas&#8221;:[]},&#8221;is_grouping&#8221;:&#8221;false&#8221;,&#8221;node_type&#8221;:&#8221;section&#8221;,&#8221;children&#8221;:[]},{&#8220;_id&#8221;:&#8221;\/futebol\/times\/athletic-club&#8221;,&#8221;_website&#8221;:&#8221;esportes&#8221;,&#8221;name&#8221;:&#8221;Athletic Club&#8221;,&#8221;inactive&#8221;:false,&#8221;ancestors&#8221;:{&#8220;default&#8221;:[&#8220;https:\/\/esportes.r7.com\/futebol&#8221;,&#8221;\/futebol\/times&#8221;]},&#8221;parent&#8221;:{&#8220;default&#8221;:&#8221;\/futebol\/times&#8221;},&#8221;SEO&#8221;:{&#8220;og_image_id&#8221;:null,&#8221;seo_description&#8221;:null,&#8221;seo_tags&#8221;:[],&#8221;seo_title&#8221;:null,&#8221;title_hotsite&#8221;:null,&#8221;top_url&#8221;:null,&#8221;url_og_image&#8221;:null},&#8221;age_rating&#8221;:{&#8220;classificacao_etaria&#8221;:null},&#8221;age_rating_description&#8221;:{&#8220;atos_criminosos&#8221;:&#8221;false&#8221;,&#8221;conteudo_sexual&#8221;:&#8221;false&#8221;,&#8221;drogas&#8221;:&#8221;false&#8221;,&#8221;drogas_ilicitas&#8221;:&#8221;false&#8221;,&#8221;drogas_licitas&#8221;:&#8221;false&#8221;,&#8221;linguagem_impropria&#8221;:&#8221;false&#8221;,&#8221;medo&#8221;:&#8221;false&#8221;,&#8221;nudez&#8221;:&#8221;false&#8221;,&#8221;procedimentos_medicos&#8221;:&#8221;false&#8221;,&#8221;sexo_explicito&#8221;:&#8221;false&#8221;,&#8221;temas_sensiveis&#8221;:&#8221;false&#8221;,&#8221;violencia&#8221;:&#8221;false&#8221;,&#8221;violencia_extrema&#8221;:&#8221;false&#8221;,&#8221;violencia_fantasiosa&#8221;:&#8221;false&#8221;},&#8221;area_logada&#8221;:{&#8220;exclusive_content&#8221;:&#8221;false&#8221;},&#8221;navigation&#8221;:{&#8220;menu_url&#8221;:null,&#8221;nav_title&#8221;:null},&#8221;publicidade&#8221;:{&#8220;disable_adv&#8221;:&#8221;false&#8221;,&#8221;disable_audima_adv&#8221;:&#8221;false&#8221;,&#8221;disable_taboola&#8221;:&#8221;false&#8221;,&#8221;hash&#8221;:null},&#8221;site&#8221;:{&#8220;coupon_categories&#8221;:&#8221;departamentos&#8221;,&#8221;disable_refresh&#8221;:&#8221;4&#8243;,&#8221;enable_disclaimer&#8221;:&#8221;false&#8221;,&#8221;pagebuilder_path_for_native_apps&#8221;:null,&#8221;site_about&#8221;:null,&#8221;site_description&#8221;:null,&#8221;site_keywords&#8221;:null,&#8221;site_tagline&#8221;:null,&#8221;site_title&#8221;:null,&#8221;site_url&#8221;:null},&#8221;site_topper&#8221;:{&#8220;section_header_image&#8221;:null,&#8221;section_header_image_id&#8221;:null,&#8221;section_header_image_mobile&#8221;:null,&#8221;section_header_image_mobile_id&#8221;:null,&#8221;section_left_color_top&#8221;:null,&#8221;section_primary_color&#8221;:null,&#8221;section_right_color_top&#8221;:null,&#8221;site_logo_image&#8221;:null},&#8221;social&#8221;:{&#8220;facebook&#8221;:null,&#8221;instagram&#8221;:null,&#8221;kwai&#8221;:null,&#8221;rss&#8221;:null,&#8221;twitter&#8221;:null},&#8221;ultimas&#8221;:{&#8220;tab_ultimas&#8221;:[]},&#8221;is_grouping&#8221;:&#8221;false&#8221;,&#8221;node_type&#8221;:&#8221;section&#8221;,&#8221;children&#8221;:[]},{&#8220;_id&#8221;:&#8221;\/futebol\/times\/capivariano&#8221;,&#8221;_website&#8221;:&#8221;esportes&#8221;,&#8221;name&#8221;:&#8221;Capivariano&#8221;,&#8221;inactive&#8221;:false,&#8221;ancestors&#8221;:{&#8220;default&#8221;:[&#8220;https:\/\/esportes.r7.com\/futebol&#8221;,&#8221;\/futebol\/times&#8221;]},&#8221;parent&#8221;:{&#8220;default&#8221;:&#8221;\/futebol\/times&#8221;},&#8221;SEO&#8221;:{&#8220;og_image_id&#8221;:null,&#8221;seo_description&#8221;:&#8221;Capivariano&#8221;,&#8221;seo_tags&#8221;:[],&#8221;seo_title&#8221;:&#8221;Capivariano&#8221;,&#8221;title_hotsite&#8221;:null,&#8221;top_url&#8221;:null,&#8221;url_og_image&#8221;:null},&#8221;age_rating&#8221;:{&#8220;classificacao_etaria&#8221;:null},&#8221;age_rating_description&#8221;:{&#8220;atos_criminosos&#8221;:&#8221;false&#8221;,&#8221;conteudo_sexual&#8221;:&#8221;false&#8221;,&#8221;drogas&#8221;:&#8221;false&#8221;,&#8221;drogas_ilicitas&#8221;:&#8221;false&#8221;,&#8221;drogas_licitas&#8221;:&#8221;false&#8221;,&#8221;linguagem_impropria&#8221;:&#8221;false&#8221;,&#8221;medo&#8221;:&#8221;false&#8221;,&#8221;nudez&#8221;:&#8221;false&#8221;,&#8221;procedimentos_medicos&#8221;:&#8221;false&#8221;,&#8221;sexo_explicito&#8221;:&#8221;false&#8221;,&#8221;temas_sensiveis&#8221;:&#8221;false&#8221;,&#8221;violencia&#8221;:&#8221;false&#8221;,&#8221;violencia_extrema&#8221;:&#8221;false&#8221;,&#8221;violencia_fantasiosa&#8221;:&#8221;false&#8221;},&#8221;area_logada&#8221;:{&#8220;exclusive_content&#8221;:&#8221;false&#8221;},&#8221;navigation&#8221;:{&#8220;menu_url&#8221;:null,&#8221;nav_title&#8221;:null},&#8221;newsletter&#8221;:{&#8220;id&#8221;:null},&#8221;publicidade&#8221;:{&#8220;disable_adv&#8221;:&#8221;false&#8221;,&#8221;disable_audima_adv&#8221;:&#8221;false&#8221;,&#8221;disable_taboola&#8221;:&#8221;false&#8221;,&#8221;hash&#8221;:null},&#8221;site&#8221;:{&#8220;coupon_categories&#8221;:&#8221;departamentos&#8221;,&#8221;disable_refresh&#8221;:&#8221;4&#8243;,&#8221;enable_disclaimer&#8221;:&#8221;false&#8221;,&#8221;pagebuilder_path_for_native_apps&#8221;:null,&#8221;site_about&#8221;:null,&#8221;site_description&#8221;:null,&#8221;site_keywords&#8221;:null,&#8221;site_tagline&#8221;:null,&#8221;site_title&#8221;:null,&#8221;site_url&#8221;:null},&#8221;site_topper&#8221;:{&#8220;section_header_image&#8221;:null,&#8221;section_header_image_id&#8221;:null,&#8221;section_header_image_mobile&#8221;:null,&#8221;section_header_image_mobile_id&#8221;:null,&#8221;section_left_color_top&#8221;:null,&#8221;section_primary_color&#8221;:null,&#8221;section_right_color_top&#8221;:null,&#8221;site_logo_image&#8221;:null},&#8221;social&#8221;:{&#8220;facebook&#8221;:null,&#8221;instagram&#8221;:null,&#8221;kwai&#8221;:null,&#8221;rss&#8221;:null,&#8221;twitter&#8221;:null},&#8221;ultimas&#8221;:{&#8220;tab_ultimas&#8221;:[]},&#8221;is_grouping&#8221;:&#8221;false&#8221;,&#8221;node_type&#8221;:&#8221;section&#8221;,&#8221;children&#8221;:[]},{&#8220;_id&#8221;:&#8221;\/futebol\/times\/ec-noroeste&#8221;,&#8221;_website&#8221;:&#8221;esportes&#8221;,&#8221;name&#8221;:&#8221;EC Noroeste&#8221;,&#8221;inactive&#8221;:false,&#8221;ancestors&#8221;:{&#8220;default&#8221;:[&#8220;https:\/\/esportes.r7.com\/futebol&#8221;,&#8221;\/futebol\/times&#8221;]},&#8221;parent&#8221;:{&#8220;default&#8221;:&#8221;\/futebol\/times&#8221;},&#8221;SEO&#8221;:{&#8220;og_image_id&#8221;:null,&#8221;seo_description&#8221;:&#8221;EC Noroeste&#8221;,&#8221;seo_tags&#8221;:[],&#8221;seo_title&#8221;:&#8221;EC Noroeste&#8221;,&#8221;title_hotsite&#8221;:null,&#8221;top_url&#8221;:null,&#8221;url_og_image&#8221;:null},&#8221;age_rating&#8221;:{&#8220;classificacao_etaria&#8221;:null},&#8221;age_rating_description&#8221;:{&#8220;atos_criminosos&#8221;:&#8221;false&#8221;,&#8221;conteudo_sexual&#8221;:&#8221;false&#8221;,&#8221;drogas&#8221;:&#8221;false&#8221;,&#8221;drogas_ilicitas&#8221;:&#8221;false&#8221;,&#8221;drogas_licitas&#8221;:&#8221;false&#8221;,&#8221;linguagem_impropria&#8221;:&#8221;false&#8221;,&#8221;medo&#8221;:&#8221;false&#8221;,&#8221;nudez&#8221;:&#8221;false&#8221;,&#8221;procedimentos_medicos&#8221;:&#8221;false&#8221;,&#8221;sexo_explicito&#8221;:&#8221;false&#8221;,&#8221;temas_sensiveis&#8221;:&#8221;false&#8221;,&#8221;violencia&#8221;:&#8221;false&#8221;,&#8221;violencia_extrema&#8221;:&#8221;false&#8221;,&#8221;violencia_fantasiosa&#8221;:&#8221;false&#8221;},&#8221;area_logada&#8221;:{&#8220;exclusive_content&#8221;:&#8221;false&#8221;},&#8221;navigation&#8221;:{&#8220;menu_url&#8221;:null,&#8221;nav_title&#8221;:null},&#8221;newsletter&#8221;:{&#8220;id&#8221;:null},&#8221;publicidade&#8221;:{&#8220;disable_adv&#8221;:&#8221;false&#8221;,&#8221;disable_audima_adv&#8221;:&#8221;false&#8221;,&#8221;disable_taboola&#8221;:&#8221;false&#8221;,&#8221;hash&#8221;:null},&#8221;site&#8221;:{&#8220;coupon_categories&#8221;:&#8221;departamentos&#8221;,&#8221;disable_refresh&#8221;:&#8221;4&#8243;,&#8221;enable_disclaimer&#8221;:&#8221;false&#8221;,&#8221;pagebuilder_path_for_native_apps&#8221;:null,&#8221;site_about&#8221;:null,&#8221;site_description&#8221;:null,&#8221;site_keywords&#8221;:null,&#8221;site_tagline&#8221;:null,&#8221;site_title&#8221;:null,&#8221;site_url&#8221;:null},&#8221;site_topper&#8221;:{&#8220;section_header_image&#8221;:null,&#8221;section_header_image_id&#8221;:null,&#8221;section_header_image_mobile&#8221;:null,&#8221;section_header_image_mobile_id&#8221;:null,&#8221;section_left_color_top&#8221;:null,&#8221;section_primary_color&#8221;:null,&#8221;section_right_color_top&#8221;:null,&#8221;site_logo_image&#8221;:null},&#8221;social&#8221;:{&#8220;facebook&#8221;:null,&#8221;instagram&#8221;:null,&#8221;kwai&#8221;:null,&#8221;rss&#8221;:null,&#8221;twitter&#8221;:null},&#8221;ultimas&#8221;:{&#8220;tab_ultimas&#8221;:[]},&#8221;is_grouping&#8221;:&#8221;false&#8221;,&#8221;node_type&#8221;:&#8221;section&#8221;,&#8221;children&#8221;:[]},{&#8220;_id&#8221;:&#8221;\/futebol\/times\/ec-primavera&#8221;,&#8221;_website&#8221;:&#8221;esportes&#8221;,&#8221;name&#8221;:&#8221;EC Primavera&#8221;,&#8221;inactive&#8221;:false,&#8221;ancestors&#8221;:{&#8220;default&#8221;:[&#8220;https:\/\/esportes.r7.com\/futebol&#8221;,&#8221;\/futebol\/times&#8221;]},&#8221;parent&#8221;:{&#8220;default&#8221;:&#8221;\/futebol\/times&#8221;},&#8221;SEO&#8221;:{&#8220;og_image_id&#8221;:null,&#8221;seo_description&#8221;:&#8221;EC Primavera&#8221;,&#8221;seo_tags&#8221;:[],&#8221;seo_title&#8221;:&#8221;EC Primavera&#8221;,&#8221;title_hotsite&#8221;:null,&#8221;top_url&#8221;:null,&#8221;url_og_image&#8221;:null},&#8221;age_rating&#8221;:{&#8220;classificacao_etaria&#8221;:null},&#8221;age_rating_description&#8221;:{&#8220;atos_criminosos&#8221;:&#8221;false&#8221;,&#8221;conteudo_sexual&#8221;:&#8221;false&#8221;,&#8221;drogas&#8221;:&#8221;false&#8221;,&#8221;drogas_ilicitas&#8221;:&#8221;false&#8221;,&#8221;drogas_licitas&#8221;:&#8221;false&#8221;,&#8221;linguagem_impropria&#8221;:&#8221;false&#8221;,&#8221;medo&#8221;:&#8221;false&#8221;,&#8221;nudez&#8221;:&#8221;false&#8221;,&#8221;procedimentos_medicos&#8221;:&#8221;false&#8221;,&#8221;sexo_explicito&#8221;:&#8221;false&#8221;,&#8221;temas_sensiveis&#8221;:&#8221;false&#8221;,&#8221;violencia&#8221;:&#8221;false&#8221;,&#8221;violencia_extrema&#8221;:&#8221;false&#8221;,&#8221;violencia_fantasiosa&#8221;:&#8221;false&#8221;},&#8221;area_logada&#8221;:{&#8220;exclusive_content&#8221;:&#8221;false&#8221;},&#8221;navigation&#8221;:{&#8220;menu_url&#8221;:null,&#8221;nav_title&#8221;:null},&#8221;newsletter&#8221;:{&#8220;id&#8221;:null},&#8221;publicidade&#8221;:{&#8220;disable_adv&#8221;:&#8221;false&#8221;,&#8221;disable_audima_adv&#8221;:&#8221;false&#8221;,&#8221;disable_taboola&#8221;:&#8221;false&#8221;,&#8221;hash&#8221;:null},&#8221;site&#8221;:{&#8220;coupon_categories&#8221;:&#8221;departamentos&#8221;,&#8221;disable_refresh&#8221;:&#8221;4&#8243;,&#8221;enable_disclaimer&#8221;:&#8221;false&#8221;,&#8221;pagebuilder_path_for_native_apps&#8221;:null,&#8221;site_about&#8221;:null,&#8221;site_description&#8221;:null,&#8221;site_keywords&#8221;:null,&#8221;site_tagline&#8221;:null,&#8221;site_title&#8221;:null,&#8221;site_url&#8221;:null},&#8221;site_topper&#8221;:{&#8220;section_header_image&#8221;:null,&#8221;section_header_image_id&#8221;:null,&#8221;section_header_image_mobile&#8221;:null,&#8221;section_header_image_mobile_id&#8221;:null,&#8221;section_left_color_top&#8221;:null,&#8221;section_primary_color&#8221;:null,&#8221;section_right_color_top&#8221;:null,&#8221;site_logo_image&#8221;:null},&#8221;social&#8221;:{&#8220;facebook&#8221;:null,&#8221;instagram&#8221;:null,&#8221;kwai&#8221;:null,&#8221;rss&#8221;:null,&#8221;twitter&#8221;:null},&#8221;ultimas&#8221;:{&#8220;tab_ultimas&#8221;:[]},&#8221;is_grouping&#8221;:&#8221;false&#8221;,&#8221;node_type&#8221;:&#8221;section&#8221;,&#8221;children&#8221;:[]},{&#8220;_id&#8221;:&#8221;\/futebol\/times\/velo-clube&#8221;,&#8221;_website&#8221;:&#8221;esportes&#8221;,&#8221;name&#8221;:&#8221;Velo Clube&#8221;,&#8221;inactive&#8221;:false,&#8221;ancestors&#8221;:{&#8220;default&#8221;:[&#8220;https:\/\/esportes.r7.com\/futebol&#8221;,&#8221;\/futebol\/times&#8221;]},&#8221;parent&#8221;:{&#8220;default&#8221;:&#8221;\/futebol\/times&#8221;},&#8221;SEO&#8221;:{&#8220;og_image_id&#8221;:null,&#8221;seo_description&#8221;:&#8221;Velo Clube&#8221;,&#8221;seo_tags&#8221;:[],&#8221;seo_title&#8221;:&#8221;Velo Clube&#8221;,&#8221;title_hotsite&#8221;:null,&#8221;top_url&#8221;:null,&#8221;url_og_image&#8221;:null},&#8221;age_rating&#8221;:{&#8220;classificacao_etaria&#8221;:null},&#8221;age_rating_description&#8221;:{&#8220;atos_criminosos&#8221;:&#8221;false&#8221;,&#8221;conteudo_sexual&#8221;:&#8221;false&#8221;,&#8221;drogas&#8221;:&#8221;false&#8221;,&#8221;drogas_ilicitas&#8221;:&#8221;false&#8221;,&#8221;drogas_licitas&#8221;:&#8221;false&#8221;,&#8221;linguagem_impropria&#8221;:&#8221;false&#8221;,&#8221;medo&#8221;:&#8221;false&#8221;,&#8221;nudez&#8221;:&#8221;false&#8221;,&#8221;procedimentos_medicos&#8221;:&#8221;false&#8221;,&#8221;sexo_explicito&#8221;:&#8221;false&#8221;,&#8221;temas_sensiveis&#8221;:&#8221;false&#8221;,&#8221;violencia&#8221;:&#8221;false&#8221;,&#8221;violencia_extrema&#8221;:&#8221;false&#8221;,&#8221;violencia_fantasiosa&#8221;:&#8221;false&#8221;},&#8221;area_logada&#8221;:{&#8220;exclusive_content&#8221;:&#8221;false&#8221;},&#8221;navigation&#8221;:{&#8220;menu_url&#8221;:null,&#8221;nav_title&#8221;:null},&#8221;newsletter&#8221;:{&#8220;id&#8221;:null},&#8221;publicidade&#8221;:{&#8220;disable_adv&#8221;:&#8221;false&#8221;,&#8221;disable_audima_adv&#8221;:&#8221;false&#8221;,&#8221;disable_taboola&#8221;:&#8221;false&#8221;,&#8221;hash&#8221;:null},&#8221;site&#8221;:{&#8220;coupon_categories&#8221;:&#8221;departamentos&#8221;,&#8221;disable_refresh&#8221;:&#8221;4&#8243;,&#8221;enable_disclaimer&#8221;:&#8221;false&#8221;,&#8221;pagebuilder_path_for_native_apps&#8221;:null,&#8221;site_about&#8221;:null,&#8221;site_description&#8221;:null,&#8221;site_keywords&#8221;:null,&#8221;site_tagline&#8221;:null,&#8221;site_title&#8221;:null,&#8221;site_url&#8221;:null},&#8221;site_topper&#8221;:{&#8220;section_header_image&#8221;:null,&#8221;section_header_image_id&#8221;:null,&#8221;section_header_image_mobile&#8221;:null,&#8221;section_header_image_mobile_id&#8221;:null,&#8221;section_left_color_top&#8221;:null,&#8221;section_primary_color&#8221;:null,&#8221;section_right_color_top&#8221;:null,&#8221;site_logo_image&#8221;:null},&#8221;social&#8221;:{&#8220;facebook&#8221;:null,&#8221;instagram&#8221;:null,&#8221;kwai&#8221;:null,&#8221;rss&#8221;:null,&#8221;twitter&#8221;:null},&#8221;ultimas&#8221;:{&#8220;tab_ultimas&#8221;:[]},&#8221;is_grouping&#8221;:&#8221;false&#8221;,&#8221;node_type&#8221;:&#8221;section&#8221;,&#8221;children&#8221;:[]}]},&#8221;expires&#8221;:1770247053557,&#8221;lastModified&#8221;:1770246753409},&#8221;{\\&#8221;sectionId\\&#8221;:\\&#8221;\/futebol\/times\/corinthians\\&#8221;}&#8221;:{&#8220;data&#8221;:{&#8220;_id&#8221;:&#8221;\/futebol\/times\/corinthians&#8221;,&#8221;_website&#8221;:&#8221;esportes&#8221;,&#8221;name&#8221;:&#8221;Corinthians&#8221;,&#8221;inactive&#8221;:false,&#8221;parent&#8221;:{&#8220;default&#8221;:&#8221;\/futebol\/times&#8221;,&#8221;header&#8221;:&#8221;\/futebol\/times&#8221;},&#8221;SEO&#8221;:{&#8220;seo_tags&#8221;:[]},&#8221;_admin&#8221;:{&#8220;alias_ids&#8221;:[&#8220;\/futebol\/times\/corinthians&#8221;]},&#8221;navigation&#8221;:{&#8220;nav_title&#8221;:&#8221;Corinthians&#8221;},&#8221;newsletter&#8221;:{&#8220;id&#8221;:&#8221;68484031b8b9d10001c4f8ba&#8221;},&#8221;site&#8221;:{&#8220;site_description&#8221;:null,&#8221;site_title&#8221;:&#8221;Corinthians&#8221;},&#8221;is_grouping&#8221;:&#8221;false&#8221;,&#8221;node_type&#8221;:&#8221;section&#8221;,&#8221;children&#8221;:[]},&#8221;expires&#8221;:1770247195653,&#8221;lastModified&#8221;:1770246895518}},&#8221;site-prop&#8221;:{&#8220;{\\&#8221;path\\&#8221;:\\&#8221;site_topper.section_header_image\\&#8221;,\\&#8221;sectionId\\&#8221;:\\&#8221;\/futebol\\&#8221;}&#8221;:{&#8220;data&#8221;:{&#8220;SEO&#8221;:{&#8220;title_hotsite&#8221;:&#8221;BRASILEIRO 2022&#8243;,&#8221;top_url&#8221;:&#8221;https:\/\/esportes.r7.com\/&#8221;},&#8221;name&#8221;:&#8221;Futebol&#8221;,&#8221;site_topper&#8221;:{&#8220;section_header_image&#8221;:&#8221;https:\/\/img.r7.com\/images\/r7-esportes-17112023115349934&#8243;,&#8221;section_header_image_mobile&#8221;:&#8221;https:\/\/img.r7.com\/images\/r7-esportes-17112023115459066&#8243;,&#8221;section_left_color_top&#8221;:&#8221;#2B8047&#8243;,&#8221;section_right_color_top&#8221;:&#8221;#2B8047&#8243;},&#8221;_id&#8221;:&#8221;https:\/\/esportes.r7.com\/futebol&#8221;},&#8221;expires&#8221;:1770247157719,&#8221;lastModified&#8221;:1770246857668}},&#8221;photo-api&#8221;:{&#8220;{\\&#8221;_id\\&#8221;:\\&#8221;TREVSQW7ONHQBGK2HBMQNNF2C4\\&#8221;}&#8221;:{&#8220;data&#8221;:{&#8220;_id&#8221;:&#8221;TREVSQW7ONHQBGK2HBMQNNF2C4&#8243;,&#8221;type&#8221;:&#8221;image&#8221;,&#8221;url&#8221;:&#8221;https:\/\/cloudfront-us-east-1.images.arcpublishing.com\/newr7\/TREVSQW7ONHQBGK2HBMQNNF2C4.jpeg&#8221;,&#8221;height&#8221;:330,&#8221;width&#8221;:586,&#8221;auth&#8221;:{&#8220;1&#8243;:&#8221;375af4fde5673b59cdd27582cd22d116f9d3687aef8ad792d8897f6f7d46562c&#8221;},&#8221;subtitle&#8221;:&#8221;Memphis&#8221;,&#8221;caption&#8221;:&#8221;Foto: Rodrigo Coca\/Ag\u00eancia Corinthians&#8221;,&#8221;credits&#8221;:{&#8220;affiliation&#8221;:[{&#8220;name&#8221;:&#8221;Rodrigo Coca\/Ag\u00eancia Corinthians&#8221;,&#8221;type&#8221;:&#8221;author&#8221;}],&#8221;by&#8221;:[]}},&#8221;expires&#8221;:1770247035772,&#8221;lastModified&#8221;:1770246915735}},&#8221;content-feed-sections-subtypes&#8221;:{&#8220;{\\&#8221;feedOffset\\&#8221;:0,\\&#8221;feedSize\\&#8221;:15,\\&#8221;includeSections\\&#8221;:\\&#8221;\/futebol\\&#8221;,\\&#8221;type\\&#8221;:\\&#8221;story\\&#8221;}&#8221;:{&#8220;data&#8221;:{&#8220;type&#8221;:&#8221;results&#8221;,&#8221;version&#8221;:&#8221;0.6.0&#8243;,&#8221;content_elements&#8221;:[{&#8220;owner&#8221;:{&#8220;sponsored&#8221;:false,&#8221;id&#8221;:&#8221;newr7&#8243;},&#8221;content_elements&#8221;:[{&#8220;_id&#8221;:&#8221;27NIJP37EBEKREVP5WEZ3AM4EA&#8221;,&#8221;type&#8221;:&#8221;text&#8221;,&#8221;content&#8221;:&#8221;Prepare-se para uma imers\u00e3o completa no maior campeonato de futebol do Brasil. Nossa ferramenta \u00e9 intuitiva, gratuita e atualizada em tempo real com os jogos e a classifica\u00e7\u00e3o oficial. Chame os amigos, crie suas pr\u00f3prias disputas e compartilhe seus resultados nas redes sociais. A resenha sobre o futebol est\u00e1 garantida!&#8221;},{&#8220;_id&#8221;:&#8221;2EVAMOPLVVAWTMROEJNRTXFJRI&#8221;,&#8221;type&#8221;:&#8221;text&#8221;,&#8221;content&#8221;:&#8221;Como Funciona o Simulador do Brasileir\u00e3o?&#8221;},{&#8220;_id&#8221;:&#8221;XHJ462ZMMRENJIDP2AUA67WH34&#8243;,&#8221;type&#8221;:&#8221;text&#8221;,&#8221;content&#8221;:&#8221;\u00c9 muito simples! Com apenas alguns cliques, voc\u00ea pode:<\/p>\n<ul>\n<li>Simular todos os 380 jogos: D\u00ea seus palpites de vit\u00f3ria, empate ou derrota para cada partida do campeonato.  <\/li>\n<li>Acompanhar a classifica\u00e7\u00e3o ao vivo: A cada resultado inserido, a tabela \u00e9 automaticamente atualizada, mostrando a pontua\u00e7\u00e3o, o n\u00famero de vit\u00f3rias e o saldo de gols de cada equipe.  <\/li>\n<li>Salvar e compartilhar suas simula\u00e7\u00f5es: Crie diferentes cen\u00e1rios e compartilhe com seus amigos para ver quem acerta mais palpites. <\/li>\n<\/ul>\n<p>Mais que um Simples Palpite: Uma An\u00e1lise Completa&#8221;},{&#8220;_id&#8221;:&#8221;B3WKNO5LU5GSTKW6IZP4LZZEA4&#8243;,&#8221;type&#8221;:&#8221;text&#8221;,&#8221;content&#8221;:&#8221;Nosso simulador \u00e9 a ferramenta definitiva para os verdadeiros fan\u00e1ticos por futebol. Com ele, voc\u00ea pode ir al\u00e9m do simples palpite e analisar todas as possibilidades:<\/p>\n<ul>\n<li>Quem ser\u00e1 o campe\u00e3o? Simule as rodadas finais e veja as chances do seu time do cora\u00e7\u00e3o levantar o trof\u00e9u mais cobi\u00e7ado do pa\u00eds.  <\/li>\n<li>Briga pela Libertadores e Sul-Americana: Descubra quais equipes garantir\u00e3o uma vaga nas competi\u00e7\u00f5es continentais.  <\/li>\n<li>A Luta Contra o Rebaixamento: Palpite os confrontos diretos na parte de baixo da tabela e veja quem consegue se salvar da queda para a S\u00e9rie B.  <\/li>\n<\/ul>\n<p>N\u00e3o perca tempo! Acesse agora o nosso simulador do Campeonato Brasileiro S\u00e9rie A e mostre que voc\u00ea entende tudo de futebol. D\u00ea seus palpites, divirta-se e prepare a torcida!&#8221;},{&#8220;_id&#8221;:&#8221;UONHTXF2GRGKVN6YAL42GFMGA4&#8243;,&#8221;type&#8221;:&#8221;raw_html&#8221;,&#8221;content&#8221;:&#8221;\\n\\n<\/p>\n<p>\\n    \\n    \\n    \\n\\n<\/p>\n<p>\\n    \\n        \\n            \\n\\t    D\u00ea seus palpites, simule os resultados rodada a rodada e descubra quem ser\u00e1 o grande campe\u00e3o, os classificados para a Libertadores e os rebaixados para a S\u00e9rie B.\\n        \\n\\n        \\n\\t<\/p>\n<p>Navegue pelas rodadas utilizando os bot\u00f5es abaixo: <b>Atual<\/b> seleciona a rodada atual, <b>Aberta<\/b> seleciona a primeira rodada com jogos em aberto (adiados), as setas navegam para a rodada anterior ou pr\u00f3xima rodada.<\/p>\n<p>\\n\\t<\/p>\n<p>\u00a0<\/p>\n<p>\\n            <\/p>\n<p>\\n                \u25c4\\n\\t\\tAberta\\n                \\n                Atual\\n                \u25ba\\n            <\/p>\n<p>\\n\\n            \\n                <\/p>\n<p>\\n                    <\/p>\n<p>\\n                \\n\\t\\t    Classifica\u00e7\u00e3o\\n                    \\n                        \\n                            <\/p>\n<tr>\\n                                #\\n                                Equipe\\n                                P\\n                                J\\n                                V\\n                                E\\n                                D\\n                                GP\\n                                GC\\n                                SG\\n                            <\/tr>\n<p>\\n                        \\n                        \\n                            \\n                    \\n                     Compartilhar Classifica\u00e7\u00e3o Final\\n                \\n            \\n        \\n    \\n\\n    <\/p>\n<p>Texto copiado!<\/p>\n<p>\\n\\n    \\n    \\n]]><\/p>\n<p>\\n<\/p>\n<p><script async src=\"https:\/\/platform.twitter.com\/widgets.js\" charset=\"utf-8\"><\/script><script async src=\"\/\/www.instagram.com\/embed.js\"><\/script><script async src=\"\/\/www.tiktok.com\/embed.js\"><\/script><\/p>\n","protected":false},"excerpt":{"rendered":"\\n&#8221;,&#8221;type&#8221;:&#8221;raw_html&#8221;},{&#8220;_id&#8221;:&#8221;FP3ECVAOVFE27CPRAOIINMTYWQ&#8221;,&#8221;additional_properties&#8221;:{},&#8221;content&#8221;:&#8221;N\u00e3o perca nenhum lance! Siga o canal de esportes do R7, o portal de not\u00edcias da Record, no&hellip;\n","protected":false},"author":2,"featured_media":257135,"comment_status":"","ping_status":"","sticky":false,"template":"","format":"standard","meta":{"footnotes":"","_share_on_mastodon":"0"},"categories":[145],"tags":[211,210,7184,114,115,524,15889,32,33],"class_list":["post-257134","post","type-post","status-publish","format-standard","has-post-thumbnail","category-celebridades","tag-celebridades","tag-celebrities","tag-corinthians","tag-entertainment","tag-entretenimento","tag-futebol","tag-memphis-depay","tag-portugal","tag-pt"],"share_on_mastodon":{"url":"https:\/\/pubeurope.com\/@pt\/116014971799690989","error":""},"_links":{"self":[{"href":"https:\/\/www.europesays.com\/pt\/wp-json\/wp\/v2\/posts\/257134","targetHints":{"allow":["GET"]}}],"collection":[{"href":"https:\/\/www.europesays.com\/pt\/wp-json\/wp\/v2\/posts"}],"about":[{"href":"https:\/\/www.europesays.com\/pt\/wp-json\/wp\/v2\/types\/post"}],"author":[{"embeddable":true,"href":"https:\/\/www.europesays.com\/pt\/wp-json\/wp\/v2\/users\/2"}],"replies":[{"embeddable":true,"href":"https:\/\/www.europesays.com\/pt\/wp-json\/wp\/v2\/comments?post=257134"}],"version-history":[{"count":0,"href":"https:\/\/www.europesays.com\/pt\/wp-json\/wp\/v2\/posts\/257134\/revisions"}],"wp:featuredmedia":[{"embeddable":true,"href":"https:\/\/www.europesays.com\/pt\/wp-json\/wp\/v2\/media\/257135"}],"wp:attachment":[{"href":"https:\/\/www.europesays.com\/pt\/wp-json\/wp\/v2\/media?parent=257134"}],"wp:term":[{"taxonomy":"category","embeddable":true,"href":"https:\/\/www.europesays.com\/pt\/wp-json\/wp\/v2\/categories?post=257134"},{"taxonomy":"post_tag","embeddable":true,"href":"https:\/\/www.europesays.com\/pt\/wp-json\/wp\/v2\/tags?post=257134"}],"curies":[{"name":"wp","href":"https:\/\/api.w.org\/{rel}","templated":true}]}}