{"id":257289,"date":"2026-02-05T02:34:09","date_gmt":"2026-02-05T02:34:09","guid":{"rendered":"https:\/\/www.europesays.com\/pt\/257289\/"},"modified":"2026-02-05T02:34:09","modified_gmt":"2026-02-05T02:34:09","slug":"apos-saida-de-joaquin-phoenix-pedro-pascal-e-confirmado-em-novo-romance-de-todd-haynes","status":"publish","type":"post","link":"https:\/\/www.europesays.com\/pt\/257289\/","title":{"rendered":"Ap\u00f3s sa\u00edda de Joaquin Phoenix, Pedro Pascal \u00e9 confirmado em novo romance de Todd Haynes"},"content":{"rendered":"<p class=\"wp-block-yoast-seo-estimated-reading-time yoast-reading-time__wrapper\">Estimated reading time: 2 minutos<\/p>\n<p>O aguardado projeto do aclamado diretor <strong>Todd Haynes<\/strong> (<strong>Segredos de um Esc\u00e2ndalo<\/strong>), intitulado <strong>De Noche<\/strong>, foi oficialmente <strong>&#8220;ressuscitado&#8221;<\/strong>. Ap\u00f3s ter seu futuro amea\u00e7ado pela sa\u00edda abrupta de <strong>Joaquin Phoenix<\/strong> no ano passado, o filme confirmou <a href=\"https:\/\/ovicio.com.br\/tag\/pedro-pascal\/\" rel=\"nofollow noopener\" target=\"_blank\">Pedro Pascal<\/a> como o novo protagonista.<\/p>\n<p><strong>Pascal<\/strong> assumir\u00e1 o papel de um policial na Los Angeles da d\u00e9cada de 1930. A trama girar\u00e1 em torno de seu romance com um professor, personagem que ser\u00e1 interpretado por <strong>Danny Ramirez<\/strong> (<strong>Top Gun: Maverick<\/strong>).<\/p>\n<p>Com roteiro de <strong>Jon Raymond<\/strong>, a obra \u00e9 descrita como um thriller noir com atmosfera semelhante \u00e0 do cl\u00e1ssico <strong>Chinatown<\/strong> (1974). A produ\u00e7\u00e3o \u00e9 da francesa <strong>MK2 Films<\/strong>, mesma coprodutora do brasileiro <strong>O Agente Secreto<\/strong>.<\/p>\n<p>A confirma\u00e7\u00e3o valida rumores que circulavam h\u00e1 meses sobre a entrada do astro de <strong>The Last of Us<\/strong> e <strong>Quarteto Fant\u00e1stico: Primeiros Passos<\/strong> para salvar o projeto, que come\u00e7a suas grava\u00e7\u00f5es no pr\u00f3ximo m\u00eas.<\/p>\n<p><strong>De Noche<\/strong> ainda n\u00e3o possui data de estreia definida nos cinemas.<\/p>\n<p>Leia tamb\u00e9m sobre Pedro Pascal:<\/p>\n","protected":false},"excerpt":{"rendered":"Estimated reading time: 2 minutos O aguardado projeto do aclamado diretor Todd Haynes (Segredos de um Esc\u00e2ndalo), intitulado&hellip;\n","protected":false},"author":2,"featured_media":257290,"comment_status":"","ping_status":"","sticky":false,"template":"","format":"standard","meta":{"footnotes":"","_share_on_mastodon":"0"},"categories":[145],"tags":[211,210,13294,47867,114,115,12976,4416,32,33,47868],"class_list":["post-257289","post","type-post","status-publish","format-standard","has-post-thumbnail","category-celebridades","tag-celebridades","tag-celebrities","tag-danny-ramirez","tag-de-noche","tag-entertainment","tag-entretenimento","tag-joaquin-phoenix","tag-pedro-pascal","tag-portugal","tag-pt","tag-todd-haynes"],"share_on_mastodon":{"url":"https:\/\/pubeurope.com\/@pt\/116015691365188180","error":""},"_links":{"self":[{"href":"https:\/\/www.europesays.com\/pt\/wp-json\/wp\/v2\/posts\/257289","targetHints":{"allow":["GET"]}}],"collection":[{"href":"https:\/\/www.europesays.com\/pt\/wp-json\/wp\/v2\/posts"}],"about":[{"href":"https:\/\/www.europesays.com\/pt\/wp-json\/wp\/v2\/types\/post"}],"author":[{"embeddable":true,"href":"https:\/\/www.europesays.com\/pt\/wp-json\/wp\/v2\/users\/2"}],"replies":[{"embeddable":true,"href":"https:\/\/www.europesays.com\/pt\/wp-json\/wp\/v2\/comments?post=257289"}],"version-history":[{"count":0,"href":"https:\/\/www.europesays.com\/pt\/wp-json\/wp\/v2\/posts\/257289\/revisions"}],"wp:featuredmedia":[{"embeddable":true,"href":"https:\/\/www.europesays.com\/pt\/wp-json\/wp\/v2\/media\/257290"}],"wp:attachment":[{"href":"https:\/\/www.europesays.com\/pt\/wp-json\/wp\/v2\/media?parent=257289"}],"wp:term":[{"taxonomy":"category","embeddable":true,"href":"https:\/\/www.europesays.com\/pt\/wp-json\/wp\/v2\/categories?post=257289"},{"taxonomy":"post_tag","embeddable":true,"href":"https:\/\/www.europesays.com\/pt\/wp-json\/wp\/v2\/tags?post=257289"}],"curies":[{"name":"wp","href":"https:\/\/api.w.org\/{rel}","templated":true}]}}