{"id":257395,"date":"2026-02-05T04:43:14","date_gmt":"2026-02-05T04:43:14","guid":{"rendered":"https:\/\/www.europesays.com\/pt\/257395\/"},"modified":"2026-02-05T04:43:14","modified_gmt":"2026-02-05T04:43:14","slug":"carolina-pinto-afasta-se-das-redes-sociais-e-gera-onda-de-preocupacao-mas-ha-um-motivo-forte-primeira-companhia","status":"publish","type":"post","link":"https:\/\/www.europesays.com\/pt\/257395\/","title":{"rendered":"Carolina Pinto \u00abafasta-se\u00bb das redes sociais e gera onda de preocupa\u00e7\u00e3o. Mas h\u00e1 um motivo forte &#8211; Primeira Companhia"},"content":{"rendered":"<p><strong>Carolina Pinto<\/strong> precisou de se distanciar da vida p\u00fablica e, agora, decidiu fazer um esclarecimento. A <a href=\"https:\/\/tvi.iol.pt\/primeiracompanhia\/carolina-pinto\/marco-costa\/carolina-pinto-cumpre-sonho-de-crianca-ao-lado-de-marco-costa-e-tudo-o-que-imaginei-e-mais-um-bocadinho\" rel=\"nofollow noopener\" target=\"_blank\"><strong>noiva de Marco Costa<\/strong><\/a> recorreu \u00e0s redes sociais para fazer um desabafo com os seus seguidores, em que a explica a sua aus\u00eancia.\u00a0<\/p>\n<p>\u00ab<strong>Ontem foi um dia bom. <\/strong>Tive imensas novidades boas profissionais. Treinei, almocei fora e fui ao cinema ver a Criada. 10\/10 amei o filme. <strong>Comi pipocas a mais e fez-me mal, conclus\u00e3o: desde ontem super doente. Da\u00ed a minha aus\u00eancia\u00bb, <\/strong>come\u00e7ou por escrever Carolina Pinto, nos stories do Instagram<\/p>\n<p>A <a href=\"https:\/\/tvi.iol.pt\/primeiracompanhia\/search?pagina=1&amp;pesquisa=carolina+pinto\" rel=\"nofollow noopener\" target=\"_blank\">companheira de Marco Costa<\/a> revelou ainda que recebeu v\u00e1rias mensagens a demonstrar preocupa\u00e7\u00e3o e mostrou-se agradecida pelo carinho<strong>. \u00abObrigada por todas as mensagens. Estou a recuperar. Voc\u00eas s\u00e3o incr\u00edveis. Obrigada pela preocupa\u00e7\u00e3o sempre. Menos de 24h sem postar grande coisa e a vossa preocupa\u00e7\u00e3o \u00e9 mesmo evidente. <\/strong>S\u00f3 prova que tenho os melhores seguidores do mundo<strong>\u00bb, <\/strong>adiantou a influenciadora.<\/p>\n<p><strong>Veja tudo aqui:<\/strong><\/p>\n<p style=\"text-align:center\"><img loading=\"lazy\" decoding=\"async\" alt=\"\" height=\"711\" src=\"https:\/\/www.europesays.com\/pt\/wp-content\/uploads\/2026\/02\/698368ffd34e0ec52ec3201d.webp\" width=\"400\"\/><\/p>\n<p style=\"text-align:center\"><img loading=\"lazy\" decoding=\"async\" alt=\"\" height=\"711\" src=\"https:\/\/www.europesays.com\/pt\/wp-content\/uploads\/2026\/02\/698368ffd34e92a344986a7d.webp\" width=\"400\"\/><\/p>\n<p>\u00a0<\/p>\n","protected":false},"excerpt":{"rendered":"Carolina Pinto precisou de se distanciar da vida p\u00fablica e, agora, decidiu fazer um esclarecimento. A noiva de&hellip;\n","protected":false},"author":2,"featured_media":257396,"comment_status":"","ping_status":"","sticky":false,"template":"","format":"standard","meta":{"footnotes":"","_share_on_mastodon":"0"},"categories":[142],"tags":[41536,4126,1318,114,115,18705,28659,3310,32,33,151,41535],"class_list":["post-257395","post","type-post","status-publish","format-standard","has-post-thumbnail","category-tv","tag-bastidores-da-recruta","tag-carolina-pinto","tag-comunicado","tag-entertainment","tag-entretenimento","tag-entrevistas-concorrentes-tvi","tag-esclarecimento","tag-marco-costa","tag-portugal","tag-pt","tag-tv","tag-vida-fora-da-base"],"share_on_mastodon":{"url":"https:\/\/pubeurope.com\/@pt\/116016198689571877","error":""},"_links":{"self":[{"href":"https:\/\/www.europesays.com\/pt\/wp-json\/wp\/v2\/posts\/257395","targetHints":{"allow":["GET"]}}],"collection":[{"href":"https:\/\/www.europesays.com\/pt\/wp-json\/wp\/v2\/posts"}],"about":[{"href":"https:\/\/www.europesays.com\/pt\/wp-json\/wp\/v2\/types\/post"}],"author":[{"embeddable":true,"href":"https:\/\/www.europesays.com\/pt\/wp-json\/wp\/v2\/users\/2"}],"replies":[{"embeddable":true,"href":"https:\/\/www.europesays.com\/pt\/wp-json\/wp\/v2\/comments?post=257395"}],"version-history":[{"count":0,"href":"https:\/\/www.europesays.com\/pt\/wp-json\/wp\/v2\/posts\/257395\/revisions"}],"wp:featuredmedia":[{"embeddable":true,"href":"https:\/\/www.europesays.com\/pt\/wp-json\/wp\/v2\/media\/257396"}],"wp:attachment":[{"href":"https:\/\/www.europesays.com\/pt\/wp-json\/wp\/v2\/media?parent=257395"}],"wp:term":[{"taxonomy":"category","embeddable":true,"href":"https:\/\/www.europesays.com\/pt\/wp-json\/wp\/v2\/categories?post=257395"},{"taxonomy":"post_tag","embeddable":true,"href":"https:\/\/www.europesays.com\/pt\/wp-json\/wp\/v2\/tags?post=257395"}],"curies":[{"name":"wp","href":"https:\/\/api.w.org\/{rel}","templated":true}]}}