{"id":257403,"date":"2026-02-05T04:53:08","date_gmt":"2026-02-05T04:53:08","guid":{"rendered":"https:\/\/www.europesays.com\/pt\/257403\/"},"modified":"2026-02-05T04:53:08","modified_gmt":"2026-02-05T04:53:08","slug":"seguro-lidera-com-654-e-ventura-alcanca-303","status":"publish","type":"post","link":"https:\/\/www.europesays.com\/pt\/257403\/","title":{"rendered":"Seguro lidera com 65,4% e Ventura alcan\u00e7a 30,3%"},"content":{"rendered":"<p>Andr\u00e9 Ventura e Ant\u00f3nio Jos\u00e9 Seguro poder\u00e3o ambos atingir metas eleitorais nesta segunda volta.Leonardo Negr\u00e3o<\/p>\n<p><a class=\"arrow-component arr--section-name\" aria-label=\"section-name\" href=\"https:\/\/www.dn.pt\/pol%C3%ADtica\" rel=\"nofollow noopener\" target=\"_blank\">Pol\u00edtica<\/a><\/p>\n<p>Mais votado na primeira volta tem vantagem de 35,1 pontos em rela\u00e7\u00e3o ao l\u00edder do Chega. Seguro est\u00e1 \u00e0 frente de Ventura em todos os segmentos, menos entre os que votaram no rival ou se abstiveram.\n<\/p>\n<p>Publicado a:\u00a0<\/p>\n<p>04 Fev 2026, 23:41<\/p>\n<p>Atualizado a:\u00a0<\/p>\n<p>04 Fev 2026, 23:41<\/p>\n<p>Loading content, please wait&#8230;<\/p>\n","protected":false},"excerpt":{"rendered":"Andr\u00e9 Ventura e Ant\u00f3nio Jos\u00e9 Seguro poder\u00e3o ambos atingir metas eleitorais nesta segunda volta.Leonardo Negr\u00e3o Pol\u00edtica Mais votado&hellip;\n","protected":false},"author":2,"featured_media":257404,"comment_status":"","ping_status":"","sticky":false,"template":"","format":"standard","meta":{"footnotes":"","_share_on_mastodon":"0"},"categories":[8],"tags":[3386,3399,47873,27,28,306,37215,15,16,9498,14,17460,25,26,21,22,24788,12,13,19,20,32,1076,42780,23,24,33,23969,4862,17,18,29,30,31],"class_list":["post-257403","post","type-post","status-publish","format-standard","has-post-thumbnail","category-principais-noticias","tag-andre-ventura","tag-antonio-jose-seguro","tag-barometro-dn-aximage","tag-breaking-news","tag-breakingnews","tag-edicao-impressa","tag-eleicoes-presidenciais-2026","tag-featured-news","tag-featurednews","tag-gouveia-e-melo","tag-headlines","tag-joao-cotrim-de-figueiredo","tag-latest-news","tag-latestnews","tag-main-news","tag-mainnews","tag-marques-mendes","tag-news","tag-noticias","tag-noticias-principais","tag-noticiasprincipais","tag-portugal","tag-presidenciais-2026","tag-presidenciais-de-2026","tag-principais-noticias","tag-principaisnoticias","tag-pt","tag-segunda-volta","tag-sondagem","tag-top-stories","tag-topstories","tag-ultimas","tag-ultimas-noticias","tag-ultimasnoticias"],"share_on_mastodon":{"url":"","error":"Validation failed: Text character limit of 500 exceeded"},"_links":{"self":[{"href":"https:\/\/www.europesays.com\/pt\/wp-json\/wp\/v2\/posts\/257403","targetHints":{"allow":["GET"]}}],"collection":[{"href":"https:\/\/www.europesays.com\/pt\/wp-json\/wp\/v2\/posts"}],"about":[{"href":"https:\/\/www.europesays.com\/pt\/wp-json\/wp\/v2\/types\/post"}],"author":[{"embeddable":true,"href":"https:\/\/www.europesays.com\/pt\/wp-json\/wp\/v2\/users\/2"}],"replies":[{"embeddable":true,"href":"https:\/\/www.europesays.com\/pt\/wp-json\/wp\/v2\/comments?post=257403"}],"version-history":[{"count":0,"href":"https:\/\/www.europesays.com\/pt\/wp-json\/wp\/v2\/posts\/257403\/revisions"}],"wp:featuredmedia":[{"embeddable":true,"href":"https:\/\/www.europesays.com\/pt\/wp-json\/wp\/v2\/media\/257404"}],"wp:attachment":[{"href":"https:\/\/www.europesays.com\/pt\/wp-json\/wp\/v2\/media?parent=257403"}],"wp:term":[{"taxonomy":"category","embeddable":true,"href":"https:\/\/www.europesays.com\/pt\/wp-json\/wp\/v2\/categories?post=257403"},{"taxonomy":"post_tag","embeddable":true,"href":"https:\/\/www.europesays.com\/pt\/wp-json\/wp\/v2\/tags?post=257403"}],"curies":[{"name":"wp","href":"https:\/\/api.w.org\/{rel}","templated":true}]}}