{"id":257494,"date":"2026-02-05T07:38:09","date_gmt":"2026-02-05T07:38:09","guid":{"rendered":"https:\/\/www.europesays.com\/pt\/257494\/"},"modified":"2026-02-05T07:38:09","modified_gmt":"2026-02-05T07:38:09","slug":"contratacao-sem-termo-volta-a-atingir-valores-historicos-mas-produtividade-caiu-pela-primeira-vez-em-quatro-anos","status":"publish","type":"post","link":"https:\/\/www.europesays.com\/pt\/257494\/","title":{"rendered":"Contrata\u00e7\u00e3o sem termo volta a atingir valores hist\u00f3ricos, mas produtividade caiu pela primeira vez em quatro anos"},"content":{"rendered":"<p>        O ano terminou com 5.339.500 pessoas empregadas, o que se traduz num aumento de 190.700 profissionais, face ao ano anterior. J\u00e1 a taxa de desemprego diminuiu 0,9 pontos percentuais, fixando-se nos 5,8%.    <\/p>\n<p>O mercado laboral em Portugal continuou em n\u00edveis historicamente elevados durante o quarto trimestre de 2025, segundo a an\u00e1lise da Randstad. O ano fechou com um aumento expressivo na contrata\u00e7\u00e3o sem termo, com mais de 192.100 contratos permanentes.<\/p>\n<p>O ano terminou com 5.339.500 pessoas empregadas, o que se traduz num aumento de 190.700 profissionais, face ao ano anterior. J\u00e1 a taxa de desemprego diminuiu 0,9 pontos percentuais, fixando-se nos 5,8%.<\/p>\n<p>A an\u00e1lise da Randstad alerta para um indicador importante, desde 2021 a varia\u00e7\u00e3o da produtividade entrou em terreno negativo, -1,3%. \u201cEste fen\u00f3meno deve-se ao facto de o crescimento do emprego (3,2%) ter superado significativamente a varia\u00e7\u00e3o do PIB (1,9%), indicando que, apesar de empregarem mais, as empresas produziram proporcionalmente menos riqueza\u201d, refere a an\u00e1lise.<\/p>\n<p>O setor dos servi\u00e7os foi o que sustentou o crescimento do emprego no \u00faltimo trimestre, tendo criado mais 31.700 postos de trabalho, compensando as descidas registadas no setor da ind\u00fastria e agricultura.<\/p>\n<p>O teletrabalho voltou a ganhar for\u00e7a, com os profissionais em regime remoto ou hibrido a aumentarem 9%. Atualmente cerca de 1.129.400 trabalhadores recorrem a esta modalidade.<\/p>\n<p>Apesar do crescimento do emprego, os jovens continuam a ser o grupo mais vulner\u00e1vel, com o grupo et\u00e1rio dos 16 aos 24 anos a registar uma queda no emprego neste trimestre.<\/p>\n<p>Isabel Roseiro, diretora de marketing da Randstad Portugal, afirma que \u201cos dados do final de 2025 mostram-nos um mercado de trabalho que, embora robusto em volume, enfrenta um desafio de efici\u00eancia. O aumento dos contratos sem termo demonstra que as empresas est\u00e3o, de facto, a esfor\u00e7ar-se por reter talento num cen\u00e1rio de escassez\u201d.<\/p>\n<p>\u201cContudo, a queda na produtividade \u00e9 um sinal de alerta. Para 2026, a prioridade das organiza\u00e7\u00f5es n\u00e3o pode ser apenas contratar, mas sim investir na acelera\u00e7\u00e3o tecnol\u00f3gica e no upskilling das equipas. S\u00f3 combinando talento qualificado com inova\u00e7\u00e3o conseguiremos transformar estes recordes de emprego em crescimento econ\u00f3mico real e sustent\u00e1vel\u201d, refere.<\/p>\n","protected":false},"excerpt":{"rendered":"O ano terminou com 5.339.500 pessoas empregadas, o que se traduz num aumento de 190.700 profissionais, face ao&hellip;\n","protected":false},"author":2,"featured_media":208045,"comment_status":"","ping_status":"","sticky":false,"template":"","format":"standard","meta":{"footnotes":"","_share_on_mastodon":"0"},"categories":[83],"tags":[836,88,89,618,90,32,33,33608],"class_list":["post-257494","post","type-post","status-publish","format-standard","has-post-thumbnail","category-empresas","tag-analise","tag-business","tag-economy","tag-emprego","tag-empresas","tag-portugal","tag-pt","tag-randstad"],"share_on_mastodon":{"url":"https:\/\/pubeurope.com\/@pt\/116016886773612740","error":""},"_links":{"self":[{"href":"https:\/\/www.europesays.com\/pt\/wp-json\/wp\/v2\/posts\/257494","targetHints":{"allow":["GET"]}}],"collection":[{"href":"https:\/\/www.europesays.com\/pt\/wp-json\/wp\/v2\/posts"}],"about":[{"href":"https:\/\/www.europesays.com\/pt\/wp-json\/wp\/v2\/types\/post"}],"author":[{"embeddable":true,"href":"https:\/\/www.europesays.com\/pt\/wp-json\/wp\/v2\/users\/2"}],"replies":[{"embeddable":true,"href":"https:\/\/www.europesays.com\/pt\/wp-json\/wp\/v2\/comments?post=257494"}],"version-history":[{"count":0,"href":"https:\/\/www.europesays.com\/pt\/wp-json\/wp\/v2\/posts\/257494\/revisions"}],"wp:featuredmedia":[{"embeddable":true,"href":"https:\/\/www.europesays.com\/pt\/wp-json\/wp\/v2\/media\/208045"}],"wp:attachment":[{"href":"https:\/\/www.europesays.com\/pt\/wp-json\/wp\/v2\/media?parent=257494"}],"wp:term":[{"taxonomy":"category","embeddable":true,"href":"https:\/\/www.europesays.com\/pt\/wp-json\/wp\/v2\/categories?post=257494"},{"taxonomy":"post_tag","embeddable":true,"href":"https:\/\/www.europesays.com\/pt\/wp-json\/wp\/v2\/tags?post=257494"}],"curies":[{"name":"wp","href":"https:\/\/api.w.org\/{rel}","templated":true}]}}