{"id":25766,"date":"2025-08-12T02:41:10","date_gmt":"2025-08-12T02:41:10","guid":{"rendered":"https:\/\/www.europesays.com\/pt\/25766\/"},"modified":"2025-08-12T02:41:10","modified_gmt":"2025-08-12T02:41:10","slug":"danny-namaso-com-um-pe-fora-do-fc-porto-e-tem-preferencia-no-destino","status":"publish","type":"post","link":"https:\/\/www.europesays.com\/pt\/25766\/","title":{"rendered":"Danny Namaso com um p\u00e9 fora do FC Porto e tem prefer\u00eancia no destino"},"content":{"rendered":"<p><strong>Danny Namaso n\u00e3o dever\u00e1 continuar ao servi\u00e7o do FC Porto. O avan\u00e7ado vai dar primazia a uma sa\u00edda rumo ao estrangeiro.<\/strong><\/p>\n<p>Danny Namaso est\u00e1 fora dos planos de Francosco Farioli no FC Porto, pelo menos para esta temporada. O avan\u00e7ado ficou inclusivamente fora dos convocados da partida entre os drag\u00f5es e o Vit\u00f3ria SC, relativa \u00e0 primeira jornada da <a href=\"https:\/\/bolanarede.pt\/etiqueta\/primeira-liga\/\" target=\"_blank\" rel=\"noreferrer noopener nofollow\">Primeira Liga<\/a>, que se realiza esta segunda-feira.<\/p>\n<p>O camaron\u00eas, de acordo com o jornal A Bola, est\u00e1 em busca de um novo clube e est\u00e1 dispon\u00edvel para ouvir ofertas do estrangeiro, com a sua continuidade em Portugal a ser altamente improv\u00e1vel. Danny Namaso chegou ao FC Porto em 2020, depois de ter estado no Reading.<\/p>\n<p>O avan\u00e7ado tem 24 anos e na \u00faltima \u00e9poca somou 42 jogos, com quatro golos e uma assist\u00eancia. Samu Aghehowa e Luuk de Jong s\u00e3o as principais op\u00e7\u00f5es do FC Porto para a frente de ataque.<\/p>\n","protected":false},"excerpt":{"rendered":"Danny Namaso n\u00e3o dever\u00e1 continuar ao servi\u00e7o do FC Porto. O avan\u00e7ado vai dar primazia a uma sa\u00edda&hellip;\n","protected":false},"author":2,"featured_media":25767,"comment_status":"","ping_status":"","sticky":false,"template":"","format":"standard","meta":{"footnotes":""},"categories":[87],"tags":[260,2436,135,478,282,32,479,33,134],"class_list":{"0":"post-25766","1":"post","2":"type-post","3":"status-publish","4":"format-standard","5":"has-post-thumbnail","7":"category-desporto","8":"tag-atualidade","9":"tag-danny-namaso","10":"tag-desporto","11":"tag-destaques-bnr","12":"tag-fc-porto","13":"tag-portugal","14":"tag-primeira-liga","15":"tag-pt","16":"tag-sports"},"share_on_mastodon":{"url":"","error":""},"_links":{"self":[{"href":"https:\/\/www.europesays.com\/pt\/wp-json\/wp\/v2\/posts\/25766","targetHints":{"allow":["GET"]}}],"collection":[{"href":"https:\/\/www.europesays.com\/pt\/wp-json\/wp\/v2\/posts"}],"about":[{"href":"https:\/\/www.europesays.com\/pt\/wp-json\/wp\/v2\/types\/post"}],"author":[{"embeddable":true,"href":"https:\/\/www.europesays.com\/pt\/wp-json\/wp\/v2\/users\/2"}],"replies":[{"embeddable":true,"href":"https:\/\/www.europesays.com\/pt\/wp-json\/wp\/v2\/comments?post=25766"}],"version-history":[{"count":0,"href":"https:\/\/www.europesays.com\/pt\/wp-json\/wp\/v2\/posts\/25766\/revisions"}],"wp:featuredmedia":[{"embeddable":true,"href":"https:\/\/www.europesays.com\/pt\/wp-json\/wp\/v2\/media\/25767"}],"wp:attachment":[{"href":"https:\/\/www.europesays.com\/pt\/wp-json\/wp\/v2\/media?parent=25766"}],"wp:term":[{"taxonomy":"category","embeddable":true,"href":"https:\/\/www.europesays.com\/pt\/wp-json\/wp\/v2\/categories?post=25766"},{"taxonomy":"post_tag","embeddable":true,"href":"https:\/\/www.europesays.com\/pt\/wp-json\/wp\/v2\/tags?post=25766"}],"curies":[{"name":"wp","href":"https:\/\/api.w.org\/{rel}","templated":true}]}}