{"id":25768,"date":"2025-08-12T02:42:26","date_gmt":"2025-08-12T02:42:26","guid":{"rendered":"https:\/\/www.europesays.com\/pt\/25768\/"},"modified":"2025-08-12T02:42:26","modified_gmt":"2025-08-12T02:42:26","slug":"criciuma-implanta-distribuicao-gratuita-de-sensores-de-glicose-para-criancas-e-adolescentes-com-diabetes-tipo-1-sc-em-pauta","status":"publish","type":"post","link":"https:\/\/www.europesays.com\/pt\/25768\/","title":{"rendered":"Crici\u00fama implanta distribui\u00e7\u00e3o gratuita de sensores de glicose para crian\u00e7as e adolescentes com diabetes tipo 1 \u2013 Sc em Pauta"},"content":{"rendered":"<p><strong>Tem novidade no SCemPauta!<\/strong><\/p>\n<p><strong>Criamos um canal oficial no WhatsApp \u2014 e voc\u00ea j\u00e1 pode fazer parte!<\/strong><\/p>\n<p>Mais\u00a0<strong>agilidade<\/strong>, mais\u00a0<strong>bastidores<\/strong>, mais\u00a0<strong>DEN\u00daNCIAS\u00a0<\/strong>direto no seu celular.<\/p>\n<p>Sem grupos, sem conversas, s\u00f3 informa\u00e7\u00e3o exclusiva, com a credibilidade do SCemPauta.<\/p>\n<p><strong>Acesse e siga agora:<\/strong><\/p>\n<p><a href=\"https:\/\/whatsapp.com\/channel\/0029Vb6oYQTEgGfKVzALc53t\" rel=\"nofollow noopener\" target=\"_blank\">https:\/\/whatsapp.com\/channel\/0029Vb6oYQTEgGfKVzALc53t<\/a><\/p>\n<p><strong>E N\u00c3O ESQUE\u00c7A DE ATIVAR O SININHO PARA RECEBER TUDO EM TEMPO REAL!<\/strong><\/p>\n<p><img fetchpriority=\"high\" decoding=\"async\" width=\"1024\" height=\"682\" src=\"https:\/\/www.europesays.com\/pt\/wp-content\/uploads\/2025\/08\/Criciuma_e_pioneira_em_Santa_Catarina_na_oferta_de_sensores_de_glicose_para_criancas_e_adolescentes_.jpeg\" alt=\"\" class=\"wp-image-33528\" style=\"width:746px;height:auto\"   data-pagespeed-url-hash=\"2179459020\" onload=\"pagespeed.CriticalImages.checkImageForCriticality(this);\"\/>Imagem: Prefeitura de Crici\u00fama<\/p>\n<p>Crici\u00fama se tornou o primeiro munic\u00edpio de Santa Catarina a oferecer sensores de glicose para crian\u00e7as e adolescentes com diabetes tipo 1 atendidos na rede de aten\u00e7\u00e3o b\u00e1sica. A entrega dos aparelhos e a apresenta\u00e7\u00e3o do servi\u00e7o ocorreram na \u00faltima semana. O equipamento possibilita o monitoramento da glicemia de forma cont\u00ednua, pr\u00e1tica e menos invasiva.<\/p>\n<p>Inicialmente, foram disponibilizados 40 sensores, dos quais 28 j\u00e1 foram entregues. A meta \u00e9 atender at\u00e9 70 pacientes, com idades de dois a 18 anos, at\u00e9 dezembro. O investimento anual \u00e9 estimado em R$ 700 mil, com recursos provenientes de emenda parlamentar do deputado estadual J\u00falio Garcia. O benef\u00edcio \u00e9 destinado a pacientes que realizam acompanhamento multiprofissional nas Unidades B\u00e1sicas de Sa\u00fade (UBS).<\/p>\n<p>O sensor utilizado \u00e9 o modelo FreeStyle Libre, aplicado na parte posterior do bra\u00e7o com adesivo e microagulha, de tamanho aproximado ao de uma moeda de R$ 1. O dispositivo pode ser usado por at\u00e9 14 dias e substitui as m\u00faltiplas picadas di\u00e1rias no dedo para medir a glicemia. A leitura \u00e9 feita por aplicativo de celular, permitindo que pacientes, familiares e profissionais de sa\u00fade acompanhem os dados em tempo real e tomem decis\u00f5es sobre alimenta\u00e7\u00e3o, uso de insulina e atividades di\u00e1rias.<\/p>\n<p>O monitoramento cont\u00ednuo da glicemia \u00e9 considerado importante para o controle do diabetes tipo 1, pois ajuda a manter n\u00edveis adequados de a\u00e7\u00facar no sangue, prevenindo complica\u00e7\u00f5es como problemas renais, cardiovasculares, neurol\u00f3gicos e oculares. A tecnologia tamb\u00e9m favorece a ades\u00e3o ao tratamento, amplia a autonomia dos pacientes e contribui para o bem-estar emocional das fam\u00edlias.<\/p>\n<p><img loading=\"lazy\" decoding=\"async\" width=\"819\" height=\"1024\" src=\"https:\/\/www.europesays.com\/pt\/wp-content\/uploads\/2025\/08\/SCemPauta-no-AR-819x1024.jpeg\" alt=\"\" class=\"wp-image-33505\" style=\"width:432px;height:auto\"   data-pagespeed-url-hash=\"4226316223\" onload=\"pagespeed.CriticalImages.checkImageForCriticality(this);\"\/>\t\t\t<a href=\"https:\/\/scempauta.com.br\/author\/redacao\/\" rel=\"author nofollow noopener\" target=\"_blank\">Veja mais postagens desse autor<\/a><\/p>\n","protected":false},"excerpt":{"rendered":"Tem novidade no SCemPauta! Criamos um canal oficial no WhatsApp \u2014 e voc\u00ea j\u00e1 pode fazer parte! Mais\u00a0agilidade,&hellip;\n","protected":false},"author":2,"featured_media":25769,"comment_status":"","ping_status":"","sticky":false,"template":"","format":"standard","meta":{"footnotes":""},"categories":[86],"tags":[301,116,52,32,33,3801,117,8767],"class_list":{"0":"post-25768","1":"post","2":"type-post","3":"status-publish","4":"format-standard","5":"has-post-thumbnail","7":"category-saude","8":"tag-governo","9":"tag-health","10":"tag-politica","11":"tag-portugal","12":"tag-pt","13":"tag-santa-catarina","14":"tag-saude","15":"tag-sc"},"share_on_mastodon":{"url":"","error":""},"_links":{"self":[{"href":"https:\/\/www.europesays.com\/pt\/wp-json\/wp\/v2\/posts\/25768","targetHints":{"allow":["GET"]}}],"collection":[{"href":"https:\/\/www.europesays.com\/pt\/wp-json\/wp\/v2\/posts"}],"about":[{"href":"https:\/\/www.europesays.com\/pt\/wp-json\/wp\/v2\/types\/post"}],"author":[{"embeddable":true,"href":"https:\/\/www.europesays.com\/pt\/wp-json\/wp\/v2\/users\/2"}],"replies":[{"embeddable":true,"href":"https:\/\/www.europesays.com\/pt\/wp-json\/wp\/v2\/comments?post=25768"}],"version-history":[{"count":0,"href":"https:\/\/www.europesays.com\/pt\/wp-json\/wp\/v2\/posts\/25768\/revisions"}],"wp:featuredmedia":[{"embeddable":true,"href":"https:\/\/www.europesays.com\/pt\/wp-json\/wp\/v2\/media\/25769"}],"wp:attachment":[{"href":"https:\/\/www.europesays.com\/pt\/wp-json\/wp\/v2\/media?parent=25768"}],"wp:term":[{"taxonomy":"category","embeddable":true,"href":"https:\/\/www.europesays.com\/pt\/wp-json\/wp\/v2\/categories?post=25768"},{"taxonomy":"post_tag","embeddable":true,"href":"https:\/\/www.europesays.com\/pt\/wp-json\/wp\/v2\/tags?post=25768"}],"curies":[{"name":"wp","href":"https:\/\/api.w.org\/{rel}","templated":true}]}}