{"id":257747,"date":"2026-02-05T12:22:15","date_gmt":"2026-02-05T12:22:15","guid":{"rendered":"https:\/\/www.europesays.com\/pt\/257747\/"},"modified":"2026-02-05T12:22:15","modified_gmt":"2026-02-05T12:22:15","slug":"tracking-poll-2-a-volta-dia-9-ventura-continua-a-encurtar-distancia-seguro-continua-destacado-a-frente","status":"publish","type":"post","link":"https:\/\/www.europesays.com\/pt\/257747\/","title":{"rendered":"Tracking poll, 2.\u00aa volta, dia 9: Ventura continua a encurtar dist\u00e2ncia, Seguro continua destacado \u00e0 frente"},"content":{"rendered":"<p>\t                Faltam quatro dias para a segunda volta das elei\u00e7\u00f5es presidenciais. Veja os resultados da sondagem di\u00e1ria<\/p>\n<p>A segunda volta das elei\u00e7\u00f5es presidenciais tem lugar no pr\u00f3ximo domingo, mas se fosse hoje, Ant\u00f3nio Jos\u00e9 Seguro receberia 53,2% dos votos, ficando \u00e0 frente de Andr\u00e9 Ventura, que teria 29,5% dos votos. Estes resultados s\u00e3o no entanto sem distribui\u00e7\u00e3o de indecisos, que montam neste momento a 9,5% dos eleitores. Acrescem ainda 7,8% de eleitores que declaram a inten\u00e7\u00e3o de votar branco ou nulo.<\/p>\n<p>Estes s\u00e3o os resultados de hoje da tracking poll da Pitag\u00f3rica para a CNN Portugal e TVI, TSF e JN.<\/p>\n<p>\u00a0<\/p>\n<p>\u00a0<\/p>\n<p>Face a ontem, tanto Seguro como Ventura sobem ligeiramente, merc\u00ea sobretudo da redu\u00e7\u00e3o dos indecisos:<\/p>\n<p><img loading=\"lazy\" decoding=\"async\" alt=\"\" height=\"235\" src=\"https:\/\/www.europesays.com\/pt\/wp-content\/uploads\/2026\/02\/69838039d34e0ec52ec32463.webp\" width=\"400\"\/><\/p>\n<p>O que permanece inalter\u00e1vel \u00e9 a percep\u00e7\u00e3o sobre quem ganhar\u00e1 a elei\u00e7\u00e3o: 90% responde Seguro.<\/p>\n<p>Mais mulheres votam Seguro\u00a0 <\/p>\n<p>Olhando para a origem dos votos, Ant\u00f3nio Jos\u00e9 Seguro vence entre homens e mulheres, mas sobretudo entre as mulheres:<\/p>\n<p>\u00a0<\/p>\n<p>\u00a0<\/p>\n<p>J\u00e1 quanto \u00e0s idades, Ventura \u00e9 mais forte entre jovens e Seguro tem maior preponder\u00e2ncia entre os mais velhos:<\/p>\n<p>\u00a0<\/p>\n<p>\u00a0<\/p>\n<p>\u00a0<\/p>\n<p>Ficha t\u00e9cnica <\/p>\n<p>Durante 3 dias (01, 02 e 03 de fevereiro de 2026) foram recolhidas diariamente pela Pitag\u00f3rica para a TVI, CNN Portugal, TSF e JN um m\u00ednimo de 202 a 203 entrevistas (dependendo dos acertos das quotas amostrais) de forma a garantir uma sub-amostra di\u00e1ria representativa do universo eleitoral portugu\u00eas (n\u00e3o probabil\u00edstico). Foram tidos como crit\u00e9rios amostrais o G\u00e9nero, 3 cortes et\u00e1rios e 20 cortes geogr\u00e1ficos (Distritos + Madeira e A\u00e7ores). O resultado do apuramento dos 3 \u00faltimos dias de trabalho de campo, resultou numa amostra de 608 entrevistas que para um grau de confian\u00e7a de 95,5% corresponde a uma margem de erro m\u00e1xima de \u00b14,06%.<\/p>\n<p>A sele\u00e7\u00e3o dos entrevistados foi realizada atrav\u00e9s de gera\u00e7\u00e3o aleat\u00f3ria de n\u00fameros de \u201ctelem\u00f3vel\u201d mantendo a propor\u00e7\u00e3o dos 3 principais operadores m\u00f3veis. Sempre que necess\u00e1rio foram selecionados aleatoriamente n\u00fameros fixos para apoiar o cumprimento do plano amostral. As entrevistas s\u00e3o recolhidas atrav\u00e9s de entrevista telef\u00f3nica (CATI \u2013 Computer Assisted Telephone Interviewing).<\/p>\n<p>O estudo tem como objetivo avaliar a opini\u00e3o dos eleitores portugueses, sobre temas relacionados com as elei\u00e7\u00f5es Presidenciais, nomeadamente os principais protagonistas, os momentos da campanha bem como a inten\u00e7\u00e3o de voto dos v\u00e1rios candidatos. Foram realizadas 1244 tentativas de contacto, para alcan\u00e7armos 608 entrevistas efetivas, pelo que a taxa de resposta foi de 48,87%.<\/p>\n<p>A distribui\u00e7\u00e3o de indecisos \u00e9 feita de forma proporcional.<\/p>\n<p>A dire\u00e7\u00e3o t\u00e9cnica do estudo \u00e9 da responsabilidade de Rita Marques da Silva. A ficha t\u00e9cnica completa, bem como todos os resultados, foram depositados junto da ERC &#8211; Entidade Reguladora da Comunica\u00e7\u00e3o Social que os disponibilizar\u00e1 para consulta online.<\/p>\n","protected":false},"excerpt":{"rendered":"Faltam quatro dias para a segunda volta das elei\u00e7\u00f5es presidenciais. Veja os resultados da sondagem di\u00e1ria A segunda&hellip;\n","protected":false},"author":2,"featured_media":257748,"comment_status":"","ping_status":"","sticky":false,"template":"","format":"standard","meta":{"footnotes":"","_share_on_mastodon":"0"},"categories":[8],"tags":[609,836,3386,3399,611,27,28,607,608,333,832,604,135,610,476,1705,15,16,301,830,14,603,25,26,570,21,22,831,833,62,834,12,13,19,20,835,602,33371,52,32,23,24,33,43024,17,18,44016,29,30,31],"class_list":["post-257747","post","type-post","status-publish","format-standard","has-post-thumbnail","category-principais-noticias","tag-alerta","tag-analise","tag-andre-ventura","tag-antonio-jose-seguro","tag-ao-minuto","tag-breaking-news","tag-breakingnews","tag-cnn","tag-cnn-portugal","tag-comentadores","tag-costa","tag-crime","tag-desporto","tag-direto","tag-economia","tag-eleicoes-presidenciais","tag-featured-news","tag-featurednews","tag-governo","tag-guerra","tag-headlines","tag-justica","tag-latest-news","tag-latestnews","tag-live","tag-main-news","tag-mainnews","tag-mais-vistas","tag-marcelo","tag-mundo","tag-negocios","tag-news","tag-noticias","tag-noticias-principais","tag-noticiasprincipais","tag-opiniao","tag-pais","tag-pitagorica","tag-politica","tag-portugal","tag-principais-noticias","tag-principaisnoticias","tag-pt","tag-sondagem-diaria","tag-top-stories","tag-topstories","tag-tracking-poll","tag-ultimas","tag-ultimas-noticias","tag-ultimasnoticias"],"share_on_mastodon":{"url":"","error":"Validation failed: Text character limit of 500 exceeded"},"_links":{"self":[{"href":"https:\/\/www.europesays.com\/pt\/wp-json\/wp\/v2\/posts\/257747","targetHints":{"allow":["GET"]}}],"collection":[{"href":"https:\/\/www.europesays.com\/pt\/wp-json\/wp\/v2\/posts"}],"about":[{"href":"https:\/\/www.europesays.com\/pt\/wp-json\/wp\/v2\/types\/post"}],"author":[{"embeddable":true,"href":"https:\/\/www.europesays.com\/pt\/wp-json\/wp\/v2\/users\/2"}],"replies":[{"embeddable":true,"href":"https:\/\/www.europesays.com\/pt\/wp-json\/wp\/v2\/comments?post=257747"}],"version-history":[{"count":0,"href":"https:\/\/www.europesays.com\/pt\/wp-json\/wp\/v2\/posts\/257747\/revisions"}],"wp:featuredmedia":[{"embeddable":true,"href":"https:\/\/www.europesays.com\/pt\/wp-json\/wp\/v2\/media\/257748"}],"wp:attachment":[{"href":"https:\/\/www.europesays.com\/pt\/wp-json\/wp\/v2\/media?parent=257747"}],"wp:term":[{"taxonomy":"category","embeddable":true,"href":"https:\/\/www.europesays.com\/pt\/wp-json\/wp\/v2\/categories?post=257747"},{"taxonomy":"post_tag","embeddable":true,"href":"https:\/\/www.europesays.com\/pt\/wp-json\/wp\/v2\/tags?post=257747"}],"curies":[{"name":"wp","href":"https:\/\/api.w.org\/{rel}","templated":true}]}}