{"id":25778,"date":"2025-08-12T02:55:17","date_gmt":"2025-08-12T02:55:17","guid":{"rendered":"https:\/\/www.europesays.com\/pt\/25778\/"},"modified":"2025-08-12T02:55:17","modified_gmt":"2025-08-12T02:55:17","slug":"joao-amaral-vai-ser-o-novo-diretor-de-scouting-do-barcelona-observador","status":"publish","type":"post","link":"https:\/\/www.europesays.com\/pt\/25778\/","title":{"rendered":"Jo\u00e3o Amaral vai ser o novo diretor de scouting do Barcelona \u2013 Observador"},"content":{"rendered":"<p>De Vila do Conde para a Catalunha: <strong>Jo\u00e3o Amaral, at\u00e9 aqui diretor t\u00e9cnico do Rio Ave, vai ser o novo diretor de scouting do Barcelona.<\/strong> O dirigente de 38 anos comunicou a sa\u00edda aos vilacondenses no in\u00edcio do ver\u00e3o e j\u00e1 se encontra mesmo a trabalhar na Cidade Desportiva Joan Gamper, sendo que a oficializa\u00e7\u00e3o deve acontecer ainda durante esta semana.<\/p>\n<p><a href=\"https:\/\/www.sport.es\/es\/noticias\/barca\/barca-nuevo-director-fichajes-120524776\" rel=\"nofollow noopener\" target=\"_blank\">De acordo<\/a> com o jornal Sport, Jo\u00e3o Amaral j\u00e1 est\u00e1 em contacto com a equipa que vai coordenar e<strong> ter\u00e1 como grande prioridade a busca de talento jovem<\/strong> que possa integrar a equipa principal ou a equipa B do Barcelona, uma estrat\u00e9gia que se tornou crucial nos \u00faltimos anos do clube face \u00e0s dificuldades financeiras para contratar jogadores estabelecidos e com mais experi\u00eancia.<\/p>\n<blockquote class=\"twitter-tweet\" data-width=\"500\" data-dnt=\"true\">\n<p lang=\"en\" dir=\"ltr\">???????? Barcelona complete appointment of Jo\u00e3o Amaral as new Head of scouting with immediate effect.<\/p>\n<p>Former Rio Ave director has full trust from Deco as they share very close relationship. <a href=\"https:\/\/t.co\/tJMjzcyouk\" rel=\"nofollow\">pic.twitter.com\/tJMjzcyouk<\/a><\/p>\n<p>\u2014 Fabrizio Romano (@FabrizioRomano) <a href=\"https:\/\/twitter.com\/FabrizioRomano\/status\/1954822341474546167?ref_src=twsrc%5Etfw\" rel=\"nofollow noopener\" target=\"_blank\">August 11, 2025<\/a><\/p>\n<\/blockquote>\n<p>O dirigente portugu\u00eas, natural de Vila do Conde,<strong> beneficia do facto de ser muito pr\u00f3ximo de Deco,<\/strong> diretor desportivo do Barcelona: mant\u00e9m rela\u00e7\u00f5es profissionais com o antigo m\u00e9dio h\u00e1 v\u00e1rios anos e chegou mesmo a trabalhar com ele na D20 Sports, a empresa de agenciamento e gest\u00e3o de carreiras de jogadores que este detinha at\u00e9 assumir o relevante cargo nos catal\u00e3es.<\/p>\n<p>Jo\u00e3o Amaral, que j\u00e1 tinha colaborado com o Barcelona, o Bolonha e a Atalanta antes de chegar ao Rio Ave em junho do ano passado, <strong>vai assim substituir outro portugu\u00eas, Paulo Ara\u00fajo,<\/strong> que deixou os catal\u00e3es h\u00e1 poucas semanas para assumir o cargo de diretor de scouting do FC Porto.<\/p>\n<p><strong>[<\/strong><b>Um homem desobedece \u00e0s ordens dos terroristas e da pol\u00edcia e entra sozinho na embaixada. Momentos depois, ouve-se uma enorme explos\u00e3o<\/b><strong>.\u00a0<a href=\"http:\/\/[Um%20homem%20desobedece%20%C3%A0s%20ordens%20dos%20terroristas%20e%20da%20pol%C3%ADcia%20e%20entra%20sozinho%20na%20embaixada.%20Momentos%20depois,%20ouve-se%20uma%20enorme%20explos%C3%A3o.%20%E2%80%9C1983:%20Portugal%20%C3%A0%20Queima-Roupa%E2%80%9D%20%C3%A9%20a%20hist%C3%B3ria%20do%20ano%20em%20que%20dois%20grupos%20terroristas%20internacionais%20atacaram%20em%20Portugal.%20Um%20comando%20paramilitar%20tomou%20de%20assalto%20a%20embaixada%20turca%20em%20Lisboa%20e%20uma%20execu%C3%A7%C3%A3o%20sum%C3%A1ria%20no%20Algarve%20abalou%20o%20M%C3%A9dio%20Oriente.%20%C3%89%20narrada%20pela%20atriz%20Victoria%20Guerra,%20com%20banda%20sonora%20original%20dos%20Linda%20Martini.%20Ou%C3%A7a%20o%20quarto%20epis%C3%B3dio%20no%20site%20do%20Observador,%20na%20Apple%20Podcasts,%20no%20Spotify%20e%20no%20Youtube%20Music.%20%E2%80%9C1983:%20Portugal%20%C3%A0%20Queima-Roupa%E2%80%9D%20%C3%A9%20a%20hist%C3%B3ria%20do%20ano%20em%20que%20dois%20grupos%20terroristas%20internacionais%20atacaram%20em%20Portugal.%20Um%20comando%20paramilitar%20tomou%20de%20assalto%20uma%20embaixada%20em%20Lisboa%20e%20esta%20execu%C3%A7%C3%A3o%20sum%C3%A1ria%20no%20Algarve%20abalou%20o%20M%C3%A9dio%20Oriente.%20%C3%89%20narrada%20pela%20atriz%20Victoria%20Guerra,%20com%20banda%20sonora%20original%20dos%20Linda%20Martini.%20Ou%C3%A7a%20o%20quarto%20epis%C3%B3dio%20no%20site%20do%20Observador,%20na%20Apple%20Podcasts,%20no%20Spotify%20e%20no%20Youtube%20Music.%20E%20ou%C3%A7a%20o%20primeiro%20epis%C3%B3dio%20aqui%20e%20o%20segundo%20aqui%20e%20o%20terceiro%20aqui]\/\" target=\"_blank\" rel=\"noopener nofollow\">\u201c1983: Portugal \u00e0 Queima-Roupa\u201d<\/a>\u00a0\u00e9 a hist\u00f3ria do ano em que dois grupos terroristas internacionais atacaram em Portugal. Um comando paramilitar tomou de assalto a embaixada turca em Lisboa e uma execu\u00e7\u00e3o sum\u00e1ria no Algarve abalou o M\u00e9dio Oriente. \u00c9 narrada pela atriz Victoria Guerra, com banda sonora original dos Linda Martini.<\/strong><strong>\u00a0Ou\u00e7a\u00a0<a href=\"https:\/\/observador.pt\/programas\/1983-portugal-queima-roupa\/episodio-4-o-primeiro-andar-explodiu\/\" rel=\"nofollow noopener\" target=\"_blank\">o quarto epis\u00f3dio<\/a>\u00a0no site do Observador, na\u00a0<a href=\"https:\/\/podcasts.apple.com\/pt\/podcast\/epis%C3%B3dio-4-o-primeiro-andar-explodiu-1983-portugal\/id1826483822?i=1000721563863\" target=\"_blank\" rel=\"noopener nofollow\">Apple Podcasts<\/a>, no\u00a0<a href=\"https:\/\/open.spotify.com\/episode\/3k9uyqlRfw9IHrU9Qd47Bb?si=e718bbff44554be8\" target=\"_blank\" rel=\"noopener nofollow\">Spotify<\/a>\u00a0e no\u00a0<a href=\"https:\/\/music.youtube.com\/watch?v=b2N33k9lO5c&amp;si=TabP09fg3fonDGiA\" target=\"_blank\" rel=\"noopener nofollow\">Youtube Music<\/a>.\u00a0<\/strong><strong>E ou\u00e7a o primeiro epis\u00f3dio\u00a0<a href=\"https:\/\/observador.pt\/programas\/1983-portugal-queima-roupa\/estreia-1983-portugal-a-queima-roupa-episodio-1-um-corpo-no-lobby-do-hotel\/\" target=\"_blank\" rel=\"noopener ugc nofollow\">aqui<\/a>, o segundo\u00a0<a href=\"https:\/\/observador.pt\/programas\/1983-portugal-queima-roupa\/episodio-2-o-terrorista-do-quarto-507\/\" target=\"_blank\" rel=\"noopener ugc nofollow\">aqui<\/a>\u00a0<\/strong><strong>e o terceiro\u00a0<a href=\"https:\/\/observador.pt\/programas\/1983-portugal-queima-roupa\/episodio-3-ataque-a-embaixada\/\" rel=\"nofollow noopener\" target=\"_blank\">aqui<\/a>]<\/strong><\/p>\n<p><a href=\"https:\/\/observador.pt\/programas\/1983-portugal-queima-roupa\/episodio-4-o-primeiro-andar-explodiu\/\" rel=\"nofollow noopener\" target=\"_blank\"><\/p>\n<p>        <img src=\"https:\/\/www.europesays.com\/pt\/wp-content\/uploads\/2025\/08\/1754624952_991_1983-capa-com-playjpg.jpeg\" alt=\"\" loading=\"lazy\" decoding=\"async\" class=\"alignnone\" onload=\"this.parentElement.classList.remove('spinner')\" onerror=\"this.parentElement.classList.remove('spinner')\" width=\"770\" height=\"433\"\/>    <\/p>\n<p><\/a><\/p>\n<p>            <script async src=\"https:\/\/platform.twitter.com\/widgets.js\" charset=\"utf-8\"><\/script><\/p>\n","protected":false},"excerpt":{"rendered":"De Vila do Conde para a Catalunha: Jo\u00e3o Amaral, at\u00e9 aqui diretor t\u00e9cnico do Rio Ave, vai ser&hellip;\n","protected":false},"author":2,"featured_media":25779,"comment_status":"","ping_status":"","sticky":false,"template":"","format":"standard","meta":{"footnotes":""},"categories":[87],"tags":[135,1291,524,32,33,134],"class_list":{"0":"post-25778","1":"post","2":"type-post","3":"status-publish","4":"format-standard","5":"has-post-thumbnail","7":"category-desporto","8":"tag-desporto","9":"tag-fc-barcelona","10":"tag-futebol","11":"tag-portugal","12":"tag-pt","13":"tag-sports"},"share_on_mastodon":{"url":"","error":""},"_links":{"self":[{"href":"https:\/\/www.europesays.com\/pt\/wp-json\/wp\/v2\/posts\/25778","targetHints":{"allow":["GET"]}}],"collection":[{"href":"https:\/\/www.europesays.com\/pt\/wp-json\/wp\/v2\/posts"}],"about":[{"href":"https:\/\/www.europesays.com\/pt\/wp-json\/wp\/v2\/types\/post"}],"author":[{"embeddable":true,"href":"https:\/\/www.europesays.com\/pt\/wp-json\/wp\/v2\/users\/2"}],"replies":[{"embeddable":true,"href":"https:\/\/www.europesays.com\/pt\/wp-json\/wp\/v2\/comments?post=25778"}],"version-history":[{"count":0,"href":"https:\/\/www.europesays.com\/pt\/wp-json\/wp\/v2\/posts\/25778\/revisions"}],"wp:featuredmedia":[{"embeddable":true,"href":"https:\/\/www.europesays.com\/pt\/wp-json\/wp\/v2\/media\/25779"}],"wp:attachment":[{"href":"https:\/\/www.europesays.com\/pt\/wp-json\/wp\/v2\/media?parent=25778"}],"wp:term":[{"taxonomy":"category","embeddable":true,"href":"https:\/\/www.europesays.com\/pt\/wp-json\/wp\/v2\/categories?post=25778"},{"taxonomy":"post_tag","embeddable":true,"href":"https:\/\/www.europesays.com\/pt\/wp-json\/wp\/v2\/tags?post=25778"}],"curies":[{"name":"wp","href":"https:\/\/api.w.org\/{rel}","templated":true}]}}