{"id":25788,"date":"2025-08-12T03:09:18","date_gmt":"2025-08-12T03:09:18","guid":{"rendered":"https:\/\/www.europesays.com\/pt\/25788\/"},"modified":"2025-08-12T03:09:18","modified_gmt":"2025-08-12T03:09:18","slug":"jack-grealish-joao-felix-e-a-maldicao-das-transferencias-dos-100-milhoes-de-euros-diario-de-noticias","status":"publish","type":"post","link":"https:\/\/www.europesays.com\/pt\/25788\/","title":{"rendered":"Jack Grealish, Jo\u00e3o F\u00e9lix e a maldi\u00e7\u00e3o das transfer\u00eancias dos 100 milh\u00f5es de euros &#8211; Di\u00e1rio de Not\u00edcias"},"content":{"rendered":"<ol>\n<li><a href=\"https:\/\/news.google.com\/rss\/articles\/CBMi1AFBVV95cUxOZFRmazRXTlZjYlFoaVBzeHBXOXZPSGp3YUdoUWJUYnF2RVROZ0RRQzhFR2t6dUFlMENlMnM3dVNlYWRKMTNuc0pOSkhPeEtiZ1kxVU0zMVJ1Y25STXFLLTVoQ0gtb2tEME41aENhOUppNXFEY2pjVW1xRnRuUEQ1OVctX08xLUZZWFVFclFMLVlfZHpVMTA5RkJ3SWVBay1uS3hHdHJsRHF2dGFHNERCUFBPXy11RjhXYnRXYzdUa2V1Tzl2SkJ5VHhxQ0xkRi1qd2F6bw?oc=5\" target=\"_blank\" rel=\"nofollow noopener\">Jack Grealish, Jo\u00e3o F\u00e9lix e a maldi\u00e7\u00e3o das transfer\u00eancias dos 100 milh\u00f5es de euros<\/a>&nbsp;&nbsp;Di\u00e1rio de Not\u00edcias<\/li>\n<li><a href=\"https:\/\/news.google.com\/rss\/articles\/CBMi-AFBVV95cUxQTHBRaGtRcjgwczI3a1BBWWJVQUFVWVFaaXJyMXJSTWJUSlBoVnFhN1EtT3hIVzBubFZ1Rlo1THQ5UW9LdlFrOUZ3Umk1Q2RuMmQ2dzZYV0JvQVNvU0x5WUsyNVYzMzBER3R4c2p4SnI0MW5YTmZybmdvTVptckVOUzdlT0NFaFJuYkxtSkY5NkVxNWJkRVBvX3NwZEtWcFFaaDJQVEpvSFdsWTh5SG9qcmxKWUJBOXJVZ1gweHRHc0h3WDd4bG42cmJQdnR4R1BIdHNQVXR3cUJXUWVmMHloUFlMSzNiNWRRNFczM2xFNU1Ebkg4TFptONIBhwJBVV95cUxPQWNteTllb2pFRFpQYXRjRERTRE15d242QWhPVGJ6bE52YnBPOTZudHFvbTZvdktpRmNHemdIWHpUS0I5S3l0aDE2bld2Z1VqSVBQQkdLY05YUF96dWhYdHVWN2R1dkl5X0luVXlqcEdrYzFTdHdXSWRHQjFMLTBXSk5nd1ppZUw3bGZtb3dFdkRmMExwc3RScVpORUI5dlFjcWVQR3pQcFRLSlVDT21MVVpIYlAxZjk4NEMzajBsSUpPM2FwWVJ2clktOWkzZGhqU1Rxak1SR1QxRk4wNEhNRGlvSG9ILXc0azBSRlVEVnVHQ0RCRDZ5aTBjOWlDYm5wdVJrUDZNWQ?oc=5\" target=\"_blank\" rel=\"nofollow noopener\">Everton acerta a contrata\u00e7\u00e3o de Grealish, do Manchester City, por empr\u00e9stimo<\/a>&nbsp;&nbsp;GE<\/li>\n<li><a href=\"https:\/\/news.google.com\/rss\/articles\/CBMi0AFBVV95cUxQVVFvUlVkbGlDRlZRdHJ5SUs1SVNYWVBGbzBTb3VfNzhiTUU4dV92TFhQRjRXMTNldmN0ZE1YQl82MnZaalc3azFicVJZdURjcFlEajRncWtCNkhud1dDVnUyWDBjcEtyeExITzVyR1A1VjlXb0dxcWhSX24zZl9iRldsV3RYX3dEX0FxX05YSTh5dm0xTm9IbjZNTXduSDNoSlFLUWJkRG9vTEZ2NXhod2N4dFlJSTd5QzNhMF9TSXFsTmstSl9CaWZSU0FmT3Bz?oc=5\" target=\"_blank\" rel=\"nofollow noopener\">Refor\u00e7o de R$ 730 milh\u00f5es vai trocar o Manchester City por rival na Premier League<\/a>&nbsp;&nbsp;ESPN Brasil<\/li>\n<li><a href=\"https:\/\/news.google.com\/rss\/articles\/CBMi-AFBVV95cUxQaEVoMFpYY1UyUnR5MldHeUs3ZVVVR0ptWldzTFZucW5lMGtaa3dfUl9OejhWVjZJNHJZM05WWjYycmg4SDhJTUpYSHZyeThqSlVhRXBXOVRDZUlJUWowRXZJal9FSWM2S0hnTE9xbWp0eTlFMGVSc0JlTmF0bHV0T29kaWU0cERlRUV0Yzd0SG1NMzNmLXNiYjJtc19PRzh1LVMzVEJLTk9TVk4tLWhTYkxIT0RJclNNR1JYYWVpZ09ZQS01Q1NwN0EwQmZ5Y3hrRWdLWHZLSEFWVlZZWDB3Y1Q1azR0c1RsbGdLdXJuZ3l2cGQzWVVieg?oc=5\" target=\"_blank\" rel=\"nofollow noopener\">Jogador que &#8220;evitou&#8221; Messi de ir para o City fecha com novo clube<\/a>&nbsp;&nbsp;Terra<\/li>\n<li><a href=\"https:\/\/news.google.com\/rss\/articles\/CBMi_AFBVV95cUxPTk5QU1dLb0toRTZnZ0g0d1FMbEZ5ZG9rUFU2RENIU1JWZmhPUTg3ekc3WjQ4N05PczNHcFlveVc0M0xYbDlWQy1NUmNoblFFZkVOOS1UMjhJdVlLRnExMjJqZklaUVBWdUJYMXN3X3hsUEVJa3ZFTTZkdmJ1aHctXzdacFVVbmlNUmRyMDh4VjdRS2FBV2F1eFhma0xDdDRKSHNjalpmV0ljYnJmNkR4OXJEUjFCYVpTWXJxTzVVUE81MDJnUEJPcXBhMnMyZjVSUXBVN2ZWYUI2bFhPYWhzMUhIRDc4U1hMOVQyX2tZTElTNXdOM3ZIaTNFQU0?oc=5\" target=\"_blank\" rel=\"nofollow noopener\">Grealish e Savinho de sa\u00edda do Manchester City; confira como est\u00e3o as negocia\u00e7\u00f5es<\/a>&nbsp;&nbsp;GZH<\/li>\n<\/ol>\n","protected":false},"excerpt":{"rendered":"Jack Grealish, Jo\u00e3o F\u00e9lix e a maldi\u00e7\u00e3o das transfer\u00eancias dos 100 milh\u00f5es de euros&nbsp;&nbsp;Di\u00e1rio de Not\u00edcias Everton acerta&hellip;\n","protected":false},"author":2,"featured_media":25789,"comment_status":"","ping_status":"","sticky":false,"template":"","format":"standard","meta":{"footnotes":""},"categories":[87],"tags":[135,306,8989,41,32,33,134],"class_list":{"0":"post-25788","1":"post","2":"type-post","3":"status-publish","4":"format-standard","5":"has-post-thumbnail","7":"category-desporto","8":"tag-desporto","9":"tag-edicao-impressa","10":"tag-jack-grealish","11":"tag-mercado-de-transferencias","12":"tag-portugal","13":"tag-pt","14":"tag-sports"},"share_on_mastodon":{"url":"","error":""},"_links":{"self":[{"href":"https:\/\/www.europesays.com\/pt\/wp-json\/wp\/v2\/posts\/25788","targetHints":{"allow":["GET"]}}],"collection":[{"href":"https:\/\/www.europesays.com\/pt\/wp-json\/wp\/v2\/posts"}],"about":[{"href":"https:\/\/www.europesays.com\/pt\/wp-json\/wp\/v2\/types\/post"}],"author":[{"embeddable":true,"href":"https:\/\/www.europesays.com\/pt\/wp-json\/wp\/v2\/users\/2"}],"replies":[{"embeddable":true,"href":"https:\/\/www.europesays.com\/pt\/wp-json\/wp\/v2\/comments?post=25788"}],"version-history":[{"count":0,"href":"https:\/\/www.europesays.com\/pt\/wp-json\/wp\/v2\/posts\/25788\/revisions"}],"wp:featuredmedia":[{"embeddable":true,"href":"https:\/\/www.europesays.com\/pt\/wp-json\/wp\/v2\/media\/25789"}],"wp:attachment":[{"href":"https:\/\/www.europesays.com\/pt\/wp-json\/wp\/v2\/media?parent=25788"}],"wp:term":[{"taxonomy":"category","embeddable":true,"href":"https:\/\/www.europesays.com\/pt\/wp-json\/wp\/v2\/categories?post=25788"},{"taxonomy":"post_tag","embeddable":true,"href":"https:\/\/www.europesays.com\/pt\/wp-json\/wp\/v2\/tags?post=25788"}],"curies":[{"name":"wp","href":"https:\/\/api.w.org\/{rel}","templated":true}]}}