{"id":257921,"date":"2026-02-05T15:26:09","date_gmt":"2026-02-05T15:26:09","guid":{"rendered":"https:\/\/www.europesays.com\/pt\/257921\/"},"modified":"2026-02-05T15:26:09","modified_gmt":"2026-02-05T15:26:09","slug":"muro-que-separa-coruche-do-rio-sorraia-em-risco-com-fissura-numa-junta","status":"publish","type":"post","link":"https:\/\/www.europesays.com\/pt\/257921\/","title":{"rendered":"Muro que separa Coruche do rio Sorraia em risco com fissura numa junta"},"content":{"rendered":"<p>O muro que separa o rio Sorraia da vila de Coruche est\u00e1 em risco, depois desta manh\u00e3 ter sido identificada uma fissura numa junta, que conforme o NS constatou no local est\u00e1 j\u00e1 a deixar passar \u00e1gua.<\/p>\n<p>O alerta foi dado por moradores da zona, junto \u00e0s bombas de combust\u00edvel na Avenida do Sorraia, e ali foi poss\u00edvel constatar que o mesmo come\u00e7ou a ceder.<\/p>\n<p>Segundo foi poss\u00edvel apurar, a C\u00e2mara Municipal de Coruche reuniu j\u00e1 depois das 9 horas, para avaliar a situa\u00e7\u00e3o das cheias no rio Sorraia, que estavam j\u00e1 previstas h\u00e1 v\u00e1rios dias.<\/p>\n<p>De momento a \u00e1gua chega j\u00e1 a algumas zonas mais baixas, como o P\u00e1teo da Piedade, Rua Direita, entre outras art\u00e9rias mais baixas da vila de Coruche.<\/p>\n<p>O posto da GNR de Coruche est\u00e1 tamb\u00e9m condicionado.<\/p>\n<p>At\u00e9 agora a C\u00e2mara Municipal de Coruche n\u00e3o emitiu qualquer aviso ou nota sobre as cheias e as possibilidades para as pr\u00f3ximas horas.<\/p>\n<p><img fetchpriority=\"high\" decoding=\"async\" width=\"1024\" height=\"768\" data-id=\"100135030\" src=\"https:\/\/www.europesays.com\/pt\/wp-content\/uploads\/2026\/02\/Muro_Rio_Sorraia_Coruche_05022026-1-1024x768.jpg\" alt=\"\" class=\"wp-image-100135030\"  \/><\/p>\n<p><img loading=\"lazy\" decoding=\"async\" width=\"1024\" height=\"768\" data-id=\"100135031\" src=\"https:\/\/www.europesays.com\/pt\/wp-content\/uploads\/2026\/02\/Muro_Rio_Sorraia_Coruche_05022026-2-1024x768.jpg\" alt=\"\" class=\"wp-image-100135031\"  \/><\/p>\n<p><img loading=\"lazy\" decoding=\"async\" width=\"1024\" height=\"768\" data-id=\"100135032\" src=\"https:\/\/www.europesays.com\/pt\/wp-content\/uploads\/2026\/02\/Muro_Rio_Sorraia_Coruche_05022026-3-1024x768.jpg\" alt=\"\" class=\"wp-image-100135032\"  \/><\/p>\n<p><img loading=\"lazy\" decoding=\"async\" width=\"1024\" height=\"768\" data-id=\"100135033\" src=\"https:\/\/www.europesays.com\/pt\/wp-content\/uploads\/2026\/02\/Muro_Rio_Sorraia_Coruche_05022026-4-1024x768.jpg\" alt=\"\" class=\"wp-image-100135033\"  \/><\/p>\n","protected":false},"excerpt":{"rendered":"O muro que separa o rio Sorraia da vila de Coruche est\u00e1 em risco, depois desta manh\u00e3 ter&hellip;\n","protected":false},"author":2,"featured_media":257922,"comment_status":"","ping_status":"","sticky":false,"template":"","format":"standard","meta":{"footnotes":""},"categories":[8],"tags":[27,28,15,16,14,25,26,21,22,12,13,19,20,32,23,24,33,17,18,29,30,31],"class_list":{"0":"post-257921","1":"post","2":"type-post","3":"status-publish","4":"format-standard","5":"has-post-thumbnail","7":"category-principais-noticias","8":"tag-breaking-news","9":"tag-breakingnews","10":"tag-featured-news","11":"tag-featurednews","12":"tag-headlines","13":"tag-latest-news","14":"tag-latestnews","15":"tag-main-news","16":"tag-mainnews","17":"tag-news","18":"tag-noticias","19":"tag-noticias-principais","20":"tag-noticiasprincipais","21":"tag-portugal","22":"tag-principais-noticias","23":"tag-principaisnoticias","24":"tag-pt","25":"tag-top-stories","26":"tag-topstories","27":"tag-ultimas","28":"tag-ultimas-noticias","29":"tag-ultimasnoticias"},"share_on_mastodon":{"url":"https:\/\/pubeurope.com\/@pt\/116018727397842997","error":""},"_links":{"self":[{"href":"https:\/\/www.europesays.com\/pt\/wp-json\/wp\/v2\/posts\/257921","targetHints":{"allow":["GET"]}}],"collection":[{"href":"https:\/\/www.europesays.com\/pt\/wp-json\/wp\/v2\/posts"}],"about":[{"href":"https:\/\/www.europesays.com\/pt\/wp-json\/wp\/v2\/types\/post"}],"author":[{"embeddable":true,"href":"https:\/\/www.europesays.com\/pt\/wp-json\/wp\/v2\/users\/2"}],"replies":[{"embeddable":true,"href":"https:\/\/www.europesays.com\/pt\/wp-json\/wp\/v2\/comments?post=257921"}],"version-history":[{"count":0,"href":"https:\/\/www.europesays.com\/pt\/wp-json\/wp\/v2\/posts\/257921\/revisions"}],"wp:featuredmedia":[{"embeddable":true,"href":"https:\/\/www.europesays.com\/pt\/wp-json\/wp\/v2\/media\/257922"}],"wp:attachment":[{"href":"https:\/\/www.europesays.com\/pt\/wp-json\/wp\/v2\/media?parent=257921"}],"wp:term":[{"taxonomy":"category","embeddable":true,"href":"https:\/\/www.europesays.com\/pt\/wp-json\/wp\/v2\/categories?post=257921"},{"taxonomy":"post_tag","embeddable":true,"href":"https:\/\/www.europesays.com\/pt\/wp-json\/wp\/v2\/tags?post=257921"}],"curies":[{"name":"wp","href":"https:\/\/api.w.org\/{rel}","templated":true}]}}