{"id":257999,"date":"2026-02-05T17:05:15","date_gmt":"2026-02-05T17:05:15","guid":{"rendered":"https:\/\/www.europesays.com\/pt\/257999\/"},"modified":"2026-02-05T17:05:15","modified_gmt":"2026-02-05T17:05:15","slug":"a-partir-de-segunda-feira-dia-9-outro-rio-atmosferico-alimentara-as-chuvas-no-oeste-da-europa","status":"publish","type":"post","link":"https:\/\/www.europesays.com\/pt\/257999\/","title":{"rendered":"a partir de segunda-feira, dia 9, outro rio atmosf\u00e9rico alimentar\u00e1 as chuvas no oeste da Europa"},"content":{"rendered":"<p> <img decoding=\"async\" fetchpriority=\"high\" src=\"https:\/\/www.europesays.com\/pt\/wp-content\/uploads\/2026\/02\/chuva-em-portugal-a-partir-de-segunda-feira-dia-9-outro-rio-atmosferico-alimentara-as-chuvas-no-oest.jpeg\"  width=\"768\" height=\"432\" alt=\"Nos pr\u00f3ximos dias o guarda-chuva vai continuar a ser necess\u00e1rio em Portugal continental.\" data-image=\"8an9b1f8lsc8\"\/>Nos pr\u00f3ximos dias o guarda-chuva vai continuar a ser necess\u00e1rio em Portugal continental.   <img decoding=\"async\" fetchpriority=\"high\" src=\"https:\/\/www.europesays.com\/pt\/wp-content\/uploads\/2025\/10\/alfredo-graca.jpg\" alt=\"Alfredo Gra\u00e7a\" width=\"40\" height=\"40\"\/>    <a class=\"nombre text-hv\" href=\"https:\/\/www.tempo.pt\/autor\/alfredo-graca\/\" title=\"Alfredo Gra\u00e7a\" rel=\"nofollow noopener\" target=\"_blank\">Alfredo Gra\u00e7a<\/a>        05\/02\/2026 13:39   6 min   <\/p>\n<p>De ontem para hoje foram registados valores de pluviosidade impressionante, que se traduziram em <strong>cheias e inunda\u00e7\u00f5es<\/strong> de v\u00e1rias zonas do Centro-Sul do pa\u00eds, com destaque para <strong>Alc\u00e1cer do Sal e para a subida de at\u00e9 cerca de 7 metros do caudal do rio Guadiana<\/strong>. A combina\u00e7\u00e3o de uma frente associada \u00e0 tempestade <strong>Leonardo<\/strong> com um <strong>rio atmosf\u00e9rico<\/strong> carregado de humidade proveniente das latitudes tropicais foi decisiva.<\/p>\n<p><strong>O que \u00e9 um rio atmosf\u00e9rico?<br \/><\/strong>Os rios atmosf\u00e9ricos s\u00e3o faixas estreitas e alongadas na atmosfera que funcionam como verdadeiros \u201ccorredores de transporte de vapor de \u00e1gua\u201d, deslocando grandes quantidades de humidade desde as zonas tropicais at\u00e9 \u00e0s latitudes m\u00e9dias. Quando interagem com frentes frias ou massas de ar inst\u00e1veis, podem gerar chuva forte e persistente.<\/p>\n<p>O temporal provocou in\u00fameros problemas pelo pa\u00eds fora: transbordamentos de v\u00e1rios rios, inunda\u00e7\u00f5es em zonas urbanas, deslizamentos de terras, entre outros. O mais preocupante \u00e9 o facto de que a instabilidade meteorol\u00f3gica, por enquanto, n\u00e3o dar\u00e1 tr\u00e9guas: <strong>segundo o modelo europeu, vai continuar a chover abundantemente em Portugal continental nos pr\u00f3ximos dias<\/strong>, pelo que o risco de ocorr\u00eancias como as acima mencionadas ir\u00e1 manter-se bastante elevado.<\/p>\n<p>Solos saturad\u00edssimos de \u00e1gua. O \u201ccomboio\u201d de tempestades e frentes persistir\u00e1 <\/p>\n<p><strong>A chuva est\u00e1 a ser extremamente persistente<\/strong>, ganhando contornos de maior abund\u00e2ncia nas zonas geogr\u00e1ficas cuja orografia est\u00e1 orientada para os ventos de Oeste\/Sudoeste que chegam carregados de vapor de \u00e1gua ap\u00f3s percorrerem o Atl\u00e2ntico.<\/p>\n<p><strong>A isto juntam-se os solos saturados que j\u00e1 n\u00e3o conseguem absorver mais \u00e1gua, os rios a transbordar, as albufeiras e barragens no limite<\/strong> (em v\u00e1rias j\u00e1 foram efetuadas manobras de seguran\u00e7a e descargas para evitar males maiores) e o derretimento da neve dos cumes das principais montanhas do Norte e Centro do pa\u00eds.<\/p>\n<p><img loading=\"lazy\" decoding=\"async\" fetchpriority=\"low\" class=\"lazy \" src=\"https:\/\/www.europesays.com\/pt\/wp-content\/uploads\/2026\/02\/chuva-em-portugal-a-partir-de-segunda-feira-9-outro-rio-atmosferico-alimentara-as-chuvas-no-oeste-da.png\"  width=\"768\" height=\"432\" alt=\"Em v\u00e1rios distritos do Norte e Centro prev\u00ea-se que a precipita\u00e7\u00e3o acumulada supere facilmente os 200 mm at\u00e9 ao final de ter\u00e7a-feira, 10 de fevereiro. Poder\u00e1 ultrapassar, nalguns locais, os 300 mm.\" data-image=\"kq7b3scysyjl\"\/>Em v\u00e1rios distritos do Norte e Centro prev\u00ea-se que a precipita\u00e7\u00e3o acumulada supere facilmente os 200 mm at\u00e9 ao final de ter\u00e7a-feira, 10 de fevereiro. Poder\u00e1 ultrapassar, nalguns locais, os 300 mm.<\/p>\n<p>Nos pr\u00f3ximos dias esta situa\u00e7\u00e3o pouco mudar\u00e1. Ap\u00f3s Leonardo, os mapas de refer\u00eancia da Meteored continuam a insistir na chegada de <strong>mais sistemas frontais muito ativos a Portugal<\/strong>, associados a <strong>pelo menos mais uma tempestade<\/strong>.<\/p>\n<p>At\u00e9 ao final da pr\u00f3xima <strong>ter\u00e7a-feira (10) preveem-se acumulados superiores a 200 mm<\/strong> nos distritos de <strong>Viana do Castelo, Braga, Porto, Aveiro, Coimbra<\/strong> e setores ocidentais dos distritos de <strong>Vila Real <\/strong>e<strong> Viseu<\/strong>. Em algumas zonas, como por exemplo nas zonas do Sever de Vouga e Serra do Arestal &#8211; entre Vale de Cambra e \u00c1gueda &#8211; estes registos poder\u00e3o superar localmente os <strong>300 mm<\/strong>, trazendo novos problemas.<\/p>\n<p><a class=\"imagen \" href=\"https:\/\/www.tempo.pt\/noticias\/previsao\/rajadas-de-vento-ate-100-km-h-sao-esperadas-11-horas-de-vento-muito-forte-saiba-quando-a-intensidade-ira-diminuir.html\" title=\"Rajadas de vento at\u00e9 100 km\/h: s\u00e3o esperadas 11 horas de vento muito forte. Saiba quando a intensidade ir\u00e1 diminuir\" rel=\"nofollow noopener\" target=\"_blank\"><img loading=\"lazy\" decoding=\"async\" fetchpriority=\"low\" class=\"lazy img-body non-editable\" src=\"https:\/\/www.europesays.com\/pt\/wp-content\/uploads\/2026\/02\/rajadas-de-vento-ate-100-km-h-sao-esperadas-11-horas-de-vento-muito-forte-saiba-quando-a-intensidade.png\"  width=\"320\" height=\"225\"\/><\/a><\/p>\n<p><strong>No final da pr\u00f3xima semana \u00e9 poss\u00edvel que se d\u00ea uma mudan\u00e7a<\/strong> na tend\u00eancia meteorol\u00f3gica, tendo em conta as \u00faltimas atualiza\u00e7\u00f5es dos principais modelos de previs\u00e3o (europeu e americano). O anticiclone dos A\u00e7ores poder\u00e1 gradualmente estender a sua influ\u00eancia sobre Portugal continental ao subir em latitude, por\u00e9m <strong>a incerteza mant\u00e9m-se elevada<\/strong> neste horizonte temporal.<\/p>\n<p>Mesmo assim, \u00e9 preciso ter em conta que <strong>a primeira metade da pr\u00f3xima semana ser\u00e1 novamente chuvosa<\/strong> em toda a geografia do Continente, segundo o modelo de confian\u00e7a da Meteored (Europeu).<\/p>\n<p>Um novo rio atmosf\u00e9rico marcar\u00e1 o arranque da pr\u00f3xima semana, especialmente em Portugal continental e A\u00e7ores<\/p>\n<p><strong>Entre segunda e ter\u00e7a-feira, dias 9 e 10 de fevereiro, um novo rio atmosf\u00e9rico<\/strong>, carregado de ar tropical quente e muito h\u00famido, <strong>ser\u00e1 impulsionado para o arquip\u00e9lago dos A\u00e7ores e Portugal continental<\/strong> devido ao transporte promovido pela circula\u00e7\u00e3o da nova tempestade atl\u00e2ntica e ao posicionamento do anticiclone dos A\u00e7ores. De acordo com os mapas, o rio de humidade atingir\u00e1 especialmente as regi\u00f5es Norte, Centro, \u00c1rea Metropolitana de Lisboa e Alto Alentejo, onde contribuir\u00e1 para a intensifica\u00e7\u00e3o, efici\u00eancia e persist\u00eancia da chuva.<\/p>\n<p><img loading=\"lazy\" decoding=\"async\" fetchpriority=\"low\" class=\"lazy \" src=\"https:\/\/www.europesays.com\/pt\/wp-content\/uploads\/2026\/02\/1770311115_917_chuva-em-portugal-a-partir-de-segunda-feira-9-outro-rio-atmosferico-alimentara-as-chuvas-no-oeste-da.png\"  width=\"768\" height=\"432\" alt=\"No in\u00edcio da pr\u00f3xima semana um novo rio atmosf\u00e9rico ir\u00e1 atingir o Sudoeste Europeu.\" data-image=\"cx4e5bydlg7x\"\/>No in\u00edcio da pr\u00f3xima semana um novo rio atmosf\u00e9rico ir\u00e1 atingir o Sudoeste Europeu.<\/p>\n<p>Com a progress\u00e3o da tempestade atl\u00e2ntica para leste, o rio de humidade afetar\u00e1 tamb\u00e9m o sul de Fran\u00e7a e as Ilhas Brit\u00e2nicas, trazendo chuva intensa. Os valores de<strong> precipita\u00e7\u00e3o di\u00e1rios previstos para o in\u00edcio da pr\u00f3xima semana n\u00e3o s\u00e3o t\u00e3o significativos como os dos \u00faltimos dias<\/strong>, mas \u00e9 importante recordar que continuar\u00e1 a chover sobre v\u00e1rias regi\u00f5es que est\u00e3o saturad\u00edssimas de \u00e1gua, isto \u00e9, num territ\u00f3rio que j\u00e1 est\u00e1 geralmente fragilizado e vulner\u00e1vel.<\/p>\n<p>Aqui na <strong>Meteored Portugal apelamos ao bom-senso e recomendamos o seguimento dos avisos, conselhos e instru\u00e7\u00f5es<\/strong> emitidos pelas autoridades e institui\u00e7\u00f5es. Com os solos saturados, rios a transbordar e v\u00e1rias albufeiras e barragens no limite, mesmo que a chuva abrande, continuar\u00e1 a haver problemas. Aten\u00e7\u00e3o tamb\u00e9m ao elevado risco de derrocadas e deslizamentos de terra, especialmente nas zonas montanhosas.<\/p>\n","protected":false},"excerpt":{"rendered":"Nos pr\u00f3ximos dias o guarda-chuva vai continuar a ser necess\u00e1rio em Portugal continental. Alfredo Gra\u00e7a 05\/02\/2026 13:39 6&hellip;\n","protected":false},"author":2,"featured_media":258000,"comment_status":"","ping_status":"","sticky":false,"template":"","format":"standard","meta":{"footnotes":""},"categories":[8],"tags":[27,28,2139,15,16,10741,14,25,26,21,22,8532,606,12,13,19,20,32,1429,23,24,33,16302,33240,12325,4116,17,18,29,30,31],"class_list":{"0":"post-257999","1":"post","2":"type-post","3":"status-publish","4":"format-standard","5":"has-post-thumbnail","7":"category-principais-noticias","8":"tag-breaking-news","9":"tag-breakingnews","10":"tag-chuva","11":"tag-featured-news","12":"tag-featurednews","13":"tag-frente","14":"tag-headlines","15":"tag-latest-news","16":"tag-latestnews","17":"tag-main-news","18":"tag-mainnews","19":"tag-mau-tempo","20":"tag-meteorologia","21":"tag-news","22":"tag-noticias","23":"tag-noticias-principais","24":"tag-noticiasprincipais","25":"tag-portugal","26":"tag-previsao-do-tempo","27":"tag-principais-noticias","28":"tag-principaisnoticias","29":"tag-pt","30":"tag-rio-atmosferico","31":"tag-tempestades","32":"tag-tempo-proxima-semana","33":"tag-tempo-proximos-dias","34":"tag-top-stories","35":"tag-topstories","36":"tag-ultimas","37":"tag-ultimas-noticias","38":"tag-ultimasnoticias"},"share_on_mastodon":{"url":"","error":"Validation failed: Text character limit of 500 exceeded"},"_links":{"self":[{"href":"https:\/\/www.europesays.com\/pt\/wp-json\/wp\/v2\/posts\/257999","targetHints":{"allow":["GET"]}}],"collection":[{"href":"https:\/\/www.europesays.com\/pt\/wp-json\/wp\/v2\/posts"}],"about":[{"href":"https:\/\/www.europesays.com\/pt\/wp-json\/wp\/v2\/types\/post"}],"author":[{"embeddable":true,"href":"https:\/\/www.europesays.com\/pt\/wp-json\/wp\/v2\/users\/2"}],"replies":[{"embeddable":true,"href":"https:\/\/www.europesays.com\/pt\/wp-json\/wp\/v2\/comments?post=257999"}],"version-history":[{"count":0,"href":"https:\/\/www.europesays.com\/pt\/wp-json\/wp\/v2\/posts\/257999\/revisions"}],"wp:featuredmedia":[{"embeddable":true,"href":"https:\/\/www.europesays.com\/pt\/wp-json\/wp\/v2\/media\/258000"}],"wp:attachment":[{"href":"https:\/\/www.europesays.com\/pt\/wp-json\/wp\/v2\/media?parent=257999"}],"wp:term":[{"taxonomy":"category","embeddable":true,"href":"https:\/\/www.europesays.com\/pt\/wp-json\/wp\/v2\/categories?post=257999"},{"taxonomy":"post_tag","embeddable":true,"href":"https:\/\/www.europesays.com\/pt\/wp-json\/wp\/v2\/tags?post=257999"}],"curies":[{"name":"wp","href":"https:\/\/api.w.org\/{rel}","templated":true}]}}