{"id":258248,"date":"2026-02-05T21:50:26","date_gmt":"2026-02-05T21:50:26","guid":{"rendered":"https:\/\/www.europesays.com\/pt\/258248\/"},"modified":"2026-02-05T21:50:26","modified_gmt":"2026-02-05T21:50:26","slug":"influenciadora-aninha-nobrega-revela-bastidores-do-fim-do-casamento-apos-repercussao-de-suposto-affair-com-filho-de-faustao","status":"publish","type":"post","link":"https:\/\/www.europesays.com\/pt\/258248\/","title":{"rendered":"Influenciadora Aninha N\u00f3brega revela bastidores do fim do casamento ap\u00f3s repercuss\u00e3o de suposto affair com filho de Faust\u00e3o"},"content":{"rendered":"\n<p class=\" content-text__container theme-color-primary-first-letter\" data-track-category=\"Link no Texto\" data-track-links=\"\"> A influenciadora<strong> Aninha N\u00f3brega<\/strong>, de 25 anos, que supostamente estaria vivendo um affair com o filho mais velho de <a class=\"\" href=\"https:\/\/revistaquem.globo.com\/famoso\/faustao\/\" rel=\"nofollow noopener\" target=\"_blank\">Faust\u00e3o<\/a>, <a class=\"\" href=\"https:\/\/revistaquem.globo.com\/famoso\/joao-silva\/\" rel=\"nofollow noopener\" target=\"_blank\">Jo\u00e3o Silva<\/a>, de 22, conversou com a <strong>Quem<\/strong> sobre a repercuss\u00e3o de imagens suas ao lado do jovem apresentador, dias ap\u00f3s anunciar o fim de seu casamento. Segundo ela, o relacionamento com <strong>Gabriel Gonzaga<\/strong>, pai de seus dois filhos, <strong>Pedro <\/strong>e <strong>Manuella<\/strong>, j\u00e1 havia chegado ao fim muito antes da divulga\u00e7\u00e3o das fotos com Jo\u00e3o. <\/p>\n","protected":false},"excerpt":{"rendered":"A influenciadora Aninha N\u00f3brega, de 25 anos, que supostamente estaria vivendo um affair com o filho mais velho&hellip;\n","protected":false},"author":2,"featured_media":258249,"comment_status":"","ping_status":"","sticky":false,"template":"","format":"standard","meta":{"footnotes":"","_share_on_mastodon":"0"},"categories":[145],"tags":[211,210,114,115,6456,5275,32,33],"class_list":["post-258248","post","type-post","status-publish","format-standard","has-post-thumbnail","category-celebridades","tag-celebridades","tag-celebrities","tag-entertainment","tag-entretenimento","tag-faustao","tag-joao-silva","tag-portugal","tag-pt"],"share_on_mastodon":{"url":"https:\/\/pubeurope.com\/@pt\/116020236959551337","error":""},"_links":{"self":[{"href":"https:\/\/www.europesays.com\/pt\/wp-json\/wp\/v2\/posts\/258248","targetHints":{"allow":["GET"]}}],"collection":[{"href":"https:\/\/www.europesays.com\/pt\/wp-json\/wp\/v2\/posts"}],"about":[{"href":"https:\/\/www.europesays.com\/pt\/wp-json\/wp\/v2\/types\/post"}],"author":[{"embeddable":true,"href":"https:\/\/www.europesays.com\/pt\/wp-json\/wp\/v2\/users\/2"}],"replies":[{"embeddable":true,"href":"https:\/\/www.europesays.com\/pt\/wp-json\/wp\/v2\/comments?post=258248"}],"version-history":[{"count":0,"href":"https:\/\/www.europesays.com\/pt\/wp-json\/wp\/v2\/posts\/258248\/revisions"}],"wp:featuredmedia":[{"embeddable":true,"href":"https:\/\/www.europesays.com\/pt\/wp-json\/wp\/v2\/media\/258249"}],"wp:attachment":[{"href":"https:\/\/www.europesays.com\/pt\/wp-json\/wp\/v2\/media?parent=258248"}],"wp:term":[{"taxonomy":"category","embeddable":true,"href":"https:\/\/www.europesays.com\/pt\/wp-json\/wp\/v2\/categories?post=258248"},{"taxonomy":"post_tag","embeddable":true,"href":"https:\/\/www.europesays.com\/pt\/wp-json\/wp\/v2\/tags?post=258248"}],"curies":[{"name":"wp","href":"https:\/\/api.w.org\/{rel}","templated":true}]}}