{"id":258297,"date":"2026-02-05T22:46:10","date_gmt":"2026-02-05T22:46:10","guid":{"rendered":"https:\/\/www.europesays.com\/pt\/258297\/"},"modified":"2026-02-05T22:46:10","modified_gmt":"2026-02-05T22:46:10","slug":"estado-de-saude-de-mara-maravilha-novo-comunicado-oficial-sobre-a-internacao-da-artista","status":"publish","type":"post","link":"https:\/\/www.europesays.com\/pt\/258297\/","title":{"rendered":"Estado de sa\u00fade de Mara Maravilha: Novo comunicado oficial sobre a interna\u00e7\u00e3o da artista"},"content":{"rendered":"<p>A apresentadora <a href=\"https:\/\/caras.com.br\/tags\/mara-maravilha\" rel=\"nofollow noopener\" target=\"_blank\"><strong>Mara Maravilha<\/strong><\/a> est\u00e1 internada em um hospital h\u00e1 alguns dias e segue sem previs\u00e3o de alta. Depois de passar um tempo na UTI, ela est\u00e1 no quarto e recebendo o tratamento adequado.<\/p>\n<p>Nesta quinta-feira, 5, a equipe da artista divulgou uma nota oficial para informar que o quadro de sa\u00fade dela \u00e9 est\u00e1vel e evoluindo positivamente. \u201cMara Maravilha segue internada na Rede Am\u00e9ricas\/Hospital Nove de Julho\/Porto Seguro. A apresentadora encontra-se est\u00e1vel e, apesar de ainda n\u00e3o haver previs\u00e3o de alta, a expectativa \u00e9 de que em breve possa retornar para casa e, posteriormente, \u00e0 sua agenda profissional\u201c, informaram.<\/p>\n<p>Vale lembrar que os representantes da apresentadora ainda n\u00e3o revelaram qual \u00e9 o problema de sa\u00fade que a levou ao hospital.<\/p>\n<p> Recado contra os haters <\/p>\n<p>A nota oficial da equipe de Mara Maravilha ainda foi usada para comunicar que ela vem sendo algo de haters na internet e que medidas ser\u00e3o tomadas no devido tempo. \u201cApesar da maioria das mensagens recebidas serem de amor e apoio, a equipe informa que Mara tem sido alvo de ataques n\u00e3o apenas nas redes sociais. Seu n\u00famero pessoal foi vazado, o que resultou em mensagens de \u00f3dio e at\u00e9 amea\u00e7as. As manifesta\u00e7\u00f5es mais graves tamb\u00e9m partiram de haters e de algumas pessoas dos meios art\u00edstico e pol\u00edtico. No momento oportuno e de forma respons\u00e1vel, todos esses epis\u00f3dios ser\u00e3o devidamente expostos e tratados pelas vias cab\u00edveis. Maravilha refor\u00e7a que vai vencer esse momento, sair fortalecida e afirma: \u201cSe Deus quiser me usar na pol\u00edtica, n\u00e3o temerei, porque se Ele \u00e9 por n\u00f3s, quem ser\u00e1 contra n\u00f3s?\u201d. A equipe e a apresentadora agradecem profundamente o apoio e as mensagens das pessoas de bem\u201c, informaram.<\/p>\n<blockquote class=\"instagram-media\" style=\"background: #FFF; border: 0; border-radius: 3px; box-shadow: 0 0 1px 0 rgba(0,0,0,0.5),0 1px 10px 0 rgba(0,0,0,0.15); margin: 1px; max-width: 540px; min-width: 326px; padding: 0; width: calc(100% - 2px);\" data-instgrm-captioned=\"\" data-instgrm-permalink=\"https:\/\/www.instagram.com\/p\/DUYRYoZESJ0\/?utm_source=ig_embed&amp;utm_campaign=loading\" data-instgrm-version=\"14\"><\/blockquote>\n<p><strong>Leia tamb\u00e9m:<\/strong> <a href=\"https:\/\/caras.com.br\/atualidades\/internada-mara-maravilha-sai-da-uti-e-tem-encontro-com-o-filho.phtml\" rel=\"nofollow noopener\" target=\"_blank\">Mara Maravilha recebe a visita do filho no hospital<\/a><\/p>\n<p>\u00a0<\/p>\n<p>        <a href=\"https:\/\/caras.com.br\/autor\/priscilla-comoti\" rel=\"nofollow noopener\" target=\"_blank\">&#13;<br \/>\n          <img loading=\"lazy\" alt=\"Priscilla Comoti\" src=\"https:\/\/www.europesays.com\/pt\/wp-content\/uploads\/2026\/02\/1770331570_964_e53883bdf02c542f6517b68879e8cb08b27a1d55c4dfd53577e47d3ab6331a06.png\"  class=\"avatar avatar-115 photo rounded-circle mr-3\" height=\"115\" width=\"115\" decoding=\"async\"\/>        <\/a><\/p>\n<p>Priscilla Comoti \u00e9 editora de conte\u00fado do site CARAS. Ela \u00e9 formada em jornalismo e em audiovisual, j\u00e1 passou pelos sites Contigo!, Minha Novela, TiTiTi, Mais Novela e Portal M\u00e1rcia Piovesan. Escreve sobre celebridades, not\u00edcias sobre a fam\u00edlia real brit\u00e2nica, TV, reality show e novelas.<\/p>\n<p>\t                                            <script async src=\"\/\/www.instagram.com\/embed.js\"><\/script><\/p>\n","protected":false},"excerpt":{"rendered":"A apresentadora Mara Maravilha est\u00e1 internada em um hospital h\u00e1 alguns dias e segue sem previs\u00e3o de alta.&hellip;\n","protected":false},"author":2,"featured_media":258298,"comment_status":"","ping_status":"","sticky":false,"template":"","format":"standard","meta":{"footnotes":"","_share_on_mastodon":"0"},"categories":[145],"tags":[211,210,114,115,1789,6023,47497,32,33],"class_list":["post-258297","post","type-post","status-publish","format-standard","has-post-thumbnail","category-celebridades","tag-celebridades","tag-celebrities","tag-entertainment","tag-entretenimento","tag-hospital","tag-internacao","tag-mara-maravilha","tag-portugal","tag-pt"],"share_on_mastodon":{"url":"https:\/\/pubeurope.com\/@pt\/116020457134633672","error":""},"_links":{"self":[{"href":"https:\/\/www.europesays.com\/pt\/wp-json\/wp\/v2\/posts\/258297","targetHints":{"allow":["GET"]}}],"collection":[{"href":"https:\/\/www.europesays.com\/pt\/wp-json\/wp\/v2\/posts"}],"about":[{"href":"https:\/\/www.europesays.com\/pt\/wp-json\/wp\/v2\/types\/post"}],"author":[{"embeddable":true,"href":"https:\/\/www.europesays.com\/pt\/wp-json\/wp\/v2\/users\/2"}],"replies":[{"embeddable":true,"href":"https:\/\/www.europesays.com\/pt\/wp-json\/wp\/v2\/comments?post=258297"}],"version-history":[{"count":0,"href":"https:\/\/www.europesays.com\/pt\/wp-json\/wp\/v2\/posts\/258297\/revisions"}],"wp:featuredmedia":[{"embeddable":true,"href":"https:\/\/www.europesays.com\/pt\/wp-json\/wp\/v2\/media\/258298"}],"wp:attachment":[{"href":"https:\/\/www.europesays.com\/pt\/wp-json\/wp\/v2\/media?parent=258297"}],"wp:term":[{"taxonomy":"category","embeddable":true,"href":"https:\/\/www.europesays.com\/pt\/wp-json\/wp\/v2\/categories?post=258297"},{"taxonomy":"post_tag","embeddable":true,"href":"https:\/\/www.europesays.com\/pt\/wp-json\/wp\/v2\/tags?post=258297"}],"curies":[{"name":"wp","href":"https:\/\/api.w.org\/{rel}","templated":true}]}}