{"id":25881,"date":"2025-08-12T05:55:16","date_gmt":"2025-08-12T05:55:16","guid":{"rendered":"https:\/\/www.europesays.com\/pt\/25881\/"},"modified":"2025-08-12T05:55:16","modified_gmt":"2025-08-12T05:55:16","slug":"por-esta-nem-ele-esperava-apos-expulsao-eduardo-ferreira-recebe-presente-inedito-ao-chegar-a-estudio-noticias-de-hoje","status":"publish","type":"post","link":"https:\/\/www.europesays.com\/pt\/25881\/","title":{"rendered":"Por esta nem ele esperava. Ap\u00f3s expuls\u00e3o, Eduardo Ferreira recebe presente in\u00e9dito ao chegar a est\u00fadio &#8211; Not\u00edcias de hoje"},"content":{"rendered":"<p>No <a href=\"https:\/\/tvi.iol.pt\/doisas10\/\" rel=\"nofollow noopener\" target=\"_blank\">\u00abDois \u00e0s 10\u00bb<\/a>, recebemos Eduardo Ferreira, o oitavo concorrente a ser expulso do \u00abBig Brother Ver\u00e3o\u00bb. A sua participa\u00e7\u00e3o terminou ontem, ap\u00f3s 20 dias intensos dentro da casa mais vigiada do pa\u00eds, onde entrou no dia 22 de julho. Durante esta passagem breve, mas intensa, protagonizou momentos de emo\u00e7\u00e3o, enfrentou desafios surpreendentes e criou liga\u00e7\u00f5es que marcaram a sua participa\u00e7\u00e3o.<\/p>\n<p>Eduardo recordou ainda a sua amizade com Marco Paulo e falou das dificuldades que enfrentou ao ser julgado por ser amante do cantor.<\/p>\n","protected":false},"excerpt":{"rendered":"No \u00abDois \u00e0s 10\u00bb, recebemos Eduardo Ferreira, o oitavo concorrente a ser expulso do \u00abBig Brother Ver\u00e3o\u00bb. A&hellip;\n","protected":false},"author":2,"featured_media":25882,"comment_status":"","ping_status":"","sticky":false,"template":"","format":"standard","meta":{"footnotes":""},"categories":[142],"tags":[1050,114,115,488,13,32,33,151],"class_list":{"0":"post-25881","1":"post","2":"type-post","3":"status-publish","4":"format-standard","5":"has-post-thumbnail","7":"category-tv","8":"tag-eduardo-ferreira","9":"tag-entertainment","10":"tag-entretenimento","11":"tag-iol","12":"tag-noticias","13":"tag-portugal","14":"tag-pt","15":"tag-tv"},"share_on_mastodon":{"url":"","error":""},"_links":{"self":[{"href":"https:\/\/www.europesays.com\/pt\/wp-json\/wp\/v2\/posts\/25881","targetHints":{"allow":["GET"]}}],"collection":[{"href":"https:\/\/www.europesays.com\/pt\/wp-json\/wp\/v2\/posts"}],"about":[{"href":"https:\/\/www.europesays.com\/pt\/wp-json\/wp\/v2\/types\/post"}],"author":[{"embeddable":true,"href":"https:\/\/www.europesays.com\/pt\/wp-json\/wp\/v2\/users\/2"}],"replies":[{"embeddable":true,"href":"https:\/\/www.europesays.com\/pt\/wp-json\/wp\/v2\/comments?post=25881"}],"version-history":[{"count":0,"href":"https:\/\/www.europesays.com\/pt\/wp-json\/wp\/v2\/posts\/25881\/revisions"}],"wp:featuredmedia":[{"embeddable":true,"href":"https:\/\/www.europesays.com\/pt\/wp-json\/wp\/v2\/media\/25882"}],"wp:attachment":[{"href":"https:\/\/www.europesays.com\/pt\/wp-json\/wp\/v2\/media?parent=25881"}],"wp:term":[{"taxonomy":"category","embeddable":true,"href":"https:\/\/www.europesays.com\/pt\/wp-json\/wp\/v2\/categories?post=25881"},{"taxonomy":"post_tag","embeddable":true,"href":"https:\/\/www.europesays.com\/pt\/wp-json\/wp\/v2\/tags?post=25881"}],"curies":[{"name":"wp","href":"https:\/\/api.w.org\/{rel}","templated":true}]}}