{"id":259082,"date":"2026-02-06T14:39:08","date_gmt":"2026-02-06T14:39:08","guid":{"rendered":"https:\/\/www.europesays.com\/pt\/259082\/"},"modified":"2026-02-06T14:39:08","modified_gmt":"2026-02-06T14:39:08","slug":"mariana-rios-mostra-detalhe-do-rostinho-do-filho-palo-copia-da-mamae","status":"publish","type":"post","link":"https:\/\/www.europesays.com\/pt\/259082\/","title":{"rendered":"Mariana Rios mostra detalhe do rostinho do filho, Palo: &#8216;C\u00f3pia da mam\u00e3e&#8217;"},"content":{"rendered":"<p>A atriz e apresentadora <a href=\"https:\/\/caras.com.br\/tags\/mariana-rios\" rel=\"nofollow noopener\" target=\"_blank\"><strong>Mariana Rios<\/strong><\/a> encantou os seguidores ao compartilhar alguns registros do filho, <a href=\"https:\/\/caras.com.br\/tags\/palo\" rel=\"nofollow noopener\" target=\"_blank\"><strong>Palo<\/strong><\/a>, de 1 m\u00eas. Na \u00faltima quinta-feira, 5, a artista dividiu com os f\u00e3s novos detalhes do rostinho do <a href=\"https:\/\/caras.com.br\/bebe\/veja-o-bolo-encantador-do-primeiro-mesversario-de-palo-filho-de-mariana-rios.phtml\" rel=\"nofollow noopener\" target=\"_blank\">pequeno, fruto de sua uni\u00e3o<\/a> com o economista <a href=\"https:\/\/caras.com.br\/tags\/juca-diniz\" rel=\"nofollow noopener\" target=\"_blank\"><strong>Juca Diniz<\/strong><\/a>.<\/p>\n<p>Entre os cliques publicados, Mariana mostrou o beb\u00ea sendo acalentado no colo da av\u00f3 materna, <strong>Adriana Rios<\/strong>. M\u00e3e coruja, a famosa fez quest\u00e3o de dar um close no olhar do herdeiro, que estava acordado no momento do registro.<\/p>\n<p>Mariana Rios tamb\u00e9m revelou uma foto fof\u00edssima de Palo com o pai. No registro, Juca Diniz e o pequeno foram fotografados no quartinho aconchegante do beb\u00ea. Al\u00e9m de novos cliques do filho, a atriz e apresentadora ainda publicou outros momentos especiais de sua semana, incluindo o retorno ao trabalho.<\/p>\n<p>Nos coment\u00e1rios da publica\u00e7\u00e3o, diversos internautas deixaram mensagens carinhosas a Mariana e apontaram o quanto o olhar de Palo se parece com o da atriz. \u201cEsse trenzinho lindo tem os olhinhos puxadinhos da mam\u00e3e\u201c, declarou uma seguidora.<\/p>\n<p>\u201cE Palo segue a c\u00f3pia da mam\u00e3e\u201c, disse outra. \u201cEle \u00e9 sua cara, d\u00e1 pra ver pelo olhar\u201c, falou uma terceira. \u201cIgual a m\u00e3e, fofura\u201c, comentou mais uma. Vale lembrar que, at\u00e9 o momento, Mariana Rios e Juca Diniz n\u00e3o mostraram publicamente nenhuma foto completa do rosto de Palo.<\/p>\n<p> Veja as novas fotos do filho de Mariana Rios: <img loading=\"lazy\" decoding=\"async\" class=\"size-full wp-image-1069082 img-fluid lazy\" alt=\"Palo, filho de Mariana Rios, com a av\u00f3 materna - Foto: Reprodu\u00e7\u00e3o \/ Instagram @marianarios \" width=\"1080\" height=\"1439\" src=\"https:\/\/www.europesays.com\/pt\/wp-content\/uploads\/2026\/02\/filho-mariana-rios.jpg\"  \/>Palo, filho de Mariana Rios, com a av\u00f3 materna \u2013 Foto: Reprodu\u00e7\u00e3o \/ Instagram @marianarios <img loading=\"lazy\" decoding=\"async\" class=\"size-full wp-image-1069083 img-fluid lazy\" alt=\"Juca Diniz com o filho, Palo - Foto: Reprodu\u00e7\u00e3o \/ Instagram @marianarios \" width=\"1080\" height=\"1439\" src=\"https:\/\/www.europesays.com\/pt\/wp-content\/uploads\/2026\/02\/juca-diniz-filho-mariana-rios.jpg\"  \/>Juca Diniz com o filho, Palo \u2013 Foto: Reprodu\u00e7\u00e3o \/ Instagram @marianarios <img loading=\"lazy\" decoding=\"async\" class=\"size-full wp-image-1069081 img-fluid lazy\" alt=\"Mariana Rios \u00e9 m\u00e3e de Palo - Foto: Reprodu\u00e7\u00e3o \/ Instagram @marianarios \" width=\"1080\" height=\"1439\" src=\"https:\/\/www.europesays.com\/pt\/wp-content\/uploads\/2026\/02\/filho-mariana-rios-2.jpg\"  \/>Mariana Rios \u00e9 m\u00e3e de Palo \u2013 Foto: Reprodu\u00e7\u00e3o \/ Instagram @marianarios <\/p>\n<blockquote class=\"instagram-media\" style=\"background: #FFF; border: 0; border-radius: 3px; box-shadow: 0 0 1px 0 rgba(0,0,0,0.5),0 1px 10px 0 rgba(0,0,0,0.15); margin: 1px; max-width: 540px; min-width: 326px; padding: 0; width: calc(100% - 2px);\" data-instgrm-captioned=\"\" data-instgrm-permalink=\"https:\/\/www.instagram.com\/p\/DUYatsrDv8B\/?utm_source=ig_embed&amp;utm_campaign=loading\" data-instgrm-version=\"14\"><\/blockquote>\n<p>  Mariana Rios revela se pretende mostrar o rostinho do filho <\/p>\n<p>Recentemente, Mariana Rios foi questionada por um internauta <a href=\"https:\/\/caras.com.br\/bebe\/mariana-rios-revela-se-pretende-mostrar-o-rostinho-do-filho-palo-temos-que.phtml\" rel=\"nofollow noopener\" target=\"_blank\">se pretendia apresentar o filho<\/a>, Palo, aos f\u00e3s. Isso porque, at\u00e9 o momento, a atriz publicou em suas redes sociais somente fotos que n\u00e3o mostram o rostinho completo do herdeiro.<\/p>\n<p>A famosa, ent\u00e3o, refletiu sobre a exposi\u00e7\u00e3o na internet e explicou que planeja revelar a identidade do beb\u00ea no momento certo, uma vez que Palo ainda \u00e9 bem pequeno. O beb\u00ea completou 1 m\u00eas de vida em 22 de janeiro.<\/p>\n<p>\u201cNo momento certo, afinal ele acabou de chegar! Temos que ter muita cautela ao expor nossas crian\u00e7as ainda mais nos dias de hoje! Amor e cuidado sempre\u201c, declarou Mariana Rios.<\/p>\n<p><strong>Leia tamb\u00e9m<\/strong>: <a href=\"https:\/\/caras.com.br\/bebe\/mariana-rios-explica-a-escolha-do-nome-do-filho-representa-algo-intimo-e-verdadeiro.phtml\" rel=\"nofollow noopener\" target=\"_blank\">Mariana Rios explica a escolha do nome do filho: \u2018Representa algo \u00edntimo e verdadeiro\u2019<\/a><\/p>\n<p> <img loading=\"lazy\" decoding=\"async\" class=\"size-full wp-image-1066560 img-fluid lazy\" alt=\"Mariana Rios com o filho, Palo - Foto: Reprodu\u00e7\u00e3o \/ Instagram @marianarios\" width=\"1920\" height=\"1080\" src=\"https:\/\/www.europesays.com\/pt\/wp-content\/uploads\/2026\/02\/mariana-rios-filho-palo-.jpg\"  \/>Mariana Rios com o filho, Palo \u2013 Foto: Reprodu\u00e7\u00e3o \/ Instagram @marianarios\t\t\t<\/p>\n<p>        <a href=\"https:\/\/caras.com.br\/autor\/rafaela-oliveira\" rel=\"nofollow noopener\" target=\"_blank\">&#13;<br \/>\n          <img alt=\"Rafaela Oliveira\" src=\"https:\/\/www.europesays.com\/pt\/wp-content\/uploads\/2026\/02\/49f5322875970d1e29e5ff2c3d4db4418044337871973cc6a09a25acab0e8ff7.png\"  class=\"avatar avatar-115 photo rounded-circle mr-3\" height=\"115\" width=\"115\" loading=\"lazy\" decoding=\"async\"\/>        <\/a><\/p>\n<p>        <strong>Rafaela Oliveira<\/strong> \u00e9 rep\u00f3rter de conte\u00fado do site CARAS. Formada em jornalismo, j\u00e1 passou por sites como MaisNovela, Portal M\u00e1rcia Piovesan, Purepeople Brasil e Jornal O Dia. Escreve sobre celebridades, TV e reality show. (email: <a href=\"https:\/\/caras.com.br\/cdn-cgi\/l\/email-protection\" class=\"__cf_email__\" data-cfemail=\"4a38282526233c2f23382b152925262b280a292b382b3964292527642838\" rel=\"nofollow noopener\" target=\"_blank\">[email\u00a0protected]<\/a>)<\/p>\n<p>\t                                            <script async src=\"\/\/www.instagram.com\/embed.js\"><\/script><\/p>\n","protected":false},"excerpt":{"rendered":"A atriz e apresentadora Mariana Rios encantou os seguidores ao compartilhar alguns registros do filho, Palo, de 1&hellip;\n","protected":false},"author":2,"featured_media":259083,"comment_status":"","ping_status":"","sticky":false,"template":"","format":"standard","meta":{"footnotes":"","_share_on_mastodon":"0"},"categories":[145],"tags":[211,210,114,115,20742,2211,15957,32,33],"class_list":["post-259082","post","type-post","status-publish","format-standard","has-post-thumbnail","category-celebridades","tag-celebridades","tag-celebrities","tag-entertainment","tag-entretenimento","tag-juca-diniz","tag-mariana-rios","tag-palo","tag-portugal","tag-pt"],"share_on_mastodon":{"url":"https:\/\/pubeurope.com\/@pt\/116024204605418490","error":""},"_links":{"self":[{"href":"https:\/\/www.europesays.com\/pt\/wp-json\/wp\/v2\/posts\/259082","targetHints":{"allow":["GET"]}}],"collection":[{"href":"https:\/\/www.europesays.com\/pt\/wp-json\/wp\/v2\/posts"}],"about":[{"href":"https:\/\/www.europesays.com\/pt\/wp-json\/wp\/v2\/types\/post"}],"author":[{"embeddable":true,"href":"https:\/\/www.europesays.com\/pt\/wp-json\/wp\/v2\/users\/2"}],"replies":[{"embeddable":true,"href":"https:\/\/www.europesays.com\/pt\/wp-json\/wp\/v2\/comments?post=259082"}],"version-history":[{"count":0,"href":"https:\/\/www.europesays.com\/pt\/wp-json\/wp\/v2\/posts\/259082\/revisions"}],"wp:featuredmedia":[{"embeddable":true,"href":"https:\/\/www.europesays.com\/pt\/wp-json\/wp\/v2\/media\/259083"}],"wp:attachment":[{"href":"https:\/\/www.europesays.com\/pt\/wp-json\/wp\/v2\/media?parent=259082"}],"wp:term":[{"taxonomy":"category","embeddable":true,"href":"https:\/\/www.europesays.com\/pt\/wp-json\/wp\/v2\/categories?post=259082"},{"taxonomy":"post_tag","embeddable":true,"href":"https:\/\/www.europesays.com\/pt\/wp-json\/wp\/v2\/tags?post=259082"}],"curies":[{"name":"wp","href":"https:\/\/api.w.org\/{rel}","templated":true}]}}