{"id":259531,"date":"2026-02-06T22:46:08","date_gmt":"2026-02-06T22:46:08","guid":{"rendered":"https:\/\/www.europesays.com\/pt\/259531\/"},"modified":"2026-02-06T22:46:08","modified_gmt":"2026-02-06T22:46:08","slug":"francisco-monteiro-mostra-momento-com-marcia-soares-e-lanca-elogio-que-peca","status":"publish","type":"post","link":"https:\/\/www.europesays.com\/pt\/259531\/","title":{"rendered":"Francisco Monteiro mostra momento com Marcia Soares e lan\u00e7a elogio: &#8220;Que pe\u00e7a&#8221;"},"content":{"rendered":"<p>Continua a dar que falar a aula de padel que <a href=\"https:\/\/selfie.iol.pt\/famosos\/marcia-soares\/estava-leve-nao-estava-marcia-soares-comenta-sorriso-de-francisco-monteiro\/20260206\/6985c155d34e92a34498814f\" target=\"_blank\" rel=\"nofollow noopener\">Francisco Monteiro<\/a> deu a Marcia Soares. Depois de um primeiro v\u00eddeo, os protagonistas do &#8220;<a href=\"https:\/\/tvi.iol.pt\/bigbrother\/\" target=\"_blank\" rel=\"nofollow noopener\">Big Brother<\/a> 2023&#8243; voltaram a surpreender os f\u00e3s, esta quinta-feira, dia 5, com uma nova filmagem de divertidos momentos vividos em campo.<\/p>\n<p>&#8220;Isto \u00e9 s\u00f3 uma parte&#8230; Imposs\u00edvel n\u00e3o rir!&#8221;, comentou Francisco Monteiro, ao dividir as imagens com os seguidores do Instagram. Logo de seguida, lan\u00e7ou um elogio \u00e0 amiga.\u00a0&#8220;Que pe\u00e7a&#8221;, atirou, somando um emoji de gargalhadas.<\/p>\n<p>Tamb\u00e9m <a href=\"https:\/\/selfie.iol.pt\/famosos\/marcia-soares\/marcia-soares-nao-cala-a-revolta-hoje-em-dia-parece-que-e-proibido\/20260206\/6985fa3cd34e0ec52ec33b13\" target=\"_blank\" rel=\"nofollow noopener\">Marcia Soares<\/a> brincou com a compila\u00e7\u00e3o de ins\u00f3litos momentos vividos ao lado de Zaza, como o nortenho \u00e9 carinhosamente tratado. &#8220;Tudo muito bonito, mas h\u00e1 coisas que n\u00e3o mudam&#8221;, constatou a comentadora de reality shows da <a href=\"https:\/\/tvi.iol.pt\/\" target=\"_blank\" rel=\"nofollow noopener\">TVI<\/a>.<\/p>\n<p>Veja, agora, o v\u00eddeo.<\/p>\n<p style=\"text-align:center\"><img loading=\"lazy\" decoding=\"async\" alt=\"\" height=\"888\" src=\"https:\/\/www.europesays.com\/pt\/wp-content\/uploads\/2026\/02\/69862921d34e92a34498883c.webp\" width=\"500\"\/><\/p>\n<p>\u00a0<\/p>\n","protected":false},"excerpt":{"rendered":"Continua a dar que falar a aula de padel que Francisco Monteiro deu a Marcia Soares. Depois de&hellip;\n","protected":false},"author":2,"featured_media":245984,"comment_status":"","ping_status":"","sticky":false,"template":"","format":"standard","meta":{"footnotes":"","_share_on_mastodon":"0"},"categories":[145],"tags":[6308,6981,48,6982,2632,211,210,13933,6980,114,115,6309,980,2071,1015,2038,619,32,33,1014,1315,6985,1012,6986,162,6813,12181],"class_list":["post-259531","post","type-post","status-publish","format-standard","has-post-thumbnail","category-celebridades","tag-bb","tag-bb2023","tag-big-brother","tag-big-brother-2023","tag-casa-dos-segredos","tag-celebridades","tag-celebrities","tag-comentador","tag-comentadora","tag-entertainment","tag-entretenimento","tag-ex-concorrente","tag-famosos","tag-francisco-monteiro","tag-instagram","tag-marcia-soares","tag-nacional","tag-portugal","tag-pt","tag-reality-show","tag-secret-story","tag-secret-story-casa-dos-segredos","tag-selfie","tag-ss","tag-tvi","tag-vencedor","tag-zaza"],"share_on_mastodon":{"url":"https:\/\/pubeurope.com\/@pt\/116026119544441451","error":""},"_links":{"self":[{"href":"https:\/\/www.europesays.com\/pt\/wp-json\/wp\/v2\/posts\/259531","targetHints":{"allow":["GET"]}}],"collection":[{"href":"https:\/\/www.europesays.com\/pt\/wp-json\/wp\/v2\/posts"}],"about":[{"href":"https:\/\/www.europesays.com\/pt\/wp-json\/wp\/v2\/types\/post"}],"author":[{"embeddable":true,"href":"https:\/\/www.europesays.com\/pt\/wp-json\/wp\/v2\/users\/2"}],"replies":[{"embeddable":true,"href":"https:\/\/www.europesays.com\/pt\/wp-json\/wp\/v2\/comments?post=259531"}],"version-history":[{"count":0,"href":"https:\/\/www.europesays.com\/pt\/wp-json\/wp\/v2\/posts\/259531\/revisions"}],"wp:featuredmedia":[{"embeddable":true,"href":"https:\/\/www.europesays.com\/pt\/wp-json\/wp\/v2\/media\/245984"}],"wp:attachment":[{"href":"https:\/\/www.europesays.com\/pt\/wp-json\/wp\/v2\/media?parent=259531"}],"wp:term":[{"taxonomy":"category","embeddable":true,"href":"https:\/\/www.europesays.com\/pt\/wp-json\/wp\/v2\/categories?post=259531"},{"taxonomy":"post_tag","embeddable":true,"href":"https:\/\/www.europesays.com\/pt\/wp-json\/wp\/v2\/tags?post=259531"}],"curies":[{"name":"wp","href":"https:\/\/api.w.org\/{rel}","templated":true}]}}