{"id":25999,"date":"2025-08-12T08:55:13","date_gmt":"2025-08-12T08:55:13","guid":{"rendered":"https:\/\/www.europesays.com\/pt\/25999\/"},"modified":"2025-08-12T08:55:13","modified_gmt":"2025-08-12T08:55:13","slug":"audicao-antecipada-do-maroon-5-radio-mix-fm","status":"publish","type":"post","link":"https:\/\/www.europesays.com\/pt\/25999\/","title":{"rendered":"Audi\u00e7\u00e3o antecipada do Maroon 5 \u2013 R\u00e1dio Mix FM"},"content":{"rendered":"<p><img decoding=\"async\" loading=\"lazy\" width=\"1200\" height=\"450\" src=\"https:\/\/www.europesays.com\/pt\/wp-content\/uploads\/2025\/08\/promocao-audicao-antecipada-do-maroon-5.jpg\" alt=\"\" class=\"wp-image-573313\"\/>Foto: Divulga\u00e7\u00e3o<\/p>\n<p>A Mix vai te levar para ouvir, em primeira m\u00e3o, o novo \u00e1lbum da banda Maroon 5: \u201cLove is Like\u201d. Isso mesmo! Voc\u00ea pode garantir um par de ingressos para a audi\u00e7\u00e3o antecipada do disco, que acontece no dia 14 de agosto.<\/p>\n<p>J\u00e1 adiantamos: vai ser especial!<\/p>\n<p>Quer participar? \u00c9 f\u00e1cil. Preencha o formul\u00e1rio abaixo com seus dados e pronto, voc\u00ea j\u00e1 est\u00e1 concorrendo.<\/p>\n<p>Fique de olho: o resultado sai no dia 13 de agosto, a partir das 12h.<\/p>\n<p>Boa sorte!<\/p>\n","protected":false},"excerpt":{"rendered":"Foto: Divulga\u00e7\u00e3o A Mix vai te levar para ouvir, em primeira m\u00e3o, o novo \u00e1lbum da banda Maroon&hellip;\n","protected":false},"author":2,"featured_media":26000,"comment_status":"","ping_status":"","sticky":false,"template":"","format":"standard","meta":{"footnotes":""},"categories":[141],"tags":[9043,114,115,9044,9045,9046,149,150,4697,32,6276,33,9042],"class_list":{"0":"post-25999","1":"post","2":"type-post","3":"status-publish","4":"format-standard","5":"has-post-thumbnail","7":"category-musica","8":"tag-audiu00e7u00e3o","9":"tag-entertainment","10":"tag-entretenimento","11":"tag-love-is-like","12":"tag-m5","13":"tag-maroon-5","14":"tag-music","15":"tag-musica","16":"tag-novo-u00e1lbum","17":"tag-portugal","18":"tag-promou00e7u00e3o","19":"tag-pt","20":"tag-u00e1lbum"},"share_on_mastodon":{"url":"","error":""},"_links":{"self":[{"href":"https:\/\/www.europesays.com\/pt\/wp-json\/wp\/v2\/posts\/25999","targetHints":{"allow":["GET"]}}],"collection":[{"href":"https:\/\/www.europesays.com\/pt\/wp-json\/wp\/v2\/posts"}],"about":[{"href":"https:\/\/www.europesays.com\/pt\/wp-json\/wp\/v2\/types\/post"}],"author":[{"embeddable":true,"href":"https:\/\/www.europesays.com\/pt\/wp-json\/wp\/v2\/users\/2"}],"replies":[{"embeddable":true,"href":"https:\/\/www.europesays.com\/pt\/wp-json\/wp\/v2\/comments?post=25999"}],"version-history":[{"count":0,"href":"https:\/\/www.europesays.com\/pt\/wp-json\/wp\/v2\/posts\/25999\/revisions"}],"wp:featuredmedia":[{"embeddable":true,"href":"https:\/\/www.europesays.com\/pt\/wp-json\/wp\/v2\/media\/26000"}],"wp:attachment":[{"href":"https:\/\/www.europesays.com\/pt\/wp-json\/wp\/v2\/media?parent=25999"}],"wp:term":[{"taxonomy":"category","embeddable":true,"href":"https:\/\/www.europesays.com\/pt\/wp-json\/wp\/v2\/categories?post=25999"},{"taxonomy":"post_tag","embeddable":true,"href":"https:\/\/www.europesays.com\/pt\/wp-json\/wp\/v2\/tags?post=25999"}],"curies":[{"name":"wp","href":"https:\/\/api.w.org\/{rel}","templated":true}]}}