{"id":26011,"date":"2025-08-12T09:15:15","date_gmt":"2025-08-12T09:15:15","guid":{"rendered":"https:\/\/www.europesays.com\/pt\/26011\/"},"modified":"2025-08-12T09:15:15","modified_gmt":"2025-08-12T09:15:15","slug":"taylor-swift-anuncia-novo-album-the-life-of-a-showgirl-e-o-seu-12o-trabalho-musica","status":"publish","type":"post","link":"https:\/\/www.europesays.com\/pt\/26011\/","title":{"rendered":"Taylor Swift anuncia novo \u00e1lbum: The Life of a Showgirl \u00e9 o seu 12\u00ba trabalho | M\u00fasica"},"content":{"rendered":"<p><strong>Leia tamb\u00e9m:<\/strong><\/p>\n<p>A superestrela Taylor Swift anunciou, nesta ter\u00e7a-feira, o seu 12\u00ba \u00e1lbum de est\u00fadio: The Life of a Showgirl.<\/p>\n<p>A estrela pop, que j\u00e1 ganhou 14 pr\u00e9mios Grammy, inclusive sendo a \u00fanica a vencer quatro vezes a categoria \u00c1lbum do Ano, anunciou o \u00e1lbum num epis\u00f3dio do podcast do seu namorado, a estrela de futebol americano Travis Kelce, e do irm\u00e3o deste, Jason Kelce.<\/p>\n<p>&#8220;Isto \u00e9 o meu novo \u00e1lbum: The Life of a Showgirl, disse <a href=\"https:\/\/www.publico.pt\/2024\/05\/23\/culturaipsilon\/noticia\/bolha-taylor-swift-ocupa-mundo-2091088\" rel=\"nofollow noopener\" target=\"_blank\">Taylor Swift<\/a> enquanto segurava uma vers\u00e3o desfocada da capa do novo projecto, num excerto do podcast New Heigts publicado no Instagram. O epis\u00f3dio completo ser\u00e1 lan\u00e7ado \u00e0s 12h de Portugal continental.<\/p>\n<p>        &#13;<\/p>\n<blockquote class=\"instagram-media\" data-instgrm-captioned=\"\" data-instgrm-permalink=\"https:\/\/www.instagram.com\/reel\/DNPbaYMuypd\/?utm_source=ig_embed&amp;utm_campaign=loading\" data-instgrm-version=\"14\" style=\" background:#FFF; border:0; border-radius:3px; box-shadow:0 0 1px 0 rgba(0,0,0,0.5),0 1px 10px 0 rgba(0,0,0,0.15); margin: 1px; max-width:540px; min-width:326px; padding:0; width:99.375%; width:-webkit-calc(100% - 2px); width:calc(100% - 2px);\"\/><p>&#13;<br \/>\n&#13;<\/p>\n<p>O site oficial da cantora explica que a data de lan\u00e7amento do novo \u00e1lbum ser\u00e1 anunciada mais tarde. A vers\u00e3o em vinil est\u00e1 dispon\u00edvel para pr\u00e9-venda no <a href=\"https:\/\/store.taylorswift.com\/\" target=\"_blank\" rel=\"nofollow noopener\">site <\/a>a 30 d\u00f3lares norte-americanos, cerca de 25 euros. A cassete custa 20 d\u00f3lares, cerca de 17 euros, e um CD com um poster est\u00e1 dispon\u00edvel por 13 d\u00f3lares, 11 euros.<\/p>\n<p>A superestrela, cuja The Eras Tour se tornou a primeira digress\u00e3o a ultrapassar a marca dos mil milh\u00f5es de d\u00f3lares em receita de bilheteira, anunciou o \u00e1lbum depois de, em Maio, ter conseguido<a href=\"https:\/\/www.publico.pt\/2025\/05\/30\/culturaipsilon\/noticia\/taylor-swift-recupera-controlo-catalogo-musical-original-2135057\" target=\"_blank\" rel=\"nofollow noopener\"> readquirir os direitos dos masters <\/a>dos seus primeiros seis projectos, dando-lhe controlo absoluto sobre a sua m\u00fasica ap\u00f3s uma disputa com a sua antiga discogr\u00e1fica.<\/p>\n<p>O \u00faltimo \u00e1lbum da artista,<a href=\"https:\/\/www.publico.pt\/2024\/04\/19\/culturaipsilon\/critica\/the-tortured-poets-department-taylor-swift-tortura-som-2087674\" target=\"_blank\" rel=\"nofollow noopener\"> The Tortured Poets Department<\/a>, vendeu 2,61 milh\u00f5es de c\u00f3pias na primeira semana de lan\u00e7amento nos EUA, com a Billboard a escrever que foi a melhor semana de lan\u00e7amento de um \u00e1lbum na hist\u00f3ria e a melhor semana de venda de um \u00e1lbum em vinil na era moderna. O Spotify tamb\u00e9m anunciou que este projecto foi o \u00e1lbum mais ouvido numa semana, ultrapassando mil milh\u00f5es de streams.<\/p>\n<p>Swift junta-se a uma lista de artistas de topo que anunciaram um novo \u00e1lbum. A cantora pop <a href=\"http:\/\/www.publico.pt\/2024\/09\/04\/culturaipsilon\/noticia\/sabrina-carpenter-iguala-recorde-conquistado-ha-60-anos-beatles-2102918\" rel=\"nofollow noopener\" target=\"_blank\">Sabrina Carpenter<\/a> lan\u00e7ar\u00e1 Man&#8217;s Best Friend j\u00e1 em Agosto e Ed Sheeran marcou o seu lan\u00e7amento para Setembro.<\/p>\n<p>        &#13;<\/p>\n<p>&#13;<br \/>\n                &#13;\n            <\/p>\n<p>&#13;<\/p>\n<p>            <script async src=\"\/\/www.instagram.com\/embed.js\"><\/script><\/p>\n","protected":false},"excerpt":{"rendered":"Leia tamb\u00e9m: A superestrela Taylor Swift anunciou, nesta ter\u00e7a-feira, o seu 12\u00ba \u00e1lbum de est\u00fadio: The Life of&hellip;\n","protected":false},"author":2,"featured_media":26012,"comment_status":"","ping_status":"","sticky":false,"template":"","format":"standard","meta":{"footnotes":""},"categories":[141],"tags":[1721,7809,1413,353,114,115,149,150,214,32,33,291,1973],"class_list":{"0":"post-26011","1":"post","2":"type-post","3":"status-publish","4":"format-standard","5":"has-post-thumbnail","7":"category-musica","8":"tag-album","9":"tag-america-do-norte","10":"tag-cultura-ipsilon","11":"tag-em-destaque","12":"tag-entertainment","13":"tag-entretenimento","14":"tag-music","15":"tag-musica","16":"tag-pop","17":"tag-portugal","18":"tag-pt","19":"tag-relaxar","20":"tag-taylor-swift"},"share_on_mastodon":{"url":"","error":""},"_links":{"self":[{"href":"https:\/\/www.europesays.com\/pt\/wp-json\/wp\/v2\/posts\/26011","targetHints":{"allow":["GET"]}}],"collection":[{"href":"https:\/\/www.europesays.com\/pt\/wp-json\/wp\/v2\/posts"}],"about":[{"href":"https:\/\/www.europesays.com\/pt\/wp-json\/wp\/v2\/types\/post"}],"author":[{"embeddable":true,"href":"https:\/\/www.europesays.com\/pt\/wp-json\/wp\/v2\/users\/2"}],"replies":[{"embeddable":true,"href":"https:\/\/www.europesays.com\/pt\/wp-json\/wp\/v2\/comments?post=26011"}],"version-history":[{"count":0,"href":"https:\/\/www.europesays.com\/pt\/wp-json\/wp\/v2\/posts\/26011\/revisions"}],"wp:featuredmedia":[{"embeddable":true,"href":"https:\/\/www.europesays.com\/pt\/wp-json\/wp\/v2\/media\/26012"}],"wp:attachment":[{"href":"https:\/\/www.europesays.com\/pt\/wp-json\/wp\/v2\/media?parent=26011"}],"wp:term":[{"taxonomy":"category","embeddable":true,"href":"https:\/\/www.europesays.com\/pt\/wp-json\/wp\/v2\/categories?post=26011"},{"taxonomy":"post_tag","embeddable":true,"href":"https:\/\/www.europesays.com\/pt\/wp-json\/wp\/v2\/tags?post=26011"}],"curies":[{"name":"wp","href":"https:\/\/api.w.org\/{rel}","templated":true}]}}