{"id":26015,"date":"2025-08-12T09:18:17","date_gmt":"2025-08-12T09:18:17","guid":{"rendered":"https:\/\/www.europesays.com\/pt\/26015\/"},"modified":"2025-08-12T09:18:17","modified_gmt":"2025-08-12T09:18:17","slug":"a-nova-forma-de-aplicar-vacinas-sem-agulhas","status":"publish","type":"post","link":"https:\/\/www.europesays.com\/pt\/26015\/","title":{"rendered":"a nova forma de aplicar vacinas sem agulhas"},"content":{"rendered":"<p><img decoding=\"async\" fetchpriority=\"high\" src=\"https:\/\/www.europesays.com\/pt\/wp-content\/uploads\/2025\/08\/54bhumcq3wev7lukgk4pk2tm7.jpg\" width=\"906\" height=\"509\" alt=\"Sa\u00fade dental\" title=\"Sa\u00fade dental\"\/>Reprodu\u00e7\u00e3o<\/p>\n<p>Sa\u00fade dental<\/p>\n<p>Pesquisadores nos Estados Unidos est\u00e3o desenvolvendo uma forma diferente e curiosa de aplicar vacinas: <a href=\"https:\/\/saude.ig.com.br\/colunas\/bruno-puglisi-odontologia\/\" data-mce-href=\"https:\/\/saude.ig.com.br\/colunas\/bruno-puglisi-odontologia\/\" data-mce- rel=\"nofollow noopener\" target=\"_blank\">usando fio dental<\/a>. A ideia \u00e9 simples, mas inovadora. Em vez de agulhas, o fio dental seria impregnado com a vacina e passado no sulco gengival , aquele pequeno espa\u00e7o entre o dente e a gengiva.<\/p>\n<p>Essa regi\u00e3o da boca tem um tecido chamado epit\u00e9lio juncional, que \u00e9 mais perme\u00e1vel e permite que subst\u00e2ncias entrem com facilidade no organismo. Foi essa caracter\u00edstica que chamou a aten\u00e7\u00e3o do engenheiro em nanomedicina Harvinder Gill, da Texas Tech University. Ele e sua equipe decidiram testar se uma vacina poderia ser absorvida dessa forma.<\/p>\n<p>Nos primeiros experimentos, feitos em camundongos, o fio dental foi colocado com uma prote\u00edna fluorescente, para verificar se realmente penetrava na gengiva. O resultado foi positivo: cerca de 75% da subst\u00e2ncia foi absorvida. Depois, aplicaram uma vacina contra a gripe usando a mesma t\u00e9cnica. Os animais desenvolveram uma boa resposta imunol\u00f3gica e, quando expostos ao v\u00edrus real, sobreviveram.<\/p>\n<p>O m\u00e9todo tamb\u00e9m foi comparado com vacinas aplicadas por spray nasal e sob a l\u00edngua. O fio dental se mostrou mais eficaz que a forma sublingual e t\u00e3o eficiente quanto o spray nasal , mas sem o risco de a vacina chegar ao c\u00e9rebro, algo que pode acontecer pela via nasal.<\/p>\n<p>Em um teste com 27 volunt\u00e1rios humanos, o fio dental, agora em formato de aplicador, foi usado com corante fluorescente. Em 60% dos casos, o produto atingiu corretamente o sulco gengival, mostrando que a ideia \u00e9 vi\u00e1vel na pr\u00e1tica.<\/p>\n<p>Os cientistas acreditam que, no futuro, vacinas nesse formato poderiam ser enviadas pelo correio e aplicadas em casa, sem agulhas e sem necessidade de refrigera\u00e7\u00e3o. Isso facilitaria campanhas de imuniza\u00e7\u00e3o, especialmente durante pandemias.<\/p>\n<p>A novidade ainda est\u00e1 em fase de pesquisa. Os pr\u00f3ximos passos incluem testes cl\u00ednicos para verificar a seguran\u00e7a e a efic\u00e1cia em humanos, al\u00e9m de entender se funciona bem em crian\u00e7as ou pessoas com problemas gengivais. Mesmo assim, a \u201cvacina do fio dental\u201d j\u00e1 desperta curiosidade e esperan\u00e7a para um futuro com menos agulhas.<\/p>\n<p>*Este texto n\u00e3o reflete, necessariamente, a opini\u00e3o do Portal iG<\/p>\n","protected":false},"excerpt":{"rendered":"Reprodu\u00e7\u00e3o Sa\u00fade dental Pesquisadores nos Estados Unidos est\u00e3o desenvolvendo uma forma diferente e curiosa de aplicar vacinas: usando&hellip;\n","protected":false},"author":2,"featured_media":26016,"comment_status":"","ping_status":"","sticky":false,"template":"","format":"standard","meta":{"footnotes":""},"categories":[86],"tags":[9048,9047,116,9049,32,33,117,1333],"class_list":{"0":"post-26015","1":"post","2":"type-post","3":"status-publish","4":"format-standard","5":"has-post-thumbnail","7":"category-saude","8":"tag-boca","9":"tag-fio-dental","10":"tag-health","11":"tag-odonologia","12":"tag-portugal","13":"tag-pt","14":"tag-saude","15":"tag-vacina"},"share_on_mastodon":{"url":"","error":""},"_links":{"self":[{"href":"https:\/\/www.europesays.com\/pt\/wp-json\/wp\/v2\/posts\/26015","targetHints":{"allow":["GET"]}}],"collection":[{"href":"https:\/\/www.europesays.com\/pt\/wp-json\/wp\/v2\/posts"}],"about":[{"href":"https:\/\/www.europesays.com\/pt\/wp-json\/wp\/v2\/types\/post"}],"author":[{"embeddable":true,"href":"https:\/\/www.europesays.com\/pt\/wp-json\/wp\/v2\/users\/2"}],"replies":[{"embeddable":true,"href":"https:\/\/www.europesays.com\/pt\/wp-json\/wp\/v2\/comments?post=26015"}],"version-history":[{"count":0,"href":"https:\/\/www.europesays.com\/pt\/wp-json\/wp\/v2\/posts\/26015\/revisions"}],"wp:featuredmedia":[{"embeddable":true,"href":"https:\/\/www.europesays.com\/pt\/wp-json\/wp\/v2\/media\/26016"}],"wp:attachment":[{"href":"https:\/\/www.europesays.com\/pt\/wp-json\/wp\/v2\/media?parent=26015"}],"wp:term":[{"taxonomy":"category","embeddable":true,"href":"https:\/\/www.europesays.com\/pt\/wp-json\/wp\/v2\/categories?post=26015"},{"taxonomy":"post_tag","embeddable":true,"href":"https:\/\/www.europesays.com\/pt\/wp-json\/wp\/v2\/tags?post=26015"}],"curies":[{"name":"wp","href":"https:\/\/api.w.org\/{rel}","templated":true}]}}