{"id":26021,"date":"2025-08-12T09:23:08","date_gmt":"2025-08-12T09:23:08","guid":{"rendered":"https:\/\/www.europesays.com\/pt\/26021\/"},"modified":"2025-08-12T09:23:08","modified_gmt":"2025-08-12T09:23:08","slug":"medidas-da-reforma-laboral-sao-justificadas-diz-catroga","status":"publish","type":"post","link":"https:\/\/www.europesays.com\/pt\/26021\/","title":{"rendered":"Medidas da reforma laboral s\u00e3o &#8220;justificadas&#8221;, diz Catroga"},"content":{"rendered":"<p>Importa lembrar que, nessa revis\u00e3o laboral do tempo da Geringon\u00e7a, que entrou em vigor em outubro de 2019, as mudan\u00e7as ao C\u00f3digo do Trabalho, que inclu\u00edram, al\u00e9m da revoga\u00e7\u00e3o do banco de horas, a redu\u00e7\u00e3o do limite dos contratos a termo de tr\u00eas para dois anos (na proposta da AD aumenta-se novamente) e o aumento das horas de forma\u00e7\u00e3o para 40 semanais (agora volta a reduzir-se), acabaram por ser aprovadas no Parlamento com os votos do PS e a absten\u00e7\u00e3o do PSD, CDS e PAN, n\u00e3o obstante a negocia\u00e7\u00e3o feita \u00e0 esquerda. O acordo na Concerta\u00e7\u00e3o Social tinha sido alcan\u00e7ado em maio de 2018, entre o governo, as confedera\u00e7\u00f5es patronais e a UGT (a CGTP ficou de fora). Depois disso, a mais recente altera\u00e7\u00e3o \u00e0s leis do trabalho remonta a 2023 e \u00e0 denominada Agenda para o Trabalho Digno, levada a cabo pelo \u00faltimo governo de Ant\u00f3nio Costa.<\/p>\n","protected":false},"excerpt":{"rendered":"Importa lembrar que, nessa revis\u00e3o laboral do tempo da Geringon\u00e7a, que entrou em vigor em outubro de 2019,&hellip;\n","protected":false},"author":2,"featured_media":26022,"comment_status":"","ping_status":"","sticky":false,"template":"","format":"standard","meta":{"footnotes":""},"categories":[10],"tags":[27,28,847,9050,15,16,14,25,26,848,21,22,12,13,19,20,32,23,24,33,17,18,29,30,31],"class_list":{"0":"post-26021","1":"post","2":"type-post","3":"status-publish","4":"format-standard","5":"has-post-thumbnail","7":"category-portugal","8":"tag-breaking-news","9":"tag-breakingnews","10":"tag-codigo-do-trabalho","11":"tag-eduardo-catroga","12":"tag-featured-news","13":"tag-featurednews","14":"tag-headlines","15":"tag-latest-news","16":"tag-latestnews","17":"tag-legislacao-laboral","18":"tag-main-news","19":"tag-mainnews","20":"tag-news","21":"tag-noticias","22":"tag-noticias-principais","23":"tag-noticiasprincipais","24":"tag-portugal","25":"tag-principais-noticias","26":"tag-principaisnoticias","27":"tag-pt","28":"tag-top-stories","29":"tag-topstories","30":"tag-ultimas","31":"tag-ultimas-noticias","32":"tag-ultimasnoticias"},"share_on_mastodon":{"url":"","error":""},"_links":{"self":[{"href":"https:\/\/www.europesays.com\/pt\/wp-json\/wp\/v2\/posts\/26021","targetHints":{"allow":["GET"]}}],"collection":[{"href":"https:\/\/www.europesays.com\/pt\/wp-json\/wp\/v2\/posts"}],"about":[{"href":"https:\/\/www.europesays.com\/pt\/wp-json\/wp\/v2\/types\/post"}],"author":[{"embeddable":true,"href":"https:\/\/www.europesays.com\/pt\/wp-json\/wp\/v2\/users\/2"}],"replies":[{"embeddable":true,"href":"https:\/\/www.europesays.com\/pt\/wp-json\/wp\/v2\/comments?post=26021"}],"version-history":[{"count":0,"href":"https:\/\/www.europesays.com\/pt\/wp-json\/wp\/v2\/posts\/26021\/revisions"}],"wp:featuredmedia":[{"embeddable":true,"href":"https:\/\/www.europesays.com\/pt\/wp-json\/wp\/v2\/media\/26022"}],"wp:attachment":[{"href":"https:\/\/www.europesays.com\/pt\/wp-json\/wp\/v2\/media?parent=26021"}],"wp:term":[{"taxonomy":"category","embeddable":true,"href":"https:\/\/www.europesays.com\/pt\/wp-json\/wp\/v2\/categories?post=26021"},{"taxonomy":"post_tag","embeddable":true,"href":"https:\/\/www.europesays.com\/pt\/wp-json\/wp\/v2\/tags?post=26021"}],"curies":[{"name":"wp","href":"https:\/\/api.w.org\/{rel}","templated":true}]}}