{"id":26047,"date":"2025-08-12T09:42:19","date_gmt":"2025-08-12T09:42:19","guid":{"rendered":"https:\/\/www.europesays.com\/pt\/26047\/"},"modified":"2025-08-12T09:42:19","modified_gmt":"2025-08-12T09:42:19","slug":"vem-ai-em-a-fazenda-ivandro-descobre-o-paradeiro-de-duarte-novelas","status":"publish","type":"post","link":"https:\/\/www.europesays.com\/pt\/26047\/","title":{"rendered":"Vem a\u00ed em \u00abA Fazenda\u00bb: Ivandro descobre o paradeiro de Duarte? &#8211; Novelas"},"content":{"rendered":"<p>Em \u00abA Fazenda\u00bb, <a href=\"https:\/\/tvi.iol.pt\/novelas\/videos\/lukenia-se-ele-souber-nunca-mais-me-vai-querer-ver\/674711300cf23ab6553623d2\" rel=\"nofollow noopener\" target=\"_blank\">Ivandro (Vitor Hugo)<\/a>\u00a0diz a <a href=\"https:\/\/tvi.iol.pt\/novelas\/videos\/eva-e-joel-beijam-se-apaixonadamente\/6776a2000cf23e044af75c9b\" rel=\"nofollow noopener\" target=\"_blank\">Eva (Margarida Corceiro)<\/a>\u00a0j\u00e1 ter confirmado que <a href=\"https:\/\/tvi.iol.pt\/novelas\/videos\/joel-declara-se-a-eva-nunca-quis-atravessar-me-entre-ti-e-o-talu\/676ac3630cf2f130c299a685\" rel=\"nofollow noopener\" target=\"_blank\">Joel (Jo\u00e3o Jesus)<\/a>\u00a0anda a esconder coisas sobre <a href=\"https:\/\/tvi.iol.pt\/novelas\/videos\/vania-e-duarte-roubam-leti\/674711290cf28c51602e3c65\" rel=\"nofollow noopener\" target=\"_blank\">Duarte (Cl\u00e1udio de Castro)<\/a>, j\u00e1 tendo um plano para descobrirem a verdade.<\/p>\n<p>Joel fica aflito por Ivandro lhe dizer que ligou para S\u00f3nia (Joana Borja) e descobriu que Duarte est\u00e1 escondido numa aldeia perto dela. Joel pede a Ivandro para n\u00e3o contar nada a Eva para n\u00e3o lhe dar falsas esperan\u00e7as, dizendo que podem ir os dois procurar Duarte mais tarde. Ivandro assente.<\/p>\n<p>Recorde a grande revla\u00e7\u00e3o que S\u00f3nia fez a Eva:<\/p>\n","protected":false},"excerpt":{"rendered":"Em \u00abA Fazenda\u00bb, Ivandro (Vitor Hugo)\u00a0diz a Eva (Margarida Corceiro)\u00a0j\u00e1 ter confirmado que Joel (Jo\u00e3o Jesus)\u00a0anda a esconder&hellip;\n","protected":false},"author":2,"featured_media":26048,"comment_status":"","ping_status":"","sticky":false,"template":"","format":"standard","meta":{"footnotes":"","_share_on_mastodon":"0"},"categories":[142],"tags":[657,160,8238,166,8239,114,115,157,167,6097,721,723,164,161,158,165,159,32,33,156,163,151,162,6094],"class_list":["post-26047","post","type-post","status-publish","format-standard","has-post-thumbnail","category-tv","tag-a-fazenda","tag-ana-guiomar","tag-claudio-de-castro","tag-cristina-ferreira","tag-duarte","tag-entertainment","tag-entretenimento","tag-festa-e-festa","tag-ficcao","tag-ivandro","tag-joao-jesus","tag-joel","tag-jose-fidalgo","tag-novelas","tag-para-sempre","tag-pedro-sousa","tag-pedro-teixeira","tag-portugal","tag-pt","tag-queridos-papas","tag-tiago-teotonio-pereira","tag-tv","tag-tvi","tag-vitor-hugo"],"share_on_mastodon":{"url":"","error":""},"_links":{"self":[{"href":"https:\/\/www.europesays.com\/pt\/wp-json\/wp\/v2\/posts\/26047","targetHints":{"allow":["GET"]}}],"collection":[{"href":"https:\/\/www.europesays.com\/pt\/wp-json\/wp\/v2\/posts"}],"about":[{"href":"https:\/\/www.europesays.com\/pt\/wp-json\/wp\/v2\/types\/post"}],"author":[{"embeddable":true,"href":"https:\/\/www.europesays.com\/pt\/wp-json\/wp\/v2\/users\/2"}],"replies":[{"embeddable":true,"href":"https:\/\/www.europesays.com\/pt\/wp-json\/wp\/v2\/comments?post=26047"}],"version-history":[{"count":0,"href":"https:\/\/www.europesays.com\/pt\/wp-json\/wp\/v2\/posts\/26047\/revisions"}],"wp:featuredmedia":[{"embeddable":true,"href":"https:\/\/www.europesays.com\/pt\/wp-json\/wp\/v2\/media\/26048"}],"wp:attachment":[{"href":"https:\/\/www.europesays.com\/pt\/wp-json\/wp\/v2\/media?parent=26047"}],"wp:term":[{"taxonomy":"category","embeddable":true,"href":"https:\/\/www.europesays.com\/pt\/wp-json\/wp\/v2\/categories?post=26047"},{"taxonomy":"post_tag","embeddable":true,"href":"https:\/\/www.europesays.com\/pt\/wp-json\/wp\/v2\/tags?post=26047"}],"curies":[{"name":"wp","href":"https:\/\/api.w.org\/{rel}","templated":true}]}}