{"id":26061,"date":"2025-08-12T10:06:09","date_gmt":"2025-08-12T10:06:09","guid":{"rendered":"https:\/\/www.europesays.com\/pt\/26061\/"},"modified":"2025-08-12T10:06:09","modified_gmt":"2025-08-12T10:06:09","slug":"as-12h12-de-dia-12-taylor-swift-anunciou-o-seu-12o-album-the-life-of-a-showgirl-esta-a-chegar","status":"publish","type":"post","link":"https:\/\/www.europesays.com\/pt\/26061\/","title":{"rendered":"\u00c0s 12h12 de dia 12, Taylor Swift anunciou o seu 12\u00ba \u00e1lbum. \u201cThe Life of a Showgirl\u201d est\u00e1 a chegar"},"content":{"rendered":"<p>Depois de iniciar uma contagem decrescente no seu site oficial, Taylor Swift confirmou o que os f\u00e3s j\u00e1 suspeitavam: \u201cThe Life of a Showgirl\u201d, o seu 12\u00ba \u00e1lbum, est\u00e1 prestes a chegar.<\/p>\n<p>Sem concretizar uma data, a artista norte-americana, <a href=\"https:\/\/expresso.pt\/blitz\/2024-05-25-nao-e-um-concerto-e-uma-maratona-taylor-swift-rendeu-se-a-lisboa-num-espetaculo-que-so-nao-desgastou-admiradores-inveterados-58e7cb0d\" target=\"_blank\" rel=\"noopener noreferrer nofollow\">que em 2024 atuou pela primeira vez em Portugal<\/a>, anunciou assim o sucessor de \u201cThe Tortured Poets Department\u201d, que <a href=\"https:\/\/store.taylorswift.com\/\" target=\"_blank\" rel=\"noopener noreferrer nofollow\">j\u00e1 pode ser pr\u00e9-encomendado online<\/a>, estando dispon\u00edvel em CD, vinil e cassete.<\/p>\n<p>Os discos ser\u00e3o enviados at\u00e9 13 de outubro, pode ler-se no site, juntamente com o aviso de que essa n\u00e3o \u00e9 a data de lan\u00e7amento do \u00e1lbum.<\/p>\n<p>Esta quarta-feira, 13 de agosto, Taylor Swift aparecer\u00e1 no podcast de Travis Kelce, o seu namorado, programa do qual j\u00e1 foram revelados dois pequenos excertos, incluindo um em que a cantora segura no vinil de \u201cThe Life of a Showgirl\u201d, cuja capa se encontra, por\u00e9m, desfocada.<\/p>\n<p>O an\u00fancio do 12\u00ba disco de Taylor Swift foi feito 12 minutos depois da meia-noite (12 am, na Costa Leste dos Estados Unidos), no dia 12 de agosto, e antecipado por um conjunto de 12 fotos da digress\u00e3o Eras Tour, partilhado no Instagram pela sua equipa de marketing. Tal como o site da artista, as fotos obedecem a um padr\u00e3o crom\u00e1tico: cor de laranja.<\/p>\n","protected":false},"excerpt":{"rendered":"Depois de iniciar uma contagem decrescente no seu site oficial, Taylor Swift confirmou o que os f\u00e3s j\u00e1&hellip;\n","protected":false},"author":2,"featured_media":26062,"comment_status":"","ping_status":"","sticky":false,"template":"","format":"standard","meta":{"footnotes":""},"categories":[141],"tags":[114,115,149,150,32,33],"class_list":{"0":"post-26061","1":"post","2":"type-post","3":"status-publish","4":"format-standard","5":"has-post-thumbnail","7":"category-musica","8":"tag-entertainment","9":"tag-entretenimento","10":"tag-music","11":"tag-musica","12":"tag-portugal","13":"tag-pt"},"share_on_mastodon":{"url":"","error":""},"_links":{"self":[{"href":"https:\/\/www.europesays.com\/pt\/wp-json\/wp\/v2\/posts\/26061","targetHints":{"allow":["GET"]}}],"collection":[{"href":"https:\/\/www.europesays.com\/pt\/wp-json\/wp\/v2\/posts"}],"about":[{"href":"https:\/\/www.europesays.com\/pt\/wp-json\/wp\/v2\/types\/post"}],"author":[{"embeddable":true,"href":"https:\/\/www.europesays.com\/pt\/wp-json\/wp\/v2\/users\/2"}],"replies":[{"embeddable":true,"href":"https:\/\/www.europesays.com\/pt\/wp-json\/wp\/v2\/comments?post=26061"}],"version-history":[{"count":0,"href":"https:\/\/www.europesays.com\/pt\/wp-json\/wp\/v2\/posts\/26061\/revisions"}],"wp:featuredmedia":[{"embeddable":true,"href":"https:\/\/www.europesays.com\/pt\/wp-json\/wp\/v2\/media\/26062"}],"wp:attachment":[{"href":"https:\/\/www.europesays.com\/pt\/wp-json\/wp\/v2\/media?parent=26061"}],"wp:term":[{"taxonomy":"category","embeddable":true,"href":"https:\/\/www.europesays.com\/pt\/wp-json\/wp\/v2\/categories?post=26061"},{"taxonomy":"post_tag","embeddable":true,"href":"https:\/\/www.europesays.com\/pt\/wp-json\/wp\/v2\/tags?post=26061"}],"curies":[{"name":"wp","href":"https:\/\/api.w.org\/{rel}","templated":true}]}}